{"id":109204,"date":"2024-09-26T18:15:21","date_gmt":"2024-09-26T16:15:21","guid":{"rendered":"https:\/\/exaudi.org\/?p=109204"},"modified":"2024-09-26T19:09:34","modified_gmt":"2024-09-26T17:09:34","slug":"el-papa-en-luxemburgo-servicio-mision-y-alegria-en-el-corazon-del-evangelio","status":"publish","type":"post","link":"https:\/\/exaudi.org\/es\/el-papa-en-luxemburgo-servicio-mision-y-alegria-en-el-corazon-del-evangelio\/","title":{"rendered":"El Papa en Luxemburgo: Servicio, misi\u00f3n y alegr\u00eda en el coraz\u00f3n del Evangelio"},"content":{"rendered":"<audio class=\"wp-audio-shortcode\" id=\"audio-109204-1\" preload=\"none\" style=\"width: 100%;\" controls=\"controls\"><source type=\"audio\/mpeg\" src=\"https:\/\/exaudi.org\/wp-content\/uploads\/2024\/09\/El-Papa-en-Luxemburgo-Servicio-mision-y\u2026-.mp3?_=1\" \/><a href=\"https:\/\/exaudi.org\/wp-content\/uploads\/2024\/09\/El-Papa-en-Luxemburgo-Servicio-mision-y\u2026-.mp3\">https:\/\/exaudi.org\/wp-content\/uploads\/2024\/09\/El-Papa-en-Luxemburgo-Servicio-mision-y\u2026-.mp3<\/a><\/audio>\n<p>En el evento final de la primera etapa de su 46\u00ba Viaje Apost\u00f3lico al extranjero, el Papa Francisco se dirigi\u00f3 a la comunidad cat\u00f3lica de Luxemburgo. Este evento coincidi\u00f3 con un Jubileo Mariano, marcando cuatro siglos de devoci\u00f3n a Mar\u00eda, Consoladora de los Afligidos.<\/p>\n<p>Hablando a los fieles reunidos en la Catedral de Notre-Dame de Luxemburgo, el Papa Francisco se centr\u00f3 en tres temas clave: servicio, misi\u00f3n y alegr\u00eda.<\/p>\n<h3><img loading=\"lazy\" decoding=\"async\" class=\"size-full wp-image-109220 alignnone\" src=\"https:\/\/exaudi.org\/wp-content\/uploads\/2024\/09\/cq5dam.thumbnail.cropped.750.422-1-4.jpeg\" alt=\"\" width=\"750\" height=\"422\" srcset=\"https:\/\/exaudi.org\/wp-content\/uploads\/2024\/09\/cq5dam.thumbnail.cropped.750.422-1-4.jpeg 750w, https:\/\/exaudi.org\/wp-content\/uploads\/2024\/09\/cq5dam.thumbnail.cropped.750.422-1-4-300x169.jpeg 300w, https:\/\/exaudi.org\/wp-content\/uploads\/2024\/09\/cq5dam.thumbnail.cropped.750.422-1-4-500x281.jpeg 500w, https:\/\/exaudi.org\/wp-content\/uploads\/2024\/09\/cq5dam.thumbnail.cropped.750.422-1-4-293x165.jpeg 293w, https:\/\/exaudi.org\/wp-content\/uploads\/2024\/09\/cq5dam.thumbnail.cropped.750.422-1-4-390x219.jpeg 390w\" sizes=\"auto, (max-width: 750px) 100vw, 750px\" \/><\/h3>\n<h3><strong>Una Iglesia llamada a servir<\/strong><\/h3>\n<p>Abordando el primer tema, \u00abservir\u00bb, el Papa Francisco se\u00f1al\u00f3 que el servicio es una acci\u00f3n que \u00abest\u00e1 en el coraz\u00f3n mismo del Evangelio\u00bb. El Papa destac\u00f3 que, en una naci\u00f3n con una larga tradici\u00f3n de acoger a los necesitados, existe una gran urgencia de hospitalidad. No se trata solo de caridad, dijo, \u201csino tambi\u00e9n de justicia\u201d. Alab\u00f3 la apertura de Luxemburgo, instando a los fieles a mantener esta pr\u00e1ctica. \u00abEl esp\u00edritu del Evangelio es un esp\u00edritu de acogida, de apertura a todos; no admite ning\u00fan tipo de exclusi\u00f3n\u00bb, afirm\u00f3 el Papa.<\/p>\n<h3><img loading=\"lazy\" decoding=\"async\" class=\"size-full wp-image-109217 alignnone\" src=\"https:\/\/exaudi.org\/wp-content\/uploads\/2024\/09\/Snapinsta.app_461280119_918920023594866_4934661787160635300_n_1080.jpg\" alt=\"\" width=\"1080\" height=\"720\" srcset=\"https:\/\/exaudi.org\/wp-content\/uploads\/2024\/09\/Snapinsta.app_461280119_918920023594866_4934661787160635300_n_1080.jpg 1080w, https:\/\/exaudi.org\/wp-content\/uploads\/2024\/09\/Snapinsta.app_461280119_918920023594866_4934661787160635300_n_1080-300x200.jpg 300w, https:\/\/exaudi.org\/wp-content\/uploads\/2024\/09\/Snapinsta.app_461280119_918920023594866_4934661787160635300_n_1080-1024x683.jpg 1024w, https:\/\/exaudi.org\/wp-content\/uploads\/2024\/09\/Snapinsta.app_461280119_918920023594866_4934661787160635300_n_1080-770x513.jpg 770w, https:\/\/exaudi.org\/wp-content\/uploads\/2024\/09\/Snapinsta.app_461280119_918920023594866_4934661787160635300_n_1080-360x240.jpg?crop=1 360w, https:\/\/exaudi.org\/wp-content\/uploads\/2024\/09\/Snapinsta.app_461280119_918920023594866_4934661787160635300_n_1080-500x333.jpg 500w, https:\/\/exaudi.org\/wp-content\/uploads\/2024\/09\/Snapinsta.app_461280119_918920023594866_4934661787160635300_n_1080-370x247.jpg 370w, https:\/\/exaudi.org\/wp-content\/uploads\/2024\/09\/Snapinsta.app_461280119_918920023594866_4934661787160635300_n_1080-293x195.jpg 293w, https:\/\/exaudi.org\/wp-content\/uploads\/2024\/09\/Snapinsta.app_461280119_918920023594866_4934661787160635300_n_1080-120x80.jpg 120w, https:\/\/exaudi.org\/wp-content\/uploads\/2024\/09\/Snapinsta.app_461280119_918920023594866_4934661787160635300_n_1080-240x160.jpg 240w, https:\/\/exaudi.org\/wp-content\/uploads\/2024\/09\/Snapinsta.app_461280119_918920023594866_4934661787160635300_n_1080-390x260.jpg 390w\" sizes=\"auto, (max-width: 1080px) 100vw, 1080px\" \/><\/h3>\n<h3><strong>La Iglesia en una sociedad secularizada<\/strong><\/h3>\n<p>El segundo punto de su discurso destac\u00f3 la misi\u00f3n de la Iglesia en una sociedad cada vez m\u00e1s secular. Subray\u00f3 la necesidad de que la Iglesia abrace esta evoluci\u00f3n sin perder de vista sus valores fundamentales. \u00abNo podemos encerrarnos en la tristeza, la resignaci\u00f3n o el resentimiento\u00bb, dijo el Papa, invitando a los cat\u00f3licos de Luxemburgo a ser \u00abdin\u00e1micos\u00bb, respondiendo siempre a los desaf\u00edos de los tiempos. Esto, dijo, se logra siendo una \u00abIglesia misionera\u00bb.<\/p>\n<p>Con esto en mente, el Papa Francisco alent\u00f3 un esp\u00edritu de sinodalidad como un medio para fortalecer la vida comunitaria y difundir el mensaje del Evangelio.<\/p>\n<h3><img loading=\"lazy\" decoding=\"async\" class=\"size-full wp-image-109211 alignnone\" src=\"https:\/\/exaudi.org\/wp-content\/uploads\/2024\/09\/Snapinsta.app_461482149_918920036928198_2367639651249946731_n_1080.jpg\" alt=\"\" width=\"1080\" height=\"720\" srcset=\"https:\/\/exaudi.org\/wp-content\/uploads\/2024\/09\/Snapinsta.app_461482149_918920036928198_2367639651249946731_n_1080.jpg 1080w, https:\/\/exaudi.org\/wp-content\/uploads\/2024\/09\/Snapinsta.app_461482149_918920036928198_2367639651249946731_n_1080-300x200.jpg 300w, https:\/\/exaudi.org\/wp-content\/uploads\/2024\/09\/Snapinsta.app_461482149_918920036928198_2367639651249946731_n_1080-1024x683.jpg 1024w, https:\/\/exaudi.org\/wp-content\/uploads\/2024\/09\/Snapinsta.app_461482149_918920036928198_2367639651249946731_n_1080-770x513.jpg 770w, https:\/\/exaudi.org\/wp-content\/uploads\/2024\/09\/Snapinsta.app_461482149_918920036928198_2367639651249946731_n_1080-360x240.jpg?crop=1 360w, https:\/\/exaudi.org\/wp-content\/uploads\/2024\/09\/Snapinsta.app_461482149_918920036928198_2367639651249946731_n_1080-500x333.jpg 500w, https:\/\/exaudi.org\/wp-content\/uploads\/2024\/09\/Snapinsta.app_461482149_918920036928198_2367639651249946731_n_1080-370x247.jpg 370w, https:\/\/exaudi.org\/wp-content\/uploads\/2024\/09\/Snapinsta.app_461482149_918920036928198_2367639651249946731_n_1080-293x195.jpg 293w, https:\/\/exaudi.org\/wp-content\/uploads\/2024\/09\/Snapinsta.app_461482149_918920036928198_2367639651249946731_n_1080-120x80.jpg 120w, https:\/\/exaudi.org\/wp-content\/uploads\/2024\/09\/Snapinsta.app_461482149_918920036928198_2367639651249946731_n_1080-240x160.jpg 240w, https:\/\/exaudi.org\/wp-content\/uploads\/2024\/09\/Snapinsta.app_461482149_918920036928198_2367639651249946731_n_1080-390x260.jpg 390w\" sizes=\"auto, (max-width: 1080px) 100vw, 1080px\" \/><\/h3>\n<h3><strong>La alegr\u00eda del Evangelio<\/strong><\/h3>\n<p>El tercer tema que explor\u00f3 el Papa Francisco fue la alegr\u00eda, que describi\u00f3 como \u00abuna parte integral de la fe cristiana\u00bb. Reflexion\u00f3 sobre el testimonio de Diogo, un joven que comparti\u00f3 su experiencia gozosa en la Jornada Mundial de la Juventud. El Papa Francisco dijo que la alegr\u00eda de Diogo es emblem\u00e1tica del mensaje del Evangelio. \u00abNuestra fe est\u00e1 llena de alegr\u00eda, es una &#8216;danza&#8217;, porque sabemos que somos hijos de un Dios que es nuestro amigo\u00bb, dijo.<\/p>\n<p>El Papa tambi\u00e9n habl\u00f3 de la singular Procesi\u00f3n de Primavera en Luxemburgo. Esta procesi\u00f3n, donde los fieles, acompa\u00f1ados por peregrinos, bailan por las calles mientras conmemoran los esfuerzos misioneros de San Willibrord, \u00abse convierte en una gran danza unificada\u00bb, coment\u00f3.<\/p>\n<p>Al concluir su discurso, el Papa Francisco record\u00f3 a los fieles que la misi\u00f3n que se les ha encomendado es \u00abhermosa\u00bb.<\/p>\n<p>\u00abConsol\u00e9monos y sirvamos, siguiendo el ejemplo de Mar\u00eda y con su ayuda\u00bb, concluy\u00f3.<\/p>\n<p><iframe loading=\"lazy\" title=\"Encuentro - 46\u00ba Viaje Apost\u00f3lico a Luxemburgo - Papa Francisco\" width=\"500\" height=\"281\" src=\"https:\/\/www.youtube.com\/embed\/ptj6s4h5fTI?feature=oembed\" frameborder=\"0\" allow=\"accelerometer; autoplay; clipboard-write; encrypted-media; gyroscope; picture-in-picture; web-share\" referrerpolicy=\"strict-origin-when-cross-origin\" allowfullscreen><\/iframe><\/p>\n<p class=\"entry-title title flipboard-title\"><a href=\"https:\/\/exaudi.org\/es\/inicia-el-46-viaje-apostolico-del-papa-francisco-a-luxemburgo-y-belgica\/\" target=\"_blank\" rel=\"noopener\">Inicia el 46\u00b0 Viaje Apost\u00f3lico del Papa Francisco a Luxemburgo y B\u00e9lgica<\/a><\/p>\n<p class=\"entry-title title flipboard-title\"><a href=\"https:\/\/exaudi.org\/es\/el-papa-francisco-agradece-a-los-periodistas-y-escucha-las-voces-de-los-migrantes-en-su-viaje-a-luxemburgo\/\" target=\"_blank\" rel=\"noopener\">El Papa Francisco agradece a los periodistas y escucha las voces de los migrantes en su viaje a Luxemburgo<\/a><\/p>\n<p class=\"entry-title title flipboard-title\"><a href=\"https:\/\/exaudi.org\/es\/luxemburgo-modelo-de-cooperacion-para-la-paz\/\" target=\"_blank\" rel=\"noopener\">Luxemburgo: Modelo de Cooperaci\u00f3n para la Paz<\/a><\/p>\n","protected":false},"excerpt":{"rendered":"<p>El Papa Francisco enfatiza la importancia de la hospitalidad, la misi\u00f3n y la alegr\u00eda cristiana durante su visita a la comunidad cat\u00f3lica de Luxemburgo<\/p>\n","protected":false},"author":15,"featured_media":109205,"comment_status":"closed","ping_status":"closed","sticky":false,"template":"","format":"standard","meta":{"_acf_changed":false,"_crdt_document":"","inline_featured_image":false,"footnotes":""},"categories":[68,120,126],"tags":[25636,4744,25644,25642,1372,17563,2419,16093,449,25643,5875,2900,158,25645,5593,3007,23583],"class_list":["post-109204","post","type-post","status-publish","format-standard","has-post-thumbnail","hentry","category-leon-xiv","category-viajes","category-viajes-papales","tag-46-viaje-apostolico","tag-alegria","tag-catedral-de-notre-dame","tag-comunidad-catolica","tag-evangelio","tag-fe-cristiana","tag-featured","tag-hospitalidad","tag-iglesia-catolica","tag-jubileo-mariano","tag-luxemburgo","tag-mision","tag-papa-francisco","tag-san-willibrord","tag-servicio","tag-sinodalidad-es","tag-visita-apostolica"],"acf":[],"yoast_head":"<!-- This site is optimized with the Yoast SEO plugin v27.5 - https:\/\/yoast.com\/product\/yoast-seo-wordpress\/ -->\n<title>El Papa en Luxemburgo: Servicio, misi\u00f3n y alegr\u00eda en el coraz\u00f3n del Evangelio &#8211; Exaudi<\/title>\n<meta name=\"robots\" content=\"index, follow, max-snippet:-1, max-image-preview:large, max-video-preview:-1\" \/>\n<link rel=\"canonical\" href=\"https:\/\/exaudi.org\/es\/el-papa-en-luxemburgo-servicio-mision-y-alegria-en-el-corazon-del-evangelio\/\" \/>\n<meta property=\"og:locale\" content=\"es_ES\" \/>\n<meta property=\"og:type\" content=\"article\" \/>\n<meta property=\"og:title\" content=\"El Papa en Luxemburgo: Servicio, misi\u00f3n y alegr\u00eda en el coraz\u00f3n del Evangelio &#8211; Exaudi\" \/>\n<meta property=\"og:description\" content=\"El Papa Francisco enfatiza la importancia de la hospitalidad, la misi\u00f3n y la alegr\u00eda cristiana durante su visita a la comunidad cat\u00f3lica de Luxemburgo\" \/>\n<meta property=\"og:url\" content=\"https:\/\/exaudi.org\/es\/el-papa-en-luxemburgo-servicio-mision-y-alegria-en-el-corazon-del-evangelio\/\" \/>\n<meta property=\"og:site_name\" content=\"Exaudi\" \/>\n<meta property=\"article:publisher\" content=\"https:\/\/www.facebook.com\/ExaudiNews\" \/>\n<meta property=\"article:author\" content=\"https:\/\/www.facebook.com\/ExaudiNoticias\/\" \/>\n<meta property=\"article:published_time\" content=\"2024-09-26T16:15:21+00:00\" \/>\n<meta property=\"article:modified_time\" content=\"2024-09-26T17:09:34+00:00\" \/>\n<meta property=\"og:image\" content=\"https:\/\/exaudi.org\/wp-content\/uploads\/2024\/09\/Snapinsta.app_461483902_918920013594867_693048320904722757_n_1080.jpg\" \/>\n\t<meta property=\"og:image:width\" content=\"1080\" \/>\n\t<meta property=\"og:image:height\" content=\"720\" \/>\n\t<meta property=\"og:image:type\" content=\"image\/jpeg\" \/>\n<meta name=\"author\" content=\"Exaudi Redacci\u00f3n\" \/>\n<meta name=\"twitter:card\" content=\"summary_large_image\" \/>\n<meta name=\"twitter:creator\" content=\"@Exaudi_noticias\" \/>\n<meta name=\"twitter:site\" content=\"@Exaudi_News\" \/>\n<meta name=\"twitter:label1\" content=\"Escrito por\" \/>\n\t<meta name=\"twitter:data1\" content=\"Exaudi Redacci\u00f3n\" \/>\n\t<meta name=\"twitter:label2\" content=\"Tiempo de lectura\" \/>\n\t<meta name=\"twitter:data2\" content=\"3 minutos\" \/>\n<script type=\"application\/ld+json\" class=\"yoast-schema-graph\">{\"@context\":\"https:\\\/\\\/schema.org\",\"@graph\":[{\"@type\":\"Article\",\"@id\":\"https:\\\/\\\/exaudi.org\\\/es\\\/el-papa-en-luxemburgo-servicio-mision-y-alegria-en-el-corazon-del-evangelio\\\/#article\",\"isPartOf\":{\"@id\":\"https:\\\/\\\/exaudi.org\\\/es\\\/el-papa-en-luxemburgo-servicio-mision-y-alegria-en-el-corazon-del-evangelio\\\/\"},\"author\":{\"name\":\"Exaudi Redacci\u00f3n\",\"@id\":\"https:\\\/\\\/exaudi.org\\\/#\\\/schema\\\/person\\\/f5fc8f063065e38742da7afe15f25df7\"},\"headline\":\"El Papa en Luxemburgo: Servicio, misi\u00f3n y alegr\u00eda en el coraz\u00f3n del Evangelio\",\"datePublished\":\"2024-09-26T16:15:21+00:00\",\"dateModified\":\"2024-09-26T17:09:34+00:00\",\"mainEntityOfPage\":{\"@id\":\"https:\\\/\\\/exaudi.org\\\/es\\\/el-papa-en-luxemburgo-servicio-mision-y-alegria-en-el-corazon-del-evangelio\\\/\"},\"wordCount\":538,\"image\":{\"@id\":\"https:\\\/\\\/exaudi.org\\\/es\\\/el-papa-en-luxemburgo-servicio-mision-y-alegria-en-el-corazon-del-evangelio\\\/#primaryimage\"},\"thumbnailUrl\":\"https:\\\/\\\/exaudi.org\\\/wp-content\\\/uploads\\\/2024\\\/09\\\/Snapinsta.app_461483902_918920013594867_693048320904722757_n_1080.jpg\",\"keywords\":[\"46\u00b0 viaje apost\u00f3lico\",\"alegr\u00eda\",\"Catedral de Notre-Dame\",\"Comunidad Cat\u00f3lica\",\"Evangelio\",\"Fe cristiana\",\"Featured\",\"hospitalidad\",\"Iglesia cat\u00f3lica\",\"Jubileo Mariano\",\"Luxemburgo\",\"Misi\u00f3n\",\"papa francisco\",\"San Willibrord\",\"Servicio\",\"Sinodalidad\",\"visita apost\u00f3lica\"],\"articleSection\":[\"Le\u00f3n XIV\",\"Viajes\",\"Viajes Papales\"],\"inLanguage\":\"es\"},{\"@type\":\"WebPage\",\"@id\":\"https:\\\/\\\/exaudi.org\\\/es\\\/el-papa-en-luxemburgo-servicio-mision-y-alegria-en-el-corazon-del-evangelio\\\/\",\"url\":\"https:\\\/\\\/exaudi.org\\\/es\\\/el-papa-en-luxemburgo-servicio-mision-y-alegria-en-el-corazon-del-evangelio\\\/\",\"name\":\"El Papa en Luxemburgo: Servicio, misi\u00f3n y alegr\u00eda en el coraz\u00f3n del Evangelio &#8211; Exaudi\",\"isPartOf\":{\"@id\":\"https:\\\/\\\/exaudi.org\\\/#website\"},\"primaryImageOfPage\":{\"@id\":\"https:\\\/\\\/exaudi.org\\\/es\\\/el-papa-en-luxemburgo-servicio-mision-y-alegria-en-el-corazon-del-evangelio\\\/#primaryimage\"},\"image\":{\"@id\":\"https:\\\/\\\/exaudi.org\\\/es\\\/el-papa-en-luxemburgo-servicio-mision-y-alegria-en-el-corazon-del-evangelio\\\/#primaryimage\"},\"thumbnailUrl\":\"https:\\\/\\\/exaudi.org\\\/wp-content\\\/uploads\\\/2024\\\/09\\\/Snapinsta.app_461483902_918920013594867_693048320904722757_n_1080.jpg\",\"datePublished\":\"2024-09-26T16:15:21+00:00\",\"dateModified\":\"2024-09-26T17:09:34+00:00\",\"author\":{\"@id\":\"https:\\\/\\\/exaudi.org\\\/#\\\/schema\\\/person\\\/f5fc8f063065e38742da7afe15f25df7\"},\"breadcrumb\":{\"@id\":\"https:\\\/\\\/exaudi.org\\\/es\\\/el-papa-en-luxemburgo-servicio-mision-y-alegria-en-el-corazon-del-evangelio\\\/#breadcrumb\"},\"inLanguage\":\"es\",\"potentialAction\":[{\"@type\":\"ReadAction\",\"target\":[\"https:\\\/\\\/exaudi.org\\\/es\\\/el-papa-en-luxemburgo-servicio-mision-y-alegria-en-el-corazon-del-evangelio\\\/\"]}]},{\"@type\":\"ImageObject\",\"inLanguage\":\"es\",\"@id\":\"https:\\\/\\\/exaudi.org\\\/es\\\/el-papa-en-luxemburgo-servicio-mision-y-alegria-en-el-corazon-del-evangelio\\\/#primaryimage\",\"url\":\"https:\\\/\\\/exaudi.org\\\/wp-content\\\/uploads\\\/2024\\\/09\\\/Snapinsta.app_461483902_918920013594867_693048320904722757_n_1080.jpg\",\"contentUrl\":\"https:\\\/\\\/exaudi.org\\\/wp-content\\\/uploads\\\/2024\\\/09\\\/Snapinsta.app_461483902_918920013594867_693048320904722757_n_1080.jpg\",\"width\":1080,\"height\":720},{\"@type\":\"BreadcrumbList\",\"@id\":\"https:\\\/\\\/exaudi.org\\\/es\\\/el-papa-en-luxemburgo-servicio-mision-y-alegria-en-el-corazon-del-evangelio\\\/#breadcrumb\",\"itemListElement\":[{\"@type\":\"ListItem\",\"position\":1,\"name\":\"Portada\",\"item\":\"https:\\\/\\\/exaudi.org\\\/es\\\/\"},{\"@type\":\"ListItem\",\"position\":2,\"name\":\"El Papa en Luxemburgo: Servicio, misi\u00f3n y alegr\u00eda en el coraz\u00f3n del Evangelio\"}]},{\"@type\":\"WebSite\",\"@id\":\"https:\\\/\\\/exaudi.org\\\/#website\",\"url\":\"https:\\\/\\\/exaudi.org\\\/\",\"name\":\"Exaudi\",\"description\":\"News\",\"potentialAction\":[{\"@type\":\"SearchAction\",\"target\":{\"@type\":\"EntryPoint\",\"urlTemplate\":\"https:\\\/\\\/exaudi.org\\\/?s={search_term_string}\"},\"query-input\":{\"@type\":\"PropertyValueSpecification\",\"valueRequired\":true,\"valueName\":\"search_term_string\"}}],\"inLanguage\":\"es\"},{\"@type\":\"Person\",\"@id\":\"https:\\\/\\\/exaudi.org\\\/#\\\/schema\\\/person\\\/f5fc8f063065e38742da7afe15f25df7\",\"name\":\"Exaudi Redacci\u00f3n\",\"image\":{\"@type\":\"ImageObject\",\"inLanguage\":\"es\",\"@id\":\"https:\\\/\\\/secure.gravatar.com\\\/avatar\\\/fe0f6a059fb68d9b3e11bc5850dd4899b1c7492091a3cb6dd9b01b56ad828be2?s=96&d=mm&r=g\",\"url\":\"https:\\\/\\\/secure.gravatar.com\\\/avatar\\\/fe0f6a059fb68d9b3e11bc5850dd4899b1c7492091a3cb6dd9b01b56ad828be2?s=96&d=mm&r=g\",\"contentUrl\":\"https:\\\/\\\/secure.gravatar.com\\\/avatar\\\/fe0f6a059fb68d9b3e11bc5850dd4899b1c7492091a3cb6dd9b01b56ad828be2?s=96&d=mm&r=g\",\"caption\":\"Exaudi Redacci\u00f3n\"},\"description\":\"\u00bfQu\u00e9 es Exaudi News? Exaudi News es un medio de comunicaci\u00f3n cat\u00f3lico internacional que informa, forma y transforma, diariamente en espa\u00f1ol, ingl\u00e9s e italiano. A trav\u00e9s de noticias, art\u00edculos de an\u00e1lisis y transmisiones en directo de los eventos del Papa, Exaudi busca fortalecer la unidad de los cristianos y contribuir a la evangelizaci\u00f3n del mundo, siempre guiados por la doctrina social de la Iglesia. Trabajamos para acercar la verdad y los valores cristianos a cada rinc\u00f3n del planeta. \u00a1Ay\u00fadanos a transformar el mundo con Exaudi! En Exaudi creemos que la evangelizaci\u00f3n y la informaci\u00f3n de calidad pueden cambiar vidas. Para continuar con nuestra misi\u00f3n y expandir nuestro alcance, necesitamos tu ayuda. Adem\u00e1s, buscamos personas comprometidas que deseen unirse a nuestro equipo. Con tu apoyo, lograremos llegar a m\u00e1s personas, difundir el mensaje de Cristo y reforzar la unidad de los cristianos. \u00bfTe unes a nuestra misi\u00f3n? Para m\u00e1s informaci\u00f3n sobre c\u00f3mo colaborar, visita Exaudi.org\\\/es o cont\u00e1ctanos directamente: info@exaudi.org Exaudi: Informa, forma y transforma.\",\"sameAs\":[\"https:\\\/\\\/www.facebook.com\\\/ExaudiNoticias\\\/\",\"https:\\\/\\\/www.instagram.com\\\/exaudi_noticias\\\/\",\"https:\\\/\\\/x.com\\\/Exaudi_noticias\",\"https:\\\/\\\/www.youtube.com\\\/@exaudicatholicnews\"],\"url\":\"https:\\\/\\\/exaudi.org\\\/es\\\/author\\\/redaccionexaudi\\\/\"}]}<\/script>\n<!-- \/ Yoast SEO plugin. -->","yoast_head_json":{"title":"El Papa en Luxemburgo: Servicio, misi\u00f3n y alegr\u00eda en el coraz\u00f3n del Evangelio &#8211; Exaudi","robots":{"index":"index","follow":"follow","max-snippet":"max-snippet:-1","max-image-preview":"max-image-preview:large","max-video-preview":"max-video-preview:-1"},"canonical":"https:\/\/exaudi.org\/es\/el-papa-en-luxemburgo-servicio-mision-y-alegria-en-el-corazon-del-evangelio\/","og_locale":"es_ES","og_type":"article","og_title":"El Papa en Luxemburgo: Servicio, misi\u00f3n y alegr\u00eda en el coraz\u00f3n del Evangelio &#8211; Exaudi","og_description":"El Papa Francisco enfatiza la importancia de la hospitalidad, la misi\u00f3n y la alegr\u00eda cristiana durante su visita a la comunidad cat\u00f3lica de Luxemburgo","og_url":"https:\/\/exaudi.org\/es\/el-papa-en-luxemburgo-servicio-mision-y-alegria-en-el-corazon-del-evangelio\/","og_site_name":"Exaudi","article_publisher":"https:\/\/www.facebook.com\/ExaudiNews","article_author":"https:\/\/www.facebook.com\/ExaudiNoticias\/","article_published_time":"2024-09-26T16:15:21+00:00","article_modified_time":"2024-09-26T17:09:34+00:00","og_image":[{"width":1080,"height":720,"url":"https:\/\/exaudi.org\/wp-content\/uploads\/2024\/09\/Snapinsta.app_461483902_918920013594867_693048320904722757_n_1080.jpg","type":"image\/jpeg"}],"author":"Exaudi Redacci\u00f3n","twitter_card":"summary_large_image","twitter_creator":"@Exaudi_noticias","twitter_site":"@Exaudi_News","twitter_misc":{"Escrito por":"Exaudi Redacci\u00f3n","Tiempo de lectura":"3 minutos"},"schema":{"@context":"https:\/\/schema.org","@graph":[{"@type":"Article","@id":"https:\/\/exaudi.org\/es\/el-papa-en-luxemburgo-servicio-mision-y-alegria-en-el-corazon-del-evangelio\/#article","isPartOf":{"@id":"https:\/\/exaudi.org\/es\/el-papa-en-luxemburgo-servicio-mision-y-alegria-en-el-corazon-del-evangelio\/"},"author":{"name":"Exaudi Redacci\u00f3n","@id":"https:\/\/exaudi.org\/#\/schema\/person\/f5fc8f063065e38742da7afe15f25df7"},"headline":"El Papa en Luxemburgo: Servicio, misi\u00f3n y alegr\u00eda en el coraz\u00f3n del Evangelio","datePublished":"2024-09-26T16:15:21+00:00","dateModified":"2024-09-26T17:09:34+00:00","mainEntityOfPage":{"@id":"https:\/\/exaudi.org\/es\/el-papa-en-luxemburgo-servicio-mision-y-alegria-en-el-corazon-del-evangelio\/"},"wordCount":538,"image":{"@id":"https:\/\/exaudi.org\/es\/el-papa-en-luxemburgo-servicio-mision-y-alegria-en-el-corazon-del-evangelio\/#primaryimage"},"thumbnailUrl":"https:\/\/exaudi.org\/wp-content\/uploads\/2024\/09\/Snapinsta.app_461483902_918920013594867_693048320904722757_n_1080.jpg","keywords":["46\u00b0 viaje apost\u00f3lico","alegr\u00eda","Catedral de Notre-Dame","Comunidad Cat\u00f3lica","Evangelio","Fe cristiana","Featured","hospitalidad","Iglesia cat\u00f3lica","Jubileo Mariano","Luxemburgo","Misi\u00f3n","papa francisco","San Willibrord","Servicio","Sinodalidad","visita apost\u00f3lica"],"articleSection":["Le\u00f3n XIV","Viajes","Viajes Papales"],"inLanguage":"es"},{"@type":"WebPage","@id":"https:\/\/exaudi.org\/es\/el-papa-en-luxemburgo-servicio-mision-y-alegria-en-el-corazon-del-evangelio\/","url":"https:\/\/exaudi.org\/es\/el-papa-en-luxemburgo-servicio-mision-y-alegria-en-el-corazon-del-evangelio\/","name":"El Papa en Luxemburgo: Servicio, misi\u00f3n y alegr\u00eda en el coraz\u00f3n del Evangelio &#8211; Exaudi","isPartOf":{"@id":"https:\/\/exaudi.org\/#website"},"primaryImageOfPage":{"@id":"https:\/\/exaudi.org\/es\/el-papa-en-luxemburgo-servicio-mision-y-alegria-en-el-corazon-del-evangelio\/#primaryimage"},"image":{"@id":"https:\/\/exaudi.org\/es\/el-papa-en-luxemburgo-servicio-mision-y-alegria-en-el-corazon-del-evangelio\/#primaryimage"},"thumbnailUrl":"https:\/\/exaudi.org\/wp-content\/uploads\/2024\/09\/Snapinsta.app_461483902_918920013594867_693048320904722757_n_1080.jpg","datePublished":"2024-09-26T16:15:21+00:00","dateModified":"2024-09-26T17:09:34+00:00","author":{"@id":"https:\/\/exaudi.org\/#\/schema\/person\/f5fc8f063065e38742da7afe15f25df7"},"breadcrumb":{"@id":"https:\/\/exaudi.org\/es\/el-papa-en-luxemburgo-servicio-mision-y-alegria-en-el-corazon-del-evangelio\/#breadcrumb"},"inLanguage":"es","potentialAction":[{"@type":"ReadAction","target":["https:\/\/exaudi.org\/es\/el-papa-en-luxemburgo-servicio-mision-y-alegria-en-el-corazon-del-evangelio\/"]}]},{"@type":"ImageObject","inLanguage":"es","@id":"https:\/\/exaudi.org\/es\/el-papa-en-luxemburgo-servicio-mision-y-alegria-en-el-corazon-del-evangelio\/#primaryimage","url":"https:\/\/exaudi.org\/wp-content\/uploads\/2024\/09\/Snapinsta.app_461483902_918920013594867_693048320904722757_n_1080.jpg","contentUrl":"https:\/\/exaudi.org\/wp-content\/uploads\/2024\/09\/Snapinsta.app_461483902_918920013594867_693048320904722757_n_1080.jpg","width":1080,"height":720},{"@type":"BreadcrumbList","@id":"https:\/\/exaudi.org\/es\/el-papa-en-luxemburgo-servicio-mision-y-alegria-en-el-corazon-del-evangelio\/#breadcrumb","itemListElement":[{"@type":"ListItem","position":1,"name":"Portada","item":"https:\/\/exaudi.org\/es\/"},{"@type":"ListItem","position":2,"name":"El Papa en Luxemburgo: Servicio, misi\u00f3n y alegr\u00eda en el coraz\u00f3n del Evangelio"}]},{"@type":"WebSite","@id":"https:\/\/exaudi.org\/#website","url":"https:\/\/exaudi.org\/","name":"Exaudi","description":"News","potentialAction":[{"@type":"SearchAction","target":{"@type":"EntryPoint","urlTemplate":"https:\/\/exaudi.org\/?s={search_term_string}"},"query-input":{"@type":"PropertyValueSpecification","valueRequired":true,"valueName":"search_term_string"}}],"inLanguage":"es"},{"@type":"Person","@id":"https:\/\/exaudi.org\/#\/schema\/person\/f5fc8f063065e38742da7afe15f25df7","name":"Exaudi Redacci\u00f3n","image":{"@type":"ImageObject","inLanguage":"es","@id":"https:\/\/secure.gravatar.com\/avatar\/fe0f6a059fb68d9b3e11bc5850dd4899b1c7492091a3cb6dd9b01b56ad828be2?s=96&d=mm&r=g","url":"https:\/\/secure.gravatar.com\/avatar\/fe0f6a059fb68d9b3e11bc5850dd4899b1c7492091a3cb6dd9b01b56ad828be2?s=96&d=mm&r=g","contentUrl":"https:\/\/secure.gravatar.com\/avatar\/fe0f6a059fb68d9b3e11bc5850dd4899b1c7492091a3cb6dd9b01b56ad828be2?s=96&d=mm&r=g","caption":"Exaudi Redacci\u00f3n"},"description":"\u00bfQu\u00e9 es Exaudi News? Exaudi News es un medio de comunicaci\u00f3n cat\u00f3lico internacional que informa, forma y transforma, diariamente en espa\u00f1ol, ingl\u00e9s e italiano. A trav\u00e9s de noticias, art\u00edculos de an\u00e1lisis y transmisiones en directo de los eventos del Papa, Exaudi busca fortalecer la unidad de los cristianos y contribuir a la evangelizaci\u00f3n del mundo, siempre guiados por la doctrina social de la Iglesia. Trabajamos para acercar la verdad y los valores cristianos a cada rinc\u00f3n del planeta. \u00a1Ay\u00fadanos a transformar el mundo con Exaudi! En Exaudi creemos que la evangelizaci\u00f3n y la informaci\u00f3n de calidad pueden cambiar vidas. Para continuar con nuestra misi\u00f3n y expandir nuestro alcance, necesitamos tu ayuda. Adem\u00e1s, buscamos personas comprometidas que deseen unirse a nuestro equipo. Con tu apoyo, lograremos llegar a m\u00e1s personas, difundir el mensaje de Cristo y reforzar la unidad de los cristianos. \u00bfTe unes a nuestra misi\u00f3n? Para m\u00e1s informaci\u00f3n sobre c\u00f3mo colaborar, visita Exaudi.org\/es o cont\u00e1ctanos directamente: info@exaudi.org Exaudi: Informa, forma y transforma.","sameAs":["https:\/\/www.facebook.com\/ExaudiNoticias\/","https:\/\/www.instagram.com\/exaudi_noticias\/","https:\/\/x.com\/Exaudi_noticias","https:\/\/www.youtube.com\/@exaudicatholicnews"],"url":"https:\/\/exaudi.org\/es\/author\/redaccionexaudi\/"}]}},"jetpack_featured_media_url":"https:\/\/exaudi.org\/wp-content\/uploads\/2024\/09\/Snapinsta.app_461483902_918920013594867_693048320904722757_n_1080.jpg","jetpack_shortlink":"https:\/\/wp.me\/pgKjF2-spm","_links":{"self":[{"href":"https:\/\/exaudi.org\/es\/wp-json\/wp\/v2\/posts\/109204","targetHints":{"allow":["GET"]}}],"collection":[{"href":"https:\/\/exaudi.org\/es\/wp-json\/wp\/v2\/posts"}],"about":[{"href":"https:\/\/exaudi.org\/es\/wp-json\/wp\/v2\/types\/post"}],"author":[{"embeddable":true,"href":"https:\/\/exaudi.org\/es\/wp-json\/wp\/v2\/users\/15"}],"replies":[{"embeddable":true,"href":"https:\/\/exaudi.org\/es\/wp-json\/wp\/v2\/comments?post=109204"}],"version-history":[{"count":0,"href":"https:\/\/exaudi.org\/es\/wp-json\/wp\/v2\/posts\/109204\/revisions"}],"wp:featuredmedia":[{"embeddable":true,"href":"https:\/\/exaudi.org\/es\/wp-json\/wp\/v2\/media\/109205"}],"wp:attachment":[{"href":"https:\/\/exaudi.org\/es\/wp-json\/wp\/v2\/media?parent=109204"}],"wp:term":[{"taxonomy":"category","embeddable":true,"href":"https:\/\/exaudi.org\/es\/wp-json\/wp\/v2\/categories?post=109204"},{"taxonomy":"post_tag","embeddable":true,"href":"https:\/\/exaudi.org\/es\/wp-json\/wp\/v2\/tags?post=109204"}],"curies":[{"name":"wp","href":"https:\/\/api.w.org\/{rel}","templated":true}]}}