{"id":109020,"date":"2025-10-24T07:30:21","date_gmt":"2025-10-24T05:30:21","guid":{"rendered":"https:\/\/exaudi.org\/?p=109020"},"modified":"2025-10-23T10:14:12","modified_gmt":"2025-10-23T08:14:12","slug":"san-luigi-guanella-24-de-octubre","status":"publish","type":"post","link":"https:\/\/exaudi.org\/es\/san-luigi-guanella-24-de-octubre\/","title":{"rendered":"San Luigi Guanella, 24 de octubre"},"content":{"rendered":"<p>El que iba a ser conocido como el \u00abPadre de los pobres\u00bb, naci\u00f3 en Fraciscio de Campodolcino (Sondrio, Italia) el 19 de diciembre de 1842, en un momento en el que se produc\u00eda el tr\u00e1nsito de san Jos\u00e9 Benito Cottolengo. Don Bosco, tomando el testigo, daba inicio a su Oratorio. Luigi fue el noveno de trece hijos. Experiment\u00f3 tempranamente una inmensa piedad por los necesitados. Ten\u00eda 7 a\u00f1os cuando se dio de bruces con un anciano mendigo, fam\u00e9lico y solitario, que se acerc\u00f3 a \u00e9l pidiendo ayuda, y r\u00e1pidamente escondi\u00f3 los caramelos que su padre le acaba de comprar antes de o\u00edr misa para no tener que d\u00e1rselos. El viejecito desapareci\u00f3. Muchos a\u00f1os despu\u00e9s habl\u00f3 de lo que consider\u00f3 aparici\u00f3n. Desde luego su vida fue signada por la misericordia y un af\u00e1n incontenible de asistir a los que nada poseen: \u00abNo podemos detenernos mientras haya pobres que socorrer\u00bb. Se preguntaba: \u00ab\u00bfC\u00f3mo es posible creer que en la frente del pobre est\u00e1 esculpida la imagen de Dios y no correr a ayudarlo, a servirlo?\u00bb. Nada lo iba a detener: \u00ab\u00bfQu\u00e9 importa siquiera ir a prisi\u00f3n por los pobres, por la causa de los pobres? \u00a1Se llegar\u00eda a ser m\u00e1rtir!\u00bb.<\/p>\n<p><iframe title=\"Spotify Embed: San Luigi Guanella, 24 de octubre\" style=\"border-radius: 12px\" width=\"100%\" height=\"152\" frameborder=\"0\" allowfullscreen allow=\"autoplay; clipboard-write; encrypted-media; fullscreen; picture-in-picture\" loading=\"lazy\" src=\"https:\/\/open.spotify.com\/embed\/episode\/6XgwXvgt71O3Y6FlsEot6w?si=b237c819dc174cad&#038;utm_source=oembed\"><\/iframe><\/p>\n<p>A los 7 a\u00f1os la Virgen le hizo ver que deb\u00eda dedicarse a los necesitados. Y a los 12, con la determinaci\u00f3n de un adulto, comunic\u00f3 a sus padres: \u00abQuiero ser sacerdote\u00bb. Se form\u00f3 en el Colegio Gallio de Como, y luego prosigui\u00f3 estudios el Seminario Diocesano. Fue ordenado por el obispo de Foggia en 1866. En 1875 se traslad\u00f3 a Tur\u00edn con el fin de unirse a la labor apost\u00f3lica de Don Bosco considerando que le servir\u00eda de gran ayuda para la misi\u00f3n que deb\u00eda iniciar. En 1878, y aunque Don Bosco le ofreci\u00f3 ir a Am\u00e9rica y le hubiera gustado aceptar la misi\u00f3n, se dej\u00f3 guiar por la impresi\u00f3n espiritual que le instaba a responder a los mensajes que hab\u00eda recibido. Despu\u00e9s, fue vicario parroquial en Traona donde cre\u00f3 un colegio para ni\u00f1os pobres en 1880. Incomprendido por personas de la di\u00f3cesis, tuvo que cerrarlo con todo el dolor de su coraz\u00f3n. Pas\u00f3 luego por Olmo y Pianello Lario, dejando atr\u00e1s soledad y sufrimientos, junto a la expectaci\u00f3n ante la voluntad divina, ya que esperaba ver los signos pertinentes para poder actuar en consecuencia. Hall\u00e1ndose en Pianillo, donde lleg\u00f3 en 1881, comenz\u00f3 su obra con la generosa ayuda de un matrimonio que le prest\u00f3 el dinero con el que adquiri\u00f3 una casa. Pronto la llen\u00f3 de enfermos y pobres de todas las edades y condiciones. En cuatro a\u00f1os alberg\u00f3 a 200. Esta obra de caridad naci\u00f3 en medio y a pesar de los muchos recelos surgidos en su entorno. Supo esperar a la que denomin\u00f3: \u00abla hora de la misericordia\u00bb que lleg\u00f3 a sus 40 a\u00f1os. Tiempo atr\u00e1s le hab\u00eda confiado a Don Bosco: \u00abTengo en el alma la caridad y la conciencia de que Dios nos ha enviado al mundo para construir una sociedad justa y convertirnos para estas personas en sus padres, madres o hermanos, y servir en esta alegr\u00eda de vivir\u00bb.<\/p>\n<p>Un grupo de muchachas vinculadas a la Iglesia, e inclinadas a la vida religiosa, que le acompa\u00f1aron en sus primeras misiones, y junto a las que puso en marcha una residencia de ancianos, fue el germen de una de sus fundaciones en 1886: las Hijas de Santa Mar\u00eda de la Providencia. De ella naci\u00f3 la Congregaci\u00f3n masculina de los Siervos de la Caridad. Las obras de beneficencia se multiplicaron dentro y fuera de Italia. No hay m\u00e1s que ver la expansi\u00f3n que se produjo en Roma con la ayuda de su amigo, san P\u00edo X. En 1903 se estableci\u00f3 en la colina romana de Monte Mario; en 1907, en la colina del Gianicolo abri\u00f3 un centro para ancianos, y en 1909 erigi\u00f3 una Iglesia dedicada al Santo Patriarca, adem\u00e1s de otras obras de car\u00e1cter educativo. El a\u00f1o anterior, la Congregaci\u00f3n femenina fue aprobada por la Santa Sede.<\/p>\n<p>Realiz\u00f3 un viaje apost\u00f3lico al continente americano que tuvo como objeto los emigrantes, y al regreso sigui\u00f3 extendiendo su obra. Adem\u00e1s, instituy\u00f3 la P\u00eda Uni\u00f3n del Tr\u00e1nsito de San Jos\u00e9. En 1515 auxili\u00f3 a los damnificados en el terremoto que asol\u00f3 la regi\u00f3n de Abruzzo. \u00c9ste merm\u00f3 su ya delicada salud por sus muchos afanes y sufrimientos. En septiembre de ese a\u00f1o qued\u00f3 paral\u00edtico; no se recuper\u00f3 y, poco m\u00e1s tarde, el 24 de octubre falleci\u00f3 en Como. Pablo VI lo beatific\u00f3 el 24 de octubre de 1964, y Benedicto XVI lo canoniz\u00f3 el 23 de octubre de 2011.<\/p>\n<p><img loading=\"lazy\" decoding=\"async\" class=\"size-full wp-image-111413 alignnone\" src=\"https:\/\/exaudi.org\/wp-content\/uploads\/2024\/10\/Santoral-6.jpg\" alt=\"\" width=\"1080\" height=\"1080\" srcset=\"https:\/\/exaudi.org\/wp-content\/uploads\/2024\/10\/Santoral-6.jpg 1080w, https:\/\/exaudi.org\/wp-content\/uploads\/2024\/10\/Santoral-6-300x300.jpg 300w, https:\/\/exaudi.org\/wp-content\/uploads\/2024\/10\/Santoral-6-1024x1024.jpg 1024w, https:\/\/exaudi.org\/wp-content\/uploads\/2024\/10\/Santoral-6-100x100.jpg?crop=1 100w, https:\/\/exaudi.org\/wp-content\/uploads\/2024\/10\/Santoral-6-770x770.jpg 770w, https:\/\/exaudi.org\/wp-content\/uploads\/2024\/10\/Santoral-6-500x500.jpg 500w, https:\/\/exaudi.org\/wp-content\/uploads\/2024\/10\/Santoral-6-293x293.jpg 293w, https:\/\/exaudi.org\/wp-content\/uploads\/2024\/10\/Santoral-6-390x390.jpg 390w, https:\/\/exaudi.org\/wp-content\/uploads\/2024\/10\/Santoral-6-585x585.jpg 585w, https:\/\/exaudi.org\/wp-content\/uploads\/2024\/10\/Santoral-6-900x900.jpg 900w\" sizes=\"auto, (max-width: 1080px) 100vw, 1080px\" \/><\/p>\n<h6><em>\u00a9\u00a0<a href=\"https:\/\/exaudi.wpengine.com\/es\/author\/isabelorellana\/\" target=\"_blank\" rel=\"noopener noreferrer\">Isabel Orellana Vilches<\/a>, 2024<\/em><\/h6>\n<h6><em><img loading=\"lazy\" decoding=\"async\" class=\"alignright wp-image-2208\" src=\"https:\/\/exaudi.org\/wp-content\/uploads\/2021\/02\/santoral-scaled-1-725x1024.jpg\" alt=\"santoral Isabel Orellana\" width=\"262\" height=\"370\" \/><\/em>Obra protegida por derechos de autor.<br \/>\nInscrita en el Registro de la Propiedad Intelectual el 24 de noviembre de 2014.<br \/>\n________________<br \/>\nDerechos de edici\u00f3n reservados:<br \/>\n<a href=\"https:\/\/rielo.com\/\" target=\"_blank\" rel=\"noopener noreferrer\">Fundaci\u00f3n Fernando Rielo<\/a><br \/>\nGoya 20, 4.\u00ba izq. int. 28001 Madrid<br \/>\nTlf.: (34) 91 575 40 91<br \/>\nCorreo electr\u00f3nico:\u00a0fundacion@rielo.com<\/h6>\n<div class=\"page\" title=\"Page 4\">\n<div class=\"layoutArea\">\n<div class=\"column\">\n<h6>Dep\u00f3sito legal: M-18664-2020<br \/>\nISBN: 978-84-946646-6-3<\/h6>\n<\/div>\n<\/div>\n<\/div>\n","protected":false},"excerpt":{"rendered":"<p>Sacerdote y Fundador de la Congregaci\u00f3n de los Siervos de la Caridad y de las Hijas de Santa Mar\u00eda de la Providencia<\/p>\n","protected":false},"author":23,"featured_media":109021,"comment_status":"closed","ping_status":"closed","sticky":false,"template":"","format":"standard","meta":{"_acf_changed":false,"_crdt_document":"","inline_featured_image":false,"footnotes":""},"categories":[74,2772],"tags":[28994,2034,515,2095,4610,28999,29001,15371,19200,29000,388,3592,8420,28998,1926,25498,387,20087,26163,58880,26110],"class_list":["post-109020","post","type-post","status-publish","format-standard","has-post-thumbnail","hentry","category-iglesia-y-mundo","category-santoral","tag-24-de-octubre","tag-beatificacion","tag-benedicto-xvi","tag-canonizacion","tag-caridad","tag-congregacion-de-los-siervos-de-la-caridad","tag-ejemplo-de-vida","tag-fe-catolica","tag-fundador","tag-hijas-de-santa-maria-de-la-providencia","tag-isabel-orellana-vilches","tag-misericordia-es","tag-pablo-vi","tag-padre-de-los-pobres","tag-sacerdote","tag-san-luigi-guanella","tag-santoral","tag-santos-catolicos","tag-servicio-a-los-pobres","tag-trending-es-151","tag-vida-de-santos"],"acf":[],"yoast_head":"<!-- This site is optimized with the Yoast SEO plugin v27.4 - https:\/\/yoast.com\/product\/yoast-seo-wordpress\/ -->\n<title>San Luigi Guanella, 24 de octubre &#8211; Exaudi<\/title>\n<meta name=\"robots\" content=\"index, follow, max-snippet:-1, max-image-preview:large, max-video-preview:-1\" \/>\n<link rel=\"canonical\" href=\"https:\/\/exaudi.org\/es\/san-luigi-guanella-24-de-octubre\/\" \/>\n<meta property=\"og:locale\" content=\"es_ES\" \/>\n<meta property=\"og:type\" content=\"article\" \/>\n<meta property=\"og:title\" content=\"San Luigi Guanella, 24 de octubre &#8211; Exaudi\" \/>\n<meta property=\"og:description\" content=\"Sacerdote y Fundador de la Congregaci\u00f3n de los Siervos de la Caridad y de las Hijas de Santa Mar\u00eda de la Providencia\" \/>\n<meta property=\"og:url\" content=\"https:\/\/exaudi.org\/es\/san-luigi-guanella-24-de-octubre\/\" \/>\n<meta property=\"og:site_name\" content=\"Exaudi\" \/>\n<meta property=\"article:publisher\" content=\"https:\/\/www.facebook.com\/ExaudiNews\" \/>\n<meta property=\"article:published_time\" content=\"2025-10-24T05:30:21+00:00\" \/>\n<meta property=\"og:image\" content=\"https:\/\/exaudi.org\/wp-content\/uploads\/2024\/09\/DonGuanella-e1539953937621.jpg\" \/>\n\t<meta property=\"og:image:width\" content=\"601\" \/>\n\t<meta property=\"og:image:height\" content=\"339\" \/>\n\t<meta property=\"og:image:type\" content=\"image\/jpeg\" \/>\n<meta name=\"author\" content=\"Isabel Orellana\" \/>\n<meta name=\"twitter:card\" content=\"summary_large_image\" \/>\n<meta name=\"twitter:creator\" content=\"@Exaudi_News\" \/>\n<meta name=\"twitter:site\" content=\"@Exaudi_News\" \/>\n<meta name=\"twitter:label1\" content=\"Escrito por\" \/>\n\t<meta name=\"twitter:data1\" content=\"Isabel Orellana\" \/>\n\t<meta name=\"twitter:label2\" content=\"Tiempo de lectura\" \/>\n\t<meta name=\"twitter:data2\" content=\"4 minutos\" \/>\n<script type=\"application\/ld+json\" class=\"yoast-schema-graph\">{\"@context\":\"https:\\\/\\\/schema.org\",\"@graph\":[{\"@type\":\"Article\",\"@id\":\"https:\\\/\\\/exaudi.org\\\/es\\\/san-luigi-guanella-24-de-octubre\\\/#article\",\"isPartOf\":{\"@id\":\"https:\\\/\\\/exaudi.org\\\/es\\\/san-luigi-guanella-24-de-octubre\\\/\"},\"author\":{\"name\":\"Isabel Orellana\",\"@id\":\"https:\\\/\\\/exaudi.org\\\/#\\\/schema\\\/person\\\/64e18b96fd6118559a9217b5b3375fdc\"},\"headline\":\"San Luigi Guanella, 24 de octubre\",\"datePublished\":\"2025-10-24T05:30:21+00:00\",\"mainEntityOfPage\":{\"@id\":\"https:\\\/\\\/exaudi.org\\\/es\\\/san-luigi-guanella-24-de-octubre\\\/\"},\"wordCount\":868,\"image\":{\"@id\":\"https:\\\/\\\/exaudi.org\\\/es\\\/san-luigi-guanella-24-de-octubre\\\/#primaryimage\"},\"thumbnailUrl\":\"https:\\\/\\\/exaudi.org\\\/wp-content\\\/uploads\\\/2024\\\/09\\\/DonGuanella-e1539953937621.jpg\",\"keywords\":[\"24 de octubre\",\"Beatificaci\u00f3n\",\"Benedicto XVI\",\"Canonizaci\u00f3n\",\"caridad\",\"Congregaci\u00f3n de los Siervos de la Caridad\",\"ejemplo de vida\",\"Fe cat\u00f3lica\",\"fundador\",\"Hijas de Santa Mar\u00eda de la Providencia\",\"Isabel Orellana Vilches\",\"misericordia\",\"Pablo VI\",\"Padre de los pobres\",\"Sacerdote\",\"San Luigi Guanella\",\"Santoral\",\"santos cat\u00f3licos\",\"servicio a los pobres\",\"Trending\",\"vida de santos\"],\"articleSection\":[\"Iglesia y Mundo\",\"Santoral\"],\"inLanguage\":\"es\"},{\"@type\":\"WebPage\",\"@id\":\"https:\\\/\\\/exaudi.org\\\/es\\\/san-luigi-guanella-24-de-octubre\\\/\",\"url\":\"https:\\\/\\\/exaudi.org\\\/es\\\/san-luigi-guanella-24-de-octubre\\\/\",\"name\":\"San Luigi Guanella, 24 de octubre &#8211; Exaudi\",\"isPartOf\":{\"@id\":\"https:\\\/\\\/exaudi.org\\\/#website\"},\"primaryImageOfPage\":{\"@id\":\"https:\\\/\\\/exaudi.org\\\/es\\\/san-luigi-guanella-24-de-octubre\\\/#primaryimage\"},\"image\":{\"@id\":\"https:\\\/\\\/exaudi.org\\\/es\\\/san-luigi-guanella-24-de-octubre\\\/#primaryimage\"},\"thumbnailUrl\":\"https:\\\/\\\/exaudi.org\\\/wp-content\\\/uploads\\\/2024\\\/09\\\/DonGuanella-e1539953937621.jpg\",\"datePublished\":\"2025-10-24T05:30:21+00:00\",\"author\":{\"@id\":\"https:\\\/\\\/exaudi.org\\\/#\\\/schema\\\/person\\\/64e18b96fd6118559a9217b5b3375fdc\"},\"breadcrumb\":{\"@id\":\"https:\\\/\\\/exaudi.org\\\/es\\\/san-luigi-guanella-24-de-octubre\\\/#breadcrumb\"},\"inLanguage\":\"es\",\"potentialAction\":[{\"@type\":\"ReadAction\",\"target\":[\"https:\\\/\\\/exaudi.org\\\/es\\\/san-luigi-guanella-24-de-octubre\\\/\"]}]},{\"@type\":\"ImageObject\",\"inLanguage\":\"es\",\"@id\":\"https:\\\/\\\/exaudi.org\\\/es\\\/san-luigi-guanella-24-de-octubre\\\/#primaryimage\",\"url\":\"https:\\\/\\\/exaudi.org\\\/wp-content\\\/uploads\\\/2024\\\/09\\\/DonGuanella-e1539953937621.jpg\",\"contentUrl\":\"https:\\\/\\\/exaudi.org\\\/wp-content\\\/uploads\\\/2024\\\/09\\\/DonGuanella-e1539953937621.jpg\",\"width\":601,\"height\":339},{\"@type\":\"BreadcrumbList\",\"@id\":\"https:\\\/\\\/exaudi.org\\\/es\\\/san-luigi-guanella-24-de-octubre\\\/#breadcrumb\",\"itemListElement\":[{\"@type\":\"ListItem\",\"position\":1,\"name\":\"Portada\",\"item\":\"https:\\\/\\\/exaudi.org\\\/es\\\/\"},{\"@type\":\"ListItem\",\"position\":2,\"name\":\"San Luigi Guanella, 24 de octubre\"}]},{\"@type\":\"WebSite\",\"@id\":\"https:\\\/\\\/exaudi.org\\\/#website\",\"url\":\"https:\\\/\\\/exaudi.org\\\/\",\"name\":\"Exaudi\",\"description\":\"News\",\"potentialAction\":[{\"@type\":\"SearchAction\",\"target\":{\"@type\":\"EntryPoint\",\"urlTemplate\":\"https:\\\/\\\/exaudi.org\\\/?s={search_term_string}\"},\"query-input\":{\"@type\":\"PropertyValueSpecification\",\"valueRequired\":true,\"valueName\":\"search_term_string\"}}],\"inLanguage\":\"es\"},{\"@type\":\"Person\",\"@id\":\"https:\\\/\\\/exaudi.org\\\/#\\\/schema\\\/person\\\/64e18b96fd6118559a9217b5b3375fdc\",\"name\":\"Isabel Orellana\",\"image\":{\"@type\":\"ImageObject\",\"inLanguage\":\"es\",\"@id\":\"https:\\\/\\\/secure.gravatar.com\\\/avatar\\\/51968380bbb6b22ae85c605634860366fd9a2a611c6341125115bca32cd6c171?s=96&d=mm&r=g\",\"url\":\"https:\\\/\\\/secure.gravatar.com\\\/avatar\\\/51968380bbb6b22ae85c605634860366fd9a2a611c6341125115bca32cd6c171?s=96&d=mm&r=g\",\"contentUrl\":\"https:\\\/\\\/secure.gravatar.com\\\/avatar\\\/51968380bbb6b22ae85c605634860366fd9a2a611c6341125115bca32cd6c171?s=96&d=mm&r=g\",\"caption\":\"Isabel Orellana\"},\"description\":\"Isabel Orellana Vilches Misionera idente. Doctora en Filosof\u00eda por la Universidad Aut\u00f3noma de Barcelona con la tesis Realismo y progreso cient\u00edfico en la epistemolog\u00eda popperiana. Ha cursado estudios de teolog\u00eda en la Universidad Pontificia de Salamanca. Con amplia actividad docente desde 1986, ha publicado libros como: Realismo y progreso cient\u00edfico en la epistemolog\u00eda popperiana, Universitat Aut\u00f2noma de Barcelona, 1993; El evangelio habla a los j\u00f3venes, Atenas, Madrid, 1997; Qu\u00e9 es... LA TOLERANCIA, Paulinas, Madrid, 1999; Pedagog\u00eda del dolor. Ensayo antropol\u00f3gico, Palabra, Madrid, 1999; En colaboraci\u00f3n con Enrique Rivera de Ventosa (\u2020) OFM. Cap. San Francisco de As\u00eds y Fernando Rielo: Convergencias. Respuestas desde la fe a los interrogantes del hombre de hoy, Universidad Pontificia, Salamanca, 2001; La \\\"mirada\\\" del cine. Recursos did\u00e1cticos del s\u00e9ptimo arte. Librer\u00eda Cervantes, Salamanca, 2001; Paradojas de la convivencia, San Pablo, Madrid, 2002; En la Universidad T\u00e9cnica Particular de Loja, Ecuador, ha publicado: La confianza. El arte de amar, 2002; Educar para la responsabilidad, 2003; Apuntes de \u00e9tica en Karl R. Popper, 2003; De soledades y comunicaci\u00f3n, 2005; Yo educo; t\u00fa respondes, 2008; Humanismo y fe en un crisol de culturas, 2008; Repensar lo cotidiano, 2008; Convivir: un constante desaf\u00edo, 2009; La l\u00f3gica del amor, 2010; El dolor del amor. Apuntes sobre la enfermedad y el dolor en relaci\u00f3n con la virtud heroica, el martirio y la vida santa. Seminario Diocesano de M\u00e1laga, 2006 y Universidad T\u00e9cnica Particular de Loja, Ecuador (2007). Cuenta con numerosas colaboraciones en obras colectivas, as\u00ed como relatos, cuentos, f\u00e1bula y novela juvenil, adem\u00e1s de art\u00edculos de tem\u00e1tica cient\u00edfica, pedag\u00f3gica y espiritual, que viene publicando en distintas revistas nacionales e internacionales. En 2012 culmin\u00f3 el santoral Llamados a ser santos y poco m\u00e1s tarde Epopeyas de amor prologado por mons. Fernando Sebasti\u00e1n. Es la bi\u00f3grafa oficial del fundador de su familia espiritual, autora de Fernando Rielo Pardal. Fundador de los Misioneros Identes, Descl\u00e9e de Brouwer, Bilbao, 2009. Culmina la biograf\u00eda completa. Encargada del santoral de ZENIT desde 2012 a 2020 y ahora en Exaudi\",\"url\":\"https:\\\/\\\/exaudi.org\\\/es\\\/author\\\/isabelorellana\\\/\"}]}<\/script>\n<!-- \/ Yoast SEO plugin. -->","yoast_head_json":{"title":"San Luigi Guanella, 24 de octubre &#8211; Exaudi","robots":{"index":"index","follow":"follow","max-snippet":"max-snippet:-1","max-image-preview":"max-image-preview:large","max-video-preview":"max-video-preview:-1"},"canonical":"https:\/\/exaudi.org\/es\/san-luigi-guanella-24-de-octubre\/","og_locale":"es_ES","og_type":"article","og_title":"San Luigi Guanella, 24 de octubre &#8211; Exaudi","og_description":"Sacerdote y Fundador de la Congregaci\u00f3n de los Siervos de la Caridad y de las Hijas de Santa Mar\u00eda de la Providencia","og_url":"https:\/\/exaudi.org\/es\/san-luigi-guanella-24-de-octubre\/","og_site_name":"Exaudi","article_publisher":"https:\/\/www.facebook.com\/ExaudiNews","article_published_time":"2025-10-24T05:30:21+00:00","og_image":[{"width":601,"height":339,"url":"https:\/\/exaudi.org\/wp-content\/uploads\/2024\/09\/DonGuanella-e1539953937621.jpg","type":"image\/jpeg"}],"author":"Isabel Orellana","twitter_card":"summary_large_image","twitter_creator":"@Exaudi_News","twitter_site":"@Exaudi_News","twitter_misc":{"Escrito por":"Isabel Orellana","Tiempo de lectura":"4 minutos"},"schema":{"@context":"https:\/\/schema.org","@graph":[{"@type":"Article","@id":"https:\/\/exaudi.org\/es\/san-luigi-guanella-24-de-octubre\/#article","isPartOf":{"@id":"https:\/\/exaudi.org\/es\/san-luigi-guanella-24-de-octubre\/"},"author":{"name":"Isabel Orellana","@id":"https:\/\/exaudi.org\/#\/schema\/person\/64e18b96fd6118559a9217b5b3375fdc"},"headline":"San Luigi Guanella, 24 de octubre","datePublished":"2025-10-24T05:30:21+00:00","mainEntityOfPage":{"@id":"https:\/\/exaudi.org\/es\/san-luigi-guanella-24-de-octubre\/"},"wordCount":868,"image":{"@id":"https:\/\/exaudi.org\/es\/san-luigi-guanella-24-de-octubre\/#primaryimage"},"thumbnailUrl":"https:\/\/exaudi.org\/wp-content\/uploads\/2024\/09\/DonGuanella-e1539953937621.jpg","keywords":["24 de octubre","Beatificaci\u00f3n","Benedicto XVI","Canonizaci\u00f3n","caridad","Congregaci\u00f3n de los Siervos de la Caridad","ejemplo de vida","Fe cat\u00f3lica","fundador","Hijas de Santa Mar\u00eda de la Providencia","Isabel Orellana Vilches","misericordia","Pablo VI","Padre de los pobres","Sacerdote","San Luigi Guanella","Santoral","santos cat\u00f3licos","servicio a los pobres","Trending","vida de santos"],"articleSection":["Iglesia y Mundo","Santoral"],"inLanguage":"es"},{"@type":"WebPage","@id":"https:\/\/exaudi.org\/es\/san-luigi-guanella-24-de-octubre\/","url":"https:\/\/exaudi.org\/es\/san-luigi-guanella-24-de-octubre\/","name":"San Luigi Guanella, 24 de octubre &#8211; Exaudi","isPartOf":{"@id":"https:\/\/exaudi.org\/#website"},"primaryImageOfPage":{"@id":"https:\/\/exaudi.org\/es\/san-luigi-guanella-24-de-octubre\/#primaryimage"},"image":{"@id":"https:\/\/exaudi.org\/es\/san-luigi-guanella-24-de-octubre\/#primaryimage"},"thumbnailUrl":"https:\/\/exaudi.org\/wp-content\/uploads\/2024\/09\/DonGuanella-e1539953937621.jpg","datePublished":"2025-10-24T05:30:21+00:00","author":{"@id":"https:\/\/exaudi.org\/#\/schema\/person\/64e18b96fd6118559a9217b5b3375fdc"},"breadcrumb":{"@id":"https:\/\/exaudi.org\/es\/san-luigi-guanella-24-de-octubre\/#breadcrumb"},"inLanguage":"es","potentialAction":[{"@type":"ReadAction","target":["https:\/\/exaudi.org\/es\/san-luigi-guanella-24-de-octubre\/"]}]},{"@type":"ImageObject","inLanguage":"es","@id":"https:\/\/exaudi.org\/es\/san-luigi-guanella-24-de-octubre\/#primaryimage","url":"https:\/\/exaudi.org\/wp-content\/uploads\/2024\/09\/DonGuanella-e1539953937621.jpg","contentUrl":"https:\/\/exaudi.org\/wp-content\/uploads\/2024\/09\/DonGuanella-e1539953937621.jpg","width":601,"height":339},{"@type":"BreadcrumbList","@id":"https:\/\/exaudi.org\/es\/san-luigi-guanella-24-de-octubre\/#breadcrumb","itemListElement":[{"@type":"ListItem","position":1,"name":"Portada","item":"https:\/\/exaudi.org\/es\/"},{"@type":"ListItem","position":2,"name":"San Luigi Guanella, 24 de octubre"}]},{"@type":"WebSite","@id":"https:\/\/exaudi.org\/#website","url":"https:\/\/exaudi.org\/","name":"Exaudi","description":"News","potentialAction":[{"@type":"SearchAction","target":{"@type":"EntryPoint","urlTemplate":"https:\/\/exaudi.org\/?s={search_term_string}"},"query-input":{"@type":"PropertyValueSpecification","valueRequired":true,"valueName":"search_term_string"}}],"inLanguage":"es"},{"@type":"Person","@id":"https:\/\/exaudi.org\/#\/schema\/person\/64e18b96fd6118559a9217b5b3375fdc","name":"Isabel Orellana","image":{"@type":"ImageObject","inLanguage":"es","@id":"https:\/\/secure.gravatar.com\/avatar\/51968380bbb6b22ae85c605634860366fd9a2a611c6341125115bca32cd6c171?s=96&d=mm&r=g","url":"https:\/\/secure.gravatar.com\/avatar\/51968380bbb6b22ae85c605634860366fd9a2a611c6341125115bca32cd6c171?s=96&d=mm&r=g","contentUrl":"https:\/\/secure.gravatar.com\/avatar\/51968380bbb6b22ae85c605634860366fd9a2a611c6341125115bca32cd6c171?s=96&d=mm&r=g","caption":"Isabel Orellana"},"description":"Isabel Orellana Vilches Misionera idente. Doctora en Filosof\u00eda por la Universidad Aut\u00f3noma de Barcelona con la tesis Realismo y progreso cient\u00edfico en la epistemolog\u00eda popperiana. Ha cursado estudios de teolog\u00eda en la Universidad Pontificia de Salamanca. Con amplia actividad docente desde 1986, ha publicado libros como: Realismo y progreso cient\u00edfico en la epistemolog\u00eda popperiana, Universitat Aut\u00f2noma de Barcelona, 1993; El evangelio habla a los j\u00f3venes, Atenas, Madrid, 1997; Qu\u00e9 es... LA TOLERANCIA, Paulinas, Madrid, 1999; Pedagog\u00eda del dolor. Ensayo antropol\u00f3gico, Palabra, Madrid, 1999; En colaboraci\u00f3n con Enrique Rivera de Ventosa (\u2020) OFM. Cap. San Francisco de As\u00eds y Fernando Rielo: Convergencias. Respuestas desde la fe a los interrogantes del hombre de hoy, Universidad Pontificia, Salamanca, 2001; La \"mirada\" del cine. Recursos did\u00e1cticos del s\u00e9ptimo arte. Librer\u00eda Cervantes, Salamanca, 2001; Paradojas de la convivencia, San Pablo, Madrid, 2002; En la Universidad T\u00e9cnica Particular de Loja, Ecuador, ha publicado: La confianza. El arte de amar, 2002; Educar para la responsabilidad, 2003; Apuntes de \u00e9tica en Karl R. Popper, 2003; De soledades y comunicaci\u00f3n, 2005; Yo educo; t\u00fa respondes, 2008; Humanismo y fe en un crisol de culturas, 2008; Repensar lo cotidiano, 2008; Convivir: un constante desaf\u00edo, 2009; La l\u00f3gica del amor, 2010; El dolor del amor. Apuntes sobre la enfermedad y el dolor en relaci\u00f3n con la virtud heroica, el martirio y la vida santa. Seminario Diocesano de M\u00e1laga, 2006 y Universidad T\u00e9cnica Particular de Loja, Ecuador (2007). Cuenta con numerosas colaboraciones en obras colectivas, as\u00ed como relatos, cuentos, f\u00e1bula y novela juvenil, adem\u00e1s de art\u00edculos de tem\u00e1tica cient\u00edfica, pedag\u00f3gica y espiritual, que viene publicando en distintas revistas nacionales e internacionales. En 2012 culmin\u00f3 el santoral Llamados a ser santos y poco m\u00e1s tarde Epopeyas de amor prologado por mons. Fernando Sebasti\u00e1n. Es la bi\u00f3grafa oficial del fundador de su familia espiritual, autora de Fernando Rielo Pardal. Fundador de los Misioneros Identes, Descl\u00e9e de Brouwer, Bilbao, 2009. Culmina la biograf\u00eda completa. Encargada del santoral de ZENIT desde 2012 a 2020 y ahora en Exaudi","url":"https:\/\/exaudi.org\/es\/author\/isabelorellana\/"}]}},"jetpack_featured_media_url":"https:\/\/exaudi.org\/wp-content\/uploads\/2024\/09\/DonGuanella-e1539953937621.jpg","jetpack_shortlink":"https:\/\/wp.me\/pgKjF2-smo","_links":{"self":[{"href":"https:\/\/exaudi.org\/es\/wp-json\/wp\/v2\/posts\/109020","targetHints":{"allow":["GET"]}}],"collection":[{"href":"https:\/\/exaudi.org\/es\/wp-json\/wp\/v2\/posts"}],"about":[{"href":"https:\/\/exaudi.org\/es\/wp-json\/wp\/v2\/types\/post"}],"author":[{"embeddable":true,"href":"https:\/\/exaudi.org\/es\/wp-json\/wp\/v2\/users\/23"}],"replies":[{"embeddable":true,"href":"https:\/\/exaudi.org\/es\/wp-json\/wp\/v2\/comments?post=109020"}],"version-history":[{"count":3,"href":"https:\/\/exaudi.org\/es\/wp-json\/wp\/v2\/posts\/109020\/revisions"}],"predecessor-version":[{"id":143344,"href":"https:\/\/exaudi.org\/es\/wp-json\/wp\/v2\/posts\/109020\/revisions\/143344"}],"wp:featuredmedia":[{"embeddable":true,"href":"https:\/\/exaudi.org\/es\/wp-json\/wp\/v2\/media\/109021"}],"wp:attachment":[{"href":"https:\/\/exaudi.org\/es\/wp-json\/wp\/v2\/media?parent=109020"}],"wp:term":[{"taxonomy":"category","embeddable":true,"href":"https:\/\/exaudi.org\/es\/wp-json\/wp\/v2\/categories?post=109020"},{"taxonomy":"post_tag","embeddable":true,"href":"https:\/\/exaudi.org\/es\/wp-json\/wp\/v2\/tags?post=109020"}],"curies":[{"name":"wp","href":"https:\/\/api.w.org\/{rel}","templated":true}]}}