{"id":10900,"date":"2021-04-09T16:18:18","date_gmt":"2021-04-09T14:18:18","guid":{"rendered":"https:\/\/exaudi.org\/?p=10900"},"modified":"2021-04-09T16:21:05","modified_gmt":"2021-04-09T14:21:05","slug":"ecuador-obispos-reflexion-elecciones-2021","status":"publish","type":"post","link":"https:\/\/exaudi.org\/es\/ecuador-obispos-reflexion-elecciones-2021\/","title":{"rendered":"Ecuador: Obispos piden reflexi\u00f3n ante las elecciones 2021"},"content":{"rendered":"<p>Los obispos del Consejo de la Presidencia de la <a href=\"https:\/\/conferenciaepiscopal.ec\/\" target=\"_blank\" rel=\"noopener noreferrer\">Conferencia Episcopal de Ecuador<\/a> se han pronunciado ante la segunda vuelta del proceso de las elecciones que se vivir\u00e1 en el pa\u00eds el pr\u00f3ximo domingo 11 de abril de 2021.<\/p>\n<p>El <a href=\"https:\/\/exaudi.org\/es\/ecuador-papa-quito-sede-del-53o-congreso-eucaristico\/\" target=\"_blank\" rel=\"noopener noreferrer\">comunicado emitido por el Episcopado<\/a>, publicado ayer jueves 8 de abril, recuerda c\u00f3mo, a principios del pasado mes de enero, los prelados ecuatorianos hicieron un llamamiento \u201ca pol\u00edticos y a la ciudadan\u00eda en general a obrar de una manera libre y responsable frente al proceso electoral en curso\u201d.<\/p>\n<h4><strong>Obligaci\u00f3n moral<\/strong><\/h4>\n<p>Al comienzo de los \u201caspectos importantes\u201d que se resaltan en la nota, la Conferencia Episcopal apunta que \u201cla participaci\u00f3n de todos los ecuatorianos, en un estado democr\u00e1tico, es una obligaci\u00f3n ciudadana que nos compromete a opinar y decidir en la vida pol\u00edtica, c\u00edvica y comunitaria del pa\u00eds, de manera honesta y transparente\u201d.<\/p>\n<p>\u201cEs una obligaci\u00f3n moral y c\u00edvica buscar, consciente y honestamente a los m\u00e1s capacitados para enfrentar, con realismo y esperanza, las crisis sanitarias, econ\u00f3micas y \u00e9ticas que hoy marcan la realidad personal, familiar, laboral y social de los ecuatorianos\u201d, expone.<\/p>\n<h4><strong>\u201cHacemos historia\u201d<\/strong><\/h4>\n<p>Con el pr\u00f3ximo voto, se\u00f1alan los obispos, \u201chacemos historia y generamos progreso o retroceso, empleo o desempleo, seguridad o inseguridad, honestidad o corrupci\u00f3n, justicia o impunidad\u201d.<\/p>\n<p>\u201cUn voto que responda fundamentalmente a nuestros valores, a nuestros sue\u00f1os, a nuestra fe, siempre en el marco del respeto a quien piense diferente y sin que por ello sea considerado enemigo\u201d, aclaran.<\/p>\n<h4><strong>Responsabilidad pol\u00edtica<\/strong><\/h4>\n<p>Al final de la nota, los prelados ecuatorianos explican que \u201clos actores pol\u00edticos, en su condici\u00f3n de candidatos o como dirigentes de partidos y movimientos, tienen la responsabilidad \u00e9tica de ofrecer soluciones que respondan a las necesidades de la poblaci\u00f3n, libres de toda forma de demagogia que atenta contra la verdad y la justicia\u201d.<\/p>\n<p>\u201cQuienes sean electos deber\u00e1n gobernar para el Ecuador entero, en di\u00e1logo, respeto y colaboraci\u00f3n con todos los sectores de la sociedad\u201d, concluyen.<\/p>\n","protected":false},"excerpt":{"rendered":"<p>Comunicado del Episcopado<\/p>\n","protected":false},"author":6,"featured_media":10907,"comment_status":"closed","ping_status":"closed","sticky":false,"template":"","format":"standard","meta":{"_acf_changed":false,"_crdt_document":"","inline_featured_image":false,"footnotes":""},"categories":[],"tags":[492,946],"class_list":["post-10900","post","type-post","status-publish","format-standard","has-post-thumbnail","hentry","tag-comunicado","tag-elecciones-generales-2021"],"acf":[],"yoast_head":"<!-- This site is optimized with the Yoast SEO plugin v27.5 - https:\/\/yoast.com\/product\/yoast-seo-wordpress\/ -->\n<title>Ecuador: Obispos piden reflexi\u00f3n ante las elecciones 2021 - Exaudi<\/title>\n<meta name=\"description\" content=\"Los obispos de la Conferencia Episcopal de Ecuador se han pronunciado frente a la segunda vuelta del proceso de las elecciones del a\u00f1o 2021.\" \/>\n<meta name=\"robots\" content=\"index, follow, max-snippet:-1, max-image-preview:large, max-video-preview:-1\" \/>\n<link rel=\"canonical\" href=\"https:\/\/exaudi.org\/es\/ecuador-obispos-reflexion-elecciones-2021\/\" \/>\n<meta property=\"og:locale\" content=\"es_ES\" \/>\n<meta property=\"og:type\" content=\"article\" \/>\n<meta property=\"og:title\" content=\"Ecuador: Obispos piden reflexi\u00f3n ante las elecciones 2021 - Exaudi\" \/>\n<meta property=\"og:description\" content=\"Los obispos de la Conferencia Episcopal de Ecuador se han pronunciado frente a la segunda vuelta del proceso de las elecciones del a\u00f1o 2021.\" \/>\n<meta property=\"og:url\" content=\"https:\/\/exaudi.org\/es\/ecuador-obispos-reflexion-elecciones-2021\/\" \/>\n<meta property=\"og:site_name\" content=\"Exaudi\" \/>\n<meta property=\"article:publisher\" content=\"https:\/\/www.facebook.com\/ExaudiNews\" \/>\n<meta property=\"article:published_time\" content=\"2021-04-09T14:18:18+00:00\" \/>\n<meta property=\"article:modified_time\" content=\"2021-04-09T14:21:05+00:00\" \/>\n<meta property=\"og:image\" content=\"https:\/\/exaudi.org\/wp-content\/uploads\/2021\/04\/cq5dam.thumbnail.cropped.1500.844-1-1.jpeg\" \/>\n\t<meta property=\"og:image:width\" content=\"1500\" \/>\n\t<meta property=\"og:image:height\" content=\"844\" \/>\n\t<meta property=\"og:image:type\" content=\"image\/jpeg\" \/>\n<meta name=\"author\" content=\"Gabriel Sales\" \/>\n<meta name=\"twitter:card\" content=\"summary_large_image\" \/>\n<meta name=\"twitter:creator\" content=\"@habemusman\" \/>\n<meta name=\"twitter:site\" content=\"@Exaudi_News\" \/>\n<meta name=\"twitter:label1\" content=\"Escrito por\" \/>\n\t<meta name=\"twitter:data1\" content=\"Gabriel Sales\" \/>\n\t<meta name=\"twitter:label2\" content=\"Tiempo de lectura\" \/>\n\t<meta name=\"twitter:data2\" content=\"2 minutos\" \/>\n<script type=\"application\/ld+json\" class=\"yoast-schema-graph\">{\"@context\":\"https:\\\/\\\/schema.org\",\"@graph\":[{\"@type\":\"Article\",\"@id\":\"https:\\\/\\\/exaudi.org\\\/es\\\/ecuador-obispos-reflexion-elecciones-2021\\\/#article\",\"isPartOf\":{\"@id\":\"https:\\\/\\\/exaudi.org\\\/es\\\/ecuador-obispos-reflexion-elecciones-2021\\\/\"},\"author\":{\"name\":\"Gabriel Sales\",\"@id\":\"https:\\\/\\\/exaudi.org\\\/#\\\/schema\\\/person\\\/d134b96438278131ce90c90c03fda6cd\"},\"headline\":\"Ecuador: Obispos piden reflexi\u00f3n ante las elecciones 2021\",\"datePublished\":\"2021-04-09T14:18:18+00:00\",\"dateModified\":\"2021-04-09T14:21:05+00:00\",\"mainEntityOfPage\":{\"@id\":\"https:\\\/\\\/exaudi.org\\\/es\\\/ecuador-obispos-reflexion-elecciones-2021\\\/\"},\"wordCount\":353,\"image\":{\"@id\":\"https:\\\/\\\/exaudi.org\\\/es\\\/ecuador-obispos-reflexion-elecciones-2021\\\/#primaryimage\"},\"thumbnailUrl\":\"https:\\\/\\\/exaudi.org\\\/wp-content\\\/uploads\\\/2021\\\/04\\\/cq5dam.thumbnail.cropped.1500.844-1-1.jpeg\",\"keywords\":[\"comunicado\",\"Elecciones generales 2021\"],\"inLanguage\":\"es\"},{\"@type\":\"WebPage\",\"@id\":\"https:\\\/\\\/exaudi.org\\\/es\\\/ecuador-obispos-reflexion-elecciones-2021\\\/\",\"url\":\"https:\\\/\\\/exaudi.org\\\/es\\\/ecuador-obispos-reflexion-elecciones-2021\\\/\",\"name\":\"Ecuador: Obispos piden reflexi\u00f3n ante las elecciones 2021 - Exaudi\",\"isPartOf\":{\"@id\":\"https:\\\/\\\/exaudi.org\\\/#website\"},\"primaryImageOfPage\":{\"@id\":\"https:\\\/\\\/exaudi.org\\\/es\\\/ecuador-obispos-reflexion-elecciones-2021\\\/#primaryimage\"},\"image\":{\"@id\":\"https:\\\/\\\/exaudi.org\\\/es\\\/ecuador-obispos-reflexion-elecciones-2021\\\/#primaryimage\"},\"thumbnailUrl\":\"https:\\\/\\\/exaudi.org\\\/wp-content\\\/uploads\\\/2021\\\/04\\\/cq5dam.thumbnail.cropped.1500.844-1-1.jpeg\",\"datePublished\":\"2021-04-09T14:18:18+00:00\",\"dateModified\":\"2021-04-09T14:21:05+00:00\",\"author\":{\"@id\":\"https:\\\/\\\/exaudi.org\\\/#\\\/schema\\\/person\\\/d134b96438278131ce90c90c03fda6cd\"},\"description\":\"Los obispos de la Conferencia Episcopal de Ecuador se han pronunciado frente a la segunda vuelta del proceso de las elecciones del a\u00f1o 2021.\",\"breadcrumb\":{\"@id\":\"https:\\\/\\\/exaudi.org\\\/es\\\/ecuador-obispos-reflexion-elecciones-2021\\\/#breadcrumb\"},\"inLanguage\":\"es\",\"potentialAction\":[{\"@type\":\"ReadAction\",\"target\":[\"https:\\\/\\\/exaudi.org\\\/es\\\/ecuador-obispos-reflexion-elecciones-2021\\\/\"]}]},{\"@type\":\"ImageObject\",\"inLanguage\":\"es\",\"@id\":\"https:\\\/\\\/exaudi.org\\\/es\\\/ecuador-obispos-reflexion-elecciones-2021\\\/#primaryimage\",\"url\":\"https:\\\/\\\/exaudi.org\\\/wp-content\\\/uploads\\\/2021\\\/04\\\/cq5dam.thumbnail.cropped.1500.844-1-1.jpeg\",\"contentUrl\":\"https:\\\/\\\/exaudi.org\\\/wp-content\\\/uploads\\\/2021\\\/04\\\/cq5dam.thumbnail.cropped.1500.844-1-1.jpeg\",\"width\":1500,\"height\":844,\"caption\":\"Momento del recuento de votos \u00a9 Vatican Media\"},{\"@type\":\"BreadcrumbList\",\"@id\":\"https:\\\/\\\/exaudi.org\\\/es\\\/ecuador-obispos-reflexion-elecciones-2021\\\/#breadcrumb\",\"itemListElement\":[{\"@type\":\"ListItem\",\"position\":1,\"name\":\"Portada\",\"item\":\"https:\\\/\\\/exaudi.org\\\/es\\\/\"},{\"@type\":\"ListItem\",\"position\":2,\"name\":\"Ecuador: Obispos piden reflexi\u00f3n ante las elecciones 2021\"}]},{\"@type\":\"WebSite\",\"@id\":\"https:\\\/\\\/exaudi.org\\\/#website\",\"url\":\"https:\\\/\\\/exaudi.org\\\/\",\"name\":\"Exaudi\",\"description\":\"News\",\"potentialAction\":[{\"@type\":\"SearchAction\",\"target\":{\"@type\":\"EntryPoint\",\"urlTemplate\":\"https:\\\/\\\/exaudi.org\\\/?s={search_term_string}\"},\"query-input\":{\"@type\":\"PropertyValueSpecification\",\"valueRequired\":true,\"valueName\":\"search_term_string\"}}],\"inLanguage\":\"es\"},{\"@type\":\"Person\",\"@id\":\"https:\\\/\\\/exaudi.org\\\/#\\\/schema\\\/person\\\/d134b96438278131ce90c90c03fda6cd\",\"name\":\"Gabriel Sales\",\"image\":{\"@type\":\"ImageObject\",\"inLanguage\":\"es\",\"@id\":\"https:\\\/\\\/secure.gravatar.com\\\/avatar\\\/9b1269566f6a063ed26ffb3532b66a373cdde231ce5d0effb266167437fdaffd?s=96&d=mm&r=g\",\"url\":\"https:\\\/\\\/secure.gravatar.com\\\/avatar\\\/9b1269566f6a063ed26ffb3532b66a373cdde231ce5d0effb266167437fdaffd?s=96&d=mm&r=g\",\"contentUrl\":\"https:\\\/\\\/secure.gravatar.com\\\/avatar\\\/9b1269566f6a063ed26ffb3532b66a373cdde231ce5d0effb266167437fdaffd?s=96&d=mm&r=g\",\"caption\":\"Gabriel Sales\"},\"description\":\"Periodista y especialista en Comunicaci\u00f3n y Branding digital. Cin\u00e9filo y cr\u00edtico de cine y series de televisi\u00f3n.\",\"sameAs\":[\"https:\\\/\\\/www.instagram.com\\\/cine90segundos\\\/\",\"www.linkedin.com\\\/in\\\/habemusman\",\"https:\\\/\\\/x.com\\\/habemusman\",\"https:\\\/\\\/www.youtube.com\\\/channel\\\/UCVfCiOMkJ_C7T7OpyjuaLDg\"],\"url\":\"https:\\\/\\\/exaudi.org\\\/es\\\/author\\\/gsalesexaudi-org\\\/\"}]}<\/script>\n<!-- \/ Yoast SEO plugin. -->","yoast_head_json":{"title":"Ecuador: Obispos piden reflexi\u00f3n ante las elecciones 2021 - Exaudi","description":"Los obispos de la Conferencia Episcopal de Ecuador se han pronunciado frente a la segunda vuelta del proceso de las elecciones del a\u00f1o 2021.","robots":{"index":"index","follow":"follow","max-snippet":"max-snippet:-1","max-image-preview":"max-image-preview:large","max-video-preview":"max-video-preview:-1"},"canonical":"https:\/\/exaudi.org\/es\/ecuador-obispos-reflexion-elecciones-2021\/","og_locale":"es_ES","og_type":"article","og_title":"Ecuador: Obispos piden reflexi\u00f3n ante las elecciones 2021 - Exaudi","og_description":"Los obispos de la Conferencia Episcopal de Ecuador se han pronunciado frente a la segunda vuelta del proceso de las elecciones del a\u00f1o 2021.","og_url":"https:\/\/exaudi.org\/es\/ecuador-obispos-reflexion-elecciones-2021\/","og_site_name":"Exaudi","article_publisher":"https:\/\/www.facebook.com\/ExaudiNews","article_published_time":"2021-04-09T14:18:18+00:00","article_modified_time":"2021-04-09T14:21:05+00:00","og_image":[{"width":1500,"height":844,"url":"https:\/\/exaudi.org\/wp-content\/uploads\/2021\/04\/cq5dam.thumbnail.cropped.1500.844-1-1.jpeg","type":"image\/jpeg"}],"author":"Gabriel Sales","twitter_card":"summary_large_image","twitter_creator":"@habemusman","twitter_site":"@Exaudi_News","twitter_misc":{"Escrito por":"Gabriel Sales","Tiempo de lectura":"2 minutos"},"schema":{"@context":"https:\/\/schema.org","@graph":[{"@type":"Article","@id":"https:\/\/exaudi.org\/es\/ecuador-obispos-reflexion-elecciones-2021\/#article","isPartOf":{"@id":"https:\/\/exaudi.org\/es\/ecuador-obispos-reflexion-elecciones-2021\/"},"author":{"name":"Gabriel Sales","@id":"https:\/\/exaudi.org\/#\/schema\/person\/d134b96438278131ce90c90c03fda6cd"},"headline":"Ecuador: Obispos piden reflexi\u00f3n ante las elecciones 2021","datePublished":"2021-04-09T14:18:18+00:00","dateModified":"2021-04-09T14:21:05+00:00","mainEntityOfPage":{"@id":"https:\/\/exaudi.org\/es\/ecuador-obispos-reflexion-elecciones-2021\/"},"wordCount":353,"image":{"@id":"https:\/\/exaudi.org\/es\/ecuador-obispos-reflexion-elecciones-2021\/#primaryimage"},"thumbnailUrl":"https:\/\/exaudi.org\/wp-content\/uploads\/2021\/04\/cq5dam.thumbnail.cropped.1500.844-1-1.jpeg","keywords":["comunicado","Elecciones generales 2021"],"inLanguage":"es"},{"@type":"WebPage","@id":"https:\/\/exaudi.org\/es\/ecuador-obispos-reflexion-elecciones-2021\/","url":"https:\/\/exaudi.org\/es\/ecuador-obispos-reflexion-elecciones-2021\/","name":"Ecuador: Obispos piden reflexi\u00f3n ante las elecciones 2021 - Exaudi","isPartOf":{"@id":"https:\/\/exaudi.org\/#website"},"primaryImageOfPage":{"@id":"https:\/\/exaudi.org\/es\/ecuador-obispos-reflexion-elecciones-2021\/#primaryimage"},"image":{"@id":"https:\/\/exaudi.org\/es\/ecuador-obispos-reflexion-elecciones-2021\/#primaryimage"},"thumbnailUrl":"https:\/\/exaudi.org\/wp-content\/uploads\/2021\/04\/cq5dam.thumbnail.cropped.1500.844-1-1.jpeg","datePublished":"2021-04-09T14:18:18+00:00","dateModified":"2021-04-09T14:21:05+00:00","author":{"@id":"https:\/\/exaudi.org\/#\/schema\/person\/d134b96438278131ce90c90c03fda6cd"},"description":"Los obispos de la Conferencia Episcopal de Ecuador se han pronunciado frente a la segunda vuelta del proceso de las elecciones del a\u00f1o 2021.","breadcrumb":{"@id":"https:\/\/exaudi.org\/es\/ecuador-obispos-reflexion-elecciones-2021\/#breadcrumb"},"inLanguage":"es","potentialAction":[{"@type":"ReadAction","target":["https:\/\/exaudi.org\/es\/ecuador-obispos-reflexion-elecciones-2021\/"]}]},{"@type":"ImageObject","inLanguage":"es","@id":"https:\/\/exaudi.org\/es\/ecuador-obispos-reflexion-elecciones-2021\/#primaryimage","url":"https:\/\/exaudi.org\/wp-content\/uploads\/2021\/04\/cq5dam.thumbnail.cropped.1500.844-1-1.jpeg","contentUrl":"https:\/\/exaudi.org\/wp-content\/uploads\/2021\/04\/cq5dam.thumbnail.cropped.1500.844-1-1.jpeg","width":1500,"height":844,"caption":"Momento del recuento de votos \u00a9 Vatican Media"},{"@type":"BreadcrumbList","@id":"https:\/\/exaudi.org\/es\/ecuador-obispos-reflexion-elecciones-2021\/#breadcrumb","itemListElement":[{"@type":"ListItem","position":1,"name":"Portada","item":"https:\/\/exaudi.org\/es\/"},{"@type":"ListItem","position":2,"name":"Ecuador: Obispos piden reflexi\u00f3n ante las elecciones 2021"}]},{"@type":"WebSite","@id":"https:\/\/exaudi.org\/#website","url":"https:\/\/exaudi.org\/","name":"Exaudi","description":"News","potentialAction":[{"@type":"SearchAction","target":{"@type":"EntryPoint","urlTemplate":"https:\/\/exaudi.org\/?s={search_term_string}"},"query-input":{"@type":"PropertyValueSpecification","valueRequired":true,"valueName":"search_term_string"}}],"inLanguage":"es"},{"@type":"Person","@id":"https:\/\/exaudi.org\/#\/schema\/person\/d134b96438278131ce90c90c03fda6cd","name":"Gabriel Sales","image":{"@type":"ImageObject","inLanguage":"es","@id":"https:\/\/secure.gravatar.com\/avatar\/9b1269566f6a063ed26ffb3532b66a373cdde231ce5d0effb266167437fdaffd?s=96&d=mm&r=g","url":"https:\/\/secure.gravatar.com\/avatar\/9b1269566f6a063ed26ffb3532b66a373cdde231ce5d0effb266167437fdaffd?s=96&d=mm&r=g","contentUrl":"https:\/\/secure.gravatar.com\/avatar\/9b1269566f6a063ed26ffb3532b66a373cdde231ce5d0effb266167437fdaffd?s=96&d=mm&r=g","caption":"Gabriel Sales"},"description":"Periodista y especialista en Comunicaci\u00f3n y Branding digital. Cin\u00e9filo y cr\u00edtico de cine y series de televisi\u00f3n.","sameAs":["https:\/\/www.instagram.com\/cine90segundos\/","www.linkedin.com\/in\/habemusman","https:\/\/x.com\/habemusman","https:\/\/www.youtube.com\/channel\/UCVfCiOMkJ_C7T7OpyjuaLDg"],"url":"https:\/\/exaudi.org\/es\/author\/gsalesexaudi-org\/"}]}},"jetpack_featured_media_url":"https:\/\/exaudi.org\/wp-content\/uploads\/2021\/04\/cq5dam.thumbnail.cropped.1500.844-1-1.jpeg","jetpack_shortlink":"https:\/\/wp.me\/pgKjF2-2PO","_links":{"self":[{"href":"https:\/\/exaudi.org\/es\/wp-json\/wp\/v2\/posts\/10900","targetHints":{"allow":["GET"]}}],"collection":[{"href":"https:\/\/exaudi.org\/es\/wp-json\/wp\/v2\/posts"}],"about":[{"href":"https:\/\/exaudi.org\/es\/wp-json\/wp\/v2\/types\/post"}],"author":[{"embeddable":true,"href":"https:\/\/exaudi.org\/es\/wp-json\/wp\/v2\/users\/6"}],"replies":[{"embeddable":true,"href":"https:\/\/exaudi.org\/es\/wp-json\/wp\/v2\/comments?post=10900"}],"version-history":[{"count":0,"href":"https:\/\/exaudi.org\/es\/wp-json\/wp\/v2\/posts\/10900\/revisions"}],"wp:featuredmedia":[{"embeddable":true,"href":"https:\/\/exaudi.org\/es\/wp-json\/wp\/v2\/media\/10907"}],"wp:attachment":[{"href":"https:\/\/exaudi.org\/es\/wp-json\/wp\/v2\/media?parent=10900"}],"wp:term":[{"taxonomy":"category","embeddable":true,"href":"https:\/\/exaudi.org\/es\/wp-json\/wp\/v2\/categories?post=10900"},{"taxonomy":"post_tag","embeddable":true,"href":"https:\/\/exaudi.org\/es\/wp-json\/wp\/v2\/tags?post=10900"}],"curies":[{"name":"wp","href":"https:\/\/api.w.org\/{rel}","templated":true}]}}