{"id":108731,"date":"2024-09-22T10:31:26","date_gmt":"2024-09-22T08:31:26","guid":{"rendered":"https:\/\/exaudi.org\/?p=108731"},"modified":"2024-09-22T10:35:35","modified_gmt":"2024-09-22T08:35:35","slug":"reflexion-de-mons-enrique-diaz-los-pacificos-siembran-la-paz-y-cosechan-frutos-de-justicia","status":"publish","type":"post","link":"https:\/\/exaudi.org\/es\/reflexion-de-mons-enrique-diaz-los-pacificos-siembran-la-paz-y-cosechan-frutos-de-justicia\/","title":{"rendered":"Reflexi\u00f3n de Mons. Enrique D\u00edaz: Los pac\u00edficos siembran la paz y cosechan frutos de justicia"},"content":{"rendered":"<div id=\"mep_0\" class=\"mejs-container wp-audio-shortcode mejs-audio\" role=\"application\" aria-label=\"Reproductor de audio\">\n<div class=\"mejs-inner\">\n<div class=\"mejs-controls\">\n<audio class=\"wp-audio-shortcode\" id=\"audio-108731-1\" preload=\"none\" style=\"width: 100%;\" controls=\"controls\"><source type=\"audio\/mpeg\" src=\"https:\/\/exaudi.org\/wp-content\/uploads\/2024\/09\/22-Septiembre-2.mp3?_=1\" \/><a href=\"https:\/\/exaudi.org\/wp-content\/uploads\/2024\/09\/22-Septiembre-2.mp3\">https:\/\/exaudi.org\/wp-content\/uploads\/2024\/09\/22-Septiembre-2.mp3<\/a><\/audio>\n<\/div>\n<\/div>\n<\/div>\n<p>Mons. Enrique D\u00edaz D\u00edaz comparte con los lectores de Exaudi su reflexi\u00f3n sobre el\u00a0<a href=\"https:\/\/www.dominicos.org\/predicacion\/homilia\/22-9-2024\/lecturas\/\" target=\"_blank\" rel=\"noopener\">Evangelio de este Domingo 22 de septiembre, de 2024<\/a> titulado: <em>\u201cLos pac\u00edficos siembran la paz y cosechan frutos de justicia\u201d.<\/em><\/p>\n<p>***<\/p>\n<p>Sabidur\u00eda 2, 12. 17-20: <em>\u201cCondenemos al justo a una muerte ignominiosa\u201d<\/em><\/p>\n<p>Salmo 53: <em>\u201cEl Se\u00f1or es quien me ayuda\u201d<\/em><\/p>\n<p>Santiago 3, 16-4, 3: <em>\u201cLos pac\u00edficos siembran la paz y cosechan frutos de justicia\u201d<\/em><\/p>\n<p>San Marcos 9, 30-37: <em>\u201cEl Hijo del hombre va a ser entregado.- Si alguno quiere ser el primero, que sea el servidor de todos\u201d<\/em><\/p>\n<p>Cuando apenas est\u00e1bamos saliendo de la pandemia y aturdidos nos pregunt\u00e1bamos que seguir\u00eda y escuch\u00e1bamos de nuevas mutaciones y nuevos virus, un anciano, que milagrosamente hab\u00eda sobrevivido, me dec\u00eda que a esos virus \u00e9l no les ten\u00eda miedo. Que ten\u00eda m\u00e1s miedo al virus de la \u201ctriple P\u201d que es m\u00e1s contagioso. \u201c\u00bfEl virus de la triple P?\u201d, le pregunta alguien con cara de interrogaci\u00f3n. \u201cSi, contesta \u00e9l con aplomo, es el virus del poder, del poseer y del placer. Es muy dif\u00edcil encontrar a alguien que no se contagie de \u00e9l. Es casi mortal y frente a \u00e9l, hay muy pocas defensas. Acaba con las naciones, con los amigos y a hasta con las familias. Es peligros\u00edsimo\u201d. Algo parecido nos dice San Pablo que donde hay envidias, malas pasiones y rivalidades, hay desorden y no se encuentra la paz.<\/p>\n<p>\u00a1Qu\u00e9 contradicci\u00f3n! Mientras Jes\u00fas est\u00e1 anunciado que se entregar\u00e1 en manos de los hombres, que su amor y servicio lo llevar\u00e1n hasta la muerte, pero que habr\u00e1 resurrecci\u00f3n, sus disc\u00edpulos, los que m\u00e1s se han empapado de su doctrina y ense\u00f1anzas, los que han visto su ejemplo, \u00a1vienen peleando por los primeros lugares! As\u00ed son de contrastantes los caminos de Dios y los caminos del hombre. Hoy tambi\u00e9n, aunque parece que estamos cerca de Jes\u00fas, caemos en la tentaci\u00f3n de arrebatar y pleitear por los primeros lugares. As\u00ed \u201cel Hombre de la Cruz\u201d contin\u00faa siendo condenado a \u201cuna muerte\u201d infame. Su presencia y sus palabras son motivo de embarazo y desconcierto para quien pretende tener un campo libre para sus propias operaciones no tan transparentes. Los due\u00f1os del poder, del saber y del haber, los promotores de instrumentos de la muerte, los adictos al mercado del sexo y el \u00e9xito, no soportan ninguna cr\u00edtica ni cuestionamiento.<\/p>\n<p>Es muy elocuente San Marcos: Cristo va explicando que tendr\u00e1 que ser entregado a la cruz en cambio los disc\u00edpulos<em>\u201c no entend\u00edan aquellas palabras y ten\u00edan miedo de pedir explicaciones\u201d.<\/em> La incomprensi\u00f3n al mensaje de Jes\u00fas contin\u00faa a trav\u00e9s de toda la historia. Y tambi\u00e9n hoy debemos reconocer que no hemos entendido estas palabras y lo m\u00e1s triste es que tambi\u00e9n nosotros tenemos miedo a pedir explicaciones que nos comprometan. Es cierto que hemos llenado de cruces las cimas de las monta\u00f1as, es cierto que no faltan hermosos crucifijos en nuestros lugares, pero no podemos decir que hemos aprendido la l\u00f3gica del crucificado. Las discusiones por los primeros lugares, las luchas y los celos, las envidias y las zancadillas, son elementos que aparecen en nuestras comunidades. Es el arma de los pol\u00edticos para ganar los votos, es t\u00e1ctica de las grandes empresas, es el camino que siguen muchos para salir adelante: derribar al hermano para pasar sobre \u00e9l. Cristo trastoca los esquemas de la sociedad, siempre dispuesta a encumbrar al primero y despreciar al \u00faltimo, en virtud de la vanidad, del orgullo y de la ambici\u00f3n. La exigencia de ser el \u00faltimo y el servidor de todos, contradice ciertamente la historia de la convivencia humana pero es el ejemplo de Jes\u00fas. Acoger y servir a Dios, pertenecer a la comunidad de Jes\u00fas, implica acoger y servir al \u00faltimo, al que no cuenta. Es la opci\u00f3n por los pobres el criterio para sabernos disc\u00edpulos de Jes\u00fas.<\/p>\n<p>De repente en alg\u00fan negocio o firma comercial escuchamos estas acogedoras palabras: \u201cEstamos a sus \u00f3rdenes, servirle es nuestra misi\u00f3n\u2026\u201d O bien, en las campa\u00f1as pol\u00edticas los candidatos siempre se postulan para \u201cservir al pueblo\u201d. Pero para ellos servir tiene otro significado. Se entra en un plan de comercializaci\u00f3n y se obliga a los peque\u00f1os a ser los servidores del poderoso, servir de tapete que se pisa, se les utiliza en aras de una ganancia mejor. Cuando Cristo nos dice:<em> \u201cSi alguno quiere ser el primero, que sea el \u00faltimo de todos y el servidor de todos\u201d.<\/em> Lo dice en serio, no es apariencia, ni negocio. No es el servilismo que se exige a los que tienen menos para que puedan ganarse unos cuantos pesos. El servicio es un impulso vital de toda comunidad cristiana. El verdadero disc\u00edpulo mira a Jes\u00fas, lo contempla sirviendo con toda libertad, llevando su servicio hasta la radicalidad de dar la vida, y decide seguir su ejemplo. No es una persona que \u201cpresta servicios\u201d, sino que hace de si mismo un entrega generosa en b\u00fasqueda del bien integral de la persona, del crecimiento de la comunidad y del surgimiento del Reino.<\/p>\n<p>Los disc\u00edpulos de Jes\u00fas no acertaban a entender su comportamiento, pero finalmente se dejan cuestionar. Hoy tambi\u00e9n nosotros tendremos que dejarnos interpelar y revisar por Jes\u00fas. Dejar que, con su mirada amorosa, mire nuestro interior, que nos analice, nos impulse a tomar esta nueva vida. Quiz\u00e1s debemos revisar a cu\u00e1ntos peque\u00f1os y desamparados recibimos en nuestra casa, qui\u00e9nes son nuestros amigos, en qui\u00e9n tenemos confianza y cu\u00e1les son nuestros proyectos \u00bfEstamos el camino de Jes\u00fas? Revisemos tambi\u00e9n esa especie de cobranza que vamos pasando a todos los que est\u00e1n cerca de nosotros. Miremos si somos generosos o estamos exigiendo pagos, directos o indirectos, a Dios, a los amigos, a la familia, a los desconocidos, a amigos y enemigos. Intentemos vivir hoy haciendo nuestras obras \u201cgratuitamente\u201d. \u00bfNos \u00a0parecemos a Jes\u00fas en nuestra forma de servir?<\/p>\n<p><em>Dios nuestro, que en el amor a ti y a nuestro pr\u00f3jimo has querido resumir toda tu ley, conc\u00e9denos descubrirte, amarte y servirte en nuestros hermanos para que podamos alcanzar la vida eterna. Am\u00e9n.<\/em><\/p>\n","protected":false},"excerpt":{"rendered":"<p>XXV Domingo Ordinario<\/p>\n","protected":false},"author":25,"featured_media":40947,"comment_status":"closed","ping_status":"closed","sticky":false,"template":"","format":"standard","meta":{"_acf_changed":false,"_crdt_document":"","inline_featured_image":false,"footnotes":""},"categories":[96,74],"tags":[5654,1372,414,4953],"class_list":["post-108731","post","type-post","status-publish","format-standard","has-post-thumbnail","hentry","category-espiritualidad","category-iglesia-y-mundo","tag-enrique-diaz","tag-evangelio","tag-reflexion","tag-trending-es"],"acf":[],"yoast_head":"<!-- This site is optimized with the Yoast SEO plugin v27.5 - https:\/\/yoast.com\/product\/yoast-seo-wordpress\/ -->\n<title>Reflexi\u00f3n de Mons. Enrique D\u00edaz: Los pac\u00edficos siembran la paz y cosechan frutos de justicia &#8211; Exaudi<\/title>\n<meta name=\"robots\" content=\"index, follow, max-snippet:-1, max-image-preview:large, max-video-preview:-1\" \/>\n<link rel=\"canonical\" href=\"https:\/\/exaudi.org\/es\/reflexion-de-mons-enrique-diaz-los-pacificos-siembran-la-paz-y-cosechan-frutos-de-justicia\/\" \/>\n<meta property=\"og:locale\" content=\"es_ES\" \/>\n<meta property=\"og:type\" content=\"article\" \/>\n<meta property=\"og:title\" content=\"Reflexi\u00f3n de Mons. Enrique D\u00edaz: Los pac\u00edficos siembran la paz y cosechan frutos de justicia &#8211; Exaudi\" \/>\n<meta property=\"og:description\" content=\"XXV Domingo Ordinario\" \/>\n<meta property=\"og:url\" content=\"https:\/\/exaudi.org\/es\/reflexion-de-mons-enrique-diaz-los-pacificos-siembran-la-paz-y-cosechan-frutos-de-justicia\/\" \/>\n<meta property=\"og:site_name\" content=\"Exaudi\" \/>\n<meta property=\"article:publisher\" content=\"https:\/\/www.facebook.com\/ExaudiNews\" \/>\n<meta property=\"article:published_time\" content=\"2024-09-22T08:31:26+00:00\" \/>\n<meta property=\"article:modified_time\" content=\"2024-09-22T08:35:35+00:00\" \/>\n<meta property=\"og:image\" content=\"https:\/\/exaudi.org\/wp-content\/uploads\/2021\/11\/paz.jpg\" \/>\n\t<meta property=\"og:image:width\" content=\"551\" \/>\n\t<meta property=\"og:image:height\" content=\"385\" \/>\n\t<meta property=\"og:image:type\" content=\"image\/jpeg\" \/>\n<meta name=\"author\" content=\"Enrique D\u00edaz\" \/>\n<meta name=\"twitter:card\" content=\"summary_large_image\" \/>\n<meta name=\"twitter:creator\" content=\"@Exaudi_News\" \/>\n<meta name=\"twitter:site\" content=\"@Exaudi_News\" \/>\n<meta name=\"twitter:label1\" content=\"Escrito por\" \/>\n\t<meta name=\"twitter:data1\" content=\"Enrique D\u00edaz\" \/>\n\t<meta name=\"twitter:label2\" content=\"Tiempo de lectura\" \/>\n\t<meta name=\"twitter:data2\" content=\"5 minutos\" \/>\n<script type=\"application\/ld+json\" class=\"yoast-schema-graph\">{\"@context\":\"https:\\\/\\\/schema.org\",\"@graph\":[{\"@type\":\"Article\",\"@id\":\"https:\\\/\\\/exaudi.org\\\/es\\\/reflexion-de-mons-enrique-diaz-los-pacificos-siembran-la-paz-y-cosechan-frutos-de-justicia\\\/#article\",\"isPartOf\":{\"@id\":\"https:\\\/\\\/exaudi.org\\\/es\\\/reflexion-de-mons-enrique-diaz-los-pacificos-siembran-la-paz-y-cosechan-frutos-de-justicia\\\/\"},\"author\":{\"name\":\"Enrique D\u00edaz\",\"@id\":\"https:\\\/\\\/exaudi.org\\\/#\\\/schema\\\/person\\\/c02ffbd10830fa375f6882f7dcf1844d\"},\"headline\":\"Reflexi\u00f3n de Mons. Enrique D\u00edaz: Los pac\u00edficos siembran la paz y cosechan frutos de justicia\",\"datePublished\":\"2024-09-22T08:31:26+00:00\",\"dateModified\":\"2024-09-22T08:35:35+00:00\",\"mainEntityOfPage\":{\"@id\":\"https:\\\/\\\/exaudi.org\\\/es\\\/reflexion-de-mons-enrique-diaz-los-pacificos-siembran-la-paz-y-cosechan-frutos-de-justicia\\\/\"},\"wordCount\":1096,\"image\":{\"@id\":\"https:\\\/\\\/exaudi.org\\\/es\\\/reflexion-de-mons-enrique-diaz-los-pacificos-siembran-la-paz-y-cosechan-frutos-de-justicia\\\/#primaryimage\"},\"thumbnailUrl\":\"https:\\\/\\\/exaudi.org\\\/wp-content\\\/uploads\\\/2021\\\/11\\\/paz.jpg\",\"keywords\":[\"Enrique D\u00edaz\",\"Evangelio\",\"Reflexi\u00f3n\",\"Trending\"],\"articleSection\":[\"Espiritualidad\",\"Iglesia y Mundo\"],\"inLanguage\":\"es\"},{\"@type\":\"WebPage\",\"@id\":\"https:\\\/\\\/exaudi.org\\\/es\\\/reflexion-de-mons-enrique-diaz-los-pacificos-siembran-la-paz-y-cosechan-frutos-de-justicia\\\/\",\"url\":\"https:\\\/\\\/exaudi.org\\\/es\\\/reflexion-de-mons-enrique-diaz-los-pacificos-siembran-la-paz-y-cosechan-frutos-de-justicia\\\/\",\"name\":\"Reflexi\u00f3n de Mons. Enrique D\u00edaz: Los pac\u00edficos siembran la paz y cosechan frutos de justicia &#8211; Exaudi\",\"isPartOf\":{\"@id\":\"https:\\\/\\\/exaudi.org\\\/#website\"},\"primaryImageOfPage\":{\"@id\":\"https:\\\/\\\/exaudi.org\\\/es\\\/reflexion-de-mons-enrique-diaz-los-pacificos-siembran-la-paz-y-cosechan-frutos-de-justicia\\\/#primaryimage\"},\"image\":{\"@id\":\"https:\\\/\\\/exaudi.org\\\/es\\\/reflexion-de-mons-enrique-diaz-los-pacificos-siembran-la-paz-y-cosechan-frutos-de-justicia\\\/#primaryimage\"},\"thumbnailUrl\":\"https:\\\/\\\/exaudi.org\\\/wp-content\\\/uploads\\\/2021\\\/11\\\/paz.jpg\",\"datePublished\":\"2024-09-22T08:31:26+00:00\",\"dateModified\":\"2024-09-22T08:35:35+00:00\",\"author\":{\"@id\":\"https:\\\/\\\/exaudi.org\\\/#\\\/schema\\\/person\\\/c02ffbd10830fa375f6882f7dcf1844d\"},\"breadcrumb\":{\"@id\":\"https:\\\/\\\/exaudi.org\\\/es\\\/reflexion-de-mons-enrique-diaz-los-pacificos-siembran-la-paz-y-cosechan-frutos-de-justicia\\\/#breadcrumb\"},\"inLanguage\":\"es\",\"potentialAction\":[{\"@type\":\"ReadAction\",\"target\":[\"https:\\\/\\\/exaudi.org\\\/es\\\/reflexion-de-mons-enrique-diaz-los-pacificos-siembran-la-paz-y-cosechan-frutos-de-justicia\\\/\"]}]},{\"@type\":\"ImageObject\",\"inLanguage\":\"es\",\"@id\":\"https:\\\/\\\/exaudi.org\\\/es\\\/reflexion-de-mons-enrique-diaz-los-pacificos-siembran-la-paz-y-cosechan-frutos-de-justicia\\\/#primaryimage\",\"url\":\"https:\\\/\\\/exaudi.org\\\/wp-content\\\/uploads\\\/2021\\\/11\\\/paz.jpg\",\"contentUrl\":\"https:\\\/\\\/exaudi.org\\\/wp-content\\\/uploads\\\/2021\\\/11\\\/paz.jpg\",\"width\":551,\"height\":385,\"caption\":\"Paz \u00a9 Alba Montalvo\"},{\"@type\":\"BreadcrumbList\",\"@id\":\"https:\\\/\\\/exaudi.org\\\/es\\\/reflexion-de-mons-enrique-diaz-los-pacificos-siembran-la-paz-y-cosechan-frutos-de-justicia\\\/#breadcrumb\",\"itemListElement\":[{\"@type\":\"ListItem\",\"position\":1,\"name\":\"Portada\",\"item\":\"https:\\\/\\\/exaudi.org\\\/es\\\/\"},{\"@type\":\"ListItem\",\"position\":2,\"name\":\"Reflexi\u00f3n de Mons. Enrique D\u00edaz: Los pac\u00edficos siembran la paz y cosechan frutos de justicia\"}]},{\"@type\":\"WebSite\",\"@id\":\"https:\\\/\\\/exaudi.org\\\/#website\",\"url\":\"https:\\\/\\\/exaudi.org\\\/\",\"name\":\"Exaudi\",\"description\":\"News\",\"potentialAction\":[{\"@type\":\"SearchAction\",\"target\":{\"@type\":\"EntryPoint\",\"urlTemplate\":\"https:\\\/\\\/exaudi.org\\\/?s={search_term_string}\"},\"query-input\":{\"@type\":\"PropertyValueSpecification\",\"valueRequired\":true,\"valueName\":\"search_term_string\"}}],\"inLanguage\":\"es\"},{\"@type\":\"Person\",\"@id\":\"https:\\\/\\\/exaudi.org\\\/#\\\/schema\\\/person\\\/c02ffbd10830fa375f6882f7dcf1844d\",\"name\":\"Enrique D\u00edaz\",\"image\":{\"@type\":\"ImageObject\",\"inLanguage\":\"es\",\"@id\":\"https:\\\/\\\/secure.gravatar.com\\\/avatar\\\/7ca10be5325a95d04b74082d68ba605aa69611eb0f68f47096cb1bc349873284?s=96&d=mm&r=g\",\"url\":\"https:\\\/\\\/secure.gravatar.com\\\/avatar\\\/7ca10be5325a95d04b74082d68ba605aa69611eb0f68f47096cb1bc349873284?s=96&d=mm&r=g\",\"contentUrl\":\"https:\\\/\\\/secure.gravatar.com\\\/avatar\\\/7ca10be5325a95d04b74082d68ba605aa69611eb0f68f47096cb1bc349873284?s=96&d=mm&r=g\",\"caption\":\"Enrique D\u00edaz\"},\"description\":\"Naci\u00f3 en Huandacareo, Michoac\u00e1n, M\u00e9xico, en 1952. Realiz\u00f3 sus estudios de Filosof\u00eda y Teolog\u00eda en el Seminario de Morelia. Ordenado di\u00e1cono el 22 de mayo de 1977, y presb\u00edtero el 23 de octubre del mismo a\u00f1o. Obtuvo la Licenciatura en Sagrada Escritura en el Pontificio Instituto B\u00edblico en Roma. Ha desarrollado m\u00faltiples encargos pastorales como el de capell\u00e1n de la rector\u00eda de las Tres Aves Mar\u00edas; responsable de la Pastoral B\u00edblica Diocesana y director de la Escuela B\u00edblica en Morelia; maestro de Biblia en el Seminario Conciliar de Morelia, p\u00e1rroco de la Parroquia de Nuestra Se\u00f1ora de Guadalupe, Col. Guadalupe, Morelia; o vicario episcopal para la Zona de Nuestra Se\u00f1ora de la Luz, P\u00e1tzcuaro. Ordenado obispo auxiliar de san Crist\u00f3bal de las Casas en 2003. En la Conferencia Episcopal form\u00f3 parte de las Comisiones de Biblia, Diaconado y Ministerios Laicales. Fue responsable de las Dimensiones de Ministerios Laicales, de Educaci\u00f3n y Cultura. Ha participado en encuentros latinoamericanos y mundiales sobre el Diaconado Permanente. Actualmente es el responsable de la Dimensi\u00f3n de Pastoral de la Cultura. Particip\u00f3 como Miembro del S\u00ednodo de Obispos sobre la Palabra de Dios en la Vida y Misi\u00f3n de la Iglesia en Roma, en 2008. Recibi\u00f3 el nombramiento de obispo coadjutor de San Crist\u00f3bal de las Casas en 2014. Nombrado II obispo de Irapuato el d\u00eda 11 de marzo, tom\u00f3 posesi\u00f3n el 19 de Mayo. Colabora en varias revistas y publicaciones sobre todo con la reflexi\u00f3n diaria y dominical tanto en audio como escrita.\",\"url\":\"https:\\\/\\\/exaudi.org\\\/es\\\/author\\\/enriquediaz\\\/\"}]}<\/script>\n<!-- \/ Yoast SEO plugin. -->","yoast_head_json":{"title":"Reflexi\u00f3n de Mons. Enrique D\u00edaz: Los pac\u00edficos siembran la paz y cosechan frutos de justicia &#8211; Exaudi","robots":{"index":"index","follow":"follow","max-snippet":"max-snippet:-1","max-image-preview":"max-image-preview:large","max-video-preview":"max-video-preview:-1"},"canonical":"https:\/\/exaudi.org\/es\/reflexion-de-mons-enrique-diaz-los-pacificos-siembran-la-paz-y-cosechan-frutos-de-justicia\/","og_locale":"es_ES","og_type":"article","og_title":"Reflexi\u00f3n de Mons. Enrique D\u00edaz: Los pac\u00edficos siembran la paz y cosechan frutos de justicia &#8211; Exaudi","og_description":"XXV Domingo Ordinario","og_url":"https:\/\/exaudi.org\/es\/reflexion-de-mons-enrique-diaz-los-pacificos-siembran-la-paz-y-cosechan-frutos-de-justicia\/","og_site_name":"Exaudi","article_publisher":"https:\/\/www.facebook.com\/ExaudiNews","article_published_time":"2024-09-22T08:31:26+00:00","article_modified_time":"2024-09-22T08:35:35+00:00","og_image":[{"width":551,"height":385,"url":"https:\/\/exaudi.org\/wp-content\/uploads\/2021\/11\/paz.jpg","type":"image\/jpeg"}],"author":"Enrique D\u00edaz","twitter_card":"summary_large_image","twitter_creator":"@Exaudi_News","twitter_site":"@Exaudi_News","twitter_misc":{"Escrito por":"Enrique D\u00edaz","Tiempo de lectura":"5 minutos"},"schema":{"@context":"https:\/\/schema.org","@graph":[{"@type":"Article","@id":"https:\/\/exaudi.org\/es\/reflexion-de-mons-enrique-diaz-los-pacificos-siembran-la-paz-y-cosechan-frutos-de-justicia\/#article","isPartOf":{"@id":"https:\/\/exaudi.org\/es\/reflexion-de-mons-enrique-diaz-los-pacificos-siembran-la-paz-y-cosechan-frutos-de-justicia\/"},"author":{"name":"Enrique D\u00edaz","@id":"https:\/\/exaudi.org\/#\/schema\/person\/c02ffbd10830fa375f6882f7dcf1844d"},"headline":"Reflexi\u00f3n de Mons. Enrique D\u00edaz: Los pac\u00edficos siembran la paz y cosechan frutos de justicia","datePublished":"2024-09-22T08:31:26+00:00","dateModified":"2024-09-22T08:35:35+00:00","mainEntityOfPage":{"@id":"https:\/\/exaudi.org\/es\/reflexion-de-mons-enrique-diaz-los-pacificos-siembran-la-paz-y-cosechan-frutos-de-justicia\/"},"wordCount":1096,"image":{"@id":"https:\/\/exaudi.org\/es\/reflexion-de-mons-enrique-diaz-los-pacificos-siembran-la-paz-y-cosechan-frutos-de-justicia\/#primaryimage"},"thumbnailUrl":"https:\/\/exaudi.org\/wp-content\/uploads\/2021\/11\/paz.jpg","keywords":["Enrique D\u00edaz","Evangelio","Reflexi\u00f3n","Trending"],"articleSection":["Espiritualidad","Iglesia y Mundo"],"inLanguage":"es"},{"@type":"WebPage","@id":"https:\/\/exaudi.org\/es\/reflexion-de-mons-enrique-diaz-los-pacificos-siembran-la-paz-y-cosechan-frutos-de-justicia\/","url":"https:\/\/exaudi.org\/es\/reflexion-de-mons-enrique-diaz-los-pacificos-siembran-la-paz-y-cosechan-frutos-de-justicia\/","name":"Reflexi\u00f3n de Mons. Enrique D\u00edaz: Los pac\u00edficos siembran la paz y cosechan frutos de justicia &#8211; Exaudi","isPartOf":{"@id":"https:\/\/exaudi.org\/#website"},"primaryImageOfPage":{"@id":"https:\/\/exaudi.org\/es\/reflexion-de-mons-enrique-diaz-los-pacificos-siembran-la-paz-y-cosechan-frutos-de-justicia\/#primaryimage"},"image":{"@id":"https:\/\/exaudi.org\/es\/reflexion-de-mons-enrique-diaz-los-pacificos-siembran-la-paz-y-cosechan-frutos-de-justicia\/#primaryimage"},"thumbnailUrl":"https:\/\/exaudi.org\/wp-content\/uploads\/2021\/11\/paz.jpg","datePublished":"2024-09-22T08:31:26+00:00","dateModified":"2024-09-22T08:35:35+00:00","author":{"@id":"https:\/\/exaudi.org\/#\/schema\/person\/c02ffbd10830fa375f6882f7dcf1844d"},"breadcrumb":{"@id":"https:\/\/exaudi.org\/es\/reflexion-de-mons-enrique-diaz-los-pacificos-siembran-la-paz-y-cosechan-frutos-de-justicia\/#breadcrumb"},"inLanguage":"es","potentialAction":[{"@type":"ReadAction","target":["https:\/\/exaudi.org\/es\/reflexion-de-mons-enrique-diaz-los-pacificos-siembran-la-paz-y-cosechan-frutos-de-justicia\/"]}]},{"@type":"ImageObject","inLanguage":"es","@id":"https:\/\/exaudi.org\/es\/reflexion-de-mons-enrique-diaz-los-pacificos-siembran-la-paz-y-cosechan-frutos-de-justicia\/#primaryimage","url":"https:\/\/exaudi.org\/wp-content\/uploads\/2021\/11\/paz.jpg","contentUrl":"https:\/\/exaudi.org\/wp-content\/uploads\/2021\/11\/paz.jpg","width":551,"height":385,"caption":"Paz \u00a9 Alba Montalvo"},{"@type":"BreadcrumbList","@id":"https:\/\/exaudi.org\/es\/reflexion-de-mons-enrique-diaz-los-pacificos-siembran-la-paz-y-cosechan-frutos-de-justicia\/#breadcrumb","itemListElement":[{"@type":"ListItem","position":1,"name":"Portada","item":"https:\/\/exaudi.org\/es\/"},{"@type":"ListItem","position":2,"name":"Reflexi\u00f3n de Mons. Enrique D\u00edaz: Los pac\u00edficos siembran la paz y cosechan frutos de justicia"}]},{"@type":"WebSite","@id":"https:\/\/exaudi.org\/#website","url":"https:\/\/exaudi.org\/","name":"Exaudi","description":"News","potentialAction":[{"@type":"SearchAction","target":{"@type":"EntryPoint","urlTemplate":"https:\/\/exaudi.org\/?s={search_term_string}"},"query-input":{"@type":"PropertyValueSpecification","valueRequired":true,"valueName":"search_term_string"}}],"inLanguage":"es"},{"@type":"Person","@id":"https:\/\/exaudi.org\/#\/schema\/person\/c02ffbd10830fa375f6882f7dcf1844d","name":"Enrique D\u00edaz","image":{"@type":"ImageObject","inLanguage":"es","@id":"https:\/\/secure.gravatar.com\/avatar\/7ca10be5325a95d04b74082d68ba605aa69611eb0f68f47096cb1bc349873284?s=96&d=mm&r=g","url":"https:\/\/secure.gravatar.com\/avatar\/7ca10be5325a95d04b74082d68ba605aa69611eb0f68f47096cb1bc349873284?s=96&d=mm&r=g","contentUrl":"https:\/\/secure.gravatar.com\/avatar\/7ca10be5325a95d04b74082d68ba605aa69611eb0f68f47096cb1bc349873284?s=96&d=mm&r=g","caption":"Enrique D\u00edaz"},"description":"Naci\u00f3 en Huandacareo, Michoac\u00e1n, M\u00e9xico, en 1952. Realiz\u00f3 sus estudios de Filosof\u00eda y Teolog\u00eda en el Seminario de Morelia. Ordenado di\u00e1cono el 22 de mayo de 1977, y presb\u00edtero el 23 de octubre del mismo a\u00f1o. Obtuvo la Licenciatura en Sagrada Escritura en el Pontificio Instituto B\u00edblico en Roma. Ha desarrollado m\u00faltiples encargos pastorales como el de capell\u00e1n de la rector\u00eda de las Tres Aves Mar\u00edas; responsable de la Pastoral B\u00edblica Diocesana y director de la Escuela B\u00edblica en Morelia; maestro de Biblia en el Seminario Conciliar de Morelia, p\u00e1rroco de la Parroquia de Nuestra Se\u00f1ora de Guadalupe, Col. Guadalupe, Morelia; o vicario episcopal para la Zona de Nuestra Se\u00f1ora de la Luz, P\u00e1tzcuaro. Ordenado obispo auxiliar de san Crist\u00f3bal de las Casas en 2003. En la Conferencia Episcopal form\u00f3 parte de las Comisiones de Biblia, Diaconado y Ministerios Laicales. Fue responsable de las Dimensiones de Ministerios Laicales, de Educaci\u00f3n y Cultura. Ha participado en encuentros latinoamericanos y mundiales sobre el Diaconado Permanente. Actualmente es el responsable de la Dimensi\u00f3n de Pastoral de la Cultura. Particip\u00f3 como Miembro del S\u00ednodo de Obispos sobre la Palabra de Dios en la Vida y Misi\u00f3n de la Iglesia en Roma, en 2008. Recibi\u00f3 el nombramiento de obispo coadjutor de San Crist\u00f3bal de las Casas en 2014. Nombrado II obispo de Irapuato el d\u00eda 11 de marzo, tom\u00f3 posesi\u00f3n el 19 de Mayo. Colabora en varias revistas y publicaciones sobre todo con la reflexi\u00f3n diaria y dominical tanto en audio como escrita.","url":"https:\/\/exaudi.org\/es\/author\/enriquediaz\/"}]}},"jetpack_featured_media_url":"https:\/\/exaudi.org\/wp-content\/uploads\/2021\/11\/paz.jpg","jetpack_shortlink":"https:\/\/wp.me\/pgKjF2-shJ","_links":{"self":[{"href":"https:\/\/exaudi.org\/es\/wp-json\/wp\/v2\/posts\/108731","targetHints":{"allow":["GET"]}}],"collection":[{"href":"https:\/\/exaudi.org\/es\/wp-json\/wp\/v2\/posts"}],"about":[{"href":"https:\/\/exaudi.org\/es\/wp-json\/wp\/v2\/types\/post"}],"author":[{"embeddable":true,"href":"https:\/\/exaudi.org\/es\/wp-json\/wp\/v2\/users\/25"}],"replies":[{"embeddable":true,"href":"https:\/\/exaudi.org\/es\/wp-json\/wp\/v2\/comments?post=108731"}],"version-history":[{"count":0,"href":"https:\/\/exaudi.org\/es\/wp-json\/wp\/v2\/posts\/108731\/revisions"}],"wp:featuredmedia":[{"embeddable":true,"href":"https:\/\/exaudi.org\/es\/wp-json\/wp\/v2\/media\/40947"}],"wp:attachment":[{"href":"https:\/\/exaudi.org\/es\/wp-json\/wp\/v2\/media?parent=108731"}],"wp:term":[{"taxonomy":"category","embeddable":true,"href":"https:\/\/exaudi.org\/es\/wp-json\/wp\/v2\/categories?post=108731"},{"taxonomy":"post_tag","embeddable":true,"href":"https:\/\/exaudi.org\/es\/wp-json\/wp\/v2\/tags?post=108731"}],"curies":[{"name":"wp","href":"https:\/\/api.w.org\/{rel}","templated":true}]}}