{"id":108259,"date":"2024-09-17T08:45:19","date_gmt":"2024-09-17T06:45:19","guid":{"rendered":"https:\/\/exaudi.org\/?p=108259"},"modified":"2024-09-16T12:12:44","modified_gmt":"2024-09-16T10:12:44","slug":"malinche-el-musical-de-nacho-cano-que-reescribe-la-historia-con-musica-y-emocion","status":"publish","type":"post","link":"https:\/\/exaudi.org\/es\/malinche-el-musical-de-nacho-cano-que-reescribe-la-historia-con-musica-y-emocion\/","title":{"rendered":"\u00abMalinche\u00bb: El Musical de Nacho Cano que Reescribe la Historia con M\u00fasica y Emoci\u00f3n"},"content":{"rendered":"<audio class=\"wp-audio-shortcode\" id=\"audio-108259-1\" preload=\"none\" style=\"width: 100%;\" controls=\"controls\"><source type=\"audio\/mpeg\" src=\"https:\/\/exaudi.org\/wp-content\/uploads\/2024\/09\/Malinche.mp3?_=1\" \/><a href=\"https:\/\/exaudi.org\/wp-content\/uploads\/2024\/09\/Malinche.mp3\">https:\/\/exaudi.org\/wp-content\/uploads\/2024\/09\/Malinche.mp3<\/a><\/audio>\n<p>Ahora que Nacho Cano abre titulares, desde Exaudi,\u00a0 queremos recordar y reconocer la obra que tanta pol\u00e9mica esta levantando.<\/p>\n<p>El musical \u00abMalinche\u00bb nos invita a reflexionar sobre c\u00f3mo corregir los errores hist\u00f3ricos, devolver la dignidad y el respeto a una mujer muchas veces maltratada por la tradici\u00f3n. Nacho Cano, exintegrante de Mecano, lo aborda con la mejor m\u00fasica, coreograf\u00edas impactantes y una escenograf\u00eda impresionante.<\/p>\n<p>La obra nos recuerda c\u00f3mo Moctezuma, jefe de los aztecas,\u00a0 predijo la llegada de un nuevo Dios, un ser que traer\u00eda una nueva era.\u00a0 Ese Dios, llegado con Hern\u00e1n Cort\u00e9s, trajo consigo una nueva religi\u00f3n que rechazaba los sacrificios humanos y hablaba de amor, esperanza y misericordia.<\/p>\n<p>As\u00ed, Malinche, junto a otras mujeres esclavizadas, vio en el Dios que tra\u00edan los espa\u00f1oles una ilusi\u00f3n,\u00a0 una esperanza. Se bautizaron libremente, convencidas de que abandonar\u00edan la esclavitud, un contraste con los sacrificios forzados en los templos mexicas.<\/p>\n<p>Malinche, vendida por su propio pueblo, se enamor\u00f3 de Cort\u00e9s, de esa relaci\u00f3n\u00a0 naci\u00f3 Mart\u00edn, el primer mestizo, s\u00edmbolo de una nueva raza. El musical resume esta fusi\u00f3n con la frase: \u00abSoy hijo del mezcal, de la espada y del flamenco, puro americano, mexicano y espa\u00f1ol\u00bb.<\/p>\n<p>Cano destaca que, en esta historia, no hay vencedores ni vencidos. Del encuentro de dos mundos result\u00f3\u00a0 una nueva raza. \u00abSi es traici\u00f3n\u00a0 elegir el amor, ser\u00e9\u00a0 la reina de la traici\u00f3n\u00bb, reconoce orgullosa Malinche\u00a0 en el musical.<\/p>\n<p>La aparici\u00f3n de la Virgen de Guadalupe, no pod\u00eda\u00a0 faltar. El escenario se llena con la imagen que ella misma nos quiso regalar en la ropa del indio Juan Diego. En ella se subraya esta fusi\u00f3n cultural, con sus manos de diferentes colores simbolizando la uni\u00f3n de dos pueblos. Su presencia embarazada y el s\u00edmbolo del Nahui Ollin en su vestimenta anuncian el inicio de una nueva era. Ella misma pidi\u00f3 que se le construyera una bas\u00edlica donde antes se veneraba a la diosa Tonantzin.<\/p>\n<p>Con m\u00e1s de diez a\u00f1os de trabajo por detr\u00e1s, el resultado de \u00abMalinche\u00bb es espectacular. La escenograf\u00eda recrea templos, selvas, lagos y volcanes, mientras el baile, a cargo de Jes\u00fas Carmona y Olga Llorente, desborda arte. La interpretaci\u00f3n de la joven Malinche, encarnada por Luc\u00eda de la Torre, es conmovedora, y la m\u00fasica de Nacho Cano, insuperable.<\/p>\n<p>\u00abMalinche\u00bb es, en \u00faltima instancia, una reconciliaci\u00f3n con la historia, la restauraci\u00f3n\u00a0 de la imagen de una mujer que supo mediar entre dos mundos, y,\u00a0 sobre todo, un reconocimiento con el Dios del amor. Este musical, de la mano de Nacho Cano, pronto se estrenar\u00e1 en M\u00e9xico, donde, sin duda, la Guadalupana le estar\u00e1\u00a0 esperando.<\/p>\n<p><a href=\"https:\/\/open.spotify.com\/episode\/58HVkMBeHYvzfju3UwzuBv?si=7ab6fc4da6134f14\" target=\"_blank\" rel=\"noopener\">Spotify<\/a><\/p>\n<p><img loading=\"lazy\" decoding=\"async\" class=\"size-full wp-image-108263 alignnone\" src=\"https:\/\/exaudi.org\/wp-content\/uploads\/2024\/09\/Varela.jpg\" alt=\"\" width=\"940\" height=\"788\" srcset=\"https:\/\/exaudi.org\/wp-content\/uploads\/2024\/09\/Varela.jpg 940w, https:\/\/exaudi.org\/wp-content\/uploads\/2024\/09\/Varela-300x251.jpg 300w, https:\/\/exaudi.org\/wp-content\/uploads\/2024\/09\/Varela-770x645.jpg 770w, https:\/\/exaudi.org\/wp-content\/uploads\/2024\/09\/Varela-500x419.jpg 500w, https:\/\/exaudi.org\/wp-content\/uploads\/2024\/09\/Varela-293x246.jpg 293w, https:\/\/exaudi.org\/wp-content\/uploads\/2024\/09\/Varela-390x327.jpg 390w\" sizes=\"auto, (max-width: 940px) 100vw, 940px\" \/><\/p>\n","protected":false},"excerpt":{"rendered":"<p>Con m\u00e1s de una d\u00e9cada de trabajo, \u00abMalinche\u00bb surge como una poderosa reflexi\u00f3n sobre la fusi\u00f3n cultural, la dignidad de una mujer hist\u00f3rica y el encuentro de dos mundos, todo a trav\u00e9s de la impactante m\u00fasica y escenograf\u00eda de Nacho Cano<\/p>\n","protected":false},"author":148,"featured_media":108260,"comment_status":"closed","ping_status":"closed","sticky":false,"template":"","format":"standard","meta":{"_acf_changed":false,"_crdt_document":"","inline_featured_image":false,"footnotes":""},"categories":[130],"tags":[24350,24353,1606,24358,24349,9301,21881,24357,24352,24351,24348,9300,24356,24355,24354,4953,589],"class_list":["post-108259","post","type-post","status-publish","format-standard","has-post-thumbnail","hentry","category-voces","tag-encuentro-de-culturas","tag-escenografia-malinche","tag-exaudi","tag-historia-de-la-conquista","tag-historia-de-malinche","tag-malinche","tag-mar-dorrio","tag-mecano-nacho-cano","tag-musica-de-nacho-cano","tag-musical-historico","tag-musical-malinche","tag-nacho-cano","tag-obra-teatral-mexico","tag-reconciliacion-cultural","tag-reflexion-historica","tag-trending-es","tag-virgen-de-guadalupe"],"acf":[],"yoast_head":"<!-- This site is optimized with the Yoast SEO plugin v27.5 - https:\/\/yoast.com\/product\/yoast-seo-wordpress\/ -->\n<title>&quot;Malinche&quot;: El Musical de Nacho Cano que Reescribe la Historia con M\u00fasica y Emoci\u00f3n &#8211; Exaudi<\/title>\n<meta name=\"robots\" content=\"index, follow, max-snippet:-1, max-image-preview:large, max-video-preview:-1\" \/>\n<link rel=\"canonical\" href=\"https:\/\/exaudi.org\/es\/malinche-el-musical-de-nacho-cano-que-reescribe-la-historia-con-musica-y-emocion\/\" \/>\n<meta property=\"og:locale\" content=\"es_ES\" \/>\n<meta property=\"og:type\" content=\"article\" \/>\n<meta property=\"og:title\" content=\"&quot;Malinche&quot;: El Musical de Nacho Cano que Reescribe la Historia con M\u00fasica y Emoci\u00f3n &#8211; Exaudi\" \/>\n<meta property=\"og:description\" content=\"Con m\u00e1s de una d\u00e9cada de trabajo, &quot;Malinche&quot; surge como una poderosa reflexi\u00f3n sobre la fusi\u00f3n cultural, la dignidad de una mujer hist\u00f3rica y el encuentro de dos mundos, todo a trav\u00e9s de la impactante m\u00fasica y escenograf\u00eda de Nacho Cano\" \/>\n<meta property=\"og:url\" content=\"https:\/\/exaudi.org\/es\/malinche-el-musical-de-nacho-cano-que-reescribe-la-historia-con-musica-y-emocion\/\" \/>\n<meta property=\"og:site_name\" content=\"Exaudi\" \/>\n<meta property=\"article:publisher\" content=\"https:\/\/www.facebook.com\/ExaudiNews\" \/>\n<meta property=\"article:published_time\" content=\"2024-09-17T06:45:19+00:00\" \/>\n<meta property=\"og:image\" content=\"https:\/\/exaudi.org\/wp-content\/uploads\/2024\/09\/a-1.jpg\" \/>\n\t<meta property=\"og:image:width\" content=\"1112\" \/>\n\t<meta property=\"og:image:height\" content=\"744\" \/>\n\t<meta property=\"og:image:type\" content=\"image\/jpeg\" \/>\n<meta name=\"author\" content=\"Mar Dorrio\" \/>\n<meta name=\"twitter:card\" content=\"summary_large_image\" \/>\n<meta name=\"twitter:creator\" content=\"@Exaudi_News\" \/>\n<meta name=\"twitter:site\" content=\"@Exaudi_News\" \/>\n<meta name=\"twitter:label1\" content=\"Escrito por\" \/>\n\t<meta name=\"twitter:data1\" content=\"Mar Dorrio\" \/>\n\t<meta name=\"twitter:label2\" content=\"Tiempo de lectura\" \/>\n\t<meta name=\"twitter:data2\" content=\"2 minutos\" \/>\n<script type=\"application\/ld+json\" class=\"yoast-schema-graph\">{\"@context\":\"https:\\\/\\\/schema.org\",\"@graph\":[{\"@type\":\"Article\",\"@id\":\"https:\\\/\\\/exaudi.org\\\/es\\\/malinche-el-musical-de-nacho-cano-que-reescribe-la-historia-con-musica-y-emocion\\\/#article\",\"isPartOf\":{\"@id\":\"https:\\\/\\\/exaudi.org\\\/es\\\/malinche-el-musical-de-nacho-cano-que-reescribe-la-historia-con-musica-y-emocion\\\/\"},\"author\":{\"name\":\"Mar Dorrio\",\"@id\":\"https:\\\/\\\/exaudi.org\\\/#\\\/schema\\\/person\\\/190063d92b4c81e4169e81af30a8b9db\"},\"headline\":\"\u00abMalinche\u00bb: El Musical de Nacho Cano que Reescribe la Historia con M\u00fasica y Emoci\u00f3n\",\"datePublished\":\"2024-09-17T06:45:19+00:00\",\"mainEntityOfPage\":{\"@id\":\"https:\\\/\\\/exaudi.org\\\/es\\\/malinche-el-musical-de-nacho-cano-que-reescribe-la-historia-con-musica-y-emocion\\\/\"},\"wordCount\":498,\"image\":{\"@id\":\"https:\\\/\\\/exaudi.org\\\/es\\\/malinche-el-musical-de-nacho-cano-que-reescribe-la-historia-con-musica-y-emocion\\\/#primaryimage\"},\"thumbnailUrl\":\"https:\\\/\\\/exaudi.org\\\/wp-content\\\/uploads\\\/2024\\\/09\\\/a-1.jpg\",\"keywords\":[\"Encuentro de culturas\",\"Escenograf\u00eda Malinche\",\"Exaudi\",\"Historia de la conquista\",\"Historia de Malinche\",\"Malinche\",\"Mar Dorrio\",\"Mecano Nacho Cano\",\"M\u00fasica de Nacho Cano\",\"Musical hist\u00f3rico\",\"Musical Malinche\",\"Nacho Cano\",\"Obra teatral M\u00e9xico\",\"Reconciliaci\u00f3n cultural\",\"Reflexi\u00f3n hist\u00f3rica\",\"Trending\",\"Virgen de Guadalupe\"],\"articleSection\":[\"Voces\"],\"inLanguage\":\"es\"},{\"@type\":\"WebPage\",\"@id\":\"https:\\\/\\\/exaudi.org\\\/es\\\/malinche-el-musical-de-nacho-cano-que-reescribe-la-historia-con-musica-y-emocion\\\/\",\"url\":\"https:\\\/\\\/exaudi.org\\\/es\\\/malinche-el-musical-de-nacho-cano-que-reescribe-la-historia-con-musica-y-emocion\\\/\",\"name\":\"\\\"Malinche\\\": El Musical de Nacho Cano que Reescribe la Historia con M\u00fasica y Emoci\u00f3n &#8211; Exaudi\",\"isPartOf\":{\"@id\":\"https:\\\/\\\/exaudi.org\\\/#website\"},\"primaryImageOfPage\":{\"@id\":\"https:\\\/\\\/exaudi.org\\\/es\\\/malinche-el-musical-de-nacho-cano-que-reescribe-la-historia-con-musica-y-emocion\\\/#primaryimage\"},\"image\":{\"@id\":\"https:\\\/\\\/exaudi.org\\\/es\\\/malinche-el-musical-de-nacho-cano-que-reescribe-la-historia-con-musica-y-emocion\\\/#primaryimage\"},\"thumbnailUrl\":\"https:\\\/\\\/exaudi.org\\\/wp-content\\\/uploads\\\/2024\\\/09\\\/a-1.jpg\",\"datePublished\":\"2024-09-17T06:45:19+00:00\",\"author\":{\"@id\":\"https:\\\/\\\/exaudi.org\\\/#\\\/schema\\\/person\\\/190063d92b4c81e4169e81af30a8b9db\"},\"breadcrumb\":{\"@id\":\"https:\\\/\\\/exaudi.org\\\/es\\\/malinche-el-musical-de-nacho-cano-que-reescribe-la-historia-con-musica-y-emocion\\\/#breadcrumb\"},\"inLanguage\":\"es\",\"potentialAction\":[{\"@type\":\"ReadAction\",\"target\":[\"https:\\\/\\\/exaudi.org\\\/es\\\/malinche-el-musical-de-nacho-cano-que-reescribe-la-historia-con-musica-y-emocion\\\/\"]}]},{\"@type\":\"ImageObject\",\"inLanguage\":\"es\",\"@id\":\"https:\\\/\\\/exaudi.org\\\/es\\\/malinche-el-musical-de-nacho-cano-que-reescribe-la-historia-con-musica-y-emocion\\\/#primaryimage\",\"url\":\"https:\\\/\\\/exaudi.org\\\/wp-content\\\/uploads\\\/2024\\\/09\\\/a-1.jpg\",\"contentUrl\":\"https:\\\/\\\/exaudi.org\\\/wp-content\\\/uploads\\\/2024\\\/09\\\/a-1.jpg\",\"width\":1112,\"height\":744},{\"@type\":\"BreadcrumbList\",\"@id\":\"https:\\\/\\\/exaudi.org\\\/es\\\/malinche-el-musical-de-nacho-cano-que-reescribe-la-historia-con-musica-y-emocion\\\/#breadcrumb\",\"itemListElement\":[{\"@type\":\"ListItem\",\"position\":1,\"name\":\"Portada\",\"item\":\"https:\\\/\\\/exaudi.org\\\/es\\\/\"},{\"@type\":\"ListItem\",\"position\":2,\"name\":\"\u00abMalinche\u00bb: El Musical de Nacho Cano que Reescribe la Historia con M\u00fasica y Emoci\u00f3n\"}]},{\"@type\":\"WebSite\",\"@id\":\"https:\\\/\\\/exaudi.org\\\/#website\",\"url\":\"https:\\\/\\\/exaudi.org\\\/\",\"name\":\"Exaudi\",\"description\":\"News\",\"potentialAction\":[{\"@type\":\"SearchAction\",\"target\":{\"@type\":\"EntryPoint\",\"urlTemplate\":\"https:\\\/\\\/exaudi.org\\\/?s={search_term_string}\"},\"query-input\":{\"@type\":\"PropertyValueSpecification\",\"valueRequired\":true,\"valueName\":\"search_term_string\"}}],\"inLanguage\":\"es\"},{\"@type\":\"Person\",\"@id\":\"https:\\\/\\\/exaudi.org\\\/#\\\/schema\\\/person\\\/190063d92b4c81e4169e81af30a8b9db\",\"name\":\"Mar Dorrio\",\"image\":{\"@type\":\"ImageObject\",\"inLanguage\":\"es\",\"@id\":\"https:\\\/\\\/secure.gravatar.com\\\/avatar\\\/e83dfcdce3efd6639efe212c38daa01e5377afde4390bfc27b30d803ee0b7fa5?s=96&d=mm&r=g\",\"url\":\"https:\\\/\\\/secure.gravatar.com\\\/avatar\\\/e83dfcdce3efd6639efe212c38daa01e5377afde4390bfc27b30d803ee0b7fa5?s=96&d=mm&r=g\",\"contentUrl\":\"https:\\\/\\\/secure.gravatar.com\\\/avatar\\\/e83dfcdce3efd6639efe212c38daa01e5377afde4390bfc27b30d803ee0b7fa5?s=96&d=mm&r=g\",\"caption\":\"Mar Dorrio\"},\"description\":\"Ser madre de 12 hijos hace que tenga experiencia en psicolog\u00eda, enfermer\u00eda, restauraci\u00f3n, decoraci\u00f3n, organizaci\u00f3n de eventos, coaching de superaci\u00f3n... Y todo regado con la capacidad de trabajo que te da estar disponible las 24 horas del d\u00eda durante 25 a\u00f1os. Con la ilusi\u00f3n de compartir tantas vivencias, cre\u00e9 la cuenta @whynottwelve, actualmente con m\u00e1s de 11.000 seguidores, y la actividad sin \u00e1nimo de lucro \\\"Caf\u00e9 de los Viernes\\\", que consiste en la organizaci\u00f3n de caf\u00e9s simult\u00e1neos en casas particulares de diversas ciudades del mundo, en los que se ofrece, a trav\u00e9s de internet, un testimonio que pretende ayudar a los participantes a acercarse a Dios y a mejorar sus vidas.\",\"sameAs\":[\"https:\\\/\\\/www.instagram.com\\\/whynottwelve\\\/?hl=es\",\"https:\\\/youtu.be\\\/_QDuXCRFK4\"],\"url\":\"https:\\\/\\\/exaudi.org\\\/es\\\/author\\\/mar-dorrio\\\/\"}]}<\/script>\n<!-- \/ Yoast SEO plugin. -->","yoast_head_json":{"title":"\"Malinche\": El Musical de Nacho Cano que Reescribe la Historia con M\u00fasica y Emoci\u00f3n &#8211; Exaudi","robots":{"index":"index","follow":"follow","max-snippet":"max-snippet:-1","max-image-preview":"max-image-preview:large","max-video-preview":"max-video-preview:-1"},"canonical":"https:\/\/exaudi.org\/es\/malinche-el-musical-de-nacho-cano-que-reescribe-la-historia-con-musica-y-emocion\/","og_locale":"es_ES","og_type":"article","og_title":"\"Malinche\": El Musical de Nacho Cano que Reescribe la Historia con M\u00fasica y Emoci\u00f3n &#8211; Exaudi","og_description":"Con m\u00e1s de una d\u00e9cada de trabajo, \"Malinche\" surge como una poderosa reflexi\u00f3n sobre la fusi\u00f3n cultural, la dignidad de una mujer hist\u00f3rica y el encuentro de dos mundos, todo a trav\u00e9s de la impactante m\u00fasica y escenograf\u00eda de Nacho Cano","og_url":"https:\/\/exaudi.org\/es\/malinche-el-musical-de-nacho-cano-que-reescribe-la-historia-con-musica-y-emocion\/","og_site_name":"Exaudi","article_publisher":"https:\/\/www.facebook.com\/ExaudiNews","article_published_time":"2024-09-17T06:45:19+00:00","og_image":[{"width":1112,"height":744,"url":"https:\/\/exaudi.org\/wp-content\/uploads\/2024\/09\/a-1.jpg","type":"image\/jpeg"}],"author":"Mar Dorrio","twitter_card":"summary_large_image","twitter_creator":"@Exaudi_News","twitter_site":"@Exaudi_News","twitter_misc":{"Escrito por":"Mar Dorrio","Tiempo de lectura":"2 minutos"},"schema":{"@context":"https:\/\/schema.org","@graph":[{"@type":"Article","@id":"https:\/\/exaudi.org\/es\/malinche-el-musical-de-nacho-cano-que-reescribe-la-historia-con-musica-y-emocion\/#article","isPartOf":{"@id":"https:\/\/exaudi.org\/es\/malinche-el-musical-de-nacho-cano-que-reescribe-la-historia-con-musica-y-emocion\/"},"author":{"name":"Mar Dorrio","@id":"https:\/\/exaudi.org\/#\/schema\/person\/190063d92b4c81e4169e81af30a8b9db"},"headline":"\u00abMalinche\u00bb: El Musical de Nacho Cano que Reescribe la Historia con M\u00fasica y Emoci\u00f3n","datePublished":"2024-09-17T06:45:19+00:00","mainEntityOfPage":{"@id":"https:\/\/exaudi.org\/es\/malinche-el-musical-de-nacho-cano-que-reescribe-la-historia-con-musica-y-emocion\/"},"wordCount":498,"image":{"@id":"https:\/\/exaudi.org\/es\/malinche-el-musical-de-nacho-cano-que-reescribe-la-historia-con-musica-y-emocion\/#primaryimage"},"thumbnailUrl":"https:\/\/exaudi.org\/wp-content\/uploads\/2024\/09\/a-1.jpg","keywords":["Encuentro de culturas","Escenograf\u00eda Malinche","Exaudi","Historia de la conquista","Historia de Malinche","Malinche","Mar Dorrio","Mecano Nacho Cano","M\u00fasica de Nacho Cano","Musical hist\u00f3rico","Musical Malinche","Nacho Cano","Obra teatral M\u00e9xico","Reconciliaci\u00f3n cultural","Reflexi\u00f3n hist\u00f3rica","Trending","Virgen de Guadalupe"],"articleSection":["Voces"],"inLanguage":"es"},{"@type":"WebPage","@id":"https:\/\/exaudi.org\/es\/malinche-el-musical-de-nacho-cano-que-reescribe-la-historia-con-musica-y-emocion\/","url":"https:\/\/exaudi.org\/es\/malinche-el-musical-de-nacho-cano-que-reescribe-la-historia-con-musica-y-emocion\/","name":"\"Malinche\": El Musical de Nacho Cano que Reescribe la Historia con M\u00fasica y Emoci\u00f3n &#8211; Exaudi","isPartOf":{"@id":"https:\/\/exaudi.org\/#website"},"primaryImageOfPage":{"@id":"https:\/\/exaudi.org\/es\/malinche-el-musical-de-nacho-cano-que-reescribe-la-historia-con-musica-y-emocion\/#primaryimage"},"image":{"@id":"https:\/\/exaudi.org\/es\/malinche-el-musical-de-nacho-cano-que-reescribe-la-historia-con-musica-y-emocion\/#primaryimage"},"thumbnailUrl":"https:\/\/exaudi.org\/wp-content\/uploads\/2024\/09\/a-1.jpg","datePublished":"2024-09-17T06:45:19+00:00","author":{"@id":"https:\/\/exaudi.org\/#\/schema\/person\/190063d92b4c81e4169e81af30a8b9db"},"breadcrumb":{"@id":"https:\/\/exaudi.org\/es\/malinche-el-musical-de-nacho-cano-que-reescribe-la-historia-con-musica-y-emocion\/#breadcrumb"},"inLanguage":"es","potentialAction":[{"@type":"ReadAction","target":["https:\/\/exaudi.org\/es\/malinche-el-musical-de-nacho-cano-que-reescribe-la-historia-con-musica-y-emocion\/"]}]},{"@type":"ImageObject","inLanguage":"es","@id":"https:\/\/exaudi.org\/es\/malinche-el-musical-de-nacho-cano-que-reescribe-la-historia-con-musica-y-emocion\/#primaryimage","url":"https:\/\/exaudi.org\/wp-content\/uploads\/2024\/09\/a-1.jpg","contentUrl":"https:\/\/exaudi.org\/wp-content\/uploads\/2024\/09\/a-1.jpg","width":1112,"height":744},{"@type":"BreadcrumbList","@id":"https:\/\/exaudi.org\/es\/malinche-el-musical-de-nacho-cano-que-reescribe-la-historia-con-musica-y-emocion\/#breadcrumb","itemListElement":[{"@type":"ListItem","position":1,"name":"Portada","item":"https:\/\/exaudi.org\/es\/"},{"@type":"ListItem","position":2,"name":"\u00abMalinche\u00bb: El Musical de Nacho Cano que Reescribe la Historia con M\u00fasica y Emoci\u00f3n"}]},{"@type":"WebSite","@id":"https:\/\/exaudi.org\/#website","url":"https:\/\/exaudi.org\/","name":"Exaudi","description":"News","potentialAction":[{"@type":"SearchAction","target":{"@type":"EntryPoint","urlTemplate":"https:\/\/exaudi.org\/?s={search_term_string}"},"query-input":{"@type":"PropertyValueSpecification","valueRequired":true,"valueName":"search_term_string"}}],"inLanguage":"es"},{"@type":"Person","@id":"https:\/\/exaudi.org\/#\/schema\/person\/190063d92b4c81e4169e81af30a8b9db","name":"Mar Dorrio","image":{"@type":"ImageObject","inLanguage":"es","@id":"https:\/\/secure.gravatar.com\/avatar\/e83dfcdce3efd6639efe212c38daa01e5377afde4390bfc27b30d803ee0b7fa5?s=96&d=mm&r=g","url":"https:\/\/secure.gravatar.com\/avatar\/e83dfcdce3efd6639efe212c38daa01e5377afde4390bfc27b30d803ee0b7fa5?s=96&d=mm&r=g","contentUrl":"https:\/\/secure.gravatar.com\/avatar\/e83dfcdce3efd6639efe212c38daa01e5377afde4390bfc27b30d803ee0b7fa5?s=96&d=mm&r=g","caption":"Mar Dorrio"},"description":"Ser madre de 12 hijos hace que tenga experiencia en psicolog\u00eda, enfermer\u00eda, restauraci\u00f3n, decoraci\u00f3n, organizaci\u00f3n de eventos, coaching de superaci\u00f3n... Y todo regado con la capacidad de trabajo que te da estar disponible las 24 horas del d\u00eda durante 25 a\u00f1os. Con la ilusi\u00f3n de compartir tantas vivencias, cre\u00e9 la cuenta @whynottwelve, actualmente con m\u00e1s de 11.000 seguidores, y la actividad sin \u00e1nimo de lucro \"Caf\u00e9 de los Viernes\", que consiste en la organizaci\u00f3n de caf\u00e9s simult\u00e1neos en casas particulares de diversas ciudades del mundo, en los que se ofrece, a trav\u00e9s de internet, un testimonio que pretende ayudar a los participantes a acercarse a Dios y a mejorar sus vidas.","sameAs":["https:\/\/www.instagram.com\/whynottwelve\/?hl=es","https:\/youtu.be\/_QDuXCRFK4"],"url":"https:\/\/exaudi.org\/es\/author\/mar-dorrio\/"}]}},"jetpack_featured_media_url":"https:\/\/exaudi.org\/wp-content\/uploads\/2024\/09\/a-1.jpg","jetpack_shortlink":"https:\/\/wp.me\/pgKjF2-sa7","_links":{"self":[{"href":"https:\/\/exaudi.org\/es\/wp-json\/wp\/v2\/posts\/108259","targetHints":{"allow":["GET"]}}],"collection":[{"href":"https:\/\/exaudi.org\/es\/wp-json\/wp\/v2\/posts"}],"about":[{"href":"https:\/\/exaudi.org\/es\/wp-json\/wp\/v2\/types\/post"}],"author":[{"embeddable":true,"href":"https:\/\/exaudi.org\/es\/wp-json\/wp\/v2\/users\/148"}],"replies":[{"embeddable":true,"href":"https:\/\/exaudi.org\/es\/wp-json\/wp\/v2\/comments?post=108259"}],"version-history":[{"count":0,"href":"https:\/\/exaudi.org\/es\/wp-json\/wp\/v2\/posts\/108259\/revisions"}],"wp:featuredmedia":[{"embeddable":true,"href":"https:\/\/exaudi.org\/es\/wp-json\/wp\/v2\/media\/108260"}],"wp:attachment":[{"href":"https:\/\/exaudi.org\/es\/wp-json\/wp\/v2\/media?parent=108259"}],"wp:term":[{"taxonomy":"category","embeddable":true,"href":"https:\/\/exaudi.org\/es\/wp-json\/wp\/v2\/categories?post=108259"},{"taxonomy":"post_tag","embeddable":true,"href":"https:\/\/exaudi.org\/es\/wp-json\/wp\/v2\/tags?post=108259"}],"curies":[{"name":"wp","href":"https:\/\/api.w.org\/{rel}","templated":true}]}}