{"id":108199,"date":"2024-09-16T08:37:12","date_gmt":"2024-09-16T06:37:12","guid":{"rendered":"https:\/\/exaudi.org\/?p=108199"},"modified":"2024-09-16T08:40:28","modified_gmt":"2024-09-16T06:40:28","slug":"suicidio-cada-dia-mas-de-10-personas-se-quitan-la-vida-en-espana","status":"publish","type":"post","link":"https:\/\/exaudi.org\/es\/suicidio-cada-dia-mas-de-10-personas-se-quitan-la-vida-en-espana\/","title":{"rendered":"Suicidio. Cada d\u00eda, m\u00e1s de 10 personas se quitan la vida en Espa\u00f1a"},"content":{"rendered":"<audio class=\"wp-audio-shortcode\" id=\"audio-108199-1\" preload=\"none\" style=\"width: 100%;\" controls=\"controls\"><source type=\"audio\/mpeg\" src=\"https:\/\/exaudi.org\/wp-content\/uploads\/2024\/09\/Suicidio.mp3?_=1\" \/><a href=\"https:\/\/exaudi.org\/wp-content\/uploads\/2024\/09\/Suicidio.mp3\">https:\/\/exaudi.org\/wp-content\/uploads\/2024\/09\/Suicidio.mp3<\/a><\/audio>\n<p>El pasado 9 de septiembre se present\u00f3 el futuro\u00a0<strong><a href=\"https:\/\/www.sanidad.gob.es\/gabinete\/notasPrensa.do?id=6510\" target=\"_blank\" rel=\"noopener\">Plan de Acci\u00f3n para la Prevenci\u00f3n del Suicidio 2025-2027<\/a><\/strong>\u00a0del Ministerio de Sanidad en un acto que sirvi\u00f3 para conmemorar el D\u00eda Mundial por la Prevenci\u00f3n del\u00a0<strong><a href=\"https:\/\/www.observatoriobioetica.org\/2023\/05\/cerca-de-800-000-personas-se-suicidan-anualmente-en-todo-el-mundo\/41866\" target=\"_blank\" rel=\"noopener\">Suicidio<\/a><\/strong>, que se celebr\u00f3 el 10 de septiembre. Asisti\u00f3 la ministra M\u00f3nica Garc\u00eda, la comisionada de Salud Mental, Bel\u00e9n Gonz\u00e1lez, y el secretario de Estado de Justicia, Manuel Olmedo.<\/p>\n<p>De momento este proyecto de Plan de Acci\u00f3n que seg\u00fan el ministerio va a estar terminado a lo largo de 2025 ni est\u00e1 redactado ni tiene ning\u00fan presupuesto asignado. Tambi\u00e9n se ha dicho que para su elaboraci\u00f3n se contar\u00e1 con la participaci\u00f3n de las comunidades aut\u00f3nomas, pero, por el momento, ni conocen el contenido del documento ni han colaborado en la elaboraci\u00f3n de las l\u00edneas maestras que se presentan ahora.<\/p>\n<p><iframe loading=\"lazy\" title=\"Cada d\u00eda, m\u00e1s de 10 personas se quitan la vida en Espa\u00f1a\" width=\"500\" height=\"281\" src=\"https:\/\/www.youtube.com\/embed\/JQm3Z7Wv6JY?feature=oembed\" frameborder=\"0\" allow=\"accelerometer; autoplay; clipboard-write; encrypted-media; gyroscope; picture-in-picture; web-share\" referrerpolicy=\"strict-origin-when-cross-origin\" allowfullscreen><\/iframe><\/p>\n<p>El Plan se centrar\u00e1 en los determinantes sociales de la conducta suicida para poder comprender las causas (factores sociales, econ\u00f3micos y \u201cde g\u00e9nero\u201d) y as\u00ed poder dise\u00f1ar medidas efectivas.<\/p>\n<p>El objetivo del plan de acci\u00f3n es mejorar la rapidez en la respuesta ante situaciones de riesgo y la garant\u00eda asistencial para que cualquier persona que necesite ayuda reciba la atenci\u00f3n adecuada de manera oportuna.<\/p>\n<p>Seg\u00fan los datos de suicidios recogidos por el INE el<strong>\u00a0<a href=\"https:\/\/www.sanidad.gob.es\/gabinete\/notasPrensa.do?id=6510\" target=\"_blank\" rel=\"noopener\">n\u00famero total de suicidios<\/a><\/strong>\u00a0en Espa\u00f1a durante el a\u00f1o 2023 fue de 3.952 personas, 2.952 hombres y 1.000 mujeres. Esto supone un descenso del 6,5% con respecto a 2022. Se trata del primer descenso en la cifra de personas fallecidas por suicidio en los \u00faltimos 5 a\u00f1os.<\/p>\n<p>El a\u00f1o pasado se alcanz\u00f3 la cifra de 700.000 fallecidos por suicidio a nivel mundial.<\/p>\n<p><img loading=\"lazy\" decoding=\"async\" class=\"size-full wp-image-108200 alignnone\" src=\"https:\/\/exaudi.org\/wp-content\/uploads\/2024\/09\/suicidio3.png\" alt=\"\" width=\"1024\" height=\"293\" srcset=\"https:\/\/exaudi.org\/wp-content\/uploads\/2024\/09\/suicidio3.png 1024w, https:\/\/exaudi.org\/wp-content\/uploads\/2024\/09\/suicidio3-300x86.png 300w, https:\/\/exaudi.org\/wp-content\/uploads\/2024\/09\/suicidio3-770x220.png 770w, https:\/\/exaudi.org\/wp-content\/uploads\/2024\/09\/suicidio3-500x143.png 500w, https:\/\/exaudi.org\/wp-content\/uploads\/2024\/09\/suicidio3-293x84.png 293w, https:\/\/exaudi.org\/wp-content\/uploads\/2024\/09\/suicidio3-390x112.png 390w\" sizes=\"auto, (max-width: 1024px) 100vw, 1024px\" \/><\/p>\n<h3><strong>Valoraci\u00f3n bio\u00e9tica<\/strong><\/h3>\n<p>Seg\u00fan los \u00faltimos datos conocidos sobre suicidios en Espa\u00f1a correspondientes al ejercicio 2023, m\u00e1s de 10 personas se suicidan diariamente en nuestro pa\u00eds, m\u00e1s del doble de varones que de mujeres.<\/p>\n<p>Aunque las cifras de suicidio en este a\u00f1o han descendido ligeramente respecto de los datos del a\u00f1o anterior, la alarmante prevalencia de conductas autol\u00edticas que se dan en los pa\u00edses desarrollados constituye un grav\u00edsimo problema de salud p\u00fablica. Se han realizado declaraciones por parte del gobierno de Espa\u00f1a sobre la necesidad de implementar acciones de prevenci\u00f3n y abordaje de las conductas suicidas, pero la realidad es que es muy poco lo que se est\u00e1 avanzando en esta direcci\u00f3n.<\/p>\n<p>Sorprende parad\u00f3jicamente que, junto a la preocupaci\u00f3n de los pa\u00edses desarrollados por este problema, se constata una tolerancia creciente frente a las conductas eutan\u00e1sicas y los suicidios asistidos.<\/p>\n<p>Los cuidados que, como todos reconocen, se deben suministrar a las personas que presentan una tendencia autol\u00edtica, se tornan en todo lo contrario, es decir facilitan todos los medios para que la persona con deseo autol\u00edtico lo culmine, en el caso de la eutanasia o el suicidio asistido.<\/p>\n<p>En los pa\u00edses en los que se ha legalizado la eutanasia, padecer una enfermedad incurable o limitante que comporta sufrimiento y que mueve al que la sufre a pedir que se le ayude a morir, facilita a los implicados el ejecutar su intenci\u00f3n suicida a trav\u00e9s de la eutanasia o el suicidio asistido.<\/p>\n<p>El valor de la vida del que ha dejado de querer seguir viviendo, porque padece una enfermedad org\u00e1nica o un trastorno psicol\u00f3gico, o una falta de sentido existencial, no mengua por las circunstancias, aun penosas, por la que pueda atravesar la vida de alguien. Las situaciones de sufrimiento, depresi\u00f3n, dependencia, o incapacidad no restan en el que las sufre un \u00e1pice al valor de su vida, que debe ser protegida, acompa\u00f1ada y acogida.<\/p>\n<p>La preocupaci\u00f3n que suscitan las conductas suicidas y que movilizan a la poblaci\u00f3n en su prevenci\u00f3n o reducci\u00f3n, deber\u00eda ser la misma en el caso de los solicitantes de eutanasia, dado que trat\u00e1ndose tambi\u00e9n de conductas suicidas requieren de la atenci\u00f3n terap\u00e9utica o paliativa que les devuelva el deseo de seguir viviendo hasta la llegada de su muerte natural.<\/p>\n<p>Son estas medidas paliativas pluridisciplinares de calidad, las que deben implementarse en todos los casos para evitar efectivamente que las personas que sufren terminen deseando la muerte.<\/p>\n<p><em><strong>Julio Tudela &#8211; Ester Bosch &#8211;\u00a0Observatorio de Bio\u00e9tica &#8211;\u00a0Instituto Ciencias de la Vida &#8211; Universidad Cat\u00f3lica de Valencia<\/strong><\/em><\/p>\n","protected":false},"excerpt":{"rendered":"<p>El pasado 9 de septiembre se present\u00f3 el futuro\u00a0Plan de Acci\u00f3n para la Prevenci\u00f3n del Suicidio 2025-2027\u00a0del Ministerio de Sanidad en un acto que sirvi\u00f3 para conmemorar el D\u00eda Mundial por la Prevenci\u00f3n del\u00a0Suicidio, que se celebr\u00f3 el 10 de septiembre. Asisti\u00f3 la ministra M\u00f3nica Garc\u00eda, la comisionada de Salud Mental, Bel\u00e9n Gonz\u00e1lez, y el [&hellip;]<\/p>\n","protected":false},"author":87,"featured_media":108203,"comment_status":"closed","ping_status":"closed","sticky":false,"template":"","format":"standard","meta":{"_acf_changed":false,"_crdt_document":"","inline_featured_image":false,"footnotes":""},"categories":[72],"tags":[24283,13318,2394,24290,24291,24285,24281,12822,611,24288,24287,24286,13200,14327,24289,9981,24284,22332,24282,10790,630,24280,24279,24292,729,10299,7584,4953,3049],"class_list":["post-108199","post","type-post","status-publish","format-standard","has-post-thumbnail","hentry","category-analisis","tag-belen-gonzalez","tag-comunidades-autonomas","tag-cuidados-paliativos","tag-datos-de-suicidios","tag-descenso-de-suicidios","tag-determinantes-sociales","tag-dia-mundial-por-la-prevencion-del-suicidio","tag-ester-bosch","tag-eutanasia","tag-factores-de-genero","tag-factores-economicos","tag-factores-sociales","tag-ine","tag-instituto-ciencias-de-la-vida","tag-instituto-nacional-de-estadistica","tag-julio-tudela","tag-manuel-olmedo","tag-ministerio-de-sanidad","tag-monica-garcia","tag-observatorio-de-bioetica","tag-observatorio-de-bioetica-de-la-universidad-catolica-de-valencia","tag-plan-de-accion-para-la-prevencion-del-suicidio-2025-2027","tag-prevencion-del-suicidio","tag-problema-de-salud-publica","tag-salud-mental","tag-suicidio","tag-suicidio-asistido","tag-trending-es","tag-universidad-catolica-de-valencia"],"acf":[],"yoast_head":"<!-- This site is optimized with the Yoast SEO plugin v27.5 - https:\/\/yoast.com\/product\/yoast-seo-wordpress\/ -->\n<title>Suicidio. Cada d\u00eda, m\u00e1s de 10 personas se quitan la vida en Espa\u00f1a &#8211; Exaudi<\/title>\n<meta name=\"robots\" content=\"index, follow, max-snippet:-1, max-image-preview:large, max-video-preview:-1\" \/>\n<link rel=\"canonical\" href=\"https:\/\/exaudi.org\/es\/suicidio-cada-dia-mas-de-10-personas-se-quitan-la-vida-en-espana\/\" \/>\n<meta property=\"og:locale\" content=\"es_ES\" \/>\n<meta property=\"og:type\" content=\"article\" \/>\n<meta property=\"og:title\" content=\"Suicidio. Cada d\u00eda, m\u00e1s de 10 personas se quitan la vida en Espa\u00f1a &#8211; Exaudi\" \/>\n<meta property=\"og:description\" content=\"El pasado 9 de septiembre se present\u00f3 el futuro\u00a0Plan de Acci\u00f3n para la Prevenci\u00f3n del Suicidio 2025-2027\u00a0del Ministerio de Sanidad en un acto que sirvi\u00f3 para conmemorar el D\u00eda Mundial por la Prevenci\u00f3n del\u00a0Suicidio, que se celebr\u00f3 el 10 de septiembre. Asisti\u00f3 la ministra M\u00f3nica Garc\u00eda, la comisionada de Salud Mental, Bel\u00e9n Gonz\u00e1lez, y el [&hellip;]\" \/>\n<meta property=\"og:url\" content=\"https:\/\/exaudi.org\/es\/suicidio-cada-dia-mas-de-10-personas-se-quitan-la-vida-en-espana\/\" \/>\n<meta property=\"og:site_name\" content=\"Exaudi\" \/>\n<meta property=\"article:publisher\" content=\"https:\/\/www.facebook.com\/ExaudiNews\" \/>\n<meta property=\"article:author\" content=\"https:\/\/www.facebook.com\/observatoriodebioetica\/\" \/>\n<meta property=\"article:published_time\" content=\"2024-09-16T06:37:12+00:00\" \/>\n<meta property=\"article:modified_time\" content=\"2024-09-16T06:40:28+00:00\" \/>\n<meta property=\"og:image\" content=\"https:\/\/exaudi.org\/wp-content\/uploads\/2024\/09\/suicidio1-1024x450.png\" \/>\n\t<meta property=\"og:image:width\" content=\"1024\" \/>\n\t<meta property=\"og:image:height\" content=\"450\" \/>\n\t<meta property=\"og:image:type\" content=\"image\/png\" \/>\n<meta name=\"author\" content=\"Observatorio de Bio\u00e9tica UCV\" \/>\n<meta name=\"twitter:card\" content=\"summary_large_image\" \/>\n<meta name=\"twitter:creator\" content=\"@obioetica\" \/>\n<meta name=\"twitter:site\" content=\"@Exaudi_News\" \/>\n<meta name=\"twitter:label1\" content=\"Escrito por\" \/>\n\t<meta name=\"twitter:data1\" content=\"Observatorio de Bio\u00e9tica UCV\" \/>\n\t<meta name=\"twitter:label2\" content=\"Tiempo de lectura\" \/>\n\t<meta name=\"twitter:data2\" content=\"4 minutos\" \/>\n<script type=\"application\/ld+json\" class=\"yoast-schema-graph\">{\"@context\":\"https:\\\/\\\/schema.org\",\"@graph\":[{\"@type\":\"Article\",\"@id\":\"https:\\\/\\\/exaudi.org\\\/es\\\/suicidio-cada-dia-mas-de-10-personas-se-quitan-la-vida-en-espana\\\/#article\",\"isPartOf\":{\"@id\":\"https:\\\/\\\/exaudi.org\\\/es\\\/suicidio-cada-dia-mas-de-10-personas-se-quitan-la-vida-en-espana\\\/\"},\"author\":{\"name\":\"Observatorio de Bio\u00e9tica UCV\",\"@id\":\"https:\\\/\\\/exaudi.org\\\/#\\\/schema\\\/person\\\/05d1c06e56ecb5490e9bff0d27026595\"},\"headline\":\"Suicidio. Cada d\u00eda, m\u00e1s de 10 personas se quitan la vida en Espa\u00f1a\",\"datePublished\":\"2024-09-16T06:37:12+00:00\",\"dateModified\":\"2024-09-16T06:40:28+00:00\",\"mainEntityOfPage\":{\"@id\":\"https:\\\/\\\/exaudi.org\\\/es\\\/suicidio-cada-dia-mas-de-10-personas-se-quitan-la-vida-en-espana\\\/\"},\"wordCount\":781,\"image\":{\"@id\":\"https:\\\/\\\/exaudi.org\\\/es\\\/suicidio-cada-dia-mas-de-10-personas-se-quitan-la-vida-en-espana\\\/#primaryimage\"},\"thumbnailUrl\":\"https:\\\/\\\/exaudi.org\\\/wp-content\\\/uploads\\\/2024\\\/09\\\/suicidio1.png\",\"keywords\":[\"Bel\u00e9n Gonz\u00e1lez\",\"Comunidades Aut\u00f3nomas\",\"Cuidados paliativos\",\"Datos de suicidios\",\"Descenso de suicidios\",\"Determinantes sociales\",\"D\u00eda Mundial por la Prevenci\u00f3n del Suicidio\",\"Ester Bosch\",\"Eutanasia\",\"Factores de g\u00e9nero\",\"Factores econ\u00f3micos\",\"Factores sociales\",\"INE\",\"Instituto Ciencias de la Vida\",\"Instituto Nacional de Estad\u00edstica\",\"Julio Tudela\",\"Manuel Olmedo\",\"Ministerio de Sanidad\",\"M\u00f3nica Garc\u00eda\",\"Observatorio de Bio\u00e9tica\",\"Observatorio de Bio\u00e9tica de la Universidad Cat\u00f3lica de Valencia\",\"Plan de Acci\u00f3n para la Prevenci\u00f3n del Suicidio 2025-2027\",\"Prevenci\u00f3n del suicidio\",\"Problema de salud p\u00fablica\",\"Salud Mental\",\"Suicidio\",\"Suicidio asistido\",\"Trending\",\"Universidad Cat\u00f3lica de Valencia\"],\"articleSection\":[\"An\u00e1lisis\"],\"inLanguage\":\"es\"},{\"@type\":\"WebPage\",\"@id\":\"https:\\\/\\\/exaudi.org\\\/es\\\/suicidio-cada-dia-mas-de-10-personas-se-quitan-la-vida-en-espana\\\/\",\"url\":\"https:\\\/\\\/exaudi.org\\\/es\\\/suicidio-cada-dia-mas-de-10-personas-se-quitan-la-vida-en-espana\\\/\",\"name\":\"Suicidio. Cada d\u00eda, m\u00e1s de 10 personas se quitan la vida en Espa\u00f1a &#8211; Exaudi\",\"isPartOf\":{\"@id\":\"https:\\\/\\\/exaudi.org\\\/#website\"},\"primaryImageOfPage\":{\"@id\":\"https:\\\/\\\/exaudi.org\\\/es\\\/suicidio-cada-dia-mas-de-10-personas-se-quitan-la-vida-en-espana\\\/#primaryimage\"},\"image\":{\"@id\":\"https:\\\/\\\/exaudi.org\\\/es\\\/suicidio-cada-dia-mas-de-10-personas-se-quitan-la-vida-en-espana\\\/#primaryimage\"},\"thumbnailUrl\":\"https:\\\/\\\/exaudi.org\\\/wp-content\\\/uploads\\\/2024\\\/09\\\/suicidio1.png\",\"datePublished\":\"2024-09-16T06:37:12+00:00\",\"dateModified\":\"2024-09-16T06:40:28+00:00\",\"author\":{\"@id\":\"https:\\\/\\\/exaudi.org\\\/#\\\/schema\\\/person\\\/05d1c06e56ecb5490e9bff0d27026595\"},\"breadcrumb\":{\"@id\":\"https:\\\/\\\/exaudi.org\\\/es\\\/suicidio-cada-dia-mas-de-10-personas-se-quitan-la-vida-en-espana\\\/#breadcrumb\"},\"inLanguage\":\"es\",\"potentialAction\":[{\"@type\":\"ReadAction\",\"target\":[\"https:\\\/\\\/exaudi.org\\\/es\\\/suicidio-cada-dia-mas-de-10-personas-se-quitan-la-vida-en-espana\\\/\"]}]},{\"@type\":\"ImageObject\",\"inLanguage\":\"es\",\"@id\":\"https:\\\/\\\/exaudi.org\\\/es\\\/suicidio-cada-dia-mas-de-10-personas-se-quitan-la-vida-en-espana\\\/#primaryimage\",\"url\":\"https:\\\/\\\/exaudi.org\\\/wp-content\\\/uploads\\\/2024\\\/09\\\/suicidio1.png\",\"contentUrl\":\"https:\\\/\\\/exaudi.org\\\/wp-content\\\/uploads\\\/2024\\\/09\\\/suicidio1.png\",\"width\":2560,\"height\":1126},{\"@type\":\"BreadcrumbList\",\"@id\":\"https:\\\/\\\/exaudi.org\\\/es\\\/suicidio-cada-dia-mas-de-10-personas-se-quitan-la-vida-en-espana\\\/#breadcrumb\",\"itemListElement\":[{\"@type\":\"ListItem\",\"position\":1,\"name\":\"Portada\",\"item\":\"https:\\\/\\\/exaudi.org\\\/es\\\/\"},{\"@type\":\"ListItem\",\"position\":2,\"name\":\"Suicidio. Cada d\u00eda, m\u00e1s de 10 personas se quitan la vida en Espa\u00f1a\"}]},{\"@type\":\"WebSite\",\"@id\":\"https:\\\/\\\/exaudi.org\\\/#website\",\"url\":\"https:\\\/\\\/exaudi.org\\\/\",\"name\":\"Exaudi\",\"description\":\"News\",\"potentialAction\":[{\"@type\":\"SearchAction\",\"target\":{\"@type\":\"EntryPoint\",\"urlTemplate\":\"https:\\\/\\\/exaudi.org\\\/?s={search_term_string}\"},\"query-input\":{\"@type\":\"PropertyValueSpecification\",\"valueRequired\":true,\"valueName\":\"search_term_string\"}}],\"inLanguage\":\"es\"},{\"@type\":\"Person\",\"@id\":\"https:\\\/\\\/exaudi.org\\\/#\\\/schema\\\/person\\\/05d1c06e56ecb5490e9bff0d27026595\",\"name\":\"Observatorio de Bio\u00e9tica UCV\",\"image\":{\"@type\":\"ImageObject\",\"inLanguage\":\"es\",\"@id\":\"https:\\\/\\\/secure.gravatar.com\\\/avatar\\\/086563f59595a89fb0851de25d712a03657b1cdfa8af3c9cd0a1ee122fc5d596?s=96&d=mm&r=g\",\"url\":\"https:\\\/\\\/secure.gravatar.com\\\/avatar\\\/086563f59595a89fb0851de25d712a03657b1cdfa8af3c9cd0a1ee122fc5d596?s=96&d=mm&r=g\",\"contentUrl\":\"https:\\\/\\\/secure.gravatar.com\\\/avatar\\\/086563f59595a89fb0851de25d712a03657b1cdfa8af3c9cd0a1ee122fc5d596?s=96&d=mm&r=g\",\"caption\":\"Observatorio de Bio\u00e9tica UCV\"},\"description\":\"El Observatorio de Bio\u00e9tica se encuentra dentro del Instituto Ciencias de la vida de la Universidad Cat\u00f3lica de Valencia \u201cSan Vicente M\u00e1rtir\u201d . En el trasfondo de sus publicaciones, se defiende la vida humana desde la fecundaci\u00f3n a la muerte natural y la dignidad de la persona, teniendo como objetivo aunar esfuerzos para difundir la cultura de la vida como la define la Evangelium Vitae.\",\"sameAs\":[\"https:\\\/\\\/www.observatoriobioetica.org\\\/\",\"https:\\\/\\\/www.facebook.com\\\/observatoriodebioetica\\\/\",\"https:\\\/\\\/x.com\\\/obioetica\",\"https:\\\/\\\/www.youtube.com\\\/channel\\\/UC_Tr4WS5-TXoNo5e1MdQc7w\"],\"url\":\"https:\\\/\\\/exaudi.org\\\/es\\\/author\\\/observatoriodebioeticaucv\\\/\"}]}<\/script>\n<!-- \/ Yoast SEO plugin. -->","yoast_head_json":{"title":"Suicidio. Cada d\u00eda, m\u00e1s de 10 personas se quitan la vida en Espa\u00f1a &#8211; Exaudi","robots":{"index":"index","follow":"follow","max-snippet":"max-snippet:-1","max-image-preview":"max-image-preview:large","max-video-preview":"max-video-preview:-1"},"canonical":"https:\/\/exaudi.org\/es\/suicidio-cada-dia-mas-de-10-personas-se-quitan-la-vida-en-espana\/","og_locale":"es_ES","og_type":"article","og_title":"Suicidio. Cada d\u00eda, m\u00e1s de 10 personas se quitan la vida en Espa\u00f1a &#8211; Exaudi","og_description":"El pasado 9 de septiembre se present\u00f3 el futuro\u00a0Plan de Acci\u00f3n para la Prevenci\u00f3n del Suicidio 2025-2027\u00a0del Ministerio de Sanidad en un acto que sirvi\u00f3 para conmemorar el D\u00eda Mundial por la Prevenci\u00f3n del\u00a0Suicidio, que se celebr\u00f3 el 10 de septiembre. Asisti\u00f3 la ministra M\u00f3nica Garc\u00eda, la comisionada de Salud Mental, Bel\u00e9n Gonz\u00e1lez, y el [&hellip;]","og_url":"https:\/\/exaudi.org\/es\/suicidio-cada-dia-mas-de-10-personas-se-quitan-la-vida-en-espana\/","og_site_name":"Exaudi","article_publisher":"https:\/\/www.facebook.com\/ExaudiNews","article_author":"https:\/\/www.facebook.com\/observatoriodebioetica\/","article_published_time":"2024-09-16T06:37:12+00:00","article_modified_time":"2024-09-16T06:40:28+00:00","og_image":[{"width":1024,"height":450,"url":"https:\/\/exaudi.org\/wp-content\/uploads\/2024\/09\/suicidio1-1024x450.png","type":"image\/png"}],"author":"Observatorio de Bio\u00e9tica UCV","twitter_card":"summary_large_image","twitter_creator":"@obioetica","twitter_site":"@Exaudi_News","twitter_misc":{"Escrito por":"Observatorio de Bio\u00e9tica UCV","Tiempo de lectura":"4 minutos"},"schema":{"@context":"https:\/\/schema.org","@graph":[{"@type":"Article","@id":"https:\/\/exaudi.org\/es\/suicidio-cada-dia-mas-de-10-personas-se-quitan-la-vida-en-espana\/#article","isPartOf":{"@id":"https:\/\/exaudi.org\/es\/suicidio-cada-dia-mas-de-10-personas-se-quitan-la-vida-en-espana\/"},"author":{"name":"Observatorio de Bio\u00e9tica UCV","@id":"https:\/\/exaudi.org\/#\/schema\/person\/05d1c06e56ecb5490e9bff0d27026595"},"headline":"Suicidio. Cada d\u00eda, m\u00e1s de 10 personas se quitan la vida en Espa\u00f1a","datePublished":"2024-09-16T06:37:12+00:00","dateModified":"2024-09-16T06:40:28+00:00","mainEntityOfPage":{"@id":"https:\/\/exaudi.org\/es\/suicidio-cada-dia-mas-de-10-personas-se-quitan-la-vida-en-espana\/"},"wordCount":781,"image":{"@id":"https:\/\/exaudi.org\/es\/suicidio-cada-dia-mas-de-10-personas-se-quitan-la-vida-en-espana\/#primaryimage"},"thumbnailUrl":"https:\/\/exaudi.org\/wp-content\/uploads\/2024\/09\/suicidio1.png","keywords":["Bel\u00e9n Gonz\u00e1lez","Comunidades Aut\u00f3nomas","Cuidados paliativos","Datos de suicidios","Descenso de suicidios","Determinantes sociales","D\u00eda Mundial por la Prevenci\u00f3n del Suicidio","Ester Bosch","Eutanasia","Factores de g\u00e9nero","Factores econ\u00f3micos","Factores sociales","INE","Instituto Ciencias de la Vida","Instituto Nacional de Estad\u00edstica","Julio Tudela","Manuel Olmedo","Ministerio de Sanidad","M\u00f3nica Garc\u00eda","Observatorio de Bio\u00e9tica","Observatorio de Bio\u00e9tica de la Universidad Cat\u00f3lica de Valencia","Plan de Acci\u00f3n para la Prevenci\u00f3n del Suicidio 2025-2027","Prevenci\u00f3n del suicidio","Problema de salud p\u00fablica","Salud Mental","Suicidio","Suicidio asistido","Trending","Universidad Cat\u00f3lica de Valencia"],"articleSection":["An\u00e1lisis"],"inLanguage":"es"},{"@type":"WebPage","@id":"https:\/\/exaudi.org\/es\/suicidio-cada-dia-mas-de-10-personas-se-quitan-la-vida-en-espana\/","url":"https:\/\/exaudi.org\/es\/suicidio-cada-dia-mas-de-10-personas-se-quitan-la-vida-en-espana\/","name":"Suicidio. Cada d\u00eda, m\u00e1s de 10 personas se quitan la vida en Espa\u00f1a &#8211; Exaudi","isPartOf":{"@id":"https:\/\/exaudi.org\/#website"},"primaryImageOfPage":{"@id":"https:\/\/exaudi.org\/es\/suicidio-cada-dia-mas-de-10-personas-se-quitan-la-vida-en-espana\/#primaryimage"},"image":{"@id":"https:\/\/exaudi.org\/es\/suicidio-cada-dia-mas-de-10-personas-se-quitan-la-vida-en-espana\/#primaryimage"},"thumbnailUrl":"https:\/\/exaudi.org\/wp-content\/uploads\/2024\/09\/suicidio1.png","datePublished":"2024-09-16T06:37:12+00:00","dateModified":"2024-09-16T06:40:28+00:00","author":{"@id":"https:\/\/exaudi.org\/#\/schema\/person\/05d1c06e56ecb5490e9bff0d27026595"},"breadcrumb":{"@id":"https:\/\/exaudi.org\/es\/suicidio-cada-dia-mas-de-10-personas-se-quitan-la-vida-en-espana\/#breadcrumb"},"inLanguage":"es","potentialAction":[{"@type":"ReadAction","target":["https:\/\/exaudi.org\/es\/suicidio-cada-dia-mas-de-10-personas-se-quitan-la-vida-en-espana\/"]}]},{"@type":"ImageObject","inLanguage":"es","@id":"https:\/\/exaudi.org\/es\/suicidio-cada-dia-mas-de-10-personas-se-quitan-la-vida-en-espana\/#primaryimage","url":"https:\/\/exaudi.org\/wp-content\/uploads\/2024\/09\/suicidio1.png","contentUrl":"https:\/\/exaudi.org\/wp-content\/uploads\/2024\/09\/suicidio1.png","width":2560,"height":1126},{"@type":"BreadcrumbList","@id":"https:\/\/exaudi.org\/es\/suicidio-cada-dia-mas-de-10-personas-se-quitan-la-vida-en-espana\/#breadcrumb","itemListElement":[{"@type":"ListItem","position":1,"name":"Portada","item":"https:\/\/exaudi.org\/es\/"},{"@type":"ListItem","position":2,"name":"Suicidio. Cada d\u00eda, m\u00e1s de 10 personas se quitan la vida en Espa\u00f1a"}]},{"@type":"WebSite","@id":"https:\/\/exaudi.org\/#website","url":"https:\/\/exaudi.org\/","name":"Exaudi","description":"News","potentialAction":[{"@type":"SearchAction","target":{"@type":"EntryPoint","urlTemplate":"https:\/\/exaudi.org\/?s={search_term_string}"},"query-input":{"@type":"PropertyValueSpecification","valueRequired":true,"valueName":"search_term_string"}}],"inLanguage":"es"},{"@type":"Person","@id":"https:\/\/exaudi.org\/#\/schema\/person\/05d1c06e56ecb5490e9bff0d27026595","name":"Observatorio de Bio\u00e9tica UCV","image":{"@type":"ImageObject","inLanguage":"es","@id":"https:\/\/secure.gravatar.com\/avatar\/086563f59595a89fb0851de25d712a03657b1cdfa8af3c9cd0a1ee122fc5d596?s=96&d=mm&r=g","url":"https:\/\/secure.gravatar.com\/avatar\/086563f59595a89fb0851de25d712a03657b1cdfa8af3c9cd0a1ee122fc5d596?s=96&d=mm&r=g","contentUrl":"https:\/\/secure.gravatar.com\/avatar\/086563f59595a89fb0851de25d712a03657b1cdfa8af3c9cd0a1ee122fc5d596?s=96&d=mm&r=g","caption":"Observatorio de Bio\u00e9tica UCV"},"description":"El Observatorio de Bio\u00e9tica se encuentra dentro del Instituto Ciencias de la vida de la Universidad Cat\u00f3lica de Valencia \u201cSan Vicente M\u00e1rtir\u201d . En el trasfondo de sus publicaciones, se defiende la vida humana desde la fecundaci\u00f3n a la muerte natural y la dignidad de la persona, teniendo como objetivo aunar esfuerzos para difundir la cultura de la vida como la define la Evangelium Vitae.","sameAs":["https:\/\/www.observatoriobioetica.org\/","https:\/\/www.facebook.com\/observatoriodebioetica\/","https:\/\/x.com\/obioetica","https:\/\/www.youtube.com\/channel\/UC_Tr4WS5-TXoNo5e1MdQc7w"],"url":"https:\/\/exaudi.org\/es\/author\/observatoriodebioeticaucv\/"}]}},"jetpack_featured_media_url":"https:\/\/exaudi.org\/wp-content\/uploads\/2024\/09\/suicidio1.png","jetpack_shortlink":"https:\/\/wp.me\/pgKjF2-s99","_links":{"self":[{"href":"https:\/\/exaudi.org\/es\/wp-json\/wp\/v2\/posts\/108199","targetHints":{"allow":["GET"]}}],"collection":[{"href":"https:\/\/exaudi.org\/es\/wp-json\/wp\/v2\/posts"}],"about":[{"href":"https:\/\/exaudi.org\/es\/wp-json\/wp\/v2\/types\/post"}],"author":[{"embeddable":true,"href":"https:\/\/exaudi.org\/es\/wp-json\/wp\/v2\/users\/87"}],"replies":[{"embeddable":true,"href":"https:\/\/exaudi.org\/es\/wp-json\/wp\/v2\/comments?post=108199"}],"version-history":[{"count":0,"href":"https:\/\/exaudi.org\/es\/wp-json\/wp\/v2\/posts\/108199\/revisions"}],"wp:featuredmedia":[{"embeddable":true,"href":"https:\/\/exaudi.org\/es\/wp-json\/wp\/v2\/media\/108203"}],"wp:attachment":[{"href":"https:\/\/exaudi.org\/es\/wp-json\/wp\/v2\/media?parent=108199"}],"wp:term":[{"taxonomy":"category","embeddable":true,"href":"https:\/\/exaudi.org\/es\/wp-json\/wp\/v2\/categories?post=108199"},{"taxonomy":"post_tag","embeddable":true,"href":"https:\/\/exaudi.org\/es\/wp-json\/wp\/v2\/tags?post=108199"}],"curies":[{"name":"wp","href":"https:\/\/api.w.org\/{rel}","templated":true}]}}