{"id":108131,"date":"2024-09-14T10:09:24","date_gmt":"2024-09-14T08:09:24","guid":{"rendered":"https:\/\/exaudi.org\/?p=108131"},"modified":"2024-09-14T10:09:24","modified_gmt":"2024-09-14T08:09:24","slug":"y-vosotros-quien-decis-que-soy-yo-comentario-p-jorge-miro-2","status":"publish","type":"post","link":"https:\/\/exaudi.org\/es\/y-vosotros-quien-decis-que-soy-yo-comentario-p-jorge-miro-2\/","title":{"rendered":"Y vosotros, \u00bfqui\u00e9n dec\u00eds que soy yo?: Comentario P. Jorge Mir\u00f3"},"content":{"rendered":"<p>El P. Jorge Mir\u00f3 comparte con los lectores de Exaudi su comentario sobre el\u00a0Evangelio de este, domingo 15 de septiembre de 2024,\u00a0titulado\u00a0<em>\u201cY vosotros, \u00bfqui\u00e9n dec\u00eds que soy yo?<\/em><em>\u201d<\/em><\/p>\n<p>***<\/p>\n<p>El Se\u00f1or nos dirige hoy, como a los disc\u00edpulos, dos preguntas importantes, especialmente la segunda: \u00ab\u00bfQui\u00e9n dice la gente que es el Hijo del hombre?\u00bb, \u00ab\u00bfY vosotros qui\u00e9n dec\u00eds que soy yo?\u00bb.<\/p>\n<p>Ante la primera pregunta, hoy tambi\u00e9n escuchar\u00edamos repuestas dispares.<\/p>\n<p>Pero la pregunta fundamental es \u00bfqui\u00e9n es Jes\u00fas para ti? En la respuesta que des a esta pregunta, te va la vida.<\/p>\n<p>\u00bfQu\u00e9 relaci\u00f3n tienes con Jesucristo? Porque ante el Se\u00f1or, podemos ser <em>curiosos<\/em>, espectadores entusiastas de las obras que hace, pero sin responder a la llamada a seguirle; <em>simpatizantes <\/em>que escuchamos con gusto, pero sin atrevernos a dar el paso del seguimiento; <em>eruditos<\/em>, que lo sabemos todo sobre Jes\u00fas, pero no le abrimos el coraz\u00f3n para tener un encuentro con un Cristo vivo; <em>interesados, <\/em>que le buscamos para que nos arregle problemas, pero no queremos nada m\u00e1s\u2026 Y as\u00ed, tantas veces nos quedamos con las migajas y nos perdemos lo m\u00e1s sabroso que el Se\u00f1or quiere darnos.<\/p>\n<p>Pero s\u00f3lo hay una respuesta que, de verdad, merece la pena y cambia tu vida para bien. Es la respuesta que da Pedro: <em>T\u00fa eres el Cristo, el Hijo del Dios vivo<\/em>.<\/p>\n<p>Y que hoy puedas decirle al Se\u00f1or que eres mucho m\u00e1s que un simpatizante: soy disc\u00edpulo; es decir, un \u2018aprendiz\u2019 que estoy a tus pies, escuchando cada d\u00eda tu voz y sigui\u00e9ndote a donde quiera que vayas.<\/p>\n<p>Jesucristo es el tesoro por el que vale la pena venderlo todo. \u00c9l es el Salvador, el Mes\u00edas, el \u00fanico que puede llenar del todo tu coraz\u00f3n sediento de felicidad y de vida.<\/p>\n<p>Pero eso s\u00f3lo lo puede decir aqu\u00e9l que tiene el Esp\u00edritu Santo en el coraz\u00f3n. Por eso, \u00a1pide cada d\u00eda el don del Esp\u00edritu Santo! P\u00eddele que te enamore de Jesucristo.<\/p>\n<p>Adem\u00e1s, Jes\u00fas nos muestra el <em>c\u00f3mo<\/em> del <em>discipulado<\/em>: <em>Si alguno quiere venir en pos de m\u00ed, que se niegue a s\u00ed mismo, tome su cruz y me siga. <\/em><\/p>\n<p><em>Ser cristiano es seguir a Jes\u00fas<\/em>. S\u00ed, seguir a Jes\u00fas. No seguirte a ti mismo, ni seguir el estilo de vida del mundo: El cristiano <em>est\u00e1 en el mundo, pero no es del mundo<\/em>.<\/p>\n<p>Para ello, has de empezar por <em>negarte a ti mismo<\/em>, descubriendo que la fuente de tu actuar no est\u00e1 en tus gustos y apetencias, sino en la voluntad de Dios.<\/p>\n<p>Por ello has de discernir cada d\u00eda si lo que pide tu coraz\u00f3n es lo que Dios quiere. \u00a1Dios te ama! \u00a1Nadie te ama como \u00c9l!<\/p>\n<p>Invoca cada d\u00eda al Esp\u00edritu Santo y p\u00eddele el <em>don de consejo<\/em>; y preg\u00fantale: \u00bfc\u00f3mo quieres que viva hoy? \u00bfc\u00f3mo quieres que viva mi matrimonio, o mi sacerdocio o mi consagraci\u00f3n religiosa? \u00bfC\u00f3mo quieres que trabaje o estudie? \u00bfC\u00f3mo quieres que viva mi diversi\u00f3n? \u00bfC\u00f3mo quieres que\u2026?<\/p>\n<p><em>El que quiera salvar su vida la perder\u00e1; pero el que pierda su vida por m\u00ed y por el Evangelio la salvar\u00e1. Pues \u00bfde qu\u00e9 le sirve a un hombre ganar el mundo entero y perder su alma?<\/em><\/p>\n<p>\u00a1Ven, Esp\u00edritu Santo!<\/p>\n","protected":false},"excerpt":{"rendered":"<p>Domingo, 15 de septiembre de 2024<\/p>\n","protected":false},"author":20,"featured_media":108132,"comment_status":"closed","ping_status":"closed","sticky":false,"template":"","format":"standard","meta":{"_acf_changed":false,"_crdt_document":"","inline_featured_image":false,"footnotes":""},"categories":[96,74],"tags":[1087,1372,6281,4953],"class_list":["post-108131","post","type-post","status-publish","format-standard","has-post-thumbnail","hentry","category-espiritualidad","category-iglesia-y-mundo","tag-comentario","tag-evangelio","tag-jorge-miro","tag-trending-es"],"acf":[],"yoast_head":"<!-- This site is optimized with the Yoast SEO plugin v27.4 - https:\/\/yoast.com\/product\/yoast-seo-wordpress\/ -->\n<title>Y vosotros, \u00bfqui\u00e9n dec\u00eds que soy yo?: Comentario P. Jorge Mir\u00f3 &#8211; Exaudi<\/title>\n<meta name=\"robots\" content=\"index, follow, max-snippet:-1, max-image-preview:large, max-video-preview:-1\" \/>\n<link rel=\"canonical\" href=\"https:\/\/exaudi.org\/es\/y-vosotros-quien-decis-que-soy-yo-comentario-p-jorge-miro-2\/\" \/>\n<meta property=\"og:locale\" content=\"es_ES\" \/>\n<meta property=\"og:type\" content=\"article\" \/>\n<meta property=\"og:title\" content=\"Y vosotros, \u00bfqui\u00e9n dec\u00eds que soy yo?: Comentario P. Jorge Mir\u00f3 &#8211; Exaudi\" \/>\n<meta property=\"og:description\" content=\"Domingo, 15 de septiembre de 2024\" \/>\n<meta property=\"og:url\" content=\"https:\/\/exaudi.org\/es\/y-vosotros-quien-decis-que-soy-yo-comentario-p-jorge-miro-2\/\" \/>\n<meta property=\"og:site_name\" content=\"Exaudi\" \/>\n<meta property=\"article:publisher\" content=\"https:\/\/www.facebook.com\/ExaudiNews\" \/>\n<meta property=\"article:published_time\" content=\"2024-09-14T08:09:24+00:00\" \/>\n<meta property=\"og:image\" content=\"https:\/\/exaudi.org\/wp-content\/uploads\/2024\/09\/moutains-9025523_1280.jpg\" \/>\n\t<meta property=\"og:image:width\" content=\"1280\" \/>\n\t<meta property=\"og:image:height\" content=\"721\" \/>\n\t<meta property=\"og:image:type\" content=\"image\/jpeg\" \/>\n<meta name=\"author\" content=\"Jorge Mir\u00f3\" \/>\n<meta name=\"twitter:card\" content=\"summary_large_image\" \/>\n<meta name=\"twitter:creator\" content=\"@Exaudi_News\" \/>\n<meta name=\"twitter:site\" content=\"@Exaudi_News\" \/>\n<meta name=\"twitter:label1\" content=\"Escrito por\" \/>\n\t<meta name=\"twitter:data1\" content=\"Jorge Mir\u00f3\" \/>\n\t<meta name=\"twitter:label2\" content=\"Tiempo de lectura\" \/>\n\t<meta name=\"twitter:data2\" content=\"3 minutos\" \/>\n<script type=\"application\/ld+json\" class=\"yoast-schema-graph\">{\"@context\":\"https:\\\/\\\/schema.org\",\"@graph\":[{\"@type\":\"Article\",\"@id\":\"https:\\\/\\\/exaudi.org\\\/es\\\/y-vosotros-quien-decis-que-soy-yo-comentario-p-jorge-miro-2\\\/#article\",\"isPartOf\":{\"@id\":\"https:\\\/\\\/exaudi.org\\\/es\\\/y-vosotros-quien-decis-que-soy-yo-comentario-p-jorge-miro-2\\\/\"},\"author\":{\"name\":\"Jorge Mir\u00f3\",\"@id\":\"https:\\\/\\\/exaudi.org\\\/#\\\/schema\\\/person\\\/a258c56b05e63b2b367bdca29e0ed3e3\"},\"headline\":\"Y vosotros, \u00bfqui\u00e9n dec\u00eds que soy yo?: Comentario P. Jorge Mir\u00f3\",\"datePublished\":\"2024-09-14T08:09:24+00:00\",\"mainEntityOfPage\":{\"@id\":\"https:\\\/\\\/exaudi.org\\\/es\\\/y-vosotros-quien-decis-que-soy-yo-comentario-p-jorge-miro-2\\\/\"},\"wordCount\":592,\"image\":{\"@id\":\"https:\\\/\\\/exaudi.org\\\/es\\\/y-vosotros-quien-decis-que-soy-yo-comentario-p-jorge-miro-2\\\/#primaryimage\"},\"thumbnailUrl\":\"https:\\\/\\\/exaudi.org\\\/wp-content\\\/uploads\\\/2024\\\/09\\\/moutains-9025523_1280.jpg\",\"keywords\":[\"Comentario\",\"Evangelio\",\"Jorge Mir\u00f3\",\"Trending\"],\"articleSection\":[\"Espiritualidad\",\"Iglesia y Mundo\"],\"inLanguage\":\"es\"},{\"@type\":\"WebPage\",\"@id\":\"https:\\\/\\\/exaudi.org\\\/es\\\/y-vosotros-quien-decis-que-soy-yo-comentario-p-jorge-miro-2\\\/\",\"url\":\"https:\\\/\\\/exaudi.org\\\/es\\\/y-vosotros-quien-decis-que-soy-yo-comentario-p-jorge-miro-2\\\/\",\"name\":\"Y vosotros, \u00bfqui\u00e9n dec\u00eds que soy yo?: Comentario P. Jorge Mir\u00f3 &#8211; Exaudi\",\"isPartOf\":{\"@id\":\"https:\\\/\\\/exaudi.org\\\/#website\"},\"primaryImageOfPage\":{\"@id\":\"https:\\\/\\\/exaudi.org\\\/es\\\/y-vosotros-quien-decis-que-soy-yo-comentario-p-jorge-miro-2\\\/#primaryimage\"},\"image\":{\"@id\":\"https:\\\/\\\/exaudi.org\\\/es\\\/y-vosotros-quien-decis-que-soy-yo-comentario-p-jorge-miro-2\\\/#primaryimage\"},\"thumbnailUrl\":\"https:\\\/\\\/exaudi.org\\\/wp-content\\\/uploads\\\/2024\\\/09\\\/moutains-9025523_1280.jpg\",\"datePublished\":\"2024-09-14T08:09:24+00:00\",\"author\":{\"@id\":\"https:\\\/\\\/exaudi.org\\\/#\\\/schema\\\/person\\\/a258c56b05e63b2b367bdca29e0ed3e3\"},\"breadcrumb\":{\"@id\":\"https:\\\/\\\/exaudi.org\\\/es\\\/y-vosotros-quien-decis-que-soy-yo-comentario-p-jorge-miro-2\\\/#breadcrumb\"},\"inLanguage\":\"es\",\"potentialAction\":[{\"@type\":\"ReadAction\",\"target\":[\"https:\\\/\\\/exaudi.org\\\/es\\\/y-vosotros-quien-decis-que-soy-yo-comentario-p-jorge-miro-2\\\/\"]}]},{\"@type\":\"ImageObject\",\"inLanguage\":\"es\",\"@id\":\"https:\\\/\\\/exaudi.org\\\/es\\\/y-vosotros-quien-decis-que-soy-yo-comentario-p-jorge-miro-2\\\/#primaryimage\",\"url\":\"https:\\\/\\\/exaudi.org\\\/wp-content\\\/uploads\\\/2024\\\/09\\\/moutains-9025523_1280.jpg\",\"contentUrl\":\"https:\\\/\\\/exaudi.org\\\/wp-content\\\/uploads\\\/2024\\\/09\\\/moutains-9025523_1280.jpg\",\"width\":1280,\"height\":721},{\"@type\":\"BreadcrumbList\",\"@id\":\"https:\\\/\\\/exaudi.org\\\/es\\\/y-vosotros-quien-decis-que-soy-yo-comentario-p-jorge-miro-2\\\/#breadcrumb\",\"itemListElement\":[{\"@type\":\"ListItem\",\"position\":1,\"name\":\"Portada\",\"item\":\"https:\\\/\\\/exaudi.org\\\/es\\\/\"},{\"@type\":\"ListItem\",\"position\":2,\"name\":\"Y vosotros, \u00bfqui\u00e9n dec\u00eds que soy yo?: Comentario P. Jorge Mir\u00f3\"}]},{\"@type\":\"WebSite\",\"@id\":\"https:\\\/\\\/exaudi.org\\\/#website\",\"url\":\"https:\\\/\\\/exaudi.org\\\/\",\"name\":\"Exaudi\",\"description\":\"News\",\"potentialAction\":[{\"@type\":\"SearchAction\",\"target\":{\"@type\":\"EntryPoint\",\"urlTemplate\":\"https:\\\/\\\/exaudi.org\\\/?s={search_term_string}\"},\"query-input\":{\"@type\":\"PropertyValueSpecification\",\"valueRequired\":true,\"valueName\":\"search_term_string\"}}],\"inLanguage\":\"es\"},{\"@type\":\"Person\",\"@id\":\"https:\\\/\\\/exaudi.org\\\/#\\\/schema\\\/person\\\/a258c56b05e63b2b367bdca29e0ed3e3\",\"name\":\"Jorge Mir\u00f3\",\"image\":{\"@type\":\"ImageObject\",\"inLanguage\":\"es\",\"@id\":\"https:\\\/\\\/secure.gravatar.com\\\/avatar\\\/f5ea26c436669b01b7b02124bf13596df002525d6f392707d301543be365bd44?s=96&d=mm&r=g\",\"url\":\"https:\\\/\\\/secure.gravatar.com\\\/avatar\\\/f5ea26c436669b01b7b02124bf13596df002525d6f392707d301543be365bd44?s=96&d=mm&r=g\",\"contentUrl\":\"https:\\\/\\\/secure.gravatar.com\\\/avatar\\\/f5ea26c436669b01b7b02124bf13596df002525d6f392707d301543be365bd44?s=96&d=mm&r=g\",\"caption\":\"Jorge Mir\u00f3\"},\"description\":\"Sacerdote de la archidi\u00f3cesis de Valencia y profesor en la Facultad de Ciencias Jur\u00eddicas, Econ\u00f3micas y Sociales de la Universidad Cat\u00f3lica de Valencia\",\"url\":\"https:\\\/\\\/exaudi.org\\\/es\\\/author\\\/jorgemiro\\\/\"}]}<\/script>\n<!-- \/ Yoast SEO plugin. -->","yoast_head_json":{"title":"Y vosotros, \u00bfqui\u00e9n dec\u00eds que soy yo?: Comentario P. Jorge Mir\u00f3 &#8211; Exaudi","robots":{"index":"index","follow":"follow","max-snippet":"max-snippet:-1","max-image-preview":"max-image-preview:large","max-video-preview":"max-video-preview:-1"},"canonical":"https:\/\/exaudi.org\/es\/y-vosotros-quien-decis-que-soy-yo-comentario-p-jorge-miro-2\/","og_locale":"es_ES","og_type":"article","og_title":"Y vosotros, \u00bfqui\u00e9n dec\u00eds que soy yo?: Comentario P. Jorge Mir\u00f3 &#8211; Exaudi","og_description":"Domingo, 15 de septiembre de 2024","og_url":"https:\/\/exaudi.org\/es\/y-vosotros-quien-decis-que-soy-yo-comentario-p-jorge-miro-2\/","og_site_name":"Exaudi","article_publisher":"https:\/\/www.facebook.com\/ExaudiNews","article_published_time":"2024-09-14T08:09:24+00:00","og_image":[{"width":1280,"height":721,"url":"https:\/\/exaudi.org\/wp-content\/uploads\/2024\/09\/moutains-9025523_1280.jpg","type":"image\/jpeg"}],"author":"Jorge Mir\u00f3","twitter_card":"summary_large_image","twitter_creator":"@Exaudi_News","twitter_site":"@Exaudi_News","twitter_misc":{"Escrito por":"Jorge Mir\u00f3","Tiempo de lectura":"3 minutos"},"schema":{"@context":"https:\/\/schema.org","@graph":[{"@type":"Article","@id":"https:\/\/exaudi.org\/es\/y-vosotros-quien-decis-que-soy-yo-comentario-p-jorge-miro-2\/#article","isPartOf":{"@id":"https:\/\/exaudi.org\/es\/y-vosotros-quien-decis-que-soy-yo-comentario-p-jorge-miro-2\/"},"author":{"name":"Jorge Mir\u00f3","@id":"https:\/\/exaudi.org\/#\/schema\/person\/a258c56b05e63b2b367bdca29e0ed3e3"},"headline":"Y vosotros, \u00bfqui\u00e9n dec\u00eds que soy yo?: Comentario P. Jorge Mir\u00f3","datePublished":"2024-09-14T08:09:24+00:00","mainEntityOfPage":{"@id":"https:\/\/exaudi.org\/es\/y-vosotros-quien-decis-que-soy-yo-comentario-p-jorge-miro-2\/"},"wordCount":592,"image":{"@id":"https:\/\/exaudi.org\/es\/y-vosotros-quien-decis-que-soy-yo-comentario-p-jorge-miro-2\/#primaryimage"},"thumbnailUrl":"https:\/\/exaudi.org\/wp-content\/uploads\/2024\/09\/moutains-9025523_1280.jpg","keywords":["Comentario","Evangelio","Jorge Mir\u00f3","Trending"],"articleSection":["Espiritualidad","Iglesia y Mundo"],"inLanguage":"es"},{"@type":"WebPage","@id":"https:\/\/exaudi.org\/es\/y-vosotros-quien-decis-que-soy-yo-comentario-p-jorge-miro-2\/","url":"https:\/\/exaudi.org\/es\/y-vosotros-quien-decis-que-soy-yo-comentario-p-jorge-miro-2\/","name":"Y vosotros, \u00bfqui\u00e9n dec\u00eds que soy yo?: Comentario P. Jorge Mir\u00f3 &#8211; Exaudi","isPartOf":{"@id":"https:\/\/exaudi.org\/#website"},"primaryImageOfPage":{"@id":"https:\/\/exaudi.org\/es\/y-vosotros-quien-decis-que-soy-yo-comentario-p-jorge-miro-2\/#primaryimage"},"image":{"@id":"https:\/\/exaudi.org\/es\/y-vosotros-quien-decis-que-soy-yo-comentario-p-jorge-miro-2\/#primaryimage"},"thumbnailUrl":"https:\/\/exaudi.org\/wp-content\/uploads\/2024\/09\/moutains-9025523_1280.jpg","datePublished":"2024-09-14T08:09:24+00:00","author":{"@id":"https:\/\/exaudi.org\/#\/schema\/person\/a258c56b05e63b2b367bdca29e0ed3e3"},"breadcrumb":{"@id":"https:\/\/exaudi.org\/es\/y-vosotros-quien-decis-que-soy-yo-comentario-p-jorge-miro-2\/#breadcrumb"},"inLanguage":"es","potentialAction":[{"@type":"ReadAction","target":["https:\/\/exaudi.org\/es\/y-vosotros-quien-decis-que-soy-yo-comentario-p-jorge-miro-2\/"]}]},{"@type":"ImageObject","inLanguage":"es","@id":"https:\/\/exaudi.org\/es\/y-vosotros-quien-decis-que-soy-yo-comentario-p-jorge-miro-2\/#primaryimage","url":"https:\/\/exaudi.org\/wp-content\/uploads\/2024\/09\/moutains-9025523_1280.jpg","contentUrl":"https:\/\/exaudi.org\/wp-content\/uploads\/2024\/09\/moutains-9025523_1280.jpg","width":1280,"height":721},{"@type":"BreadcrumbList","@id":"https:\/\/exaudi.org\/es\/y-vosotros-quien-decis-que-soy-yo-comentario-p-jorge-miro-2\/#breadcrumb","itemListElement":[{"@type":"ListItem","position":1,"name":"Portada","item":"https:\/\/exaudi.org\/es\/"},{"@type":"ListItem","position":2,"name":"Y vosotros, \u00bfqui\u00e9n dec\u00eds que soy yo?: Comentario P. Jorge Mir\u00f3"}]},{"@type":"WebSite","@id":"https:\/\/exaudi.org\/#website","url":"https:\/\/exaudi.org\/","name":"Exaudi","description":"News","potentialAction":[{"@type":"SearchAction","target":{"@type":"EntryPoint","urlTemplate":"https:\/\/exaudi.org\/?s={search_term_string}"},"query-input":{"@type":"PropertyValueSpecification","valueRequired":true,"valueName":"search_term_string"}}],"inLanguage":"es"},{"@type":"Person","@id":"https:\/\/exaudi.org\/#\/schema\/person\/a258c56b05e63b2b367bdca29e0ed3e3","name":"Jorge Mir\u00f3","image":{"@type":"ImageObject","inLanguage":"es","@id":"https:\/\/secure.gravatar.com\/avatar\/f5ea26c436669b01b7b02124bf13596df002525d6f392707d301543be365bd44?s=96&d=mm&r=g","url":"https:\/\/secure.gravatar.com\/avatar\/f5ea26c436669b01b7b02124bf13596df002525d6f392707d301543be365bd44?s=96&d=mm&r=g","contentUrl":"https:\/\/secure.gravatar.com\/avatar\/f5ea26c436669b01b7b02124bf13596df002525d6f392707d301543be365bd44?s=96&d=mm&r=g","caption":"Jorge Mir\u00f3"},"description":"Sacerdote de la archidi\u00f3cesis de Valencia y profesor en la Facultad de Ciencias Jur\u00eddicas, Econ\u00f3micas y Sociales de la Universidad Cat\u00f3lica de Valencia","url":"https:\/\/exaudi.org\/es\/author\/jorgemiro\/"}]}},"jetpack_featured_media_url":"https:\/\/exaudi.org\/wp-content\/uploads\/2024\/09\/moutains-9025523_1280.jpg","jetpack_shortlink":"https:\/\/wp.me\/pgKjF2-s83","_links":{"self":[{"href":"https:\/\/exaudi.org\/es\/wp-json\/wp\/v2\/posts\/108131","targetHints":{"allow":["GET"]}}],"collection":[{"href":"https:\/\/exaudi.org\/es\/wp-json\/wp\/v2\/posts"}],"about":[{"href":"https:\/\/exaudi.org\/es\/wp-json\/wp\/v2\/types\/post"}],"author":[{"embeddable":true,"href":"https:\/\/exaudi.org\/es\/wp-json\/wp\/v2\/users\/20"}],"replies":[{"embeddable":true,"href":"https:\/\/exaudi.org\/es\/wp-json\/wp\/v2\/comments?post=108131"}],"version-history":[{"count":0,"href":"https:\/\/exaudi.org\/es\/wp-json\/wp\/v2\/posts\/108131\/revisions"}],"wp:featuredmedia":[{"embeddable":true,"href":"https:\/\/exaudi.org\/es\/wp-json\/wp\/v2\/media\/108132"}],"wp:attachment":[{"href":"https:\/\/exaudi.org\/es\/wp-json\/wp\/v2\/media?parent=108131"}],"wp:term":[{"taxonomy":"category","embeddable":true,"href":"https:\/\/exaudi.org\/es\/wp-json\/wp\/v2\/categories?post=108131"},{"taxonomy":"post_tag","embeddable":true,"href":"https:\/\/exaudi.org\/es\/wp-json\/wp\/v2\/tags?post=108131"}],"curies":[{"name":"wp","href":"https:\/\/api.w.org\/{rel}","templated":true}]}}