{"id":107675,"date":"2024-09-08T09:42:25","date_gmt":"2024-09-08T07:42:25","guid":{"rendered":"https:\/\/exaudi.org\/?p=107675"},"modified":"2024-09-08T16:46:08","modified_gmt":"2024-09-08T14:46:08","slug":"el-papa-nuestra-mision-difundir-por-doquier-mediante-el-amor-de-dios-y-de-los-hermanos-la-belleza-del-evangelio-de-cristo","status":"publish","type":"post","link":"https:\/\/exaudi.org\/es\/el-papa-nuestra-mision-difundir-por-doquier-mediante-el-amor-de-dios-y-de-los-hermanos-la-belleza-del-evangelio-de-cristo\/","title":{"rendered":"El Papa: Nuestra misi\u00f3n: difundir por doquier, mediante el amor de Dios y de los hermanos, la belleza del Evangelio de Cristo"},"content":{"rendered":"<div>\n<p>Tras abandonar la Nunciatura Apost\u00f3lica en Port Moresby, el Santo Padre Francisco se traslad\u00f3 en coche al aeropuerto internacional de Jacksons, desde donde parti\u00f3 a bordo de un avi\u00f3n militar C-130 hacia Vanimo.<\/p>\n<p>A su llegada al aeropuerto de Vanimo a las 14.20 (6.20 hora de Roma), el Papa fue recibido por el Obispo de la Di\u00f3cesis, S.E. Mons. Francis Meli. A continuaci\u00f3n se dirigi\u00f3 a la explanada frente a la Catedral.<\/p>\n<p>Una vez en la explanada, mientras algunos fieles le acompa\u00f1aban con danzas de bienvenida, el Papa Francisco se reuni\u00f3 con los fieles de la di\u00f3cesis de Vanimo.<\/p>\n<p>Tras el saludo de bienvenida del Obispo, S.E. Mons. Francis Meli, y los testimonios de una catequista, una chica del Hogar Luj\u00e1n para Ni\u00f1as, una monja y una familia, el Santo Padre pronunci\u00f3 su discurso.<\/p>\n<p>A continuaci\u00f3n, el Papa Francisco deposit\u00f3 la Rosa de Oro ante la estatua de la Virgen Mar\u00eda y, tras la oraci\u00f3n episcopal de consagraci\u00f3n a Mar\u00eda, la bendici\u00f3n y el canto final, antes de abandonar la explanada, dio un paseo en carrito de golf entre los aproximadamente 20.000 fieles presentes.<\/p>\n<p>A continuaci\u00f3n se dirigi\u00f3 a la Escuela Human\u00edstica Sant\u00edsima Trinidad de Baro para mantener un encuentro privado con un grupo de misioneros.<\/p>\n<p>Publicamos a continuaci\u00f3n el discurso que el Papa pronunci\u00f3 durante el encuentro con los fieles de Vanimo:<\/p>\n<\/div>\n<div>***<\/div>\n<h3><strong>Discurso del Santo Padre<\/strong><\/h3>\n<p><i>Queridos hermanos y hermanas, buenas tardes.<\/i><\/p>\n<p>Le agradezco al se\u00f1or obispo las palabras que me ha dirigido. Saludo a las autoridades, a los sacerdotes, a las religiosas y religiosos, a los misioneros, a los catequistas, a los j\u00f3venes, a los fieles \u2015algunos venidos desde muy lejos\u2015 y a ustedes, queridos ni\u00f1os. Le doy las gracias a Mar\u00eda Joseph, Steven, sor Jaisha Joseph, David y Mar\u00eda por lo que nos han compartido. Estoy contento de encontrarme en esta tierra maravillosa, tierra joven y misionera.<\/p>\n<p>Como hemos escuchado, desde mediados del siglo XIX la misi\u00f3n en estas tierras nunca se ha interrumpido. Religiosas, religiosos, catequistas y misioneros laicos nunca han dejado de predicar la Palabra de Dios y de ofrecer ayuda a los hermanos en la atenci\u00f3n pastoral, en la instrucci\u00f3n, en la asistencia m\u00e9dica y en muchos \u00e1mbitos m\u00e1s, debiendo afrontar no pocas dificultades, para ser instrumentos \u201cde paz y de amor\u201d para todos, como nos dijo sor Jaisha Joseph.<img loading=\"lazy\" decoding=\"async\" class=\"size-medium wp-image-107676 alignleft\" src=\"https:\/\/exaudi.org\/wp-content\/uploads\/2024\/09\/cq5dam.web_.800.800-80-300x200.jpeg\" alt=\"\" width=\"300\" height=\"200\" srcset=\"https:\/\/exaudi.org\/wp-content\/uploads\/2024\/09\/cq5dam.web_.800.800-80-300x200.jpeg 300w, https:\/\/exaudi.org\/wp-content\/uploads\/2024\/09\/cq5dam.web_.800.800-80-770x513.jpeg 770w, https:\/\/exaudi.org\/wp-content\/uploads\/2024\/09\/cq5dam.web_.800.800-80-360x240.jpeg?crop=1 360w, https:\/\/exaudi.org\/wp-content\/uploads\/2024\/09\/cq5dam.web_.800.800-80-500x333.jpeg 500w, https:\/\/exaudi.org\/wp-content\/uploads\/2024\/09\/cq5dam.web_.800.800-80-370x247.jpeg 370w, https:\/\/exaudi.org\/wp-content\/uploads\/2024\/09\/cq5dam.web_.800.800-80-293x195.jpeg 293w, https:\/\/exaudi.org\/wp-content\/uploads\/2024\/09\/cq5dam.web_.800.800-80-120x80.jpeg 120w, https:\/\/exaudi.org\/wp-content\/uploads\/2024\/09\/cq5dam.web_.800.800-80-240x160.jpeg 240w, https:\/\/exaudi.org\/wp-content\/uploads\/2024\/09\/cq5dam.web_.800.800-80-390x260.jpeg 390w, https:\/\/exaudi.org\/wp-content\/uploads\/2024\/09\/cq5dam.web_.800.800-80.jpeg 800w\" sizes=\"auto, (max-width: 300px) 100vw, 300px\" \/><\/p>\n<p>De esta manera, las escuelas, los hospitales y los centros misioneros testimonian alrededor nuestro que Cristo vino a traer salvaci\u00f3n para todos, para que cada uno florezca en toda su belleza en beneficio del bien com\u00fan (cf.\u00a0<a href=\"https:\/\/www.vatican.va\/content\/francesco\/es\/apost_exhortations\/documents\/papa-francesco_esortazione-ap_20131124_evangelii-gaudium.html\">Exhort. ap.\u00a0<i>Evangelii gaudium<\/i><\/a>, 182).<\/p>\n<p>Ustedes aqu\u00ed son \u201cexpertos\u201d de belleza porque est\u00e1n rodeados de ella. Viven en una tierra magn\u00edfica, rica en una gran variedad de plantas y aves, donde uno se queda con la boca abierta ante los colores, sonidos y olores, y el grandioso espect\u00e1culo de una naturaleza rebosante de vida, que evoca la imagen del Ed\u00e9n.<\/p>\n<p>Sin embargo, esta riqueza se las conf\u00eda el Se\u00f1or como un signo y un instrumento, para que ustedes tambi\u00e9n puedan vivir as\u00ed, unidos en armon\u00eda con \u00c9l y con los hermanos, respetando la casa com\u00fan y cuid\u00e1ndose mutuamente (cf.\u00a0<a href=\"https:\/\/www.vatican.va\/content\/francesco\/es\/messages\/cura-creato\/documents\/papa-francesco_20190901_messaggio-giornata-cura-creato.html\"><i>Mensaje para la Jornada Mundial de Oraci\u00f3n por el Cuidado de la Creaci\u00f3n<\/i>, 1 septiembre 2019<\/a>).<\/p>\n<p>Mirando a nuestro alrededor, vemos cu\u00e1n dulce es el panorama de la naturaleza. Pero volviendo a nosotros mismos, nos damos cuenta de que hay un espect\u00e1culo a\u00fan m\u00e1s hermoso: el de lo que crece en nosotros cuando nos amamos mutuamente, como nos lo han testimoniado David y Mar\u00eda, hablando de su camino de esposos, en el sacramento del matrimonio. Y nuestra misi\u00f3n es precisamente \u00e9sta: difundir por doquier, mediante el amor de Dios y de nuestros hermanos, la belleza del Evangelio de Cristo (cf<i>.<\/i>\u00a0<a href=\"https:\/\/www.vatican.va\/content\/francesco\/es\/apost_exhortations\/documents\/papa-francesco_esortazione-ap_20131124_evangelii-gaudium.html\">Exhort. ap.<i>\u00a0Evangelii gaudium<\/i><\/a>, 120).<\/p>\n<p>Hemos escuchado c\u00f3mo algunos de ustedes, para hacer esto, afrontan largos viajes, para llegar incluso a las comunidades m\u00e1s lejanas, a veces dejando sus casas, como nos cont\u00f3 Steven. Llevan a cabo algo muy lindo, y es importante que no se queden solos, sino que toda la comunidad los apoye, para que puedan cumplir su mandato con serenidad, sobre todo cuando tienen que conciliar las exigencias de la misi\u00f3n con las responsabilidades familiares.<img loading=\"lazy\" decoding=\"async\" class=\"size-medium wp-image-107683 alignright\" src=\"https:\/\/exaudi.org\/wp-content\/uploads\/2024\/09\/cq5dam.web_.800.800-82-300x200.jpeg\" alt=\"\" width=\"300\" height=\"200\" srcset=\"https:\/\/exaudi.org\/wp-content\/uploads\/2024\/09\/cq5dam.web_.800.800-82-300x200.jpeg 300w, https:\/\/exaudi.org\/wp-content\/uploads\/2024\/09\/cq5dam.web_.800.800-82-770x513.jpeg 770w, https:\/\/exaudi.org\/wp-content\/uploads\/2024\/09\/cq5dam.web_.800.800-82-360x240.jpeg?crop=1 360w, https:\/\/exaudi.org\/wp-content\/uploads\/2024\/09\/cq5dam.web_.800.800-82-500x333.jpeg 500w, https:\/\/exaudi.org\/wp-content\/uploads\/2024\/09\/cq5dam.web_.800.800-82-370x247.jpeg 370w, https:\/\/exaudi.org\/wp-content\/uploads\/2024\/09\/cq5dam.web_.800.800-82-293x195.jpeg 293w, https:\/\/exaudi.org\/wp-content\/uploads\/2024\/09\/cq5dam.web_.800.800-82-120x80.jpeg 120w, https:\/\/exaudi.org\/wp-content\/uploads\/2024\/09\/cq5dam.web_.800.800-82-240x160.jpeg 240w, https:\/\/exaudi.org\/wp-content\/uploads\/2024\/09\/cq5dam.web_.800.800-82-390x260.jpeg 390w, https:\/\/exaudi.org\/wp-content\/uploads\/2024\/09\/cq5dam.web_.800.800-82.jpeg 800w\" sizes=\"auto, (max-width: 300px) 100vw, 300px\" \/><\/p>\n<p>Sin embargo, tambi\u00e9n podemos ayudarles de otra manera, y es que cada uno de nosotros promueva el anuncio misionero all\u00ed donde vive (cf.\u00a0<a href=\"https:\/\/www.vatican.va\/archive\/hist_councils\/ii_vatican_council\/documents\/vat-ii_decree_19651207_ad-gentes_sp.html\">Conc. Ecum. Vat. II<\/a>, Decr.\u00a0<a href=\"https:\/\/www.vatican.va\/archive\/hist_councils\/ii_vatican_council\/documents\/vat-ii_decree_19651207_ad-gentes_sp.html\"><i>Ad gentes<\/i><\/a>, 23), es decir, en la casa, en la escuela, en los ambientes de trabajo; para que, en todas partes, en la selva, en las aldeas o en los pueblos, a la belleza del paisaje corresponda la belleza de una comunidad en la que las personas se aman, como nos ense\u00f1\u00f3 Jes\u00fas cuando dijo: \u00abEn esto todos reconocer\u00e1n que ustedes son mis disc\u00edpulos: en el amor que se tengan los unos a los otros\u00bb (<i>Jn<\/i>\u00a013,35; cf.\u00a0<i>Mt<\/i>\u00a022,35-40).<\/p>\n<p>Formaremos as\u00ed, cada vez m\u00e1s, como una gran orquesta \u2015como tanto le gusta a Mar\u00eda Joseph, nuestra violinista\u2015, capaz, con sus notas, de acabar con las rivalidades, de vencer las divisiones \u2015personales, familiares y tribales\u2015, de expulsar del coraz\u00f3n de las personas el miedo, la superstici\u00f3n y la magia; de terminar con los comportamientos destructivos como la violencia, la infidelidad, la explotaci\u00f3n, el consumo de alcohol y drogas \u2015males que aprisionan y hacen infelices a tantos hermanos y hermanas, tambi\u00e9n aqu\u00ed\u2015.<\/p>\n<p>No lo olvidemos: el amor es m\u00e1s fuerte que todo esto y su belleza puede sanar al mundo, porque tiene sus ra\u00edces en Dios (cf.\u00a0<a href=\"https:\/\/www.vatican.va\/content\/francesco\/es\/audiences\/2020\/documents\/papa-francesco_20200909_udienza-generale.html\"><i>Catequesis<\/i>, 9 septiembre 2020<\/a>). Por ello, debemos difundirlo y defenderlo, aun cuando hacerlo pueda costarnos alguna incomprensi\u00f3n, alguna oposici\u00f3n. Nos lo ha testimoniado, con sus palabras y su ejemplo, el beato Pedro To Rot \u2015esposo, padre, catequista y m\u00e1rtir de esta tierra\u2015, que entreg\u00f3 su propia vida por defender la unidad de la familia de aquello que quer\u00eda socavarle sus cimientos.<img loading=\"lazy\" decoding=\"async\" class=\"size-medium wp-image-107686 alignleft\" src=\"https:\/\/exaudi.org\/wp-content\/uploads\/2024\/09\/cq5dam.web_.800.800-83-300x200.jpeg\" alt=\"\" width=\"300\" height=\"200\" srcset=\"https:\/\/exaudi.org\/wp-content\/uploads\/2024\/09\/cq5dam.web_.800.800-83-300x200.jpeg 300w, https:\/\/exaudi.org\/wp-content\/uploads\/2024\/09\/cq5dam.web_.800.800-83-770x513.jpeg 770w, https:\/\/exaudi.org\/wp-content\/uploads\/2024\/09\/cq5dam.web_.800.800-83-360x240.jpeg?crop=1 360w, https:\/\/exaudi.org\/wp-content\/uploads\/2024\/09\/cq5dam.web_.800.800-83-500x333.jpeg 500w, https:\/\/exaudi.org\/wp-content\/uploads\/2024\/09\/cq5dam.web_.800.800-83-370x247.jpeg 370w, https:\/\/exaudi.org\/wp-content\/uploads\/2024\/09\/cq5dam.web_.800.800-83-293x195.jpeg 293w, https:\/\/exaudi.org\/wp-content\/uploads\/2024\/09\/cq5dam.web_.800.800-83-120x80.jpeg 120w, https:\/\/exaudi.org\/wp-content\/uploads\/2024\/09\/cq5dam.web_.800.800-83-240x160.jpeg 240w, https:\/\/exaudi.org\/wp-content\/uploads\/2024\/09\/cq5dam.web_.800.800-83-390x260.jpeg 390w, https:\/\/exaudi.org\/wp-content\/uploads\/2024\/09\/cq5dam.web_.800.800-83.jpeg 800w\" sizes=\"auto, (max-width: 300px) 100vw, 300px\" \/><\/p>\n<p>Queridos amigos: muchos turistas, despu\u00e9s de haber visitado vuestro pa\u00eds, regresan a sus casas diciendo que han visto \u201cel para\u00edso\u201d. Se refieren, sobre todo, a los atractivos paisaj\u00edsticos y medioambientales de los que han disfrutado. Sin embargo, sabemos, como hemos dicho, que el mayor tesoro no es ese. Hay otro, m\u00e1s bello y fascinante, que se encuentra en vuestros corazones y que se manifiesta en la caridad con la que se aman.<\/p>\n<p>Este es el regalo m\u00e1s valioso que pueden compartir y dar a conocer a todos, haciendo famosa a Pap\u00faa Nueva Guinea no s\u00f3lo por su variedad de flora y fauna, sus encantadoras playas y su mar cristalino, sino tambi\u00e9n y sobre todo por las personas buenas que all\u00ed se encuentran; y se lo digo especialmente a ustedes, ni\u00f1os, con vuestras sonrisas contagiosas y vuestra alegr\u00eda desbordante, que fluye en todas direcciones. Ustedes son la imagen m\u00e1s hermosa que quienes parten de aqu\u00ed pueden llevarse y conservar en el coraz\u00f3n.<\/p>\n<p>Los animo, pues, a embellecer cada vez m\u00e1s esta tierra venturosa con vuestra presencia de Iglesia que ama. Los bendigo y rezo por ustedes. Y les pido, por favor, que tambi\u00e9n ustedes recen por m\u00ed. Gracias.<\/p>\n","protected":false},"excerpt":{"rendered":"<p>Encuentro con los fieles de la di\u00f3cesis de Vanino<\/p>\n","protected":false},"author":15,"featured_media":107679,"comment_status":"closed","ping_status":"closed","sticky":false,"template":"","format":"standard","meta":{"_acf_changed":false,"_crdt_document":"","inline_featured_image":false,"footnotes":""},"categories":[124,68],"tags":[648,1595,9171,14999,15000,4953,23484,5843],"class_list":["post-107675","post","type-post","status-publish","format-standard","has-post-thumbnail","hentry","category-discursos","category-leon-xiv","tag-discurso","tag-encuentro","tag-fieles","tag-nueva-guinea","tag-papua","tag-trending-es","tag-vanino","tag-viaje-apostolico"],"acf":[],"yoast_head":"<!-- This site is optimized with the Yoast SEO plugin v27.4 - https:\/\/yoast.com\/product\/yoast-seo-wordpress\/ -->\n<title>El Papa: Nuestra misi\u00f3n: difundir por doquier, mediante el amor de Dios y de los hermanos, la belleza del Evangelio de Cristo &#8211; Exaudi<\/title>\n<meta name=\"robots\" content=\"index, follow, max-snippet:-1, max-image-preview:large, max-video-preview:-1\" \/>\n<link rel=\"canonical\" href=\"https:\/\/exaudi.org\/es\/el-papa-nuestra-mision-difundir-por-doquier-mediante-el-amor-de-dios-y-de-los-hermanos-la-belleza-del-evangelio-de-cristo\/\" \/>\n<meta property=\"og:locale\" content=\"es_ES\" \/>\n<meta property=\"og:type\" content=\"article\" \/>\n<meta property=\"og:title\" content=\"El Papa: Nuestra misi\u00f3n: difundir por doquier, mediante el amor de Dios y de los hermanos, la belleza del Evangelio de Cristo &#8211; Exaudi\" \/>\n<meta property=\"og:description\" content=\"Encuentro con los fieles de la di\u00f3cesis de Vanino\" \/>\n<meta property=\"og:url\" content=\"https:\/\/exaudi.org\/es\/el-papa-nuestra-mision-difundir-por-doquier-mediante-el-amor-de-dios-y-de-los-hermanos-la-belleza-del-evangelio-de-cristo\/\" \/>\n<meta property=\"og:site_name\" content=\"Exaudi\" \/>\n<meta property=\"article:publisher\" content=\"https:\/\/www.facebook.com\/ExaudiNews\" \/>\n<meta property=\"article:author\" content=\"https:\/\/www.facebook.com\/ExaudiNoticias\/\" \/>\n<meta property=\"article:published_time\" content=\"2024-09-08T07:42:25+00:00\" \/>\n<meta property=\"article:modified_time\" content=\"2024-09-08T14:46:08+00:00\" \/>\n<meta property=\"og:image\" content=\"https:\/\/exaudi.org\/wp-content\/uploads\/2024\/09\/cq5dam.web_.800.800-81.jpeg\" \/>\n\t<meta property=\"og:image:width\" content=\"800\" \/>\n\t<meta property=\"og:image:height\" content=\"533\" \/>\n\t<meta property=\"og:image:type\" content=\"image\/jpeg\" \/>\n<meta name=\"author\" content=\"Exaudi Redacci\u00f3n\" \/>\n<meta name=\"twitter:card\" content=\"summary_large_image\" \/>\n<meta name=\"twitter:creator\" content=\"@Exaudi_noticias\" \/>\n<meta name=\"twitter:site\" content=\"@Exaudi_News\" \/>\n<meta name=\"twitter:label1\" content=\"Escrito por\" \/>\n\t<meta name=\"twitter:data1\" content=\"Exaudi Redacci\u00f3n\" \/>\n\t<meta name=\"twitter:label2\" content=\"Tiempo de lectura\" \/>\n\t<meta name=\"twitter:data2\" content=\"6 minutos\" \/>\n<script type=\"application\/ld+json\" class=\"yoast-schema-graph\">{\"@context\":\"https:\\\/\\\/schema.org\",\"@graph\":[{\"@type\":\"Article\",\"@id\":\"https:\\\/\\\/exaudi.org\\\/es\\\/el-papa-nuestra-mision-difundir-por-doquier-mediante-el-amor-de-dios-y-de-los-hermanos-la-belleza-del-evangelio-de-cristo\\\/#article\",\"isPartOf\":{\"@id\":\"https:\\\/\\\/exaudi.org\\\/es\\\/el-papa-nuestra-mision-difundir-por-doquier-mediante-el-amor-de-dios-y-de-los-hermanos-la-belleza-del-evangelio-de-cristo\\\/\"},\"author\":{\"name\":\"Exaudi Redacci\u00f3n\",\"@id\":\"https:\\\/\\\/exaudi.org\\\/#\\\/schema\\\/person\\\/f5fc8f063065e38742da7afe15f25df7\"},\"headline\":\"El Papa: Nuestra misi\u00f3n: difundir por doquier, mediante el amor de Dios y de los hermanos, la belleza del Evangelio de Cristo\",\"datePublished\":\"2024-09-08T07:42:25+00:00\",\"dateModified\":\"2024-09-08T14:46:08+00:00\",\"mainEntityOfPage\":{\"@id\":\"https:\\\/\\\/exaudi.org\\\/es\\\/el-papa-nuestra-mision-difundir-por-doquier-mediante-el-amor-de-dios-y-de-los-hermanos-la-belleza-del-evangelio-de-cristo\\\/\"},\"wordCount\":1268,\"image\":{\"@id\":\"https:\\\/\\\/exaudi.org\\\/es\\\/el-papa-nuestra-mision-difundir-por-doquier-mediante-el-amor-de-dios-y-de-los-hermanos-la-belleza-del-evangelio-de-cristo\\\/#primaryimage\"},\"thumbnailUrl\":\"https:\\\/\\\/exaudi.org\\\/wp-content\\\/uploads\\\/2024\\\/09\\\/cq5dam.web_.800.800-81.jpeg\",\"keywords\":[\"Discurso\",\"Encuentro\",\"Fieles\",\"NUEVA GUINEA\",\"PAP\u00daA\",\"Trending\",\"Vanino\",\"Viaje Apost\u00f3lico\"],\"articleSection\":[\"Discursos\",\"Le\u00f3n XIV\"],\"inLanguage\":\"es\"},{\"@type\":\"WebPage\",\"@id\":\"https:\\\/\\\/exaudi.org\\\/es\\\/el-papa-nuestra-mision-difundir-por-doquier-mediante-el-amor-de-dios-y-de-los-hermanos-la-belleza-del-evangelio-de-cristo\\\/\",\"url\":\"https:\\\/\\\/exaudi.org\\\/es\\\/el-papa-nuestra-mision-difundir-por-doquier-mediante-el-amor-de-dios-y-de-los-hermanos-la-belleza-del-evangelio-de-cristo\\\/\",\"name\":\"El Papa: Nuestra misi\u00f3n: difundir por doquier, mediante el amor de Dios y de los hermanos, la belleza del Evangelio de Cristo &#8211; Exaudi\",\"isPartOf\":{\"@id\":\"https:\\\/\\\/exaudi.org\\\/#website\"},\"primaryImageOfPage\":{\"@id\":\"https:\\\/\\\/exaudi.org\\\/es\\\/el-papa-nuestra-mision-difundir-por-doquier-mediante-el-amor-de-dios-y-de-los-hermanos-la-belleza-del-evangelio-de-cristo\\\/#primaryimage\"},\"image\":{\"@id\":\"https:\\\/\\\/exaudi.org\\\/es\\\/el-papa-nuestra-mision-difundir-por-doquier-mediante-el-amor-de-dios-y-de-los-hermanos-la-belleza-del-evangelio-de-cristo\\\/#primaryimage\"},\"thumbnailUrl\":\"https:\\\/\\\/exaudi.org\\\/wp-content\\\/uploads\\\/2024\\\/09\\\/cq5dam.web_.800.800-81.jpeg\",\"datePublished\":\"2024-09-08T07:42:25+00:00\",\"dateModified\":\"2024-09-08T14:46:08+00:00\",\"author\":{\"@id\":\"https:\\\/\\\/exaudi.org\\\/#\\\/schema\\\/person\\\/f5fc8f063065e38742da7afe15f25df7\"},\"breadcrumb\":{\"@id\":\"https:\\\/\\\/exaudi.org\\\/es\\\/el-papa-nuestra-mision-difundir-por-doquier-mediante-el-amor-de-dios-y-de-los-hermanos-la-belleza-del-evangelio-de-cristo\\\/#breadcrumb\"},\"inLanguage\":\"es\",\"potentialAction\":[{\"@type\":\"ReadAction\",\"target\":[\"https:\\\/\\\/exaudi.org\\\/es\\\/el-papa-nuestra-mision-difundir-por-doquier-mediante-el-amor-de-dios-y-de-los-hermanos-la-belleza-del-evangelio-de-cristo\\\/\"]}]},{\"@type\":\"ImageObject\",\"inLanguage\":\"es\",\"@id\":\"https:\\\/\\\/exaudi.org\\\/es\\\/el-papa-nuestra-mision-difundir-por-doquier-mediante-el-amor-de-dios-y-de-los-hermanos-la-belleza-del-evangelio-de-cristo\\\/#primaryimage\",\"url\":\"https:\\\/\\\/exaudi.org\\\/wp-content\\\/uploads\\\/2024\\\/09\\\/cq5dam.web_.800.800-81.jpeg\",\"contentUrl\":\"https:\\\/\\\/exaudi.org\\\/wp-content\\\/uploads\\\/2024\\\/09\\\/cq5dam.web_.800.800-81.jpeg\",\"width\":800,\"height\":533},{\"@type\":\"BreadcrumbList\",\"@id\":\"https:\\\/\\\/exaudi.org\\\/es\\\/el-papa-nuestra-mision-difundir-por-doquier-mediante-el-amor-de-dios-y-de-los-hermanos-la-belleza-del-evangelio-de-cristo\\\/#breadcrumb\",\"itemListElement\":[{\"@type\":\"ListItem\",\"position\":1,\"name\":\"Portada\",\"item\":\"https:\\\/\\\/exaudi.org\\\/es\\\/\"},{\"@type\":\"ListItem\",\"position\":2,\"name\":\"El Papa: Nuestra misi\u00f3n: difundir por doquier, mediante el amor de Dios y de los hermanos, la belleza del Evangelio de Cristo\"}]},{\"@type\":\"WebSite\",\"@id\":\"https:\\\/\\\/exaudi.org\\\/#website\",\"url\":\"https:\\\/\\\/exaudi.org\\\/\",\"name\":\"Exaudi\",\"description\":\"News\",\"potentialAction\":[{\"@type\":\"SearchAction\",\"target\":{\"@type\":\"EntryPoint\",\"urlTemplate\":\"https:\\\/\\\/exaudi.org\\\/?s={search_term_string}\"},\"query-input\":{\"@type\":\"PropertyValueSpecification\",\"valueRequired\":true,\"valueName\":\"search_term_string\"}}],\"inLanguage\":\"es\"},{\"@type\":\"Person\",\"@id\":\"https:\\\/\\\/exaudi.org\\\/#\\\/schema\\\/person\\\/f5fc8f063065e38742da7afe15f25df7\",\"name\":\"Exaudi Redacci\u00f3n\",\"image\":{\"@type\":\"ImageObject\",\"inLanguage\":\"es\",\"@id\":\"https:\\\/\\\/secure.gravatar.com\\\/avatar\\\/fe0f6a059fb68d9b3e11bc5850dd4899b1c7492091a3cb6dd9b01b56ad828be2?s=96&d=mm&r=g\",\"url\":\"https:\\\/\\\/secure.gravatar.com\\\/avatar\\\/fe0f6a059fb68d9b3e11bc5850dd4899b1c7492091a3cb6dd9b01b56ad828be2?s=96&d=mm&r=g\",\"contentUrl\":\"https:\\\/\\\/secure.gravatar.com\\\/avatar\\\/fe0f6a059fb68d9b3e11bc5850dd4899b1c7492091a3cb6dd9b01b56ad828be2?s=96&d=mm&r=g\",\"caption\":\"Exaudi Redacci\u00f3n\"},\"description\":\"\u00bfQu\u00e9 es Exaudi News? Exaudi News es un medio de comunicaci\u00f3n cat\u00f3lico internacional que informa, forma y transforma, diariamente en espa\u00f1ol, ingl\u00e9s e italiano. A trav\u00e9s de noticias, art\u00edculos de an\u00e1lisis y transmisiones en directo de los eventos del Papa, Exaudi busca fortalecer la unidad de los cristianos y contribuir a la evangelizaci\u00f3n del mundo, siempre guiados por la doctrina social de la Iglesia. Trabajamos para acercar la verdad y los valores cristianos a cada rinc\u00f3n del planeta. \u00a1Ay\u00fadanos a transformar el mundo con Exaudi! En Exaudi creemos que la evangelizaci\u00f3n y la informaci\u00f3n de calidad pueden cambiar vidas. Para continuar con nuestra misi\u00f3n y expandir nuestro alcance, necesitamos tu ayuda. Adem\u00e1s, buscamos personas comprometidas que deseen unirse a nuestro equipo. Con tu apoyo, lograremos llegar a m\u00e1s personas, difundir el mensaje de Cristo y reforzar la unidad de los cristianos. \u00bfTe unes a nuestra misi\u00f3n? Para m\u00e1s informaci\u00f3n sobre c\u00f3mo colaborar, visita Exaudi.org\\\/es o cont\u00e1ctanos directamente: info@exaudi.org Exaudi: Informa, forma y transforma.\",\"sameAs\":[\"https:\\\/\\\/www.facebook.com\\\/ExaudiNoticias\\\/\",\"https:\\\/\\\/www.instagram.com\\\/exaudi_noticias\\\/\",\"https:\\\/\\\/x.com\\\/Exaudi_noticias\",\"https:\\\/\\\/www.youtube.com\\\/@exaudicatholicnews\"],\"url\":\"https:\\\/\\\/exaudi.org\\\/es\\\/author\\\/redaccionexaudi\\\/\"}]}<\/script>\n<!-- \/ Yoast SEO plugin. -->","yoast_head_json":{"title":"El Papa: Nuestra misi\u00f3n: difundir por doquier, mediante el amor de Dios y de los hermanos, la belleza del Evangelio de Cristo &#8211; Exaudi","robots":{"index":"index","follow":"follow","max-snippet":"max-snippet:-1","max-image-preview":"max-image-preview:large","max-video-preview":"max-video-preview:-1"},"canonical":"https:\/\/exaudi.org\/es\/el-papa-nuestra-mision-difundir-por-doquier-mediante-el-amor-de-dios-y-de-los-hermanos-la-belleza-del-evangelio-de-cristo\/","og_locale":"es_ES","og_type":"article","og_title":"El Papa: Nuestra misi\u00f3n: difundir por doquier, mediante el amor de Dios y de los hermanos, la belleza del Evangelio de Cristo &#8211; Exaudi","og_description":"Encuentro con los fieles de la di\u00f3cesis de Vanino","og_url":"https:\/\/exaudi.org\/es\/el-papa-nuestra-mision-difundir-por-doquier-mediante-el-amor-de-dios-y-de-los-hermanos-la-belleza-del-evangelio-de-cristo\/","og_site_name":"Exaudi","article_publisher":"https:\/\/www.facebook.com\/ExaudiNews","article_author":"https:\/\/www.facebook.com\/ExaudiNoticias\/","article_published_time":"2024-09-08T07:42:25+00:00","article_modified_time":"2024-09-08T14:46:08+00:00","og_image":[{"width":800,"height":533,"url":"https:\/\/exaudi.org\/wp-content\/uploads\/2024\/09\/cq5dam.web_.800.800-81.jpeg","type":"image\/jpeg"}],"author":"Exaudi Redacci\u00f3n","twitter_card":"summary_large_image","twitter_creator":"@Exaudi_noticias","twitter_site":"@Exaudi_News","twitter_misc":{"Escrito por":"Exaudi Redacci\u00f3n","Tiempo de lectura":"6 minutos"},"schema":{"@context":"https:\/\/schema.org","@graph":[{"@type":"Article","@id":"https:\/\/exaudi.org\/es\/el-papa-nuestra-mision-difundir-por-doquier-mediante-el-amor-de-dios-y-de-los-hermanos-la-belleza-del-evangelio-de-cristo\/#article","isPartOf":{"@id":"https:\/\/exaudi.org\/es\/el-papa-nuestra-mision-difundir-por-doquier-mediante-el-amor-de-dios-y-de-los-hermanos-la-belleza-del-evangelio-de-cristo\/"},"author":{"name":"Exaudi Redacci\u00f3n","@id":"https:\/\/exaudi.org\/#\/schema\/person\/f5fc8f063065e38742da7afe15f25df7"},"headline":"El Papa: Nuestra misi\u00f3n: difundir por doquier, mediante el amor de Dios y de los hermanos, la belleza del Evangelio de Cristo","datePublished":"2024-09-08T07:42:25+00:00","dateModified":"2024-09-08T14:46:08+00:00","mainEntityOfPage":{"@id":"https:\/\/exaudi.org\/es\/el-papa-nuestra-mision-difundir-por-doquier-mediante-el-amor-de-dios-y-de-los-hermanos-la-belleza-del-evangelio-de-cristo\/"},"wordCount":1268,"image":{"@id":"https:\/\/exaudi.org\/es\/el-papa-nuestra-mision-difundir-por-doquier-mediante-el-amor-de-dios-y-de-los-hermanos-la-belleza-del-evangelio-de-cristo\/#primaryimage"},"thumbnailUrl":"https:\/\/exaudi.org\/wp-content\/uploads\/2024\/09\/cq5dam.web_.800.800-81.jpeg","keywords":["Discurso","Encuentro","Fieles","NUEVA GUINEA","PAP\u00daA","Trending","Vanino","Viaje Apost\u00f3lico"],"articleSection":["Discursos","Le\u00f3n XIV"],"inLanguage":"es"},{"@type":"WebPage","@id":"https:\/\/exaudi.org\/es\/el-papa-nuestra-mision-difundir-por-doquier-mediante-el-amor-de-dios-y-de-los-hermanos-la-belleza-del-evangelio-de-cristo\/","url":"https:\/\/exaudi.org\/es\/el-papa-nuestra-mision-difundir-por-doquier-mediante-el-amor-de-dios-y-de-los-hermanos-la-belleza-del-evangelio-de-cristo\/","name":"El Papa: Nuestra misi\u00f3n: difundir por doquier, mediante el amor de Dios y de los hermanos, la belleza del Evangelio de Cristo &#8211; Exaudi","isPartOf":{"@id":"https:\/\/exaudi.org\/#website"},"primaryImageOfPage":{"@id":"https:\/\/exaudi.org\/es\/el-papa-nuestra-mision-difundir-por-doquier-mediante-el-amor-de-dios-y-de-los-hermanos-la-belleza-del-evangelio-de-cristo\/#primaryimage"},"image":{"@id":"https:\/\/exaudi.org\/es\/el-papa-nuestra-mision-difundir-por-doquier-mediante-el-amor-de-dios-y-de-los-hermanos-la-belleza-del-evangelio-de-cristo\/#primaryimage"},"thumbnailUrl":"https:\/\/exaudi.org\/wp-content\/uploads\/2024\/09\/cq5dam.web_.800.800-81.jpeg","datePublished":"2024-09-08T07:42:25+00:00","dateModified":"2024-09-08T14:46:08+00:00","author":{"@id":"https:\/\/exaudi.org\/#\/schema\/person\/f5fc8f063065e38742da7afe15f25df7"},"breadcrumb":{"@id":"https:\/\/exaudi.org\/es\/el-papa-nuestra-mision-difundir-por-doquier-mediante-el-amor-de-dios-y-de-los-hermanos-la-belleza-del-evangelio-de-cristo\/#breadcrumb"},"inLanguage":"es","potentialAction":[{"@type":"ReadAction","target":["https:\/\/exaudi.org\/es\/el-papa-nuestra-mision-difundir-por-doquier-mediante-el-amor-de-dios-y-de-los-hermanos-la-belleza-del-evangelio-de-cristo\/"]}]},{"@type":"ImageObject","inLanguage":"es","@id":"https:\/\/exaudi.org\/es\/el-papa-nuestra-mision-difundir-por-doquier-mediante-el-amor-de-dios-y-de-los-hermanos-la-belleza-del-evangelio-de-cristo\/#primaryimage","url":"https:\/\/exaudi.org\/wp-content\/uploads\/2024\/09\/cq5dam.web_.800.800-81.jpeg","contentUrl":"https:\/\/exaudi.org\/wp-content\/uploads\/2024\/09\/cq5dam.web_.800.800-81.jpeg","width":800,"height":533},{"@type":"BreadcrumbList","@id":"https:\/\/exaudi.org\/es\/el-papa-nuestra-mision-difundir-por-doquier-mediante-el-amor-de-dios-y-de-los-hermanos-la-belleza-del-evangelio-de-cristo\/#breadcrumb","itemListElement":[{"@type":"ListItem","position":1,"name":"Portada","item":"https:\/\/exaudi.org\/es\/"},{"@type":"ListItem","position":2,"name":"El Papa: Nuestra misi\u00f3n: difundir por doquier, mediante el amor de Dios y de los hermanos, la belleza del Evangelio de Cristo"}]},{"@type":"WebSite","@id":"https:\/\/exaudi.org\/#website","url":"https:\/\/exaudi.org\/","name":"Exaudi","description":"News","potentialAction":[{"@type":"SearchAction","target":{"@type":"EntryPoint","urlTemplate":"https:\/\/exaudi.org\/?s={search_term_string}"},"query-input":{"@type":"PropertyValueSpecification","valueRequired":true,"valueName":"search_term_string"}}],"inLanguage":"es"},{"@type":"Person","@id":"https:\/\/exaudi.org\/#\/schema\/person\/f5fc8f063065e38742da7afe15f25df7","name":"Exaudi Redacci\u00f3n","image":{"@type":"ImageObject","inLanguage":"es","@id":"https:\/\/secure.gravatar.com\/avatar\/fe0f6a059fb68d9b3e11bc5850dd4899b1c7492091a3cb6dd9b01b56ad828be2?s=96&d=mm&r=g","url":"https:\/\/secure.gravatar.com\/avatar\/fe0f6a059fb68d9b3e11bc5850dd4899b1c7492091a3cb6dd9b01b56ad828be2?s=96&d=mm&r=g","contentUrl":"https:\/\/secure.gravatar.com\/avatar\/fe0f6a059fb68d9b3e11bc5850dd4899b1c7492091a3cb6dd9b01b56ad828be2?s=96&d=mm&r=g","caption":"Exaudi Redacci\u00f3n"},"description":"\u00bfQu\u00e9 es Exaudi News? Exaudi News es un medio de comunicaci\u00f3n cat\u00f3lico internacional que informa, forma y transforma, diariamente en espa\u00f1ol, ingl\u00e9s e italiano. A trav\u00e9s de noticias, art\u00edculos de an\u00e1lisis y transmisiones en directo de los eventos del Papa, Exaudi busca fortalecer la unidad de los cristianos y contribuir a la evangelizaci\u00f3n del mundo, siempre guiados por la doctrina social de la Iglesia. Trabajamos para acercar la verdad y los valores cristianos a cada rinc\u00f3n del planeta. \u00a1Ay\u00fadanos a transformar el mundo con Exaudi! En Exaudi creemos que la evangelizaci\u00f3n y la informaci\u00f3n de calidad pueden cambiar vidas. Para continuar con nuestra misi\u00f3n y expandir nuestro alcance, necesitamos tu ayuda. Adem\u00e1s, buscamos personas comprometidas que deseen unirse a nuestro equipo. Con tu apoyo, lograremos llegar a m\u00e1s personas, difundir el mensaje de Cristo y reforzar la unidad de los cristianos. \u00bfTe unes a nuestra misi\u00f3n? Para m\u00e1s informaci\u00f3n sobre c\u00f3mo colaborar, visita Exaudi.org\/es o cont\u00e1ctanos directamente: info@exaudi.org Exaudi: Informa, forma y transforma.","sameAs":["https:\/\/www.facebook.com\/ExaudiNoticias\/","https:\/\/www.instagram.com\/exaudi_noticias\/","https:\/\/x.com\/Exaudi_noticias","https:\/\/www.youtube.com\/@exaudicatholicnews"],"url":"https:\/\/exaudi.org\/es\/author\/redaccionexaudi\/"}]}},"jetpack_featured_media_url":"https:\/\/exaudi.org\/wp-content\/uploads\/2024\/09\/cq5dam.web_.800.800-81.jpeg","jetpack_shortlink":"https:\/\/wp.me\/pgKjF2-s0H","_links":{"self":[{"href":"https:\/\/exaudi.org\/es\/wp-json\/wp\/v2\/posts\/107675","targetHints":{"allow":["GET"]}}],"collection":[{"href":"https:\/\/exaudi.org\/es\/wp-json\/wp\/v2\/posts"}],"about":[{"href":"https:\/\/exaudi.org\/es\/wp-json\/wp\/v2\/types\/post"}],"author":[{"embeddable":true,"href":"https:\/\/exaudi.org\/es\/wp-json\/wp\/v2\/users\/15"}],"replies":[{"embeddable":true,"href":"https:\/\/exaudi.org\/es\/wp-json\/wp\/v2\/comments?post=107675"}],"version-history":[{"count":0,"href":"https:\/\/exaudi.org\/es\/wp-json\/wp\/v2\/posts\/107675\/revisions"}],"wp:featuredmedia":[{"embeddable":true,"href":"https:\/\/exaudi.org\/es\/wp-json\/wp\/v2\/media\/107679"}],"wp:attachment":[{"href":"https:\/\/exaudi.org\/es\/wp-json\/wp\/v2\/media?parent=107675"}],"wp:term":[{"taxonomy":"category","embeddable":true,"href":"https:\/\/exaudi.org\/es\/wp-json\/wp\/v2\/categories?post=107675"},{"taxonomy":"post_tag","embeddable":true,"href":"https:\/\/exaudi.org\/es\/wp-json\/wp\/v2\/tags?post=107675"}],"curies":[{"name":"wp","href":"https:\/\/api.w.org\/{rel}","templated":true}]}}