{"id":107312,"date":"2024-09-02T12:14:37","date_gmt":"2024-09-02T10:14:37","guid":{"rendered":"https:\/\/exaudi.org\/?p=107312"},"modified":"2024-09-02T12:17:04","modified_gmt":"2024-09-02T10:17:04","slug":"quien-es-el-nuevo-beato-que-el-papa-aplaudio-durante-el-angelus","status":"publish","type":"post","link":"https:\/\/exaudi.org\/es\/quien-es-el-nuevo-beato-que-el-papa-aplaudio-durante-el-angelus\/","title":{"rendered":"\u00bfQui\u00e9n es el nuevo beato que el Papa aplaudi\u00f3 durante el \u00e1ngelus?"},"content":{"rendered":"<audio class=\"wp-audio-shortcode\" id=\"audio-107312-1\" preload=\"none\" style=\"width: 100%;\" controls=\"controls\"><source type=\"audio\/mpeg\" src=\"https:\/\/exaudi.org\/wp-content\/uploads\/2024\/09\/Nuevo-beato.mp3?_=1\" \/><a href=\"https:\/\/exaudi.org\/wp-content\/uploads\/2024\/09\/Nuevo-beato.mp3\">https:\/\/exaudi.org\/wp-content\/uploads\/2024\/09\/Nuevo-beato.mp3<\/a><\/audio>\n<p><i><span style=\"font-weight: 400\">Havl\u00edk fue beatificado el 31 de agosto en Eslovaquia, reconoci\u00e9ndose su valent\u00eda y fidelidad al Evangelio bajo el r\u00e9gimen comunista.<\/span><\/i><\/p>\n<h3><b>Un ejemplo de esperanza y perd\u00f3n<\/b><\/h3>\n<p><span style=\"font-weight: 400\">El 31 de agosto, en el Santuario Nacional de \u0160a\u0161t\u00edn, Eslovaquia, tuvo lugar la ceremonia de beatificaci\u00f3n de J\u00e1n Havl\u00edk, CM, un seminarista eslovaco de la <\/span><a href=\"https:\/\/congregatiomissionis.org\/\" target=\"_blank\" rel=\"noopener\"><span style=\"font-weight: 400\">Congregaci\u00f3n de la Misi\u00f3n<\/span><\/a><span style=\"font-weight: 400\"> de San Vicente de Pa\u00fal. Nacido el 12 de febrero de 1928, Havl\u00edk sufri\u00f3 persecuci\u00f3n, tortura y trabajos forzados durante 14 a\u00f1os bajo el r\u00e9gimen comunista, debido a su firmeza en la fe cristiana y su deseo de convertirse en sacerdote.\u00a0<\/span><\/p>\n<p><span style=\"font-weight: 400\">Durante la ceremonia de beatificaci\u00f3n, el <\/span><b>cardenal Marcello Semeraro<\/b><span style=\"font-weight: 400\">, prefecto del Dicasterio para las Causas de los Santos, quien presidi\u00f3 el rito, describi\u00f3 a <\/span><b>J\u00e1n Havl\u00edk<\/b><span style=\"font-weight: 400\"> como \u201c<\/span><b>una persona equilibrada, gozosa, alegre en compa\u00f1\u00eda, abierta y atenta a las necesidades de los dem\u00e1s\u201d<\/b><span style=\"font-weight: 400\">, que tras su detenci\u00f3n vio el deterioro progresivo de su salud. El cardenal afirm\u00f3: <\/span><b>\u201cEl amor de Cristo es la fuerza que nos hace vencer la debilidad, la energ\u00eda que nos hace vencer el miedo, la luz que nos hace vencer las tinieblas.\u201d<\/b><span style=\"font-weight: 400\"> Adem\u00e1s, destac\u00f3 que <\/span><b>\u201cfue la virtud de la esperanza la que lo hizo crecer y sostuvo su vocaci\u00f3n. Un signo de esperanza, de hecho, es ya la elecci\u00f3n de ser disc\u00edpulo de San Vicente de Pa\u00fal\u201d<\/b><span style=\"font-weight: 400\">, un santo que dio esperanza a los pobres y a los que sufren. <\/span><b>\u201cJ\u00e1n fue verdaderamente un rayo de sol para quienes lo conocieron.\u201d<\/b><\/p>\n<h3><b>Las palabras del Papa Francisco<\/b><\/h3>\n<p><span style=\"font-weight: 400\">El <\/span><b>Papa Francisco<\/b><span style=\"font-weight: 400\">, en el rezo del \u00c1ngelus, pidi\u00f3 un aplauso para el nuevo beato y expres\u00f3: <\/span><b>\u201cQue su perseverancia en dar testimonio de la fe en Cristo sea un est\u00edmulo para cuantos hoy sufren pruebas similares\u201d<\/b><span style=\"font-weight: 400\">. Las palabras del Santo Padre resonaron como un llamado a la comunidad internacional para reconocer y valorar la fuerza del testimonio cristiano frente a la persecuci\u00f3n. Los fieles presentes en la Plaza de San Pedro, con un grupo de eslovacos a la cabeza, secundaron con entusiasmo el aplauso al nuevo beato.<\/span><\/p>\n<h3><b>La visi\u00f3n de la Congregaci\u00f3n de la Misi\u00f3n<\/b><\/h3>\n<p><span style=\"font-weight: 400\">El superior general de la <\/span><b>Congregaci\u00f3n de la Misi\u00f3n<\/b><span style=\"font-weight: 400\">, el padre <\/span><b>Toma\u017e Mavri\u010d<\/b> <b>C.M.<\/b><span style=\"font-weight: 400\">, tambi\u00e9n presente en la ceremonia, subray\u00f3 la importancia de este evento para todo el Movimiento de la <\/span><b>Familia Vicenciana<\/b><span style=\"font-weight: 400\">. <\/span><b>\u201cEl Beato J\u00e1n Havl\u00edk nos muestra con su ejemplo c\u00f3mo logr\u00f3 encarnar la espiritualidad y el carisma vicenciano en su vida, en un per\u00edodo hist\u00f3rico espec\u00edfico y dif\u00edcil\u201d<\/b><span style=\"font-weight: 400\">, expres\u00f3 Mavric. Seg\u00fan \u00e9l, la beatificaci\u00f3n de J\u00e1n es <\/span><b>\u00abuna invitaci\u00f3n celestial a renovar el esp\u00edritu de misericordia hacia los necesitados\u00bb<\/b><span style=\"font-weight: 400\"> y un est\u00edmulo para seguir con valent\u00eda los valores de la fe.<\/span><\/p>\n<h3><b>Un testimonio de fidelidad a Dios<\/b><\/h3>\n<p><span style=\"font-weight: 400\">En la homil\u00eda del rito de la beatificaci\u00f3n, el <\/span><b>cardenal Semeraro <\/b><span style=\"font-weight: 400\">record\u00f3 las palabras del beato J\u00e1n Havl\u00edk a sus compa\u00f1eros prisioneros: <\/span><b>\u201cMostrad ahora lo que llev\u00e1is dentro, lo que realmente pens\u00e1is de vuestra vocaci\u00f3n misionera.\u201d<\/b><span style=\"font-weight: 400\"> Estas palabras resonaron con fuerza entre los fieles congregados en la Bas\u00edlica de los Siete Dolores de la Virgen Mar\u00eda, recordando a todos que J\u00e1n Havl\u00edk, incluso en prisi\u00f3n, mantuvo una actitud misionera inquebrantable. Organiz\u00f3 misas secretas, distribu\u00eda la comuni\u00f3n y profesaba su fe abiertamente ante los guardias, siendo llamado \u201cel sacerdote\u201d por sus compa\u00f1eros.<\/span><\/p>\n<h3><b>Una inspiraci\u00f3n para hoy<\/b><\/h3>\n<p><span style=\"font-weight: 400\">El <\/span><b>padre Mavric<\/b><span style=\"font-weight: 400\">, superior de la Congregaci\u00f3n, subray\u00f3 que la figura de <\/span><b>J\u00e1n Havl\u00edk<\/b><span style=\"font-weight: 400\"> sigue siendo un testimonio luminoso para muchos j\u00f3venes, inspir\u00e1ndolos a la fidelidad y al sacrificio incluso en circunstancias adversas. <\/span><b>\u201cEl testimonio de la vida de J\u00e1n muestra que vale la pena ser valientes en hacer misericordia al pr\u00f3jimo, porque al final, el recompensador ser\u00e1 el Padre celestial\u201d<\/b><span style=\"font-weight: 400\">, afirm\u00f3 el superior general. Asimismo, destac\u00f3 que Havl\u00edk es un modelo de celo apost\u00f3lico, un ejemplo de c\u00f3mo anunciar el Evangelio y llevar esperanza en condiciones dif\u00edciles.<\/span><\/p>\n<p><span style=\"font-weight: 400\">El cardenal Semeraro hizo un llamado a todos los presentes: <\/span><b>\u201cQue la vida del Beato J\u00e1n Havl\u00edk nos inspire a vivir nuestra fe con valent\u00eda y compromiso, recordando que cada momento, incluso en la dificultad, es una oportunidad para dar testimonio de Cristo.\u201d<\/b><span style=\"font-weight: 400\"> Estas palabras fueron recibidas con un fuerte aplauso de los fieles y miembros del Movimiento de la Familia Vicenciana presentes en \u0160a\u0161t\u00edn.<\/span><\/p>\n<h3><b>Un legado duradero<\/b><\/h3>\n<p><span style=\"font-weight: 400\">La vida y el sacrificio de J\u00e1n Havl\u00edk siguen resonando en la actualidad como un llamado a mantener viva la fe y la esperanza, incluso en los tiempos m\u00e1s oscuros. La Congregaci\u00f3n de la Misi\u00f3n, que se encuentra a las puertas del <\/span><a href=\"http:\/\/jubileum400cm.org\/\" target=\"_blank\" rel=\"noopener\"><b>Jubileo por los 400 a\u00f1os de su fundaci\u00f3n<\/b><\/a><span style=\"font-weight: 400\">, ve en su beatificaci\u00f3n un motivo de gratitud y una oportunidad para renovar su esp\u00edritu misionero, siguiendo el ejemplo de caridad y servicio que \u00e9l encarn\u00f3 hasta el final de sus d\u00edas.<\/span><\/p>\n<h3><b>Acerca de la Congregaci\u00f3n de la Misi\u00f3n<\/b><\/h3>\n<p><b><\/b><span style=\"font-weight: 400\">La Congregaci\u00f3n de la Misi\u00f3n (CM) de San Vicente de Pa\u00fal es una \u201csociedad de vida apost\u00f3lica\u201d, gobernada por las Asambleas Generales que se celebran cada seis a\u00f1os, y por un Superior General, que reside en Roma y es apoyado por un Vicario General y Cuatro Asistentes. Est\u00e1 compuesta por sacerdotes y hermanos, unos y otros consagrados a la evangelizaci\u00f3n de los pobres, por medio de los votos. San Vicente de Pa\u00fal recomend\u00f3 a los suyos la pr\u00e1ctica de cinco virtudes: la humildad, la sencillez, la mansedumbre, la mortificaci\u00f3n y el celo apost\u00f3lico. Ellas son disposiciones interiores indispensables en el anuncio del Evangelio. La obra principal sigue siendo la que quiso San Vicente de Pa\u00fal: las misiones populares, cuidando de formar a los laicos. Estas se realizan a trav\u00e9s de un tiempo fuerte (tres a cinco semanas) y un tiempo largo de impulso (seis a diez a\u00f1os) en un sector. La comunidad tambi\u00e9n anima parroquias y peregrinaciones en la l\u00ednea de acoger y formar. M\u00e1s informaci\u00f3n: <\/span><a href=\"http:\/\/cmglobal.org\/es\/\" target=\"_blank\" rel=\"noopener\"><span style=\"font-weight: 400\">cmglobal.org\/es\/<\/span><\/a><span style=\"font-weight: 400\"> \u00a0<\/span><\/p>\n<p><img loading=\"lazy\" decoding=\"async\" class=\"size-full wp-image-107328 alignnone\" src=\"https:\/\/exaudi.org\/wp-content\/uploads\/2024\/09\/Infographic-Jan-Havlik-CM-A3-ES-scaled.jpg\" alt=\"\" width=\"2560\" height=\"1810\" srcset=\"https:\/\/exaudi.org\/wp-content\/uploads\/2024\/09\/Infographic-Jan-Havlik-CM-A3-ES-scaled.jpg 2560w, https:\/\/exaudi.org\/wp-content\/uploads\/2024\/09\/Infographic-Jan-Havlik-CM-A3-ES-300x212.jpg 300w, https:\/\/exaudi.org\/wp-content\/uploads\/2024\/09\/Infographic-Jan-Havlik-CM-A3-ES-1024x724.jpg 1024w, https:\/\/exaudi.org\/wp-content\/uploads\/2024\/09\/Infographic-Jan-Havlik-CM-A3-ES-770x545.jpg 770w, https:\/\/exaudi.org\/wp-content\/uploads\/2024\/09\/Infographic-Jan-Havlik-CM-A3-ES-1536x1086.jpg 1536w, https:\/\/exaudi.org\/wp-content\/uploads\/2024\/09\/Infographic-Jan-Havlik-CM-A3-ES-2048x1448.jpg 2048w, https:\/\/exaudi.org\/wp-content\/uploads\/2024\/09\/Infographic-Jan-Havlik-CM-A3-ES-500x354.jpg 500w, https:\/\/exaudi.org\/wp-content\/uploads\/2024\/09\/Infographic-Jan-Havlik-CM-A3-ES-293x207.jpg 293w, https:\/\/exaudi.org\/wp-content\/uploads\/2024\/09\/Infographic-Jan-Havlik-CM-A3-ES-1400x990.jpg 1400w, https:\/\/exaudi.org\/wp-content\/uploads\/2024\/09\/Infographic-Jan-Havlik-CM-A3-ES-390x276.jpg 390w\" sizes=\"auto, (max-width: 2560px) 100vw, 2560px\" \/><\/p>\n","protected":false},"excerpt":{"rendered":"<p>Durante el \u00c1ngelus del 1 de septiembre, el Papa Francisco pidi\u00f3 un aplauso para el nuevo beato J\u00e1n Havl\u00edk, seminarista de la Congregaci\u00f3n de la Misi\u00f3n, destacando su perseverancia en la fe<\/p>\n","protected":false},"author":15,"featured_media":107325,"comment_status":"closed","ping_status":"closed","sticky":false,"template":"","format":"standard","meta":{"_acf_changed":false,"_crdt_document":"","inline_featured_image":false,"footnotes":""},"categories":[74],"tags":[191,2034,23042,4574,6558,17440,3127,23046,17563,23040,23045,11605,23041,158,23043,18477,4269,23044,4953,19540],"class_list":["post-107312","post","type-post","status-publish","format-standard","has-post-thumbnail","hentry","category-iglesia-y-mundo","tag-angelus","tag-beatificacion","tag-beatificacion-jan-havlik","tag-cardenal-marcello-semeraro","tag-congregacion-de-la-mision","tag-ejemplo-de-fe","tag-eslovaquia","tag-espiritualidad-vicenciana","tag-fe-cristiana","tag-havlik","tag-inspiracion-religiosa","tag-jan-havlik","tag-nuevo-beato","tag-papa-francisco","tag-perseverancia-en-la-fe","tag-regimen-comunista","tag-san-vicente-de-paul","tag-testimonio-cristiano","tag-trending-es","tag-valores-cristianos"],"acf":[],"yoast_head":"<!-- This site is optimized with the Yoast SEO plugin v27.4 - https:\/\/yoast.com\/product\/yoast-seo-wordpress\/ -->\n<title>\u00bfQui\u00e9n es el nuevo beato que el Papa aplaudi\u00f3 durante el \u00e1ngelus? &#8211; Exaudi<\/title>\n<meta name=\"robots\" content=\"index, follow, max-snippet:-1, max-image-preview:large, max-video-preview:-1\" \/>\n<link rel=\"canonical\" href=\"https:\/\/exaudi.org\/es\/quien-es-el-nuevo-beato-que-el-papa-aplaudio-durante-el-angelus\/\" \/>\n<meta property=\"og:locale\" content=\"es_ES\" \/>\n<meta property=\"og:type\" content=\"article\" \/>\n<meta property=\"og:title\" content=\"\u00bfQui\u00e9n es el nuevo beato que el Papa aplaudi\u00f3 durante el \u00e1ngelus? &#8211; Exaudi\" \/>\n<meta property=\"og:description\" content=\"Durante el \u00c1ngelus del 1 de septiembre, el Papa Francisco pidi\u00f3 un aplauso para el nuevo beato J\u00e1n Havl\u00edk, seminarista de la Congregaci\u00f3n de la Misi\u00f3n, destacando su perseverancia en la fe\" \/>\n<meta property=\"og:url\" content=\"https:\/\/exaudi.org\/es\/quien-es-el-nuevo-beato-que-el-papa-aplaudio-durante-el-angelus\/\" \/>\n<meta property=\"og:site_name\" content=\"Exaudi\" \/>\n<meta property=\"article:publisher\" content=\"https:\/\/www.facebook.com\/ExaudiNews\" \/>\n<meta property=\"article:author\" content=\"https:\/\/www.facebook.com\/ExaudiNoticias\/\" \/>\n<meta property=\"article:published_time\" content=\"2024-09-02T10:14:37+00:00\" \/>\n<meta property=\"article:modified_time\" content=\"2024-09-02T10:17:04+00:00\" \/>\n<meta property=\"og:image\" content=\"https:\/\/exaudi.org\/wp-content\/uploads\/2024\/09\/Beatifacion-de-Jan-Havlik-3-Congregacion-de-la-Mision-CM.png\" \/>\n\t<meta property=\"og:image:width\" content=\"600\" \/>\n\t<meta property=\"og:image:height\" content=\"600\" \/>\n\t<meta property=\"og:image:type\" content=\"image\/png\" \/>\n<meta name=\"author\" content=\"Exaudi Redacci\u00f3n\" \/>\n<meta name=\"twitter:card\" content=\"summary_large_image\" \/>\n<meta name=\"twitter:creator\" content=\"@Exaudi_noticias\" \/>\n<meta name=\"twitter:site\" content=\"@Exaudi_News\" \/>\n<meta name=\"twitter:label1\" content=\"Escrito por\" \/>\n\t<meta name=\"twitter:data1\" content=\"Exaudi Redacci\u00f3n\" \/>\n\t<meta name=\"twitter:label2\" content=\"Tiempo de lectura\" \/>\n\t<meta name=\"twitter:data2\" content=\"5 minutos\" \/>\n<script type=\"application\/ld+json\" class=\"yoast-schema-graph\">{\"@context\":\"https:\\\/\\\/schema.org\",\"@graph\":[{\"@type\":\"Article\",\"@id\":\"https:\\\/\\\/exaudi.org\\\/es\\\/quien-es-el-nuevo-beato-que-el-papa-aplaudio-durante-el-angelus\\\/#article\",\"isPartOf\":{\"@id\":\"https:\\\/\\\/exaudi.org\\\/es\\\/quien-es-el-nuevo-beato-que-el-papa-aplaudio-durante-el-angelus\\\/\"},\"author\":{\"name\":\"Exaudi Redacci\u00f3n\",\"@id\":\"https:\\\/\\\/exaudi.org\\\/#\\\/schema\\\/person\\\/f5fc8f063065e38742da7afe15f25df7\"},\"headline\":\"\u00bfQui\u00e9n es el nuevo beato que el Papa aplaudi\u00f3 durante el \u00e1ngelus?\",\"datePublished\":\"2024-09-02T10:14:37+00:00\",\"dateModified\":\"2024-09-02T10:17:04+00:00\",\"mainEntityOfPage\":{\"@id\":\"https:\\\/\\\/exaudi.org\\\/es\\\/quien-es-el-nuevo-beato-que-el-papa-aplaudio-durante-el-angelus\\\/\"},\"wordCount\":1085,\"image\":{\"@id\":\"https:\\\/\\\/exaudi.org\\\/es\\\/quien-es-el-nuevo-beato-que-el-papa-aplaudio-durante-el-angelus\\\/#primaryimage\"},\"thumbnailUrl\":\"https:\\\/\\\/exaudi.org\\\/wp-content\\\/uploads\\\/2024\\\/09\\\/Beatifacion-de-Jan-Havlik-3-Congregacion-de-la-Mision-CM.png\",\"keywords\":[\"\u00e1ngelus\",\"Beatificaci\u00f3n\",\"beatificaci\u00f3n J\u00e1n Havl\u00edk\",\"Cardenal Marcello Semeraro\",\"Congregaci\u00f3n de la Misi\u00f3n\",\"ejemplo de fe\",\"Eslovaquia\",\"espiritualidad vicenciana\",\"Fe cristiana\",\"Havl\u00edk\",\"inspiraci\u00f3n religiosa\",\"J\u00e1n Havl\u00edk\",\"nuevo beato\",\"papa francisco\",\"perseverancia en la fe\",\"r\u00e9gimen comunista\",\"San Vicente de Pa\u00fal\",\"testimonio cristiano\",\"Trending\",\"valores cristianos\"],\"articleSection\":[\"Iglesia y Mundo\"],\"inLanguage\":\"es\"},{\"@type\":\"WebPage\",\"@id\":\"https:\\\/\\\/exaudi.org\\\/es\\\/quien-es-el-nuevo-beato-que-el-papa-aplaudio-durante-el-angelus\\\/\",\"url\":\"https:\\\/\\\/exaudi.org\\\/es\\\/quien-es-el-nuevo-beato-que-el-papa-aplaudio-durante-el-angelus\\\/\",\"name\":\"\u00bfQui\u00e9n es el nuevo beato que el Papa aplaudi\u00f3 durante el \u00e1ngelus? &#8211; Exaudi\",\"isPartOf\":{\"@id\":\"https:\\\/\\\/exaudi.org\\\/#website\"},\"primaryImageOfPage\":{\"@id\":\"https:\\\/\\\/exaudi.org\\\/es\\\/quien-es-el-nuevo-beato-que-el-papa-aplaudio-durante-el-angelus\\\/#primaryimage\"},\"image\":{\"@id\":\"https:\\\/\\\/exaudi.org\\\/es\\\/quien-es-el-nuevo-beato-que-el-papa-aplaudio-durante-el-angelus\\\/#primaryimage\"},\"thumbnailUrl\":\"https:\\\/\\\/exaudi.org\\\/wp-content\\\/uploads\\\/2024\\\/09\\\/Beatifacion-de-Jan-Havlik-3-Congregacion-de-la-Mision-CM.png\",\"datePublished\":\"2024-09-02T10:14:37+00:00\",\"dateModified\":\"2024-09-02T10:17:04+00:00\",\"author\":{\"@id\":\"https:\\\/\\\/exaudi.org\\\/#\\\/schema\\\/person\\\/f5fc8f063065e38742da7afe15f25df7\"},\"breadcrumb\":{\"@id\":\"https:\\\/\\\/exaudi.org\\\/es\\\/quien-es-el-nuevo-beato-que-el-papa-aplaudio-durante-el-angelus\\\/#breadcrumb\"},\"inLanguage\":\"es\",\"potentialAction\":[{\"@type\":\"ReadAction\",\"target\":[\"https:\\\/\\\/exaudi.org\\\/es\\\/quien-es-el-nuevo-beato-que-el-papa-aplaudio-durante-el-angelus\\\/\"]}]},{\"@type\":\"ImageObject\",\"inLanguage\":\"es\",\"@id\":\"https:\\\/\\\/exaudi.org\\\/es\\\/quien-es-el-nuevo-beato-que-el-papa-aplaudio-durante-el-angelus\\\/#primaryimage\",\"url\":\"https:\\\/\\\/exaudi.org\\\/wp-content\\\/uploads\\\/2024\\\/09\\\/Beatifacion-de-Jan-Havlik-3-Congregacion-de-la-Mision-CM.png\",\"contentUrl\":\"https:\\\/\\\/exaudi.org\\\/wp-content\\\/uploads\\\/2024\\\/09\\\/Beatifacion-de-Jan-Havlik-3-Congregacion-de-la-Mision-CM.png\",\"width\":600,\"height\":600},{\"@type\":\"BreadcrumbList\",\"@id\":\"https:\\\/\\\/exaudi.org\\\/es\\\/quien-es-el-nuevo-beato-que-el-papa-aplaudio-durante-el-angelus\\\/#breadcrumb\",\"itemListElement\":[{\"@type\":\"ListItem\",\"position\":1,\"name\":\"Portada\",\"item\":\"https:\\\/\\\/exaudi.org\\\/es\\\/\"},{\"@type\":\"ListItem\",\"position\":2,\"name\":\"\u00bfQui\u00e9n es el nuevo beato que el Papa aplaudi\u00f3 durante el \u00e1ngelus?\"}]},{\"@type\":\"WebSite\",\"@id\":\"https:\\\/\\\/exaudi.org\\\/#website\",\"url\":\"https:\\\/\\\/exaudi.org\\\/\",\"name\":\"Exaudi\",\"description\":\"News\",\"potentialAction\":[{\"@type\":\"SearchAction\",\"target\":{\"@type\":\"EntryPoint\",\"urlTemplate\":\"https:\\\/\\\/exaudi.org\\\/?s={search_term_string}\"},\"query-input\":{\"@type\":\"PropertyValueSpecification\",\"valueRequired\":true,\"valueName\":\"search_term_string\"}}],\"inLanguage\":\"es\"},{\"@type\":\"Person\",\"@id\":\"https:\\\/\\\/exaudi.org\\\/#\\\/schema\\\/person\\\/f5fc8f063065e38742da7afe15f25df7\",\"name\":\"Exaudi Redacci\u00f3n\",\"image\":{\"@type\":\"ImageObject\",\"inLanguage\":\"es\",\"@id\":\"https:\\\/\\\/secure.gravatar.com\\\/avatar\\\/fe0f6a059fb68d9b3e11bc5850dd4899b1c7492091a3cb6dd9b01b56ad828be2?s=96&d=mm&r=g\",\"url\":\"https:\\\/\\\/secure.gravatar.com\\\/avatar\\\/fe0f6a059fb68d9b3e11bc5850dd4899b1c7492091a3cb6dd9b01b56ad828be2?s=96&d=mm&r=g\",\"contentUrl\":\"https:\\\/\\\/secure.gravatar.com\\\/avatar\\\/fe0f6a059fb68d9b3e11bc5850dd4899b1c7492091a3cb6dd9b01b56ad828be2?s=96&d=mm&r=g\",\"caption\":\"Exaudi Redacci\u00f3n\"},\"description\":\"\u00bfQu\u00e9 es Exaudi News? Exaudi News es un medio de comunicaci\u00f3n cat\u00f3lico internacional que informa, forma y transforma, diariamente en espa\u00f1ol, ingl\u00e9s e italiano. A trav\u00e9s de noticias, art\u00edculos de an\u00e1lisis y transmisiones en directo de los eventos del Papa, Exaudi busca fortalecer la unidad de los cristianos y contribuir a la evangelizaci\u00f3n del mundo, siempre guiados por la doctrina social de la Iglesia. Trabajamos para acercar la verdad y los valores cristianos a cada rinc\u00f3n del planeta. \u00a1Ay\u00fadanos a transformar el mundo con Exaudi! En Exaudi creemos que la evangelizaci\u00f3n y la informaci\u00f3n de calidad pueden cambiar vidas. Para continuar con nuestra misi\u00f3n y expandir nuestro alcance, necesitamos tu ayuda. Adem\u00e1s, buscamos personas comprometidas que deseen unirse a nuestro equipo. Con tu apoyo, lograremos llegar a m\u00e1s personas, difundir el mensaje de Cristo y reforzar la unidad de los cristianos. \u00bfTe unes a nuestra misi\u00f3n? Para m\u00e1s informaci\u00f3n sobre c\u00f3mo colaborar, visita Exaudi.org\\\/es o cont\u00e1ctanos directamente: info@exaudi.org Exaudi: Informa, forma y transforma.\",\"sameAs\":[\"https:\\\/\\\/www.facebook.com\\\/ExaudiNoticias\\\/\",\"https:\\\/\\\/www.instagram.com\\\/exaudi_noticias\\\/\",\"https:\\\/\\\/x.com\\\/Exaudi_noticias\",\"https:\\\/\\\/www.youtube.com\\\/@exaudicatholicnews\"],\"url\":\"https:\\\/\\\/exaudi.org\\\/es\\\/author\\\/redaccionexaudi\\\/\"}]}<\/script>\n<!-- \/ Yoast SEO plugin. -->","yoast_head_json":{"title":"\u00bfQui\u00e9n es el nuevo beato que el Papa aplaudi\u00f3 durante el \u00e1ngelus? &#8211; Exaudi","robots":{"index":"index","follow":"follow","max-snippet":"max-snippet:-1","max-image-preview":"max-image-preview:large","max-video-preview":"max-video-preview:-1"},"canonical":"https:\/\/exaudi.org\/es\/quien-es-el-nuevo-beato-que-el-papa-aplaudio-durante-el-angelus\/","og_locale":"es_ES","og_type":"article","og_title":"\u00bfQui\u00e9n es el nuevo beato que el Papa aplaudi\u00f3 durante el \u00e1ngelus? &#8211; Exaudi","og_description":"Durante el \u00c1ngelus del 1 de septiembre, el Papa Francisco pidi\u00f3 un aplauso para el nuevo beato J\u00e1n Havl\u00edk, seminarista de la Congregaci\u00f3n de la Misi\u00f3n, destacando su perseverancia en la fe","og_url":"https:\/\/exaudi.org\/es\/quien-es-el-nuevo-beato-que-el-papa-aplaudio-durante-el-angelus\/","og_site_name":"Exaudi","article_publisher":"https:\/\/www.facebook.com\/ExaudiNews","article_author":"https:\/\/www.facebook.com\/ExaudiNoticias\/","article_published_time":"2024-09-02T10:14:37+00:00","article_modified_time":"2024-09-02T10:17:04+00:00","og_image":[{"width":600,"height":600,"url":"https:\/\/exaudi.org\/wp-content\/uploads\/2024\/09\/Beatifacion-de-Jan-Havlik-3-Congregacion-de-la-Mision-CM.png","type":"image\/png"}],"author":"Exaudi Redacci\u00f3n","twitter_card":"summary_large_image","twitter_creator":"@Exaudi_noticias","twitter_site":"@Exaudi_News","twitter_misc":{"Escrito por":"Exaudi Redacci\u00f3n","Tiempo de lectura":"5 minutos"},"schema":{"@context":"https:\/\/schema.org","@graph":[{"@type":"Article","@id":"https:\/\/exaudi.org\/es\/quien-es-el-nuevo-beato-que-el-papa-aplaudio-durante-el-angelus\/#article","isPartOf":{"@id":"https:\/\/exaudi.org\/es\/quien-es-el-nuevo-beato-que-el-papa-aplaudio-durante-el-angelus\/"},"author":{"name":"Exaudi Redacci\u00f3n","@id":"https:\/\/exaudi.org\/#\/schema\/person\/f5fc8f063065e38742da7afe15f25df7"},"headline":"\u00bfQui\u00e9n es el nuevo beato que el Papa aplaudi\u00f3 durante el \u00e1ngelus?","datePublished":"2024-09-02T10:14:37+00:00","dateModified":"2024-09-02T10:17:04+00:00","mainEntityOfPage":{"@id":"https:\/\/exaudi.org\/es\/quien-es-el-nuevo-beato-que-el-papa-aplaudio-durante-el-angelus\/"},"wordCount":1085,"image":{"@id":"https:\/\/exaudi.org\/es\/quien-es-el-nuevo-beato-que-el-papa-aplaudio-durante-el-angelus\/#primaryimage"},"thumbnailUrl":"https:\/\/exaudi.org\/wp-content\/uploads\/2024\/09\/Beatifacion-de-Jan-Havlik-3-Congregacion-de-la-Mision-CM.png","keywords":["\u00e1ngelus","Beatificaci\u00f3n","beatificaci\u00f3n J\u00e1n Havl\u00edk","Cardenal Marcello Semeraro","Congregaci\u00f3n de la Misi\u00f3n","ejemplo de fe","Eslovaquia","espiritualidad vicenciana","Fe cristiana","Havl\u00edk","inspiraci\u00f3n religiosa","J\u00e1n Havl\u00edk","nuevo beato","papa francisco","perseverancia en la fe","r\u00e9gimen comunista","San Vicente de Pa\u00fal","testimonio cristiano","Trending","valores cristianos"],"articleSection":["Iglesia y Mundo"],"inLanguage":"es"},{"@type":"WebPage","@id":"https:\/\/exaudi.org\/es\/quien-es-el-nuevo-beato-que-el-papa-aplaudio-durante-el-angelus\/","url":"https:\/\/exaudi.org\/es\/quien-es-el-nuevo-beato-que-el-papa-aplaudio-durante-el-angelus\/","name":"\u00bfQui\u00e9n es el nuevo beato que el Papa aplaudi\u00f3 durante el \u00e1ngelus? &#8211; Exaudi","isPartOf":{"@id":"https:\/\/exaudi.org\/#website"},"primaryImageOfPage":{"@id":"https:\/\/exaudi.org\/es\/quien-es-el-nuevo-beato-que-el-papa-aplaudio-durante-el-angelus\/#primaryimage"},"image":{"@id":"https:\/\/exaudi.org\/es\/quien-es-el-nuevo-beato-que-el-papa-aplaudio-durante-el-angelus\/#primaryimage"},"thumbnailUrl":"https:\/\/exaudi.org\/wp-content\/uploads\/2024\/09\/Beatifacion-de-Jan-Havlik-3-Congregacion-de-la-Mision-CM.png","datePublished":"2024-09-02T10:14:37+00:00","dateModified":"2024-09-02T10:17:04+00:00","author":{"@id":"https:\/\/exaudi.org\/#\/schema\/person\/f5fc8f063065e38742da7afe15f25df7"},"breadcrumb":{"@id":"https:\/\/exaudi.org\/es\/quien-es-el-nuevo-beato-que-el-papa-aplaudio-durante-el-angelus\/#breadcrumb"},"inLanguage":"es","potentialAction":[{"@type":"ReadAction","target":["https:\/\/exaudi.org\/es\/quien-es-el-nuevo-beato-que-el-papa-aplaudio-durante-el-angelus\/"]}]},{"@type":"ImageObject","inLanguage":"es","@id":"https:\/\/exaudi.org\/es\/quien-es-el-nuevo-beato-que-el-papa-aplaudio-durante-el-angelus\/#primaryimage","url":"https:\/\/exaudi.org\/wp-content\/uploads\/2024\/09\/Beatifacion-de-Jan-Havlik-3-Congregacion-de-la-Mision-CM.png","contentUrl":"https:\/\/exaudi.org\/wp-content\/uploads\/2024\/09\/Beatifacion-de-Jan-Havlik-3-Congregacion-de-la-Mision-CM.png","width":600,"height":600},{"@type":"BreadcrumbList","@id":"https:\/\/exaudi.org\/es\/quien-es-el-nuevo-beato-que-el-papa-aplaudio-durante-el-angelus\/#breadcrumb","itemListElement":[{"@type":"ListItem","position":1,"name":"Portada","item":"https:\/\/exaudi.org\/es\/"},{"@type":"ListItem","position":2,"name":"\u00bfQui\u00e9n es el nuevo beato que el Papa aplaudi\u00f3 durante el \u00e1ngelus?"}]},{"@type":"WebSite","@id":"https:\/\/exaudi.org\/#website","url":"https:\/\/exaudi.org\/","name":"Exaudi","description":"News","potentialAction":[{"@type":"SearchAction","target":{"@type":"EntryPoint","urlTemplate":"https:\/\/exaudi.org\/?s={search_term_string}"},"query-input":{"@type":"PropertyValueSpecification","valueRequired":true,"valueName":"search_term_string"}}],"inLanguage":"es"},{"@type":"Person","@id":"https:\/\/exaudi.org\/#\/schema\/person\/f5fc8f063065e38742da7afe15f25df7","name":"Exaudi Redacci\u00f3n","image":{"@type":"ImageObject","inLanguage":"es","@id":"https:\/\/secure.gravatar.com\/avatar\/fe0f6a059fb68d9b3e11bc5850dd4899b1c7492091a3cb6dd9b01b56ad828be2?s=96&d=mm&r=g","url":"https:\/\/secure.gravatar.com\/avatar\/fe0f6a059fb68d9b3e11bc5850dd4899b1c7492091a3cb6dd9b01b56ad828be2?s=96&d=mm&r=g","contentUrl":"https:\/\/secure.gravatar.com\/avatar\/fe0f6a059fb68d9b3e11bc5850dd4899b1c7492091a3cb6dd9b01b56ad828be2?s=96&d=mm&r=g","caption":"Exaudi Redacci\u00f3n"},"description":"\u00bfQu\u00e9 es Exaudi News? Exaudi News es un medio de comunicaci\u00f3n cat\u00f3lico internacional que informa, forma y transforma, diariamente en espa\u00f1ol, ingl\u00e9s e italiano. A trav\u00e9s de noticias, art\u00edculos de an\u00e1lisis y transmisiones en directo de los eventos del Papa, Exaudi busca fortalecer la unidad de los cristianos y contribuir a la evangelizaci\u00f3n del mundo, siempre guiados por la doctrina social de la Iglesia. Trabajamos para acercar la verdad y los valores cristianos a cada rinc\u00f3n del planeta. \u00a1Ay\u00fadanos a transformar el mundo con Exaudi! En Exaudi creemos que la evangelizaci\u00f3n y la informaci\u00f3n de calidad pueden cambiar vidas. Para continuar con nuestra misi\u00f3n y expandir nuestro alcance, necesitamos tu ayuda. Adem\u00e1s, buscamos personas comprometidas que deseen unirse a nuestro equipo. Con tu apoyo, lograremos llegar a m\u00e1s personas, difundir el mensaje de Cristo y reforzar la unidad de los cristianos. \u00bfTe unes a nuestra misi\u00f3n? Para m\u00e1s informaci\u00f3n sobre c\u00f3mo colaborar, visita Exaudi.org\/es o cont\u00e1ctanos directamente: info@exaudi.org Exaudi: Informa, forma y transforma.","sameAs":["https:\/\/www.facebook.com\/ExaudiNoticias\/","https:\/\/www.instagram.com\/exaudi_noticias\/","https:\/\/x.com\/Exaudi_noticias","https:\/\/www.youtube.com\/@exaudicatholicnews"],"url":"https:\/\/exaudi.org\/es\/author\/redaccionexaudi\/"}]}},"jetpack_featured_media_url":"https:\/\/exaudi.org\/wp-content\/uploads\/2024\/09\/Beatifacion-de-Jan-Havlik-3-Congregacion-de-la-Mision-CM.png","jetpack_shortlink":"https:\/\/wp.me\/pgKjF2-rUQ","_links":{"self":[{"href":"https:\/\/exaudi.org\/es\/wp-json\/wp\/v2\/posts\/107312","targetHints":{"allow":["GET"]}}],"collection":[{"href":"https:\/\/exaudi.org\/es\/wp-json\/wp\/v2\/posts"}],"about":[{"href":"https:\/\/exaudi.org\/es\/wp-json\/wp\/v2\/types\/post"}],"author":[{"embeddable":true,"href":"https:\/\/exaudi.org\/es\/wp-json\/wp\/v2\/users\/15"}],"replies":[{"embeddable":true,"href":"https:\/\/exaudi.org\/es\/wp-json\/wp\/v2\/comments?post=107312"}],"version-history":[{"count":0,"href":"https:\/\/exaudi.org\/es\/wp-json\/wp\/v2\/posts\/107312\/revisions"}],"wp:featuredmedia":[{"embeddable":true,"href":"https:\/\/exaudi.org\/es\/wp-json\/wp\/v2\/media\/107325"}],"wp:attachment":[{"href":"https:\/\/exaudi.org\/es\/wp-json\/wp\/v2\/media?parent=107312"}],"wp:term":[{"taxonomy":"category","embeddable":true,"href":"https:\/\/exaudi.org\/es\/wp-json\/wp\/v2\/categories?post=107312"},{"taxonomy":"post_tag","embeddable":true,"href":"https:\/\/exaudi.org\/es\/wp-json\/wp\/v2\/tags?post=107312"}],"curies":[{"name":"wp","href":"https:\/\/api.w.org\/{rel}","templated":true}]}}