{"id":107289,"date":"2024-09-05T08:45:18","date_gmt":"2024-09-05T06:45:18","guid":{"rendered":"https:\/\/exaudi.org\/?p=107289"},"modified":"2024-09-05T10:38:08","modified_gmt":"2024-09-05T08:38:08","slug":"corporeidad-cuerpo-y-gracia-el-espiritu-encarnado-en-la-vida-concreta","status":"publish","type":"post","link":"https:\/\/exaudi.org\/es\/corporeidad-cuerpo-y-gracia-el-espiritu-encarnado-en-la-vida-concreta\/","title":{"rendered":"Corporeidad, Cuerpo y Gracia: El Esp\u00edritu Encarnado en la Vida Concreta"},"content":{"rendered":"<audio class=\"wp-audio-shortcode\" id=\"audio-107289-1\" preload=\"none\" style=\"width: 100%;\" controls=\"controls\"><source type=\"audio\/mpeg\" src=\"https:\/\/exaudi.org\/wp-content\/uploads\/2024\/09\/Situado-Luis-Herrera-Campo.mp3?_=1\" \/><a href=\"https:\/\/exaudi.org\/wp-content\/uploads\/2024\/09\/Situado-Luis-Herrera-Campo.mp3\">https:\/\/exaudi.org\/wp-content\/uploads\/2024\/09\/Situado-Luis-Herrera-Campo.mp3<\/a><\/audio>\n<p>En este segundo cap\u00edtulo sobre corporeidad, cuerpo y gracia, abordamos una consecuencia existencial del cuerpo respecto al esp\u00edritu. A diferencia de los esp\u00edritus puros como los \u00e1ngeles, que no est\u00e1n localizados en un lugar ni en un momento hist\u00f3rico y no envejecen, nosotros, los seres humanos, somos esp\u00edritus encarnados. Nuestro cuerpo nos sit\u00faa en un lugar y un momento espec\u00edficos de la historia.<\/p>\n<p>Este cuerpo, con el que nacemos, nos localiza en un mundo, en una familia concreta, en un pa\u00eds, en una ciudad, con un nivel de vida, talentos, salud y un entorno social que no hemos elegido. Estas circunstancias conforman el marco en el que nuestra existencia espiritual se despliega. La vida, en este sentido, es un don, un regalo encarnado en condiciones concretas que debemos aceptar para alcanzar su plenitud.<\/p>\n<p>La aceptaci\u00f3n de estas condiciones previas, de lo que nos ha sido dado sin nuestra intervenci\u00f3n, es esencial para nuestra realizaci\u00f3n espiritual. Aunque a menudo nos vemos tentados a so\u00f1ar con una vida diferente, con otras circunstancias o talentos, debemos purificar estos deseos y agradecer a Dios por el regalo de la vida tal como es.<\/p>\n<p>La vida no es una abstracci\u00f3n; es concreta, irrepetible y est\u00e1 encarnada en una historia personal que nos marca. Desde que nacemos, comenzamos a movernos en el tiempo, y cada uno de nosotros tiene su historia \u00fanica, con sus momentos dif\u00edciles y sus alegr\u00edas. Esta historia, con sus heridas y experiencias, debe ser aceptada y puesta en manos de Dios para encontrar paz.<\/p>\n<p>Aceptar las circunstancias de nuestra vida no siempre es f\u00e1cil, especialmente cuando enfrentamos personas o situaciones negativas que han dejado cicatrices. Sin embargo, debemos hacer las paces con nuestro pasado y con las condiciones previas de nuestra existencia para vivir plenamente y en paz.<\/p>\n<p>Jes\u00fas mismo experiment\u00f3 la incredulidad de aquellos que lo conoc\u00edan desde ni\u00f1o cuando comenz\u00f3 su ministerio p\u00fablico. Esta incredulidad refleja un fen\u00f3meno com\u00fan: la dificultad de aceptar lo extraordinario en lo ordinario, de reconocer las manifestaciones de Dios en las circunstancias concretas de nuestra vida.<\/p>\n<p>Hoy, muchos creen en un Dios et\u00e9reo, pero no en un Dios encarnado, y son m\u00e1s los que se consideran buenos cristianos sin participar activamente en los sacramentos. Esta desconexi\u00f3n con la realidad encarnada de la fe es un reto espiritual que debemos superar.<\/p>\n<p>La vida, con todas sus imperfecciones y retos, es el lugar donde Dios se manifiesta. Como dec\u00eda San Jos\u00e9 Mar\u00eda Escriv\u00e1, debemos evitar caer en la \u00abm\u00edstica ojalatera\u00bb de desear lo que no tenemos y, en cambio, aceptar sobriamente la realidad material e inmediata en la que Dios nos ha puesto. Somos esp\u00edritus encarnados, y es en nuestras circunstancias concretas donde debemos buscar y reconocer las propuestas de Dios para nuestra santificaci\u00f3n.<\/p>\n<p>Este cap\u00edtulo nos recuerda que el cuerpo nos sit\u00faa, nos encarna, y nos llama a reconocer y aceptar nuestra vida tal como es, para encontrar en ella el camino hacia la santidad.<\/p>\n<p><iframe loading=\"lazy\" title=\"Situado\" width=\"500\" height=\"281\" src=\"https:\/\/www.youtube.com\/embed\/vyrc9b2APMM?feature=oembed\" frameborder=\"0\" allow=\"accelerometer; autoplay; clipboard-write; encrypted-media; gyroscope; picture-in-picture; web-share\" referrerpolicy=\"strict-origin-when-cross-origin\" allowfullscreen><\/iframe><\/p>\n<p><img loading=\"lazy\" decoding=\"async\" class=\"size-full wp-image-107535 alignnone\" src=\"https:\/\/exaudi.org\/wp-content\/uploads\/2024\/09\/voces-2.jpg\" alt=\"\" width=\"940\" height=\"788\" srcset=\"https:\/\/exaudi.org\/wp-content\/uploads\/2024\/09\/voces-2.jpg 940w, https:\/\/exaudi.org\/wp-content\/uploads\/2024\/09\/voces-2-300x251.jpg 300w, https:\/\/exaudi.org\/wp-content\/uploads\/2024\/09\/voces-2-770x645.jpg 770w, https:\/\/exaudi.org\/wp-content\/uploads\/2024\/09\/voces-2-500x419.jpg 500w, https:\/\/exaudi.org\/wp-content\/uploads\/2024\/09\/voces-2-293x246.jpg 293w, https:\/\/exaudi.org\/wp-content\/uploads\/2024\/09\/voces-2-390x327.jpg 390w\" sizes=\"auto, (max-width: 940px) 100vw, 940px\" \/><\/p>\n","protected":false},"excerpt":{"rendered":"<p>Cap\u00edtulo 2 de la Serie \u00abAlmacuerpo\u00bb<\/p>\n","protected":false},"author":126,"featured_media":107293,"comment_status":"closed","ping_status":"closed","sticky":false,"template":"","format":"standard","meta":{"_acf_changed":false,"_crdt_document":"","inline_featured_image":false,"footnotes":""},"categories":[72],"tags":[7698,15828,23016,18321,23017,23022,23020,23021,23019,22849,4953,23018],"class_list":["post-107289","post","type-post","status-publish","format-standard","has-post-thumbnail","hentry","category-analisis","tag-aceptacion","tag-corporeidad","tag-cuerpo-y-gracia","tag-don-luis-herrera-campo","tag-espiritu-encarnado","tag-fe-encarnada","tag-mistica-ojalatera","tag-realizacion-espiritual","tag-san-jose-maria-escriva","tag-serie-almacuerpo","tag-trending-es","tag-vida-concreta"],"acf":[],"yoast_head":"<!-- This site is optimized with the Yoast SEO plugin v27.4 - https:\/\/yoast.com\/product\/yoast-seo-wordpress\/ -->\n<title>Corporeidad, Cuerpo y Gracia: El Esp\u00edritu Encarnado en la Vida Concreta &#8211; Exaudi<\/title>\n<meta name=\"robots\" content=\"index, follow, max-snippet:-1, max-image-preview:large, max-video-preview:-1\" \/>\n<link rel=\"canonical\" href=\"https:\/\/exaudi.org\/es\/corporeidad-cuerpo-y-gracia-el-espiritu-encarnado-en-la-vida-concreta\/\" \/>\n<meta property=\"og:locale\" content=\"es_ES\" \/>\n<meta property=\"og:type\" content=\"article\" \/>\n<meta property=\"og:title\" content=\"Corporeidad, Cuerpo y Gracia: El Esp\u00edritu Encarnado en la Vida Concreta &#8211; Exaudi\" \/>\n<meta property=\"og:description\" content=\"Cap\u00edtulo 2 de la Serie &quot;Almacuerpo&quot;\" \/>\n<meta property=\"og:url\" content=\"https:\/\/exaudi.org\/es\/corporeidad-cuerpo-y-gracia-el-espiritu-encarnado-en-la-vida-concreta\/\" \/>\n<meta property=\"og:site_name\" content=\"Exaudi\" \/>\n<meta property=\"article:publisher\" content=\"https:\/\/www.facebook.com\/ExaudiNews\" \/>\n<meta property=\"article:published_time\" content=\"2024-09-05T06:45:18+00:00\" \/>\n<meta property=\"article:modified_time\" content=\"2024-09-05T08:38:08+00:00\" \/>\n<meta property=\"og:image\" content=\"https:\/\/exaudi.org\/wp-content\/uploads\/2024\/09\/H64-Aguilera.jpg\" \/>\n\t<meta property=\"og:image:width\" content=\"800\" \/>\n\t<meta property=\"og:image:height\" content=\"450\" \/>\n\t<meta property=\"og:image:type\" content=\"image\/jpeg\" \/>\n<meta name=\"author\" content=\"Luis Herrera Campo\" \/>\n<meta name=\"twitter:card\" content=\"summary_large_image\" \/>\n<meta name=\"twitter:creator\" content=\"@Exaudi_News\" \/>\n<meta name=\"twitter:site\" content=\"@Exaudi_News\" \/>\n<meta name=\"twitter:label1\" content=\"Escrito por\" \/>\n\t<meta name=\"twitter:data1\" content=\"Luis Herrera Campo\" \/>\n\t<meta name=\"twitter:label2\" content=\"Tiempo de lectura\" \/>\n\t<meta name=\"twitter:data2\" content=\"3 minutos\" \/>\n<script type=\"application\/ld+json\" class=\"yoast-schema-graph\">{\"@context\":\"https:\\\/\\\/schema.org\",\"@graph\":[{\"@type\":\"Article\",\"@id\":\"https:\\\/\\\/exaudi.org\\\/es\\\/corporeidad-cuerpo-y-gracia-el-espiritu-encarnado-en-la-vida-concreta\\\/#article\",\"isPartOf\":{\"@id\":\"https:\\\/\\\/exaudi.org\\\/es\\\/corporeidad-cuerpo-y-gracia-el-espiritu-encarnado-en-la-vida-concreta\\\/\"},\"author\":{\"name\":\"Luis Herrera Campo\",\"@id\":\"https:\\\/\\\/exaudi.org\\\/#\\\/schema\\\/person\\\/8ba25804983f8e88d3d71c3808a804bc\"},\"headline\":\"Corporeidad, Cuerpo y Gracia: El Esp\u00edritu Encarnado en la Vida Concreta\",\"datePublished\":\"2024-09-05T06:45:18+00:00\",\"dateModified\":\"2024-09-05T08:38:08+00:00\",\"mainEntityOfPage\":{\"@id\":\"https:\\\/\\\/exaudi.org\\\/es\\\/corporeidad-cuerpo-y-gracia-el-espiritu-encarnado-en-la-vida-concreta\\\/\"},\"wordCount\":553,\"image\":{\"@id\":\"https:\\\/\\\/exaudi.org\\\/es\\\/corporeidad-cuerpo-y-gracia-el-espiritu-encarnado-en-la-vida-concreta\\\/#primaryimage\"},\"thumbnailUrl\":\"https:\\\/\\\/exaudi.org\\\/wp-content\\\/uploads\\\/2024\\\/09\\\/H64-Aguilera.jpg\",\"keywords\":[\"aceptaci\u00f3n\",\"corporeidad\",\"Cuerpo y Gracia\",\"Don Luis Herrera Campo\",\"Esp\u00edritu Encarnado\",\"Fe Encarnada\",\"M\u00edstica Ojalatera\",\"Realizaci\u00f3n Espiritual\",\"San Jos\u00e9 Mar\u00eda Escriv\u00e1\",\"serie Almacuerpo\",\"Trending\",\"Vida Concreta\"],\"articleSection\":[\"An\u00e1lisis\"],\"inLanguage\":\"es\"},{\"@type\":\"WebPage\",\"@id\":\"https:\\\/\\\/exaudi.org\\\/es\\\/corporeidad-cuerpo-y-gracia-el-espiritu-encarnado-en-la-vida-concreta\\\/\",\"url\":\"https:\\\/\\\/exaudi.org\\\/es\\\/corporeidad-cuerpo-y-gracia-el-espiritu-encarnado-en-la-vida-concreta\\\/\",\"name\":\"Corporeidad, Cuerpo y Gracia: El Esp\u00edritu Encarnado en la Vida Concreta &#8211; Exaudi\",\"isPartOf\":{\"@id\":\"https:\\\/\\\/exaudi.org\\\/#website\"},\"primaryImageOfPage\":{\"@id\":\"https:\\\/\\\/exaudi.org\\\/es\\\/corporeidad-cuerpo-y-gracia-el-espiritu-encarnado-en-la-vida-concreta\\\/#primaryimage\"},\"image\":{\"@id\":\"https:\\\/\\\/exaudi.org\\\/es\\\/corporeidad-cuerpo-y-gracia-el-espiritu-encarnado-en-la-vida-concreta\\\/#primaryimage\"},\"thumbnailUrl\":\"https:\\\/\\\/exaudi.org\\\/wp-content\\\/uploads\\\/2024\\\/09\\\/H64-Aguilera.jpg\",\"datePublished\":\"2024-09-05T06:45:18+00:00\",\"dateModified\":\"2024-09-05T08:38:08+00:00\",\"author\":{\"@id\":\"https:\\\/\\\/exaudi.org\\\/#\\\/schema\\\/person\\\/8ba25804983f8e88d3d71c3808a804bc\"},\"breadcrumb\":{\"@id\":\"https:\\\/\\\/exaudi.org\\\/es\\\/corporeidad-cuerpo-y-gracia-el-espiritu-encarnado-en-la-vida-concreta\\\/#breadcrumb\"},\"inLanguage\":\"es\",\"potentialAction\":[{\"@type\":\"ReadAction\",\"target\":[\"https:\\\/\\\/exaudi.org\\\/es\\\/corporeidad-cuerpo-y-gracia-el-espiritu-encarnado-en-la-vida-concreta\\\/\"]}]},{\"@type\":\"ImageObject\",\"inLanguage\":\"es\",\"@id\":\"https:\\\/\\\/exaudi.org\\\/es\\\/corporeidad-cuerpo-y-gracia-el-espiritu-encarnado-en-la-vida-concreta\\\/#primaryimage\",\"url\":\"https:\\\/\\\/exaudi.org\\\/wp-content\\\/uploads\\\/2024\\\/09\\\/H64-Aguilera.jpg\",\"contentUrl\":\"https:\\\/\\\/exaudi.org\\\/wp-content\\\/uploads\\\/2024\\\/09\\\/H64-Aguilera.jpg\",\"width\":800,\"height\":450},{\"@type\":\"BreadcrumbList\",\"@id\":\"https:\\\/\\\/exaudi.org\\\/es\\\/corporeidad-cuerpo-y-gracia-el-espiritu-encarnado-en-la-vida-concreta\\\/#breadcrumb\",\"itemListElement\":[{\"@type\":\"ListItem\",\"position\":1,\"name\":\"Portada\",\"item\":\"https:\\\/\\\/exaudi.org\\\/es\\\/\"},{\"@type\":\"ListItem\",\"position\":2,\"name\":\"Corporeidad, Cuerpo y Gracia: El Esp\u00edritu Encarnado en la Vida Concreta\"}]},{\"@type\":\"WebSite\",\"@id\":\"https:\\\/\\\/exaudi.org\\\/#website\",\"url\":\"https:\\\/\\\/exaudi.org\\\/\",\"name\":\"Exaudi\",\"description\":\"News\",\"potentialAction\":[{\"@type\":\"SearchAction\",\"target\":{\"@type\":\"EntryPoint\",\"urlTemplate\":\"https:\\\/\\\/exaudi.org\\\/?s={search_term_string}\"},\"query-input\":{\"@type\":\"PropertyValueSpecification\",\"valueRequired\":true,\"valueName\":\"search_term_string\"}}],\"inLanguage\":\"es\"},{\"@type\":\"Person\",\"@id\":\"https:\\\/\\\/exaudi.org\\\/#\\\/schema\\\/person\\\/8ba25804983f8e88d3d71c3808a804bc\",\"name\":\"Luis Herrera Campo\",\"image\":{\"@type\":\"ImageObject\",\"inLanguage\":\"es\",\"@id\":\"https:\\\/\\\/secure.gravatar.com\\\/avatar\\\/eac7d1a3c11ac010e320a821607af7cd107b34e1bdffe2f58efdf2b0a8d1c6e5?s=96&d=mm&r=g\",\"url\":\"https:\\\/\\\/secure.gravatar.com\\\/avatar\\\/eac7d1a3c11ac010e320a821607af7cd107b34e1bdffe2f58efdf2b0a8d1c6e5?s=96&d=mm&r=g\",\"contentUrl\":\"https:\\\/\\\/secure.gravatar.com\\\/avatar\\\/eac7d1a3c11ac010e320a821607af7cd107b34e1bdffe2f58efdf2b0a8d1c6e5?s=96&d=mm&r=g\",\"caption\":\"Luis Herrera Campo\"},\"description\":\"Nac\u00ed en Burgos, donde vivo. Soy sacerdote del Opus Dei.\",\"sameAs\":[\"https:\\\/\\\/www.youtube.com\\\/@luisherreracampo\\\/featured\"],\"url\":\"https:\\\/\\\/exaudi.org\\\/es\\\/author\\\/luis-herrera-campo\\\/\"}]}<\/script>\n<!-- \/ Yoast SEO plugin. -->","yoast_head_json":{"title":"Corporeidad, Cuerpo y Gracia: El Esp\u00edritu Encarnado en la Vida Concreta &#8211; Exaudi","robots":{"index":"index","follow":"follow","max-snippet":"max-snippet:-1","max-image-preview":"max-image-preview:large","max-video-preview":"max-video-preview:-1"},"canonical":"https:\/\/exaudi.org\/es\/corporeidad-cuerpo-y-gracia-el-espiritu-encarnado-en-la-vida-concreta\/","og_locale":"es_ES","og_type":"article","og_title":"Corporeidad, Cuerpo y Gracia: El Esp\u00edritu Encarnado en la Vida Concreta &#8211; Exaudi","og_description":"Cap\u00edtulo 2 de la Serie \"Almacuerpo\"","og_url":"https:\/\/exaudi.org\/es\/corporeidad-cuerpo-y-gracia-el-espiritu-encarnado-en-la-vida-concreta\/","og_site_name":"Exaudi","article_publisher":"https:\/\/www.facebook.com\/ExaudiNews","article_published_time":"2024-09-05T06:45:18+00:00","article_modified_time":"2024-09-05T08:38:08+00:00","og_image":[{"width":800,"height":450,"url":"https:\/\/exaudi.org\/wp-content\/uploads\/2024\/09\/H64-Aguilera.jpg","type":"image\/jpeg"}],"author":"Luis Herrera Campo","twitter_card":"summary_large_image","twitter_creator":"@Exaudi_News","twitter_site":"@Exaudi_News","twitter_misc":{"Escrito por":"Luis Herrera Campo","Tiempo de lectura":"3 minutos"},"schema":{"@context":"https:\/\/schema.org","@graph":[{"@type":"Article","@id":"https:\/\/exaudi.org\/es\/corporeidad-cuerpo-y-gracia-el-espiritu-encarnado-en-la-vida-concreta\/#article","isPartOf":{"@id":"https:\/\/exaudi.org\/es\/corporeidad-cuerpo-y-gracia-el-espiritu-encarnado-en-la-vida-concreta\/"},"author":{"name":"Luis Herrera Campo","@id":"https:\/\/exaudi.org\/#\/schema\/person\/8ba25804983f8e88d3d71c3808a804bc"},"headline":"Corporeidad, Cuerpo y Gracia: El Esp\u00edritu Encarnado en la Vida Concreta","datePublished":"2024-09-05T06:45:18+00:00","dateModified":"2024-09-05T08:38:08+00:00","mainEntityOfPage":{"@id":"https:\/\/exaudi.org\/es\/corporeidad-cuerpo-y-gracia-el-espiritu-encarnado-en-la-vida-concreta\/"},"wordCount":553,"image":{"@id":"https:\/\/exaudi.org\/es\/corporeidad-cuerpo-y-gracia-el-espiritu-encarnado-en-la-vida-concreta\/#primaryimage"},"thumbnailUrl":"https:\/\/exaudi.org\/wp-content\/uploads\/2024\/09\/H64-Aguilera.jpg","keywords":["aceptaci\u00f3n","corporeidad","Cuerpo y Gracia","Don Luis Herrera Campo","Esp\u00edritu Encarnado","Fe Encarnada","M\u00edstica Ojalatera","Realizaci\u00f3n Espiritual","San Jos\u00e9 Mar\u00eda Escriv\u00e1","serie Almacuerpo","Trending","Vida Concreta"],"articleSection":["An\u00e1lisis"],"inLanguage":"es"},{"@type":"WebPage","@id":"https:\/\/exaudi.org\/es\/corporeidad-cuerpo-y-gracia-el-espiritu-encarnado-en-la-vida-concreta\/","url":"https:\/\/exaudi.org\/es\/corporeidad-cuerpo-y-gracia-el-espiritu-encarnado-en-la-vida-concreta\/","name":"Corporeidad, Cuerpo y Gracia: El Esp\u00edritu Encarnado en la Vida Concreta &#8211; Exaudi","isPartOf":{"@id":"https:\/\/exaudi.org\/#website"},"primaryImageOfPage":{"@id":"https:\/\/exaudi.org\/es\/corporeidad-cuerpo-y-gracia-el-espiritu-encarnado-en-la-vida-concreta\/#primaryimage"},"image":{"@id":"https:\/\/exaudi.org\/es\/corporeidad-cuerpo-y-gracia-el-espiritu-encarnado-en-la-vida-concreta\/#primaryimage"},"thumbnailUrl":"https:\/\/exaudi.org\/wp-content\/uploads\/2024\/09\/H64-Aguilera.jpg","datePublished":"2024-09-05T06:45:18+00:00","dateModified":"2024-09-05T08:38:08+00:00","author":{"@id":"https:\/\/exaudi.org\/#\/schema\/person\/8ba25804983f8e88d3d71c3808a804bc"},"breadcrumb":{"@id":"https:\/\/exaudi.org\/es\/corporeidad-cuerpo-y-gracia-el-espiritu-encarnado-en-la-vida-concreta\/#breadcrumb"},"inLanguage":"es","potentialAction":[{"@type":"ReadAction","target":["https:\/\/exaudi.org\/es\/corporeidad-cuerpo-y-gracia-el-espiritu-encarnado-en-la-vida-concreta\/"]}]},{"@type":"ImageObject","inLanguage":"es","@id":"https:\/\/exaudi.org\/es\/corporeidad-cuerpo-y-gracia-el-espiritu-encarnado-en-la-vida-concreta\/#primaryimage","url":"https:\/\/exaudi.org\/wp-content\/uploads\/2024\/09\/H64-Aguilera.jpg","contentUrl":"https:\/\/exaudi.org\/wp-content\/uploads\/2024\/09\/H64-Aguilera.jpg","width":800,"height":450},{"@type":"BreadcrumbList","@id":"https:\/\/exaudi.org\/es\/corporeidad-cuerpo-y-gracia-el-espiritu-encarnado-en-la-vida-concreta\/#breadcrumb","itemListElement":[{"@type":"ListItem","position":1,"name":"Portada","item":"https:\/\/exaudi.org\/es\/"},{"@type":"ListItem","position":2,"name":"Corporeidad, Cuerpo y Gracia: El Esp\u00edritu Encarnado en la Vida Concreta"}]},{"@type":"WebSite","@id":"https:\/\/exaudi.org\/#website","url":"https:\/\/exaudi.org\/","name":"Exaudi","description":"News","potentialAction":[{"@type":"SearchAction","target":{"@type":"EntryPoint","urlTemplate":"https:\/\/exaudi.org\/?s={search_term_string}"},"query-input":{"@type":"PropertyValueSpecification","valueRequired":true,"valueName":"search_term_string"}}],"inLanguage":"es"},{"@type":"Person","@id":"https:\/\/exaudi.org\/#\/schema\/person\/8ba25804983f8e88d3d71c3808a804bc","name":"Luis Herrera Campo","image":{"@type":"ImageObject","inLanguage":"es","@id":"https:\/\/secure.gravatar.com\/avatar\/eac7d1a3c11ac010e320a821607af7cd107b34e1bdffe2f58efdf2b0a8d1c6e5?s=96&d=mm&r=g","url":"https:\/\/secure.gravatar.com\/avatar\/eac7d1a3c11ac010e320a821607af7cd107b34e1bdffe2f58efdf2b0a8d1c6e5?s=96&d=mm&r=g","contentUrl":"https:\/\/secure.gravatar.com\/avatar\/eac7d1a3c11ac010e320a821607af7cd107b34e1bdffe2f58efdf2b0a8d1c6e5?s=96&d=mm&r=g","caption":"Luis Herrera Campo"},"description":"Nac\u00ed en Burgos, donde vivo. Soy sacerdote del Opus Dei.","sameAs":["https:\/\/www.youtube.com\/@luisherreracampo\/featured"],"url":"https:\/\/exaudi.org\/es\/author\/luis-herrera-campo\/"}]}},"jetpack_featured_media_url":"https:\/\/exaudi.org\/wp-content\/uploads\/2024\/09\/H64-Aguilera.jpg","jetpack_shortlink":"https:\/\/wp.me\/pgKjF2-rUt","_links":{"self":[{"href":"https:\/\/exaudi.org\/es\/wp-json\/wp\/v2\/posts\/107289","targetHints":{"allow":["GET"]}}],"collection":[{"href":"https:\/\/exaudi.org\/es\/wp-json\/wp\/v2\/posts"}],"about":[{"href":"https:\/\/exaudi.org\/es\/wp-json\/wp\/v2\/types\/post"}],"author":[{"embeddable":true,"href":"https:\/\/exaudi.org\/es\/wp-json\/wp\/v2\/users\/126"}],"replies":[{"embeddable":true,"href":"https:\/\/exaudi.org\/es\/wp-json\/wp\/v2\/comments?post=107289"}],"version-history":[{"count":0,"href":"https:\/\/exaudi.org\/es\/wp-json\/wp\/v2\/posts\/107289\/revisions"}],"wp:featuredmedia":[{"embeddable":true,"href":"https:\/\/exaudi.org\/es\/wp-json\/wp\/v2\/media\/107293"}],"wp:attachment":[{"href":"https:\/\/exaudi.org\/es\/wp-json\/wp\/v2\/media?parent=107289"}],"wp:term":[{"taxonomy":"category","embeddable":true,"href":"https:\/\/exaudi.org\/es\/wp-json\/wp\/v2\/categories?post=107289"},{"taxonomy":"post_tag","embeddable":true,"href":"https:\/\/exaudi.org\/es\/wp-json\/wp\/v2\/tags?post=107289"}],"curies":[{"name":"wp","href":"https:\/\/api.w.org\/{rel}","templated":true}]}}