{"id":107125,"date":"2024-08-30T08:55:04","date_gmt":"2024-08-30T06:55:04","guid":{"rendered":"https:\/\/exaudi.org\/?p=107125"},"modified":"2024-08-30T09:02:08","modified_gmt":"2024-08-30T07:02:08","slug":"la-asuncion-de-la-virgen-y-la-relacion-entre-el-cuerpo-y-la-gracia","status":"publish","type":"post","link":"https:\/\/exaudi.org\/es\/la-asuncion-de-la-virgen-y-la-relacion-entre-el-cuerpo-y-la-gracia\/","title":{"rendered":"La Asunci\u00f3n de la Virgen y la Relaci\u00f3n entre el Cuerpo y la Gracia"},"content":{"rendered":"<audio class=\"wp-audio-shortcode\" id=\"audio-107125-1\" preload=\"none\" style=\"width: 100%;\" controls=\"controls\"><source type=\"audio\/mpeg\" src=\"https:\/\/exaudi.org\/wp-content\/uploads\/2024\/08\/Unidad.mp3?_=1\" \/><a href=\"https:\/\/exaudi.org\/wp-content\/uploads\/2024\/08\/Unidad.mp3\">https:\/\/exaudi.org\/wp-content\/uploads\/2024\/08\/Unidad.mp3<\/a><\/audio>\n<p>El 15 de agosto celebramos la solemnidad de la Asunci\u00f3n de la Virgen Mar\u00eda a los cielos. Esta es una fiesta en la que, a\u00f1o tras a\u00f1o, damos gracias a Dios al recordar que la Virgen fue llevada al cielo en cuerpo y alma. Este hecho singular resalta que Mar\u00eda, madre de Jes\u00fas, est\u00e1 en el cielo con un cuerpo glorioso.<\/p>\n<p>Con motivo de esta solemnidad, he decidido grabar una serie de breves cap\u00edtulos, de unos 10 minutos cada uno, sobre la relaci\u00f3n entre el cuerpo y la gracia. La Asunci\u00f3n nos invita a reflexionar sobre esta interrelaci\u00f3n, destacando que Mar\u00eda fue llevada al cielo no solo en su alma, sino tambi\u00e9n en su cuerpo.<\/p>\n<p>En este primer cap\u00edtulo, quiero abordar la cuesti\u00f3n fundamental de la relaci\u00f3n entre el alma y el cuerpo. \u00bfTenemos realmente un alma y un cuerpo? Me remito a dos experiencias clave para entender esta relaci\u00f3n.<\/p>\n<p>La primera experiencia es la del cuerpo. Todos experimentamos sensaciones f\u00edsicas como el dolor de cabeza, el cansancio o el hambre. Pero tambi\u00e9n hay en nosotros un principio no corp\u00f3reo, una dualidad que no se reduce a dos cosas separadas, sino a dos dimensiones que coexisten: el cuerpo y el esp\u00edritu o alma. Este principio de libertad, que llamamos esp\u00edritu o alma, nos permite tener autoconciencia y reflexionar sobre nuestras acciones, algo que no es posible en los animales.<\/p>\n<p>La segunda experiencia es la unidad entre cuerpo y alma. Estas dos dimensiones no est\u00e1n simplemente conectadas, sino que est\u00e1n unidas profundamente. Cuando acariciamos a alguien, es nuestra alma la que est\u00e1 expresando un cari\u00f1o espiritual, no solo un gesto f\u00edsico. Esta uni\u00f3n tambi\u00e9n se manifiesta en c\u00f3mo nuestros estados interiores, como el cansancio, afectan tanto al cuerpo como al alma.<\/p>\n<p>Los griegos, como Arist\u00f3teles, propusieron que el alma es la forma del cuerpo, haciendo que nuestro cuerpo sea espiritual. Somos una unidad sustancial de cuerpo y alma, un misterio que refleja la existencia de Dios. Reconocer esta unidad nos lleva a comprender la dignidad intr\u00ednseca de nuestro ser, tanto en lo f\u00edsico como en lo espiritual.<\/p>\n<p>Para finalizar este primer cap\u00edtulo, sugiero algunos ejercicios simples para experimentar esta dualidad y unidad en nuestra propia vida. Observa los ojos de una mu\u00f1eca, un animal, y luego de una persona enamorada. La diferencia en la profundidad de la mirada revela la presencia de un alma en la persona. Otro ejercicio es la auto-reflexi\u00f3n: p\u00ednchate el brazo y piensa si realmente eres solo piel y huesos, o si hay algo m\u00e1s profundo que te define.<\/p>\n<p>Estos ejercicios nos ayudan a entender que la relaci\u00f3n entre cuerpo y alma es fundamental y que el materialismo, al negar esta realidad, se convierte en una ideolog\u00eda que no responde a nuestras experiencias m\u00e1s b\u00e1sicas.<\/p>\n<p><iframe loading=\"lazy\" title=\"Unidad\" width=\"500\" height=\"281\" src=\"https:\/\/www.youtube.com\/embed\/1kNp2qNb_Qo?feature=oembed\" frameborder=\"0\" allow=\"accelerometer; autoplay; clipboard-write; encrypted-media; gyroscope; picture-in-picture; web-share\" referrerpolicy=\"strict-origin-when-cross-origin\" allowfullscreen><\/iframe><\/p>\n","protected":false},"excerpt":{"rendered":"<p>Unidad: Cap\u00edtulo 1 de la Serie \u00abAlmacuerpo\u00bb, con ocasi\u00f3n de la Solemnidad de la Asunci\u00f3n de Mar\u00eda al Cielo en cuerpo y alma<\/p>\n","protected":false},"author":126,"featured_media":107126,"comment_status":"closed","ping_status":"closed","sticky":false,"template":"","format":"standard","meta":{"_acf_changed":false,"_crdt_document":"","inline_featured_image":false,"footnotes":""},"categories":[72],"tags":[22843,15532,22557,14054,22846,22848,18321,1371,22844,22845,22849,4953,22847,1119],"class_list":["post-107125","post","type-post","status-publish","format-standard","has-post-thumbnail","hentry","category-analisis","tag-almacuerpo","tag-aristoteles","tag-asuncion-de-nuestra-senora","tag-cuerpo-glorioso","tag-cuerpo-y-alma","tag-dignidad-del-ser-humano","tag-don-luis-herrera-campo","tag-espiritualidad","tag-la-asuncion-de-la-virgen","tag-relacion-entre-el-cuerpo-y-la-gracia","tag-serie-almacuerpo","tag-trending-es","tag-unidad-cuerpo-y-alma","tag-virgen-maria"],"acf":[],"yoast_head":"<!-- This site is optimized with the Yoast SEO plugin v27.4 - https:\/\/yoast.com\/product\/yoast-seo-wordpress\/ -->\n<title>La Asunci\u00f3n de la Virgen y la Relaci\u00f3n entre el Cuerpo y la Gracia &#8211; Exaudi<\/title>\n<meta name=\"robots\" content=\"index, follow, max-snippet:-1, max-image-preview:large, max-video-preview:-1\" \/>\n<link rel=\"canonical\" href=\"https:\/\/exaudi.org\/es\/la-asuncion-de-la-virgen-y-la-relacion-entre-el-cuerpo-y-la-gracia\/\" \/>\n<meta property=\"og:locale\" content=\"es_ES\" \/>\n<meta property=\"og:type\" content=\"article\" \/>\n<meta property=\"og:title\" content=\"La Asunci\u00f3n de la Virgen y la Relaci\u00f3n entre el Cuerpo y la Gracia &#8211; Exaudi\" \/>\n<meta property=\"og:description\" content=\"Unidad: Cap\u00edtulo 1 de la Serie &quot;Almacuerpo&quot;, con ocasi\u00f3n de la Solemnidad de la Asunci\u00f3n de Mar\u00eda al Cielo en cuerpo y alma\" \/>\n<meta property=\"og:url\" content=\"https:\/\/exaudi.org\/es\/la-asuncion-de-la-virgen-y-la-relacion-entre-el-cuerpo-y-la-gracia\/\" \/>\n<meta property=\"og:site_name\" content=\"Exaudi\" \/>\n<meta property=\"article:publisher\" content=\"https:\/\/www.facebook.com\/ExaudiNews\" \/>\n<meta property=\"article:published_time\" content=\"2024-08-30T06:55:04+00:00\" \/>\n<meta property=\"article:modified_time\" content=\"2024-08-30T07:02:08+00:00\" \/>\n<meta property=\"og:image\" content=\"https:\/\/exaudi.org\/wp-content\/uploads\/2024\/08\/2d5edb2f-1cfe-43a6-9ae2-091124527f3f-e1725000576708.jpg\" \/>\n\t<meta property=\"og:image:width\" content=\"1376\" \/>\n\t<meta property=\"og:image:height\" content=\"972\" \/>\n\t<meta property=\"og:image:type\" content=\"image\/jpeg\" \/>\n<meta name=\"author\" content=\"Luis Herrera Campo\" \/>\n<meta name=\"twitter:card\" content=\"summary_large_image\" \/>\n<meta name=\"twitter:creator\" content=\"@Exaudi_News\" \/>\n<meta name=\"twitter:site\" content=\"@Exaudi_News\" \/>\n<meta name=\"twitter:label1\" content=\"Escrito por\" \/>\n\t<meta name=\"twitter:data1\" content=\"Luis Herrera Campo\" \/>\n\t<meta name=\"twitter:label2\" content=\"Tiempo de lectura\" \/>\n\t<meta name=\"twitter:data2\" content=\"3 minutos\" \/>\n<script type=\"application\/ld+json\" class=\"yoast-schema-graph\">{\"@context\":\"https:\\\/\\\/schema.org\",\"@graph\":[{\"@type\":\"Article\",\"@id\":\"https:\\\/\\\/exaudi.org\\\/es\\\/la-asuncion-de-la-virgen-y-la-relacion-entre-el-cuerpo-y-la-gracia\\\/#article\",\"isPartOf\":{\"@id\":\"https:\\\/\\\/exaudi.org\\\/es\\\/la-asuncion-de-la-virgen-y-la-relacion-entre-el-cuerpo-y-la-gracia\\\/\"},\"author\":{\"name\":\"Luis Herrera Campo\",\"@id\":\"https:\\\/\\\/exaudi.org\\\/#\\\/schema\\\/person\\\/8ba25804983f8e88d3d71c3808a804bc\"},\"headline\":\"La Asunci\u00f3n de la Virgen y la Relaci\u00f3n entre el Cuerpo y la Gracia\",\"datePublished\":\"2024-08-30T06:55:04+00:00\",\"dateModified\":\"2024-08-30T07:02:08+00:00\",\"mainEntityOfPage\":{\"@id\":\"https:\\\/\\\/exaudi.org\\\/es\\\/la-asuncion-de-la-virgen-y-la-relacion-entre-el-cuerpo-y-la-gracia\\\/\"},\"wordCount\":531,\"image\":{\"@id\":\"https:\\\/\\\/exaudi.org\\\/es\\\/la-asuncion-de-la-virgen-y-la-relacion-entre-el-cuerpo-y-la-gracia\\\/#primaryimage\"},\"thumbnailUrl\":\"https:\\\/\\\/exaudi.org\\\/wp-content\\\/uploads\\\/2024\\\/08\\\/2d5edb2f-1cfe-43a6-9ae2-091124527f3f-e1725000576708.jpg\",\"keywords\":[\"Almacuerpo\",\"Arist\u00f3teles\",\"Asunci\u00f3n de Nuestra Se\u00f1ora\",\"Cuerpo glorioso\",\"cuerpo y alma\",\"dignidad del ser humano\",\"Don Luis Herrera Campo\",\"Espiritualidad\",\"La Asunci\u00f3n de la Virgen\",\"relaci\u00f3n entre el cuerpo y la gracia\",\"serie Almacuerpo\",\"Trending\",\"unidad cuerpo y alma\",\"Virgen Mar\u00eda\"],\"articleSection\":[\"An\u00e1lisis\"],\"inLanguage\":\"es\"},{\"@type\":\"WebPage\",\"@id\":\"https:\\\/\\\/exaudi.org\\\/es\\\/la-asuncion-de-la-virgen-y-la-relacion-entre-el-cuerpo-y-la-gracia\\\/\",\"url\":\"https:\\\/\\\/exaudi.org\\\/es\\\/la-asuncion-de-la-virgen-y-la-relacion-entre-el-cuerpo-y-la-gracia\\\/\",\"name\":\"La Asunci\u00f3n de la Virgen y la Relaci\u00f3n entre el Cuerpo y la Gracia &#8211; Exaudi\",\"isPartOf\":{\"@id\":\"https:\\\/\\\/exaudi.org\\\/#website\"},\"primaryImageOfPage\":{\"@id\":\"https:\\\/\\\/exaudi.org\\\/es\\\/la-asuncion-de-la-virgen-y-la-relacion-entre-el-cuerpo-y-la-gracia\\\/#primaryimage\"},\"image\":{\"@id\":\"https:\\\/\\\/exaudi.org\\\/es\\\/la-asuncion-de-la-virgen-y-la-relacion-entre-el-cuerpo-y-la-gracia\\\/#primaryimage\"},\"thumbnailUrl\":\"https:\\\/\\\/exaudi.org\\\/wp-content\\\/uploads\\\/2024\\\/08\\\/2d5edb2f-1cfe-43a6-9ae2-091124527f3f-e1725000576708.jpg\",\"datePublished\":\"2024-08-30T06:55:04+00:00\",\"dateModified\":\"2024-08-30T07:02:08+00:00\",\"author\":{\"@id\":\"https:\\\/\\\/exaudi.org\\\/#\\\/schema\\\/person\\\/8ba25804983f8e88d3d71c3808a804bc\"},\"breadcrumb\":{\"@id\":\"https:\\\/\\\/exaudi.org\\\/es\\\/la-asuncion-de-la-virgen-y-la-relacion-entre-el-cuerpo-y-la-gracia\\\/#breadcrumb\"},\"inLanguage\":\"es\",\"potentialAction\":[{\"@type\":\"ReadAction\",\"target\":[\"https:\\\/\\\/exaudi.org\\\/es\\\/la-asuncion-de-la-virgen-y-la-relacion-entre-el-cuerpo-y-la-gracia\\\/\"]}]},{\"@type\":\"ImageObject\",\"inLanguage\":\"es\",\"@id\":\"https:\\\/\\\/exaudi.org\\\/es\\\/la-asuncion-de-la-virgen-y-la-relacion-entre-el-cuerpo-y-la-gracia\\\/#primaryimage\",\"url\":\"https:\\\/\\\/exaudi.org\\\/wp-content\\\/uploads\\\/2024\\\/08\\\/2d5edb2f-1cfe-43a6-9ae2-091124527f3f-e1725000576708.jpg\",\"contentUrl\":\"https:\\\/\\\/exaudi.org\\\/wp-content\\\/uploads\\\/2024\\\/08\\\/2d5edb2f-1cfe-43a6-9ae2-091124527f3f-e1725000576708.jpg\",\"width\":1376,\"height\":972},{\"@type\":\"BreadcrumbList\",\"@id\":\"https:\\\/\\\/exaudi.org\\\/es\\\/la-asuncion-de-la-virgen-y-la-relacion-entre-el-cuerpo-y-la-gracia\\\/#breadcrumb\",\"itemListElement\":[{\"@type\":\"ListItem\",\"position\":1,\"name\":\"Portada\",\"item\":\"https:\\\/\\\/exaudi.org\\\/es\\\/\"},{\"@type\":\"ListItem\",\"position\":2,\"name\":\"La Asunci\u00f3n de la Virgen y la Relaci\u00f3n entre el Cuerpo y la Gracia\"}]},{\"@type\":\"WebSite\",\"@id\":\"https:\\\/\\\/exaudi.org\\\/#website\",\"url\":\"https:\\\/\\\/exaudi.org\\\/\",\"name\":\"Exaudi\",\"description\":\"News\",\"potentialAction\":[{\"@type\":\"SearchAction\",\"target\":{\"@type\":\"EntryPoint\",\"urlTemplate\":\"https:\\\/\\\/exaudi.org\\\/?s={search_term_string}\"},\"query-input\":{\"@type\":\"PropertyValueSpecification\",\"valueRequired\":true,\"valueName\":\"search_term_string\"}}],\"inLanguage\":\"es\"},{\"@type\":\"Person\",\"@id\":\"https:\\\/\\\/exaudi.org\\\/#\\\/schema\\\/person\\\/8ba25804983f8e88d3d71c3808a804bc\",\"name\":\"Luis Herrera Campo\",\"image\":{\"@type\":\"ImageObject\",\"inLanguage\":\"es\",\"@id\":\"https:\\\/\\\/secure.gravatar.com\\\/avatar\\\/eac7d1a3c11ac010e320a821607af7cd107b34e1bdffe2f58efdf2b0a8d1c6e5?s=96&d=mm&r=g\",\"url\":\"https:\\\/\\\/secure.gravatar.com\\\/avatar\\\/eac7d1a3c11ac010e320a821607af7cd107b34e1bdffe2f58efdf2b0a8d1c6e5?s=96&d=mm&r=g\",\"contentUrl\":\"https:\\\/\\\/secure.gravatar.com\\\/avatar\\\/eac7d1a3c11ac010e320a821607af7cd107b34e1bdffe2f58efdf2b0a8d1c6e5?s=96&d=mm&r=g\",\"caption\":\"Luis Herrera Campo\"},\"description\":\"Nac\u00ed en Burgos, donde vivo. Soy sacerdote del Opus Dei.\",\"sameAs\":[\"https:\\\/\\\/www.youtube.com\\\/@luisherreracampo\\\/featured\"],\"url\":\"https:\\\/\\\/exaudi.org\\\/es\\\/author\\\/luis-herrera-campo\\\/\"}]}<\/script>\n<!-- \/ Yoast SEO plugin. -->","yoast_head_json":{"title":"La Asunci\u00f3n de la Virgen y la Relaci\u00f3n entre el Cuerpo y la Gracia &#8211; Exaudi","robots":{"index":"index","follow":"follow","max-snippet":"max-snippet:-1","max-image-preview":"max-image-preview:large","max-video-preview":"max-video-preview:-1"},"canonical":"https:\/\/exaudi.org\/es\/la-asuncion-de-la-virgen-y-la-relacion-entre-el-cuerpo-y-la-gracia\/","og_locale":"es_ES","og_type":"article","og_title":"La Asunci\u00f3n de la Virgen y la Relaci\u00f3n entre el Cuerpo y la Gracia &#8211; Exaudi","og_description":"Unidad: Cap\u00edtulo 1 de la Serie \"Almacuerpo\", con ocasi\u00f3n de la Solemnidad de la Asunci\u00f3n de Mar\u00eda al Cielo en cuerpo y alma","og_url":"https:\/\/exaudi.org\/es\/la-asuncion-de-la-virgen-y-la-relacion-entre-el-cuerpo-y-la-gracia\/","og_site_name":"Exaudi","article_publisher":"https:\/\/www.facebook.com\/ExaudiNews","article_published_time":"2024-08-30T06:55:04+00:00","article_modified_time":"2024-08-30T07:02:08+00:00","og_image":[{"width":1376,"height":972,"url":"https:\/\/exaudi.org\/wp-content\/uploads\/2024\/08\/2d5edb2f-1cfe-43a6-9ae2-091124527f3f-e1725000576708.jpg","type":"image\/jpeg"}],"author":"Luis Herrera Campo","twitter_card":"summary_large_image","twitter_creator":"@Exaudi_News","twitter_site":"@Exaudi_News","twitter_misc":{"Escrito por":"Luis Herrera Campo","Tiempo de lectura":"3 minutos"},"schema":{"@context":"https:\/\/schema.org","@graph":[{"@type":"Article","@id":"https:\/\/exaudi.org\/es\/la-asuncion-de-la-virgen-y-la-relacion-entre-el-cuerpo-y-la-gracia\/#article","isPartOf":{"@id":"https:\/\/exaudi.org\/es\/la-asuncion-de-la-virgen-y-la-relacion-entre-el-cuerpo-y-la-gracia\/"},"author":{"name":"Luis Herrera Campo","@id":"https:\/\/exaudi.org\/#\/schema\/person\/8ba25804983f8e88d3d71c3808a804bc"},"headline":"La Asunci\u00f3n de la Virgen y la Relaci\u00f3n entre el Cuerpo y la Gracia","datePublished":"2024-08-30T06:55:04+00:00","dateModified":"2024-08-30T07:02:08+00:00","mainEntityOfPage":{"@id":"https:\/\/exaudi.org\/es\/la-asuncion-de-la-virgen-y-la-relacion-entre-el-cuerpo-y-la-gracia\/"},"wordCount":531,"image":{"@id":"https:\/\/exaudi.org\/es\/la-asuncion-de-la-virgen-y-la-relacion-entre-el-cuerpo-y-la-gracia\/#primaryimage"},"thumbnailUrl":"https:\/\/exaudi.org\/wp-content\/uploads\/2024\/08\/2d5edb2f-1cfe-43a6-9ae2-091124527f3f-e1725000576708.jpg","keywords":["Almacuerpo","Arist\u00f3teles","Asunci\u00f3n de Nuestra Se\u00f1ora","Cuerpo glorioso","cuerpo y alma","dignidad del ser humano","Don Luis Herrera Campo","Espiritualidad","La Asunci\u00f3n de la Virgen","relaci\u00f3n entre el cuerpo y la gracia","serie Almacuerpo","Trending","unidad cuerpo y alma","Virgen Mar\u00eda"],"articleSection":["An\u00e1lisis"],"inLanguage":"es"},{"@type":"WebPage","@id":"https:\/\/exaudi.org\/es\/la-asuncion-de-la-virgen-y-la-relacion-entre-el-cuerpo-y-la-gracia\/","url":"https:\/\/exaudi.org\/es\/la-asuncion-de-la-virgen-y-la-relacion-entre-el-cuerpo-y-la-gracia\/","name":"La Asunci\u00f3n de la Virgen y la Relaci\u00f3n entre el Cuerpo y la Gracia &#8211; Exaudi","isPartOf":{"@id":"https:\/\/exaudi.org\/#website"},"primaryImageOfPage":{"@id":"https:\/\/exaudi.org\/es\/la-asuncion-de-la-virgen-y-la-relacion-entre-el-cuerpo-y-la-gracia\/#primaryimage"},"image":{"@id":"https:\/\/exaudi.org\/es\/la-asuncion-de-la-virgen-y-la-relacion-entre-el-cuerpo-y-la-gracia\/#primaryimage"},"thumbnailUrl":"https:\/\/exaudi.org\/wp-content\/uploads\/2024\/08\/2d5edb2f-1cfe-43a6-9ae2-091124527f3f-e1725000576708.jpg","datePublished":"2024-08-30T06:55:04+00:00","dateModified":"2024-08-30T07:02:08+00:00","author":{"@id":"https:\/\/exaudi.org\/#\/schema\/person\/8ba25804983f8e88d3d71c3808a804bc"},"breadcrumb":{"@id":"https:\/\/exaudi.org\/es\/la-asuncion-de-la-virgen-y-la-relacion-entre-el-cuerpo-y-la-gracia\/#breadcrumb"},"inLanguage":"es","potentialAction":[{"@type":"ReadAction","target":["https:\/\/exaudi.org\/es\/la-asuncion-de-la-virgen-y-la-relacion-entre-el-cuerpo-y-la-gracia\/"]}]},{"@type":"ImageObject","inLanguage":"es","@id":"https:\/\/exaudi.org\/es\/la-asuncion-de-la-virgen-y-la-relacion-entre-el-cuerpo-y-la-gracia\/#primaryimage","url":"https:\/\/exaudi.org\/wp-content\/uploads\/2024\/08\/2d5edb2f-1cfe-43a6-9ae2-091124527f3f-e1725000576708.jpg","contentUrl":"https:\/\/exaudi.org\/wp-content\/uploads\/2024\/08\/2d5edb2f-1cfe-43a6-9ae2-091124527f3f-e1725000576708.jpg","width":1376,"height":972},{"@type":"BreadcrumbList","@id":"https:\/\/exaudi.org\/es\/la-asuncion-de-la-virgen-y-la-relacion-entre-el-cuerpo-y-la-gracia\/#breadcrumb","itemListElement":[{"@type":"ListItem","position":1,"name":"Portada","item":"https:\/\/exaudi.org\/es\/"},{"@type":"ListItem","position":2,"name":"La Asunci\u00f3n de la Virgen y la Relaci\u00f3n entre el Cuerpo y la Gracia"}]},{"@type":"WebSite","@id":"https:\/\/exaudi.org\/#website","url":"https:\/\/exaudi.org\/","name":"Exaudi","description":"News","potentialAction":[{"@type":"SearchAction","target":{"@type":"EntryPoint","urlTemplate":"https:\/\/exaudi.org\/?s={search_term_string}"},"query-input":{"@type":"PropertyValueSpecification","valueRequired":true,"valueName":"search_term_string"}}],"inLanguage":"es"},{"@type":"Person","@id":"https:\/\/exaudi.org\/#\/schema\/person\/8ba25804983f8e88d3d71c3808a804bc","name":"Luis Herrera Campo","image":{"@type":"ImageObject","inLanguage":"es","@id":"https:\/\/secure.gravatar.com\/avatar\/eac7d1a3c11ac010e320a821607af7cd107b34e1bdffe2f58efdf2b0a8d1c6e5?s=96&d=mm&r=g","url":"https:\/\/secure.gravatar.com\/avatar\/eac7d1a3c11ac010e320a821607af7cd107b34e1bdffe2f58efdf2b0a8d1c6e5?s=96&d=mm&r=g","contentUrl":"https:\/\/secure.gravatar.com\/avatar\/eac7d1a3c11ac010e320a821607af7cd107b34e1bdffe2f58efdf2b0a8d1c6e5?s=96&d=mm&r=g","caption":"Luis Herrera Campo"},"description":"Nac\u00ed en Burgos, donde vivo. Soy sacerdote del Opus Dei.","sameAs":["https:\/\/www.youtube.com\/@luisherreracampo\/featured"],"url":"https:\/\/exaudi.org\/es\/author\/luis-herrera-campo\/"}]}},"jetpack_featured_media_url":"https:\/\/exaudi.org\/wp-content\/uploads\/2024\/08\/2d5edb2f-1cfe-43a6-9ae2-091124527f3f-e1725000576708.jpg","jetpack_shortlink":"https:\/\/wp.me\/pgKjF2-rRP","_links":{"self":[{"href":"https:\/\/exaudi.org\/es\/wp-json\/wp\/v2\/posts\/107125","targetHints":{"allow":["GET"]}}],"collection":[{"href":"https:\/\/exaudi.org\/es\/wp-json\/wp\/v2\/posts"}],"about":[{"href":"https:\/\/exaudi.org\/es\/wp-json\/wp\/v2\/types\/post"}],"author":[{"embeddable":true,"href":"https:\/\/exaudi.org\/es\/wp-json\/wp\/v2\/users\/126"}],"replies":[{"embeddable":true,"href":"https:\/\/exaudi.org\/es\/wp-json\/wp\/v2\/comments?post=107125"}],"version-history":[{"count":0,"href":"https:\/\/exaudi.org\/es\/wp-json\/wp\/v2\/posts\/107125\/revisions"}],"wp:featuredmedia":[{"embeddable":true,"href":"https:\/\/exaudi.org\/es\/wp-json\/wp\/v2\/media\/107126"}],"wp:attachment":[{"href":"https:\/\/exaudi.org\/es\/wp-json\/wp\/v2\/media?parent=107125"}],"wp:term":[{"taxonomy":"category","embeddable":true,"href":"https:\/\/exaudi.org\/es\/wp-json\/wp\/v2\/categories?post=107125"},{"taxonomy":"post_tag","embeddable":true,"href":"https:\/\/exaudi.org\/es\/wp-json\/wp\/v2\/tags?post=107125"}],"curies":[{"name":"wp","href":"https:\/\/api.w.org\/{rel}","templated":true}]}}