{"id":107083,"date":"2025-09-04T08:00:06","date_gmt":"2025-09-04T06:00:06","guid":{"rendered":"https:\/\/exaudi.org\/?p=107083"},"modified":"2025-09-04T09:03:55","modified_gmt":"2025-09-04T07:03:55","slug":"beata-catalina-mattei-de-racconigi-4-de-septiembre","status":"publish","type":"post","link":"https:\/\/exaudi.org\/es\/beata-catalina-mattei-de-racconigi-4-de-septiembre\/","title":{"rendered":"Beata Catalina Mattei De Racconigi, 4 de septiembre"},"content":{"rendered":"<p>Eligi\u00f3 como modelo a santa Catalina de Siena a consecuencia de una visi\u00f3n y, en cierto modo, sigui\u00f3 sus pasos. Naci\u00f3 en Racconigi (Piamonte) en junio de 1486. Su padre era herrero y su madre tejedora de seda, oficio que ella tom\u00f3. En el hogar hab\u00edan nacido antes cinco hijos varones y una ni\u00f1a, que muri\u00f3 prematuramente. Su infancia estuvo marcada por una madurez espiritual inusual, caracterizada por experiencias m\u00edsticas singulares. A los 13 a\u00f1os hizo voto de virginidad. En una aparici\u00f3n la Virgen Mar\u00eda tom\u00f3 su mano uni\u00e9ndola a la de su Divino Hijo, dirigi\u00e9ndole estas palabras: \u00abTe doy por esposo a mi Hijo, en fe, esperanza y caridad\u00bb. En nueva visi\u00f3n se le apareci\u00f3 nuevamente vistiendo el h\u00e1bito dominico y le hizo ver que deb\u00eda ingresar en la Tercera Orden. Por Ella supo que los religiosos abrir\u00edan un convento en Racconigi.<\/p>\n<p><iframe title=\"Spotify Embed: Beata Catalina Mattei De Racconigi, 4 de septiembre\" style=\"border-radius: 12px\" width=\"100%\" height=\"152\" frameborder=\"0\" allowfullscreen allow=\"autoplay; clipboard-write; encrypted-media; fullscreen; picture-in-picture\" loading=\"lazy\" src=\"https:\/\/open.spotify.com\/embed\/episode\/3Z788GmPcbYZtDH5l8WZOZ?si=SJjDMzMOSzaevIY4DZFO0w&#038;utm_source=oembed\"><\/iframe><\/p>\n<p>En 1506 el conde de esta ciudad, Claudio de Saboya, vinculado por un voto, reclam\u00f3 la presencia de los frailes dominicos que se establecieron all\u00ed provisionalmente, hasta que culminaron las obras del convento en 1509. El superior, Domenico Onesto da Bra, notable religioso, reconocido por sus dotes oratorias y su celo apost\u00f3lico, se convirti\u00f3 en el confesor de Catalina, a la que ya preced\u00eda la fama por sus experiencias m\u00edsticas. Tres a\u00f1os m\u00e1s tarde, la suma de rivalidades existentes entre las comunidades religiosas, la que antiguamente hab\u00eda ocupado el convento y la que lo habitaba en ese momento, unido a la aureola de m\u00edstica que acompa\u00f1aba a Catalina, desembocaron en un completo desprop\u00f3sito, ya que la beata fue acusada de herej\u00eda y de brujer\u00eda. Sin duda, fue una ruin venganza contra los dominicos, toda vez que Catalina era dirigida por su superior. La cuesti\u00f3n es que se vio obligada a comparecer ante el tribunal de la Inquisici\u00f3n, pero fue exonerada. De modo que si lo que persegu\u00edan era hacerle da\u00f1o, sucedi\u00f3 lo contrario. Sali\u00f3 del proceso fortalecida y fue acogida en la corte de los Saboya. All\u00ed trab\u00f3 amistad con la marquesa de Monferrato, Anna de Alen\u00e7on. En 1514, en presencia de Claudio de Saboya, tom\u00f3 el h\u00e1bito como terciaria dominica, tal como le hab\u00eda ordenado la Virgen Mar\u00eda. Padec\u00eda intensos dolores acentuados por los estigmas de la Pasi\u00f3n. A ellos se a\u00f1ad\u00edan otros sufrimientos ajenos a su persona, que no cesaron.<\/p>\n<p>A la muerte de Claudio, le sucedi\u00f3 Bernardino, quien tom\u00f3 la decisi\u00f3n de enviar al exilio a Catalina hacia 1523. Ella vendi\u00f3 su casa y con parte de lo recaudado construy\u00f3 el altar del Rosario en la Iglesia local de Santo Domingo. El resto lo entreg\u00f3 a su nuevo confesor, Gabriela Dolce da Savigliano, que reemplaz\u00f3 a fray Onesto cuando falleci\u00f3. Catalina se instal\u00f3 en Caramagna y recibi\u00f3 la visita del provincial de los dominicos de Lombard\u00eda, que hab\u00eda prohibido a los religiosos de los conventos circundantes que asumieran su direcci\u00f3n espiritual. Desde 1526 por espacio de 20 a\u00f1os vivi\u00f3 despose\u00edda de esa gracia y consuelo hasta que falleci\u00f3 el provincial. Dec\u00eda: \u00abJes\u00fas es mi \u00fanica esperanza\u00bb. Se cree que en 1519 el conde Giovanni Francesco Pico debi\u00f3 tener noticias de las experiencias m\u00edsticas de Catalina a trav\u00e9s del predicador fray Gerolamo da Pietrasanta. Y en 1527, aprovechando una adquisici\u00f3n que deb\u00eda realizar por la zona, se entrevist\u00f3 con ella y le ofreci\u00f3 protecci\u00f3n. De las sucesivas visitas que se hicieron surgi\u00f3 la redacci\u00f3n de la biograf\u00eda de Catalina. Cuando el conde Pico muri\u00f3 en 1533, se encarg\u00f3 de esta misi\u00f3n el dominico Pietro Martire Morelli, de Garessio. A \u00e9l fue narrando la beata sus experiencias m\u00edsticas. Dos a\u00f1os m\u00e1s tarde, Catalina regres\u00f3 a Racconigi y dispuso en su testamento que una vez fallecida fuese enterrada en la capilla del Rosario que hab\u00eda mandado erigir. En 1546, tras la muerte del provincial que la hab\u00eda mantenido apartada durante veinte a\u00f1os, Morelli se convirti\u00f3 en su confesor. Sol\u00eda trasladarse a Caramagna para visitarla. Por esa \u00e9poca, Catalina redact\u00f3 nuevo testamento manifestando que quer\u00eda ser enterrada en la Iglesia de S. Vincenzo, de Garessio. Muri\u00f3 en Caramagna el 4 de septiembre de 1547. Fue sepultada temporalmente en la tumba de los Cappelli, y en febrero de 1548 su cuerpo incorrupto fue conducido a Garessio a la Iglesia de S. Vincenzo, de los Padres Dominicos, como hab\u00eda solicitado. P\u00edo VII la beatific\u00f3 el 9 de abril de 1808.<\/p>\n<p><img loading=\"lazy\" decoding=\"async\" class=\"size-full wp-image-132704 alignnone\" src=\"https:\/\/exaudi.org\/wp-content\/uploads\/2024\/09\/Santoral-2-1.jpg\" alt=\"\" width=\"1080\" height=\"1080\" srcset=\"https:\/\/exaudi.org\/wp-content\/uploads\/2024\/09\/Santoral-2-1.jpg 1080w, https:\/\/exaudi.org\/wp-content\/uploads\/2024\/09\/Santoral-2-1-300x300.jpg 300w, https:\/\/exaudi.org\/wp-content\/uploads\/2024\/09\/Santoral-2-1-1024x1024.jpg 1024w, https:\/\/exaudi.org\/wp-content\/uploads\/2024\/09\/Santoral-2-1-100x100.jpg?crop=1 100w, https:\/\/exaudi.org\/wp-content\/uploads\/2024\/09\/Santoral-2-1-770x770.jpg 770w, https:\/\/exaudi.org\/wp-content\/uploads\/2024\/09\/Santoral-2-1-500x500.jpg 500w\" sizes=\"auto, (max-width: 1080px) 100vw, 1080px\" \/><\/p>\n<h6><em>\u00a9 <a href=\"https:\/\/exaudi.wpengine.com\/es\/author\/isabelorellana\/\" target=\"_blank\" rel=\"noopener noreferrer\">Isabel Orellana Vilches<\/a>, 2024<\/em><\/h6>\n<h6><em>Autora vinculada a<\/em><\/h6>\n<h6><em><img loading=\"lazy\" decoding=\"async\" class=\"alignright wp-image-2208\" src=\"https:\/\/exaudi.org\/wp-content\/uploads\/2021\/02\/santoral-scaled-1-725x1024.jpg\" alt=\"santoral Isabel Orellana\" width=\"262\" height=\"370\" \/><\/em><img loading=\"lazy\" decoding=\"async\" class=\"alignnone size-full wp-image-41949\" src=\"https:\/\/www.idente.org\/wp-content\/uploads\/logo-cedro-v01-843x295-1-e1603384654546.png\" alt=\"\" width=\"80\" height=\"28\" \/><br \/>\nObra protegida por derechos de autor.<br \/>\nInscrita en el Registro de la Propiedad Intelectual el 24 de noviembre de 2014.<br \/>\n________________<br \/>\nDerechos de edici\u00f3n reservados:<br \/>\n<a href=\"https:\/\/rielo.com\/\" target=\"_blank\" rel=\"noopener noreferrer\">Fundaci\u00f3n Fernando Rielo<\/a><br \/>\nGoya 20, 4.\u00ba izq. int. 28001 Madrid<br \/>\nTlf.: (34) 91 575 40 91<br \/>\nCorreo electr\u00f3nico: fundacion@rielo.com<\/h6>\n<div class=\"page\" title=\"Page 4\">\n<div class=\"layoutArea\">\n<div class=\"column\">\n<h6>Dep\u00f3sito legal: M-18664-2020<br \/>\nISBN: 978-84-946646-6-3<\/h6>\n<\/div>\n<\/div>\n<\/div>\n","protected":false},"excerpt":{"rendered":"<p>Virgen Dominica<\/p>\n","protected":false},"author":23,"featured_media":107087,"comment_status":"closed","ping_status":"closed","sticky":false,"template":"","format":"standard","meta":{"_acf_changed":false,"_crdt_document":"","inline_featured_image":false,"footnotes":""},"categories":[2772],"tags":[22823,58880,22822],"class_list":["post-107083","post","type-post","status-publish","format-standard","has-post-thumbnail","hentry","category-santoral","tag-beata-catalina-mattei-de-racconigi","tag-trending-es-151","tag-virgen-dominica"],"acf":[],"yoast_head":"<!-- This site is optimized with the Yoast SEO plugin v27.5 - https:\/\/yoast.com\/product\/yoast-seo-wordpress\/ -->\n<title>Beata Catalina Mattei De Racconigi, 4 de septiembre &#8211; Exaudi<\/title>\n<meta name=\"robots\" content=\"index, follow, max-snippet:-1, max-image-preview:large, max-video-preview:-1\" \/>\n<link rel=\"canonical\" href=\"https:\/\/exaudi.org\/es\/beata-catalina-mattei-de-racconigi-4-de-septiembre\/\" \/>\n<meta property=\"og:locale\" content=\"es_ES\" \/>\n<meta property=\"og:type\" content=\"article\" \/>\n<meta property=\"og:title\" content=\"Beata Catalina Mattei De Racconigi, 4 de septiembre &#8211; Exaudi\" \/>\n<meta property=\"og:description\" content=\"Virgen Dominica\" \/>\n<meta property=\"og:url\" content=\"https:\/\/exaudi.org\/es\/beata-catalina-mattei-de-racconigi-4-de-septiembre\/\" \/>\n<meta property=\"og:site_name\" content=\"Exaudi\" \/>\n<meta property=\"article:publisher\" content=\"https:\/\/www.facebook.com\/ExaudiNews\" \/>\n<meta property=\"article:published_time\" content=\"2025-09-04T06:00:06+00:00\" \/>\n<meta property=\"article:modified_time\" content=\"2025-09-04T07:03:55+00:00\" \/>\n<meta property=\"og:image\" content=\"https:\/\/exaudi.org\/wp-content\/uploads\/2024\/09\/Catalina-Mattei-de-Racconigi-e1724914901936.jpg\" \/>\n\t<meta property=\"og:image:width\" content=\"535\" \/>\n\t<meta property=\"og:image:height\" content=\"450\" \/>\n\t<meta property=\"og:image:type\" content=\"image\/jpeg\" \/>\n<meta name=\"author\" content=\"Isabel Orellana\" \/>\n<meta name=\"twitter:card\" content=\"summary_large_image\" \/>\n<meta name=\"twitter:creator\" content=\"@Exaudi_News\" \/>\n<meta name=\"twitter:site\" content=\"@Exaudi_News\" \/>\n<meta name=\"twitter:label1\" content=\"Escrito por\" \/>\n\t<meta name=\"twitter:data1\" content=\"Isabel Orellana\" \/>\n\t<meta name=\"twitter:label2\" content=\"Tiempo de lectura\" \/>\n\t<meta name=\"twitter:data2\" content=\"4 minutos\" \/>\n<script type=\"application\/ld+json\" class=\"yoast-schema-graph\">{\"@context\":\"https:\\\/\\\/schema.org\",\"@graph\":[{\"@type\":\"Article\",\"@id\":\"https:\\\/\\\/exaudi.org\\\/es\\\/beata-catalina-mattei-de-racconigi-4-de-septiembre\\\/#article\",\"isPartOf\":{\"@id\":\"https:\\\/\\\/exaudi.org\\\/es\\\/beata-catalina-mattei-de-racconigi-4-de-septiembre\\\/\"},\"author\":{\"name\":\"Isabel Orellana\",\"@id\":\"https:\\\/\\\/exaudi.org\\\/#\\\/schema\\\/person\\\/64e18b96fd6118559a9217b5b3375fdc\"},\"headline\":\"Beata Catalina Mattei De Racconigi, 4 de septiembre\",\"datePublished\":\"2025-09-04T06:00:06+00:00\",\"dateModified\":\"2025-09-04T07:03:55+00:00\",\"mainEntityOfPage\":{\"@id\":\"https:\\\/\\\/exaudi.org\\\/es\\\/beata-catalina-mattei-de-racconigi-4-de-septiembre\\\/\"},\"wordCount\":839,\"image\":{\"@id\":\"https:\\\/\\\/exaudi.org\\\/es\\\/beata-catalina-mattei-de-racconigi-4-de-septiembre\\\/#primaryimage\"},\"thumbnailUrl\":\"https:\\\/\\\/exaudi.org\\\/wp-content\\\/uploads\\\/2024\\\/09\\\/Catalina-Mattei-de-Racconigi-e1724914901936.jpg\",\"keywords\":[\"Beata Catalina Mattei De Racconigi\",\"Trending\",\"Virgen Dominica\"],\"articleSection\":[\"Santoral\"],\"inLanguage\":\"es\"},{\"@type\":\"WebPage\",\"@id\":\"https:\\\/\\\/exaudi.org\\\/es\\\/beata-catalina-mattei-de-racconigi-4-de-septiembre\\\/\",\"url\":\"https:\\\/\\\/exaudi.org\\\/es\\\/beata-catalina-mattei-de-racconigi-4-de-septiembre\\\/\",\"name\":\"Beata Catalina Mattei De Racconigi, 4 de septiembre &#8211; Exaudi\",\"isPartOf\":{\"@id\":\"https:\\\/\\\/exaudi.org\\\/#website\"},\"primaryImageOfPage\":{\"@id\":\"https:\\\/\\\/exaudi.org\\\/es\\\/beata-catalina-mattei-de-racconigi-4-de-septiembre\\\/#primaryimage\"},\"image\":{\"@id\":\"https:\\\/\\\/exaudi.org\\\/es\\\/beata-catalina-mattei-de-racconigi-4-de-septiembre\\\/#primaryimage\"},\"thumbnailUrl\":\"https:\\\/\\\/exaudi.org\\\/wp-content\\\/uploads\\\/2024\\\/09\\\/Catalina-Mattei-de-Racconigi-e1724914901936.jpg\",\"datePublished\":\"2025-09-04T06:00:06+00:00\",\"dateModified\":\"2025-09-04T07:03:55+00:00\",\"author\":{\"@id\":\"https:\\\/\\\/exaudi.org\\\/#\\\/schema\\\/person\\\/64e18b96fd6118559a9217b5b3375fdc\"},\"breadcrumb\":{\"@id\":\"https:\\\/\\\/exaudi.org\\\/es\\\/beata-catalina-mattei-de-racconigi-4-de-septiembre\\\/#breadcrumb\"},\"inLanguage\":\"es\",\"potentialAction\":[{\"@type\":\"ReadAction\",\"target\":[\"https:\\\/\\\/exaudi.org\\\/es\\\/beata-catalina-mattei-de-racconigi-4-de-septiembre\\\/\"]}]},{\"@type\":\"ImageObject\",\"inLanguage\":\"es\",\"@id\":\"https:\\\/\\\/exaudi.org\\\/es\\\/beata-catalina-mattei-de-racconigi-4-de-septiembre\\\/#primaryimage\",\"url\":\"https:\\\/\\\/exaudi.org\\\/wp-content\\\/uploads\\\/2024\\\/09\\\/Catalina-Mattei-de-Racconigi-e1724914901936.jpg\",\"contentUrl\":\"https:\\\/\\\/exaudi.org\\\/wp-content\\\/uploads\\\/2024\\\/09\\\/Catalina-Mattei-de-Racconigi-e1724914901936.jpg\",\"width\":535,\"height\":450},{\"@type\":\"BreadcrumbList\",\"@id\":\"https:\\\/\\\/exaudi.org\\\/es\\\/beata-catalina-mattei-de-racconigi-4-de-septiembre\\\/#breadcrumb\",\"itemListElement\":[{\"@type\":\"ListItem\",\"position\":1,\"name\":\"Portada\",\"item\":\"https:\\\/\\\/exaudi.org\\\/es\\\/\"},{\"@type\":\"ListItem\",\"position\":2,\"name\":\"Beata Catalina Mattei De Racconigi, 4 de septiembre\"}]},{\"@type\":\"WebSite\",\"@id\":\"https:\\\/\\\/exaudi.org\\\/#website\",\"url\":\"https:\\\/\\\/exaudi.org\\\/\",\"name\":\"Exaudi\",\"description\":\"News\",\"potentialAction\":[{\"@type\":\"SearchAction\",\"target\":{\"@type\":\"EntryPoint\",\"urlTemplate\":\"https:\\\/\\\/exaudi.org\\\/?s={search_term_string}\"},\"query-input\":{\"@type\":\"PropertyValueSpecification\",\"valueRequired\":true,\"valueName\":\"search_term_string\"}}],\"inLanguage\":\"es\"},{\"@type\":\"Person\",\"@id\":\"https:\\\/\\\/exaudi.org\\\/#\\\/schema\\\/person\\\/64e18b96fd6118559a9217b5b3375fdc\",\"name\":\"Isabel Orellana\",\"image\":{\"@type\":\"ImageObject\",\"inLanguage\":\"es\",\"@id\":\"https:\\\/\\\/secure.gravatar.com\\\/avatar\\\/51968380bbb6b22ae85c605634860366fd9a2a611c6341125115bca32cd6c171?s=96&d=mm&r=g\",\"url\":\"https:\\\/\\\/secure.gravatar.com\\\/avatar\\\/51968380bbb6b22ae85c605634860366fd9a2a611c6341125115bca32cd6c171?s=96&d=mm&r=g\",\"contentUrl\":\"https:\\\/\\\/secure.gravatar.com\\\/avatar\\\/51968380bbb6b22ae85c605634860366fd9a2a611c6341125115bca32cd6c171?s=96&d=mm&r=g\",\"caption\":\"Isabel Orellana\"},\"description\":\"Isabel Orellana Vilches Misionera idente. Doctora en Filosof\u00eda por la Universidad Aut\u00f3noma de Barcelona con la tesis Realismo y progreso cient\u00edfico en la epistemolog\u00eda popperiana. Ha cursado estudios de teolog\u00eda en la Universidad Pontificia de Salamanca. Con amplia actividad docente desde 1986, ha publicado libros como: Realismo y progreso cient\u00edfico en la epistemolog\u00eda popperiana, Universitat Aut\u00f2noma de Barcelona, 1993; El evangelio habla a los j\u00f3venes, Atenas, Madrid, 1997; Qu\u00e9 es... LA TOLERANCIA, Paulinas, Madrid, 1999; Pedagog\u00eda del dolor. Ensayo antropol\u00f3gico, Palabra, Madrid, 1999; En colaboraci\u00f3n con Enrique Rivera de Ventosa (\u2020) OFM. Cap. San Francisco de As\u00eds y Fernando Rielo: Convergencias. Respuestas desde la fe a los interrogantes del hombre de hoy, Universidad Pontificia, Salamanca, 2001; La \\\"mirada\\\" del cine. Recursos did\u00e1cticos del s\u00e9ptimo arte. Librer\u00eda Cervantes, Salamanca, 2001; Paradojas de la convivencia, San Pablo, Madrid, 2002; En la Universidad T\u00e9cnica Particular de Loja, Ecuador, ha publicado: La confianza. El arte de amar, 2002; Educar para la responsabilidad, 2003; Apuntes de \u00e9tica en Karl R. Popper, 2003; De soledades y comunicaci\u00f3n, 2005; Yo educo; t\u00fa respondes, 2008; Humanismo y fe en un crisol de culturas, 2008; Repensar lo cotidiano, 2008; Convivir: un constante desaf\u00edo, 2009; La l\u00f3gica del amor, 2010; El dolor del amor. Apuntes sobre la enfermedad y el dolor en relaci\u00f3n con la virtud heroica, el martirio y la vida santa. Seminario Diocesano de M\u00e1laga, 2006 y Universidad T\u00e9cnica Particular de Loja, Ecuador (2007). Cuenta con numerosas colaboraciones en obras colectivas, as\u00ed como relatos, cuentos, f\u00e1bula y novela juvenil, adem\u00e1s de art\u00edculos de tem\u00e1tica cient\u00edfica, pedag\u00f3gica y espiritual, que viene publicando en distintas revistas nacionales e internacionales. En 2012 culmin\u00f3 el santoral Llamados a ser santos y poco m\u00e1s tarde Epopeyas de amor prologado por mons. Fernando Sebasti\u00e1n. Es la bi\u00f3grafa oficial del fundador de su familia espiritual, autora de Fernando Rielo Pardal. Fundador de los Misioneros Identes, Descl\u00e9e de Brouwer, Bilbao, 2009. Culmina la biograf\u00eda completa. Encargada del santoral de ZENIT desde 2012 a 2020 y ahora en Exaudi\",\"url\":\"https:\\\/\\\/exaudi.org\\\/es\\\/author\\\/isabelorellana\\\/\"}]}<\/script>\n<!-- \/ Yoast SEO plugin. -->","yoast_head_json":{"title":"Beata Catalina Mattei De Racconigi, 4 de septiembre &#8211; Exaudi","robots":{"index":"index","follow":"follow","max-snippet":"max-snippet:-1","max-image-preview":"max-image-preview:large","max-video-preview":"max-video-preview:-1"},"canonical":"https:\/\/exaudi.org\/es\/beata-catalina-mattei-de-racconigi-4-de-septiembre\/","og_locale":"es_ES","og_type":"article","og_title":"Beata Catalina Mattei De Racconigi, 4 de septiembre &#8211; Exaudi","og_description":"Virgen Dominica","og_url":"https:\/\/exaudi.org\/es\/beata-catalina-mattei-de-racconigi-4-de-septiembre\/","og_site_name":"Exaudi","article_publisher":"https:\/\/www.facebook.com\/ExaudiNews","article_published_time":"2025-09-04T06:00:06+00:00","article_modified_time":"2025-09-04T07:03:55+00:00","og_image":[{"width":535,"height":450,"url":"https:\/\/exaudi.org\/wp-content\/uploads\/2024\/09\/Catalina-Mattei-de-Racconigi-e1724914901936.jpg","type":"image\/jpeg"}],"author":"Isabel Orellana","twitter_card":"summary_large_image","twitter_creator":"@Exaudi_News","twitter_site":"@Exaudi_News","twitter_misc":{"Escrito por":"Isabel Orellana","Tiempo de lectura":"4 minutos"},"schema":{"@context":"https:\/\/schema.org","@graph":[{"@type":"Article","@id":"https:\/\/exaudi.org\/es\/beata-catalina-mattei-de-racconigi-4-de-septiembre\/#article","isPartOf":{"@id":"https:\/\/exaudi.org\/es\/beata-catalina-mattei-de-racconigi-4-de-septiembre\/"},"author":{"name":"Isabel Orellana","@id":"https:\/\/exaudi.org\/#\/schema\/person\/64e18b96fd6118559a9217b5b3375fdc"},"headline":"Beata Catalina Mattei De Racconigi, 4 de septiembre","datePublished":"2025-09-04T06:00:06+00:00","dateModified":"2025-09-04T07:03:55+00:00","mainEntityOfPage":{"@id":"https:\/\/exaudi.org\/es\/beata-catalina-mattei-de-racconigi-4-de-septiembre\/"},"wordCount":839,"image":{"@id":"https:\/\/exaudi.org\/es\/beata-catalina-mattei-de-racconigi-4-de-septiembre\/#primaryimage"},"thumbnailUrl":"https:\/\/exaudi.org\/wp-content\/uploads\/2024\/09\/Catalina-Mattei-de-Racconigi-e1724914901936.jpg","keywords":["Beata Catalina Mattei De Racconigi","Trending","Virgen Dominica"],"articleSection":["Santoral"],"inLanguage":"es"},{"@type":"WebPage","@id":"https:\/\/exaudi.org\/es\/beata-catalina-mattei-de-racconigi-4-de-septiembre\/","url":"https:\/\/exaudi.org\/es\/beata-catalina-mattei-de-racconigi-4-de-septiembre\/","name":"Beata Catalina Mattei De Racconigi, 4 de septiembre &#8211; Exaudi","isPartOf":{"@id":"https:\/\/exaudi.org\/#website"},"primaryImageOfPage":{"@id":"https:\/\/exaudi.org\/es\/beata-catalina-mattei-de-racconigi-4-de-septiembre\/#primaryimage"},"image":{"@id":"https:\/\/exaudi.org\/es\/beata-catalina-mattei-de-racconigi-4-de-septiembre\/#primaryimage"},"thumbnailUrl":"https:\/\/exaudi.org\/wp-content\/uploads\/2024\/09\/Catalina-Mattei-de-Racconigi-e1724914901936.jpg","datePublished":"2025-09-04T06:00:06+00:00","dateModified":"2025-09-04T07:03:55+00:00","author":{"@id":"https:\/\/exaudi.org\/#\/schema\/person\/64e18b96fd6118559a9217b5b3375fdc"},"breadcrumb":{"@id":"https:\/\/exaudi.org\/es\/beata-catalina-mattei-de-racconigi-4-de-septiembre\/#breadcrumb"},"inLanguage":"es","potentialAction":[{"@type":"ReadAction","target":["https:\/\/exaudi.org\/es\/beata-catalina-mattei-de-racconigi-4-de-septiembre\/"]}]},{"@type":"ImageObject","inLanguage":"es","@id":"https:\/\/exaudi.org\/es\/beata-catalina-mattei-de-racconigi-4-de-septiembre\/#primaryimage","url":"https:\/\/exaudi.org\/wp-content\/uploads\/2024\/09\/Catalina-Mattei-de-Racconigi-e1724914901936.jpg","contentUrl":"https:\/\/exaudi.org\/wp-content\/uploads\/2024\/09\/Catalina-Mattei-de-Racconigi-e1724914901936.jpg","width":535,"height":450},{"@type":"BreadcrumbList","@id":"https:\/\/exaudi.org\/es\/beata-catalina-mattei-de-racconigi-4-de-septiembre\/#breadcrumb","itemListElement":[{"@type":"ListItem","position":1,"name":"Portada","item":"https:\/\/exaudi.org\/es\/"},{"@type":"ListItem","position":2,"name":"Beata Catalina Mattei De Racconigi, 4 de septiembre"}]},{"@type":"WebSite","@id":"https:\/\/exaudi.org\/#website","url":"https:\/\/exaudi.org\/","name":"Exaudi","description":"News","potentialAction":[{"@type":"SearchAction","target":{"@type":"EntryPoint","urlTemplate":"https:\/\/exaudi.org\/?s={search_term_string}"},"query-input":{"@type":"PropertyValueSpecification","valueRequired":true,"valueName":"search_term_string"}}],"inLanguage":"es"},{"@type":"Person","@id":"https:\/\/exaudi.org\/#\/schema\/person\/64e18b96fd6118559a9217b5b3375fdc","name":"Isabel Orellana","image":{"@type":"ImageObject","inLanguage":"es","@id":"https:\/\/secure.gravatar.com\/avatar\/51968380bbb6b22ae85c605634860366fd9a2a611c6341125115bca32cd6c171?s=96&d=mm&r=g","url":"https:\/\/secure.gravatar.com\/avatar\/51968380bbb6b22ae85c605634860366fd9a2a611c6341125115bca32cd6c171?s=96&d=mm&r=g","contentUrl":"https:\/\/secure.gravatar.com\/avatar\/51968380bbb6b22ae85c605634860366fd9a2a611c6341125115bca32cd6c171?s=96&d=mm&r=g","caption":"Isabel Orellana"},"description":"Isabel Orellana Vilches Misionera idente. Doctora en Filosof\u00eda por la Universidad Aut\u00f3noma de Barcelona con la tesis Realismo y progreso cient\u00edfico en la epistemolog\u00eda popperiana. Ha cursado estudios de teolog\u00eda en la Universidad Pontificia de Salamanca. Con amplia actividad docente desde 1986, ha publicado libros como: Realismo y progreso cient\u00edfico en la epistemolog\u00eda popperiana, Universitat Aut\u00f2noma de Barcelona, 1993; El evangelio habla a los j\u00f3venes, Atenas, Madrid, 1997; Qu\u00e9 es... LA TOLERANCIA, Paulinas, Madrid, 1999; Pedagog\u00eda del dolor. Ensayo antropol\u00f3gico, Palabra, Madrid, 1999; En colaboraci\u00f3n con Enrique Rivera de Ventosa (\u2020) OFM. Cap. San Francisco de As\u00eds y Fernando Rielo: Convergencias. Respuestas desde la fe a los interrogantes del hombre de hoy, Universidad Pontificia, Salamanca, 2001; La \"mirada\" del cine. Recursos did\u00e1cticos del s\u00e9ptimo arte. Librer\u00eda Cervantes, Salamanca, 2001; Paradojas de la convivencia, San Pablo, Madrid, 2002; En la Universidad T\u00e9cnica Particular de Loja, Ecuador, ha publicado: La confianza. El arte de amar, 2002; Educar para la responsabilidad, 2003; Apuntes de \u00e9tica en Karl R. Popper, 2003; De soledades y comunicaci\u00f3n, 2005; Yo educo; t\u00fa respondes, 2008; Humanismo y fe en un crisol de culturas, 2008; Repensar lo cotidiano, 2008; Convivir: un constante desaf\u00edo, 2009; La l\u00f3gica del amor, 2010; El dolor del amor. Apuntes sobre la enfermedad y el dolor en relaci\u00f3n con la virtud heroica, el martirio y la vida santa. Seminario Diocesano de M\u00e1laga, 2006 y Universidad T\u00e9cnica Particular de Loja, Ecuador (2007). Cuenta con numerosas colaboraciones en obras colectivas, as\u00ed como relatos, cuentos, f\u00e1bula y novela juvenil, adem\u00e1s de art\u00edculos de tem\u00e1tica cient\u00edfica, pedag\u00f3gica y espiritual, que viene publicando en distintas revistas nacionales e internacionales. En 2012 culmin\u00f3 el santoral Llamados a ser santos y poco m\u00e1s tarde Epopeyas de amor prologado por mons. Fernando Sebasti\u00e1n. Es la bi\u00f3grafa oficial del fundador de su familia espiritual, autora de Fernando Rielo Pardal. Fundador de los Misioneros Identes, Descl\u00e9e de Brouwer, Bilbao, 2009. Culmina la biograf\u00eda completa. Encargada del santoral de ZENIT desde 2012 a 2020 y ahora en Exaudi","url":"https:\/\/exaudi.org\/es\/author\/isabelorellana\/"}]}},"jetpack_featured_media_url":"https:\/\/exaudi.org\/wp-content\/uploads\/2024\/09\/Catalina-Mattei-de-Racconigi-e1724914901936.jpg","jetpack_shortlink":"https:\/\/wp.me\/pgKjF2-rR9","_links":{"self":[{"href":"https:\/\/exaudi.org\/es\/wp-json\/wp\/v2\/posts\/107083","targetHints":{"allow":["GET"]}}],"collection":[{"href":"https:\/\/exaudi.org\/es\/wp-json\/wp\/v2\/posts"}],"about":[{"href":"https:\/\/exaudi.org\/es\/wp-json\/wp\/v2\/types\/post"}],"author":[{"embeddable":true,"href":"https:\/\/exaudi.org\/es\/wp-json\/wp\/v2\/users\/23"}],"replies":[{"embeddable":true,"href":"https:\/\/exaudi.org\/es\/wp-json\/wp\/v2\/comments?post=107083"}],"version-history":[{"count":3,"href":"https:\/\/exaudi.org\/es\/wp-json\/wp\/v2\/posts\/107083\/revisions"}],"predecessor-version":[{"id":133287,"href":"https:\/\/exaudi.org\/es\/wp-json\/wp\/v2\/posts\/107083\/revisions\/133287"}],"wp:featuredmedia":[{"embeddable":true,"href":"https:\/\/exaudi.org\/es\/wp-json\/wp\/v2\/media\/107087"}],"wp:attachment":[{"href":"https:\/\/exaudi.org\/es\/wp-json\/wp\/v2\/media?parent=107083"}],"wp:term":[{"taxonomy":"category","embeddable":true,"href":"https:\/\/exaudi.org\/es\/wp-json\/wp\/v2\/categories?post=107083"},{"taxonomy":"post_tag","embeddable":true,"href":"https:\/\/exaudi.org\/es\/wp-json\/wp\/v2\/tags?post=107083"}],"curies":[{"name":"wp","href":"https:\/\/api.w.org\/{rel}","templated":true}]}}