{"id":107002,"date":"2024-08-28T10:03:59","date_gmt":"2024-08-28T08:03:59","guid":{"rendered":"https:\/\/exaudi.org\/?p=107002"},"modified":"2024-08-28T10:03:59","modified_gmt":"2024-08-28T08:03:59","slug":"cardenal-arizmendi-los-pobres-merecen-respeto","status":"publish","type":"post","link":"https:\/\/exaudi.org\/es\/cardenal-arizmendi-los-pobres-merecen-respeto\/","title":{"rendered":"Cardenal Arizmendi: Los pobres merecen respeto"},"content":{"rendered":"<audio class=\"wp-audio-shortcode\" id=\"audio-107002-1\" preload=\"none\" style=\"width: 100%;\" controls=\"controls\"><source type=\"audio\/mpeg\" src=\"https:\/\/exaudi.org\/wp-content\/uploads\/2024\/08\/Articulo-28-agosto.mp3?_=1\" \/><a href=\"https:\/\/exaudi.org\/wp-content\/uploads\/2024\/08\/Articulo-28-agosto.mp3\">https:\/\/exaudi.org\/wp-content\/uploads\/2024\/08\/Articulo-28-agosto.mp3<\/a><\/audio>\n<p>El cardenal Felipe Arizmendi, obispo em\u00e9rito de San Crist\u00f3bal de Las Casas y responsable de la Doctrina de la Fe en la Conferencia del Episcopado Mexicano (CEM), ofrece a los lectores de Exaudi su art\u00edculo semanal titulado \u201cLos pobres merecen der respetados\u201d.<\/p>\n<p>***<\/p>\n<p><strong>MIRAR<\/strong><\/p>\n<p>El todav\u00eda Presidente de nuestro pa\u00eds, desde el inicio de su mandato, dijo que uno de sus compromisos era: \u00a1Primero los pobres! Para ello, program\u00f3 sus obras insignias en favor de los m\u00e1s necesitados y del sur del pa\u00eds, la regi\u00f3n m\u00e1s marginada. Eso est\u00e1 muy bien y es muy laudable. Son muy justos los apoyos a ancianos, que haya fuentes de trabajo y que los j\u00f3venes tengan becas para estudiar. Eso est\u00e1 muy de acuerdo con el camino b\u00edblico y con el magisterio social de la Iglesia. \u00a1Ojal\u00e1 que en el nuevo sexenio esto no se pierda! Sin embargo, nos duele que se use a los pobres y los programas sociales con fines electoreros, y se aproveche su indigencia para comprarlos en favor de un partido. Eso es indigno; eso es demagogia descarada y repugnante.<\/p>\n<p>He conocido Organizaciones no Gubernamentales (ONGs), que se dedican a defender los derechos de los pobres y a promover a los ind\u00edgenas. Esto es muy laudable. Sin embargo, su personal gana sueldos envidiables, con todas las seguridades sociales. As\u00ed mismo, hay prestigiadas instituciones europeas y de otras regiones dedicadas a ayudar a grupos marginados del mundo y recaudan grandes donativos; para ello, tienen una organizaci\u00f3n impresionante, con mucho personal muy bien pagado. Es admirable su servicio y lo agradecemos de coraz\u00f3n, pero pueden caer en la tentaci\u00f3n de vivir de los pobres y de usarlos como escudo para darse una buena vida. Hay quienes lo hacen de todo coraz\u00f3n inspirados por su fe cristiana, pero otros lo hacen s\u00f3lo por tener un buen empleo.<\/p>\n<p>En nuestra misma comunidad eclesial, no han faltado agentes de pastoral que tienen preferencia por la cuesti\u00f3n social. Eso es de aplaudir. Sin embargo, tambi\u00e9n hay quienes lo hacen en forma casi obsesiva y reductiva, condenando a quienes llevan otra l\u00ednea pastoral m\u00e1s integral. Y no han faltado quienes usan esa dedicaci\u00f3n a los pobres para tapar graves deficiencias morales en su conducta personal. Cuando se les llama la atenci\u00f3n por esa conducta, se defienden diciendo que se les recrimina por su trabajo en favor de los pobres, y no es por esto, sino por sus comportamientos inadecuados. Como el famoso fundador de una congregaci\u00f3n religiosa que recaudaba enormes cantidades de dinero para su apostolado y para programas sociales, pero su conducta era muy reprobable. No hay que usar a los pobres para cubrir nuestras deficiencias.<\/p>\n<p><strong>DISCERNIR<\/strong><\/p>\n<p>El Dicasterio para la Doctrina de la Fe, en su Declaraci\u00f3n Dignitas infinita, aborda el drama de la pobreza en estos t\u00e9rminos:<\/p>\n<p>\u201cUno de los fen\u00f3menos que m\u00e1s contribuye a negar la dignidad de tantos seres humanos es la pobreza extrema, ligada a la desigual distribuci\u00f3n de la riqueza. Como ya fue subrayado por san Juan Pablo II, \u2018una de las mayores injusticias del mundo contempor\u00e1neo consiste precisamente en esto: en que son relativamente pocos los que poseen mucho, y muchos los que no poseen casi nada. Es la injusticia de la mala distribuci\u00f3n de los bienes y servicios destinados originariamente a todos\u2019. Adem\u00e1s, ser\u00eda ilusorio hacer una distinci\u00f3n superficial entre Pa\u00edses ricos y Pa\u00edses pobres. Benedicto XVI ya reconoci\u00f3, de hecho, que \u2018la riqueza mundial crece en t\u00e9rminos absolutos, pero aumentan tambi\u00e9n las desigualdades. En los pa\u00edses ricos, nuevas categor\u00edas sociales se empobrecen y nacen nuevas pobrezas. En las zonas m\u00e1s pobres, algunos grupos gozan de un tipo de superdesarrollo derrochador y consumista, que contrasta de modo inaceptable con situaciones persistentes de miseria deshumanizadora. Se sigue produciendo el esc\u00e1ndalo de las disparidades hirientes, donde la dignidad de los pobres es doblemente negada, tanto por la falta de recursos disponibles para satisfacer sus necesidades b\u00e1sicas, como por la indiferencia con que son tratados por quienes viven junto a ellos\u2019 \u201d (36).<\/p>\n<p>Por tanto, con el Papa Francisco hay que concluir que \u2018aument\u00f3 la riqueza, pero con inequidad, y as\u00ed lo que ocurre es que nacen nuevas pobrezas. Cuando dicen que el mundo moderno redujo la pobreza, lo hacen midi\u00e9ndola con criterios de otras \u00e9pocas no comparables con la realidad actual\u2019. Como resultado, la pobreza se extiende \u2018de m\u00faltiples maneras, como en la obsesi\u00f3n por reducir los costos laborales, que no advierte las graves consecuencias que esto ocasiona, porque el desempleo que se produce tiene como efecto directo expandir las fronteras de la pobreza\u2019. Entre estos \u2018destructores efectos del imperio del dinero\u2019, se debe reconocer que \u2018no existe peor pobreza que aquella que priva del trabajo y de la dignidad del trabajo\u2019. Si algunos nacen en un pa\u00eds o en una familia donde tienen menos oportunidades de desarrollo, hay que reconocer que eso est\u00e1 re\u00f1ido con su dignidad, que es exactamente la misma que la de quienes nacen en una familia o en un pa\u00eds ricos. Todos somos responsables, aunque en diversos grados, de esta flagrante desigualdad\u2019 \u201d (37).<\/p>\n<p><strong>ACTUAR<\/strong><\/p>\n<p>Ayudemos a los pobres en todo cuanto nos sea posible, pero hag\u00e1moslo con respeto a su dignidad y con detalles de amor, apoy\u00e1ndoles en sus necesidades inmediatas; pero, si es el caso, procurando que tengan alg\u00fan trabajo, para que no sean eternos dependientes de la caridad personal o social.<\/p>\n<div style=\"width: 848px;\" class=\"wp-video\"><video class=\"wp-video-shortcode\" id=\"video-107002-1\" width=\"848\" height=\"480\" preload=\"metadata\" controls=\"controls\"><source type=\"video\/mp4\" src=\"https:\/\/exaudi.org\/wp-content\/uploads\/2024\/08\/VIDEO-2024-08-23-09-36-13.mp4?_=1\" \/><a href=\"https:\/\/exaudi.org\/wp-content\/uploads\/2024\/08\/VIDEO-2024-08-23-09-36-13.mp4\">https:\/\/exaudi.org\/wp-content\/uploads\/2024\/08\/VIDEO-2024-08-23-09-36-13.mp4<\/a><\/video><\/div>\n","protected":false},"excerpt":{"rendered":"<p>El cardenal Felipe Arizmendi, obispo em\u00e9rito de San Crist\u00f3bal de Las Casas y responsable de la Doctrina de la Fe en la Conferencia del Episcopado Mexicano (CEM), ofrece a los lectores de Exaudi su art\u00edculo semanal titulado \u201cLos pobres merecen der respetados\u201d. *** MIRAR El todav\u00eda Presidente de nuestro pa\u00eds, desde el inicio de su [&hellip;]<\/p>\n","protected":false},"author":24,"featured_media":107010,"comment_status":"closed","ping_status":"closed","sticky":false,"template":"","format":"standard","meta":{"_acf_changed":false,"_crdt_document":"","inline_featured_image":false,"footnotes":""},"categories":[130],"tags":[413,4531,1247,3268,4953],"class_list":["post-107002","post","type-post","status-publish","format-standard","has-post-thumbnail","hentry","category-voces","tag-cardenal-felipe-arizmendi-esquivel","tag-dignidad","tag-pobres","tag-ser-humano","tag-trending-es"],"acf":[],"yoast_head":"<!-- This site is optimized with the Yoast SEO plugin v27.4 - https:\/\/yoast.com\/product\/yoast-seo-wordpress\/ -->\n<title>Cardenal Arizmendi: Los pobres merecen respeto &#8211; Exaudi<\/title>\n<meta name=\"robots\" content=\"index, follow, max-snippet:-1, max-image-preview:large, max-video-preview:-1\" \/>\n<link rel=\"canonical\" href=\"https:\/\/exaudi.org\/es\/cardenal-arizmendi-los-pobres-merecen-respeto\/\" \/>\n<meta property=\"og:locale\" content=\"es_ES\" \/>\n<meta property=\"og:type\" content=\"article\" \/>\n<meta property=\"og:title\" content=\"Cardenal Arizmendi: Los pobres merecen respeto &#8211; Exaudi\" \/>\n<meta property=\"og:description\" content=\"El cardenal Felipe Arizmendi, obispo em\u00e9rito de San Crist\u00f3bal de Las Casas y responsable de la Doctrina de la Fe en la Conferencia del Episcopado Mexicano (CEM), ofrece a los lectores de Exaudi su art\u00edculo semanal titulado \u201cLos pobres merecen der respetados\u201d. *** MIRAR El todav\u00eda Presidente de nuestro pa\u00eds, desde el inicio de su [&hellip;]\" \/>\n<meta property=\"og:url\" content=\"https:\/\/exaudi.org\/es\/cardenal-arizmendi-los-pobres-merecen-respeto\/\" \/>\n<meta property=\"og:site_name\" content=\"Exaudi\" \/>\n<meta property=\"article:publisher\" content=\"https:\/\/www.facebook.com\/ExaudiNews\" \/>\n<meta property=\"article:published_time\" content=\"2024-08-28T08:03:59+00:00\" \/>\n<meta property=\"og:image\" content=\"https:\/\/exaudi.org\/wp-content\/uploads\/2024\/08\/pexels-mart-production-8078544-scaled.jpg\" \/>\n\t<meta property=\"og:image:width\" content=\"2560\" \/>\n\t<meta property=\"og:image:height\" content=\"1707\" \/>\n\t<meta property=\"og:image:type\" content=\"image\/jpeg\" \/>\n<meta name=\"author\" content=\"Cardenal Felipe Arizmendi\" \/>\n<meta name=\"twitter:card\" content=\"summary_large_image\" \/>\n<meta name=\"twitter:creator\" content=\"@Exaudi_News\" \/>\n<meta name=\"twitter:site\" content=\"@Exaudi_News\" \/>\n<meta name=\"twitter:label1\" content=\"Escrito por\" \/>\n\t<meta name=\"twitter:data1\" content=\"Cardenal Felipe Arizmendi\" \/>\n\t<meta name=\"twitter:label2\" content=\"Tiempo de lectura\" \/>\n\t<meta name=\"twitter:data2\" content=\"5 minutos\" \/>\n<script type=\"application\/ld+json\" class=\"yoast-schema-graph\">{\"@context\":\"https:\\\/\\\/schema.org\",\"@graph\":[{\"@type\":\"Article\",\"@id\":\"https:\\\/\\\/exaudi.org\\\/es\\\/cardenal-arizmendi-los-pobres-merecen-respeto\\\/#article\",\"isPartOf\":{\"@id\":\"https:\\\/\\\/exaudi.org\\\/es\\\/cardenal-arizmendi-los-pobres-merecen-respeto\\\/\"},\"author\":{\"name\":\"Cardenal Felipe Arizmendi\",\"@id\":\"https:\\\/\\\/exaudi.org\\\/#\\\/schema\\\/person\\\/c7d223f87e58f1105d044d8da1439102\"},\"headline\":\"Cardenal Arizmendi: Los pobres merecen respeto\",\"datePublished\":\"2024-08-28T08:03:59+00:00\",\"mainEntityOfPage\":{\"@id\":\"https:\\\/\\\/exaudi.org\\\/es\\\/cardenal-arizmendi-los-pobres-merecen-respeto\\\/\"},\"wordCount\":970,\"image\":{\"@id\":\"https:\\\/\\\/exaudi.org\\\/es\\\/cardenal-arizmendi-los-pobres-merecen-respeto\\\/#primaryimage\"},\"thumbnailUrl\":\"https:\\\/\\\/exaudi.org\\\/wp-content\\\/uploads\\\/2024\\\/08\\\/pexels-mart-production-8078544-scaled.jpg\",\"keywords\":[\"Cardenal Felipe Arizmendi Esquivel\",\"Dignidad\",\"Pobres\",\"Ser humano\",\"Trending\"],\"articleSection\":[\"Voces\"],\"inLanguage\":\"es\"},{\"@type\":\"WebPage\",\"@id\":\"https:\\\/\\\/exaudi.org\\\/es\\\/cardenal-arizmendi-los-pobres-merecen-respeto\\\/\",\"url\":\"https:\\\/\\\/exaudi.org\\\/es\\\/cardenal-arizmendi-los-pobres-merecen-respeto\\\/\",\"name\":\"Cardenal Arizmendi: Los pobres merecen respeto &#8211; Exaudi\",\"isPartOf\":{\"@id\":\"https:\\\/\\\/exaudi.org\\\/#website\"},\"primaryImageOfPage\":{\"@id\":\"https:\\\/\\\/exaudi.org\\\/es\\\/cardenal-arizmendi-los-pobres-merecen-respeto\\\/#primaryimage\"},\"image\":{\"@id\":\"https:\\\/\\\/exaudi.org\\\/es\\\/cardenal-arizmendi-los-pobres-merecen-respeto\\\/#primaryimage\"},\"thumbnailUrl\":\"https:\\\/\\\/exaudi.org\\\/wp-content\\\/uploads\\\/2024\\\/08\\\/pexels-mart-production-8078544-scaled.jpg\",\"datePublished\":\"2024-08-28T08:03:59+00:00\",\"author\":{\"@id\":\"https:\\\/\\\/exaudi.org\\\/#\\\/schema\\\/person\\\/c7d223f87e58f1105d044d8da1439102\"},\"breadcrumb\":{\"@id\":\"https:\\\/\\\/exaudi.org\\\/es\\\/cardenal-arizmendi-los-pobres-merecen-respeto\\\/#breadcrumb\"},\"inLanguage\":\"es\",\"potentialAction\":[{\"@type\":\"ReadAction\",\"target\":[\"https:\\\/\\\/exaudi.org\\\/es\\\/cardenal-arizmendi-los-pobres-merecen-respeto\\\/\"]}]},{\"@type\":\"ImageObject\",\"inLanguage\":\"es\",\"@id\":\"https:\\\/\\\/exaudi.org\\\/es\\\/cardenal-arizmendi-los-pobres-merecen-respeto\\\/#primaryimage\",\"url\":\"https:\\\/\\\/exaudi.org\\\/wp-content\\\/uploads\\\/2024\\\/08\\\/pexels-mart-production-8078544-scaled.jpg\",\"contentUrl\":\"https:\\\/\\\/exaudi.org\\\/wp-content\\\/uploads\\\/2024\\\/08\\\/pexels-mart-production-8078544-scaled.jpg\",\"width\":2560,\"height\":1707},{\"@type\":\"BreadcrumbList\",\"@id\":\"https:\\\/\\\/exaudi.org\\\/es\\\/cardenal-arizmendi-los-pobres-merecen-respeto\\\/#breadcrumb\",\"itemListElement\":[{\"@type\":\"ListItem\",\"position\":1,\"name\":\"Portada\",\"item\":\"https:\\\/\\\/exaudi.org\\\/es\\\/\"},{\"@type\":\"ListItem\",\"position\":2,\"name\":\"Cardenal Arizmendi: Los pobres merecen respeto\"}]},{\"@type\":\"WebSite\",\"@id\":\"https:\\\/\\\/exaudi.org\\\/#website\",\"url\":\"https:\\\/\\\/exaudi.org\\\/\",\"name\":\"Exaudi\",\"description\":\"News\",\"potentialAction\":[{\"@type\":\"SearchAction\",\"target\":{\"@type\":\"EntryPoint\",\"urlTemplate\":\"https:\\\/\\\/exaudi.org\\\/?s={search_term_string}\"},\"query-input\":{\"@type\":\"PropertyValueSpecification\",\"valueRequired\":true,\"valueName\":\"search_term_string\"}}],\"inLanguage\":\"es\"},{\"@type\":\"Person\",\"@id\":\"https:\\\/\\\/exaudi.org\\\/#\\\/schema\\\/person\\\/c7d223f87e58f1105d044d8da1439102\",\"name\":\"Cardenal Felipe Arizmendi\",\"image\":{\"@type\":\"ImageObject\",\"inLanguage\":\"es\",\"@id\":\"https:\\\/\\\/secure.gravatar.com\\\/avatar\\\/4ffc5520d896b86d39346168903de33a17ef0f23d16de0ff45062c1ff422ed2f?s=96&d=mm&r=g\",\"url\":\"https:\\\/\\\/secure.gravatar.com\\\/avatar\\\/4ffc5520d896b86d39346168903de33a17ef0f23d16de0ff45062c1ff422ed2f?s=96&d=mm&r=g\",\"contentUrl\":\"https:\\\/\\\/secure.gravatar.com\\\/avatar\\\/4ffc5520d896b86d39346168903de33a17ef0f23d16de0ff45062c1ff422ed2f?s=96&d=mm&r=g\",\"caption\":\"Cardenal Felipe Arizmendi\"},\"description\":\"Nacido en Chiltepec el 1 de mayo de 1940. Estudi\u00f3 Humanidades y Filosof\u00eda en el Seminario de Toluca, de 1952 a 1959. Curs\u00f3 la Teolog\u00eda en la Universidad Pontificia de Salamanca, Espa\u00f1a, de 1959 a 1963, obteniendo la licenciatura en Teolog\u00eda Dogm\u00e1tica. Por su cuenta, se especializ\u00f3 en Liturgia. Fue ordenado sacerdote el 25 de agosto de 1963 en Toluca. Sirvi\u00f3 como Vicario Parroquial en tres parroquias por tres a\u00f1os y medio y fue p\u00e1rroco de una comunidad ind\u00edgena otom\u00ed, de 1967 a 1970. Fue Director Espiritual del Seminario de Toluca por diez a\u00f1os, y Rector del mismo de 1981 a 1991. El 7 de marzo de 1991, fue ordenado obispo de la di\u00f3cesis de Tapachula, donde estuvo hasta el 30 de abril del a\u00f1o 2000. El 1 de mayo del 2000, inici\u00f3 su ministerio episcopal como XLVI obispo de la di\u00f3cesis de San Crist\u00f3bal de las Casas, Chiapas, una de las di\u00f3cesis m\u00e1s antiguas de M\u00e9xico, erigida en 1539; all\u00ed sirvi\u00f3 por casi 18 a\u00f1os. Ha ocupado diversos cargos en la Conferencia del Episcopado Mexicano y en el CELAM. El 3 de noviembre de 2017, el Papa Francisco le acept\u00f3, por edad, su renuncia al servicio episcopal en esta di\u00f3cesis, que entreg\u00f3 a su sucesor el 3 de enero de 2018. Desde entonces, reside en la ciudad de Toluca. Desde 1979, escribe art\u00edculos de actualidad en varios medios religiosos y civiles. Es autor de varias publicaciones.\",\"url\":\"https:\\\/\\\/exaudi.org\\\/es\\\/author\\\/felipearizmendi\\\/\"}]}<\/script>\n<!-- \/ Yoast SEO plugin. -->","yoast_head_json":{"title":"Cardenal Arizmendi: Los pobres merecen respeto &#8211; Exaudi","robots":{"index":"index","follow":"follow","max-snippet":"max-snippet:-1","max-image-preview":"max-image-preview:large","max-video-preview":"max-video-preview:-1"},"canonical":"https:\/\/exaudi.org\/es\/cardenal-arizmendi-los-pobres-merecen-respeto\/","og_locale":"es_ES","og_type":"article","og_title":"Cardenal Arizmendi: Los pobres merecen respeto &#8211; Exaudi","og_description":"El cardenal Felipe Arizmendi, obispo em\u00e9rito de San Crist\u00f3bal de Las Casas y responsable de la Doctrina de la Fe en la Conferencia del Episcopado Mexicano (CEM), ofrece a los lectores de Exaudi su art\u00edculo semanal titulado \u201cLos pobres merecen der respetados\u201d. *** MIRAR El todav\u00eda Presidente de nuestro pa\u00eds, desde el inicio de su [&hellip;]","og_url":"https:\/\/exaudi.org\/es\/cardenal-arizmendi-los-pobres-merecen-respeto\/","og_site_name":"Exaudi","article_publisher":"https:\/\/www.facebook.com\/ExaudiNews","article_published_time":"2024-08-28T08:03:59+00:00","og_image":[{"width":2560,"height":1707,"url":"https:\/\/exaudi.org\/wp-content\/uploads\/2024\/08\/pexels-mart-production-8078544-scaled.jpg","type":"image\/jpeg"}],"author":"Cardenal Felipe Arizmendi","twitter_card":"summary_large_image","twitter_creator":"@Exaudi_News","twitter_site":"@Exaudi_News","twitter_misc":{"Escrito por":"Cardenal Felipe Arizmendi","Tiempo de lectura":"5 minutos"},"schema":{"@context":"https:\/\/schema.org","@graph":[{"@type":"Article","@id":"https:\/\/exaudi.org\/es\/cardenal-arizmendi-los-pobres-merecen-respeto\/#article","isPartOf":{"@id":"https:\/\/exaudi.org\/es\/cardenal-arizmendi-los-pobres-merecen-respeto\/"},"author":{"name":"Cardenal Felipe Arizmendi","@id":"https:\/\/exaudi.org\/#\/schema\/person\/c7d223f87e58f1105d044d8da1439102"},"headline":"Cardenal Arizmendi: Los pobres merecen respeto","datePublished":"2024-08-28T08:03:59+00:00","mainEntityOfPage":{"@id":"https:\/\/exaudi.org\/es\/cardenal-arizmendi-los-pobres-merecen-respeto\/"},"wordCount":970,"image":{"@id":"https:\/\/exaudi.org\/es\/cardenal-arizmendi-los-pobres-merecen-respeto\/#primaryimage"},"thumbnailUrl":"https:\/\/exaudi.org\/wp-content\/uploads\/2024\/08\/pexels-mart-production-8078544-scaled.jpg","keywords":["Cardenal Felipe Arizmendi Esquivel","Dignidad","Pobres","Ser humano","Trending"],"articleSection":["Voces"],"inLanguage":"es"},{"@type":"WebPage","@id":"https:\/\/exaudi.org\/es\/cardenal-arizmendi-los-pobres-merecen-respeto\/","url":"https:\/\/exaudi.org\/es\/cardenal-arizmendi-los-pobres-merecen-respeto\/","name":"Cardenal Arizmendi: Los pobres merecen respeto &#8211; Exaudi","isPartOf":{"@id":"https:\/\/exaudi.org\/#website"},"primaryImageOfPage":{"@id":"https:\/\/exaudi.org\/es\/cardenal-arizmendi-los-pobres-merecen-respeto\/#primaryimage"},"image":{"@id":"https:\/\/exaudi.org\/es\/cardenal-arizmendi-los-pobres-merecen-respeto\/#primaryimage"},"thumbnailUrl":"https:\/\/exaudi.org\/wp-content\/uploads\/2024\/08\/pexels-mart-production-8078544-scaled.jpg","datePublished":"2024-08-28T08:03:59+00:00","author":{"@id":"https:\/\/exaudi.org\/#\/schema\/person\/c7d223f87e58f1105d044d8da1439102"},"breadcrumb":{"@id":"https:\/\/exaudi.org\/es\/cardenal-arizmendi-los-pobres-merecen-respeto\/#breadcrumb"},"inLanguage":"es","potentialAction":[{"@type":"ReadAction","target":["https:\/\/exaudi.org\/es\/cardenal-arizmendi-los-pobres-merecen-respeto\/"]}]},{"@type":"ImageObject","inLanguage":"es","@id":"https:\/\/exaudi.org\/es\/cardenal-arizmendi-los-pobres-merecen-respeto\/#primaryimage","url":"https:\/\/exaudi.org\/wp-content\/uploads\/2024\/08\/pexels-mart-production-8078544-scaled.jpg","contentUrl":"https:\/\/exaudi.org\/wp-content\/uploads\/2024\/08\/pexels-mart-production-8078544-scaled.jpg","width":2560,"height":1707},{"@type":"BreadcrumbList","@id":"https:\/\/exaudi.org\/es\/cardenal-arizmendi-los-pobres-merecen-respeto\/#breadcrumb","itemListElement":[{"@type":"ListItem","position":1,"name":"Portada","item":"https:\/\/exaudi.org\/es\/"},{"@type":"ListItem","position":2,"name":"Cardenal Arizmendi: Los pobres merecen respeto"}]},{"@type":"WebSite","@id":"https:\/\/exaudi.org\/#website","url":"https:\/\/exaudi.org\/","name":"Exaudi","description":"News","potentialAction":[{"@type":"SearchAction","target":{"@type":"EntryPoint","urlTemplate":"https:\/\/exaudi.org\/?s={search_term_string}"},"query-input":{"@type":"PropertyValueSpecification","valueRequired":true,"valueName":"search_term_string"}}],"inLanguage":"es"},{"@type":"Person","@id":"https:\/\/exaudi.org\/#\/schema\/person\/c7d223f87e58f1105d044d8da1439102","name":"Cardenal Felipe Arizmendi","image":{"@type":"ImageObject","inLanguage":"es","@id":"https:\/\/secure.gravatar.com\/avatar\/4ffc5520d896b86d39346168903de33a17ef0f23d16de0ff45062c1ff422ed2f?s=96&d=mm&r=g","url":"https:\/\/secure.gravatar.com\/avatar\/4ffc5520d896b86d39346168903de33a17ef0f23d16de0ff45062c1ff422ed2f?s=96&d=mm&r=g","contentUrl":"https:\/\/secure.gravatar.com\/avatar\/4ffc5520d896b86d39346168903de33a17ef0f23d16de0ff45062c1ff422ed2f?s=96&d=mm&r=g","caption":"Cardenal Felipe Arizmendi"},"description":"Nacido en Chiltepec el 1 de mayo de 1940. Estudi\u00f3 Humanidades y Filosof\u00eda en el Seminario de Toluca, de 1952 a 1959. Curs\u00f3 la Teolog\u00eda en la Universidad Pontificia de Salamanca, Espa\u00f1a, de 1959 a 1963, obteniendo la licenciatura en Teolog\u00eda Dogm\u00e1tica. Por su cuenta, se especializ\u00f3 en Liturgia. Fue ordenado sacerdote el 25 de agosto de 1963 en Toluca. Sirvi\u00f3 como Vicario Parroquial en tres parroquias por tres a\u00f1os y medio y fue p\u00e1rroco de una comunidad ind\u00edgena otom\u00ed, de 1967 a 1970. Fue Director Espiritual del Seminario de Toluca por diez a\u00f1os, y Rector del mismo de 1981 a 1991. El 7 de marzo de 1991, fue ordenado obispo de la di\u00f3cesis de Tapachula, donde estuvo hasta el 30 de abril del a\u00f1o 2000. El 1 de mayo del 2000, inici\u00f3 su ministerio episcopal como XLVI obispo de la di\u00f3cesis de San Crist\u00f3bal de las Casas, Chiapas, una de las di\u00f3cesis m\u00e1s antiguas de M\u00e9xico, erigida en 1539; all\u00ed sirvi\u00f3 por casi 18 a\u00f1os. Ha ocupado diversos cargos en la Conferencia del Episcopado Mexicano y en el CELAM. El 3 de noviembre de 2017, el Papa Francisco le acept\u00f3, por edad, su renuncia al servicio episcopal en esta di\u00f3cesis, que entreg\u00f3 a su sucesor el 3 de enero de 2018. Desde entonces, reside en la ciudad de Toluca. Desde 1979, escribe art\u00edculos de actualidad en varios medios religiosos y civiles. Es autor de varias publicaciones.","url":"https:\/\/exaudi.org\/es\/author\/felipearizmendi\/"}]}},"jetpack_featured_media_url":"https:\/\/exaudi.org\/wp-content\/uploads\/2024\/08\/pexels-mart-production-8078544-scaled.jpg","jetpack_shortlink":"https:\/\/wp.me\/pgKjF2-rPQ","_links":{"self":[{"href":"https:\/\/exaudi.org\/es\/wp-json\/wp\/v2\/posts\/107002","targetHints":{"allow":["GET"]}}],"collection":[{"href":"https:\/\/exaudi.org\/es\/wp-json\/wp\/v2\/posts"}],"about":[{"href":"https:\/\/exaudi.org\/es\/wp-json\/wp\/v2\/types\/post"}],"author":[{"embeddable":true,"href":"https:\/\/exaudi.org\/es\/wp-json\/wp\/v2\/users\/24"}],"replies":[{"embeddable":true,"href":"https:\/\/exaudi.org\/es\/wp-json\/wp\/v2\/comments?post=107002"}],"version-history":[{"count":0,"href":"https:\/\/exaudi.org\/es\/wp-json\/wp\/v2\/posts\/107002\/revisions"}],"wp:featuredmedia":[{"embeddable":true,"href":"https:\/\/exaudi.org\/es\/wp-json\/wp\/v2\/media\/107010"}],"wp:attachment":[{"href":"https:\/\/exaudi.org\/es\/wp-json\/wp\/v2\/media?parent=107002"}],"wp:term":[{"taxonomy":"category","embeddable":true,"href":"https:\/\/exaudi.org\/es\/wp-json\/wp\/v2\/categories?post=107002"},{"taxonomy":"post_tag","embeddable":true,"href":"https:\/\/exaudi.org\/es\/wp-json\/wp\/v2\/tags?post=107002"}],"curies":[{"name":"wp","href":"https:\/\/api.w.org\/{rel}","templated":true}]}}