{"id":106964,"date":"2024-08-28T09:00:32","date_gmt":"2024-08-28T07:00:32","guid":{"rendered":"https:\/\/exaudi.org\/?p=106964"},"modified":"2024-08-27T12:32:34","modified_gmt":"2024-08-27T10:32:34","slug":"dimas-kusuma-seminarista-de-indonesia-cuenta-como-su-madre-musulmana-se-convirtio-al-catolicismo","status":"publish","type":"post","link":"https:\/\/exaudi.org\/es\/dimas-kusuma-seminarista-de-indonesia-cuenta-como-su-madre-musulmana-se-convirtio-al-catolicismo\/","title":{"rendered":"Dimas Kusuma, seminarista de Indonesia, cuenta c\u00f3mo su madre, musulmana, se convirti\u00f3 al catolicismo"},"content":{"rendered":"<audio class=\"wp-audio-shortcode\" id=\"audio-106964-1\" preload=\"none\" style=\"width: 100%;\" controls=\"controls\"><source type=\"audio\/mpeg\" src=\"https:\/\/exaudi.org\/wp-content\/uploads\/2024\/08\/Dimas-Kusuma-seminarista-de-Indonesia\u2026-.mp3?_=1\" \/><a href=\"https:\/\/exaudi.org\/wp-content\/uploads\/2024\/08\/Dimas-Kusuma-seminarista-de-Indonesia\u2026-.mp3\">https:\/\/exaudi.org\/wp-content\/uploads\/2024\/08\/Dimas-Kusuma-seminarista-de-Indonesia\u2026-.mp3<\/a><\/audio>\n<p>\u00abMe llamo Dimas, como el buen ladr\u00f3n\u00bb, dice con esa sonrisa que caracteriza a muchos asi\u00e1ticos. Nos habla de su vida y de c\u00f3mo su madre, musulmana, se convirti\u00f3 al catolicismo.<\/p>\n<p>Dimas Kusuma Wijaya es un joven seminarista de Indonesia que se encuentra en Pamplona estudiando en la Universidad de Navarra y reside y se forma en el Seminario Internacional de Bidasoa. Nos recibe con una sonrisa mientras mantenemos una entrevista sobre su vida, su familia y su llamada a la vocaci\u00f3n.<\/p>\n<p><strong>Un seminarista en una familia de trece hermanos musulmanes\u00a0<\/strong><\/p>\n<p>\u00abIndonesia es uno de los pa\u00edses del mundo con mayor n\u00famero de musulmanes. Mi madre viene de una gran familia musulmana, sus padres y trece hermanos. Cuando conoci\u00f3 a mi padre, sinti\u00f3 una llamada para convertirse al cristianismo\u00bb, cuenta Dimas.<\/p>\n<p>&nbsp;<\/p>\n<p><img loading=\"lazy\" decoding=\"async\" class=\"size-full wp-image-106969 alignnone\" src=\"https:\/\/exaudi.org\/wp-content\/uploads\/2024\/08\/seminarista-indonesia-familia-dimas.jpg\" alt=\"\" width=\"800\" height=\"620\" srcset=\"https:\/\/exaudi.org\/wp-content\/uploads\/2024\/08\/seminarista-indonesia-familia-dimas.jpg 800w, https:\/\/exaudi.org\/wp-content\/uploads\/2024\/08\/seminarista-indonesia-familia-dimas-300x233.jpg 300w, https:\/\/exaudi.org\/wp-content\/uploads\/2024\/08\/seminarista-indonesia-familia-dimas-770x597.jpg 770w, https:\/\/exaudi.org\/wp-content\/uploads\/2024\/08\/seminarista-indonesia-familia-dimas-500x388.jpg 500w, https:\/\/exaudi.org\/wp-content\/uploads\/2024\/08\/seminarista-indonesia-familia-dimas-293x227.jpg 293w, https:\/\/exaudi.org\/wp-content\/uploads\/2024\/08\/seminarista-indonesia-familia-dimas-390x302.jpg 390w\" sizes=\"auto, (max-width: 800px) 100vw, 800px\" \/><\/p>\n<p>Durante el noviazgo, su padre le fue explicando c\u00f3mo viven los cristianos la fe cat\u00f3lica. \u00abMi mam\u00e1 claramente ten\u00eda mucha ilusi\u00f3n. Por otro lado, cuando mi madre habl\u00f3 con su padre, mi abuelo, le dijo algo muy bonito: \u00absi has conocido otra religi\u00f3n que es buena, tienes que profundizar en ella\u00bb. Mi abuelo apoy\u00f3 y respet\u00f3 a mi mam\u00e1\u00bb, dice este seminarista indonesio.<\/p>\n<p><strong>A los 8 a\u00f1os, despu\u00e9s de casarse con su padre<\/strong><\/p>\n<p>En 2000, ocho a\u00f1os despu\u00e9s de casarse con su padre, su madre se convirti\u00f3 al cristianismo. \u00abFue un gran momento, un gran impacto en su vida, porque a partir de aquel instante, ya cat\u00f3lica, se esforz\u00f3 por vivir como una buena cristiana. Estaba muy contenta y feliz. Y sent\u00eda verdaderamente que esta religi\u00f3n es la verdadera. Porque al final, el encuentro con Jes\u00fas, el Hijo de Dios, fue cambiando su vida y su manera de ver la vida y la familia\u00bb, relata Dimas.<\/p>\n<p>Explica tambi\u00e9n que tard\u00f3 ochos a\u00f1os en convertirse porque sus padres trabajaban de un lugar a otro, y no tuvieron un hogar fijo. Esto fue una dificultad para asentarse en una parroquia y que su madre pudiera recibir las clases de catecismo y la formaci\u00f3n doctrinal.<\/p>\n<p><strong>\u00abLa fe de mi mam\u00e1 ha sido todo para m\u00ed\u00bb<\/strong><\/p>\n<p>Emocionado, Dimas cuenta que la fe de su mam\u00e1 le ense\u00f1\u00f3 todo. \u00abSu modo de vida en un pa\u00eds como Indonesia, y su ejemplo en c\u00f3mo profesaba su fe, fueron la semilla que encendi\u00f3 mi vocaci\u00f3n al sacerdocio. Ella me ense\u00f1\u00f3 a rezar cada ma\u00f1ana y cada noche. Me llevaba a la Iglesia, y siempre me ha mostrado c\u00f3mo debe vivir un cristiano y c\u00f3mo enfrentarse a los desaf\u00edos. La fe de mi mam\u00e1 ha sido todo para m\u00ed. Una fe tan viva y real que me ha ense\u00f1ado todo\u00bb.<\/p>\n<p>Ahora, su madre est\u00e1 muy contenta por tener un hijo en el camino al sacerdocio. Adem\u00e1s, toda la familia de su madre, que es musulmana, con gran respeto entre unos y otros, le apoyan en su vocaci\u00f3n como sacerdote cat\u00f3lico.<\/p>\n<p><strong>En la preadolescencia quiso cambiar su vida<\/strong><\/p>\n<p>Pero tambi\u00e9n pas\u00f3 por una preadolescencia algo rebelde. \u00abEn la adolescencia tuve deseos de cambiar mi vida. No ten\u00eda ganas de estudiar, solo divertirme. En definitiva, hice todo lo que me dio la gana. Y para cambiar todo eso, pens\u00e9 que el mejor camino era entrar en el seminario menor, un lugar donde me ayudar\u00edan a ser mejor. Pero, claro, al final Dios no solo cambi\u00f3 mi vida sino tambi\u00e9n mi vocaci\u00f3n\u00bb, dice impresionado.<\/p>\n<p>Recuerda el momento m\u00e1s intenso de su llamado, un d\u00eda que delante del Sant\u00edsimo Sacramentado sinti\u00f3 una paz enorme, una alegr\u00eda muy grande al experimentar que Dios le ped\u00eda darse a los dem\u00e1s. Al final, escuch\u00f3 c\u00f3mo Dios le llam\u00f3.<\/p>\n<p>\u00abO\u00ed una voz que me dec\u00eda: Dimas, mira que hay gente que te necesita, y va a haber m\u00e1s gente que te necesitar\u00e1. A partir de aquel momento de oraci\u00f3n y de sentir que pod\u00eda ayudar a los dem\u00e1s, quise ser sacerdote. Quiero estar con Dios y quiero ayudar a la gente necesitada en todos sus anhelos\u00bb.<\/p>\n<p><strong>Una facultad de Teolog\u00eda en Surabaya<\/strong><\/p>\n<p>As\u00ed, a la edad de 15 a\u00f1os, Dimas entr\u00f3 en el seminario menor. A los 18 a\u00f1os, en el seminario proped\u00e9utico. Y, cuando ten\u00eda 20 a\u00f1os, su obispo le mand\u00f3 a Espa\u00f1a, al Seminario Internacional Bidasoa para formarme bien para ser sacerdote en las facultades eclesi\u00e1sticas de la Universidad de Navarra.<\/p>\n<p>\u00abAcabo de terminar mi primer curso de formaci\u00f3n. Lo que quiere mi obispo es levantar la facultad de teolog\u00eda en Surabaya, mi di\u00f3cesis, y por eso cada dos a\u00f1os intenta enviar seminaristas para estudiar en Bidasoa\u00bb, explica.<\/p>\n<p><strong>Su hermano menor es dominico<\/strong><\/p>\n<p>Dimas tiene otro hermano peque\u00f1o que es seminarista de Ordo Predicatorum de los dominicos, que estudia Filosof\u00eda en Manila, Filipinas. Tambi\u00e9n tiene dos hermanas mayores: una casada que vive en Tokio y la segunda hermana que es profesora de Psicolog\u00eda en una universidad en Yakarta.<\/p>\n<p><img loading=\"lazy\" decoding=\"async\" class=\"size-full wp-image-106972 alignnone\" src=\"https:\/\/exaudi.org\/wp-content\/uploads\/2024\/08\/seminaristas-indonesia-familia-dimas.jpg\" alt=\"\" width=\"820\" height=\"600\" srcset=\"https:\/\/exaudi.org\/wp-content\/uploads\/2024\/08\/seminaristas-indonesia-familia-dimas.jpg 820w, https:\/\/exaudi.org\/wp-content\/uploads\/2024\/08\/seminaristas-indonesia-familia-dimas-300x220.jpg 300w, https:\/\/exaudi.org\/wp-content\/uploads\/2024\/08\/seminaristas-indonesia-familia-dimas-770x563.jpg 770w, https:\/\/exaudi.org\/wp-content\/uploads\/2024\/08\/seminaristas-indonesia-familia-dimas-500x366.jpg 500w, https:\/\/exaudi.org\/wp-content\/uploads\/2024\/08\/seminaristas-indonesia-familia-dimas-293x214.jpg 293w, https:\/\/exaudi.org\/wp-content\/uploads\/2024\/08\/seminaristas-indonesia-familia-dimas-390x285.jpg 390w\" sizes=\"auto, (max-width: 820px) 100vw, 820px\" \/><\/p>\n<p class=\"wp-block-heading\"><strong>Indonesia, un pa\u00eds con seis grandes religiones<\/strong><\/p>\n<p>\u00bfC\u00f3mo viven los cat\u00f3licos en Indonesia, un pa\u00eds con gran cantidad de musulmanes? \u00bfHay respeto entre las confesiones?\u00a0Dimas nos responde:\u00a0\u00abTengo que decir que ahora mismo existe m\u00e1s tolerancia entre nosotros, pero depende del lugar donde vivan los cristianos. Hay ciudades donde resulta muy dif\u00edcil levantar una parroquia o una iglesia. Hay que tener en cuenta tambi\u00e9n que Indonesia es muy plural. Hay musulmanes, cat\u00f3licos, budistas, hinduistas, seguidores del confucionismo y cristianos protestantes. Seis grandes religiones que conviven en Indonesia\u00bb.<\/p>\n<p><strong>Las caracter\u00edsticas de un joven sacerdote<\/strong><\/p>\n<p>Es consciente de que, cuando regrese a su pa\u00eds, uno de los retos a los que debe enfrentarse ser\u00e1 la tolerancia y el respeto entre las religiones. Y en este camino que acaba de comenzar hacia al sacerdocio, considera que una de las caracter\u00edsticas principales que debe reunir un joven sacerdote es la humildad.<\/p>\n<p>\u00abUn joven sacerdote es como un beb\u00e9 que acaba de nacer. Tiene que aprender mucho en su vocaci\u00f3n sacerdotal. Tiene que saber escuchar a los dem\u00e1s y sobre todo escuchar a Dios. Con la humildad, uno puede tener una buena vida, porque su ego y su ambici\u00f3n no van a dirigirle, sino que ser\u00e1 Dios mismo qui\u00e9n dirigir\u00e1 y acompa\u00f1ar\u00e1 en su vida. Solo con humildad, un sacerdote puede vivir su vocaci\u00f3n sacerdotal muy bien porque luego uno va a experimentar que en realidad la fuerza de Dios le acompa\u00f1ar\u00e1 en toda su labor pastoral\u00bb, concluye este joven seminarista de Indonesia.<\/p>\n","protected":false},"excerpt":{"rendered":"<p>Dimas Kusuma Wijaya, un joven seminarista de Indonesia, de la di\u00f3cesis de Surabaya<\/p>\n","protected":false},"author":119,"featured_media":106965,"comment_status":"closed","ping_status":"closed","sticky":false,"template":"","format":"standard","meta":{"_acf_changed":false,"_crdt_document":"","inline_featured_image":false,"footnotes":""},"categories":[74,98],"tags":[9879,1926,2781,4953,7440],"class_list":["post-106964","post","type-post","status-publish","format-standard","has-post-thumbnail","hentry","category-iglesia-y-mundo","category-testimonios","tag-fundacion-carf","tag-sacerdote","tag-testimonio","tag-trending-es","tag-vocacion"],"acf":[],"yoast_head":"<!-- This site is optimized with the Yoast SEO plugin v27.5 - https:\/\/yoast.com\/product\/yoast-seo-wordpress\/ -->\n<title>Dimas Kusuma, seminarista de Indonesia, cuenta c\u00f3mo su madre, musulmana, se convirti\u00f3 al catolicismo &#8211; Exaudi<\/title>\n<meta name=\"robots\" content=\"index, follow, max-snippet:-1, max-image-preview:large, max-video-preview:-1\" \/>\n<link rel=\"canonical\" href=\"https:\/\/exaudi.org\/es\/dimas-kusuma-seminarista-de-indonesia-cuenta-como-su-madre-musulmana-se-convirtio-al-catolicismo\/\" \/>\n<meta property=\"og:locale\" content=\"es_ES\" \/>\n<meta property=\"og:type\" content=\"article\" \/>\n<meta property=\"og:title\" content=\"Dimas Kusuma, seminarista de Indonesia, cuenta c\u00f3mo su madre, musulmana, se convirti\u00f3 al catolicismo &#8211; Exaudi\" \/>\n<meta property=\"og:description\" content=\"Dimas Kusuma Wijaya, un joven seminarista de Indonesia, de la di\u00f3cesis de Surabaya\" \/>\n<meta property=\"og:url\" content=\"https:\/\/exaudi.org\/es\/dimas-kusuma-seminarista-de-indonesia-cuenta-como-su-madre-musulmana-se-convirtio-al-catolicismo\/\" \/>\n<meta property=\"og:site_name\" content=\"Exaudi\" \/>\n<meta property=\"article:publisher\" content=\"https:\/\/www.facebook.com\/ExaudiNews\" \/>\n<meta property=\"article:author\" content=\"https:\/\/www.facebook.com\/fundacioncarf\/\" \/>\n<meta property=\"article:published_time\" content=\"2024-08-28T07:00:32+00:00\" \/>\n<meta property=\"og:image\" content=\"https:\/\/exaudi.org\/wp-content\/uploads\/2024\/08\/dimas-seminarista-indonesia.jpg\" \/>\n\t<meta property=\"og:image:width\" content=\"800\" \/>\n\t<meta property=\"og:image:height\" content=\"620\" \/>\n\t<meta property=\"og:image:type\" content=\"image\/jpeg\" \/>\n<meta name=\"author\" content=\"Fundaci\u00f3n CARF\" \/>\n<meta name=\"twitter:card\" content=\"summary_large_image\" \/>\n<meta name=\"twitter:creator\" content=\"@https:\/\/x.com\/fundacioncarf\" \/>\n<meta name=\"twitter:site\" content=\"@Exaudi_News\" \/>\n<meta name=\"twitter:label1\" content=\"Escrito por\" \/>\n\t<meta name=\"twitter:data1\" content=\"Fundaci\u00f3n CARF\" \/>\n\t<meta name=\"twitter:label2\" content=\"Tiempo de lectura\" \/>\n\t<meta name=\"twitter:data2\" content=\"6 minutos\" \/>\n<script type=\"application\/ld+json\" class=\"yoast-schema-graph\">{\"@context\":\"https:\\\/\\\/schema.org\",\"@graph\":[{\"@type\":\"Article\",\"@id\":\"https:\\\/\\\/exaudi.org\\\/es\\\/dimas-kusuma-seminarista-de-indonesia-cuenta-como-su-madre-musulmana-se-convirtio-al-catolicismo\\\/#article\",\"isPartOf\":{\"@id\":\"https:\\\/\\\/exaudi.org\\\/es\\\/dimas-kusuma-seminarista-de-indonesia-cuenta-como-su-madre-musulmana-se-convirtio-al-catolicismo\\\/\"},\"author\":{\"name\":\"Fundaci\u00f3n CARF\",\"@id\":\"https:\\\/\\\/exaudi.org\\\/#\\\/schema\\\/person\\\/fab8261a088ccf38cb54b3c50baa7baf\"},\"headline\":\"Dimas Kusuma, seminarista de Indonesia, cuenta c\u00f3mo su madre, musulmana, se convirti\u00f3 al catolicismo\",\"datePublished\":\"2024-08-28T07:00:32+00:00\",\"mainEntityOfPage\":{\"@id\":\"https:\\\/\\\/exaudi.org\\\/es\\\/dimas-kusuma-seminarista-de-indonesia-cuenta-como-su-madre-musulmana-se-convirtio-al-catolicismo\\\/\"},\"wordCount\":1150,\"image\":{\"@id\":\"https:\\\/\\\/exaudi.org\\\/es\\\/dimas-kusuma-seminarista-de-indonesia-cuenta-como-su-madre-musulmana-se-convirtio-al-catolicismo\\\/#primaryimage\"},\"thumbnailUrl\":\"https:\\\/\\\/exaudi.org\\\/wp-content\\\/uploads\\\/2024\\\/08\\\/dimas-seminarista-indonesia.jpg\",\"keywords\":[\"Fundaci\u00f3n CARF\",\"Sacerdote\",\"Testimonio\",\"Trending\",\"Vocaci\u00f3n\"],\"articleSection\":[\"Iglesia y Mundo\",\"Testimonios\"],\"inLanguage\":\"es\"},{\"@type\":\"WebPage\",\"@id\":\"https:\\\/\\\/exaudi.org\\\/es\\\/dimas-kusuma-seminarista-de-indonesia-cuenta-como-su-madre-musulmana-se-convirtio-al-catolicismo\\\/\",\"url\":\"https:\\\/\\\/exaudi.org\\\/es\\\/dimas-kusuma-seminarista-de-indonesia-cuenta-como-su-madre-musulmana-se-convirtio-al-catolicismo\\\/\",\"name\":\"Dimas Kusuma, seminarista de Indonesia, cuenta c\u00f3mo su madre, musulmana, se convirti\u00f3 al catolicismo &#8211; Exaudi\",\"isPartOf\":{\"@id\":\"https:\\\/\\\/exaudi.org\\\/#website\"},\"primaryImageOfPage\":{\"@id\":\"https:\\\/\\\/exaudi.org\\\/es\\\/dimas-kusuma-seminarista-de-indonesia-cuenta-como-su-madre-musulmana-se-convirtio-al-catolicismo\\\/#primaryimage\"},\"image\":{\"@id\":\"https:\\\/\\\/exaudi.org\\\/es\\\/dimas-kusuma-seminarista-de-indonesia-cuenta-como-su-madre-musulmana-se-convirtio-al-catolicismo\\\/#primaryimage\"},\"thumbnailUrl\":\"https:\\\/\\\/exaudi.org\\\/wp-content\\\/uploads\\\/2024\\\/08\\\/dimas-seminarista-indonesia.jpg\",\"datePublished\":\"2024-08-28T07:00:32+00:00\",\"author\":{\"@id\":\"https:\\\/\\\/exaudi.org\\\/#\\\/schema\\\/person\\\/fab8261a088ccf38cb54b3c50baa7baf\"},\"breadcrumb\":{\"@id\":\"https:\\\/\\\/exaudi.org\\\/es\\\/dimas-kusuma-seminarista-de-indonesia-cuenta-como-su-madre-musulmana-se-convirtio-al-catolicismo\\\/#breadcrumb\"},\"inLanguage\":\"es\",\"potentialAction\":[{\"@type\":\"ReadAction\",\"target\":[\"https:\\\/\\\/exaudi.org\\\/es\\\/dimas-kusuma-seminarista-de-indonesia-cuenta-como-su-madre-musulmana-se-convirtio-al-catolicismo\\\/\"]}]},{\"@type\":\"ImageObject\",\"inLanguage\":\"es\",\"@id\":\"https:\\\/\\\/exaudi.org\\\/es\\\/dimas-kusuma-seminarista-de-indonesia-cuenta-como-su-madre-musulmana-se-convirtio-al-catolicismo\\\/#primaryimage\",\"url\":\"https:\\\/\\\/exaudi.org\\\/wp-content\\\/uploads\\\/2024\\\/08\\\/dimas-seminarista-indonesia.jpg\",\"contentUrl\":\"https:\\\/\\\/exaudi.org\\\/wp-content\\\/uploads\\\/2024\\\/08\\\/dimas-seminarista-indonesia.jpg\",\"width\":800,\"height\":620},{\"@type\":\"BreadcrumbList\",\"@id\":\"https:\\\/\\\/exaudi.org\\\/es\\\/dimas-kusuma-seminarista-de-indonesia-cuenta-como-su-madre-musulmana-se-convirtio-al-catolicismo\\\/#breadcrumb\",\"itemListElement\":[{\"@type\":\"ListItem\",\"position\":1,\"name\":\"Portada\",\"item\":\"https:\\\/\\\/exaudi.org\\\/es\\\/\"},{\"@type\":\"ListItem\",\"position\":2,\"name\":\"Dimas Kusuma, seminarista de Indonesia, cuenta c\u00f3mo su madre, musulmana, se convirti\u00f3 al catolicismo\"}]},{\"@type\":\"WebSite\",\"@id\":\"https:\\\/\\\/exaudi.org\\\/#website\",\"url\":\"https:\\\/\\\/exaudi.org\\\/\",\"name\":\"Exaudi\",\"description\":\"News\",\"potentialAction\":[{\"@type\":\"SearchAction\",\"target\":{\"@type\":\"EntryPoint\",\"urlTemplate\":\"https:\\\/\\\/exaudi.org\\\/?s={search_term_string}\"},\"query-input\":{\"@type\":\"PropertyValueSpecification\",\"valueRequired\":true,\"valueName\":\"search_term_string\"}}],\"inLanguage\":\"es\"},{\"@type\":\"Person\",\"@id\":\"https:\\\/\\\/exaudi.org\\\/#\\\/schema\\\/person\\\/fab8261a088ccf38cb54b3c50baa7baf\",\"name\":\"Fundaci\u00f3n CARF\",\"image\":{\"@type\":\"ImageObject\",\"inLanguage\":\"es\",\"@id\":\"https:\\\/\\\/secure.gravatar.com\\\/avatar\\\/ab292d3529973c0d1cf4cda9208c6a8a7ee52923f0a291c39104715fa46aae4b?s=96&d=mm&r=g\",\"url\":\"https:\\\/\\\/secure.gravatar.com\\\/avatar\\\/ab292d3529973c0d1cf4cda9208c6a8a7ee52923f0a291c39104715fa46aae4b?s=96&d=mm&r=g\",\"contentUrl\":\"https:\\\/\\\/secure.gravatar.com\\\/avatar\\\/ab292d3529973c0d1cf4cda9208c6a8a7ee52923f0a291c39104715fa46aae4b?s=96&d=mm&r=g\",\"caption\":\"Fundaci\u00f3n CARF\"},\"description\":\"Trabajamos para llevar la sonrisa de Dios a todos los rincones del mundo a trav\u00e9s de los sacerdotes y ayudando a su formaci\u00f3n. Gracias a nuestros benefactores, ayudamos a la formaci\u00f3n de los sacerdotes, difundimos su buen nombre y rezamos por su fidelidad y las vocaciones. Trabajamos para servir a la Iglesia y que ninguna vocaci\u00f3n se pierda y luego ellos puedan transmitir en su labor pastoral toda la luz, ciencia y doctrina recibida. Acad\u00e9mico Las licenciaturas, programas de especializacio\u0301n o doctorados, otorgan a cada candidato una formaci\u00f3n espec\u00edfica en Teologi\u0301a, Filosofi\u0301a, Derecho Cano\u0301nico o Comunicacio\u0301n Social Institucional. Espiritual Los seminaristas y sacerdotes complementan su formacio\u0301n acade\u0301mica y humana con la espiritual, ya que deben estar preparados para seguir su vocaci\u00f3n y prestar su cuerpo y su espi\u0301ritu al Sen\u0303or. Humano A trave\u0301s del ambiente de familia y de preparaci\u00f3n, se consigue el desarrollo de actitudes, capacidades y valores que impactan en el crecimiento personal y social de los sacerdotes.\",\"sameAs\":[\"https:\\\/\\\/fundacioncarf.org\\\/\",\"https:\\\/\\\/www.facebook.com\\\/fundacioncarf\\\/\",\"https:\\\/\\\/www.instagram.com\\\/fundacioncarf\\\/\",\"https:\\\/\\\/www.linkedin.com\\\/company\\\/fundacioncarf\\\/posts\\\/?feedView=all\",\"https:\\\/\\\/x.com\\\/https:\\\/\\\/x.com\\\/fundacioncarf\",\"https:\\\/\\\/www.youtube.com\\\/c\\\/fundacioncarf\"],\"url\":\"https:\\\/\\\/exaudi.org\\\/es\\\/author\\\/carf\\\/\"}]}<\/script>\n<!-- \/ Yoast SEO plugin. -->","yoast_head_json":{"title":"Dimas Kusuma, seminarista de Indonesia, cuenta c\u00f3mo su madre, musulmana, se convirti\u00f3 al catolicismo &#8211; Exaudi","robots":{"index":"index","follow":"follow","max-snippet":"max-snippet:-1","max-image-preview":"max-image-preview:large","max-video-preview":"max-video-preview:-1"},"canonical":"https:\/\/exaudi.org\/es\/dimas-kusuma-seminarista-de-indonesia-cuenta-como-su-madre-musulmana-se-convirtio-al-catolicismo\/","og_locale":"es_ES","og_type":"article","og_title":"Dimas Kusuma, seminarista de Indonesia, cuenta c\u00f3mo su madre, musulmana, se convirti\u00f3 al catolicismo &#8211; Exaudi","og_description":"Dimas Kusuma Wijaya, un joven seminarista de Indonesia, de la di\u00f3cesis de Surabaya","og_url":"https:\/\/exaudi.org\/es\/dimas-kusuma-seminarista-de-indonesia-cuenta-como-su-madre-musulmana-se-convirtio-al-catolicismo\/","og_site_name":"Exaudi","article_publisher":"https:\/\/www.facebook.com\/ExaudiNews","article_author":"https:\/\/www.facebook.com\/fundacioncarf\/","article_published_time":"2024-08-28T07:00:32+00:00","og_image":[{"width":800,"height":620,"url":"https:\/\/exaudi.org\/wp-content\/uploads\/2024\/08\/dimas-seminarista-indonesia.jpg","type":"image\/jpeg"}],"author":"Fundaci\u00f3n CARF","twitter_card":"summary_large_image","twitter_creator":"@https:\/\/x.com\/fundacioncarf","twitter_site":"@Exaudi_News","twitter_misc":{"Escrito por":"Fundaci\u00f3n CARF","Tiempo de lectura":"6 minutos"},"schema":{"@context":"https:\/\/schema.org","@graph":[{"@type":"Article","@id":"https:\/\/exaudi.org\/es\/dimas-kusuma-seminarista-de-indonesia-cuenta-como-su-madre-musulmana-se-convirtio-al-catolicismo\/#article","isPartOf":{"@id":"https:\/\/exaudi.org\/es\/dimas-kusuma-seminarista-de-indonesia-cuenta-como-su-madre-musulmana-se-convirtio-al-catolicismo\/"},"author":{"name":"Fundaci\u00f3n CARF","@id":"https:\/\/exaudi.org\/#\/schema\/person\/fab8261a088ccf38cb54b3c50baa7baf"},"headline":"Dimas Kusuma, seminarista de Indonesia, cuenta c\u00f3mo su madre, musulmana, se convirti\u00f3 al catolicismo","datePublished":"2024-08-28T07:00:32+00:00","mainEntityOfPage":{"@id":"https:\/\/exaudi.org\/es\/dimas-kusuma-seminarista-de-indonesia-cuenta-como-su-madre-musulmana-se-convirtio-al-catolicismo\/"},"wordCount":1150,"image":{"@id":"https:\/\/exaudi.org\/es\/dimas-kusuma-seminarista-de-indonesia-cuenta-como-su-madre-musulmana-se-convirtio-al-catolicismo\/#primaryimage"},"thumbnailUrl":"https:\/\/exaudi.org\/wp-content\/uploads\/2024\/08\/dimas-seminarista-indonesia.jpg","keywords":["Fundaci\u00f3n CARF","Sacerdote","Testimonio","Trending","Vocaci\u00f3n"],"articleSection":["Iglesia y Mundo","Testimonios"],"inLanguage":"es"},{"@type":"WebPage","@id":"https:\/\/exaudi.org\/es\/dimas-kusuma-seminarista-de-indonesia-cuenta-como-su-madre-musulmana-se-convirtio-al-catolicismo\/","url":"https:\/\/exaudi.org\/es\/dimas-kusuma-seminarista-de-indonesia-cuenta-como-su-madre-musulmana-se-convirtio-al-catolicismo\/","name":"Dimas Kusuma, seminarista de Indonesia, cuenta c\u00f3mo su madre, musulmana, se convirti\u00f3 al catolicismo &#8211; Exaudi","isPartOf":{"@id":"https:\/\/exaudi.org\/#website"},"primaryImageOfPage":{"@id":"https:\/\/exaudi.org\/es\/dimas-kusuma-seminarista-de-indonesia-cuenta-como-su-madre-musulmana-se-convirtio-al-catolicismo\/#primaryimage"},"image":{"@id":"https:\/\/exaudi.org\/es\/dimas-kusuma-seminarista-de-indonesia-cuenta-como-su-madre-musulmana-se-convirtio-al-catolicismo\/#primaryimage"},"thumbnailUrl":"https:\/\/exaudi.org\/wp-content\/uploads\/2024\/08\/dimas-seminarista-indonesia.jpg","datePublished":"2024-08-28T07:00:32+00:00","author":{"@id":"https:\/\/exaudi.org\/#\/schema\/person\/fab8261a088ccf38cb54b3c50baa7baf"},"breadcrumb":{"@id":"https:\/\/exaudi.org\/es\/dimas-kusuma-seminarista-de-indonesia-cuenta-como-su-madre-musulmana-se-convirtio-al-catolicismo\/#breadcrumb"},"inLanguage":"es","potentialAction":[{"@type":"ReadAction","target":["https:\/\/exaudi.org\/es\/dimas-kusuma-seminarista-de-indonesia-cuenta-como-su-madre-musulmana-se-convirtio-al-catolicismo\/"]}]},{"@type":"ImageObject","inLanguage":"es","@id":"https:\/\/exaudi.org\/es\/dimas-kusuma-seminarista-de-indonesia-cuenta-como-su-madre-musulmana-se-convirtio-al-catolicismo\/#primaryimage","url":"https:\/\/exaudi.org\/wp-content\/uploads\/2024\/08\/dimas-seminarista-indonesia.jpg","contentUrl":"https:\/\/exaudi.org\/wp-content\/uploads\/2024\/08\/dimas-seminarista-indonesia.jpg","width":800,"height":620},{"@type":"BreadcrumbList","@id":"https:\/\/exaudi.org\/es\/dimas-kusuma-seminarista-de-indonesia-cuenta-como-su-madre-musulmana-se-convirtio-al-catolicismo\/#breadcrumb","itemListElement":[{"@type":"ListItem","position":1,"name":"Portada","item":"https:\/\/exaudi.org\/es\/"},{"@type":"ListItem","position":2,"name":"Dimas Kusuma, seminarista de Indonesia, cuenta c\u00f3mo su madre, musulmana, se convirti\u00f3 al catolicismo"}]},{"@type":"WebSite","@id":"https:\/\/exaudi.org\/#website","url":"https:\/\/exaudi.org\/","name":"Exaudi","description":"News","potentialAction":[{"@type":"SearchAction","target":{"@type":"EntryPoint","urlTemplate":"https:\/\/exaudi.org\/?s={search_term_string}"},"query-input":{"@type":"PropertyValueSpecification","valueRequired":true,"valueName":"search_term_string"}}],"inLanguage":"es"},{"@type":"Person","@id":"https:\/\/exaudi.org\/#\/schema\/person\/fab8261a088ccf38cb54b3c50baa7baf","name":"Fundaci\u00f3n CARF","image":{"@type":"ImageObject","inLanguage":"es","@id":"https:\/\/secure.gravatar.com\/avatar\/ab292d3529973c0d1cf4cda9208c6a8a7ee52923f0a291c39104715fa46aae4b?s=96&d=mm&r=g","url":"https:\/\/secure.gravatar.com\/avatar\/ab292d3529973c0d1cf4cda9208c6a8a7ee52923f0a291c39104715fa46aae4b?s=96&d=mm&r=g","contentUrl":"https:\/\/secure.gravatar.com\/avatar\/ab292d3529973c0d1cf4cda9208c6a8a7ee52923f0a291c39104715fa46aae4b?s=96&d=mm&r=g","caption":"Fundaci\u00f3n CARF"},"description":"Trabajamos para llevar la sonrisa de Dios a todos los rincones del mundo a trav\u00e9s de los sacerdotes y ayudando a su formaci\u00f3n. Gracias a nuestros benefactores, ayudamos a la formaci\u00f3n de los sacerdotes, difundimos su buen nombre y rezamos por su fidelidad y las vocaciones. Trabajamos para servir a la Iglesia y que ninguna vocaci\u00f3n se pierda y luego ellos puedan transmitir en su labor pastoral toda la luz, ciencia y doctrina recibida. Acad\u00e9mico Las licenciaturas, programas de especializacio\u0301n o doctorados, otorgan a cada candidato una formaci\u00f3n espec\u00edfica en Teologi\u0301a, Filosofi\u0301a, Derecho Cano\u0301nico o Comunicacio\u0301n Social Institucional. Espiritual Los seminaristas y sacerdotes complementan su formacio\u0301n acade\u0301mica y humana con la espiritual, ya que deben estar preparados para seguir su vocaci\u00f3n y prestar su cuerpo y su espi\u0301ritu al Sen\u0303or. Humano A trave\u0301s del ambiente de familia y de preparaci\u00f3n, se consigue el desarrollo de actitudes, capacidades y valores que impactan en el crecimiento personal y social de los sacerdotes.","sameAs":["https:\/\/fundacioncarf.org\/","https:\/\/www.facebook.com\/fundacioncarf\/","https:\/\/www.instagram.com\/fundacioncarf\/","https:\/\/www.linkedin.com\/company\/fundacioncarf\/posts\/?feedView=all","https:\/\/x.com\/https:\/\/x.com\/fundacioncarf","https:\/\/www.youtube.com\/c\/fundacioncarf"],"url":"https:\/\/exaudi.org\/es\/author\/carf\/"}]}},"jetpack_featured_media_url":"https:\/\/exaudi.org\/wp-content\/uploads\/2024\/08\/dimas-seminarista-indonesia.jpg","jetpack_shortlink":"https:\/\/wp.me\/pgKjF2-rPe","_links":{"self":[{"href":"https:\/\/exaudi.org\/es\/wp-json\/wp\/v2\/posts\/106964","targetHints":{"allow":["GET"]}}],"collection":[{"href":"https:\/\/exaudi.org\/es\/wp-json\/wp\/v2\/posts"}],"about":[{"href":"https:\/\/exaudi.org\/es\/wp-json\/wp\/v2\/types\/post"}],"author":[{"embeddable":true,"href":"https:\/\/exaudi.org\/es\/wp-json\/wp\/v2\/users\/119"}],"replies":[{"embeddable":true,"href":"https:\/\/exaudi.org\/es\/wp-json\/wp\/v2\/comments?post=106964"}],"version-history":[{"count":0,"href":"https:\/\/exaudi.org\/es\/wp-json\/wp\/v2\/posts\/106964\/revisions"}],"wp:featuredmedia":[{"embeddable":true,"href":"https:\/\/exaudi.org\/es\/wp-json\/wp\/v2\/media\/106965"}],"wp:attachment":[{"href":"https:\/\/exaudi.org\/es\/wp-json\/wp\/v2\/media?parent=106964"}],"wp:term":[{"taxonomy":"category","embeddable":true,"href":"https:\/\/exaudi.org\/es\/wp-json\/wp\/v2\/categories?post=106964"},{"taxonomy":"post_tag","embeddable":true,"href":"https:\/\/exaudi.org\/es\/wp-json\/wp\/v2\/tags?post=106964"}],"curies":[{"name":"wp","href":"https:\/\/api.w.org\/{rel}","templated":true}]}}