{"id":10696,"date":"2021-04-08T14:50:57","date_gmt":"2021-04-08T12:50:57","guid":{"rendered":"https:\/\/exaudi.org\/?p=10696"},"modified":"2021-04-08T16:55:29","modified_gmt":"2021-04-08T14:55:29","slug":"papa-francisco-adorador-nocturno-de-joven-2021","status":"publish","type":"post","link":"https:\/\/exaudi.org\/es\/papa-francisco-adorador-nocturno-de-joven-2021\/","title":{"rendered":"Papa Francisco, adorador nocturno del Sant\u00edsimo Sacramento de joven"},"content":{"rendered":"<p>El <a href=\"https:\/\/alfayomega.es\/\" target=\"_blank\" rel=\"noopener noreferrer\">Seminario Cat\u00f3lico de Informaci\u00f3n Alfa y Omega<\/a> ha publicado hoy jueves 8 de abril de 2021 la carta que el <a href=\"https:\/\/exaudi.org\/es\/domingo-divina-misericordia-misa\/\" target=\"_blank\" rel=\"noopener noreferrer\">Papa Francisco<\/a> envi\u00f3 a la publicaci\u00f3n tras recibir una foto de un registro de los a\u00f1os 50 con su nombre y n\u00famero, que constata que Jorge Mario Bergoglio fue el adorador nocturno n\u00famero 9.195 de la bas\u00edlica del Sant\u00edsimo Sacramento de Buenos Aires, Argentina.<\/p>\n<h4><strong>La carta<\/strong><\/h4>\n<p>\u201cMe emocion\u00f3 la fotocopia del libro sobre la adoraci\u00f3n nocturna de la <a href=\"https:\/\/baiglesias.com\/santisimo-sacramento-2\/\" target=\"_blank\" rel=\"noopener noreferrer\">bas\u00edlica del Sant\u00edsimo Sacramento<\/a>\u201d. Estas son las palabras con las que el Santo Padre comienza su carta a Alfa y Omega, escrita el pasado s\u00e1bado 13 de marzo de 2021.<\/p>\n<p>Refiri\u00e9ndose a su pasado como adorador nocturno, se\u00f1ala que, \u201ccuando te tocaba el turno, el del turno anterior te despertaba con la frase <em>&#8216;venite adoremus&#8217;<\/em> y de all\u00ed ibas a la hora de adoraci\u00f3n\u201d.<\/p>\n<figure id=\"attachment_10725\" aria-describedby=\"caption-attachment-10725\" style=\"width: 300px\" class=\"wp-caption alignleft\"><img loading=\"lazy\" decoding=\"async\" class=\"size-medium wp-image-10725\" src=\"https:\/\/exaudi.org\/wp-content\/uploads\/2021\/04\/Lista-adoradores-1024x597-1-300x175.jpg\" alt=\"Papa Francisco adorador nocturno\" width=\"300\" height=\"175\" srcset=\"https:\/\/exaudi.org\/wp-content\/uploads\/2021\/04\/Lista-adoradores-1024x597-1-300x175.jpg 300w, https:\/\/exaudi.org\/wp-content\/uploads\/2021\/04\/Lista-adoradores-1024x597-1-768x448.jpg 768w, https:\/\/exaudi.org\/wp-content\/uploads\/2021\/04\/Lista-adoradores-1024x597-1-150x87.jpg 150w, https:\/\/exaudi.org\/wp-content\/uploads\/2021\/04\/Lista-adoradores-1024x597-1-696x406.jpg 696w, https:\/\/exaudi.org\/wp-content\/uploads\/2021\/04\/Lista-adoradores-1024x597-1-720x420.jpg 720w, https:\/\/exaudi.org\/wp-content\/uploads\/2021\/04\/Lista-adoradores-1024x597-1.jpg 1024w\" sizes=\"auto, (max-width: 300px) 100vw, 300px\" \/><figcaption id=\"caption-attachment-10725\" class=\"wp-caption-text\">Bergoglio en la lista de adoradores \u00a9 Lucas Schaerer<\/figcaption><\/figure>\n<p>\u201cComo en aquel tiempo no hab\u00eda Misa vespertina, mucha gente que hab\u00eda estado en fiestas de casamiento ven\u00eda a escuchar Misa los s\u00e1bados por la noche\u201d, explica Francisco.<\/p>\n<p>Por \u00faltimo, recuerda que \u201cen aquel tiempo yo hab\u00eda tenido la experiencia de san Jos\u00e9 de Flores y llevaba una vida cristiana normal. Iba con mi hermano \u00d3scar\u201d.<\/p>\n<h4><em><strong>\u201cVenite adoremus\u201d<\/strong><\/em><\/h4>\n<p>Esta es la frase, relata Alfa y Omega, que 65 a\u00f1os despu\u00e9s recuerda con \u201cemoci\u00f3n\u201d el Papa, una que le dec\u00eda un compa\u00f1ero de la antigua cofrad\u00eda de los adoradores nocturnos. Desde su casa en el barrio de Flores, en la periferia de la capital argentina, un joven Bergoglio cog\u00eda el autob\u00fas para ir al centro porte\u00f1o y llegar a la bas\u00edlica del Sant\u00edsimo Sacramento.<\/p>\n<p>El segundo de sus hermanos, \u00d3scar, y un vecino del barrio, fueron con \u00e9l durante 1954 y 1955. Junto a ellos pasaba la noche del s\u00e1bado rezando, precisamente en el santuario ubicado a la derecha de los confesionarios. Y hac\u00edan descanso de algunas horas. Todo ello lo realizaban en el primer piso, en un gran cuarto todav\u00eda vigente, con unos compartimentos con camas.<\/p>\n<h4><strong>Influencia de su confesor<\/strong><\/h4>\n<p>\u201cSe comenzaba la adoraci\u00f3n alrededor de las nueve de la noche, despu\u00e9s de la predicaci\u00f3n del padre Aristi\u201d, aclara el Obispo de Roma en su misiva. El sacerdote espa\u00f1ol Jos\u00e9 Ram\u00f3n Aristi fue el principal impulsor de la cofrad\u00eda que integr\u00f3 al j\u00f3ven Jorge Mario con 18 a\u00f1os. En aquel momento, Bergoglio ya hab\u00eda vivido la llamada de Dios, como \u00e9l la define, \u201cla experiencia de san Jos\u00e9 de Flores\u201d.<\/p>\n<p>Fue el padre Aristi quien marc\u00f3 la vida del que hoy es el Sucesor de Pedro, tanto que fue su confesor y es su principal ejemplo de misericordia, comenta Alfa y Omega. De esta manera lo ilustr\u00f3 el Papa Francisco en 2014, durante una reuni\u00f3n con sacerdotes en Roma: \u201cAristi era un confesor famoso en Buenos Aires. Casi todo el clero se confesaba con \u00e9l. Fue provincial de su orden, profesor, pero siempre confesor, y siempre hab\u00eda cola en la iglesia del Sant\u00edsimo Sacramento\u201d.<\/p>\n<h4><strong>El Rosario de Aristi y Bergoglio<\/strong><\/h4>\n<p>Tanto impact\u00f3 el presb\u00edtero vasco al Santo Padre que lleva desde hace 25 a\u00f1os su Rosario. Sucedi\u00f3, seg\u00fan el art\u00edculo del Seminario informativo, que en la Vigilia Pascual de 1996 falleci\u00f3 el confesor, y Bergoglio, en ese momento obispo auxiliar, se acerc\u00f3 a la cripta, en el subsuelo de la bas\u00edlica del Sant\u00edsimo Sacramento, donde estaban velando el cuerpo.<\/p>\n<p>Mientras colocaba unas flores tom\u00f3 \u201cla cruz del rosario y la arranqu\u00e9 con un poco de fuerza. En ese momento mir\u00e9 al sacerdote y le dije &#8216;Dame la mitad de tu misericordia&#8217;\u201d, cuenta el Obispo de Roma. \u201c\u00a1Sent\u00ed algo fuerte que me dio el valor para hacerlo\u201d, continu\u00f3, \u201cy luego esa cruz me la met\u00ed aqu\u00ed, en el bolsillo. Las camisas del Papa no tienen bolsillos, pero yo siempre llevo una bolsita de tela peque\u00f1a, y desde entonces hasta ahora, y mi mano se dirige aqu\u00ed siempre. \u00a1Siento la gracia! Hace mucho bien el ejemplo de un sacerdote misericordioso, de un sacerdote que se acerca a las heridas\u2026\u201d.<\/p>\n<p>\u201cAl d\u00eda siguiente de aquel episodio Bergoglio llam\u00f3 por tel\u00e9fono para explicar que se hab\u00eda quedado el rosario\u201d, se\u00f1ala Diego Vidal, el laico que coordina hace a\u00f1os a los adoradores nocturnos de la bas\u00edlica y trabaja como distribuidor del suplemento\u00a0Cristo Hoyy varias editoriales cat\u00f3licas.<\/p>\n<p>Fue el sacerdote sacramentino Andr\u00e9s Taborda el \u00fanico testigo cuando Bergoglio agarr\u00f3 por sorpresa el rosario del padre Jos\u00e9 Ram\u00f3n Aristi: \u201cRecuerdo que dijo: &#8216;Fue mi confesor. Con este rosario en la mano absolvi\u00f3 a much\u00edsimos pecadores; no es posible que se lo lleve bajo tierra&#8217;\u201d.<\/p>\n<p>Vidal, el m\u00e1s activo de los laicos adoradores en la bas\u00edlica del Sant\u00edsimo Sacramento, asegura que \u201cel padre Aristi era un santo\u201d, y recuerda una an\u00e9cdota que refleja el v\u00ednculo de Bergoglio y su confesor. \u201cEn un congreso eucar\u00edstico, en una provincia lejos de Buenos Aires, pas\u00f3 el entonces arzobispo caminando delante de m\u00ed y le pregunt\u00e9 si conoc\u00eda al padre Aristi. Se fren\u00f3 inmediatamente y me respondi\u00f3: &#8216;\u00bfQu\u00e9 si le conozco?&#8217;. Y sac\u00f3 de dentro de su ropa el rosario del sacerdote\u201d.<\/p>\n<h4><strong>Alfa y Omega<\/strong><\/h4>\n<p>Tal y como describe en su web, se trata de una publicaci\u00f3n de informaci\u00f3n cat\u00f3lica editada por la Fundaci\u00f3n San Agust\u00edn, que est\u00e1 vinculada al arzobispado de Madrid. Puede encontrarse impresa cada jueves junto al peri\u00f3dico ABC y a diario en la p\u00e1gina web <a href=\"http:\/\/alfayomega.es\/\" target=\"_blank\" rel=\"noreferrer noopener\">alfayomega.es.<\/a><\/p>\n<p>Entre las secciones de su web, cuenta con categor\u00edas como\u00a0Mundo, Espa\u00f1a, Madrid, Cultura, Fe y Vida, Opini\u00f3n, Blogs y Hemeroteca,donde es posible encontrar <a href=\"https:\/\/alfayomega.es\/hemeroteca\/\" target=\"_blank\" rel=\"noopener noreferrer\">todas y cada una de las publicaciones<\/a> desde la primera que lanz\u00f3, el 9 de diciembre de 1995.<\/p>\n","protected":false},"excerpt":{"rendered":"<p>Carta del Pont\u00edfice a Alfa y Omega<\/p>\n","protected":false},"author":6,"featured_media":10730,"comment_status":"closed","ping_status":"closed","sticky":false,"template":"","format":"standard","meta":{"_acf_changed":false,"_crdt_document":"","inline_featured_image":false,"footnotes":""},"categories":[298],"tags":[1537,1538,158,1536],"class_list":["post-10696","post","type-post","status-publish","format-standard","has-post-thumbnail","hentry","category-ultimas-noticias","tag-adoracion-nocturna","tag-alfa-y-omega","tag-papa-francisco","tag-santisimo-sacramento"],"acf":[],"yoast_head":"<!-- This site is optimized with the Yoast SEO plugin v27.5 - https:\/\/yoast.com\/product\/yoast-seo-wordpress\/ -->\n<title>Papa Francisco, adorador nocturno del Sant\u00edsimo Sacramento de joven<\/title>\n<meta name=\"description\" content=\"Alfa y Omega publica la carta que el Papa Francisco envi\u00f3 a la publicaci\u00f3n, muestra de que el Santo Padre fue un adorador nocturno de joven.\" \/>\n<meta name=\"robots\" content=\"index, follow, max-snippet:-1, max-image-preview:large, max-video-preview:-1\" \/>\n<link rel=\"canonical\" href=\"https:\/\/exaudi.org\/es\/papa-francisco-adorador-nocturno-de-joven-2021\/\" \/>\n<meta property=\"og:locale\" content=\"es_ES\" \/>\n<meta property=\"og:type\" content=\"article\" \/>\n<meta property=\"og:title\" content=\"Papa Francisco, adorador nocturno del Sant\u00edsimo Sacramento de joven\" \/>\n<meta property=\"og:description\" content=\"Alfa y Omega publica la carta que el Papa Francisco envi\u00f3 a la publicaci\u00f3n, muestra de que el Santo Padre fue un adorador nocturno de joven.\" \/>\n<meta property=\"og:url\" content=\"https:\/\/exaudi.org\/es\/papa-francisco-adorador-nocturno-de-joven-2021\/\" \/>\n<meta property=\"og:site_name\" content=\"Exaudi\" \/>\n<meta property=\"article:publisher\" content=\"https:\/\/www.facebook.com\/ExaudiNews\" \/>\n<meta property=\"article:published_time\" content=\"2021-04-08T12:50:57+00:00\" \/>\n<meta property=\"article:modified_time\" content=\"2021-04-08T14:55:29+00:00\" \/>\n<meta property=\"og:image\" content=\"https:\/\/exaudi.org\/wp-content\/uploads\/2021\/04\/cq5dam.thumbnail.cropped.1500.844-1.jpeg\" \/>\n\t<meta property=\"og:image:width\" content=\"1500\" \/>\n\t<meta property=\"og:image:height\" content=\"844\" \/>\n\t<meta property=\"og:image:type\" content=\"image\/jpeg\" \/>\n<meta name=\"author\" content=\"Gabriel Sales\" \/>\n<meta name=\"twitter:card\" content=\"summary_large_image\" \/>\n<meta name=\"twitter:creator\" content=\"@habemusman\" \/>\n<meta name=\"twitter:site\" content=\"@Exaudi_News\" \/>\n<meta name=\"twitter:label1\" content=\"Escrito por\" \/>\n\t<meta name=\"twitter:data1\" content=\"Gabriel Sales\" \/>\n\t<meta name=\"twitter:label2\" content=\"Tiempo de lectura\" \/>\n\t<meta name=\"twitter:data2\" content=\"5 minutos\" \/>\n<script type=\"application\/ld+json\" class=\"yoast-schema-graph\">{\"@context\":\"https:\\\/\\\/schema.org\",\"@graph\":[{\"@type\":\"Article\",\"@id\":\"https:\\\/\\\/exaudi.org\\\/es\\\/papa-francisco-adorador-nocturno-de-joven-2021\\\/#article\",\"isPartOf\":{\"@id\":\"https:\\\/\\\/exaudi.org\\\/es\\\/papa-francisco-adorador-nocturno-de-joven-2021\\\/\"},\"author\":{\"name\":\"Gabriel Sales\",\"@id\":\"https:\\\/\\\/exaudi.org\\\/#\\\/schema\\\/person\\\/d134b96438278131ce90c90c03fda6cd\"},\"headline\":\"Papa Francisco, adorador nocturno del Sant\u00edsimo Sacramento de joven\",\"datePublished\":\"2021-04-08T12:50:57+00:00\",\"dateModified\":\"2021-04-08T14:55:29+00:00\",\"mainEntityOfPage\":{\"@id\":\"https:\\\/\\\/exaudi.org\\\/es\\\/papa-francisco-adorador-nocturno-de-joven-2021\\\/\"},\"wordCount\":1016,\"image\":{\"@id\":\"https:\\\/\\\/exaudi.org\\\/es\\\/papa-francisco-adorador-nocturno-de-joven-2021\\\/#primaryimage\"},\"thumbnailUrl\":\"https:\\\/\\\/exaudi.org\\\/wp-content\\\/uploads\\\/2021\\\/04\\\/cq5dam.thumbnail.cropped.1500.844-1.jpeg\",\"keywords\":[\"Adoraci\u00f3n Nocturna\",\"Alfa y Omega\",\"papa francisco\",\"Sant\u00edsimo Sacramento\"],\"articleSection\":[\"\u00daltimas noticias\"],\"inLanguage\":\"es\"},{\"@type\":\"WebPage\",\"@id\":\"https:\\\/\\\/exaudi.org\\\/es\\\/papa-francisco-adorador-nocturno-de-joven-2021\\\/\",\"url\":\"https:\\\/\\\/exaudi.org\\\/es\\\/papa-francisco-adorador-nocturno-de-joven-2021\\\/\",\"name\":\"Papa Francisco, adorador nocturno del Sant\u00edsimo Sacramento de joven\",\"isPartOf\":{\"@id\":\"https:\\\/\\\/exaudi.org\\\/#website\"},\"primaryImageOfPage\":{\"@id\":\"https:\\\/\\\/exaudi.org\\\/es\\\/papa-francisco-adorador-nocturno-de-joven-2021\\\/#primaryimage\"},\"image\":{\"@id\":\"https:\\\/\\\/exaudi.org\\\/es\\\/papa-francisco-adorador-nocturno-de-joven-2021\\\/#primaryimage\"},\"thumbnailUrl\":\"https:\\\/\\\/exaudi.org\\\/wp-content\\\/uploads\\\/2021\\\/04\\\/cq5dam.thumbnail.cropped.1500.844-1.jpeg\",\"datePublished\":\"2021-04-08T12:50:57+00:00\",\"dateModified\":\"2021-04-08T14:55:29+00:00\",\"author\":{\"@id\":\"https:\\\/\\\/exaudi.org\\\/#\\\/schema\\\/person\\\/d134b96438278131ce90c90c03fda6cd\"},\"description\":\"Alfa y Omega publica la carta que el Papa Francisco envi\u00f3 a la publicaci\u00f3n, muestra de que el Santo Padre fue un adorador nocturno de joven.\",\"breadcrumb\":{\"@id\":\"https:\\\/\\\/exaudi.org\\\/es\\\/papa-francisco-adorador-nocturno-de-joven-2021\\\/#breadcrumb\"},\"inLanguage\":\"es\",\"potentialAction\":[{\"@type\":\"ReadAction\",\"target\":[\"https:\\\/\\\/exaudi.org\\\/es\\\/papa-francisco-adorador-nocturno-de-joven-2021\\\/\"]}]},{\"@type\":\"ImageObject\",\"inLanguage\":\"es\",\"@id\":\"https:\\\/\\\/exaudi.org\\\/es\\\/papa-francisco-adorador-nocturno-de-joven-2021\\\/#primaryimage\",\"url\":\"https:\\\/\\\/exaudi.org\\\/wp-content\\\/uploads\\\/2021\\\/04\\\/cq5dam.thumbnail.cropped.1500.844-1.jpeg\",\"contentUrl\":\"https:\\\/\\\/exaudi.org\\\/wp-content\\\/uploads\\\/2021\\\/04\\\/cq5dam.thumbnail.cropped.1500.844-1.jpeg\",\"width\":1500,\"height\":844,\"caption\":\"Papa Francisco \u00a9 Vatican Media\"},{\"@type\":\"BreadcrumbList\",\"@id\":\"https:\\\/\\\/exaudi.org\\\/es\\\/papa-francisco-adorador-nocturno-de-joven-2021\\\/#breadcrumb\",\"itemListElement\":[{\"@type\":\"ListItem\",\"position\":1,\"name\":\"Portada\",\"item\":\"https:\\\/\\\/exaudi.org\\\/es\\\/\"},{\"@type\":\"ListItem\",\"position\":2,\"name\":\"Papa Francisco, adorador nocturno del Sant\u00edsimo Sacramento de joven\"}]},{\"@type\":\"WebSite\",\"@id\":\"https:\\\/\\\/exaudi.org\\\/#website\",\"url\":\"https:\\\/\\\/exaudi.org\\\/\",\"name\":\"Exaudi\",\"description\":\"News\",\"potentialAction\":[{\"@type\":\"SearchAction\",\"target\":{\"@type\":\"EntryPoint\",\"urlTemplate\":\"https:\\\/\\\/exaudi.org\\\/?s={search_term_string}\"},\"query-input\":{\"@type\":\"PropertyValueSpecification\",\"valueRequired\":true,\"valueName\":\"search_term_string\"}}],\"inLanguage\":\"es\"},{\"@type\":\"Person\",\"@id\":\"https:\\\/\\\/exaudi.org\\\/#\\\/schema\\\/person\\\/d134b96438278131ce90c90c03fda6cd\",\"name\":\"Gabriel Sales\",\"image\":{\"@type\":\"ImageObject\",\"inLanguage\":\"es\",\"@id\":\"https:\\\/\\\/secure.gravatar.com\\\/avatar\\\/9b1269566f6a063ed26ffb3532b66a373cdde231ce5d0effb266167437fdaffd?s=96&d=mm&r=g\",\"url\":\"https:\\\/\\\/secure.gravatar.com\\\/avatar\\\/9b1269566f6a063ed26ffb3532b66a373cdde231ce5d0effb266167437fdaffd?s=96&d=mm&r=g\",\"contentUrl\":\"https:\\\/\\\/secure.gravatar.com\\\/avatar\\\/9b1269566f6a063ed26ffb3532b66a373cdde231ce5d0effb266167437fdaffd?s=96&d=mm&r=g\",\"caption\":\"Gabriel Sales\"},\"description\":\"Periodista y especialista en Comunicaci\u00f3n y Branding digital. Cin\u00e9filo y cr\u00edtico de cine y series de televisi\u00f3n.\",\"sameAs\":[\"https:\\\/\\\/www.instagram.com\\\/cine90segundos\\\/\",\"www.linkedin.com\\\/in\\\/habemusman\",\"https:\\\/\\\/x.com\\\/habemusman\",\"https:\\\/\\\/www.youtube.com\\\/channel\\\/UCVfCiOMkJ_C7T7OpyjuaLDg\"],\"url\":\"https:\\\/\\\/exaudi.org\\\/es\\\/author\\\/gsalesexaudi-org\\\/\"}]}<\/script>\n<!-- \/ Yoast SEO plugin. -->","yoast_head_json":{"title":"Papa Francisco, adorador nocturno del Sant\u00edsimo Sacramento de joven","description":"Alfa y Omega publica la carta que el Papa Francisco envi\u00f3 a la publicaci\u00f3n, muestra de que el Santo Padre fue un adorador nocturno de joven.","robots":{"index":"index","follow":"follow","max-snippet":"max-snippet:-1","max-image-preview":"max-image-preview:large","max-video-preview":"max-video-preview:-1"},"canonical":"https:\/\/exaudi.org\/es\/papa-francisco-adorador-nocturno-de-joven-2021\/","og_locale":"es_ES","og_type":"article","og_title":"Papa Francisco, adorador nocturno del Sant\u00edsimo Sacramento de joven","og_description":"Alfa y Omega publica la carta que el Papa Francisco envi\u00f3 a la publicaci\u00f3n, muestra de que el Santo Padre fue un adorador nocturno de joven.","og_url":"https:\/\/exaudi.org\/es\/papa-francisco-adorador-nocturno-de-joven-2021\/","og_site_name":"Exaudi","article_publisher":"https:\/\/www.facebook.com\/ExaudiNews","article_published_time":"2021-04-08T12:50:57+00:00","article_modified_time":"2021-04-08T14:55:29+00:00","og_image":[{"width":1500,"height":844,"url":"https:\/\/exaudi.org\/wp-content\/uploads\/2021\/04\/cq5dam.thumbnail.cropped.1500.844-1.jpeg","type":"image\/jpeg"}],"author":"Gabriel Sales","twitter_card":"summary_large_image","twitter_creator":"@habemusman","twitter_site":"@Exaudi_News","twitter_misc":{"Escrito por":"Gabriel Sales","Tiempo de lectura":"5 minutos"},"schema":{"@context":"https:\/\/schema.org","@graph":[{"@type":"Article","@id":"https:\/\/exaudi.org\/es\/papa-francisco-adorador-nocturno-de-joven-2021\/#article","isPartOf":{"@id":"https:\/\/exaudi.org\/es\/papa-francisco-adorador-nocturno-de-joven-2021\/"},"author":{"name":"Gabriel Sales","@id":"https:\/\/exaudi.org\/#\/schema\/person\/d134b96438278131ce90c90c03fda6cd"},"headline":"Papa Francisco, adorador nocturno del Sant\u00edsimo Sacramento de joven","datePublished":"2021-04-08T12:50:57+00:00","dateModified":"2021-04-08T14:55:29+00:00","mainEntityOfPage":{"@id":"https:\/\/exaudi.org\/es\/papa-francisco-adorador-nocturno-de-joven-2021\/"},"wordCount":1016,"image":{"@id":"https:\/\/exaudi.org\/es\/papa-francisco-adorador-nocturno-de-joven-2021\/#primaryimage"},"thumbnailUrl":"https:\/\/exaudi.org\/wp-content\/uploads\/2021\/04\/cq5dam.thumbnail.cropped.1500.844-1.jpeg","keywords":["Adoraci\u00f3n Nocturna","Alfa y Omega","papa francisco","Sant\u00edsimo Sacramento"],"articleSection":["\u00daltimas noticias"],"inLanguage":"es"},{"@type":"WebPage","@id":"https:\/\/exaudi.org\/es\/papa-francisco-adorador-nocturno-de-joven-2021\/","url":"https:\/\/exaudi.org\/es\/papa-francisco-adorador-nocturno-de-joven-2021\/","name":"Papa Francisco, adorador nocturno del Sant\u00edsimo Sacramento de joven","isPartOf":{"@id":"https:\/\/exaudi.org\/#website"},"primaryImageOfPage":{"@id":"https:\/\/exaudi.org\/es\/papa-francisco-adorador-nocturno-de-joven-2021\/#primaryimage"},"image":{"@id":"https:\/\/exaudi.org\/es\/papa-francisco-adorador-nocturno-de-joven-2021\/#primaryimage"},"thumbnailUrl":"https:\/\/exaudi.org\/wp-content\/uploads\/2021\/04\/cq5dam.thumbnail.cropped.1500.844-1.jpeg","datePublished":"2021-04-08T12:50:57+00:00","dateModified":"2021-04-08T14:55:29+00:00","author":{"@id":"https:\/\/exaudi.org\/#\/schema\/person\/d134b96438278131ce90c90c03fda6cd"},"description":"Alfa y Omega publica la carta que el Papa Francisco envi\u00f3 a la publicaci\u00f3n, muestra de que el Santo Padre fue un adorador nocturno de joven.","breadcrumb":{"@id":"https:\/\/exaudi.org\/es\/papa-francisco-adorador-nocturno-de-joven-2021\/#breadcrumb"},"inLanguage":"es","potentialAction":[{"@type":"ReadAction","target":["https:\/\/exaudi.org\/es\/papa-francisco-adorador-nocturno-de-joven-2021\/"]}]},{"@type":"ImageObject","inLanguage":"es","@id":"https:\/\/exaudi.org\/es\/papa-francisco-adorador-nocturno-de-joven-2021\/#primaryimage","url":"https:\/\/exaudi.org\/wp-content\/uploads\/2021\/04\/cq5dam.thumbnail.cropped.1500.844-1.jpeg","contentUrl":"https:\/\/exaudi.org\/wp-content\/uploads\/2021\/04\/cq5dam.thumbnail.cropped.1500.844-1.jpeg","width":1500,"height":844,"caption":"Papa Francisco \u00a9 Vatican Media"},{"@type":"BreadcrumbList","@id":"https:\/\/exaudi.org\/es\/papa-francisco-adorador-nocturno-de-joven-2021\/#breadcrumb","itemListElement":[{"@type":"ListItem","position":1,"name":"Portada","item":"https:\/\/exaudi.org\/es\/"},{"@type":"ListItem","position":2,"name":"Papa Francisco, adorador nocturno del Sant\u00edsimo Sacramento de joven"}]},{"@type":"WebSite","@id":"https:\/\/exaudi.org\/#website","url":"https:\/\/exaudi.org\/","name":"Exaudi","description":"News","potentialAction":[{"@type":"SearchAction","target":{"@type":"EntryPoint","urlTemplate":"https:\/\/exaudi.org\/?s={search_term_string}"},"query-input":{"@type":"PropertyValueSpecification","valueRequired":true,"valueName":"search_term_string"}}],"inLanguage":"es"},{"@type":"Person","@id":"https:\/\/exaudi.org\/#\/schema\/person\/d134b96438278131ce90c90c03fda6cd","name":"Gabriel Sales","image":{"@type":"ImageObject","inLanguage":"es","@id":"https:\/\/secure.gravatar.com\/avatar\/9b1269566f6a063ed26ffb3532b66a373cdde231ce5d0effb266167437fdaffd?s=96&d=mm&r=g","url":"https:\/\/secure.gravatar.com\/avatar\/9b1269566f6a063ed26ffb3532b66a373cdde231ce5d0effb266167437fdaffd?s=96&d=mm&r=g","contentUrl":"https:\/\/secure.gravatar.com\/avatar\/9b1269566f6a063ed26ffb3532b66a373cdde231ce5d0effb266167437fdaffd?s=96&d=mm&r=g","caption":"Gabriel Sales"},"description":"Periodista y especialista en Comunicaci\u00f3n y Branding digital. Cin\u00e9filo y cr\u00edtico de cine y series de televisi\u00f3n.","sameAs":["https:\/\/www.instagram.com\/cine90segundos\/","www.linkedin.com\/in\/habemusman","https:\/\/x.com\/habemusman","https:\/\/www.youtube.com\/channel\/UCVfCiOMkJ_C7T7OpyjuaLDg"],"url":"https:\/\/exaudi.org\/es\/author\/gsalesexaudi-org\/"}]}},"jetpack_featured_media_url":"https:\/\/exaudi.org\/wp-content\/uploads\/2021\/04\/cq5dam.thumbnail.cropped.1500.844-1.jpeg","jetpack_shortlink":"https:\/\/wp.me\/pgKjF2-2Mw","_links":{"self":[{"href":"https:\/\/exaudi.org\/es\/wp-json\/wp\/v2\/posts\/10696","targetHints":{"allow":["GET"]}}],"collection":[{"href":"https:\/\/exaudi.org\/es\/wp-json\/wp\/v2\/posts"}],"about":[{"href":"https:\/\/exaudi.org\/es\/wp-json\/wp\/v2\/types\/post"}],"author":[{"embeddable":true,"href":"https:\/\/exaudi.org\/es\/wp-json\/wp\/v2\/users\/6"}],"replies":[{"embeddable":true,"href":"https:\/\/exaudi.org\/es\/wp-json\/wp\/v2\/comments?post=10696"}],"version-history":[{"count":0,"href":"https:\/\/exaudi.org\/es\/wp-json\/wp\/v2\/posts\/10696\/revisions"}],"wp:featuredmedia":[{"embeddable":true,"href":"https:\/\/exaudi.org\/es\/wp-json\/wp\/v2\/media\/10730"}],"wp:attachment":[{"href":"https:\/\/exaudi.org\/es\/wp-json\/wp\/v2\/media?parent=10696"}],"wp:term":[{"taxonomy":"category","embeddable":true,"href":"https:\/\/exaudi.org\/es\/wp-json\/wp\/v2\/categories?post=10696"},{"taxonomy":"post_tag","embeddable":true,"href":"https:\/\/exaudi.org\/es\/wp-json\/wp\/v2\/tags?post=10696"}],"curies":[{"name":"wp","href":"https:\/\/api.w.org\/{rel}","templated":true}]}}