{"id":106721,"date":"2024-08-20T09:00:33","date_gmt":"2024-08-20T07:00:33","guid":{"rendered":"https:\/\/exaudi.org\/?p=106721"},"modified":"2024-08-20T09:37:53","modified_gmt":"2024-08-20T07:37:53","slug":"el-arte-de-alimentar-el-alma","status":"publish","type":"post","link":"https:\/\/exaudi.org\/es\/el-arte-de-alimentar-el-alma\/","title":{"rendered":"El arte de alimentar el alma"},"content":{"rendered":"<div class=\"adn ads\" data-message-id=\"#msg-f:1807802864425892118\" data-legacy-message-id=\"19169b208609f916\">\n<div class=\"gs\">\n<div class=\"\">\n<div id=\":1bw\" class=\"ii gt\">\n<div id=\":1bx\" class=\"a3s aiL \">\n<div dir=\"auto\">\n<div dir=\"auto\">Imagina que, en una sola comida, consumes todas las calor\u00edas que necesitas para todo el d\u00eda; ahora traslada esta idea a tu vida espiritual. De manera ocasional, esto no supone un problema, pero si se convierte en un h\u00e1bito, podr\u00edas perder la capacidad de apreciar plenamente esos actos de piedad. No ser\u00edas capaz de estar completamente atento ni de vivirlos con la misma intensidad que si los distribuyes a lo largo del d\u00eda.<\/div>\n<div dir=\"auto\"><\/div>\n<div dir=\"auto\">Los padres de familia, con sus agendas llenas de actividades extraescolares, citas m\u00e9dicas y tareas del hogar, corren el riesgo de concentrar todas sus pr\u00e1cticas espirituales en un solo momento del d\u00eda. Es comprensible que, a veces, con ni\u00f1os peque\u00f1os, no haya otra opci\u00f3n, pero este enfoque puede tener algunas limitaciones, similares a comer una vez al d\u00eda. Si bien ocasionalmente puede funcionar, si se convierte en la norma, corremos el riesgo de desvalorizar estos actos de devoci\u00f3n y de no vivirlos con la atenci\u00f3n e intensidad que merecen.<\/div>\n<h3 dir=\"auto\"><strong>Beneficios de distribuir las actividades de piedad<\/strong><\/h3>\n<div dir=\"auto\">La frecuencia y regularidad en nuestras actividades espirituales nos permiten profundizar m\u00e1s en ellas y apreciar mejor lo que aportan a nuestra vida diaria. Si hacemos varias pr\u00e1cticas de piedad de una sola vez, es probable que caigamos en la rutina y las realicemos de forma autom\u00e1tica. Adem\u00e1s, podr\u00edamos agotarnos espiritualmente, sin la energ\u00eda necesaria para enfrentar desaf\u00edos posteriores. Aunque sabemos que lo perfecto puede ser enemigo de lo bueno, durante esta Cuaresma podr\u00edamos intentar distribuir nuestras pr\u00e1cticas de piedad a lo largo del d\u00eda, desde la ma\u00f1ana hasta la noche. De esta manera, se convertir\u00e1n en un cable que nos mantenga conectados con los planes de Dios.<\/div>\n<h3 dir=\"auto\"><strong>Ofrecimientos continuos<\/strong><\/h3>\n<div dir=\"auto\">Comenzar el d\u00eda con un ofrecimiento de obras es como abrir la puerta a un d\u00eda lleno de bendiciones. A media ma\u00f1ana, si el d\u00eda se ha complicado, podemos reorientarlo rezando el \u00c1ngelus, pidiendo a nuestra Madre que nos gu\u00ede y nos d\u00e9 paz en medio de las dificultades.<\/div>\n<ol>\n<li dir=\"auto\"><strong>El Santo Rosario:<\/strong> Encontrar un momento en el d\u00eda para rezar el Santo Rosario, encomendando a nuestra familia, es una defensa poderosa. Con esta pr\u00e1ctica, protegemos a nuestros seres queridos mejor que con cualquier otra medida.<\/li>\n<li dir=\"auto\"><strong>La Santa Misa:<\/strong> Asistir a la Santa Misa da a nuestro d\u00eda un sentido de eternidad. Es una oportunidad para adorar al Se\u00f1or, agradecerle sus bendiciones, reparar nuestros errores y permitir que nuestras oraciones lleguen a Dios Padre.<\/li>\n<li dir=\"auto\"><strong>Organizar y delegar:<\/strong> Distribuir nuestras normas de piedad a lo largo del d\u00eda nos ayuda a mantener el equilibrio espiritual. Con esta organizaci\u00f3n, podremos recuperar la paz o llenarnos de paciencia para afrontar los retos del d\u00eda. Colocar nuestras metas espirituales de manera estrat\u00e9gica nos asegura tener la energ\u00eda necesaria durante todo el d\u00eda. \u00bfPor qu\u00e9 no permitir que la gracia de Dios impregne cada momento de nuestra jornada?<\/li>\n<\/ol>\n<\/div>\n<\/div>\n<\/div>\n<\/div>\n<\/div>\n<\/div>\n","protected":false},"excerpt":{"rendered":"<p>Distribuir tus pr\u00e1cticas espirituales a lo largo del d\u00eda para mantener la conexi\u00f3n con Dios<\/p>\n","protected":false},"author":148,"featured_media":106722,"comment_status":"closed","ping_status":"closed","sticky":false,"template":"","format":"standard","meta":{"_acf_changed":false,"_crdt_document":"","inline_featured_image":false,"footnotes":""},"categories":[130],"tags":[22615,8551,191,22612,913,22617,15214,175,22614,22618,22619,2419,22623,21881,177,22620,676,20811,22621,22613,5083,17249,22622,22616,2000,704,9705,15380],"class_list":["post-106721","post","type-post","status-publish","format-standard","has-post-thumbnail","hentry","category-voces","tag-alimentar-el-alma","tag-alma","tag-angelus","tag-aprovechamiento-del-tiempo","tag-bendiciones","tag-conexion-con-dios","tag-crecimiento-espiritual","tag-cuaresma","tag-delegar","tag-devocion-diaria","tag-equilibrio-espiritual","tag-featured","tag-gracias-de-dios","tag-mar-dorrio","tag-misa","tag-ofrecimiento-de-obras","tag-oracion","tag-oracion-diaria","tag-organizacion-espiritual","tag-organizar","tag-paciencia","tag-padres-de-familia","tag-piedad-diaria","tag-practicas-espirituales","tag-rosario-es","tag-santa-misa","tag-santo-rosario","tag-vida-espiritual"],"acf":[],"yoast_head":"<!-- This site is optimized with the Yoast SEO plugin v27.4 - https:\/\/yoast.com\/product\/yoast-seo-wordpress\/ -->\n<title>El arte de alimentar el alma &#8211; Exaudi<\/title>\n<meta name=\"robots\" content=\"index, follow, max-snippet:-1, max-image-preview:large, max-video-preview:-1\" \/>\n<link rel=\"canonical\" href=\"https:\/\/exaudi.org\/es\/el-arte-de-alimentar-el-alma\/\" \/>\n<meta property=\"og:locale\" content=\"es_ES\" \/>\n<meta property=\"og:type\" content=\"article\" \/>\n<meta property=\"og:title\" content=\"El arte de alimentar el alma &#8211; Exaudi\" \/>\n<meta property=\"og:description\" content=\"Distribuir tus pr\u00e1cticas espirituales a lo largo del d\u00eda para mantener la conexi\u00f3n con Dios\" \/>\n<meta property=\"og:url\" content=\"https:\/\/exaudi.org\/es\/el-arte-de-alimentar-el-alma\/\" \/>\n<meta property=\"og:site_name\" content=\"Exaudi\" \/>\n<meta property=\"article:publisher\" content=\"https:\/\/www.facebook.com\/ExaudiNews\" \/>\n<meta property=\"article:published_time\" content=\"2024-08-20T07:00:33+00:00\" \/>\n<meta property=\"article:modified_time\" content=\"2024-08-20T07:37:53+00:00\" \/>\n<meta property=\"og:image\" content=\"https:\/\/exaudi.org\/wp-content\/uploads\/2024\/08\/pexels-anete-lusina-4792286-scaled.jpg\" \/>\n\t<meta property=\"og:image:width\" content=\"2560\" \/>\n\t<meta property=\"og:image:height\" content=\"1709\" \/>\n\t<meta property=\"og:image:type\" content=\"image\/jpeg\" \/>\n<meta name=\"author\" content=\"Mar Dorrio\" \/>\n<meta name=\"twitter:card\" content=\"summary_large_image\" \/>\n<meta name=\"twitter:creator\" content=\"@Exaudi_News\" \/>\n<meta name=\"twitter:site\" content=\"@Exaudi_News\" \/>\n<meta name=\"twitter:label1\" content=\"Escrito por\" \/>\n\t<meta name=\"twitter:data1\" content=\"Mar Dorrio\" \/>\n\t<meta name=\"twitter:label2\" content=\"Tiempo de lectura\" \/>\n\t<meta name=\"twitter:data2\" content=\"3 minutos\" \/>\n<script type=\"application\/ld+json\" class=\"yoast-schema-graph\">{\"@context\":\"https:\\\/\\\/schema.org\",\"@graph\":[{\"@type\":\"Article\",\"@id\":\"https:\\\/\\\/exaudi.org\\\/es\\\/el-arte-de-alimentar-el-alma\\\/#article\",\"isPartOf\":{\"@id\":\"https:\\\/\\\/exaudi.org\\\/es\\\/el-arte-de-alimentar-el-alma\\\/\"},\"author\":{\"name\":\"Mar Dorrio\",\"@id\":\"https:\\\/\\\/exaudi.org\\\/#\\\/schema\\\/person\\\/190063d92b4c81e4169e81af30a8b9db\"},\"headline\":\"El arte de alimentar el alma\",\"datePublished\":\"2024-08-20T07:00:33+00:00\",\"dateModified\":\"2024-08-20T07:37:53+00:00\",\"mainEntityOfPage\":{\"@id\":\"https:\\\/\\\/exaudi.org\\\/es\\\/el-arte-de-alimentar-el-alma\\\/\"},\"wordCount\":519,\"image\":{\"@id\":\"https:\\\/\\\/exaudi.org\\\/es\\\/el-arte-de-alimentar-el-alma\\\/#primaryimage\"},\"thumbnailUrl\":\"https:\\\/\\\/exaudi.org\\\/wp-content\\\/uploads\\\/2024\\\/08\\\/pexels-anete-lusina-4792286-scaled.jpg\",\"keywords\":[\"alimentar el alma\",\"Alma\",\"\u00e1ngelus\",\"Aprovechamiento del tiempo\",\"bendiciones\",\"conexi\u00f3n con Dios\",\"crecimiento espiritual\",\"cuaresma\",\"Delegar\",\"devoci\u00f3n diaria\",\"equilibrio espiritual\",\"Featured\",\"gracias de Dios\",\"Mar Dorrio\",\"misa\",\"ofrecimiento de obras\",\"Oraci\u00f3n\",\"oraci\u00f3n diaria\",\"organizaci\u00f3n espiritual\",\"Organizar\",\"Paciencia\",\"padres de familia\",\"piedad diaria\",\"pr\u00e1cticas espirituales\",\"Rosario\",\"Santa Misa\",\"Santo Rosario\",\"Vida espiritual\"],\"articleSection\":[\"Voces\"],\"inLanguage\":\"es\"},{\"@type\":\"WebPage\",\"@id\":\"https:\\\/\\\/exaudi.org\\\/es\\\/el-arte-de-alimentar-el-alma\\\/\",\"url\":\"https:\\\/\\\/exaudi.org\\\/es\\\/el-arte-de-alimentar-el-alma\\\/\",\"name\":\"El arte de alimentar el alma &#8211; Exaudi\",\"isPartOf\":{\"@id\":\"https:\\\/\\\/exaudi.org\\\/#website\"},\"primaryImageOfPage\":{\"@id\":\"https:\\\/\\\/exaudi.org\\\/es\\\/el-arte-de-alimentar-el-alma\\\/#primaryimage\"},\"image\":{\"@id\":\"https:\\\/\\\/exaudi.org\\\/es\\\/el-arte-de-alimentar-el-alma\\\/#primaryimage\"},\"thumbnailUrl\":\"https:\\\/\\\/exaudi.org\\\/wp-content\\\/uploads\\\/2024\\\/08\\\/pexels-anete-lusina-4792286-scaled.jpg\",\"datePublished\":\"2024-08-20T07:00:33+00:00\",\"dateModified\":\"2024-08-20T07:37:53+00:00\",\"author\":{\"@id\":\"https:\\\/\\\/exaudi.org\\\/#\\\/schema\\\/person\\\/190063d92b4c81e4169e81af30a8b9db\"},\"breadcrumb\":{\"@id\":\"https:\\\/\\\/exaudi.org\\\/es\\\/el-arte-de-alimentar-el-alma\\\/#breadcrumb\"},\"inLanguage\":\"es\",\"potentialAction\":[{\"@type\":\"ReadAction\",\"target\":[\"https:\\\/\\\/exaudi.org\\\/es\\\/el-arte-de-alimentar-el-alma\\\/\"]}]},{\"@type\":\"ImageObject\",\"inLanguage\":\"es\",\"@id\":\"https:\\\/\\\/exaudi.org\\\/es\\\/el-arte-de-alimentar-el-alma\\\/#primaryimage\",\"url\":\"https:\\\/\\\/exaudi.org\\\/wp-content\\\/uploads\\\/2024\\\/08\\\/pexels-anete-lusina-4792286-scaled.jpg\",\"contentUrl\":\"https:\\\/\\\/exaudi.org\\\/wp-content\\\/uploads\\\/2024\\\/08\\\/pexels-anete-lusina-4792286-scaled.jpg\",\"width\":2560,\"height\":1709},{\"@type\":\"BreadcrumbList\",\"@id\":\"https:\\\/\\\/exaudi.org\\\/es\\\/el-arte-de-alimentar-el-alma\\\/#breadcrumb\",\"itemListElement\":[{\"@type\":\"ListItem\",\"position\":1,\"name\":\"Portada\",\"item\":\"https:\\\/\\\/exaudi.org\\\/es\\\/\"},{\"@type\":\"ListItem\",\"position\":2,\"name\":\"El arte de alimentar el alma\"}]},{\"@type\":\"WebSite\",\"@id\":\"https:\\\/\\\/exaudi.org\\\/#website\",\"url\":\"https:\\\/\\\/exaudi.org\\\/\",\"name\":\"Exaudi\",\"description\":\"News\",\"potentialAction\":[{\"@type\":\"SearchAction\",\"target\":{\"@type\":\"EntryPoint\",\"urlTemplate\":\"https:\\\/\\\/exaudi.org\\\/?s={search_term_string}\"},\"query-input\":{\"@type\":\"PropertyValueSpecification\",\"valueRequired\":true,\"valueName\":\"search_term_string\"}}],\"inLanguage\":\"es\"},{\"@type\":\"Person\",\"@id\":\"https:\\\/\\\/exaudi.org\\\/#\\\/schema\\\/person\\\/190063d92b4c81e4169e81af30a8b9db\",\"name\":\"Mar Dorrio\",\"image\":{\"@type\":\"ImageObject\",\"inLanguage\":\"es\",\"@id\":\"https:\\\/\\\/secure.gravatar.com\\\/avatar\\\/e83dfcdce3efd6639efe212c38daa01e5377afde4390bfc27b30d803ee0b7fa5?s=96&d=mm&r=g\",\"url\":\"https:\\\/\\\/secure.gravatar.com\\\/avatar\\\/e83dfcdce3efd6639efe212c38daa01e5377afde4390bfc27b30d803ee0b7fa5?s=96&d=mm&r=g\",\"contentUrl\":\"https:\\\/\\\/secure.gravatar.com\\\/avatar\\\/e83dfcdce3efd6639efe212c38daa01e5377afde4390bfc27b30d803ee0b7fa5?s=96&d=mm&r=g\",\"caption\":\"Mar Dorrio\"},\"description\":\"Ser madre de 12 hijos hace que tenga experiencia en psicolog\u00eda, enfermer\u00eda, restauraci\u00f3n, decoraci\u00f3n, organizaci\u00f3n de eventos, coaching de superaci\u00f3n... Y todo regado con la capacidad de trabajo que te da estar disponible las 24 horas del d\u00eda durante 25 a\u00f1os. Con la ilusi\u00f3n de compartir tantas vivencias, cre\u00e9 la cuenta @whynottwelve, actualmente con m\u00e1s de 11.000 seguidores, y la actividad sin \u00e1nimo de lucro \\\"Caf\u00e9 de los Viernes\\\", que consiste en la organizaci\u00f3n de caf\u00e9s simult\u00e1neos en casas particulares de diversas ciudades del mundo, en los que se ofrece, a trav\u00e9s de internet, un testimonio que pretende ayudar a los participantes a acercarse a Dios y a mejorar sus vidas.\",\"sameAs\":[\"https:\\\/\\\/www.instagram.com\\\/whynottwelve\\\/?hl=es\",\"https:\\\/youtu.be\\\/_QDuXCRFK4\"],\"url\":\"https:\\\/\\\/exaudi.org\\\/es\\\/author\\\/mar-dorrio\\\/\"}]}<\/script>\n<!-- \/ Yoast SEO plugin. -->","yoast_head_json":{"title":"El arte de alimentar el alma &#8211; Exaudi","robots":{"index":"index","follow":"follow","max-snippet":"max-snippet:-1","max-image-preview":"max-image-preview:large","max-video-preview":"max-video-preview:-1"},"canonical":"https:\/\/exaudi.org\/es\/el-arte-de-alimentar-el-alma\/","og_locale":"es_ES","og_type":"article","og_title":"El arte de alimentar el alma &#8211; Exaudi","og_description":"Distribuir tus pr\u00e1cticas espirituales a lo largo del d\u00eda para mantener la conexi\u00f3n con Dios","og_url":"https:\/\/exaudi.org\/es\/el-arte-de-alimentar-el-alma\/","og_site_name":"Exaudi","article_publisher":"https:\/\/www.facebook.com\/ExaudiNews","article_published_time":"2024-08-20T07:00:33+00:00","article_modified_time":"2024-08-20T07:37:53+00:00","og_image":[{"width":2560,"height":1709,"url":"https:\/\/exaudi.org\/wp-content\/uploads\/2024\/08\/pexels-anete-lusina-4792286-scaled.jpg","type":"image\/jpeg"}],"author":"Mar Dorrio","twitter_card":"summary_large_image","twitter_creator":"@Exaudi_News","twitter_site":"@Exaudi_News","twitter_misc":{"Escrito por":"Mar Dorrio","Tiempo de lectura":"3 minutos"},"schema":{"@context":"https:\/\/schema.org","@graph":[{"@type":"Article","@id":"https:\/\/exaudi.org\/es\/el-arte-de-alimentar-el-alma\/#article","isPartOf":{"@id":"https:\/\/exaudi.org\/es\/el-arte-de-alimentar-el-alma\/"},"author":{"name":"Mar Dorrio","@id":"https:\/\/exaudi.org\/#\/schema\/person\/190063d92b4c81e4169e81af30a8b9db"},"headline":"El arte de alimentar el alma","datePublished":"2024-08-20T07:00:33+00:00","dateModified":"2024-08-20T07:37:53+00:00","mainEntityOfPage":{"@id":"https:\/\/exaudi.org\/es\/el-arte-de-alimentar-el-alma\/"},"wordCount":519,"image":{"@id":"https:\/\/exaudi.org\/es\/el-arte-de-alimentar-el-alma\/#primaryimage"},"thumbnailUrl":"https:\/\/exaudi.org\/wp-content\/uploads\/2024\/08\/pexels-anete-lusina-4792286-scaled.jpg","keywords":["alimentar el alma","Alma","\u00e1ngelus","Aprovechamiento del tiempo","bendiciones","conexi\u00f3n con Dios","crecimiento espiritual","cuaresma","Delegar","devoci\u00f3n diaria","equilibrio espiritual","Featured","gracias de Dios","Mar Dorrio","misa","ofrecimiento de obras","Oraci\u00f3n","oraci\u00f3n diaria","organizaci\u00f3n espiritual","Organizar","Paciencia","padres de familia","piedad diaria","pr\u00e1cticas espirituales","Rosario","Santa Misa","Santo Rosario","Vida espiritual"],"articleSection":["Voces"],"inLanguage":"es"},{"@type":"WebPage","@id":"https:\/\/exaudi.org\/es\/el-arte-de-alimentar-el-alma\/","url":"https:\/\/exaudi.org\/es\/el-arte-de-alimentar-el-alma\/","name":"El arte de alimentar el alma &#8211; Exaudi","isPartOf":{"@id":"https:\/\/exaudi.org\/#website"},"primaryImageOfPage":{"@id":"https:\/\/exaudi.org\/es\/el-arte-de-alimentar-el-alma\/#primaryimage"},"image":{"@id":"https:\/\/exaudi.org\/es\/el-arte-de-alimentar-el-alma\/#primaryimage"},"thumbnailUrl":"https:\/\/exaudi.org\/wp-content\/uploads\/2024\/08\/pexels-anete-lusina-4792286-scaled.jpg","datePublished":"2024-08-20T07:00:33+00:00","dateModified":"2024-08-20T07:37:53+00:00","author":{"@id":"https:\/\/exaudi.org\/#\/schema\/person\/190063d92b4c81e4169e81af30a8b9db"},"breadcrumb":{"@id":"https:\/\/exaudi.org\/es\/el-arte-de-alimentar-el-alma\/#breadcrumb"},"inLanguage":"es","potentialAction":[{"@type":"ReadAction","target":["https:\/\/exaudi.org\/es\/el-arte-de-alimentar-el-alma\/"]}]},{"@type":"ImageObject","inLanguage":"es","@id":"https:\/\/exaudi.org\/es\/el-arte-de-alimentar-el-alma\/#primaryimage","url":"https:\/\/exaudi.org\/wp-content\/uploads\/2024\/08\/pexels-anete-lusina-4792286-scaled.jpg","contentUrl":"https:\/\/exaudi.org\/wp-content\/uploads\/2024\/08\/pexels-anete-lusina-4792286-scaled.jpg","width":2560,"height":1709},{"@type":"BreadcrumbList","@id":"https:\/\/exaudi.org\/es\/el-arte-de-alimentar-el-alma\/#breadcrumb","itemListElement":[{"@type":"ListItem","position":1,"name":"Portada","item":"https:\/\/exaudi.org\/es\/"},{"@type":"ListItem","position":2,"name":"El arte de alimentar el alma"}]},{"@type":"WebSite","@id":"https:\/\/exaudi.org\/#website","url":"https:\/\/exaudi.org\/","name":"Exaudi","description":"News","potentialAction":[{"@type":"SearchAction","target":{"@type":"EntryPoint","urlTemplate":"https:\/\/exaudi.org\/?s={search_term_string}"},"query-input":{"@type":"PropertyValueSpecification","valueRequired":true,"valueName":"search_term_string"}}],"inLanguage":"es"},{"@type":"Person","@id":"https:\/\/exaudi.org\/#\/schema\/person\/190063d92b4c81e4169e81af30a8b9db","name":"Mar Dorrio","image":{"@type":"ImageObject","inLanguage":"es","@id":"https:\/\/secure.gravatar.com\/avatar\/e83dfcdce3efd6639efe212c38daa01e5377afde4390bfc27b30d803ee0b7fa5?s=96&d=mm&r=g","url":"https:\/\/secure.gravatar.com\/avatar\/e83dfcdce3efd6639efe212c38daa01e5377afde4390bfc27b30d803ee0b7fa5?s=96&d=mm&r=g","contentUrl":"https:\/\/secure.gravatar.com\/avatar\/e83dfcdce3efd6639efe212c38daa01e5377afde4390bfc27b30d803ee0b7fa5?s=96&d=mm&r=g","caption":"Mar Dorrio"},"description":"Ser madre de 12 hijos hace que tenga experiencia en psicolog\u00eda, enfermer\u00eda, restauraci\u00f3n, decoraci\u00f3n, organizaci\u00f3n de eventos, coaching de superaci\u00f3n... Y todo regado con la capacidad de trabajo que te da estar disponible las 24 horas del d\u00eda durante 25 a\u00f1os. Con la ilusi\u00f3n de compartir tantas vivencias, cre\u00e9 la cuenta @whynottwelve, actualmente con m\u00e1s de 11.000 seguidores, y la actividad sin \u00e1nimo de lucro \"Caf\u00e9 de los Viernes\", que consiste en la organizaci\u00f3n de caf\u00e9s simult\u00e1neos en casas particulares de diversas ciudades del mundo, en los que se ofrece, a trav\u00e9s de internet, un testimonio que pretende ayudar a los participantes a acercarse a Dios y a mejorar sus vidas.","sameAs":["https:\/\/www.instagram.com\/whynottwelve\/?hl=es","https:\/youtu.be\/_QDuXCRFK4"],"url":"https:\/\/exaudi.org\/es\/author\/mar-dorrio\/"}]}},"jetpack_featured_media_url":"https:\/\/exaudi.org\/wp-content\/uploads\/2024\/08\/pexels-anete-lusina-4792286-scaled.jpg","jetpack_shortlink":"https:\/\/wp.me\/pgKjF2-rLj","_links":{"self":[{"href":"https:\/\/exaudi.org\/es\/wp-json\/wp\/v2\/posts\/106721","targetHints":{"allow":["GET"]}}],"collection":[{"href":"https:\/\/exaudi.org\/es\/wp-json\/wp\/v2\/posts"}],"about":[{"href":"https:\/\/exaudi.org\/es\/wp-json\/wp\/v2\/types\/post"}],"author":[{"embeddable":true,"href":"https:\/\/exaudi.org\/es\/wp-json\/wp\/v2\/users\/148"}],"replies":[{"embeddable":true,"href":"https:\/\/exaudi.org\/es\/wp-json\/wp\/v2\/comments?post=106721"}],"version-history":[{"count":0,"href":"https:\/\/exaudi.org\/es\/wp-json\/wp\/v2\/posts\/106721\/revisions"}],"wp:featuredmedia":[{"embeddable":true,"href":"https:\/\/exaudi.org\/es\/wp-json\/wp\/v2\/media\/106722"}],"wp:attachment":[{"href":"https:\/\/exaudi.org\/es\/wp-json\/wp\/v2\/media?parent=106721"}],"wp:term":[{"taxonomy":"category","embeddable":true,"href":"https:\/\/exaudi.org\/es\/wp-json\/wp\/v2\/categories?post=106721"},{"taxonomy":"post_tag","embeddable":true,"href":"https:\/\/exaudi.org\/es\/wp-json\/wp\/v2\/tags?post=106721"}],"curies":[{"name":"wp","href":"https:\/\/api.w.org\/{rel}","templated":true}]}}