{"id":106429,"date":"2024-08-09T15:17:04","date_gmt":"2024-08-09T13:17:04","guid":{"rendered":"https:\/\/exaudi.org\/?p=106429"},"modified":"2024-08-09T15:32:20","modified_gmt":"2024-08-09T13:32:20","slug":"edith-stein-actualidad-de-una-mujer-de-un-pensamiento-y-de-una-experiencia","status":"publish","type":"post","link":"https:\/\/exaudi.org\/es\/edith-stein-actualidad-de-una-mujer-de-un-pensamiento-y-de-una-experiencia\/","title":{"rendered":"Edith Stein: actualidad de una mujer, de un pensamiento y de una experiencia"},"content":{"rendered":"<audio class=\"wp-audio-shortcode\" id=\"audio-106429-1\" preload=\"none\" style=\"width: 100%;\" controls=\"controls\"><source type=\"audio\/mpeg\" src=\"https:\/\/exaudi.org\/wp-content\/uploads\/2024\/08\/Edith-Stein-actualidad-de-una-mujer-de\u2026-.mp3?_=1\" \/><a href=\"https:\/\/exaudi.org\/wp-content\/uploads\/2024\/08\/Edith-Stein-actualidad-de-una-mujer-de\u2026-.mp3\">https:\/\/exaudi.org\/wp-content\/uploads\/2024\/08\/Edith-Stein-actualidad-de-una-mujer-de\u2026-.mp3<\/a><\/audio>\n<p>El 9 de agosto de 1942 santa Benedicta de la Cruz era ejecutada en el campo de concentraci\u00f3n de Auschwitz. Su vida, su pensamiento, y su espiritualidad se han vuelto un referente obligado para quien desea comprender el significado y la vocaci\u00f3n de la mujer en el mundo contempor\u00e1neo.<\/p>\n<p>Entrevistamos a Rodrigo Guerra, secretario de la Pontificia Comisi\u00f3n para Am\u00e9rica Latina, y fundador del Centro de Investigaci\u00f3n Social Avanzada (CISAV), sobre la importancia del testimonio de esta jud\u00eda conversa, carmelita descalza, fil\u00f3sofa y m\u00edstica.<\/p>\n<p><strong>EXAUDI: \u00bfC\u00f3mo conoci\u00f3 la vida y el pensamiento de Edith Stein?<\/strong><\/p>\n<p>RG: En el a\u00f1o de 1989 Fray Abelardo Lobato O.P. asisti\u00f3, para mi sorpresa, a una conferencia que ofrec\u00ed en el III Congreso Mundial de Filosof\u00eda Cristiana en Quito, Ecuador. Por aquellos a\u00f1os, apenas comenzaba con mis investigaciones sobre la forma de estudiar a la persona y su relacionalidad constitutiva utilizando una metaf\u00edsica fenomenol\u00f3gicamente reformulada. Al terminar mi exposici\u00f3n, se me acerc\u00f3 y me dijo, entre otras cosas, que deber\u00eda estudiar a Edith Stein. El hab\u00eda escrito un libro maravilloso intitulado: \u201cLa pregunta por la mujer\u201d (S\u00edgueme, Salamanca 1976) en el que presentaba la vida, el pensamiento y la filosof\u00eda sobre la mujer de Simon de Beauvoir, de Simone Weil y de Edith Stein. Lo le\u00ed y me produjo un fuerte impacto. Luego estudi\u00e9 la biograf\u00eda escrita por Teresia Renata Posselt OCD y comenc\u00e9 a reunir todo lo que en ese entonces se hab\u00eda publicado en espa\u00f1ol de la santa. As\u00ed fue el comienzo de un encuentro que a\u00fan no culmina y que siempre me llena de alegr\u00eda y de entusiasmo.<\/p>\n<p><strong>EXAUDI: \u00bfC\u00f3mo puede una persona iniciarse en el estudio de Edith Stein?<\/strong><\/p>\n<p>RG: A m\u00ed me sirvi\u00f3 mucho conocer su vida. Conociendo su historia personal uno puede entender mejor qu\u00e9 es lo que le preocupaba. Me he encontrado con algunas personas que estudian tal o cual texto de Stein pero sin esta aproximaci\u00f3n biogr\u00e1fica, y de repente, no logran captar que todo pensamiento se encuentra existencialmente motivado, es decir, no logran captar que su alta reflexi\u00f3n metaf\u00edsica no busca ser otra cosa que una meditaci\u00f3n sobre el significado de la vida real, y no un mero jugueteo conceptual.<\/p>\n<p><strong>EXAUDI: \u00bfQu\u00e9 biograf\u00edas nos recomendar\u00eda adem\u00e1s de la que ya mencion\u00f3 al inicio?<\/strong><\/p>\n<p>RG: Hay una biograf\u00eda peque\u00f1ita, pero muy buena, escrita por Waltraud Hersbrith, intitulada: \u201cEl verdadero rostro de Edith Stein\u201d (Encuentro, Madrid 1992). Tiene un m\u00e9rito particular: est\u00e1 escrita por una carmelita que posee dominio de la fenomenolog\u00eda y de la espiritualidad carmelitana. Existe otra, escrita por Francesco Salvarani: \u201cEdith Stein: hija de Israel y de la Iglesia\u201d (Palabra, Madrid 2012), que sigue con atenci\u00f3n las much\u00edsimas cartas que Edith escrib\u00eda a sus amigos. Y por supuesto, est\u00e1 la de Francisco Javier Sancho: \u201cEdith Stein, modelo y maestra de espiritualidad\u201d (Monte Carmelo, Burgos 1998). En todas ellas se explica bien c\u00f3mo el martirio de Edith Stein es un signo prof\u00e9tico que nos ayuda a esclarecer el hoy de la Historia.<\/p>\n<p><strong>EXAUDI: \u00bfQu\u00e9 aporta la filosof\u00eda de Edith Stein a la comprensi\u00f3n de la identidad femenina?<\/strong><\/p>\n<p>RG: Uno de los temas m\u00e1s apasionantes en la obra de Edith Stein es su reflexi\u00f3n sobre la mujer. Ella dice: \u201cestamos obligadas a plantearnos el problema de la propia realidad y de la propia vida. No podemos pasar de largo ante el problema qu\u00e9 somos y qu\u00e9 debemos ser\u201d. Var\u00f3n y mujer realizan la humanidad a su modo, como con una distinta modulaci\u00f3n. Para Edith Stein, es el alma la que configura al cuerpo con su determinaci\u00f3n sexual individual. Con ello, realiza una cr\u00edtica a las teor\u00edas que afirman que la sexualidad principalmente est\u00e1 asentada en la corporeidad. La persona femenina posee una configuraci\u00f3n interior que se expresa en lo exterior y que resulta complementaria a la masculina. Es esta realidad interior, an\u00edmico-espiritual, la que orienta a la mujer hacia al var\u00f3n y al var\u00f3n hacia la mujer. Dicho de otro modo, no es la mera instintividad biol\u00f3gica la que relaciona a las mujeres con los varones, y viceversa. Ambos estamos llamados a ordenarnos mutuamente, no a vivir en lucha de poder sino en verdadera vida comunitaria, que es siempre m\u00e1s que un aglomerado de cuerpos. La femineidad debe educarse para eclosionar adecuadamente. Edith Stein es consciente que existen formas alienadas y alienantes de ser-femenino. Por ejemplo, en el quehacer profesional, es preciso que la mujer permanezca mujer y no caiga t\u00e1cita o expl\u00edcitamente en la f\u00e1cil trampa de masculinizarse, de hacerse violenta o de hacerse vulgar, para intentar reivindicar su posici\u00f3n en la vida social. La mujer debe ser \u201cWahrheitsucher\u201d, buscadora de la verdad, de la propia verdad, antes que nada.<\/p>\n<p><strong>EXAUDI: \u00bfQu\u00e9 relevancia puede tener Edith Stein en Am\u00e9rica Latina y en Espa\u00f1a?<\/strong><\/p>\n<p>RG: Edith Stein puede parecer un interesante pero lejano caso para la vida de la sociedad y de la Iglesia en Am\u00e9rica Latina y Espa\u00f1a. Sin embargo, soy de los que piensan que alg\u00fan d\u00eda la Iglesia deber\u00e1 reconocer su persona como \u201cDoctora de la Iglesia\u201d ya que su ense\u00f1anza posee una dimensi\u00f3n universal que hoy necesitamos descubrir. Me explico: en tiempos en que las verdades universales parecen sacrificarse en nombre de las verdades meramente contextuales, Stein ofrece una reargumentaci\u00f3n del alcance meta-contextual (meta-f\u00edsico) de la inteligencia humana; en tiempos de intensos debates sobre la identidad sexual y la identidad de g\u00e9nero, Stein ofrece soluciones no-complacientes que abren nuevos horizontes tanto para conservadores como para liberales; en tiempos en que es necesario ahondar en un feminismo s\u00f3lido, metaf\u00edsicamente fundado, y no meramente epid\u00e9rmico, Stein se\u00f1ala un camino que es preciso proseguir en materia del fundamento radical de la diferenciaci\u00f3n sexual. Creo sinceramente que el encuentro con Edith Stein a todos nos hace bien. Su pensamiento anti-conformista, anti-burgu\u00e9s, anti-inmanentista es cr\u00edtico y liberador. Y, simult\u00e1neamente, es riguroso, multidimensional, y fuertemente resistente a las simplificaciones facilonas.<\/p>\n<p><strong><img loading=\"lazy\" decoding=\"async\" class=\"size-full wp-image-106434 alignnone\" src=\"https:\/\/exaudi.org\/wp-content\/uploads\/2024\/08\/IMG-20240809-WA00151.jpg\" alt=\"\" width=\"580\" height=\"600\" srcset=\"https:\/\/exaudi.org\/wp-content\/uploads\/2024\/08\/IMG-20240809-WA00151.jpg 580w, https:\/\/exaudi.org\/wp-content\/uploads\/2024\/08\/IMG-20240809-WA00151-290x300.jpg 290w, https:\/\/exaudi.org\/wp-content\/uploads\/2024\/08\/IMG-20240809-WA00151-500x517.jpg 500w, https:\/\/exaudi.org\/wp-content\/uploads\/2024\/08\/IMG-20240809-WA00151-293x303.jpg 293w, https:\/\/exaudi.org\/wp-content\/uploads\/2024\/08\/IMG-20240809-WA00151-390x403.jpg 390w\" sizes=\"auto, (max-width: 580px) 100vw, 580px\" \/>EXAUDI: \u00bfQu\u00e9 le dir\u00eda usted a una mujer que desea acercarse a Edith Stein y no perder el \u00e1nimo al momento de enfrentarse a sus muchas obras filos\u00f3ficas y espirituales?<\/strong><\/p>\n<p>RG: Creo que lo que m\u00e1s nos motiva a todos a emprender una aventura como la de estudiar el legado de Edith Stein es asimilar que el camino a la verdad es siempre una experiencia. Dicho de otro modo: acercarse a Stein es darse la oportunidad de verificar en la propia vida la verdad que porta en sus afirmaciones. La verdad, hoy tan maltratada, reaparece cuando t\u00fa y yo nos abrimos a la totalidad de la experiencia y aprendemos a acogerla con fidelidad, sin imponerle nuestros prejuicios. Es la verdad la que nos hace libres y genera al interior una pasi\u00f3n que conduce a una expansi\u00f3n de nuestra propia humanidad. Edith Stein al reflexionar sobre su vida, escrib\u00eda: \u201cYo no pod\u00eda actuar mientras no tuviera un impulso interior. Las decisiones que yo he tomado, procedieron siempre de una hondura que yo misma desconoc\u00eda. Una vez que algo sub\u00eda a la clara luz de la conciencia y tomaba forma racional nada pod\u00eda detenerme. Ciertamente experimentaba una especie de placer deportivo en emprender lo aparentemente imposible\u201d.<\/p>\n<p><strong>EXAUDI: \u00bfQu\u00e9 significa Edith Stein para el Papa Francisco?<\/strong><\/p>\n<p>RG: El Papa Francisco, nada m\u00e1s y nada menos, ha confiado a Edith Stein la paz en Ucrania, el 9 de agosto de 2023. M\u00e1s a\u00fan, el Santo Padre ha dicho desde el 7 de agosto de 2019: \u201cInvito a todos a mirar sus valientes opciones, expresadas en una aut\u00e9ntica conversi\u00f3n a Cristo, as\u00ed como en la entrega de su vida contra toda forma de intolerancia y de perversi\u00f3n ideol\u00f3gica\u201d. Son palabras fuertes que nos invitan a descubrir en ella una sana medicina frente a las f\u00e1cilies colonizaciones ideol\u00f3gicas que hoy fluyen en tantos temas cruciales para al cultura de nuestro tiempo.<\/p>\n<p><strong>EXAUDI: \u00bfC\u00f3mo le ha ayudado el encuentro con Edith Stein a Rodrigo Guerra?<\/strong><\/p>\n<p>RG: Edith Stein fue una mujer de amigos que tambi\u00e9n buscaban la verdad: \u201cextra communio personarum nulla philosophia\u201d, fuera de la compa\u00f1\u00eda de los amigos no es posible hacer aut\u00e9ntica filosof\u00eda. Amigos entra\u00f1ables que marcaron su vida fueron: Adolf Reinach, Hedwig Conrad-Martius, Roman Ingarden y el maestro Husserl, entre otros. De la misma manera, no puedo ignorar a los amigos que me han ayudado a comprender el camino de Edith Stein, y con ello, a amar un poco m\u00e1s la verdad: Josef Seifert, John Crosby, John White, Rocco Buttiglione, y muy particularmente, Eduardo Gonz\u00e1lez di Piero y Mariano Crespo. Estos dos \u00faltimos son actualmente, desde mi punto de vista, exponentes calificad\u00edsimos de la adecuada interpretaci\u00f3n de la originalidad de Edith Stein en el contexto de la filosof\u00eda fenomenol\u00f3gica contempor\u00e1nea. Ambos han profundizado y esclarecido cosas sobre Stein que durante a\u00f1os no lograban atenderse y entenderse bien.<\/p>\n<p>Por otra parte, Edith Stein fue una mujer de enorme vida interior. La espiritualidad carmelitana le ofreci\u00f3 una explicaci\u00f3n a lo que Dios mismo lentamente fue obrando al interior de ella, a\u00fan antes de que ella misma se convirtiera a la fe cristiana. Esto, en mi caso, tambi\u00e9n me ha regalado mucha luz. Dios, que es la Verdad, nos intecepta y se nos adelanta, desde nuestros m\u00e1s modestos balbuceos y exploraciones. Dios nos intercepta y nos sorprende, a\u00fan en medio de la caida, mostr\u00e1ndonos que la Verdad conlleva Cruz, pero que la Cruz es camino de redenci\u00f3n de nuestra fr\u00e1gil humanidad herida. La \u201cciencia de la cruz\u201d, de la que hablaba Edith Stein, no es un callej\u00f3n oscuro. Es una ventana que nos conduce, a trav\u00e9s de una peculiar purificaci\u00f3n, a la m\u00e1s grande libertad y a la m\u00e1s profunda alegr\u00eda.<\/p>\n<p><img loading=\"lazy\" decoding=\"async\" class=\"alignleft size-full wp-image-106441\" src=\"https:\/\/exaudi.org\/wp-content\/uploads\/2024\/08\/Entrevista.jpg\" alt=\"\" width=\"940\" height=\"788\" srcset=\"https:\/\/exaudi.org\/wp-content\/uploads\/2024\/08\/Entrevista.jpg 940w, https:\/\/exaudi.org\/wp-content\/uploads\/2024\/08\/Entrevista-300x251.jpg 300w, https:\/\/exaudi.org\/wp-content\/uploads\/2024\/08\/Entrevista-770x645.jpg 770w, https:\/\/exaudi.org\/wp-content\/uploads\/2024\/08\/Entrevista-500x419.jpg 500w, https:\/\/exaudi.org\/wp-content\/uploads\/2024\/08\/Entrevista-293x246.jpg 293w, https:\/\/exaudi.org\/wp-content\/uploads\/2024\/08\/Entrevista-390x327.jpg 390w\" sizes=\"auto, (max-width: 940px) 100vw, 940px\" \/><\/p>\n","protected":false},"excerpt":{"rendered":"<p>Entrevista a Rodrigo Guerra<\/p>\n","protected":false},"author":15,"featured_media":106431,"comment_status":"closed","ping_status":"closed","sticky":false,"template":"","format":"standard","meta":{"_acf_changed":false,"_crdt_document":"","inline_featured_image":false,"footnotes":""},"categories":[108],"tags":[22506,13900,393,2419,4054,4049,158,786,22505,3574,387],"class_list":["post-106429","post","type-post","status-publish","format-standard","has-post-thumbnail","hentry","category-entrevistas","tag-centro-de-investigacion-social-avanzada-cisav","tag-ejemplo","tag-entrevista","tag-featured","tag-filosofia","tag-mujer-es","tag-papa-francisco","tag-pontificia-comision-para-america-latina","tag-rodrgo-guerra-lopez","tag-santa-edith-stein","tag-santoral"],"acf":[],"yoast_head":"<!-- This site is optimized with the Yoast SEO plugin v27.4 - https:\/\/yoast.com\/product\/yoast-seo-wordpress\/ -->\n<title>Edith Stein: actualidad de una mujer, de un pensamiento y de una experiencia &#8211; Exaudi<\/title>\n<meta name=\"robots\" content=\"index, follow, max-snippet:-1, max-image-preview:large, max-video-preview:-1\" \/>\n<link rel=\"canonical\" href=\"https:\/\/exaudi.org\/es\/edith-stein-actualidad-de-una-mujer-de-un-pensamiento-y-de-una-experiencia\/\" \/>\n<meta property=\"og:locale\" content=\"es_ES\" \/>\n<meta property=\"og:type\" content=\"article\" \/>\n<meta property=\"og:title\" content=\"Edith Stein: actualidad de una mujer, de un pensamiento y de una experiencia &#8211; Exaudi\" \/>\n<meta property=\"og:description\" content=\"Entrevista a Rodrigo Guerra\" \/>\n<meta property=\"og:url\" content=\"https:\/\/exaudi.org\/es\/edith-stein-actualidad-de-una-mujer-de-un-pensamiento-y-de-una-experiencia\/\" \/>\n<meta property=\"og:site_name\" content=\"Exaudi\" \/>\n<meta property=\"article:publisher\" content=\"https:\/\/www.facebook.com\/ExaudiNews\" \/>\n<meta property=\"article:author\" content=\"https:\/\/www.facebook.com\/ExaudiNoticias\/\" \/>\n<meta property=\"article:published_time\" content=\"2024-08-09T13:17:04+00:00\" \/>\n<meta property=\"article:modified_time\" content=\"2024-08-09T13:32:20+00:00\" \/>\n<meta property=\"og:image\" content=\"https:\/\/exaudi.org\/wp-content\/uploads\/2024\/08\/IMG-20240809-WA00141.jpg\" \/>\n\t<meta property=\"og:image:width\" content=\"1600\" \/>\n\t<meta property=\"og:image:height\" content=\"680\" \/>\n\t<meta property=\"og:image:type\" content=\"image\/jpeg\" \/>\n<meta name=\"author\" content=\"Exaudi Redacci\u00f3n\" \/>\n<meta name=\"twitter:card\" content=\"summary_large_image\" \/>\n<meta name=\"twitter:creator\" content=\"@Exaudi_noticias\" \/>\n<meta name=\"twitter:site\" content=\"@Exaudi_News\" \/>\n<meta name=\"twitter:label1\" content=\"Escrito por\" \/>\n\t<meta name=\"twitter:data1\" content=\"Exaudi Redacci\u00f3n\" \/>\n\t<meta name=\"twitter:label2\" content=\"Tiempo de lectura\" \/>\n\t<meta name=\"twitter:data2\" content=\"9 minutos\" \/>\n<script type=\"application\/ld+json\" class=\"yoast-schema-graph\">{\"@context\":\"https:\\\/\\\/schema.org\",\"@graph\":[{\"@type\":\"Article\",\"@id\":\"https:\\\/\\\/exaudi.org\\\/es\\\/edith-stein-actualidad-de-una-mujer-de-un-pensamiento-y-de-una-experiencia\\\/#article\",\"isPartOf\":{\"@id\":\"https:\\\/\\\/exaudi.org\\\/es\\\/edith-stein-actualidad-de-una-mujer-de-un-pensamiento-y-de-una-experiencia\\\/\"},\"author\":{\"name\":\"Exaudi Redacci\u00f3n\",\"@id\":\"https:\\\/\\\/exaudi.org\\\/#\\\/schema\\\/person\\\/f5fc8f063065e38742da7afe15f25df7\"},\"headline\":\"Edith Stein: actualidad de una mujer, de un pensamiento y de una experiencia\",\"datePublished\":\"2024-08-09T13:17:04+00:00\",\"dateModified\":\"2024-08-09T13:32:20+00:00\",\"mainEntityOfPage\":{\"@id\":\"https:\\\/\\\/exaudi.org\\\/es\\\/edith-stein-actualidad-de-una-mujer-de-un-pensamiento-y-de-una-experiencia\\\/\"},\"wordCount\":1728,\"image\":{\"@id\":\"https:\\\/\\\/exaudi.org\\\/es\\\/edith-stein-actualidad-de-una-mujer-de-un-pensamiento-y-de-una-experiencia\\\/#primaryimage\"},\"thumbnailUrl\":\"https:\\\/\\\/exaudi.org\\\/wp-content\\\/uploads\\\/2024\\\/08\\\/IMG-20240809-WA00141.jpg\",\"keywords\":[\"Centro de Investigaci\u00f3n Social Avanzada (CISAV)\",\"Ejemplo\",\"Entrevista\",\"Featured\",\"Filosof\u00eda\",\"Mujer\",\"papa francisco\",\"Pontificia Comisi\u00f3n para Am\u00e9rica Latina\",\"Rodrgo Guerra L\u00f3pez\",\"Santa Edith Stein\",\"Santoral\"],\"articleSection\":[\"Entrevistas\"],\"inLanguage\":\"es\"},{\"@type\":\"WebPage\",\"@id\":\"https:\\\/\\\/exaudi.org\\\/es\\\/edith-stein-actualidad-de-una-mujer-de-un-pensamiento-y-de-una-experiencia\\\/\",\"url\":\"https:\\\/\\\/exaudi.org\\\/es\\\/edith-stein-actualidad-de-una-mujer-de-un-pensamiento-y-de-una-experiencia\\\/\",\"name\":\"Edith Stein: actualidad de una mujer, de un pensamiento y de una experiencia &#8211; Exaudi\",\"isPartOf\":{\"@id\":\"https:\\\/\\\/exaudi.org\\\/#website\"},\"primaryImageOfPage\":{\"@id\":\"https:\\\/\\\/exaudi.org\\\/es\\\/edith-stein-actualidad-de-una-mujer-de-un-pensamiento-y-de-una-experiencia\\\/#primaryimage\"},\"image\":{\"@id\":\"https:\\\/\\\/exaudi.org\\\/es\\\/edith-stein-actualidad-de-una-mujer-de-un-pensamiento-y-de-una-experiencia\\\/#primaryimage\"},\"thumbnailUrl\":\"https:\\\/\\\/exaudi.org\\\/wp-content\\\/uploads\\\/2024\\\/08\\\/IMG-20240809-WA00141.jpg\",\"datePublished\":\"2024-08-09T13:17:04+00:00\",\"dateModified\":\"2024-08-09T13:32:20+00:00\",\"author\":{\"@id\":\"https:\\\/\\\/exaudi.org\\\/#\\\/schema\\\/person\\\/f5fc8f063065e38742da7afe15f25df7\"},\"breadcrumb\":{\"@id\":\"https:\\\/\\\/exaudi.org\\\/es\\\/edith-stein-actualidad-de-una-mujer-de-un-pensamiento-y-de-una-experiencia\\\/#breadcrumb\"},\"inLanguage\":\"es\",\"potentialAction\":[{\"@type\":\"ReadAction\",\"target\":[\"https:\\\/\\\/exaudi.org\\\/es\\\/edith-stein-actualidad-de-una-mujer-de-un-pensamiento-y-de-una-experiencia\\\/\"]}]},{\"@type\":\"ImageObject\",\"inLanguage\":\"es\",\"@id\":\"https:\\\/\\\/exaudi.org\\\/es\\\/edith-stein-actualidad-de-una-mujer-de-un-pensamiento-y-de-una-experiencia\\\/#primaryimage\",\"url\":\"https:\\\/\\\/exaudi.org\\\/wp-content\\\/uploads\\\/2024\\\/08\\\/IMG-20240809-WA00141.jpg\",\"contentUrl\":\"https:\\\/\\\/exaudi.org\\\/wp-content\\\/uploads\\\/2024\\\/08\\\/IMG-20240809-WA00141.jpg\",\"width\":1600,\"height\":680},{\"@type\":\"BreadcrumbList\",\"@id\":\"https:\\\/\\\/exaudi.org\\\/es\\\/edith-stein-actualidad-de-una-mujer-de-un-pensamiento-y-de-una-experiencia\\\/#breadcrumb\",\"itemListElement\":[{\"@type\":\"ListItem\",\"position\":1,\"name\":\"Portada\",\"item\":\"https:\\\/\\\/exaudi.org\\\/es\\\/\"},{\"@type\":\"ListItem\",\"position\":2,\"name\":\"Edith Stein: actualidad de una mujer, de un pensamiento y de una experiencia\"}]},{\"@type\":\"WebSite\",\"@id\":\"https:\\\/\\\/exaudi.org\\\/#website\",\"url\":\"https:\\\/\\\/exaudi.org\\\/\",\"name\":\"Exaudi\",\"description\":\"News\",\"potentialAction\":[{\"@type\":\"SearchAction\",\"target\":{\"@type\":\"EntryPoint\",\"urlTemplate\":\"https:\\\/\\\/exaudi.org\\\/?s={search_term_string}\"},\"query-input\":{\"@type\":\"PropertyValueSpecification\",\"valueRequired\":true,\"valueName\":\"search_term_string\"}}],\"inLanguage\":\"es\"},{\"@type\":\"Person\",\"@id\":\"https:\\\/\\\/exaudi.org\\\/#\\\/schema\\\/person\\\/f5fc8f063065e38742da7afe15f25df7\",\"name\":\"Exaudi Redacci\u00f3n\",\"image\":{\"@type\":\"ImageObject\",\"inLanguage\":\"es\",\"@id\":\"https:\\\/\\\/secure.gravatar.com\\\/avatar\\\/fe0f6a059fb68d9b3e11bc5850dd4899b1c7492091a3cb6dd9b01b56ad828be2?s=96&d=mm&r=g\",\"url\":\"https:\\\/\\\/secure.gravatar.com\\\/avatar\\\/fe0f6a059fb68d9b3e11bc5850dd4899b1c7492091a3cb6dd9b01b56ad828be2?s=96&d=mm&r=g\",\"contentUrl\":\"https:\\\/\\\/secure.gravatar.com\\\/avatar\\\/fe0f6a059fb68d9b3e11bc5850dd4899b1c7492091a3cb6dd9b01b56ad828be2?s=96&d=mm&r=g\",\"caption\":\"Exaudi Redacci\u00f3n\"},\"description\":\"\u00bfQu\u00e9 es Exaudi News? Exaudi News es un medio de comunicaci\u00f3n cat\u00f3lico internacional que informa, forma y transforma, diariamente en espa\u00f1ol, ingl\u00e9s e italiano. A trav\u00e9s de noticias, art\u00edculos de an\u00e1lisis y transmisiones en directo de los eventos del Papa, Exaudi busca fortalecer la unidad de los cristianos y contribuir a la evangelizaci\u00f3n del mundo, siempre guiados por la doctrina social de la Iglesia. Trabajamos para acercar la verdad y los valores cristianos a cada rinc\u00f3n del planeta. \u00a1Ay\u00fadanos a transformar el mundo con Exaudi! En Exaudi creemos que la evangelizaci\u00f3n y la informaci\u00f3n de calidad pueden cambiar vidas. Para continuar con nuestra misi\u00f3n y expandir nuestro alcance, necesitamos tu ayuda. Adem\u00e1s, buscamos personas comprometidas que deseen unirse a nuestro equipo. Con tu apoyo, lograremos llegar a m\u00e1s personas, difundir el mensaje de Cristo y reforzar la unidad de los cristianos. \u00bfTe unes a nuestra misi\u00f3n? Para m\u00e1s informaci\u00f3n sobre c\u00f3mo colaborar, visita Exaudi.org\\\/es o cont\u00e1ctanos directamente: info@exaudi.org Exaudi: Informa, forma y transforma.\",\"sameAs\":[\"https:\\\/\\\/www.facebook.com\\\/ExaudiNoticias\\\/\",\"https:\\\/\\\/www.instagram.com\\\/exaudi_noticias\\\/\",\"https:\\\/\\\/x.com\\\/Exaudi_noticias\",\"https:\\\/\\\/www.youtube.com\\\/@exaudicatholicnews\"],\"url\":\"https:\\\/\\\/exaudi.org\\\/es\\\/author\\\/redaccionexaudi\\\/\"}]}<\/script>\n<!-- \/ Yoast SEO plugin. -->","yoast_head_json":{"title":"Edith Stein: actualidad de una mujer, de un pensamiento y de una experiencia &#8211; Exaudi","robots":{"index":"index","follow":"follow","max-snippet":"max-snippet:-1","max-image-preview":"max-image-preview:large","max-video-preview":"max-video-preview:-1"},"canonical":"https:\/\/exaudi.org\/es\/edith-stein-actualidad-de-una-mujer-de-un-pensamiento-y-de-una-experiencia\/","og_locale":"es_ES","og_type":"article","og_title":"Edith Stein: actualidad de una mujer, de un pensamiento y de una experiencia &#8211; Exaudi","og_description":"Entrevista a Rodrigo Guerra","og_url":"https:\/\/exaudi.org\/es\/edith-stein-actualidad-de-una-mujer-de-un-pensamiento-y-de-una-experiencia\/","og_site_name":"Exaudi","article_publisher":"https:\/\/www.facebook.com\/ExaudiNews","article_author":"https:\/\/www.facebook.com\/ExaudiNoticias\/","article_published_time":"2024-08-09T13:17:04+00:00","article_modified_time":"2024-08-09T13:32:20+00:00","og_image":[{"width":1600,"height":680,"url":"https:\/\/exaudi.org\/wp-content\/uploads\/2024\/08\/IMG-20240809-WA00141.jpg","type":"image\/jpeg"}],"author":"Exaudi Redacci\u00f3n","twitter_card":"summary_large_image","twitter_creator":"@Exaudi_noticias","twitter_site":"@Exaudi_News","twitter_misc":{"Escrito por":"Exaudi Redacci\u00f3n","Tiempo de lectura":"9 minutos"},"schema":{"@context":"https:\/\/schema.org","@graph":[{"@type":"Article","@id":"https:\/\/exaudi.org\/es\/edith-stein-actualidad-de-una-mujer-de-un-pensamiento-y-de-una-experiencia\/#article","isPartOf":{"@id":"https:\/\/exaudi.org\/es\/edith-stein-actualidad-de-una-mujer-de-un-pensamiento-y-de-una-experiencia\/"},"author":{"name":"Exaudi Redacci\u00f3n","@id":"https:\/\/exaudi.org\/#\/schema\/person\/f5fc8f063065e38742da7afe15f25df7"},"headline":"Edith Stein: actualidad de una mujer, de un pensamiento y de una experiencia","datePublished":"2024-08-09T13:17:04+00:00","dateModified":"2024-08-09T13:32:20+00:00","mainEntityOfPage":{"@id":"https:\/\/exaudi.org\/es\/edith-stein-actualidad-de-una-mujer-de-un-pensamiento-y-de-una-experiencia\/"},"wordCount":1728,"image":{"@id":"https:\/\/exaudi.org\/es\/edith-stein-actualidad-de-una-mujer-de-un-pensamiento-y-de-una-experiencia\/#primaryimage"},"thumbnailUrl":"https:\/\/exaudi.org\/wp-content\/uploads\/2024\/08\/IMG-20240809-WA00141.jpg","keywords":["Centro de Investigaci\u00f3n Social Avanzada (CISAV)","Ejemplo","Entrevista","Featured","Filosof\u00eda","Mujer","papa francisco","Pontificia Comisi\u00f3n para Am\u00e9rica Latina","Rodrgo Guerra L\u00f3pez","Santa Edith Stein","Santoral"],"articleSection":["Entrevistas"],"inLanguage":"es"},{"@type":"WebPage","@id":"https:\/\/exaudi.org\/es\/edith-stein-actualidad-de-una-mujer-de-un-pensamiento-y-de-una-experiencia\/","url":"https:\/\/exaudi.org\/es\/edith-stein-actualidad-de-una-mujer-de-un-pensamiento-y-de-una-experiencia\/","name":"Edith Stein: actualidad de una mujer, de un pensamiento y de una experiencia &#8211; Exaudi","isPartOf":{"@id":"https:\/\/exaudi.org\/#website"},"primaryImageOfPage":{"@id":"https:\/\/exaudi.org\/es\/edith-stein-actualidad-de-una-mujer-de-un-pensamiento-y-de-una-experiencia\/#primaryimage"},"image":{"@id":"https:\/\/exaudi.org\/es\/edith-stein-actualidad-de-una-mujer-de-un-pensamiento-y-de-una-experiencia\/#primaryimage"},"thumbnailUrl":"https:\/\/exaudi.org\/wp-content\/uploads\/2024\/08\/IMG-20240809-WA00141.jpg","datePublished":"2024-08-09T13:17:04+00:00","dateModified":"2024-08-09T13:32:20+00:00","author":{"@id":"https:\/\/exaudi.org\/#\/schema\/person\/f5fc8f063065e38742da7afe15f25df7"},"breadcrumb":{"@id":"https:\/\/exaudi.org\/es\/edith-stein-actualidad-de-una-mujer-de-un-pensamiento-y-de-una-experiencia\/#breadcrumb"},"inLanguage":"es","potentialAction":[{"@type":"ReadAction","target":["https:\/\/exaudi.org\/es\/edith-stein-actualidad-de-una-mujer-de-un-pensamiento-y-de-una-experiencia\/"]}]},{"@type":"ImageObject","inLanguage":"es","@id":"https:\/\/exaudi.org\/es\/edith-stein-actualidad-de-una-mujer-de-un-pensamiento-y-de-una-experiencia\/#primaryimage","url":"https:\/\/exaudi.org\/wp-content\/uploads\/2024\/08\/IMG-20240809-WA00141.jpg","contentUrl":"https:\/\/exaudi.org\/wp-content\/uploads\/2024\/08\/IMG-20240809-WA00141.jpg","width":1600,"height":680},{"@type":"BreadcrumbList","@id":"https:\/\/exaudi.org\/es\/edith-stein-actualidad-de-una-mujer-de-un-pensamiento-y-de-una-experiencia\/#breadcrumb","itemListElement":[{"@type":"ListItem","position":1,"name":"Portada","item":"https:\/\/exaudi.org\/es\/"},{"@type":"ListItem","position":2,"name":"Edith Stein: actualidad de una mujer, de un pensamiento y de una experiencia"}]},{"@type":"WebSite","@id":"https:\/\/exaudi.org\/#website","url":"https:\/\/exaudi.org\/","name":"Exaudi","description":"News","potentialAction":[{"@type":"SearchAction","target":{"@type":"EntryPoint","urlTemplate":"https:\/\/exaudi.org\/?s={search_term_string}"},"query-input":{"@type":"PropertyValueSpecification","valueRequired":true,"valueName":"search_term_string"}}],"inLanguage":"es"},{"@type":"Person","@id":"https:\/\/exaudi.org\/#\/schema\/person\/f5fc8f063065e38742da7afe15f25df7","name":"Exaudi Redacci\u00f3n","image":{"@type":"ImageObject","inLanguage":"es","@id":"https:\/\/secure.gravatar.com\/avatar\/fe0f6a059fb68d9b3e11bc5850dd4899b1c7492091a3cb6dd9b01b56ad828be2?s=96&d=mm&r=g","url":"https:\/\/secure.gravatar.com\/avatar\/fe0f6a059fb68d9b3e11bc5850dd4899b1c7492091a3cb6dd9b01b56ad828be2?s=96&d=mm&r=g","contentUrl":"https:\/\/secure.gravatar.com\/avatar\/fe0f6a059fb68d9b3e11bc5850dd4899b1c7492091a3cb6dd9b01b56ad828be2?s=96&d=mm&r=g","caption":"Exaudi Redacci\u00f3n"},"description":"\u00bfQu\u00e9 es Exaudi News? Exaudi News es un medio de comunicaci\u00f3n cat\u00f3lico internacional que informa, forma y transforma, diariamente en espa\u00f1ol, ingl\u00e9s e italiano. A trav\u00e9s de noticias, art\u00edculos de an\u00e1lisis y transmisiones en directo de los eventos del Papa, Exaudi busca fortalecer la unidad de los cristianos y contribuir a la evangelizaci\u00f3n del mundo, siempre guiados por la doctrina social de la Iglesia. Trabajamos para acercar la verdad y los valores cristianos a cada rinc\u00f3n del planeta. \u00a1Ay\u00fadanos a transformar el mundo con Exaudi! En Exaudi creemos que la evangelizaci\u00f3n y la informaci\u00f3n de calidad pueden cambiar vidas. Para continuar con nuestra misi\u00f3n y expandir nuestro alcance, necesitamos tu ayuda. Adem\u00e1s, buscamos personas comprometidas que deseen unirse a nuestro equipo. Con tu apoyo, lograremos llegar a m\u00e1s personas, difundir el mensaje de Cristo y reforzar la unidad de los cristianos. \u00bfTe unes a nuestra misi\u00f3n? Para m\u00e1s informaci\u00f3n sobre c\u00f3mo colaborar, visita Exaudi.org\/es o cont\u00e1ctanos directamente: info@exaudi.org Exaudi: Informa, forma y transforma.","sameAs":["https:\/\/www.facebook.com\/ExaudiNoticias\/","https:\/\/www.instagram.com\/exaudi_noticias\/","https:\/\/x.com\/Exaudi_noticias","https:\/\/www.youtube.com\/@exaudicatholicnews"],"url":"https:\/\/exaudi.org\/es\/author\/redaccionexaudi\/"}]}},"jetpack_featured_media_url":"https:\/\/exaudi.org\/wp-content\/uploads\/2024\/08\/IMG-20240809-WA00141.jpg","jetpack_shortlink":"https:\/\/wp.me\/pgKjF2-rGB","_links":{"self":[{"href":"https:\/\/exaudi.org\/es\/wp-json\/wp\/v2\/posts\/106429","targetHints":{"allow":["GET"]}}],"collection":[{"href":"https:\/\/exaudi.org\/es\/wp-json\/wp\/v2\/posts"}],"about":[{"href":"https:\/\/exaudi.org\/es\/wp-json\/wp\/v2\/types\/post"}],"author":[{"embeddable":true,"href":"https:\/\/exaudi.org\/es\/wp-json\/wp\/v2\/users\/15"}],"replies":[{"embeddable":true,"href":"https:\/\/exaudi.org\/es\/wp-json\/wp\/v2\/comments?post=106429"}],"version-history":[{"count":0,"href":"https:\/\/exaudi.org\/es\/wp-json\/wp\/v2\/posts\/106429\/revisions"}],"wp:featuredmedia":[{"embeddable":true,"href":"https:\/\/exaudi.org\/es\/wp-json\/wp\/v2\/media\/106431"}],"wp:attachment":[{"href":"https:\/\/exaudi.org\/es\/wp-json\/wp\/v2\/media?parent=106429"}],"wp:term":[{"taxonomy":"category","embeddable":true,"href":"https:\/\/exaudi.org\/es\/wp-json\/wp\/v2\/categories?post=106429"},{"taxonomy":"post_tag","embeddable":true,"href":"https:\/\/exaudi.org\/es\/wp-json\/wp\/v2\/tags?post=106429"}],"curies":[{"name":"wp","href":"https:\/\/api.w.org\/{rel}","templated":true}]}}