{"id":10640,"date":"2021-04-08T12:29:03","date_gmt":"2021-04-08T10:29:03","guid":{"rendered":"https:\/\/exaudi.org\/?p=10640"},"modified":"2021-04-08T17:56:48","modified_gmt":"2021-04-08T15:56:48","slug":"reunion-primavera-2021-mensaje-papa-francisco","status":"publish","type":"post","link":"https:\/\/exaudi.org\/es\/reunion-primavera-2021-mensaje-papa-francisco\/","title":{"rendered":"Reuni\u00f3n de Primavera 2021: Mensaje del Papa Francisco"},"content":{"rendered":"<p>El Papa Francisco ha enviado hoy, jueves de la Octava de Pascua, un mensaje a los participantes de la <a href=\"https:\/\/meetings.imf.org\/es\/2021\/Spring\" target=\"_blank\" rel=\"noopener noreferrer\">Reuni\u00f3n de Primavera<\/a> de este a\u00f1o, del Banco Mundial y del Fondo Monetario Internacional (FMI), que se celebra de manera online del 5 al 11 de abril de 2021.<\/p>\n<p>En sus palabras, <a href=\"https:\/\/exaudi.org\/es\/papa-recuerda-dia-internacional-deporte-paz-2021\/\" target=\"_blank\" rel=\"noopener noreferrer\">el Santo Padre muestra<\/a> su esperanza en que los responsables de las entidades financieras \u201ccontribuyan a un modelo de &#8216;recuperaci\u00f3n&#8217; capaz de generar soluciones nuevas, m\u00e1s inclusivas y sostenibles para apoyar la econom\u00eda real, ayudando a los individuos y a las comunidades a alcanzar sus aspiraciones m\u00e1s profundas y el bien com\u00fan universal\u201d.<\/p>\n<h4><strong>\u201cNadie se salva solo\u201d<\/strong><\/h4>\n<p>Francisco explica que la pandemia \u201cnos ha recordado una vez m\u00e1s que nadie se salva solo. Si queremos salir de esta situaci\u00f3n como un mundo mejor, m\u00e1s humano y solidario, hay que idear formas nuevas y creativas de participaci\u00f3n social, pol\u00edtica y econ\u00f3mica, sensibles a la voz de los pobres y comprometidas con su inclusi\u00f3n en la construcci\u00f3n de nuestro futuro com\u00fan\u201d.<\/p>\n<p>En esta l\u00ednea, recuerda que \u201cla confianza, nacida de la interconexi\u00f3n entre las personas, es la piedra angular de todas las relaciones, incluidas las financieras\u201d, y que \u201cesas relaciones s\u00f3lo pueden construirse mediante el desarrollo de una &#8216;cultura del encuentro&#8217; en la que todas las voces puedan ser escuchadas y todos puedan prosperar, encontrando puntos de contacto, tendiendo puentes y previendo proyectos inclusivos a largo plazo\u201d.<\/p>\n<h4><strong>Desarrollo humano integral<\/strong><\/h4>\n<p>Asimismo, el Pont\u00edfice subraya que, \u201caunque muchos pa\u00edses est\u00e1n consolidando ahora sus planes individuales de recuperaci\u00f3n, sigue siendo urgente un plan global que pueda crear nuevas instituciones o regenerar las existentes, en particular las de gobernanza global, y que ayude a construir una nueva red de relaciones internacionales para avanzar en el desarrollo humano integral de todos los pueblos\u201d.<\/p>\n<p>Esto significa necesariamente \u201cdar a las naciones m\u00e1s pobres y menos desarrolladas una participaci\u00f3n efectiva en la toma de decisiones y facilitar el acceso al mercado internacional\u201d: \u201cUn esp\u00edritu de solidaridad mundial exige tambi\u00e9n, como m\u00ednimo, una reducci\u00f3n significativa de la carga de la deuda de las naciones m\u00e1s pobres, que se ha visto agravada por la pandemia\u201d.<\/p>\n<h4><strong>En deuda con la naturaleza<\/strong><\/h4>\n<p>El Papa tambi\u00e9n resalta la \u201cdeuda ecol\u00f3gica\u201d que hay especialmente en norte y sur del planeta: \u201cDe hecho, estamos en deuda con la propia naturaleza, as\u00ed como con las personas y los pa\u00edses afectados por la degradaci\u00f3n ecol\u00f3gica y la p\u00e9rdida de biodiversidad inducidas por el ser humano\u201d.<\/p>\n<p>A este respecto, insiste, \u201cla industria financiera, que se distingue por su gran creatividad, se mostrar\u00e1 capaz de desarrollar mecanismos \u00e1giles para calcular esta deuda ecol\u00f3gica, de modo que los pa\u00edses desarrollados puedan pagarla, no s\u00f3lo limitando significativamente su consumo de energ\u00eda no renovable o ayudando a los pa\u00edses m\u00e1s pobres a promulgar pol\u00edticas y programas de desarrollo sostenible, sino tambi\u00e9n cubriendo los costes de la innovaci\u00f3n necesaria para ello\u201d.<\/p>\n<h4><strong>Bien com\u00fan universal<\/strong><\/h4>\n<p>El Obispo de Roma describe que \u201cpara un desarrollo justo e integrado es fundamental una profunda apreciaci\u00f3n del objetivo y fin esencial de toda vida econ\u00f3mica, es decir, el bien com\u00fan universal\u201d. De ello se desprende, contin\u00faa, \u201cque el dinero p\u00fablico nunca puede estar desvinculado del bien p\u00fablico, y que los mercados financieros deben estar respaldados por leyes y regulaciones destinadas a garantizar que realmente funcionen para el bien com\u00fan\u201d.<\/p>\n<p>\u201cEl compromiso con la solidaridad econ\u00f3mica, financiera y social implica, por tanto, es mucho m\u00e1s que comprometerse con actos espor\u00e1dicos de generosidad\u201d, apunta. Y cita\u00a0<a href=\"https:\/\/exaudi.org\/es\/enciclica-fratelli-tutti-papa\/\" target=\"_blank\" rel=\"noopener noreferrer\"><em>Fratelli tutti\u00a0<\/em><\/a>para ilustrar c\u00f3mo se trata de \u201cpensar y actuar en t\u00e9rminos de comunidad, de prioridad de la vida de todos sobre la apropiaci\u00f3n de los bienes por parte de algunos\u201d y enfrentar la pobreza, desigualdad, precariedad laboral y falta de derechos humanos.<\/p>\n<h4><strong>Mercados regulados<\/strong><\/h4>\n<p>Por otro lado, el Sucesor de Pedro manifiesta que \u201ces hora de reconocer que los mercados, en particular los financieros, no se gobiernan a s\u00ed mismos\u201d y deben estar \u201crespaldados por leyes y regulaciones que aseguren que trabajan para el bien com\u00fan, garantizando que las finanzas, en vez de ser meramente especulativas o financiarse a s\u00ed mismas, trabajen para los objetivos sociales tan necesarios en el contexto de la actual emergencia sanitaria mundial\u201d.<\/p>\n<p>\u201cEn este sentido, necesitamos especialmente una solidaridad en materia de vacunas justamente financiada, ya que no podemos permitir que la ley del mercado prevalezca sobre la ley del amor y la salud de todos\u201d, sostiene, y concluye haciendo un llamamiento \u201ca los gobernantes, a las empresas y a las organizaciones internacionales para que colaboren en el suministro de vacunas para todos, especialmente para los m\u00e1s vulnerables y necesitados\u201d.<\/p>\n<p>A continuaci\u00f3n, sigue el texto completo del mensaje que el Papa Francisco ha dirigido al Banco Mundial y el Fondo Monetario Internacional.<\/p>\n<p><strong><em>***<\/em><\/strong><\/p>\n<h4><strong>Mensaje del Santo Padre<\/strong><\/h4>\n<p><i>Al Grupo del Banco Mundial y al Fondo Monetario Internacional<\/i><\/p>\n<p>Agradezco la amable invitaci\u00f3n para dirigirme a los participantes en las Reuniones de Primavera 2021 del Grupo del Banco Mundial y del Fondo Monetario Internacional mediante esta carta, que he entregado al cardenal Peter Turkson, Prefecto del Dicasterio de la Santa Sede para la Promoci\u00f3n del Desarrollo Humano Integral.<\/p>\n<p>En este \u00faltimo a\u00f1o, como consecuencia de la pandemia de Covid-19, nuestro mundo se ha visto obligado a enfrentarse a una serie de graves e interrelacionadas crisis socioecon\u00f3micas, ecol\u00f3gicas y pol\u00edticas. Espero que vuestras discusiones contribuyan a un modelo de \u00abrecuperaci\u00f3n\u00bb capaz de generar soluciones nuevas, m\u00e1s inclusivas y sostenibles para apoyar la econom\u00eda real, ayudando a los individuos y a las comunidades a alcanzar sus aspiraciones m\u00e1s profundas y el bien com\u00fan universal. La noci\u00f3n de recuperaci\u00f3n no puede contentarse con una vuelta a un modelo de vida econ\u00f3mica y social desigual e insostenible, en el que una exigua minor\u00eda de la poblaci\u00f3n mundial posee la mitad de la riqueza.<\/p>\n<p>A pesar de nuestras profundas convicciones de que todos los hombres y mujeres han sido creados iguales, muchos de nuestros hermanos y hermanas en la familia humana, especialmente los que est\u00e1n en los m\u00e1rgenes de la sociedad, est\u00e1n efectivamente excluidos del mundo financiero. La pandemia, sin embargo, nos ha recordado una vez m\u00e1s que nadie se salva solo. Si queremos salir de esta situaci\u00f3n como un mundo mejor, m\u00e1s humano y solidario, hay que idear formas nuevas y creativas de participaci\u00f3n social, pol\u00edtica y econ\u00f3mica, sensibles a la voz de los pobres y comprometidas con su inclusi\u00f3n en la construcci\u00f3n de nuestro futuro com\u00fan (cf.\u00a0<i>Fratelli Tutti,<\/i>\u00a0169). Como expertos en finanzas y econom\u00eda, sab\u00e9is bien que la confianza, nacida de la interconexi\u00f3n entre las personas, es la piedra angular de todas las relaciones, incluidas las financieras. Esas relaciones s\u00f3lo pueden construirse mediante el desarrollo de una \u00abcultura del encuentro\u00bb en la que todas las voces puedan ser escuchadas y todos puedan prosperar, encontrando puntos de contacto, tendiendo puentes y previendo proyectos inclusivos a largo plazo (cf.<i>\u00a0ib\u00edd.<\/i>, 216).<\/p>\n<p>Aunque muchos pa\u00edses est\u00e1n consolidando ahora sus planes individuales de recuperaci\u00f3n, sigue siendo urgente un plan global que pueda crear nuevas instituciones o regenerar las existentes, en particular las de gobernanza global, y que ayude a construir una nueva red de relaciones internacionales para avanzar en el desarrollo humano integral de todos los pueblos. Esto significa necesariamente dar a las naciones m\u00e1s pobres y menos desarrolladas una participaci\u00f3n efectiva en la toma de decisiones y facilitar el acceso al mercado internacional. Un esp\u00edritu de solidaridad mundial exige tambi\u00e9n, como m\u00ednimo, una reducci\u00f3n significativa de la carga de la deuda de las naciones m\u00e1s pobres, que se ha visto agravada por la pandemia. Reducir la carga de la deuda de tantos pa\u00edses y comunidades hoy en d\u00eda, es un gesto profundamente humano que puede ayudar a las personas a desarrollarse, a tener acceso a las vacunas, a la salud, a la educaci\u00f3n y al empleo.<\/p>\n<p>Tampoco podemos pasar por alto otro tipo de deuda: la \u00abdeuda ecol\u00f3gica\u00bb que existe especialmente entre el norte y el sur mundial. De hecho, estamos en deuda con la propia naturaleza, as\u00ed como con las personas y los pa\u00edses afectados por la degradaci\u00f3n ecol\u00f3gica y la p\u00e9rdida de biodiversidad inducidas por el ser humano. A este respecto, creo que la industria financiera, que se distingue por su gran creatividad, se mostrar\u00e1 capaz de desarrollar mecanismos \u00e1giles para calcular esta deuda ecol\u00f3gica, de modo que los pa\u00edses desarrollados puedan pagarla, no s\u00f3lo limitando significativamente su consumo de energ\u00eda no renovable o ayudando a los pa\u00edses m\u00e1s pobres a promulgar pol\u00edticas y programas de desarrollo sostenible, sino tambi\u00e9n cubriendo los costes de la innovaci\u00f3n necesaria para ello (cf.\u00a0<i>Laudato Si&#8217;<\/i>, 51-52).<\/p>\n<p>Para un desarrollo justo e integrado es fundamental una profunda apreciaci\u00f3n del objetivo y fin esencial de toda vida econ\u00f3mica, es decir, el bien com\u00fan universal. De ello se desprende que el dinero p\u00fablico nunca puede estar desvinculado del bien p\u00fablico, y que los mercados financieros deben estar respaldados por leyes y regulaciones destinadas a garantizar que realmente funcionen para el bien com\u00fan. El compromiso con la solidaridad econ\u00f3mica, financiera y social implica, por tanto, mucho m\u00e1s que comprometerse con actos espor\u00e1dicos de generosidad. \u00abEs pensar y actuar en t\u00e9rminos de comunidad, de prioridad de la vida de todos sobre la apropiaci\u00f3n de los bienes por parte de algunos. Tambi\u00e9n es luchar contra las causas estructurales de la pobreza, la desigualdad, la falta de trabajo, de tierra y de vivienda, la negaci\u00f3n de los derechos sociales y laborales. Es enfrentar los destructores efectos del Imperio del dinero. [\u2026] La solidaridad, entendida en su sentido m\u00e1s hondo, es un modo de hacer historia y eso es lo que hacen los movimientos populares\u00bb (<i>Fratelli Tutti,<\/i>\u00a0116).<\/p>\n<p>Es hora de reconocer que los mercados -en particular los financieros- no se gobiernan a s\u00ed mismos. Los mercados deben estar respaldados por leyes y regulaciones que aseguren que trabajan para el bien com\u00fan, garantizando que las finanzas -en vez de ser meramente especulativas o financiarse a s\u00ed mismas- trabajen para los objetivos sociales tan necesarios en el contexto de la actual emergencia sanitaria mundial. En este sentido, necesitamos especialmente una solidaridad en materia de vacunas justamente financiada, ya que no podemos permitir que la ley del mercado prevalezca sobre la ley del amor y la salud de todos. En este sentido, reitero mi llamamiento a los gobernantes, a las empresas y a las organizaciones internacionales para que colaboren en el suministro de vacunas para todos, especialmente para los m\u00e1s vulnerables y necesitados (cf.\u00a0<i>Mensaje Urbi et Orbi<\/i>, Navidad 2020).<\/p>\n<p>Espero que en estos d\u00edas vuestras deliberaciones formales y vuestros encuentros personales den mucho fruto para el discernimiento de soluciones acertadas para un futuro m\u00e1s inclusivo y sostenible. Un futuro en el que las finanzas est\u00e9n al servicio del bien com\u00fan, en el que los vulnerables y los marginados se sit\u00faen en el centro, y en el que la tierra, nuestra casa com\u00fan, est\u00e9 bien cuidada.<\/p>\n<p>Con mis mejores deseos y oraciones para que los encuentros sean fruct\u00edferos, invoco sobre todos los participantes las bendiciones divinas de sabidur\u00eda y comprensi\u00f3n, buen consejo, fortaleza y paz.<\/p>\n<p><strong>\u00a9 Librer\u00eda Editora Vaticana<\/strong><\/p>\n","protected":false},"excerpt":{"rendered":"<p>Al Banco Mundial y el FMI<\/p>\n","protected":false},"author":6,"featured_media":10658,"comment_status":"closed","ping_status":"closed","sticky":false,"template":"","format":"standard","meta":{"_acf_changed":false,"_crdt_document":"","inline_featured_image":false,"footnotes":""},"categories":[118],"tags":[1509,1510,174,158,1511],"class_list":["post-10640","post","type-post","status-publish","format-standard","has-post-thumbnail","hentry","category-mensajes","tag-banco-mundial","tag-fondo-monetario-internacional-fmi","tag-mensaje","tag-papa-francisco","tag-reunion-de-primavera-2021"],"acf":[],"yoast_head":"<!-- This site is optimized with the Yoast SEO plugin v27.5 - https:\/\/yoast.com\/product\/yoast-seo-wordpress\/ -->\n<title>Reuni\u00f3n de Primavera 2021: Mensaje del Papa Francisco - Exaudi Espa\u00f1a<\/title>\n<meta name=\"description\" content=\"El Papa ha enviado un mensaje a los participantes de la Reuni\u00f3n de Primavera 2021 del Banco Mundial y del Fondo Monetario Internacional (FMI).\" \/>\n<meta name=\"robots\" content=\"index, follow, max-snippet:-1, max-image-preview:large, max-video-preview:-1\" \/>\n<link rel=\"canonical\" href=\"https:\/\/exaudi.org\/es\/reunion-primavera-2021-mensaje-papa-francisco\/\" \/>\n<meta property=\"og:locale\" content=\"es_ES\" \/>\n<meta property=\"og:type\" content=\"article\" \/>\n<meta property=\"og:title\" content=\"Reuni\u00f3n de Primavera 2021: Mensaje del Papa Francisco - Exaudi Espa\u00f1a\" \/>\n<meta property=\"og:description\" content=\"El Papa ha enviado un mensaje a los participantes de la Reuni\u00f3n de Primavera 2021 del Banco Mundial y del Fondo Monetario Internacional (FMI).\" \/>\n<meta property=\"og:url\" content=\"https:\/\/exaudi.org\/es\/reunion-primavera-2021-mensaje-papa-francisco\/\" \/>\n<meta property=\"og:site_name\" content=\"Exaudi\" \/>\n<meta property=\"article:publisher\" content=\"https:\/\/www.facebook.com\/ExaudiNews\" \/>\n<meta property=\"article:published_time\" content=\"2021-04-08T10:29:03+00:00\" \/>\n<meta property=\"article:modified_time\" content=\"2021-04-08T15:56:48+00:00\" \/>\n<meta property=\"og:image\" content=\"https:\/\/exaudi.org\/wp-content\/uploads\/2021\/04\/cq5dam.thumbnail.cropped.1500.844.jpeg\" \/>\n\t<meta property=\"og:image:width\" content=\"1500\" \/>\n\t<meta property=\"og:image:height\" content=\"844\" \/>\n\t<meta property=\"og:image:type\" content=\"image\/jpeg\" \/>\n<meta name=\"author\" content=\"Gabriel Sales\" \/>\n<meta name=\"twitter:card\" content=\"summary_large_image\" \/>\n<meta name=\"twitter:creator\" content=\"@habemusman\" \/>\n<meta name=\"twitter:site\" content=\"@Exaudi_News\" \/>\n<meta name=\"twitter:label1\" content=\"Escrito por\" \/>\n\t<meta name=\"twitter:data1\" content=\"Gabriel Sales\" \/>\n\t<meta name=\"twitter:label2\" content=\"Tiempo de lectura\" \/>\n\t<meta name=\"twitter:data2\" content=\"9 minutos\" \/>\n<script type=\"application\/ld+json\" class=\"yoast-schema-graph\">{\"@context\":\"https:\\\/\\\/schema.org\",\"@graph\":[{\"@type\":\"Article\",\"@id\":\"https:\\\/\\\/exaudi.org\\\/es\\\/reunion-primavera-2021-mensaje-papa-francisco\\\/#article\",\"isPartOf\":{\"@id\":\"https:\\\/\\\/exaudi.org\\\/es\\\/reunion-primavera-2021-mensaje-papa-francisco\\\/\"},\"author\":{\"name\":\"Gabriel Sales\",\"@id\":\"https:\\\/\\\/exaudi.org\\\/#\\\/schema\\\/person\\\/d134b96438278131ce90c90c03fda6cd\"},\"headline\":\"Reuni\u00f3n de Primavera 2021: Mensaje del Papa Francisco\",\"datePublished\":\"2021-04-08T10:29:03+00:00\",\"dateModified\":\"2021-04-08T15:56:48+00:00\",\"mainEntityOfPage\":{\"@id\":\"https:\\\/\\\/exaudi.org\\\/es\\\/reunion-primavera-2021-mensaje-papa-francisco\\\/\"},\"wordCount\":1981,\"image\":{\"@id\":\"https:\\\/\\\/exaudi.org\\\/es\\\/reunion-primavera-2021-mensaje-papa-francisco\\\/#primaryimage\"},\"thumbnailUrl\":\"https:\\\/\\\/exaudi.org\\\/wp-content\\\/uploads\\\/2021\\\/04\\\/cq5dam.thumbnail.cropped.1500.844.jpeg\",\"keywords\":[\"Banco Mundial\",\"Fondo Monetario Internacional (FMI)\",\"mensaje\",\"papa francisco\",\"Reuni\u00f3n de Primavera 2021\"],\"articleSection\":[\"Mensajes\"],\"inLanguage\":\"es\"},{\"@type\":\"WebPage\",\"@id\":\"https:\\\/\\\/exaudi.org\\\/es\\\/reunion-primavera-2021-mensaje-papa-francisco\\\/\",\"url\":\"https:\\\/\\\/exaudi.org\\\/es\\\/reunion-primavera-2021-mensaje-papa-francisco\\\/\",\"name\":\"Reuni\u00f3n de Primavera 2021: Mensaje del Papa Francisco - Exaudi Espa\u00f1a\",\"isPartOf\":{\"@id\":\"https:\\\/\\\/exaudi.org\\\/#website\"},\"primaryImageOfPage\":{\"@id\":\"https:\\\/\\\/exaudi.org\\\/es\\\/reunion-primavera-2021-mensaje-papa-francisco\\\/#primaryimage\"},\"image\":{\"@id\":\"https:\\\/\\\/exaudi.org\\\/es\\\/reunion-primavera-2021-mensaje-papa-francisco\\\/#primaryimage\"},\"thumbnailUrl\":\"https:\\\/\\\/exaudi.org\\\/wp-content\\\/uploads\\\/2021\\\/04\\\/cq5dam.thumbnail.cropped.1500.844.jpeg\",\"datePublished\":\"2021-04-08T10:29:03+00:00\",\"dateModified\":\"2021-04-08T15:56:48+00:00\",\"author\":{\"@id\":\"https:\\\/\\\/exaudi.org\\\/#\\\/schema\\\/person\\\/d134b96438278131ce90c90c03fda6cd\"},\"description\":\"El Papa ha enviado un mensaje a los participantes de la Reuni\u00f3n de Primavera 2021 del Banco Mundial y del Fondo Monetario Internacional (FMI).\",\"breadcrumb\":{\"@id\":\"https:\\\/\\\/exaudi.org\\\/es\\\/reunion-primavera-2021-mensaje-papa-francisco\\\/#breadcrumb\"},\"inLanguage\":\"es\",\"potentialAction\":[{\"@type\":\"ReadAction\",\"target\":[\"https:\\\/\\\/exaudi.org\\\/es\\\/reunion-primavera-2021-mensaje-papa-francisco\\\/\"]}]},{\"@type\":\"ImageObject\",\"inLanguage\":\"es\",\"@id\":\"https:\\\/\\\/exaudi.org\\\/es\\\/reunion-primavera-2021-mensaje-papa-francisco\\\/#primaryimage\",\"url\":\"https:\\\/\\\/exaudi.org\\\/wp-content\\\/uploads\\\/2021\\\/04\\\/cq5dam.thumbnail.cropped.1500.844.jpeg\",\"contentUrl\":\"https:\\\/\\\/exaudi.org\\\/wp-content\\\/uploads\\\/2021\\\/04\\\/cq5dam.thumbnail.cropped.1500.844.jpeg\",\"width\":1500,\"height\":844,\"caption\":\"Papa Francisco saludando \u00a9 Vatican Media\"},{\"@type\":\"BreadcrumbList\",\"@id\":\"https:\\\/\\\/exaudi.org\\\/es\\\/reunion-primavera-2021-mensaje-papa-francisco\\\/#breadcrumb\",\"itemListElement\":[{\"@type\":\"ListItem\",\"position\":1,\"name\":\"Portada\",\"item\":\"https:\\\/\\\/exaudi.org\\\/es\\\/\"},{\"@type\":\"ListItem\",\"position\":2,\"name\":\"Reuni\u00f3n de Primavera 2021: Mensaje del Papa Francisco\"}]},{\"@type\":\"WebSite\",\"@id\":\"https:\\\/\\\/exaudi.org\\\/#website\",\"url\":\"https:\\\/\\\/exaudi.org\\\/\",\"name\":\"Exaudi\",\"description\":\"News\",\"potentialAction\":[{\"@type\":\"SearchAction\",\"target\":{\"@type\":\"EntryPoint\",\"urlTemplate\":\"https:\\\/\\\/exaudi.org\\\/?s={search_term_string}\"},\"query-input\":{\"@type\":\"PropertyValueSpecification\",\"valueRequired\":true,\"valueName\":\"search_term_string\"}}],\"inLanguage\":\"es\"},{\"@type\":\"Person\",\"@id\":\"https:\\\/\\\/exaudi.org\\\/#\\\/schema\\\/person\\\/d134b96438278131ce90c90c03fda6cd\",\"name\":\"Gabriel Sales\",\"image\":{\"@type\":\"ImageObject\",\"inLanguage\":\"es\",\"@id\":\"https:\\\/\\\/secure.gravatar.com\\\/avatar\\\/9b1269566f6a063ed26ffb3532b66a373cdde231ce5d0effb266167437fdaffd?s=96&d=mm&r=g\",\"url\":\"https:\\\/\\\/secure.gravatar.com\\\/avatar\\\/9b1269566f6a063ed26ffb3532b66a373cdde231ce5d0effb266167437fdaffd?s=96&d=mm&r=g\",\"contentUrl\":\"https:\\\/\\\/secure.gravatar.com\\\/avatar\\\/9b1269566f6a063ed26ffb3532b66a373cdde231ce5d0effb266167437fdaffd?s=96&d=mm&r=g\",\"caption\":\"Gabriel Sales\"},\"description\":\"Periodista y especialista en Comunicaci\u00f3n y Branding digital. Cin\u00e9filo y cr\u00edtico de cine y series de televisi\u00f3n.\",\"sameAs\":[\"https:\\\/\\\/www.instagram.com\\\/cine90segundos\\\/\",\"www.linkedin.com\\\/in\\\/habemusman\",\"https:\\\/\\\/x.com\\\/habemusman\",\"https:\\\/\\\/www.youtube.com\\\/channel\\\/UCVfCiOMkJ_C7T7OpyjuaLDg\"],\"url\":\"https:\\\/\\\/exaudi.org\\\/es\\\/author\\\/gsalesexaudi-org\\\/\"}]}<\/script>\n<!-- \/ Yoast SEO plugin. -->","yoast_head_json":{"title":"Reuni\u00f3n de Primavera 2021: Mensaje del Papa Francisco - Exaudi Espa\u00f1a","description":"El Papa ha enviado un mensaje a los participantes de la Reuni\u00f3n de Primavera 2021 del Banco Mundial y del Fondo Monetario Internacional (FMI).","robots":{"index":"index","follow":"follow","max-snippet":"max-snippet:-1","max-image-preview":"max-image-preview:large","max-video-preview":"max-video-preview:-1"},"canonical":"https:\/\/exaudi.org\/es\/reunion-primavera-2021-mensaje-papa-francisco\/","og_locale":"es_ES","og_type":"article","og_title":"Reuni\u00f3n de Primavera 2021: Mensaje del Papa Francisco - Exaudi Espa\u00f1a","og_description":"El Papa ha enviado un mensaje a los participantes de la Reuni\u00f3n de Primavera 2021 del Banco Mundial y del Fondo Monetario Internacional (FMI).","og_url":"https:\/\/exaudi.org\/es\/reunion-primavera-2021-mensaje-papa-francisco\/","og_site_name":"Exaudi","article_publisher":"https:\/\/www.facebook.com\/ExaudiNews","article_published_time":"2021-04-08T10:29:03+00:00","article_modified_time":"2021-04-08T15:56:48+00:00","og_image":[{"width":1500,"height":844,"url":"https:\/\/exaudi.org\/wp-content\/uploads\/2021\/04\/cq5dam.thumbnail.cropped.1500.844.jpeg","type":"image\/jpeg"}],"author":"Gabriel Sales","twitter_card":"summary_large_image","twitter_creator":"@habemusman","twitter_site":"@Exaudi_News","twitter_misc":{"Escrito por":"Gabriel Sales","Tiempo de lectura":"9 minutos"},"schema":{"@context":"https:\/\/schema.org","@graph":[{"@type":"Article","@id":"https:\/\/exaudi.org\/es\/reunion-primavera-2021-mensaje-papa-francisco\/#article","isPartOf":{"@id":"https:\/\/exaudi.org\/es\/reunion-primavera-2021-mensaje-papa-francisco\/"},"author":{"name":"Gabriel Sales","@id":"https:\/\/exaudi.org\/#\/schema\/person\/d134b96438278131ce90c90c03fda6cd"},"headline":"Reuni\u00f3n de Primavera 2021: Mensaje del Papa Francisco","datePublished":"2021-04-08T10:29:03+00:00","dateModified":"2021-04-08T15:56:48+00:00","mainEntityOfPage":{"@id":"https:\/\/exaudi.org\/es\/reunion-primavera-2021-mensaje-papa-francisco\/"},"wordCount":1981,"image":{"@id":"https:\/\/exaudi.org\/es\/reunion-primavera-2021-mensaje-papa-francisco\/#primaryimage"},"thumbnailUrl":"https:\/\/exaudi.org\/wp-content\/uploads\/2021\/04\/cq5dam.thumbnail.cropped.1500.844.jpeg","keywords":["Banco Mundial","Fondo Monetario Internacional (FMI)","mensaje","papa francisco","Reuni\u00f3n de Primavera 2021"],"articleSection":["Mensajes"],"inLanguage":"es"},{"@type":"WebPage","@id":"https:\/\/exaudi.org\/es\/reunion-primavera-2021-mensaje-papa-francisco\/","url":"https:\/\/exaudi.org\/es\/reunion-primavera-2021-mensaje-papa-francisco\/","name":"Reuni\u00f3n de Primavera 2021: Mensaje del Papa Francisco - Exaudi Espa\u00f1a","isPartOf":{"@id":"https:\/\/exaudi.org\/#website"},"primaryImageOfPage":{"@id":"https:\/\/exaudi.org\/es\/reunion-primavera-2021-mensaje-papa-francisco\/#primaryimage"},"image":{"@id":"https:\/\/exaudi.org\/es\/reunion-primavera-2021-mensaje-papa-francisco\/#primaryimage"},"thumbnailUrl":"https:\/\/exaudi.org\/wp-content\/uploads\/2021\/04\/cq5dam.thumbnail.cropped.1500.844.jpeg","datePublished":"2021-04-08T10:29:03+00:00","dateModified":"2021-04-08T15:56:48+00:00","author":{"@id":"https:\/\/exaudi.org\/#\/schema\/person\/d134b96438278131ce90c90c03fda6cd"},"description":"El Papa ha enviado un mensaje a los participantes de la Reuni\u00f3n de Primavera 2021 del Banco Mundial y del Fondo Monetario Internacional (FMI).","breadcrumb":{"@id":"https:\/\/exaudi.org\/es\/reunion-primavera-2021-mensaje-papa-francisco\/#breadcrumb"},"inLanguage":"es","potentialAction":[{"@type":"ReadAction","target":["https:\/\/exaudi.org\/es\/reunion-primavera-2021-mensaje-papa-francisco\/"]}]},{"@type":"ImageObject","inLanguage":"es","@id":"https:\/\/exaudi.org\/es\/reunion-primavera-2021-mensaje-papa-francisco\/#primaryimage","url":"https:\/\/exaudi.org\/wp-content\/uploads\/2021\/04\/cq5dam.thumbnail.cropped.1500.844.jpeg","contentUrl":"https:\/\/exaudi.org\/wp-content\/uploads\/2021\/04\/cq5dam.thumbnail.cropped.1500.844.jpeg","width":1500,"height":844,"caption":"Papa Francisco saludando \u00a9 Vatican Media"},{"@type":"BreadcrumbList","@id":"https:\/\/exaudi.org\/es\/reunion-primavera-2021-mensaje-papa-francisco\/#breadcrumb","itemListElement":[{"@type":"ListItem","position":1,"name":"Portada","item":"https:\/\/exaudi.org\/es\/"},{"@type":"ListItem","position":2,"name":"Reuni\u00f3n de Primavera 2021: Mensaje del Papa Francisco"}]},{"@type":"WebSite","@id":"https:\/\/exaudi.org\/#website","url":"https:\/\/exaudi.org\/","name":"Exaudi","description":"News","potentialAction":[{"@type":"SearchAction","target":{"@type":"EntryPoint","urlTemplate":"https:\/\/exaudi.org\/?s={search_term_string}"},"query-input":{"@type":"PropertyValueSpecification","valueRequired":true,"valueName":"search_term_string"}}],"inLanguage":"es"},{"@type":"Person","@id":"https:\/\/exaudi.org\/#\/schema\/person\/d134b96438278131ce90c90c03fda6cd","name":"Gabriel Sales","image":{"@type":"ImageObject","inLanguage":"es","@id":"https:\/\/secure.gravatar.com\/avatar\/9b1269566f6a063ed26ffb3532b66a373cdde231ce5d0effb266167437fdaffd?s=96&d=mm&r=g","url":"https:\/\/secure.gravatar.com\/avatar\/9b1269566f6a063ed26ffb3532b66a373cdde231ce5d0effb266167437fdaffd?s=96&d=mm&r=g","contentUrl":"https:\/\/secure.gravatar.com\/avatar\/9b1269566f6a063ed26ffb3532b66a373cdde231ce5d0effb266167437fdaffd?s=96&d=mm&r=g","caption":"Gabriel Sales"},"description":"Periodista y especialista en Comunicaci\u00f3n y Branding digital. Cin\u00e9filo y cr\u00edtico de cine y series de televisi\u00f3n.","sameAs":["https:\/\/www.instagram.com\/cine90segundos\/","www.linkedin.com\/in\/habemusman","https:\/\/x.com\/habemusman","https:\/\/www.youtube.com\/channel\/UCVfCiOMkJ_C7T7OpyjuaLDg"],"url":"https:\/\/exaudi.org\/es\/author\/gsalesexaudi-org\/"}]}},"jetpack_featured_media_url":"https:\/\/exaudi.org\/wp-content\/uploads\/2021\/04\/cq5dam.thumbnail.cropped.1500.844.jpeg","jetpack_shortlink":"https:\/\/wp.me\/pgKjF2-2LC","_links":{"self":[{"href":"https:\/\/exaudi.org\/es\/wp-json\/wp\/v2\/posts\/10640","targetHints":{"allow":["GET"]}}],"collection":[{"href":"https:\/\/exaudi.org\/es\/wp-json\/wp\/v2\/posts"}],"about":[{"href":"https:\/\/exaudi.org\/es\/wp-json\/wp\/v2\/types\/post"}],"author":[{"embeddable":true,"href":"https:\/\/exaudi.org\/es\/wp-json\/wp\/v2\/users\/6"}],"replies":[{"embeddable":true,"href":"https:\/\/exaudi.org\/es\/wp-json\/wp\/v2\/comments?post=10640"}],"version-history":[{"count":0,"href":"https:\/\/exaudi.org\/es\/wp-json\/wp\/v2\/posts\/10640\/revisions"}],"wp:featuredmedia":[{"embeddable":true,"href":"https:\/\/exaudi.org\/es\/wp-json\/wp\/v2\/media\/10658"}],"wp:attachment":[{"href":"https:\/\/exaudi.org\/es\/wp-json\/wp\/v2\/media?parent=10640"}],"wp:term":[{"taxonomy":"category","embeddable":true,"href":"https:\/\/exaudi.org\/es\/wp-json\/wp\/v2\/categories?post=10640"},{"taxonomy":"post_tag","embeddable":true,"href":"https:\/\/exaudi.org\/es\/wp-json\/wp\/v2\/tags?post=10640"}],"curies":[{"name":"wp","href":"https:\/\/api.w.org\/{rel}","templated":true}]}}