{"id":106374,"date":"2024-08-07T09:00:50","date_gmt":"2024-08-07T07:00:50","guid":{"rendered":"https:\/\/exaudi.org\/?p=106374"},"modified":"2024-08-07T11:30:38","modified_gmt":"2024-08-07T09:30:38","slug":"la-academia-internacional-de-lideres-catolicos-convoca-a-un-foro-para-conocer-la-situacion-en-venezuela-a-traves-de-expertos","status":"publish","type":"post","link":"https:\/\/exaudi.org\/es\/la-academia-internacional-de-lideres-catolicos-convoca-a-un-foro-para-conocer-la-situacion-en-venezuela-a-traves-de-expertos\/","title":{"rendered":"La Academia Internacional de L\u00edderes Cat\u00f3licos convoca a un foro para conocer la situaci\u00f3n en Venezuela a trav\u00e9s de expertos"},"content":{"rendered":"<p>El pr\u00f3ximo 7 de agosto, la Academia Internacional de L\u00edderes Cat\u00f3licos ha organizado un foro de conversaci\u00f3n para analizar la situaci\u00f3n en Venezuela tras las elecciones presidenciales del 28 de julio. En este evento virtual, se discutir\u00e1n los posibles escenarios pol\u00edticos para el oficialismo y la oposici\u00f3n de dicho pa\u00eds, con la participaci\u00f3n de destacados expertos.<\/p>\n<p>El conversatorio contar\u00e1 con la presencia del Cardenal Diego Padr\u00f3n, expresidente de la Conferencia Episcopal de Venezuela, y Fernando Carrillo Fl\u00f3rez, vicepresidente mundial del grupo PRISA. Juntos ofrecer\u00e1n un an\u00e1lisis profundo de la situaci\u00f3n actual y las posibles repercusiones para el futuro pol\u00edtico de Venezuela.<\/p>\n<p>Para seguir este interesante conversatorio, los horarios son los siguientes:<\/p>\n<ul>\n<li>10:00 a.m. &#8211; M\u00e9xico, Costa Rica<\/li>\n<li>11:00 a.m. &#8211; Chicago, Panam\u00e1, Colombia, Ecuador, Per\u00fa<\/li>\n<li>12:00 p.m. &#8211; Venezuela, Chile, Nueva York, Paraguay<\/li>\n<li>1:00 p.m. &#8211; Argentina, Brasil, Uruguay<\/li>\n<li>5:00 p.m. &#8211; Guinea Ecuatorial, Portugal<\/li>\n<li>6:00 p.m. &#8211; Espa\u00f1a, Italia<\/li>\n<\/ul>\n<p>La Academia Internacional de L\u00edderes Cat\u00f3licos es un centro de formaci\u00f3n en Doctrina Social de la Iglesia, presente en 40 di\u00f3cesis de 14 pa\u00edses. Hasta la fecha, ha graduado a m\u00e1s de 35,000 alumnos en programas presenciales y virtuales, consolid\u00e1ndose como un referente en la formaci\u00f3n de l\u00edderes comprometidos con la construcci\u00f3n de una sociedad m\u00e1s justa.<\/p>\n<p><img loading=\"lazy\" decoding=\"async\" class=\"size-full wp-image-106375 alignnone\" src=\"https:\/\/exaudi.org\/wp-content\/uploads\/2024\/08\/WhatsApp-Image-2024-08-03-at-22.46.51.jpeg\" alt=\"\" width=\"1600\" height=\"1600\" srcset=\"https:\/\/exaudi.org\/wp-content\/uploads\/2024\/08\/WhatsApp-Image-2024-08-03-at-22.46.51.jpeg 1600w, https:\/\/exaudi.org\/wp-content\/uploads\/2024\/08\/WhatsApp-Image-2024-08-03-at-22.46.51-300x300.jpeg 300w, https:\/\/exaudi.org\/wp-content\/uploads\/2024\/08\/WhatsApp-Image-2024-08-03-at-22.46.51-1024x1024.jpeg 1024w, https:\/\/exaudi.org\/wp-content\/uploads\/2024\/08\/WhatsApp-Image-2024-08-03-at-22.46.51-100x100.jpeg?crop=1 100w, https:\/\/exaudi.org\/wp-content\/uploads\/2024\/08\/WhatsApp-Image-2024-08-03-at-22.46.51-770x770.jpeg 770w, https:\/\/exaudi.org\/wp-content\/uploads\/2024\/08\/WhatsApp-Image-2024-08-03-at-22.46.51-1536x1536.jpeg 1536w, https:\/\/exaudi.org\/wp-content\/uploads\/2024\/08\/WhatsApp-Image-2024-08-03-at-22.46.51-500x500.jpeg 500w, https:\/\/exaudi.org\/wp-content\/uploads\/2024\/08\/WhatsApp-Image-2024-08-03-at-22.46.51-293x293.jpeg 293w, https:\/\/exaudi.org\/wp-content\/uploads\/2024\/08\/WhatsApp-Image-2024-08-03-at-22.46.51-390x390.jpeg 390w, https:\/\/exaudi.org\/wp-content\/uploads\/2024\/08\/WhatsApp-Image-2024-08-03-at-22.46.51-585x585.jpeg 585w, https:\/\/exaudi.org\/wp-content\/uploads\/2024\/08\/WhatsApp-Image-2024-08-03-at-22.46.51-900x900.jpeg 900w, https:\/\/exaudi.org\/wp-content\/uploads\/2024\/08\/WhatsApp-Image-2024-08-03-at-22.46.51-1400x1400.jpeg 1400w\" sizes=\"auto, (max-width: 1600px) 100vw, 1600px\" \/><\/p>\n<p>&nbsp;<\/p>\n","protected":false},"excerpt":{"rendered":"<p>El pr\u00f3ximo 7 de agosto, la Academia Internacional de L\u00edderes Cat\u00f3licos ha organizado un foro de conversaci\u00f3n para analizar la situaci\u00f3n en Venezuela tras las elecciones presidenciales del 28 de julio. En este evento virtual, se discutir\u00e1n los posibles escenarios pol\u00edticos para el oficialismo y la oposici\u00f3n de dicho pa\u00eds, con la participaci\u00f3n de destacados [&hellip;]<\/p>\n","protected":false},"author":107,"featured_media":106375,"comment_status":"closed","ping_status":"closed","sticky":false,"template":"","format":"standard","meta":{"_acf_changed":false,"_crdt_document":"","inline_featured_image":false,"footnotes":""},"categories":[74],"tags":[11767,22474,22475,22476,4953,966],"class_list":["post-106374","post","type-post","status-publish","format-standard","has-post-thumbnail","hentry","category-iglesia-y-mundo","tag-academia-internacional-de-lideres-catolicos","tag-cardenal-diego-padron","tag-fernando-cariilo-florez","tag-prisa","tag-trending-es","tag-venezuela"],"acf":[],"yoast_head":"<!-- This site is optimized with the Yoast SEO plugin v27.4 - https:\/\/yoast.com\/product\/yoast-seo-wordpress\/ -->\n<title>La Academia Internacional de L\u00edderes Cat\u00f3licos convoca a un foro para conocer la situaci\u00f3n en Venezuela a trav\u00e9s de expertos &#8211; Exaudi<\/title>\n<meta name=\"robots\" content=\"index, follow, max-snippet:-1, max-image-preview:large, max-video-preview:-1\" \/>\n<link rel=\"canonical\" href=\"https:\/\/exaudi.org\/es\/la-academia-internacional-de-lideres-catolicos-convoca-a-un-foro-para-conocer-la-situacion-en-venezuela-a-traves-de-expertos\/\" \/>\n<meta property=\"og:locale\" content=\"es_ES\" \/>\n<meta property=\"og:type\" content=\"article\" \/>\n<meta property=\"og:title\" content=\"La Academia Internacional de L\u00edderes Cat\u00f3licos convoca a un foro para conocer la situaci\u00f3n en Venezuela a trav\u00e9s de expertos &#8211; Exaudi\" \/>\n<meta property=\"og:description\" content=\"El pr\u00f3ximo 7 de agosto, la Academia Internacional de L\u00edderes Cat\u00f3licos ha organizado un foro de conversaci\u00f3n para analizar la situaci\u00f3n en Venezuela tras las elecciones presidenciales del 28 de julio. En este evento virtual, se discutir\u00e1n los posibles escenarios pol\u00edticos para el oficialismo y la oposici\u00f3n de dicho pa\u00eds, con la participaci\u00f3n de destacados [&hellip;]\" \/>\n<meta property=\"og:url\" content=\"https:\/\/exaudi.org\/es\/la-academia-internacional-de-lideres-catolicos-convoca-a-un-foro-para-conocer-la-situacion-en-venezuela-a-traves-de-expertos\/\" \/>\n<meta property=\"og:site_name\" content=\"Exaudi\" \/>\n<meta property=\"article:publisher\" content=\"https:\/\/www.facebook.com\/ExaudiNews\" \/>\n<meta property=\"article:published_time\" content=\"2024-08-07T07:00:50+00:00\" \/>\n<meta property=\"article:modified_time\" content=\"2024-08-07T09:30:38+00:00\" \/>\n<meta property=\"og:image\" content=\"https:\/\/exaudi.org\/wp-content\/uploads\/2024\/08\/WhatsApp-Image-2024-08-03-at-22.46.51.jpeg\" \/>\n\t<meta property=\"og:image:width\" content=\"1600\" \/>\n\t<meta property=\"og:image:height\" content=\"1600\" \/>\n\t<meta property=\"og:image:type\" content=\"image\/jpeg\" \/>\n<meta name=\"author\" content=\"Academia de L\u00edderes Cat\u00f3licos\" \/>\n<meta name=\"twitter:card\" content=\"summary_large_image\" \/>\n<meta name=\"twitter:creator\" content=\"@Exaudi_News\" \/>\n<meta name=\"twitter:site\" content=\"@Exaudi_News\" \/>\n<meta name=\"twitter:label1\" content=\"Escrito por\" \/>\n\t<meta name=\"twitter:data1\" content=\"Academia de L\u00edderes Cat\u00f3licos\" \/>\n\t<meta name=\"twitter:label2\" content=\"Tiempo de lectura\" \/>\n\t<meta name=\"twitter:data2\" content=\"1 minuto\" \/>\n<script type=\"application\/ld+json\" class=\"yoast-schema-graph\">{\"@context\":\"https:\\\/\\\/schema.org\",\"@graph\":[{\"@type\":\"Article\",\"@id\":\"https:\\\/\\\/exaudi.org\\\/es\\\/la-academia-internacional-de-lideres-catolicos-convoca-a-un-foro-para-conocer-la-situacion-en-venezuela-a-traves-de-expertos\\\/#article\",\"isPartOf\":{\"@id\":\"https:\\\/\\\/exaudi.org\\\/es\\\/la-academia-internacional-de-lideres-catolicos-convoca-a-un-foro-para-conocer-la-situacion-en-venezuela-a-traves-de-expertos\\\/\"},\"author\":{\"name\":\"Academia de L\u00edderes Cat\u00f3licos\",\"@id\":\"https:\\\/\\\/exaudi.org\\\/#\\\/schema\\\/person\\\/334968a332d5dad9f94e08897852c6af\"},\"headline\":\"La Academia Internacional de L\u00edderes Cat\u00f3licos convoca a un foro para conocer la situaci\u00f3n en Venezuela a trav\u00e9s de expertos\",\"datePublished\":\"2024-08-07T07:00:50+00:00\",\"dateModified\":\"2024-08-07T09:30:38+00:00\",\"mainEntityOfPage\":{\"@id\":\"https:\\\/\\\/exaudi.org\\\/es\\\/la-academia-internacional-de-lideres-catolicos-convoca-a-un-foro-para-conocer-la-situacion-en-venezuela-a-traves-de-expertos\\\/\"},\"wordCount\":256,\"image\":{\"@id\":\"https:\\\/\\\/exaudi.org\\\/es\\\/la-academia-internacional-de-lideres-catolicos-convoca-a-un-foro-para-conocer-la-situacion-en-venezuela-a-traves-de-expertos\\\/#primaryimage\"},\"thumbnailUrl\":\"https:\\\/\\\/exaudi.org\\\/wp-content\\\/uploads\\\/2024\\\/08\\\/WhatsApp-Image-2024-08-03-at-22.46.51.jpeg\",\"keywords\":[\"Academia Internacional de L\u00edderes Cat\u00f3licos\",\"Cardenal Diego Padr\u00f3n\",\"Fernando Cariilo Fl\u00f3rez\",\"Prisa\",\"Trending\",\"Venezuela\"],\"articleSection\":[\"Iglesia y Mundo\"],\"inLanguage\":\"es\"},{\"@type\":\"WebPage\",\"@id\":\"https:\\\/\\\/exaudi.org\\\/es\\\/la-academia-internacional-de-lideres-catolicos-convoca-a-un-foro-para-conocer-la-situacion-en-venezuela-a-traves-de-expertos\\\/\",\"url\":\"https:\\\/\\\/exaudi.org\\\/es\\\/la-academia-internacional-de-lideres-catolicos-convoca-a-un-foro-para-conocer-la-situacion-en-venezuela-a-traves-de-expertos\\\/\",\"name\":\"La Academia Internacional de L\u00edderes Cat\u00f3licos convoca a un foro para conocer la situaci\u00f3n en Venezuela a trav\u00e9s de expertos &#8211; Exaudi\",\"isPartOf\":{\"@id\":\"https:\\\/\\\/exaudi.org\\\/#website\"},\"primaryImageOfPage\":{\"@id\":\"https:\\\/\\\/exaudi.org\\\/es\\\/la-academia-internacional-de-lideres-catolicos-convoca-a-un-foro-para-conocer-la-situacion-en-venezuela-a-traves-de-expertos\\\/#primaryimage\"},\"image\":{\"@id\":\"https:\\\/\\\/exaudi.org\\\/es\\\/la-academia-internacional-de-lideres-catolicos-convoca-a-un-foro-para-conocer-la-situacion-en-venezuela-a-traves-de-expertos\\\/#primaryimage\"},\"thumbnailUrl\":\"https:\\\/\\\/exaudi.org\\\/wp-content\\\/uploads\\\/2024\\\/08\\\/WhatsApp-Image-2024-08-03-at-22.46.51.jpeg\",\"datePublished\":\"2024-08-07T07:00:50+00:00\",\"dateModified\":\"2024-08-07T09:30:38+00:00\",\"author\":{\"@id\":\"https:\\\/\\\/exaudi.org\\\/#\\\/schema\\\/person\\\/334968a332d5dad9f94e08897852c6af\"},\"breadcrumb\":{\"@id\":\"https:\\\/\\\/exaudi.org\\\/es\\\/la-academia-internacional-de-lideres-catolicos-convoca-a-un-foro-para-conocer-la-situacion-en-venezuela-a-traves-de-expertos\\\/#breadcrumb\"},\"inLanguage\":\"es\",\"potentialAction\":[{\"@type\":\"ReadAction\",\"target\":[\"https:\\\/\\\/exaudi.org\\\/es\\\/la-academia-internacional-de-lideres-catolicos-convoca-a-un-foro-para-conocer-la-situacion-en-venezuela-a-traves-de-expertos\\\/\"]}]},{\"@type\":\"ImageObject\",\"inLanguage\":\"es\",\"@id\":\"https:\\\/\\\/exaudi.org\\\/es\\\/la-academia-internacional-de-lideres-catolicos-convoca-a-un-foro-para-conocer-la-situacion-en-venezuela-a-traves-de-expertos\\\/#primaryimage\",\"url\":\"https:\\\/\\\/exaudi.org\\\/wp-content\\\/uploads\\\/2024\\\/08\\\/WhatsApp-Image-2024-08-03-at-22.46.51.jpeg\",\"contentUrl\":\"https:\\\/\\\/exaudi.org\\\/wp-content\\\/uploads\\\/2024\\\/08\\\/WhatsApp-Image-2024-08-03-at-22.46.51.jpeg\",\"width\":1600,\"height\":1600},{\"@type\":\"BreadcrumbList\",\"@id\":\"https:\\\/\\\/exaudi.org\\\/es\\\/la-academia-internacional-de-lideres-catolicos-convoca-a-un-foro-para-conocer-la-situacion-en-venezuela-a-traves-de-expertos\\\/#breadcrumb\",\"itemListElement\":[{\"@type\":\"ListItem\",\"position\":1,\"name\":\"Portada\",\"item\":\"https:\\\/\\\/exaudi.org\\\/es\\\/\"},{\"@type\":\"ListItem\",\"position\":2,\"name\":\"La Academia Internacional de L\u00edderes Cat\u00f3licos convoca a un foro para conocer la situaci\u00f3n en Venezuela a trav\u00e9s de expertos\"}]},{\"@type\":\"WebSite\",\"@id\":\"https:\\\/\\\/exaudi.org\\\/#website\",\"url\":\"https:\\\/\\\/exaudi.org\\\/\",\"name\":\"Exaudi\",\"description\":\"News\",\"potentialAction\":[{\"@type\":\"SearchAction\",\"target\":{\"@type\":\"EntryPoint\",\"urlTemplate\":\"https:\\\/\\\/exaudi.org\\\/?s={search_term_string}\"},\"query-input\":{\"@type\":\"PropertyValueSpecification\",\"valueRequired\":true,\"valueName\":\"search_term_string\"}}],\"inLanguage\":\"es\"},{\"@type\":\"Person\",\"@id\":\"https:\\\/\\\/exaudi.org\\\/#\\\/schema\\\/person\\\/334968a332d5dad9f94e08897852c6af\",\"name\":\"Academia de L\u00edderes Cat\u00f3licos\",\"image\":{\"@type\":\"ImageObject\",\"inLanguage\":\"es\",\"@id\":\"https:\\\/\\\/secure.gravatar.com\\\/avatar\\\/80d80b1e34d8fa01f6b95d10e695853ca4ea7e054050e21ad1a15d546d4600ca?s=96&d=mm&r=g\",\"url\":\"https:\\\/\\\/secure.gravatar.com\\\/avatar\\\/80d80b1e34d8fa01f6b95d10e695853ca4ea7e054050e21ad1a15d546d4600ca?s=96&d=mm&r=g\",\"contentUrl\":\"https:\\\/\\\/secure.gravatar.com\\\/avatar\\\/80d80b1e34d8fa01f6b95d10e695853ca4ea7e054050e21ad1a15d546d4600ca?s=96&d=mm&r=g\",\"caption\":\"Academia de L\u00edderes Cat\u00f3licos\"},\"description\":\"Es una fundaci\u00f3n de derecho privado sin fines de lucro que busca formar cat\u00f3licos que a partir de la experiencia cristiana desarrollen su vocaci\u00f3n pol\u00edtica con la ayuda de la Doctrina Social de la Iglesia. La Academia Latinoamericana de L\u00edderes Cat\u00f3licos tiene como misi\u00f3n, formar l\u00edderes desde una perspectiva cat\u00f3lica, arraigados en la fe de la Iglesia, para transformar el mundo social, pol\u00edtico y econ\u00f3mico a la luz de la Doctrina Social de la Iglesia. Formar una nueva generaci\u00f3n de cat\u00f3licos latinoamericanos con responsabilidades pol\u00edticas y sociales para que transformen el rostro del continente al servicio de sus pueblos, a la luz del Magisterio de la Iglesia y de cara a los Jubileos del V Centenario Guadalupano y de los dos mil a\u00f1os de la redenci\u00f3n.\",\"sameAs\":[\"https:\\\/\\\/liderescatolicos.net\\\/\",\"https:\\\/\\\/www.youtube.com\\\/c\\\/LderesCatlicos\"],\"url\":\"https:\\\/\\\/exaudi.org\\\/es\\\/author\\\/academia-de-lideres-catolicos\\\/\"}]}<\/script>\n<!-- \/ Yoast SEO plugin. -->","yoast_head_json":{"title":"La Academia Internacional de L\u00edderes Cat\u00f3licos convoca a un foro para conocer la situaci\u00f3n en Venezuela a trav\u00e9s de expertos &#8211; Exaudi","robots":{"index":"index","follow":"follow","max-snippet":"max-snippet:-1","max-image-preview":"max-image-preview:large","max-video-preview":"max-video-preview:-1"},"canonical":"https:\/\/exaudi.org\/es\/la-academia-internacional-de-lideres-catolicos-convoca-a-un-foro-para-conocer-la-situacion-en-venezuela-a-traves-de-expertos\/","og_locale":"es_ES","og_type":"article","og_title":"La Academia Internacional de L\u00edderes Cat\u00f3licos convoca a un foro para conocer la situaci\u00f3n en Venezuela a trav\u00e9s de expertos &#8211; Exaudi","og_description":"El pr\u00f3ximo 7 de agosto, la Academia Internacional de L\u00edderes Cat\u00f3licos ha organizado un foro de conversaci\u00f3n para analizar la situaci\u00f3n en Venezuela tras las elecciones presidenciales del 28 de julio. En este evento virtual, se discutir\u00e1n los posibles escenarios pol\u00edticos para el oficialismo y la oposici\u00f3n de dicho pa\u00eds, con la participaci\u00f3n de destacados [&hellip;]","og_url":"https:\/\/exaudi.org\/es\/la-academia-internacional-de-lideres-catolicos-convoca-a-un-foro-para-conocer-la-situacion-en-venezuela-a-traves-de-expertos\/","og_site_name":"Exaudi","article_publisher":"https:\/\/www.facebook.com\/ExaudiNews","article_published_time":"2024-08-07T07:00:50+00:00","article_modified_time":"2024-08-07T09:30:38+00:00","og_image":[{"width":1600,"height":1600,"url":"https:\/\/exaudi.org\/wp-content\/uploads\/2024\/08\/WhatsApp-Image-2024-08-03-at-22.46.51.jpeg","type":"image\/jpeg"}],"author":"Academia de L\u00edderes Cat\u00f3licos","twitter_card":"summary_large_image","twitter_creator":"@Exaudi_News","twitter_site":"@Exaudi_News","twitter_misc":{"Escrito por":"Academia de L\u00edderes Cat\u00f3licos","Tiempo de lectura":"1 minuto"},"schema":{"@context":"https:\/\/schema.org","@graph":[{"@type":"Article","@id":"https:\/\/exaudi.org\/es\/la-academia-internacional-de-lideres-catolicos-convoca-a-un-foro-para-conocer-la-situacion-en-venezuela-a-traves-de-expertos\/#article","isPartOf":{"@id":"https:\/\/exaudi.org\/es\/la-academia-internacional-de-lideres-catolicos-convoca-a-un-foro-para-conocer-la-situacion-en-venezuela-a-traves-de-expertos\/"},"author":{"name":"Academia de L\u00edderes Cat\u00f3licos","@id":"https:\/\/exaudi.org\/#\/schema\/person\/334968a332d5dad9f94e08897852c6af"},"headline":"La Academia Internacional de L\u00edderes Cat\u00f3licos convoca a un foro para conocer la situaci\u00f3n en Venezuela a trav\u00e9s de expertos","datePublished":"2024-08-07T07:00:50+00:00","dateModified":"2024-08-07T09:30:38+00:00","mainEntityOfPage":{"@id":"https:\/\/exaudi.org\/es\/la-academia-internacional-de-lideres-catolicos-convoca-a-un-foro-para-conocer-la-situacion-en-venezuela-a-traves-de-expertos\/"},"wordCount":256,"image":{"@id":"https:\/\/exaudi.org\/es\/la-academia-internacional-de-lideres-catolicos-convoca-a-un-foro-para-conocer-la-situacion-en-venezuela-a-traves-de-expertos\/#primaryimage"},"thumbnailUrl":"https:\/\/exaudi.org\/wp-content\/uploads\/2024\/08\/WhatsApp-Image-2024-08-03-at-22.46.51.jpeg","keywords":["Academia Internacional de L\u00edderes Cat\u00f3licos","Cardenal Diego Padr\u00f3n","Fernando Cariilo Fl\u00f3rez","Prisa","Trending","Venezuela"],"articleSection":["Iglesia y Mundo"],"inLanguage":"es"},{"@type":"WebPage","@id":"https:\/\/exaudi.org\/es\/la-academia-internacional-de-lideres-catolicos-convoca-a-un-foro-para-conocer-la-situacion-en-venezuela-a-traves-de-expertos\/","url":"https:\/\/exaudi.org\/es\/la-academia-internacional-de-lideres-catolicos-convoca-a-un-foro-para-conocer-la-situacion-en-venezuela-a-traves-de-expertos\/","name":"La Academia Internacional de L\u00edderes Cat\u00f3licos convoca a un foro para conocer la situaci\u00f3n en Venezuela a trav\u00e9s de expertos &#8211; Exaudi","isPartOf":{"@id":"https:\/\/exaudi.org\/#website"},"primaryImageOfPage":{"@id":"https:\/\/exaudi.org\/es\/la-academia-internacional-de-lideres-catolicos-convoca-a-un-foro-para-conocer-la-situacion-en-venezuela-a-traves-de-expertos\/#primaryimage"},"image":{"@id":"https:\/\/exaudi.org\/es\/la-academia-internacional-de-lideres-catolicos-convoca-a-un-foro-para-conocer-la-situacion-en-venezuela-a-traves-de-expertos\/#primaryimage"},"thumbnailUrl":"https:\/\/exaudi.org\/wp-content\/uploads\/2024\/08\/WhatsApp-Image-2024-08-03-at-22.46.51.jpeg","datePublished":"2024-08-07T07:00:50+00:00","dateModified":"2024-08-07T09:30:38+00:00","author":{"@id":"https:\/\/exaudi.org\/#\/schema\/person\/334968a332d5dad9f94e08897852c6af"},"breadcrumb":{"@id":"https:\/\/exaudi.org\/es\/la-academia-internacional-de-lideres-catolicos-convoca-a-un-foro-para-conocer-la-situacion-en-venezuela-a-traves-de-expertos\/#breadcrumb"},"inLanguage":"es","potentialAction":[{"@type":"ReadAction","target":["https:\/\/exaudi.org\/es\/la-academia-internacional-de-lideres-catolicos-convoca-a-un-foro-para-conocer-la-situacion-en-venezuela-a-traves-de-expertos\/"]}]},{"@type":"ImageObject","inLanguage":"es","@id":"https:\/\/exaudi.org\/es\/la-academia-internacional-de-lideres-catolicos-convoca-a-un-foro-para-conocer-la-situacion-en-venezuela-a-traves-de-expertos\/#primaryimage","url":"https:\/\/exaudi.org\/wp-content\/uploads\/2024\/08\/WhatsApp-Image-2024-08-03-at-22.46.51.jpeg","contentUrl":"https:\/\/exaudi.org\/wp-content\/uploads\/2024\/08\/WhatsApp-Image-2024-08-03-at-22.46.51.jpeg","width":1600,"height":1600},{"@type":"BreadcrumbList","@id":"https:\/\/exaudi.org\/es\/la-academia-internacional-de-lideres-catolicos-convoca-a-un-foro-para-conocer-la-situacion-en-venezuela-a-traves-de-expertos\/#breadcrumb","itemListElement":[{"@type":"ListItem","position":1,"name":"Portada","item":"https:\/\/exaudi.org\/es\/"},{"@type":"ListItem","position":2,"name":"La Academia Internacional de L\u00edderes Cat\u00f3licos convoca a un foro para conocer la situaci\u00f3n en Venezuela a trav\u00e9s de expertos"}]},{"@type":"WebSite","@id":"https:\/\/exaudi.org\/#website","url":"https:\/\/exaudi.org\/","name":"Exaudi","description":"News","potentialAction":[{"@type":"SearchAction","target":{"@type":"EntryPoint","urlTemplate":"https:\/\/exaudi.org\/?s={search_term_string}"},"query-input":{"@type":"PropertyValueSpecification","valueRequired":true,"valueName":"search_term_string"}}],"inLanguage":"es"},{"@type":"Person","@id":"https:\/\/exaudi.org\/#\/schema\/person\/334968a332d5dad9f94e08897852c6af","name":"Academia de L\u00edderes Cat\u00f3licos","image":{"@type":"ImageObject","inLanguage":"es","@id":"https:\/\/secure.gravatar.com\/avatar\/80d80b1e34d8fa01f6b95d10e695853ca4ea7e054050e21ad1a15d546d4600ca?s=96&d=mm&r=g","url":"https:\/\/secure.gravatar.com\/avatar\/80d80b1e34d8fa01f6b95d10e695853ca4ea7e054050e21ad1a15d546d4600ca?s=96&d=mm&r=g","contentUrl":"https:\/\/secure.gravatar.com\/avatar\/80d80b1e34d8fa01f6b95d10e695853ca4ea7e054050e21ad1a15d546d4600ca?s=96&d=mm&r=g","caption":"Academia de L\u00edderes Cat\u00f3licos"},"description":"Es una fundaci\u00f3n de derecho privado sin fines de lucro que busca formar cat\u00f3licos que a partir de la experiencia cristiana desarrollen su vocaci\u00f3n pol\u00edtica con la ayuda de la Doctrina Social de la Iglesia. La Academia Latinoamericana de L\u00edderes Cat\u00f3licos tiene como misi\u00f3n, formar l\u00edderes desde una perspectiva cat\u00f3lica, arraigados en la fe de la Iglesia, para transformar el mundo social, pol\u00edtico y econ\u00f3mico a la luz de la Doctrina Social de la Iglesia. Formar una nueva generaci\u00f3n de cat\u00f3licos latinoamericanos con responsabilidades pol\u00edticas y sociales para que transformen el rostro del continente al servicio de sus pueblos, a la luz del Magisterio de la Iglesia y de cara a los Jubileos del V Centenario Guadalupano y de los dos mil a\u00f1os de la redenci\u00f3n.","sameAs":["https:\/\/liderescatolicos.net\/","https:\/\/www.youtube.com\/c\/LderesCatlicos"],"url":"https:\/\/exaudi.org\/es\/author\/academia-de-lideres-catolicos\/"}]}},"jetpack_featured_media_url":"https:\/\/exaudi.org\/wp-content\/uploads\/2024\/08\/WhatsApp-Image-2024-08-03-at-22.46.51.jpeg","jetpack_shortlink":"https:\/\/wp.me\/pgKjF2-rFI","_links":{"self":[{"href":"https:\/\/exaudi.org\/es\/wp-json\/wp\/v2\/posts\/106374","targetHints":{"allow":["GET"]}}],"collection":[{"href":"https:\/\/exaudi.org\/es\/wp-json\/wp\/v2\/posts"}],"about":[{"href":"https:\/\/exaudi.org\/es\/wp-json\/wp\/v2\/types\/post"}],"author":[{"embeddable":true,"href":"https:\/\/exaudi.org\/es\/wp-json\/wp\/v2\/users\/107"}],"replies":[{"embeddable":true,"href":"https:\/\/exaudi.org\/es\/wp-json\/wp\/v2\/comments?post=106374"}],"version-history":[{"count":0,"href":"https:\/\/exaudi.org\/es\/wp-json\/wp\/v2\/posts\/106374\/revisions"}],"wp:featuredmedia":[{"embeddable":true,"href":"https:\/\/exaudi.org\/es\/wp-json\/wp\/v2\/media\/106375"}],"wp:attachment":[{"href":"https:\/\/exaudi.org\/es\/wp-json\/wp\/v2\/media?parent=106374"}],"wp:term":[{"taxonomy":"category","embeddable":true,"href":"https:\/\/exaudi.org\/es\/wp-json\/wp\/v2\/categories?post=106374"},{"taxonomy":"post_tag","embeddable":true,"href":"https:\/\/exaudi.org\/es\/wp-json\/wp\/v2\/tags?post=106374"}],"curies":[{"name":"wp","href":"https:\/\/api.w.org\/{rel}","templated":true}]}}