{"id":106338,"date":"2024-08-06T16:39:23","date_gmt":"2024-08-06T14:39:23","guid":{"rendered":"https:\/\/exaudi.org\/?p=106338"},"modified":"2024-08-06T17:06:57","modified_gmt":"2024-08-06T15:06:57","slug":"horario-prioridades-familia-al-completo-y-mas","status":"publish","type":"post","link":"https:\/\/exaudi.org\/es\/horario-prioridades-familia-al-completo-y-mas\/","title":{"rendered":"Horario, prioridades, familia al completo y m\u00e1s\u2026"},"content":{"rendered":"<audio class=\"wp-audio-shortcode\" id=\"audio-106338-1\" preload=\"none\" style=\"width: 100%;\" controls=\"controls\"><source type=\"audio\/mpeg\" src=\"https:\/\/exaudi.org\/wp-content\/uploads\/2024\/08\/Horario-prioridades-familia-al-completo\u2026-.mp3?_=1\" \/><a href=\"https:\/\/exaudi.org\/wp-content\/uploads\/2024\/08\/Horario-prioridades-familia-al-completo\u2026-.mp3\">https:\/\/exaudi.org\/wp-content\/uploads\/2024\/08\/Horario-prioridades-familia-al-completo\u2026-.mp3<\/a><\/audio>\n<p>Los buscadores en internet reflejan nuestras preocupaciones en tiempo real. Durante la Navidad, muchas personas buscan soluciones para su vida mediante palabras clave como recetas, regalos y decoraci\u00f3n. Sin embargo, cuando llega el verano, las b\u00fasquedas m\u00e1s frecuentes incluyen t\u00e9rminos como hidrataci\u00f3n, conciliaci\u00f3n y organizaci\u00f3n de maletas. A continuaci\u00f3n, te hablo de estas palabras tan buscadas en verano, porque he descubierto que lo mejor para la conciliaci\u00f3n y la hidrataci\u00f3n est\u00e1 relacionado con las maletas.<\/p>\n<p>Cuando menciono la hidrataci\u00f3n, no me refiero a bebidas refrescantes como el gazpacho o la sand\u00eda. Se trata de la hidrataci\u00f3n a la que hac\u00eda referencia el Papa Francisco al invitarnos a beber del pozo de la oraci\u00f3n. Con esta agua espiritual, todo fluye mejor: la conciliaci\u00f3n, el tiempo para descansar, y el tiempo para cuidar de tu pareja. Es natural que te preguntes: \u00ab\u00bfPero cu\u00e1ndo hago oraci\u00f3n?\u00bb Ahora, precisamente cuando parece que no tienes tiempo para nada, es crucial encontrar ese tiempo para la oraci\u00f3n.<\/p>\n<p>Te lo explicar\u00e9 con el ejemplo de una maleta. Esta semana escuch\u00e9 a un experto en organizaci\u00f3n decir que en una maleta ordenada caben muchas m\u00e1s cosas. Lo mismo ocurre en nuestra vida: cuanto m\u00e1s ordenada est\u00e1, m\u00e1s cosas podemos hacer.<\/p>\n<p>Tambi\u00e9n podremos incluir nuestra hidrataci\u00f3n espiritual. No caigas en la tentaci\u00f3n de pensar que es una p\u00e9rdida de tiempo. No est\u00e1s retrocediendo, est\u00e1s tomando impulso. Si en alg\u00fan momento necesitamos esta hidrataci\u00f3n espiritual es ahora: cuando los ni\u00f1os dependen de nosotros las 24 horas, cuando se aburren y se pelean m\u00e1s, cuando los adolescentes comienzan a salir y las rutinas se alteran.<\/p>\n<p>Al hidratar el alma con la oraci\u00f3n, no solo contamos con nuestra inteligencia, experiencia y recursos para organizar nuestra vida de la mejor manera posible. Tambi\u00e9n contamos con la ayuda divina, una gu\u00eda con infinita experiencia. Esto nos ayudar\u00e1 a conciliar mejor y nos dar\u00e1 recomendaciones que no habr\u00edamos pensado por nosotros mismos, permiti\u00e9ndonos sentir que tenemos el control de nuestra vida. Por el contrario, si pasamos el verano sin esta hidrataci\u00f3n espiritual, nos veremos apagando fuegos imprevistos.<\/p>\n<p>El tiempo que dediques siempre ser\u00e1 recompensado, ya sean 5, 7 o 10 minutos. Mi propuesta: \u00bfqu\u00e9 te parece media hora? \u00bfCu\u00e1ndo? Cuanto antes, mejor: antes de que los ni\u00f1os se despierten. S\u00e9 que madrugar no es lo m\u00e1s apetecible en vacaciones, pero siempre compensa. Esta pr\u00e1ctica te proporcionar\u00e1 un agua espiritual \u00fanica que hidrata el alma.<\/p>\n<p>Practica la cuenta atr\u00e1s. Este t\u00e9rmino, que le\u00ed en un manual de organizaci\u00f3n del hogar, sugiere que, si necesitas estar a una hora determinada en alg\u00fan lugar, debes calcular el tiempo necesario para prepararte y despertarte con antelaci\u00f3n. Si quieres estar a las 12:00 en la playa, con la casa y la comida lista, y con el alma bien hidratada, calcula a qu\u00e9 hora necesitas levantarte.<\/p>\n<p>Es f\u00e1cil perder media hora con el m\u00f3vil. Esos minutos se escapan como granos de arena. Ser\u00eda una gran inversi\u00f3n dedicar ese tiempo a hidratarnos espiritualmente.<\/p>\n<p>Enfrentar las olas de calor siempre viene acompa\u00f1ado del consejo de usar protecci\u00f3n solar. Desde aqu\u00ed, no podemos ser menos. Despu\u00e9s de hidratar cuerpo y alma,s\u00f3lo nos queda proteger la piel de toda la familia, mejor si es con crema de factor 50, y proteger tambi\u00e9n el alma de todos los nuestros con el factor 50 que proporciona cada una de las avemar\u00edas del santo rosario.<\/p>\n<p>Con esta hidrataci\u00f3n y protecci\u00f3n, descansaremos m\u00e1s y mejor a pesar de tener menos tiempo, y disfrutaremos m\u00e1s conscientemente de las vacaciones de verano. Y en la maleta de tu vida, gracias a la hidrataci\u00f3n espiritual, al final del verano encontrar\u00e1s espacio para muchos buenos prop\u00f3sitos.<\/p>\n<p><img loading=\"lazy\" decoding=\"async\" class=\"alignleft size-full wp-image-106345\" src=\"https:\/\/exaudi.org\/wp-content\/uploads\/2024\/08\/voces-1.jpg\" alt=\"\" width=\"940\" height=\"788\" srcset=\"https:\/\/exaudi.org\/wp-content\/uploads\/2024\/08\/voces-1.jpg 940w, https:\/\/exaudi.org\/wp-content\/uploads\/2024\/08\/voces-1-300x251.jpg 300w, https:\/\/exaudi.org\/wp-content\/uploads\/2024\/08\/voces-1-770x645.jpg 770w, https:\/\/exaudi.org\/wp-content\/uploads\/2024\/08\/voces-1-500x419.jpg 500w, https:\/\/exaudi.org\/wp-content\/uploads\/2024\/08\/voces-1-293x246.jpg 293w, https:\/\/exaudi.org\/wp-content\/uploads\/2024\/08\/voces-1-390x327.jpg 390w\" sizes=\"auto, (max-width: 940px) 100vw, 940px\" \/><\/p>\n","protected":false},"excerpt":{"rendered":"<p>En los d\u00edas de verano, es esencial cuidar tanto del cuerpo como del alma<\/p>\n","protected":false},"author":148,"featured_media":106339,"comment_status":"closed","ping_status":"closed","sticky":false,"template":"","format":"standard","meta":{"_acf_changed":false,"_crdt_document":"","inline_featured_image":false,"footnotes":""},"categories":[130],"tags":[617,2419,22469,3152],"class_list":["post-106338","post","type-post","status-publish","format-standard","has-post-thumbnail","hentry","category-voces","tag-familia","tag-featured","tag-horario","tag-verano"],"acf":[],"yoast_head":"<!-- This site is optimized with the Yoast SEO plugin v27.4 - https:\/\/yoast.com\/product\/yoast-seo-wordpress\/ -->\n<title>Horario, prioridades, familia al completo y m\u00e1s\u2026 &#8211; Exaudi<\/title>\n<meta name=\"robots\" content=\"index, follow, max-snippet:-1, max-image-preview:large, max-video-preview:-1\" \/>\n<link rel=\"canonical\" href=\"https:\/\/exaudi.org\/es\/horario-prioridades-familia-al-completo-y-mas\/\" \/>\n<meta property=\"og:locale\" content=\"es_ES\" \/>\n<meta property=\"og:type\" content=\"article\" \/>\n<meta property=\"og:title\" content=\"Horario, prioridades, familia al completo y m\u00e1s\u2026 &#8211; Exaudi\" \/>\n<meta property=\"og:description\" content=\"En los d\u00edas de verano, es esencial cuidar tanto del cuerpo como del alma\" \/>\n<meta property=\"og:url\" content=\"https:\/\/exaudi.org\/es\/horario-prioridades-familia-al-completo-y-mas\/\" \/>\n<meta property=\"og:site_name\" content=\"Exaudi\" \/>\n<meta property=\"article:publisher\" content=\"https:\/\/www.facebook.com\/ExaudiNews\" \/>\n<meta property=\"article:published_time\" content=\"2024-08-06T14:39:23+00:00\" \/>\n<meta property=\"article:modified_time\" content=\"2024-08-06T15:06:57+00:00\" \/>\n<meta property=\"og:image\" content=\"https:\/\/exaudi.org\/wp-content\/uploads\/2024\/08\/pexels-olof-nyman-366625-988622-scaled.jpg\" \/>\n\t<meta property=\"og:image:width\" content=\"1707\" \/>\n\t<meta property=\"og:image:height\" content=\"2560\" \/>\n\t<meta property=\"og:image:type\" content=\"image\/jpeg\" \/>\n<meta name=\"author\" content=\"Mar Dorrio\" \/>\n<meta name=\"twitter:card\" content=\"summary_large_image\" \/>\n<meta name=\"twitter:creator\" content=\"@Exaudi_News\" \/>\n<meta name=\"twitter:site\" content=\"@Exaudi_News\" \/>\n<meta name=\"twitter:label1\" content=\"Escrito por\" \/>\n\t<meta name=\"twitter:data1\" content=\"Mar Dorrio\" \/>\n\t<meta name=\"twitter:label2\" content=\"Tiempo de lectura\" \/>\n\t<meta name=\"twitter:data2\" content=\"3 minutos\" \/>\n<script type=\"application\/ld+json\" class=\"yoast-schema-graph\">{\"@context\":\"https:\\\/\\\/schema.org\",\"@graph\":[{\"@type\":\"Article\",\"@id\":\"https:\\\/\\\/exaudi.org\\\/es\\\/horario-prioridades-familia-al-completo-y-mas\\\/#article\",\"isPartOf\":{\"@id\":\"https:\\\/\\\/exaudi.org\\\/es\\\/horario-prioridades-familia-al-completo-y-mas\\\/\"},\"author\":{\"name\":\"Mar Dorrio\",\"@id\":\"https:\\\/\\\/exaudi.org\\\/#\\\/schema\\\/person\\\/190063d92b4c81e4169e81af30a8b9db\"},\"headline\":\"Horario, prioridades, familia al completo y m\u00e1s\u2026\",\"datePublished\":\"2024-08-06T14:39:23+00:00\",\"dateModified\":\"2024-08-06T15:06:57+00:00\",\"mainEntityOfPage\":{\"@id\":\"https:\\\/\\\/exaudi.org\\\/es\\\/horario-prioridades-familia-al-completo-y-mas\\\/\"},\"wordCount\":681,\"image\":{\"@id\":\"https:\\\/\\\/exaudi.org\\\/es\\\/horario-prioridades-familia-al-completo-y-mas\\\/#primaryimage\"},\"thumbnailUrl\":\"https:\\\/\\\/exaudi.org\\\/wp-content\\\/uploads\\\/2024\\\/08\\\/pexels-olof-nyman-366625-988622-scaled.jpg\",\"keywords\":[\"Familia\",\"Featured\",\"Horario\",\"Verano\"],\"articleSection\":[\"Voces\"],\"inLanguage\":\"es\"},{\"@type\":\"WebPage\",\"@id\":\"https:\\\/\\\/exaudi.org\\\/es\\\/horario-prioridades-familia-al-completo-y-mas\\\/\",\"url\":\"https:\\\/\\\/exaudi.org\\\/es\\\/horario-prioridades-familia-al-completo-y-mas\\\/\",\"name\":\"Horario, prioridades, familia al completo y m\u00e1s\u2026 &#8211; Exaudi\",\"isPartOf\":{\"@id\":\"https:\\\/\\\/exaudi.org\\\/#website\"},\"primaryImageOfPage\":{\"@id\":\"https:\\\/\\\/exaudi.org\\\/es\\\/horario-prioridades-familia-al-completo-y-mas\\\/#primaryimage\"},\"image\":{\"@id\":\"https:\\\/\\\/exaudi.org\\\/es\\\/horario-prioridades-familia-al-completo-y-mas\\\/#primaryimage\"},\"thumbnailUrl\":\"https:\\\/\\\/exaudi.org\\\/wp-content\\\/uploads\\\/2024\\\/08\\\/pexels-olof-nyman-366625-988622-scaled.jpg\",\"datePublished\":\"2024-08-06T14:39:23+00:00\",\"dateModified\":\"2024-08-06T15:06:57+00:00\",\"author\":{\"@id\":\"https:\\\/\\\/exaudi.org\\\/#\\\/schema\\\/person\\\/190063d92b4c81e4169e81af30a8b9db\"},\"breadcrumb\":{\"@id\":\"https:\\\/\\\/exaudi.org\\\/es\\\/horario-prioridades-familia-al-completo-y-mas\\\/#breadcrumb\"},\"inLanguage\":\"es\",\"potentialAction\":[{\"@type\":\"ReadAction\",\"target\":[\"https:\\\/\\\/exaudi.org\\\/es\\\/horario-prioridades-familia-al-completo-y-mas\\\/\"]}]},{\"@type\":\"ImageObject\",\"inLanguage\":\"es\",\"@id\":\"https:\\\/\\\/exaudi.org\\\/es\\\/horario-prioridades-familia-al-completo-y-mas\\\/#primaryimage\",\"url\":\"https:\\\/\\\/exaudi.org\\\/wp-content\\\/uploads\\\/2024\\\/08\\\/pexels-olof-nyman-366625-988622-scaled.jpg\",\"contentUrl\":\"https:\\\/\\\/exaudi.org\\\/wp-content\\\/uploads\\\/2024\\\/08\\\/pexels-olof-nyman-366625-988622-scaled.jpg\",\"width\":1707,\"height\":2560},{\"@type\":\"BreadcrumbList\",\"@id\":\"https:\\\/\\\/exaudi.org\\\/es\\\/horario-prioridades-familia-al-completo-y-mas\\\/#breadcrumb\",\"itemListElement\":[{\"@type\":\"ListItem\",\"position\":1,\"name\":\"Portada\",\"item\":\"https:\\\/\\\/exaudi.org\\\/es\\\/\"},{\"@type\":\"ListItem\",\"position\":2,\"name\":\"Horario, prioridades, familia al completo y m\u00e1s\u2026\"}]},{\"@type\":\"WebSite\",\"@id\":\"https:\\\/\\\/exaudi.org\\\/#website\",\"url\":\"https:\\\/\\\/exaudi.org\\\/\",\"name\":\"Exaudi\",\"description\":\"News\",\"potentialAction\":[{\"@type\":\"SearchAction\",\"target\":{\"@type\":\"EntryPoint\",\"urlTemplate\":\"https:\\\/\\\/exaudi.org\\\/?s={search_term_string}\"},\"query-input\":{\"@type\":\"PropertyValueSpecification\",\"valueRequired\":true,\"valueName\":\"search_term_string\"}}],\"inLanguage\":\"es\"},{\"@type\":\"Person\",\"@id\":\"https:\\\/\\\/exaudi.org\\\/#\\\/schema\\\/person\\\/190063d92b4c81e4169e81af30a8b9db\",\"name\":\"Mar Dorrio\",\"image\":{\"@type\":\"ImageObject\",\"inLanguage\":\"es\",\"@id\":\"https:\\\/\\\/secure.gravatar.com\\\/avatar\\\/e83dfcdce3efd6639efe212c38daa01e5377afde4390bfc27b30d803ee0b7fa5?s=96&d=mm&r=g\",\"url\":\"https:\\\/\\\/secure.gravatar.com\\\/avatar\\\/e83dfcdce3efd6639efe212c38daa01e5377afde4390bfc27b30d803ee0b7fa5?s=96&d=mm&r=g\",\"contentUrl\":\"https:\\\/\\\/secure.gravatar.com\\\/avatar\\\/e83dfcdce3efd6639efe212c38daa01e5377afde4390bfc27b30d803ee0b7fa5?s=96&d=mm&r=g\",\"caption\":\"Mar Dorrio\"},\"description\":\"Ser madre de 12 hijos hace que tenga experiencia en psicolog\u00eda, enfermer\u00eda, restauraci\u00f3n, decoraci\u00f3n, organizaci\u00f3n de eventos, coaching de superaci\u00f3n... Y todo regado con la capacidad de trabajo que te da estar disponible las 24 horas del d\u00eda durante 25 a\u00f1os. Con la ilusi\u00f3n de compartir tantas vivencias, cre\u00e9 la cuenta @whynottwelve, actualmente con m\u00e1s de 11.000 seguidores, y la actividad sin \u00e1nimo de lucro \\\"Caf\u00e9 de los Viernes\\\", que consiste en la organizaci\u00f3n de caf\u00e9s simult\u00e1neos en casas particulares de diversas ciudades del mundo, en los que se ofrece, a trav\u00e9s de internet, un testimonio que pretende ayudar a los participantes a acercarse a Dios y a mejorar sus vidas.\",\"sameAs\":[\"https:\\\/\\\/www.instagram.com\\\/whynottwelve\\\/?hl=es\",\"https:\\\/youtu.be\\\/_QDuXCRFK4\"],\"url\":\"https:\\\/\\\/exaudi.org\\\/es\\\/author\\\/mar-dorrio\\\/\"}]}<\/script>\n<!-- \/ Yoast SEO plugin. -->","yoast_head_json":{"title":"Horario, prioridades, familia al completo y m\u00e1s\u2026 &#8211; Exaudi","robots":{"index":"index","follow":"follow","max-snippet":"max-snippet:-1","max-image-preview":"max-image-preview:large","max-video-preview":"max-video-preview:-1"},"canonical":"https:\/\/exaudi.org\/es\/horario-prioridades-familia-al-completo-y-mas\/","og_locale":"es_ES","og_type":"article","og_title":"Horario, prioridades, familia al completo y m\u00e1s\u2026 &#8211; Exaudi","og_description":"En los d\u00edas de verano, es esencial cuidar tanto del cuerpo como del alma","og_url":"https:\/\/exaudi.org\/es\/horario-prioridades-familia-al-completo-y-mas\/","og_site_name":"Exaudi","article_publisher":"https:\/\/www.facebook.com\/ExaudiNews","article_published_time":"2024-08-06T14:39:23+00:00","article_modified_time":"2024-08-06T15:06:57+00:00","og_image":[{"width":1707,"height":2560,"url":"https:\/\/exaudi.org\/wp-content\/uploads\/2024\/08\/pexels-olof-nyman-366625-988622-scaled.jpg","type":"image\/jpeg"}],"author":"Mar Dorrio","twitter_card":"summary_large_image","twitter_creator":"@Exaudi_News","twitter_site":"@Exaudi_News","twitter_misc":{"Escrito por":"Mar Dorrio","Tiempo de lectura":"3 minutos"},"schema":{"@context":"https:\/\/schema.org","@graph":[{"@type":"Article","@id":"https:\/\/exaudi.org\/es\/horario-prioridades-familia-al-completo-y-mas\/#article","isPartOf":{"@id":"https:\/\/exaudi.org\/es\/horario-prioridades-familia-al-completo-y-mas\/"},"author":{"name":"Mar Dorrio","@id":"https:\/\/exaudi.org\/#\/schema\/person\/190063d92b4c81e4169e81af30a8b9db"},"headline":"Horario, prioridades, familia al completo y m\u00e1s\u2026","datePublished":"2024-08-06T14:39:23+00:00","dateModified":"2024-08-06T15:06:57+00:00","mainEntityOfPage":{"@id":"https:\/\/exaudi.org\/es\/horario-prioridades-familia-al-completo-y-mas\/"},"wordCount":681,"image":{"@id":"https:\/\/exaudi.org\/es\/horario-prioridades-familia-al-completo-y-mas\/#primaryimage"},"thumbnailUrl":"https:\/\/exaudi.org\/wp-content\/uploads\/2024\/08\/pexels-olof-nyman-366625-988622-scaled.jpg","keywords":["Familia","Featured","Horario","Verano"],"articleSection":["Voces"],"inLanguage":"es"},{"@type":"WebPage","@id":"https:\/\/exaudi.org\/es\/horario-prioridades-familia-al-completo-y-mas\/","url":"https:\/\/exaudi.org\/es\/horario-prioridades-familia-al-completo-y-mas\/","name":"Horario, prioridades, familia al completo y m\u00e1s\u2026 &#8211; Exaudi","isPartOf":{"@id":"https:\/\/exaudi.org\/#website"},"primaryImageOfPage":{"@id":"https:\/\/exaudi.org\/es\/horario-prioridades-familia-al-completo-y-mas\/#primaryimage"},"image":{"@id":"https:\/\/exaudi.org\/es\/horario-prioridades-familia-al-completo-y-mas\/#primaryimage"},"thumbnailUrl":"https:\/\/exaudi.org\/wp-content\/uploads\/2024\/08\/pexels-olof-nyman-366625-988622-scaled.jpg","datePublished":"2024-08-06T14:39:23+00:00","dateModified":"2024-08-06T15:06:57+00:00","author":{"@id":"https:\/\/exaudi.org\/#\/schema\/person\/190063d92b4c81e4169e81af30a8b9db"},"breadcrumb":{"@id":"https:\/\/exaudi.org\/es\/horario-prioridades-familia-al-completo-y-mas\/#breadcrumb"},"inLanguage":"es","potentialAction":[{"@type":"ReadAction","target":["https:\/\/exaudi.org\/es\/horario-prioridades-familia-al-completo-y-mas\/"]}]},{"@type":"ImageObject","inLanguage":"es","@id":"https:\/\/exaudi.org\/es\/horario-prioridades-familia-al-completo-y-mas\/#primaryimage","url":"https:\/\/exaudi.org\/wp-content\/uploads\/2024\/08\/pexels-olof-nyman-366625-988622-scaled.jpg","contentUrl":"https:\/\/exaudi.org\/wp-content\/uploads\/2024\/08\/pexels-olof-nyman-366625-988622-scaled.jpg","width":1707,"height":2560},{"@type":"BreadcrumbList","@id":"https:\/\/exaudi.org\/es\/horario-prioridades-familia-al-completo-y-mas\/#breadcrumb","itemListElement":[{"@type":"ListItem","position":1,"name":"Portada","item":"https:\/\/exaudi.org\/es\/"},{"@type":"ListItem","position":2,"name":"Horario, prioridades, familia al completo y m\u00e1s\u2026"}]},{"@type":"WebSite","@id":"https:\/\/exaudi.org\/#website","url":"https:\/\/exaudi.org\/","name":"Exaudi","description":"News","potentialAction":[{"@type":"SearchAction","target":{"@type":"EntryPoint","urlTemplate":"https:\/\/exaudi.org\/?s={search_term_string}"},"query-input":{"@type":"PropertyValueSpecification","valueRequired":true,"valueName":"search_term_string"}}],"inLanguage":"es"},{"@type":"Person","@id":"https:\/\/exaudi.org\/#\/schema\/person\/190063d92b4c81e4169e81af30a8b9db","name":"Mar Dorrio","image":{"@type":"ImageObject","inLanguage":"es","@id":"https:\/\/secure.gravatar.com\/avatar\/e83dfcdce3efd6639efe212c38daa01e5377afde4390bfc27b30d803ee0b7fa5?s=96&d=mm&r=g","url":"https:\/\/secure.gravatar.com\/avatar\/e83dfcdce3efd6639efe212c38daa01e5377afde4390bfc27b30d803ee0b7fa5?s=96&d=mm&r=g","contentUrl":"https:\/\/secure.gravatar.com\/avatar\/e83dfcdce3efd6639efe212c38daa01e5377afde4390bfc27b30d803ee0b7fa5?s=96&d=mm&r=g","caption":"Mar Dorrio"},"description":"Ser madre de 12 hijos hace que tenga experiencia en psicolog\u00eda, enfermer\u00eda, restauraci\u00f3n, decoraci\u00f3n, organizaci\u00f3n de eventos, coaching de superaci\u00f3n... Y todo regado con la capacidad de trabajo que te da estar disponible las 24 horas del d\u00eda durante 25 a\u00f1os. Con la ilusi\u00f3n de compartir tantas vivencias, cre\u00e9 la cuenta @whynottwelve, actualmente con m\u00e1s de 11.000 seguidores, y la actividad sin \u00e1nimo de lucro \"Caf\u00e9 de los Viernes\", que consiste en la organizaci\u00f3n de caf\u00e9s simult\u00e1neos en casas particulares de diversas ciudades del mundo, en los que se ofrece, a trav\u00e9s de internet, un testimonio que pretende ayudar a los participantes a acercarse a Dios y a mejorar sus vidas.","sameAs":["https:\/\/www.instagram.com\/whynottwelve\/?hl=es","https:\/youtu.be\/_QDuXCRFK4"],"url":"https:\/\/exaudi.org\/es\/author\/mar-dorrio\/"}]}},"jetpack_featured_media_url":"https:\/\/exaudi.org\/wp-content\/uploads\/2024\/08\/pexels-olof-nyman-366625-988622-scaled.jpg","jetpack_shortlink":"https:\/\/wp.me\/pgKjF2-rF8","_links":{"self":[{"href":"https:\/\/exaudi.org\/es\/wp-json\/wp\/v2\/posts\/106338","targetHints":{"allow":["GET"]}}],"collection":[{"href":"https:\/\/exaudi.org\/es\/wp-json\/wp\/v2\/posts"}],"about":[{"href":"https:\/\/exaudi.org\/es\/wp-json\/wp\/v2\/types\/post"}],"author":[{"embeddable":true,"href":"https:\/\/exaudi.org\/es\/wp-json\/wp\/v2\/users\/148"}],"replies":[{"embeddable":true,"href":"https:\/\/exaudi.org\/es\/wp-json\/wp\/v2\/comments?post=106338"}],"version-history":[{"count":0,"href":"https:\/\/exaudi.org\/es\/wp-json\/wp\/v2\/posts\/106338\/revisions"}],"wp:featuredmedia":[{"embeddable":true,"href":"https:\/\/exaudi.org\/es\/wp-json\/wp\/v2\/media\/106339"}],"wp:attachment":[{"href":"https:\/\/exaudi.org\/es\/wp-json\/wp\/v2\/media?parent=106338"}],"wp:term":[{"taxonomy":"category","embeddable":true,"href":"https:\/\/exaudi.org\/es\/wp-json\/wp\/v2\/categories?post=106338"},{"taxonomy":"post_tag","embeddable":true,"href":"https:\/\/exaudi.org\/es\/wp-json\/wp\/v2\/tags?post=106338"}],"curies":[{"name":"wp","href":"https:\/\/api.w.org\/{rel}","templated":true}]}}