{"id":106267,"date":"2024-08-05T09:00:58","date_gmt":"2024-08-05T07:00:58","guid":{"rendered":"https:\/\/exaudi.org\/?p=106267"},"modified":"2024-08-03T12:06:52","modified_gmt":"2024-08-03T10:06:52","slug":"la-grandeur-de-paris-24-y-los-complejos-en-la-ceremonia-inaugural","status":"publish","type":"post","link":"https:\/\/exaudi.org\/es\/la-grandeur-de-paris-24-y-los-complejos-en-la-ceremonia-inaugural\/","title":{"rendered":"La grandeur de Paris \u2018 24 y los\u00a0 complejos en la ceremonia inaugural"},"content":{"rendered":"<audio class=\"wp-audio-shortcode\" id=\"audio-106267-1\" preload=\"none\" style=\"width: 100%;\" controls=\"controls\"><source type=\"audio\/mpeg\" src=\"https:\/\/exaudi.org\/wp-content\/uploads\/2024\/08\/La-grandeur-de-Paris-\u2018-24-y-los-complejos.mp3?_=1\" \/><a href=\"https:\/\/exaudi.org\/wp-content\/uploads\/2024\/08\/La-grandeur-de-Paris-\u2018-24-y-los-complejos.mp3\">https:\/\/exaudi.org\/wp-content\/uploads\/2024\/08\/La-grandeur-de-Paris-\u2018-24-y-los-complejos.mp3<\/a><\/audio>\n<p><span style=\"font-weight: 400\">La ceremonia inaugural de los Juegos ol\u00edmpicos de Paris,\u00a0 nos ha obsequiado con un cuadro esc\u00e9nico transgresor, que seg\u00fan los organizadores,\u00a0 pretende ser inclusivo. Lo han titulado \u201cfestividad\u201d. Los personajes, seg\u00fan ellos <\/span><span style=\"font-weight: 400\">LGBTIQ+<\/span><span style=\"font-weight: 400\">, daban forma a la universal obra de Leonardo da Vinci, la Santa Cena. Destacaba la se\u00f1ora que representaba a Jesucristo, nada transcendente, sino todo lo contrario, con una sensualidad que unida a la obesidad de la que hace gala, resultaba m\u00e1s que insultante, jocosa. Pare ser que esta se\u00f1ora es activista a favor de la gordura. En nuestro tiempo, las tres gracias de Rubens, no se consideran un patr\u00f3n de belleza, por ello pese a las reivindicaciones de la protagonista central del cuadro esc\u00e9nico, no creo que a partir de ahora los i las modelos de pasarela de moda ser\u00e1n pesos pesados como los samur\u00e1i sumo japoneses. Adem\u00e1s, reivindicar la obesidad, considerada por la medicina como una enfermedad, es antinatural y nocivo para la salud colectiva. Imaginemos activistas que defiendan la exposici\u00f3n p\u00fablica de enfermedades. \u00bfD\u00f3nde queda la reivindicaci\u00f3n por una salud integral i universal?<\/span><\/p>\n<p><span style=\"font-weight: 400\">No entrar\u00e9 a comentar la pretendida inclusi\u00f3n del mundo <\/span><span style=\"font-weight: 400\">LGBTIQ+<\/span><span style=\"font-weight: 400\">en la ceremonia. Son muchos, de este colectivo, que se han sentido ofendidos, no tanto por la blasfemia, sino porque se les identifique con lo vulgar, a pesar de que las vestimentas fueron creadas por grandes dise\u00f1adores. Para integrar o incluir, como defienden los organizadores, nada mejor que dar normalidad a las diferencias de g\u00e9nero. Por ejemplo, ser\u00eda inclusivo que entre los atletas, jueces, entrenadores, organizadores hubiera tambi\u00e9n personas especiales en su g\u00e9nero. Pero reducirlos a un cuadro esc\u00e9nico vulgar, transgresor e irreverente, es identificar a el colectivo\u00a0 <\/span><span style=\"font-weight: 400\">LGBTIQ+<\/span><span style=\"font-weight: 400\">, como algo marginal, lejos de los verdaderos escenarios de moda o deportivos.<\/span><\/p>\n<p><span style=\"font-weight: 400\">Pero la lectura m\u00e1s profunda lleva a analizar la rebeli\u00f3n, protesta, enfrentamiento de tipo adolescente contra la religi\u00f3n cat\u00f3lica.<\/span><\/p>\n<p><span style=\"font-weight: 400\">En primer lugar, Francia lleva en su ADN el catolicismo del que parece renegar o ignorar. Decimos esto, porque en otro cuadro de la ceremonia de inauguraci\u00f3n, hacen una exaltaci\u00f3n de la mujer francesa a lo largo de la historia y dejan fuera del cat\u00e1logo a la universal francesa, santa y patriota Juana de Arco.<\/span><\/p>\n<p><span style=\"font-weight: 400\">Pero volviendo a la escena a la que aludimos, la Santa Cena, se entiende en su significado y es comprensible culturalmente, por el conocimiento del cristianismo y la eucarist\u00eda.\u00a0 La mofa contra los cat\u00f3licos no hubiera sido igual que contra otras religiones. Dif\u00edcilmente el gran p\u00fablico hubiera descifrado los s\u00edmbolos religiosos de un islamismo o budismo, tan presentes, por otro lado, en el suelo franc\u00e9s. Adem\u00e1s de que se expon\u00edan a respuestas violentas por parte de los fieles de las otras religiones.\u00a0<\/span><\/p>\n<p><span style=\"font-weight: 400\">Los cristianos de por s\u00ed, sin dar por v\u00e1lida la ofensa, seguimos al Cristo crucificado. Mayor agresi\u00f3n que la de la cruz ni hubo ni habr\u00e1. De all\u00ed nace el amor y el perd\u00f3n.\u00a0 De la cruz brota la vida. Algunos agn\u00f3sticos y no creyentes han hallado la burla de tal brutalidad que les ha hecho volverse a la fe.\u00a0 Finkielkraut, fil\u00f3sofo agn\u00f3stico, llega a afirmar: \u00abTras esa velada apocal\u00edptica, me hice creyente\u00bb<\/span><\/p>\n<p><span style=\"font-weight: 400\">La lectura m\u00e1s significativa, como digo, hace referencia a la necesidad de autoafirmarse ante la figura del \u201cpadre\u201d. Ir en contra de los progenitores para afirmar la propia personalidad. El padre, que representa el orden y la autoridad estorba.\u00a0 En la transgresi\u00f3n hay impl\u00edcito el reconocimiento de aquello que se ataca. Matemos al padre y seamos libres, matemos la religi\u00f3n y seamos libres. La parodia viene a ser de un infantilismo que al carecer de formalidad se queda en eso, una parodia. Los ni\u00f1os imitan a los padres y hacen gracia, los adolescentes llevan la contraria y hay que tener tes\u00f3n y paciencia para dejar pasar las tormentas, hasta que se hacen adultos.\u00a0<\/span><\/p>\n<p><span style=\"font-weight: 400\">El otro complejo,\u00a0 es el de\u00a0 superioridad, al arrogarse ante millones de espectadores su primac\u00eda o prepotencia, ante el fen\u00f3meno religioso, o ante el cristianismo, aprovechando el poder que confiere la televisi\u00f3n. Denota dos cosas. La primera, que la apunt\u00e1bamos anteriormente, es el reconocimiento impl\u00edcito de algo, como es la religi\u00f3n, que quieren combatir con la burla. Lo segundo es el deseo de ser reconocidos, de usurpar al catolicismo la autoridad moral que tiene, a pesar de todos los ataques. Pasan de ser invisibles socialmente a visibilizarse con la \u00fanica fuerza del control de los medios de comunicaci\u00f3n. En castellano decimos \u201cDime de lo que alardeas y te dir\u00e9 de lo que adoleces\u201d<\/span><\/p>\n<p><span style=\"font-weight: 400\">Pero las batallas en la sociedad no se ganan con burlas y parodias, sino con esfuerzo, sacrificio y orden. De eso dan cuanta los miles de deportistas que participan con m\u00e1s o menos popularidad. Ellos no se dejan llevar por t\u00f3picos.<\/span><\/p>\n<p><span style=\"font-weight: 400\">Aun as\u00ed, la revoluci\u00f3n mayor est\u00e1 por hacer: Un mundo nuevo donde reine el amor. El amor m\u00e1s grande reside en Aquel que entreg\u00f3 su vida por nosotros. Cada d\u00eda en la Eucarist\u00eda renovamos ese amor, incluso hacia los que nos ofenden. No hay mayor inclusi\u00f3n que esa.<\/span><\/p>\n","protected":false},"excerpt":{"rendered":"<p>El amor m\u00e1s grande reside en Aquel que entreg\u00f3 su vida por nosotros<\/p>\n","protected":false},"author":77,"featured_media":106271,"comment_status":"closed","ping_status":"closed","sticky":false,"template":"","format":"standard","meta":{"_acf_changed":false,"_crdt_document":"","inline_featured_image":false,"footnotes":""},"categories":[],"tags":[13604,19129,22446,3633,10800],"class_list":["post-106267","post","type-post","status-publish","format-standard","has-post-thumbnail","hentry","tag-2024-2","tag-juegos-olimpicos-de-paris-2024","tag-lgbtiq","tag-olimpiadas","tag-paris-2"],"acf":[],"yoast_head":"<!-- This site is optimized with the Yoast SEO plugin v27.4 - https:\/\/yoast.com\/product\/yoast-seo-wordpress\/ -->\n<title>La grandeur de Paris \u2018 24 y los\u00a0 complejos en la ceremonia inaugural &#8211; Exaudi<\/title>\n<meta name=\"robots\" content=\"index, follow, max-snippet:-1, max-image-preview:large, max-video-preview:-1\" \/>\n<link rel=\"canonical\" href=\"https:\/\/exaudi.org\/es\/la-grandeur-de-paris-24-y-los-complejos-en-la-ceremonia-inaugural\/\" \/>\n<meta property=\"og:locale\" content=\"es_ES\" \/>\n<meta property=\"og:type\" content=\"article\" \/>\n<meta property=\"og:title\" content=\"La grandeur de Paris \u2018 24 y los\u00a0 complejos en la ceremonia inaugural &#8211; Exaudi\" \/>\n<meta property=\"og:description\" content=\"El amor m\u00e1s grande reside en Aquel que entreg\u00f3 su vida por nosotros\" \/>\n<meta property=\"og:url\" content=\"https:\/\/exaudi.org\/es\/la-grandeur-de-paris-24-y-los-complejos-en-la-ceremonia-inaugural\/\" \/>\n<meta property=\"og:site_name\" content=\"Exaudi\" \/>\n<meta property=\"article:publisher\" content=\"https:\/\/www.facebook.com\/ExaudiNews\" \/>\n<meta property=\"article:published_time\" content=\"2024-08-05T07:00:58+00:00\" \/>\n<meta property=\"og:image\" content=\"https:\/\/exaudi.org\/wp-content\/uploads\/2024\/08\/pexels-chris-molloy-220084-1308940-scaled.jpg\" \/>\n\t<meta property=\"og:image:width\" content=\"2560\" \/>\n\t<meta property=\"og:image:height\" content=\"1707\" \/>\n\t<meta property=\"og:image:type\" content=\"image\/jpeg\" \/>\n<meta name=\"author\" content=\"Alfons Gea\" \/>\n<meta name=\"twitter:card\" content=\"summary_large_image\" \/>\n<meta name=\"twitter:creator\" content=\"@Exaudi_News\" \/>\n<meta name=\"twitter:site\" content=\"@Exaudi_News\" \/>\n<meta name=\"twitter:label1\" content=\"Escrito por\" \/>\n\t<meta name=\"twitter:data1\" content=\"Alfons Gea\" \/>\n\t<meta name=\"twitter:label2\" content=\"Tiempo de lectura\" \/>\n\t<meta name=\"twitter:data2\" content=\"5 minutos\" \/>\n<script type=\"application\/ld+json\" class=\"yoast-schema-graph\">{\"@context\":\"https:\\\/\\\/schema.org\",\"@graph\":[{\"@type\":\"Article\",\"@id\":\"https:\\\/\\\/exaudi.org\\\/es\\\/la-grandeur-de-paris-24-y-los-complejos-en-la-ceremonia-inaugural\\\/#article\",\"isPartOf\":{\"@id\":\"https:\\\/\\\/exaudi.org\\\/es\\\/la-grandeur-de-paris-24-y-los-complejos-en-la-ceremonia-inaugural\\\/\"},\"author\":{\"name\":\"Alfons Gea\",\"@id\":\"https:\\\/\\\/exaudi.org\\\/#\\\/schema\\\/person\\\/ac92bf102c0b53544ebdec5b9d0aed18\"},\"headline\":\"La grandeur de Paris \u2018 24 y los\u00a0 complejos en la ceremonia inaugural\",\"datePublished\":\"2024-08-05T07:00:58+00:00\",\"mainEntityOfPage\":{\"@id\":\"https:\\\/\\\/exaudi.org\\\/es\\\/la-grandeur-de-paris-24-y-los-complejos-en-la-ceremonia-inaugural\\\/\"},\"wordCount\":921,\"image\":{\"@id\":\"https:\\\/\\\/exaudi.org\\\/es\\\/la-grandeur-de-paris-24-y-los-complejos-en-la-ceremonia-inaugural\\\/#primaryimage\"},\"thumbnailUrl\":\"https:\\\/\\\/exaudi.org\\\/wp-content\\\/uploads\\\/2024\\\/08\\\/pexels-chris-molloy-220084-1308940-scaled.jpg\",\"keywords\":[\"2024\",\"Juegos Ol\u00edmpicos de Par\u00eds 2024\",\"LGBTIQ+\",\"Olimpiadas\",\"Par\u00eds\"],\"inLanguage\":\"es\"},{\"@type\":\"WebPage\",\"@id\":\"https:\\\/\\\/exaudi.org\\\/es\\\/la-grandeur-de-paris-24-y-los-complejos-en-la-ceremonia-inaugural\\\/\",\"url\":\"https:\\\/\\\/exaudi.org\\\/es\\\/la-grandeur-de-paris-24-y-los-complejos-en-la-ceremonia-inaugural\\\/\",\"name\":\"La grandeur de Paris \u2018 24 y los\u00a0 complejos en la ceremonia inaugural &#8211; Exaudi\",\"isPartOf\":{\"@id\":\"https:\\\/\\\/exaudi.org\\\/#website\"},\"primaryImageOfPage\":{\"@id\":\"https:\\\/\\\/exaudi.org\\\/es\\\/la-grandeur-de-paris-24-y-los-complejos-en-la-ceremonia-inaugural\\\/#primaryimage\"},\"image\":{\"@id\":\"https:\\\/\\\/exaudi.org\\\/es\\\/la-grandeur-de-paris-24-y-los-complejos-en-la-ceremonia-inaugural\\\/#primaryimage\"},\"thumbnailUrl\":\"https:\\\/\\\/exaudi.org\\\/wp-content\\\/uploads\\\/2024\\\/08\\\/pexels-chris-molloy-220084-1308940-scaled.jpg\",\"datePublished\":\"2024-08-05T07:00:58+00:00\",\"author\":{\"@id\":\"https:\\\/\\\/exaudi.org\\\/#\\\/schema\\\/person\\\/ac92bf102c0b53544ebdec5b9d0aed18\"},\"breadcrumb\":{\"@id\":\"https:\\\/\\\/exaudi.org\\\/es\\\/la-grandeur-de-paris-24-y-los-complejos-en-la-ceremonia-inaugural\\\/#breadcrumb\"},\"inLanguage\":\"es\",\"potentialAction\":[{\"@type\":\"ReadAction\",\"target\":[\"https:\\\/\\\/exaudi.org\\\/es\\\/la-grandeur-de-paris-24-y-los-complejos-en-la-ceremonia-inaugural\\\/\"]}]},{\"@type\":\"ImageObject\",\"inLanguage\":\"es\",\"@id\":\"https:\\\/\\\/exaudi.org\\\/es\\\/la-grandeur-de-paris-24-y-los-complejos-en-la-ceremonia-inaugural\\\/#primaryimage\",\"url\":\"https:\\\/\\\/exaudi.org\\\/wp-content\\\/uploads\\\/2024\\\/08\\\/pexels-chris-molloy-220084-1308940-scaled.jpg\",\"contentUrl\":\"https:\\\/\\\/exaudi.org\\\/wp-content\\\/uploads\\\/2024\\\/08\\\/pexels-chris-molloy-220084-1308940-scaled.jpg\",\"width\":2560,\"height\":1707},{\"@type\":\"BreadcrumbList\",\"@id\":\"https:\\\/\\\/exaudi.org\\\/es\\\/la-grandeur-de-paris-24-y-los-complejos-en-la-ceremonia-inaugural\\\/#breadcrumb\",\"itemListElement\":[{\"@type\":\"ListItem\",\"position\":1,\"name\":\"Portada\",\"item\":\"https:\\\/\\\/exaudi.org\\\/es\\\/\"},{\"@type\":\"ListItem\",\"position\":2,\"name\":\"La grandeur de Paris \u2018 24 y los\u00a0 complejos en la ceremonia inaugural\"}]},{\"@type\":\"WebSite\",\"@id\":\"https:\\\/\\\/exaudi.org\\\/#website\",\"url\":\"https:\\\/\\\/exaudi.org\\\/\",\"name\":\"Exaudi\",\"description\":\"News\",\"potentialAction\":[{\"@type\":\"SearchAction\",\"target\":{\"@type\":\"EntryPoint\",\"urlTemplate\":\"https:\\\/\\\/exaudi.org\\\/?s={search_term_string}\"},\"query-input\":{\"@type\":\"PropertyValueSpecification\",\"valueRequired\":true,\"valueName\":\"search_term_string\"}}],\"inLanguage\":\"es\"},{\"@type\":\"Person\",\"@id\":\"https:\\\/\\\/exaudi.org\\\/#\\\/schema\\\/person\\\/ac92bf102c0b53544ebdec5b9d0aed18\",\"name\":\"Alfons Gea\",\"image\":{\"@type\":\"ImageObject\",\"inLanguage\":\"es\",\"@id\":\"https:\\\/\\\/secure.gravatar.com\\\/avatar\\\/24ebf96806e8303525f3910faa8289fe6c8726339b6a79ad483356d520db03c6?s=96&d=mm&r=g\",\"url\":\"https:\\\/\\\/secure.gravatar.com\\\/avatar\\\/24ebf96806e8303525f3910faa8289fe6c8726339b6a79ad483356d520db03c6?s=96&d=mm&r=g\",\"contentUrl\":\"https:\\\/\\\/secure.gravatar.com\\\/avatar\\\/24ebf96806e8303525f3910faa8289fe6c8726339b6a79ad483356d520db03c6?s=96&d=mm&r=g\",\"caption\":\"Alfons Gea\"},\"description\":\"Licenciado en Teolog\u00eda en Facultad de Teolog\u00eda de Barcelona (1988). Diplomado en Magisterio \u2013 profesor EGB. Universidad de Barcelona (1990). Licenciado en Psicopedagogia. Universidad Ram\u00f3n Llull, (1994). Responsable del Servicio de Atenci\u00f3n al Duelo de Funeraria Municipal de Terrassa (2001-2022). Terapeuta en Gabinete Gedi - Psicolog\u00eda aplicada (2022). P\u00e1rroco de St. Viucente de Jonquereas, de Sabadell (2012). Articulista en revistas especializadas y prensa comarcal. Formador en atenci\u00f3n al duelo de profesionales sanitarios y sociosanitarios: Trabajadoras sociales, psic\u00f3logas\\\/os, m\u00e9dicas, enfermer\u00eda, maestras (1995). Ha participado en varios programas de opini\u00f3n y debate de televisiones y radios nacionales. Anteriormente ejerci\u00f3 como asistente espiritual de los hospitales en Terrassa: San L\u00e1zaro, Mutua, y Hospital de Terrassa (1997-2018. Fue p\u00e1rroco de la parroquia Virgen de Montserrat de Terrassa (1997-2013) y responsable de Formaci\u00f3n de la Delegaci\u00f3n de Pastoral de la Salud de la di\u00f3cesis de Barcelona (1995-2005). Delegado episcopal de Pastoral de la salud de la di\u00f3cesis de Terrassa (2005-2012). Coordinador de la Pastoral de la Salud de la Conferencia episcopal catalana. Maestro de EGB, Coordinador de secundaria, subdirector de escuela, jefe de gabinete psicopedag\u00f3gico, fundador y director del Centro Sara \u2013 casa de acogida para enfermos de SIDA, educador en situaciones de riesgo social, Fundador del Taller Solidario \u2013 centro de inserci\u00f3n laboral.\",\"url\":\"https:\\\/\\\/exaudi.org\\\/es\\\/author\\\/alfonsogea\\\/\"}]}<\/script>\n<!-- \/ Yoast SEO plugin. -->","yoast_head_json":{"title":"La grandeur de Paris \u2018 24 y los\u00a0 complejos en la ceremonia inaugural &#8211; Exaudi","robots":{"index":"index","follow":"follow","max-snippet":"max-snippet:-1","max-image-preview":"max-image-preview:large","max-video-preview":"max-video-preview:-1"},"canonical":"https:\/\/exaudi.org\/es\/la-grandeur-de-paris-24-y-los-complejos-en-la-ceremonia-inaugural\/","og_locale":"es_ES","og_type":"article","og_title":"La grandeur de Paris \u2018 24 y los\u00a0 complejos en la ceremonia inaugural &#8211; Exaudi","og_description":"El amor m\u00e1s grande reside en Aquel que entreg\u00f3 su vida por nosotros","og_url":"https:\/\/exaudi.org\/es\/la-grandeur-de-paris-24-y-los-complejos-en-la-ceremonia-inaugural\/","og_site_name":"Exaudi","article_publisher":"https:\/\/www.facebook.com\/ExaudiNews","article_published_time":"2024-08-05T07:00:58+00:00","og_image":[{"width":2560,"height":1707,"url":"https:\/\/exaudi.org\/wp-content\/uploads\/2024\/08\/pexels-chris-molloy-220084-1308940-scaled.jpg","type":"image\/jpeg"}],"author":"Alfons Gea","twitter_card":"summary_large_image","twitter_creator":"@Exaudi_News","twitter_site":"@Exaudi_News","twitter_misc":{"Escrito por":"Alfons Gea","Tiempo de lectura":"5 minutos"},"schema":{"@context":"https:\/\/schema.org","@graph":[{"@type":"Article","@id":"https:\/\/exaudi.org\/es\/la-grandeur-de-paris-24-y-los-complejos-en-la-ceremonia-inaugural\/#article","isPartOf":{"@id":"https:\/\/exaudi.org\/es\/la-grandeur-de-paris-24-y-los-complejos-en-la-ceremonia-inaugural\/"},"author":{"name":"Alfons Gea","@id":"https:\/\/exaudi.org\/#\/schema\/person\/ac92bf102c0b53544ebdec5b9d0aed18"},"headline":"La grandeur de Paris \u2018 24 y los\u00a0 complejos en la ceremonia inaugural","datePublished":"2024-08-05T07:00:58+00:00","mainEntityOfPage":{"@id":"https:\/\/exaudi.org\/es\/la-grandeur-de-paris-24-y-los-complejos-en-la-ceremonia-inaugural\/"},"wordCount":921,"image":{"@id":"https:\/\/exaudi.org\/es\/la-grandeur-de-paris-24-y-los-complejos-en-la-ceremonia-inaugural\/#primaryimage"},"thumbnailUrl":"https:\/\/exaudi.org\/wp-content\/uploads\/2024\/08\/pexels-chris-molloy-220084-1308940-scaled.jpg","keywords":["2024","Juegos Ol\u00edmpicos de Par\u00eds 2024","LGBTIQ+","Olimpiadas","Par\u00eds"],"inLanguage":"es"},{"@type":"WebPage","@id":"https:\/\/exaudi.org\/es\/la-grandeur-de-paris-24-y-los-complejos-en-la-ceremonia-inaugural\/","url":"https:\/\/exaudi.org\/es\/la-grandeur-de-paris-24-y-los-complejos-en-la-ceremonia-inaugural\/","name":"La grandeur de Paris \u2018 24 y los\u00a0 complejos en la ceremonia inaugural &#8211; Exaudi","isPartOf":{"@id":"https:\/\/exaudi.org\/#website"},"primaryImageOfPage":{"@id":"https:\/\/exaudi.org\/es\/la-grandeur-de-paris-24-y-los-complejos-en-la-ceremonia-inaugural\/#primaryimage"},"image":{"@id":"https:\/\/exaudi.org\/es\/la-grandeur-de-paris-24-y-los-complejos-en-la-ceremonia-inaugural\/#primaryimage"},"thumbnailUrl":"https:\/\/exaudi.org\/wp-content\/uploads\/2024\/08\/pexels-chris-molloy-220084-1308940-scaled.jpg","datePublished":"2024-08-05T07:00:58+00:00","author":{"@id":"https:\/\/exaudi.org\/#\/schema\/person\/ac92bf102c0b53544ebdec5b9d0aed18"},"breadcrumb":{"@id":"https:\/\/exaudi.org\/es\/la-grandeur-de-paris-24-y-los-complejos-en-la-ceremonia-inaugural\/#breadcrumb"},"inLanguage":"es","potentialAction":[{"@type":"ReadAction","target":["https:\/\/exaudi.org\/es\/la-grandeur-de-paris-24-y-los-complejos-en-la-ceremonia-inaugural\/"]}]},{"@type":"ImageObject","inLanguage":"es","@id":"https:\/\/exaudi.org\/es\/la-grandeur-de-paris-24-y-los-complejos-en-la-ceremonia-inaugural\/#primaryimage","url":"https:\/\/exaudi.org\/wp-content\/uploads\/2024\/08\/pexels-chris-molloy-220084-1308940-scaled.jpg","contentUrl":"https:\/\/exaudi.org\/wp-content\/uploads\/2024\/08\/pexels-chris-molloy-220084-1308940-scaled.jpg","width":2560,"height":1707},{"@type":"BreadcrumbList","@id":"https:\/\/exaudi.org\/es\/la-grandeur-de-paris-24-y-los-complejos-en-la-ceremonia-inaugural\/#breadcrumb","itemListElement":[{"@type":"ListItem","position":1,"name":"Portada","item":"https:\/\/exaudi.org\/es\/"},{"@type":"ListItem","position":2,"name":"La grandeur de Paris \u2018 24 y los\u00a0 complejos en la ceremonia inaugural"}]},{"@type":"WebSite","@id":"https:\/\/exaudi.org\/#website","url":"https:\/\/exaudi.org\/","name":"Exaudi","description":"News","potentialAction":[{"@type":"SearchAction","target":{"@type":"EntryPoint","urlTemplate":"https:\/\/exaudi.org\/?s={search_term_string}"},"query-input":{"@type":"PropertyValueSpecification","valueRequired":true,"valueName":"search_term_string"}}],"inLanguage":"es"},{"@type":"Person","@id":"https:\/\/exaudi.org\/#\/schema\/person\/ac92bf102c0b53544ebdec5b9d0aed18","name":"Alfons Gea","image":{"@type":"ImageObject","inLanguage":"es","@id":"https:\/\/secure.gravatar.com\/avatar\/24ebf96806e8303525f3910faa8289fe6c8726339b6a79ad483356d520db03c6?s=96&d=mm&r=g","url":"https:\/\/secure.gravatar.com\/avatar\/24ebf96806e8303525f3910faa8289fe6c8726339b6a79ad483356d520db03c6?s=96&d=mm&r=g","contentUrl":"https:\/\/secure.gravatar.com\/avatar\/24ebf96806e8303525f3910faa8289fe6c8726339b6a79ad483356d520db03c6?s=96&d=mm&r=g","caption":"Alfons Gea"},"description":"Licenciado en Teolog\u00eda en Facultad de Teolog\u00eda de Barcelona (1988). Diplomado en Magisterio \u2013 profesor EGB. Universidad de Barcelona (1990). Licenciado en Psicopedagogia. Universidad Ram\u00f3n Llull, (1994). Responsable del Servicio de Atenci\u00f3n al Duelo de Funeraria Municipal de Terrassa (2001-2022). Terapeuta en Gabinete Gedi - Psicolog\u00eda aplicada (2022). P\u00e1rroco de St. Viucente de Jonquereas, de Sabadell (2012). Articulista en revistas especializadas y prensa comarcal. Formador en atenci\u00f3n al duelo de profesionales sanitarios y sociosanitarios: Trabajadoras sociales, psic\u00f3logas\/os, m\u00e9dicas, enfermer\u00eda, maestras (1995). Ha participado en varios programas de opini\u00f3n y debate de televisiones y radios nacionales. Anteriormente ejerci\u00f3 como asistente espiritual de los hospitales en Terrassa: San L\u00e1zaro, Mutua, y Hospital de Terrassa (1997-2018. Fue p\u00e1rroco de la parroquia Virgen de Montserrat de Terrassa (1997-2013) y responsable de Formaci\u00f3n de la Delegaci\u00f3n de Pastoral de la Salud de la di\u00f3cesis de Barcelona (1995-2005). Delegado episcopal de Pastoral de la salud de la di\u00f3cesis de Terrassa (2005-2012). Coordinador de la Pastoral de la Salud de la Conferencia episcopal catalana. Maestro de EGB, Coordinador de secundaria, subdirector de escuela, jefe de gabinete psicopedag\u00f3gico, fundador y director del Centro Sara \u2013 casa de acogida para enfermos de SIDA, educador en situaciones de riesgo social, Fundador del Taller Solidario \u2013 centro de inserci\u00f3n laboral.","url":"https:\/\/exaudi.org\/es\/author\/alfonsogea\/"}]}},"jetpack_featured_media_url":"https:\/\/exaudi.org\/wp-content\/uploads\/2024\/08\/pexels-chris-molloy-220084-1308940-scaled.jpg","jetpack_shortlink":"https:\/\/wp.me\/pgKjF2-rDZ","_links":{"self":[{"href":"https:\/\/exaudi.org\/es\/wp-json\/wp\/v2\/posts\/106267","targetHints":{"allow":["GET"]}}],"collection":[{"href":"https:\/\/exaudi.org\/es\/wp-json\/wp\/v2\/posts"}],"about":[{"href":"https:\/\/exaudi.org\/es\/wp-json\/wp\/v2\/types\/post"}],"author":[{"embeddable":true,"href":"https:\/\/exaudi.org\/es\/wp-json\/wp\/v2\/users\/77"}],"replies":[{"embeddable":true,"href":"https:\/\/exaudi.org\/es\/wp-json\/wp\/v2\/comments?post=106267"}],"version-history":[{"count":0,"href":"https:\/\/exaudi.org\/es\/wp-json\/wp\/v2\/posts\/106267\/revisions"}],"wp:featuredmedia":[{"embeddable":true,"href":"https:\/\/exaudi.org\/es\/wp-json\/wp\/v2\/media\/106271"}],"wp:attachment":[{"href":"https:\/\/exaudi.org\/es\/wp-json\/wp\/v2\/media?parent=106267"}],"wp:term":[{"taxonomy":"category","embeddable":true,"href":"https:\/\/exaudi.org\/es\/wp-json\/wp\/v2\/categories?post=106267"},{"taxonomy":"post_tag","embeddable":true,"href":"https:\/\/exaudi.org\/es\/wp-json\/wp\/v2\/tags?post=106267"}],"curies":[{"name":"wp","href":"https:\/\/api.w.org\/{rel}","templated":true}]}}