{"id":105967,"date":"2024-07-27T11:04:51","date_gmt":"2024-07-27T09:04:51","guid":{"rendered":"https:\/\/exaudi.org\/?p=105967"},"modified":"2024-07-27T11:04:51","modified_gmt":"2024-07-27T09:04:51","slug":"elecciones-para-venezuela","status":"publish","type":"post","link":"https:\/\/exaudi.org\/es\/elecciones-para-venezuela\/","title":{"rendered":"(E)Lecciones para Venezuela"},"content":{"rendered":"<p>La humanidad est\u00e1 entra\u00f1ablemente unida. No hay hilos sueltos en la historia; pretenden desprendernos de las \u00e9pocas, las generaciones y las civilizaciones es un esfuerzo infructuoso. El aprendizaje est\u00e1 sujeto al modelaje y as\u00ed se configura el crecimiento de las sociedades. En la llamada Teor\u00eda del Conocimiento, o como se le conoce ahora, la Cr\u00edtica del Conocimiento, hay una importante pretensi\u00f3n por llegar a conocer c\u00f3mo se produce el conocimiento verdadero, es decir, procurar desentra\u00f1ar los procesos mentales por medio de los cuales sabemos c\u00f3mo conocemos. Este paso garantiza que estamos siendo conducidos hacia la verdad del objeto y que nos vamos distanciando de la gnoseolog\u00eda del error.<\/p>\n<p>Una de esas dimensiones que nos une y nos identifica en la historia es el conocimiento. El discurso l\u00f3gico-racional impide que se rompa la unidad ontol\u00f3gica del pensamiento, la cual va diferenci\u00e1ndose con las respuestas dadas en cada \u00e9poca y en cada circunstancia. Es as\u00ed como la humanidad fue avanzando del mito a la raz\u00f3n. Despu\u00e9s de definir la cosmovisi\u00f3n con leyes espirituales que rigen m\u00e1gicamente su desarrollo, de considerar las leyes naturales como explicaci\u00f3n del \u201cn\u00f3umeno\u201d, la humanidad lleg\u00f3 a la raz\u00f3n. Ubicar hist\u00f3ricamente el \u201cMilagro de la Raz\u00f3n\u201d no es una tarea f\u00e1cil. Es decir, identificar cu\u00e1ndo dimos el paso de una sociedad m\u00edtica-naturalista a una sociedad \u201cracional\u201d no podemos ubicarlo con precisi\u00f3n en el tiempo y en el espacio.<\/p>\n<p>El fil\u00f3sofo y antrop\u00f3logo franc\u00e9s, Jean-Pierre Vernant, sugiere, m\u00e1s que un momento, un evento para identificar este inicio: \u201cel advenimiento de la ciudad, de la polis, que implica un cambio de mentalidad, el descubrimiento de otro horizonte intelectual, la elaboraci\u00f3n de un nuevo espacio social. La ciudad es un cosmos circular centrado, donde cada ciudadano manda por turno y todos son semejantes\u201d. La llegada de la polis impuls\u00f3 el uso de la raz\u00f3n en la asunci\u00f3n de varias categor\u00edas. Por una parte, la forma circular, todos est\u00e1n incluidos, son parte del espacio. Por otra parte, la elaboraci\u00f3n de un espacio social, lo cual significa corresponsabilidad: una casa com\u00fan, y por \u00faltimo, la raz\u00f3n contribuye a que en la polis nos demos cuenta de que cada ciudadano manda por turno. El advenimiento de la raz\u00f3n como punto de partida para una cosmovisi\u00f3n no anula la visi\u00f3n m\u00edtica, antes bien, describe un nuevo horizonte intelectual.<\/p>\n<p>Estamos en el umbral de un nuevo proceso para reconocer que \u201cmandamos por turnos y que somos semejantes\u201d. El d\u00eda de las elecciones es para recordar las \u201clecciones\u201d que debimos aprender y no lo hicimos por estar transitando rumbos equivocados. La democracia venezolana no solo se ha debilitado, se ha desnaturalizado. Alguien nos dijo: \u201chay que sembrar el petr\u00f3leo\u201d. Hicimos caso omiso, se convirti\u00f3 en el encanto que defraud\u00f3 las esperanzas de todos y enriqueci\u00f3 la vida de pocos. Hoy, de aquellas \u201creservas m\u00e1s grandes del mundo\u201d queda el anhelo de un pa\u00eds empobrecido, una sociedad dividida y una naci\u00f3n devastada.<\/p>\n<p>A\u00f1os m\u00e1s tarde, otra voz nos aconsej\u00f3: \u201csi Venezuela no reconsidera su rumbo pol\u00edtico, tendr\u00e1 que ser socorrida por la Cruz Roja Internacional\u201d. De esta lecci\u00f3n tampoco aprendimos. Se secaron nuestros campos, murieron nuestras vacas, el caf\u00e9 del occidente, el cacao de la costa y el ma\u00edz de la arepa. En nuestra patria, la pobreza es pragm\u00e1tica. Resulta conveniente. Salir de ella no es una acci\u00f3n unidireccional, es rec\u00edproca: un Estado que crea las condiciones y un ciudadano que las aprovecha. Esta es la raz\u00f3n por la cual Jes\u00fas en el Evangelio le pregunta al paral\u00edtico de la piscina de Betesda: \u201c\u00bfQuieres curarte?\u201d (Jn 5,6). Abandonar la pobreza es tambi\u00e9n una decisi\u00f3n.<\/p>\n<p>En Angostura, tambi\u00e9n una voz nos sugiri\u00f3: \u201cMoral y luces son los pilares de la patria, Moral y Luces son nuestras primeras necesidades\u201d. La primera y gran necesidad de una sociedad es alimentar la raz\u00f3n y la educaci\u00f3n es el leg\u00edtimo proceso para eso. No fue suficiente con que algunos de nuestros compatriotas fueran a estudiar al extranjero; tambi\u00e9n debimos hacer de Venezuela un pa\u00eds creyente en la educaci\u00f3n. Desde que soy un ni\u00f1o, recuerdo que los maestros siempre protestan por mejoras en el salario, -y mi mam\u00e1 entre ellos-. Una escuela descuidada, v\u00edctima de la delincuencia, es la mejor evidencia de no haber hecho la tarea. La voz de Angostura sigue sonando convenientemente y nuestra educaci\u00f3n est\u00e1 en el peor de los niveles.<\/p>\n<p>Son muchas las (E)lecciones que no dejaron la huella necesaria. Quiz\u00e1 la m\u00e1s delicada y evidente es no haber podido relacionar el tri\u00e1ngulo c\u00edvico: ciudad-democracia-raz\u00f3n. Cre\u00edmos en nosotros mismos, nos confiamos. Pensamos que cuidaremos el tesoro que heredamos de quienes consolidaron el proyecto pol\u00edtico nacido en 1958. La democracia es fr\u00e1gil y quienes la ejercemos somos imperfectos. No se trata de votar, se trata de elegir. No es solo un cambio pol\u00edtico, es un paso a la construcci\u00f3n de un pa\u00eds \u201cnormal\u201d. Que estas elecciones nos ayuden a aprender las lecciones.<\/p>\n<p><em><strong>Pbro. Luis Eduardo Mart\u00ednez Bastardo &#8211; Director de la Escuela de L\u00ecderes Cat\u00f3licos de Valencia<\/strong><\/em><\/p>\n<p>&nbsp;<\/p>\n","protected":false},"excerpt":{"rendered":"<p>La humanidad est\u00e1 entra\u00f1ablemente unida. No hay hilos sueltos en la historia; pretenden desprendernos de las \u00e9pocas, las generaciones y las civilizaciones es un esfuerzo infructuoso. El aprendizaje est\u00e1 sujeto al modelaje y as\u00ed se configura el crecimiento de las sociedades. En la llamada Teor\u00eda del Conocimiento, o como se le conoce ahora, la Cr\u00edtica [&hellip;]<\/p>\n","protected":false},"author":107,"featured_media":105968,"comment_status":"closed","ping_status":"closed","sticky":false,"template":"","format":"standard","meta":{"_acf_changed":false,"_crdt_document":"","inline_featured_image":false,"footnotes":""},"categories":[130],"tags":[765,606,966],"class_list":["post-105967","post","type-post","status-publish","format-standard","has-post-thumbnail","hentry","category-voces","tag-academia-de-lideres-catolicos","tag-elecciones","tag-venezuela"],"acf":[],"yoast_head":"<!-- This site is optimized with the Yoast SEO plugin v27.4 - https:\/\/yoast.com\/product\/yoast-seo-wordpress\/ -->\n<title>(E)Lecciones para Venezuela &#8211; Exaudi<\/title>\n<meta name=\"robots\" content=\"index, follow, max-snippet:-1, max-image-preview:large, max-video-preview:-1\" \/>\n<link rel=\"canonical\" href=\"https:\/\/exaudi.org\/es\/elecciones-para-venezuela\/\" \/>\n<meta property=\"og:locale\" content=\"es_ES\" \/>\n<meta property=\"og:type\" content=\"article\" \/>\n<meta property=\"og:title\" content=\"(E)Lecciones para Venezuela &#8211; Exaudi\" \/>\n<meta property=\"og:description\" content=\"La humanidad est\u00e1 entra\u00f1ablemente unida. No hay hilos sueltos en la historia; pretenden desprendernos de las \u00e9pocas, las generaciones y las civilizaciones es un esfuerzo infructuoso. El aprendizaje est\u00e1 sujeto al modelaje y as\u00ed se configura el crecimiento de las sociedades. En la llamada Teor\u00eda del Conocimiento, o como se le conoce ahora, la Cr\u00edtica [&hellip;]\" \/>\n<meta property=\"og:url\" content=\"https:\/\/exaudi.org\/es\/elecciones-para-venezuela\/\" \/>\n<meta property=\"og:site_name\" content=\"Exaudi\" \/>\n<meta property=\"article:publisher\" content=\"https:\/\/www.facebook.com\/ExaudiNews\" \/>\n<meta property=\"article:published_time\" content=\"2024-07-27T09:04:51+00:00\" \/>\n<meta property=\"og:image\" content=\"https:\/\/exaudi.org\/wp-content\/uploads\/2024\/07\/Miniatura-youtube-noticias-impactante-naranja-y-negro-3.png\" \/>\n\t<meta property=\"og:image:width\" content=\"1280\" \/>\n\t<meta property=\"og:image:height\" content=\"720\" \/>\n\t<meta property=\"og:image:type\" content=\"image\/png\" \/>\n<meta name=\"author\" content=\"Academia de L\u00edderes Cat\u00f3licos\" \/>\n<meta name=\"twitter:card\" content=\"summary_large_image\" \/>\n<meta name=\"twitter:creator\" content=\"@Exaudi_News\" \/>\n<meta name=\"twitter:site\" content=\"@Exaudi_News\" \/>\n<meta name=\"twitter:label1\" content=\"Escrito por\" \/>\n\t<meta name=\"twitter:data1\" content=\"Academia de L\u00edderes Cat\u00f3licos\" \/>\n\t<meta name=\"twitter:label2\" content=\"Tiempo de lectura\" \/>\n\t<meta name=\"twitter:data2\" content=\"5 minutos\" \/>\n<script type=\"application\/ld+json\" class=\"yoast-schema-graph\">{\"@context\":\"https:\\\/\\\/schema.org\",\"@graph\":[{\"@type\":\"Article\",\"@id\":\"https:\\\/\\\/exaudi.org\\\/es\\\/elecciones-para-venezuela\\\/#article\",\"isPartOf\":{\"@id\":\"https:\\\/\\\/exaudi.org\\\/es\\\/elecciones-para-venezuela\\\/\"},\"author\":{\"name\":\"Academia de L\u00edderes Cat\u00f3licos\",\"@id\":\"https:\\\/\\\/exaudi.org\\\/#\\\/schema\\\/person\\\/334968a332d5dad9f94e08897852c6af\"},\"headline\":\"(E)Lecciones para Venezuela\",\"datePublished\":\"2024-07-27T09:04:51+00:00\",\"mainEntityOfPage\":{\"@id\":\"https:\\\/\\\/exaudi.org\\\/es\\\/elecciones-para-venezuela\\\/\"},\"wordCount\":911,\"image\":{\"@id\":\"https:\\\/\\\/exaudi.org\\\/es\\\/elecciones-para-venezuela\\\/#primaryimage\"},\"thumbnailUrl\":\"https:\\\/\\\/exaudi.org\\\/wp-content\\\/uploads\\\/2024\\\/07\\\/Miniatura-youtube-noticias-impactante-naranja-y-negro-3.png\",\"keywords\":[\"Academia de L\u00edderes Cat\u00f3licos\",\"Elecciones\",\"Venezuela\"],\"articleSection\":[\"Voces\"],\"inLanguage\":\"es\"},{\"@type\":\"WebPage\",\"@id\":\"https:\\\/\\\/exaudi.org\\\/es\\\/elecciones-para-venezuela\\\/\",\"url\":\"https:\\\/\\\/exaudi.org\\\/es\\\/elecciones-para-venezuela\\\/\",\"name\":\"(E)Lecciones para Venezuela &#8211; Exaudi\",\"isPartOf\":{\"@id\":\"https:\\\/\\\/exaudi.org\\\/#website\"},\"primaryImageOfPage\":{\"@id\":\"https:\\\/\\\/exaudi.org\\\/es\\\/elecciones-para-venezuela\\\/#primaryimage\"},\"image\":{\"@id\":\"https:\\\/\\\/exaudi.org\\\/es\\\/elecciones-para-venezuela\\\/#primaryimage\"},\"thumbnailUrl\":\"https:\\\/\\\/exaudi.org\\\/wp-content\\\/uploads\\\/2024\\\/07\\\/Miniatura-youtube-noticias-impactante-naranja-y-negro-3.png\",\"datePublished\":\"2024-07-27T09:04:51+00:00\",\"author\":{\"@id\":\"https:\\\/\\\/exaudi.org\\\/#\\\/schema\\\/person\\\/334968a332d5dad9f94e08897852c6af\"},\"breadcrumb\":{\"@id\":\"https:\\\/\\\/exaudi.org\\\/es\\\/elecciones-para-venezuela\\\/#breadcrumb\"},\"inLanguage\":\"es\",\"potentialAction\":[{\"@type\":\"ReadAction\",\"target\":[\"https:\\\/\\\/exaudi.org\\\/es\\\/elecciones-para-venezuela\\\/\"]}]},{\"@type\":\"ImageObject\",\"inLanguage\":\"es\",\"@id\":\"https:\\\/\\\/exaudi.org\\\/es\\\/elecciones-para-venezuela\\\/#primaryimage\",\"url\":\"https:\\\/\\\/exaudi.org\\\/wp-content\\\/uploads\\\/2024\\\/07\\\/Miniatura-youtube-noticias-impactante-naranja-y-negro-3.png\",\"contentUrl\":\"https:\\\/\\\/exaudi.org\\\/wp-content\\\/uploads\\\/2024\\\/07\\\/Miniatura-youtube-noticias-impactante-naranja-y-negro-3.png\",\"width\":1280,\"height\":720},{\"@type\":\"BreadcrumbList\",\"@id\":\"https:\\\/\\\/exaudi.org\\\/es\\\/elecciones-para-venezuela\\\/#breadcrumb\",\"itemListElement\":[{\"@type\":\"ListItem\",\"position\":1,\"name\":\"Portada\",\"item\":\"https:\\\/\\\/exaudi.org\\\/es\\\/\"},{\"@type\":\"ListItem\",\"position\":2,\"name\":\"(E)Lecciones para Venezuela\"}]},{\"@type\":\"WebSite\",\"@id\":\"https:\\\/\\\/exaudi.org\\\/#website\",\"url\":\"https:\\\/\\\/exaudi.org\\\/\",\"name\":\"Exaudi\",\"description\":\"News\",\"potentialAction\":[{\"@type\":\"SearchAction\",\"target\":{\"@type\":\"EntryPoint\",\"urlTemplate\":\"https:\\\/\\\/exaudi.org\\\/?s={search_term_string}\"},\"query-input\":{\"@type\":\"PropertyValueSpecification\",\"valueRequired\":true,\"valueName\":\"search_term_string\"}}],\"inLanguage\":\"es\"},{\"@type\":\"Person\",\"@id\":\"https:\\\/\\\/exaudi.org\\\/#\\\/schema\\\/person\\\/334968a332d5dad9f94e08897852c6af\",\"name\":\"Academia de L\u00edderes Cat\u00f3licos\",\"image\":{\"@type\":\"ImageObject\",\"inLanguage\":\"es\",\"@id\":\"https:\\\/\\\/secure.gravatar.com\\\/avatar\\\/80d80b1e34d8fa01f6b95d10e695853ca4ea7e054050e21ad1a15d546d4600ca?s=96&d=mm&r=g\",\"url\":\"https:\\\/\\\/secure.gravatar.com\\\/avatar\\\/80d80b1e34d8fa01f6b95d10e695853ca4ea7e054050e21ad1a15d546d4600ca?s=96&d=mm&r=g\",\"contentUrl\":\"https:\\\/\\\/secure.gravatar.com\\\/avatar\\\/80d80b1e34d8fa01f6b95d10e695853ca4ea7e054050e21ad1a15d546d4600ca?s=96&d=mm&r=g\",\"caption\":\"Academia de L\u00edderes Cat\u00f3licos\"},\"description\":\"Es una fundaci\u00f3n de derecho privado sin fines de lucro que busca formar cat\u00f3licos que a partir de la experiencia cristiana desarrollen su vocaci\u00f3n pol\u00edtica con la ayuda de la Doctrina Social de la Iglesia. La Academia Latinoamericana de L\u00edderes Cat\u00f3licos tiene como misi\u00f3n, formar l\u00edderes desde una perspectiva cat\u00f3lica, arraigados en la fe de la Iglesia, para transformar el mundo social, pol\u00edtico y econ\u00f3mico a la luz de la Doctrina Social de la Iglesia. Formar una nueva generaci\u00f3n de cat\u00f3licos latinoamericanos con responsabilidades pol\u00edticas y sociales para que transformen el rostro del continente al servicio de sus pueblos, a la luz del Magisterio de la Iglesia y de cara a los Jubileos del V Centenario Guadalupano y de los dos mil a\u00f1os de la redenci\u00f3n.\",\"sameAs\":[\"https:\\\/\\\/liderescatolicos.net\\\/\",\"https:\\\/\\\/www.youtube.com\\\/c\\\/LderesCatlicos\"],\"url\":\"https:\\\/\\\/exaudi.org\\\/es\\\/author\\\/academia-de-lideres-catolicos\\\/\"}]}<\/script>\n<!-- \/ Yoast SEO plugin. -->","yoast_head_json":{"title":"(E)Lecciones para Venezuela &#8211; Exaudi","robots":{"index":"index","follow":"follow","max-snippet":"max-snippet:-1","max-image-preview":"max-image-preview:large","max-video-preview":"max-video-preview:-1"},"canonical":"https:\/\/exaudi.org\/es\/elecciones-para-venezuela\/","og_locale":"es_ES","og_type":"article","og_title":"(E)Lecciones para Venezuela &#8211; Exaudi","og_description":"La humanidad est\u00e1 entra\u00f1ablemente unida. No hay hilos sueltos en la historia; pretenden desprendernos de las \u00e9pocas, las generaciones y las civilizaciones es un esfuerzo infructuoso. El aprendizaje est\u00e1 sujeto al modelaje y as\u00ed se configura el crecimiento de las sociedades. En la llamada Teor\u00eda del Conocimiento, o como se le conoce ahora, la Cr\u00edtica [&hellip;]","og_url":"https:\/\/exaudi.org\/es\/elecciones-para-venezuela\/","og_site_name":"Exaudi","article_publisher":"https:\/\/www.facebook.com\/ExaudiNews","article_published_time":"2024-07-27T09:04:51+00:00","og_image":[{"width":1280,"height":720,"url":"https:\/\/exaudi.org\/wp-content\/uploads\/2024\/07\/Miniatura-youtube-noticias-impactante-naranja-y-negro-3.png","type":"image\/png"}],"author":"Academia de L\u00edderes Cat\u00f3licos","twitter_card":"summary_large_image","twitter_creator":"@Exaudi_News","twitter_site":"@Exaudi_News","twitter_misc":{"Escrito por":"Academia de L\u00edderes Cat\u00f3licos","Tiempo de lectura":"5 minutos"},"schema":{"@context":"https:\/\/schema.org","@graph":[{"@type":"Article","@id":"https:\/\/exaudi.org\/es\/elecciones-para-venezuela\/#article","isPartOf":{"@id":"https:\/\/exaudi.org\/es\/elecciones-para-venezuela\/"},"author":{"name":"Academia de L\u00edderes Cat\u00f3licos","@id":"https:\/\/exaudi.org\/#\/schema\/person\/334968a332d5dad9f94e08897852c6af"},"headline":"(E)Lecciones para Venezuela","datePublished":"2024-07-27T09:04:51+00:00","mainEntityOfPage":{"@id":"https:\/\/exaudi.org\/es\/elecciones-para-venezuela\/"},"wordCount":911,"image":{"@id":"https:\/\/exaudi.org\/es\/elecciones-para-venezuela\/#primaryimage"},"thumbnailUrl":"https:\/\/exaudi.org\/wp-content\/uploads\/2024\/07\/Miniatura-youtube-noticias-impactante-naranja-y-negro-3.png","keywords":["Academia de L\u00edderes Cat\u00f3licos","Elecciones","Venezuela"],"articleSection":["Voces"],"inLanguage":"es"},{"@type":"WebPage","@id":"https:\/\/exaudi.org\/es\/elecciones-para-venezuela\/","url":"https:\/\/exaudi.org\/es\/elecciones-para-venezuela\/","name":"(E)Lecciones para Venezuela &#8211; Exaudi","isPartOf":{"@id":"https:\/\/exaudi.org\/#website"},"primaryImageOfPage":{"@id":"https:\/\/exaudi.org\/es\/elecciones-para-venezuela\/#primaryimage"},"image":{"@id":"https:\/\/exaudi.org\/es\/elecciones-para-venezuela\/#primaryimage"},"thumbnailUrl":"https:\/\/exaudi.org\/wp-content\/uploads\/2024\/07\/Miniatura-youtube-noticias-impactante-naranja-y-negro-3.png","datePublished":"2024-07-27T09:04:51+00:00","author":{"@id":"https:\/\/exaudi.org\/#\/schema\/person\/334968a332d5dad9f94e08897852c6af"},"breadcrumb":{"@id":"https:\/\/exaudi.org\/es\/elecciones-para-venezuela\/#breadcrumb"},"inLanguage":"es","potentialAction":[{"@type":"ReadAction","target":["https:\/\/exaudi.org\/es\/elecciones-para-venezuela\/"]}]},{"@type":"ImageObject","inLanguage":"es","@id":"https:\/\/exaudi.org\/es\/elecciones-para-venezuela\/#primaryimage","url":"https:\/\/exaudi.org\/wp-content\/uploads\/2024\/07\/Miniatura-youtube-noticias-impactante-naranja-y-negro-3.png","contentUrl":"https:\/\/exaudi.org\/wp-content\/uploads\/2024\/07\/Miniatura-youtube-noticias-impactante-naranja-y-negro-3.png","width":1280,"height":720},{"@type":"BreadcrumbList","@id":"https:\/\/exaudi.org\/es\/elecciones-para-venezuela\/#breadcrumb","itemListElement":[{"@type":"ListItem","position":1,"name":"Portada","item":"https:\/\/exaudi.org\/es\/"},{"@type":"ListItem","position":2,"name":"(E)Lecciones para Venezuela"}]},{"@type":"WebSite","@id":"https:\/\/exaudi.org\/#website","url":"https:\/\/exaudi.org\/","name":"Exaudi","description":"News","potentialAction":[{"@type":"SearchAction","target":{"@type":"EntryPoint","urlTemplate":"https:\/\/exaudi.org\/?s={search_term_string}"},"query-input":{"@type":"PropertyValueSpecification","valueRequired":true,"valueName":"search_term_string"}}],"inLanguage":"es"},{"@type":"Person","@id":"https:\/\/exaudi.org\/#\/schema\/person\/334968a332d5dad9f94e08897852c6af","name":"Academia de L\u00edderes Cat\u00f3licos","image":{"@type":"ImageObject","inLanguage":"es","@id":"https:\/\/secure.gravatar.com\/avatar\/80d80b1e34d8fa01f6b95d10e695853ca4ea7e054050e21ad1a15d546d4600ca?s=96&d=mm&r=g","url":"https:\/\/secure.gravatar.com\/avatar\/80d80b1e34d8fa01f6b95d10e695853ca4ea7e054050e21ad1a15d546d4600ca?s=96&d=mm&r=g","contentUrl":"https:\/\/secure.gravatar.com\/avatar\/80d80b1e34d8fa01f6b95d10e695853ca4ea7e054050e21ad1a15d546d4600ca?s=96&d=mm&r=g","caption":"Academia de L\u00edderes Cat\u00f3licos"},"description":"Es una fundaci\u00f3n de derecho privado sin fines de lucro que busca formar cat\u00f3licos que a partir de la experiencia cristiana desarrollen su vocaci\u00f3n pol\u00edtica con la ayuda de la Doctrina Social de la Iglesia. La Academia Latinoamericana de L\u00edderes Cat\u00f3licos tiene como misi\u00f3n, formar l\u00edderes desde una perspectiva cat\u00f3lica, arraigados en la fe de la Iglesia, para transformar el mundo social, pol\u00edtico y econ\u00f3mico a la luz de la Doctrina Social de la Iglesia. Formar una nueva generaci\u00f3n de cat\u00f3licos latinoamericanos con responsabilidades pol\u00edticas y sociales para que transformen el rostro del continente al servicio de sus pueblos, a la luz del Magisterio de la Iglesia y de cara a los Jubileos del V Centenario Guadalupano y de los dos mil a\u00f1os de la redenci\u00f3n.","sameAs":["https:\/\/liderescatolicos.net\/","https:\/\/www.youtube.com\/c\/LderesCatlicos"],"url":"https:\/\/exaudi.org\/es\/author\/academia-de-lideres-catolicos\/"}]}},"jetpack_featured_media_url":"https:\/\/exaudi.org\/wp-content\/uploads\/2024\/07\/Miniatura-youtube-noticias-impactante-naranja-y-negro-3.png","jetpack_shortlink":"https:\/\/wp.me\/pgKjF2-rz9","_links":{"self":[{"href":"https:\/\/exaudi.org\/es\/wp-json\/wp\/v2\/posts\/105967","targetHints":{"allow":["GET"]}}],"collection":[{"href":"https:\/\/exaudi.org\/es\/wp-json\/wp\/v2\/posts"}],"about":[{"href":"https:\/\/exaudi.org\/es\/wp-json\/wp\/v2\/types\/post"}],"author":[{"embeddable":true,"href":"https:\/\/exaudi.org\/es\/wp-json\/wp\/v2\/users\/107"}],"replies":[{"embeddable":true,"href":"https:\/\/exaudi.org\/es\/wp-json\/wp\/v2\/comments?post=105967"}],"version-history":[{"count":0,"href":"https:\/\/exaudi.org\/es\/wp-json\/wp\/v2\/posts\/105967\/revisions"}],"wp:featuredmedia":[{"embeddable":true,"href":"https:\/\/exaudi.org\/es\/wp-json\/wp\/v2\/media\/105968"}],"wp:attachment":[{"href":"https:\/\/exaudi.org\/es\/wp-json\/wp\/v2\/media?parent=105967"}],"wp:term":[{"taxonomy":"category","embeddable":true,"href":"https:\/\/exaudi.org\/es\/wp-json\/wp\/v2\/categories?post=105967"},{"taxonomy":"post_tag","embeddable":true,"href":"https:\/\/exaudi.org\/es\/wp-json\/wp\/v2\/tags?post=105967"}],"curies":[{"name":"wp","href":"https:\/\/api.w.org\/{rel}","templated":true}]}}