{"id":105683,"date":"2025-08-02T08:00:27","date_gmt":"2025-08-02T06:00:27","guid":{"rendered":"https:\/\/exaudi.org\/?p=105683"},"modified":"2025-08-03T23:16:21","modified_gmt":"2025-08-03T21:16:21","slug":"san-pierre-julien-eymard-2-de-agosto","status":"publish","type":"post","link":"https:\/\/exaudi.org\/es\/san-pierre-julien-eymard-2-de-agosto\/","title":{"rendered":"San Pierre-Julien Eymard, 2 de agosto"},"content":{"rendered":"<p>Naci\u00f3 en la localidad francesa de La Mure d\u2019Isere el 4 de febrero de 1811, perteneciente a una di\u00f3cesis bendecida por Mar\u00eda que se hab\u00eda aparecido en La Salette. Era fruto del segundo matrimonio que su padre, afilador ambulante, hab\u00eda contra\u00eddo cuando ya ten\u00eda dos hijos anteriores. Creci\u00f3 misteriosamente atra\u00eddo por la Sagrada Eucarist\u00eda. Una vez se perdi\u00f3 y lo hallaron embobado ante el Sant\u00edsimo. Se hab\u00eda subido en una escalera para \u00abhablar con Jes\u00fas\u00bb, respondi\u00f3 cuando le preguntaron. Su futuro estaba trazado en su coraz\u00f3n con letras indelebles: ser\u00eda religioso. Pero no le pusieron las cosas f\u00e1ciles. Su padre, con una econom\u00eda venida a menos, le necesitaba para trabajar, y \u00e9l estudiaba lat\u00edn a escondidas; los ejercicios se los correg\u00edan en el est\u00edo los seminaristas. Cuando obtuvo una beca, las trabas vinieron de manos de su director, que no le ayud\u00f3 y lo relegaba imponi\u00e9ndole ocupaciones diversas que nunca hubiese encomendado a otros. Fracas\u00f3 su intento de recibir formaci\u00f3n por un sacerdote de Grenoble y volvi\u00f3 a Le Mure. Entonces se cruz\u00f3 en su camino el oblato, P. Guibert, futuro cardenal arzobispo de Par\u00eds, quien convenci\u00f3 a su padre, y se llev\u00f3 al joven a Marsella. Ingres\u00f3 en el noviciado en 1829. Su af\u00e1n por no ser gravoso y llevar el ritmo de los dem\u00e1s le cost\u00f3 caro: min\u00f3 su salud y le puso al borde de la muerte. No quer\u00eda abandonar este mundo sin oficiar una misa y cuando la gente aguardaba su deceso, san\u00f3 milagrosamente.<\/p>\n<p>Las puertas del convento de los oblatos no se abrieron para \u00e9l, pero su Fundador, Mazenod, no lo abandon\u00f3, sino que medi\u00f3 para que fuese acogido en Grenoble. Y all\u00ed ser\u00eda ordenado sacerdote en 1834. Durante cinco a\u00f1os fue coadjutor de Chatte y luego p\u00e1rroco de Monteynard. El Cura de Ars, al que conoci\u00f3 y con el que trab\u00f3 amistad, dir\u00eda de \u00e9l cuando ya era Fundador: \u00abEs un santo. El mundo se opone a su obra porque no la conoce, pero se trata de una empresa que lograr\u00e1 grandes cosas por la gloria de Dios. \u00a1Adoraci\u00f3n Sacerdotal, que maravilla! \u2026 Decid al P. Eymard que pedir\u00e9 diariamente por su obra\u00bb. En esa \u00e9poca los dos santos sacerdotes hab\u00edan elegido la v\u00eda del holocausto personal por la santidad de su grey.<\/p>\n<p>Con la aprobaci\u00f3n de su obispo, el P. Eymard ingres\u00f3 en la Congregaci\u00f3n de los Maristas. El prelado lo conceptuaba altamente: \u00abLa mejor prueba de estima que puedo dar a esa congregaci\u00f3n es permitir a un sacerdote como vos ingresar en ella\u00bb. El pueblo reclam\u00f3 su presencia, pero ya no hubo vuelta atr\u00e1s. Por \u00e9l se hubiera ido a misiones, pero despu\u00e9s de ser director del Seminario Menor de Belley, en 1845 fue elegido provincial de Lyon, y posteriormente director de la Tercera Orden de Mar\u00eda en Marsella, donde, junto a sus fieles, se dedic\u00f3 a asistir a obreros y reclusos. En enero de 1851 peregrin\u00f3 al Santuario de Fourvi\u00e8re. En su oraci\u00f3n ten\u00eda presente la escas\u00edsima devoci\u00f3n que merec\u00eda el Sant\u00edsimo entre sacerdotes y fieles. Y cuando llevaba la Custodia en procesi\u00f3n, se prometi\u00f3 que se dedicar\u00eda a fomentar la adoraci\u00f3n y difusi\u00f3n de la Eucarist\u00eda, sentimiento que vincul\u00f3 a Mar\u00eda. Entonces comenz\u00f3 a pensar en la fundaci\u00f3n de una Tercera Orden que tendr\u00eda ese objetivo. Y es que la devoci\u00f3n al Sant\u00edsimo le quemaba las entra\u00f1as: \u00abSin \u00c9l, dec\u00eda, perder\u00eda yo mi alma\u00bb. Para fundar, tuvo que abandonar a los maristas, lo cual le cost\u00f3 no pocos sufrimientos y cr\u00edticas: \u00abNo comprenden la obra\u2014dec\u00eda\u2014 y creen que hacen bien en oponerse a ella. Ya sab\u00eda yo que la obra iba a ser perseguida. \u00bfAcaso el Se\u00f1or no fue perseguido durante su vida?\u00bb. Pero en 1856, hall\u00e1ndose en Par\u00eds, erigi\u00f3 el nuevo Instituto, que fue aprobado de inmediato por Mons. Sibour y ser\u00eda bendecido en 1863 por P\u00edo IX.<\/p>\n<p>En 1857 se instal\u00f3 junto a los PP. De Cuers y Champion en una casa cedida por el prelado, y se expuso por vez primera el Sant\u00edsimo. Al a\u00f1o siguiente se instalaron en el suburbio de Saint-Jacques y ya expon\u00edan el Sant\u00edsimo tres veces a la semana. Luego abrieron otras fundaciones en Marsella y Angers. El P. Eymard fund\u00f3 las Siervas del Sant\u00edsimo Sacramento, la Liga Eucar\u00edstica Sacerdotal y la Obra de Adultos. Adem\u00e1s, organiz\u00f3 la Archicofrad\u00eda del Sant\u00edsimo Sacramento. Escribi\u00f3 diversas obras sobre la Eucarist\u00eda. Muri\u00f3 el 1 de agosto de 1868. Fue beatificado por P\u00edo XI el 3 de agosto de 1925, y canonizado por Juan XXIII el 9 de diciembre de 1962.<\/p>\n<p><img loading=\"lazy\" decoding=\"async\" class=\"size-full wp-image-130418 alignnone\" src=\"https:\/\/exaudi.org\/wp-content\/uploads\/2024\/08\/Santoral-1.jpg\" alt=\"\" width=\"1080\" height=\"1080\" srcset=\"https:\/\/exaudi.org\/wp-content\/uploads\/2024\/08\/Santoral-1.jpg 1080w, https:\/\/exaudi.org\/wp-content\/uploads\/2024\/08\/Santoral-1-300x300.jpg 300w, https:\/\/exaudi.org\/wp-content\/uploads\/2024\/08\/Santoral-1-1024x1024.jpg 1024w, https:\/\/exaudi.org\/wp-content\/uploads\/2024\/08\/Santoral-1-100x100.jpg?crop=1 100w, https:\/\/exaudi.org\/wp-content\/uploads\/2024\/08\/Santoral-1-770x770.jpg 770w, https:\/\/exaudi.org\/wp-content\/uploads\/2024\/08\/Santoral-1-500x500.jpg 500w\" sizes=\"auto, (max-width: 1080px) 100vw, 1080px\" \/><\/p>\n<h6><em><img loading=\"lazy\" decoding=\"async\" class=\"alignright wp-image-2208\" src=\"https:\/\/exaudi.org\/wp-content\/uploads\/2021\/02\/santoral-scaled-1-725x1024.jpg\" alt=\"santoral Isabel Orellana\" width=\"262\" height=\"370\" \/>\u00a9 <a href=\"https:\/\/exaudi.org\/es\/author\/isabelorellana\/\" target=\"_blank\" rel=\"noopener noreferrer\">Isabel Orellana Vilches<\/a>, 2024<\/em><br \/>\n<em>Autora vinculada a<\/em><br \/>\n<img loading=\"lazy\" decoding=\"async\" class=\"alignnone size-full wp-image-41949\" src=\"https:\/\/www.idente.org\/wp-content\/uploads\/logo-cedro-v01-843x295-1-e1603384654546.png\" alt=\"\" width=\"80\" height=\"28\" \/><br \/>\nObra protegida por derechos de autor.<br \/>\nInscrita en el Registro de la Propiedad Intelectual el 24 de noviembre de 2014.<br \/>\n________________<br \/>\nDerechos de edici\u00f3n reservados:<br \/>\nFundaci\u00f3n <a href=\"https:\/\/rielo.com\/\" target=\"_blank\" rel=\"noopener noreferrer\">Fernando Rielo<\/a><br \/>\nGoya 20, 4.\u00ba izq. int. 28001 Madrid<br \/>\nTlf.: (34) 91 575 40 91<br \/>\nCorreo electr\u00f3nico: fundacion@rielo.com<\/h6>\n<div class=\"page\" title=\"Page 4\">\n<div class=\"layoutArea\">\n<div class=\"column\">\n<h6>Dep\u00f3sito legal: M-18664-2020<br \/>\nISBN: 978-84-946646-6-3<\/h6>\n<\/div>\n<\/div>\n<\/div>\n","protected":false},"excerpt":{"rendered":"<p>Ap\u00f3stol de la Eucarist\u00eda<\/p>\n","protected":false},"author":23,"featured_media":105684,"comment_status":"closed","ping_status":"closed","sticky":false,"template":"","format":"standard","meta":{"_acf_changed":false,"_crdt_document":"","inline_featured_image":false,"footnotes":""},"categories":[74,2772],"tags":[388,22062,387,4953],"class_list":["post-105683","post","type-post","status-publish","format-standard","has-post-thumbnail","hentry","category-iglesia-y-mundo","category-santoral","tag-isabel-orellana-vilches","tag-san-pierre-julien-eymard","tag-santoral","tag-trending-es"],"acf":[],"yoast_head":"<!-- This site is optimized with the Yoast SEO plugin v27.5 - https:\/\/yoast.com\/product\/yoast-seo-wordpress\/ -->\n<title>San Pierre-Julien Eymard, 2 de agosto &#8211; Exaudi<\/title>\n<meta name=\"robots\" content=\"index, follow, max-snippet:-1, max-image-preview:large, max-video-preview:-1\" \/>\n<link rel=\"canonical\" href=\"https:\/\/exaudi.org\/es\/san-pierre-julien-eymard-2-de-agosto\/\" \/>\n<meta property=\"og:locale\" content=\"es_ES\" \/>\n<meta property=\"og:type\" content=\"article\" \/>\n<meta property=\"og:title\" content=\"San Pierre-Julien Eymard, 2 de agosto &#8211; Exaudi\" \/>\n<meta property=\"og:description\" content=\"Ap\u00f3stol de la Eucarist\u00eda\" \/>\n<meta property=\"og:url\" content=\"https:\/\/exaudi.org\/es\/san-pierre-julien-eymard-2-de-agosto\/\" \/>\n<meta property=\"og:site_name\" content=\"Exaudi\" \/>\n<meta property=\"article:publisher\" content=\"https:\/\/www.facebook.com\/ExaudiNews\" \/>\n<meta property=\"article:published_time\" content=\"2025-08-02T06:00:27+00:00\" \/>\n<meta property=\"article:modified_time\" content=\"2025-08-03T21:16:21+00:00\" \/>\n<meta property=\"og:image\" content=\"https:\/\/exaudi.org\/wp-content\/uploads\/2024\/07\/St_Peter_Julian_Eymard-e1721630602437.jpg\" \/>\n\t<meta property=\"og:image:width\" content=\"341\" \/>\n\t<meta property=\"og:image:height\" content=\"228\" \/>\n\t<meta property=\"og:image:type\" content=\"image\/jpeg\" \/>\n<meta name=\"author\" content=\"Isabel Orellana\" \/>\n<meta name=\"twitter:card\" content=\"summary_large_image\" \/>\n<meta name=\"twitter:creator\" content=\"@Exaudi_News\" \/>\n<meta name=\"twitter:site\" content=\"@Exaudi_News\" \/>\n<meta name=\"twitter:label1\" content=\"Escrito por\" \/>\n\t<meta name=\"twitter:data1\" content=\"Isabel Orellana\" \/>\n\t<meta name=\"twitter:label2\" content=\"Tiempo de lectura\" \/>\n\t<meta name=\"twitter:data2\" content=\"4 minutos\" \/>\n<script type=\"application\/ld+json\" class=\"yoast-schema-graph\">{\"@context\":\"https:\\\/\\\/schema.org\",\"@graph\":[{\"@type\":\"Article\",\"@id\":\"https:\\\/\\\/exaudi.org\\\/es\\\/san-pierre-julien-eymard-2-de-agosto\\\/#article\",\"isPartOf\":{\"@id\":\"https:\\\/\\\/exaudi.org\\\/es\\\/san-pierre-julien-eymard-2-de-agosto\\\/\"},\"author\":{\"name\":\"Isabel Orellana\",\"@id\":\"https:\\\/\\\/exaudi.org\\\/#\\\/schema\\\/person\\\/64e18b96fd6118559a9217b5b3375fdc\"},\"headline\":\"San Pierre-Julien Eymard, 2 de agosto\",\"datePublished\":\"2025-08-02T06:00:27+00:00\",\"dateModified\":\"2025-08-03T21:16:21+00:00\",\"mainEntityOfPage\":{\"@id\":\"https:\\\/\\\/exaudi.org\\\/es\\\/san-pierre-julien-eymard-2-de-agosto\\\/\"},\"wordCount\":875,\"image\":{\"@id\":\"https:\\\/\\\/exaudi.org\\\/es\\\/san-pierre-julien-eymard-2-de-agosto\\\/#primaryimage\"},\"thumbnailUrl\":\"https:\\\/\\\/exaudi.org\\\/wp-content\\\/uploads\\\/2024\\\/07\\\/St_Peter_Julian_Eymard-e1721630602437.jpg\",\"keywords\":[\"Isabel Orellana Vilches\",\"San Pierre-Julien Eymard\",\"Santoral\",\"Trending\"],\"articleSection\":[\"Iglesia y Mundo\",\"Santoral\"],\"inLanguage\":\"es\"},{\"@type\":\"WebPage\",\"@id\":\"https:\\\/\\\/exaudi.org\\\/es\\\/san-pierre-julien-eymard-2-de-agosto\\\/\",\"url\":\"https:\\\/\\\/exaudi.org\\\/es\\\/san-pierre-julien-eymard-2-de-agosto\\\/\",\"name\":\"San Pierre-Julien Eymard, 2 de agosto &#8211; Exaudi\",\"isPartOf\":{\"@id\":\"https:\\\/\\\/exaudi.org\\\/#website\"},\"primaryImageOfPage\":{\"@id\":\"https:\\\/\\\/exaudi.org\\\/es\\\/san-pierre-julien-eymard-2-de-agosto\\\/#primaryimage\"},\"image\":{\"@id\":\"https:\\\/\\\/exaudi.org\\\/es\\\/san-pierre-julien-eymard-2-de-agosto\\\/#primaryimage\"},\"thumbnailUrl\":\"https:\\\/\\\/exaudi.org\\\/wp-content\\\/uploads\\\/2024\\\/07\\\/St_Peter_Julian_Eymard-e1721630602437.jpg\",\"datePublished\":\"2025-08-02T06:00:27+00:00\",\"dateModified\":\"2025-08-03T21:16:21+00:00\",\"author\":{\"@id\":\"https:\\\/\\\/exaudi.org\\\/#\\\/schema\\\/person\\\/64e18b96fd6118559a9217b5b3375fdc\"},\"breadcrumb\":{\"@id\":\"https:\\\/\\\/exaudi.org\\\/es\\\/san-pierre-julien-eymard-2-de-agosto\\\/#breadcrumb\"},\"inLanguage\":\"es\",\"potentialAction\":[{\"@type\":\"ReadAction\",\"target\":[\"https:\\\/\\\/exaudi.org\\\/es\\\/san-pierre-julien-eymard-2-de-agosto\\\/\"]}]},{\"@type\":\"ImageObject\",\"inLanguage\":\"es\",\"@id\":\"https:\\\/\\\/exaudi.org\\\/es\\\/san-pierre-julien-eymard-2-de-agosto\\\/#primaryimage\",\"url\":\"https:\\\/\\\/exaudi.org\\\/wp-content\\\/uploads\\\/2024\\\/07\\\/St_Peter_Julian_Eymard-e1721630602437.jpg\",\"contentUrl\":\"https:\\\/\\\/exaudi.org\\\/wp-content\\\/uploads\\\/2024\\\/07\\\/St_Peter_Julian_Eymard-e1721630602437.jpg\",\"width\":341,\"height\":228},{\"@type\":\"BreadcrumbList\",\"@id\":\"https:\\\/\\\/exaudi.org\\\/es\\\/san-pierre-julien-eymard-2-de-agosto\\\/#breadcrumb\",\"itemListElement\":[{\"@type\":\"ListItem\",\"position\":1,\"name\":\"Portada\",\"item\":\"https:\\\/\\\/exaudi.org\\\/es\\\/\"},{\"@type\":\"ListItem\",\"position\":2,\"name\":\"San Pierre-Julien Eymard, 2 de agosto\"}]},{\"@type\":\"WebSite\",\"@id\":\"https:\\\/\\\/exaudi.org\\\/#website\",\"url\":\"https:\\\/\\\/exaudi.org\\\/\",\"name\":\"Exaudi\",\"description\":\"News\",\"potentialAction\":[{\"@type\":\"SearchAction\",\"target\":{\"@type\":\"EntryPoint\",\"urlTemplate\":\"https:\\\/\\\/exaudi.org\\\/?s={search_term_string}\"},\"query-input\":{\"@type\":\"PropertyValueSpecification\",\"valueRequired\":true,\"valueName\":\"search_term_string\"}}],\"inLanguage\":\"es\"},{\"@type\":\"Person\",\"@id\":\"https:\\\/\\\/exaudi.org\\\/#\\\/schema\\\/person\\\/64e18b96fd6118559a9217b5b3375fdc\",\"name\":\"Isabel Orellana\",\"image\":{\"@type\":\"ImageObject\",\"inLanguage\":\"es\",\"@id\":\"https:\\\/\\\/secure.gravatar.com\\\/avatar\\\/51968380bbb6b22ae85c605634860366fd9a2a611c6341125115bca32cd6c171?s=96&d=mm&r=g\",\"url\":\"https:\\\/\\\/secure.gravatar.com\\\/avatar\\\/51968380bbb6b22ae85c605634860366fd9a2a611c6341125115bca32cd6c171?s=96&d=mm&r=g\",\"contentUrl\":\"https:\\\/\\\/secure.gravatar.com\\\/avatar\\\/51968380bbb6b22ae85c605634860366fd9a2a611c6341125115bca32cd6c171?s=96&d=mm&r=g\",\"caption\":\"Isabel Orellana\"},\"description\":\"Isabel Orellana Vilches Misionera idente. Doctora en Filosof\u00eda por la Universidad Aut\u00f3noma de Barcelona con la tesis Realismo y progreso cient\u00edfico en la epistemolog\u00eda popperiana. Ha cursado estudios de teolog\u00eda en la Universidad Pontificia de Salamanca. Con amplia actividad docente desde 1986, ha publicado libros como: Realismo y progreso cient\u00edfico en la epistemolog\u00eda popperiana, Universitat Aut\u00f2noma de Barcelona, 1993; El evangelio habla a los j\u00f3venes, Atenas, Madrid, 1997; Qu\u00e9 es... LA TOLERANCIA, Paulinas, Madrid, 1999; Pedagog\u00eda del dolor. Ensayo antropol\u00f3gico, Palabra, Madrid, 1999; En colaboraci\u00f3n con Enrique Rivera de Ventosa (\u2020) OFM. Cap. San Francisco de As\u00eds y Fernando Rielo: Convergencias. Respuestas desde la fe a los interrogantes del hombre de hoy, Universidad Pontificia, Salamanca, 2001; La \\\"mirada\\\" del cine. Recursos did\u00e1cticos del s\u00e9ptimo arte. Librer\u00eda Cervantes, Salamanca, 2001; Paradojas de la convivencia, San Pablo, Madrid, 2002; En la Universidad T\u00e9cnica Particular de Loja, Ecuador, ha publicado: La confianza. El arte de amar, 2002; Educar para la responsabilidad, 2003; Apuntes de \u00e9tica en Karl R. Popper, 2003; De soledades y comunicaci\u00f3n, 2005; Yo educo; t\u00fa respondes, 2008; Humanismo y fe en un crisol de culturas, 2008; Repensar lo cotidiano, 2008; Convivir: un constante desaf\u00edo, 2009; La l\u00f3gica del amor, 2010; El dolor del amor. Apuntes sobre la enfermedad y el dolor en relaci\u00f3n con la virtud heroica, el martirio y la vida santa. Seminario Diocesano de M\u00e1laga, 2006 y Universidad T\u00e9cnica Particular de Loja, Ecuador (2007). Cuenta con numerosas colaboraciones en obras colectivas, as\u00ed como relatos, cuentos, f\u00e1bula y novela juvenil, adem\u00e1s de art\u00edculos de tem\u00e1tica cient\u00edfica, pedag\u00f3gica y espiritual, que viene publicando en distintas revistas nacionales e internacionales. En 2012 culmin\u00f3 el santoral Llamados a ser santos y poco m\u00e1s tarde Epopeyas de amor prologado por mons. Fernando Sebasti\u00e1n. Es la bi\u00f3grafa oficial del fundador de su familia espiritual, autora de Fernando Rielo Pardal. Fundador de los Misioneros Identes, Descl\u00e9e de Brouwer, Bilbao, 2009. Culmina la biograf\u00eda completa. Encargada del santoral de ZENIT desde 2012 a 2020 y ahora en Exaudi\",\"url\":\"https:\\\/\\\/exaudi.org\\\/es\\\/author\\\/isabelorellana\\\/\"}]}<\/script>\n<!-- \/ Yoast SEO plugin. -->","yoast_head_json":{"title":"San Pierre-Julien Eymard, 2 de agosto &#8211; Exaudi","robots":{"index":"index","follow":"follow","max-snippet":"max-snippet:-1","max-image-preview":"max-image-preview:large","max-video-preview":"max-video-preview:-1"},"canonical":"https:\/\/exaudi.org\/es\/san-pierre-julien-eymard-2-de-agosto\/","og_locale":"es_ES","og_type":"article","og_title":"San Pierre-Julien Eymard, 2 de agosto &#8211; Exaudi","og_description":"Ap\u00f3stol de la Eucarist\u00eda","og_url":"https:\/\/exaudi.org\/es\/san-pierre-julien-eymard-2-de-agosto\/","og_site_name":"Exaudi","article_publisher":"https:\/\/www.facebook.com\/ExaudiNews","article_published_time":"2025-08-02T06:00:27+00:00","article_modified_time":"2025-08-03T21:16:21+00:00","og_image":[{"width":341,"height":228,"url":"https:\/\/exaudi.org\/wp-content\/uploads\/2024\/07\/St_Peter_Julian_Eymard-e1721630602437.jpg","type":"image\/jpeg"}],"author":"Isabel Orellana","twitter_card":"summary_large_image","twitter_creator":"@Exaudi_News","twitter_site":"@Exaudi_News","twitter_misc":{"Escrito por":"Isabel Orellana","Tiempo de lectura":"4 minutos"},"schema":{"@context":"https:\/\/schema.org","@graph":[{"@type":"Article","@id":"https:\/\/exaudi.org\/es\/san-pierre-julien-eymard-2-de-agosto\/#article","isPartOf":{"@id":"https:\/\/exaudi.org\/es\/san-pierre-julien-eymard-2-de-agosto\/"},"author":{"name":"Isabel Orellana","@id":"https:\/\/exaudi.org\/#\/schema\/person\/64e18b96fd6118559a9217b5b3375fdc"},"headline":"San Pierre-Julien Eymard, 2 de agosto","datePublished":"2025-08-02T06:00:27+00:00","dateModified":"2025-08-03T21:16:21+00:00","mainEntityOfPage":{"@id":"https:\/\/exaudi.org\/es\/san-pierre-julien-eymard-2-de-agosto\/"},"wordCount":875,"image":{"@id":"https:\/\/exaudi.org\/es\/san-pierre-julien-eymard-2-de-agosto\/#primaryimage"},"thumbnailUrl":"https:\/\/exaudi.org\/wp-content\/uploads\/2024\/07\/St_Peter_Julian_Eymard-e1721630602437.jpg","keywords":["Isabel Orellana Vilches","San Pierre-Julien Eymard","Santoral","Trending"],"articleSection":["Iglesia y Mundo","Santoral"],"inLanguage":"es"},{"@type":"WebPage","@id":"https:\/\/exaudi.org\/es\/san-pierre-julien-eymard-2-de-agosto\/","url":"https:\/\/exaudi.org\/es\/san-pierre-julien-eymard-2-de-agosto\/","name":"San Pierre-Julien Eymard, 2 de agosto &#8211; Exaudi","isPartOf":{"@id":"https:\/\/exaudi.org\/#website"},"primaryImageOfPage":{"@id":"https:\/\/exaudi.org\/es\/san-pierre-julien-eymard-2-de-agosto\/#primaryimage"},"image":{"@id":"https:\/\/exaudi.org\/es\/san-pierre-julien-eymard-2-de-agosto\/#primaryimage"},"thumbnailUrl":"https:\/\/exaudi.org\/wp-content\/uploads\/2024\/07\/St_Peter_Julian_Eymard-e1721630602437.jpg","datePublished":"2025-08-02T06:00:27+00:00","dateModified":"2025-08-03T21:16:21+00:00","author":{"@id":"https:\/\/exaudi.org\/#\/schema\/person\/64e18b96fd6118559a9217b5b3375fdc"},"breadcrumb":{"@id":"https:\/\/exaudi.org\/es\/san-pierre-julien-eymard-2-de-agosto\/#breadcrumb"},"inLanguage":"es","potentialAction":[{"@type":"ReadAction","target":["https:\/\/exaudi.org\/es\/san-pierre-julien-eymard-2-de-agosto\/"]}]},{"@type":"ImageObject","inLanguage":"es","@id":"https:\/\/exaudi.org\/es\/san-pierre-julien-eymard-2-de-agosto\/#primaryimage","url":"https:\/\/exaudi.org\/wp-content\/uploads\/2024\/07\/St_Peter_Julian_Eymard-e1721630602437.jpg","contentUrl":"https:\/\/exaudi.org\/wp-content\/uploads\/2024\/07\/St_Peter_Julian_Eymard-e1721630602437.jpg","width":341,"height":228},{"@type":"BreadcrumbList","@id":"https:\/\/exaudi.org\/es\/san-pierre-julien-eymard-2-de-agosto\/#breadcrumb","itemListElement":[{"@type":"ListItem","position":1,"name":"Portada","item":"https:\/\/exaudi.org\/es\/"},{"@type":"ListItem","position":2,"name":"San Pierre-Julien Eymard, 2 de agosto"}]},{"@type":"WebSite","@id":"https:\/\/exaudi.org\/#website","url":"https:\/\/exaudi.org\/","name":"Exaudi","description":"News","potentialAction":[{"@type":"SearchAction","target":{"@type":"EntryPoint","urlTemplate":"https:\/\/exaudi.org\/?s={search_term_string}"},"query-input":{"@type":"PropertyValueSpecification","valueRequired":true,"valueName":"search_term_string"}}],"inLanguage":"es"},{"@type":"Person","@id":"https:\/\/exaudi.org\/#\/schema\/person\/64e18b96fd6118559a9217b5b3375fdc","name":"Isabel Orellana","image":{"@type":"ImageObject","inLanguage":"es","@id":"https:\/\/secure.gravatar.com\/avatar\/51968380bbb6b22ae85c605634860366fd9a2a611c6341125115bca32cd6c171?s=96&d=mm&r=g","url":"https:\/\/secure.gravatar.com\/avatar\/51968380bbb6b22ae85c605634860366fd9a2a611c6341125115bca32cd6c171?s=96&d=mm&r=g","contentUrl":"https:\/\/secure.gravatar.com\/avatar\/51968380bbb6b22ae85c605634860366fd9a2a611c6341125115bca32cd6c171?s=96&d=mm&r=g","caption":"Isabel Orellana"},"description":"Isabel Orellana Vilches Misionera idente. Doctora en Filosof\u00eda por la Universidad Aut\u00f3noma de Barcelona con la tesis Realismo y progreso cient\u00edfico en la epistemolog\u00eda popperiana. Ha cursado estudios de teolog\u00eda en la Universidad Pontificia de Salamanca. Con amplia actividad docente desde 1986, ha publicado libros como: Realismo y progreso cient\u00edfico en la epistemolog\u00eda popperiana, Universitat Aut\u00f2noma de Barcelona, 1993; El evangelio habla a los j\u00f3venes, Atenas, Madrid, 1997; Qu\u00e9 es... LA TOLERANCIA, Paulinas, Madrid, 1999; Pedagog\u00eda del dolor. Ensayo antropol\u00f3gico, Palabra, Madrid, 1999; En colaboraci\u00f3n con Enrique Rivera de Ventosa (\u2020) OFM. Cap. San Francisco de As\u00eds y Fernando Rielo: Convergencias. Respuestas desde la fe a los interrogantes del hombre de hoy, Universidad Pontificia, Salamanca, 2001; La \"mirada\" del cine. Recursos did\u00e1cticos del s\u00e9ptimo arte. Librer\u00eda Cervantes, Salamanca, 2001; Paradojas de la convivencia, San Pablo, Madrid, 2002; En la Universidad T\u00e9cnica Particular de Loja, Ecuador, ha publicado: La confianza. El arte de amar, 2002; Educar para la responsabilidad, 2003; Apuntes de \u00e9tica en Karl R. Popper, 2003; De soledades y comunicaci\u00f3n, 2005; Yo educo; t\u00fa respondes, 2008; Humanismo y fe en un crisol de culturas, 2008; Repensar lo cotidiano, 2008; Convivir: un constante desaf\u00edo, 2009; La l\u00f3gica del amor, 2010; El dolor del amor. Apuntes sobre la enfermedad y el dolor en relaci\u00f3n con la virtud heroica, el martirio y la vida santa. Seminario Diocesano de M\u00e1laga, 2006 y Universidad T\u00e9cnica Particular de Loja, Ecuador (2007). Cuenta con numerosas colaboraciones en obras colectivas, as\u00ed como relatos, cuentos, f\u00e1bula y novela juvenil, adem\u00e1s de art\u00edculos de tem\u00e1tica cient\u00edfica, pedag\u00f3gica y espiritual, que viene publicando en distintas revistas nacionales e internacionales. En 2012 culmin\u00f3 el santoral Llamados a ser santos y poco m\u00e1s tarde Epopeyas de amor prologado por mons. Fernando Sebasti\u00e1n. Es la bi\u00f3grafa oficial del fundador de su familia espiritual, autora de Fernando Rielo Pardal. Fundador de los Misioneros Identes, Descl\u00e9e de Brouwer, Bilbao, 2009. Culmina la biograf\u00eda completa. Encargada del santoral de ZENIT desde 2012 a 2020 y ahora en Exaudi","url":"https:\/\/exaudi.org\/es\/author\/isabelorellana\/"}]}},"jetpack_featured_media_url":"https:\/\/exaudi.org\/wp-content\/uploads\/2024\/07\/St_Peter_Julian_Eymard-e1721630602437.jpg","jetpack_shortlink":"https:\/\/wp.me\/pgKjF2-ruz","_links":{"self":[{"href":"https:\/\/exaudi.org\/es\/wp-json\/wp\/v2\/posts\/105683","targetHints":{"allow":["GET"]}}],"collection":[{"href":"https:\/\/exaudi.org\/es\/wp-json\/wp\/v2\/posts"}],"about":[{"href":"https:\/\/exaudi.org\/es\/wp-json\/wp\/v2\/types\/post"}],"author":[{"embeddable":true,"href":"https:\/\/exaudi.org\/es\/wp-json\/wp\/v2\/users\/23"}],"replies":[{"embeddable":true,"href":"https:\/\/exaudi.org\/es\/wp-json\/wp\/v2\/comments?post=105683"}],"version-history":[{"count":1,"href":"https:\/\/exaudi.org\/es\/wp-json\/wp\/v2\/posts\/105683\/revisions"}],"predecessor-version":[{"id":130417,"href":"https:\/\/exaudi.org\/es\/wp-json\/wp\/v2\/posts\/105683\/revisions\/130417"}],"wp:featuredmedia":[{"embeddable":true,"href":"https:\/\/exaudi.org\/es\/wp-json\/wp\/v2\/media\/105684"}],"wp:attachment":[{"href":"https:\/\/exaudi.org\/es\/wp-json\/wp\/v2\/media?parent=105683"}],"wp:term":[{"taxonomy":"category","embeddable":true,"href":"https:\/\/exaudi.org\/es\/wp-json\/wp\/v2\/categories?post=105683"},{"taxonomy":"post_tag","embeddable":true,"href":"https:\/\/exaudi.org\/es\/wp-json\/wp\/v2\/tags?post=105683"}],"curies":[{"name":"wp","href":"https:\/\/api.w.org\/{rel}","templated":true}]}}