{"id":105598,"date":"2024-07-22T09:00:04","date_gmt":"2024-07-22T07:00:04","guid":{"rendered":"https:\/\/exaudi.org\/?p=105598"},"modified":"2024-07-22T08:11:18","modified_gmt":"2024-07-22T06:11:18","slug":"peregrinos-no-turistas","status":"publish","type":"post","link":"https:\/\/exaudi.org\/es\/peregrinos-no-turistas\/","title":{"rendered":"Peregrinos no turistas"},"content":{"rendered":"<audio class=\"wp-audio-shortcode\" id=\"audio-105598-1\" preload=\"none\" style=\"width: 100%;\" controls=\"controls\"><source type=\"audio\/mpeg\" src=\"https:\/\/exaudi.org\/wp-content\/uploads\/2024\/07\/ttsmaker-file-2024-7-21-13-44-41.mp3?_=1\" \/><a href=\"https:\/\/exaudi.org\/wp-content\/uploads\/2024\/07\/ttsmaker-file-2024-7-21-13-44-41.mp3\">https:\/\/exaudi.org\/wp-content\/uploads\/2024\/07\/ttsmaker-file-2024-7-21-13-44-41.mp3<\/a><\/audio>\n<p>Hace una semana estaba entrando en Santiago de Compostela con otras 89 personas despu\u00e9s de haber el hecho el Camino durante 5 d\u00edas.<\/p>\n<p>Hoy me siento a rememorar lo vivido con un profundo agradecimiento por todo lo recibido. \u00a0Quiero recordar la experiencia y pasarla de nuevo por el coraz\u00f3n ordenando mis pensamientos y a mi yo.<\/p>\n<p>Y es que la vida es un campo enorme de oportunidades, sorpresas y regalos. Como dec\u00eda Agust\u00edn, un buen amigo de mi amigo Mart\u00edn, \u201ces bueno haber nacido\u201d.<\/p>\n<p>Llevaba bastante tiempo queriendo hacer el Camino, pero tengo que reconocer que inconscientemente estaba esperando a que de alguna forma el plan de viaje y toda la organizaci\u00f3n lloviera del cielo.<\/p>\n<p>En este tiempo, no me han faltado posibles acompa\u00f1antes. Todos maravillosos y seguro que grandes compa\u00f1eros de viaje. Y es que cuando sale el tema de hacer el camino de Santiago todav\u00eda no me ha ocurrido que mi interlocutor me diga que no tiene ning\u00fan inter\u00e9s en hacerlo. Todo el mundo, el que m\u00e1s o el que menos, tiene la curiosidad de hacerlo por primera vez o incluso muchas veces, de repetirlo.<\/p>\n<p>As\u00ed, un a\u00f1o m\u00e1s parec\u00eda que mi deseo se iba a quedar en eso, en un deseo, pero no ha sido as\u00ed. Para mi sorpresa la Universidad hab\u00eda organizado una peregrinaci\u00f3n y yo, como mentora, hab\u00eda sido convocada a participar. Una llamada en toda regla. Pienso que el santo D. Santiago estaba ya un poco cansado de que cada a\u00f1o le pidiera que me llevara y decidi\u00f3 hacerlo.<\/p>\n<p>Y as\u00ed comenzaba mi camino de Santiago, por trabajo. Acompa\u00f1ando a 85 j\u00f3venes junto a otros 4 formadores, todos grandes personas y compa\u00f1eros. Pero las cosas no son c\u00f3mo comienzan sino c\u00f3mo acaban.<\/p>\n<p>Me iba a caminar. Sal\u00eda de casa como una caminante en toda regla. Equipada con todo lo recomendado por los expertos, con mucha ilusi\u00f3n y alguna que otra expectativa. Y aunque ofrec\u00ed el camino por varias intenciones m\u00edas y de otras personas, no puedo negar que iba con cierto esp\u00edritu de turista. Pero por el camino algo pas\u00f3 que me convirti\u00f3 en peregrina.<\/p>\n<p>Y es que no es lo mismo ir de turista o de simple caminante que peregrinar. \u00bfLo has pensado?<\/p>\n<p>Como todo en la vida, es la forma en la que nos posicionamos ante las cosas la que marcar\u00e1 en gran medida lo que encontraremos. Nos podemos quedar en la superficie de la realidad o ir a lo profundo. Podemos mirar el camino como un simple (que no f\u00e1cil por la exigencia) devenir de etapas hacia un destino o podemos dejar que nos envuelva y empape con cada acontecimiento vivido. Con cada persona. Con cada conversaci\u00f3n. Con cada silencio. Con cada paso\u2026 Y es que el peregrino busca; no se conforma con visitar y poner un check en la lista de destinos.<\/p>\n<p>El peregrino afronta el camino sabi\u00e9ndose un peque\u00f1o eslab\u00f3n de una cadena de pasos que durante siglos muchos han dado antes que \u00e9l. Con una mirada profunda que le hace no solo ver sino ir m\u00e1s all\u00e1 de lo aparente para poder asombrarse y agradecer cada paso dado.<\/p>\n<p>Es la mirada de aquel que se pone en camino con la esperanza de llegar a un destino, a Santiago. Es la mirada de aquel que sabe que no camina solo y se deja acompa\u00f1ar, acompa\u00f1ando a su vez a otros. Es la de aquel que sabe que vendr\u00e1n etapas duras; muchas cuestas arriba pero que todo es para bien.<\/p>\n<p>Es la mirada de alguien que es capaz de vivir y saborear cada momento del ahora. Que se vive en el \u201cya, pero todav\u00eda no\u201d. En definitiva, es la mirada del que se sabe vulnerable pero aun as\u00ed no deja de caminar porque conf\u00eda en esa meta, en esa llegada. Es la mirada de aquel que sabe que la vida misma es un caminar.<\/p>\n<p>Siempre me ha gustado la expresi\u00f3n de que somos peregrinos en la tierra y que caminamos hacia el cielo, nuestra meta. Nuestro Santiago.<\/p>\n<p>Somos Homo Viator. Estamos de paso e incluso aunque no tengas fe, estoy segura de que es posible que te veas as\u00ed, como un peregrino camino de la felicidad, de la plenitud. Buscador del sentido de tu vida y sabiendo que \u00e9sta es un viaje.<\/p>\n<p>Me gustar\u00eda terminar con una invitaci\u00f3n. Me lo digo a m\u00ed misma y lo dejo aqu\u00ed para compartirlo contigo. Cada d\u00eda en tu camino, abre los ojos y no dejes de buscar. Abre tus o\u00eddos y d\u00e9jate acompa\u00f1ar. Haz silencio para escuchar a los otros y a los anhelos de tu propio coraz\u00f3n sabiendo que est\u00e1 bien hecho. Camina apoy\u00e1ndote en los bastones de la esperanza y la caridad. No te olvides de meter en tu mochila a aquellas personas que quieres, tus amores y todos tus dolores. Sonr\u00ede. Y, por supuesto, no dejes de levantar tu mirada hacia Santiago.<\/p>\n<p>\u00a1Buen camino!<\/p>\n<p><img loading=\"lazy\" decoding=\"async\" class=\"size-full wp-image-105663 alignnone\" src=\"https:\/\/exaudi.org\/wp-content\/uploads\/2024\/07\/LA-IGLESIA.jpg\" alt=\"\" width=\"940\" height=\"788\" srcset=\"https:\/\/exaudi.org\/wp-content\/uploads\/2024\/07\/LA-IGLESIA.jpg 940w, https:\/\/exaudi.org\/wp-content\/uploads\/2024\/07\/LA-IGLESIA-300x251.jpg 300w, https:\/\/exaudi.org\/wp-content\/uploads\/2024\/07\/LA-IGLESIA-770x645.jpg 770w, https:\/\/exaudi.org\/wp-content\/uploads\/2024\/07\/LA-IGLESIA-500x419.jpg 500w, https:\/\/exaudi.org\/wp-content\/uploads\/2024\/07\/LA-IGLESIA-293x246.jpg 293w, https:\/\/exaudi.org\/wp-content\/uploads\/2024\/07\/LA-IGLESIA-390x327.jpg 390w\" sizes=\"auto, (max-width: 940px) 100vw, 940px\" \/><\/p>\n","protected":false},"excerpt":{"rendered":"<p>Una transformaci\u00f3n en el Camino de Santiago<\/p>\n","protected":false},"author":129,"featured_media":105599,"comment_status":"closed","ping_status":"closed","sticky":false,"template":"","format":"standard","meta":{"_acf_changed":false,"_crdt_document":"","inline_featured_image":false,"footnotes":""},"categories":[130],"tags":[21985,10445,21983,2419,11313,21984,21989,21981,21987,2858,21982,21988,21986],"class_list":["post-105598","post","type-post","status-publish","format-standard","has-post-thumbnail","hentry","category-voces","tag-caminante-a-peregrino","tag-camino-de-santiago","tag-experiencia-del-camino","tag-featured","tag-marta-luquero","tag-peregrinacion-a-santiago-de-compostela","tag-peregrinacion-universitaria","tag-peregrinos-no-turistas","tag-reflexion-sobre-el-camino","tag-santiago-de-compostela","tag-transformacion-en-el-camino-de-santiago","tag-viaje-de-fe","tag-viaje-espiritual"],"acf":[],"yoast_head":"<!-- This site is optimized with the Yoast SEO plugin v27.5 - https:\/\/yoast.com\/product\/yoast-seo-wordpress\/ -->\n<title>Peregrinos no turistas &#8211; Exaudi<\/title>\n<meta name=\"robots\" content=\"index, follow, max-snippet:-1, max-image-preview:large, max-video-preview:-1\" \/>\n<link rel=\"canonical\" href=\"https:\/\/exaudi.org\/es\/peregrinos-no-turistas\/\" \/>\n<meta property=\"og:locale\" content=\"es_ES\" \/>\n<meta property=\"og:type\" content=\"article\" \/>\n<meta property=\"og:title\" content=\"Peregrinos no turistas &#8211; Exaudi\" \/>\n<meta property=\"og:description\" content=\"Una transformaci\u00f3n en el Camino de Santiago\" \/>\n<meta property=\"og:url\" content=\"https:\/\/exaudi.org\/es\/peregrinos-no-turistas\/\" \/>\n<meta property=\"og:site_name\" content=\"Exaudi\" \/>\n<meta property=\"article:publisher\" content=\"https:\/\/www.facebook.com\/ExaudiNews\" \/>\n<meta property=\"article:published_time\" content=\"2024-07-22T07:00:04+00:00\" \/>\n<meta property=\"og:image\" content=\"https:\/\/exaudi.org\/wp-content\/uploads\/2024\/07\/WhatsApp-Image-2024-07-20-at-19.18.16-e1721557211980.jpeg\" \/>\n\t<meta property=\"og:image:width\" content=\"901\" \/>\n\t<meta property=\"og:image:height\" content=\"648\" \/>\n\t<meta property=\"og:image:type\" content=\"image\/jpeg\" \/>\n<meta name=\"author\" content=\"Marta Luquero\" \/>\n<meta name=\"twitter:card\" content=\"summary_large_image\" \/>\n<meta name=\"twitter:creator\" content=\"@Exaudi_News\" \/>\n<meta name=\"twitter:site\" content=\"@Exaudi_News\" \/>\n<meta name=\"twitter:label1\" content=\"Escrito por\" \/>\n\t<meta name=\"twitter:data1\" content=\"Marta Luquero\" \/>\n\t<meta name=\"twitter:label2\" content=\"Tiempo de lectura\" \/>\n\t<meta name=\"twitter:data2\" content=\"4 minutos\" \/>\n<script type=\"application\/ld+json\" class=\"yoast-schema-graph\">{\"@context\":\"https:\\\/\\\/schema.org\",\"@graph\":[{\"@type\":\"Article\",\"@id\":\"https:\\\/\\\/exaudi.org\\\/es\\\/peregrinos-no-turistas\\\/#article\",\"isPartOf\":{\"@id\":\"https:\\\/\\\/exaudi.org\\\/es\\\/peregrinos-no-turistas\\\/\"},\"author\":{\"name\":\"Marta Luquero\",\"@id\":\"https:\\\/\\\/exaudi.org\\\/#\\\/schema\\\/person\\\/593e679cdac2ac955cdf94fd77952021\"},\"headline\":\"Peregrinos no turistas\",\"datePublished\":\"2024-07-22T07:00:04+00:00\",\"mainEntityOfPage\":{\"@id\":\"https:\\\/\\\/exaudi.org\\\/es\\\/peregrinos-no-turistas\\\/\"},\"wordCount\":878,\"image\":{\"@id\":\"https:\\\/\\\/exaudi.org\\\/es\\\/peregrinos-no-turistas\\\/#primaryimage\"},\"thumbnailUrl\":\"https:\\\/\\\/exaudi.org\\\/wp-content\\\/uploads\\\/2024\\\/07\\\/WhatsApp-Image-2024-07-20-at-19.18.16-e1721557211980.jpeg\",\"keywords\":[\"caminante a peregrino\",\"camino de santiago\",\"experiencia del Camino\",\"Featured\",\"Marta Luquero\",\"peregrinaci\u00f3n a Santiago de Compostela\",\"peregrinaci\u00f3n universitaria\",\"Peregrinos no turistas\",\"reflexi\u00f3n sobre el Camino\",\"Santiago de Compostela\",\"transformaci\u00f3n en el Camino de Santiago\",\"viaje de fe\",\"viaje espiritual\"],\"articleSection\":[\"Voces\"],\"inLanguage\":\"es\"},{\"@type\":\"WebPage\",\"@id\":\"https:\\\/\\\/exaudi.org\\\/es\\\/peregrinos-no-turistas\\\/\",\"url\":\"https:\\\/\\\/exaudi.org\\\/es\\\/peregrinos-no-turistas\\\/\",\"name\":\"Peregrinos no turistas &#8211; Exaudi\",\"isPartOf\":{\"@id\":\"https:\\\/\\\/exaudi.org\\\/#website\"},\"primaryImageOfPage\":{\"@id\":\"https:\\\/\\\/exaudi.org\\\/es\\\/peregrinos-no-turistas\\\/#primaryimage\"},\"image\":{\"@id\":\"https:\\\/\\\/exaudi.org\\\/es\\\/peregrinos-no-turistas\\\/#primaryimage\"},\"thumbnailUrl\":\"https:\\\/\\\/exaudi.org\\\/wp-content\\\/uploads\\\/2024\\\/07\\\/WhatsApp-Image-2024-07-20-at-19.18.16-e1721557211980.jpeg\",\"datePublished\":\"2024-07-22T07:00:04+00:00\",\"author\":{\"@id\":\"https:\\\/\\\/exaudi.org\\\/#\\\/schema\\\/person\\\/593e679cdac2ac955cdf94fd77952021\"},\"breadcrumb\":{\"@id\":\"https:\\\/\\\/exaudi.org\\\/es\\\/peregrinos-no-turistas\\\/#breadcrumb\"},\"inLanguage\":\"es\",\"potentialAction\":[{\"@type\":\"ReadAction\",\"target\":[\"https:\\\/\\\/exaudi.org\\\/es\\\/peregrinos-no-turistas\\\/\"]}]},{\"@type\":\"ImageObject\",\"inLanguage\":\"es\",\"@id\":\"https:\\\/\\\/exaudi.org\\\/es\\\/peregrinos-no-turistas\\\/#primaryimage\",\"url\":\"https:\\\/\\\/exaudi.org\\\/wp-content\\\/uploads\\\/2024\\\/07\\\/WhatsApp-Image-2024-07-20-at-19.18.16-e1721557211980.jpeg\",\"contentUrl\":\"https:\\\/\\\/exaudi.org\\\/wp-content\\\/uploads\\\/2024\\\/07\\\/WhatsApp-Image-2024-07-20-at-19.18.16-e1721557211980.jpeg\",\"width\":901,\"height\":648},{\"@type\":\"BreadcrumbList\",\"@id\":\"https:\\\/\\\/exaudi.org\\\/es\\\/peregrinos-no-turistas\\\/#breadcrumb\",\"itemListElement\":[{\"@type\":\"ListItem\",\"position\":1,\"name\":\"Portada\",\"item\":\"https:\\\/\\\/exaudi.org\\\/es\\\/\"},{\"@type\":\"ListItem\",\"position\":2,\"name\":\"Peregrinos no turistas\"}]},{\"@type\":\"WebSite\",\"@id\":\"https:\\\/\\\/exaudi.org\\\/#website\",\"url\":\"https:\\\/\\\/exaudi.org\\\/\",\"name\":\"Exaudi\",\"description\":\"News\",\"potentialAction\":[{\"@type\":\"SearchAction\",\"target\":{\"@type\":\"EntryPoint\",\"urlTemplate\":\"https:\\\/\\\/exaudi.org\\\/?s={search_term_string}\"},\"query-input\":{\"@type\":\"PropertyValueSpecification\",\"valueRequired\":true,\"valueName\":\"search_term_string\"}}],\"inLanguage\":\"es\"},{\"@type\":\"Person\",\"@id\":\"https:\\\/\\\/exaudi.org\\\/#\\\/schema\\\/person\\\/593e679cdac2ac955cdf94fd77952021\",\"name\":\"Marta Luquero\",\"image\":{\"@type\":\"ImageObject\",\"inLanguage\":\"es\",\"@id\":\"https:\\\/\\\/secure.gravatar.com\\\/avatar\\\/4d835dde3204f153d4491cc82848d12bcb03055a2dff4ded8a8746c59d626537?s=96&d=mm&r=g\",\"url\":\"https:\\\/\\\/secure.gravatar.com\\\/avatar\\\/4d835dde3204f153d4491cc82848d12bcb03055a2dff4ded8a8746c59d626537?s=96&d=mm&r=g\",\"contentUrl\":\"https:\\\/\\\/secure.gravatar.com\\\/avatar\\\/4d835dde3204f153d4491cc82848d12bcb03055a2dff4ded8a8746c59d626537?s=96&d=mm&r=g\",\"caption\":\"Marta Luquero\"},\"description\":\"@sencillamentemarta Nacida en Madrid, soy madre de dos hijos. Licenciada en Derecho por la Universidad Complutense de Madrid, actualmente estoy cursando un m\u00e1ster en Humanidades. Apasionada de las personas y de una buena conversaci\u00f3n, hace a\u00f1os mi vida dio un giro de 180 grados cuando comprend\u00ed e hice experiencia de la necesidad vital de acompa\u00f1ar y ser acompa\u00f1ada. Trabajo en el mundo acad\u00e9mico, en una universidad cat\u00f3lica acompa\u00f1ando a j\u00f3venes en su camino universitario donde cada d\u00eda hago m\u00eda la necesidad del arte de recomenzar, y donde he reconectado con lo que significa ser universitario y el valor que tienen las grandes preguntas. Cada d\u00eda pongo intenci\u00f3n en mirar la realidad con atenci\u00f3n para no solo ver y soy firme defensora de las peque\u00f1as cosas hechas con amor.\",\"sameAs\":[\"https:\\\/\\\/www.instagram.com\\\/sencillamentemarta\\\/\"],\"url\":\"https:\\\/\\\/exaudi.org\\\/es\\\/author\\\/marta-luquero\\\/\"}]}<\/script>\n<!-- \/ Yoast SEO plugin. -->","yoast_head_json":{"title":"Peregrinos no turistas &#8211; Exaudi","robots":{"index":"index","follow":"follow","max-snippet":"max-snippet:-1","max-image-preview":"max-image-preview:large","max-video-preview":"max-video-preview:-1"},"canonical":"https:\/\/exaudi.org\/es\/peregrinos-no-turistas\/","og_locale":"es_ES","og_type":"article","og_title":"Peregrinos no turistas &#8211; Exaudi","og_description":"Una transformaci\u00f3n en el Camino de Santiago","og_url":"https:\/\/exaudi.org\/es\/peregrinos-no-turistas\/","og_site_name":"Exaudi","article_publisher":"https:\/\/www.facebook.com\/ExaudiNews","article_published_time":"2024-07-22T07:00:04+00:00","og_image":[{"width":901,"height":648,"url":"https:\/\/exaudi.org\/wp-content\/uploads\/2024\/07\/WhatsApp-Image-2024-07-20-at-19.18.16-e1721557211980.jpeg","type":"image\/jpeg"}],"author":"Marta Luquero","twitter_card":"summary_large_image","twitter_creator":"@Exaudi_News","twitter_site":"@Exaudi_News","twitter_misc":{"Escrito por":"Marta Luquero","Tiempo de lectura":"4 minutos"},"schema":{"@context":"https:\/\/schema.org","@graph":[{"@type":"Article","@id":"https:\/\/exaudi.org\/es\/peregrinos-no-turistas\/#article","isPartOf":{"@id":"https:\/\/exaudi.org\/es\/peregrinos-no-turistas\/"},"author":{"name":"Marta Luquero","@id":"https:\/\/exaudi.org\/#\/schema\/person\/593e679cdac2ac955cdf94fd77952021"},"headline":"Peregrinos no turistas","datePublished":"2024-07-22T07:00:04+00:00","mainEntityOfPage":{"@id":"https:\/\/exaudi.org\/es\/peregrinos-no-turistas\/"},"wordCount":878,"image":{"@id":"https:\/\/exaudi.org\/es\/peregrinos-no-turistas\/#primaryimage"},"thumbnailUrl":"https:\/\/exaudi.org\/wp-content\/uploads\/2024\/07\/WhatsApp-Image-2024-07-20-at-19.18.16-e1721557211980.jpeg","keywords":["caminante a peregrino","camino de santiago","experiencia del Camino","Featured","Marta Luquero","peregrinaci\u00f3n a Santiago de Compostela","peregrinaci\u00f3n universitaria","Peregrinos no turistas","reflexi\u00f3n sobre el Camino","Santiago de Compostela","transformaci\u00f3n en el Camino de Santiago","viaje de fe","viaje espiritual"],"articleSection":["Voces"],"inLanguage":"es"},{"@type":"WebPage","@id":"https:\/\/exaudi.org\/es\/peregrinos-no-turistas\/","url":"https:\/\/exaudi.org\/es\/peregrinos-no-turistas\/","name":"Peregrinos no turistas &#8211; Exaudi","isPartOf":{"@id":"https:\/\/exaudi.org\/#website"},"primaryImageOfPage":{"@id":"https:\/\/exaudi.org\/es\/peregrinos-no-turistas\/#primaryimage"},"image":{"@id":"https:\/\/exaudi.org\/es\/peregrinos-no-turistas\/#primaryimage"},"thumbnailUrl":"https:\/\/exaudi.org\/wp-content\/uploads\/2024\/07\/WhatsApp-Image-2024-07-20-at-19.18.16-e1721557211980.jpeg","datePublished":"2024-07-22T07:00:04+00:00","author":{"@id":"https:\/\/exaudi.org\/#\/schema\/person\/593e679cdac2ac955cdf94fd77952021"},"breadcrumb":{"@id":"https:\/\/exaudi.org\/es\/peregrinos-no-turistas\/#breadcrumb"},"inLanguage":"es","potentialAction":[{"@type":"ReadAction","target":["https:\/\/exaudi.org\/es\/peregrinos-no-turistas\/"]}]},{"@type":"ImageObject","inLanguage":"es","@id":"https:\/\/exaudi.org\/es\/peregrinos-no-turistas\/#primaryimage","url":"https:\/\/exaudi.org\/wp-content\/uploads\/2024\/07\/WhatsApp-Image-2024-07-20-at-19.18.16-e1721557211980.jpeg","contentUrl":"https:\/\/exaudi.org\/wp-content\/uploads\/2024\/07\/WhatsApp-Image-2024-07-20-at-19.18.16-e1721557211980.jpeg","width":901,"height":648},{"@type":"BreadcrumbList","@id":"https:\/\/exaudi.org\/es\/peregrinos-no-turistas\/#breadcrumb","itemListElement":[{"@type":"ListItem","position":1,"name":"Portada","item":"https:\/\/exaudi.org\/es\/"},{"@type":"ListItem","position":2,"name":"Peregrinos no turistas"}]},{"@type":"WebSite","@id":"https:\/\/exaudi.org\/#website","url":"https:\/\/exaudi.org\/","name":"Exaudi","description":"News","potentialAction":[{"@type":"SearchAction","target":{"@type":"EntryPoint","urlTemplate":"https:\/\/exaudi.org\/?s={search_term_string}"},"query-input":{"@type":"PropertyValueSpecification","valueRequired":true,"valueName":"search_term_string"}}],"inLanguage":"es"},{"@type":"Person","@id":"https:\/\/exaudi.org\/#\/schema\/person\/593e679cdac2ac955cdf94fd77952021","name":"Marta Luquero","image":{"@type":"ImageObject","inLanguage":"es","@id":"https:\/\/secure.gravatar.com\/avatar\/4d835dde3204f153d4491cc82848d12bcb03055a2dff4ded8a8746c59d626537?s=96&d=mm&r=g","url":"https:\/\/secure.gravatar.com\/avatar\/4d835dde3204f153d4491cc82848d12bcb03055a2dff4ded8a8746c59d626537?s=96&d=mm&r=g","contentUrl":"https:\/\/secure.gravatar.com\/avatar\/4d835dde3204f153d4491cc82848d12bcb03055a2dff4ded8a8746c59d626537?s=96&d=mm&r=g","caption":"Marta Luquero"},"description":"@sencillamentemarta Nacida en Madrid, soy madre de dos hijos. Licenciada en Derecho por la Universidad Complutense de Madrid, actualmente estoy cursando un m\u00e1ster en Humanidades. Apasionada de las personas y de una buena conversaci\u00f3n, hace a\u00f1os mi vida dio un giro de 180 grados cuando comprend\u00ed e hice experiencia de la necesidad vital de acompa\u00f1ar y ser acompa\u00f1ada. Trabajo en el mundo acad\u00e9mico, en una universidad cat\u00f3lica acompa\u00f1ando a j\u00f3venes en su camino universitario donde cada d\u00eda hago m\u00eda la necesidad del arte de recomenzar, y donde he reconectado con lo que significa ser universitario y el valor que tienen las grandes preguntas. Cada d\u00eda pongo intenci\u00f3n en mirar la realidad con atenci\u00f3n para no solo ver y soy firme defensora de las peque\u00f1as cosas hechas con amor.","sameAs":["https:\/\/www.instagram.com\/sencillamentemarta\/"],"url":"https:\/\/exaudi.org\/es\/author\/marta-luquero\/"}]}},"jetpack_featured_media_url":"https:\/\/exaudi.org\/wp-content\/uploads\/2024\/07\/WhatsApp-Image-2024-07-20-at-19.18.16-e1721557211980.jpeg","jetpack_shortlink":"https:\/\/wp.me\/pgKjF2-rtc","_links":{"self":[{"href":"https:\/\/exaudi.org\/es\/wp-json\/wp\/v2\/posts\/105598","targetHints":{"allow":["GET"]}}],"collection":[{"href":"https:\/\/exaudi.org\/es\/wp-json\/wp\/v2\/posts"}],"about":[{"href":"https:\/\/exaudi.org\/es\/wp-json\/wp\/v2\/types\/post"}],"author":[{"embeddable":true,"href":"https:\/\/exaudi.org\/es\/wp-json\/wp\/v2\/users\/129"}],"replies":[{"embeddable":true,"href":"https:\/\/exaudi.org\/es\/wp-json\/wp\/v2\/comments?post=105598"}],"version-history":[{"count":0,"href":"https:\/\/exaudi.org\/es\/wp-json\/wp\/v2\/posts\/105598\/revisions"}],"wp:featuredmedia":[{"embeddable":true,"href":"https:\/\/exaudi.org\/es\/wp-json\/wp\/v2\/media\/105599"}],"wp:attachment":[{"href":"https:\/\/exaudi.org\/es\/wp-json\/wp\/v2\/media?parent=105598"}],"wp:term":[{"taxonomy":"category","embeddable":true,"href":"https:\/\/exaudi.org\/es\/wp-json\/wp\/v2\/categories?post=105598"},{"taxonomy":"post_tag","embeddable":true,"href":"https:\/\/exaudi.org\/es\/wp-json\/wp\/v2\/tags?post=105598"}],"curies":[{"name":"wp","href":"https:\/\/api.w.org\/{rel}","templated":true}]}}