{"id":105564,"date":"2024-07-20T13:00:11","date_gmt":"2024-07-20T11:00:11","guid":{"rendered":"https:\/\/exaudi.org\/?p=105564"},"modified":"2024-07-20T13:01:06","modified_gmt":"2024-07-20T11:01:06","slug":"viaje-apostolico-belgica-y-luxemburgo-programa-del-viaje","status":"publish","type":"post","link":"https:\/\/exaudi.org\/es\/viaje-apostolico-belgica-y-luxemburgo-programa-del-viaje\/","title":{"rendered":"Viaje Apost\u00f3lico B\u00e9lgica y Luxemburgo: Programa del viaje"},"content":{"rendered":"<audio class=\"wp-audio-shortcode\" id=\"audio-105564-1\" preload=\"none\" style=\"width: 100%;\" controls=\"controls\"><source type=\"audio\/mpeg\" src=\"https:\/\/exaudi.org\/wp-content\/uploads\/2024\/07\/ttsmaker-file-2024-7-20-13-0-55.mp3?_=1\" \/><a href=\"https:\/\/exaudi.org\/wp-content\/uploads\/2024\/07\/ttsmaker-file-2024-7-20-13-0-55.mp3\">https:\/\/exaudi.org\/wp-content\/uploads\/2024\/07\/ttsmaker-file-2024-7-20-13-0-55.mp3<\/a><\/audio>\n<p>Numerosos encuentros y citas marcar\u00e1n el viaje apost\u00f3lico de cuatro d\u00edas que el Papa Francisco realizar\u00e1 a B\u00e9lgica y Luxemburgo del 26 al 29 de septiembre. La Oficina de Prensa del Vaticano ha publicado el programa oficial del viaje internacional del Papa.<\/p>\n<h3><strong>Llegada a Luxemburgo<\/strong><\/h3>\n<p>La primera escala ser\u00e1 en Luxemburgo, donde el Papa llegar\u00e1 el jueves 26 de septiembre por la ma\u00f1ana, tras dos horas de vuelo. La salida del aeropuerto internacional de Roma-Fiumicino est\u00e1 prevista a las 8.05 horas; a las 10.00 horas, el avi\u00f3n papal aterrizar\u00e1 en el aeropuerto de Luxemburgo\/Findel, donde se celebrar\u00e1 la ceremonia de bienvenida.<\/p>\n<p>A las 10.45 tendr\u00e1 lugar una visita de cortes\u00eda al Gran Duque de Luxemburgo en el Palacio Gran Ducal, seguida de un encuentro con el Primer Ministro a las 11.15 y a las 11.50 con las autoridades, la sociedad civil y el cuerpo diplom\u00e1tico en el\u00a0<i>Cercle Cit\u00e9.<\/i>\u00a0All\u00ed, Francisco pronunciar\u00e1 su primer discurso.<\/p>\n<h3><strong>Encuentro con la comunidad cat\u00f3lica y salida hacia Bruselas<\/strong><\/h3>\n<p>Por la tarde, a las 16.30 horas, el Pont\u00edfice pronunciar\u00e1 su segundo discurso ante la comunidad cat\u00f3lica en la catedral luxemburguesa de Notre-Dame. Desde el pa\u00eds, el Papa se despedir\u00e1 a las 17:45, con una ceremonia de despedida en el aeropuerto internacional de Luxemburgo-Findel; a las 18:15, partir\u00e1 hacia Bruselas. Llegar\u00e1 a la capital belga a las 19.10, aterrizando en la base a\u00e9rea de Melsbroek, donde tendr\u00e1 lugar la ceremonia de bienvenida.<\/p>\n<h3><strong>Encuentros con el Rey de B\u00e9lgica, autoridades y universitarios<\/strong><\/h3>\n<p>La segunda jornada del viaje, el viernes 27 de septiembre, comenzar\u00e1 a las 9.15 horas con una visita de cortes\u00eda al Rey de B\u00e9lgica en el castillo de Laeken. A continuaci\u00f3n, a las 9:45, se celebrar\u00e1 un encuentro con el Primer Ministro y, a las 10:00, una reuni\u00f3n con las autoridades y la sociedad civil. Para esa ocasi\u00f3n, est\u00e1 previsto un discurso del Papa. Por la tarde, a las 16.30 horas, Francisco se reunir\u00e1 en cambio con profesores universitarios en la\u00a0<i>Promotiezaal<\/i>\u00a0de la\u00a0<i>Katholieke Universiteit Leuven<\/i>, la Universidad Cat\u00f3lica de Lovaina, una de las m\u00e1s antiguas de Europa, que celebra en 2025 su 600 aniversario de fundaci\u00f3n. Tambi\u00e9n est\u00e1 previsto un discurso con este motivo.<\/p>\n<h3><strong>Cita con el clero y los j\u00f3venes<\/strong><\/h3>\n<p>La jornada del s\u00e1bado 28 de septiembre estar\u00e1 dedicada a un encuentro con obispos, sacerdotes, di\u00e1conos, consagrados y consagradas, seminaristas y agentes de pastoral en la bas\u00edlica del Sagrado Coraz\u00f3n de Koekelberg. El Papa les dirigir\u00e1 un discurso. El encuentro tendr\u00e1 lugar a las 10.00. A las 16:30, en cambio, habr\u00e1 una cita con los universitarios en el Aula Magna de la Universidad Cat\u00f3lica de Lovaina, en Louvain-La-Neuve; aqu\u00ed tambi\u00e9n est\u00e1 previsto un discurso. Por \u00faltimo, como es habitual en todos los viajes apost\u00f3licos, habr\u00e1 un encuentro privado del Pont\u00edfice con miembros de la Compa\u00f1\u00eda de Jes\u00fas en el Colegio Saint Michel.<\/p>\n<h3><strong>La misa de clausura<\/strong><\/h3>\n<p>Todo el viaje concluir\u00e1, el domingo 29 de septiembre, con una misa a las 10 de la ma\u00f1ana en el estadio Rey Balduino. El Papa pronunciar\u00e1 la homil\u00eda y rezar\u00e1 el \u00c1ngelus con los fieles presentes. A continuaci\u00f3n, a las 12.15 horas, se trasladar\u00e1 a la base a\u00e9rea de Melsbroek para la ceremonia de despedida. A las 12.45 horas partir\u00e1 hacia Roma, donde el aterrizaje en el aeropuerto internacional de Roma\/Fiumicino est\u00e1 previsto para las 14.55 horas.<\/p>\n","protected":false},"excerpt":{"rendered":"<p>Francisco viajar\u00e1 a los dos pa\u00edses europeos del 26 al 29 de septiembre<\/p>\n","protected":false},"author":15,"featured_media":105566,"comment_status":"closed","ping_status":"closed","sticky":false,"template":"","format":"standard","meta":{"_acf_changed":false,"_crdt_document":"","inline_featured_image":false,"footnotes":""},"categories":[68,126],"tags":[7124,12119,449,1855,5875,158,7461,4953,5843],"class_list":["post-105564","post","type-post","status-publish","format-standard","has-post-thumbnail","hentry","category-leon-xiv","category-viajes-papales","tag-belgica","tag-escuela-y-universidad","tag-iglesia-catolica","tag-jovenes","tag-luxemburgo","tag-papa-francisco","tag-sociedad-civil","tag-trending-es","tag-viaje-apostolico"],"acf":[],"yoast_head":"<!-- This site is optimized with the Yoast SEO plugin v27.4 - https:\/\/yoast.com\/product\/yoast-seo-wordpress\/ -->\n<title>Viaje Apost\u00f3lico B\u00e9lgica y Luxemburgo: Programa del viaje &#8211; Exaudi<\/title>\n<meta name=\"robots\" content=\"index, follow, max-snippet:-1, max-image-preview:large, max-video-preview:-1\" \/>\n<link rel=\"canonical\" href=\"https:\/\/exaudi.org\/es\/viaje-apostolico-belgica-y-luxemburgo-programa-del-viaje\/\" \/>\n<meta property=\"og:locale\" content=\"es_ES\" \/>\n<meta property=\"og:type\" content=\"article\" \/>\n<meta property=\"og:title\" content=\"Viaje Apost\u00f3lico B\u00e9lgica y Luxemburgo: Programa del viaje &#8211; Exaudi\" \/>\n<meta property=\"og:description\" content=\"Francisco viajar\u00e1 a los dos pa\u00edses europeos del 26 al 29 de septiembre\" \/>\n<meta property=\"og:url\" content=\"https:\/\/exaudi.org\/es\/viaje-apostolico-belgica-y-luxemburgo-programa-del-viaje\/\" \/>\n<meta property=\"og:site_name\" content=\"Exaudi\" \/>\n<meta property=\"article:publisher\" content=\"https:\/\/www.facebook.com\/ExaudiNews\" \/>\n<meta property=\"article:author\" content=\"https:\/\/www.facebook.com\/ExaudiNoticias\/\" \/>\n<meta property=\"article:published_time\" content=\"2024-07-20T11:00:11+00:00\" \/>\n<meta property=\"article:modified_time\" content=\"2024-07-20T11:01:06+00:00\" \/>\n<meta property=\"og:image\" content=\"https:\/\/exaudi.org\/wp-content\/uploads\/2024\/07\/cq5dam.thumbnail.cropped.750.422-25.jpeg\" \/>\n\t<meta property=\"og:image:width\" content=\"750\" \/>\n\t<meta property=\"og:image:height\" content=\"422\" \/>\n\t<meta property=\"og:image:type\" content=\"image\/jpeg\" \/>\n<meta name=\"author\" content=\"Exaudi Redacci\u00f3n\" \/>\n<meta name=\"twitter:card\" content=\"summary_large_image\" \/>\n<meta name=\"twitter:creator\" content=\"@Exaudi_noticias\" \/>\n<meta name=\"twitter:site\" content=\"@Exaudi_News\" \/>\n<meta name=\"twitter:label1\" content=\"Escrito por\" \/>\n\t<meta name=\"twitter:data1\" content=\"Exaudi Redacci\u00f3n\" \/>\n\t<meta name=\"twitter:label2\" content=\"Tiempo de lectura\" \/>\n\t<meta name=\"twitter:data2\" content=\"3 minutos\" \/>\n<script type=\"application\/ld+json\" class=\"yoast-schema-graph\">{\"@context\":\"https:\\\/\\\/schema.org\",\"@graph\":[{\"@type\":\"Article\",\"@id\":\"https:\\\/\\\/exaudi.org\\\/es\\\/viaje-apostolico-belgica-y-luxemburgo-programa-del-viaje\\\/#article\",\"isPartOf\":{\"@id\":\"https:\\\/\\\/exaudi.org\\\/es\\\/viaje-apostolico-belgica-y-luxemburgo-programa-del-viaje\\\/\"},\"author\":{\"name\":\"Exaudi Redacci\u00f3n\",\"@id\":\"https:\\\/\\\/exaudi.org\\\/#\\\/schema\\\/person\\\/f5fc8f063065e38742da7afe15f25df7\"},\"headline\":\"Viaje Apost\u00f3lico B\u00e9lgica y Luxemburgo: Programa del viaje\",\"datePublished\":\"2024-07-20T11:00:11+00:00\",\"dateModified\":\"2024-07-20T11:01:06+00:00\",\"mainEntityOfPage\":{\"@id\":\"https:\\\/\\\/exaudi.org\\\/es\\\/viaje-apostolico-belgica-y-luxemburgo-programa-del-viaje\\\/\"},\"wordCount\":589,\"image\":{\"@id\":\"https:\\\/\\\/exaudi.org\\\/es\\\/viaje-apostolico-belgica-y-luxemburgo-programa-del-viaje\\\/#primaryimage\"},\"thumbnailUrl\":\"https:\\\/\\\/exaudi.org\\\/wp-content\\\/uploads\\\/2024\\\/07\\\/cq5dam.thumbnail.cropped.750.422-25.jpeg\",\"keywords\":[\"B\u00e9lgica\",\"ESCUELA Y UNIVERSIDAD\",\"Iglesia cat\u00f3lica\",\"J\u00f3venes\",\"Luxemburgo\",\"papa francisco\",\"Sociedad Civil\",\"Trending\",\"Viaje Apost\u00f3lico\"],\"articleSection\":[\"Le\u00f3n XIV\",\"Viajes Papales\"],\"inLanguage\":\"es\"},{\"@type\":\"WebPage\",\"@id\":\"https:\\\/\\\/exaudi.org\\\/es\\\/viaje-apostolico-belgica-y-luxemburgo-programa-del-viaje\\\/\",\"url\":\"https:\\\/\\\/exaudi.org\\\/es\\\/viaje-apostolico-belgica-y-luxemburgo-programa-del-viaje\\\/\",\"name\":\"Viaje Apost\u00f3lico B\u00e9lgica y Luxemburgo: Programa del viaje &#8211; Exaudi\",\"isPartOf\":{\"@id\":\"https:\\\/\\\/exaudi.org\\\/#website\"},\"primaryImageOfPage\":{\"@id\":\"https:\\\/\\\/exaudi.org\\\/es\\\/viaje-apostolico-belgica-y-luxemburgo-programa-del-viaje\\\/#primaryimage\"},\"image\":{\"@id\":\"https:\\\/\\\/exaudi.org\\\/es\\\/viaje-apostolico-belgica-y-luxemburgo-programa-del-viaje\\\/#primaryimage\"},\"thumbnailUrl\":\"https:\\\/\\\/exaudi.org\\\/wp-content\\\/uploads\\\/2024\\\/07\\\/cq5dam.thumbnail.cropped.750.422-25.jpeg\",\"datePublished\":\"2024-07-20T11:00:11+00:00\",\"dateModified\":\"2024-07-20T11:01:06+00:00\",\"author\":{\"@id\":\"https:\\\/\\\/exaudi.org\\\/#\\\/schema\\\/person\\\/f5fc8f063065e38742da7afe15f25df7\"},\"breadcrumb\":{\"@id\":\"https:\\\/\\\/exaudi.org\\\/es\\\/viaje-apostolico-belgica-y-luxemburgo-programa-del-viaje\\\/#breadcrumb\"},\"inLanguage\":\"es\",\"potentialAction\":[{\"@type\":\"ReadAction\",\"target\":[\"https:\\\/\\\/exaudi.org\\\/es\\\/viaje-apostolico-belgica-y-luxemburgo-programa-del-viaje\\\/\"]}]},{\"@type\":\"ImageObject\",\"inLanguage\":\"es\",\"@id\":\"https:\\\/\\\/exaudi.org\\\/es\\\/viaje-apostolico-belgica-y-luxemburgo-programa-del-viaje\\\/#primaryimage\",\"url\":\"https:\\\/\\\/exaudi.org\\\/wp-content\\\/uploads\\\/2024\\\/07\\\/cq5dam.thumbnail.cropped.750.422-25.jpeg\",\"contentUrl\":\"https:\\\/\\\/exaudi.org\\\/wp-content\\\/uploads\\\/2024\\\/07\\\/cq5dam.thumbnail.cropped.750.422-25.jpeg\",\"width\":750,\"height\":422},{\"@type\":\"BreadcrumbList\",\"@id\":\"https:\\\/\\\/exaudi.org\\\/es\\\/viaje-apostolico-belgica-y-luxemburgo-programa-del-viaje\\\/#breadcrumb\",\"itemListElement\":[{\"@type\":\"ListItem\",\"position\":1,\"name\":\"Portada\",\"item\":\"https:\\\/\\\/exaudi.org\\\/es\\\/\"},{\"@type\":\"ListItem\",\"position\":2,\"name\":\"Viaje Apost\u00f3lico B\u00e9lgica y Luxemburgo: Programa del viaje\"}]},{\"@type\":\"WebSite\",\"@id\":\"https:\\\/\\\/exaudi.org\\\/#website\",\"url\":\"https:\\\/\\\/exaudi.org\\\/\",\"name\":\"Exaudi\",\"description\":\"News\",\"potentialAction\":[{\"@type\":\"SearchAction\",\"target\":{\"@type\":\"EntryPoint\",\"urlTemplate\":\"https:\\\/\\\/exaudi.org\\\/?s={search_term_string}\"},\"query-input\":{\"@type\":\"PropertyValueSpecification\",\"valueRequired\":true,\"valueName\":\"search_term_string\"}}],\"inLanguage\":\"es\"},{\"@type\":\"Person\",\"@id\":\"https:\\\/\\\/exaudi.org\\\/#\\\/schema\\\/person\\\/f5fc8f063065e38742da7afe15f25df7\",\"name\":\"Exaudi Redacci\u00f3n\",\"image\":{\"@type\":\"ImageObject\",\"inLanguage\":\"es\",\"@id\":\"https:\\\/\\\/secure.gravatar.com\\\/avatar\\\/fe0f6a059fb68d9b3e11bc5850dd4899b1c7492091a3cb6dd9b01b56ad828be2?s=96&d=mm&r=g\",\"url\":\"https:\\\/\\\/secure.gravatar.com\\\/avatar\\\/fe0f6a059fb68d9b3e11bc5850dd4899b1c7492091a3cb6dd9b01b56ad828be2?s=96&d=mm&r=g\",\"contentUrl\":\"https:\\\/\\\/secure.gravatar.com\\\/avatar\\\/fe0f6a059fb68d9b3e11bc5850dd4899b1c7492091a3cb6dd9b01b56ad828be2?s=96&d=mm&r=g\",\"caption\":\"Exaudi Redacci\u00f3n\"},\"description\":\"\u00bfQu\u00e9 es Exaudi News? Exaudi News es un medio de comunicaci\u00f3n cat\u00f3lico internacional que informa, forma y transforma, diariamente en espa\u00f1ol, ingl\u00e9s e italiano. A trav\u00e9s de noticias, art\u00edculos de an\u00e1lisis y transmisiones en directo de los eventos del Papa, Exaudi busca fortalecer la unidad de los cristianos y contribuir a la evangelizaci\u00f3n del mundo, siempre guiados por la doctrina social de la Iglesia. Trabajamos para acercar la verdad y los valores cristianos a cada rinc\u00f3n del planeta. \u00a1Ay\u00fadanos a transformar el mundo con Exaudi! En Exaudi creemos que la evangelizaci\u00f3n y la informaci\u00f3n de calidad pueden cambiar vidas. Para continuar con nuestra misi\u00f3n y expandir nuestro alcance, necesitamos tu ayuda. Adem\u00e1s, buscamos personas comprometidas que deseen unirse a nuestro equipo. Con tu apoyo, lograremos llegar a m\u00e1s personas, difundir el mensaje de Cristo y reforzar la unidad de los cristianos. \u00bfTe unes a nuestra misi\u00f3n? Para m\u00e1s informaci\u00f3n sobre c\u00f3mo colaborar, visita Exaudi.org\\\/es o cont\u00e1ctanos directamente: info@exaudi.org Exaudi: Informa, forma y transforma.\",\"sameAs\":[\"https:\\\/\\\/www.facebook.com\\\/ExaudiNoticias\\\/\",\"https:\\\/\\\/www.instagram.com\\\/exaudi_noticias\\\/\",\"https:\\\/\\\/x.com\\\/Exaudi_noticias\",\"https:\\\/\\\/www.youtube.com\\\/@exaudicatholicnews\"],\"url\":\"https:\\\/\\\/exaudi.org\\\/es\\\/author\\\/redaccionexaudi\\\/\"}]}<\/script>\n<!-- \/ Yoast SEO plugin. -->","yoast_head_json":{"title":"Viaje Apost\u00f3lico B\u00e9lgica y Luxemburgo: Programa del viaje &#8211; Exaudi","robots":{"index":"index","follow":"follow","max-snippet":"max-snippet:-1","max-image-preview":"max-image-preview:large","max-video-preview":"max-video-preview:-1"},"canonical":"https:\/\/exaudi.org\/es\/viaje-apostolico-belgica-y-luxemburgo-programa-del-viaje\/","og_locale":"es_ES","og_type":"article","og_title":"Viaje Apost\u00f3lico B\u00e9lgica y Luxemburgo: Programa del viaje &#8211; Exaudi","og_description":"Francisco viajar\u00e1 a los dos pa\u00edses europeos del 26 al 29 de septiembre","og_url":"https:\/\/exaudi.org\/es\/viaje-apostolico-belgica-y-luxemburgo-programa-del-viaje\/","og_site_name":"Exaudi","article_publisher":"https:\/\/www.facebook.com\/ExaudiNews","article_author":"https:\/\/www.facebook.com\/ExaudiNoticias\/","article_published_time":"2024-07-20T11:00:11+00:00","article_modified_time":"2024-07-20T11:01:06+00:00","og_image":[{"width":750,"height":422,"url":"https:\/\/exaudi.org\/wp-content\/uploads\/2024\/07\/cq5dam.thumbnail.cropped.750.422-25.jpeg","type":"image\/jpeg"}],"author":"Exaudi Redacci\u00f3n","twitter_card":"summary_large_image","twitter_creator":"@Exaudi_noticias","twitter_site":"@Exaudi_News","twitter_misc":{"Escrito por":"Exaudi Redacci\u00f3n","Tiempo de lectura":"3 minutos"},"schema":{"@context":"https:\/\/schema.org","@graph":[{"@type":"Article","@id":"https:\/\/exaudi.org\/es\/viaje-apostolico-belgica-y-luxemburgo-programa-del-viaje\/#article","isPartOf":{"@id":"https:\/\/exaudi.org\/es\/viaje-apostolico-belgica-y-luxemburgo-programa-del-viaje\/"},"author":{"name":"Exaudi Redacci\u00f3n","@id":"https:\/\/exaudi.org\/#\/schema\/person\/f5fc8f063065e38742da7afe15f25df7"},"headline":"Viaje Apost\u00f3lico B\u00e9lgica y Luxemburgo: Programa del viaje","datePublished":"2024-07-20T11:00:11+00:00","dateModified":"2024-07-20T11:01:06+00:00","mainEntityOfPage":{"@id":"https:\/\/exaudi.org\/es\/viaje-apostolico-belgica-y-luxemburgo-programa-del-viaje\/"},"wordCount":589,"image":{"@id":"https:\/\/exaudi.org\/es\/viaje-apostolico-belgica-y-luxemburgo-programa-del-viaje\/#primaryimage"},"thumbnailUrl":"https:\/\/exaudi.org\/wp-content\/uploads\/2024\/07\/cq5dam.thumbnail.cropped.750.422-25.jpeg","keywords":["B\u00e9lgica","ESCUELA Y UNIVERSIDAD","Iglesia cat\u00f3lica","J\u00f3venes","Luxemburgo","papa francisco","Sociedad Civil","Trending","Viaje Apost\u00f3lico"],"articleSection":["Le\u00f3n XIV","Viajes Papales"],"inLanguage":"es"},{"@type":"WebPage","@id":"https:\/\/exaudi.org\/es\/viaje-apostolico-belgica-y-luxemburgo-programa-del-viaje\/","url":"https:\/\/exaudi.org\/es\/viaje-apostolico-belgica-y-luxemburgo-programa-del-viaje\/","name":"Viaje Apost\u00f3lico B\u00e9lgica y Luxemburgo: Programa del viaje &#8211; Exaudi","isPartOf":{"@id":"https:\/\/exaudi.org\/#website"},"primaryImageOfPage":{"@id":"https:\/\/exaudi.org\/es\/viaje-apostolico-belgica-y-luxemburgo-programa-del-viaje\/#primaryimage"},"image":{"@id":"https:\/\/exaudi.org\/es\/viaje-apostolico-belgica-y-luxemburgo-programa-del-viaje\/#primaryimage"},"thumbnailUrl":"https:\/\/exaudi.org\/wp-content\/uploads\/2024\/07\/cq5dam.thumbnail.cropped.750.422-25.jpeg","datePublished":"2024-07-20T11:00:11+00:00","dateModified":"2024-07-20T11:01:06+00:00","author":{"@id":"https:\/\/exaudi.org\/#\/schema\/person\/f5fc8f063065e38742da7afe15f25df7"},"breadcrumb":{"@id":"https:\/\/exaudi.org\/es\/viaje-apostolico-belgica-y-luxemburgo-programa-del-viaje\/#breadcrumb"},"inLanguage":"es","potentialAction":[{"@type":"ReadAction","target":["https:\/\/exaudi.org\/es\/viaje-apostolico-belgica-y-luxemburgo-programa-del-viaje\/"]}]},{"@type":"ImageObject","inLanguage":"es","@id":"https:\/\/exaudi.org\/es\/viaje-apostolico-belgica-y-luxemburgo-programa-del-viaje\/#primaryimage","url":"https:\/\/exaudi.org\/wp-content\/uploads\/2024\/07\/cq5dam.thumbnail.cropped.750.422-25.jpeg","contentUrl":"https:\/\/exaudi.org\/wp-content\/uploads\/2024\/07\/cq5dam.thumbnail.cropped.750.422-25.jpeg","width":750,"height":422},{"@type":"BreadcrumbList","@id":"https:\/\/exaudi.org\/es\/viaje-apostolico-belgica-y-luxemburgo-programa-del-viaje\/#breadcrumb","itemListElement":[{"@type":"ListItem","position":1,"name":"Portada","item":"https:\/\/exaudi.org\/es\/"},{"@type":"ListItem","position":2,"name":"Viaje Apost\u00f3lico B\u00e9lgica y Luxemburgo: Programa del viaje"}]},{"@type":"WebSite","@id":"https:\/\/exaudi.org\/#website","url":"https:\/\/exaudi.org\/","name":"Exaudi","description":"News","potentialAction":[{"@type":"SearchAction","target":{"@type":"EntryPoint","urlTemplate":"https:\/\/exaudi.org\/?s={search_term_string}"},"query-input":{"@type":"PropertyValueSpecification","valueRequired":true,"valueName":"search_term_string"}}],"inLanguage":"es"},{"@type":"Person","@id":"https:\/\/exaudi.org\/#\/schema\/person\/f5fc8f063065e38742da7afe15f25df7","name":"Exaudi Redacci\u00f3n","image":{"@type":"ImageObject","inLanguage":"es","@id":"https:\/\/secure.gravatar.com\/avatar\/fe0f6a059fb68d9b3e11bc5850dd4899b1c7492091a3cb6dd9b01b56ad828be2?s=96&d=mm&r=g","url":"https:\/\/secure.gravatar.com\/avatar\/fe0f6a059fb68d9b3e11bc5850dd4899b1c7492091a3cb6dd9b01b56ad828be2?s=96&d=mm&r=g","contentUrl":"https:\/\/secure.gravatar.com\/avatar\/fe0f6a059fb68d9b3e11bc5850dd4899b1c7492091a3cb6dd9b01b56ad828be2?s=96&d=mm&r=g","caption":"Exaudi Redacci\u00f3n"},"description":"\u00bfQu\u00e9 es Exaudi News? Exaudi News es un medio de comunicaci\u00f3n cat\u00f3lico internacional que informa, forma y transforma, diariamente en espa\u00f1ol, ingl\u00e9s e italiano. A trav\u00e9s de noticias, art\u00edculos de an\u00e1lisis y transmisiones en directo de los eventos del Papa, Exaudi busca fortalecer la unidad de los cristianos y contribuir a la evangelizaci\u00f3n del mundo, siempre guiados por la doctrina social de la Iglesia. Trabajamos para acercar la verdad y los valores cristianos a cada rinc\u00f3n del planeta. \u00a1Ay\u00fadanos a transformar el mundo con Exaudi! En Exaudi creemos que la evangelizaci\u00f3n y la informaci\u00f3n de calidad pueden cambiar vidas. Para continuar con nuestra misi\u00f3n y expandir nuestro alcance, necesitamos tu ayuda. Adem\u00e1s, buscamos personas comprometidas que deseen unirse a nuestro equipo. Con tu apoyo, lograremos llegar a m\u00e1s personas, difundir el mensaje de Cristo y reforzar la unidad de los cristianos. \u00bfTe unes a nuestra misi\u00f3n? Para m\u00e1s informaci\u00f3n sobre c\u00f3mo colaborar, visita Exaudi.org\/es o cont\u00e1ctanos directamente: info@exaudi.org Exaudi: Informa, forma y transforma.","sameAs":["https:\/\/www.facebook.com\/ExaudiNoticias\/","https:\/\/www.instagram.com\/exaudi_noticias\/","https:\/\/x.com\/Exaudi_noticias","https:\/\/www.youtube.com\/@exaudicatholicnews"],"url":"https:\/\/exaudi.org\/es\/author\/redaccionexaudi\/"}]}},"jetpack_featured_media_url":"https:\/\/exaudi.org\/wp-content\/uploads\/2024\/07\/cq5dam.thumbnail.cropped.750.422-25.jpeg","jetpack_shortlink":"https:\/\/wp.me\/pgKjF2-rsE","_links":{"self":[{"href":"https:\/\/exaudi.org\/es\/wp-json\/wp\/v2\/posts\/105564","targetHints":{"allow":["GET"]}}],"collection":[{"href":"https:\/\/exaudi.org\/es\/wp-json\/wp\/v2\/posts"}],"about":[{"href":"https:\/\/exaudi.org\/es\/wp-json\/wp\/v2\/types\/post"}],"author":[{"embeddable":true,"href":"https:\/\/exaudi.org\/es\/wp-json\/wp\/v2\/users\/15"}],"replies":[{"embeddable":true,"href":"https:\/\/exaudi.org\/es\/wp-json\/wp\/v2\/comments?post=105564"}],"version-history":[{"count":0,"href":"https:\/\/exaudi.org\/es\/wp-json\/wp\/v2\/posts\/105564\/revisions"}],"wp:featuredmedia":[{"embeddable":true,"href":"https:\/\/exaudi.org\/es\/wp-json\/wp\/v2\/media\/105566"}],"wp:attachment":[{"href":"https:\/\/exaudi.org\/es\/wp-json\/wp\/v2\/media?parent=105564"}],"wp:term":[{"taxonomy":"category","embeddable":true,"href":"https:\/\/exaudi.org\/es\/wp-json\/wp\/v2\/categories?post=105564"},{"taxonomy":"post_tag","embeddable":true,"href":"https:\/\/exaudi.org\/es\/wp-json\/wp\/v2\/tags?post=105564"}],"curies":[{"name":"wp","href":"https:\/\/api.w.org\/{rel}","templated":true}]}}