{"id":105310,"date":"2024-07-17T09:00:45","date_gmt":"2024-07-17T07:00:45","guid":{"rendered":"https:\/\/exaudi.org\/?p=105310"},"modified":"2024-07-17T18:46:06","modified_gmt":"2024-07-17T16:46:06","slug":"ciberinmortalidad","status":"publish","type":"post","link":"https:\/\/exaudi.org\/es\/ciberinmortalidad\/","title":{"rendered":"Ciberinmortalidad"},"content":{"rendered":"<audio class=\"wp-audio-shortcode\" id=\"audio-105310-1\" preload=\"none\" style=\"width: 100%;\" controls=\"controls\"><source type=\"audio\/mpeg\" src=\"https:\/\/exaudi.org\/wp-content\/uploads\/2024\/07\/Ciberinmortalidad.mp3?_=1\" \/><a href=\"https:\/\/exaudi.org\/wp-content\/uploads\/2024\/07\/Ciberinmortalidad.mp3\">https:\/\/exaudi.org\/wp-content\/uploads\/2024\/07\/Ciberinmortalidad.mp3<\/a><\/audio>\n<p>Este pod\u00eda haber sido el lema propuesto por un comunicador transhumanista para el evento sobre <strong>\u201cinmortalidad, eterna juventud y muerte\u201d<\/strong> organizado en Medialab Matadero de Madrid el pasado 11 de julio de 2024, a partir del programa p\u00fablico <strong>comisariado por Amaia S\u00e1nchez-Velasco y Jorge Valiente Oriol de Grandeza Studio, en el marco de su proyecto de investigaci\u00f3n titulado \u00abRevisitando a Titono: Geograf\u00edas Tentaculares de la Eterna Juventud\u00bb.<\/strong><\/p>\n<p><a href=\"https:\/\/www.medialab-matadero.es\/actividades\/inmortalidad-eterna-juventud-y-muerte\" target=\"_blank\" rel=\"noopener\">https:\/\/www.medialab-matadero.es\/actividades\/inmortalidad-eterna-juventud-y-muerte<\/a><\/p>\n<p>En dicho encuentro tuve la ocasi\u00f3n de participar en la mesa redonda organizada \u00a0junto a Mar\u00eda A. Blasco, investigadora biomolecular y directora cient\u00edfica del Centro Nacional de Investigaciones Oncol\u00f3gicas y jefa del grupo de Tel\u00f3meros y Telomerasa, y con Igor Bragado, arquitecto y codirector del estudio conceptual de dise\u00f1o Common Accounts.<\/p>\n<p>Antes de dicho evento, y para preparar mi ponencia previa al dialogo con Mar\u00eda y con Igor, tuve una conversaci\u00f3n muy clarificadora sobre la inmortalidad cibern\u00e9tica, la Singularidad tecnol\u00f3gica y la muerte opcional con un defensor de la bioideolog\u00eda del transhumanismo y del posthumanismo.\u00a0 Por su inter\u00e9s, a continuaci\u00f3n voy a ir desgranando sus argumentos de forma sint\u00e9tica, cit\u00e1ndolos con el signo (H+), aportando mis apreciaciones que ser\u00e1n precedidas por el signo (AC).<\/p>\n<figure id=\"attachment_105311\" aria-describedby=\"caption-attachment-105311\" style=\"width: 2048px\" class=\"wp-caption alignnone\"><img loading=\"lazy\" decoding=\"async\" class=\"size-full wp-image-105311\" src=\"https:\/\/exaudi.org\/wp-content\/uploads\/2024\/07\/Foto-mesa-redonda.jpg\" alt=\"\" width=\"2048\" height=\"1536\" srcset=\"https:\/\/exaudi.org\/wp-content\/uploads\/2024\/07\/Foto-mesa-redonda.jpg 2048w, https:\/\/exaudi.org\/wp-content\/uploads\/2024\/07\/Foto-mesa-redonda-300x225.jpg 300w, https:\/\/exaudi.org\/wp-content\/uploads\/2024\/07\/Foto-mesa-redonda-1024x768.jpg 1024w, https:\/\/exaudi.org\/wp-content\/uploads\/2024\/07\/Foto-mesa-redonda-770x578.jpg 770w, https:\/\/exaudi.org\/wp-content\/uploads\/2024\/07\/Foto-mesa-redonda-1536x1152.jpg 1536w, https:\/\/exaudi.org\/wp-content\/uploads\/2024\/07\/Foto-mesa-redonda-500x375.jpg 500w, https:\/\/exaudi.org\/wp-content\/uploads\/2024\/07\/Foto-mesa-redonda-293x220.jpg 293w, https:\/\/exaudi.org\/wp-content\/uploads\/2024\/07\/Foto-mesa-redonda-1400x1050.jpg 1400w, https:\/\/exaudi.org\/wp-content\/uploads\/2024\/07\/Foto-mesa-redonda-390x293.jpg 390w\" sizes=\"auto, (max-width: 2048px) 100vw, 2048px\" \/><figcaption id=\"caption-attachment-105311\" class=\"wp-caption-text\">Medialab Matadero<\/figcaption><\/figure>\n<p><strong>Contenedores de conciencia para la ciberinmortalidad<\/strong><\/p>\n<p><strong>(H+)<\/strong> <em>\u201cEl futuro transhumano pronto nos llevar\u00e1 a un nuevo nivel de conciencia: es el momento pues de ajustar nuevas antenas no biol\u00f3gicas y de adquirir gradualmente una forma de ciberinmortalidad.\u201d<\/em><\/p>\n<p><strong>(AC) <\/strong>Creo que antes deber\u00edamos ponernos de acuerdo respecto a lo que entendemos por conciencia.<\/p>\n<p>Desde un punto de vista cient\u00edfico, podr\u00edamos acordar que la consciencia es el estado de conocimiento de uno mismo y del entorno por la cual el individuo realiza sus funciones perceptivas, intelectuales, afectivas y motoras. Desde el punto de vista neurol\u00f3gico la consciencia se manifiesta en su actuaci\u00f3n mediante la actividad cerebral y se considera como un complejo de unidades de informaci\u00f3n que tiene su base material en el cerebro.<\/p>\n<p>Desde un punto de vista espiritual &#8211; por ejemplo, para un cristiano-, \u00a0la conciencia es el espacio interior de la escucha de la verdad, del bien, de la escucha de Dios; es el lugar interior de nuestra relaci\u00f3n con \u00c9l, que habla a nuestro coraz\u00f3n y nos ayuda a discernir, a comprender el camino que debemos recorrer, y una vez tomada la decisi\u00f3n, a seguir adelante, a permanecer fiel.<\/p>\n<p>As\u00ed, para nosotros, la conciencia es el espacio interior de di\u00e1logo entre Dios y el hombre. Se le suele llamar tambi\u00e9n conciencia moral porque a trav\u00e9s de ella, el hombre identifica el bien y el mal en su propia vida.<\/p>\n<p>De este modo, se habla de la conciencia en dos sentidos: en sentido global y m\u00e1s amplio, como el conocimiento del bien y del mal que permite a la persona enjuiciar moralmente la realidad y los actos. En sentido estricto, ser\u00eda el juicio pr\u00e1ctico que act\u00faa para discernir la bondad o maldad de cada acci\u00f3n singular.<\/p>\n<p>Por tanto, la conciencia seria el testigo exclusivo de lo que sucede en la intimidad de la persona, de su esencial rectitud o maldad moral.\u00a0A trav\u00e9s de ella, el hombre entra en un di\u00e1logo consigo mismo, pero sobre todo con Dios, que es el autor de la ley moral, a la que el hombre se orienta y aspira para alcanzar su felicidad.<\/p>\n<p>En definitiva, desde este punto de vista, la conciencia es el n\u00facleo m\u00e1s secreto y el sagrario del hombre, en el que \u00e9ste se siente a solas con Dios, cuya voz resuena en el recinto m\u00e1s \u00edntimo de aqu\u00e9lla. Es la conciencia la que de modo admirable da a conocer esa ley cuyo cumplimiento consiste en el amor de Dios y del pr\u00f3jimo.<\/p>\n<p><strong>(H+) <\/strong><em>\u201cYa, pero realmente no sabemos qu\u00e9 es la conciencia. O mejor dicho, tenemos una idea de algunas de sus caracter\u00edsticas, pero no hemos podido ir m\u00e1s lejos. La conciencia parece que es cu\u00e1ntica por naturaleza.\u201d<\/em><\/p>\n<figure id=\"attachment_105376\" aria-describedby=\"caption-attachment-105376\" style=\"width: 2560px\" class=\"wp-caption alignnone\"><img loading=\"lazy\" decoding=\"async\" class=\"size-full wp-image-105376\" src=\"https:\/\/exaudi.org\/wp-content\/uploads\/2024\/07\/IMG_1194-scaled.jpg\" alt=\"\" width=\"2560\" height=\"1707\" srcset=\"https:\/\/exaudi.org\/wp-content\/uploads\/2024\/07\/IMG_1194-scaled.jpg 2560w, https:\/\/exaudi.org\/wp-content\/uploads\/2024\/07\/IMG_1194-300x200.jpg 300w, https:\/\/exaudi.org\/wp-content\/uploads\/2024\/07\/IMG_1194-1024x683.jpg 1024w, https:\/\/exaudi.org\/wp-content\/uploads\/2024\/07\/IMG_1194-770x513.jpg 770w, https:\/\/exaudi.org\/wp-content\/uploads\/2024\/07\/IMG_1194-1536x1024.jpg 1536w, https:\/\/exaudi.org\/wp-content\/uploads\/2024\/07\/IMG_1194-2048x1365.jpg 2048w, https:\/\/exaudi.org\/wp-content\/uploads\/2024\/07\/IMG_1194-360x240.jpg?crop=1 360w, https:\/\/exaudi.org\/wp-content\/uploads\/2024\/07\/IMG_1194-500x333.jpg 500w, https:\/\/exaudi.org\/wp-content\/uploads\/2024\/07\/IMG_1194-1155x770.jpg 1155w, https:\/\/exaudi.org\/wp-content\/uploads\/2024\/07\/IMG_1194-370x247.jpg 370w, https:\/\/exaudi.org\/wp-content\/uploads\/2024\/07\/IMG_1194-293x195.jpg 293w, https:\/\/exaudi.org\/wp-content\/uploads\/2024\/07\/IMG_1194-1400x933.jpg 1400w, https:\/\/exaudi.org\/wp-content\/uploads\/2024\/07\/IMG_1194-120x80.jpg 120w, https:\/\/exaudi.org\/wp-content\/uploads\/2024\/07\/IMG_1194-240x160.jpg 240w, https:\/\/exaudi.org\/wp-content\/uploads\/2024\/07\/IMG_1194-390x260.jpg 390w\" sizes=\"auto, (max-width: 2560px) 100vw, 2560px\" \/><figcaption id=\"caption-attachment-105376\" class=\"wp-caption-text\">By Medialab Matadero<\/figcaption><\/figure>\n<p><strong>(AC) <\/strong>Estoy de acuerdo que una de las cuestiones abiertas m\u00e1s importantes de la ciencia actualmente es c\u00f3mo se establece nuestra conciencia. Distintos cient\u00edficos afirman que el sistema neuronal del cerebro forma una intrincada red y que la conciencia que produce deber\u00eda obedecer a las reglas de la mec\u00e1nica cu\u00e1ntica. Efectivamente, es un campo interesante para el dialogo entre ciencia y teolog\u00eda, entre raz\u00f3n y fe.<\/p>\n<p><strong>(H+) <\/strong><em>\u201cSin embargo, para muchos de nosotros, solo habr\u00eda una conciencia universal. Nuestra conciencia local captar\u00eda un \u2018yo universal\u2019 m\u00e1s grande como antena. A lo largo de los siglos, llegar a comprender este \u2018yo\u2019 se ha llamado despertar, iluminaci\u00f3n, trascendencia. Para el a\u00f1o 2045 algunos auguran que el mundo podr\u00eda estar plenamente adaptado a ese futuro transhumano. Se abrir\u00eda entonces una nueva frontera para nuestra especie hacia una forma de ciberinmortalidad.\u201d<\/em><\/p>\n<p><strong>(AC) <\/strong>Me gustar\u00eda dejar claro desde el principio de nuestra conversaci\u00f3n, que yo veo el transhumanismo como un intento del hombre de negar su condici\u00f3n de criatura y elevarse a s\u00ed mismo a un nivel superior de existencia mediante la manipulaci\u00f3n de la naturaleza humana, a trav\u00e9s de la tecnolog\u00eda (ingenier\u00eda gen\u00e9tica, cri\u00f3nica, implantes con interfaces cerebro-computadora, etc.), para lograr la autoperfecci\u00f3n, la autotrascendencia e incluso esa supuesta inmortalidad cibern\u00e9tica.<\/p>\n<p>En mi opini\u00f3n, el transhumanismo encarna el pecado original de soberbia del hombre de querer ser como Dios sin la Gracia Santificante. Por eso, no puedo estar de acuerdo con su cosmovisi\u00f3n ni con sus propuestas dado que resultan antag\u00f3nicas con una antropolog\u00eda adecuada para el ser humano que entiende que la persona est\u00e1 compuesta de cuerpo y alma encarnados, que aspiran a la transfiguraci\u00f3n mediante la resurrecci\u00f3n, y de este modo llegar a ser un cuerpo glorioso y un alma inmortal reunificados para la vida eterna.<\/p>\n<p><strong>\u00a0(H+) <\/strong><em>\u201cSin embargo, nosotros pensamos que cualquier contenedor con una red suficientemente integrada de patrones de informaci\u00f3n y cierta complejidad \u00f3ptima, particularmente los sistemas din\u00e1micos complejos con cerebros biol\u00f3gicos o artificiales podr\u00eda albergar un nodo de conciencia.\u201d<\/em><\/p>\n<p><strong>(AC)<\/strong> Resulta evidente que, a modo de los antiguos gn\u00f3sticos, as\u00ed como de varias ideolog\u00edas dualistas y neo-gn\u00f3sticas de nuestro tiempo, desde el transhumanismo, se percibe el cuerpo humano como una especie de jaula o m\u00e1quina, un aparato manipulable y prescindible, controlado por alguna esencia interna, tambi\u00e9n llamada el \u201cverdadero yo\u201d.<\/p>\n<p><strong>\u00a0(H+) <\/strong><em>\u201cSi, este tipo de unidad de conciencia identificada, estar\u00eda dotada de libre albedr\u00edo dentro de las limitaciones del conjunto de reglas aplicables (leyes f\u00edsicas), influenciadas por la din\u00e1mica del sistema de conciencia m\u00e1s amplio.\u201d<\/em><\/p>\n<p><strong>(AC)<\/strong> \u00bfA qu\u00e9 te refieres con lo de \u201csistema de conciencia m\u00e1s amplio\u201d? \u00bfA una conciencia universal? \u00bfA una supermente colectiva global?<\/p>\n<p><strong>(H+) <\/strong><em>\u201cEfectivamente, a eso me refiero. Por otro lado, cabe hacerse la siguiente pregunta: \u00bfNo es demasiado ingenuo suponer que la Conciencia Universal produce fenomenalidad solo en forma de avatares biol\u00f3gicos?\u00a0 Incluso hoy, ya todos contribuimos a los archivos mentales digitales globales del \u2018Sintelecto\u2019. Por ejemplo, cada vez que subimos una foto o hacemos una llamada, dejamos una huella en el ciberespacio.\u201d<\/em><\/p>\n<p><strong>(AC) <\/strong>\u00bfDebo entender que el \u201cSintelecto\u201d es una especie de mente colectiva global?<\/p>\n<p><strong>(H+) <\/strong><em>\u201cCorrecto. De hecho estamos en un oc\u00e9ano de conciencia y b\u00e1sicamente siempre hemos sido parte de esta red mente-espacio, de una mente colmena tecnocultural, siendo cada uno de nosotros un producto de nuestra realidad virtual social.\u201d<\/em><\/p>\n<p><strong>(AC) <\/strong>\u00a0Esta afirmaci\u00f3n parece una mezcla entre cosmogon\u00eda budista o incluso <em>New Age<\/em>, y un concepto, el de mente colmena, muy utilizado en la literatura de ciencia ficci\u00f3n.<\/p>\n<h3><strong>Transferir la conciencia humana<\/strong><\/h3>\n<p><strong>(H+) <\/strong><em>\u201cPor otra parte, creemos que la forma no invasiva m\u00e1s probable de transferir la conciencia humana en el futuro cercano, con etapas tempranas en la d\u00e9cada de 2030, podr\u00eda ser la convergencia de optogen\u00e9tica, nanotecnolog\u00eda, neuroingenier\u00eda e inform\u00e1tica inmersiva. En resumen, tecnolog\u00edas y neurotecnolog\u00edas que nos permitir\u00e1n conectar nuestros sistemas de inteligencia artificial y neuronas org\u00e1nicas directamente en la nube.\u201d<\/em><\/p>\n<figure id=\"attachment_105379\" aria-describedby=\"caption-attachment-105379\" style=\"width: 2560px\" class=\"wp-caption alignnone\"><img loading=\"lazy\" decoding=\"async\" class=\"size-full wp-image-105379\" src=\"https:\/\/exaudi.org\/wp-content\/uploads\/2024\/07\/IMG_1195-scaled.jpg\" alt=\"\" width=\"2560\" height=\"1707\" srcset=\"https:\/\/exaudi.org\/wp-content\/uploads\/2024\/07\/IMG_1195-scaled.jpg 2560w, https:\/\/exaudi.org\/wp-content\/uploads\/2024\/07\/IMG_1195-300x200.jpg 300w, https:\/\/exaudi.org\/wp-content\/uploads\/2024\/07\/IMG_1195-1024x683.jpg 1024w, https:\/\/exaudi.org\/wp-content\/uploads\/2024\/07\/IMG_1195-770x513.jpg 770w, https:\/\/exaudi.org\/wp-content\/uploads\/2024\/07\/IMG_1195-1536x1024.jpg 1536w, https:\/\/exaudi.org\/wp-content\/uploads\/2024\/07\/IMG_1195-2048x1365.jpg 2048w, https:\/\/exaudi.org\/wp-content\/uploads\/2024\/07\/IMG_1195-360x240.jpg?crop=1 360w, https:\/\/exaudi.org\/wp-content\/uploads\/2024\/07\/IMG_1195-500x333.jpg 500w, https:\/\/exaudi.org\/wp-content\/uploads\/2024\/07\/IMG_1195-1155x770.jpg 1155w, https:\/\/exaudi.org\/wp-content\/uploads\/2024\/07\/IMG_1195-370x247.jpg 370w, https:\/\/exaudi.org\/wp-content\/uploads\/2024\/07\/IMG_1195-293x195.jpg 293w, https:\/\/exaudi.org\/wp-content\/uploads\/2024\/07\/IMG_1195-1400x933.jpg 1400w, https:\/\/exaudi.org\/wp-content\/uploads\/2024\/07\/IMG_1195-120x80.jpg 120w, https:\/\/exaudi.org\/wp-content\/uploads\/2024\/07\/IMG_1195-240x160.jpg 240w, https:\/\/exaudi.org\/wp-content\/uploads\/2024\/07\/IMG_1195-390x260.jpg 390w\" sizes=\"auto, (max-width: 2560px) 100vw, 2560px\" \/><figcaption id=\"caption-attachment-105379\" class=\"wp-caption-text\">By Medialab Matadero<\/figcaption><\/figure>\n<p><strong>(AC)<\/strong>\u00a0 \u00bfC\u00f3mo crees que se producir\u00e1 esa transferencia de la conciencia humana? \u00bfRealmente estamos hablando de ciencia o de ciencia-ficci\u00f3n?<\/p>\n<p><strong>(H+) <\/strong><em>\u201cDe ambas cosas a la vez. Despu\u00e9s de una migraci\u00f3n gradual de la mente a la nube, eventualmente todos nos transformaremos en mentes digitales inmortales independientes del sustrato (cuerpo biol\u00f3gico), viviendo en un para\u00edso cibern\u00e9tico dise\u00f1ado por nosotros.\u201d<\/em><\/p>\n<p><strong>(AC)<\/strong> Ese para\u00edso cibern\u00e9tico suena a un nuevo \u201cpara\u00edso terrenal\u201d o a una reedici\u00f3n de la Torre de Babel, \u00bfno crees?<\/p>\n<p><strong>(H+) <\/strong><em>\u201cPiensa que al final de ese proceso, ya ni siquiera necesitaremos un cuerpo f\u00edsico. Podr\u00edamos volvernos cien por cien digitales: desde un punto de vista evolutivo, nuestros cerebros biol\u00f3gicos son un puente hacia los supercerebros artificiales posbiol\u00f3gicos. Por lo tanto, los humanos primero deben pasar por una breve fase de ciborgismo, antes de entrar en la siguiente fase del desarrollo evolutivo.\u201d<\/em><\/p>\n<p><strong>(AC) <\/strong>Siempre he pensado que las ideolog\u00edas del transgenerismo, el transhumanismo, el posthumanismo, el ciborgismo o el transespecismo convergen en una idea com\u00fan: la disoluci\u00f3n de la naturaleza humana en la nueva fase evolutiva biotecnol\u00f3gica de nuestra especie, augurada y promovida por estas bioideolog\u00edas.<\/p>\n<h3><strong>Exocortex personal en la nube<\/strong><\/h3>\n<p><strong>(H+) <\/strong><em>\u201cInicialmente, cada uno de nosotros tendr\u00e1 un exocortex personal en la nube, una especie de tercer hemisferio cerebral no biol\u00f3gico que estar\u00e1 en constante comunicaci\u00f3n con los otros dos hemisferios cerebrales biol\u00f3gicos. Algo parecido a lo imaginado, con toda probabilidad por Elon Musk en su proyecto Neuralink.\u201d<\/em><\/p>\n<p><strong>(AC) <\/strong>Parece que este proceso ya se ha iniciado y es imparable. \u00bfQu\u00e9 sigue despu\u00e9s?<\/p>\n<p><strong>(H+) <\/strong><em>\u201cEn alg\u00fan momento, este tercer hemisferio tendr\u00e1 un contenido informativo extremo y un conocimiento \u00edntimo de nuestra biolog\u00eda, personalidad y otros atributos del mundo f\u00edsico para integrarse a la perfecci\u00f3n con nosotros, como una entidad hol\u00edstica, Seremos neoentes o posthumanos.\u201d<\/em><\/p>\n<p><strong>(AC)<\/strong> Entonces, lo que est\u00e1is proponiendo desde el transhumanismo es una hibridaci\u00f3n gradual del ser humano biol\u00f3gico con la m\u00e1quina y con los sistemas de inteligencia artificial para aumentar nuestras capacidades cognitivas y f\u00edsicas. \u00bfEs as\u00ed?<\/p>\n<p><strong>(H+) <\/strong><em>\u201cEfectivamente, nuestro sistema biol\u00f3gico original palidecer\u00e1 en comparaci\u00f3n con el exocortex, quiz\u00e1s miles de millones de veces m\u00e1s capaz. De este modo, el exocortex asumir\u00e1 sin problemas todas las funciones del cerebro biol\u00f3gico. Durante un per\u00edodo de transici\u00f3n (de unas pocas d\u00e9cadas) las personas no estar\u00e1n limitadas a un solo cuerpo.\u201d<\/em><\/p>\n<p><strong>(AC) <\/strong>Entiendo pues que un exocortex ser\u00eda un sistema de procesamiento de datos externo artificial que nos ayudar\u00eda a memorizar y procesar mayor cantidad de informaci\u00f3n en menos tiempo, y que un exocortex integrado permitir\u00eda directamente realizar acciones mediante el pensamiento. Es decir, mediante la conexi\u00f3n con la actividad neuronal del neocortex.<\/p>\n<figure id=\"attachment_105393\" aria-describedby=\"caption-attachment-105393\" style=\"width: 1600px\" class=\"wp-caption alignnone\"><img loading=\"lazy\" decoding=\"async\" class=\"size-full wp-image-105393\" src=\"https:\/\/exaudi.org\/wp-content\/uploads\/2024\/07\/IMG-20240717-WA0025.jpg\" alt=\"\" width=\"1600\" height=\"1289\" srcset=\"https:\/\/exaudi.org\/wp-content\/uploads\/2024\/07\/IMG-20240717-WA0025.jpg 1600w, https:\/\/exaudi.org\/wp-content\/uploads\/2024\/07\/IMG-20240717-WA0025-300x242.jpg 300w, https:\/\/exaudi.org\/wp-content\/uploads\/2024\/07\/IMG-20240717-WA0025-1024x825.jpg 1024w, https:\/\/exaudi.org\/wp-content\/uploads\/2024\/07\/IMG-20240717-WA0025-770x620.jpg 770w, https:\/\/exaudi.org\/wp-content\/uploads\/2024\/07\/IMG-20240717-WA0025-1536x1237.jpg 1536w, https:\/\/exaudi.org\/wp-content\/uploads\/2024\/07\/IMG-20240717-WA0025-500x403.jpg 500w, https:\/\/exaudi.org\/wp-content\/uploads\/2024\/07\/IMG-20240717-WA0025-293x236.jpg 293w, https:\/\/exaudi.org\/wp-content\/uploads\/2024\/07\/IMG-20240717-WA0025-1400x1128.jpg 1400w, https:\/\/exaudi.org\/wp-content\/uploads\/2024\/07\/IMG-20240717-WA0025-390x314.jpg 390w\" sizes=\"auto, (max-width: 1600px) 100vw, 1600px\" \/><figcaption id=\"caption-attachment-105393\" class=\"wp-caption-text\">By Medialab Matadero<\/figcaption><\/figure>\n<p>Hoy en d\u00eda podemos comprobar como empiezan ya a desarrollarse las BCI o <em>Brain Computer Interface,<\/em> es decir, el sistema que permite la comunicaci\u00f3n directa entre el cerebro y un dispositivo externo, como un ordenador o un robot. Las BCIs utilizan ondas cerebrales o actividad neuronal, para permitir que una persona controle un dispositivo o realice tareas sin necesidad de usar partes del cuerpo en movimiento. Desde mi punto de vista, esas tecnolog\u00edas son \u00e9ticamente aceptables para recuperar capacidades en personas con determinada discapacidad funcional. Sin embargo, \u00bfson \u00e9ticamente aceptables en aquellas situaciones que supongan expandir las capacidades comunes de una persona humana?<\/p>\n<p><strong>\u00a0(H+) <\/strong><em>\u201cNosotros creemos que resultar\u00e1 ser un deber moral hacerlo. Pero es que adem\u00e1s, eventualmente, las personas podr\u00e1n formar identidades en numerosos sustratos, para enrutar su identidad a trav\u00e9s de la biosfera, la cibesfera, el metaverso y otros entornos virtuales. Y eso ser\u00e1 una experiencia muy interesante y placentera.\u201d<\/em><\/p>\n<p><strong>(AC) <\/strong>En la actualidad ya se nos ofrecen propuestas de mundos alternativos digitales variados y diferentes. Los metaversos se est\u00e1n construyendo como espacios virtuales donde los usuarios representados como avatares realizan actividades de todo tipo, en entornos generalmente tridimensionales.<\/p>\n<p><strong>(H+) <\/strong><em>\u201cAs\u00ed es, y gradualmente, nuestras mentes migraran al ciberespacio con infinitos universos virtuales personalizados. Y nuestra mentalidad persistir\u00e1 all\u00ed.\u201d<\/em><\/p>\n<p><strong>(AC) <\/strong>\u00bfNuestra identidad, subjetividad y personalidad persistir\u00e1 en esos espacios virtuales?<\/p>\n<p><strong>(H+) <\/strong><em>\u201cEfectivamente, y en cualquier caso, seguiremos siendo nosotros. Como mentes ciberhumanas, procesaremos la informaci\u00f3n miles de veces m\u00e1s r\u00e1pido. Nuestro pensamiento ser\u00e1 tan r\u00e1pido que nuestra propia percepci\u00f3n subjetiva del tiempo cambiar\u00e1. Un d\u00eda del calendario podr\u00e1 durar d\u00e9cadas o incluso siglos.\u201d<\/em><\/p>\n<p><strong>(AC) <\/strong>Me temo que esta nueva etapa evolutiva del ser humano que se nos propone provocar\u00e1 nuevas desigualdades digitales y gen\u00e9ticas que deberemos saber identificar y resolver.<\/p>\n<p><strong>(H+) <\/strong><em>\u201cEn un futuro transhumano y posthumano, esta nueva generaci\u00f3n de humanos percibir\u00e1 a la parte no mejorada de la poblaci\u00f3n como criaturas de pensamiento m\u00e1s lento. Les parecer\u00e1n seres casi est\u00e1ticos, como lo son hoy las plantas de interior para nosotros.\u201d<\/em><\/p>\n<p><strong>(AC)<\/strong> Y seguramente trataran a esos <em>Homo Sapiens<\/em> no mejorados biotecnol\u00f3gicamente como seres obsoletos y \u00a0por ello descartables.<\/p>\n<p><strong>(H+) <\/strong><em>\u201cPiensa que la humanidad tender\u00e1 a converger hacia una sola mente global y a desbloquear una nueva realidad mayor. Es lo que se denomina, la hip\u00f3tesis del Sintelecto.\u201d <\/em><\/p>\n<p><strong>(AC) <\/strong>Algo he le\u00eddo de Alex M. Vikoulov sobre la singularidad cibern\u00e9tica y el surgimiento del sintelecto. Parece ser que al contemplar el espectro completo de escenarios de las singularidades tecnol\u00f3gicas venideras, muchos apuestan a favor de la Singularidad Cibern\u00e9tica, que ser\u00eda el camino m\u00e1s seguro hacia la ciberinmortalidad \u00a0y la divinidad dise\u00f1ada en oposici\u00f3n a la Singularidad de la Superinteligencia, es decir, cuando el <em>Homo Sapiens<\/em> se retirar\u00eda apresuradamente de esa sociedad hipertecnol\u00f3gica, como un padre senescente desaparece de la escena familiar frente a su descendencia que le supera en energ\u00eda y conocimientos, aunque tal vez no en sabidur\u00eda y experiencia vital.<\/p>\n<p>Esta transici\u00f3n del meta-sistema del Cerebro Global en red a la Mente Gaiana &#8211; seg\u00fan la Hip\u00f3tesis Gaia, se entiende el planeta Tierra como un sistema vivo autoregulado-, tendr\u00eda que ver con la evoluci\u00f3n de nuestras propias mentes individuales. Se tratar\u00eda pues de nuestra propia \u201cautotrascendencia\u201d seg\u00fan sus defensores transhumanistas.<\/p>\n<p><strong>(H+) <\/strong><em>\u201cEfectivamente, el Sintelecto emergente permitir\u00e1 fusionarnos en una Mente Global, constituyendo la quintaesencia de la Singularidad venidera.\u201d<\/em><\/p>\n<p><strong>(AC) <\/strong>Toda esta narrativa a m\u00ed personalmente me parece el relato de una nueva tecno-religi\u00f3n gn\u00f3stica.<\/p>\n<figure id=\"attachment_105396\" aria-describedby=\"caption-attachment-105396\" style=\"width: 1600px\" class=\"wp-caption alignnone\"><img loading=\"lazy\" decoding=\"async\" class=\"size-full wp-image-105396\" src=\"https:\/\/exaudi.org\/wp-content\/uploads\/2024\/07\/WhatsApp-Image-2024-07-17-at-17.52.42.jpeg\" alt=\"\" width=\"1600\" height=\"1066\" srcset=\"https:\/\/exaudi.org\/wp-content\/uploads\/2024\/07\/WhatsApp-Image-2024-07-17-at-17.52.42.jpeg 1600w, https:\/\/exaudi.org\/wp-content\/uploads\/2024\/07\/WhatsApp-Image-2024-07-17-at-17.52.42-300x200.jpeg 300w, https:\/\/exaudi.org\/wp-content\/uploads\/2024\/07\/WhatsApp-Image-2024-07-17-at-17.52.42-1024x682.jpeg 1024w, https:\/\/exaudi.org\/wp-content\/uploads\/2024\/07\/WhatsApp-Image-2024-07-17-at-17.52.42-770x513.jpeg 770w, https:\/\/exaudi.org\/wp-content\/uploads\/2024\/07\/WhatsApp-Image-2024-07-17-at-17.52.42-1536x1023.jpeg 1536w, https:\/\/exaudi.org\/wp-content\/uploads\/2024\/07\/WhatsApp-Image-2024-07-17-at-17.52.42-360x240.jpeg?crop=1 360w, https:\/\/exaudi.org\/wp-content\/uploads\/2024\/07\/WhatsApp-Image-2024-07-17-at-17.52.42-500x333.jpeg 500w, https:\/\/exaudi.org\/wp-content\/uploads\/2024\/07\/WhatsApp-Image-2024-07-17-at-17.52.42-1155x770.jpeg 1155w, https:\/\/exaudi.org\/wp-content\/uploads\/2024\/07\/WhatsApp-Image-2024-07-17-at-17.52.42-370x247.jpeg 370w, https:\/\/exaudi.org\/wp-content\/uploads\/2024\/07\/WhatsApp-Image-2024-07-17-at-17.52.42-293x195.jpeg 293w, https:\/\/exaudi.org\/wp-content\/uploads\/2024\/07\/WhatsApp-Image-2024-07-17-at-17.52.42-1400x933.jpeg 1400w, https:\/\/exaudi.org\/wp-content\/uploads\/2024\/07\/WhatsApp-Image-2024-07-17-at-17.52.42-120x80.jpeg 120w, https:\/\/exaudi.org\/wp-content\/uploads\/2024\/07\/WhatsApp-Image-2024-07-17-at-17.52.42-240x160.jpeg 240w, https:\/\/exaudi.org\/wp-content\/uploads\/2024\/07\/WhatsApp-Image-2024-07-17-at-17.52.42-390x260.jpeg 390w\" sizes=\"auto, (max-width: 1600px) 100vw, 1600px\" \/><figcaption id=\"caption-attachment-105396\" class=\"wp-caption-text\">By Medialab Matadero<\/figcaption><\/figure>\n<h3><strong>\u00a1Ser\u00e9is deidades cibern\u00e9ticas!<\/strong><\/h3>\n<p><strong>(H+) <\/strong><em>\u201cY es que reconocemos que somos seres orientados a la b\u00fasqueda de la trascendencia. El objetivo final deber\u00eda ser alcanzar la Singularidad de la Simulaci\u00f3n, es decir, la divinidad dise\u00f1ada, la deidad cibern\u00e9tica. Dotados de inmortalidad cibern\u00e9tica y acceso a cualquier experiencia de realidades virtuales ultrarealistas y sensoriales, limitados solo por nuestra imaginaci\u00f3n, de hecho seriamos deidades cibern\u00e9ticas orientadas a la ciberinmortalidad.\u201d<\/em><\/p>\n<p><strong>(AC) <\/strong>Ahora s\u00ed que veo una conexi\u00f3n directa con el relato b\u00edblico del G\u00e9nesis y la muerte de Dios en las sociedades contempor\u00e1neas. Creo que un exceso de ambici\u00f3n conduce \u00a0al ser humano fatalmente al error y a su perdici\u00f3n.<\/p>\n<p>\u201cSer\u00e9is como dioses\u201c (Gen 3,5) fue el argumento decisivo que utiliz\u00f3 el demonio para que los primeros humanos cayeran en la tentaci\u00f3n de ser como un dios omnipotente, omnisciente y el gobernador de toda la creaci\u00f3n. Este ser\u00eda el concepto que los primeros humanos tuvieron del Creador; esto fue lo que quiso ser el hombre y precisamente en esta concepci\u00f3n reduccionista radic\u00f3 su error. No reconoci\u00f3 que Dios era en primer lugar y sobre todo Amor, y amor de donaci\u00f3n, generosidad, entrega y sacrificio. No supo descubrir que la creaci\u00f3n no era s\u00f3lo un acto de poder y dominio inigualable, sino ante todo un acto de amor gratuito.<\/p>\n<p>Muchos siglos despu\u00e9s de este relato b\u00edblico, el ser humano no ha cambiado mucho y seguimos tropezando con la misma piedra. Queremos ser como dioses, pero dioses soberbios y poderosos, controladores de las leyes naturales y de la moral a merced de nuestra arbitrariedad y extravagancia. Queremos tener en nuestras manos la decisi\u00f3n sobre la vida y sobre la muerte.<\/p>\n<p><strong>(H+) <\/strong><em>\u201cPero es que podr\u00edamos sumergirnos incluso en la experiencia de realidad virtual de cualquier ser humano jam\u00e1s vivido, o en la de escenarios imaginarios, o ser cualquier criatura que queramos encarnar como avatar.\u201d<\/em><\/p>\n<p><strong>(AC) <\/strong>Desde mi punto de vista, lo que nos est\u00e1is ofreciendo es una existencia <em>\u201clow cost\u201d<\/em>, una identidad simulada en el espacio virtual. Creo que existe el peligro de que lleguemos a ser una especie de posthumanos sin alma.<\/p>\n<p><strong>(H+) <\/strong><em>\u201cSi lo piensas, ya pas\u00f3 en otras circunstancias, seg\u00fan algunos cultos, en \u00e9pocas remotas. Si crees en una conciencia universal, la experiencia como humano es solo eso: una simulaci\u00f3n en otro nivel.\u201d<\/em><\/p>\n<figure id=\"attachment_105399\" aria-describedby=\"caption-attachment-105399\" style=\"width: 2560px\" class=\"wp-caption alignnone\"><img loading=\"lazy\" decoding=\"async\" class=\"size-full wp-image-105399\" src=\"https:\/\/exaudi.org\/wp-content\/uploads\/2024\/07\/IMG_1205-scaled.jpg\" alt=\"\" width=\"2560\" height=\"1707\" srcset=\"https:\/\/exaudi.org\/wp-content\/uploads\/2024\/07\/IMG_1205-scaled.jpg 2560w, https:\/\/exaudi.org\/wp-content\/uploads\/2024\/07\/IMG_1205-300x200.jpg 300w, https:\/\/exaudi.org\/wp-content\/uploads\/2024\/07\/IMG_1205-1024x683.jpg 1024w, https:\/\/exaudi.org\/wp-content\/uploads\/2024\/07\/IMG_1205-770x513.jpg 770w, https:\/\/exaudi.org\/wp-content\/uploads\/2024\/07\/IMG_1205-1536x1024.jpg 1536w, https:\/\/exaudi.org\/wp-content\/uploads\/2024\/07\/IMG_1205-2048x1365.jpg 2048w, https:\/\/exaudi.org\/wp-content\/uploads\/2024\/07\/IMG_1205-360x240.jpg?crop=1 360w, https:\/\/exaudi.org\/wp-content\/uploads\/2024\/07\/IMG_1205-500x333.jpg 500w, https:\/\/exaudi.org\/wp-content\/uploads\/2024\/07\/IMG_1205-1155x770.jpg 1155w, https:\/\/exaudi.org\/wp-content\/uploads\/2024\/07\/IMG_1205-370x247.jpg 370w, https:\/\/exaudi.org\/wp-content\/uploads\/2024\/07\/IMG_1205-293x195.jpg 293w, https:\/\/exaudi.org\/wp-content\/uploads\/2024\/07\/IMG_1205-1400x933.jpg 1400w, https:\/\/exaudi.org\/wp-content\/uploads\/2024\/07\/IMG_1205-120x80.jpg 120w, https:\/\/exaudi.org\/wp-content\/uploads\/2024\/07\/IMG_1205-240x160.jpg 240w, https:\/\/exaudi.org\/wp-content\/uploads\/2024\/07\/IMG_1205-390x260.jpg 390w\" sizes=\"auto, (max-width: 2560px) 100vw, 2560px\" \/><figcaption id=\"caption-attachment-105399\" class=\"wp-caption-text\">By Medialab Matadero<\/figcaption><\/figure>\n<p><strong>(AC)<\/strong> No obstante, mi cosmovisi\u00f3n cristiana me ofrece un relato extraordinariamente esperanzador. Yo no aspiro a una simulaci\u00f3n o a la ciberinmortalidad, sino a la vida eterna. M\u00e1s que como un Avatar, me gusta verme como un Hijo de Dios a quien el Creador ama infinitamente.<\/p>\n<p><strong>(H+) <\/strong><em>\u201cNosotros, los transhumanistas, apuntamos a la llamada continuidad de la subjetividad por medio de las tecnolog\u00edas avanzadas. Exploramos v\u00edas tecnocient\u00edficas para alargar la vida de forma exponencial y de este modo alcanzar la Superlongevidad. La muerte, en el sentido com\u00fan de la palabra, se volver\u00e1 opcional para nosotros, y la inmortalidad cibern\u00e9tica estar\u00e1 a nuestro alcance pr\u00f3ximamente.\u201d<\/em><\/p>\n<p><strong>(AC) <\/strong>Nosotros, los cristianos, apuntamos a la Gloria por medio de la Gracia Santificante. Para nosotros la muerte no es opcional ni es el final de la vida, sino que es la puerta para alcanzar la verdadera Vida en el Cielo. All\u00ed seguiremos siendo cada uno de nosotros individualmente un alma inmortal en un cuerpo transfigurado, glorioso y resucitado.<\/p>\n<p><strong>(H+) <\/strong><em>\u201cSin embargo, desde nuestra perspectiva transhumanista, una vez simulados en la Singularidad, billones de a\u00f1os de novedad subjetiva nos esperan hasta que queramos sumergirnos tanto en esa simulaci\u00f3n, que olvidemos intencionalmente quienes somos en realidad.\u201d<\/em><\/p>\n<p><strong>(AC) <\/strong>No obstante, seg\u00fan nuestra fe y esperanza, creemos en la vida eterna, y que all\u00ed gozaremos de la Mirada Beat\u00edfica de Dios que es Amor.<\/p>\n<p>De este modo acab\u00f3 nuestra conversaci\u00f3n. Con una sonrisa y unas reflexiones profundas sobre la inmortalidad del alma y la ciberinmortalidad de la mente, con la esperanza puesta en que el ser humano, guiado por el Esp\u00edritu Santo, sabr\u00e1 encontrar el aut\u00e9ntico camino de perfeccionamiento humano, de felicidad plena y de Salvaci\u00f3n.<\/p>\n<p><img loading=\"lazy\" decoding=\"async\" class=\"size-full wp-image-105366 alignnone\" src=\"https:\/\/exaudi.org\/wp-content\/uploads\/2024\/07\/Enraizados-2.jpg\" alt=\"\" width=\"1080\" height=\"1080\" srcset=\"https:\/\/exaudi.org\/wp-content\/uploads\/2024\/07\/Enraizados-2.jpg 1080w, https:\/\/exaudi.org\/wp-content\/uploads\/2024\/07\/Enraizados-2-300x300.jpg 300w, https:\/\/exaudi.org\/wp-content\/uploads\/2024\/07\/Enraizados-2-1024x1024.jpg 1024w, https:\/\/exaudi.org\/wp-content\/uploads\/2024\/07\/Enraizados-2-100x100.jpg?crop=1 100w, https:\/\/exaudi.org\/wp-content\/uploads\/2024\/07\/Enraizados-2-770x770.jpg 770w, https:\/\/exaudi.org\/wp-content\/uploads\/2024\/07\/Enraizados-2-500x500.jpg 500w, https:\/\/exaudi.org\/wp-content\/uploads\/2024\/07\/Enraizados-2-293x293.jpg 293w, https:\/\/exaudi.org\/wp-content\/uploads\/2024\/07\/Enraizados-2-390x390.jpg 390w, https:\/\/exaudi.org\/wp-content\/uploads\/2024\/07\/Enraizados-2-585x585.jpg 585w, https:\/\/exaudi.org\/wp-content\/uploads\/2024\/07\/Enraizados-2-900x900.jpg 900w\" sizes=\"auto, (max-width: 1080px) 100vw, 1080px\" \/><\/p>\n","protected":false},"excerpt":{"rendered":"<p>Mortales del mundo \u00a1un\u00edos! La ciberinmortalidad est\u00e1 cerca<\/p>\n","protected":false},"author":146,"featured_media":105316,"comment_status":"closed","ping_status":"closed","sticky":false,"template":"","format":"standard","meta":{"_acf_changed":false,"_crdt_document":"","inline_featured_image":false,"footnotes":""},"categories":[130],"tags":[14131,21616,21624,21628,21621,21612,21623,4716,21614,21625,2419,21618,3611,21622,21613,21617,9230,21620,21615,21630,21626,1317,21629,17834,20510,21627,21631,21619,14180,14712],"class_list":["post-105310","post","type-post","status-publish","format-standard","has-post-thumbnail","hentry","category-voces","tag-albert-cortina","tag-amaia-sanchez-velasco","tag-bioideologia","tag-brain-computer-interface","tag-centro-nacional-de-investigaciones-oncologicas","tag-ciberinmortalidad","tag-common-accounts","tag-conciencia","tag-eterna-juventud","tag-exocortex","tag-featured","tag-grandeza-studio","tag-identidad-digital","tag-igor-bragado","tag-inmortalidad","tag-jorge-valiente-oriol","tag-madrid-2","tag-maria-a-blasco","tag-medialab-matadero","tag-mente-gaiana","tag-mente-global","tag-muerte","tag-neuralink","tag-posthumanismo","tag-singularidad-tecnologica","tag-sintelecto","tag-tecno-religion","tag-titono","tag-transhumanismo","tag-vida-eterna"],"acf":[],"yoast_head":"<!-- This site is optimized with the Yoast SEO plugin v27.5 - https:\/\/yoast.com\/product\/yoast-seo-wordpress\/ -->\n<title>Ciberinmortalidad &#8211; Exaudi<\/title>\n<meta name=\"robots\" content=\"index, follow, max-snippet:-1, max-image-preview:large, max-video-preview:-1\" \/>\n<link rel=\"canonical\" href=\"https:\/\/exaudi.org\/es\/ciberinmortalidad\/\" \/>\n<meta property=\"og:locale\" content=\"es_ES\" \/>\n<meta property=\"og:type\" content=\"article\" \/>\n<meta property=\"og:title\" content=\"Ciberinmortalidad &#8211; Exaudi\" \/>\n<meta property=\"og:description\" content=\"Mortales del mundo \u00a1un\u00edos! La ciberinmortalidad est\u00e1 cerca\" \/>\n<meta property=\"og:url\" content=\"https:\/\/exaudi.org\/es\/ciberinmortalidad\/\" \/>\n<meta property=\"og:site_name\" content=\"Exaudi\" \/>\n<meta property=\"article:publisher\" content=\"https:\/\/www.facebook.com\/ExaudiNews\" \/>\n<meta property=\"article:published_time\" content=\"2024-07-17T07:00:45+00:00\" \/>\n<meta property=\"article:modified_time\" content=\"2024-07-17T16:46:06+00:00\" \/>\n<meta property=\"og:image\" content=\"https:\/\/exaudi.org\/wp-content\/uploads\/2024\/07\/WhatsApp-Image-2024-07-16-at-16.19.55.jpeg\" \/>\n\t<meta property=\"og:image:width\" content=\"595\" \/>\n\t<meta property=\"og:image:height\" content=\"390\" \/>\n\t<meta property=\"og:image:type\" content=\"image\/jpeg\" \/>\n<meta name=\"author\" content=\"Albert Cortina\" \/>\n<meta name=\"twitter:card\" content=\"summary_large_image\" \/>\n<meta name=\"twitter:creator\" content=\"@Exaudi_News\" \/>\n<meta name=\"twitter:site\" content=\"@Exaudi_News\" \/>\n<meta name=\"twitter:label1\" content=\"Escrito por\" \/>\n\t<meta name=\"twitter:data1\" content=\"Albert Cortina\" \/>\n\t<meta name=\"twitter:label2\" content=\"Tiempo de lectura\" \/>\n\t<meta name=\"twitter:data2\" content=\"16 minutos\" \/>\n<script type=\"application\/ld+json\" class=\"yoast-schema-graph\">{\"@context\":\"https:\\\/\\\/schema.org\",\"@graph\":[{\"@type\":\"Article\",\"@id\":\"https:\\\/\\\/exaudi.org\\\/es\\\/ciberinmortalidad\\\/#article\",\"isPartOf\":{\"@id\":\"https:\\\/\\\/exaudi.org\\\/es\\\/ciberinmortalidad\\\/\"},\"author\":{\"name\":\"Albert Cortina\",\"@id\":\"https:\\\/\\\/exaudi.org\\\/#\\\/schema\\\/person\\\/eb838cd3b0de54952c6e6999dff746e0\"},\"headline\":\"Ciberinmortalidad\",\"datePublished\":\"2024-07-17T07:00:45+00:00\",\"dateModified\":\"2024-07-17T16:46:06+00:00\",\"mainEntityOfPage\":{\"@id\":\"https:\\\/\\\/exaudi.org\\\/es\\\/ciberinmortalidad\\\/\"},\"wordCount\":3269,\"image\":{\"@id\":\"https:\\\/\\\/exaudi.org\\\/es\\\/ciberinmortalidad\\\/#primaryimage\"},\"thumbnailUrl\":\"https:\\\/\\\/exaudi.org\\\/wp-content\\\/uploads\\\/2024\\\/07\\\/WhatsApp-Image-2024-07-16-at-16.19.55.jpeg\",\"keywords\":[\"Albert Cortina\",\"Amaia S\u00e1nchez-Velasco\",\"bioideolog\u00eda\",\"Brain Computer Interface\",\"Centro Nacional de Investigaciones Oncol\u00f3gicas\",\"Ciberinmortalidad\",\"Common Accounts\",\"conciencia\",\"eterna juventud\",\"exocortex\",\"Featured\",\"Grandeza Studio\",\"Identidad digital\",\"Igor Bragado\",\"inmortalidad\",\"Jorge Valiente Oriol\",\"Madrid\",\"Mar\u00eda A. Blasco\",\"Medialab Matadero\",\"Mente Gaiana\",\"mente global\",\"Muerte\",\"Neuralink\",\"posthumanismo\",\"Singularidad tecnol\u00f3gica\",\"Sintelecto\",\"tecno-religi\u00f3n\",\"Titono\",\"transhumanismo\",\"Vida eterna\"],\"articleSection\":[\"Voces\"],\"inLanguage\":\"es\"},{\"@type\":\"WebPage\",\"@id\":\"https:\\\/\\\/exaudi.org\\\/es\\\/ciberinmortalidad\\\/\",\"url\":\"https:\\\/\\\/exaudi.org\\\/es\\\/ciberinmortalidad\\\/\",\"name\":\"Ciberinmortalidad &#8211; Exaudi\",\"isPartOf\":{\"@id\":\"https:\\\/\\\/exaudi.org\\\/#website\"},\"primaryImageOfPage\":{\"@id\":\"https:\\\/\\\/exaudi.org\\\/es\\\/ciberinmortalidad\\\/#primaryimage\"},\"image\":{\"@id\":\"https:\\\/\\\/exaudi.org\\\/es\\\/ciberinmortalidad\\\/#primaryimage\"},\"thumbnailUrl\":\"https:\\\/\\\/exaudi.org\\\/wp-content\\\/uploads\\\/2024\\\/07\\\/WhatsApp-Image-2024-07-16-at-16.19.55.jpeg\",\"datePublished\":\"2024-07-17T07:00:45+00:00\",\"dateModified\":\"2024-07-17T16:46:06+00:00\",\"author\":{\"@id\":\"https:\\\/\\\/exaudi.org\\\/#\\\/schema\\\/person\\\/eb838cd3b0de54952c6e6999dff746e0\"},\"breadcrumb\":{\"@id\":\"https:\\\/\\\/exaudi.org\\\/es\\\/ciberinmortalidad\\\/#breadcrumb\"},\"inLanguage\":\"es\",\"potentialAction\":[{\"@type\":\"ReadAction\",\"target\":[\"https:\\\/\\\/exaudi.org\\\/es\\\/ciberinmortalidad\\\/\"]}]},{\"@type\":\"ImageObject\",\"inLanguage\":\"es\",\"@id\":\"https:\\\/\\\/exaudi.org\\\/es\\\/ciberinmortalidad\\\/#primaryimage\",\"url\":\"https:\\\/\\\/exaudi.org\\\/wp-content\\\/uploads\\\/2024\\\/07\\\/WhatsApp-Image-2024-07-16-at-16.19.55.jpeg\",\"contentUrl\":\"https:\\\/\\\/exaudi.org\\\/wp-content\\\/uploads\\\/2024\\\/07\\\/WhatsApp-Image-2024-07-16-at-16.19.55.jpeg\",\"width\":595,\"height\":390,\"caption\":\"unaantropologaenlaluna.blogspot.com\"},{\"@type\":\"BreadcrumbList\",\"@id\":\"https:\\\/\\\/exaudi.org\\\/es\\\/ciberinmortalidad\\\/#breadcrumb\",\"itemListElement\":[{\"@type\":\"ListItem\",\"position\":1,\"name\":\"Portada\",\"item\":\"https:\\\/\\\/exaudi.org\\\/es\\\/\"},{\"@type\":\"ListItem\",\"position\":2,\"name\":\"Ciberinmortalidad\"}]},{\"@type\":\"WebSite\",\"@id\":\"https:\\\/\\\/exaudi.org\\\/#website\",\"url\":\"https:\\\/\\\/exaudi.org\\\/\",\"name\":\"Exaudi\",\"description\":\"News\",\"potentialAction\":[{\"@type\":\"SearchAction\",\"target\":{\"@type\":\"EntryPoint\",\"urlTemplate\":\"https:\\\/\\\/exaudi.org\\\/?s={search_term_string}\"},\"query-input\":{\"@type\":\"PropertyValueSpecification\",\"valueRequired\":true,\"valueName\":\"search_term_string\"}}],\"inLanguage\":\"es\"},{\"@type\":\"Person\",\"@id\":\"https:\\\/\\\/exaudi.org\\\/#\\\/schema\\\/person\\\/eb838cd3b0de54952c6e6999dff746e0\",\"name\":\"Albert Cortina\",\"image\":{\"@type\":\"ImageObject\",\"inLanguage\":\"es\",\"@id\":\"https:\\\/\\\/secure.gravatar.com\\\/avatar\\\/a6ff6f8f9d2f6d3dfd6a704e7dfe85e4f91abe27f2654610849fd7578b1d572d?s=96&d=mm&r=g\",\"url\":\"https:\\\/\\\/secure.gravatar.com\\\/avatar\\\/a6ff6f8f9d2f6d3dfd6a704e7dfe85e4f91abe27f2654610849fd7578b1d572d?s=96&d=mm&r=g\",\"contentUrl\":\"https:\\\/\\\/secure.gravatar.com\\\/avatar\\\/a6ff6f8f9d2f6d3dfd6a704e7dfe85e4f91abe27f2654610849fd7578b1d572d?s=96&d=mm&r=g\",\"caption\":\"Albert Cortina\"},\"description\":\"Albert Cortina es abogado y urbanista. Director del Estudio DTUM, impulsa un humanismo avanzado para una sociedad donde las biotecnolog\u00edas exponenciales est\u00e9n al servicio de las personas y de la vida. Promueve la integraci\u00f3n entre ciencia, \u00e9tica y espiritualidad. Actualmente focaliza su atenci\u00f3n en la preservaci\u00f3n de la naturaleza y condici\u00f3n humana desde una antropolog\u00eda adecuada que priorice el desarrollo integral de la persona. Cree en unos principios basados en una \u00e9tica universal que tenga su fundamento en la ley natural y en la espiritualidad del coraz\u00f3n. Desde su vocaci\u00f3n profesional gestiona ideas, valores y proyectos a favor del bien com\u00fan.\",\"url\":\"https:\\\/\\\/exaudi.org\\\/es\\\/author\\\/albert-cortina\\\/\"}]}<\/script>\n<!-- \/ Yoast SEO plugin. -->","yoast_head_json":{"title":"Ciberinmortalidad &#8211; Exaudi","robots":{"index":"index","follow":"follow","max-snippet":"max-snippet:-1","max-image-preview":"max-image-preview:large","max-video-preview":"max-video-preview:-1"},"canonical":"https:\/\/exaudi.org\/es\/ciberinmortalidad\/","og_locale":"es_ES","og_type":"article","og_title":"Ciberinmortalidad &#8211; Exaudi","og_description":"Mortales del mundo \u00a1un\u00edos! La ciberinmortalidad est\u00e1 cerca","og_url":"https:\/\/exaudi.org\/es\/ciberinmortalidad\/","og_site_name":"Exaudi","article_publisher":"https:\/\/www.facebook.com\/ExaudiNews","article_published_time":"2024-07-17T07:00:45+00:00","article_modified_time":"2024-07-17T16:46:06+00:00","og_image":[{"width":595,"height":390,"url":"https:\/\/exaudi.org\/wp-content\/uploads\/2024\/07\/WhatsApp-Image-2024-07-16-at-16.19.55.jpeg","type":"image\/jpeg"}],"author":"Albert Cortina","twitter_card":"summary_large_image","twitter_creator":"@Exaudi_News","twitter_site":"@Exaudi_News","twitter_misc":{"Escrito por":"Albert Cortina","Tiempo de lectura":"16 minutos"},"schema":{"@context":"https:\/\/schema.org","@graph":[{"@type":"Article","@id":"https:\/\/exaudi.org\/es\/ciberinmortalidad\/#article","isPartOf":{"@id":"https:\/\/exaudi.org\/es\/ciberinmortalidad\/"},"author":{"name":"Albert Cortina","@id":"https:\/\/exaudi.org\/#\/schema\/person\/eb838cd3b0de54952c6e6999dff746e0"},"headline":"Ciberinmortalidad","datePublished":"2024-07-17T07:00:45+00:00","dateModified":"2024-07-17T16:46:06+00:00","mainEntityOfPage":{"@id":"https:\/\/exaudi.org\/es\/ciberinmortalidad\/"},"wordCount":3269,"image":{"@id":"https:\/\/exaudi.org\/es\/ciberinmortalidad\/#primaryimage"},"thumbnailUrl":"https:\/\/exaudi.org\/wp-content\/uploads\/2024\/07\/WhatsApp-Image-2024-07-16-at-16.19.55.jpeg","keywords":["Albert Cortina","Amaia S\u00e1nchez-Velasco","bioideolog\u00eda","Brain Computer Interface","Centro Nacional de Investigaciones Oncol\u00f3gicas","Ciberinmortalidad","Common Accounts","conciencia","eterna juventud","exocortex","Featured","Grandeza Studio","Identidad digital","Igor Bragado","inmortalidad","Jorge Valiente Oriol","Madrid","Mar\u00eda A. Blasco","Medialab Matadero","Mente Gaiana","mente global","Muerte","Neuralink","posthumanismo","Singularidad tecnol\u00f3gica","Sintelecto","tecno-religi\u00f3n","Titono","transhumanismo","Vida eterna"],"articleSection":["Voces"],"inLanguage":"es"},{"@type":"WebPage","@id":"https:\/\/exaudi.org\/es\/ciberinmortalidad\/","url":"https:\/\/exaudi.org\/es\/ciberinmortalidad\/","name":"Ciberinmortalidad &#8211; Exaudi","isPartOf":{"@id":"https:\/\/exaudi.org\/#website"},"primaryImageOfPage":{"@id":"https:\/\/exaudi.org\/es\/ciberinmortalidad\/#primaryimage"},"image":{"@id":"https:\/\/exaudi.org\/es\/ciberinmortalidad\/#primaryimage"},"thumbnailUrl":"https:\/\/exaudi.org\/wp-content\/uploads\/2024\/07\/WhatsApp-Image-2024-07-16-at-16.19.55.jpeg","datePublished":"2024-07-17T07:00:45+00:00","dateModified":"2024-07-17T16:46:06+00:00","author":{"@id":"https:\/\/exaudi.org\/#\/schema\/person\/eb838cd3b0de54952c6e6999dff746e0"},"breadcrumb":{"@id":"https:\/\/exaudi.org\/es\/ciberinmortalidad\/#breadcrumb"},"inLanguage":"es","potentialAction":[{"@type":"ReadAction","target":["https:\/\/exaudi.org\/es\/ciberinmortalidad\/"]}]},{"@type":"ImageObject","inLanguage":"es","@id":"https:\/\/exaudi.org\/es\/ciberinmortalidad\/#primaryimage","url":"https:\/\/exaudi.org\/wp-content\/uploads\/2024\/07\/WhatsApp-Image-2024-07-16-at-16.19.55.jpeg","contentUrl":"https:\/\/exaudi.org\/wp-content\/uploads\/2024\/07\/WhatsApp-Image-2024-07-16-at-16.19.55.jpeg","width":595,"height":390,"caption":"unaantropologaenlaluna.blogspot.com"},{"@type":"BreadcrumbList","@id":"https:\/\/exaudi.org\/es\/ciberinmortalidad\/#breadcrumb","itemListElement":[{"@type":"ListItem","position":1,"name":"Portada","item":"https:\/\/exaudi.org\/es\/"},{"@type":"ListItem","position":2,"name":"Ciberinmortalidad"}]},{"@type":"WebSite","@id":"https:\/\/exaudi.org\/#website","url":"https:\/\/exaudi.org\/","name":"Exaudi","description":"News","potentialAction":[{"@type":"SearchAction","target":{"@type":"EntryPoint","urlTemplate":"https:\/\/exaudi.org\/?s={search_term_string}"},"query-input":{"@type":"PropertyValueSpecification","valueRequired":true,"valueName":"search_term_string"}}],"inLanguage":"es"},{"@type":"Person","@id":"https:\/\/exaudi.org\/#\/schema\/person\/eb838cd3b0de54952c6e6999dff746e0","name":"Albert Cortina","image":{"@type":"ImageObject","inLanguage":"es","@id":"https:\/\/secure.gravatar.com\/avatar\/a6ff6f8f9d2f6d3dfd6a704e7dfe85e4f91abe27f2654610849fd7578b1d572d?s=96&d=mm&r=g","url":"https:\/\/secure.gravatar.com\/avatar\/a6ff6f8f9d2f6d3dfd6a704e7dfe85e4f91abe27f2654610849fd7578b1d572d?s=96&d=mm&r=g","contentUrl":"https:\/\/secure.gravatar.com\/avatar\/a6ff6f8f9d2f6d3dfd6a704e7dfe85e4f91abe27f2654610849fd7578b1d572d?s=96&d=mm&r=g","caption":"Albert Cortina"},"description":"Albert Cortina es abogado y urbanista. Director del Estudio DTUM, impulsa un humanismo avanzado para una sociedad donde las biotecnolog\u00edas exponenciales est\u00e9n al servicio de las personas y de la vida. Promueve la integraci\u00f3n entre ciencia, \u00e9tica y espiritualidad. Actualmente focaliza su atenci\u00f3n en la preservaci\u00f3n de la naturaleza y condici\u00f3n humana desde una antropolog\u00eda adecuada que priorice el desarrollo integral de la persona. Cree en unos principios basados en una \u00e9tica universal que tenga su fundamento en la ley natural y en la espiritualidad del coraz\u00f3n. Desde su vocaci\u00f3n profesional gestiona ideas, valores y proyectos a favor del bien com\u00fan.","url":"https:\/\/exaudi.org\/es\/author\/albert-cortina\/"}]}},"jetpack_featured_media_url":"https:\/\/exaudi.org\/wp-content\/uploads\/2024\/07\/WhatsApp-Image-2024-07-16-at-16.19.55.jpeg","jetpack_shortlink":"https:\/\/wp.me\/pgKjF2-roy","_links":{"self":[{"href":"https:\/\/exaudi.org\/es\/wp-json\/wp\/v2\/posts\/105310","targetHints":{"allow":["GET"]}}],"collection":[{"href":"https:\/\/exaudi.org\/es\/wp-json\/wp\/v2\/posts"}],"about":[{"href":"https:\/\/exaudi.org\/es\/wp-json\/wp\/v2\/types\/post"}],"author":[{"embeddable":true,"href":"https:\/\/exaudi.org\/es\/wp-json\/wp\/v2\/users\/146"}],"replies":[{"embeddable":true,"href":"https:\/\/exaudi.org\/es\/wp-json\/wp\/v2\/comments?post=105310"}],"version-history":[{"count":0,"href":"https:\/\/exaudi.org\/es\/wp-json\/wp\/v2\/posts\/105310\/revisions"}],"wp:featuredmedia":[{"embeddable":true,"href":"https:\/\/exaudi.org\/es\/wp-json\/wp\/v2\/media\/105316"}],"wp:attachment":[{"href":"https:\/\/exaudi.org\/es\/wp-json\/wp\/v2\/media?parent=105310"}],"wp:term":[{"taxonomy":"category","embeddable":true,"href":"https:\/\/exaudi.org\/es\/wp-json\/wp\/v2\/categories?post=105310"},{"taxonomy":"post_tag","embeddable":true,"href":"https:\/\/exaudi.org\/es\/wp-json\/wp\/v2\/tags?post=105310"}],"curies":[{"name":"wp","href":"https:\/\/api.w.org\/{rel}","templated":true}]}}