{"id":105223,"date":"2024-07-16T09:00:05","date_gmt":"2024-07-16T07:00:05","guid":{"rendered":"https:\/\/exaudi.org\/?p=105223"},"modified":"2024-07-16T07:41:40","modified_gmt":"2024-07-16T05:41:40","slug":"un-parentesis-en-la-vida","status":"publish","type":"post","link":"https:\/\/exaudi.org\/es\/un-parentesis-en-la-vida\/","title":{"rendered":"Un par\u00e9ntesis en la vida"},"content":{"rendered":"<audio class=\"wp-audio-shortcode\" id=\"audio-105223-1\" preload=\"none\" style=\"width: 100%;\" controls=\"controls\"><source type=\"audio\/mpeg\" src=\"https:\/\/exaudi.org\/wp-content\/uploads\/2024\/07\/Parentesis-Vida.mp3?_=1\" \/><a href=\"https:\/\/exaudi.org\/wp-content\/uploads\/2024\/07\/Parentesis-Vida.mp3\">https:\/\/exaudi.org\/wp-content\/uploads\/2024\/07\/Parentesis-Vida.mp3<\/a><\/audio>\n<p>Dec\u00eda mi abuelo que solo no ir\u00eda ni al cielo.<\/p>\n<p>No s\u00e9 si alg\u00fan d\u00eda llegar\u00e9 tan lejos. A m\u00ed una tormenta y \u00a0la soledad me han tra\u00eddo a San Antonio.<\/p>\n<p>No me quejo. Por primera vez en meses tengo la oportunidad de sentarme frente al teclado para poner m\u00fasica al guion de mi vida.<\/p>\n<p>Vivir lejos de los m\u00edos me acrecienta la consciencia. Es como un retiro intensivo en la nueva moda psicol\u00f3gica:\u00a0<em>mindfulness<\/em>.<\/p>\n<p>Cada gesto, cada acci\u00f3n es m\u00e1s consciente. Nada se hace porque te ven. Todo se hace porque s\u00ed. O porque toca. En definitiva: porque quiero.<\/p>\n<p>A lo largo de estos meses (van 4) alejado de mi familia he vivido como si cada viaje fuera un par\u00e9ntesis en mi vida. Como si al subirme al avi\u00f3n levantara las manos, cruzara los dedos y dijera \u201ccrucis\u201d y pudiera parar el juego. De esa manera todo quedara est\u00e1tico esperando mi regreso.<\/p>\n<p>Pero vivir es una constante. No hay par\u00e9ntesis ni interrupciones. Todo sigue. Todos seguimos viviendo.<\/p>\n<p>Siempre he dicho que el cerebro es un \u00f3rgano dise\u00f1ado para encontrar explicaciones. Por eso estamos tan llenos de excusas, divagaciones, justificaciones y racionalizaciones. Consecuentemente mi cerebro lleva un mes intentando dar sentido a todo esto, pero lo hago con la paz que produce saber bien d\u00f3nde est\u00e1 mi casa, y no tener que dar raz\u00f3n de haber buscado otra.<\/p>\n<p>Lo cierto que nada se detiene. Los ni\u00f1os crecen, yo envejezco, y Gemma sigue cada d\u00eda m\u00e1s preciosa.<\/p>\n<p>Luego me doy la vuelta, miro en el sentido contrario y veo que una familia ha conducido 16 horas para venir a verme (hora y media) y tan pronto terminemos volver\u00e1n a subirse a \u201cla camioneta\u201d. Nada les borra la sonrisa. Un padre me cuenta que le trasladan a Panam\u00e1. Lee en mi cara la sorpresa. \u201cNo te preocupes\u201d, me dice, \u201che acordado las tres visitas anuales a Laredo (Tx) como innegociables; vamos a seguir viniendo\u201d.<\/p>\n<p>En ocasiones la responsabilidad deja caer todo su peso de golpe, solo para recordarte que ni el cansancio ni lo que ocurre en el par\u00e9ntesis de tu vida puede hacerte perder de vista qu\u00e9 est\u00e1s haciendo.<\/p>\n<p>Y entiendo que tampoco sus vidas admiten par\u00e9ntesis.<\/p>\n<p>La \u00fanica explicaci\u00f3n a la que consigo llegar es esta: estoy haciendo lo correcto.<\/p>\n<p>Esta es mi vida. Sin par\u00e9ntesis. A caballo (\u00bfCu\u00e1ndo cambiaremos la frase por algo m\u00e1s acorde con los tiempos?), en avi\u00f3n entre Texas y Madrid.<\/p>\n<p>El gran Vicktor Frankl lo escribi\u00f3 con precisi\u00f3n meridiana: \u201cVivir significa asumir la responsabilidad de encontrar la respuesta correcta a los problemas que ello plantea y cumplir las tareas que la vida asigna continuamente a cada individuo\u201d.<\/p>\n<p>Amen.<\/p>\n<p>Eso s\u00ed, elevo un prop\u00f3sito: vivir mejor cada minuto que tenga (a su lado).<\/p>\n<p><img loading=\"lazy\" decoding=\"async\" class=\"size-full wp-image-105307 alignnone\" src=\"https:\/\/exaudi.org\/wp-content\/uploads\/2024\/07\/Voces-5.jpg\" alt=\"\" width=\"940\" height=\"788\" srcset=\"https:\/\/exaudi.org\/wp-content\/uploads\/2024\/07\/Voces-5.jpg 940w, https:\/\/exaudi.org\/wp-content\/uploads\/2024\/07\/Voces-5-300x251.jpg 300w, https:\/\/exaudi.org\/wp-content\/uploads\/2024\/07\/Voces-5-770x645.jpg 770w, https:\/\/exaudi.org\/wp-content\/uploads\/2024\/07\/Voces-5-500x419.jpg 500w, https:\/\/exaudi.org\/wp-content\/uploads\/2024\/07\/Voces-5-293x246.jpg 293w, https:\/\/exaudi.org\/wp-content\/uploads\/2024\/07\/Voces-5-390x327.jpg 390w\" sizes=\"auto, (max-width: 940px) 100vw, 940px\" \/><\/p>\n","protected":false},"excerpt":{"rendered":"<p>Vivir mejor cada minuto que tenga (a su lado)<\/p>\n","protected":false},"author":113,"featured_media":105224,"comment_status":"closed","ping_status":"closed","sticky":false,"template":"","format":"standard","meta":{"_acf_changed":false,"_crdt_document":"","inline_featured_image":false,"footnotes":""},"categories":[130],"tags":[2419,1626,13389,796,21519,21521,21520],"class_list":["post-105223","post","type-post","status-publish","format-standard","has-post-thumbnail","hentry","category-voces","tag-featured","tag-mindfulness","tag-nacho-calderon-castro","tag-responsabilidad","tag-un-parentesis-en-la-vida","tag-vicktor-frankl","tag-vivir-mejor-cada-minuto-que-tenga-a-su-lado"],"acf":[],"yoast_head":"<!-- This site is optimized with the Yoast SEO plugin v27.5 - https:\/\/yoast.com\/product\/yoast-seo-wordpress\/ -->\n<title>Un par\u00e9ntesis en la vida &#8211; Exaudi<\/title>\n<meta name=\"robots\" content=\"index, follow, max-snippet:-1, max-image-preview:large, max-video-preview:-1\" \/>\n<link rel=\"canonical\" href=\"https:\/\/exaudi.org\/es\/un-parentesis-en-la-vida\/\" \/>\n<meta property=\"og:locale\" content=\"es_ES\" \/>\n<meta property=\"og:type\" content=\"article\" \/>\n<meta property=\"og:title\" content=\"Un par\u00e9ntesis en la vida &#8211; Exaudi\" \/>\n<meta property=\"og:description\" content=\"Vivir mejor cada minuto que tenga (a su lado)\" \/>\n<meta property=\"og:url\" content=\"https:\/\/exaudi.org\/es\/un-parentesis-en-la-vida\/\" \/>\n<meta property=\"og:site_name\" content=\"Exaudi\" \/>\n<meta property=\"article:publisher\" content=\"https:\/\/www.facebook.com\/ExaudiNews\" \/>\n<meta property=\"article:published_time\" content=\"2024-07-16T07:00:05+00:00\" \/>\n<meta property=\"og:image\" content=\"https:\/\/exaudi.org\/wp-content\/uploads\/2024\/07\/pexels-markusspiske-330771-scaled.jpg\" \/>\n\t<meta property=\"og:image:width\" content=\"2560\" \/>\n\t<meta property=\"og:image:height\" content=\"1707\" \/>\n\t<meta property=\"og:image:type\" content=\"image\/jpeg\" \/>\n<meta name=\"author\" content=\"Nacho Calder\u00f3n Castro\" \/>\n<meta name=\"twitter:card\" content=\"summary_large_image\" \/>\n<meta name=\"twitter:creator\" content=\"@Exaudi_News\" \/>\n<meta name=\"twitter:site\" content=\"@Exaudi_News\" \/>\n<meta name=\"twitter:label1\" content=\"Escrito por\" \/>\n\t<meta name=\"twitter:data1\" content=\"Nacho Calder\u00f3n Castro\" \/>\n\t<meta name=\"twitter:label2\" content=\"Tiempo de lectura\" \/>\n\t<meta name=\"twitter:data2\" content=\"2 minutos\" \/>\n<script type=\"application\/ld+json\" class=\"yoast-schema-graph\">{\"@context\":\"https:\\\/\\\/schema.org\",\"@graph\":[{\"@type\":\"Article\",\"@id\":\"https:\\\/\\\/exaudi.org\\\/es\\\/un-parentesis-en-la-vida\\\/#article\",\"isPartOf\":{\"@id\":\"https:\\\/\\\/exaudi.org\\\/es\\\/un-parentesis-en-la-vida\\\/\"},\"author\":{\"name\":\"Nacho Calder\u00f3n Castro\",\"@id\":\"https:\\\/\\\/exaudi.org\\\/#\\\/schema\\\/person\\\/81a36269482bc7d6a5a3ab8317a57a2f\"},\"headline\":\"Un par\u00e9ntesis en la vida\",\"datePublished\":\"2024-07-16T07:00:05+00:00\",\"mainEntityOfPage\":{\"@id\":\"https:\\\/\\\/exaudi.org\\\/es\\\/un-parentesis-en-la-vida\\\/\"},\"wordCount\":502,\"image\":{\"@id\":\"https:\\\/\\\/exaudi.org\\\/es\\\/un-parentesis-en-la-vida\\\/#primaryimage\"},\"thumbnailUrl\":\"https:\\\/\\\/exaudi.org\\\/wp-content\\\/uploads\\\/2024\\\/07\\\/pexels-markusspiske-330771-scaled.jpg\",\"keywords\":[\"Featured\",\"Mindfulness\",\"Nacho Calder\u00f3n Castro\",\"responsabilidad\",\"Un par\u00e9ntesis en la vida\",\"Vicktor Frankl\",\"Vivir mejor cada minuto que tenga a su lado\"],\"articleSection\":[\"Voces\"],\"inLanguage\":\"es\"},{\"@type\":\"WebPage\",\"@id\":\"https:\\\/\\\/exaudi.org\\\/es\\\/un-parentesis-en-la-vida\\\/\",\"url\":\"https:\\\/\\\/exaudi.org\\\/es\\\/un-parentesis-en-la-vida\\\/\",\"name\":\"Un par\u00e9ntesis en la vida &#8211; Exaudi\",\"isPartOf\":{\"@id\":\"https:\\\/\\\/exaudi.org\\\/#website\"},\"primaryImageOfPage\":{\"@id\":\"https:\\\/\\\/exaudi.org\\\/es\\\/un-parentesis-en-la-vida\\\/#primaryimage\"},\"image\":{\"@id\":\"https:\\\/\\\/exaudi.org\\\/es\\\/un-parentesis-en-la-vida\\\/#primaryimage\"},\"thumbnailUrl\":\"https:\\\/\\\/exaudi.org\\\/wp-content\\\/uploads\\\/2024\\\/07\\\/pexels-markusspiske-330771-scaled.jpg\",\"datePublished\":\"2024-07-16T07:00:05+00:00\",\"author\":{\"@id\":\"https:\\\/\\\/exaudi.org\\\/#\\\/schema\\\/person\\\/81a36269482bc7d6a5a3ab8317a57a2f\"},\"breadcrumb\":{\"@id\":\"https:\\\/\\\/exaudi.org\\\/es\\\/un-parentesis-en-la-vida\\\/#breadcrumb\"},\"inLanguage\":\"es\",\"potentialAction\":[{\"@type\":\"ReadAction\",\"target\":[\"https:\\\/\\\/exaudi.org\\\/es\\\/un-parentesis-en-la-vida\\\/\"]}]},{\"@type\":\"ImageObject\",\"inLanguage\":\"es\",\"@id\":\"https:\\\/\\\/exaudi.org\\\/es\\\/un-parentesis-en-la-vida\\\/#primaryimage\",\"url\":\"https:\\\/\\\/exaudi.org\\\/wp-content\\\/uploads\\\/2024\\\/07\\\/pexels-markusspiske-330771-scaled.jpg\",\"contentUrl\":\"https:\\\/\\\/exaudi.org\\\/wp-content\\\/uploads\\\/2024\\\/07\\\/pexels-markusspiske-330771-scaled.jpg\",\"width\":2560,\"height\":1707,\"caption\":\"Pexels\"},{\"@type\":\"BreadcrumbList\",\"@id\":\"https:\\\/\\\/exaudi.org\\\/es\\\/un-parentesis-en-la-vida\\\/#breadcrumb\",\"itemListElement\":[{\"@type\":\"ListItem\",\"position\":1,\"name\":\"Portada\",\"item\":\"https:\\\/\\\/exaudi.org\\\/es\\\/\"},{\"@type\":\"ListItem\",\"position\":2,\"name\":\"Un par\u00e9ntesis en la vida\"}]},{\"@type\":\"WebSite\",\"@id\":\"https:\\\/\\\/exaudi.org\\\/#website\",\"url\":\"https:\\\/\\\/exaudi.org\\\/\",\"name\":\"Exaudi\",\"description\":\"News\",\"potentialAction\":[{\"@type\":\"SearchAction\",\"target\":{\"@type\":\"EntryPoint\",\"urlTemplate\":\"https:\\\/\\\/exaudi.org\\\/?s={search_term_string}\"},\"query-input\":{\"@type\":\"PropertyValueSpecification\",\"valueRequired\":true,\"valueName\":\"search_term_string\"}}],\"inLanguage\":\"es\"},{\"@type\":\"Person\",\"@id\":\"https:\\\/\\\/exaudi.org\\\/#\\\/schema\\\/person\\\/81a36269482bc7d6a5a3ab8317a57a2f\",\"name\":\"Nacho Calder\u00f3n Castro\",\"image\":{\"@type\":\"ImageObject\",\"inLanguage\":\"es\",\"@id\":\"https:\\\/\\\/secure.gravatar.com\\\/avatar\\\/9a83221fb83e62554f576fc80e7b576f2b3f5ebbb98b6adcdf828c6895c6c906?s=96&d=mm&r=g\",\"url\":\"https:\\\/\\\/secure.gravatar.com\\\/avatar\\\/9a83221fb83e62554f576fc80e7b576f2b3f5ebbb98b6adcdf828c6895c6c906?s=96&d=mm&r=g\",\"contentUrl\":\"https:\\\/\\\/secure.gravatar.com\\\/avatar\\\/9a83221fb83e62554f576fc80e7b576f2b3f5ebbb98b6adcdf828c6895c6c906?s=96&d=mm&r=g\",\"caption\":\"Nacho Calder\u00f3n Castro\"},\"description\":\"Nacho es el fundador y director del Instituto de Neuropsicolog\u00eda y Psicopedagog\u00eda Aplicadas (INPA) en Madrid, Espa\u00f1a y forma parte del equipo de Neurological Rehabilitation International Consultants, dirigiendo su centro en Laredo, Texas, tareas que compatibiliza impartiendo conferencias en centros de ense\u00f1anza, desde jardines de infancia hasta universidades. Ha sido colaborador con con el programa de radio La Ma\u00f1ana de COPE, dirigido por Javi Nieves durante los cursos 2012 \u2013 2014 y es profesor del Instituto de Estudios Familiares \u2013 IDEFA. En el a\u00f1o 2013 fue llamado por el Dr. Unruh para continuar su labor en Estados Unidos. Para realizar tal tarea y en reconocimiento a su trayectoria profesional, el gobierno de aquel pa\u00eds le ha concedido el visado 01, otorgado a personas con \u201chabilidades extraordinarias\u201d. Desde mayo de 2017 Nacho ha trasladado esta consulta a Pachuca, en el estado de Hidalgo, en M\u00e9xico, y de ese modo trabaja junto con Iliana Guevara Rivera, con quien comparte una trayectoria profesional desde noviembre de 1992. Nacho Calder\u00f3n atiende por tanto a pacientes en M\u00e9xico a lo largo de tres meses al a\u00f1o \u2013 febrero, junio y octubre -, dedicando ocho meses a la atenci\u00f3n de pacientes en Espa\u00f1a. Licenciado en Psicolog\u00eda, comenz\u00f3 su labor profesional en los Institutos para el Logro del Potencial Humano en Filadelfia, junto con Glenn, Janet y Douglas Doman, donde estuvo durante dos a\u00f1os completos. Durante este periodo atendi\u00f3 a familias en Filadelfia, Fauglia (Italia) y Tokio (Jap\u00f3n). A su regreso a Espa\u00f1a en 1995, fue co-fundador de la asociaci\u00f3n Institutos Fay para la Estimulaci\u00f3n Multisensorial. Nacho trajo el primer Audiokinetron (para el tratamiento B\u00e8rard) que hubo en nuestro pa\u00eds. En 1997 comenz\u00f3 su formaci\u00f3n como evaluador con el m\u00e9todo IRLEN, tras su paso por el IRLEN Center de Helen Irlen en California, se convirti\u00f3 en 1999 en el responsable de dicho m\u00e9todo en la pen\u00ednsula. En el curso de 1997-98, complet\u00f3 su formaci\u00f3n en reflejos primitivos de la mano de Peter Blythe y Sally Goddar. M\u00e1s tarde continuar\u00eda su formaci\u00f3n junto con Kjelt Johansen, Harald Blomberg y Beatriz y Sonia Padovan. Ha sido instructor KUMON durante m\u00e1s de 10 a\u00f1os y ha dado conferencias en B\u00e9lgica, Italia, Alemania y Reino Unido. Nacho ha sido profesor en el Master de dise\u00f1o infantil en espacio y producto del Instituto Europeo de dise\u00f1o y en la actualidad compagina toda su labor cl\u00ednica con la formaci\u00f3n en el Master para la formaci\u00f3n del profesorado de la Universidad Rey Juan Carlos.\",\"sameAs\":[\"https:\\\/\\\/inpa.info\\\/\"],\"url\":\"https:\\\/\\\/exaudi.org\\\/es\\\/author\\\/nacho-calderon-castro\\\/\"}]}<\/script>\n<!-- \/ Yoast SEO plugin. -->","yoast_head_json":{"title":"Un par\u00e9ntesis en la vida &#8211; Exaudi","robots":{"index":"index","follow":"follow","max-snippet":"max-snippet:-1","max-image-preview":"max-image-preview:large","max-video-preview":"max-video-preview:-1"},"canonical":"https:\/\/exaudi.org\/es\/un-parentesis-en-la-vida\/","og_locale":"es_ES","og_type":"article","og_title":"Un par\u00e9ntesis en la vida &#8211; Exaudi","og_description":"Vivir mejor cada minuto que tenga (a su lado)","og_url":"https:\/\/exaudi.org\/es\/un-parentesis-en-la-vida\/","og_site_name":"Exaudi","article_publisher":"https:\/\/www.facebook.com\/ExaudiNews","article_published_time":"2024-07-16T07:00:05+00:00","og_image":[{"width":2560,"height":1707,"url":"https:\/\/exaudi.org\/wp-content\/uploads\/2024\/07\/pexels-markusspiske-330771-scaled.jpg","type":"image\/jpeg"}],"author":"Nacho Calder\u00f3n Castro","twitter_card":"summary_large_image","twitter_creator":"@Exaudi_News","twitter_site":"@Exaudi_News","twitter_misc":{"Escrito por":"Nacho Calder\u00f3n Castro","Tiempo de lectura":"2 minutos"},"schema":{"@context":"https:\/\/schema.org","@graph":[{"@type":"Article","@id":"https:\/\/exaudi.org\/es\/un-parentesis-en-la-vida\/#article","isPartOf":{"@id":"https:\/\/exaudi.org\/es\/un-parentesis-en-la-vida\/"},"author":{"name":"Nacho Calder\u00f3n Castro","@id":"https:\/\/exaudi.org\/#\/schema\/person\/81a36269482bc7d6a5a3ab8317a57a2f"},"headline":"Un par\u00e9ntesis en la vida","datePublished":"2024-07-16T07:00:05+00:00","mainEntityOfPage":{"@id":"https:\/\/exaudi.org\/es\/un-parentesis-en-la-vida\/"},"wordCount":502,"image":{"@id":"https:\/\/exaudi.org\/es\/un-parentesis-en-la-vida\/#primaryimage"},"thumbnailUrl":"https:\/\/exaudi.org\/wp-content\/uploads\/2024\/07\/pexels-markusspiske-330771-scaled.jpg","keywords":["Featured","Mindfulness","Nacho Calder\u00f3n Castro","responsabilidad","Un par\u00e9ntesis en la vida","Vicktor Frankl","Vivir mejor cada minuto que tenga a su lado"],"articleSection":["Voces"],"inLanguage":"es"},{"@type":"WebPage","@id":"https:\/\/exaudi.org\/es\/un-parentesis-en-la-vida\/","url":"https:\/\/exaudi.org\/es\/un-parentesis-en-la-vida\/","name":"Un par\u00e9ntesis en la vida &#8211; Exaudi","isPartOf":{"@id":"https:\/\/exaudi.org\/#website"},"primaryImageOfPage":{"@id":"https:\/\/exaudi.org\/es\/un-parentesis-en-la-vida\/#primaryimage"},"image":{"@id":"https:\/\/exaudi.org\/es\/un-parentesis-en-la-vida\/#primaryimage"},"thumbnailUrl":"https:\/\/exaudi.org\/wp-content\/uploads\/2024\/07\/pexels-markusspiske-330771-scaled.jpg","datePublished":"2024-07-16T07:00:05+00:00","author":{"@id":"https:\/\/exaudi.org\/#\/schema\/person\/81a36269482bc7d6a5a3ab8317a57a2f"},"breadcrumb":{"@id":"https:\/\/exaudi.org\/es\/un-parentesis-en-la-vida\/#breadcrumb"},"inLanguage":"es","potentialAction":[{"@type":"ReadAction","target":["https:\/\/exaudi.org\/es\/un-parentesis-en-la-vida\/"]}]},{"@type":"ImageObject","inLanguage":"es","@id":"https:\/\/exaudi.org\/es\/un-parentesis-en-la-vida\/#primaryimage","url":"https:\/\/exaudi.org\/wp-content\/uploads\/2024\/07\/pexels-markusspiske-330771-scaled.jpg","contentUrl":"https:\/\/exaudi.org\/wp-content\/uploads\/2024\/07\/pexels-markusspiske-330771-scaled.jpg","width":2560,"height":1707,"caption":"Pexels"},{"@type":"BreadcrumbList","@id":"https:\/\/exaudi.org\/es\/un-parentesis-en-la-vida\/#breadcrumb","itemListElement":[{"@type":"ListItem","position":1,"name":"Portada","item":"https:\/\/exaudi.org\/es\/"},{"@type":"ListItem","position":2,"name":"Un par\u00e9ntesis en la vida"}]},{"@type":"WebSite","@id":"https:\/\/exaudi.org\/#website","url":"https:\/\/exaudi.org\/","name":"Exaudi","description":"News","potentialAction":[{"@type":"SearchAction","target":{"@type":"EntryPoint","urlTemplate":"https:\/\/exaudi.org\/?s={search_term_string}"},"query-input":{"@type":"PropertyValueSpecification","valueRequired":true,"valueName":"search_term_string"}}],"inLanguage":"es"},{"@type":"Person","@id":"https:\/\/exaudi.org\/#\/schema\/person\/81a36269482bc7d6a5a3ab8317a57a2f","name":"Nacho Calder\u00f3n Castro","image":{"@type":"ImageObject","inLanguage":"es","@id":"https:\/\/secure.gravatar.com\/avatar\/9a83221fb83e62554f576fc80e7b576f2b3f5ebbb98b6adcdf828c6895c6c906?s=96&d=mm&r=g","url":"https:\/\/secure.gravatar.com\/avatar\/9a83221fb83e62554f576fc80e7b576f2b3f5ebbb98b6adcdf828c6895c6c906?s=96&d=mm&r=g","contentUrl":"https:\/\/secure.gravatar.com\/avatar\/9a83221fb83e62554f576fc80e7b576f2b3f5ebbb98b6adcdf828c6895c6c906?s=96&d=mm&r=g","caption":"Nacho Calder\u00f3n Castro"},"description":"Nacho es el fundador y director del Instituto de Neuropsicolog\u00eda y Psicopedagog\u00eda Aplicadas (INPA) en Madrid, Espa\u00f1a y forma parte del equipo de Neurological Rehabilitation International Consultants, dirigiendo su centro en Laredo, Texas, tareas que compatibiliza impartiendo conferencias en centros de ense\u00f1anza, desde jardines de infancia hasta universidades. Ha sido colaborador con con el programa de radio La Ma\u00f1ana de COPE, dirigido por Javi Nieves durante los cursos 2012 \u2013 2014 y es profesor del Instituto de Estudios Familiares \u2013 IDEFA. En el a\u00f1o 2013 fue llamado por el Dr. Unruh para continuar su labor en Estados Unidos. Para realizar tal tarea y en reconocimiento a su trayectoria profesional, el gobierno de aquel pa\u00eds le ha concedido el visado 01, otorgado a personas con \u201chabilidades extraordinarias\u201d. Desde mayo de 2017 Nacho ha trasladado esta consulta a Pachuca, en el estado de Hidalgo, en M\u00e9xico, y de ese modo trabaja junto con Iliana Guevara Rivera, con quien comparte una trayectoria profesional desde noviembre de 1992. Nacho Calder\u00f3n atiende por tanto a pacientes en M\u00e9xico a lo largo de tres meses al a\u00f1o \u2013 febrero, junio y octubre -, dedicando ocho meses a la atenci\u00f3n de pacientes en Espa\u00f1a. Licenciado en Psicolog\u00eda, comenz\u00f3 su labor profesional en los Institutos para el Logro del Potencial Humano en Filadelfia, junto con Glenn, Janet y Douglas Doman, donde estuvo durante dos a\u00f1os completos. Durante este periodo atendi\u00f3 a familias en Filadelfia, Fauglia (Italia) y Tokio (Jap\u00f3n). A su regreso a Espa\u00f1a en 1995, fue co-fundador de la asociaci\u00f3n Institutos Fay para la Estimulaci\u00f3n Multisensorial. Nacho trajo el primer Audiokinetron (para el tratamiento B\u00e8rard) que hubo en nuestro pa\u00eds. En 1997 comenz\u00f3 su formaci\u00f3n como evaluador con el m\u00e9todo IRLEN, tras su paso por el IRLEN Center de Helen Irlen en California, se convirti\u00f3 en 1999 en el responsable de dicho m\u00e9todo en la pen\u00ednsula. En el curso de 1997-98, complet\u00f3 su formaci\u00f3n en reflejos primitivos de la mano de Peter Blythe y Sally Goddar. M\u00e1s tarde continuar\u00eda su formaci\u00f3n junto con Kjelt Johansen, Harald Blomberg y Beatriz y Sonia Padovan. Ha sido instructor KUMON durante m\u00e1s de 10 a\u00f1os y ha dado conferencias en B\u00e9lgica, Italia, Alemania y Reino Unido. Nacho ha sido profesor en el Master de dise\u00f1o infantil en espacio y producto del Instituto Europeo de dise\u00f1o y en la actualidad compagina toda su labor cl\u00ednica con la formaci\u00f3n en el Master para la formaci\u00f3n del profesorado de la Universidad Rey Juan Carlos.","sameAs":["https:\/\/inpa.info\/"],"url":"https:\/\/exaudi.org\/es\/author\/nacho-calderon-castro\/"}]}},"jetpack_featured_media_url":"https:\/\/exaudi.org\/wp-content\/uploads\/2024\/07\/pexels-markusspiske-330771-scaled.jpg","jetpack_shortlink":"https:\/\/wp.me\/pgKjF2-rn9","_links":{"self":[{"href":"https:\/\/exaudi.org\/es\/wp-json\/wp\/v2\/posts\/105223","targetHints":{"allow":["GET"]}}],"collection":[{"href":"https:\/\/exaudi.org\/es\/wp-json\/wp\/v2\/posts"}],"about":[{"href":"https:\/\/exaudi.org\/es\/wp-json\/wp\/v2\/types\/post"}],"author":[{"embeddable":true,"href":"https:\/\/exaudi.org\/es\/wp-json\/wp\/v2\/users\/113"}],"replies":[{"embeddable":true,"href":"https:\/\/exaudi.org\/es\/wp-json\/wp\/v2\/comments?post=105223"}],"version-history":[{"count":0,"href":"https:\/\/exaudi.org\/es\/wp-json\/wp\/v2\/posts\/105223\/revisions"}],"wp:featuredmedia":[{"embeddable":true,"href":"https:\/\/exaudi.org\/es\/wp-json\/wp\/v2\/media\/105224"}],"wp:attachment":[{"href":"https:\/\/exaudi.org\/es\/wp-json\/wp\/v2\/media?parent=105223"}],"wp:term":[{"taxonomy":"category","embeddable":true,"href":"https:\/\/exaudi.org\/es\/wp-json\/wp\/v2\/categories?post=105223"},{"taxonomy":"post_tag","embeddable":true,"href":"https:\/\/exaudi.org\/es\/wp-json\/wp\/v2\/tags?post=105223"}],"curies":[{"name":"wp","href":"https:\/\/api.w.org\/{rel}","templated":true}]}}