{"id":105120,"date":"2024-07-14T08:30:21","date_gmt":"2024-07-14T06:30:21","guid":{"rendered":"https:\/\/exaudi.org\/?p=105120"},"modified":"2024-07-14T12:21:58","modified_gmt":"2024-07-14T10:21:58","slug":"llamados-a-vivir-una-vida-de-relacion-y-de-amistad-con-el-senor-comentario-p-jorge-miro","status":"publish","type":"post","link":"https:\/\/exaudi.org\/es\/llamados-a-vivir-una-vida-de-relacion-y-de-amistad-con-el-senor-comentario-p-jorge-miro\/","title":{"rendered":"Llamados a vivir una vida de relaci\u00f3n y de amistad con el Se\u00f1or : Comentario P. Jorge Mir\u00f3"},"content":{"rendered":"<audio class=\"wp-audio-shortcode\" id=\"audio-105120-1\" preload=\"none\" style=\"width: 100%;\" controls=\"controls\"><source type=\"audio\/mpeg\" src=\"https:\/\/exaudi.org\/wp-content\/uploads\/2024\/07\/mIRO.mp3?_=1\" \/><a href=\"https:\/\/exaudi.org\/wp-content\/uploads\/2024\/07\/mIRO.mp3\">https:\/\/exaudi.org\/wp-content\/uploads\/2024\/07\/mIRO.mp3<\/a><\/audio>\n<p>El P. Jorge Mir\u00f3 comparte con los lectores de Exaudi su comentario sobre el\u00a0<a href=\"https:\/\/www.dominicos.org\/predicacion\/homilia\/14-7-2024\/lecturas\/\" target=\"_blank\" rel=\"noopener\">Evangelio de este, domingo 14 de julio de 2024<\/a>, titulado\u00a0<em>\u201cLlamados a vivir una vida de relaci\u00f3n y de amistad con el Se\u00f1or\u201d.<\/em><\/p>\n<p>***<\/p>\n<p>Toda la vida es <em>vocaci\u00f3n, llamada de Dios. <\/em>Existes porque Dios te ama, te ha llamado a la vida y te sigue llamando cada d\u00eda. Y, como dice la segunda lectura, Dios te llama a <em>ser santo <\/em>y a <em>ser hijo. <\/em>Por eso, cada d\u00eda necesitas <em>escuchar al Se\u00f1or: <\/em>\u00a1Ojal\u00e1 escuch\u00e9is hoy la voz del Se\u00f1or, no endurezc\u00e1is vuestro coraz\u00f3n! Y cada d\u00eda est\u00e1s llamado a responder al Se\u00f1or<em>, <\/em>a vivir una vida de <em>relaci\u00f3n<\/em> y de <em>amistad<\/em> con el Se\u00f1or, a vivir el <em>discipulado<\/em>.<\/p>\n<p>Y la Palabra nos recuerda que la Iglesia est\u00e1 llamada a anunciar el Evangelio: somos <em>disc\u00edpulos misioneros.<\/em><\/p>\n<p>La misi\u00f3n de Cristo y del Esp\u00edritu Santo se realiza en la Iglesia, Cuerpo de Cristo y Templo del Esp\u00edritu Santo. La misi\u00f3n de la Iglesia no se a\u00f1ade a la de Cristo y del Esp\u00edritu Santo, sino que es su sacramento: con todo su ser y en todos sus miembros ha sido enviada para anunciar y dar testimonio (cf. <em>Catecismo <\/em>737s).<\/p>\n<p>Toda la Iglesia es apost\u00f3lica mientras permanezca, a trav\u00e9s de los sucesores de san Pedro y de los ap\u00f3stoles, en comuni\u00f3n de fe y de vida con su origen. Toda la Iglesia es apost\u00f3lica en cuanto que ella es \u201cenviada\u201d al mundo entero; todos los miembros de la Iglesia, aunque de diferentes maneras, tienen parte en este env\u00edo.<\/p>\n<p>Jes\u00fas los env\u00eda <em>de dos en dos<\/em>: han de <em>ser testigos<\/em>; no conferenciantes, que hablan de conocimientos meramente aprendidos; ni \u201cchismosos\u201d, que hablan de o\u00eddas. El aut\u00e9ntico anuncio del evangelio es dar fe de que la palabra de Jes\u00fas tiene vida eterna, dar fe de que Dios existe y act\u00faa en la vida de cada d\u00eda, dar fe que el Evangelio es, de verdad, una buena noticia.<\/p>\n<p>Jes\u00fas los manda en pura <em>gratuidad<\/em>. No deben confiar en los medios humanos, sino en el nombre de Jes\u00fas. No deben preocuparse por el \u00e9xito. Han de testimoniar su absoluta confianza en Dios, que cuida del disc\u00edpulo. Su vida ser\u00e1, as\u00ed, signo de que el Reino de Dios ha llegado en Jes\u00fas.<\/p>\n<p>Deben predicar la conversi\u00f3n, expulsar demonios y curar enfermos. Las tres cosas van juntas. No se pueden separar. La predicaci\u00f3n debe ir acompa\u00f1ada de la curaci\u00f3n de los enfermos, curaci\u00f3n corporal y espiritual. Estas sanaciones ser\u00e1n signo de un don mayor: anuncio de la nueva vida, que procede del Se\u00f1or, y preanuncio de la resurrecci\u00f3n y la vida eterna a la que Dios nos llama.<\/p>\n<p>Y tambi\u00e9n de expulsar los demonios: todas las mentiras y enga\u00f1os que inducen al hombre a dudar del amor de Dios y querer ocupar su lugar: la soberbia, el orgullo, el odio, la codicia\u2026 son sometidas, derrotadas y convertidas por el poder de la Palabra de Jesucristo y el don de su Esp\u00edritu.<\/p>\n<p>\u00bfC\u00f3mo te est\u00e1 pidiendo <em>hoy <\/em>el Se\u00f1or que anuncies la buena noticia del Evangelio?<\/p>\n<p>\u00a1Ven Esp\u00edritu Santo! (cf. <em>Lc <\/em>11, 13).<\/p>\n","protected":false},"excerpt":{"rendered":"<p>Domingo, 14 de julio de 2024<br \/>\n15\u00ba del Tiempo Ordinario<\/p>\n","protected":false},"author":20,"featured_media":37635,"comment_status":"closed","ping_status":"closed","sticky":false,"template":"","format":"standard","meta":{"_acf_changed":false,"_crdt_document":"","inline_featured_image":false,"footnotes":""},"categories":[96,59,74],"tags":[1087,1372,6281,4953],"class_list":["post-105120","post","type-post","status-publish","format-standard","has-post-thumbnail","hentry","category-espiritualidad","category-featured-news","category-iglesia-y-mundo","tag-comentario","tag-evangelio","tag-jorge-miro","tag-trending-es"],"acf":[],"yoast_head":"<!-- This site is optimized with the Yoast SEO plugin v27.4 - https:\/\/yoast.com\/product\/yoast-seo-wordpress\/ -->\n<title>Llamados a vivir una vida de relaci\u00f3n y de amistad con el Se\u00f1or : Comentario P. Jorge Mir\u00f3 &#8211; Exaudi<\/title>\n<meta name=\"robots\" content=\"index, follow, max-snippet:-1, max-image-preview:large, max-video-preview:-1\" \/>\n<link rel=\"canonical\" href=\"https:\/\/exaudi.org\/es\/llamados-a-vivir-una-vida-de-relacion-y-de-amistad-con-el-senor-comentario-p-jorge-miro\/\" \/>\n<meta property=\"og:locale\" content=\"es_ES\" \/>\n<meta property=\"og:type\" content=\"article\" \/>\n<meta property=\"og:title\" content=\"Llamados a vivir una vida de relaci\u00f3n y de amistad con el Se\u00f1or : Comentario P. Jorge Mir\u00f3 &#8211; Exaudi\" \/>\n<meta property=\"og:description\" content=\"Domingo, 14 de julio de 2024 15\u00ba del Tiempo Ordinario\" \/>\n<meta property=\"og:url\" content=\"https:\/\/exaudi.org\/es\/llamados-a-vivir-una-vida-de-relacion-y-de-amistad-con-el-senor-comentario-p-jorge-miro\/\" \/>\n<meta property=\"og:site_name\" content=\"Exaudi\" \/>\n<meta property=\"article:publisher\" content=\"https:\/\/www.facebook.com\/ExaudiNews\" \/>\n<meta property=\"article:published_time\" content=\"2024-07-14T06:30:21+00:00\" \/>\n<meta property=\"article:modified_time\" content=\"2024-07-14T10:21:58+00:00\" \/>\n<meta property=\"og:image\" content=\"https:\/\/exaudi.org\/wp-content\/uploads\/2021\/10\/dante010-1586971040128-cathopic-scaled.jpg\" \/>\n\t<meta property=\"og:image:width\" content=\"2560\" \/>\n\t<meta property=\"og:image:height\" content=\"1707\" \/>\n\t<meta property=\"og:image:type\" content=\"image\/jpeg\" \/>\n<meta name=\"author\" content=\"Jorge Mir\u00f3\" \/>\n<meta name=\"twitter:card\" content=\"summary_large_image\" \/>\n<meta name=\"twitter:creator\" content=\"@Exaudi_News\" \/>\n<meta name=\"twitter:site\" content=\"@Exaudi_News\" \/>\n<meta name=\"twitter:label1\" content=\"Escrito por\" \/>\n\t<meta name=\"twitter:data1\" content=\"Jorge Mir\u00f3\" \/>\n\t<meta name=\"twitter:label2\" content=\"Tiempo de lectura\" \/>\n\t<meta name=\"twitter:data2\" content=\"3 minutos\" \/>\n<script type=\"application\/ld+json\" class=\"yoast-schema-graph\">{\"@context\":\"https:\\\/\\\/schema.org\",\"@graph\":[{\"@type\":\"Article\",\"@id\":\"https:\\\/\\\/exaudi.org\\\/es\\\/llamados-a-vivir-una-vida-de-relacion-y-de-amistad-con-el-senor-comentario-p-jorge-miro\\\/#article\",\"isPartOf\":{\"@id\":\"https:\\\/\\\/exaudi.org\\\/es\\\/llamados-a-vivir-una-vida-de-relacion-y-de-amistad-con-el-senor-comentario-p-jorge-miro\\\/\"},\"author\":{\"name\":\"Jorge Mir\u00f3\",\"@id\":\"https:\\\/\\\/exaudi.org\\\/#\\\/schema\\\/person\\\/a258c56b05e63b2b367bdca29e0ed3e3\"},\"headline\":\"Llamados a vivir una vida de relaci\u00f3n y de amistad con el Se\u00f1or : Comentario P. Jorge Mir\u00f3\",\"datePublished\":\"2024-07-14T06:30:21+00:00\",\"dateModified\":\"2024-07-14T10:21:58+00:00\",\"mainEntityOfPage\":{\"@id\":\"https:\\\/\\\/exaudi.org\\\/es\\\/llamados-a-vivir-una-vida-de-relacion-y-de-amistad-con-el-senor-comentario-p-jorge-miro\\\/\"},\"wordCount\":595,\"image\":{\"@id\":\"https:\\\/\\\/exaudi.org\\\/es\\\/llamados-a-vivir-una-vida-de-relacion-y-de-amistad-con-el-senor-comentario-p-jorge-miro\\\/#primaryimage\"},\"thumbnailUrl\":\"https:\\\/\\\/exaudi.org\\\/wp-content\\\/uploads\\\/2021\\\/10\\\/dante010-1586971040128-cathopic-scaled.jpg\",\"keywords\":[\"Comentario\",\"Evangelio\",\"Jorge Mir\u00f3\",\"Trending\"],\"articleSection\":[\"Espiritualidad\",\"Featured News\",\"Iglesia y Mundo\"],\"inLanguage\":\"es\"},{\"@type\":\"WebPage\",\"@id\":\"https:\\\/\\\/exaudi.org\\\/es\\\/llamados-a-vivir-una-vida-de-relacion-y-de-amistad-con-el-senor-comentario-p-jorge-miro\\\/\",\"url\":\"https:\\\/\\\/exaudi.org\\\/es\\\/llamados-a-vivir-una-vida-de-relacion-y-de-amistad-con-el-senor-comentario-p-jorge-miro\\\/\",\"name\":\"Llamados a vivir una vida de relaci\u00f3n y de amistad con el Se\u00f1or : Comentario P. Jorge Mir\u00f3 &#8211; Exaudi\",\"isPartOf\":{\"@id\":\"https:\\\/\\\/exaudi.org\\\/#website\"},\"primaryImageOfPage\":{\"@id\":\"https:\\\/\\\/exaudi.org\\\/es\\\/llamados-a-vivir-una-vida-de-relacion-y-de-amistad-con-el-senor-comentario-p-jorge-miro\\\/#primaryimage\"},\"image\":{\"@id\":\"https:\\\/\\\/exaudi.org\\\/es\\\/llamados-a-vivir-una-vida-de-relacion-y-de-amistad-con-el-senor-comentario-p-jorge-miro\\\/#primaryimage\"},\"thumbnailUrl\":\"https:\\\/\\\/exaudi.org\\\/wp-content\\\/uploads\\\/2021\\\/10\\\/dante010-1586971040128-cathopic-scaled.jpg\",\"datePublished\":\"2024-07-14T06:30:21+00:00\",\"dateModified\":\"2024-07-14T10:21:58+00:00\",\"author\":{\"@id\":\"https:\\\/\\\/exaudi.org\\\/#\\\/schema\\\/person\\\/a258c56b05e63b2b367bdca29e0ed3e3\"},\"breadcrumb\":{\"@id\":\"https:\\\/\\\/exaudi.org\\\/es\\\/llamados-a-vivir-una-vida-de-relacion-y-de-amistad-con-el-senor-comentario-p-jorge-miro\\\/#breadcrumb\"},\"inLanguage\":\"es\",\"potentialAction\":[{\"@type\":\"ReadAction\",\"target\":[\"https:\\\/\\\/exaudi.org\\\/es\\\/llamados-a-vivir-una-vida-de-relacion-y-de-amistad-con-el-senor-comentario-p-jorge-miro\\\/\"]}]},{\"@type\":\"ImageObject\",\"inLanguage\":\"es\",\"@id\":\"https:\\\/\\\/exaudi.org\\\/es\\\/llamados-a-vivir-una-vida-de-relacion-y-de-amistad-con-el-senor-comentario-p-jorge-miro\\\/#primaryimage\",\"url\":\"https:\\\/\\\/exaudi.org\\\/wp-content\\\/uploads\\\/2021\\\/10\\\/dante010-1586971040128-cathopic-scaled.jpg\",\"contentUrl\":\"https:\\\/\\\/exaudi.org\\\/wp-content\\\/uploads\\\/2021\\\/10\\\/dante010-1586971040128-cathopic-scaled.jpg\",\"width\":2560,\"height\":1707,\"caption\":\"Oraci\u00f3n \u00a9 Cathopic. Dante Di Natale\"},{\"@type\":\"BreadcrumbList\",\"@id\":\"https:\\\/\\\/exaudi.org\\\/es\\\/llamados-a-vivir-una-vida-de-relacion-y-de-amistad-con-el-senor-comentario-p-jorge-miro\\\/#breadcrumb\",\"itemListElement\":[{\"@type\":\"ListItem\",\"position\":1,\"name\":\"Portada\",\"item\":\"https:\\\/\\\/exaudi.org\\\/es\\\/\"},{\"@type\":\"ListItem\",\"position\":2,\"name\":\"Llamados a vivir una vida de relaci\u00f3n y de amistad con el Se\u00f1or : Comentario P. Jorge Mir\u00f3\"}]},{\"@type\":\"WebSite\",\"@id\":\"https:\\\/\\\/exaudi.org\\\/#website\",\"url\":\"https:\\\/\\\/exaudi.org\\\/\",\"name\":\"Exaudi\",\"description\":\"News\",\"potentialAction\":[{\"@type\":\"SearchAction\",\"target\":{\"@type\":\"EntryPoint\",\"urlTemplate\":\"https:\\\/\\\/exaudi.org\\\/?s={search_term_string}\"},\"query-input\":{\"@type\":\"PropertyValueSpecification\",\"valueRequired\":true,\"valueName\":\"search_term_string\"}}],\"inLanguage\":\"es\"},{\"@type\":\"Person\",\"@id\":\"https:\\\/\\\/exaudi.org\\\/#\\\/schema\\\/person\\\/a258c56b05e63b2b367bdca29e0ed3e3\",\"name\":\"Jorge Mir\u00f3\",\"image\":{\"@type\":\"ImageObject\",\"inLanguage\":\"es\",\"@id\":\"https:\\\/\\\/secure.gravatar.com\\\/avatar\\\/f5ea26c436669b01b7b02124bf13596df002525d6f392707d301543be365bd44?s=96&d=mm&r=g\",\"url\":\"https:\\\/\\\/secure.gravatar.com\\\/avatar\\\/f5ea26c436669b01b7b02124bf13596df002525d6f392707d301543be365bd44?s=96&d=mm&r=g\",\"contentUrl\":\"https:\\\/\\\/secure.gravatar.com\\\/avatar\\\/f5ea26c436669b01b7b02124bf13596df002525d6f392707d301543be365bd44?s=96&d=mm&r=g\",\"caption\":\"Jorge Mir\u00f3\"},\"description\":\"Sacerdote de la archidi\u00f3cesis de Valencia y profesor en la Facultad de Ciencias Jur\u00eddicas, Econ\u00f3micas y Sociales de la Universidad Cat\u00f3lica de Valencia\",\"url\":\"https:\\\/\\\/exaudi.org\\\/es\\\/author\\\/jorgemiro\\\/\"}]}<\/script>\n<!-- \/ Yoast SEO plugin. -->","yoast_head_json":{"title":"Llamados a vivir una vida de relaci\u00f3n y de amistad con el Se\u00f1or : Comentario P. Jorge Mir\u00f3 &#8211; Exaudi","robots":{"index":"index","follow":"follow","max-snippet":"max-snippet:-1","max-image-preview":"max-image-preview:large","max-video-preview":"max-video-preview:-1"},"canonical":"https:\/\/exaudi.org\/es\/llamados-a-vivir-una-vida-de-relacion-y-de-amistad-con-el-senor-comentario-p-jorge-miro\/","og_locale":"es_ES","og_type":"article","og_title":"Llamados a vivir una vida de relaci\u00f3n y de amistad con el Se\u00f1or : Comentario P. Jorge Mir\u00f3 &#8211; Exaudi","og_description":"Domingo, 14 de julio de 2024 15\u00ba del Tiempo Ordinario","og_url":"https:\/\/exaudi.org\/es\/llamados-a-vivir-una-vida-de-relacion-y-de-amistad-con-el-senor-comentario-p-jorge-miro\/","og_site_name":"Exaudi","article_publisher":"https:\/\/www.facebook.com\/ExaudiNews","article_published_time":"2024-07-14T06:30:21+00:00","article_modified_time":"2024-07-14T10:21:58+00:00","og_image":[{"width":2560,"height":1707,"url":"https:\/\/exaudi.org\/wp-content\/uploads\/2021\/10\/dante010-1586971040128-cathopic-scaled.jpg","type":"image\/jpeg"}],"author":"Jorge Mir\u00f3","twitter_card":"summary_large_image","twitter_creator":"@Exaudi_News","twitter_site":"@Exaudi_News","twitter_misc":{"Escrito por":"Jorge Mir\u00f3","Tiempo de lectura":"3 minutos"},"schema":{"@context":"https:\/\/schema.org","@graph":[{"@type":"Article","@id":"https:\/\/exaudi.org\/es\/llamados-a-vivir-una-vida-de-relacion-y-de-amistad-con-el-senor-comentario-p-jorge-miro\/#article","isPartOf":{"@id":"https:\/\/exaudi.org\/es\/llamados-a-vivir-una-vida-de-relacion-y-de-amistad-con-el-senor-comentario-p-jorge-miro\/"},"author":{"name":"Jorge Mir\u00f3","@id":"https:\/\/exaudi.org\/#\/schema\/person\/a258c56b05e63b2b367bdca29e0ed3e3"},"headline":"Llamados a vivir una vida de relaci\u00f3n y de amistad con el Se\u00f1or : Comentario P. Jorge Mir\u00f3","datePublished":"2024-07-14T06:30:21+00:00","dateModified":"2024-07-14T10:21:58+00:00","mainEntityOfPage":{"@id":"https:\/\/exaudi.org\/es\/llamados-a-vivir-una-vida-de-relacion-y-de-amistad-con-el-senor-comentario-p-jorge-miro\/"},"wordCount":595,"image":{"@id":"https:\/\/exaudi.org\/es\/llamados-a-vivir-una-vida-de-relacion-y-de-amistad-con-el-senor-comentario-p-jorge-miro\/#primaryimage"},"thumbnailUrl":"https:\/\/exaudi.org\/wp-content\/uploads\/2021\/10\/dante010-1586971040128-cathopic-scaled.jpg","keywords":["Comentario","Evangelio","Jorge Mir\u00f3","Trending"],"articleSection":["Espiritualidad","Featured News","Iglesia y Mundo"],"inLanguage":"es"},{"@type":"WebPage","@id":"https:\/\/exaudi.org\/es\/llamados-a-vivir-una-vida-de-relacion-y-de-amistad-con-el-senor-comentario-p-jorge-miro\/","url":"https:\/\/exaudi.org\/es\/llamados-a-vivir-una-vida-de-relacion-y-de-amistad-con-el-senor-comentario-p-jorge-miro\/","name":"Llamados a vivir una vida de relaci\u00f3n y de amistad con el Se\u00f1or : Comentario P. Jorge Mir\u00f3 &#8211; Exaudi","isPartOf":{"@id":"https:\/\/exaudi.org\/#website"},"primaryImageOfPage":{"@id":"https:\/\/exaudi.org\/es\/llamados-a-vivir-una-vida-de-relacion-y-de-amistad-con-el-senor-comentario-p-jorge-miro\/#primaryimage"},"image":{"@id":"https:\/\/exaudi.org\/es\/llamados-a-vivir-una-vida-de-relacion-y-de-amistad-con-el-senor-comentario-p-jorge-miro\/#primaryimage"},"thumbnailUrl":"https:\/\/exaudi.org\/wp-content\/uploads\/2021\/10\/dante010-1586971040128-cathopic-scaled.jpg","datePublished":"2024-07-14T06:30:21+00:00","dateModified":"2024-07-14T10:21:58+00:00","author":{"@id":"https:\/\/exaudi.org\/#\/schema\/person\/a258c56b05e63b2b367bdca29e0ed3e3"},"breadcrumb":{"@id":"https:\/\/exaudi.org\/es\/llamados-a-vivir-una-vida-de-relacion-y-de-amistad-con-el-senor-comentario-p-jorge-miro\/#breadcrumb"},"inLanguage":"es","potentialAction":[{"@type":"ReadAction","target":["https:\/\/exaudi.org\/es\/llamados-a-vivir-una-vida-de-relacion-y-de-amistad-con-el-senor-comentario-p-jorge-miro\/"]}]},{"@type":"ImageObject","inLanguage":"es","@id":"https:\/\/exaudi.org\/es\/llamados-a-vivir-una-vida-de-relacion-y-de-amistad-con-el-senor-comentario-p-jorge-miro\/#primaryimage","url":"https:\/\/exaudi.org\/wp-content\/uploads\/2021\/10\/dante010-1586971040128-cathopic-scaled.jpg","contentUrl":"https:\/\/exaudi.org\/wp-content\/uploads\/2021\/10\/dante010-1586971040128-cathopic-scaled.jpg","width":2560,"height":1707,"caption":"Oraci\u00f3n \u00a9 Cathopic. Dante Di Natale"},{"@type":"BreadcrumbList","@id":"https:\/\/exaudi.org\/es\/llamados-a-vivir-una-vida-de-relacion-y-de-amistad-con-el-senor-comentario-p-jorge-miro\/#breadcrumb","itemListElement":[{"@type":"ListItem","position":1,"name":"Portada","item":"https:\/\/exaudi.org\/es\/"},{"@type":"ListItem","position":2,"name":"Llamados a vivir una vida de relaci\u00f3n y de amistad con el Se\u00f1or : Comentario P. Jorge Mir\u00f3"}]},{"@type":"WebSite","@id":"https:\/\/exaudi.org\/#website","url":"https:\/\/exaudi.org\/","name":"Exaudi","description":"News","potentialAction":[{"@type":"SearchAction","target":{"@type":"EntryPoint","urlTemplate":"https:\/\/exaudi.org\/?s={search_term_string}"},"query-input":{"@type":"PropertyValueSpecification","valueRequired":true,"valueName":"search_term_string"}}],"inLanguage":"es"},{"@type":"Person","@id":"https:\/\/exaudi.org\/#\/schema\/person\/a258c56b05e63b2b367bdca29e0ed3e3","name":"Jorge Mir\u00f3","image":{"@type":"ImageObject","inLanguage":"es","@id":"https:\/\/secure.gravatar.com\/avatar\/f5ea26c436669b01b7b02124bf13596df002525d6f392707d301543be365bd44?s=96&d=mm&r=g","url":"https:\/\/secure.gravatar.com\/avatar\/f5ea26c436669b01b7b02124bf13596df002525d6f392707d301543be365bd44?s=96&d=mm&r=g","contentUrl":"https:\/\/secure.gravatar.com\/avatar\/f5ea26c436669b01b7b02124bf13596df002525d6f392707d301543be365bd44?s=96&d=mm&r=g","caption":"Jorge Mir\u00f3"},"description":"Sacerdote de la archidi\u00f3cesis de Valencia y profesor en la Facultad de Ciencias Jur\u00eddicas, Econ\u00f3micas y Sociales de la Universidad Cat\u00f3lica de Valencia","url":"https:\/\/exaudi.org\/es\/author\/jorgemiro\/"}]}},"jetpack_featured_media_url":"https:\/\/exaudi.org\/wp-content\/uploads\/2021\/10\/dante010-1586971040128-cathopic-scaled.jpg","jetpack_shortlink":"https:\/\/wp.me\/pgKjF2-rlu","_links":{"self":[{"href":"https:\/\/exaudi.org\/es\/wp-json\/wp\/v2\/posts\/105120","targetHints":{"allow":["GET"]}}],"collection":[{"href":"https:\/\/exaudi.org\/es\/wp-json\/wp\/v2\/posts"}],"about":[{"href":"https:\/\/exaudi.org\/es\/wp-json\/wp\/v2\/types\/post"}],"author":[{"embeddable":true,"href":"https:\/\/exaudi.org\/es\/wp-json\/wp\/v2\/users\/20"}],"replies":[{"embeddable":true,"href":"https:\/\/exaudi.org\/es\/wp-json\/wp\/v2\/comments?post=105120"}],"version-history":[{"count":0,"href":"https:\/\/exaudi.org\/es\/wp-json\/wp\/v2\/posts\/105120\/revisions"}],"wp:featuredmedia":[{"embeddable":true,"href":"https:\/\/exaudi.org\/es\/wp-json\/wp\/v2\/media\/37635"}],"wp:attachment":[{"href":"https:\/\/exaudi.org\/es\/wp-json\/wp\/v2\/media?parent=105120"}],"wp:term":[{"taxonomy":"category","embeddable":true,"href":"https:\/\/exaudi.org\/es\/wp-json\/wp\/v2\/categories?post=105120"},{"taxonomy":"post_tag","embeddable":true,"href":"https:\/\/exaudi.org\/es\/wp-json\/wp\/v2\/tags?post=105120"}],"curies":[{"name":"wp","href":"https:\/\/api.w.org\/{rel}","templated":true}]}}