{"id":105030,"date":"2024-07-12T08:15:10","date_gmt":"2024-07-12T06:15:10","guid":{"rendered":"https:\/\/exaudi.org\/?p=105030"},"modified":"2024-07-12T09:43:29","modified_gmt":"2024-07-12T07:43:29","slug":"el-papa-proteger-la-dignidad-humana-en-esta-nueva-epoca-de-uso-de-las-maquinas","status":"publish","type":"post","link":"https:\/\/exaudi.org\/es\/el-papa-proteger-la-dignidad-humana-en-esta-nueva-epoca-de-uso-de-las-maquinas\/","title":{"rendered":"El Papa:  \u201cProteger la dignidad humana en esta nueva \u00e9poca de uso de las m\u00e1quinas\u201d"},"content":{"rendered":"<div class=\"testo\">\n<div class=\"text parbase vaticanrichtext\">\n<div class=\"article__subTitle\">\u00ab\u00c9tica de la IA para la Paz\u00bb. El 9 de julio comenz\u00f3 en Hiroshima (Jap\u00f3n) el evento de dos d\u00edas que re\u00fane a l\u00edderes religiosos de todo el mundo para promover el desarrollo \u00e9tico de la Inteligencia Artificial. Tambi\u00e9n tendr\u00e1 lugar la firma del <em>Rome Call<\/em>, un documento que pretende subrayar la importancia del enfoque multirreligioso.<\/div>\n<p>Publicamos a continuaci\u00f3n el Mensaje que el Santo Padre Francisco envi\u00f3 a los participantes en el encuentro \u00ab\u00c9tica de la IA para la Paz\u00bb (Hiroshima, 9-10 de julio de 2024):<\/p>\n<p>***<\/p>\n<h3><strong>Mensaje del Santo Padre<\/strong><\/h3>\n<p>Queridos amigos, reciban este saludo con motivo de su reuni\u00f3n titulada \u201c\u00c9tica de la IA para la paz\u201d.\u00a0 La Inteligencia artificial y la paz son dos temas de absoluta importancia, como tuve ocasi\u00f3n de subrayar ante los l\u00edderes pol\u00edticos del G7: \u201cConviene recordar siempre que la m\u00e1quina puede, en algunas formas y con estos nuevos medios, elegir por medio de algoritmos. Lo que hace la m\u00e1quina es una elecci\u00f3n t\u00e9cnica entre varias posibilidades y se basa en criterios bien definidos o en inferencias estad\u00edsticas. El ser humano, en cambio, no s\u00f3lo elige, sino que en su coraz\u00f3n es capaz de decidir. La decisi\u00f3n es un elemento que podr\u00edamos definir el m\u00e1s estrat\u00e9gico de una elecci\u00f3n y requiere una evaluaci\u00f3n pr\u00e1ctica. A veces, frecuentemente en la dif\u00edcil tarea de gobernar, tambi\u00e9n estamos llamados a decidir con consecuencias para muchas personas. Desde siempre la reflexi\u00f3n humana habla a este prop\u00f3sito de sabidur\u00eda, la\u00a0<i>phronesis<\/i>\u00a0de la filosof\u00eda griega y, al menos en parte, la sabidur\u00eda de la Sagrada Escritura. Frente a los prodigios de las m\u00e1quinas, que parecen saber elegir de manera independiente, debemos tener bien claro que al ser humano le corresponde siempre la decisi\u00f3n, incluso con los tonos dram\u00e1ticos y urgentes con que a veces \u00e9sta se presenta en nuestra vida. Condenar\u00edamos a la humanidad a un futuro sin esperanza si quit\u00e1ramos a las personas la capacidad de decidir por s\u00ed mismas y por sus vidas, conden\u00e1ndolas a depender de las elecciones de las m\u00e1quinas. Necesitamos garantizar y proteger un espacio de control significativo del ser humano sobre el proceso de elecci\u00f3n utilizado por los programas de inteligencia artificial. Est\u00e1 en juego la misma dignidad humana\u00bb (Cf.\u00a0<a href=\"https:\/\/www.vatican.va\/content\/francesco\/es\/speeches\/2024\/june\/documents\/20240614-g7-intelligenza-artificiale.html\"><i>Discurso en el G7<\/i><\/a>, 14 de junio de 2024).<\/p>\n<p>Al elogiar esta iniciativa, les pido que muestren al mundo que unidos exigimos un compromiso efectivo para proteger la dignidad humana en esta nueva \u00e9poca de uso de las m\u00e1quinas.<\/p>\n<p>El hecho de que se re\u00fanan en Hiroshima para hablar de inteligencia artificial y paz tiene una gran importancia simb\u00f3lica. Entre los conflictos actuales que sacuden el mundo, lamentablemente, sucede que o\u00edmos hablar cada ves m\u00e1s a menudo &#8211; adem\u00e1s del odio de la guerra &#8211; de esta tecnolog\u00eda. Por eso considero que el acontecimiento de Hiroshima reviste una importancia extraordinaria. Es crucial que, unidos como hermanos, podamos recordar al mundo que: \u201cen un drama como el de los conflictos armados, es urgente replantearse el desarrollo y la utilizaci\u00f3n de dispositivos como las llamadas \u201carmas aut\u00f3nomas letales\u201d para prohibir su uso, empezando desde ya por un compromiso efectivo y concreto para introducir un control humano cada vez mayor y significativo. Ninguna m\u00e1quina deber\u00eda elegir jam\u00e1s poner fin a la vida de un ser humano\u00bb (Cf.\u00a0<a href=\"https:\/\/www.vatican.va\/content\/francesco\/es\/speeches\/2024\/june\/documents\/20240614-g7-intelligenza-artificiale.html\"><i>Discurso en el G7<\/i><\/a>, 14 de junio de 2024)<\/p>\n<p>Si observamos la complejidad de las cuestiones que tenemos ante nosotros, incluir la riqueza cultural de los pueblos y las religiones en la gobernanza de la inteligencia artificial es una clave estrat\u00e9gica para el \u00e9xito de su compromiso con la sabia gesti\u00f3n de la innovaci\u00f3n tecnol\u00f3gica.<\/p>\n<p>Mientras les deseo que esta reuni\u00f3n d\u00e9 frutos de fraternidad y colaboraci\u00f3n, rezo para que cada uno de nosotros pueda convertirse en un instrumento de paz para el mundo.<\/p>\n<p>FRANCISCO<br \/>\n____________<\/p>\n<p><a href=\"https:\/\/press.vatican.va\/content\/salastampa\/es\/bollettino\/pubblico\/2024\/07\/10.html\"><i>Bolet\u00edn de la Oficina de Prensa de la Santa Sede<\/i><\/a>, 10 de julio de 2024<\/p>\n<div class=\"clearfix\"><\/div>\n<\/div>\n<div class=\"content parsys\"><\/div>\n<\/div>\n<hr \/>\n","protected":false},"excerpt":{"rendered":"<p>Mensaje del Santo Padre para el encuentro \u00ab\u00c9tica  de la IA para la Paz\u00bb (Hiroshima, 9-10 de julio de 2024)<\/p>\n","protected":false},"author":15,"featured_media":105031,"comment_status":"closed","ping_status":"closed","sticky":false,"template":"","format":"standard","meta":{"_acf_changed":false,"_crdt_document":"","inline_featured_image":false,"footnotes":""},"categories":[68,118],"tags":[21197,3454,625,4953],"class_list":["post-105030","post","type-post","status-publish","format-standard","has-post-thumbnail","hentry","category-leon-xiv","category-mensajes","tag-hirosima","tag-inteligencia-artificial","tag-paz","tag-trending-es"],"acf":[],"yoast_head":"<!-- This site is optimized with the Yoast SEO plugin v27.4 - https:\/\/yoast.com\/product\/yoast-seo-wordpress\/ -->\n<title>El Papa: \u201cProteger la dignidad humana en esta nueva \u00e9poca de uso de las m\u00e1quinas\u201d &#8211; Exaudi<\/title>\n<meta name=\"robots\" content=\"index, follow, max-snippet:-1, max-image-preview:large, max-video-preview:-1\" \/>\n<link rel=\"canonical\" href=\"https:\/\/exaudi.org\/es\/el-papa-proteger-la-dignidad-humana-en-esta-nueva-epoca-de-uso-de-las-maquinas\/\" \/>\n<meta property=\"og:locale\" content=\"es_ES\" \/>\n<meta property=\"og:type\" content=\"article\" \/>\n<meta property=\"og:title\" content=\"El Papa: \u201cProteger la dignidad humana en esta nueva \u00e9poca de uso de las m\u00e1quinas\u201d &#8211; Exaudi\" \/>\n<meta property=\"og:description\" content=\"Mensaje del Santo Padre para el encuentro &quot;\u00c9tica de la IA para la Paz&quot; (Hiroshima, 9-10 de julio de 2024)\" \/>\n<meta property=\"og:url\" content=\"https:\/\/exaudi.org\/es\/el-papa-proteger-la-dignidad-humana-en-esta-nueva-epoca-de-uso-de-las-maquinas\/\" \/>\n<meta property=\"og:site_name\" content=\"Exaudi\" \/>\n<meta property=\"article:publisher\" content=\"https:\/\/www.facebook.com\/ExaudiNews\" \/>\n<meta property=\"article:author\" content=\"https:\/\/www.facebook.com\/ExaudiNoticias\/\" \/>\n<meta property=\"article:published_time\" content=\"2024-07-12T06:15:10+00:00\" \/>\n<meta property=\"article:modified_time\" content=\"2024-07-12T07:43:29+00:00\" \/>\n<meta property=\"og:image\" content=\"https:\/\/exaudi.org\/wp-content\/uploads\/2024\/07\/cq5dam.thumbnail.cropped.1500.844-1.jpeg\" \/>\n\t<meta property=\"og:image:width\" content=\"1280\" \/>\n\t<meta property=\"og:image:height\" content=\"720\" \/>\n\t<meta property=\"og:image:type\" content=\"image\/jpeg\" \/>\n<meta name=\"author\" content=\"Exaudi Redacci\u00f3n\" \/>\n<meta name=\"twitter:card\" content=\"summary_large_image\" \/>\n<meta name=\"twitter:creator\" content=\"@Exaudi_noticias\" \/>\n<meta name=\"twitter:site\" content=\"@Exaudi_News\" \/>\n<meta name=\"twitter:label1\" content=\"Escrito por\" \/>\n\t<meta name=\"twitter:data1\" content=\"Exaudi Redacci\u00f3n\" \/>\n\t<meta name=\"twitter:label2\" content=\"Tiempo de lectura\" \/>\n\t<meta name=\"twitter:data2\" content=\"3 minutos\" \/>\n<script type=\"application\/ld+json\" class=\"yoast-schema-graph\">{\"@context\":\"https:\\\/\\\/schema.org\",\"@graph\":[{\"@type\":\"Article\",\"@id\":\"https:\\\/\\\/exaudi.org\\\/es\\\/el-papa-proteger-la-dignidad-humana-en-esta-nueva-epoca-de-uso-de-las-maquinas\\\/#article\",\"isPartOf\":{\"@id\":\"https:\\\/\\\/exaudi.org\\\/es\\\/el-papa-proteger-la-dignidad-humana-en-esta-nueva-epoca-de-uso-de-las-maquinas\\\/\"},\"author\":{\"name\":\"Exaudi Redacci\u00f3n\",\"@id\":\"https:\\\/\\\/exaudi.org\\\/#\\\/schema\\\/person\\\/f5fc8f063065e38742da7afe15f25df7\"},\"headline\":\"El Papa: \u201cProteger la dignidad humana en esta nueva \u00e9poca de uso de las m\u00e1quinas\u201d\",\"datePublished\":\"2024-07-12T06:15:10+00:00\",\"dateModified\":\"2024-07-12T07:43:29+00:00\",\"mainEntityOfPage\":{\"@id\":\"https:\\\/\\\/exaudi.org\\\/es\\\/el-papa-proteger-la-dignidad-humana-en-esta-nueva-epoca-de-uso-de-las-maquinas\\\/\"},\"wordCount\":707,\"image\":{\"@id\":\"https:\\\/\\\/exaudi.org\\\/es\\\/el-papa-proteger-la-dignidad-humana-en-esta-nueva-epoca-de-uso-de-las-maquinas\\\/#primaryimage\"},\"thumbnailUrl\":\"https:\\\/\\\/exaudi.org\\\/wp-content\\\/uploads\\\/2024\\\/07\\\/cq5dam.thumbnail.cropped.1500.844-1.jpeg\",\"keywords\":[\"Hirosima\",\"Inteligencia Artificial\",\"Paz\",\"Trending\"],\"articleSection\":[\"Le\u00f3n XIV\",\"Mensajes\"],\"inLanguage\":\"es\"},{\"@type\":\"WebPage\",\"@id\":\"https:\\\/\\\/exaudi.org\\\/es\\\/el-papa-proteger-la-dignidad-humana-en-esta-nueva-epoca-de-uso-de-las-maquinas\\\/\",\"url\":\"https:\\\/\\\/exaudi.org\\\/es\\\/el-papa-proteger-la-dignidad-humana-en-esta-nueva-epoca-de-uso-de-las-maquinas\\\/\",\"name\":\"El Papa: \u201cProteger la dignidad humana en esta nueva \u00e9poca de uso de las m\u00e1quinas\u201d &#8211; Exaudi\",\"isPartOf\":{\"@id\":\"https:\\\/\\\/exaudi.org\\\/#website\"},\"primaryImageOfPage\":{\"@id\":\"https:\\\/\\\/exaudi.org\\\/es\\\/el-papa-proteger-la-dignidad-humana-en-esta-nueva-epoca-de-uso-de-las-maquinas\\\/#primaryimage\"},\"image\":{\"@id\":\"https:\\\/\\\/exaudi.org\\\/es\\\/el-papa-proteger-la-dignidad-humana-en-esta-nueva-epoca-de-uso-de-las-maquinas\\\/#primaryimage\"},\"thumbnailUrl\":\"https:\\\/\\\/exaudi.org\\\/wp-content\\\/uploads\\\/2024\\\/07\\\/cq5dam.thumbnail.cropped.1500.844-1.jpeg\",\"datePublished\":\"2024-07-12T06:15:10+00:00\",\"dateModified\":\"2024-07-12T07:43:29+00:00\",\"author\":{\"@id\":\"https:\\\/\\\/exaudi.org\\\/#\\\/schema\\\/person\\\/f5fc8f063065e38742da7afe15f25df7\"},\"breadcrumb\":{\"@id\":\"https:\\\/\\\/exaudi.org\\\/es\\\/el-papa-proteger-la-dignidad-humana-en-esta-nueva-epoca-de-uso-de-las-maquinas\\\/#breadcrumb\"},\"inLanguage\":\"es\",\"potentialAction\":[{\"@type\":\"ReadAction\",\"target\":[\"https:\\\/\\\/exaudi.org\\\/es\\\/el-papa-proteger-la-dignidad-humana-en-esta-nueva-epoca-de-uso-de-las-maquinas\\\/\"]}]},{\"@type\":\"ImageObject\",\"inLanguage\":\"es\",\"@id\":\"https:\\\/\\\/exaudi.org\\\/es\\\/el-papa-proteger-la-dignidad-humana-en-esta-nueva-epoca-de-uso-de-las-maquinas\\\/#primaryimage\",\"url\":\"https:\\\/\\\/exaudi.org\\\/wp-content\\\/uploads\\\/2024\\\/07\\\/cq5dam.thumbnail.cropped.1500.844-1.jpeg\",\"contentUrl\":\"https:\\\/\\\/exaudi.org\\\/wp-content\\\/uploads\\\/2024\\\/07\\\/cq5dam.thumbnail.cropped.1500.844-1.jpeg\",\"width\":1280,\"height\":720},{\"@type\":\"BreadcrumbList\",\"@id\":\"https:\\\/\\\/exaudi.org\\\/es\\\/el-papa-proteger-la-dignidad-humana-en-esta-nueva-epoca-de-uso-de-las-maquinas\\\/#breadcrumb\",\"itemListElement\":[{\"@type\":\"ListItem\",\"position\":1,\"name\":\"Portada\",\"item\":\"https:\\\/\\\/exaudi.org\\\/es\\\/\"},{\"@type\":\"ListItem\",\"position\":2,\"name\":\"El Papa: \u201cProteger la dignidad humana en esta nueva \u00e9poca de uso de las m\u00e1quinas\u201d\"}]},{\"@type\":\"WebSite\",\"@id\":\"https:\\\/\\\/exaudi.org\\\/#website\",\"url\":\"https:\\\/\\\/exaudi.org\\\/\",\"name\":\"Exaudi\",\"description\":\"News\",\"potentialAction\":[{\"@type\":\"SearchAction\",\"target\":{\"@type\":\"EntryPoint\",\"urlTemplate\":\"https:\\\/\\\/exaudi.org\\\/?s={search_term_string}\"},\"query-input\":{\"@type\":\"PropertyValueSpecification\",\"valueRequired\":true,\"valueName\":\"search_term_string\"}}],\"inLanguage\":\"es\"},{\"@type\":\"Person\",\"@id\":\"https:\\\/\\\/exaudi.org\\\/#\\\/schema\\\/person\\\/f5fc8f063065e38742da7afe15f25df7\",\"name\":\"Exaudi Redacci\u00f3n\",\"image\":{\"@type\":\"ImageObject\",\"inLanguage\":\"es\",\"@id\":\"https:\\\/\\\/secure.gravatar.com\\\/avatar\\\/fe0f6a059fb68d9b3e11bc5850dd4899b1c7492091a3cb6dd9b01b56ad828be2?s=96&d=mm&r=g\",\"url\":\"https:\\\/\\\/secure.gravatar.com\\\/avatar\\\/fe0f6a059fb68d9b3e11bc5850dd4899b1c7492091a3cb6dd9b01b56ad828be2?s=96&d=mm&r=g\",\"contentUrl\":\"https:\\\/\\\/secure.gravatar.com\\\/avatar\\\/fe0f6a059fb68d9b3e11bc5850dd4899b1c7492091a3cb6dd9b01b56ad828be2?s=96&d=mm&r=g\",\"caption\":\"Exaudi Redacci\u00f3n\"},\"description\":\"\u00bfQu\u00e9 es Exaudi News? Exaudi News es un medio de comunicaci\u00f3n cat\u00f3lico internacional que informa, forma y transforma, diariamente en espa\u00f1ol, ingl\u00e9s e italiano. A trav\u00e9s de noticias, art\u00edculos de an\u00e1lisis y transmisiones en directo de los eventos del Papa, Exaudi busca fortalecer la unidad de los cristianos y contribuir a la evangelizaci\u00f3n del mundo, siempre guiados por la doctrina social de la Iglesia. Trabajamos para acercar la verdad y los valores cristianos a cada rinc\u00f3n del planeta. \u00a1Ay\u00fadanos a transformar el mundo con Exaudi! En Exaudi creemos que la evangelizaci\u00f3n y la informaci\u00f3n de calidad pueden cambiar vidas. Para continuar con nuestra misi\u00f3n y expandir nuestro alcance, necesitamos tu ayuda. Adem\u00e1s, buscamos personas comprometidas que deseen unirse a nuestro equipo. Con tu apoyo, lograremos llegar a m\u00e1s personas, difundir el mensaje de Cristo y reforzar la unidad de los cristianos. \u00bfTe unes a nuestra misi\u00f3n? Para m\u00e1s informaci\u00f3n sobre c\u00f3mo colaborar, visita Exaudi.org\\\/es o cont\u00e1ctanos directamente: info@exaudi.org Exaudi: Informa, forma y transforma.\",\"sameAs\":[\"https:\\\/\\\/www.facebook.com\\\/ExaudiNoticias\\\/\",\"https:\\\/\\\/www.instagram.com\\\/exaudi_noticias\\\/\",\"https:\\\/\\\/x.com\\\/Exaudi_noticias\",\"https:\\\/\\\/www.youtube.com\\\/@exaudicatholicnews\"],\"url\":\"https:\\\/\\\/exaudi.org\\\/es\\\/author\\\/redaccionexaudi\\\/\"}]}<\/script>\n<!-- \/ Yoast SEO plugin. -->","yoast_head_json":{"title":"El Papa: \u201cProteger la dignidad humana en esta nueva \u00e9poca de uso de las m\u00e1quinas\u201d &#8211; Exaudi","robots":{"index":"index","follow":"follow","max-snippet":"max-snippet:-1","max-image-preview":"max-image-preview:large","max-video-preview":"max-video-preview:-1"},"canonical":"https:\/\/exaudi.org\/es\/el-papa-proteger-la-dignidad-humana-en-esta-nueva-epoca-de-uso-de-las-maquinas\/","og_locale":"es_ES","og_type":"article","og_title":"El Papa: \u201cProteger la dignidad humana en esta nueva \u00e9poca de uso de las m\u00e1quinas\u201d &#8211; Exaudi","og_description":"Mensaje del Santo Padre para el encuentro \"\u00c9tica de la IA para la Paz\" (Hiroshima, 9-10 de julio de 2024)","og_url":"https:\/\/exaudi.org\/es\/el-papa-proteger-la-dignidad-humana-en-esta-nueva-epoca-de-uso-de-las-maquinas\/","og_site_name":"Exaudi","article_publisher":"https:\/\/www.facebook.com\/ExaudiNews","article_author":"https:\/\/www.facebook.com\/ExaudiNoticias\/","article_published_time":"2024-07-12T06:15:10+00:00","article_modified_time":"2024-07-12T07:43:29+00:00","og_image":[{"width":1280,"height":720,"url":"https:\/\/exaudi.org\/wp-content\/uploads\/2024\/07\/cq5dam.thumbnail.cropped.1500.844-1.jpeg","type":"image\/jpeg"}],"author":"Exaudi Redacci\u00f3n","twitter_card":"summary_large_image","twitter_creator":"@Exaudi_noticias","twitter_site":"@Exaudi_News","twitter_misc":{"Escrito por":"Exaudi Redacci\u00f3n","Tiempo de lectura":"3 minutos"},"schema":{"@context":"https:\/\/schema.org","@graph":[{"@type":"Article","@id":"https:\/\/exaudi.org\/es\/el-papa-proteger-la-dignidad-humana-en-esta-nueva-epoca-de-uso-de-las-maquinas\/#article","isPartOf":{"@id":"https:\/\/exaudi.org\/es\/el-papa-proteger-la-dignidad-humana-en-esta-nueva-epoca-de-uso-de-las-maquinas\/"},"author":{"name":"Exaudi Redacci\u00f3n","@id":"https:\/\/exaudi.org\/#\/schema\/person\/f5fc8f063065e38742da7afe15f25df7"},"headline":"El Papa: \u201cProteger la dignidad humana en esta nueva \u00e9poca de uso de las m\u00e1quinas\u201d","datePublished":"2024-07-12T06:15:10+00:00","dateModified":"2024-07-12T07:43:29+00:00","mainEntityOfPage":{"@id":"https:\/\/exaudi.org\/es\/el-papa-proteger-la-dignidad-humana-en-esta-nueva-epoca-de-uso-de-las-maquinas\/"},"wordCount":707,"image":{"@id":"https:\/\/exaudi.org\/es\/el-papa-proteger-la-dignidad-humana-en-esta-nueva-epoca-de-uso-de-las-maquinas\/#primaryimage"},"thumbnailUrl":"https:\/\/exaudi.org\/wp-content\/uploads\/2024\/07\/cq5dam.thumbnail.cropped.1500.844-1.jpeg","keywords":["Hirosima","Inteligencia Artificial","Paz","Trending"],"articleSection":["Le\u00f3n XIV","Mensajes"],"inLanguage":"es"},{"@type":"WebPage","@id":"https:\/\/exaudi.org\/es\/el-papa-proteger-la-dignidad-humana-en-esta-nueva-epoca-de-uso-de-las-maquinas\/","url":"https:\/\/exaudi.org\/es\/el-papa-proteger-la-dignidad-humana-en-esta-nueva-epoca-de-uso-de-las-maquinas\/","name":"El Papa: \u201cProteger la dignidad humana en esta nueva \u00e9poca de uso de las m\u00e1quinas\u201d &#8211; Exaudi","isPartOf":{"@id":"https:\/\/exaudi.org\/#website"},"primaryImageOfPage":{"@id":"https:\/\/exaudi.org\/es\/el-papa-proteger-la-dignidad-humana-en-esta-nueva-epoca-de-uso-de-las-maquinas\/#primaryimage"},"image":{"@id":"https:\/\/exaudi.org\/es\/el-papa-proteger-la-dignidad-humana-en-esta-nueva-epoca-de-uso-de-las-maquinas\/#primaryimage"},"thumbnailUrl":"https:\/\/exaudi.org\/wp-content\/uploads\/2024\/07\/cq5dam.thumbnail.cropped.1500.844-1.jpeg","datePublished":"2024-07-12T06:15:10+00:00","dateModified":"2024-07-12T07:43:29+00:00","author":{"@id":"https:\/\/exaudi.org\/#\/schema\/person\/f5fc8f063065e38742da7afe15f25df7"},"breadcrumb":{"@id":"https:\/\/exaudi.org\/es\/el-papa-proteger-la-dignidad-humana-en-esta-nueva-epoca-de-uso-de-las-maquinas\/#breadcrumb"},"inLanguage":"es","potentialAction":[{"@type":"ReadAction","target":["https:\/\/exaudi.org\/es\/el-papa-proteger-la-dignidad-humana-en-esta-nueva-epoca-de-uso-de-las-maquinas\/"]}]},{"@type":"ImageObject","inLanguage":"es","@id":"https:\/\/exaudi.org\/es\/el-papa-proteger-la-dignidad-humana-en-esta-nueva-epoca-de-uso-de-las-maquinas\/#primaryimage","url":"https:\/\/exaudi.org\/wp-content\/uploads\/2024\/07\/cq5dam.thumbnail.cropped.1500.844-1.jpeg","contentUrl":"https:\/\/exaudi.org\/wp-content\/uploads\/2024\/07\/cq5dam.thumbnail.cropped.1500.844-1.jpeg","width":1280,"height":720},{"@type":"BreadcrumbList","@id":"https:\/\/exaudi.org\/es\/el-papa-proteger-la-dignidad-humana-en-esta-nueva-epoca-de-uso-de-las-maquinas\/#breadcrumb","itemListElement":[{"@type":"ListItem","position":1,"name":"Portada","item":"https:\/\/exaudi.org\/es\/"},{"@type":"ListItem","position":2,"name":"El Papa: \u201cProteger la dignidad humana en esta nueva \u00e9poca de uso de las m\u00e1quinas\u201d"}]},{"@type":"WebSite","@id":"https:\/\/exaudi.org\/#website","url":"https:\/\/exaudi.org\/","name":"Exaudi","description":"News","potentialAction":[{"@type":"SearchAction","target":{"@type":"EntryPoint","urlTemplate":"https:\/\/exaudi.org\/?s={search_term_string}"},"query-input":{"@type":"PropertyValueSpecification","valueRequired":true,"valueName":"search_term_string"}}],"inLanguage":"es"},{"@type":"Person","@id":"https:\/\/exaudi.org\/#\/schema\/person\/f5fc8f063065e38742da7afe15f25df7","name":"Exaudi Redacci\u00f3n","image":{"@type":"ImageObject","inLanguage":"es","@id":"https:\/\/secure.gravatar.com\/avatar\/fe0f6a059fb68d9b3e11bc5850dd4899b1c7492091a3cb6dd9b01b56ad828be2?s=96&d=mm&r=g","url":"https:\/\/secure.gravatar.com\/avatar\/fe0f6a059fb68d9b3e11bc5850dd4899b1c7492091a3cb6dd9b01b56ad828be2?s=96&d=mm&r=g","contentUrl":"https:\/\/secure.gravatar.com\/avatar\/fe0f6a059fb68d9b3e11bc5850dd4899b1c7492091a3cb6dd9b01b56ad828be2?s=96&d=mm&r=g","caption":"Exaudi Redacci\u00f3n"},"description":"\u00bfQu\u00e9 es Exaudi News? Exaudi News es un medio de comunicaci\u00f3n cat\u00f3lico internacional que informa, forma y transforma, diariamente en espa\u00f1ol, ingl\u00e9s e italiano. A trav\u00e9s de noticias, art\u00edculos de an\u00e1lisis y transmisiones en directo de los eventos del Papa, Exaudi busca fortalecer la unidad de los cristianos y contribuir a la evangelizaci\u00f3n del mundo, siempre guiados por la doctrina social de la Iglesia. Trabajamos para acercar la verdad y los valores cristianos a cada rinc\u00f3n del planeta. \u00a1Ay\u00fadanos a transformar el mundo con Exaudi! En Exaudi creemos que la evangelizaci\u00f3n y la informaci\u00f3n de calidad pueden cambiar vidas. Para continuar con nuestra misi\u00f3n y expandir nuestro alcance, necesitamos tu ayuda. Adem\u00e1s, buscamos personas comprometidas que deseen unirse a nuestro equipo. Con tu apoyo, lograremos llegar a m\u00e1s personas, difundir el mensaje de Cristo y reforzar la unidad de los cristianos. \u00bfTe unes a nuestra misi\u00f3n? Para m\u00e1s informaci\u00f3n sobre c\u00f3mo colaborar, visita Exaudi.org\/es o cont\u00e1ctanos directamente: info@exaudi.org Exaudi: Informa, forma y transforma.","sameAs":["https:\/\/www.facebook.com\/ExaudiNoticias\/","https:\/\/www.instagram.com\/exaudi_noticias\/","https:\/\/x.com\/Exaudi_noticias","https:\/\/www.youtube.com\/@exaudicatholicnews"],"url":"https:\/\/exaudi.org\/es\/author\/redaccionexaudi\/"}]}},"jetpack_featured_media_url":"https:\/\/exaudi.org\/wp-content\/uploads\/2024\/07\/cq5dam.thumbnail.cropped.1500.844-1.jpeg","jetpack_shortlink":"https:\/\/wp.me\/pgKjF2-rk2","_links":{"self":[{"href":"https:\/\/exaudi.org\/es\/wp-json\/wp\/v2\/posts\/105030","targetHints":{"allow":["GET"]}}],"collection":[{"href":"https:\/\/exaudi.org\/es\/wp-json\/wp\/v2\/posts"}],"about":[{"href":"https:\/\/exaudi.org\/es\/wp-json\/wp\/v2\/types\/post"}],"author":[{"embeddable":true,"href":"https:\/\/exaudi.org\/es\/wp-json\/wp\/v2\/users\/15"}],"replies":[{"embeddable":true,"href":"https:\/\/exaudi.org\/es\/wp-json\/wp\/v2\/comments?post=105030"}],"version-history":[{"count":0,"href":"https:\/\/exaudi.org\/es\/wp-json\/wp\/v2\/posts\/105030\/revisions"}],"wp:featuredmedia":[{"embeddable":true,"href":"https:\/\/exaudi.org\/es\/wp-json\/wp\/v2\/media\/105031"}],"wp:attachment":[{"href":"https:\/\/exaudi.org\/es\/wp-json\/wp\/v2\/media?parent=105030"}],"wp:term":[{"taxonomy":"category","embeddable":true,"href":"https:\/\/exaudi.org\/es\/wp-json\/wp\/v2\/categories?post=105030"},{"taxonomy":"post_tag","embeddable":true,"href":"https:\/\/exaudi.org\/es\/wp-json\/wp\/v2\/tags?post=105030"}],"curies":[{"name":"wp","href":"https:\/\/api.w.org\/{rel}","templated":true}]}}