{"id":104710,"date":"2024-07-07T10:34:44","date_gmt":"2024-07-07T08:34:44","guid":{"rendered":"https:\/\/exaudi.org\/?p=104710"},"modified":"2024-07-07T17:51:24","modified_gmt":"2024-07-07T15:51:24","slug":"papa-francisco-no-podemos-conformarnos-con-una-fe-marginal-o-privada","status":"publish","type":"post","link":"https:\/\/exaudi.org\/es\/papa-francisco-no-podemos-conformarnos-con-una-fe-marginal-o-privada\/","title":{"rendered":"Papa Francisco: \u00abNo podemos conformarnos con una fe marginal o privada\u00bb"},"content":{"rendered":"<p>Sanar los corazones y poner en pr\u00e1ctica la creatividad con la participaci\u00f3n pol\u00edtica.<\/p>\n<p>Tras haber despegado esta ma\u00f1ana a las 6:30 del helipuerto vaticano con destino a Trieste, a donde lleg\u00f3 tras una hora y media de vuelo, el Santo Padre mantuvo su primer encuentro p\u00fablico a las 8:30 en el Centro de Congresos de esta ciudad italiana con los participantes en la sesi\u00f3n de clausura de la 50\u00aa Semana Social de los cat\u00f3licos en Italia.<\/p>\n<h3><b>Una Iglesia sensible a los cambios de la sociedad<\/b><\/h3>\n<p>En su discurso, el Papa Francisco comenz\u00f3 agradeciendo a los obispos y autoridades por su invitaci\u00f3n y destac\u00f3 la historia de estas \u00abSemanas\u00bb, que \u201cest\u00e1 entrelazada \u2013 dijo \u2013 con la historia de Italia, y esto ya dice mucho: habla de una Iglesia sensible a los cambios de la sociedad y empe\u00f1ada en contribuir al bien com\u00fan\u201d.<\/p>\n<p style=\"text-align: center\">\u201cA partir de esta experiencia, ustedes han querido explorar un tema de gran actualidad: \u2018En el coraz\u00f3n de la democracia. Participar entre la historia y el futuro\u2019\u201d<\/p>\n<p><img loading=\"lazy\" decoding=\"async\" class=\"alignleft size-full wp-image-104714\" src=\"https:\/\/exaudi.org\/wp-content\/uploads\/2024\/07\/449763893_1228248621527320_8934920321531755965_n.jpg\" alt=\"\" width=\"1080\" height=\"719\" srcset=\"https:\/\/exaudi.org\/wp-content\/uploads\/2024\/07\/449763893_1228248621527320_8934920321531755965_n.jpg 1080w, https:\/\/exaudi.org\/wp-content\/uploads\/2024\/07\/449763893_1228248621527320_8934920321531755965_n-300x200.jpg 300w, https:\/\/exaudi.org\/wp-content\/uploads\/2024\/07\/449763893_1228248621527320_8934920321531755965_n-1024x682.jpg 1024w, https:\/\/exaudi.org\/wp-content\/uploads\/2024\/07\/449763893_1228248621527320_8934920321531755965_n-770x513.jpg 770w, https:\/\/exaudi.org\/wp-content\/uploads\/2024\/07\/449763893_1228248621527320_8934920321531755965_n-360x240.jpg?crop=1 360w, https:\/\/exaudi.org\/wp-content\/uploads\/2024\/07\/449763893_1228248621527320_8934920321531755965_n-500x333.jpg 500w, https:\/\/exaudi.org\/wp-content\/uploads\/2024\/07\/449763893_1228248621527320_8934920321531755965_n-370x247.jpg 370w, https:\/\/exaudi.org\/wp-content\/uploads\/2024\/07\/449763893_1228248621527320_8934920321531755965_n-293x195.jpg 293w, https:\/\/exaudi.org\/wp-content\/uploads\/2024\/07\/449763893_1228248621527320_8934920321531755965_n-120x80.jpg 120w, https:\/\/exaudi.org\/wp-content\/uploads\/2024\/07\/449763893_1228248621527320_8934920321531755965_n-240x160.jpg 240w, https:\/\/exaudi.org\/wp-content\/uploads\/2024\/07\/449763893_1228248621527320_8934920321531755965_n-390x260.jpg 390w\" sizes=\"auto, (max-width: 1080px) 100vw, 1080px\" \/>El Pont\u00edfice record\u00f3 al beato Giuseppe Toniolo, a quien se debe esta iniciativa que comenz\u00f3 en 1907, y afirm\u00f3 que la democracia puede definirse como \u00abaquel orden civil en el que todas las fuerzas sociales, jur\u00eddicas y econ\u00f3micas, en la plenitud de su desarrollo jer\u00e1rquico, cooperan proporcionalmente al bien com\u00fan, revirtiendo en el resultado final en beneficio predominante de las clases inferiores\u00bb.<\/p>\n<p style=\"text-align: center\">\u201cA la luz de esta definici\u00f3n, es evidente que la democracia no goza de buena salud en el mundo actual. Esto nos interesa y preocupa, porque est\u00e1 en juego el bien del hombre, y nada de lo que es humano puede sernos ajeno\u201d<\/p>\n<p>Francisco puso de manifiesto que \u201cel orden democr\u00e1tico madur\u00f3 en Italia despu\u00e9s de la Segunda Guerra Mundial, gracias tambi\u00e9n a la contribuci\u00f3n determinante de los cat\u00f3licos\u201d. Y a\u00f1adi\u00f3:<\/p>\n<p style=\"text-align: center\">\u201cPodemos estar orgullosos de esta historia, en la que tambi\u00e9n influy\u00f3 la experiencia de las Semanas Sociales; y, sin mitificar el pasado, debemos aprender de \u00e9l para asumir la responsabilidad de construir algo bueno en nuestro tiempo\u201d<\/p>\n<p>Tambi\u00e9n aludi\u00f3 a la Nota Pastoral con la que el episcopado italiano restableci\u00f3 las Semanas Sociales en 1988, con los objetivos de \u201cdar sentido al compromiso de todos en la transformaci\u00f3n de la sociedad; prestar atenci\u00f3n a las personas que quedan fuera o al margen de los procesos y mecanismos econ\u00f3micos vencedores; dar espacio a la solidaridad social en todas sus formas; apoyar el retorno de una sol\u00edcita \u00e9tica del bien com\u00fan [&#8230;]; dar sentido al desarrollo del pa\u00eds, entendido [&#8230;] como mejora global de la calidad de vida, de la convivencia colectiva, de la participaci\u00f3n democr\u00e1tica, de la aut\u00e9ntica libertad\u00bb.<\/p>\n<h3><b>Visi\u00f3n enraizada en la Doctrina Social de la Iglesia<\/b><\/h3>\n<p>De esta visi\u00f3n, \u201cenraizada en la Doctrina Social de la Iglesia\u201d, el Papa dijo que \u201cabarca algunas dimensiones del compromiso cristiano y una lectura evang\u00e9lica de los fen\u00f3menos sociales que no s\u00f3lo son v\u00e1lidas para el contexto italiano, sino que representan una exhortaci\u00f3n para toda la sociedad humana y el camino de todos los pueblos\u201d.<\/p>\n<p style=\"text-align: center\">\u201cDe hecho, as\u00ed como la crisis de la democracia es transversal a las distintas realidades y naciones, del mismo modo la actitud de responsabilidad ante las transformaciones sociales es una llamada dirigida a todos los cristianos, dondequiera que se encuentren viviendo y trabajando, en todas las partes del mundo\u201d<\/p>\n<p><img loading=\"lazy\" decoding=\"async\" class=\"size-full wp-image-104717 alignright\" src=\"https:\/\/exaudi.org\/wp-content\/uploads\/2024\/07\/450084566_1178239623303083_2544803093631074637_n.jpg\" alt=\"\" width=\"1080\" height=\"719\" srcset=\"https:\/\/exaudi.org\/wp-content\/uploads\/2024\/07\/450084566_1178239623303083_2544803093631074637_n.jpg 1080w, https:\/\/exaudi.org\/wp-content\/uploads\/2024\/07\/450084566_1178239623303083_2544803093631074637_n-300x200.jpg 300w, https:\/\/exaudi.org\/wp-content\/uploads\/2024\/07\/450084566_1178239623303083_2544803093631074637_n-1024x682.jpg 1024w, https:\/\/exaudi.org\/wp-content\/uploads\/2024\/07\/450084566_1178239623303083_2544803093631074637_n-770x513.jpg 770w, https:\/\/exaudi.org\/wp-content\/uploads\/2024\/07\/450084566_1178239623303083_2544803093631074637_n-360x240.jpg?crop=1 360w, https:\/\/exaudi.org\/wp-content\/uploads\/2024\/07\/450084566_1178239623303083_2544803093631074637_n-500x333.jpg 500w, https:\/\/exaudi.org\/wp-content\/uploads\/2024\/07\/450084566_1178239623303083_2544803093631074637_n-370x247.jpg 370w, https:\/\/exaudi.org\/wp-content\/uploads\/2024\/07\/450084566_1178239623303083_2544803093631074637_n-293x195.jpg 293w, https:\/\/exaudi.org\/wp-content\/uploads\/2024\/07\/450084566_1178239623303083_2544803093631074637_n-120x80.jpg 120w, https:\/\/exaudi.org\/wp-content\/uploads\/2024\/07\/450084566_1178239623303083_2544803093631074637_n-240x160.jpg 240w, https:\/\/exaudi.org\/wp-content\/uploads\/2024\/07\/450084566_1178239623303083_2544803093631074637_n-390x260.jpg 390w\" sizes=\"auto, (max-width: 1080px) 100vw, 1080px\" \/>El Pont\u00edfice utiliz\u00f3 una imagen que lo resume todo y que los organizadores de este evento eligieron como s\u00edmbolo de esta cita: el coraz\u00f3n. De ah\u00ed que el Papa les propusiera dos reflexiones para alimentar el camino que tienen por delante:<\/p>\n<p><i>En la primera, podemos imaginar la crisis de la democracia como un coraz\u00f3n herido. Lo que limita la participaci\u00f3n est\u00e1 ante nuestros ojos. Si la corrupci\u00f3n y la ilegalidad muestran un coraz\u00f3n \u00abherido\u00bb, las diversas formas de exclusi\u00f3n social tambi\u00e9n deben preocuparnos.<\/i><\/p>\n<p style=\"text-align: center\">\u201cSiempre que se margina a alguien, todo el cuerpo social sufre. La cultura del descarte dibuja una ciudad donde no hay lugar para los pobres, los no nacidos, los fr\u00e1giles, los enfermos, los ni\u00f1os, las mujeres, los j\u00f3venes\u201d<\/p>\n<p>A\u00f1adi\u00f3 asimismo que \u201cAldo Moro recordaba que un Estado no es verdaderamente democr\u00e1tico si no est\u00e1 al servicio del hombre, si no tiene como fin supremo la dignidad, la libertad y la autonom\u00eda de la persona humana, si no es respetuoso con aquellas formaciones sociales en las que la persona humana se desarrolla libremente y en las que integra su personalidad\u00bb.<\/p>\n<div>\n<div class=\"article__embed article__embed--border embed_style\">\n<p style=\"text-align: center\">\u201cLa propia palabra \u2018democracia\u2019 no coincide simplemente con el voto del pueblo, sino que exige que se creen las condiciones para que todos puedan expresarse y participar\u201d<\/p>\n<h3><b>La vida humana y la dignidad de la persona<\/b><\/h3>\n<p><img loading=\"lazy\" decoding=\"async\" class=\"alignleft size-full wp-image-104723\" src=\"https:\/\/exaudi.org\/wp-content\/uploads\/2024\/07\/450234275_2528581143998692_8562946417875084936_n.jpg\" alt=\"\" width=\"1080\" height=\"719\" srcset=\"https:\/\/exaudi.org\/wp-content\/uploads\/2024\/07\/450234275_2528581143998692_8562946417875084936_n.jpg 1080w, https:\/\/exaudi.org\/wp-content\/uploads\/2024\/07\/450234275_2528581143998692_8562946417875084936_n-300x200.jpg 300w, https:\/\/exaudi.org\/wp-content\/uploads\/2024\/07\/450234275_2528581143998692_8562946417875084936_n-1024x682.jpg 1024w, https:\/\/exaudi.org\/wp-content\/uploads\/2024\/07\/450234275_2528581143998692_8562946417875084936_n-770x513.jpg 770w, https:\/\/exaudi.org\/wp-content\/uploads\/2024\/07\/450234275_2528581143998692_8562946417875084936_n-360x240.jpg?crop=1 360w, https:\/\/exaudi.org\/wp-content\/uploads\/2024\/07\/450234275_2528581143998692_8562946417875084936_n-500x333.jpg 500w, https:\/\/exaudi.org\/wp-content\/uploads\/2024\/07\/450234275_2528581143998692_8562946417875084936_n-370x247.jpg 370w, https:\/\/exaudi.org\/wp-content\/uploads\/2024\/07\/450234275_2528581143998692_8562946417875084936_n-293x195.jpg 293w, https:\/\/exaudi.org\/wp-content\/uploads\/2024\/07\/450234275_2528581143998692_8562946417875084936_n-120x80.jpg 120w, https:\/\/exaudi.org\/wp-content\/uploads\/2024\/07\/450234275_2528581143998692_8562946417875084936_n-240x160.jpg 240w, https:\/\/exaudi.org\/wp-content\/uploads\/2024\/07\/450234275_2528581143998692_8562946417875084936_n-390x260.jpg 390w\" sizes=\"auto, (max-width: 1080px) 100vw, 1080px\" \/>El Papa tambi\u00e9n les dijo que \u201cla participaci\u00f3n no se improvisa: se aprende de ni\u00f1o, de joven, y hay que \u2018entrenarla\u2019, incluso en un sentido cr\u00edtico con respecto a las tentaciones ideol\u00f3gicas y populistas\u201d. Y en esta perspectiva, tal como \u00e9l mismo tuvo la oportunidad de recordar hace unos a\u00f1os, durante su visita al Parlamento Europeo y al Consejo de Europa, afirm\u00f3 que \u201ces importante poner de relieve la contribuci\u00f3n que el cristianismo puede aportar hoy al desarrollo cultural y social europeo en el contexto de una correcta relaci\u00f3n entre religi\u00f3n y sociedad, promoviendo un di\u00e1logo fecundo con la comunidad civil y las instituciones pol\u00edticas para que, ilumin\u00e1ndonos mutuamente y liber\u00e1ndonos de la escoria de la ideolog\u00eda, podamos iniciar una reflexi\u00f3n com\u00fan, especialmente sobre las cuestiones relacionadas con la vida humana y la dignidad de la persona\u201d.<\/p>\n<p><i>Con este prop\u00f3sito, los principios de solidaridad y subsidiariedad siguen siendo fruct\u00edferos. Porque un pueblo se mantiene unido por los lazos que lo constituyen, y los lazos se fortalecen cuando cada uno es valorado. La democracia exige siempre pasar del partidismo a la participaci\u00f3n, de la \u00abovaci\u00f3n\u00bb al di\u00e1logo.<\/i><\/p>\n<p style=\"text-align: center\">\u201cMientras nuestro sistema socioecon\u00f3mico siga produciendo una v\u00edctima y haya un descartado, no podr\u00e1 celebrarse la fiesta de la fraternidad universal\u201d<\/p>\n<p>\u201cTodos \u2013 dijo tambi\u00e9n Francisco \u2013 deben sentirse parte de un proyecto comunitario; nadie debe sentirse in\u00fatil. Ciertas formas de asistencialismo que no reconocen la dignidad de las personas son hipocres\u00eda social. Y la indiferencia es un c\u00e1ncer para la democracia\u201d.<\/p>\n<h3><b>Que la democracia se parezca a un coraz\u00f3n sanado<\/b><\/h3>\n<p>La segunda reflexi\u00f3n del Obispo de Roma se centr\u00f3 en el est\u00edmulo a la participaci\u00f3n para que la democracia se parezca a un coraz\u00f3n sanado. \u201cY para ello \u2013 dijo \u2013 hay que ejercitar la creatividad\u201d.<\/p>\n<p><i>Si miramos a nuestro alrededor, vemos tantos signos de la acci\u00f3n del Esp\u00edritu Santo en la vida de las familias y de las comunidades. Incluso en los campos de la econom\u00eda, la tecnolog\u00eda, la pol\u00edtica, la sociedad.<\/i> \u201cPensemos \u2013 prosigui\u00f3 diciendo el Papa \u2013 en quienes han dado cabida en una empresa a personas con discapacidad; en trabajadores que han renunciado a uno de sus derechos para evitar el despido de otros; en las comunidades de energ\u00edas renovables que promueven la ecolog\u00eda integral, haci\u00e9ndose cargo tambi\u00e9n de las familias en situaci\u00f3n de pobreza energ\u00e9tica; en los administradores que fomentan la natalidad, el empleo, la escuela, los servicios educativos, la vivienda accesible, la movilidad para todos y la integraci\u00f3n de los migrantes\u201d.<\/p>\n<p style=\"text-align: center\"><span style=\"text-align: center\">\u201cLa fraternidad hace florecer las relaciones sociales y, por otra parte, el cuidado de los dem\u00e1s exige el valor de considerarse como un pueblo\u201d<\/span><\/p>\n<p>El Papa tambi\u00e9n dijo que lamentablemente la categor\u00eda \u201cpueblo\u00bb suele malinterpretarse con lo cual \u00abpodr\u00eda conducir a la eliminaci\u00f3n de la propia palabra \u00abdemocracia\u00bb (\u00abgobierno del pueblo\u00bb). Sin embargo, para afirmar que la sociedad es algo m\u00e1s que la mera suma de individuos, el t\u00e9rmino &#8216;pueblo&#8217; es necesario\u00bb.<\/p>\n<p style=\"text-align: center\">\u201cUna democracia con el coraz\u00f3n sanado sigue cultivando sue\u00f1os para el futuro, apuesta por las personas, exige la implicaci\u00f3n personal y comunitaria\u201d<\/p>\n<h3><b>No nos dejemos enga\u00f1ar por las soluciones f\u00e1ciles<\/b><\/h3>\n<p><i>No nos dejemos enga\u00f1ar por las soluciones f\u00e1ciles. Compromet\u00e1monos, en cambio, con el bien com\u00fan. No manipulemos la palabra democracia ni la deformemos con t\u00edtulos vac\u00edos capaces de justificar cualquier acci\u00f3n. La democracia no es una caja vac\u00eda, sino que est\u00e1 ligada a los valores de la persona, la fraternidad y la ecolog\u00eda integral<\/i><\/p>\n<p><i>Como cat\u00f3licos, en este horizonte, no podemos conformarnos con una fe marginal, o privada. Esto significa no tanto exigir ser escuchados, sino, sobre todo, tener la valent\u00eda de plantear propuestas de justicia y de paz en el debate p\u00fablico. Tenemos algo que decir, pero no para defender privilegios. Debemos ser una voz que denuncia y propone en una sociedad a menudo sin voz y en la que demasiados no tienen voz.<\/i><\/p>\n<p><i>Esto es el amor pol\u00edtico, que no se contenta con tratar los efectos, sino que busca las causas. Es una forma de caridad que permite a la pol\u00edtica estar a la altura de sus responsabilidades y alejarse de las polarizaciones, que empobrecen y no ayudan a comprender y afrontar los desaf\u00edos. Toda la comunidad cristiana est\u00e1 llamada a esta caridad pol\u00edtica, en la distinci\u00f3n de ministerios y carismas.<\/i><\/p>\n<p style=\"text-align: center\"><span style=\"text-align: center\">\u201cForm\u00e9monos a este amor, para hacerlo circular en un mundo falto de pasi\u00f3n c\u00edvica. Aprendamos m\u00e1s y mejor a caminar juntos como pueblo de Dios, a ser fermento de participaci\u00f3n en medio del pueblo del que formamos parte\u201d<\/span><\/p>\n<h3><b>\u201cOrganizar la esperanza\u201d<\/b><\/h3>\n<p>En conclusi\u00f3n, la invitaci\u00f3n del Papa a los laicos cat\u00f3licos italianos, siguiendo el ejemplo de Giorgio la Pira, fue a alimentar proyectos de buena pol\u00edtica capaces de reavivar la esperanza. Francisco indic\u00f3 un horizonte de trabajo, de cara al pr\u00f3ximo Jubileo, invitando a promover iniciativas para la formaci\u00f3n pol\u00edtica y social de los j\u00f3venes, ofreciendo espacios de confrontaci\u00f3n y di\u00e1logo, y favoreciendo sinergias para el bien com\u00fan.<\/p>\n<p style=\"text-align: center\">\u201cNo dejemos nunca de alimentar la confianza, seguros de que el tiempo es superior al espacio y de que iniciar procesos es m\u00e1s sabio que ocupar el espacio&#8230; \u00c9ste es el papel de la Iglesia: comprometerse en la esperanza, porque sin ella se administra el presente pero no se construye el futuro\u201d<\/p>\n<p>\u00abLos bendigo \u2013 concluy\u00f3 el Papa \u2013 y les deseo que sean artesanos de la democracia y testigos contagiosos de la participaci\u00f3n\u201d.<\/p>\n<\/div>\n<\/div>\n","protected":false},"excerpt":{"rendered":"<p>En su discurso a los participantes en la sesi\u00f3n de clausura de la 50\u00aa Semana Social de los cat\u00f3licos en Italia el Papa Francisco utiliz\u00f3 una imagen que lo resume todo y que los organizadores de este evento eligieron como s\u00edmbolo de esta cita: el coraz\u00f3n<\/p>\n","protected":false},"author":15,"featured_media":104711,"comment_status":"closed","ping_status":"closed","sticky":false,"template":"","format":"standard","meta":{"_acf_changed":false,"_crdt_document":"","inline_featured_image":false,"footnotes":""},"categories":[68,120],"tags":[20489,542,20759,3346,2819,2523,624,20756,20757,240,20760,4385,3997,158,20758,625,726,10318,4953,20487,5843],"class_list":["post-104710","post","type-post","status-publish","format-standard","has-post-thumbnail","hentry","category-leon-xiv","category-viajes","tag-50a-semana-social-de-los-catolicos-en-italia","tag-bien-comun","tag-caridad-politica","tag-corazon","tag-democracia","tag-doctrina-social-de-la-iglesia","tag-esperanza","tag-fe-marginal","tag-fe-privada","tag-fraternidad","tag-giorgio-la-pira","tag-jubileo","tag-justicia","tag-papa-francisco","tag-participacion-politica","tag-paz","tag-solidaridad","tag-subsidiariedad","tag-trending-es","tag-trieste","tag-viaje-apostolico"],"acf":[],"yoast_head":"<!-- This site is optimized with the Yoast SEO plugin v27.4 - https:\/\/yoast.com\/product\/yoast-seo-wordpress\/ -->\n<title>Papa Francisco: &quot;No podemos conformarnos con una fe marginal o privada&quot; &#8211; Exaudi<\/title>\n<meta name=\"robots\" content=\"index, follow, max-snippet:-1, max-image-preview:large, max-video-preview:-1\" \/>\n<link rel=\"canonical\" href=\"https:\/\/exaudi.org\/es\/papa-francisco-no-podemos-conformarnos-con-una-fe-marginal-o-privada\/\" \/>\n<meta property=\"og:locale\" content=\"es_ES\" \/>\n<meta property=\"og:type\" content=\"article\" \/>\n<meta property=\"og:title\" content=\"Papa Francisco: &quot;No podemos conformarnos con una fe marginal o privada&quot; &#8211; Exaudi\" \/>\n<meta property=\"og:description\" content=\"En su discurso a los participantes en la sesi\u00f3n de clausura de la 50\u00aa Semana Social de los cat\u00f3licos en Italia el Papa Francisco utiliz\u00f3 una imagen que lo resume todo y que los organizadores de este evento eligieron como s\u00edmbolo de esta cita: el coraz\u00f3n\" \/>\n<meta property=\"og:url\" content=\"https:\/\/exaudi.org\/es\/papa-francisco-no-podemos-conformarnos-con-una-fe-marginal-o-privada\/\" \/>\n<meta property=\"og:site_name\" content=\"Exaudi\" \/>\n<meta property=\"article:publisher\" content=\"https:\/\/www.facebook.com\/ExaudiNews\" \/>\n<meta property=\"article:author\" content=\"https:\/\/www.facebook.com\/ExaudiNoticias\/\" \/>\n<meta property=\"article:published_time\" content=\"2024-07-07T08:34:44+00:00\" \/>\n<meta property=\"article:modified_time\" content=\"2024-07-07T15:51:24+00:00\" \/>\n<meta property=\"og:image\" content=\"https:\/\/exaudi.org\/wp-content\/uploads\/2024\/07\/450239524_3695167607479041_8502416723008375779_n.jpg\" \/>\n\t<meta property=\"og:image:width\" content=\"1080\" \/>\n\t<meta property=\"og:image:height\" content=\"719\" \/>\n\t<meta property=\"og:image:type\" content=\"image\/jpeg\" \/>\n<meta name=\"author\" content=\"Exaudi Redacci\u00f3n\" \/>\n<meta name=\"twitter:card\" content=\"summary_large_image\" \/>\n<meta name=\"twitter:creator\" content=\"@Exaudi_noticias\" \/>\n<meta name=\"twitter:site\" content=\"@Exaudi_News\" \/>\n<meta name=\"twitter:label1\" content=\"Escrito por\" \/>\n\t<meta name=\"twitter:data1\" content=\"Exaudi Redacci\u00f3n\" \/>\n\t<meta name=\"twitter:label2\" content=\"Tiempo de lectura\" \/>\n\t<meta name=\"twitter:data2\" content=\"9 minutos\" \/>\n<script type=\"application\/ld+json\" class=\"yoast-schema-graph\">{\"@context\":\"https:\\\/\\\/schema.org\",\"@graph\":[{\"@type\":\"Article\",\"@id\":\"https:\\\/\\\/exaudi.org\\\/es\\\/papa-francisco-no-podemos-conformarnos-con-una-fe-marginal-o-privada\\\/#article\",\"isPartOf\":{\"@id\":\"https:\\\/\\\/exaudi.org\\\/es\\\/papa-francisco-no-podemos-conformarnos-con-una-fe-marginal-o-privada\\\/\"},\"author\":{\"name\":\"Exaudi Redacci\u00f3n\",\"@id\":\"https:\\\/\\\/exaudi.org\\\/#\\\/schema\\\/person\\\/f5fc8f063065e38742da7afe15f25df7\"},\"headline\":\"Papa Francisco: \u00abNo podemos conformarnos con una fe marginal o privada\u00bb\",\"datePublished\":\"2024-07-07T08:34:44+00:00\",\"dateModified\":\"2024-07-07T15:51:24+00:00\",\"mainEntityOfPage\":{\"@id\":\"https:\\\/\\\/exaudi.org\\\/es\\\/papa-francisco-no-podemos-conformarnos-con-una-fe-marginal-o-privada\\\/\"},\"wordCount\":1803,\"image\":{\"@id\":\"https:\\\/\\\/exaudi.org\\\/es\\\/papa-francisco-no-podemos-conformarnos-con-una-fe-marginal-o-privada\\\/#primaryimage\"},\"thumbnailUrl\":\"https:\\\/\\\/exaudi.org\\\/wp-content\\\/uploads\\\/2024\\\/07\\\/450239524_3695167607479041_8502416723008375779_n.jpg\",\"keywords\":[\"50\u00aa Semana Social de los Cat\u00f3licos en Italia\",\"Bien com\u00fan\",\"caridad pol\u00edtica\",\"Coraz\u00f3n\",\"Democracia\",\"Doctrina Social de la Iglesia\",\"Esperanza\",\"fe marginal\",\"fe privada\",\"fraternidad\",\"Giorgio la Pira\",\"Jubileo\",\"Justicia\",\"papa francisco\",\"participaci\u00f3n pol\u00edtica\",\"Paz\",\"solidaridad\",\"subsidiariedad\",\"Trending\",\"Trieste\",\"Viaje Apost\u00f3lico\"],\"articleSection\":[\"Le\u00f3n XIV\",\"Viajes\"],\"inLanguage\":\"es\"},{\"@type\":\"WebPage\",\"@id\":\"https:\\\/\\\/exaudi.org\\\/es\\\/papa-francisco-no-podemos-conformarnos-con-una-fe-marginal-o-privada\\\/\",\"url\":\"https:\\\/\\\/exaudi.org\\\/es\\\/papa-francisco-no-podemos-conformarnos-con-una-fe-marginal-o-privada\\\/\",\"name\":\"Papa Francisco: \\\"No podemos conformarnos con una fe marginal o privada\\\" &#8211; Exaudi\",\"isPartOf\":{\"@id\":\"https:\\\/\\\/exaudi.org\\\/#website\"},\"primaryImageOfPage\":{\"@id\":\"https:\\\/\\\/exaudi.org\\\/es\\\/papa-francisco-no-podemos-conformarnos-con-una-fe-marginal-o-privada\\\/#primaryimage\"},\"image\":{\"@id\":\"https:\\\/\\\/exaudi.org\\\/es\\\/papa-francisco-no-podemos-conformarnos-con-una-fe-marginal-o-privada\\\/#primaryimage\"},\"thumbnailUrl\":\"https:\\\/\\\/exaudi.org\\\/wp-content\\\/uploads\\\/2024\\\/07\\\/450239524_3695167607479041_8502416723008375779_n.jpg\",\"datePublished\":\"2024-07-07T08:34:44+00:00\",\"dateModified\":\"2024-07-07T15:51:24+00:00\",\"author\":{\"@id\":\"https:\\\/\\\/exaudi.org\\\/#\\\/schema\\\/person\\\/f5fc8f063065e38742da7afe15f25df7\"},\"breadcrumb\":{\"@id\":\"https:\\\/\\\/exaudi.org\\\/es\\\/papa-francisco-no-podemos-conformarnos-con-una-fe-marginal-o-privada\\\/#breadcrumb\"},\"inLanguage\":\"es\",\"potentialAction\":[{\"@type\":\"ReadAction\",\"target\":[\"https:\\\/\\\/exaudi.org\\\/es\\\/papa-francisco-no-podemos-conformarnos-con-una-fe-marginal-o-privada\\\/\"]}]},{\"@type\":\"ImageObject\",\"inLanguage\":\"es\",\"@id\":\"https:\\\/\\\/exaudi.org\\\/es\\\/papa-francisco-no-podemos-conformarnos-con-una-fe-marginal-o-privada\\\/#primaryimage\",\"url\":\"https:\\\/\\\/exaudi.org\\\/wp-content\\\/uploads\\\/2024\\\/07\\\/450239524_3695167607479041_8502416723008375779_n.jpg\",\"contentUrl\":\"https:\\\/\\\/exaudi.org\\\/wp-content\\\/uploads\\\/2024\\\/07\\\/450239524_3695167607479041_8502416723008375779_n.jpg\",\"width\":1080,\"height\":719},{\"@type\":\"BreadcrumbList\",\"@id\":\"https:\\\/\\\/exaudi.org\\\/es\\\/papa-francisco-no-podemos-conformarnos-con-una-fe-marginal-o-privada\\\/#breadcrumb\",\"itemListElement\":[{\"@type\":\"ListItem\",\"position\":1,\"name\":\"Portada\",\"item\":\"https:\\\/\\\/exaudi.org\\\/es\\\/\"},{\"@type\":\"ListItem\",\"position\":2,\"name\":\"Papa Francisco: \u00abNo podemos conformarnos con una fe marginal o privada\u00bb\"}]},{\"@type\":\"WebSite\",\"@id\":\"https:\\\/\\\/exaudi.org\\\/#website\",\"url\":\"https:\\\/\\\/exaudi.org\\\/\",\"name\":\"Exaudi\",\"description\":\"News\",\"potentialAction\":[{\"@type\":\"SearchAction\",\"target\":{\"@type\":\"EntryPoint\",\"urlTemplate\":\"https:\\\/\\\/exaudi.org\\\/?s={search_term_string}\"},\"query-input\":{\"@type\":\"PropertyValueSpecification\",\"valueRequired\":true,\"valueName\":\"search_term_string\"}}],\"inLanguage\":\"es\"},{\"@type\":\"Person\",\"@id\":\"https:\\\/\\\/exaudi.org\\\/#\\\/schema\\\/person\\\/f5fc8f063065e38742da7afe15f25df7\",\"name\":\"Exaudi Redacci\u00f3n\",\"image\":{\"@type\":\"ImageObject\",\"inLanguage\":\"es\",\"@id\":\"https:\\\/\\\/secure.gravatar.com\\\/avatar\\\/fe0f6a059fb68d9b3e11bc5850dd4899b1c7492091a3cb6dd9b01b56ad828be2?s=96&d=mm&r=g\",\"url\":\"https:\\\/\\\/secure.gravatar.com\\\/avatar\\\/fe0f6a059fb68d9b3e11bc5850dd4899b1c7492091a3cb6dd9b01b56ad828be2?s=96&d=mm&r=g\",\"contentUrl\":\"https:\\\/\\\/secure.gravatar.com\\\/avatar\\\/fe0f6a059fb68d9b3e11bc5850dd4899b1c7492091a3cb6dd9b01b56ad828be2?s=96&d=mm&r=g\",\"caption\":\"Exaudi Redacci\u00f3n\"},\"description\":\"\u00bfQu\u00e9 es Exaudi News? Exaudi News es un medio de comunicaci\u00f3n cat\u00f3lico internacional que informa, forma y transforma, diariamente en espa\u00f1ol, ingl\u00e9s e italiano. A trav\u00e9s de noticias, art\u00edculos de an\u00e1lisis y transmisiones en directo de los eventos del Papa, Exaudi busca fortalecer la unidad de los cristianos y contribuir a la evangelizaci\u00f3n del mundo, siempre guiados por la doctrina social de la Iglesia. Trabajamos para acercar la verdad y los valores cristianos a cada rinc\u00f3n del planeta. \u00a1Ay\u00fadanos a transformar el mundo con Exaudi! En Exaudi creemos que la evangelizaci\u00f3n y la informaci\u00f3n de calidad pueden cambiar vidas. Para continuar con nuestra misi\u00f3n y expandir nuestro alcance, necesitamos tu ayuda. Adem\u00e1s, buscamos personas comprometidas que deseen unirse a nuestro equipo. Con tu apoyo, lograremos llegar a m\u00e1s personas, difundir el mensaje de Cristo y reforzar la unidad de los cristianos. \u00bfTe unes a nuestra misi\u00f3n? Para m\u00e1s informaci\u00f3n sobre c\u00f3mo colaborar, visita Exaudi.org\\\/es o cont\u00e1ctanos directamente: info@exaudi.org Exaudi: Informa, forma y transforma.\",\"sameAs\":[\"https:\\\/\\\/www.facebook.com\\\/ExaudiNoticias\\\/\",\"https:\\\/\\\/www.instagram.com\\\/exaudi_noticias\\\/\",\"https:\\\/\\\/x.com\\\/Exaudi_noticias\",\"https:\\\/\\\/www.youtube.com\\\/@exaudicatholicnews\"],\"url\":\"https:\\\/\\\/exaudi.org\\\/es\\\/author\\\/redaccionexaudi\\\/\"}]}<\/script>\n<!-- \/ Yoast SEO plugin. -->","yoast_head_json":{"title":"Papa Francisco: \"No podemos conformarnos con una fe marginal o privada\" &#8211; Exaudi","robots":{"index":"index","follow":"follow","max-snippet":"max-snippet:-1","max-image-preview":"max-image-preview:large","max-video-preview":"max-video-preview:-1"},"canonical":"https:\/\/exaudi.org\/es\/papa-francisco-no-podemos-conformarnos-con-una-fe-marginal-o-privada\/","og_locale":"es_ES","og_type":"article","og_title":"Papa Francisco: \"No podemos conformarnos con una fe marginal o privada\" &#8211; Exaudi","og_description":"En su discurso a los participantes en la sesi\u00f3n de clausura de la 50\u00aa Semana Social de los cat\u00f3licos en Italia el Papa Francisco utiliz\u00f3 una imagen que lo resume todo y que los organizadores de este evento eligieron como s\u00edmbolo de esta cita: el coraz\u00f3n","og_url":"https:\/\/exaudi.org\/es\/papa-francisco-no-podemos-conformarnos-con-una-fe-marginal-o-privada\/","og_site_name":"Exaudi","article_publisher":"https:\/\/www.facebook.com\/ExaudiNews","article_author":"https:\/\/www.facebook.com\/ExaudiNoticias\/","article_published_time":"2024-07-07T08:34:44+00:00","article_modified_time":"2024-07-07T15:51:24+00:00","og_image":[{"width":1080,"height":719,"url":"https:\/\/exaudi.org\/wp-content\/uploads\/2024\/07\/450239524_3695167607479041_8502416723008375779_n.jpg","type":"image\/jpeg"}],"author":"Exaudi Redacci\u00f3n","twitter_card":"summary_large_image","twitter_creator":"@Exaudi_noticias","twitter_site":"@Exaudi_News","twitter_misc":{"Escrito por":"Exaudi Redacci\u00f3n","Tiempo de lectura":"9 minutos"},"schema":{"@context":"https:\/\/schema.org","@graph":[{"@type":"Article","@id":"https:\/\/exaudi.org\/es\/papa-francisco-no-podemos-conformarnos-con-una-fe-marginal-o-privada\/#article","isPartOf":{"@id":"https:\/\/exaudi.org\/es\/papa-francisco-no-podemos-conformarnos-con-una-fe-marginal-o-privada\/"},"author":{"name":"Exaudi Redacci\u00f3n","@id":"https:\/\/exaudi.org\/#\/schema\/person\/f5fc8f063065e38742da7afe15f25df7"},"headline":"Papa Francisco: \u00abNo podemos conformarnos con una fe marginal o privada\u00bb","datePublished":"2024-07-07T08:34:44+00:00","dateModified":"2024-07-07T15:51:24+00:00","mainEntityOfPage":{"@id":"https:\/\/exaudi.org\/es\/papa-francisco-no-podemos-conformarnos-con-una-fe-marginal-o-privada\/"},"wordCount":1803,"image":{"@id":"https:\/\/exaudi.org\/es\/papa-francisco-no-podemos-conformarnos-con-una-fe-marginal-o-privada\/#primaryimage"},"thumbnailUrl":"https:\/\/exaudi.org\/wp-content\/uploads\/2024\/07\/450239524_3695167607479041_8502416723008375779_n.jpg","keywords":["50\u00aa Semana Social de los Cat\u00f3licos en Italia","Bien com\u00fan","caridad pol\u00edtica","Coraz\u00f3n","Democracia","Doctrina Social de la Iglesia","Esperanza","fe marginal","fe privada","fraternidad","Giorgio la Pira","Jubileo","Justicia","papa francisco","participaci\u00f3n pol\u00edtica","Paz","solidaridad","subsidiariedad","Trending","Trieste","Viaje Apost\u00f3lico"],"articleSection":["Le\u00f3n XIV","Viajes"],"inLanguage":"es"},{"@type":"WebPage","@id":"https:\/\/exaudi.org\/es\/papa-francisco-no-podemos-conformarnos-con-una-fe-marginal-o-privada\/","url":"https:\/\/exaudi.org\/es\/papa-francisco-no-podemos-conformarnos-con-una-fe-marginal-o-privada\/","name":"Papa Francisco: \"No podemos conformarnos con una fe marginal o privada\" &#8211; Exaudi","isPartOf":{"@id":"https:\/\/exaudi.org\/#website"},"primaryImageOfPage":{"@id":"https:\/\/exaudi.org\/es\/papa-francisco-no-podemos-conformarnos-con-una-fe-marginal-o-privada\/#primaryimage"},"image":{"@id":"https:\/\/exaudi.org\/es\/papa-francisco-no-podemos-conformarnos-con-una-fe-marginal-o-privada\/#primaryimage"},"thumbnailUrl":"https:\/\/exaudi.org\/wp-content\/uploads\/2024\/07\/450239524_3695167607479041_8502416723008375779_n.jpg","datePublished":"2024-07-07T08:34:44+00:00","dateModified":"2024-07-07T15:51:24+00:00","author":{"@id":"https:\/\/exaudi.org\/#\/schema\/person\/f5fc8f063065e38742da7afe15f25df7"},"breadcrumb":{"@id":"https:\/\/exaudi.org\/es\/papa-francisco-no-podemos-conformarnos-con-una-fe-marginal-o-privada\/#breadcrumb"},"inLanguage":"es","potentialAction":[{"@type":"ReadAction","target":["https:\/\/exaudi.org\/es\/papa-francisco-no-podemos-conformarnos-con-una-fe-marginal-o-privada\/"]}]},{"@type":"ImageObject","inLanguage":"es","@id":"https:\/\/exaudi.org\/es\/papa-francisco-no-podemos-conformarnos-con-una-fe-marginal-o-privada\/#primaryimage","url":"https:\/\/exaudi.org\/wp-content\/uploads\/2024\/07\/450239524_3695167607479041_8502416723008375779_n.jpg","contentUrl":"https:\/\/exaudi.org\/wp-content\/uploads\/2024\/07\/450239524_3695167607479041_8502416723008375779_n.jpg","width":1080,"height":719},{"@type":"BreadcrumbList","@id":"https:\/\/exaudi.org\/es\/papa-francisco-no-podemos-conformarnos-con-una-fe-marginal-o-privada\/#breadcrumb","itemListElement":[{"@type":"ListItem","position":1,"name":"Portada","item":"https:\/\/exaudi.org\/es\/"},{"@type":"ListItem","position":2,"name":"Papa Francisco: \u00abNo podemos conformarnos con una fe marginal o privada\u00bb"}]},{"@type":"WebSite","@id":"https:\/\/exaudi.org\/#website","url":"https:\/\/exaudi.org\/","name":"Exaudi","description":"News","potentialAction":[{"@type":"SearchAction","target":{"@type":"EntryPoint","urlTemplate":"https:\/\/exaudi.org\/?s={search_term_string}"},"query-input":{"@type":"PropertyValueSpecification","valueRequired":true,"valueName":"search_term_string"}}],"inLanguage":"es"},{"@type":"Person","@id":"https:\/\/exaudi.org\/#\/schema\/person\/f5fc8f063065e38742da7afe15f25df7","name":"Exaudi Redacci\u00f3n","image":{"@type":"ImageObject","inLanguage":"es","@id":"https:\/\/secure.gravatar.com\/avatar\/fe0f6a059fb68d9b3e11bc5850dd4899b1c7492091a3cb6dd9b01b56ad828be2?s=96&d=mm&r=g","url":"https:\/\/secure.gravatar.com\/avatar\/fe0f6a059fb68d9b3e11bc5850dd4899b1c7492091a3cb6dd9b01b56ad828be2?s=96&d=mm&r=g","contentUrl":"https:\/\/secure.gravatar.com\/avatar\/fe0f6a059fb68d9b3e11bc5850dd4899b1c7492091a3cb6dd9b01b56ad828be2?s=96&d=mm&r=g","caption":"Exaudi Redacci\u00f3n"},"description":"\u00bfQu\u00e9 es Exaudi News? Exaudi News es un medio de comunicaci\u00f3n cat\u00f3lico internacional que informa, forma y transforma, diariamente en espa\u00f1ol, ingl\u00e9s e italiano. A trav\u00e9s de noticias, art\u00edculos de an\u00e1lisis y transmisiones en directo de los eventos del Papa, Exaudi busca fortalecer la unidad de los cristianos y contribuir a la evangelizaci\u00f3n del mundo, siempre guiados por la doctrina social de la Iglesia. Trabajamos para acercar la verdad y los valores cristianos a cada rinc\u00f3n del planeta. \u00a1Ay\u00fadanos a transformar el mundo con Exaudi! En Exaudi creemos que la evangelizaci\u00f3n y la informaci\u00f3n de calidad pueden cambiar vidas. Para continuar con nuestra misi\u00f3n y expandir nuestro alcance, necesitamos tu ayuda. Adem\u00e1s, buscamos personas comprometidas que deseen unirse a nuestro equipo. Con tu apoyo, lograremos llegar a m\u00e1s personas, difundir el mensaje de Cristo y reforzar la unidad de los cristianos. \u00bfTe unes a nuestra misi\u00f3n? Para m\u00e1s informaci\u00f3n sobre c\u00f3mo colaborar, visita Exaudi.org\/es o cont\u00e1ctanos directamente: info@exaudi.org Exaudi: Informa, forma y transforma.","sameAs":["https:\/\/www.facebook.com\/ExaudiNoticias\/","https:\/\/www.instagram.com\/exaudi_noticias\/","https:\/\/x.com\/Exaudi_noticias","https:\/\/www.youtube.com\/@exaudicatholicnews"],"url":"https:\/\/exaudi.org\/es\/author\/redaccionexaudi\/"}]}},"jetpack_featured_media_url":"https:\/\/exaudi.org\/wp-content\/uploads\/2024\/07\/450239524_3695167607479041_8502416723008375779_n.jpg","jetpack_shortlink":"https:\/\/wp.me\/pgKjF2-reS","_links":{"self":[{"href":"https:\/\/exaudi.org\/es\/wp-json\/wp\/v2\/posts\/104710","targetHints":{"allow":["GET"]}}],"collection":[{"href":"https:\/\/exaudi.org\/es\/wp-json\/wp\/v2\/posts"}],"about":[{"href":"https:\/\/exaudi.org\/es\/wp-json\/wp\/v2\/types\/post"}],"author":[{"embeddable":true,"href":"https:\/\/exaudi.org\/es\/wp-json\/wp\/v2\/users\/15"}],"replies":[{"embeddable":true,"href":"https:\/\/exaudi.org\/es\/wp-json\/wp\/v2\/comments?post=104710"}],"version-history":[{"count":0,"href":"https:\/\/exaudi.org\/es\/wp-json\/wp\/v2\/posts\/104710\/revisions"}],"wp:featuredmedia":[{"embeddable":true,"href":"https:\/\/exaudi.org\/es\/wp-json\/wp\/v2\/media\/104711"}],"wp:attachment":[{"href":"https:\/\/exaudi.org\/es\/wp-json\/wp\/v2\/media?parent=104710"}],"wp:term":[{"taxonomy":"category","embeddable":true,"href":"https:\/\/exaudi.org\/es\/wp-json\/wp\/v2\/categories?post=104710"},{"taxonomy":"post_tag","embeddable":true,"href":"https:\/\/exaudi.org\/es\/wp-json\/wp\/v2\/tags?post=104710"}],"curies":[{"name":"wp","href":"https:\/\/api.w.org\/{rel}","templated":true}]}}