{"id":104405,"date":"2024-07-04T09:15:46","date_gmt":"2024-07-04T07:15:46","guid":{"rendered":"https:\/\/exaudi.org\/?p=104405"},"modified":"2024-07-04T09:03:16","modified_gmt":"2024-07-04T07:03:16","slug":"fe-y-razon-las-dos-alas-para-contemplar-la-verdad","status":"publish","type":"post","link":"https:\/\/exaudi.org\/es\/fe-y-razon-las-dos-alas-para-contemplar-la-verdad\/","title":{"rendered":"Fe y raz\u00f3n, las dos alas para contemplar la verdad"},"content":{"rendered":"<audio class=\"wp-audio-shortcode\" id=\"audio-104405-1\" preload=\"none\" style=\"width: 100%;\" controls=\"controls\"><source type=\"audio\/mpeg\" src=\"https:\/\/exaudi.org\/wp-content\/uploads\/2024\/07\/Fe-y-razon.mp3?_=1\" \/><a href=\"https:\/\/exaudi.org\/wp-content\/uploads\/2024\/07\/Fe-y-razon.mp3\">https:\/\/exaudi.org\/wp-content\/uploads\/2024\/07\/Fe-y-razon.mp3<\/a><\/audio>\n<p data-adtags-visited=\"true\">En estos tiempos, Santo Tom\u00e1s de Aquino (1224\/25-1274) est\u00e1, especialmente, puesto en escenario: el a\u00f1o pasado, 700 a\u00f1os de su canonizaci\u00f3n; este 2024, 750 a\u00f1os de su muerte; el 2025, 800 a\u00f1os de su nacimiento. Son muy conocidas su\u00a0<em>Suma contra gentiles\u00a0<\/em>y la\u00a0<em>Suma teol\u00f3gica,<\/em>\u00a0esta \u00faltima, elaborada para\u00a0<em>principiantes<\/em>, como fue su intenci\u00f3n. Me ha resultado tonificante la lectura de la\u00a0<em>Introducci\u00f3n a Tom\u00e1s Aquino: Doce lecciones\u00a0<\/em>(Rialp, 2021) de Josef Pieper (1904-1997). Una lectura fresca, clara que da cabal noticia del entorno y pensamiento de Tom\u00e1s de Aquino. Una introducci\u00f3n de las m\u00e1s gratas que he le\u00eddo del fil\u00f3sofo, te\u00f3logo, maestro, m\u00edstico, santo y doctor de la Iglesia.<\/p>\n<p data-adtags-visited=\"true\">Tom\u00e1s de Aquino desarrolla su pensamiento en un tiempo marcado por el gran movimiento de la pobreza evang\u00e9lica y la aparici\u00f3n de Arist\u00f3teles. Su trabajo lo desarrolla en la Universidad de Par\u00eds, en donde teolog\u00eda y filosof\u00eda se cultivan con los m\u00e1s grandes maestros de la \u00e9poca. Una universidad volcada al estudio de la realidad en su totalidad, en donde coincidencias y discrepancias se ventilan a trav\u00e9s de la <em>disputatio,\u00a0<\/em>cuyo punto de partida es la actitud de escucha para comprender los argumentos en discusi\u00f3n. Al respecto, se\u00f1ala Pieper que \u201ca nadie le era permitido contestar inmediatamente a una objeci\u00f3n de su interlocutor; antes bien ten\u00eda primero que repetir con sus propias palabras la objeci\u00f3n contraria y asegurarse expresamente de que el otro hab\u00eda querido decir exactamente eso mismo\u201d. Un m\u00e9todo y una actitud que le har\u00eda mucho bien al mundo de las redes y al escenario pol\u00edtico, tanas veces, llenos de agravios y escasos de ideas.<\/p>\n<p data-adtags-visited=\"true\">La Biblia y Arist\u00f3teles fueron asumidos por Tom\u00e1s de Aquino en su arduo trabajo intelectual. \u201cLa verdad debe ser eficaz por s\u00ed misma, con la fuerza intr\u00ednseca que tenga y no por una fuerza extra\u00f1a a ella\u201d. De ah\u00ed que el doctor com\u00fan no se quede en el Arist\u00f3teles hist\u00f3rico, busca en \u00e9l, m\u00e1s bien, luces para alumbrar la verdad. \u201cLos argumentos filos\u00f3ficos, dice Tom\u00e1s, son v\u00e1lidos, no a causa de la autoridad de aquellos que lo dicen, sino a causa de lo dicho\u201d, en tanto que desvelan aspectos de la realidad. \u201cSeg\u00fan Santo Tom\u00e1s, indica Pieper, no son imposibles de conocer ni Dios ni las cosas. Por el contrario, son tan cognoscibles que nunca podemos finalizar la empresa de conocerlos (\u2026). De ah\u00ed que haya una cierta desconfianza cuando alguien aparezca con la pretensi\u00f3n de que ha descubierto definitivamente la f\u00f3rmula del mundo\u201d. Los \u201cismos\u201d suelen moverse en este campo, reclamando, impropiamente, para s\u00ed mismos el monopolio del discurso pol\u00edticamente correcto. La apertura a las opiniones ajenas y el respeto al interlocutor se aprecian, claramente, en los trabajos de Tom\u00e1s de Aquino.<\/p>\n<p data-adtags-visited=\"true\">Dios, indica Tom\u00e1s de Aquino, es el mismo Ser Subsistente, a cuya esencia le compete ser el acto puro. Y Pieper recalca que \u201cno es, pues, primariamente decisivo el contenido de la esencia; decisivo es el hecho, escueto pero insondable, por el que un hombre posible se distingue de un hombre real. Naturalmente hay un rango de los entes existentes seg\u00fan la riqueza de contenido de la esencia, seg\u00fan la perfecci\u00f3n de la <em>essentia.<\/em>\u00a0Lo decisivo es el\u00a0<em>actus<\/em>, el obrar simplemente, la realizaci\u00f3n de hecho de la esencia,\u00a0<em>esse est illud quod est intimum cuilibet et quod profundius \u00f3mnibus inest<\/em>, el ser, el acto de ser, es lo m\u00e1s \u00edntimo de todo ente y lo que est\u00e1 m\u00e1s profundamente inmerso en ellos\u201d. Existencia, acto de ser, campos ricos para pensar una y otra vez.<\/p>\n<p data-adtags-visited=\"true\">Tom\u00e1s de Aquino nos invita a mirar con sentido trascendente la realidad creada en una actitud que hermana cuerpo y esp\u00edritu, deseo de pan y deseo de Dios, pues supo congeniar fe y raz\u00f3n, las dos alas que nos llevan a contemplar la verdad, en palabras de San Juan Pablo II.<\/p>\n<p data-adtags-visited=\"true\"><img loading=\"lazy\" decoding=\"async\" class=\"size-full wp-image-104416 alignnone\" src=\"https:\/\/exaudi.org\/wp-content\/uploads\/2024\/07\/Copia-de-voces.jpg\" alt=\"\" width=\"940\" height=\"788\" srcset=\"https:\/\/exaudi.org\/wp-content\/uploads\/2024\/07\/Copia-de-voces.jpg 940w, https:\/\/exaudi.org\/wp-content\/uploads\/2024\/07\/Copia-de-voces-300x251.jpg 300w, https:\/\/exaudi.org\/wp-content\/uploads\/2024\/07\/Copia-de-voces-770x645.jpg 770w, https:\/\/exaudi.org\/wp-content\/uploads\/2024\/07\/Copia-de-voces-500x419.jpg 500w, https:\/\/exaudi.org\/wp-content\/uploads\/2024\/07\/Copia-de-voces-293x246.jpg 293w, https:\/\/exaudi.org\/wp-content\/uploads\/2024\/07\/Copia-de-voces-390x327.jpg 390w\" sizes=\"auto, (max-width: 940px) 100vw, 940px\" \/><\/p>\n","protected":false},"excerpt":{"rendered":"<p>El legado de Santo Tom\u00e1s de Aquino<\/p>\n","protected":false},"author":109,"featured_media":104406,"comment_status":"closed","ping_status":"closed","sticky":false,"template":"","format":"standard","meta":{"_acf_changed":false,"_crdt_document":"","inline_featured_image":false,"footnotes":""},"categories":[130],"tags":[3164,2419,4054,14532,20360,9514,5181,4234],"class_list":["post-104405","post","type-post","status-publish","format-standard","has-post-thumbnail","hentry","category-voces","tag-fe-es","tag-featured","tag-filosofia","tag-francisco-bobadilla","tag-josef-pieper","tag-razon","tag-santo-tomas-de-aquino","tag-teologia-es"],"acf":[],"yoast_head":"<!-- This site is optimized with the Yoast SEO plugin v27.5 - https:\/\/yoast.com\/product\/yoast-seo-wordpress\/ -->\n<title>Fe y raz\u00f3n, las dos alas para contemplar la verdad &#8211; Exaudi<\/title>\n<meta name=\"robots\" content=\"index, follow, max-snippet:-1, max-image-preview:large, max-video-preview:-1\" \/>\n<link rel=\"canonical\" href=\"https:\/\/exaudi.org\/es\/fe-y-razon-las-dos-alas-para-contemplar-la-verdad\/\" \/>\n<meta property=\"og:locale\" content=\"es_ES\" \/>\n<meta property=\"og:type\" content=\"article\" \/>\n<meta property=\"og:title\" content=\"Fe y raz\u00f3n, las dos alas para contemplar la verdad &#8211; Exaudi\" \/>\n<meta property=\"og:description\" content=\"El legado de Santo Tom\u00e1s de Aquino\" \/>\n<meta property=\"og:url\" content=\"https:\/\/exaudi.org\/es\/fe-y-razon-las-dos-alas-para-contemplar-la-verdad\/\" \/>\n<meta property=\"og:site_name\" content=\"Exaudi\" \/>\n<meta property=\"article:publisher\" content=\"https:\/\/www.facebook.com\/ExaudiNews\" \/>\n<meta property=\"article:published_time\" content=\"2024-07-04T07:15:46+00:00\" \/>\n<meta property=\"og:image\" content=\"https:\/\/exaudi.org\/wp-content\/uploads\/2024\/07\/aaron-burden-4eWwSxaDhe4-unsplash-1-scaled.jpg\" \/>\n\t<meta property=\"og:image:width\" content=\"2560\" \/>\n\t<meta property=\"og:image:height\" content=\"1920\" \/>\n\t<meta property=\"og:image:type\" content=\"image\/jpeg\" \/>\n<meta name=\"author\" content=\"Francisco Bobadilla\" \/>\n<meta name=\"twitter:card\" content=\"summary_large_image\" \/>\n<meta name=\"twitter:creator\" content=\"@Exaudi_News\" \/>\n<meta name=\"twitter:site\" content=\"@Exaudi_News\" \/>\n<meta name=\"twitter:label1\" content=\"Escrito por\" \/>\n\t<meta name=\"twitter:data1\" content=\"Francisco Bobadilla\" \/>\n\t<meta name=\"twitter:label2\" content=\"Tiempo de lectura\" \/>\n\t<meta name=\"twitter:data2\" content=\"4 minutos\" \/>\n<script type=\"application\/ld+json\" class=\"yoast-schema-graph\">{\"@context\":\"https:\\\/\\\/schema.org\",\"@graph\":[{\"@type\":\"Article\",\"@id\":\"https:\\\/\\\/exaudi.org\\\/es\\\/fe-y-razon-las-dos-alas-para-contemplar-la-verdad\\\/#article\",\"isPartOf\":{\"@id\":\"https:\\\/\\\/exaudi.org\\\/es\\\/fe-y-razon-las-dos-alas-para-contemplar-la-verdad\\\/\"},\"author\":{\"name\":\"Francisco Bobadilla\",\"@id\":\"https:\\\/\\\/exaudi.org\\\/#\\\/schema\\\/person\\\/f2d4ad1e1e2bb7dad42a623b75b7166b\"},\"headline\":\"Fe y raz\u00f3n, las dos alas para contemplar la verdad\",\"datePublished\":\"2024-07-04T07:15:46+00:00\",\"mainEntityOfPage\":{\"@id\":\"https:\\\/\\\/exaudi.org\\\/es\\\/fe-y-razon-las-dos-alas-para-contemplar-la-verdad\\\/\"},\"wordCount\":713,\"image\":{\"@id\":\"https:\\\/\\\/exaudi.org\\\/es\\\/fe-y-razon-las-dos-alas-para-contemplar-la-verdad\\\/#primaryimage\"},\"thumbnailUrl\":\"https:\\\/\\\/exaudi.org\\\/wp-content\\\/uploads\\\/2024\\\/07\\\/aaron-burden-4eWwSxaDhe4-unsplash-1-scaled.jpg\",\"keywords\":[\"fe\",\"Featured\",\"Filosof\u00eda\",\"Francisco Bobadilla\",\"Josef Pieper\",\"Raz\u00f3n\",\"Santo Tom\u00e1s de Aquino\",\"Teologia\"],\"articleSection\":[\"Voces\"],\"inLanguage\":\"es\"},{\"@type\":\"WebPage\",\"@id\":\"https:\\\/\\\/exaudi.org\\\/es\\\/fe-y-razon-las-dos-alas-para-contemplar-la-verdad\\\/\",\"url\":\"https:\\\/\\\/exaudi.org\\\/es\\\/fe-y-razon-las-dos-alas-para-contemplar-la-verdad\\\/\",\"name\":\"Fe y raz\u00f3n, las dos alas para contemplar la verdad &#8211; Exaudi\",\"isPartOf\":{\"@id\":\"https:\\\/\\\/exaudi.org\\\/#website\"},\"primaryImageOfPage\":{\"@id\":\"https:\\\/\\\/exaudi.org\\\/es\\\/fe-y-razon-las-dos-alas-para-contemplar-la-verdad\\\/#primaryimage\"},\"image\":{\"@id\":\"https:\\\/\\\/exaudi.org\\\/es\\\/fe-y-razon-las-dos-alas-para-contemplar-la-verdad\\\/#primaryimage\"},\"thumbnailUrl\":\"https:\\\/\\\/exaudi.org\\\/wp-content\\\/uploads\\\/2024\\\/07\\\/aaron-burden-4eWwSxaDhe4-unsplash-1-scaled.jpg\",\"datePublished\":\"2024-07-04T07:15:46+00:00\",\"author\":{\"@id\":\"https:\\\/\\\/exaudi.org\\\/#\\\/schema\\\/person\\\/f2d4ad1e1e2bb7dad42a623b75b7166b\"},\"breadcrumb\":{\"@id\":\"https:\\\/\\\/exaudi.org\\\/es\\\/fe-y-razon-las-dos-alas-para-contemplar-la-verdad\\\/#breadcrumb\"},\"inLanguage\":\"es\",\"potentialAction\":[{\"@type\":\"ReadAction\",\"target\":[\"https:\\\/\\\/exaudi.org\\\/es\\\/fe-y-razon-las-dos-alas-para-contemplar-la-verdad\\\/\"]}]},{\"@type\":\"ImageObject\",\"inLanguage\":\"es\",\"@id\":\"https:\\\/\\\/exaudi.org\\\/es\\\/fe-y-razon-las-dos-alas-para-contemplar-la-verdad\\\/#primaryimage\",\"url\":\"https:\\\/\\\/exaudi.org\\\/wp-content\\\/uploads\\\/2024\\\/07\\\/aaron-burden-4eWwSxaDhe4-unsplash-1-scaled.jpg\",\"contentUrl\":\"https:\\\/\\\/exaudi.org\\\/wp-content\\\/uploads\\\/2024\\\/07\\\/aaron-burden-4eWwSxaDhe4-unsplash-1-scaled.jpg\",\"width\":2560,\"height\":1920,\"caption\":\"Foto de Aaron Burden en Unsplash\"},{\"@type\":\"BreadcrumbList\",\"@id\":\"https:\\\/\\\/exaudi.org\\\/es\\\/fe-y-razon-las-dos-alas-para-contemplar-la-verdad\\\/#breadcrumb\",\"itemListElement\":[{\"@type\":\"ListItem\",\"position\":1,\"name\":\"Portada\",\"item\":\"https:\\\/\\\/exaudi.org\\\/es\\\/\"},{\"@type\":\"ListItem\",\"position\":2,\"name\":\"Fe y raz\u00f3n, las dos alas para contemplar la verdad\"}]},{\"@type\":\"WebSite\",\"@id\":\"https:\\\/\\\/exaudi.org\\\/#website\",\"url\":\"https:\\\/\\\/exaudi.org\\\/\",\"name\":\"Exaudi\",\"description\":\"News\",\"potentialAction\":[{\"@type\":\"SearchAction\",\"target\":{\"@type\":\"EntryPoint\",\"urlTemplate\":\"https:\\\/\\\/exaudi.org\\\/?s={search_term_string}\"},\"query-input\":{\"@type\":\"PropertyValueSpecification\",\"valueRequired\":true,\"valueName\":\"search_term_string\"}}],\"inLanguage\":\"es\"},{\"@type\":\"Person\",\"@id\":\"https:\\\/\\\/exaudi.org\\\/#\\\/schema\\\/person\\\/f2d4ad1e1e2bb7dad42a623b75b7166b\",\"name\":\"Francisco Bobadilla\",\"image\":{\"@type\":\"ImageObject\",\"inLanguage\":\"es\",\"@id\":\"https:\\\/\\\/secure.gravatar.com\\\/avatar\\\/8d65d74eeda045f5ef133a25b739fed12768ab871a0ddb2772cf98408d61ee37?s=96&d=mm&r=g\",\"url\":\"https:\\\/\\\/secure.gravatar.com\\\/avatar\\\/8d65d74eeda045f5ef133a25b739fed12768ab871a0ddb2772cf98408d61ee37?s=96&d=mm&r=g\",\"contentUrl\":\"https:\\\/\\\/secure.gravatar.com\\\/avatar\\\/8d65d74eeda045f5ef133a25b739fed12768ab871a0ddb2772cf98408d61ee37?s=96&d=mm&r=g\",\"caption\":\"Francisco Bobadilla\"},\"description\":\"Francisco Bobadilla es profesor principal de la Universidad de Piura, donde dicta clases para el pre-grado y posgrado. Interesado en las Humanidades y en la dimensi\u00f3n \u00e9tica de la conducta humana. Lector habitual, de cuyas lecturas se nutre en gran parte este blog. Es autor, entre otros, de los libros \u201cPasi\u00f3n por la Excelencia\u201d, \u201cEmpresas con alma\u201d, \u00abProgreso econ\u00f3mico y desarrollo humano\u00bb, \u00abEl C\u00f3digo da Vinci: de la ficci\u00f3n a la realidad\u00bb; \u00abLa disponibilidad de los derechos de la personalidad\u00bb. Abogado y Master en Derecho Civil por la PUCP, doctor en Derecho por la Universidad de Zaragoza; Licenciado en Ciencias de la Informaci\u00f3n por la Universidad de Piura. Sus temas: pensamiento pol\u00edtico y social, \u00e9tica y cultura, derechos de la persona.\",\"sameAs\":[\"https:\\\/\\\/tertuliaabierta.wordpress.com\\\/\"],\"url\":\"https:\\\/\\\/exaudi.org\\\/es\\\/author\\\/francisco-bobadilla\\\/\"}]}<\/script>\n<!-- \/ Yoast SEO plugin. -->","yoast_head_json":{"title":"Fe y raz\u00f3n, las dos alas para contemplar la verdad &#8211; Exaudi","robots":{"index":"index","follow":"follow","max-snippet":"max-snippet:-1","max-image-preview":"max-image-preview:large","max-video-preview":"max-video-preview:-1"},"canonical":"https:\/\/exaudi.org\/es\/fe-y-razon-las-dos-alas-para-contemplar-la-verdad\/","og_locale":"es_ES","og_type":"article","og_title":"Fe y raz\u00f3n, las dos alas para contemplar la verdad &#8211; Exaudi","og_description":"El legado de Santo Tom\u00e1s de Aquino","og_url":"https:\/\/exaudi.org\/es\/fe-y-razon-las-dos-alas-para-contemplar-la-verdad\/","og_site_name":"Exaudi","article_publisher":"https:\/\/www.facebook.com\/ExaudiNews","article_published_time":"2024-07-04T07:15:46+00:00","og_image":[{"width":2560,"height":1920,"url":"https:\/\/exaudi.org\/wp-content\/uploads\/2024\/07\/aaron-burden-4eWwSxaDhe4-unsplash-1-scaled.jpg","type":"image\/jpeg"}],"author":"Francisco Bobadilla","twitter_card":"summary_large_image","twitter_creator":"@Exaudi_News","twitter_site":"@Exaudi_News","twitter_misc":{"Escrito por":"Francisco Bobadilla","Tiempo de lectura":"4 minutos"},"schema":{"@context":"https:\/\/schema.org","@graph":[{"@type":"Article","@id":"https:\/\/exaudi.org\/es\/fe-y-razon-las-dos-alas-para-contemplar-la-verdad\/#article","isPartOf":{"@id":"https:\/\/exaudi.org\/es\/fe-y-razon-las-dos-alas-para-contemplar-la-verdad\/"},"author":{"name":"Francisco Bobadilla","@id":"https:\/\/exaudi.org\/#\/schema\/person\/f2d4ad1e1e2bb7dad42a623b75b7166b"},"headline":"Fe y raz\u00f3n, las dos alas para contemplar la verdad","datePublished":"2024-07-04T07:15:46+00:00","mainEntityOfPage":{"@id":"https:\/\/exaudi.org\/es\/fe-y-razon-las-dos-alas-para-contemplar-la-verdad\/"},"wordCount":713,"image":{"@id":"https:\/\/exaudi.org\/es\/fe-y-razon-las-dos-alas-para-contemplar-la-verdad\/#primaryimage"},"thumbnailUrl":"https:\/\/exaudi.org\/wp-content\/uploads\/2024\/07\/aaron-burden-4eWwSxaDhe4-unsplash-1-scaled.jpg","keywords":["fe","Featured","Filosof\u00eda","Francisco Bobadilla","Josef Pieper","Raz\u00f3n","Santo Tom\u00e1s de Aquino","Teologia"],"articleSection":["Voces"],"inLanguage":"es"},{"@type":"WebPage","@id":"https:\/\/exaudi.org\/es\/fe-y-razon-las-dos-alas-para-contemplar-la-verdad\/","url":"https:\/\/exaudi.org\/es\/fe-y-razon-las-dos-alas-para-contemplar-la-verdad\/","name":"Fe y raz\u00f3n, las dos alas para contemplar la verdad &#8211; Exaudi","isPartOf":{"@id":"https:\/\/exaudi.org\/#website"},"primaryImageOfPage":{"@id":"https:\/\/exaudi.org\/es\/fe-y-razon-las-dos-alas-para-contemplar-la-verdad\/#primaryimage"},"image":{"@id":"https:\/\/exaudi.org\/es\/fe-y-razon-las-dos-alas-para-contemplar-la-verdad\/#primaryimage"},"thumbnailUrl":"https:\/\/exaudi.org\/wp-content\/uploads\/2024\/07\/aaron-burden-4eWwSxaDhe4-unsplash-1-scaled.jpg","datePublished":"2024-07-04T07:15:46+00:00","author":{"@id":"https:\/\/exaudi.org\/#\/schema\/person\/f2d4ad1e1e2bb7dad42a623b75b7166b"},"breadcrumb":{"@id":"https:\/\/exaudi.org\/es\/fe-y-razon-las-dos-alas-para-contemplar-la-verdad\/#breadcrumb"},"inLanguage":"es","potentialAction":[{"@type":"ReadAction","target":["https:\/\/exaudi.org\/es\/fe-y-razon-las-dos-alas-para-contemplar-la-verdad\/"]}]},{"@type":"ImageObject","inLanguage":"es","@id":"https:\/\/exaudi.org\/es\/fe-y-razon-las-dos-alas-para-contemplar-la-verdad\/#primaryimage","url":"https:\/\/exaudi.org\/wp-content\/uploads\/2024\/07\/aaron-burden-4eWwSxaDhe4-unsplash-1-scaled.jpg","contentUrl":"https:\/\/exaudi.org\/wp-content\/uploads\/2024\/07\/aaron-burden-4eWwSxaDhe4-unsplash-1-scaled.jpg","width":2560,"height":1920,"caption":"Foto de Aaron Burden en Unsplash"},{"@type":"BreadcrumbList","@id":"https:\/\/exaudi.org\/es\/fe-y-razon-las-dos-alas-para-contemplar-la-verdad\/#breadcrumb","itemListElement":[{"@type":"ListItem","position":1,"name":"Portada","item":"https:\/\/exaudi.org\/es\/"},{"@type":"ListItem","position":2,"name":"Fe y raz\u00f3n, las dos alas para contemplar la verdad"}]},{"@type":"WebSite","@id":"https:\/\/exaudi.org\/#website","url":"https:\/\/exaudi.org\/","name":"Exaudi","description":"News","potentialAction":[{"@type":"SearchAction","target":{"@type":"EntryPoint","urlTemplate":"https:\/\/exaudi.org\/?s={search_term_string}"},"query-input":{"@type":"PropertyValueSpecification","valueRequired":true,"valueName":"search_term_string"}}],"inLanguage":"es"},{"@type":"Person","@id":"https:\/\/exaudi.org\/#\/schema\/person\/f2d4ad1e1e2bb7dad42a623b75b7166b","name":"Francisco Bobadilla","image":{"@type":"ImageObject","inLanguage":"es","@id":"https:\/\/secure.gravatar.com\/avatar\/8d65d74eeda045f5ef133a25b739fed12768ab871a0ddb2772cf98408d61ee37?s=96&d=mm&r=g","url":"https:\/\/secure.gravatar.com\/avatar\/8d65d74eeda045f5ef133a25b739fed12768ab871a0ddb2772cf98408d61ee37?s=96&d=mm&r=g","contentUrl":"https:\/\/secure.gravatar.com\/avatar\/8d65d74eeda045f5ef133a25b739fed12768ab871a0ddb2772cf98408d61ee37?s=96&d=mm&r=g","caption":"Francisco Bobadilla"},"description":"Francisco Bobadilla es profesor principal de la Universidad de Piura, donde dicta clases para el pre-grado y posgrado. Interesado en las Humanidades y en la dimensi\u00f3n \u00e9tica de la conducta humana. Lector habitual, de cuyas lecturas se nutre en gran parte este blog. Es autor, entre otros, de los libros \u201cPasi\u00f3n por la Excelencia\u201d, \u201cEmpresas con alma\u201d, \u00abProgreso econ\u00f3mico y desarrollo humano\u00bb, \u00abEl C\u00f3digo da Vinci: de la ficci\u00f3n a la realidad\u00bb; \u00abLa disponibilidad de los derechos de la personalidad\u00bb. Abogado y Master en Derecho Civil por la PUCP, doctor en Derecho por la Universidad de Zaragoza; Licenciado en Ciencias de la Informaci\u00f3n por la Universidad de Piura. Sus temas: pensamiento pol\u00edtico y social, \u00e9tica y cultura, derechos de la persona.","sameAs":["https:\/\/tertuliaabierta.wordpress.com\/"],"url":"https:\/\/exaudi.org\/es\/author\/francisco-bobadilla\/"}]}},"jetpack_featured_media_url":"https:\/\/exaudi.org\/wp-content\/uploads\/2024\/07\/aaron-burden-4eWwSxaDhe4-unsplash-1-scaled.jpg","jetpack_shortlink":"https:\/\/wp.me\/pgKjF2-r9X","_links":{"self":[{"href":"https:\/\/exaudi.org\/es\/wp-json\/wp\/v2\/posts\/104405","targetHints":{"allow":["GET"]}}],"collection":[{"href":"https:\/\/exaudi.org\/es\/wp-json\/wp\/v2\/posts"}],"about":[{"href":"https:\/\/exaudi.org\/es\/wp-json\/wp\/v2\/types\/post"}],"author":[{"embeddable":true,"href":"https:\/\/exaudi.org\/es\/wp-json\/wp\/v2\/users\/109"}],"replies":[{"embeddable":true,"href":"https:\/\/exaudi.org\/es\/wp-json\/wp\/v2\/comments?post=104405"}],"version-history":[{"count":0,"href":"https:\/\/exaudi.org\/es\/wp-json\/wp\/v2\/posts\/104405\/revisions"}],"wp:featuredmedia":[{"embeddable":true,"href":"https:\/\/exaudi.org\/es\/wp-json\/wp\/v2\/media\/104406"}],"wp:attachment":[{"href":"https:\/\/exaudi.org\/es\/wp-json\/wp\/v2\/media?parent=104405"}],"wp:term":[{"taxonomy":"category","embeddable":true,"href":"https:\/\/exaudi.org\/es\/wp-json\/wp\/v2\/categories?post=104405"},{"taxonomy":"post_tag","embeddable":true,"href":"https:\/\/exaudi.org\/es\/wp-json\/wp\/v2\/tags?post=104405"}],"curies":[{"name":"wp","href":"https:\/\/api.w.org\/{rel}","templated":true}]}}