{"id":104385,"date":"2024-07-03T08:30:09","date_gmt":"2024-07-03T06:30:09","guid":{"rendered":"https:\/\/exaudi.org\/?p=104385"},"modified":"2024-07-03T09:22:23","modified_gmt":"2024-07-03T07:22:23","slug":"francisco-pide-rezar-por-el-cuidado-pastoral-de-los-enfermos","status":"publish","type":"post","link":"https:\/\/exaudi.org\/es\/francisco-pide-rezar-por-el-cuidado-pastoral-de-los-enfermos\/","title":{"rendered":"Francisco pide rezar por el cuidado pastoral de los enfermos"},"content":{"rendered":"<audio class=\"wp-audio-shortcode\" id=\"audio-104385-1\" preload=\"none\" style=\"width: 100%;\" controls=\"controls\"><source type=\"audio\/mpeg\" src=\"https:\/\/exaudi.org\/wp-content\/uploads\/2024\/07\/Por-el-cuidado-pastoral-de-los-enfermos-El-Video-del-Papa-7-Julio-2024.mp3?_=1\" \/><a href=\"https:\/\/exaudi.org\/wp-content\/uploads\/2024\/07\/Por-el-cuidado-pastoral-de-los-enfermos-El-Video-del-Papa-7-Julio-2024.mp3\">https:\/\/exaudi.org\/wp-content\/uploads\/2024\/07\/Por-el-cuidado-pastoral-de-los-enfermos-El-Video-del-Papa-7-Julio-2024.mp3<\/a><\/audio>\n<p>\u00abCuando el sacerdote se acerca a una persona para darle la Unci\u00f3n de los Enfermos, no est\u00e1 necesariamente ayud\u00e1ndole a despedirse de la vida. Pensar as\u00ed es renunciar a toda esperanza. Es dar por sentado que despu\u00e9s del cura llega el enterrador\u00bb, afirma el Papa Francisco en el video difundido el martes 2 de julio. Este mensaje, producido por la Red Mundial de Oraci\u00f3n del Papa (RMOP) en colaboraci\u00f3n con un equipo de la Arquidi\u00f3cesis de Los \u00c1ngeles, recalca que la Unci\u00f3n de los Enfermos sana el esp\u00edritu y es recomendable tanto para personas gravemente enfermas como para los ancianos.<\/p>\n<p>El Pont\u00edfice invita a todos a orar \u00abpara que el sacramento de la Unci\u00f3n de los Enfermos d\u00e9 a quienes lo reciben y a sus seres queridos la fuerza del Se\u00f1or y se convierta en un signo visible de compasi\u00f3n y esperanza\u00bb.<\/p>\n<h3><strong>La cercan\u00eda es la \u201cmedicina\u201d m\u00e1s importante para los enfermos terminales<\/strong><\/h3>\n<p>Desde la RMOP se recuerda que \u00ablos sacramentos de la Iglesia son regalos, formas en las que Jes\u00fas se hace presente para bendecir, animar, acompa\u00f1ar y consolar\u00bb. La Unci\u00f3n de los Enfermos ofrece consuelo tanto a quienes padecen una enfermedad grave como a sus seres queridos, demostrando que el sacerdote no llega para despedir al enfermo, sino para proporcionar apoyo espiritual.<\/p>\n<p>Las im\u00e1genes del video, filmadas en las di\u00f3cesis de Allentown (Pensilvania) y Los \u00c1ngeles (California), ilustran diferentes contextos en los que se administra el sacramento, mostrando historias diversas unidas por la gracia del sacramento y el cari\u00f1o de los seres queridos.<\/p>\n<h3><strong>La Unci\u00f3n de los Enfermos a la luz de los Evangelios<\/strong><\/h3>\n<p>El Padre Fr\u00e9d\u00e9ric Fornos S.J., Director Internacional de la Red Mundial de Oraci\u00f3n del Papa, destaca que aunque muchos han redescubierto la profundidad del Sacramento de la Unci\u00f3n de los Enfermos, todav\u00eda se lo ve a menudo como una preparaci\u00f3n para la muerte. \u201cEsto es lo que dice el Papa Francisco cuando recuerda que, cuando alguien est\u00e1 gravemente enfermo, queremos postergar siempre m\u00e1s el Sacramento de la Unci\u00f3n de los Enfermos, pues persiste la idea de que los sepultureros llegan despu\u00e9s del sacerdote (Audiencia general del 26 de febrero de 2014). Por eso, Papa Francisco desea que este mes podamos redescubrir toda la profundidad y el verdadero sentido de este sacramento, no solo como una preparaci\u00f3n para la muerte, sino como un sacramento que ofrece consuelo a los enfermos en tiempos de enfermedad grave, a sus seres queridos y fuerza a quienes los cuidan\u201d.<\/p>\n<p>La presencia del sacerdote y las personas presentes en la Unci\u00f3n de los Enfermos simboliza el apoyo de toda la comunidad cristiana, que nutre la fe y esperanza del enfermo y asegura a \u00e9l y a su familia que no est\u00e1n solos en su sufrimiento. Todos conocemos personas enfermas; recemos por ellas, y si enfrentan una enfermedad grave o son ancianos en declive, propongamos este Sacramento de consolaci\u00f3n y esperanza.<\/p>\n<p>\u00abEl Video del Papa\u00bb nos recuerda que la Unci\u00f3n de los Enfermos no es solo un ritual final, sino una fuente de fortaleza espiritual y comunitaria, vital para aquellos que atraviesan momentos de enfermedad y sus seres queridos.<\/p>\n<p><iframe loading=\"lazy\" title=\"Por el cuidado pastoral de los enfermos \u2013 El Video del Papa 7 \u2013 Julio 2024\" width=\"500\" height=\"281\" src=\"https:\/\/www.youtube.com\/embed\/rIkJFbJf_bQ?feature=oembed\" frameborder=\"0\" allow=\"accelerometer; autoplay; clipboard-write; encrypted-media; gyroscope; picture-in-picture; web-share\" referrerpolicy=\"strict-origin-when-cross-origin\" allowfullscreen><\/iframe><\/p>\n","protected":false},"excerpt":{"rendered":"<p>En \u00abEl Video del Papa\u00bb correspondiente a la intenci\u00f3n de oraci\u00f3n para julio de 2024, el Santo Padre subraya la importancia de la Unci\u00f3n de los Enfermos, un sacramento de sanaci\u00f3n que ofrece consuelo espiritual<\/p>\n","protected":false},"author":15,"featured_media":104389,"comment_status":"closed","ping_status":"closed","sticky":false,"template":"","format":"standard","meta":{"_acf_changed":false,"_crdt_document":"","inline_featured_image":false,"footnotes":""},"categories":[68],"tags":[20333,20329,179,10101,3345,20332,19039,16881,20324,9426,10102,624,11789,3164,8397,6359,20325,20330,1460,158,9429,4722,20328,20334,20327,20331,15007,4953,20326],"class_list":["post-104385","post","type-post","status-publish","format-standard","has-post-thumbnail","hentry","category-leon-xiv","tag-apoyo-espiritual","tag-arquidiocesis-de-los-angeles","tag-audiencia-general","tag-cercania","tag-compasion","tag-comunidad-cristiana","tag-consuelo","tag-consuelo-espiritual","tag-cuidado-pastoral","tag-el-video-del-papa","tag-enfermos","tag-esperanza","tag-espiritu","tag-fe-es","tag-francisco","tag-intencion-de-oracion","tag-julio-2024","tag-medicina-para-enfermos-terminales","tag-padre-frederic-fornos","tag-papa-francisco","tag-red-mundial-de-oracion-del-papa","tag-rezar","tag-rmop","tag-sacramento-de-consolacion","tag-sacramento-de-sanacion","tag-sacramentos-de-la-iglesia","tag-santo-padre","tag-trending-es","tag-uncion-de-los-enfermos"],"acf":[],"yoast_head":"<!-- This site is optimized with the Yoast SEO plugin v27.5 - https:\/\/yoast.com\/product\/yoast-seo-wordpress\/ -->\n<title>Francisco pide rezar por el cuidado pastoral de los enfermos &#8211; Exaudi<\/title>\n<meta name=\"robots\" content=\"index, follow, max-snippet:-1, max-image-preview:large, max-video-preview:-1\" \/>\n<link rel=\"canonical\" href=\"https:\/\/exaudi.org\/es\/francisco-pide-rezar-por-el-cuidado-pastoral-de-los-enfermos\/\" \/>\n<meta property=\"og:locale\" content=\"es_ES\" \/>\n<meta property=\"og:type\" content=\"article\" \/>\n<meta property=\"og:title\" content=\"Francisco pide rezar por el cuidado pastoral de los enfermos &#8211; Exaudi\" \/>\n<meta property=\"og:description\" content=\"En &quot;El Video del Papa&quot; correspondiente a la intenci\u00f3n de oraci\u00f3n para julio de 2024, el Santo Padre subraya la importancia de la Unci\u00f3n de los Enfermos, un sacramento de sanaci\u00f3n que ofrece consuelo espiritual\" \/>\n<meta property=\"og:url\" content=\"https:\/\/exaudi.org\/es\/francisco-pide-rezar-por-el-cuidado-pastoral-de-los-enfermos\/\" \/>\n<meta property=\"og:site_name\" content=\"Exaudi\" \/>\n<meta property=\"article:publisher\" content=\"https:\/\/www.facebook.com\/ExaudiNews\" \/>\n<meta property=\"article:author\" content=\"https:\/\/www.facebook.com\/ExaudiNoticias\/\" \/>\n<meta property=\"article:published_time\" content=\"2024-07-03T06:30:09+00:00\" \/>\n<meta property=\"article:modified_time\" content=\"2024-07-03T07:22:23+00:00\" \/>\n<meta property=\"og:image\" content=\"https:\/\/exaudi.org\/wp-content\/uploads\/2024\/07\/Official-Image-TPV-7-2024-ES-Por-el-cuidado-pastoral-de-los-enfermos-889x500-1.png\" \/>\n\t<meta property=\"og:image:width\" content=\"889\" \/>\n\t<meta property=\"og:image:height\" content=\"500\" \/>\n\t<meta property=\"og:image:type\" content=\"image\/png\" \/>\n<meta name=\"author\" content=\"Exaudi Redacci\u00f3n\" \/>\n<meta name=\"twitter:card\" content=\"summary_large_image\" \/>\n<meta name=\"twitter:creator\" content=\"@Exaudi_noticias\" \/>\n<meta name=\"twitter:site\" content=\"@Exaudi_News\" \/>\n<meta name=\"twitter:label1\" content=\"Escrito por\" \/>\n\t<meta name=\"twitter:data1\" content=\"Exaudi Redacci\u00f3n\" \/>\n\t<meta name=\"twitter:label2\" content=\"Tiempo de lectura\" \/>\n\t<meta name=\"twitter:data2\" content=\"3 minutos\" \/>\n<script type=\"application\/ld+json\" class=\"yoast-schema-graph\">{\"@context\":\"https:\\\/\\\/schema.org\",\"@graph\":[{\"@type\":\"Article\",\"@id\":\"https:\\\/\\\/exaudi.org\\\/es\\\/francisco-pide-rezar-por-el-cuidado-pastoral-de-los-enfermos\\\/#article\",\"isPartOf\":{\"@id\":\"https:\\\/\\\/exaudi.org\\\/es\\\/francisco-pide-rezar-por-el-cuidado-pastoral-de-los-enfermos\\\/\"},\"author\":{\"name\":\"Exaudi Redacci\u00f3n\",\"@id\":\"https:\\\/\\\/exaudi.org\\\/#\\\/schema\\\/person\\\/f5fc8f063065e38742da7afe15f25df7\"},\"headline\":\"Francisco pide rezar por el cuidado pastoral de los enfermos\",\"datePublished\":\"2024-07-03T06:30:09+00:00\",\"dateModified\":\"2024-07-03T07:22:23+00:00\",\"mainEntityOfPage\":{\"@id\":\"https:\\\/\\\/exaudi.org\\\/es\\\/francisco-pide-rezar-por-el-cuidado-pastoral-de-los-enfermos\\\/\"},\"wordCount\":580,\"image\":{\"@id\":\"https:\\\/\\\/exaudi.org\\\/es\\\/francisco-pide-rezar-por-el-cuidado-pastoral-de-los-enfermos\\\/#primaryimage\"},\"thumbnailUrl\":\"https:\\\/\\\/exaudi.org\\\/wp-content\\\/uploads\\\/2024\\\/07\\\/Official-Image-TPV-7-2024-ES-Por-el-cuidado-pastoral-de-los-enfermos-889x500-1.png\",\"keywords\":[\"apoyo espiritual\",\"Arquidi\u00f3cesis de Los \u00c1ngeles\",\"audiencia general\",\"cercan\u00eda\",\"Compasi\u00f3n\",\"comunidad cristiana\",\"consuelo\",\"consuelo espiritual\",\"cuidado pastoral\",\"El video del Papa\",\"enfermos\",\"Esperanza\",\"Esp\u00edritu\",\"fe\",\"Francisco\",\"intenci\u00f3n de oraci\u00f3n\",\"julio 2024\",\"medicina para enfermos terminales\",\"Padre\u00a0Fr\u00e9d\u00e9ric Fornos\",\"papa francisco\",\"Red Mundial de Oraci\u00f3n del Papa\",\"rezar\",\"RMOP\",\"sacramento de consolaci\u00f3n\",\"sacramento de sanaci\u00f3n\",\"sacramentos de la Iglesia\",\"Santo Padre\",\"Trending\",\"Unci\u00f3n de los Enfermos\"],\"articleSection\":[\"Le\u00f3n XIV\"],\"inLanguage\":\"es\"},{\"@type\":\"WebPage\",\"@id\":\"https:\\\/\\\/exaudi.org\\\/es\\\/francisco-pide-rezar-por-el-cuidado-pastoral-de-los-enfermos\\\/\",\"url\":\"https:\\\/\\\/exaudi.org\\\/es\\\/francisco-pide-rezar-por-el-cuidado-pastoral-de-los-enfermos\\\/\",\"name\":\"Francisco pide rezar por el cuidado pastoral de los enfermos &#8211; Exaudi\",\"isPartOf\":{\"@id\":\"https:\\\/\\\/exaudi.org\\\/#website\"},\"primaryImageOfPage\":{\"@id\":\"https:\\\/\\\/exaudi.org\\\/es\\\/francisco-pide-rezar-por-el-cuidado-pastoral-de-los-enfermos\\\/#primaryimage\"},\"image\":{\"@id\":\"https:\\\/\\\/exaudi.org\\\/es\\\/francisco-pide-rezar-por-el-cuidado-pastoral-de-los-enfermos\\\/#primaryimage\"},\"thumbnailUrl\":\"https:\\\/\\\/exaudi.org\\\/wp-content\\\/uploads\\\/2024\\\/07\\\/Official-Image-TPV-7-2024-ES-Por-el-cuidado-pastoral-de-los-enfermos-889x500-1.png\",\"datePublished\":\"2024-07-03T06:30:09+00:00\",\"dateModified\":\"2024-07-03T07:22:23+00:00\",\"author\":{\"@id\":\"https:\\\/\\\/exaudi.org\\\/#\\\/schema\\\/person\\\/f5fc8f063065e38742da7afe15f25df7\"},\"breadcrumb\":{\"@id\":\"https:\\\/\\\/exaudi.org\\\/es\\\/francisco-pide-rezar-por-el-cuidado-pastoral-de-los-enfermos\\\/#breadcrumb\"},\"inLanguage\":\"es\",\"potentialAction\":[{\"@type\":\"ReadAction\",\"target\":[\"https:\\\/\\\/exaudi.org\\\/es\\\/francisco-pide-rezar-por-el-cuidado-pastoral-de-los-enfermos\\\/\"]}]},{\"@type\":\"ImageObject\",\"inLanguage\":\"es\",\"@id\":\"https:\\\/\\\/exaudi.org\\\/es\\\/francisco-pide-rezar-por-el-cuidado-pastoral-de-los-enfermos\\\/#primaryimage\",\"url\":\"https:\\\/\\\/exaudi.org\\\/wp-content\\\/uploads\\\/2024\\\/07\\\/Official-Image-TPV-7-2024-ES-Por-el-cuidado-pastoral-de-los-enfermos-889x500-1.png\",\"contentUrl\":\"https:\\\/\\\/exaudi.org\\\/wp-content\\\/uploads\\\/2024\\\/07\\\/Official-Image-TPV-7-2024-ES-Por-el-cuidado-pastoral-de-los-enfermos-889x500-1.png\",\"width\":889,\"height\":500},{\"@type\":\"BreadcrumbList\",\"@id\":\"https:\\\/\\\/exaudi.org\\\/es\\\/francisco-pide-rezar-por-el-cuidado-pastoral-de-los-enfermos\\\/#breadcrumb\",\"itemListElement\":[{\"@type\":\"ListItem\",\"position\":1,\"name\":\"Portada\",\"item\":\"https:\\\/\\\/exaudi.org\\\/es\\\/\"},{\"@type\":\"ListItem\",\"position\":2,\"name\":\"Francisco pide rezar por el cuidado pastoral de los enfermos\"}]},{\"@type\":\"WebSite\",\"@id\":\"https:\\\/\\\/exaudi.org\\\/#website\",\"url\":\"https:\\\/\\\/exaudi.org\\\/\",\"name\":\"Exaudi\",\"description\":\"News\",\"potentialAction\":[{\"@type\":\"SearchAction\",\"target\":{\"@type\":\"EntryPoint\",\"urlTemplate\":\"https:\\\/\\\/exaudi.org\\\/?s={search_term_string}\"},\"query-input\":{\"@type\":\"PropertyValueSpecification\",\"valueRequired\":true,\"valueName\":\"search_term_string\"}}],\"inLanguage\":\"es\"},{\"@type\":\"Person\",\"@id\":\"https:\\\/\\\/exaudi.org\\\/#\\\/schema\\\/person\\\/f5fc8f063065e38742da7afe15f25df7\",\"name\":\"Exaudi Redacci\u00f3n\",\"image\":{\"@type\":\"ImageObject\",\"inLanguage\":\"es\",\"@id\":\"https:\\\/\\\/secure.gravatar.com\\\/avatar\\\/fe0f6a059fb68d9b3e11bc5850dd4899b1c7492091a3cb6dd9b01b56ad828be2?s=96&d=mm&r=g\",\"url\":\"https:\\\/\\\/secure.gravatar.com\\\/avatar\\\/fe0f6a059fb68d9b3e11bc5850dd4899b1c7492091a3cb6dd9b01b56ad828be2?s=96&d=mm&r=g\",\"contentUrl\":\"https:\\\/\\\/secure.gravatar.com\\\/avatar\\\/fe0f6a059fb68d9b3e11bc5850dd4899b1c7492091a3cb6dd9b01b56ad828be2?s=96&d=mm&r=g\",\"caption\":\"Exaudi Redacci\u00f3n\"},\"description\":\"\u00bfQu\u00e9 es Exaudi News? Exaudi News es un medio de comunicaci\u00f3n cat\u00f3lico internacional que informa, forma y transforma, diariamente en espa\u00f1ol, ingl\u00e9s e italiano. A trav\u00e9s de noticias, art\u00edculos de an\u00e1lisis y transmisiones en directo de los eventos del Papa, Exaudi busca fortalecer la unidad de los cristianos y contribuir a la evangelizaci\u00f3n del mundo, siempre guiados por la doctrina social de la Iglesia. Trabajamos para acercar la verdad y los valores cristianos a cada rinc\u00f3n del planeta. \u00a1Ay\u00fadanos a transformar el mundo con Exaudi! En Exaudi creemos que la evangelizaci\u00f3n y la informaci\u00f3n de calidad pueden cambiar vidas. Para continuar con nuestra misi\u00f3n y expandir nuestro alcance, necesitamos tu ayuda. Adem\u00e1s, buscamos personas comprometidas que deseen unirse a nuestro equipo. Con tu apoyo, lograremos llegar a m\u00e1s personas, difundir el mensaje de Cristo y reforzar la unidad de los cristianos. \u00bfTe unes a nuestra misi\u00f3n? Para m\u00e1s informaci\u00f3n sobre c\u00f3mo colaborar, visita Exaudi.org\\\/es o cont\u00e1ctanos directamente: info@exaudi.org Exaudi: Informa, forma y transforma.\",\"sameAs\":[\"https:\\\/\\\/www.facebook.com\\\/ExaudiNoticias\\\/\",\"https:\\\/\\\/www.instagram.com\\\/exaudi_noticias\\\/\",\"https:\\\/\\\/x.com\\\/Exaudi_noticias\",\"https:\\\/\\\/www.youtube.com\\\/@exaudicatholicnews\"],\"url\":\"https:\\\/\\\/exaudi.org\\\/es\\\/author\\\/redaccionexaudi\\\/\"}]}<\/script>\n<!-- \/ Yoast SEO plugin. -->","yoast_head_json":{"title":"Francisco pide rezar por el cuidado pastoral de los enfermos &#8211; Exaudi","robots":{"index":"index","follow":"follow","max-snippet":"max-snippet:-1","max-image-preview":"max-image-preview:large","max-video-preview":"max-video-preview:-1"},"canonical":"https:\/\/exaudi.org\/es\/francisco-pide-rezar-por-el-cuidado-pastoral-de-los-enfermos\/","og_locale":"es_ES","og_type":"article","og_title":"Francisco pide rezar por el cuidado pastoral de los enfermos &#8211; Exaudi","og_description":"En \"El Video del Papa\" correspondiente a la intenci\u00f3n de oraci\u00f3n para julio de 2024, el Santo Padre subraya la importancia de la Unci\u00f3n de los Enfermos, un sacramento de sanaci\u00f3n que ofrece consuelo espiritual","og_url":"https:\/\/exaudi.org\/es\/francisco-pide-rezar-por-el-cuidado-pastoral-de-los-enfermos\/","og_site_name":"Exaudi","article_publisher":"https:\/\/www.facebook.com\/ExaudiNews","article_author":"https:\/\/www.facebook.com\/ExaudiNoticias\/","article_published_time":"2024-07-03T06:30:09+00:00","article_modified_time":"2024-07-03T07:22:23+00:00","og_image":[{"width":889,"height":500,"url":"https:\/\/exaudi.org\/wp-content\/uploads\/2024\/07\/Official-Image-TPV-7-2024-ES-Por-el-cuidado-pastoral-de-los-enfermos-889x500-1.png","type":"image\/png"}],"author":"Exaudi Redacci\u00f3n","twitter_card":"summary_large_image","twitter_creator":"@Exaudi_noticias","twitter_site":"@Exaudi_News","twitter_misc":{"Escrito por":"Exaudi Redacci\u00f3n","Tiempo de lectura":"3 minutos"},"schema":{"@context":"https:\/\/schema.org","@graph":[{"@type":"Article","@id":"https:\/\/exaudi.org\/es\/francisco-pide-rezar-por-el-cuidado-pastoral-de-los-enfermos\/#article","isPartOf":{"@id":"https:\/\/exaudi.org\/es\/francisco-pide-rezar-por-el-cuidado-pastoral-de-los-enfermos\/"},"author":{"name":"Exaudi Redacci\u00f3n","@id":"https:\/\/exaudi.org\/#\/schema\/person\/f5fc8f063065e38742da7afe15f25df7"},"headline":"Francisco pide rezar por el cuidado pastoral de los enfermos","datePublished":"2024-07-03T06:30:09+00:00","dateModified":"2024-07-03T07:22:23+00:00","mainEntityOfPage":{"@id":"https:\/\/exaudi.org\/es\/francisco-pide-rezar-por-el-cuidado-pastoral-de-los-enfermos\/"},"wordCount":580,"image":{"@id":"https:\/\/exaudi.org\/es\/francisco-pide-rezar-por-el-cuidado-pastoral-de-los-enfermos\/#primaryimage"},"thumbnailUrl":"https:\/\/exaudi.org\/wp-content\/uploads\/2024\/07\/Official-Image-TPV-7-2024-ES-Por-el-cuidado-pastoral-de-los-enfermos-889x500-1.png","keywords":["apoyo espiritual","Arquidi\u00f3cesis de Los \u00c1ngeles","audiencia general","cercan\u00eda","Compasi\u00f3n","comunidad cristiana","consuelo","consuelo espiritual","cuidado pastoral","El video del Papa","enfermos","Esperanza","Esp\u00edritu","fe","Francisco","intenci\u00f3n de oraci\u00f3n","julio 2024","medicina para enfermos terminales","Padre\u00a0Fr\u00e9d\u00e9ric Fornos","papa francisco","Red Mundial de Oraci\u00f3n del Papa","rezar","RMOP","sacramento de consolaci\u00f3n","sacramento de sanaci\u00f3n","sacramentos de la Iglesia","Santo Padre","Trending","Unci\u00f3n de los Enfermos"],"articleSection":["Le\u00f3n XIV"],"inLanguage":"es"},{"@type":"WebPage","@id":"https:\/\/exaudi.org\/es\/francisco-pide-rezar-por-el-cuidado-pastoral-de-los-enfermos\/","url":"https:\/\/exaudi.org\/es\/francisco-pide-rezar-por-el-cuidado-pastoral-de-los-enfermos\/","name":"Francisco pide rezar por el cuidado pastoral de los enfermos &#8211; Exaudi","isPartOf":{"@id":"https:\/\/exaudi.org\/#website"},"primaryImageOfPage":{"@id":"https:\/\/exaudi.org\/es\/francisco-pide-rezar-por-el-cuidado-pastoral-de-los-enfermos\/#primaryimage"},"image":{"@id":"https:\/\/exaudi.org\/es\/francisco-pide-rezar-por-el-cuidado-pastoral-de-los-enfermos\/#primaryimage"},"thumbnailUrl":"https:\/\/exaudi.org\/wp-content\/uploads\/2024\/07\/Official-Image-TPV-7-2024-ES-Por-el-cuidado-pastoral-de-los-enfermos-889x500-1.png","datePublished":"2024-07-03T06:30:09+00:00","dateModified":"2024-07-03T07:22:23+00:00","author":{"@id":"https:\/\/exaudi.org\/#\/schema\/person\/f5fc8f063065e38742da7afe15f25df7"},"breadcrumb":{"@id":"https:\/\/exaudi.org\/es\/francisco-pide-rezar-por-el-cuidado-pastoral-de-los-enfermos\/#breadcrumb"},"inLanguage":"es","potentialAction":[{"@type":"ReadAction","target":["https:\/\/exaudi.org\/es\/francisco-pide-rezar-por-el-cuidado-pastoral-de-los-enfermos\/"]}]},{"@type":"ImageObject","inLanguage":"es","@id":"https:\/\/exaudi.org\/es\/francisco-pide-rezar-por-el-cuidado-pastoral-de-los-enfermos\/#primaryimage","url":"https:\/\/exaudi.org\/wp-content\/uploads\/2024\/07\/Official-Image-TPV-7-2024-ES-Por-el-cuidado-pastoral-de-los-enfermos-889x500-1.png","contentUrl":"https:\/\/exaudi.org\/wp-content\/uploads\/2024\/07\/Official-Image-TPV-7-2024-ES-Por-el-cuidado-pastoral-de-los-enfermos-889x500-1.png","width":889,"height":500},{"@type":"BreadcrumbList","@id":"https:\/\/exaudi.org\/es\/francisco-pide-rezar-por-el-cuidado-pastoral-de-los-enfermos\/#breadcrumb","itemListElement":[{"@type":"ListItem","position":1,"name":"Portada","item":"https:\/\/exaudi.org\/es\/"},{"@type":"ListItem","position":2,"name":"Francisco pide rezar por el cuidado pastoral de los enfermos"}]},{"@type":"WebSite","@id":"https:\/\/exaudi.org\/#website","url":"https:\/\/exaudi.org\/","name":"Exaudi","description":"News","potentialAction":[{"@type":"SearchAction","target":{"@type":"EntryPoint","urlTemplate":"https:\/\/exaudi.org\/?s={search_term_string}"},"query-input":{"@type":"PropertyValueSpecification","valueRequired":true,"valueName":"search_term_string"}}],"inLanguage":"es"},{"@type":"Person","@id":"https:\/\/exaudi.org\/#\/schema\/person\/f5fc8f063065e38742da7afe15f25df7","name":"Exaudi Redacci\u00f3n","image":{"@type":"ImageObject","inLanguage":"es","@id":"https:\/\/secure.gravatar.com\/avatar\/fe0f6a059fb68d9b3e11bc5850dd4899b1c7492091a3cb6dd9b01b56ad828be2?s=96&d=mm&r=g","url":"https:\/\/secure.gravatar.com\/avatar\/fe0f6a059fb68d9b3e11bc5850dd4899b1c7492091a3cb6dd9b01b56ad828be2?s=96&d=mm&r=g","contentUrl":"https:\/\/secure.gravatar.com\/avatar\/fe0f6a059fb68d9b3e11bc5850dd4899b1c7492091a3cb6dd9b01b56ad828be2?s=96&d=mm&r=g","caption":"Exaudi Redacci\u00f3n"},"description":"\u00bfQu\u00e9 es Exaudi News? Exaudi News es un medio de comunicaci\u00f3n cat\u00f3lico internacional que informa, forma y transforma, diariamente en espa\u00f1ol, ingl\u00e9s e italiano. A trav\u00e9s de noticias, art\u00edculos de an\u00e1lisis y transmisiones en directo de los eventos del Papa, Exaudi busca fortalecer la unidad de los cristianos y contribuir a la evangelizaci\u00f3n del mundo, siempre guiados por la doctrina social de la Iglesia. Trabajamos para acercar la verdad y los valores cristianos a cada rinc\u00f3n del planeta. \u00a1Ay\u00fadanos a transformar el mundo con Exaudi! En Exaudi creemos que la evangelizaci\u00f3n y la informaci\u00f3n de calidad pueden cambiar vidas. Para continuar con nuestra misi\u00f3n y expandir nuestro alcance, necesitamos tu ayuda. Adem\u00e1s, buscamos personas comprometidas que deseen unirse a nuestro equipo. Con tu apoyo, lograremos llegar a m\u00e1s personas, difundir el mensaje de Cristo y reforzar la unidad de los cristianos. \u00bfTe unes a nuestra misi\u00f3n? Para m\u00e1s informaci\u00f3n sobre c\u00f3mo colaborar, visita Exaudi.org\/es o cont\u00e1ctanos directamente: info@exaudi.org Exaudi: Informa, forma y transforma.","sameAs":["https:\/\/www.facebook.com\/ExaudiNoticias\/","https:\/\/www.instagram.com\/exaudi_noticias\/","https:\/\/x.com\/Exaudi_noticias","https:\/\/www.youtube.com\/@exaudicatholicnews"],"url":"https:\/\/exaudi.org\/es\/author\/redaccionexaudi\/"}]}},"jetpack_featured_media_url":"https:\/\/exaudi.org\/wp-content\/uploads\/2024\/07\/Official-Image-TPV-7-2024-ES-Por-el-cuidado-pastoral-de-los-enfermos-889x500-1.png","jetpack_shortlink":"https:\/\/wp.me\/pgKjF2-r9D","_links":{"self":[{"href":"https:\/\/exaudi.org\/es\/wp-json\/wp\/v2\/posts\/104385","targetHints":{"allow":["GET"]}}],"collection":[{"href":"https:\/\/exaudi.org\/es\/wp-json\/wp\/v2\/posts"}],"about":[{"href":"https:\/\/exaudi.org\/es\/wp-json\/wp\/v2\/types\/post"}],"author":[{"embeddable":true,"href":"https:\/\/exaudi.org\/es\/wp-json\/wp\/v2\/users\/15"}],"replies":[{"embeddable":true,"href":"https:\/\/exaudi.org\/es\/wp-json\/wp\/v2\/comments?post=104385"}],"version-history":[{"count":0,"href":"https:\/\/exaudi.org\/es\/wp-json\/wp\/v2\/posts\/104385\/revisions"}],"wp:featuredmedia":[{"embeddable":true,"href":"https:\/\/exaudi.org\/es\/wp-json\/wp\/v2\/media\/104389"}],"wp:attachment":[{"href":"https:\/\/exaudi.org\/es\/wp-json\/wp\/v2\/media?parent=104385"}],"wp:term":[{"taxonomy":"category","embeddable":true,"href":"https:\/\/exaudi.org\/es\/wp-json\/wp\/v2\/categories?post=104385"},{"taxonomy":"post_tag","embeddable":true,"href":"https:\/\/exaudi.org\/es\/wp-json\/wp\/v2\/tags?post=104385"}],"curies":[{"name":"wp","href":"https:\/\/api.w.org\/{rel}","templated":true}]}}