{"id":104342,"date":"2024-07-03T08:30:31","date_gmt":"2024-07-03T06:30:31","guid":{"rendered":"https:\/\/exaudi.org\/?p=104342"},"modified":"2024-07-03T09:02:43","modified_gmt":"2024-07-03T07:02:43","slug":"la-libertad-de-reunion-y-asociacion-pacifica-es-inviolable","status":"publish","type":"post","link":"https:\/\/exaudi.org\/es\/la-libertad-de-reunion-y-asociacion-pacifica-es-inviolable\/","title":{"rendered":"La libertad de reuni\u00f3n y asociaci\u00f3n pac\u00edfica es inviolable"},"content":{"rendered":"<audio class=\"wp-audio-shortcode\" id=\"audio-104342-1\" preload=\"none\" style=\"width: 100%;\" controls=\"controls\"><source type=\"audio\/mpeg\" src=\"https:\/\/exaudi.org\/wp-content\/uploads\/2024\/07\/Inviolable.mp3?_=1\" \/><a href=\"https:\/\/exaudi.org\/wp-content\/uploads\/2024\/07\/Inviolable.mp3\">https:\/\/exaudi.org\/wp-content\/uploads\/2024\/07\/Inviolable.mp3<\/a><\/audio>\n<p>\u201cLa libertad de reuni\u00f3n y asociaci\u00f3n pac\u00edfica, como todos los derechos humanos fundamentales, es universal, inalienable e inviolable\u201d. As\u00ed lo afirm\u00f3 la Misi\u00f3n de Observador Permanente de la Santa Sede ante las Naciones Unidas y otras organizaciones internacionales en Ginebra, con motivo de la 56\u00aa sesi\u00f3n ordinaria del Consejo de Derechos Humanos. En el di\u00e1logo interactivo con el relator especial sobre los derechos a la libertad de reuni\u00f3n y de asociaci\u00f3n pac\u00edficas, que tuvo lugar este 28 de junio en Ginebra, la Delegaci\u00f3n del Vaticano parti\u00f3 del supuesto de que la libertad de reuni\u00f3n y de asociaci\u00f3n pac\u00edficas, junto con el derecho a la libertad de expresi\u00f3n, \u00abconstituye un principio fundamental de toda sociedad democr\u00e1tica que funcione bien\u00bb, porque \u00abfacilita la expresi\u00f3n de opiniones que pueden o no ser compartidas por todos los miembros de una sociedad\u00bb.<\/p>\n<h3><b>Universalidad de los derechos humanos<\/b><\/h3>\n<p>Por tanto, es \u00abindispensable\u00bb proteger este derecho \u00abpara promover la existencia de una sociedad pluralista en la que personas con opiniones o creencias diferentes puedan convivir pac\u00edficamente\u00bb. En este contexto, la Delegaci\u00f3n vaticana subray\u00f3 que \u00abla libertad de reuni\u00f3n pac\u00edfica est\u00e1 indisolublemente ligada a la libertad de religi\u00f3n o de creencias, y que se refuerzan mutuamente, son interdependientes y est\u00e1n interrelacionadas\u00bb. \u201cLa universalidad de los derechos humanos es tal que se aplican a todos los seres humanos sin excepci\u00f3n, en virtud de la dignidad universal de toda persona humana\u201d; como tal, \u201cnadie tiene derecho a privar a otros de \u00e9l, ya que ello ser\u00eda contrario a su naturaleza intr\u00ednseca\u201d.<\/p>\n<h3><b>Limitaciones en casos espec\u00edficos<\/b><\/h3>\n<p>Sin embargo, la Misi\u00f3n en Ginebra reiter\u00f3 la importancia de imponer \u00aben casos espec\u00edficos\u00bb limitaciones al ejercicio de estos derechos, \u00absiempre que tales limitaciones cumplan con las obligaciones jur\u00eddicas internacionales al respecto\u00bb. De hecho, \u201ctodo derecho humano va acompa\u00f1ado de una serie de deberes y responsabilidades que deben ser respetados. En esta interacci\u00f3n entre derechos y responsabilidades, las comunidades se forman y protegen como medio para perseguir el bien com\u00fan.\u00bb<\/p>\n<h3><b>La advertencia del Papa<\/b><\/h3>\n<p>En este sentido, las palabras del Papa fueron recordadas en el primer Mensaje para la Jornada Mundial de la Paz en el que reiter\u00f3 \u00abla necesidad de una participaci\u00f3n democr\u00e1tica y de la implicaci\u00f3n de todos, lo que requiere considerables esfuerzos y perseverancia\u00bb. Una forma de esta participaci\u00f3n es el ejercicio del derecho a la libertad de reuni\u00f3n y de asociaci\u00f3n: \u201cEl Papa Francisco sostiene que dicha participaci\u00f3n es indispensable para evitar que la democracia se atrofie y se convierta en una formalidad. Sin ella, la democracia corre el riesgo de perder su car\u00e1cter representativo y volverse incorp\u00f3rea, sin abordar las luchas diarias de las personas por la dignidad y la construcci\u00f3n de sus vidas\u00bb.<\/p>\n<p><img loading=\"lazy\" decoding=\"async\" class=\"size-full wp-image-104379 alignnone\" src=\"https:\/\/exaudi.org\/wp-content\/uploads\/2024\/07\/Julio-Tudela.jpg\" alt=\"\" width=\"940\" height=\"788\" srcset=\"https:\/\/exaudi.org\/wp-content\/uploads\/2024\/07\/Julio-Tudela.jpg 940w, https:\/\/exaudi.org\/wp-content\/uploads\/2024\/07\/Julio-Tudela-300x251.jpg 300w, https:\/\/exaudi.org\/wp-content\/uploads\/2024\/07\/Julio-Tudela-770x645.jpg 770w, https:\/\/exaudi.org\/wp-content\/uploads\/2024\/07\/Julio-Tudela-500x419.jpg 500w, https:\/\/exaudi.org\/wp-content\/uploads\/2024\/07\/Julio-Tudela-293x246.jpg 293w, https:\/\/exaudi.org\/wp-content\/uploads\/2024\/07\/Julio-Tudela-390x327.jpg 390w\" sizes=\"auto, (max-width: 940px) 100vw, 940px\" \/><\/p>\n","protected":false},"excerpt":{"rendered":"<p>La Misi\u00f3n de Observador Permanente de la Santa Sede en la ONU y otras organizaciones internacionales particip\u00f3 en la 56\u00aa sesi\u00f3n del Consejo de Derechos Humanos en Ginebra, destacando la importancia de proteger el derecho para fomentar una sociedad pluralista donde personas con diversas opiniones y creencias puedan convivir pac\u00edficamente<\/p>\n","protected":false},"author":15,"featured_media":104343,"comment_status":"closed","ping_status":"closed","sticky":false,"template":"","format":"standard","meta":{"_acf_changed":false,"_crdt_document":"","inline_featured_image":false,"footnotes":""},"categories":[132],"tags":[802,1834,1851,1891,4953,272],"class_list":["post-104342","post","type-post","status-publish","format-standard","has-post-thumbnail","hentry","category-vaticano-es","tag-derechos-humanos","tag-libertad-religiosa","tag-onu-es","tag-santa-sede","tag-trending-es","tag-vaticano-es"],"acf":[],"yoast_head":"<!-- This site is optimized with the Yoast SEO plugin v27.5 - https:\/\/yoast.com\/product\/yoast-seo-wordpress\/ -->\n<title>La libertad de reuni\u00f3n y asociaci\u00f3n pac\u00edfica es inviolable &#8211; Exaudi<\/title>\n<meta name=\"robots\" content=\"index, follow, max-snippet:-1, max-image-preview:large, max-video-preview:-1\" \/>\n<link rel=\"canonical\" href=\"https:\/\/exaudi.org\/es\/la-libertad-de-reunion-y-asociacion-pacifica-es-inviolable\/\" \/>\n<meta property=\"og:locale\" content=\"es_ES\" \/>\n<meta property=\"og:type\" content=\"article\" \/>\n<meta property=\"og:title\" content=\"La libertad de reuni\u00f3n y asociaci\u00f3n pac\u00edfica es inviolable &#8211; Exaudi\" \/>\n<meta property=\"og:description\" content=\"La Misi\u00f3n de Observador Permanente de la Santa Sede en la ONU y otras organizaciones internacionales particip\u00f3 en la 56\u00aa sesi\u00f3n del Consejo de Derechos Humanos en Ginebra, destacando la importancia de proteger el derecho para fomentar una sociedad pluralista donde personas con diversas opiniones y creencias puedan convivir pac\u00edficamente\" \/>\n<meta property=\"og:url\" content=\"https:\/\/exaudi.org\/es\/la-libertad-de-reunion-y-asociacion-pacifica-es-inviolable\/\" \/>\n<meta property=\"og:site_name\" content=\"Exaudi\" \/>\n<meta property=\"article:publisher\" content=\"https:\/\/www.facebook.com\/ExaudiNews\" \/>\n<meta property=\"article:author\" content=\"https:\/\/www.facebook.com\/ExaudiNoticias\/\" \/>\n<meta property=\"article:published_time\" content=\"2024-07-03T06:30:31+00:00\" \/>\n<meta property=\"article:modified_time\" content=\"2024-07-03T07:02:43+00:00\" \/>\n<meta property=\"og:image\" content=\"https:\/\/exaudi.org\/wp-content\/uploads\/2024\/07\/cq5dam.thumbnail.cropped.750.422-2.jpeg\" \/>\n\t<meta property=\"og:image:width\" content=\"750\" \/>\n\t<meta property=\"og:image:height\" content=\"422\" \/>\n\t<meta property=\"og:image:type\" content=\"image\/jpeg\" \/>\n<meta name=\"author\" content=\"Exaudi Redacci\u00f3n\" \/>\n<meta name=\"twitter:card\" content=\"summary_large_image\" \/>\n<meta name=\"twitter:creator\" content=\"@Exaudi_noticias\" \/>\n<meta name=\"twitter:site\" content=\"@Exaudi_News\" \/>\n<meta name=\"twitter:label1\" content=\"Escrito por\" \/>\n\t<meta name=\"twitter:data1\" content=\"Exaudi Redacci\u00f3n\" \/>\n\t<meta name=\"twitter:label2\" content=\"Tiempo de lectura\" \/>\n\t<meta name=\"twitter:data2\" content=\"2 minutos\" \/>\n<script type=\"application\/ld+json\" class=\"yoast-schema-graph\">{\"@context\":\"https:\\\/\\\/schema.org\",\"@graph\":[{\"@type\":\"Article\",\"@id\":\"https:\\\/\\\/exaudi.org\\\/es\\\/la-libertad-de-reunion-y-asociacion-pacifica-es-inviolable\\\/#article\",\"isPartOf\":{\"@id\":\"https:\\\/\\\/exaudi.org\\\/es\\\/la-libertad-de-reunion-y-asociacion-pacifica-es-inviolable\\\/\"},\"author\":{\"name\":\"Exaudi Redacci\u00f3n\",\"@id\":\"https:\\\/\\\/exaudi.org\\\/#\\\/schema\\\/person\\\/f5fc8f063065e38742da7afe15f25df7\"},\"headline\":\"La libertad de reuni\u00f3n y asociaci\u00f3n pac\u00edfica es inviolable\",\"datePublished\":\"2024-07-03T06:30:31+00:00\",\"dateModified\":\"2024-07-03T07:02:43+00:00\",\"mainEntityOfPage\":{\"@id\":\"https:\\\/\\\/exaudi.org\\\/es\\\/la-libertad-de-reunion-y-asociacion-pacifica-es-inviolable\\\/\"},\"wordCount\":506,\"image\":{\"@id\":\"https:\\\/\\\/exaudi.org\\\/es\\\/la-libertad-de-reunion-y-asociacion-pacifica-es-inviolable\\\/#primaryimage\"},\"thumbnailUrl\":\"https:\\\/\\\/exaudi.org\\\/wp-content\\\/uploads\\\/2024\\\/07\\\/cq5dam.thumbnail.cropped.750.422-2.jpeg\",\"keywords\":[\"Derechos Humanos\",\"Libertad Religiosa\",\"Onu\",\"Santa Sede\",\"Trending\",\"Vaticano\"],\"articleSection\":[\"Vaticano\"],\"inLanguage\":\"es\"},{\"@type\":\"WebPage\",\"@id\":\"https:\\\/\\\/exaudi.org\\\/es\\\/la-libertad-de-reunion-y-asociacion-pacifica-es-inviolable\\\/\",\"url\":\"https:\\\/\\\/exaudi.org\\\/es\\\/la-libertad-de-reunion-y-asociacion-pacifica-es-inviolable\\\/\",\"name\":\"La libertad de reuni\u00f3n y asociaci\u00f3n pac\u00edfica es inviolable &#8211; Exaudi\",\"isPartOf\":{\"@id\":\"https:\\\/\\\/exaudi.org\\\/#website\"},\"primaryImageOfPage\":{\"@id\":\"https:\\\/\\\/exaudi.org\\\/es\\\/la-libertad-de-reunion-y-asociacion-pacifica-es-inviolable\\\/#primaryimage\"},\"image\":{\"@id\":\"https:\\\/\\\/exaudi.org\\\/es\\\/la-libertad-de-reunion-y-asociacion-pacifica-es-inviolable\\\/#primaryimage\"},\"thumbnailUrl\":\"https:\\\/\\\/exaudi.org\\\/wp-content\\\/uploads\\\/2024\\\/07\\\/cq5dam.thumbnail.cropped.750.422-2.jpeg\",\"datePublished\":\"2024-07-03T06:30:31+00:00\",\"dateModified\":\"2024-07-03T07:02:43+00:00\",\"author\":{\"@id\":\"https:\\\/\\\/exaudi.org\\\/#\\\/schema\\\/person\\\/f5fc8f063065e38742da7afe15f25df7\"},\"breadcrumb\":{\"@id\":\"https:\\\/\\\/exaudi.org\\\/es\\\/la-libertad-de-reunion-y-asociacion-pacifica-es-inviolable\\\/#breadcrumb\"},\"inLanguage\":\"es\",\"potentialAction\":[{\"@type\":\"ReadAction\",\"target\":[\"https:\\\/\\\/exaudi.org\\\/es\\\/la-libertad-de-reunion-y-asociacion-pacifica-es-inviolable\\\/\"]}]},{\"@type\":\"ImageObject\",\"inLanguage\":\"es\",\"@id\":\"https:\\\/\\\/exaudi.org\\\/es\\\/la-libertad-de-reunion-y-asociacion-pacifica-es-inviolable\\\/#primaryimage\",\"url\":\"https:\\\/\\\/exaudi.org\\\/wp-content\\\/uploads\\\/2024\\\/07\\\/cq5dam.thumbnail.cropped.750.422-2.jpeg\",\"contentUrl\":\"https:\\\/\\\/exaudi.org\\\/wp-content\\\/uploads\\\/2024\\\/07\\\/cq5dam.thumbnail.cropped.750.422-2.jpeg\",\"width\":750,\"height\":422},{\"@type\":\"BreadcrumbList\",\"@id\":\"https:\\\/\\\/exaudi.org\\\/es\\\/la-libertad-de-reunion-y-asociacion-pacifica-es-inviolable\\\/#breadcrumb\",\"itemListElement\":[{\"@type\":\"ListItem\",\"position\":1,\"name\":\"Portada\",\"item\":\"https:\\\/\\\/exaudi.org\\\/es\\\/\"},{\"@type\":\"ListItem\",\"position\":2,\"name\":\"La libertad de reuni\u00f3n y asociaci\u00f3n pac\u00edfica es inviolable\"}]},{\"@type\":\"WebSite\",\"@id\":\"https:\\\/\\\/exaudi.org\\\/#website\",\"url\":\"https:\\\/\\\/exaudi.org\\\/\",\"name\":\"Exaudi\",\"description\":\"News\",\"potentialAction\":[{\"@type\":\"SearchAction\",\"target\":{\"@type\":\"EntryPoint\",\"urlTemplate\":\"https:\\\/\\\/exaudi.org\\\/?s={search_term_string}\"},\"query-input\":{\"@type\":\"PropertyValueSpecification\",\"valueRequired\":true,\"valueName\":\"search_term_string\"}}],\"inLanguage\":\"es\"},{\"@type\":\"Person\",\"@id\":\"https:\\\/\\\/exaudi.org\\\/#\\\/schema\\\/person\\\/f5fc8f063065e38742da7afe15f25df7\",\"name\":\"Exaudi Redacci\u00f3n\",\"image\":{\"@type\":\"ImageObject\",\"inLanguage\":\"es\",\"@id\":\"https:\\\/\\\/secure.gravatar.com\\\/avatar\\\/fe0f6a059fb68d9b3e11bc5850dd4899b1c7492091a3cb6dd9b01b56ad828be2?s=96&d=mm&r=g\",\"url\":\"https:\\\/\\\/secure.gravatar.com\\\/avatar\\\/fe0f6a059fb68d9b3e11bc5850dd4899b1c7492091a3cb6dd9b01b56ad828be2?s=96&d=mm&r=g\",\"contentUrl\":\"https:\\\/\\\/secure.gravatar.com\\\/avatar\\\/fe0f6a059fb68d9b3e11bc5850dd4899b1c7492091a3cb6dd9b01b56ad828be2?s=96&d=mm&r=g\",\"caption\":\"Exaudi Redacci\u00f3n\"},\"description\":\"\u00bfQu\u00e9 es Exaudi News? Exaudi News es un medio de comunicaci\u00f3n cat\u00f3lico internacional que informa, forma y transforma, diariamente en espa\u00f1ol, ingl\u00e9s e italiano. A trav\u00e9s de noticias, art\u00edculos de an\u00e1lisis y transmisiones en directo de los eventos del Papa, Exaudi busca fortalecer la unidad de los cristianos y contribuir a la evangelizaci\u00f3n del mundo, siempre guiados por la doctrina social de la Iglesia. Trabajamos para acercar la verdad y los valores cristianos a cada rinc\u00f3n del planeta. \u00a1Ay\u00fadanos a transformar el mundo con Exaudi! En Exaudi creemos que la evangelizaci\u00f3n y la informaci\u00f3n de calidad pueden cambiar vidas. Para continuar con nuestra misi\u00f3n y expandir nuestro alcance, necesitamos tu ayuda. Adem\u00e1s, buscamos personas comprometidas que deseen unirse a nuestro equipo. Con tu apoyo, lograremos llegar a m\u00e1s personas, difundir el mensaje de Cristo y reforzar la unidad de los cristianos. \u00bfTe unes a nuestra misi\u00f3n? Para m\u00e1s informaci\u00f3n sobre c\u00f3mo colaborar, visita Exaudi.org\\\/es o cont\u00e1ctanos directamente: info@exaudi.org Exaudi: Informa, forma y transforma.\",\"sameAs\":[\"https:\\\/\\\/www.facebook.com\\\/ExaudiNoticias\\\/\",\"https:\\\/\\\/www.instagram.com\\\/exaudi_noticias\\\/\",\"https:\\\/\\\/x.com\\\/Exaudi_noticias\",\"https:\\\/\\\/www.youtube.com\\\/@exaudicatholicnews\"],\"url\":\"https:\\\/\\\/exaudi.org\\\/es\\\/author\\\/redaccionexaudi\\\/\"}]}<\/script>\n<!-- \/ Yoast SEO plugin. -->","yoast_head_json":{"title":"La libertad de reuni\u00f3n y asociaci\u00f3n pac\u00edfica es inviolable &#8211; Exaudi","robots":{"index":"index","follow":"follow","max-snippet":"max-snippet:-1","max-image-preview":"max-image-preview:large","max-video-preview":"max-video-preview:-1"},"canonical":"https:\/\/exaudi.org\/es\/la-libertad-de-reunion-y-asociacion-pacifica-es-inviolable\/","og_locale":"es_ES","og_type":"article","og_title":"La libertad de reuni\u00f3n y asociaci\u00f3n pac\u00edfica es inviolable &#8211; Exaudi","og_description":"La Misi\u00f3n de Observador Permanente de la Santa Sede en la ONU y otras organizaciones internacionales particip\u00f3 en la 56\u00aa sesi\u00f3n del Consejo de Derechos Humanos en Ginebra, destacando la importancia de proteger el derecho para fomentar una sociedad pluralista donde personas con diversas opiniones y creencias puedan convivir pac\u00edficamente","og_url":"https:\/\/exaudi.org\/es\/la-libertad-de-reunion-y-asociacion-pacifica-es-inviolable\/","og_site_name":"Exaudi","article_publisher":"https:\/\/www.facebook.com\/ExaudiNews","article_author":"https:\/\/www.facebook.com\/ExaudiNoticias\/","article_published_time":"2024-07-03T06:30:31+00:00","article_modified_time":"2024-07-03T07:02:43+00:00","og_image":[{"width":750,"height":422,"url":"https:\/\/exaudi.org\/wp-content\/uploads\/2024\/07\/cq5dam.thumbnail.cropped.750.422-2.jpeg","type":"image\/jpeg"}],"author":"Exaudi Redacci\u00f3n","twitter_card":"summary_large_image","twitter_creator":"@Exaudi_noticias","twitter_site":"@Exaudi_News","twitter_misc":{"Escrito por":"Exaudi Redacci\u00f3n","Tiempo de lectura":"2 minutos"},"schema":{"@context":"https:\/\/schema.org","@graph":[{"@type":"Article","@id":"https:\/\/exaudi.org\/es\/la-libertad-de-reunion-y-asociacion-pacifica-es-inviolable\/#article","isPartOf":{"@id":"https:\/\/exaudi.org\/es\/la-libertad-de-reunion-y-asociacion-pacifica-es-inviolable\/"},"author":{"name":"Exaudi Redacci\u00f3n","@id":"https:\/\/exaudi.org\/#\/schema\/person\/f5fc8f063065e38742da7afe15f25df7"},"headline":"La libertad de reuni\u00f3n y asociaci\u00f3n pac\u00edfica es inviolable","datePublished":"2024-07-03T06:30:31+00:00","dateModified":"2024-07-03T07:02:43+00:00","mainEntityOfPage":{"@id":"https:\/\/exaudi.org\/es\/la-libertad-de-reunion-y-asociacion-pacifica-es-inviolable\/"},"wordCount":506,"image":{"@id":"https:\/\/exaudi.org\/es\/la-libertad-de-reunion-y-asociacion-pacifica-es-inviolable\/#primaryimage"},"thumbnailUrl":"https:\/\/exaudi.org\/wp-content\/uploads\/2024\/07\/cq5dam.thumbnail.cropped.750.422-2.jpeg","keywords":["Derechos Humanos","Libertad Religiosa","Onu","Santa Sede","Trending","Vaticano"],"articleSection":["Vaticano"],"inLanguage":"es"},{"@type":"WebPage","@id":"https:\/\/exaudi.org\/es\/la-libertad-de-reunion-y-asociacion-pacifica-es-inviolable\/","url":"https:\/\/exaudi.org\/es\/la-libertad-de-reunion-y-asociacion-pacifica-es-inviolable\/","name":"La libertad de reuni\u00f3n y asociaci\u00f3n pac\u00edfica es inviolable &#8211; Exaudi","isPartOf":{"@id":"https:\/\/exaudi.org\/#website"},"primaryImageOfPage":{"@id":"https:\/\/exaudi.org\/es\/la-libertad-de-reunion-y-asociacion-pacifica-es-inviolable\/#primaryimage"},"image":{"@id":"https:\/\/exaudi.org\/es\/la-libertad-de-reunion-y-asociacion-pacifica-es-inviolable\/#primaryimage"},"thumbnailUrl":"https:\/\/exaudi.org\/wp-content\/uploads\/2024\/07\/cq5dam.thumbnail.cropped.750.422-2.jpeg","datePublished":"2024-07-03T06:30:31+00:00","dateModified":"2024-07-03T07:02:43+00:00","author":{"@id":"https:\/\/exaudi.org\/#\/schema\/person\/f5fc8f063065e38742da7afe15f25df7"},"breadcrumb":{"@id":"https:\/\/exaudi.org\/es\/la-libertad-de-reunion-y-asociacion-pacifica-es-inviolable\/#breadcrumb"},"inLanguage":"es","potentialAction":[{"@type":"ReadAction","target":["https:\/\/exaudi.org\/es\/la-libertad-de-reunion-y-asociacion-pacifica-es-inviolable\/"]}]},{"@type":"ImageObject","inLanguage":"es","@id":"https:\/\/exaudi.org\/es\/la-libertad-de-reunion-y-asociacion-pacifica-es-inviolable\/#primaryimage","url":"https:\/\/exaudi.org\/wp-content\/uploads\/2024\/07\/cq5dam.thumbnail.cropped.750.422-2.jpeg","contentUrl":"https:\/\/exaudi.org\/wp-content\/uploads\/2024\/07\/cq5dam.thumbnail.cropped.750.422-2.jpeg","width":750,"height":422},{"@type":"BreadcrumbList","@id":"https:\/\/exaudi.org\/es\/la-libertad-de-reunion-y-asociacion-pacifica-es-inviolable\/#breadcrumb","itemListElement":[{"@type":"ListItem","position":1,"name":"Portada","item":"https:\/\/exaudi.org\/es\/"},{"@type":"ListItem","position":2,"name":"La libertad de reuni\u00f3n y asociaci\u00f3n pac\u00edfica es inviolable"}]},{"@type":"WebSite","@id":"https:\/\/exaudi.org\/#website","url":"https:\/\/exaudi.org\/","name":"Exaudi","description":"News","potentialAction":[{"@type":"SearchAction","target":{"@type":"EntryPoint","urlTemplate":"https:\/\/exaudi.org\/?s={search_term_string}"},"query-input":{"@type":"PropertyValueSpecification","valueRequired":true,"valueName":"search_term_string"}}],"inLanguage":"es"},{"@type":"Person","@id":"https:\/\/exaudi.org\/#\/schema\/person\/f5fc8f063065e38742da7afe15f25df7","name":"Exaudi Redacci\u00f3n","image":{"@type":"ImageObject","inLanguage":"es","@id":"https:\/\/secure.gravatar.com\/avatar\/fe0f6a059fb68d9b3e11bc5850dd4899b1c7492091a3cb6dd9b01b56ad828be2?s=96&d=mm&r=g","url":"https:\/\/secure.gravatar.com\/avatar\/fe0f6a059fb68d9b3e11bc5850dd4899b1c7492091a3cb6dd9b01b56ad828be2?s=96&d=mm&r=g","contentUrl":"https:\/\/secure.gravatar.com\/avatar\/fe0f6a059fb68d9b3e11bc5850dd4899b1c7492091a3cb6dd9b01b56ad828be2?s=96&d=mm&r=g","caption":"Exaudi Redacci\u00f3n"},"description":"\u00bfQu\u00e9 es Exaudi News? Exaudi News es un medio de comunicaci\u00f3n cat\u00f3lico internacional que informa, forma y transforma, diariamente en espa\u00f1ol, ingl\u00e9s e italiano. A trav\u00e9s de noticias, art\u00edculos de an\u00e1lisis y transmisiones en directo de los eventos del Papa, Exaudi busca fortalecer la unidad de los cristianos y contribuir a la evangelizaci\u00f3n del mundo, siempre guiados por la doctrina social de la Iglesia. Trabajamos para acercar la verdad y los valores cristianos a cada rinc\u00f3n del planeta. \u00a1Ay\u00fadanos a transformar el mundo con Exaudi! En Exaudi creemos que la evangelizaci\u00f3n y la informaci\u00f3n de calidad pueden cambiar vidas. Para continuar con nuestra misi\u00f3n y expandir nuestro alcance, necesitamos tu ayuda. Adem\u00e1s, buscamos personas comprometidas que deseen unirse a nuestro equipo. Con tu apoyo, lograremos llegar a m\u00e1s personas, difundir el mensaje de Cristo y reforzar la unidad de los cristianos. \u00bfTe unes a nuestra misi\u00f3n? Para m\u00e1s informaci\u00f3n sobre c\u00f3mo colaborar, visita Exaudi.org\/es o cont\u00e1ctanos directamente: info@exaudi.org Exaudi: Informa, forma y transforma.","sameAs":["https:\/\/www.facebook.com\/ExaudiNoticias\/","https:\/\/www.instagram.com\/exaudi_noticias\/","https:\/\/x.com\/Exaudi_noticias","https:\/\/www.youtube.com\/@exaudicatholicnews"],"url":"https:\/\/exaudi.org\/es\/author\/redaccionexaudi\/"}]}},"jetpack_featured_media_url":"https:\/\/exaudi.org\/wp-content\/uploads\/2024\/07\/cq5dam.thumbnail.cropped.750.422-2.jpeg","jetpack_shortlink":"https:\/\/wp.me\/pgKjF2-r8W","_links":{"self":[{"href":"https:\/\/exaudi.org\/es\/wp-json\/wp\/v2\/posts\/104342","targetHints":{"allow":["GET"]}}],"collection":[{"href":"https:\/\/exaudi.org\/es\/wp-json\/wp\/v2\/posts"}],"about":[{"href":"https:\/\/exaudi.org\/es\/wp-json\/wp\/v2\/types\/post"}],"author":[{"embeddable":true,"href":"https:\/\/exaudi.org\/es\/wp-json\/wp\/v2\/users\/15"}],"replies":[{"embeddable":true,"href":"https:\/\/exaudi.org\/es\/wp-json\/wp\/v2\/comments?post=104342"}],"version-history":[{"count":0,"href":"https:\/\/exaudi.org\/es\/wp-json\/wp\/v2\/posts\/104342\/revisions"}],"wp:featuredmedia":[{"embeddable":true,"href":"https:\/\/exaudi.org\/es\/wp-json\/wp\/v2\/media\/104343"}],"wp:attachment":[{"href":"https:\/\/exaudi.org\/es\/wp-json\/wp\/v2\/media?parent=104342"}],"wp:term":[{"taxonomy":"category","embeddable":true,"href":"https:\/\/exaudi.org\/es\/wp-json\/wp\/v2\/categories?post=104342"},{"taxonomy":"post_tag","embeddable":true,"href":"https:\/\/exaudi.org\/es\/wp-json\/wp\/v2\/tags?post=104342"}],"curies":[{"name":"wp","href":"https:\/\/api.w.org\/{rel}","templated":true}]}}