{"id":104210,"date":"2024-07-19T09:00:55","date_gmt":"2024-07-19T07:00:55","guid":{"rendered":"https:\/\/exaudi.org\/?p=104210"},"modified":"2024-11-11T17:14:25","modified_gmt":"2024-11-11T16:14:25","slug":"agenda-2033-avanzando-en-el-plan-redentor-de-dios-dialogo-entre-albert-cortina-y-padre-felix-lopez-lozano-shm","status":"publish","type":"post","link":"https:\/\/exaudi.org\/es\/agenda-2033-avanzando-en-el-plan-redentor-de-dios-dialogo-entre-albert-cortina-y-padre-felix-lopez-lozano-shm\/","title":{"rendered":"Agenda 2033: Avanzando en el plan redentor de Dios. Di\u00e1logo entre Albert Cortina y Padre F\u00e9lix L\u00f3pez Lozano, SHM"},"content":{"rendered":"<p>La\u00a0<a href=\"https:\/\/eukmamie.org\/es\/\" target=\"_blank\" rel=\"noopener\">Fundaci\u00f3n EUK Mamie y HM Televisi\u00f3n<\/a>\u00a0presentan a los lectores de Exaudi una nueva\u00a0<em><strong>temporada 14<\/strong><\/em>\u00a0de la serie que lleva por t\u00edtulo \u00ab<em><strong>El mundo que se avecina<\/strong><\/em>\u00bb, dirigido por Albert Cortina.<\/p>\n<p>Cortina es abogado especialista en urbanismo, ordenaci\u00f3n del territorio, medio ambiente y gesti\u00f3n del paisaje. Es, adem\u00e1s, una de las primeras voces que en Espa\u00f1a alert\u00f3 sobre las pretensiones del\u00a0<strong>transhumanismo<\/strong>\u00a0y su relaci\u00f3n con el\u00a0<strong>Nuevo Orden Mundial<\/strong>, definiendo el transhumanismo como \u00abun misticismo cient\u00edfico de car\u00e1cter ut\u00f3pico\u00bb.<\/p>\n<p>Albert Cortina entrevista, en bloques tem\u00e1ticos de siete programas, a muy diversos invitados con quienes espera que, a trav\u00e9s de su cosmovisi\u00f3n personal y de la convergencia de saberes que nos ofrecer\u00e1n, poder adelantarse a ese \u00abmundo que se avecina\u00bb y a todos sus retos, previendo problemas y ofreciendo soluciones desde el humanismo cristiano.<\/p>\n<h3><strong>Episodio 1:\u00a0El misterio de la Redenci\u00f3n 2000 a\u00f1os despu\u00e9s<\/strong><\/h3>\n<p>Empezamos esta serie de conversaciones entre Albert Cortina y el Padre F\u00e9lix L\u00f3pez Lozano en torno a \u00abEl misterio de la Redenci\u00f3n 2000 a\u00f1os despu\u00e9s\u00bb. El padre F\u00e9lix explica c\u00f3mo Dios Padre nos lo ha dicho todo en Jesucristo, anim\u00e1ndonos a poner los ojos en Cristo, puesto que Dios quiere hacernos part\u00edcipes de su vida divina. Y nos alerta de que vivimos tan volcados hacia fuera, entre tantas im\u00e1genes y ruido, que podemos dejar pasar desapercibida la voz del Se\u00f1or.<\/p>\n<audio class=\"wp-audio-shortcode\" id=\"audio-104210-1\" preload=\"none\" style=\"width: 100%;\" controls=\"controls\"><source type=\"audio\/mpeg\" src=\"https:\/\/exaudi.org\/wp-content\/uploads\/2024\/07\/El-mundo-que-se-avecina_-B14-1_8-El-misterio-de-la-Redencion-2000-anos-despues-HMTelevision-1.mp3?_=1\" \/><a href=\"https:\/\/exaudi.org\/wp-content\/uploads\/2024\/07\/El-mundo-que-se-avecina_-B14-1_8-El-misterio-de-la-Redencion-2000-anos-despues-HMTelevision-1.mp3\">https:\/\/exaudi.org\/wp-content\/uploads\/2024\/07\/El-mundo-que-se-avecina_-B14-1_8-El-misterio-de-la-Redencion-2000-anos-despues-HMTelevision-1.mp3<\/a><\/audio>\n<p><iframe loading=\"lazy\" title=\"El mundo que se avecina: B14 - 1\/8 El misterio de la Redenci\u00f3n 2000 a\u00f1os despu\u00e9s\" width=\"500\" height=\"281\" src=\"https:\/\/www.youtube.com\/embed\/ZZSw-0yqEIU?list=PLy-IF8zRV7ziFXfK5DCW3-BNqB6hxJ44J\" frameborder=\"0\" allow=\"accelerometer; autoplay; clipboard-write; encrypted-media; gyroscope; picture-in-picture; web-share\" referrerpolicy=\"strict-origin-when-cross-origin\" allowfullscreen><\/iframe><\/p>\n<p>&nbsp;<\/p>\n<h3><strong>Episodio 2:\u00a0Cristo, Alfa y Omega de la historia<\/strong><\/h3>\n<p>\u00abTodos los grandes interrogantes del hombre est\u00e1n resueltos en Jesucristo\u00bb En este cap\u00edtulo profundizamos en Cristo como Alfa y Omega de la historia. El P. F\u00e9lix L\u00f3pez explica c\u00f3mo San Juan Pablo II tuvo la obsesi\u00f3n de tener los ojos puestos en Jesucristo y a eso animaba a su grey. Profundizamos tambi\u00e9n en la pasi\u00f3n, muerte y resurrecci\u00f3n de Jesucristo, y en c\u00f3mo Dios Padre nos mira en las llagas de su Hijo.<\/p>\n<audio class=\"wp-audio-shortcode\" id=\"audio-104210-2\" preload=\"none\" style=\"width: 100%;\" controls=\"controls\"><source type=\"audio\/mpeg\" src=\"https:\/\/exaudi.org\/wp-content\/uploads\/2024\/07\/El-mundo-que-se-avecina_-B14-2_8-Cristo-Alfa-y-Omega-de-la-historia-HMTelevision-1.mp3?_=2\" \/><a href=\"https:\/\/exaudi.org\/wp-content\/uploads\/2024\/07\/El-mundo-que-se-avecina_-B14-2_8-Cristo-Alfa-y-Omega-de-la-historia-HMTelevision-1.mp3\">https:\/\/exaudi.org\/wp-content\/uploads\/2024\/07\/El-mundo-que-se-avecina_-B14-2_8-Cristo-Alfa-y-Omega-de-la-historia-HMTelevision-1.mp3<\/a><\/audio>\n<p><iframe loading=\"lazy\" title=\"El mundo que se avecina: B14 - 2\/8 Cristo, Alfa y Omega de la historia\" width=\"500\" height=\"281\" src=\"https:\/\/www.youtube.com\/embed\/hlCA1RO8e9g?list=PLy-IF8zRV7ziFXfK5DCW3-BNqB6hxJ44J\" frameborder=\"0\" allow=\"accelerometer; autoplay; clipboard-write; encrypted-media; gyroscope; picture-in-picture; web-share\" referrerpolicy=\"strict-origin-when-cross-origin\" allowfullscreen><\/iframe><\/p>\n<p>&nbsp;<\/p>\n<h3><strong>Episodio 3:\u00a0Evangelizaci\u00f3n y misi\u00f3n de la Iglesia en un mundo globalizado<\/strong><\/h3>\n<p><span class=\"yt-core-attributed-string--link-inherit-color\" dir=\"auto\">En este programa profundizamos en lo que es la evangelizaci\u00f3n en la actualidad y c\u00f3mo se est\u00e1 viendo afectada por tantos cambios que va sufriendo el mundo. El P. F\u00e9lix L\u00f3pez <\/span><span class=\"yt-core-attributed-string--link-inherit-color\" dir=\"auto\">remarca la importancia de entender que la Iglesia no es una ONG, sino que es la Esposa santa de Cristo aunque la constituyan hombres pecadores; por ello no deja de dar santos. La finalidad de nuestra vida es llegar a la santidad, es decir, la comuni\u00f3n en el amor con Dios. Y por ello la Iglesia necesariamente debe ser misionera, ya que ha nacido para anunciar a Jesucristo.<\/span><\/p>\n<audio class=\"wp-audio-shortcode\" id=\"audio-104210-3\" preload=\"none\" style=\"width: 100%;\" controls=\"controls\"><source type=\"audio\/mpeg\" src=\"https:\/\/exaudi.org\/wp-content\/uploads\/2024\/07\/El-mundo-que-se-avecina_-B14-3_8-Evangelizacion-y-mision-de-la-Iglesia-en-un-mundo-globalizado-HMTelevision-1.mp3?_=3\" \/><a href=\"https:\/\/exaudi.org\/wp-content\/uploads\/2024\/07\/El-mundo-que-se-avecina_-B14-3_8-Evangelizacion-y-mision-de-la-Iglesia-en-un-mundo-globalizado-HMTelevision-1.mp3\">https:\/\/exaudi.org\/wp-content\/uploads\/2024\/07\/El-mundo-que-se-avecina_-B14-3_8-Evangelizacion-y-mision-de-la-Iglesia-en-un-mundo-globalizado-HMTelevision-1.mp3<\/a><\/audio>\n<p><iframe loading=\"lazy\" title=\"El mundo que se avecina: B14 - 3\/8 Evangelizaci\u00f3n y misi\u00f3n de la Iglesia en un mundo globalizado\" width=\"500\" height=\"281\" src=\"https:\/\/www.youtube.com\/embed\/TMbc8gubcXY?list=PLy-IF8zRV7ziFXfK5DCW3-BNqB6hxJ44J\" frameborder=\"0\" allow=\"accelerometer; autoplay; clipboard-write; encrypted-media; gyroscope; picture-in-picture; web-share\" referrerpolicy=\"strict-origin-when-cross-origin\" allowfullscreen><\/iframe><\/p>\n<p>&nbsp;<\/p>\n<h3><strong>Episodio 4: Eucarist\u00eda en el centro de la vida sacramental del cristiano<\/strong><\/h3>\n<p><span class=\"yt-core-attributed-string--link-inherit-color\" dir=\"auto\">Continuamos esta serie de conversaciones en torno a la \u00abAgenda 2033\u00bb. En esta ocasi\u00f3n ponemos la atenci\u00f3n en la Eucarist\u00eda y c\u00f3mo esta debe ser el punto central en la vida del cristiano. El P. F\u00e9lix L\u00f3pez<\/span><span class=\"yt-core-attributed-string--link-inherit-color\" dir=\"auto\">\u00a0insiste en la necesidad que tenemos los cristianos de recibir la gracia de los sacramentos. La Iglesia nunca puede renunciar a la verdad y aunque exista un di\u00e1logo ecum\u00e9nico no se puede diluir la verdad a favor del \u00abdi\u00e1logo\u00bb. La Comuni\u00f3n es el culmen de la vida espiritual, por ello debe existir una preparaci\u00f3n previa para recibir correctamente al Se\u00f1or.<\/span><\/p>\n<audio class=\"wp-audio-shortcode\" id=\"audio-104210-4\" preload=\"none\" style=\"width: 100%;\" controls=\"controls\"><source type=\"audio\/mpeg\" src=\"https:\/\/exaudi.org\/wp-content\/uploads\/2024\/07\/El-mundo-que-se-avecina_-B14-4_8-Eucaristia-en-el-centro-de-la-vida-sacramental-del-cristiano-HMTelevision-2.mp3?_=4\" \/><a href=\"https:\/\/exaudi.org\/wp-content\/uploads\/2024\/07\/El-mundo-que-se-avecina_-B14-4_8-Eucaristia-en-el-centro-de-la-vida-sacramental-del-cristiano-HMTelevision-2.mp3\">https:\/\/exaudi.org\/wp-content\/uploads\/2024\/07\/El-mundo-que-se-avecina_-B14-4_8-Eucaristia-en-el-centro-de-la-vida-sacramental-del-cristiano-HMTelevision-2.mp3<\/a><\/audio>\n<p><iframe loading=\"lazy\" title=\"El mundo que se avecina: B14 - 4\/8 Eucarist\u00eda en el centro de la vida sacramental del cristiano\" width=\"500\" height=\"281\" src=\"https:\/\/www.youtube.com\/embed\/IyMbZozlP7A?list=PLy-IF8zRV7ziFXfK5DCW3-BNqB6hxJ44J\" frameborder=\"0\" allow=\"accelerometer; autoplay; clipboard-write; encrypted-media; gyroscope; picture-in-picture; web-share\" referrerpolicy=\"strict-origin-when-cross-origin\" allowfullscreen><\/iframe><\/p>\n<p>&nbsp;<\/p>\n<h3><strong>Episodio 5: Caridad, disponibilidad y servicio a los dem\u00e1s<\/strong><\/h3>\n<p><span class=\"yt-core-attributed-string--link-inherit-color\" dir=\"auto\">Albert Cortina y el P. F\u00e9lix L\u00f3pez<\/span><span class=\"yt-core-attributed-string--link-inherit-color\" dir=\"auto\">\u00a0contin\u00faan estas conversaciones en torno a la \u00abAgenda 2033\u00bb. En esta ocasi\u00f3n se centran en la vida de caridad que vive la Iglesia para el resto del mundo. El P. F\u00e9lix afirma que existen muchos testigos que muestran con su vida que es posible vivir una verdadera caridad heroica, y menciona a varios santos que han vivido una compasi\u00f3n y entrega a los dem\u00e1s hasta el extremo. Esta entrega es fruto del amor a Cristo, ya que es un amor eficaz; por tanto, nuestro amor ha de serlo tambi\u00e9n.<\/span><\/p>\n<audio class=\"wp-audio-shortcode\" id=\"audio-104210-5\" preload=\"none\" style=\"width: 100%;\" controls=\"controls\"><source type=\"audio\/mpeg\" src=\"https:\/\/exaudi.org\/wp-content\/uploads\/2024\/07\/El-mundo-que-se-avecina_-B14-5_8-Caridad-disponibilidad-y-servicio-a-los-demas-HMTelevision-1.mp3?_=5\" \/><a href=\"https:\/\/exaudi.org\/wp-content\/uploads\/2024\/07\/El-mundo-que-se-avecina_-B14-5_8-Caridad-disponibilidad-y-servicio-a-los-demas-HMTelevision-1.mp3\">https:\/\/exaudi.org\/wp-content\/uploads\/2024\/07\/El-mundo-que-se-avecina_-B14-5_8-Caridad-disponibilidad-y-servicio-a-los-demas-HMTelevision-1.mp3<\/a><\/audio>\n<p><iframe loading=\"lazy\" title=\"El mundo que se avecina: B14 - 5\/8 Caridad, disponibilidad y servicio a los dem\u00e1s\" width=\"500\" height=\"281\" src=\"https:\/\/www.youtube.com\/embed\/tBgZXaQxeGo?list=PLy-IF8zRV7ziFXfK5DCW3-BNqB6hxJ44J\" frameborder=\"0\" allow=\"accelerometer; autoplay; clipboard-write; encrypted-media; gyroscope; picture-in-picture; web-share\" referrerpolicy=\"strict-origin-when-cross-origin\" allowfullscreen><\/iframe><\/p>\n<p>&nbsp;<\/p>\n<h3><strong>Episodio 6:\u00a0Mar\u00eda, madre, maestra y corredentora<\/strong><\/h3>\n<p><span class=\"yt-core-attributed-string--link-inherit-color\" dir=\"auto\">En esta ocasi\u00f3n ponemos la mirada sobre Mar\u00eda, ella es el modelo de c\u00f3mo debemos vivir nuestro peregrinar en la tierra. El P. F\u00e9lix L\u00f3pez<\/span><span class=\"yt-core-attributed-string--link-inherit-color\" dir=\"auto\">\u00a0va comentando un poco la vida de la Virgen Mar\u00eda, c\u00f3mo en cada momento de su vida ha dicho su \u00abs\u00ed\u00bb a la voluntad de Dios, y por ello se convierte para nosotros en maestra. Por Ella, que particip\u00f3 en el misterio de la Redenci\u00f3n como criatura \u00fanica, Dios ha hecho que recibamos gracias abundant\u00edsimas.<\/span><\/p>\n<audio class=\"wp-audio-shortcode\" id=\"audio-104210-6\" preload=\"none\" style=\"width: 100%;\" controls=\"controls\"><source type=\"audio\/mpeg\" src=\"https:\/\/exaudi.org\/wp-content\/uploads\/2024\/07\/El-mundo-que-se-avecina_-B14-6_8-Maria-madre-maestra-y-corredentora-HMTelevision-1.mp3?_=6\" \/><a href=\"https:\/\/exaudi.org\/wp-content\/uploads\/2024\/07\/El-mundo-que-se-avecina_-B14-6_8-Maria-madre-maestra-y-corredentora-HMTelevision-1.mp3\">https:\/\/exaudi.org\/wp-content\/uploads\/2024\/07\/El-mundo-que-se-avecina_-B14-6_8-Maria-madre-maestra-y-corredentora-HMTelevision-1.mp3<\/a><\/audio>\n<p><iframe loading=\"lazy\" title=\"El mundo que se avecina: B14 - 6\/8 Mar\u00eda, madre, maestra y corredentora\" width=\"500\" height=\"281\" src=\"https:\/\/www.youtube.com\/embed\/BIZWL8AW1mE?list=PLy-IF8zRV7ziFXfK5DCW3-BNqB6hxJ44J\" frameborder=\"0\" allow=\"accelerometer; autoplay; clipboard-write; encrypted-media; gyroscope; picture-in-picture; web-share\" referrerpolicy=\"strict-origin-when-cross-origin\" allowfullscreen><\/iframe><\/p>\n<p>&nbsp;<\/p>\n<h3><strong>Episodio 7:\u00a0La llamada universal a la santidad<\/strong><\/h3>\n<p>En este cap\u00edtulo abordamos el tema de \u00abLa llamada universal a la santidad\u00bb, donde Albert Cortina y el P. F\u00e9lix L\u00f3pez explican c\u00f3mo es necesaria la presencia de los santos para la Iglesia militante, puesto que son luces en medio del camino. Afirman que es posible llegar al cielo, ya que contamos con la intercesi\u00f3n de los santos que est\u00e1n cerca de nosotros por la comuni\u00f3n de los santos y nos ayudan en nuestro camino. No podemos olvidar que la santidad es la vocaci\u00f3n com\u00fan de todos los bautizados, que todos estamos llamados a ella, pues es la perfecci\u00f3n en el amor.<\/p>\n<audio class=\"wp-audio-shortcode\" id=\"audio-104210-7\" preload=\"none\" style=\"width: 100%;\" controls=\"controls\"><source type=\"audio\/mpeg\" src=\"https:\/\/exaudi.org\/wp-content\/uploads\/2024\/07\/El-mundo-que-se-avecina_-B14-7_8-La-llamada-universal-a-la-santidad-HMTelevision-1.mp3?_=7\" \/><a href=\"https:\/\/exaudi.org\/wp-content\/uploads\/2024\/07\/El-mundo-que-se-avecina_-B14-7_8-La-llamada-universal-a-la-santidad-HMTelevision-1.mp3\">https:\/\/exaudi.org\/wp-content\/uploads\/2024\/07\/El-mundo-que-se-avecina_-B14-7_8-La-llamada-universal-a-la-santidad-HMTelevision-1.mp3<\/a><\/audio>\n<p><iframe loading=\"lazy\" title=\"El mundo que se avecina: B14 - 7\/8 La llamada universal a la santidad\" width=\"500\" height=\"281\" src=\"https:\/\/www.youtube.com\/embed\/R2Ky5iY3yNY?list=PLy-IF8zRV7ziFXfK5DCW3-BNqB6hxJ44J\" frameborder=\"0\" allow=\"accelerometer; autoplay; clipboard-write; encrypted-media; gyroscope; picture-in-picture; web-share\" referrerpolicy=\"strict-origin-when-cross-origin\" allowfullscreen><\/iframe><\/p>\n<p>&nbsp;<\/p>\n<h3><strong>Episodio 8:\u00a0Esperanza cristiana para el mundo que se avecina<\/strong><\/h3>\n<p>Concluimos estas conversaciones en torno a la \u00abAgenda 2033\u00bb y lo hacemos con una mirada de esperanza. Hemos de ser conscientes de que Dios ya ha vencido. Para tener una esperanza sobrenatural hemos de pedirla al Esp\u00edritu Santo y mirar al cielo, sabiendo que all\u00ed nos esperan. Aunque seamos probados en la tribulaci\u00f3n, no podemos dejar que la tristeza nos empape el coraz\u00f3n, y eso lo podemos hacer si ponemos a Cristo en el centro del coraz\u00f3n.<\/p>\n<audio class=\"wp-audio-shortcode\" id=\"audio-104210-8\" preload=\"none\" style=\"width: 100%;\" controls=\"controls\"><source type=\"audio\/mpeg\" src=\"https:\/\/exaudi.org\/wp-content\/uploads\/2024\/07\/El-mundo-que-se-avecina_-B14-8_8-Esperanza-cristiana-para-el-mundo-que-se-avecina-HMTelevision-1.mp3?_=8\" \/><a href=\"https:\/\/exaudi.org\/wp-content\/uploads\/2024\/07\/El-mundo-que-se-avecina_-B14-8_8-Esperanza-cristiana-para-el-mundo-que-se-avecina-HMTelevision-1.mp3\">https:\/\/exaudi.org\/wp-content\/uploads\/2024\/07\/El-mundo-que-se-avecina_-B14-8_8-Esperanza-cristiana-para-el-mundo-que-se-avecina-HMTelevision-1.mp3<\/a><\/audio>\n<p><iframe loading=\"lazy\" title=\"El mundo que se avecina: B14 - 8\/8 Esperanza cristiana para el mundo que se avecina\" width=\"500\" height=\"281\" src=\"https:\/\/www.youtube.com\/embed\/wzi6fJoGTd8?list=PLy-IF8zRV7ziFXfK5DCW3-BNqB6hxJ44J\" frameborder=\"0\" allow=\"accelerometer; autoplay; clipboard-write; encrypted-media; gyroscope; picture-in-picture; web-share\" referrerpolicy=\"strict-origin-when-cross-origin\" allowfullscreen><\/iframe><\/p>\n<p><img loading=\"lazy\" decoding=\"async\" class=\"size-full wp-image-104239 alignnone\" src=\"https:\/\/exaudi.org\/wp-content\/uploads\/2024\/07\/Alvaro-Cardenas.jpg\" alt=\"\" width=\"1080\" height=\"1080\" srcset=\"https:\/\/exaudi.org\/wp-content\/uploads\/2024\/07\/Alvaro-Cardenas.jpg 1080w, https:\/\/exaudi.org\/wp-content\/uploads\/2024\/07\/Alvaro-Cardenas-300x300.jpg 300w, https:\/\/exaudi.org\/wp-content\/uploads\/2024\/07\/Alvaro-Cardenas-1024x1024.jpg 1024w, https:\/\/exaudi.org\/wp-content\/uploads\/2024\/07\/Alvaro-Cardenas-100x100.jpg?crop=1 100w, https:\/\/exaudi.org\/wp-content\/uploads\/2024\/07\/Alvaro-Cardenas-770x770.jpg 770w, https:\/\/exaudi.org\/wp-content\/uploads\/2024\/07\/Alvaro-Cardenas-500x500.jpg 500w, https:\/\/exaudi.org\/wp-content\/uploads\/2024\/07\/Alvaro-Cardenas-293x293.jpg 293w, https:\/\/exaudi.org\/wp-content\/uploads\/2024\/07\/Alvaro-Cardenas-390x390.jpg 390w, https:\/\/exaudi.org\/wp-content\/uploads\/2024\/07\/Alvaro-Cardenas-585x585.jpg 585w, https:\/\/exaudi.org\/wp-content\/uploads\/2024\/07\/Alvaro-Cardenas-900x900.jpg 900w\" sizes=\"auto, (max-width: 1080px) 100vw, 1080px\" \/><\/p>\n<h3><strong>Otras temporadas:<\/strong><\/h3>\n<ul>\n<li><strong><a href=\"https:\/\/exaudi.org\/es\/albert-cortina-presenta-la-serie-que-anticipa-los-desafios-del-futuro\/\" target=\"_blank\" rel=\"noopener\">Temporada 1: Desaf\u00edos y razones para la esperanza (Jes\u00fas Avezuela)<\/a>.\u00a0<\/strong><\/li>\n<li><strong><a href=\"https:\/\/exaudi.org\/es\/etica-de-la-virtud-tecnologia\/\" target=\"_blank\" rel=\"noopener\">Temporada 2:\u00a0\u00c9tica de la virtud en el \u00e1mbito de la tecnolog\u00eda (Alfredo Marcos)<\/a>.\u00a0<\/strong><\/li>\n<li><strong><a href=\"https:\/\/exaudi.org\/es\/conocimiento-profetico-y-futuro-de-la-humanidad-albert-cortina-y-jorge-fernandez-diaz\/\" target=\"_blank\" rel=\"noopener\">Temporada 3:\u00a0Conocimiento prof\u00e9tico y futuro de la humanidad (Jorge Fern\u00e1ndez D\u00edaz)<\/a>.\u00a0<\/strong><\/li>\n<li><a href=\"https:\/\/exaudi.org\/es\/preservacion-de-la-naturaleza-humana-albert-cortina-y-miquel-angel-serra-beltran\/\" target=\"_blank\" rel=\"noopener\"><strong>Temporada 4:\u00a0Preservaci\u00f3n de la naturaleza humana (Miquel-\u00c0ngel Serra Beltr\u00e1n)<\/strong><\/a>.<\/li>\n<li><strong><a href=\"https:\/\/exaudi.org\/es\/la-iglesia-del-futuro-albert-cortina-y-mons-d-juan-antonio-reig-pla\/\" target=\"_blank\" rel=\"noopener\">Temporada 5:\u00a0La Iglesia del futuro (D. Juan Antonio Reig Pla)<\/a>.\u00a0<\/strong><\/li>\n<li><strong><a href=\"https:\/\/exaudi.org\/es\/jovenes-esperanzados-albert-cortina-y-miquel-feliu-wennberg\/\" target=\"_blank\" rel=\"noopener\">Temporada 6:\u00a0J\u00f3venes esperanzados (Miquel Feliu Wennberg)<\/a>.\u00a0<\/strong><\/li>\n<li><strong><a href=\"https:\/\/exaudi.org\/es\/ciudadanos-digitales-tecnologia-y-familia-albert-cortina-y-maria-zabala-pino\/\" target=\"_blank\" rel=\"noopener\">Temporada 7:\u00a0Ciudadanos digitales, tecnolog\u00eda y familia (Mar\u00eda Zabala Pino)<\/a>.<\/strong><\/li>\n<li><strong><a href=\"https:\/\/exaudi.org\/es\/el-futuro-de-la-familia-dialogo-entre-albert-cortina-y-maria-jose-arranz\/\" target=\"_blank\" rel=\"noopener\">Temporada 8:\u00a0El futuro de la familia (Mar\u00eda Jos\u00e9 Arranz)<\/a>.<\/strong><\/li>\n<li><strong><a href=\"https:\/\/exaudi.org\/es\/el-nuevo-gnosticismo-dialogo-entre-albert-cortina-y-stefano-abbate\/\" target=\"_blank\" rel=\"noopener\">Temporada 9:\u00a0El nuevo gnosticismo (Stefano Abbate)<\/a>.<\/strong><\/li>\n<li><a href=\"https:\/\/exaudi.org\/es\/en-defensa-de-la-vida-dialogo-entre-albert-cortina-y-angel-guerra\/\" target=\"_blank\" rel=\"noopener\"><strong>Temporada 10:\u00a0En defensa de la vida (\u00c1ngel Guerra)<\/strong><\/a>.<\/li>\n<li><a href=\"https:\/\/exaudi.org\/es\/comunicacion-y-nueva-evangelizacion-dialogo-entre-albert-cortina-y-maria-solano-altaba\/\" target=\"_blank\" rel=\"noopener\"><strong>Temporada 11: Comunicaci\u00f3n y nueva evangelizaci\u00f3n (Mar\u00eda Solano Altaba)<\/strong><\/a>.<\/li>\n<li><strong><a href=\"https:\/\/exaudi.org\/es\/conciencia-mente-y-cerebro-dialogo-entre-albert-cortina-y-jose-ignacio-murillo-gomez\/\" target=\"_blank\" rel=\"noopener\">Temporada 12: Conciencia, mente y cerebro (Jos\u00e9 Ignacio Murillo G\u00f3mez)<\/a><\/strong>.<\/li>\n<li><strong><a href=\"https:\/\/exaudi.org\/es\/ciencia-y-fe-albert-cortina-y-enrique-solano-marquez\/\" target=\"_blank\" rel=\"noopener\">Temporada 13: Ciencia y fe (Enrique Solano M\u00e1rquez)<\/a><\/strong>.<\/li>\n<li><a href=\"https:\/\/exaudi.org\/es\/agenda-2033-avanzando-en-el-plan-redentor-de-dios-dialogo-entre-albert-cortina-y-padre-felix-lopez-lozano-shm\/\" target=\"_blank\" rel=\"noopener\"><strong>Temporada 14: Agenda 2033: Avanzando en el plan redentor de Dios (Padre F\u00e9lix L\u00f3pez Lozano, SHM)<\/strong><\/a>.<\/li>\n<li><strong><a href=\"https:\/\/exaudi.org\/es\/sistema-financiero-y-geopolitica-global-dialogo-entre-albert-cortina-y-pablo-sanz-bayon\/\" target=\"_blank\" rel=\"noopener\">Temporada 15: Sistema financiero y geopol\u00edtica global (Pablo Sanz Bay\u00f3n)<\/a><\/strong><\/li>\n<li><strong><a href=\"https:\/\/exaudi.org\/es\/evangelizacion-el-apostolado-de-la-amistad\/\" target=\"_blank\" rel=\"noopener\">Temporada 16: Laicos comprometidos (Luis Carreras del Rinc\u00f3n)<\/a><\/strong><\/li>\n<\/ul>\n","protected":false},"excerpt":{"rendered":"<p>El mundo que se avecina: Temporada 14<\/p>\n","protected":false},"author":144,"featured_media":104236,"comment_status":"closed","ping_status":"closed","sticky":false,"template":"","format":"standard","meta":{"_acf_changed":false,"_crdt_document":"","inline_featured_image":false,"footnotes":""},"categories":[72],"tags":[14461,14131,4610,14264,14707,2002,1019,2419,14179,14130,14177,445,1159,14186,20112,20114,13794,1716,20113,20115,14180],"class_list":["post-104210","post","type-post","status-publish","format-standard","has-post-thumbnail","hentry","category-analisis","tag-agenda-2033","tag-albert-cortina","tag-caridad","tag-el-mundo-que-se-avecina","tag-esperanza-cristiana","tag-eucaristia-es","tag-evangelizacion","tag-featured","tag-fundacion-euk-mamie","tag-hm-television","tag-humanismo-cristiano","tag-jesucristo","tag-maria-es","tag-nuevo-orden-mundial","tag-padre-felix-lopez-lozano","tag-plan-redentor-de-dios","tag-redencion","tag-santidad","tag-shm","tag-temporada-14","tag-transhumanismo"],"acf":[],"yoast_head":"<!-- This site is optimized with the Yoast SEO plugin v27.4 - https:\/\/yoast.com\/product\/yoast-seo-wordpress\/ -->\n<title>Agenda 2033: Avanzando en el plan redentor de Dios. Di\u00e1logo entre Albert Cortina y Padre F\u00e9lix L\u00f3pez Lozano, SHM &#8211; Exaudi<\/title>\n<meta name=\"robots\" content=\"index, follow, max-snippet:-1, max-image-preview:large, max-video-preview:-1\" \/>\n<link rel=\"canonical\" href=\"https:\/\/exaudi.org\/es\/agenda-2033-avanzando-en-el-plan-redentor-de-dios-dialogo-entre-albert-cortina-y-padre-felix-lopez-lozano-shm\/\" \/>\n<meta property=\"og:locale\" content=\"es_ES\" \/>\n<meta property=\"og:type\" content=\"article\" \/>\n<meta property=\"og:title\" content=\"Agenda 2033: Avanzando en el plan redentor de Dios. Di\u00e1logo entre Albert Cortina y Padre F\u00e9lix L\u00f3pez Lozano, SHM &#8211; Exaudi\" \/>\n<meta property=\"og:description\" content=\"El mundo que se avecina: Temporada 14\" \/>\n<meta property=\"og:url\" content=\"https:\/\/exaudi.org\/es\/agenda-2033-avanzando-en-el-plan-redentor-de-dios-dialogo-entre-albert-cortina-y-padre-felix-lopez-lozano-shm\/\" \/>\n<meta property=\"og:site_name\" content=\"Exaudi\" \/>\n<meta property=\"article:publisher\" content=\"https:\/\/www.facebook.com\/ExaudiNews\" \/>\n<meta property=\"article:published_time\" content=\"2024-07-19T07:00:55+00:00\" \/>\n<meta property=\"article:modified_time\" content=\"2024-11-11T16:14:25+00:00\" \/>\n<meta property=\"og:image\" content=\"https:\/\/exaudi.org\/wp-content\/uploads\/2024\/07\/jess-bailey-t973uuEKvck-unsplash.jpg\" \/>\n\t<meta property=\"og:image:width\" content=\"2048\" \/>\n\t<meta property=\"og:image:height\" content=\"1536\" \/>\n\t<meta property=\"og:image:type\" content=\"image\/jpeg\" \/>\n<meta name=\"author\" content=\"HM Televisi\u00f3n\" \/>\n<meta name=\"twitter:card\" content=\"summary_large_image\" \/>\n<meta name=\"twitter:creator\" content=\"@Exaudi_News\" \/>\n<meta name=\"twitter:site\" content=\"@Exaudi_News\" \/>\n<meta name=\"twitter:label1\" content=\"Escrito por\" \/>\n\t<meta name=\"twitter:data1\" content=\"HM Televisi\u00f3n\" \/>\n\t<meta name=\"twitter:label2\" content=\"Tiempo de lectura\" \/>\n\t<meta name=\"twitter:data2\" content=\"7 minutos\" \/>\n<script type=\"application\/ld+json\" class=\"yoast-schema-graph\">{\"@context\":\"https:\\\/\\\/schema.org\",\"@graph\":[{\"@type\":\"Article\",\"@id\":\"https:\\\/\\\/exaudi.org\\\/es\\\/agenda-2033-avanzando-en-el-plan-redentor-de-dios-dialogo-entre-albert-cortina-y-padre-felix-lopez-lozano-shm\\\/#article\",\"isPartOf\":{\"@id\":\"https:\\\/\\\/exaudi.org\\\/es\\\/agenda-2033-avanzando-en-el-plan-redentor-de-dios-dialogo-entre-albert-cortina-y-padre-felix-lopez-lozano-shm\\\/\"},\"author\":{\"name\":\"HM Televisi\u00f3n\",\"@id\":\"https:\\\/\\\/exaudi.org\\\/#\\\/schema\\\/person\\\/53f18564983e77dc07439364c7379147\"},\"headline\":\"Agenda 2033: Avanzando en el plan redentor de Dios. Di\u00e1logo entre Albert Cortina y Padre F\u00e9lix L\u00f3pez Lozano, SHM\",\"datePublished\":\"2024-07-19T07:00:55+00:00\",\"dateModified\":\"2024-11-11T16:14:25+00:00\",\"mainEntityOfPage\":{\"@id\":\"https:\\\/\\\/exaudi.org\\\/es\\\/agenda-2033-avanzando-en-el-plan-redentor-de-dios-dialogo-entre-albert-cortina-y-padre-felix-lopez-lozano-shm\\\/\"},\"wordCount\":1453,\"image\":{\"@id\":\"https:\\\/\\\/exaudi.org\\\/es\\\/agenda-2033-avanzando-en-el-plan-redentor-de-dios-dialogo-entre-albert-cortina-y-padre-felix-lopez-lozano-shm\\\/#primaryimage\"},\"thumbnailUrl\":\"https:\\\/\\\/exaudi.org\\\/wp-content\\\/uploads\\\/2024\\\/07\\\/jess-bailey-t973uuEKvck-unsplash.jpg\",\"keywords\":[\"Agenda 2033\",\"Albert Cortina\",\"caridad\",\"El mundo que se avecina\",\"esperanza cristiana\",\"Eucaristia\",\"Evangelizaci\u00f3n\",\"Featured\",\"Fundaci\u00f3n EUK Mamie\",\"HM Televisi\u00f3n\",\"humanismo cristiano\",\"Jesucristo\",\"Maria\",\"Nuevo Orden Mundial\",\"Padre F\u00e9lix L\u00f3pez Lozano\",\"plan redentor de Dios\",\"Redenci\u00f3n\",\"Santidad\",\"SHM\",\"temporada 14\",\"transhumanismo\"],\"articleSection\":[\"An\u00e1lisis\"],\"inLanguage\":\"es\"},{\"@type\":\"WebPage\",\"@id\":\"https:\\\/\\\/exaudi.org\\\/es\\\/agenda-2033-avanzando-en-el-plan-redentor-de-dios-dialogo-entre-albert-cortina-y-padre-felix-lopez-lozano-shm\\\/\",\"url\":\"https:\\\/\\\/exaudi.org\\\/es\\\/agenda-2033-avanzando-en-el-plan-redentor-de-dios-dialogo-entre-albert-cortina-y-padre-felix-lopez-lozano-shm\\\/\",\"name\":\"Agenda 2033: Avanzando en el plan redentor de Dios. Di\u00e1logo entre Albert Cortina y Padre F\u00e9lix L\u00f3pez Lozano, SHM &#8211; Exaudi\",\"isPartOf\":{\"@id\":\"https:\\\/\\\/exaudi.org\\\/#website\"},\"primaryImageOfPage\":{\"@id\":\"https:\\\/\\\/exaudi.org\\\/es\\\/agenda-2033-avanzando-en-el-plan-redentor-de-dios-dialogo-entre-albert-cortina-y-padre-felix-lopez-lozano-shm\\\/#primaryimage\"},\"image\":{\"@id\":\"https:\\\/\\\/exaudi.org\\\/es\\\/agenda-2033-avanzando-en-el-plan-redentor-de-dios-dialogo-entre-albert-cortina-y-padre-felix-lopez-lozano-shm\\\/#primaryimage\"},\"thumbnailUrl\":\"https:\\\/\\\/exaudi.org\\\/wp-content\\\/uploads\\\/2024\\\/07\\\/jess-bailey-t973uuEKvck-unsplash.jpg\",\"datePublished\":\"2024-07-19T07:00:55+00:00\",\"dateModified\":\"2024-11-11T16:14:25+00:00\",\"author\":{\"@id\":\"https:\\\/\\\/exaudi.org\\\/#\\\/schema\\\/person\\\/53f18564983e77dc07439364c7379147\"},\"breadcrumb\":{\"@id\":\"https:\\\/\\\/exaudi.org\\\/es\\\/agenda-2033-avanzando-en-el-plan-redentor-de-dios-dialogo-entre-albert-cortina-y-padre-felix-lopez-lozano-shm\\\/#breadcrumb\"},\"inLanguage\":\"es\",\"potentialAction\":[{\"@type\":\"ReadAction\",\"target\":[\"https:\\\/\\\/exaudi.org\\\/es\\\/agenda-2033-avanzando-en-el-plan-redentor-de-dios-dialogo-entre-albert-cortina-y-padre-felix-lopez-lozano-shm\\\/\"]}]},{\"@type\":\"ImageObject\",\"inLanguage\":\"es\",\"@id\":\"https:\\\/\\\/exaudi.org\\\/es\\\/agenda-2033-avanzando-en-el-plan-redentor-de-dios-dialogo-entre-albert-cortina-y-padre-felix-lopez-lozano-shm\\\/#primaryimage\",\"url\":\"https:\\\/\\\/exaudi.org\\\/wp-content\\\/uploads\\\/2024\\\/07\\\/jess-bailey-t973uuEKvck-unsplash.jpg\",\"contentUrl\":\"https:\\\/\\\/exaudi.org\\\/wp-content\\\/uploads\\\/2024\\\/07\\\/jess-bailey-t973uuEKvck-unsplash.jpg\",\"width\":2048,\"height\":1536,\"caption\":\"Foto de Jess Bailey en Unsplash\"},{\"@type\":\"BreadcrumbList\",\"@id\":\"https:\\\/\\\/exaudi.org\\\/es\\\/agenda-2033-avanzando-en-el-plan-redentor-de-dios-dialogo-entre-albert-cortina-y-padre-felix-lopez-lozano-shm\\\/#breadcrumb\",\"itemListElement\":[{\"@type\":\"ListItem\",\"position\":1,\"name\":\"Portada\",\"item\":\"https:\\\/\\\/exaudi.org\\\/es\\\/\"},{\"@type\":\"ListItem\",\"position\":2,\"name\":\"Agenda 2033: Avanzando en el plan redentor de Dios. Di\u00e1logo entre Albert Cortina y Padre F\u00e9lix L\u00f3pez Lozano, SHM\"}]},{\"@type\":\"WebSite\",\"@id\":\"https:\\\/\\\/exaudi.org\\\/#website\",\"url\":\"https:\\\/\\\/exaudi.org\\\/\",\"name\":\"Exaudi\",\"description\":\"News\",\"potentialAction\":[{\"@type\":\"SearchAction\",\"target\":{\"@type\":\"EntryPoint\",\"urlTemplate\":\"https:\\\/\\\/exaudi.org\\\/?s={search_term_string}\"},\"query-input\":{\"@type\":\"PropertyValueSpecification\",\"valueRequired\":true,\"valueName\":\"search_term_string\"}}],\"inLanguage\":\"es\"},{\"@type\":\"Person\",\"@id\":\"https:\\\/\\\/exaudi.org\\\/#\\\/schema\\\/person\\\/53f18564983e77dc07439364c7379147\",\"name\":\"HM Televisi\u00f3n\",\"image\":{\"@type\":\"ImageObject\",\"inLanguage\":\"es\",\"@id\":\"https:\\\/\\\/secure.gravatar.com\\\/avatar\\\/6d5520436c4a9e483f583843de76fb87640127f83156a90dc289bdc451e87b5a?s=96&d=mm&r=g\",\"url\":\"https:\\\/\\\/secure.gravatar.com\\\/avatar\\\/6d5520436c4a9e483f583843de76fb87640127f83156a90dc289bdc451e87b5a?s=96&d=mm&r=g\",\"contentUrl\":\"https:\\\/\\\/secure.gravatar.com\\\/avatar\\\/6d5520436c4a9e483f583843de76fb87640127f83156a90dc289bdc451e87b5a?s=96&d=mm&r=g\",\"caption\":\"HM Televisi\u00f3n\"},\"description\":\"HM Televisi\u00f3n surge en el 2001 en el seno de la Fundaci\u00f3n EUK Mamie, entidad no lucrativa para la gesti\u00f3n de los medios de comunicaci\u00f3n, fruto del deseo del Hogar de la Madre de colaborar en la Nueva Evangelizaci\u00f3n. Responde a la llamada del Papa Juan Pablo II a usar el potencial de los medios de comunicaci\u00f3n social para proclamar el mensaje evang\u00e9lico, dirigiendo sus contenidos a j\u00f3venes, familias y ni\u00f1os, para transmitir un mensaje bajo el lema: \\\"Ayer, hoy y siempre, la Verdad\\\"\",\"sameAs\":[\"https:\\\/\\\/www.hogardelamadre.org\\\/es\\\/hm-multimedia\\\/1840-h-m-television\",\"https:\\\/\\\/www.youtube.com\\\/hmtelevision\"],\"url\":\"https:\\\/\\\/exaudi.org\\\/es\\\/author\\\/hm-television\\\/\"}]}<\/script>\n<!-- \/ Yoast SEO plugin. -->","yoast_head_json":{"title":"Agenda 2033: Avanzando en el plan redentor de Dios. Di\u00e1logo entre Albert Cortina y Padre F\u00e9lix L\u00f3pez Lozano, SHM &#8211; Exaudi","robots":{"index":"index","follow":"follow","max-snippet":"max-snippet:-1","max-image-preview":"max-image-preview:large","max-video-preview":"max-video-preview:-1"},"canonical":"https:\/\/exaudi.org\/es\/agenda-2033-avanzando-en-el-plan-redentor-de-dios-dialogo-entre-albert-cortina-y-padre-felix-lopez-lozano-shm\/","og_locale":"es_ES","og_type":"article","og_title":"Agenda 2033: Avanzando en el plan redentor de Dios. Di\u00e1logo entre Albert Cortina y Padre F\u00e9lix L\u00f3pez Lozano, SHM &#8211; Exaudi","og_description":"El mundo que se avecina: Temporada 14","og_url":"https:\/\/exaudi.org\/es\/agenda-2033-avanzando-en-el-plan-redentor-de-dios-dialogo-entre-albert-cortina-y-padre-felix-lopez-lozano-shm\/","og_site_name":"Exaudi","article_publisher":"https:\/\/www.facebook.com\/ExaudiNews","article_published_time":"2024-07-19T07:00:55+00:00","article_modified_time":"2024-11-11T16:14:25+00:00","og_image":[{"width":2048,"height":1536,"url":"https:\/\/exaudi.org\/wp-content\/uploads\/2024\/07\/jess-bailey-t973uuEKvck-unsplash.jpg","type":"image\/jpeg"}],"author":"HM Televisi\u00f3n","twitter_card":"summary_large_image","twitter_creator":"@Exaudi_News","twitter_site":"@Exaudi_News","twitter_misc":{"Escrito por":"HM Televisi\u00f3n","Tiempo de lectura":"7 minutos"},"schema":{"@context":"https:\/\/schema.org","@graph":[{"@type":"Article","@id":"https:\/\/exaudi.org\/es\/agenda-2033-avanzando-en-el-plan-redentor-de-dios-dialogo-entre-albert-cortina-y-padre-felix-lopez-lozano-shm\/#article","isPartOf":{"@id":"https:\/\/exaudi.org\/es\/agenda-2033-avanzando-en-el-plan-redentor-de-dios-dialogo-entre-albert-cortina-y-padre-felix-lopez-lozano-shm\/"},"author":{"name":"HM Televisi\u00f3n","@id":"https:\/\/exaudi.org\/#\/schema\/person\/53f18564983e77dc07439364c7379147"},"headline":"Agenda 2033: Avanzando en el plan redentor de Dios. Di\u00e1logo entre Albert Cortina y Padre F\u00e9lix L\u00f3pez Lozano, SHM","datePublished":"2024-07-19T07:00:55+00:00","dateModified":"2024-11-11T16:14:25+00:00","mainEntityOfPage":{"@id":"https:\/\/exaudi.org\/es\/agenda-2033-avanzando-en-el-plan-redentor-de-dios-dialogo-entre-albert-cortina-y-padre-felix-lopez-lozano-shm\/"},"wordCount":1453,"image":{"@id":"https:\/\/exaudi.org\/es\/agenda-2033-avanzando-en-el-plan-redentor-de-dios-dialogo-entre-albert-cortina-y-padre-felix-lopez-lozano-shm\/#primaryimage"},"thumbnailUrl":"https:\/\/exaudi.org\/wp-content\/uploads\/2024\/07\/jess-bailey-t973uuEKvck-unsplash.jpg","keywords":["Agenda 2033","Albert Cortina","caridad","El mundo que se avecina","esperanza cristiana","Eucaristia","Evangelizaci\u00f3n","Featured","Fundaci\u00f3n EUK Mamie","HM Televisi\u00f3n","humanismo cristiano","Jesucristo","Maria","Nuevo Orden Mundial","Padre F\u00e9lix L\u00f3pez Lozano","plan redentor de Dios","Redenci\u00f3n","Santidad","SHM","temporada 14","transhumanismo"],"articleSection":["An\u00e1lisis"],"inLanguage":"es"},{"@type":"WebPage","@id":"https:\/\/exaudi.org\/es\/agenda-2033-avanzando-en-el-plan-redentor-de-dios-dialogo-entre-albert-cortina-y-padre-felix-lopez-lozano-shm\/","url":"https:\/\/exaudi.org\/es\/agenda-2033-avanzando-en-el-plan-redentor-de-dios-dialogo-entre-albert-cortina-y-padre-felix-lopez-lozano-shm\/","name":"Agenda 2033: Avanzando en el plan redentor de Dios. Di\u00e1logo entre Albert Cortina y Padre F\u00e9lix L\u00f3pez Lozano, SHM &#8211; Exaudi","isPartOf":{"@id":"https:\/\/exaudi.org\/#website"},"primaryImageOfPage":{"@id":"https:\/\/exaudi.org\/es\/agenda-2033-avanzando-en-el-plan-redentor-de-dios-dialogo-entre-albert-cortina-y-padre-felix-lopez-lozano-shm\/#primaryimage"},"image":{"@id":"https:\/\/exaudi.org\/es\/agenda-2033-avanzando-en-el-plan-redentor-de-dios-dialogo-entre-albert-cortina-y-padre-felix-lopez-lozano-shm\/#primaryimage"},"thumbnailUrl":"https:\/\/exaudi.org\/wp-content\/uploads\/2024\/07\/jess-bailey-t973uuEKvck-unsplash.jpg","datePublished":"2024-07-19T07:00:55+00:00","dateModified":"2024-11-11T16:14:25+00:00","author":{"@id":"https:\/\/exaudi.org\/#\/schema\/person\/53f18564983e77dc07439364c7379147"},"breadcrumb":{"@id":"https:\/\/exaudi.org\/es\/agenda-2033-avanzando-en-el-plan-redentor-de-dios-dialogo-entre-albert-cortina-y-padre-felix-lopez-lozano-shm\/#breadcrumb"},"inLanguage":"es","potentialAction":[{"@type":"ReadAction","target":["https:\/\/exaudi.org\/es\/agenda-2033-avanzando-en-el-plan-redentor-de-dios-dialogo-entre-albert-cortina-y-padre-felix-lopez-lozano-shm\/"]}]},{"@type":"ImageObject","inLanguage":"es","@id":"https:\/\/exaudi.org\/es\/agenda-2033-avanzando-en-el-plan-redentor-de-dios-dialogo-entre-albert-cortina-y-padre-felix-lopez-lozano-shm\/#primaryimage","url":"https:\/\/exaudi.org\/wp-content\/uploads\/2024\/07\/jess-bailey-t973uuEKvck-unsplash.jpg","contentUrl":"https:\/\/exaudi.org\/wp-content\/uploads\/2024\/07\/jess-bailey-t973uuEKvck-unsplash.jpg","width":2048,"height":1536,"caption":"Foto de Jess Bailey en Unsplash"},{"@type":"BreadcrumbList","@id":"https:\/\/exaudi.org\/es\/agenda-2033-avanzando-en-el-plan-redentor-de-dios-dialogo-entre-albert-cortina-y-padre-felix-lopez-lozano-shm\/#breadcrumb","itemListElement":[{"@type":"ListItem","position":1,"name":"Portada","item":"https:\/\/exaudi.org\/es\/"},{"@type":"ListItem","position":2,"name":"Agenda 2033: Avanzando en el plan redentor de Dios. Di\u00e1logo entre Albert Cortina y Padre F\u00e9lix L\u00f3pez Lozano, SHM"}]},{"@type":"WebSite","@id":"https:\/\/exaudi.org\/#website","url":"https:\/\/exaudi.org\/","name":"Exaudi","description":"News","potentialAction":[{"@type":"SearchAction","target":{"@type":"EntryPoint","urlTemplate":"https:\/\/exaudi.org\/?s={search_term_string}"},"query-input":{"@type":"PropertyValueSpecification","valueRequired":true,"valueName":"search_term_string"}}],"inLanguage":"es"},{"@type":"Person","@id":"https:\/\/exaudi.org\/#\/schema\/person\/53f18564983e77dc07439364c7379147","name":"HM Televisi\u00f3n","image":{"@type":"ImageObject","inLanguage":"es","@id":"https:\/\/secure.gravatar.com\/avatar\/6d5520436c4a9e483f583843de76fb87640127f83156a90dc289bdc451e87b5a?s=96&d=mm&r=g","url":"https:\/\/secure.gravatar.com\/avatar\/6d5520436c4a9e483f583843de76fb87640127f83156a90dc289bdc451e87b5a?s=96&d=mm&r=g","contentUrl":"https:\/\/secure.gravatar.com\/avatar\/6d5520436c4a9e483f583843de76fb87640127f83156a90dc289bdc451e87b5a?s=96&d=mm&r=g","caption":"HM Televisi\u00f3n"},"description":"HM Televisi\u00f3n surge en el 2001 en el seno de la Fundaci\u00f3n EUK Mamie, entidad no lucrativa para la gesti\u00f3n de los medios de comunicaci\u00f3n, fruto del deseo del Hogar de la Madre de colaborar en la Nueva Evangelizaci\u00f3n. Responde a la llamada del Papa Juan Pablo II a usar el potencial de los medios de comunicaci\u00f3n social para proclamar el mensaje evang\u00e9lico, dirigiendo sus contenidos a j\u00f3venes, familias y ni\u00f1os, para transmitir un mensaje bajo el lema: \"Ayer, hoy y siempre, la Verdad\"","sameAs":["https:\/\/www.hogardelamadre.org\/es\/hm-multimedia\/1840-h-m-television","https:\/\/www.youtube.com\/hmtelevision"],"url":"https:\/\/exaudi.org\/es\/author\/hm-television\/"}]}},"jetpack_featured_media_url":"https:\/\/exaudi.org\/wp-content\/uploads\/2024\/07\/jess-bailey-t973uuEKvck-unsplash.jpg","jetpack_shortlink":"https:\/\/wp.me\/pgKjF2-r6O","_links":{"self":[{"href":"https:\/\/exaudi.org\/es\/wp-json\/wp\/v2\/posts\/104210","targetHints":{"allow":["GET"]}}],"collection":[{"href":"https:\/\/exaudi.org\/es\/wp-json\/wp\/v2\/posts"}],"about":[{"href":"https:\/\/exaudi.org\/es\/wp-json\/wp\/v2\/types\/post"}],"author":[{"embeddable":true,"href":"https:\/\/exaudi.org\/es\/wp-json\/wp\/v2\/users\/144"}],"replies":[{"embeddable":true,"href":"https:\/\/exaudi.org\/es\/wp-json\/wp\/v2\/comments?post=104210"}],"version-history":[{"count":0,"href":"https:\/\/exaudi.org\/es\/wp-json\/wp\/v2\/posts\/104210\/revisions"}],"wp:featuredmedia":[{"embeddable":true,"href":"https:\/\/exaudi.org\/es\/wp-json\/wp\/v2\/media\/104236"}],"wp:attachment":[{"href":"https:\/\/exaudi.org\/es\/wp-json\/wp\/v2\/media?parent=104210"}],"wp:term":[{"taxonomy":"category","embeddable":true,"href":"https:\/\/exaudi.org\/es\/wp-json\/wp\/v2\/categories?post=104210"},{"taxonomy":"post_tag","embeddable":true,"href":"https:\/\/exaudi.org\/es\/wp-json\/wp\/v2\/tags?post=104210"}],"curies":[{"name":"wp","href":"https:\/\/api.w.org\/{rel}","templated":true}]}}