{"id":103887,"date":"2025-07-16T07:30:39","date_gmt":"2025-07-16T05:30:39","guid":{"rendered":"https:\/\/exaudi.org\/?p=103887"},"modified":"2025-07-16T09:44:28","modified_gmt":"2025-07-16T07:44:28","slug":"santa-maria-magdalena-postel-16-de-julio-2","status":"publish","type":"post","link":"https:\/\/exaudi.org\/es\/santa-maria-magdalena-postel-16-de-julio-2\/","title":{"rendered":"Santa Mar\u00eda Magdalena Postel, 16 de julio"},"content":{"rendered":"<p>En esta festividad de la Virgen del Carmen, el santoral incluye, entre otros, la celebraci\u00f3n de esta francesa. Una mujer intr\u00e9pida y valerosa, probada en su fe durante d\u00e9cadas, que tuvo la gracia de contemplar en su intensa y dilatada existencia los frutos de sus desvelos: cerca de cuarenta conventos e iglesias impulsadas por ella. No escatim\u00f3 esfuerzo alguno, contribuyendo a su construcci\u00f3n, en algunos casos, con sus propias manos. Una imagen de la Piedad venerada en la parroquia de su localidad natal, de la que se prendaron sus ojos infantiles, fue uno de los pilares de su espiritualidad y apostolado.<\/p>\n<p><iframe title=\"Spotify Embed: Santa Mar\u00eda Magdalena Postel, 16 de julio\" style=\"border-radius: 12px\" width=\"100%\" height=\"152\" frameborder=\"0\" allowfullscreen allow=\"autoplay; clipboard-write; encrypted-media; fullscreen; picture-in-picture\" loading=\"lazy\" src=\"https:\/\/open.spotify.com\/embed\/episode\/4tkNU1useiIM3ZOGZ1FjoY?si=9AMILrg2Qp-CqLM81frKbw&#038;utm_source=oembed\"><\/iframe><\/p>\n<p>Julie Fran\u00e7oise Catherine naci\u00f3 el 28 de noviembre de 1756 en Barfleur, Normand\u00eda. El bell\u00edsimo paraje costero y las riveras del mar cuajadas de pescadores fueron el paisaje que enmarc\u00f3 una parte de su vida. Era la primog\u00e9nita de siete hermanos. Sus padres, campesinos con buenos recursos, no pudieron acompa\u00f1arla mucho tiempo en este mundo; ambos murieron pronto. Seguramente no tuvieron noticia de que a los 9 a\u00f1os, cuando hizo la primera comuni\u00f3n, esta hija llamada a dar gloria a Dios hab\u00eda ofrecido su castidad. Curs\u00f3 estudios con las benedictinas de Valognes quienes viendo su piedad y aplicaci\u00f3n, junto a otras cualidades y virtudes, se fijaron en ella so\u00f1ando con una nueva vocaci\u00f3n a insertar en sus filas. Julie hab\u00eda tomado la decisi\u00f3n de consagrarse a Dios, pero una vez adquiridos los conocimientos las dej\u00f3. Y a la edad de 18 a\u00f1os abri\u00f3 en Barfleur una primera escuela de car\u00e1cter gratuito dirigida a la educaci\u00f3n de las ni\u00f1as sin recursos. No contaba con el estallido de la Revoluci\u00f3n francesa que se produjo cinco a\u00f1os m\u00e1s tarde, interfiriendo en el pulso de la sociedad y en sus proyectos.<\/p>\n<p>\u00a1Qui\u00e9n iba a pensar que esta joven tendr\u00eda tantos arrestos como para encabezar una especie de resistencia a favor de los sacerdotes perseguidos! Pero es lo que sucedi\u00f3. Actuando con perspicacia se hizo una experta en el modo de socorrer a los cl\u00e9rigos; abri\u00f3 v\u00edas para que pudieran huir a Inglaterra. Milagrosamente se libr\u00f3 de ser capturada. Esta labor clandestina, que hizo de ella una gran l\u00edder defensora de la Iglesia oprimida, le permiti\u00f3 obtener el permiso correspondiente para custodiar la Eucarist\u00eda en su propio domicilio, y a administrarla incluso a quienes se hallaban en trance de muerte. Que una mujer recibiera esta facultad era algo ins\u00f3lito en la \u00e9poca, y la gente comenz\u00f3 a denominarla \u00abla virgen sacerdote\u00bb. Habilit\u00f3 un espacio debajo de la escalera, a manera de capilla, donde manten\u00eda a buen resguardo la reserva eucar\u00edstica; un lugar donde los sacerdotes oficiaban la misa. Durante cuatro a\u00f1os puso todo su empe\u00f1o para que la fe no se malograra. Impart\u00eda catequesis a ni\u00f1os y adultos, al tiempo que encabezaba y alentaba a la realizaci\u00f3n de obras caritativas. En 1798 se comprometi\u00f3 como terciaria franciscana y tom\u00f3 el nombre de Mar\u00eda Magdalena.<\/p>\n<p>Tras alg\u00fan que otro contratiempo surgido en torno a su labor, se traslad\u00f3 a Cherbourg para colaborar con un proyecto docente. Cont\u00f3 con el respaldo del sacerdote Abb\u00e9 Cabart, ya que ambos conflu\u00edan en similar af\u00e1n: educar a los j\u00f3venes en la fe y conducirlos a Dios. Julie deseaba extender su labor a los pobres. Y en 1805, de com\u00fan acuerdo, abrieron una escuela que la santa puso bajo el amparo de la Virgen, Madre de Misericordia. Dos a\u00f1os m\u00e1s tarde, el 8 de septiembre de 1807, emiti\u00f3 los votos junto a otras colaboradoras, fundando las Hermanas de las Escuelas Cristianas de la Misericordia con el objetivo de educar a los j\u00f3venes y auxiliar a los pobres. Su esp\u00edritu franciscano se trasluc\u00eda en su generosidad y el \u00edmpetu apost\u00f3lico enriquecido por su intensa oraci\u00f3n. Y su vida asc\u00e9tica se caracterizaba por una severa austeridad. Inclu\u00eda disciplinas como los cilicios, ayunos estrictos de cuatro d\u00edas de duraci\u00f3n \u2013no se permit\u00eda m\u00e1s que una comida diaria\u2013, y por lecho ten\u00eda una cruz de madera, por mencionar algunas de las rigurosas penitencias que se impuso. Externamente se a\u00f1adieron otras mortificaciones como las dificultades que tuvo que afrontar para seguir sosteniendo la fundaci\u00f3n. \u00abObediencia hasta la muerte\u00bb era su consigna, fruto de su recogimiento, signo de su caridad.<\/p>\n<p>La comunidad se vio obligada a iniciar una peregrinaci\u00f3n por diversas localidades: Octeville L\u2019Avenel, Tamerville, Valognes&#8230; Parec\u00eda que en ning\u00fan lugar pod\u00edan afincarse. En 1832 adquiri\u00f3 una ruinosa abad\u00eda benedictina en Saint-Sauveur-le-Vicomte, y all\u00ed se establecieron. Su restauraci\u00f3n fue costos\u00edsima para la santa y para sus hermanas. Hab\u00eda querido que sus hijas, con ella al frente, se implicaran personalmente en el trabajo; cualquiera que fuera les ser\u00eda \u00fatil. La tareas agr\u00edcolas y la costura, entre otros, asumidos por la comunidad les serv\u00eda para poder seguir haciendo el bien a los necesitados a trav\u00e9s de la docencia. Aportaron su buen hacer a la reedificaci\u00f3n del edificio. Entonces Julie ten\u00eda 76 a\u00f1os, que en esa \u00e9poca, con un \u00edndice de vida escu\u00e1lido, se pod\u00eda considerar toda una anciana.<\/p>\n<p>Nunca se desanim\u00f3 y luch\u00f3 lo que hizo falta con tenacidad, confiando en la divina Providencia, sin dudar de que la fundaci\u00f3n llegar\u00eda a buen puerto, aunque hubo momentos en los que le sugirieron disolverla. En el inicio la obra estuvo orientada a la ense\u00f1anza; despu\u00e9s, Roma les propuso hacer extensiva su labor al cuidado de los enfermos, y la fundadora acogi\u00f3 con gozo la demanda. Su vida, que hab\u00eda sido agraciada con diversos dones, culmin\u00f3 en el convento de Saint-Sauveur-le-Vicomte el 16 de julio de 1846. Iba camino de 90 a\u00f1os. P\u00edo X la beatific\u00f3 el 17 de mayo de 1908. P\u00edo XI la canoniz\u00f3 el 24 de mayo de 1925.<\/p>\n<p><img loading=\"lazy\" decoding=\"async\" class=\"size-full wp-image-128473 alignnone\" src=\"https:\/\/exaudi.org\/wp-content\/uploads\/2025\/07\/Santoral-5.jpg\" alt=\"\" width=\"1080\" height=\"1080\" srcset=\"https:\/\/exaudi.org\/wp-content\/uploads\/2025\/07\/Santoral-5.jpg 1080w, https:\/\/exaudi.org\/wp-content\/uploads\/2025\/07\/Santoral-5-300x300.jpg 300w, https:\/\/exaudi.org\/wp-content\/uploads\/2025\/07\/Santoral-5-1024x1024.jpg 1024w, https:\/\/exaudi.org\/wp-content\/uploads\/2025\/07\/Santoral-5-100x100.jpg?crop=1 100w, https:\/\/exaudi.org\/wp-content\/uploads\/2025\/07\/Santoral-5-770x770.jpg 770w, https:\/\/exaudi.org\/wp-content\/uploads\/2025\/07\/Santoral-5-500x500.jpg 500w\" sizes=\"auto, (max-width: 1080px) 100vw, 1080px\" \/><\/p>\n<p><img loading=\"lazy\" decoding=\"async\" class=\"alignright wp-image-2208\" src=\"https:\/\/exaudi.org\/wp-content\/uploads\/2021\/02\/santoral-scaled-1-725x1024.jpg\" alt=\"santoral Isabel Orellana\" width=\"262\" height=\"370\" \/><\/p>\n<div class=\"page\" title=\"Page 4\">\n<div class=\"layoutArea\">\n<div class=\"column\">\n<h6><em>\u00a9 <a href=\"https:\/\/exaudi.org\/es\/author\/isabelorellana\/\" target=\"_blank\" rel=\"noopener noreferrer\">Isabel Orellana Vilches<\/a>, 2018<\/em><\/h6>\n<h6><em>Autora vinculada a<\/em><br \/>\n<img loading=\"lazy\" decoding=\"async\" class=\"alignnone size-full wp-image-41949\" src=\"https:\/\/www.idente.org\/wp-content\/uploads\/logo-cedro-v01-843x295-1-e1603384654546.png\" alt=\"\" width=\"80\" height=\"28\" \/><br \/>\nObra protegida por derechos de autor.<br \/>\nInscrita en el Registro de la Propiedad Intelectual el 24 de noviembre de 2014.<br \/>\n________________<br \/>\nDerechos de edici\u00f3n reservados:<br \/>\nFundaci\u00f3n <a href=\"https:\/\/rielo.com\/\" target=\"_blank\" rel=\"noopener noreferrer\">Fernando Rielo<\/a><br \/>\nGoya 20, 4.\u00ba izq. int. 28001 Madrid<br \/>\nTlf.: (34) 91 575 40 91<br \/>\nCorreo electr\u00f3nico: fundacion@rielo.com<\/h6>\n<div class=\"page\" title=\"Page 4\">\n<div class=\"layoutArea\">\n<div class=\"column\">\n<h6>Dep\u00f3sito legal: M-18664-2020<br \/>\nISBN: 978-84-946646-6-3<\/h6>\n<\/div>\n<\/div>\n<\/div>\n<\/div>\n<\/div>\n<\/div>\n","protected":false},"excerpt":{"rendered":"<p>Fundadora las Hermanas de las Escuelas Cristianas de la Misericordia<\/p>\n","protected":false},"author":23,"featured_media":103889,"comment_status":"closed","ping_status":"closed","sticky":false,"template":"","format":"standard","meta":{"_acf_changed":false,"_crdt_document":"","inline_featured_image":false,"footnotes":""},"categories":[2772],"tags":[388,9454,387,4953],"class_list":["post-103887","post","type-post","status-publish","format-standard","has-post-thumbnail","hentry","category-santoral","tag-isabel-orellana-vilches","tag-santa-maria-magdalena-postel","tag-santoral","tag-trending-es"],"acf":[],"yoast_head":"<!-- This site is optimized with the Yoast SEO plugin v27.5 - https:\/\/yoast.com\/product\/yoast-seo-wordpress\/ -->\n<title>Santa Mar\u00eda Magdalena Postel, 16 de julio &#8211; Exaudi<\/title>\n<meta name=\"robots\" content=\"index, follow, max-snippet:-1, max-image-preview:large, max-video-preview:-1\" \/>\n<link rel=\"canonical\" href=\"https:\/\/exaudi.org\/es\/santa-maria-magdalena-postel-16-de-julio-2\/\" \/>\n<meta property=\"og:locale\" content=\"es_ES\" \/>\n<meta property=\"og:type\" content=\"article\" \/>\n<meta property=\"og:title\" content=\"Santa Mar\u00eda Magdalena Postel, 16 de julio &#8211; Exaudi\" \/>\n<meta property=\"og:description\" content=\"Fundadora las Hermanas de las Escuelas Cristianas de la Misericordia\" \/>\n<meta property=\"og:url\" content=\"https:\/\/exaudi.org\/es\/santa-maria-magdalena-postel-16-de-julio-2\/\" \/>\n<meta property=\"og:site_name\" content=\"Exaudi\" \/>\n<meta property=\"article:publisher\" content=\"https:\/\/www.facebook.com\/ExaudiNews\" \/>\n<meta property=\"article:published_time\" content=\"2025-07-16T05:30:39+00:00\" \/>\n<meta property=\"article:modified_time\" content=\"2025-07-16T07:44:28+00:00\" \/>\n<meta property=\"og:image\" content=\"https:\/\/exaudi.org\/wp-content\/uploads\/2024\/06\/Maria-Magdalena-Postel-e1719482765753.jpg\" \/>\n\t<meta property=\"og:image:width\" content=\"332\" \/>\n\t<meta property=\"og:image:height\" content=\"203\" \/>\n\t<meta property=\"og:image:type\" content=\"image\/jpeg\" \/>\n<meta name=\"author\" content=\"Isabel Orellana\" \/>\n<meta name=\"twitter:card\" content=\"summary_large_image\" \/>\n<meta name=\"twitter:creator\" content=\"@Exaudi_News\" \/>\n<meta name=\"twitter:site\" content=\"@Exaudi_News\" \/>\n<meta name=\"twitter:label1\" content=\"Escrito por\" \/>\n\t<meta name=\"twitter:data1\" content=\"Isabel Orellana\" \/>\n\t<meta name=\"twitter:label2\" content=\"Tiempo de lectura\" \/>\n\t<meta name=\"twitter:data2\" content=\"5 minutos\" \/>\n<script type=\"application\/ld+json\" class=\"yoast-schema-graph\">{\"@context\":\"https:\\\/\\\/schema.org\",\"@graph\":[{\"@type\":\"Article\",\"@id\":\"https:\\\/\\\/exaudi.org\\\/es\\\/santa-maria-magdalena-postel-16-de-julio-2\\\/#article\",\"isPartOf\":{\"@id\":\"https:\\\/\\\/exaudi.org\\\/es\\\/santa-maria-magdalena-postel-16-de-julio-2\\\/\"},\"author\":{\"name\":\"Isabel Orellana\",\"@id\":\"https:\\\/\\\/exaudi.org\\\/#\\\/schema\\\/person\\\/64e18b96fd6118559a9217b5b3375fdc\"},\"headline\":\"Santa Mar\u00eda Magdalena Postel, 16 de julio\",\"datePublished\":\"2025-07-16T05:30:39+00:00\",\"dateModified\":\"2025-07-16T07:44:28+00:00\",\"mainEntityOfPage\":{\"@id\":\"https:\\\/\\\/exaudi.org\\\/es\\\/santa-maria-magdalena-postel-16-de-julio-2\\\/\"},\"wordCount\":1075,\"image\":{\"@id\":\"https:\\\/\\\/exaudi.org\\\/es\\\/santa-maria-magdalena-postel-16-de-julio-2\\\/#primaryimage\"},\"thumbnailUrl\":\"https:\\\/\\\/exaudi.org\\\/wp-content\\\/uploads\\\/2024\\\/06\\\/Maria-Magdalena-Postel-e1719482765753.jpg\",\"keywords\":[\"Isabel Orellana Vilches\",\"Santa Mar\u00eda Magdalena Postel\",\"Santoral\",\"Trending\"],\"articleSection\":[\"Santoral\"],\"inLanguage\":\"es\"},{\"@type\":\"WebPage\",\"@id\":\"https:\\\/\\\/exaudi.org\\\/es\\\/santa-maria-magdalena-postel-16-de-julio-2\\\/\",\"url\":\"https:\\\/\\\/exaudi.org\\\/es\\\/santa-maria-magdalena-postel-16-de-julio-2\\\/\",\"name\":\"Santa Mar\u00eda Magdalena Postel, 16 de julio &#8211; Exaudi\",\"isPartOf\":{\"@id\":\"https:\\\/\\\/exaudi.org\\\/#website\"},\"primaryImageOfPage\":{\"@id\":\"https:\\\/\\\/exaudi.org\\\/es\\\/santa-maria-magdalena-postel-16-de-julio-2\\\/#primaryimage\"},\"image\":{\"@id\":\"https:\\\/\\\/exaudi.org\\\/es\\\/santa-maria-magdalena-postel-16-de-julio-2\\\/#primaryimage\"},\"thumbnailUrl\":\"https:\\\/\\\/exaudi.org\\\/wp-content\\\/uploads\\\/2024\\\/06\\\/Maria-Magdalena-Postel-e1719482765753.jpg\",\"datePublished\":\"2025-07-16T05:30:39+00:00\",\"dateModified\":\"2025-07-16T07:44:28+00:00\",\"author\":{\"@id\":\"https:\\\/\\\/exaudi.org\\\/#\\\/schema\\\/person\\\/64e18b96fd6118559a9217b5b3375fdc\"},\"breadcrumb\":{\"@id\":\"https:\\\/\\\/exaudi.org\\\/es\\\/santa-maria-magdalena-postel-16-de-julio-2\\\/#breadcrumb\"},\"inLanguage\":\"es\",\"potentialAction\":[{\"@type\":\"ReadAction\",\"target\":[\"https:\\\/\\\/exaudi.org\\\/es\\\/santa-maria-magdalena-postel-16-de-julio-2\\\/\"]}]},{\"@type\":\"ImageObject\",\"inLanguage\":\"es\",\"@id\":\"https:\\\/\\\/exaudi.org\\\/es\\\/santa-maria-magdalena-postel-16-de-julio-2\\\/#primaryimage\",\"url\":\"https:\\\/\\\/exaudi.org\\\/wp-content\\\/uploads\\\/2024\\\/06\\\/Maria-Magdalena-Postel-e1719482765753.jpg\",\"contentUrl\":\"https:\\\/\\\/exaudi.org\\\/wp-content\\\/uploads\\\/2024\\\/06\\\/Maria-Magdalena-Postel-e1719482765753.jpg\",\"width\":332,\"height\":203},{\"@type\":\"BreadcrumbList\",\"@id\":\"https:\\\/\\\/exaudi.org\\\/es\\\/santa-maria-magdalena-postel-16-de-julio-2\\\/#breadcrumb\",\"itemListElement\":[{\"@type\":\"ListItem\",\"position\":1,\"name\":\"Portada\",\"item\":\"https:\\\/\\\/exaudi.org\\\/es\\\/\"},{\"@type\":\"ListItem\",\"position\":2,\"name\":\"Santa Mar\u00eda Magdalena Postel, 16 de julio\"}]},{\"@type\":\"WebSite\",\"@id\":\"https:\\\/\\\/exaudi.org\\\/#website\",\"url\":\"https:\\\/\\\/exaudi.org\\\/\",\"name\":\"Exaudi\",\"description\":\"News\",\"potentialAction\":[{\"@type\":\"SearchAction\",\"target\":{\"@type\":\"EntryPoint\",\"urlTemplate\":\"https:\\\/\\\/exaudi.org\\\/?s={search_term_string}\"},\"query-input\":{\"@type\":\"PropertyValueSpecification\",\"valueRequired\":true,\"valueName\":\"search_term_string\"}}],\"inLanguage\":\"es\"},{\"@type\":\"Person\",\"@id\":\"https:\\\/\\\/exaudi.org\\\/#\\\/schema\\\/person\\\/64e18b96fd6118559a9217b5b3375fdc\",\"name\":\"Isabel Orellana\",\"image\":{\"@type\":\"ImageObject\",\"inLanguage\":\"es\",\"@id\":\"https:\\\/\\\/secure.gravatar.com\\\/avatar\\\/51968380bbb6b22ae85c605634860366fd9a2a611c6341125115bca32cd6c171?s=96&d=mm&r=g\",\"url\":\"https:\\\/\\\/secure.gravatar.com\\\/avatar\\\/51968380bbb6b22ae85c605634860366fd9a2a611c6341125115bca32cd6c171?s=96&d=mm&r=g\",\"contentUrl\":\"https:\\\/\\\/secure.gravatar.com\\\/avatar\\\/51968380bbb6b22ae85c605634860366fd9a2a611c6341125115bca32cd6c171?s=96&d=mm&r=g\",\"caption\":\"Isabel Orellana\"},\"description\":\"Isabel Orellana Vilches Misionera idente. Doctora en Filosof\u00eda por la Universidad Aut\u00f3noma de Barcelona con la tesis Realismo y progreso cient\u00edfico en la epistemolog\u00eda popperiana. Ha cursado estudios de teolog\u00eda en la Universidad Pontificia de Salamanca. Con amplia actividad docente desde 1986, ha publicado libros como: Realismo y progreso cient\u00edfico en la epistemolog\u00eda popperiana, Universitat Aut\u00f2noma de Barcelona, 1993; El evangelio habla a los j\u00f3venes, Atenas, Madrid, 1997; Qu\u00e9 es... LA TOLERANCIA, Paulinas, Madrid, 1999; Pedagog\u00eda del dolor. Ensayo antropol\u00f3gico, Palabra, Madrid, 1999; En colaboraci\u00f3n con Enrique Rivera de Ventosa (\u2020) OFM. Cap. San Francisco de As\u00eds y Fernando Rielo: Convergencias. Respuestas desde la fe a los interrogantes del hombre de hoy, Universidad Pontificia, Salamanca, 2001; La \\\"mirada\\\" del cine. Recursos did\u00e1cticos del s\u00e9ptimo arte. Librer\u00eda Cervantes, Salamanca, 2001; Paradojas de la convivencia, San Pablo, Madrid, 2002; En la Universidad T\u00e9cnica Particular de Loja, Ecuador, ha publicado: La confianza. El arte de amar, 2002; Educar para la responsabilidad, 2003; Apuntes de \u00e9tica en Karl R. Popper, 2003; De soledades y comunicaci\u00f3n, 2005; Yo educo; t\u00fa respondes, 2008; Humanismo y fe en un crisol de culturas, 2008; Repensar lo cotidiano, 2008; Convivir: un constante desaf\u00edo, 2009; La l\u00f3gica del amor, 2010; El dolor del amor. Apuntes sobre la enfermedad y el dolor en relaci\u00f3n con la virtud heroica, el martirio y la vida santa. Seminario Diocesano de M\u00e1laga, 2006 y Universidad T\u00e9cnica Particular de Loja, Ecuador (2007). Cuenta con numerosas colaboraciones en obras colectivas, as\u00ed como relatos, cuentos, f\u00e1bula y novela juvenil, adem\u00e1s de art\u00edculos de tem\u00e1tica cient\u00edfica, pedag\u00f3gica y espiritual, que viene publicando en distintas revistas nacionales e internacionales. En 2012 culmin\u00f3 el santoral Llamados a ser santos y poco m\u00e1s tarde Epopeyas de amor prologado por mons. Fernando Sebasti\u00e1n. Es la bi\u00f3grafa oficial del fundador de su familia espiritual, autora de Fernando Rielo Pardal. Fundador de los Misioneros Identes, Descl\u00e9e de Brouwer, Bilbao, 2009. Culmina la biograf\u00eda completa. Encargada del santoral de ZENIT desde 2012 a 2020 y ahora en Exaudi\",\"url\":\"https:\\\/\\\/exaudi.org\\\/es\\\/author\\\/isabelorellana\\\/\"}]}<\/script>\n<!-- \/ Yoast SEO plugin. -->","yoast_head_json":{"title":"Santa Mar\u00eda Magdalena Postel, 16 de julio &#8211; Exaudi","robots":{"index":"index","follow":"follow","max-snippet":"max-snippet:-1","max-image-preview":"max-image-preview:large","max-video-preview":"max-video-preview:-1"},"canonical":"https:\/\/exaudi.org\/es\/santa-maria-magdalena-postel-16-de-julio-2\/","og_locale":"es_ES","og_type":"article","og_title":"Santa Mar\u00eda Magdalena Postel, 16 de julio &#8211; Exaudi","og_description":"Fundadora las Hermanas de las Escuelas Cristianas de la Misericordia","og_url":"https:\/\/exaudi.org\/es\/santa-maria-magdalena-postel-16-de-julio-2\/","og_site_name":"Exaudi","article_publisher":"https:\/\/www.facebook.com\/ExaudiNews","article_published_time":"2025-07-16T05:30:39+00:00","article_modified_time":"2025-07-16T07:44:28+00:00","og_image":[{"width":332,"height":203,"url":"https:\/\/exaudi.org\/wp-content\/uploads\/2024\/06\/Maria-Magdalena-Postel-e1719482765753.jpg","type":"image\/jpeg"}],"author":"Isabel Orellana","twitter_card":"summary_large_image","twitter_creator":"@Exaudi_News","twitter_site":"@Exaudi_News","twitter_misc":{"Escrito por":"Isabel Orellana","Tiempo de lectura":"5 minutos"},"schema":{"@context":"https:\/\/schema.org","@graph":[{"@type":"Article","@id":"https:\/\/exaudi.org\/es\/santa-maria-magdalena-postel-16-de-julio-2\/#article","isPartOf":{"@id":"https:\/\/exaudi.org\/es\/santa-maria-magdalena-postel-16-de-julio-2\/"},"author":{"name":"Isabel Orellana","@id":"https:\/\/exaudi.org\/#\/schema\/person\/64e18b96fd6118559a9217b5b3375fdc"},"headline":"Santa Mar\u00eda Magdalena Postel, 16 de julio","datePublished":"2025-07-16T05:30:39+00:00","dateModified":"2025-07-16T07:44:28+00:00","mainEntityOfPage":{"@id":"https:\/\/exaudi.org\/es\/santa-maria-magdalena-postel-16-de-julio-2\/"},"wordCount":1075,"image":{"@id":"https:\/\/exaudi.org\/es\/santa-maria-magdalena-postel-16-de-julio-2\/#primaryimage"},"thumbnailUrl":"https:\/\/exaudi.org\/wp-content\/uploads\/2024\/06\/Maria-Magdalena-Postel-e1719482765753.jpg","keywords":["Isabel Orellana Vilches","Santa Mar\u00eda Magdalena Postel","Santoral","Trending"],"articleSection":["Santoral"],"inLanguage":"es"},{"@type":"WebPage","@id":"https:\/\/exaudi.org\/es\/santa-maria-magdalena-postel-16-de-julio-2\/","url":"https:\/\/exaudi.org\/es\/santa-maria-magdalena-postel-16-de-julio-2\/","name":"Santa Mar\u00eda Magdalena Postel, 16 de julio &#8211; Exaudi","isPartOf":{"@id":"https:\/\/exaudi.org\/#website"},"primaryImageOfPage":{"@id":"https:\/\/exaudi.org\/es\/santa-maria-magdalena-postel-16-de-julio-2\/#primaryimage"},"image":{"@id":"https:\/\/exaudi.org\/es\/santa-maria-magdalena-postel-16-de-julio-2\/#primaryimage"},"thumbnailUrl":"https:\/\/exaudi.org\/wp-content\/uploads\/2024\/06\/Maria-Magdalena-Postel-e1719482765753.jpg","datePublished":"2025-07-16T05:30:39+00:00","dateModified":"2025-07-16T07:44:28+00:00","author":{"@id":"https:\/\/exaudi.org\/#\/schema\/person\/64e18b96fd6118559a9217b5b3375fdc"},"breadcrumb":{"@id":"https:\/\/exaudi.org\/es\/santa-maria-magdalena-postel-16-de-julio-2\/#breadcrumb"},"inLanguage":"es","potentialAction":[{"@type":"ReadAction","target":["https:\/\/exaudi.org\/es\/santa-maria-magdalena-postel-16-de-julio-2\/"]}]},{"@type":"ImageObject","inLanguage":"es","@id":"https:\/\/exaudi.org\/es\/santa-maria-magdalena-postel-16-de-julio-2\/#primaryimage","url":"https:\/\/exaudi.org\/wp-content\/uploads\/2024\/06\/Maria-Magdalena-Postel-e1719482765753.jpg","contentUrl":"https:\/\/exaudi.org\/wp-content\/uploads\/2024\/06\/Maria-Magdalena-Postel-e1719482765753.jpg","width":332,"height":203},{"@type":"BreadcrumbList","@id":"https:\/\/exaudi.org\/es\/santa-maria-magdalena-postel-16-de-julio-2\/#breadcrumb","itemListElement":[{"@type":"ListItem","position":1,"name":"Portada","item":"https:\/\/exaudi.org\/es\/"},{"@type":"ListItem","position":2,"name":"Santa Mar\u00eda Magdalena Postel, 16 de julio"}]},{"@type":"WebSite","@id":"https:\/\/exaudi.org\/#website","url":"https:\/\/exaudi.org\/","name":"Exaudi","description":"News","potentialAction":[{"@type":"SearchAction","target":{"@type":"EntryPoint","urlTemplate":"https:\/\/exaudi.org\/?s={search_term_string}"},"query-input":{"@type":"PropertyValueSpecification","valueRequired":true,"valueName":"search_term_string"}}],"inLanguage":"es"},{"@type":"Person","@id":"https:\/\/exaudi.org\/#\/schema\/person\/64e18b96fd6118559a9217b5b3375fdc","name":"Isabel Orellana","image":{"@type":"ImageObject","inLanguage":"es","@id":"https:\/\/secure.gravatar.com\/avatar\/51968380bbb6b22ae85c605634860366fd9a2a611c6341125115bca32cd6c171?s=96&d=mm&r=g","url":"https:\/\/secure.gravatar.com\/avatar\/51968380bbb6b22ae85c605634860366fd9a2a611c6341125115bca32cd6c171?s=96&d=mm&r=g","contentUrl":"https:\/\/secure.gravatar.com\/avatar\/51968380bbb6b22ae85c605634860366fd9a2a611c6341125115bca32cd6c171?s=96&d=mm&r=g","caption":"Isabel Orellana"},"description":"Isabel Orellana Vilches Misionera idente. Doctora en Filosof\u00eda por la Universidad Aut\u00f3noma de Barcelona con la tesis Realismo y progreso cient\u00edfico en la epistemolog\u00eda popperiana. Ha cursado estudios de teolog\u00eda en la Universidad Pontificia de Salamanca. Con amplia actividad docente desde 1986, ha publicado libros como: Realismo y progreso cient\u00edfico en la epistemolog\u00eda popperiana, Universitat Aut\u00f2noma de Barcelona, 1993; El evangelio habla a los j\u00f3venes, Atenas, Madrid, 1997; Qu\u00e9 es... LA TOLERANCIA, Paulinas, Madrid, 1999; Pedagog\u00eda del dolor. Ensayo antropol\u00f3gico, Palabra, Madrid, 1999; En colaboraci\u00f3n con Enrique Rivera de Ventosa (\u2020) OFM. Cap. San Francisco de As\u00eds y Fernando Rielo: Convergencias. Respuestas desde la fe a los interrogantes del hombre de hoy, Universidad Pontificia, Salamanca, 2001; La \"mirada\" del cine. Recursos did\u00e1cticos del s\u00e9ptimo arte. Librer\u00eda Cervantes, Salamanca, 2001; Paradojas de la convivencia, San Pablo, Madrid, 2002; En la Universidad T\u00e9cnica Particular de Loja, Ecuador, ha publicado: La confianza. El arte de amar, 2002; Educar para la responsabilidad, 2003; Apuntes de \u00e9tica en Karl R. Popper, 2003; De soledades y comunicaci\u00f3n, 2005; Yo educo; t\u00fa respondes, 2008; Humanismo y fe en un crisol de culturas, 2008; Repensar lo cotidiano, 2008; Convivir: un constante desaf\u00edo, 2009; La l\u00f3gica del amor, 2010; El dolor del amor. Apuntes sobre la enfermedad y el dolor en relaci\u00f3n con la virtud heroica, el martirio y la vida santa. Seminario Diocesano de M\u00e1laga, 2006 y Universidad T\u00e9cnica Particular de Loja, Ecuador (2007). Cuenta con numerosas colaboraciones en obras colectivas, as\u00ed como relatos, cuentos, f\u00e1bula y novela juvenil, adem\u00e1s de art\u00edculos de tem\u00e1tica cient\u00edfica, pedag\u00f3gica y espiritual, que viene publicando en distintas revistas nacionales e internacionales. En 2012 culmin\u00f3 el santoral Llamados a ser santos y poco m\u00e1s tarde Epopeyas de amor prologado por mons. Fernando Sebasti\u00e1n. Es la bi\u00f3grafa oficial del fundador de su familia espiritual, autora de Fernando Rielo Pardal. Fundador de los Misioneros Identes, Descl\u00e9e de Brouwer, Bilbao, 2009. Culmina la biograf\u00eda completa. Encargada del santoral de ZENIT desde 2012 a 2020 y ahora en Exaudi","url":"https:\/\/exaudi.org\/es\/author\/isabelorellana\/"}]}},"jetpack_featured_media_url":"https:\/\/exaudi.org\/wp-content\/uploads\/2024\/06\/Maria-Magdalena-Postel-e1719482765753.jpg","jetpack_shortlink":"https:\/\/wp.me\/pgKjF2-r1B","_links":{"self":[{"href":"https:\/\/exaudi.org\/es\/wp-json\/wp\/v2\/posts\/103887","targetHints":{"allow":["GET"]}}],"collection":[{"href":"https:\/\/exaudi.org\/es\/wp-json\/wp\/v2\/posts"}],"about":[{"href":"https:\/\/exaudi.org\/es\/wp-json\/wp\/v2\/types\/post"}],"author":[{"embeddable":true,"href":"https:\/\/exaudi.org\/es\/wp-json\/wp\/v2\/users\/23"}],"replies":[{"embeddable":true,"href":"https:\/\/exaudi.org\/es\/wp-json\/wp\/v2\/comments?post=103887"}],"version-history":[{"count":0,"href":"https:\/\/exaudi.org\/es\/wp-json\/wp\/v2\/posts\/103887\/revisions"}],"wp:featuredmedia":[{"embeddable":true,"href":"https:\/\/exaudi.org\/es\/wp-json\/wp\/v2\/media\/103889"}],"wp:attachment":[{"href":"https:\/\/exaudi.org\/es\/wp-json\/wp\/v2\/media?parent=103887"}],"wp:term":[{"taxonomy":"category","embeddable":true,"href":"https:\/\/exaudi.org\/es\/wp-json\/wp\/v2\/categories?post=103887"},{"taxonomy":"post_tag","embeddable":true,"href":"https:\/\/exaudi.org\/es\/wp-json\/wp\/v2\/tags?post=103887"}],"curies":[{"name":"wp","href":"https:\/\/api.w.org\/{rel}","templated":true}]}}