{"id":103728,"date":"2024-06-24T22:03:56","date_gmt":"2024-06-24T20:03:56","guid":{"rendered":"https:\/\/exaudi.org\/?p=103728"},"modified":"2024-06-24T22:05:10","modified_gmt":"2024-06-24T20:05:10","slug":"el-santo-padre-ha-recibido-al-prelado-del-opus-dei-mons-fernando-ocariz-brana","status":"publish","type":"post","link":"https:\/\/exaudi.org\/es\/el-santo-padre-ha-recibido-al-prelado-del-opus-dei-mons-fernando-ocariz-brana\/","title":{"rendered":"El Santo Padre ha recibido al prelado del Opus Dei, Mons. Fernando Oc\u00e1riz Bra\u00f1a"},"content":{"rendered":"<p>El papa Francisco recibi\u00f3 en la ma\u00f1ana de este lunes 24 de junio en el Vaticano al prelado del Opus Dei, Mons. Fernando Oc\u00e1riz Bra\u00f1a, quien estaba acompa\u00f1ado por Mons. Mariano Fazio, indic\u00f3 hoy la Oficina de prensa de la Santa Sede, al mencionar las actividades del d\u00eda del Santo Padre.<\/p>\n<p>El encuentro en el Palacio Apost\u00f3lico -que como se aprecia en las fotos fue muy cordial- dur\u00f3 media hora, en la cual el Sucesor de Pedro convers\u00f3 con Mons. Oc\u00e1riz, 79 a\u00f1os, nacido en Francia de una familia exiliada tras la Guerra civil espa\u00f1ola, quien en Roma vivi\u00f3 con el fundador san Josemar\u00eda Escriv\u00e1; Mons. \u00c1lvaro del Portillo y Mons. Javier Echevarr\u00eda.<\/p>\n<p>Le acompa\u00f1aba Mons. Mariano Fazio, 64 a\u00f1os, compatriota de Bergoglio a quien conoc\u00eda de vieja data. El encuentro fue definido en la p\u00e1gina web del Opus Dei, \u201cde c\u00e1lida cercan\u00eda y de afecto por parte del Santo Padre, que imparti\u00f3 su bendici\u00f3n al vicario auxiliar\u201d.<\/p>\n<p>Los temas tratados que se indican en la p\u00e1gina de la prelatura del Opus Dei son tres:<\/p>\n<p><a href=\"https:\/\/opusdei.org\/es-es\/article\/audiencia-prelado-papa-francisco-estar-cerca-paises-sufrimiento\/\" target=\"_blank\" rel=\"noopener\">https:\/\/opusdei.org\/es-es\/article\/audiencia-prelado-papa-francisco-estar-cerca-paises-sufrimiento\/<\/a><\/p>\n<p>los trabajos que se est\u00e1n realizando con el Dicasterio del Clero para la adecuaci\u00f3n de los estatutos; las asambleas regionales en curso durante este a\u00f1o, con la participaci\u00f3n de todas las personas de la Obra junto con muchos amigos y cooperadores; y el viaje que realizar\u00e1 Mons. Oc\u00e1riz pr\u00f3ximamente a Am\u00e9rica del Sur.<\/p>\n<p>El primer punto, se refiere al Motu proprio del Papa Francisco &#8216;Ad charisma tuendum&#8217;, (Para tutelar el carisma)<\/p>\n<p><a href=\"https:\/\/www.vatican.va\/content\/francesco\/it\/motu_proprio\/documents\/20220714-motu-proprio-ad-charisma-tuendum.html\" target=\"_blank\" rel=\"noopener\">https:\/\/www.vatican.va\/content\/francesco\/it\/motu_proprio\/documents\/20220714-motu-proprio-ad-charisma-tuendum.html<\/a><\/p>\n<p>que modifica algunos art\u00edculos de la Constituci\u00f3n Apost\u00f3lica &#8216;Ut sit&#8217;,<\/p>\n<p><a href=\"https:\/\/press.vatican.va\/content\/salastampa\/it\/bollettino\/pubblico\/2022\/07\/22\/0551\/01134.html\" target=\"_blank\" rel=\"noopener\">https:\/\/press.vatican.va\/content\/salastampa\/it\/bollettino\/pubblico\/2022\/07\/22\/0551\/01134.html<\/a><\/p>\n<p>de san Juan Pablo II (28-11-1982) que ubic\u00f3 al Opus Dei como Prelatura personal, figura jur\u00eddica que se adapt\u00f3 muy bien al esp\u00edritu de la instituci\u00f3n y a sus apostolados.<\/p>\n<p>Con el reciente motu proprio se adapta la figura de prealtura la normativa de la nueva Constituci\u00f3n Apost\u00f3lica &#8216;Praedicate Evangelium&#8217;, (19-03-2022)<\/p>\n<p><a href=\"https:\/\/press.vatican.va\/content\/salastampa\/it\/bollettino\/pubblico\/2022\/03\/19\/0189\/00404.html\" target=\"_blank\" rel=\"noopener\">https:\/\/press.vatican.va\/content\/salastampa\/it\/bollettino\/pubblico\/2022\/03\/19\/0189\/00404.html<\/a><\/p>\n<p>que reorganiza la estructura de la Curia Romana, vale a decir el equivalente a los ministerios de un Gobierno.<\/p>\n<p>En el Motu Proprio, el papa Francisco encuadra la figura de las prelaturas personales en el Dicasterio del Clero (antes estaba en el de los Obispos). Sobre esta medida, el mismo 14 de julio de 2022, Mons. Oc\u00e1riz escribi\u00f3 indicando que en el Opus Dei se acepta de modo filial la decisi\u00f3n del Papa.<\/p>\n<p>Este cambio de Dicasterio, comporta para una instituci\u00f3n en la que un 95 por ciento de sus integrantes son laicos, modificar los estatutos.<\/p>\n<p>El motu proprio indica adem\u00e1s que los Estatutos\u00a0 \u201cser\u00e1n convenientemente adaptados, a propuesta de la propia Prelatura\u201d, por ello en un Congreso General Extraordinario 274 fieles del Opus Dei se han reunido en Roma con Mons. Fernando Oc\u00e1riz y sus vicarios para adaptar los estatutos de la prelatura al motu proprio. <a href=\"https:\/\/opusdei.org\/es\/article\/concluye-el-congreso-general-extraordinario-del-opus-dei\/\" target=\"_blank\" rel=\"noopener\">https:\/\/opusdei.org\/es\/article\/concluye-el-congreso-general-extraordinario-del-opus-dei\/<\/a><\/p>\n<p>Las conclusiones van al Dicasterio para el Clero, el ente de la Santa Sede con competencias sobre las prelaturas personales.<\/p>\n<p>Adem\u00e1s, est\u00e1n las semanas de trabajo, tambi\u00e9n denominadas Asambleas Regionales que se celebrar\u00e1n en todas las regiones a lo largo de 2024, como preparaci\u00f3n para el Congreso General Ordinario de 2025. El tema de las Asambleas es: \u201cCamino hacia el centenario de la Obra. Profundizar en el carisma y renovar nuestro deseo de servir a Dios, a la Iglesia y a la sociedad\u201d.<\/p>\n<p><a href=\"https:\/\/opusdei.org\/es-es\/article\/mensaje-del-prelado-15-noviembre-2023\/\" target=\"_blank\" rel=\"noopener\">https:\/\/opusdei.org\/es-es\/article\/mensaje-del-prelado-15-noviembre-2023\/<\/a><\/p>\n<p>En una reciente entrevista al diario espa\u00f1ol El Debate,<\/p>\n<p><a href=\"https:\/\/www.eldebate.com\/religion\/iglesia\/20240622\/trabajamos-clima-dialogo-confianza-santa-sede-propio-iglesia_206825.html\" target=\"_blank\" rel=\"noopener\">https:\/\/www.eldebate.com\/religion\/iglesia\/20240622\/trabajamos-clima-dialogo-confianza-santa-sede-propio-iglesia_206825.html<\/a><\/p>\n<p>Mons. Oc\u00e1riz reiter\u00f3 que \u201ccamino del centenario, la Obra perfila su futuro profundizando en la propia identidad y trabajando en confianza con el Vaticano para la adecuaci\u00f3n de los estatutos a las nuevas disposiciones papales\u201d.<\/p>\n<p>El prelado del Opus Dei en la entrevista valoriza que en \u201cAd charisma tuendum\u201d el Papa exhorta a cuidar el carisma del Opus Dei \u201cpara promover la acci\u00f3n evangelizadora que cumplen sus miembros\u201d y, de este modo, \u201cdifundir la llamada a la santidad en el mundo, a trav\u00e9s de la santificaci\u00f3n del trabajo y de las ocupaciones familiares y sociales\u201d.<\/p>\n<p>Sobre la ordenaci\u00f3n episcopal del prelado, descartada por \u201cAd charisma tuendum\u201d, Mons. Oc\u00e1riz indica que \u201cno era ni es necesaria para la gu\u00eda del Opus Dei\u201d y a\u00f1ade que \u201cla voluntad del Papa de subrayar ahora la dimensi\u00f3n carism\u00e1tica de la Obra nos invita a reforzar el ambiente de familia, de cari\u00f1o y confianza: el prelado ha de ser gu\u00eda, pero, ante todo, padre\u201d.<\/p>\n<p>Si bien Mons. Oc\u00e1riz reconoce: \u201cEn cien a\u00f1os, la sociedad y la Iglesia han evolucionado mucho, y el Opus Dei tambi\u00e9n, pues es parte de la Iglesia y de la sociedad\u201d, entretanto en la instituci\u00f3n \u201chay un mensaje significativo sobre la santidad en medio del mundo, que no ha cambiado\u201d.<\/p>\n<p>As\u00ed, en la entrevista a El Debate precisa que \u201cen las transformaciones que han implicado fen\u00f3menos como la globalizaci\u00f3n, la conquista femenina del espacio p\u00fablico, las nuevas din\u00e1micas familiares, etc., encuentran reflejo en el Opus Dei como instituci\u00f3n y en la vida real de sus miembros\u201d.<\/p>\n<p>Otro de los puntos que probablemente habr\u00e1n abordado es la labor que se est\u00e1 realizando para llegar a un acuerdo entre la di\u00f3cesis de Barbastro-Monz\u00f3n y la prelatura del Opus Dei, sobre la configuraci\u00f3n jur\u00eddica del Santuario de Torreciudad, proyecto iniciado en 1962 por impulso de san Josemar\u00eda e inaugurado en 1975.<\/p>\n<p>As\u00ed, en el santuario mariano que cada a\u00f1o registra la visita de m\u00e1s de 200 mil fieles, se quiere \u201cseguir realizando la labor de evangelizaci\u00f3n en favor de los peregrinos de todo el mundo\u201d, como indican en su p\u00e1gina web. <a href=\"https:\/\/opusdei.org\/es-es\/article\/preguntas-respuestas-torreciudad\/\" target=\"_blank\" rel=\"noopener\">https:\/\/opusdei.org\/es-es\/article\/preguntas-respuestas-torreciudad\/<\/a><\/p>\n","protected":false},"excerpt":{"rendered":"<p>Acompa\u00f1ado por el vicario auxiliar, Mons. Mariano Fazio<\/p>\n","protected":false},"author":100,"featured_media":103729,"comment_status":"closed","ping_status":"closed","sticky":false,"template":"","format":"standard","meta":{"_acf_changed":false,"_crdt_document":"","inline_featured_image":false,"footnotes":""},"categories":[74,68],"tags":[19654,19659,19663,19660,19658,19656,19655,19653,19651,19661,19662,19652,6611,8856,12790,1019,19649,19650,157,2448,19192,158,6144,15007,4953],"class_list":["post-103728","post","type-post","status-publish","format-standard","has-post-thumbnail","hentry","category-iglesia-y-mundo","category-leon-xiv","tag-alvaro-del-portillo-2","tag-asambleas-regionales","tag-barbastro-monzon","tag-camino-hacia-el-centenario","tag-curia-romana-3","tag-dicasterio-del-clero","tag-javier-echevarria","tag-josemaria-escriva-3","tag-opus-dei-3","tag-santidad-en-el-mundo","tag-santuario-de-torreciudad","tag-vaticano-2","tag-ad-charisma-tuendum","tag-congreso-general-extraordinario","tag-el-debate","tag-evangelizacion","tag-mons-fernando-ocariz-brana","tag-mons-mariano-fazio","tag-motu-proprio","tag-opus-dei-es","tag-palacio-apostolico","tag-papa-francisco","tag-praedicate-evangelium","tag-santo-padre","tag-trending-es"],"acf":[],"yoast_head":"<!-- This site is optimized with the Yoast SEO plugin v27.5 - https:\/\/yoast.com\/product\/yoast-seo-wordpress\/ -->\n<title>El Santo Padre ha recibido al prelado del Opus Dei, Mons. Fernando Oc\u00e1riz Bra\u00f1a &#8211; Exaudi<\/title>\n<meta name=\"robots\" content=\"index, follow, max-snippet:-1, max-image-preview:large, max-video-preview:-1\" \/>\n<link rel=\"canonical\" href=\"https:\/\/exaudi.org\/es\/el-santo-padre-ha-recibido-al-prelado-del-opus-dei-mons-fernando-ocariz-brana\/\" \/>\n<meta property=\"og:locale\" content=\"es_ES\" \/>\n<meta property=\"og:type\" content=\"article\" \/>\n<meta property=\"og:title\" content=\"El Santo Padre ha recibido al prelado del Opus Dei, Mons. Fernando Oc\u00e1riz Bra\u00f1a &#8211; Exaudi\" \/>\n<meta property=\"og:description\" content=\"Acompa\u00f1ado por el vicario auxiliar, Mons. Mariano Fazio\" \/>\n<meta property=\"og:url\" content=\"https:\/\/exaudi.org\/es\/el-santo-padre-ha-recibido-al-prelado-del-opus-dei-mons-fernando-ocariz-brana\/\" \/>\n<meta property=\"og:site_name\" content=\"Exaudi\" \/>\n<meta property=\"article:publisher\" content=\"https:\/\/www.facebook.com\/ExaudiNews\" \/>\n<meta property=\"article:published_time\" content=\"2024-06-24T20:03:56+00:00\" \/>\n<meta property=\"article:modified_time\" content=\"2024-06-24T20:05:10+00:00\" \/>\n<meta property=\"og:image\" content=\"https:\/\/exaudi.org\/wp-content\/uploads\/2024\/06\/image.png\" \/>\n\t<meta property=\"og:image:width\" content=\"600\" \/>\n\t<meta property=\"og:image:height\" content=\"381\" \/>\n\t<meta property=\"og:image:type\" content=\"image\/png\" \/>\n<meta name=\"author\" content=\"Hern\u00e1n Sergio Mora\" \/>\n<meta name=\"twitter:card\" content=\"summary_large_image\" \/>\n<meta name=\"twitter:creator\" content=\"@Exaudi_News\" \/>\n<meta name=\"twitter:site\" content=\"@Exaudi_News\" \/>\n<meta name=\"twitter:label1\" content=\"Escrito por\" \/>\n\t<meta name=\"twitter:data1\" content=\"Hern\u00e1n Sergio Mora\" \/>\n\t<meta name=\"twitter:label2\" content=\"Tiempo de lectura\" \/>\n\t<meta name=\"twitter:data2\" content=\"5 minutos\" \/>\n<script type=\"application\/ld+json\" class=\"yoast-schema-graph\">{\"@context\":\"https:\\\/\\\/schema.org\",\"@graph\":[{\"@type\":\"Article\",\"@id\":\"https:\\\/\\\/exaudi.org\\\/es\\\/el-santo-padre-ha-recibido-al-prelado-del-opus-dei-mons-fernando-ocariz-brana\\\/#article\",\"isPartOf\":{\"@id\":\"https:\\\/\\\/exaudi.org\\\/es\\\/el-santo-padre-ha-recibido-al-prelado-del-opus-dei-mons-fernando-ocariz-brana\\\/\"},\"author\":{\"name\":\"Hern\u00e1n Sergio Mora\",\"@id\":\"https:\\\/\\\/exaudi.org\\\/#\\\/schema\\\/person\\\/3e7333f465f16fd2182fe9d6b1fdcae2\"},\"headline\":\"El Santo Padre ha recibido al prelado del Opus Dei, Mons. Fernando Oc\u00e1riz Bra\u00f1a\",\"datePublished\":\"2024-06-24T20:03:56+00:00\",\"dateModified\":\"2024-06-24T20:05:10+00:00\",\"mainEntityOfPage\":{\"@id\":\"https:\\\/\\\/exaudi.org\\\/es\\\/el-santo-padre-ha-recibido-al-prelado-del-opus-dei-mons-fernando-ocariz-brana\\\/\"},\"wordCount\":1042,\"image\":{\"@id\":\"https:\\\/\\\/exaudi.org\\\/es\\\/el-santo-padre-ha-recibido-al-prelado-del-opus-dei-mons-fernando-ocariz-brana\\\/#primaryimage\"},\"thumbnailUrl\":\"https:\\\/\\\/exaudi.org\\\/wp-content\\\/uploads\\\/2024\\\/06\\\/image.png\",\"keywords\":[\"\\\"\u00c1lvaro del Portillo\\\"\",\"\\\"Asambleas Regionales\\\"\",\"\\\"Barbastro-Monz\u00f3n\\\"\",\"\\\"camino hacia el centenario\\\"\",\"\\\"Curia Romana\\\"\",\"\\\"Dicasterio del Clero\\\"\",\"\\\"Javier Echevarr\u00eda\\\"\",\"\\\"Josemar\u00eda Escriv\u00e1\\\"\",\"\\\"Opus Dei\\\"\",\"\\\"santidad en el mundo\\\"\",\"\\\"Santuario de Torreciudad\\\"\",\"\\\"Vaticano\\\"\",\"Ad charisma tuendum\",\"Congreso general extraordinario\",\"El Debate\",\"Evangelizaci\u00f3n\",\"Mons. Fernando Oc\u00e1riz Bra\u00f1a\",\"Mons. Mariano Fazio\",\"motu proprio\",\"Opus Dei\",\"Palacio Apost\u00f3lico\",\"papa francisco\",\"Praedicate evangelium\",\"Santo Padre\",\"Trending\"],\"articleSection\":[\"Iglesia y Mundo\",\"Le\u00f3n XIV\"],\"inLanguage\":\"es\"},{\"@type\":\"WebPage\",\"@id\":\"https:\\\/\\\/exaudi.org\\\/es\\\/el-santo-padre-ha-recibido-al-prelado-del-opus-dei-mons-fernando-ocariz-brana\\\/\",\"url\":\"https:\\\/\\\/exaudi.org\\\/es\\\/el-santo-padre-ha-recibido-al-prelado-del-opus-dei-mons-fernando-ocariz-brana\\\/\",\"name\":\"El Santo Padre ha recibido al prelado del Opus Dei, Mons. Fernando Oc\u00e1riz Bra\u00f1a &#8211; Exaudi\",\"isPartOf\":{\"@id\":\"https:\\\/\\\/exaudi.org\\\/#website\"},\"primaryImageOfPage\":{\"@id\":\"https:\\\/\\\/exaudi.org\\\/es\\\/el-santo-padre-ha-recibido-al-prelado-del-opus-dei-mons-fernando-ocariz-brana\\\/#primaryimage\"},\"image\":{\"@id\":\"https:\\\/\\\/exaudi.org\\\/es\\\/el-santo-padre-ha-recibido-al-prelado-del-opus-dei-mons-fernando-ocariz-brana\\\/#primaryimage\"},\"thumbnailUrl\":\"https:\\\/\\\/exaudi.org\\\/wp-content\\\/uploads\\\/2024\\\/06\\\/image.png\",\"datePublished\":\"2024-06-24T20:03:56+00:00\",\"dateModified\":\"2024-06-24T20:05:10+00:00\",\"author\":{\"@id\":\"https:\\\/\\\/exaudi.org\\\/#\\\/schema\\\/person\\\/3e7333f465f16fd2182fe9d6b1fdcae2\"},\"breadcrumb\":{\"@id\":\"https:\\\/\\\/exaudi.org\\\/es\\\/el-santo-padre-ha-recibido-al-prelado-del-opus-dei-mons-fernando-ocariz-brana\\\/#breadcrumb\"},\"inLanguage\":\"es\",\"potentialAction\":[{\"@type\":\"ReadAction\",\"target\":[\"https:\\\/\\\/exaudi.org\\\/es\\\/el-santo-padre-ha-recibido-al-prelado-del-opus-dei-mons-fernando-ocariz-brana\\\/\"]}]},{\"@type\":\"ImageObject\",\"inLanguage\":\"es\",\"@id\":\"https:\\\/\\\/exaudi.org\\\/es\\\/el-santo-padre-ha-recibido-al-prelado-del-opus-dei-mons-fernando-ocariz-brana\\\/#primaryimage\",\"url\":\"https:\\\/\\\/exaudi.org\\\/wp-content\\\/uploads\\\/2024\\\/06\\\/image.png\",\"contentUrl\":\"https:\\\/\\\/exaudi.org\\\/wp-content\\\/uploads\\\/2024\\\/06\\\/image.png\",\"width\":600,\"height\":381},{\"@type\":\"BreadcrumbList\",\"@id\":\"https:\\\/\\\/exaudi.org\\\/es\\\/el-santo-padre-ha-recibido-al-prelado-del-opus-dei-mons-fernando-ocariz-brana\\\/#breadcrumb\",\"itemListElement\":[{\"@type\":\"ListItem\",\"position\":1,\"name\":\"Portada\",\"item\":\"https:\\\/\\\/exaudi.org\\\/es\\\/\"},{\"@type\":\"ListItem\",\"position\":2,\"name\":\"El Santo Padre ha recibido al prelado del Opus Dei, Mons. Fernando Oc\u00e1riz Bra\u00f1a\"}]},{\"@type\":\"WebSite\",\"@id\":\"https:\\\/\\\/exaudi.org\\\/#website\",\"url\":\"https:\\\/\\\/exaudi.org\\\/\",\"name\":\"Exaudi\",\"description\":\"News\",\"potentialAction\":[{\"@type\":\"SearchAction\",\"target\":{\"@type\":\"EntryPoint\",\"urlTemplate\":\"https:\\\/\\\/exaudi.org\\\/?s={search_term_string}\"},\"query-input\":{\"@type\":\"PropertyValueSpecification\",\"valueRequired\":true,\"valueName\":\"search_term_string\"}}],\"inLanguage\":\"es\"},{\"@type\":\"Person\",\"@id\":\"https:\\\/\\\/exaudi.org\\\/#\\\/schema\\\/person\\\/3e7333f465f16fd2182fe9d6b1fdcae2\",\"name\":\"Hern\u00e1n Sergio Mora\",\"image\":{\"@type\":\"ImageObject\",\"inLanguage\":\"es\",\"@id\":\"https:\\\/\\\/secure.gravatar.com\\\/avatar\\\/556d88f9a25514abbe43c87f0ee46f86e5c496f9303998d1c6a585e6ffd9025b?s=96&d=mm&r=g\",\"url\":\"https:\\\/\\\/secure.gravatar.com\\\/avatar\\\/556d88f9a25514abbe43c87f0ee46f86e5c496f9303998d1c6a585e6ffd9025b?s=96&d=mm&r=g\",\"contentUrl\":\"https:\\\/\\\/secure.gravatar.com\\\/avatar\\\/556d88f9a25514abbe43c87f0ee46f86e5c496f9303998d1c6a585e6ffd9025b?s=96&d=mm&r=g\",\"caption\":\"Hern\u00e1n Sergio Mora\"},\"description\":\"Hern\u00e1n Sergio Mora, periodista profesional de la Associazione Stampa Estera, nacido en Buenos Aires. Desde hace 30 a\u00f1os en Roma, trabaj\u00f3 para diversos medios, El Pa\u00eds, BBC en espa\u00f1ol, Zenit.org. Ahora colabora con Exaudi\",\"sameAs\":[\"https:\\\/\\\/www.latinosenitalia.it\\\/\"],\"url\":\"https:\\\/\\\/exaudi.org\\\/es\\\/author\\\/sergiomora\\\/\"}]}<\/script>\n<!-- \/ Yoast SEO plugin. -->","yoast_head_json":{"title":"El Santo Padre ha recibido al prelado del Opus Dei, Mons. Fernando Oc\u00e1riz Bra\u00f1a &#8211; Exaudi","robots":{"index":"index","follow":"follow","max-snippet":"max-snippet:-1","max-image-preview":"max-image-preview:large","max-video-preview":"max-video-preview:-1"},"canonical":"https:\/\/exaudi.org\/es\/el-santo-padre-ha-recibido-al-prelado-del-opus-dei-mons-fernando-ocariz-brana\/","og_locale":"es_ES","og_type":"article","og_title":"El Santo Padre ha recibido al prelado del Opus Dei, Mons. Fernando Oc\u00e1riz Bra\u00f1a &#8211; Exaudi","og_description":"Acompa\u00f1ado por el vicario auxiliar, Mons. Mariano Fazio","og_url":"https:\/\/exaudi.org\/es\/el-santo-padre-ha-recibido-al-prelado-del-opus-dei-mons-fernando-ocariz-brana\/","og_site_name":"Exaudi","article_publisher":"https:\/\/www.facebook.com\/ExaudiNews","article_published_time":"2024-06-24T20:03:56+00:00","article_modified_time":"2024-06-24T20:05:10+00:00","og_image":[{"width":600,"height":381,"url":"https:\/\/exaudi.org\/wp-content\/uploads\/2024\/06\/image.png","type":"image\/png"}],"author":"Hern\u00e1n Sergio Mora","twitter_card":"summary_large_image","twitter_creator":"@Exaudi_News","twitter_site":"@Exaudi_News","twitter_misc":{"Escrito por":"Hern\u00e1n Sergio Mora","Tiempo de lectura":"5 minutos"},"schema":{"@context":"https:\/\/schema.org","@graph":[{"@type":"Article","@id":"https:\/\/exaudi.org\/es\/el-santo-padre-ha-recibido-al-prelado-del-opus-dei-mons-fernando-ocariz-brana\/#article","isPartOf":{"@id":"https:\/\/exaudi.org\/es\/el-santo-padre-ha-recibido-al-prelado-del-opus-dei-mons-fernando-ocariz-brana\/"},"author":{"name":"Hern\u00e1n Sergio Mora","@id":"https:\/\/exaudi.org\/#\/schema\/person\/3e7333f465f16fd2182fe9d6b1fdcae2"},"headline":"El Santo Padre ha recibido al prelado del Opus Dei, Mons. Fernando Oc\u00e1riz Bra\u00f1a","datePublished":"2024-06-24T20:03:56+00:00","dateModified":"2024-06-24T20:05:10+00:00","mainEntityOfPage":{"@id":"https:\/\/exaudi.org\/es\/el-santo-padre-ha-recibido-al-prelado-del-opus-dei-mons-fernando-ocariz-brana\/"},"wordCount":1042,"image":{"@id":"https:\/\/exaudi.org\/es\/el-santo-padre-ha-recibido-al-prelado-del-opus-dei-mons-fernando-ocariz-brana\/#primaryimage"},"thumbnailUrl":"https:\/\/exaudi.org\/wp-content\/uploads\/2024\/06\/image.png","keywords":["\"\u00c1lvaro del Portillo\"","\"Asambleas Regionales\"","\"Barbastro-Monz\u00f3n\"","\"camino hacia el centenario\"","\"Curia Romana\"","\"Dicasterio del Clero\"","\"Javier Echevarr\u00eda\"","\"Josemar\u00eda Escriv\u00e1\"","\"Opus Dei\"","\"santidad en el mundo\"","\"Santuario de Torreciudad\"","\"Vaticano\"","Ad charisma tuendum","Congreso general extraordinario","El Debate","Evangelizaci\u00f3n","Mons. Fernando Oc\u00e1riz Bra\u00f1a","Mons. Mariano Fazio","motu proprio","Opus Dei","Palacio Apost\u00f3lico","papa francisco","Praedicate evangelium","Santo Padre","Trending"],"articleSection":["Iglesia y Mundo","Le\u00f3n XIV"],"inLanguage":"es"},{"@type":"WebPage","@id":"https:\/\/exaudi.org\/es\/el-santo-padre-ha-recibido-al-prelado-del-opus-dei-mons-fernando-ocariz-brana\/","url":"https:\/\/exaudi.org\/es\/el-santo-padre-ha-recibido-al-prelado-del-opus-dei-mons-fernando-ocariz-brana\/","name":"El Santo Padre ha recibido al prelado del Opus Dei, Mons. Fernando Oc\u00e1riz Bra\u00f1a &#8211; Exaudi","isPartOf":{"@id":"https:\/\/exaudi.org\/#website"},"primaryImageOfPage":{"@id":"https:\/\/exaudi.org\/es\/el-santo-padre-ha-recibido-al-prelado-del-opus-dei-mons-fernando-ocariz-brana\/#primaryimage"},"image":{"@id":"https:\/\/exaudi.org\/es\/el-santo-padre-ha-recibido-al-prelado-del-opus-dei-mons-fernando-ocariz-brana\/#primaryimage"},"thumbnailUrl":"https:\/\/exaudi.org\/wp-content\/uploads\/2024\/06\/image.png","datePublished":"2024-06-24T20:03:56+00:00","dateModified":"2024-06-24T20:05:10+00:00","author":{"@id":"https:\/\/exaudi.org\/#\/schema\/person\/3e7333f465f16fd2182fe9d6b1fdcae2"},"breadcrumb":{"@id":"https:\/\/exaudi.org\/es\/el-santo-padre-ha-recibido-al-prelado-del-opus-dei-mons-fernando-ocariz-brana\/#breadcrumb"},"inLanguage":"es","potentialAction":[{"@type":"ReadAction","target":["https:\/\/exaudi.org\/es\/el-santo-padre-ha-recibido-al-prelado-del-opus-dei-mons-fernando-ocariz-brana\/"]}]},{"@type":"ImageObject","inLanguage":"es","@id":"https:\/\/exaudi.org\/es\/el-santo-padre-ha-recibido-al-prelado-del-opus-dei-mons-fernando-ocariz-brana\/#primaryimage","url":"https:\/\/exaudi.org\/wp-content\/uploads\/2024\/06\/image.png","contentUrl":"https:\/\/exaudi.org\/wp-content\/uploads\/2024\/06\/image.png","width":600,"height":381},{"@type":"BreadcrumbList","@id":"https:\/\/exaudi.org\/es\/el-santo-padre-ha-recibido-al-prelado-del-opus-dei-mons-fernando-ocariz-brana\/#breadcrumb","itemListElement":[{"@type":"ListItem","position":1,"name":"Portada","item":"https:\/\/exaudi.org\/es\/"},{"@type":"ListItem","position":2,"name":"El Santo Padre ha recibido al prelado del Opus Dei, Mons. Fernando Oc\u00e1riz Bra\u00f1a"}]},{"@type":"WebSite","@id":"https:\/\/exaudi.org\/#website","url":"https:\/\/exaudi.org\/","name":"Exaudi","description":"News","potentialAction":[{"@type":"SearchAction","target":{"@type":"EntryPoint","urlTemplate":"https:\/\/exaudi.org\/?s={search_term_string}"},"query-input":{"@type":"PropertyValueSpecification","valueRequired":true,"valueName":"search_term_string"}}],"inLanguage":"es"},{"@type":"Person","@id":"https:\/\/exaudi.org\/#\/schema\/person\/3e7333f465f16fd2182fe9d6b1fdcae2","name":"Hern\u00e1n Sergio Mora","image":{"@type":"ImageObject","inLanguage":"es","@id":"https:\/\/secure.gravatar.com\/avatar\/556d88f9a25514abbe43c87f0ee46f86e5c496f9303998d1c6a585e6ffd9025b?s=96&d=mm&r=g","url":"https:\/\/secure.gravatar.com\/avatar\/556d88f9a25514abbe43c87f0ee46f86e5c496f9303998d1c6a585e6ffd9025b?s=96&d=mm&r=g","contentUrl":"https:\/\/secure.gravatar.com\/avatar\/556d88f9a25514abbe43c87f0ee46f86e5c496f9303998d1c6a585e6ffd9025b?s=96&d=mm&r=g","caption":"Hern\u00e1n Sergio Mora"},"description":"Hern\u00e1n Sergio Mora, periodista profesional de la Associazione Stampa Estera, nacido en Buenos Aires. Desde hace 30 a\u00f1os en Roma, trabaj\u00f3 para diversos medios, El Pa\u00eds, BBC en espa\u00f1ol, Zenit.org. Ahora colabora con Exaudi","sameAs":["https:\/\/www.latinosenitalia.it\/"],"url":"https:\/\/exaudi.org\/es\/author\/sergiomora\/"}]}},"jetpack_featured_media_url":"https:\/\/exaudi.org\/wp-content\/uploads\/2024\/06\/image.png","jetpack_shortlink":"https:\/\/wp.me\/pgKjF2-qZ2","_links":{"self":[{"href":"https:\/\/exaudi.org\/es\/wp-json\/wp\/v2\/posts\/103728","targetHints":{"allow":["GET"]}}],"collection":[{"href":"https:\/\/exaudi.org\/es\/wp-json\/wp\/v2\/posts"}],"about":[{"href":"https:\/\/exaudi.org\/es\/wp-json\/wp\/v2\/types\/post"}],"author":[{"embeddable":true,"href":"https:\/\/exaudi.org\/es\/wp-json\/wp\/v2\/users\/100"}],"replies":[{"embeddable":true,"href":"https:\/\/exaudi.org\/es\/wp-json\/wp\/v2\/comments?post=103728"}],"version-history":[{"count":0,"href":"https:\/\/exaudi.org\/es\/wp-json\/wp\/v2\/posts\/103728\/revisions"}],"wp:featuredmedia":[{"embeddable":true,"href":"https:\/\/exaudi.org\/es\/wp-json\/wp\/v2\/media\/103729"}],"wp:attachment":[{"href":"https:\/\/exaudi.org\/es\/wp-json\/wp\/v2\/media?parent=103728"}],"wp:term":[{"taxonomy":"category","embeddable":true,"href":"https:\/\/exaudi.org\/es\/wp-json\/wp\/v2\/categories?post=103728"},{"taxonomy":"post_tag","embeddable":true,"href":"https:\/\/exaudi.org\/es\/wp-json\/wp\/v2\/tags?post=103728"}],"curies":[{"name":"wp","href":"https:\/\/api.w.org\/{rel}","templated":true}]}}