{"id":103276,"date":"2024-06-19T08:40:50","date_gmt":"2024-06-19T06:40:50","guid":{"rendered":"https:\/\/exaudi.org\/?p=103276"},"modified":"2024-06-19T10:34:34","modified_gmt":"2024-06-19T08:34:34","slug":"cardenal-arizmendi-que-nos-dijeron-los-mexicanos-en-las-elecciones","status":"publish","type":"post","link":"https:\/\/exaudi.org\/es\/cardenal-arizmendi-que-nos-dijeron-los-mexicanos-en-las-elecciones\/","title":{"rendered":"Cardenal Arizmendi: \u00bfQu\u00e9 nos dijeron los mexicanos en las elecciones?"},"content":{"rendered":"<audio class=\"wp-audio-shortcode\" id=\"audio-103276-1\" preload=\"none\" style=\"width: 100%;\" controls=\"controls\"><source type=\"audio\/mpeg\" src=\"https:\/\/exaudi.org\/wp-content\/uploads\/2024\/06\/Articulo-19-junio.mp3?_=1\" \/><a href=\"https:\/\/exaudi.org\/wp-content\/uploads\/2024\/06\/Articulo-19-junio.mp3\">https:\/\/exaudi.org\/wp-content\/uploads\/2024\/06\/Articulo-19-junio.mp3<\/a><\/audio>\n<p>El\u00a0<a href=\"https:\/\/exaudi.org\/es\/author\/felipearizmendi\/\" target=\"_blank\" rel=\"noopener\">cardenal Felipe Arizmendi<\/a>, obispo em\u00e9rito de San Crist\u00f3bal de Las Casas y responsable de la Doctrina de la Fe en la\u00a0<a href=\"https:\/\/www.cem.org.mx\/\" target=\"_blank\" rel=\"noopener\">Conferencia del Episcopado Mexicano (CEM)<\/a>, ofrece a los lectores de Exaudi su art\u00edculo semanal titulado\u00a0<strong>\u201c\u00bfQu\u00e9 nos dijeron los mexicanos en las elecciones?<\/strong><strong>\u201d<\/strong>.<\/p>\n<p>***<\/p>\n<h3><strong>MIRAR<\/strong><\/h3>\n<p>Fue arrollador el triunfo electoral del partido en el poder; eso no se puede negar. La gran mayor\u00eda vot\u00f3 por que siga adelante su proyecto. \u00bfEso qu\u00e9 significa para quienes no hemos estado de acuerdo en todo lo que ese proyecto implica? Hay muchas interpretaciones sobre este hecho; ofrezco mi punto de vista, que es limitado, pero puede ayudar.<\/p>\n<p>Aunque hubo una gran participaci\u00f3n ciudadana, no votaron cerca de 40 millones, a pesar de toda la propaganda en la televisi\u00f3n y en los diferentes medios para que el pueblo acudiera a emitir su voto. Los obispos insistimos mucho en ello, sin violar las leyes can\u00f3nicas y civiles, y much\u00edsimos no nos hicieron caso. \u00bfEso qu\u00e9 significa? Es cierto que muchos intentaron votar y no pudieron por diversos motivos, pero una gran cantidad es ap\u00e1tica e indiferente; no les importa el rumbo del pa\u00eds, sino s\u00f3lo sus inmediatas necesidades. \u00bfQu\u00e9 hacer para que participen? Con paciencia seguir insistiendo en los motivos para que sean ciudadanos responsables. Como Iglesia, necesitamos dar a conocer la Doctrina Social de la Iglesia en nuestros grupos, en las catequesis y por todos los medios modernos electr\u00f3nicos. Es una semilla que tarde o temprano dar\u00e1 su fruto.<\/p>\n<p>En todas partes se vive un ambiente de inseguridad y violencia, tanto por los delitos del fuero com\u00fan, como por la incidencia social y pol\u00edtica de la delincuencia organizada, que empez\u00f3 en sexenios anteriores, pero que ahora ha crecido sin control, porque el gobierno en turno no ha podido o no ha querido enfrentarla en forma m\u00e1s contundente. Ya no es tanto el narcotr\u00e1fico, que sigue con sus actividades il\u00edcitas, sino la extorsi\u00f3n, el <em>cobro de piso, <\/em>que pobres y ricos padecen. A pesar de esto, la mayor\u00eda vot\u00f3 por que siga la misma estrategia del gobierno federal. \u00bfEso qu\u00e9 significa? Aunque hayamos insistido mucho, en forma expl\u00edcita o subiliminal, que seamos m\u00e1s cr\u00edticos ante la realidad nacional y local, no nos hicieron caso; pareciera que nos dicen que est\u00e1n de acuerdo con el sistema actual y quieren que siga. Nos hace pensar que los obispos no tenemos mucha incidencia en la mayor\u00eda, en este y en otros asuntos, sino acaso en peque\u00f1as minor\u00edas. Nos consolamos diciendo que el Reino de Dios est\u00e1 y crece en las peque\u00f1as semillas, pero ojal\u00e1 que \u00e9stas dieran m\u00e1s fruto.<\/p>\n<p>Insistimos de mil maneras que nuestro pueblo votara por convicci\u00f3n personal buscando el bien com\u00fan, y no s\u00f3lo por el inter\u00e9s de seguir recibiendo los apoyos sociales que, desde sexenios anteriores, el gobierno ha establecido, pero que ahora se aumentaron en forma muy demag\u00f3gica. Est\u00e1 muy bien que se apoye a j\u00f3venes, a mujeres en situaciones especiales, a ancianos y pobres en general, pero que no sea por intereses electorales. A pesar de nuestras recomendaciones, la mayor\u00eda apoy\u00f3 con su voto a quienes les dan y les prometen m\u00e1s dinero en su bolsillo. As\u00ed votaron no s\u00f3lo segmentos populares, sino clases medias y altas, que tambi\u00e9n reciben estos apoyos, aunque algunos son autosuficientes y no los necesitan tanto; lo justifican con varias razones. \u00bfEso qu\u00e9 significa? Que el dinero sigue mandando y que con dinero se pueden comprar las conciencias, para que sean ciegas y no vean la realidad completa. Debemos seguir luchando para que el dinero no sea el criterio m\u00e1s decisivo en la vida, sino otros valores que cuentan mucho m\u00e1s.<\/p>\n<h3><strong>DISCERNIR<\/strong><\/h3>\n<p>Los obispos mexicanos, en el <em>Proyecto Global de Pastoral 2031+2033, <\/em>haci\u00e9ndonos conscientes de que debemos escuchar y discernir las diferentes realidades de nuestro pueblo, decimos:<\/p>\n<p><em>\u201cAcercarse a la realidad del mundo y del Pueblo de Dios, es el punto de partida para apacentarlo y un lugar sagrado para sus pastores, <\/em><em>porque en ella se encuentran las alegr\u00edas y las esperanzas m\u00e1s profundas; adem\u00e1s ah\u00ed contemplamos los dolores, las luchas y los sufrimientos m\u00e1s sentidos. <\/em><em>Queremos acercarnos a ella con los ojos bien abiertos para contemplar este bendito espacio de vida, alertar bien nuestros o\u00eddos para escuchar los gritos de nuestro pueblo y encender nuestro coraz\u00f3n para acoger con fe y un profundo amor, la voz del Se\u00f1or que se manifiesta a trav\u00e9s de ella\u201d <\/em>(22).<\/p>\n<p><em>\u201cLos Obispos de esta amada Iglesia, queremos quitarnos las sandalias al igual que Mois\u00e9s y despojarnos de toda pretensi\u00f3n de orgullo y soberbia, para acercarnos a este lugar sagrado de la realidad con humildad, ofreciendo la Verdad de Jesucristo para que pueda resplandecer y restaurar la verdad y la vida digna que Dios quiere para sus hijos. Hemos podido escuchar la voz de Dios que<\/em><em> dijo a Mois\u00e9s y que ahora nos dice a nosotros: \u201cHe visto la aflicci\u00f3n de mi pueblo en Egipto; he escuchado el clamor ante sus opresores y conozco sus sufrimientos&#8230; El clamor de los israelitas ha llegado hasta m\u00ed y he visto la opresi\u00f3n con que los egipcios los afligen. As\u00ed que ponte en camino: yo te env\u00edo al fara\u00f3n para que saques a mi pueblo, los israelitas, de Egipto <\/em><em>(Ex 3,7.9-10). El momento presente exige de la Iglesia ver y escuchar esas aflicciones de su pueblo, para renovar con esperanza su misi\u00f3n y proponer la Verdad del Evangelio, en la riqueza de este di\u00e1logo cultural\u201d <\/em>(167).<\/p>\n<h3><strong>ACTUAR<\/strong><\/h3>\n<p>Eduqu\u00e9monos para discernir qu\u00e9 nos dice Dios en las diferentes realidades de nuestro pueblo, como ahora en las recientes elecciones, y ofrecerle la luz del Evangelio para, juntos, seguir sembrando y colaborar en la construcci\u00f3n del Reino de Dios, que es verdad y vida, santidad y gracia, justicia, amor y paz.<\/p>\n<div style=\"width: 848px;\" class=\"wp-video\"><video class=\"wp-video-shortcode\" id=\"video-103276-1\" width=\"848\" height=\"480\" preload=\"metadata\" controls=\"controls\"><source type=\"video\/mp4\" src=\"https:\/\/exaudi.org\/wp-content\/uploads\/2024\/06\/VIDEO-2024-06-18-13-57-09.mp4?_=1\" \/><a href=\"https:\/\/exaudi.org\/wp-content\/uploads\/2024\/06\/VIDEO-2024-06-18-13-57-09.mp4\">https:\/\/exaudi.org\/wp-content\/uploads\/2024\/06\/VIDEO-2024-06-18-13-57-09.mp4<\/a><\/video><\/div>\n<p><a href=\"https:\/\/open.spotify.com\/episode\/40QX4yLIGl7f8sNIwqX1lW?si=504941bc3dfb4226\" target=\"_blank\" rel=\"noopener\"><strong>Spotify<\/strong><\/a><\/p>\n<p><img loading=\"lazy\" decoding=\"async\" class=\"alignleft size-full wp-image-103294\" src=\"https:\/\/exaudi.org\/wp-content\/uploads\/2024\/06\/Cardenal-Felipe-Arizmendi-2.jpg\" alt=\"\" width=\"940\" height=\"788\" srcset=\"https:\/\/exaudi.org\/wp-content\/uploads\/2024\/06\/Cardenal-Felipe-Arizmendi-2.jpg 940w, https:\/\/exaudi.org\/wp-content\/uploads\/2024\/06\/Cardenal-Felipe-Arizmendi-2-300x251.jpg 300w, https:\/\/exaudi.org\/wp-content\/uploads\/2024\/06\/Cardenal-Felipe-Arizmendi-2-770x645.jpg 770w, https:\/\/exaudi.org\/wp-content\/uploads\/2024\/06\/Cardenal-Felipe-Arizmendi-2-500x419.jpg 500w, https:\/\/exaudi.org\/wp-content\/uploads\/2024\/06\/Cardenal-Felipe-Arizmendi-2-293x246.jpg 293w, https:\/\/exaudi.org\/wp-content\/uploads\/2024\/06\/Cardenal-Felipe-Arizmendi-2-390x327.jpg 390w\" sizes=\"auto, (max-width: 940px) 100vw, 940px\" \/><\/p>\n","protected":false},"excerpt":{"rendered":"<p>Eduqu\u00e9monos para discernir qu\u00e9 nos dice Dios en las diferentes realidades de nuestro pueblo<\/p>\n","protected":false},"author":24,"featured_media":103283,"comment_status":"closed","ping_status":"closed","sticky":false,"template":"","format":"standard","meta":{"_acf_changed":false,"_crdt_document":"","inline_featured_image":false,"footnotes":""},"categories":[130],"tags":[413,13223,606,415,4953],"class_list":["post-103276","post","type-post","status-publish","format-standard","has-post-thumbnail","hentry","category-voces","tag-cardenal-felipe-arizmendi-esquivel","tag-conferencia-episcopado-mexicano","tag-elecciones","tag-mexico","tag-trending-es"],"acf":[],"yoast_head":"<!-- This site is optimized with the Yoast SEO plugin v27.5 - https:\/\/yoast.com\/product\/yoast-seo-wordpress\/ -->\n<title>Cardenal Arizmendi: \u00bfQu\u00e9 nos dijeron los mexicanos en las elecciones? &#8211; Exaudi<\/title>\n<meta name=\"robots\" content=\"index, follow, max-snippet:-1, max-image-preview:large, max-video-preview:-1\" \/>\n<link rel=\"canonical\" href=\"https:\/\/exaudi.org\/es\/cardinal-arizmendi-what-did-mexicans-tell-us-in-the-elections\/\" \/>\n<meta property=\"og:locale\" content=\"es_ES\" \/>\n<meta property=\"og:type\" content=\"article\" \/>\n<meta property=\"og:title\" content=\"Cardenal Arizmendi: \u00bfQu\u00e9 nos dijeron los mexicanos en las elecciones? &#8211; Exaudi\" \/>\n<meta property=\"og:description\" content=\"Eduqu\u00e9monos para discernir qu\u00e9 nos dice Dios en las diferentes realidades de nuestro pueblo\" \/>\n<meta property=\"og:url\" content=\"https:\/\/exaudi.org\/cardinal-arizmendi-what-did-mexicans-tell-us-in-the-elections\/\" \/>\n<meta property=\"og:site_name\" content=\"Exaudi\" \/>\n<meta property=\"article:publisher\" content=\"https:\/\/www.facebook.com\/ExaudiNews\" \/>\n<meta property=\"article:published_time\" content=\"2024-06-19T06:40:50+00:00\" \/>\n<meta property=\"article:modified_time\" content=\"2024-06-19T08:34:34+00:00\" \/>\n<meta property=\"og:image\" content=\"https:\/\/exaudi.org\/wp-content\/uploads\/2024\/06\/katia-rolon-45rHTerhoEM-unsplash-scaled.jpg\" \/>\n\t<meta property=\"og:image:width\" content=\"2560\" \/>\n\t<meta property=\"og:image:height\" content=\"1398\" \/>\n\t<meta property=\"og:image:type\" content=\"image\/jpeg\" \/>\n<meta name=\"author\" content=\"Cardenal Felipe Arizmendi\" \/>\n<meta name=\"twitter:card\" content=\"summary_large_image\" \/>\n<meta name=\"twitter:creator\" content=\"@Exaudi_News\" \/>\n<meta name=\"twitter:site\" content=\"@Exaudi_News\" \/>\n<meta name=\"twitter:label1\" content=\"Escrito por\" \/>\n\t<meta name=\"twitter:data1\" content=\"Cardenal Felipe Arizmendi\" \/>\n\t<meta name=\"twitter:label2\" content=\"Tiempo de lectura\" \/>\n\t<meta name=\"twitter:data2\" content=\"5 minutos\" \/>\n<script type=\"application\/ld+json\" class=\"yoast-schema-graph\">{\"@context\":\"https:\\\/\\\/schema.org\",\"@graph\":[{\"@type\":\"Article\",\"@id\":\"https:\\\/\\\/exaudi.org\\\/cardinal-arizmendi-what-did-mexicans-tell-us-in-the-elections\\\/#article\",\"isPartOf\":{\"@id\":\"https:\\\/\\\/exaudi.org\\\/cardinal-arizmendi-what-did-mexicans-tell-us-in-the-elections\\\/\"},\"author\":{\"name\":\"Cardenal Felipe Arizmendi\",\"@id\":\"https:\\\/\\\/exaudi.org\\\/#\\\/schema\\\/person\\\/c7d223f87e58f1105d044d8da1439102\"},\"headline\":\"Cardenal Arizmendi: \u00bfQu\u00e9 nos dijeron los mexicanos en las elecciones?\",\"datePublished\":\"2024-06-19T06:40:50+00:00\",\"dateModified\":\"2024-06-19T08:34:34+00:00\",\"mainEntityOfPage\":{\"@id\":\"https:\\\/\\\/exaudi.org\\\/cardinal-arizmendi-what-did-mexicans-tell-us-in-the-elections\\\/\"},\"wordCount\":1050,\"image\":{\"@id\":\"https:\\\/\\\/exaudi.org\\\/cardinal-arizmendi-what-did-mexicans-tell-us-in-the-elections\\\/#primaryimage\"},\"thumbnailUrl\":\"https:\\\/\\\/exaudi.org\\\/wp-content\\\/uploads\\\/2024\\\/06\\\/katia-rolon-45rHTerhoEM-unsplash-scaled.jpg\",\"keywords\":[\"Cardenal Felipe Arizmendi Esquivel\",\"Conferencia Episcopado Mexicano\",\"Elecciones\",\"M\u00e9xico\",\"Trending\"],\"articleSection\":[\"Voces\"],\"inLanguage\":\"es\"},{\"@type\":\"WebPage\",\"@id\":\"https:\\\/\\\/exaudi.org\\\/cardinal-arizmendi-what-did-mexicans-tell-us-in-the-elections\\\/\",\"url\":\"https:\\\/\\\/exaudi.org\\\/cardinal-arizmendi-what-did-mexicans-tell-us-in-the-elections\\\/\",\"name\":\"Cardenal Arizmendi: \u00bfQu\u00e9 nos dijeron los mexicanos en las elecciones? &#8211; Exaudi\",\"isPartOf\":{\"@id\":\"https:\\\/\\\/exaudi.org\\\/#website\"},\"primaryImageOfPage\":{\"@id\":\"https:\\\/\\\/exaudi.org\\\/cardinal-arizmendi-what-did-mexicans-tell-us-in-the-elections\\\/#primaryimage\"},\"image\":{\"@id\":\"https:\\\/\\\/exaudi.org\\\/cardinal-arizmendi-what-did-mexicans-tell-us-in-the-elections\\\/#primaryimage\"},\"thumbnailUrl\":\"https:\\\/\\\/exaudi.org\\\/wp-content\\\/uploads\\\/2024\\\/06\\\/katia-rolon-45rHTerhoEM-unsplash-scaled.jpg\",\"datePublished\":\"2024-06-19T06:40:50+00:00\",\"dateModified\":\"2024-06-19T08:34:34+00:00\",\"author\":{\"@id\":\"https:\\\/\\\/exaudi.org\\\/#\\\/schema\\\/person\\\/c7d223f87e58f1105d044d8da1439102\"},\"breadcrumb\":{\"@id\":\"https:\\\/\\\/exaudi.org\\\/cardinal-arizmendi-what-did-mexicans-tell-us-in-the-elections\\\/#breadcrumb\"},\"inLanguage\":\"es\",\"potentialAction\":[{\"@type\":\"ReadAction\",\"target\":[\"https:\\\/\\\/exaudi.org\\\/cardinal-arizmendi-what-did-mexicans-tell-us-in-the-elections\\\/\"]}]},{\"@type\":\"ImageObject\",\"inLanguage\":\"es\",\"@id\":\"https:\\\/\\\/exaudi.org\\\/cardinal-arizmendi-what-did-mexicans-tell-us-in-the-elections\\\/#primaryimage\",\"url\":\"https:\\\/\\\/exaudi.org\\\/wp-content\\\/uploads\\\/2024\\\/06\\\/katia-rolon-45rHTerhoEM-unsplash-scaled.jpg\",\"contentUrl\":\"https:\\\/\\\/exaudi.org\\\/wp-content\\\/uploads\\\/2024\\\/06\\\/katia-rolon-45rHTerhoEM-unsplash-scaled.jpg\",\"width\":2560,\"height\":1398,\"caption\":\"Foto de Katia Rolon en Unsplash\"},{\"@type\":\"BreadcrumbList\",\"@id\":\"https:\\\/\\\/exaudi.org\\\/cardinal-arizmendi-what-did-mexicans-tell-us-in-the-elections\\\/#breadcrumb\",\"itemListElement\":[{\"@type\":\"ListItem\",\"position\":1,\"name\":\"Portada\",\"item\":\"https:\\\/\\\/exaudi.org\\\/es\\\/\"},{\"@type\":\"ListItem\",\"position\":2,\"name\":\"Cardenal Arizmendi: \u00bfQu\u00e9 nos dijeron los mexicanos en las elecciones?\"}]},{\"@type\":\"WebSite\",\"@id\":\"https:\\\/\\\/exaudi.org\\\/#website\",\"url\":\"https:\\\/\\\/exaudi.org\\\/\",\"name\":\"Exaudi\",\"description\":\"News\",\"potentialAction\":[{\"@type\":\"SearchAction\",\"target\":{\"@type\":\"EntryPoint\",\"urlTemplate\":\"https:\\\/\\\/exaudi.org\\\/?s={search_term_string}\"},\"query-input\":{\"@type\":\"PropertyValueSpecification\",\"valueRequired\":true,\"valueName\":\"search_term_string\"}}],\"inLanguage\":\"es\"},{\"@type\":\"Person\",\"@id\":\"https:\\\/\\\/exaudi.org\\\/#\\\/schema\\\/person\\\/c7d223f87e58f1105d044d8da1439102\",\"name\":\"Cardenal Felipe Arizmendi\",\"image\":{\"@type\":\"ImageObject\",\"inLanguage\":\"es\",\"@id\":\"https:\\\/\\\/secure.gravatar.com\\\/avatar\\\/4ffc5520d896b86d39346168903de33a17ef0f23d16de0ff45062c1ff422ed2f?s=96&d=mm&r=g\",\"url\":\"https:\\\/\\\/secure.gravatar.com\\\/avatar\\\/4ffc5520d896b86d39346168903de33a17ef0f23d16de0ff45062c1ff422ed2f?s=96&d=mm&r=g\",\"contentUrl\":\"https:\\\/\\\/secure.gravatar.com\\\/avatar\\\/4ffc5520d896b86d39346168903de33a17ef0f23d16de0ff45062c1ff422ed2f?s=96&d=mm&r=g\",\"caption\":\"Cardenal Felipe Arizmendi\"},\"description\":\"Nacido en Chiltepec el 1 de mayo de 1940. Estudi\u00f3 Humanidades y Filosof\u00eda en el Seminario de Toluca, de 1952 a 1959. Curs\u00f3 la Teolog\u00eda en la Universidad Pontificia de Salamanca, Espa\u00f1a, de 1959 a 1963, obteniendo la licenciatura en Teolog\u00eda Dogm\u00e1tica. Por su cuenta, se especializ\u00f3 en Liturgia. Fue ordenado sacerdote el 25 de agosto de 1963 en Toluca. Sirvi\u00f3 como Vicario Parroquial en tres parroquias por tres a\u00f1os y medio y fue p\u00e1rroco de una comunidad ind\u00edgena otom\u00ed, de 1967 a 1970. Fue Director Espiritual del Seminario de Toluca por diez a\u00f1os, y Rector del mismo de 1981 a 1991. El 7 de marzo de 1991, fue ordenado obispo de la di\u00f3cesis de Tapachula, donde estuvo hasta el 30 de abril del a\u00f1o 2000. El 1 de mayo del 2000, inici\u00f3 su ministerio episcopal como XLVI obispo de la di\u00f3cesis de San Crist\u00f3bal de las Casas, Chiapas, una de las di\u00f3cesis m\u00e1s antiguas de M\u00e9xico, erigida en 1539; all\u00ed sirvi\u00f3 por casi 18 a\u00f1os. Ha ocupado diversos cargos en la Conferencia del Episcopado Mexicano y en el CELAM. El 3 de noviembre de 2017, el Papa Francisco le acept\u00f3, por edad, su renuncia al servicio episcopal en esta di\u00f3cesis, que entreg\u00f3 a su sucesor el 3 de enero de 2018. Desde entonces, reside en la ciudad de Toluca. Desde 1979, escribe art\u00edculos de actualidad en varios medios religiosos y civiles. Es autor de varias publicaciones.\",\"url\":\"https:\\\/\\\/exaudi.org\\\/es\\\/author\\\/felipearizmendi\\\/\"}]}<\/script>\n<!-- \/ Yoast SEO plugin. -->","yoast_head_json":{"title":"Cardenal Arizmendi: \u00bfQu\u00e9 nos dijeron los mexicanos en las elecciones? &#8211; Exaudi","robots":{"index":"index","follow":"follow","max-snippet":"max-snippet:-1","max-image-preview":"max-image-preview:large","max-video-preview":"max-video-preview:-1"},"canonical":"https:\/\/exaudi.org\/es\/cardinal-arizmendi-what-did-mexicans-tell-us-in-the-elections\/","og_locale":"es_ES","og_type":"article","og_title":"Cardenal Arizmendi: \u00bfQu\u00e9 nos dijeron los mexicanos en las elecciones? &#8211; Exaudi","og_description":"Eduqu\u00e9monos para discernir qu\u00e9 nos dice Dios en las diferentes realidades de nuestro pueblo","og_url":"https:\/\/exaudi.org\/cardinal-arizmendi-what-did-mexicans-tell-us-in-the-elections\/","og_site_name":"Exaudi","article_publisher":"https:\/\/www.facebook.com\/ExaudiNews","article_published_time":"2024-06-19T06:40:50+00:00","article_modified_time":"2024-06-19T08:34:34+00:00","og_image":[{"width":2560,"height":1398,"url":"https:\/\/exaudi.org\/wp-content\/uploads\/2024\/06\/katia-rolon-45rHTerhoEM-unsplash-scaled.jpg","type":"image\/jpeg"}],"author":"Cardenal Felipe Arizmendi","twitter_card":"summary_large_image","twitter_creator":"@Exaudi_News","twitter_site":"@Exaudi_News","twitter_misc":{"Escrito por":"Cardenal Felipe Arizmendi","Tiempo de lectura":"5 minutos"},"schema":{"@context":"https:\/\/schema.org","@graph":[{"@type":"Article","@id":"https:\/\/exaudi.org\/cardinal-arizmendi-what-did-mexicans-tell-us-in-the-elections\/#article","isPartOf":{"@id":"https:\/\/exaudi.org\/cardinal-arizmendi-what-did-mexicans-tell-us-in-the-elections\/"},"author":{"name":"Cardenal Felipe Arizmendi","@id":"https:\/\/exaudi.org\/#\/schema\/person\/c7d223f87e58f1105d044d8da1439102"},"headline":"Cardenal Arizmendi: \u00bfQu\u00e9 nos dijeron los mexicanos en las elecciones?","datePublished":"2024-06-19T06:40:50+00:00","dateModified":"2024-06-19T08:34:34+00:00","mainEntityOfPage":{"@id":"https:\/\/exaudi.org\/cardinal-arizmendi-what-did-mexicans-tell-us-in-the-elections\/"},"wordCount":1050,"image":{"@id":"https:\/\/exaudi.org\/cardinal-arizmendi-what-did-mexicans-tell-us-in-the-elections\/#primaryimage"},"thumbnailUrl":"https:\/\/exaudi.org\/wp-content\/uploads\/2024\/06\/katia-rolon-45rHTerhoEM-unsplash-scaled.jpg","keywords":["Cardenal Felipe Arizmendi Esquivel","Conferencia Episcopado Mexicano","Elecciones","M\u00e9xico","Trending"],"articleSection":["Voces"],"inLanguage":"es"},{"@type":"WebPage","@id":"https:\/\/exaudi.org\/cardinal-arizmendi-what-did-mexicans-tell-us-in-the-elections\/","url":"https:\/\/exaudi.org\/cardinal-arizmendi-what-did-mexicans-tell-us-in-the-elections\/","name":"Cardenal Arizmendi: \u00bfQu\u00e9 nos dijeron los mexicanos en las elecciones? &#8211; Exaudi","isPartOf":{"@id":"https:\/\/exaudi.org\/#website"},"primaryImageOfPage":{"@id":"https:\/\/exaudi.org\/cardinal-arizmendi-what-did-mexicans-tell-us-in-the-elections\/#primaryimage"},"image":{"@id":"https:\/\/exaudi.org\/cardinal-arizmendi-what-did-mexicans-tell-us-in-the-elections\/#primaryimage"},"thumbnailUrl":"https:\/\/exaudi.org\/wp-content\/uploads\/2024\/06\/katia-rolon-45rHTerhoEM-unsplash-scaled.jpg","datePublished":"2024-06-19T06:40:50+00:00","dateModified":"2024-06-19T08:34:34+00:00","author":{"@id":"https:\/\/exaudi.org\/#\/schema\/person\/c7d223f87e58f1105d044d8da1439102"},"breadcrumb":{"@id":"https:\/\/exaudi.org\/cardinal-arizmendi-what-did-mexicans-tell-us-in-the-elections\/#breadcrumb"},"inLanguage":"es","potentialAction":[{"@type":"ReadAction","target":["https:\/\/exaudi.org\/cardinal-arizmendi-what-did-mexicans-tell-us-in-the-elections\/"]}]},{"@type":"ImageObject","inLanguage":"es","@id":"https:\/\/exaudi.org\/cardinal-arizmendi-what-did-mexicans-tell-us-in-the-elections\/#primaryimage","url":"https:\/\/exaudi.org\/wp-content\/uploads\/2024\/06\/katia-rolon-45rHTerhoEM-unsplash-scaled.jpg","contentUrl":"https:\/\/exaudi.org\/wp-content\/uploads\/2024\/06\/katia-rolon-45rHTerhoEM-unsplash-scaled.jpg","width":2560,"height":1398,"caption":"Foto de Katia Rolon en Unsplash"},{"@type":"BreadcrumbList","@id":"https:\/\/exaudi.org\/cardinal-arizmendi-what-did-mexicans-tell-us-in-the-elections\/#breadcrumb","itemListElement":[{"@type":"ListItem","position":1,"name":"Portada","item":"https:\/\/exaudi.org\/es\/"},{"@type":"ListItem","position":2,"name":"Cardenal Arizmendi: \u00bfQu\u00e9 nos dijeron los mexicanos en las elecciones?"}]},{"@type":"WebSite","@id":"https:\/\/exaudi.org\/#website","url":"https:\/\/exaudi.org\/","name":"Exaudi","description":"News","potentialAction":[{"@type":"SearchAction","target":{"@type":"EntryPoint","urlTemplate":"https:\/\/exaudi.org\/?s={search_term_string}"},"query-input":{"@type":"PropertyValueSpecification","valueRequired":true,"valueName":"search_term_string"}}],"inLanguage":"es"},{"@type":"Person","@id":"https:\/\/exaudi.org\/#\/schema\/person\/c7d223f87e58f1105d044d8da1439102","name":"Cardenal Felipe Arizmendi","image":{"@type":"ImageObject","inLanguage":"es","@id":"https:\/\/secure.gravatar.com\/avatar\/4ffc5520d896b86d39346168903de33a17ef0f23d16de0ff45062c1ff422ed2f?s=96&d=mm&r=g","url":"https:\/\/secure.gravatar.com\/avatar\/4ffc5520d896b86d39346168903de33a17ef0f23d16de0ff45062c1ff422ed2f?s=96&d=mm&r=g","contentUrl":"https:\/\/secure.gravatar.com\/avatar\/4ffc5520d896b86d39346168903de33a17ef0f23d16de0ff45062c1ff422ed2f?s=96&d=mm&r=g","caption":"Cardenal Felipe Arizmendi"},"description":"Nacido en Chiltepec el 1 de mayo de 1940. Estudi\u00f3 Humanidades y Filosof\u00eda en el Seminario de Toluca, de 1952 a 1959. Curs\u00f3 la Teolog\u00eda en la Universidad Pontificia de Salamanca, Espa\u00f1a, de 1959 a 1963, obteniendo la licenciatura en Teolog\u00eda Dogm\u00e1tica. Por su cuenta, se especializ\u00f3 en Liturgia. Fue ordenado sacerdote el 25 de agosto de 1963 en Toluca. Sirvi\u00f3 como Vicario Parroquial en tres parroquias por tres a\u00f1os y medio y fue p\u00e1rroco de una comunidad ind\u00edgena otom\u00ed, de 1967 a 1970. Fue Director Espiritual del Seminario de Toluca por diez a\u00f1os, y Rector del mismo de 1981 a 1991. El 7 de marzo de 1991, fue ordenado obispo de la di\u00f3cesis de Tapachula, donde estuvo hasta el 30 de abril del a\u00f1o 2000. El 1 de mayo del 2000, inici\u00f3 su ministerio episcopal como XLVI obispo de la di\u00f3cesis de San Crist\u00f3bal de las Casas, Chiapas, una de las di\u00f3cesis m\u00e1s antiguas de M\u00e9xico, erigida en 1539; all\u00ed sirvi\u00f3 por casi 18 a\u00f1os. Ha ocupado diversos cargos en la Conferencia del Episcopado Mexicano y en el CELAM. El 3 de noviembre de 2017, el Papa Francisco le acept\u00f3, por edad, su renuncia al servicio episcopal en esta di\u00f3cesis, que entreg\u00f3 a su sucesor el 3 de enero de 2018. Desde entonces, reside en la ciudad de Toluca. Desde 1979, escribe art\u00edculos de actualidad en varios medios religiosos y civiles. Es autor de varias publicaciones.","url":"https:\/\/exaudi.org\/es\/author\/felipearizmendi\/"}]}},"jetpack_featured_media_url":"https:\/\/exaudi.org\/wp-content\/uploads\/2024\/06\/katia-rolon-45rHTerhoEM-unsplash-scaled.jpg","jetpack_shortlink":"https:\/\/wp.me\/pgKjF2-qRK","_links":{"self":[{"href":"https:\/\/exaudi.org\/es\/wp-json\/wp\/v2\/posts\/103276","targetHints":{"allow":["GET"]}}],"collection":[{"href":"https:\/\/exaudi.org\/es\/wp-json\/wp\/v2\/posts"}],"about":[{"href":"https:\/\/exaudi.org\/es\/wp-json\/wp\/v2\/types\/post"}],"author":[{"embeddable":true,"href":"https:\/\/exaudi.org\/es\/wp-json\/wp\/v2\/users\/24"}],"replies":[{"embeddable":true,"href":"https:\/\/exaudi.org\/es\/wp-json\/wp\/v2\/comments?post=103276"}],"version-history":[{"count":0,"href":"https:\/\/exaudi.org\/es\/wp-json\/wp\/v2\/posts\/103276\/revisions"}],"wp:featuredmedia":[{"embeddable":true,"href":"https:\/\/exaudi.org\/es\/wp-json\/wp\/v2\/media\/103283"}],"wp:attachment":[{"href":"https:\/\/exaudi.org\/es\/wp-json\/wp\/v2\/media?parent=103276"}],"wp:term":[{"taxonomy":"category","embeddable":true,"href":"https:\/\/exaudi.org\/es\/wp-json\/wp\/v2\/categories?post=103276"},{"taxonomy":"post_tag","embeddable":true,"href":"https:\/\/exaudi.org\/es\/wp-json\/wp\/v2\/tags?post=103276"}],"curies":[{"name":"wp","href":"https:\/\/api.w.org\/{rel}","templated":true}]}}