{"id":103044,"date":"2024-06-14T12:21:49","date_gmt":"2024-06-14T10:21:49","guid":{"rendered":"https:\/\/exaudi.org\/?p=103044"},"modified":"2024-06-15T10:49:40","modified_gmt":"2024-06-15T08:49:40","slug":"papa-francisco-sonrisa-sonar-mundo-mejor","status":"publish","type":"post","link":"https:\/\/exaudi.org\/es\/papa-francisco-sonrisa-sonar-mundo-mejor\/","title":{"rendered":"Papa Francisco: \u00ab\u00a1Ay\u00fadennos, con una sonrisa, a ver la realidad con sus contradicciones y a so\u00f1ar con un mundo mejor!\u00bb"},"content":{"rendered":"<p>Aprendamos de los c\u00f3micos, dijo Francisco, a lograr con una sonrisa a ver la realidad con sus contradicciones, y a so\u00f1ar un mudo mejor. A reunir realidades diferentes y a veces incluso opuestas. \u201cLa risa del humor nunca va &#8216;contra&#8217; nadie, sino que siempre es inclusiva, proactiva, suscita apertura, simpat\u00eda, empat\u00eda\u201d.<\/p>\n<p><strong>Discurso completo:<\/strong><\/p>\n<p>Queridos amigos<\/p>\n<p>Me complace daros la bienvenida a todos y dar las gracias a quienes, en el Dicasterio de Cultura y Educaci\u00f3n, han preparado este encuentro. El Prefecto me ha dicho que en Italia dicen que \u00abla sonrisa hace buena sangre\u00bb. \u00bfLo dicen?<\/p>\n<p><img loading=\"lazy\" decoding=\"async\" class=\"size-full wp-image-103049 alignnone\" src=\"https:\/\/exaudi.org\/wp-content\/uploads\/2024\/06\/Snapinsta.app_448405008_850640190422850_6966218559835054192_n_1080-1.jpg\" alt=\"\" width=\"1080\" height=\"720\" srcset=\"https:\/\/exaudi.org\/wp-content\/uploads\/2024\/06\/Snapinsta.app_448405008_850640190422850_6966218559835054192_n_1080-1.jpg 1080w, https:\/\/exaudi.org\/wp-content\/uploads\/2024\/06\/Snapinsta.app_448405008_850640190422850_6966218559835054192_n_1080-1-300x200.jpg 300w, https:\/\/exaudi.org\/wp-content\/uploads\/2024\/06\/Snapinsta.app_448405008_850640190422850_6966218559835054192_n_1080-1-1024x683.jpg 1024w, https:\/\/exaudi.org\/wp-content\/uploads\/2024\/06\/Snapinsta.app_448405008_850640190422850_6966218559835054192_n_1080-1-770x513.jpg 770w, https:\/\/exaudi.org\/wp-content\/uploads\/2024\/06\/Snapinsta.app_448405008_850640190422850_6966218559835054192_n_1080-1-360x240.jpg?crop=1 360w, https:\/\/exaudi.org\/wp-content\/uploads\/2024\/06\/Snapinsta.app_448405008_850640190422850_6966218559835054192_n_1080-1-500x333.jpg 500w, https:\/\/exaudi.org\/wp-content\/uploads\/2024\/06\/Snapinsta.app_448405008_850640190422850_6966218559835054192_n_1080-1-370x247.jpg 370w, https:\/\/exaudi.org\/wp-content\/uploads\/2024\/06\/Snapinsta.app_448405008_850640190422850_6966218559835054192_n_1080-1-293x195.jpg 293w, https:\/\/exaudi.org\/wp-content\/uploads\/2024\/06\/Snapinsta.app_448405008_850640190422850_6966218559835054192_n_1080-1-120x80.jpg 120w, https:\/\/exaudi.org\/wp-content\/uploads\/2024\/06\/Snapinsta.app_448405008_850640190422850_6966218559835054192_n_1080-1-240x160.jpg 240w, https:\/\/exaudi.org\/wp-content\/uploads\/2024\/06\/Snapinsta.app_448405008_850640190422850_6966218559835054192_n_1080-1-390x260.jpg 390w\" sizes=\"auto, (max-width: 1080px) 100vw, 1080px\" \/>Os miro con estima a vosotros, artistas, que os expres\u00e1is en el lenguaje de la comedia, del humor, de la iron\u00eda. \u00a1Cu\u00e1nta sabidur\u00eda hay ah\u00ed! De todos los profesionales que trabaj\u00e1is en la televisi\u00f3n, el cine, el teatro, la prensa, con canciones, en las redes sociales, sois de los m\u00e1s queridos, buscados, aplaudidos. Ciertamente porque sois buenos; pero tambi\u00e9n hay otra raz\u00f3n: ten\u00e9is y cultiv\u00e1is el don de hacer re\u00edr.<\/p>\n<p>En medio de tantas noticias sombr\u00edas, inmersos como estamos en tantas urgencias sociales e incluso personales, tienes el poder de contagiar serenidad y una sonrisa. Eres de los pocos que tienen la capacidad de hablar a personas muy diferentes, de distintas generaciones y procedencias culturales.<\/p>\n<p><img loading=\"lazy\" decoding=\"async\" class=\"size-full wp-image-103059 alignnone\" src=\"https:\/\/exaudi.org\/wp-content\/uploads\/2024\/06\/cq5dam.web_.800.800-1-1.jpeg\" alt=\"\" width=\"800\" height=\"533\" srcset=\"https:\/\/exaudi.org\/wp-content\/uploads\/2024\/06\/cq5dam.web_.800.800-1-1.jpeg 800w, https:\/\/exaudi.org\/wp-content\/uploads\/2024\/06\/cq5dam.web_.800.800-1-1-300x200.jpeg 300w, https:\/\/exaudi.org\/wp-content\/uploads\/2024\/06\/cq5dam.web_.800.800-1-1-770x513.jpeg 770w, https:\/\/exaudi.org\/wp-content\/uploads\/2024\/06\/cq5dam.web_.800.800-1-1-360x240.jpeg?crop=1 360w, https:\/\/exaudi.org\/wp-content\/uploads\/2024\/06\/cq5dam.web_.800.800-1-1-500x333.jpeg 500w, https:\/\/exaudi.org\/wp-content\/uploads\/2024\/06\/cq5dam.web_.800.800-1-1-370x247.jpeg 370w, https:\/\/exaudi.org\/wp-content\/uploads\/2024\/06\/cq5dam.web_.800.800-1-1-293x195.jpeg 293w, https:\/\/exaudi.org\/wp-content\/uploads\/2024\/06\/cq5dam.web_.800.800-1-1-120x80.jpeg 120w, https:\/\/exaudi.org\/wp-content\/uploads\/2024\/06\/cq5dam.web_.800.800-1-1-240x160.jpeg 240w, https:\/\/exaudi.org\/wp-content\/uploads\/2024\/06\/cq5dam.web_.800.800-1-1-390x260.jpeg 390w\" sizes=\"auto, (max-width: 800px) 100vw, 800px\" \/>A tu manera, unes a la gente, porque la risa es contagiosa. Es m\u00e1s f\u00e1cil re\u00edr juntos que solos: la alegr\u00eda permite compartir y es el mejor ant\u00eddoto contra el ego\u00edsmo y el individualismo. La risa tambi\u00e9n ayuda a romper las barreras sociales, a crear v\u00ednculos entre las personas. Nos permite expresar emociones y pensamientos, ayudando a construir una cultura compartida y a crear espacios de libertad. Nos recuerdas que el homo sapiens es tambi\u00e9n homo ludens; que la diversi\u00f3n l\u00fadica y la risa son fundamentales para la vida humana, para expresarnos, para aprender, para dar sentido a las situaciones.<\/p>\n<p><img loading=\"lazy\" decoding=\"async\" class=\" wp-image-103052 alignright\" src=\"https:\/\/exaudi.org\/wp-content\/uploads\/2024\/06\/Snapinsta.app_448317085_850639977089538_3090267613432460621_n_1080.jpg\" alt=\"\" width=\"398\" height=\"265\" srcset=\"https:\/\/exaudi.org\/wp-content\/uploads\/2024\/06\/Snapinsta.app_448317085_850639977089538_3090267613432460621_n_1080.jpg 1080w, https:\/\/exaudi.org\/wp-content\/uploads\/2024\/06\/Snapinsta.app_448317085_850639977089538_3090267613432460621_n_1080-300x200.jpg 300w, https:\/\/exaudi.org\/wp-content\/uploads\/2024\/06\/Snapinsta.app_448317085_850639977089538_3090267613432460621_n_1080-1024x683.jpg 1024w, https:\/\/exaudi.org\/wp-content\/uploads\/2024\/06\/Snapinsta.app_448317085_850639977089538_3090267613432460621_n_1080-770x513.jpg 770w, https:\/\/exaudi.org\/wp-content\/uploads\/2024\/06\/Snapinsta.app_448317085_850639977089538_3090267613432460621_n_1080-360x240.jpg?crop=1 360w, https:\/\/exaudi.org\/wp-content\/uploads\/2024\/06\/Snapinsta.app_448317085_850639977089538_3090267613432460621_n_1080-500x333.jpg 500w, https:\/\/exaudi.org\/wp-content\/uploads\/2024\/06\/Snapinsta.app_448317085_850639977089538_3090267613432460621_n_1080-370x247.jpg 370w, https:\/\/exaudi.org\/wp-content\/uploads\/2024\/06\/Snapinsta.app_448317085_850639977089538_3090267613432460621_n_1080-293x195.jpg 293w, https:\/\/exaudi.org\/wp-content\/uploads\/2024\/06\/Snapinsta.app_448317085_850639977089538_3090267613432460621_n_1080-120x80.jpg 120w, https:\/\/exaudi.org\/wp-content\/uploads\/2024\/06\/Snapinsta.app_448317085_850639977089538_3090267613432460621_n_1080-240x160.jpg 240w, https:\/\/exaudi.org\/wp-content\/uploads\/2024\/06\/Snapinsta.app_448317085_850639977089538_3090267613432460621_n_1080-390x260.jpg 390w\" sizes=\"auto, (max-width: 398px) 100vw, 398px\" \/>Tu talento es un don, un don precioso. Junto con la sonrisa, difunde la paz, en los corazones, entre las personas, ayud\u00e1ndonos a superar las dificultades y a hacer frente al estr\u00e9s cotidiano. Nos ayuda a encontrar alivio en la iron\u00eda y a tomarnos la vida con humor. Me gusta rezar cada d\u00eda -desde hace m\u00e1s de cuarenta a\u00f1os- con las palabras de Santo Tom\u00e1s Moro: \u00abDame, Se\u00f1or, sentido del humor\u00bb. \u00bfConoces esa oraci\u00f3n? Deb\u00e9is conocerla. Encargo a los Superiores [del Dicasterio] que la den a conocer a todos los artistas, est\u00e1 en mi Exhortaci\u00f3n Gaudete et exsultate, en la nota 101, est\u00e1 la oraci\u00f3n. \u00abDame, Se\u00f1or, sentido del humor\u00bb. Es una gracia que pido todos los d\u00edas, porque me hace tomarme las cosas con el esp\u00edritu adecuado.<\/p>\n<p>Pero tambi\u00e9n logras otro milagro: consigues hacer sonre\u00edr incluso cuando tratas los problemas, los peque\u00f1os y grandes hechos de la historia. Denunci\u00e1is los excesos del poder; dais voz a situaciones olvidadas; pon\u00e9is de relieve abusos; se\u00f1al\u00e1is comportamientos inadecuados&#8230; Pero sin sembrar alarma ni terror, ansiedad o miedo, como hace mucha comunicaci\u00f3n; despert\u00e1is el sentido cr\u00edtico haciendo re\u00edr y sonre\u00edr. Lo haces contando historias de vida, narrando la realidad, seg\u00fan tu punto de vista original; y as\u00ed hablas a la gente de problemas grandes y peque\u00f1os.<\/p>\n<p><img loading=\"lazy\" decoding=\"async\" class=\"size-full wp-image-103062 alignnone\" src=\"https:\/\/exaudi.org\/wp-content\/uploads\/2024\/06\/cq5dam.web_.800.800-4.jpeg\" alt=\"\" width=\"800\" height=\"533\" srcset=\"https:\/\/exaudi.org\/wp-content\/uploads\/2024\/06\/cq5dam.web_.800.800-4.jpeg 800w, https:\/\/exaudi.org\/wp-content\/uploads\/2024\/06\/cq5dam.web_.800.800-4-300x200.jpeg 300w, https:\/\/exaudi.org\/wp-content\/uploads\/2024\/06\/cq5dam.web_.800.800-4-770x513.jpeg 770w, https:\/\/exaudi.org\/wp-content\/uploads\/2024\/06\/cq5dam.web_.800.800-4-360x240.jpeg?crop=1 360w, https:\/\/exaudi.org\/wp-content\/uploads\/2024\/06\/cq5dam.web_.800.800-4-500x333.jpeg 500w, https:\/\/exaudi.org\/wp-content\/uploads\/2024\/06\/cq5dam.web_.800.800-4-370x247.jpeg 370w, https:\/\/exaudi.org\/wp-content\/uploads\/2024\/06\/cq5dam.web_.800.800-4-293x195.jpeg 293w, https:\/\/exaudi.org\/wp-content\/uploads\/2024\/06\/cq5dam.web_.800.800-4-120x80.jpeg 120w, https:\/\/exaudi.org\/wp-content\/uploads\/2024\/06\/cq5dam.web_.800.800-4-240x160.jpeg 240w, https:\/\/exaudi.org\/wp-content\/uploads\/2024\/06\/cq5dam.web_.800.800-4-390x260.jpeg 390w\" sizes=\"auto, (max-width: 800px) 100vw, 800px\" \/>Seg\u00fan la Biblia, en el origen del mundo, mientras todo se creaba, la Sabidur\u00eda divina practicaba tu arte en beneficio nada menos que del propio Dios, primer espectador de la historia. Dice as\u00ed: \u00abYo estaba con \u00e9l como su hacedora y era su delicia todos los d\u00edas: jugaba delante de \u00e9l en todo tiempo, jugaba sobre el globo, poniendo mis delicias entre los hijos del hombre\u00bb (Proverbios 8:30-31). Recuerda esto: cuando consigues arrancar sonrisas inteligentes aunque s\u00f3lo sea a un espectador -\u00a1esto que voy a decir ahora no es una herej\u00eda! &#8211; hac\u00e9is sonre\u00edr tambi\u00e9n a Dios.<\/p>\n<p>Vosotros, queridos artistas, sab\u00e9is pensar y hablar con humor en diferentes formas y diferentes estilos; y en cualquier caso, el lenguaje del humor es adecuado para comprender y \u00absentir\u00bb la naturaleza humana. El humor no ofende, no humilla, no clava a las personas en sus defectos. Mientras que hoy en d\u00eda la comunicaci\u00f3n genera a menudo oposiciones, usted sabe reunir realidades diferentes y a veces incluso opuestas. \u00a1Cu\u00e1nto tenemos que aprender de ti! La risa del humor nunca va \u00abcontra\u00bb nadie, sino que siempre es inclusiva, proactiva, suscita apertura, simpat\u00eda, empat\u00eda. Reza al Se\u00f1or y p\u00eddele sentido del humor. Obtendr\u00e1s esa hermosa oraci\u00f3n de Santo Tom\u00e1s Moro.<\/p>\n<p><img loading=\"lazy\" decoding=\"async\" class=\"alignleft size-full wp-image-103056\" src=\"https:\/\/exaudi.org\/wp-content\/uploads\/2024\/06\/Snapinsta.app_448319896_850640043756198_4839796333249378518_n_1080.jpg\" alt=\"\" width=\"1080\" height=\"720\" srcset=\"https:\/\/exaudi.org\/wp-content\/uploads\/2024\/06\/Snapinsta.app_448319896_850640043756198_4839796333249378518_n_1080.jpg 1080w, https:\/\/exaudi.org\/wp-content\/uploads\/2024\/06\/Snapinsta.app_448319896_850640043756198_4839796333249378518_n_1080-300x200.jpg 300w, https:\/\/exaudi.org\/wp-content\/uploads\/2024\/06\/Snapinsta.app_448319896_850640043756198_4839796333249378518_n_1080-1024x683.jpg 1024w, https:\/\/exaudi.org\/wp-content\/uploads\/2024\/06\/Snapinsta.app_448319896_850640043756198_4839796333249378518_n_1080-770x513.jpg 770w, https:\/\/exaudi.org\/wp-content\/uploads\/2024\/06\/Snapinsta.app_448319896_850640043756198_4839796333249378518_n_1080-360x240.jpg?crop=1 360w, https:\/\/exaudi.org\/wp-content\/uploads\/2024\/06\/Snapinsta.app_448319896_850640043756198_4839796333249378518_n_1080-500x333.jpg 500w, https:\/\/exaudi.org\/wp-content\/uploads\/2024\/06\/Snapinsta.app_448319896_850640043756198_4839796333249378518_n_1080-370x247.jpg 370w, https:\/\/exaudi.org\/wp-content\/uploads\/2024\/06\/Snapinsta.app_448319896_850640043756198_4839796333249378518_n_1080-293x195.jpg 293w, https:\/\/exaudi.org\/wp-content\/uploads\/2024\/06\/Snapinsta.app_448319896_850640043756198_4839796333249378518_n_1080-120x80.jpg 120w, https:\/\/exaudi.org\/wp-content\/uploads\/2024\/06\/Snapinsta.app_448319896_850640043756198_4839796333249378518_n_1080-240x160.jpg 240w, https:\/\/exaudi.org\/wp-content\/uploads\/2024\/06\/Snapinsta.app_448319896_850640043756198_4839796333249378518_n_1080-390x260.jpg 390w\" sizes=\"auto, (max-width: 1080px) 100vw, 1080px\" \/>Me acuerdo de aquella historia, en el libro del G\u00e9nesis, cuando Dios promete a Abraham que tendr\u00eda un hijo en el plazo de un a\u00f1o. \u00c9l y su esposa Sara eran ya ancianos y no ten\u00edan descendencia. Sara escuchaba y se re\u00eda por dentro. Porque, como las mujeres, era curiosa y escuchaba detr\u00e1s de la cortina lo que hac\u00eda su marido, de lo que hablaba su marido, tal vez para reprenderle&#8230; Escuch\u00f3 que tendr\u00eda un hijo en un a\u00f1o, y se ri\u00f3 por dentro. Y lo mismo hizo Abraham, con cierta amargura. \u00ab\u00a1A mi edad, no bromees!\u00bb. Pero, en efecto, Sara concibi\u00f3 y dio a luz a su hijo en su vejez, en el tiempo que Dios hab\u00eda se\u00f1alado. Entonces ella dijo: \u00abDios me ha dado motivo de risa alegre\u00bb (Gn 21,6). Por eso llamaron a su hijo Isaac, que significa \u00abse r\u00ede\u00bb.<\/p>\n<p>\u00bfSe puede uno re\u00edr tambi\u00e9n con Dios? Por supuesto, y esto no es blasfemia, uno puede re\u00edrse, como uno juega y bromea con la gente que ama. La tradici\u00f3n sapiencial y literaria jud\u00eda es maestra en esto. Se puede hacer, pero sin ofender los sentimientos religiosos de los creyentes, especialmente de los pobres.<\/p>\n<p>Queridos amigos, que Dios os bendiga a vosotros y a vuestro arte. Seguid animando a la gente, especialmente a los que tienen m\u00e1s dificultades para mirar la vida con esperanza. Ayudadnos, con una sonrisa, a ver la realidad con sus contradicciones, y a so\u00f1ar con un mundo mejor. Te bendigo de coraz\u00f3n; y te pido por favor que reces por m\u00ed: \u00a1por, con una sonrisa, no contra!<\/p>\n<p>&#8212;&#8212;&#8212;&#8212;&#8212;&#8212;-<\/p>\n<p>Ahora, antes de dar la bendici\u00f3n, me gustar\u00eda que todos escuch\u00e1ramos esa hermosa oraci\u00f3n de Santo Tom\u00e1s Moro.<\/p>\n<p><em><strong>Luciana Littizzetto:<\/strong><\/em><\/p>\n<p>Gracias, mientras tanto, en mi nombre y en el de todos mis colegas. Siempre nos encontramos s\u00f3lo en los funerales, esta vez es un momento de alegr\u00eda. Gracias.<\/p>\n<p>Oraci\u00f3n (le\u00edda por Luciana Littizzetto):<\/p>\n<p><em>Dame Se\u00f1or, una buena digesti\u00f3n<\/em><br \/>\n<em>y tambi\u00e9n algo para digerir.<\/em><br \/>\n<em>Dame la salud del cuerpo<\/em><br \/>\n<em>con el buen humor necesario para mantenerla.<\/em><br \/>\n<em>Dame Se\u00f1or, un alma santa<\/em><br \/>\n<em>que sepa atesorar lo que es bueno y puro,<\/em><br \/>\n<em>y no tenga miedo del pecado,<\/em><br \/>\n<em>sino que encuentre el modo de enderezar las cosas.<\/em><br \/>\n<em>Dame un alma que no conozca el aburrimiento,<\/em><br \/>\n<em>refunfu\u00f1os, suspiros y gemidos,<\/em><br \/>\n<em>y que no me aflija demasiado<\/em><br \/>\n<em>por esa cosa engorrosa llamada \u00abyo\u00bb.<\/em><br \/>\n<em>Dame, Se\u00f1or, sentido del humor,<\/em><br \/>\n<em>dame la gracia de entender los chistes,<\/em><br \/>\n<em>para que pueda tener un poco de alegr\u00eda en la vida<\/em><br \/>\n<em>y sea capaz de comunicarlo a los dem\u00e1s.<\/em><br \/>\n<em>Que as\u00ed sea.<\/em><\/p>\n<p><em><strong>Papa Francisco:<\/strong><\/em><\/p>\n<p>Hab\u00eda olvidado que te hab\u00eda dado una bendici\u00f3n, as\u00ed que te deseo, como despedida, una bendici\u00f3n humana. Os deseo lo mejor y que Dios os acompa\u00f1e en esta vocaci\u00f3n tan hermosa de hacer re\u00edr, de c\u00f3micos. Es m\u00e1s f\u00e1cil ser un tr\u00e1gico que un comediante. Gracias por hacer re\u00edr y gracias tambi\u00e9n por re\u00edr de coraz\u00f3n. Que el Se\u00f1or os bendiga a todos. Gracias.<\/p>\n<p><iframe loading=\"lazy\" title=\"Encuentro con Humoristas - 14 junio 2024 - Papa Francisco\" width=\"500\" height=\"281\" src=\"https:\/\/www.youtube.com\/embed\/-bcP5M605ec?feature=oembed\" frameborder=\"0\" allow=\"accelerometer; autoplay; clipboard-write; encrypted-media; gyroscope; picture-in-picture; web-share\" referrerpolicy=\"strict-origin-when-cross-origin\" allowfullscreen><\/iframe><\/p>\n","protected":false},"excerpt":{"rendered":"<p>Primera vez que el Papa recibe a los humoristas, y les expres\u00f3 su admiraci\u00f3n por expresar y tratar en el lenguaje de la comedia, el humor y la iron\u00eda, problemas peque\u00f1os y grandes hechos de la historia<\/p>\n","protected":false},"author":15,"featured_media":103046,"comment_status":"closed","ping_status":"closed","sticky":false,"template":"","format":"standard","meta":{"_acf_changed":false,"_crdt_document":"","inline_featured_image":false,"footnotes":""},"categories":[124,68],"tags":[13261,2677,18839,7125,3116,18860,7151,18829,18834,18838,2243,18863,18824,18842,6010,9183,18843,18845,18848,18853,13343,18851,18844,18830,18828,18831,18856,18859,10358,18826,12729,676,158,625,18836,18827,18832,18209,463,16849,18855,18840,7253,18852,18846,18854,18850,18847,18858,18837,18825,8851,18861,13543,18835,18857,4953,18833,18841,18849,18862],"class_list":["post-103044","post","type-post","status-publish","format-standard","has-post-thumbnail","hentry","category-discursos","category-leon-xiv","tag-abraham-2","tag-abusos","tag-antidoto-contra-egoismo","tag-bendicion","tag-biblia","tag-chris-rock","tag-cine","tag-comedia","tag-comicos","tag-compartir","tag-comunicacion","tag-conan-obrien","tag-contradicciones","tag-cultura-compartida","tag-emociones","tag-empatia","tag-espacios-de-libertad","tag-estres-cotidiano","tag-excesos-del-poder","tag-genesis-2","tag-historia","tag-historias-de-vida","tag-homo-ludens","tag-humor","tag-humoristas","tag-ironia","tag-isaac","tag-jimmy-fallon","tag-milagro","tag-mundo-mejor","tag-naturaleza-humana","tag-oracion","tag-papa-francisco","tag-paz","tag-prensa","tag-primera-vez","tag-problemas","tag-realidad","tag-redes-sociales","tag-risa","tag-risa-alegre","tag-romper-barreras-sociales","tag-sabiduria","tag-sabiduria-divina","tag-santo-tomas-moro","tag-sara","tag-sentido-critico","tag-sentido-del-humor","tag-sentimientos-religiosos","tag-serenidad","tag-sonar","tag-sonrisa","tag-stephen-colbert","tag-teatro","tag-television-2","tag-tradicion-sapiencial-judia","tag-trending-es","tag-vatican-media-3","tag-vinculos","tag-voz-a-situaciones-olvidadas","tag-whoopi-goldberg"],"acf":[],"yoast_head":"<!-- This site is optimized with the Yoast SEO plugin v27.5 - https:\/\/yoast.com\/product\/yoast-seo-wordpress\/ -->\n<title>Papa Francisco: &quot;\u00a1Ay\u00fadennos, con una sonrisa, a ver la realidad con sus contradicciones y a so\u00f1ar con un mundo mejor!&quot; &#8211; Exaudi<\/title>\n<meta name=\"robots\" content=\"index, follow, max-snippet:-1, max-image-preview:large, max-video-preview:-1\" \/>\n<link rel=\"canonical\" href=\"https:\/\/exaudi.org\/es\/papa-francisco-sonrisa-sonar-mundo-mejor\/\" \/>\n<meta property=\"og:locale\" content=\"es_ES\" \/>\n<meta property=\"og:type\" content=\"article\" \/>\n<meta property=\"og:title\" content=\"Papa Francisco: &quot;\u00a1Ay\u00fadennos, con una sonrisa, a ver la realidad con sus contradicciones y a so\u00f1ar con un mundo mejor!&quot; &#8211; Exaudi\" \/>\n<meta property=\"og:description\" content=\"Primera vez que el Papa recibe a los humoristas, y les expres\u00f3 su admiraci\u00f3n por expresar y tratar en el lenguaje de la comedia, el humor y la iron\u00eda, problemas peque\u00f1os y grandes hechos de la historia\" \/>\n<meta property=\"og:url\" content=\"https:\/\/exaudi.org\/es\/papa-francisco-sonrisa-sonar-mundo-mejor\/\" \/>\n<meta property=\"og:site_name\" content=\"Exaudi\" \/>\n<meta property=\"article:publisher\" content=\"https:\/\/www.facebook.com\/ExaudiNews\" \/>\n<meta property=\"article:author\" content=\"https:\/\/www.facebook.com\/ExaudiNoticias\/\" \/>\n<meta property=\"article:published_time\" content=\"2024-06-14T10:21:49+00:00\" \/>\n<meta property=\"article:modified_time\" content=\"2024-06-15T08:49:40+00:00\" \/>\n<meta property=\"og:image\" content=\"https:\/\/exaudi.org\/wp-content\/uploads\/2024\/06\/Snapinsta.app_448318702_850640060422863_5513123007403766393_n_1080-1.jpg\" \/>\n\t<meta property=\"og:image:width\" content=\"1080\" \/>\n\t<meta property=\"og:image:height\" content=\"720\" \/>\n\t<meta property=\"og:image:type\" content=\"image\/jpeg\" \/>\n<meta name=\"author\" content=\"Exaudi Redacci\u00f3n\" \/>\n<meta name=\"twitter:card\" content=\"summary_large_image\" \/>\n<meta name=\"twitter:creator\" content=\"@Exaudi_noticias\" \/>\n<meta name=\"twitter:site\" content=\"@Exaudi_News\" \/>\n<meta name=\"twitter:label1\" content=\"Escrito por\" \/>\n\t<meta name=\"twitter:data1\" content=\"Exaudi Redacci\u00f3n\" \/>\n\t<meta name=\"twitter:label2\" content=\"Tiempo de lectura\" \/>\n\t<meta name=\"twitter:data2\" content=\"7 minutos\" \/>\n<script type=\"application\/ld+json\" class=\"yoast-schema-graph\">{\"@context\":\"https:\\\/\\\/schema.org\",\"@graph\":[{\"@type\":\"Article\",\"@id\":\"https:\\\/\\\/exaudi.org\\\/es\\\/papa-francisco-sonrisa-sonar-mundo-mejor\\\/#article\",\"isPartOf\":{\"@id\":\"https:\\\/\\\/exaudi.org\\\/es\\\/papa-francisco-sonrisa-sonar-mundo-mejor\\\/\"},\"author\":{\"name\":\"Exaudi Redacci\u00f3n\",\"@id\":\"https:\\\/\\\/exaudi.org\\\/#\\\/schema\\\/person\\\/f5fc8f063065e38742da7afe15f25df7\"},\"headline\":\"Papa Francisco: \u00ab\u00a1Ay\u00fadennos, con una sonrisa, a ver la realidad con sus contradicciones y a so\u00f1ar con un mundo mejor!\u00bb\",\"datePublished\":\"2024-06-14T10:21:49+00:00\",\"dateModified\":\"2024-06-15T08:49:40+00:00\",\"mainEntityOfPage\":{\"@id\":\"https:\\\/\\\/exaudi.org\\\/es\\\/papa-francisco-sonrisa-sonar-mundo-mejor\\\/\"},\"wordCount\":1377,\"image\":{\"@id\":\"https:\\\/\\\/exaudi.org\\\/es\\\/papa-francisco-sonrisa-sonar-mundo-mejor\\\/#primaryimage\"},\"thumbnailUrl\":\"https:\\\/\\\/exaudi.org\\\/wp-content\\\/uploads\\\/2024\\\/06\\\/Snapinsta.app_448318702_850640060422863_5513123007403766393_n_1080-1.jpg\",\"keywords\":[\"Abraham\",\"Abusos\",\"ant\u00eddoto contra ego\u00edsmo\",\"Bendici\u00f3n\",\"Biblia\",\"Chris Rock\",\"Cine\",\"comedia\",\"c\u00f3micos\",\"compartir\",\"Comunicaci\u00f3n\",\"Conan O'Brien\",\"contradicciones\",\"cultura compartida\",\"Emociones\",\"Empat\u00eda\",\"espacios de libertad\",\"estr\u00e9s cotidiano\",\"excesos del poder\",\"G\u00e9nesis\",\"Historia\",\"historias de vida\",\"homo ludens\",\"humor\",\"humoristas\",\"iron\u00eda\",\"Isaac\",\"jimmy fallon\",\"Milagro\",\"mundo mejor\",\"naturaleza humana\",\"Oraci\u00f3n\",\"papa francisco\",\"Paz\",\"prensa\",\"primera vez\",\"problemas\",\"realidad\",\"Redes sociales\",\"risa\",\"risa alegre\",\"romper barreras sociales\",\"Sabidur\u00eda\",\"Sabidur\u00eda divina\",\"Santo Tom\u00e1s Moro\",\"Sara\",\"sentido cr\u00edtico\",\"sentido del humor\",\"sentimientos religiosos\",\"serenidad\",\"so\u00f1ar\",\"Sonrisa\",\"Stephen Colbert\",\"Teatro\",\"televisi\u00f3n\",\"tradici\u00f3n sapiencial jud\u00eda\",\"Trending\",\"Vatican Media\",\"v\u00ednculos\",\"voz a situaciones olvidadas\",\"Whoopi Goldberg\"],\"articleSection\":[\"Discursos\",\"Le\u00f3n XIV\"],\"inLanguage\":\"es\"},{\"@type\":\"WebPage\",\"@id\":\"https:\\\/\\\/exaudi.org\\\/es\\\/papa-francisco-sonrisa-sonar-mundo-mejor\\\/\",\"url\":\"https:\\\/\\\/exaudi.org\\\/es\\\/papa-francisco-sonrisa-sonar-mundo-mejor\\\/\",\"name\":\"Papa Francisco: \\\"\u00a1Ay\u00fadennos, con una sonrisa, a ver la realidad con sus contradicciones y a so\u00f1ar con un mundo mejor!\\\" &#8211; Exaudi\",\"isPartOf\":{\"@id\":\"https:\\\/\\\/exaudi.org\\\/#website\"},\"primaryImageOfPage\":{\"@id\":\"https:\\\/\\\/exaudi.org\\\/es\\\/papa-francisco-sonrisa-sonar-mundo-mejor\\\/#primaryimage\"},\"image\":{\"@id\":\"https:\\\/\\\/exaudi.org\\\/es\\\/papa-francisco-sonrisa-sonar-mundo-mejor\\\/#primaryimage\"},\"thumbnailUrl\":\"https:\\\/\\\/exaudi.org\\\/wp-content\\\/uploads\\\/2024\\\/06\\\/Snapinsta.app_448318702_850640060422863_5513123007403766393_n_1080-1.jpg\",\"datePublished\":\"2024-06-14T10:21:49+00:00\",\"dateModified\":\"2024-06-15T08:49:40+00:00\",\"author\":{\"@id\":\"https:\\\/\\\/exaudi.org\\\/#\\\/schema\\\/person\\\/f5fc8f063065e38742da7afe15f25df7\"},\"breadcrumb\":{\"@id\":\"https:\\\/\\\/exaudi.org\\\/es\\\/papa-francisco-sonrisa-sonar-mundo-mejor\\\/#breadcrumb\"},\"inLanguage\":\"es\",\"potentialAction\":[{\"@type\":\"ReadAction\",\"target\":[\"https:\\\/\\\/exaudi.org\\\/es\\\/papa-francisco-sonrisa-sonar-mundo-mejor\\\/\"]}]},{\"@type\":\"ImageObject\",\"inLanguage\":\"es\",\"@id\":\"https:\\\/\\\/exaudi.org\\\/es\\\/papa-francisco-sonrisa-sonar-mundo-mejor\\\/#primaryimage\",\"url\":\"https:\\\/\\\/exaudi.org\\\/wp-content\\\/uploads\\\/2024\\\/06\\\/Snapinsta.app_448318702_850640060422863_5513123007403766393_n_1080-1.jpg\",\"contentUrl\":\"https:\\\/\\\/exaudi.org\\\/wp-content\\\/uploads\\\/2024\\\/06\\\/Snapinsta.app_448318702_850640060422863_5513123007403766393_n_1080-1.jpg\",\"width\":1080,\"height\":720,\"caption\":\"Vatican Media\"},{\"@type\":\"BreadcrumbList\",\"@id\":\"https:\\\/\\\/exaudi.org\\\/es\\\/papa-francisco-sonrisa-sonar-mundo-mejor\\\/#breadcrumb\",\"itemListElement\":[{\"@type\":\"ListItem\",\"position\":1,\"name\":\"Portada\",\"item\":\"https:\\\/\\\/exaudi.org\\\/es\\\/\"},{\"@type\":\"ListItem\",\"position\":2,\"name\":\"Papa Francisco: \u00ab\u00a1Ay\u00fadennos, con una sonrisa, a ver la realidad con sus contradicciones y a so\u00f1ar con un mundo mejor!\u00bb\"}]},{\"@type\":\"WebSite\",\"@id\":\"https:\\\/\\\/exaudi.org\\\/#website\",\"url\":\"https:\\\/\\\/exaudi.org\\\/\",\"name\":\"Exaudi\",\"description\":\"News\",\"potentialAction\":[{\"@type\":\"SearchAction\",\"target\":{\"@type\":\"EntryPoint\",\"urlTemplate\":\"https:\\\/\\\/exaudi.org\\\/?s={search_term_string}\"},\"query-input\":{\"@type\":\"PropertyValueSpecification\",\"valueRequired\":true,\"valueName\":\"search_term_string\"}}],\"inLanguage\":\"es\"},{\"@type\":\"Person\",\"@id\":\"https:\\\/\\\/exaudi.org\\\/#\\\/schema\\\/person\\\/f5fc8f063065e38742da7afe15f25df7\",\"name\":\"Exaudi Redacci\u00f3n\",\"image\":{\"@type\":\"ImageObject\",\"inLanguage\":\"es\",\"@id\":\"https:\\\/\\\/secure.gravatar.com\\\/avatar\\\/fe0f6a059fb68d9b3e11bc5850dd4899b1c7492091a3cb6dd9b01b56ad828be2?s=96&d=mm&r=g\",\"url\":\"https:\\\/\\\/secure.gravatar.com\\\/avatar\\\/fe0f6a059fb68d9b3e11bc5850dd4899b1c7492091a3cb6dd9b01b56ad828be2?s=96&d=mm&r=g\",\"contentUrl\":\"https:\\\/\\\/secure.gravatar.com\\\/avatar\\\/fe0f6a059fb68d9b3e11bc5850dd4899b1c7492091a3cb6dd9b01b56ad828be2?s=96&d=mm&r=g\",\"caption\":\"Exaudi Redacci\u00f3n\"},\"description\":\"\u00bfQu\u00e9 es Exaudi News? Exaudi News es un medio de comunicaci\u00f3n cat\u00f3lico internacional que informa, forma y transforma, diariamente en espa\u00f1ol, ingl\u00e9s e italiano. A trav\u00e9s de noticias, art\u00edculos de an\u00e1lisis y transmisiones en directo de los eventos del Papa, Exaudi busca fortalecer la unidad de los cristianos y contribuir a la evangelizaci\u00f3n del mundo, siempre guiados por la doctrina social de la Iglesia. Trabajamos para acercar la verdad y los valores cristianos a cada rinc\u00f3n del planeta. \u00a1Ay\u00fadanos a transformar el mundo con Exaudi! En Exaudi creemos que la evangelizaci\u00f3n y la informaci\u00f3n de calidad pueden cambiar vidas. Para continuar con nuestra misi\u00f3n y expandir nuestro alcance, necesitamos tu ayuda. Adem\u00e1s, buscamos personas comprometidas que deseen unirse a nuestro equipo. Con tu apoyo, lograremos llegar a m\u00e1s personas, difundir el mensaje de Cristo y reforzar la unidad de los cristianos. \u00bfTe unes a nuestra misi\u00f3n? Para m\u00e1s informaci\u00f3n sobre c\u00f3mo colaborar, visita Exaudi.org\\\/es o cont\u00e1ctanos directamente: info@exaudi.org Exaudi: Informa, forma y transforma.\",\"sameAs\":[\"https:\\\/\\\/www.facebook.com\\\/ExaudiNoticias\\\/\",\"https:\\\/\\\/www.instagram.com\\\/exaudi_noticias\\\/\",\"https:\\\/\\\/x.com\\\/Exaudi_noticias\",\"https:\\\/\\\/www.youtube.com\\\/@exaudicatholicnews\"],\"url\":\"https:\\\/\\\/exaudi.org\\\/es\\\/author\\\/redaccionexaudi\\\/\"}]}<\/script>\n<!-- \/ Yoast SEO plugin. -->","yoast_head_json":{"title":"Papa Francisco: \"\u00a1Ay\u00fadennos, con una sonrisa, a ver la realidad con sus contradicciones y a so\u00f1ar con un mundo mejor!\" &#8211; Exaudi","robots":{"index":"index","follow":"follow","max-snippet":"max-snippet:-1","max-image-preview":"max-image-preview:large","max-video-preview":"max-video-preview:-1"},"canonical":"https:\/\/exaudi.org\/es\/papa-francisco-sonrisa-sonar-mundo-mejor\/","og_locale":"es_ES","og_type":"article","og_title":"Papa Francisco: \"\u00a1Ay\u00fadennos, con una sonrisa, a ver la realidad con sus contradicciones y a so\u00f1ar con un mundo mejor!\" &#8211; Exaudi","og_description":"Primera vez que el Papa recibe a los humoristas, y les expres\u00f3 su admiraci\u00f3n por expresar y tratar en el lenguaje de la comedia, el humor y la iron\u00eda, problemas peque\u00f1os y grandes hechos de la historia","og_url":"https:\/\/exaudi.org\/es\/papa-francisco-sonrisa-sonar-mundo-mejor\/","og_site_name":"Exaudi","article_publisher":"https:\/\/www.facebook.com\/ExaudiNews","article_author":"https:\/\/www.facebook.com\/ExaudiNoticias\/","article_published_time":"2024-06-14T10:21:49+00:00","article_modified_time":"2024-06-15T08:49:40+00:00","og_image":[{"width":1080,"height":720,"url":"https:\/\/exaudi.org\/wp-content\/uploads\/2024\/06\/Snapinsta.app_448318702_850640060422863_5513123007403766393_n_1080-1.jpg","type":"image\/jpeg"}],"author":"Exaudi Redacci\u00f3n","twitter_card":"summary_large_image","twitter_creator":"@Exaudi_noticias","twitter_site":"@Exaudi_News","twitter_misc":{"Escrito por":"Exaudi Redacci\u00f3n","Tiempo de lectura":"7 minutos"},"schema":{"@context":"https:\/\/schema.org","@graph":[{"@type":"Article","@id":"https:\/\/exaudi.org\/es\/papa-francisco-sonrisa-sonar-mundo-mejor\/#article","isPartOf":{"@id":"https:\/\/exaudi.org\/es\/papa-francisco-sonrisa-sonar-mundo-mejor\/"},"author":{"name":"Exaudi Redacci\u00f3n","@id":"https:\/\/exaudi.org\/#\/schema\/person\/f5fc8f063065e38742da7afe15f25df7"},"headline":"Papa Francisco: \u00ab\u00a1Ay\u00fadennos, con una sonrisa, a ver la realidad con sus contradicciones y a so\u00f1ar con un mundo mejor!\u00bb","datePublished":"2024-06-14T10:21:49+00:00","dateModified":"2024-06-15T08:49:40+00:00","mainEntityOfPage":{"@id":"https:\/\/exaudi.org\/es\/papa-francisco-sonrisa-sonar-mundo-mejor\/"},"wordCount":1377,"image":{"@id":"https:\/\/exaudi.org\/es\/papa-francisco-sonrisa-sonar-mundo-mejor\/#primaryimage"},"thumbnailUrl":"https:\/\/exaudi.org\/wp-content\/uploads\/2024\/06\/Snapinsta.app_448318702_850640060422863_5513123007403766393_n_1080-1.jpg","keywords":["Abraham","Abusos","ant\u00eddoto contra ego\u00edsmo","Bendici\u00f3n","Biblia","Chris Rock","Cine","comedia","c\u00f3micos","compartir","Comunicaci\u00f3n","Conan O'Brien","contradicciones","cultura compartida","Emociones","Empat\u00eda","espacios de libertad","estr\u00e9s cotidiano","excesos del poder","G\u00e9nesis","Historia","historias de vida","homo ludens","humor","humoristas","iron\u00eda","Isaac","jimmy fallon","Milagro","mundo mejor","naturaleza humana","Oraci\u00f3n","papa francisco","Paz","prensa","primera vez","problemas","realidad","Redes sociales","risa","risa alegre","romper barreras sociales","Sabidur\u00eda","Sabidur\u00eda divina","Santo Tom\u00e1s Moro","Sara","sentido cr\u00edtico","sentido del humor","sentimientos religiosos","serenidad","so\u00f1ar","Sonrisa","Stephen Colbert","Teatro","televisi\u00f3n","tradici\u00f3n sapiencial jud\u00eda","Trending","Vatican Media","v\u00ednculos","voz a situaciones olvidadas","Whoopi Goldberg"],"articleSection":["Discursos","Le\u00f3n XIV"],"inLanguage":"es"},{"@type":"WebPage","@id":"https:\/\/exaudi.org\/es\/papa-francisco-sonrisa-sonar-mundo-mejor\/","url":"https:\/\/exaudi.org\/es\/papa-francisco-sonrisa-sonar-mundo-mejor\/","name":"Papa Francisco: \"\u00a1Ay\u00fadennos, con una sonrisa, a ver la realidad con sus contradicciones y a so\u00f1ar con un mundo mejor!\" &#8211; Exaudi","isPartOf":{"@id":"https:\/\/exaudi.org\/#website"},"primaryImageOfPage":{"@id":"https:\/\/exaudi.org\/es\/papa-francisco-sonrisa-sonar-mundo-mejor\/#primaryimage"},"image":{"@id":"https:\/\/exaudi.org\/es\/papa-francisco-sonrisa-sonar-mundo-mejor\/#primaryimage"},"thumbnailUrl":"https:\/\/exaudi.org\/wp-content\/uploads\/2024\/06\/Snapinsta.app_448318702_850640060422863_5513123007403766393_n_1080-1.jpg","datePublished":"2024-06-14T10:21:49+00:00","dateModified":"2024-06-15T08:49:40+00:00","author":{"@id":"https:\/\/exaudi.org\/#\/schema\/person\/f5fc8f063065e38742da7afe15f25df7"},"breadcrumb":{"@id":"https:\/\/exaudi.org\/es\/papa-francisco-sonrisa-sonar-mundo-mejor\/#breadcrumb"},"inLanguage":"es","potentialAction":[{"@type":"ReadAction","target":["https:\/\/exaudi.org\/es\/papa-francisco-sonrisa-sonar-mundo-mejor\/"]}]},{"@type":"ImageObject","inLanguage":"es","@id":"https:\/\/exaudi.org\/es\/papa-francisco-sonrisa-sonar-mundo-mejor\/#primaryimage","url":"https:\/\/exaudi.org\/wp-content\/uploads\/2024\/06\/Snapinsta.app_448318702_850640060422863_5513123007403766393_n_1080-1.jpg","contentUrl":"https:\/\/exaudi.org\/wp-content\/uploads\/2024\/06\/Snapinsta.app_448318702_850640060422863_5513123007403766393_n_1080-1.jpg","width":1080,"height":720,"caption":"Vatican Media"},{"@type":"BreadcrumbList","@id":"https:\/\/exaudi.org\/es\/papa-francisco-sonrisa-sonar-mundo-mejor\/#breadcrumb","itemListElement":[{"@type":"ListItem","position":1,"name":"Portada","item":"https:\/\/exaudi.org\/es\/"},{"@type":"ListItem","position":2,"name":"Papa Francisco: \u00ab\u00a1Ay\u00fadennos, con una sonrisa, a ver la realidad con sus contradicciones y a so\u00f1ar con un mundo mejor!\u00bb"}]},{"@type":"WebSite","@id":"https:\/\/exaudi.org\/#website","url":"https:\/\/exaudi.org\/","name":"Exaudi","description":"News","potentialAction":[{"@type":"SearchAction","target":{"@type":"EntryPoint","urlTemplate":"https:\/\/exaudi.org\/?s={search_term_string}"},"query-input":{"@type":"PropertyValueSpecification","valueRequired":true,"valueName":"search_term_string"}}],"inLanguage":"es"},{"@type":"Person","@id":"https:\/\/exaudi.org\/#\/schema\/person\/f5fc8f063065e38742da7afe15f25df7","name":"Exaudi Redacci\u00f3n","image":{"@type":"ImageObject","inLanguage":"es","@id":"https:\/\/secure.gravatar.com\/avatar\/fe0f6a059fb68d9b3e11bc5850dd4899b1c7492091a3cb6dd9b01b56ad828be2?s=96&d=mm&r=g","url":"https:\/\/secure.gravatar.com\/avatar\/fe0f6a059fb68d9b3e11bc5850dd4899b1c7492091a3cb6dd9b01b56ad828be2?s=96&d=mm&r=g","contentUrl":"https:\/\/secure.gravatar.com\/avatar\/fe0f6a059fb68d9b3e11bc5850dd4899b1c7492091a3cb6dd9b01b56ad828be2?s=96&d=mm&r=g","caption":"Exaudi Redacci\u00f3n"},"description":"\u00bfQu\u00e9 es Exaudi News? Exaudi News es un medio de comunicaci\u00f3n cat\u00f3lico internacional que informa, forma y transforma, diariamente en espa\u00f1ol, ingl\u00e9s e italiano. A trav\u00e9s de noticias, art\u00edculos de an\u00e1lisis y transmisiones en directo de los eventos del Papa, Exaudi busca fortalecer la unidad de los cristianos y contribuir a la evangelizaci\u00f3n del mundo, siempre guiados por la doctrina social de la Iglesia. Trabajamos para acercar la verdad y los valores cristianos a cada rinc\u00f3n del planeta. \u00a1Ay\u00fadanos a transformar el mundo con Exaudi! En Exaudi creemos que la evangelizaci\u00f3n y la informaci\u00f3n de calidad pueden cambiar vidas. Para continuar con nuestra misi\u00f3n y expandir nuestro alcance, necesitamos tu ayuda. Adem\u00e1s, buscamos personas comprometidas que deseen unirse a nuestro equipo. Con tu apoyo, lograremos llegar a m\u00e1s personas, difundir el mensaje de Cristo y reforzar la unidad de los cristianos. \u00bfTe unes a nuestra misi\u00f3n? Para m\u00e1s informaci\u00f3n sobre c\u00f3mo colaborar, visita Exaudi.org\/es o cont\u00e1ctanos directamente: info@exaudi.org Exaudi: Informa, forma y transforma.","sameAs":["https:\/\/www.facebook.com\/ExaudiNoticias\/","https:\/\/www.instagram.com\/exaudi_noticias\/","https:\/\/x.com\/Exaudi_noticias","https:\/\/www.youtube.com\/@exaudicatholicnews"],"url":"https:\/\/exaudi.org\/es\/author\/redaccionexaudi\/"}]}},"jetpack_featured_media_url":"https:\/\/exaudi.org\/wp-content\/uploads\/2024\/06\/Snapinsta.app_448318702_850640060422863_5513123007403766393_n_1080-1.jpg","jetpack_shortlink":"https:\/\/wp.me\/pgKjF2-qO0","_links":{"self":[{"href":"https:\/\/exaudi.org\/es\/wp-json\/wp\/v2\/posts\/103044","targetHints":{"allow":["GET"]}}],"collection":[{"href":"https:\/\/exaudi.org\/es\/wp-json\/wp\/v2\/posts"}],"about":[{"href":"https:\/\/exaudi.org\/es\/wp-json\/wp\/v2\/types\/post"}],"author":[{"embeddable":true,"href":"https:\/\/exaudi.org\/es\/wp-json\/wp\/v2\/users\/15"}],"replies":[{"embeddable":true,"href":"https:\/\/exaudi.org\/es\/wp-json\/wp\/v2\/comments?post=103044"}],"version-history":[{"count":0,"href":"https:\/\/exaudi.org\/es\/wp-json\/wp\/v2\/posts\/103044\/revisions"}],"wp:featuredmedia":[{"embeddable":true,"href":"https:\/\/exaudi.org\/es\/wp-json\/wp\/v2\/media\/103046"}],"wp:attachment":[{"href":"https:\/\/exaudi.org\/es\/wp-json\/wp\/v2\/media?parent=103044"}],"wp:term":[{"taxonomy":"category","embeddable":true,"href":"https:\/\/exaudi.org\/es\/wp-json\/wp\/v2\/categories?post=103044"},{"taxonomy":"post_tag","embeddable":true,"href":"https:\/\/exaudi.org\/es\/wp-json\/wp\/v2\/tags?post=103044"}],"curies":[{"name":"wp","href":"https:\/\/api.w.org\/{rel}","templated":true}]}}