{"id":102883,"date":"2024-06-14T09:00:10","date_gmt":"2024-06-14T07:00:10","guid":{"rendered":"https:\/\/exaudi.org\/?p=102883"},"modified":"2024-11-11T17:20:10","modified_gmt":"2024-11-11T16:20:10","slug":"el-nuevo-gnosticismo-dialogo-entre-albert-cortina-y-stefano-abbate","status":"publish","type":"post","link":"https:\/\/exaudi.org\/es\/el-nuevo-gnosticismo-dialogo-entre-albert-cortina-y-stefano-abbate\/","title":{"rendered":"El nuevo gnosticismo: Di\u00e1logo entre Albert Cortina y Stefano Abbate"},"content":{"rendered":"<p>La\u00a0<a href=\"https:\/\/eukmamie.org\/es\/\" target=\"_blank\" rel=\"noopener\">Fundaci\u00f3n EUK Mamie y HM Televisi\u00f3n<\/a>\u00a0presentan a los lectores de Exaudi una nueva\u00a0<em><strong>temporada 9<\/strong><\/em>\u00a0de la serie que lleva por t\u00edtulo \u00ab<em><strong>El mundo que se avecina<\/strong><\/em>\u00bb, dirigido por Albert Cortina.<\/p>\n<p>Cortina es abogado especialista en urbanismo, ordenaci\u00f3n del territorio, medio ambiente y gesti\u00f3n del paisaje. Es, adem\u00e1s, una de las primeras voces que en Espa\u00f1a alert\u00f3 sobre las pretensiones del\u00a0<strong>transhumanismo<\/strong>\u00a0y su relaci\u00f3n con el\u00a0<strong>Nuevo Orden Mundial<\/strong>, definiendo el transhumanismo como \u00abun misticismo cient\u00edfico de car\u00e1cter ut\u00f3pico\u00bb.<\/p>\n<p>Albert Cortina entrevista, en bloques tem\u00e1ticos de siete programas, a muy diversos invitados con quienes espera que, a trav\u00e9s de su cosmovisi\u00f3n personal y de la convergencia de saberes que nos ofrecer\u00e1n, poder adelantarse a ese \u00abmundo que se avecina\u00bb y a todos sus retos, previendo problemas y ofreciendo soluciones desde el humanismo cristiano.<\/p>\n<h3><strong>Episodio 1:\u00a0Filosof\u00eda de la historia<\/strong><\/h3>\n<p>En este primer cap\u00edtulo del bloque de \u00abEl mundo que se avecina\u00bb dedicado a \u00abEl nuevo gnosticismo\u00bb, Albert Cortina en conversaci\u00f3n con el profesor Stefano Abbate \u2014doctor en Humanidades y Ciencia Sociales\u2014 profundizan en el tema del gnosticismo y las consecuencias que esta herej\u00eda ha tenido desde su aparici\u00f3n. Oculta en el fondo del pensamiento moderno, descubrimos a la gnosis como una queja contra Dios. La cosmovisi\u00f3n de la gnosis es terriblemente negativa: Dios es cruel, nos abandon\u00f3 y la vida pesa. Mejor ser\u00eda no haber nacido, dice. De all\u00ed se deriva el esfuerzo desesperado del hombre por encontrar una salvaci\u00f3n y un mundo feliz aqu\u00ed y ahora.<\/p>\n<audio class=\"wp-audio-shortcode\" id=\"audio-102883-1\" preload=\"none\" style=\"width: 100%;\" controls=\"controls\"><source type=\"audio\/mpeg\" src=\"https:\/\/exaudi.org\/wp-content\/uploads\/2024\/06\/El-mundo-que-se-avecina_-B9-1_7-Filosofia-de-la-historia-HMTelevision.mp3?_=1\" \/><a href=\"https:\/\/exaudi.org\/wp-content\/uploads\/2024\/06\/El-mundo-que-se-avecina_-B9-1_7-Filosofia-de-la-historia-HMTelevision.mp3\">https:\/\/exaudi.org\/wp-content\/uploads\/2024\/06\/El-mundo-que-se-avecina_-B9-1_7-Filosofia-de-la-historia-HMTelevision.mp3<\/a><\/audio>\n<p><iframe loading=\"lazy\" title=\"El mundo que se avecina: B9 - 1\/7 Filosof\u00eda de la historia\" width=\"500\" height=\"281\" src=\"https:\/\/www.youtube.com\/embed\/NhTEaEsFxJo?list=PLy-IF8zRV7ziFXfK5DCW3-BNqB6hxJ44J\" frameborder=\"0\" allow=\"accelerometer; autoplay; clipboard-write; encrypted-media; gyroscope; picture-in-picture; web-share\" referrerpolicy=\"strict-origin-when-cross-origin\" allowfullscreen><\/iframe><\/p>\n<p>&nbsp;<\/p>\n<h3><strong>Episodio 2:\u00a0Gnosticismo: La salvaci\u00f3n por medio del conocimiento<\/strong><\/h3>\n<p>Continuamos el di\u00e1logo entre Albert Cortina y Stefano Abbate \u2014doctor en Humanidades y Ciencia Sociales\u2014 hablando sobre \u00abGnosticismo: La salvaci\u00f3n por medio del conocimiento\u00bb. El Prof. Abbate describe qu\u00e9 es la gnosis, tanto la antigua creencia sobre ella, como la visi\u00f3n actual. La gnosis es una herej\u00eda que tom\u00f3 patrones del cristianismo. Ratzinger afirmaba que es la sombra maligna del cristianismo. Por otra parte, la aparici\u00f3n de la revoluci\u00f3n gn\u00f3stica sostiene que debe realizarse la creaci\u00f3n de un nuevo mundo, socavando las estructuras pol\u00edticas, nacionales, etc. Cada vez que aparece un tiempo de angustia en la humanidad, la gnosis regresa para ofrecer una pseudosalvaci\u00f3n con aspiraciones de verdad y de poder dar al hombre una esperanza.<\/p>\n<audio class=\"wp-audio-shortcode\" id=\"audio-102883-2\" preload=\"none\" style=\"width: 100%;\" controls=\"controls\"><source type=\"audio\/mpeg\" src=\"https:\/\/exaudi.org\/wp-content\/uploads\/2024\/06\/El-mundo-que-se-avecina_-B9-2_7-Gnosticismo_-La-salvacion-por-medio-del-conocimiento-HMTelevision.mp3?_=2\" \/><a href=\"https:\/\/exaudi.org\/wp-content\/uploads\/2024\/06\/El-mundo-que-se-avecina_-B9-2_7-Gnosticismo_-La-salvacion-por-medio-del-conocimiento-HMTelevision.mp3\">https:\/\/exaudi.org\/wp-content\/uploads\/2024\/06\/El-mundo-que-se-avecina_-B9-2_7-Gnosticismo_-La-salvacion-por-medio-del-conocimiento-HMTelevision.mp3<\/a><\/audio>\n<p><iframe loading=\"lazy\" title=\"El mundo que se avecina: B9 - 2\/7 Gnosticismo: La salvaci\u00f3n por medio del conocimiento\" width=\"500\" height=\"281\" src=\"https:\/\/www.youtube.com\/embed\/04L-WmfWeKU?list=PLy-IF8zRV7ziFXfK5DCW3-BNqB6hxJ44J\" frameborder=\"0\" allow=\"accelerometer; autoplay; clipboard-write; encrypted-media; gyroscope; picture-in-picture; web-share\" referrerpolicy=\"strict-origin-when-cross-origin\" allowfullscreen><\/iframe><\/p>\n<p>&nbsp;<\/p>\n<h3><strong>Episodio 3: Gnosticismo:\u00a0La secularizaci\u00f3n de la esperanza cristiana<\/strong><\/h3>\n<p>Albert Cortina y Stefano Abbate \u2014doctor en Humanidades y Ciencia Sociales\u2014 contin\u00faan desarrollando el tema \u00abEl nuevo gnosticismo\u00bb. En este cap\u00edtulo, el profesor Abbate ir\u00e1 desentra\u00f1ando la realidad que se oculta tras \u00abLa secularizaci\u00f3n de la esperanza cristiana\u00bb y las ideolog\u00edas que all\u00ed se esconden. El hombre postcristiano est\u00e1 desesperado por construir un mundo nuevo, aqu\u00ed y ahora, y quieren prescindir de Dios pues, sumidos en el error, piensan que Dios no puede nada y que la soluci\u00f3n de sus problemas debe ser alcanzado por sus propias fuerzas. En contra peso a esa ideolog\u00eda, la esperanza cristiana ofrece una verdad bien fundamentada: Cristo es el camino, la vida y LA VERDAD.<\/p>\n<audio class=\"wp-audio-shortcode\" id=\"audio-102883-3\" preload=\"none\" style=\"width: 100%;\" controls=\"controls\"><source type=\"audio\/mpeg\" src=\"https:\/\/exaudi.org\/wp-content\/uploads\/2024\/06\/El-mundo-que-se-avecina_-B9-3_7-La-secularizacion-de-la-esperanza-cristiana-HMTelevision.mp3?_=3\" \/><a href=\"https:\/\/exaudi.org\/wp-content\/uploads\/2024\/06\/El-mundo-que-se-avecina_-B9-3_7-La-secularizacion-de-la-esperanza-cristiana-HMTelevision.mp3\">https:\/\/exaudi.org\/wp-content\/uploads\/2024\/06\/El-mundo-que-se-avecina_-B9-3_7-La-secularizacion-de-la-esperanza-cristiana-HMTelevision.mp3<\/a><\/audio>\n<p><iframe loading=\"lazy\" title=\"El mundo que se avecina: B9 - 3\/7 La secularizaci\u00f3n de la esperanza cristiana\" width=\"500\" height=\"281\" src=\"https:\/\/www.youtube.com\/embed\/Or0Kt2s3EFQ?list=PLy-IF8zRV7ziFXfK5DCW3-BNqB6hxJ44J\" frameborder=\"0\" allow=\"accelerometer; autoplay; clipboard-write; encrypted-media; gyroscope; picture-in-picture; web-share\" referrerpolicy=\"strict-origin-when-cross-origin\" allowfullscreen><\/iframe><\/p>\n<p>&nbsp;<\/p>\n<h3><strong>Episodio 4:\u00a0Transhumanismo y neognosticismo<\/strong><\/h3>\n<p>Continuamos nuestra reflexi\u00f3n en torno a \u00abEl nuevo gnosticismo\u00bb, con Albert Cortina y el prof. Stefano Abbate, doctor en Humanidades y Ciencia Sociales. En esta ocasi\u00f3n, reflexionar\u00e1n acerca de lo que hay detr\u00e1s de \u00abTranshumanismo y neognosticismo\u00bb, descubriendo que, curiosamente, tienen mucho en com\u00fan, como el deseo de trascender el cuerpo y todo lo que nos convierte en seres mortales o resolver el problema del dolor desde un posicionamiento err\u00f3neo. La gnosis tiene una idea negativista del mundo. El transhumanismo lleva esa idea m\u00e1s all\u00e1 todav\u00eda, afirmando que todo mal debe ser superado por el hombre para acabar con el sufrimiento.<\/p>\n<audio class=\"wp-audio-shortcode\" id=\"audio-102883-4\" preload=\"none\" style=\"width: 100%;\" controls=\"controls\"><source type=\"audio\/mpeg\" src=\"https:\/\/exaudi.org\/wp-content\/uploads\/2024\/06\/El-mundo-que-se-avecina_-B9-4_7-Transhumanismo-y-neognosticismo-HMTelevision.mp3?_=4\" \/><a href=\"https:\/\/exaudi.org\/wp-content\/uploads\/2024\/06\/El-mundo-que-se-avecina_-B9-4_7-Transhumanismo-y-neognosticismo-HMTelevision.mp3\">https:\/\/exaudi.org\/wp-content\/uploads\/2024\/06\/El-mundo-que-se-avecina_-B9-4_7-Transhumanismo-y-neognosticismo-HMTelevision.mp3<\/a><\/audio>\n<p><iframe loading=\"lazy\" title=\"El mundo que se avecina: B9 - 4\/7 Transhumanismo y neognosticismo\" width=\"500\" height=\"281\" src=\"https:\/\/www.youtube.com\/embed\/thR-6gK1FMw?list=PLy-IF8zRV7ziFXfK5DCW3-BNqB6hxJ44J\" frameborder=\"0\" allow=\"accelerometer; autoplay; clipboard-write; encrypted-media; gyroscope; picture-in-picture; web-share\" referrerpolicy=\"strict-origin-when-cross-origin\" allowfullscreen><\/iframe><\/p>\n<p>&nbsp;<\/p>\n<h3><strong>Episodio 5:\u00a0Control social, postmodernidad y comunidad pol\u00edtica<\/strong><\/h3>\n<p>En este programa de \u00abEl mundo que se avecina\u00bb Albert Cortina contin\u00faa su di\u00e1logo con el Prof. Stefano Abbate \u2015doctor en Humanidades y Ciencias Sociales\u2015 ahondando en el tema que est\u00e1n desarrollando: \u00abEl nuevo gnosticismo\u00bb. \u00bfPor qu\u00e9 surge la cultura \u00abwoke\u00bb? \u00bfPor qu\u00e9 la sociedad ha vaciado de contenido las palabras? El Prof. Abbate responde a estas preguntas desentra\u00f1ando las ideas inmersas dentro del gnosticismo. La revoluci\u00f3n gn\u00f3stica busca desesperadamente destruir el pasado y, para ello, necesita un blanco al cual destruir: su objetivo es todo aquel que se atreva a pensar distinto. Destruir estatuas, libros\u2026 todo es parte del proyecto que tiene la gnosis para destruir la historia y, por ende, nuestras ra\u00edces.<\/p>\n<audio class=\"wp-audio-shortcode\" id=\"audio-102883-5\" preload=\"none\" style=\"width: 100%;\" controls=\"controls\"><source type=\"audio\/mpeg\" src=\"https:\/\/exaudi.org\/wp-content\/uploads\/2024\/06\/El-mundo-que-se-avecina_-B9-5_7-Control-social-postmodernidad-y-comunidad-politica-HMTelevision.mp3?_=5\" \/><a href=\"https:\/\/exaudi.org\/wp-content\/uploads\/2024\/06\/El-mundo-que-se-avecina_-B9-5_7-Control-social-postmodernidad-y-comunidad-politica-HMTelevision.mp3\">https:\/\/exaudi.org\/wp-content\/uploads\/2024\/06\/El-mundo-que-se-avecina_-B9-5_7-Control-social-postmodernidad-y-comunidad-politica-HMTelevision.mp3<\/a><\/audio>\n<p><iframe loading=\"lazy\" title=\"El mundo que se avecina: B9 - 5\/7 Control social, postmodernidad y comunidad pol\u00edtica\" width=\"500\" height=\"281\" src=\"https:\/\/www.youtube.com\/embed\/DFBIEO4wB38?list=PLy-IF8zRV7ziFXfK5DCW3-BNqB6hxJ44J\" frameborder=\"0\" allow=\"accelerometer; autoplay; clipboard-write; encrypted-media; gyroscope; picture-in-picture; web-share\" referrerpolicy=\"strict-origin-when-cross-origin\" allowfullscreen><\/iframe><\/p>\n<p>&nbsp;<\/p>\n<h3><strong>Episodio 6:\u00a0Gobernanza global y agenda 2030<\/strong><\/h3>\n<p>En esta nueva conversaci\u00f3n entre Albert Cortina y Stefano Abbate, se nos ofrece una visi\u00f3n clara acerca del panorama global en el que nos encontramos en estos d\u00edas. En el fondo hay una idea maltusiana de que deber\u00eda reducirse la poblaci\u00f3n para que la naturaleza y el ambiente no estuviesen tan presionados por la actividad humana. Es una de las ideas que subyace en la Agenda 2030 y ese deseo ardiente de \u00absalvar el planeta\u00bb. La ecolog\u00eda profunda trae una idea impl\u00edcita: que el hombre es el gran problema que tiene la Tierra. A la vez, asistimos a una animalizaci\u00f3n del ser humano, abandonado al arbitrio de sus pasiones, emociones e instintos. El Prof. Abbate afirma que muchas veces el mundo pretende endiosar a la \u00abMadre Tierra\u00bb porque necesita arraigarse, y sin embargo, huye de Dios que es el aut\u00e9ntico Creador.<\/p>\n<audio class=\"wp-audio-shortcode\" id=\"audio-102883-6\" preload=\"none\" style=\"width: 100%;\" controls=\"controls\"><source type=\"audio\/mpeg\" src=\"https:\/\/exaudi.org\/wp-content\/uploads\/2024\/06\/El-mundo-que-se-avecina_-B9-6_7-Gobernanza-global-y-agenda-2030-HMTelevision.mp3?_=6\" \/><a href=\"https:\/\/exaudi.org\/wp-content\/uploads\/2024\/06\/El-mundo-que-se-avecina_-B9-6_7-Gobernanza-global-y-agenda-2030-HMTelevision.mp3\">https:\/\/exaudi.org\/wp-content\/uploads\/2024\/06\/El-mundo-que-se-avecina_-B9-6_7-Gobernanza-global-y-agenda-2030-HMTelevision.mp3<\/a><\/audio>\n<p><iframe loading=\"lazy\" title=\"El mundo que se avecina: B9 - 6\/7 Gobernanza global y agenda 2030\" width=\"500\" height=\"281\" src=\"https:\/\/www.youtube.com\/embed\/1-MbS2-LcbE?list=PLy-IF8zRV7ziFXfK5DCW3-BNqB6hxJ44J\" frameborder=\"0\" allow=\"accelerometer; autoplay; clipboard-write; encrypted-media; gyroscope; picture-in-picture; web-share\" referrerpolicy=\"strict-origin-when-cross-origin\" allowfullscreen><\/iframe><\/p>\n<p>&nbsp;<\/p>\n<h3><strong>Episodio 7:\u00a0Educar en la virtud para la sociedad tecnol\u00f3gica<\/strong><\/h3>\n<p>En este \u00faltimo programa del bloque \u00abEl nuevo gnosticismo\u00bb, Albert Cortina y el Prof. Stefano Abbate \u2015doctor en Humanidades y Ciencias Sociales\u2015 miran el futuro con esperanza y plantean cuestiones importantes que, sobre todo los padres, deben tener en cuenta para la crianza de sus hijos en un mundo sobreestimulado de informaci\u00f3n y tecnolog\u00eda. El Prof. Abbate afirma que es necesario ense\u00f1ar a los ni\u00f1os a saber esperar y que esto les educa en saber dominarse. La tecnolog\u00eda y, en concreto, las redes sociales son creadas para el est\u00edmulo-respuesta. Pero para que lo bueno pueda dar fruto, hay un tiempo de espera y la espera no es compatible con la tecnolog\u00eda, donde todo es inmediato, aqu\u00ed y ahora. Plantea tambi\u00e9n la pregunta: \u00bfC\u00f3mo elevarse de la mediocridad que muchas veces impera en la televisi\u00f3n y en los medios de difusi\u00f3n masiva? Es labor de los padres estar presente en la vida de sus hijos y hacerles descubrir las cosas grandes, la realidad, e invitarles a tener grandes deseos.<\/p>\n<audio class=\"wp-audio-shortcode\" id=\"audio-102883-7\" preload=\"none\" style=\"width: 100%;\" controls=\"controls\"><source type=\"audio\/mpeg\" src=\"https:\/\/exaudi.org\/wp-content\/uploads\/2024\/06\/El-mundo-que-se-avecina_-B9-7_7-Educar-en-la-virtud-para-la-sociedad-tecnologica-HMTelevision.mp3?_=7\" \/><a href=\"https:\/\/exaudi.org\/wp-content\/uploads\/2024\/06\/El-mundo-que-se-avecina_-B9-7_7-Educar-en-la-virtud-para-la-sociedad-tecnologica-HMTelevision.mp3\">https:\/\/exaudi.org\/wp-content\/uploads\/2024\/06\/El-mundo-que-se-avecina_-B9-7_7-Educar-en-la-virtud-para-la-sociedad-tecnologica-HMTelevision.mp3<\/a><\/audio>\n<p><iframe loading=\"lazy\" title=\"El mundo que se avecina: B9 - 7\/7 Educar en la virtud para la sociedad tecnol\u00f3gica\" width=\"500\" height=\"281\" src=\"https:\/\/www.youtube.com\/embed\/tNUd81leVq0?list=PLy-IF8zRV7ziFXfK5DCW3-BNqB6hxJ44J\" frameborder=\"0\" allow=\"accelerometer; autoplay; clipboard-write; encrypted-media; gyroscope; picture-in-picture; web-share\" referrerpolicy=\"strict-origin-when-cross-origin\" allowfullscreen><\/iframe><\/p>\n<p><img loading=\"lazy\" decoding=\"async\" class=\"size-full wp-image-102909 alignnone\" src=\"https:\/\/exaudi.org\/wp-content\/uploads\/2024\/06\/Design-Option-B.jpg\" alt=\"\" width=\"940\" height=\"788\" srcset=\"https:\/\/exaudi.org\/wp-content\/uploads\/2024\/06\/Design-Option-B.jpg 940w, https:\/\/exaudi.org\/wp-content\/uploads\/2024\/06\/Design-Option-B-300x251.jpg 300w, https:\/\/exaudi.org\/wp-content\/uploads\/2024\/06\/Design-Option-B-770x645.jpg 770w, https:\/\/exaudi.org\/wp-content\/uploads\/2024\/06\/Design-Option-B-500x419.jpg 500w, https:\/\/exaudi.org\/wp-content\/uploads\/2024\/06\/Design-Option-B-293x246.jpg 293w, https:\/\/exaudi.org\/wp-content\/uploads\/2024\/06\/Design-Option-B-390x327.jpg 390w\" sizes=\"auto, (max-width: 940px) 100vw, 940px\" \/><\/p>\n<h3><strong>Otras temporadas:<\/strong><\/h3>\n<ul>\n<li><strong><a href=\"https:\/\/exaudi.org\/es\/albert-cortina-presenta-la-serie-que-anticipa-los-desafios-del-futuro\/\" target=\"_blank\" rel=\"noopener\">Temporada 1: Desaf\u00edos y razones para la esperanza (Jes\u00fas Avezuela)<\/a>.\u00a0<\/strong><\/li>\n<li><strong><a href=\"https:\/\/exaudi.org\/es\/etica-de-la-virtud-tecnologia\/\" target=\"_blank\" rel=\"noopener\">Temporada 2:\u00a0\u00c9tica de la virtud en el \u00e1mbito de la tecnolog\u00eda (Alfredo Marcos)<\/a>.\u00a0<\/strong><\/li>\n<li><strong><a href=\"https:\/\/exaudi.org\/es\/conocimiento-profetico-y-futuro-de-la-humanidad-albert-cortina-y-jorge-fernandez-diaz\/\" target=\"_blank\" rel=\"noopener\">Temporada 3:\u00a0Conocimiento prof\u00e9tico y futuro de la humanidad (Jorge Fern\u00e1ndez D\u00edaz)<\/a>.\u00a0<\/strong><\/li>\n<li><a href=\"https:\/\/exaudi.org\/es\/preservacion-de-la-naturaleza-humana-albert-cortina-y-miquel-angel-serra-beltran\/\" target=\"_blank\" rel=\"noopener\"><strong>Temporada 4:\u00a0Preservaci\u00f3n de la naturaleza humana (Miquel-\u00c0ngel Serra Beltr\u00e1n)<\/strong><\/a>.<\/li>\n<li><strong><a href=\"https:\/\/exaudi.org\/es\/la-iglesia-del-futuro-albert-cortina-y-mons-d-juan-antonio-reig-pla\/\" target=\"_blank\" rel=\"noopener\">Temporada 5:\u00a0La Iglesia del futuro (D. Juan Antonio Reig Pla)<\/a>.\u00a0<\/strong><\/li>\n<li><strong><a href=\"https:\/\/exaudi.org\/es\/jovenes-esperanzados-albert-cortina-y-miquel-feliu-wennberg\/\" target=\"_blank\" rel=\"noopener\">Temporada 6:\u00a0J\u00f3venes esperanzados (Miquel Feliu Wennberg)<\/a>.\u00a0<\/strong><\/li>\n<li><strong><a href=\"https:\/\/exaudi.org\/es\/ciudadanos-digitales-tecnologia-y-familia-albert-cortina-y-maria-zabala-pino\/\" target=\"_blank\" rel=\"noopener\">Temporada 7:\u00a0Ciudadanos digitales, tecnolog\u00eda y familia (Mar\u00eda Zabala Pino)<\/a>.<\/strong><\/li>\n<li><strong><a href=\"https:\/\/exaudi.org\/es\/el-futuro-de-la-familia-dialogo-entre-albert-cortina-y-maria-jose-arranz\/\" target=\"_blank\" rel=\"noopener\">Temporada 8:\u00a0El futuro de la familia (Mar\u00eda Jos\u00e9 Arranz)<\/a>.<\/strong><\/li>\n<li><strong><a href=\"https:\/\/exaudi.org\/es\/el-nuevo-gnosticismo-dialogo-entre-albert-cortina-y-stefano-abbate\/\" target=\"_blank\" rel=\"noopener\">Temporada 9:\u00a0El nuevo gnosticismo (Stefano Abbate)<\/a>.<\/strong><\/li>\n<li><a href=\"https:\/\/exaudi.org\/es\/en-defensa-de-la-vida-dialogo-entre-albert-cortina-y-angel-guerra\/\" target=\"_blank\" rel=\"noopener\"><strong>Temporada 10:\u00a0En defensa de la vida (\u00c1ngel Guerra)<\/strong><\/a>.<\/li>\n<li><a href=\"https:\/\/exaudi.org\/es\/comunicacion-y-nueva-evangelizacion-dialogo-entre-albert-cortina-y-maria-solano-altaba\/\" target=\"_blank\" rel=\"noopener\"><strong>Temporada 11: Comunicaci\u00f3n y nueva evangelizaci\u00f3n (Mar\u00eda Solano Altaba)<\/strong><\/a>.<\/li>\n<li><strong><a href=\"https:\/\/exaudi.org\/es\/conciencia-mente-y-cerebro-dialogo-entre-albert-cortina-y-jose-ignacio-murillo-gomez\/\" target=\"_blank\" rel=\"noopener\">Temporada 12: Conciencia, mente y cerebro (Jos\u00e9 Ignacio Murillo G\u00f3mez)<\/a><\/strong>.<\/li>\n<li><strong><a href=\"https:\/\/exaudi.org\/es\/ciencia-y-fe-albert-cortina-y-enrique-solano-marquez\/\" target=\"_blank\" rel=\"noopener\">Temporada 13: Ciencia y fe (Enrique Solano M\u00e1rquez)<\/a><\/strong>.<\/li>\n<li><a href=\"https:\/\/exaudi.org\/es\/agenda-2033-avanzando-en-el-plan-redentor-de-dios-dialogo-entre-albert-cortina-y-padre-felix-lopez-lozano-shm\/\" target=\"_blank\" rel=\"noopener\"><strong>Temporada 14: Agenda 2033: Avanzando en el plan redentor de Dios (Padre F\u00e9lix L\u00f3pez Lozano, SHM)<\/strong><\/a>.<\/li>\n<li><strong><a href=\"https:\/\/exaudi.org\/es\/sistema-financiero-y-geopolitica-global-dialogo-entre-albert-cortina-y-pablo-sanz-bayon\/\" target=\"_blank\" rel=\"noopener\">Temporada 15: Sistema financiero y geopol\u00edtica global (Pablo Sanz Bay\u00f3n)<\/a><\/strong><\/li>\n<li><strong><a href=\"https:\/\/exaudi.org\/es\/evangelizacion-el-apostolado-de-la-amistad\/\" target=\"_blank\" rel=\"noopener\">Temporada 16: Laicos comprometidos (Luis Carreras del Rinc\u00f3n)<\/a><\/strong><\/li>\n<\/ul>\n","protected":false},"excerpt":{"rendered":"<p>El mundo que se avecina: Temporada 9<\/p>\n","protected":false},"author":144,"featured_media":102905,"comment_status":"closed","ping_status":"closed","sticky":false,"template":"","format":"standard","meta":{"_acf_changed":false,"_crdt_document":"","inline_featured_image":false,"footnotes":""},"categories":[72],"tags":[8593,18502,14131,15878,18507,14264,18504,18506,14130,14177,14268,18503,18505,14180,4953],"class_list":["post-102883","post","type-post","status-publish","format-standard","has-post-thumbnail","hentry","category-analisis","tag-agenda-2030","tag-agnosticismo","tag-albert-cortina","tag-control-social","tag-educacion-en-la-virtud","tag-el-mundo-que-se-avecina","tag-el-nuevo-gnosticismo","tag-euk-mamie","tag-hm-television","tag-humanismo-cristiano","tag-postmodernidad","tag-stefano-abbate","tag-temporada-9","tag-transhumanismo","tag-trending-es"],"acf":[],"yoast_head":"<!-- This site is optimized with the Yoast SEO plugin v27.5 - https:\/\/yoast.com\/product\/yoast-seo-wordpress\/ -->\n<title>El nuevo gnosticismo: Di\u00e1logo entre Albert Cortina y Stefano Abbate &#8211; Exaudi<\/title>\n<meta name=\"robots\" content=\"index, follow, max-snippet:-1, max-image-preview:large, max-video-preview:-1\" \/>\n<link rel=\"canonical\" href=\"https:\/\/exaudi.org\/es\/el-nuevo-gnosticismo-dialogo-entre-albert-cortina-y-stefano-abbate\/\" \/>\n<meta property=\"og:locale\" content=\"es_ES\" \/>\n<meta property=\"og:type\" content=\"article\" \/>\n<meta property=\"og:title\" content=\"El nuevo gnosticismo: Di\u00e1logo entre Albert Cortina y Stefano Abbate &#8211; Exaudi\" \/>\n<meta property=\"og:description\" content=\"El mundo que se avecina: Temporada 9\" \/>\n<meta property=\"og:url\" content=\"https:\/\/exaudi.org\/es\/el-nuevo-gnosticismo-dialogo-entre-albert-cortina-y-stefano-abbate\/\" \/>\n<meta property=\"og:site_name\" content=\"Exaudi\" \/>\n<meta property=\"article:publisher\" content=\"https:\/\/www.facebook.com\/ExaudiNews\" \/>\n<meta property=\"article:published_time\" content=\"2024-06-14T07:00:10+00:00\" \/>\n<meta property=\"article:modified_time\" content=\"2024-11-11T16:20:10+00:00\" \/>\n<meta property=\"og:image\" content=\"https:\/\/exaudi.org\/wp-content\/uploads\/2024\/06\/kumas_taverne-SiOJXlWeWc0-unsplash-scaled.jpg\" \/>\n\t<meta property=\"og:image:width\" content=\"2560\" \/>\n\t<meta property=\"og:image:height\" content=\"1441\" \/>\n\t<meta property=\"og:image:type\" content=\"image\/jpeg\" \/>\n<meta name=\"author\" content=\"HM Televisi\u00f3n\" \/>\n<meta name=\"twitter:card\" content=\"summary_large_image\" \/>\n<meta name=\"twitter:creator\" content=\"@Exaudi_News\" \/>\n<meta name=\"twitter:site\" content=\"@Exaudi_News\" \/>\n<meta name=\"twitter:label1\" content=\"Escrito por\" \/>\n\t<meta name=\"twitter:data1\" content=\"HM Televisi\u00f3n\" \/>\n\t<meta name=\"twitter:label2\" content=\"Tiempo de lectura\" \/>\n\t<meta name=\"twitter:data2\" content=\"8 minutos\" \/>\n<script type=\"application\/ld+json\" class=\"yoast-schema-graph\">{\"@context\":\"https:\\\/\\\/schema.org\",\"@graph\":[{\"@type\":\"Article\",\"@id\":\"https:\\\/\\\/exaudi.org\\\/es\\\/el-nuevo-gnosticismo-dialogo-entre-albert-cortina-y-stefano-abbate\\\/#article\",\"isPartOf\":{\"@id\":\"https:\\\/\\\/exaudi.org\\\/es\\\/el-nuevo-gnosticismo-dialogo-entre-albert-cortina-y-stefano-abbate\\\/\"},\"author\":{\"name\":\"HM Televisi\u00f3n\",\"@id\":\"https:\\\/\\\/exaudi.org\\\/#\\\/schema\\\/person\\\/53f18564983e77dc07439364c7379147\"},\"headline\":\"El nuevo gnosticismo: Di\u00e1logo entre Albert Cortina y Stefano Abbate\",\"datePublished\":\"2024-06-14T07:00:10+00:00\",\"dateModified\":\"2024-11-11T16:20:10+00:00\",\"mainEntityOfPage\":{\"@id\":\"https:\\\/\\\/exaudi.org\\\/es\\\/el-nuevo-gnosticismo-dialogo-entre-albert-cortina-y-stefano-abbate\\\/\"},\"wordCount\":1531,\"image\":{\"@id\":\"https:\\\/\\\/exaudi.org\\\/es\\\/el-nuevo-gnosticismo-dialogo-entre-albert-cortina-y-stefano-abbate\\\/#primaryimage\"},\"thumbnailUrl\":\"https:\\\/\\\/exaudi.org\\\/wp-content\\\/uploads\\\/2024\\\/06\\\/kumas_taverne-SiOJXlWeWc0-unsplash-scaled.jpg\",\"keywords\":[\"Agenda 2030\",\"Agnosticismo\",\"Albert Cortina\",\"control social\",\"educaci\u00f3n en la virtud\",\"El mundo que se avecina\",\"El nuevo gnosticismo\",\"EUK Mamie\",\"HM Televisi\u00f3n\",\"humanismo cristiano\",\"postmodernidad\",\"Stefano Abbate\",\"Temporada 9\",\"transhumanismo\",\"Trending\"],\"articleSection\":[\"An\u00e1lisis\"],\"inLanguage\":\"es\"},{\"@type\":\"WebPage\",\"@id\":\"https:\\\/\\\/exaudi.org\\\/es\\\/el-nuevo-gnosticismo-dialogo-entre-albert-cortina-y-stefano-abbate\\\/\",\"url\":\"https:\\\/\\\/exaudi.org\\\/es\\\/el-nuevo-gnosticismo-dialogo-entre-albert-cortina-y-stefano-abbate\\\/\",\"name\":\"El nuevo gnosticismo: Di\u00e1logo entre Albert Cortina y Stefano Abbate &#8211; Exaudi\",\"isPartOf\":{\"@id\":\"https:\\\/\\\/exaudi.org\\\/#website\"},\"primaryImageOfPage\":{\"@id\":\"https:\\\/\\\/exaudi.org\\\/es\\\/el-nuevo-gnosticismo-dialogo-entre-albert-cortina-y-stefano-abbate\\\/#primaryimage\"},\"image\":{\"@id\":\"https:\\\/\\\/exaudi.org\\\/es\\\/el-nuevo-gnosticismo-dialogo-entre-albert-cortina-y-stefano-abbate\\\/#primaryimage\"},\"thumbnailUrl\":\"https:\\\/\\\/exaudi.org\\\/wp-content\\\/uploads\\\/2024\\\/06\\\/kumas_taverne-SiOJXlWeWc0-unsplash-scaled.jpg\",\"datePublished\":\"2024-06-14T07:00:10+00:00\",\"dateModified\":\"2024-11-11T16:20:10+00:00\",\"author\":{\"@id\":\"https:\\\/\\\/exaudi.org\\\/#\\\/schema\\\/person\\\/53f18564983e77dc07439364c7379147\"},\"breadcrumb\":{\"@id\":\"https:\\\/\\\/exaudi.org\\\/es\\\/el-nuevo-gnosticismo-dialogo-entre-albert-cortina-y-stefano-abbate\\\/#breadcrumb\"},\"inLanguage\":\"es\",\"potentialAction\":[{\"@type\":\"ReadAction\",\"target\":[\"https:\\\/\\\/exaudi.org\\\/es\\\/el-nuevo-gnosticismo-dialogo-entre-albert-cortina-y-stefano-abbate\\\/\"]}]},{\"@type\":\"ImageObject\",\"inLanguage\":\"es\",\"@id\":\"https:\\\/\\\/exaudi.org\\\/es\\\/el-nuevo-gnosticismo-dialogo-entre-albert-cortina-y-stefano-abbate\\\/#primaryimage\",\"url\":\"https:\\\/\\\/exaudi.org\\\/wp-content\\\/uploads\\\/2024\\\/06\\\/kumas_taverne-SiOJXlWeWc0-unsplash-scaled.jpg\",\"contentUrl\":\"https:\\\/\\\/exaudi.org\\\/wp-content\\\/uploads\\\/2024\\\/06\\\/kumas_taverne-SiOJXlWeWc0-unsplash-scaled.jpg\",\"width\":2560,\"height\":1441,\"caption\":\"Foto de \ud835\udd76\ud835\udd9a\ud835\udd92\ud835\udd86\ud835\udd98 \ud835\udd7f\ud835\udd86\ud835\udd9b\ud835\udd8a\ud835\udd97\ud835\udd93\ud835\udd8a en Unsplash\"},{\"@type\":\"BreadcrumbList\",\"@id\":\"https:\\\/\\\/exaudi.org\\\/es\\\/el-nuevo-gnosticismo-dialogo-entre-albert-cortina-y-stefano-abbate\\\/#breadcrumb\",\"itemListElement\":[{\"@type\":\"ListItem\",\"position\":1,\"name\":\"Portada\",\"item\":\"https:\\\/\\\/exaudi.org\\\/es\\\/\"},{\"@type\":\"ListItem\",\"position\":2,\"name\":\"El nuevo gnosticismo: Di\u00e1logo entre Albert Cortina y Stefano Abbate\"}]},{\"@type\":\"WebSite\",\"@id\":\"https:\\\/\\\/exaudi.org\\\/#website\",\"url\":\"https:\\\/\\\/exaudi.org\\\/\",\"name\":\"Exaudi\",\"description\":\"News\",\"potentialAction\":[{\"@type\":\"SearchAction\",\"target\":{\"@type\":\"EntryPoint\",\"urlTemplate\":\"https:\\\/\\\/exaudi.org\\\/?s={search_term_string}\"},\"query-input\":{\"@type\":\"PropertyValueSpecification\",\"valueRequired\":true,\"valueName\":\"search_term_string\"}}],\"inLanguage\":\"es\"},{\"@type\":\"Person\",\"@id\":\"https:\\\/\\\/exaudi.org\\\/#\\\/schema\\\/person\\\/53f18564983e77dc07439364c7379147\",\"name\":\"HM Televisi\u00f3n\",\"image\":{\"@type\":\"ImageObject\",\"inLanguage\":\"es\",\"@id\":\"https:\\\/\\\/secure.gravatar.com\\\/avatar\\\/6d5520436c4a9e483f583843de76fb87640127f83156a90dc289bdc451e87b5a?s=96&d=mm&r=g\",\"url\":\"https:\\\/\\\/secure.gravatar.com\\\/avatar\\\/6d5520436c4a9e483f583843de76fb87640127f83156a90dc289bdc451e87b5a?s=96&d=mm&r=g\",\"contentUrl\":\"https:\\\/\\\/secure.gravatar.com\\\/avatar\\\/6d5520436c4a9e483f583843de76fb87640127f83156a90dc289bdc451e87b5a?s=96&d=mm&r=g\",\"caption\":\"HM Televisi\u00f3n\"},\"description\":\"HM Televisi\u00f3n surge en el 2001 en el seno de la Fundaci\u00f3n EUK Mamie, entidad no lucrativa para la gesti\u00f3n de los medios de comunicaci\u00f3n, fruto del deseo del Hogar de la Madre de colaborar en la Nueva Evangelizaci\u00f3n. Responde a la llamada del Papa Juan Pablo II a usar el potencial de los medios de comunicaci\u00f3n social para proclamar el mensaje evang\u00e9lico, dirigiendo sus contenidos a j\u00f3venes, familias y ni\u00f1os, para transmitir un mensaje bajo el lema: \\\"Ayer, hoy y siempre, la Verdad\\\"\",\"sameAs\":[\"https:\\\/\\\/www.hogardelamadre.org\\\/es\\\/hm-multimedia\\\/1840-h-m-television\",\"https:\\\/\\\/www.youtube.com\\\/hmtelevision\"],\"url\":\"https:\\\/\\\/exaudi.org\\\/es\\\/author\\\/hm-television\\\/\"}]}<\/script>\n<!-- \/ Yoast SEO plugin. -->","yoast_head_json":{"title":"El nuevo gnosticismo: Di\u00e1logo entre Albert Cortina y Stefano Abbate &#8211; Exaudi","robots":{"index":"index","follow":"follow","max-snippet":"max-snippet:-1","max-image-preview":"max-image-preview:large","max-video-preview":"max-video-preview:-1"},"canonical":"https:\/\/exaudi.org\/es\/el-nuevo-gnosticismo-dialogo-entre-albert-cortina-y-stefano-abbate\/","og_locale":"es_ES","og_type":"article","og_title":"El nuevo gnosticismo: Di\u00e1logo entre Albert Cortina y Stefano Abbate &#8211; Exaudi","og_description":"El mundo que se avecina: Temporada 9","og_url":"https:\/\/exaudi.org\/es\/el-nuevo-gnosticismo-dialogo-entre-albert-cortina-y-stefano-abbate\/","og_site_name":"Exaudi","article_publisher":"https:\/\/www.facebook.com\/ExaudiNews","article_published_time":"2024-06-14T07:00:10+00:00","article_modified_time":"2024-11-11T16:20:10+00:00","og_image":[{"width":2560,"height":1441,"url":"https:\/\/exaudi.org\/wp-content\/uploads\/2024\/06\/kumas_taverne-SiOJXlWeWc0-unsplash-scaled.jpg","type":"image\/jpeg"}],"author":"HM Televisi\u00f3n","twitter_card":"summary_large_image","twitter_creator":"@Exaudi_News","twitter_site":"@Exaudi_News","twitter_misc":{"Escrito por":"HM Televisi\u00f3n","Tiempo de lectura":"8 minutos"},"schema":{"@context":"https:\/\/schema.org","@graph":[{"@type":"Article","@id":"https:\/\/exaudi.org\/es\/el-nuevo-gnosticismo-dialogo-entre-albert-cortina-y-stefano-abbate\/#article","isPartOf":{"@id":"https:\/\/exaudi.org\/es\/el-nuevo-gnosticismo-dialogo-entre-albert-cortina-y-stefano-abbate\/"},"author":{"name":"HM Televisi\u00f3n","@id":"https:\/\/exaudi.org\/#\/schema\/person\/53f18564983e77dc07439364c7379147"},"headline":"El nuevo gnosticismo: Di\u00e1logo entre Albert Cortina y Stefano Abbate","datePublished":"2024-06-14T07:00:10+00:00","dateModified":"2024-11-11T16:20:10+00:00","mainEntityOfPage":{"@id":"https:\/\/exaudi.org\/es\/el-nuevo-gnosticismo-dialogo-entre-albert-cortina-y-stefano-abbate\/"},"wordCount":1531,"image":{"@id":"https:\/\/exaudi.org\/es\/el-nuevo-gnosticismo-dialogo-entre-albert-cortina-y-stefano-abbate\/#primaryimage"},"thumbnailUrl":"https:\/\/exaudi.org\/wp-content\/uploads\/2024\/06\/kumas_taverne-SiOJXlWeWc0-unsplash-scaled.jpg","keywords":["Agenda 2030","Agnosticismo","Albert Cortina","control social","educaci\u00f3n en la virtud","El mundo que se avecina","El nuevo gnosticismo","EUK Mamie","HM Televisi\u00f3n","humanismo cristiano","postmodernidad","Stefano Abbate","Temporada 9","transhumanismo","Trending"],"articleSection":["An\u00e1lisis"],"inLanguage":"es"},{"@type":"WebPage","@id":"https:\/\/exaudi.org\/es\/el-nuevo-gnosticismo-dialogo-entre-albert-cortina-y-stefano-abbate\/","url":"https:\/\/exaudi.org\/es\/el-nuevo-gnosticismo-dialogo-entre-albert-cortina-y-stefano-abbate\/","name":"El nuevo gnosticismo: Di\u00e1logo entre Albert Cortina y Stefano Abbate &#8211; Exaudi","isPartOf":{"@id":"https:\/\/exaudi.org\/#website"},"primaryImageOfPage":{"@id":"https:\/\/exaudi.org\/es\/el-nuevo-gnosticismo-dialogo-entre-albert-cortina-y-stefano-abbate\/#primaryimage"},"image":{"@id":"https:\/\/exaudi.org\/es\/el-nuevo-gnosticismo-dialogo-entre-albert-cortina-y-stefano-abbate\/#primaryimage"},"thumbnailUrl":"https:\/\/exaudi.org\/wp-content\/uploads\/2024\/06\/kumas_taverne-SiOJXlWeWc0-unsplash-scaled.jpg","datePublished":"2024-06-14T07:00:10+00:00","dateModified":"2024-11-11T16:20:10+00:00","author":{"@id":"https:\/\/exaudi.org\/#\/schema\/person\/53f18564983e77dc07439364c7379147"},"breadcrumb":{"@id":"https:\/\/exaudi.org\/es\/el-nuevo-gnosticismo-dialogo-entre-albert-cortina-y-stefano-abbate\/#breadcrumb"},"inLanguage":"es","potentialAction":[{"@type":"ReadAction","target":["https:\/\/exaudi.org\/es\/el-nuevo-gnosticismo-dialogo-entre-albert-cortina-y-stefano-abbate\/"]}]},{"@type":"ImageObject","inLanguage":"es","@id":"https:\/\/exaudi.org\/es\/el-nuevo-gnosticismo-dialogo-entre-albert-cortina-y-stefano-abbate\/#primaryimage","url":"https:\/\/exaudi.org\/wp-content\/uploads\/2024\/06\/kumas_taverne-SiOJXlWeWc0-unsplash-scaled.jpg","contentUrl":"https:\/\/exaudi.org\/wp-content\/uploads\/2024\/06\/kumas_taverne-SiOJXlWeWc0-unsplash-scaled.jpg","width":2560,"height":1441,"caption":"Foto de \ud835\udd76\ud835\udd9a\ud835\udd92\ud835\udd86\ud835\udd98 \ud835\udd7f\ud835\udd86\ud835\udd9b\ud835\udd8a\ud835\udd97\ud835\udd93\ud835\udd8a en Unsplash"},{"@type":"BreadcrumbList","@id":"https:\/\/exaudi.org\/es\/el-nuevo-gnosticismo-dialogo-entre-albert-cortina-y-stefano-abbate\/#breadcrumb","itemListElement":[{"@type":"ListItem","position":1,"name":"Portada","item":"https:\/\/exaudi.org\/es\/"},{"@type":"ListItem","position":2,"name":"El nuevo gnosticismo: Di\u00e1logo entre Albert Cortina y Stefano Abbate"}]},{"@type":"WebSite","@id":"https:\/\/exaudi.org\/#website","url":"https:\/\/exaudi.org\/","name":"Exaudi","description":"News","potentialAction":[{"@type":"SearchAction","target":{"@type":"EntryPoint","urlTemplate":"https:\/\/exaudi.org\/?s={search_term_string}"},"query-input":{"@type":"PropertyValueSpecification","valueRequired":true,"valueName":"search_term_string"}}],"inLanguage":"es"},{"@type":"Person","@id":"https:\/\/exaudi.org\/#\/schema\/person\/53f18564983e77dc07439364c7379147","name":"HM Televisi\u00f3n","image":{"@type":"ImageObject","inLanguage":"es","@id":"https:\/\/secure.gravatar.com\/avatar\/6d5520436c4a9e483f583843de76fb87640127f83156a90dc289bdc451e87b5a?s=96&d=mm&r=g","url":"https:\/\/secure.gravatar.com\/avatar\/6d5520436c4a9e483f583843de76fb87640127f83156a90dc289bdc451e87b5a?s=96&d=mm&r=g","contentUrl":"https:\/\/secure.gravatar.com\/avatar\/6d5520436c4a9e483f583843de76fb87640127f83156a90dc289bdc451e87b5a?s=96&d=mm&r=g","caption":"HM Televisi\u00f3n"},"description":"HM Televisi\u00f3n surge en el 2001 en el seno de la Fundaci\u00f3n EUK Mamie, entidad no lucrativa para la gesti\u00f3n de los medios de comunicaci\u00f3n, fruto del deseo del Hogar de la Madre de colaborar en la Nueva Evangelizaci\u00f3n. Responde a la llamada del Papa Juan Pablo II a usar el potencial de los medios de comunicaci\u00f3n social para proclamar el mensaje evang\u00e9lico, dirigiendo sus contenidos a j\u00f3venes, familias y ni\u00f1os, para transmitir un mensaje bajo el lema: \"Ayer, hoy y siempre, la Verdad\"","sameAs":["https:\/\/www.hogardelamadre.org\/es\/hm-multimedia\/1840-h-m-television","https:\/\/www.youtube.com\/hmtelevision"],"url":"https:\/\/exaudi.org\/es\/author\/hm-television\/"}]}},"jetpack_featured_media_url":"https:\/\/exaudi.org\/wp-content\/uploads\/2024\/06\/kumas_taverne-SiOJXlWeWc0-unsplash-scaled.jpg","jetpack_shortlink":"https:\/\/wp.me\/pgKjF2-qLp","_links":{"self":[{"href":"https:\/\/exaudi.org\/es\/wp-json\/wp\/v2\/posts\/102883","targetHints":{"allow":["GET"]}}],"collection":[{"href":"https:\/\/exaudi.org\/es\/wp-json\/wp\/v2\/posts"}],"about":[{"href":"https:\/\/exaudi.org\/es\/wp-json\/wp\/v2\/types\/post"}],"author":[{"embeddable":true,"href":"https:\/\/exaudi.org\/es\/wp-json\/wp\/v2\/users\/144"}],"replies":[{"embeddable":true,"href":"https:\/\/exaudi.org\/es\/wp-json\/wp\/v2\/comments?post=102883"}],"version-history":[{"count":0,"href":"https:\/\/exaudi.org\/es\/wp-json\/wp\/v2\/posts\/102883\/revisions"}],"wp:featuredmedia":[{"embeddable":true,"href":"https:\/\/exaudi.org\/es\/wp-json\/wp\/v2\/media\/102905"}],"wp:attachment":[{"href":"https:\/\/exaudi.org\/es\/wp-json\/wp\/v2\/media?parent=102883"}],"wp:term":[{"taxonomy":"category","embeddable":true,"href":"https:\/\/exaudi.org\/es\/wp-json\/wp\/v2\/categories?post=102883"},{"taxonomy":"post_tag","embeddable":true,"href":"https:\/\/exaudi.org\/es\/wp-json\/wp\/v2\/tags?post=102883"}],"curies":[{"name":"wp","href":"https:\/\/api.w.org\/{rel}","templated":true}]}}