{"id":102874,"date":"2024-06-12T11:28:27","date_gmt":"2024-06-12T09:28:27","guid":{"rendered":"https:\/\/exaudi.org\/?p=102874"},"modified":"2024-06-12T11:36:08","modified_gmt":"2024-06-12T09:36:08","slug":"polonia-hace-40-anos-los-estudiantes-protestaron-contra-la-retirada-de-las-cruces-de-las-escuelas","status":"publish","type":"post","link":"https:\/\/exaudi.org\/es\/polonia-hace-40-anos-los-estudiantes-protestaron-contra-la-retirada-de-las-cruces-de-las-escuelas\/","title":{"rendered":"Polonia: Hace 40 A\u00f1os Los Estudiantes Protestaron Contra La Retirada De Las Cruces De Las Escuelas"},"content":{"rendered":"<p>A principios de mayo, Rafal Trzaskowski, alcalde de Varsovia y destacado pol\u00edtico, vicepresidente del partido Plataforma C\u00edvica del primer ministro Donald Tusk: el 8 de mayo declar\u00f3 la guerra a la cruz y a la libertad religiosa en Polonia, firmando una orden exigiendo la eliminaci\u00f3n de cruces, im\u00e1genes de santos y otros s\u00edmbolos religiosos. Los s\u00edmbolos religiosos deber\u00e1n desaparecer de todos los espacios p\u00fablicos de las oficinas de Varsovia, y todos los eventos organizados por las oficinas de la capital deber\u00e1n ser \u00abde car\u00e1cter secular, es decir, no contendr\u00e1n elementos religiosos, por ejemplo, oraciones&#8230;\u00bb. Desafortunadamente, la lucha de Trzaskowski contra la cruz recuerda los tiempos del r\u00e9gimen comunista que luchaba contra la religi\u00f3n y la Iglesia. Y este a\u00f1o recordamos el 40\u00ba aniversario de la lucha de los estudiantes polacos contra la retirada de las cruces.<\/p>\n<p>Cabe recordar que durante el per\u00edodo de actividad legal del NSZZ \u201cSolidarno\u015b\u0107\u201d, es decir, entre agosto de 1980 y diciembre de 1981, la cruz \u2013 como s\u00edmbolo de la fe cat\u00f3lica \u2013 aparec\u00eda cada vez m\u00e1s en el espacio p\u00fablico, incluidas las escuelas. y colegios de todo el pa\u00eds. Despu\u00e9s de la introducci\u00f3n de la ley marcial el 13 de diciembre de 1981, el r\u00e9gimen militar-comunista del general. Jaruzelski orden\u00f3, especialmente a partir de mediados de 1983, su eliminaci\u00f3n. Esto provoc\u00f3 muchas protestas de los estudiantes y sus padres, as\u00ed como de algunos profesores. Su culminaci\u00f3n se produjo en 1984, hace exactamente 40 a\u00f1os. Las mayores manifestaciones en defensa de este s\u00edmbolo de fe tuvieron lugar en el complejo de la Escuela Agr\u00edcola de Mietno, localidad cercana a Garwolin, culminando en marzo de 1984. Todo comenz\u00f3 en esta escuela agr\u00edcola, en su momento la m\u00e1s moderna del pa\u00eds. en noviembre de 1983, cuando dos cruces colgadas en el atrio desaparecieron repentinamente. Pero eso fue solo el comienzo. El 3 de diciembre de 1983, por decisi\u00f3n del director, se retiraron m\u00e1s cruces de las aulas. El consejo estudiantil envi\u00f3 una carta a la direcci\u00f3n pidiendo una explicaci\u00f3n. La respuesta del director, fechada el 19 de diciembre, fue la siguiente: \u201cLas cruces fueron retiradas porque hay que restablecer el orden legal. La escuela es una instituci\u00f3n laica y las cruces fueron colgadas durante el per\u00edodo de &#8216;Solidarnosc&#8217;, cuando se impusieron diversas decisiones a las autoridades.\u00bb Los estudiantes, decepcionados por la respuesta del director, se negaron a ir a clase y comenzaron a orar y cantar la famosa canci\u00f3n polaca \u201cQueremos a Dios\u201d. Pero esta vez la situaci\u00f3n se resolvi\u00f3 r\u00e1pidamente con la promesa de que se reconsiderar\u00eda la cuesti\u00f3n de la presencia de cruces en la escuela. Pero despu\u00e9s de las vacaciones de invierno, la direcci\u00f3n confirm\u00f3 que en una escuela laica no hab\u00eda lugar para cruces.<\/p>\n<p><img loading=\"lazy\" decoding=\"async\" class=\"alignleft wp-image-102867\" src=\"https:\/\/exaudi.org\/wp-content\/uploads\/2024\/06\/Mietne-difesa-croce-diario-chiesa-Garwolin.jpg\" alt=\"\" width=\"762\" height=\"542\" srcset=\"https:\/\/exaudi.org\/wp-content\/uploads\/2024\/06\/Mietne-difesa-croce-diario-chiesa-Garwolin.jpg 1360w, https:\/\/exaudi.org\/wp-content\/uploads\/2024\/06\/Mietne-difesa-croce-diario-chiesa-Garwolin-300x213.jpg 300w, https:\/\/exaudi.org\/wp-content\/uploads\/2024\/06\/Mietne-difesa-croce-diario-chiesa-Garwolin-1024x728.jpg 1024w, https:\/\/exaudi.org\/wp-content\/uploads\/2024\/06\/Mietne-difesa-croce-diario-chiesa-Garwolin-770x547.jpg 770w, https:\/\/exaudi.org\/wp-content\/uploads\/2024\/06\/Mietne-difesa-croce-diario-chiesa-Garwolin-500x356.jpg 500w, https:\/\/exaudi.org\/wp-content\/uploads\/2024\/06\/Mietne-difesa-croce-diario-chiesa-Garwolin-293x208.jpg 293w, https:\/\/exaudi.org\/wp-content\/uploads\/2024\/06\/Mietne-difesa-croce-diario-chiesa-Garwolin-390x277.jpg 390w\" sizes=\"auto, (max-width: 762px) 100vw, 762px\" \/>El 10 de enero de 1984, los j\u00f3venes realizaron una huelga que dur\u00f3 varias horas para protestar contra la retirada de las cruces. El 12 de enero, despu\u00e9s de clase, un grupo de unos 500 estudiantes march\u00f3 desde la escuela hasta la iglesia de Garwolin, a unos 5 kil\u00f3metros de distancia, y las cruces de la escuela fueron transportadas hasta all\u00ed en coche y colocadas en un cartel que dec\u00eda: \u201cNo hab\u00eda lugar para ti, Cristo, en nuestra escuela: la Escuela Agr\u00edcola Mi\u0119tne\u201d.<\/p>\n<p>En respuesta a los acontecimientos de Mi\u0119tne, el obispo ordinario de Siedlce, Jan Mazur, entreg\u00f3 varios centenares de peque\u00f1as cruces de diez cent\u00edmetros a los estudiantes, que empezaron a llevarlas a la escuela. El intento del director de calmar la protesta fracas\u00f3. En las semanas siguientes los estudiantes colgaron las cruces que fueron retiradas sistem\u00e1ticamente. En esta situaci\u00f3n \u2013 el 5 de marzo de 1984 \u2013 los j\u00f3venes organizaron una manifestaci\u00f3n de advertencia de veinte minutos, al d\u00eda siguiente se negaron a participar en las clases y el 7 de marzo de 1984 proclamaron una huelga de ocupaci\u00f3n a la que inicialmente se sumaron unas 200 personas, y finalmente Participaron unos 400 de 600 estudiantes. Colocaron guardias, instalaron un puesto de refrescos y un lugar para dormir sobre una colchoneta de lucha. Desafortunadamente, un fiscal se present\u00f3 en la escuela y amenaz\u00f3 con sanciones penales por ocupar el edificio. A su vez, el director ley\u00f3 la decisi\u00f3n del voivoda de Siedlce, que anunciaba la suspensi\u00f3n de las clases. Por miedo a la pacificaci\u00f3n por parte de las Reservas Motorizadas de la Milicia Urbana (ZOMO), que las autoridades hab\u00edan enviado a Mi\u0119tne, los estudiantes abandonaron la escuela para ir, junto con sus compa\u00f1eros de otras escuelas y los habitantes de la zona, a misa en Garwolin. Durante el encuentro, Mons. Mazur hizo un llamamiento a la calma y prometi\u00f3 que las autoridades eclesi\u00e1sticas polacas utilizar\u00edan \u00abtodos los medios legales\u00bb para devolver las cruces a la escuela. Posteriormente, varios cientos de personas peregrinaron a Czestochowa, al santuario de Jasna G\u00f3ra. Seg\u00fan la BBC, el 10 de marzo llegaron all\u00ed un total de 700 personas, a las que se unieron representantes de otras 20 peregrinaciones juveniles (entre ellas de Varsovia, Cracovia y Wroclaw).<\/p>\n<p>En respuesta a la protesta, las autoridades ordenaron la reinscripci\u00f3n en la escuela de Mi\u0119tne: la condici\u00f3n de admisi\u00f3n era que el estudiante y sus padres firmaran una declaraci\u00f3n de que se matricular\u00eda en una escuela laica donde no hab\u00eda lugar para s\u00edmbolos religiosos. En respuesta, 380 estudiantes retiraron sus documentos de la escuela y s\u00f3lo 90 estudiantes asistieron a las clases reanudadas. Pero la lucha por las cruces no termin\u00f3 ah\u00ed, porque el obispo Jan Mazur decidi\u00f3 ayunar a pan y agua hasta que se resolviera el conflicto. Finalmente, el 6 de abril, despu\u00e9s de conversaciones entre las autoridades comunistas y el episcopado polaco, se lleg\u00f3 a un compromiso: en la biblioteca de la escuela se colg\u00f3 una cruz que se convirti\u00f3 en una especie de \u00abcapilla\u00bb. Los j\u00f3venes ganaron, pero el precio de esa victoria fue alto: a los estudiantes de Mi\u0119tne que no firmaron la declaraci\u00f3n se les prohibi\u00f3 la admisi\u00f3n a otras escuelas.<\/p>\n<p>Hoy, 40 a\u00f1os despu\u00e9s de estos graves acontecimientos de persecuci\u00f3n de los cat\u00f3licos por parte del r\u00e9gimen de Jaruzelski en Polonia, el alcalde de la capital se comporta como el r\u00e9gimen comunista de unos tiempos que parec\u00edan ya pasados. La decisi\u00f3n de Trzaskowski de retirar las cruces de los cargos p\u00fablicos viola muchos art\u00edculos de la Constituci\u00f3n polaca, en primer lugar, el art\u00edculo 53 que garantiza a todos la libertad de conciencia y de religi\u00f3n, incluido el derecho a manifestar p\u00fablicamente la propia religi\u00f3n en diversas formas. Pero, como podemos ver, en la Polonia de Tusk un alcalde \u00abproeuropeo\u00bb, \u00abprogresista\u00bb y pro-LGBT puede violar la Constituci\u00f3n del pa\u00eds sin pagar las consecuencias.<\/p>\n<p>Hay que decir que la noticia de la lucha de los estudiantes de Mi\u0119tne en defensa de las cruces tambi\u00e9n lleg\u00f3 a o\u00eddos de Juan Pablo II: algunos estudiantes, testigos de estos acontecimientos, llevaron al Papa un diario donde se relataban los hechos ilustrados con fotograf\u00edas. Hoy este diario se conserva en el Centro de Documentaci\u00f3n y Estudios del Pontificado de Juan Pablo II en Roma, en via Cassia 1200.<\/p>\n<p><img loading=\"lazy\" decoding=\"async\" class=\"size-full wp-image-102876 alignnone\" src=\"https:\/\/exaudi.org\/wp-content\/uploads\/2024\/06\/Bioetica.jpg\" alt=\"\" width=\"940\" height=\"788\" srcset=\"https:\/\/exaudi.org\/wp-content\/uploads\/2024\/06\/Bioetica.jpg 940w, https:\/\/exaudi.org\/wp-content\/uploads\/2024\/06\/Bioetica-300x251.jpg 300w, https:\/\/exaudi.org\/wp-content\/uploads\/2024\/06\/Bioetica-770x645.jpg 770w, https:\/\/exaudi.org\/wp-content\/uploads\/2024\/06\/Bioetica-500x419.jpg 500w, https:\/\/exaudi.org\/wp-content\/uploads\/2024\/06\/Bioetica-293x246.jpg 293w, https:\/\/exaudi.org\/wp-content\/uploads\/2024\/06\/Bioetica-390x327.jpg 390w\" sizes=\"auto, (max-width: 940px) 100vw, 940px\" \/><\/p>\n","protected":false},"excerpt":{"rendered":"<p>Hoy el alcalde de Varsovia lucha contra la cruz, como en la \u00e9poca comunista<\/p>\n","protected":false},"author":85,"featured_media":102864,"comment_status":"closed","ping_status":"closed","sticky":false,"template":"","format":"standard","meta":{"_acf_changed":false,"_crdt_document":"","inline_featured_image":false,"footnotes":""},"categories":[130],"tags":[18488,11045,18487,18485,18486,18476,18484,443,18490,18491,18495,18494,18492,18493,3674,18496,18479,5965,18501,18489,15371,18497,13343,18498,795,18483,1834,18500,18480,18478,18481,2425,18473,18482,18477,3309,18474,1533,9707,18499,4953,18475,7028,18472],"class_list":["post-102874","post","type-post","status-publish","format-standard","has-post-thumbnail","hentry","category-voces","tag-40-anos","tag-alcalde","tag-archivio-del-centro-gpii","tag-articulo-53","tag-centro-de-documentacion-y-estudios-del-pontificado-de-juan-pablo-ii","tag-comunismo-2","tag-constitucion-polaca","tag-cruz","tag-cruzadas","tag-derechos-constitucionales","tag-derechos-de-los-padres","tag-derechos-estudiantiles","tag-derechos-religiosos","tag-educacion-laica","tag-escuela","tag-escuela-agricola","tag-escuela-agricola-mietne","tag-estudiantes","tag-estudiantes-catolicos","tag-estudiantes-polacos","tag-fe-catolica","tag-garwolin","tag-historia","tag-jaruzelski","tag-juan-pablo-ii","tag-ley-marcial","tag-libertad-religiosa","tag-manifestacion","tag-manifestaciones","tag-nszz-solidarnosc-2","tag-obispo-jan-mazur","tag-polonia-es","tag-protesta","tag-protesta-estudiantil","tag-regimen-comunista","tag-represion","tag-retirada-de-cruces","tag-roma-es","tag-simbolos-religiosos","tag-solidarnosc","tag-trending-es","tag-trzaskowski","tag-varsovia","tag-wlodzimierz-redzioch-2"],"acf":[],"yoast_head":"<!-- This site is optimized with the Yoast SEO plugin v27.5 - https:\/\/yoast.com\/product\/yoast-seo-wordpress\/ -->\n<title>Polonia: Hace 40 A\u00f1os Los Estudiantes Protestaron Contra La Retirada De Las Cruces De Las Escuelas &#8211; Exaudi<\/title>\n<meta name=\"robots\" content=\"index, follow, max-snippet:-1, max-image-preview:large, max-video-preview:-1\" \/>\n<link rel=\"canonical\" href=\"https:\/\/exaudi.org\/es\/polonia-hace-40-anos-los-estudiantes-protestaron-contra-la-retirada-de-las-cruces-de-las-escuelas\/\" \/>\n<meta property=\"og:locale\" content=\"es_ES\" \/>\n<meta property=\"og:type\" content=\"article\" \/>\n<meta property=\"og:title\" content=\"Polonia: Hace 40 A\u00f1os Los Estudiantes Protestaron Contra La Retirada De Las Cruces De Las Escuelas &#8211; Exaudi\" \/>\n<meta property=\"og:description\" content=\"Hoy el alcalde de Varsovia lucha contra la cruz, como en la \u00e9poca comunista\" \/>\n<meta property=\"og:url\" content=\"https:\/\/exaudi.org\/es\/polonia-hace-40-anos-los-estudiantes-protestaron-contra-la-retirada-de-las-cruces-de-las-escuelas\/\" \/>\n<meta property=\"og:site_name\" content=\"Exaudi\" \/>\n<meta property=\"article:publisher\" content=\"https:\/\/www.facebook.com\/ExaudiNews\" \/>\n<meta property=\"article:published_time\" content=\"2024-06-12T09:28:27+00:00\" \/>\n<meta property=\"article:modified_time\" content=\"2024-06-12T09:36:08+00:00\" \/>\n<meta property=\"og:image\" content=\"https:\/\/exaudi.org\/wp-content\/uploads\/2024\/06\/Mietne-difesa-croce-diario-alunni--e1718182945318.jpg\" \/>\n\t<meta property=\"og:image:width\" content=\"986\" \/>\n\t<meta property=\"og:image:height\" content=\"727\" \/>\n\t<meta property=\"og:image:type\" content=\"image\/jpeg\" \/>\n<meta name=\"author\" content=\"Wlodzimierz Redzioch\" \/>\n<meta name=\"twitter:card\" content=\"summary_large_image\" \/>\n<meta name=\"twitter:creator\" content=\"@Exaudi_News\" \/>\n<meta name=\"twitter:site\" content=\"@Exaudi_News\" \/>\n<meta name=\"twitter:label1\" content=\"Escrito por\" \/>\n\t<meta name=\"twitter:data1\" content=\"Wlodzimierz Redzioch\" \/>\n\t<meta name=\"twitter:label2\" content=\"Tiempo de lectura\" \/>\n\t<meta name=\"twitter:data2\" content=\"6 minutos\" \/>\n<script type=\"application\/ld+json\" class=\"yoast-schema-graph\">{\"@context\":\"https:\\\/\\\/schema.org\",\"@graph\":[{\"@type\":\"Article\",\"@id\":\"https:\\\/\\\/exaudi.org\\\/es\\\/polonia-hace-40-anos-los-estudiantes-protestaron-contra-la-retirada-de-las-cruces-de-las-escuelas\\\/#article\",\"isPartOf\":{\"@id\":\"https:\\\/\\\/exaudi.org\\\/es\\\/polonia-hace-40-anos-los-estudiantes-protestaron-contra-la-retirada-de-las-cruces-de-las-escuelas\\\/\"},\"author\":{\"name\":\"Wlodzimierz Redzioch\",\"@id\":\"https:\\\/\\\/exaudi.org\\\/#\\\/schema\\\/person\\\/558b6cc7524c4488c69704f46c2578e0\"},\"headline\":\"Polonia: Hace 40 A\u00f1os Los Estudiantes Protestaron Contra La Retirada De Las Cruces De Las Escuelas\",\"datePublished\":\"2024-06-12T09:28:27+00:00\",\"dateModified\":\"2024-06-12T09:36:08+00:00\",\"mainEntityOfPage\":{\"@id\":\"https:\\\/\\\/exaudi.org\\\/es\\\/polonia-hace-40-anos-los-estudiantes-protestaron-contra-la-retirada-de-las-cruces-de-las-escuelas\\\/\"},\"wordCount\":1248,\"image\":{\"@id\":\"https:\\\/\\\/exaudi.org\\\/es\\\/polonia-hace-40-anos-los-estudiantes-protestaron-contra-la-retirada-de-las-cruces-de-las-escuelas\\\/#primaryimage\"},\"thumbnailUrl\":\"https:\\\/\\\/exaudi.org\\\/wp-content\\\/uploads\\\/2024\\\/06\\\/Mietne-difesa-croce-diario-alunni--e1718182945318.jpg\",\"keywords\":[\"40 a\u00f1os\",\"Alcalde\",\"Archivio del Centro GPII\",\"art\u00edculo 53\",\"Centro de Documentaci\u00f3n y Estudios del Pontificado de Juan Pablo II\",\"comunismo\",\"constituci\u00f3n polaca\",\"Cruz\",\"cruzadas\",\"derechos constitucionales\",\"derechos de los padres\",\"derechos estudiantiles\",\"derechos religiosos\",\"educaci\u00f3n laica\",\"Escuela\",\"escuela agr\u00edcola\",\"Escuela Agr\u00edcola Mi\u0119tne\",\"Estudiantes\",\"estudiantes cat\u00f3licos\",\"estudiantes polacos\",\"Fe cat\u00f3lica\",\"Garwolin\",\"Historia\",\"Jaruzelski\",\"Juan Pablo II\",\"ley marcial\",\"Libertad Religiosa\",\"manifestaci\u00f3n\",\"manifestaciones\",\"NSZZ Solidarno\u015b\u0107\",\"obispo Jan Mazur\",\"Polonia\",\"protesta\",\"protesta estudiantil\",\"r\u00e9gimen comunista\",\"Represi\u00f3n\",\"retirada de cruces\",\"Roma\",\"S\u00edmbolos religiosos\",\"Solidarnosc\",\"Trending\",\"Trzaskowski\",\"Varsovia\",\"Wlodzimierz Redzioch\"],\"articleSection\":[\"Voces\"],\"inLanguage\":\"es\"},{\"@type\":\"WebPage\",\"@id\":\"https:\\\/\\\/exaudi.org\\\/es\\\/polonia-hace-40-anos-los-estudiantes-protestaron-contra-la-retirada-de-las-cruces-de-las-escuelas\\\/\",\"url\":\"https:\\\/\\\/exaudi.org\\\/es\\\/polonia-hace-40-anos-los-estudiantes-protestaron-contra-la-retirada-de-las-cruces-de-las-escuelas\\\/\",\"name\":\"Polonia: Hace 40 A\u00f1os Los Estudiantes Protestaron Contra La Retirada De Las Cruces De Las Escuelas &#8211; Exaudi\",\"isPartOf\":{\"@id\":\"https:\\\/\\\/exaudi.org\\\/#website\"},\"primaryImageOfPage\":{\"@id\":\"https:\\\/\\\/exaudi.org\\\/es\\\/polonia-hace-40-anos-los-estudiantes-protestaron-contra-la-retirada-de-las-cruces-de-las-escuelas\\\/#primaryimage\"},\"image\":{\"@id\":\"https:\\\/\\\/exaudi.org\\\/es\\\/polonia-hace-40-anos-los-estudiantes-protestaron-contra-la-retirada-de-las-cruces-de-las-escuelas\\\/#primaryimage\"},\"thumbnailUrl\":\"https:\\\/\\\/exaudi.org\\\/wp-content\\\/uploads\\\/2024\\\/06\\\/Mietne-difesa-croce-diario-alunni--e1718182945318.jpg\",\"datePublished\":\"2024-06-12T09:28:27+00:00\",\"dateModified\":\"2024-06-12T09:36:08+00:00\",\"author\":{\"@id\":\"https:\\\/\\\/exaudi.org\\\/#\\\/schema\\\/person\\\/558b6cc7524c4488c69704f46c2578e0\"},\"breadcrumb\":{\"@id\":\"https:\\\/\\\/exaudi.org\\\/es\\\/polonia-hace-40-anos-los-estudiantes-protestaron-contra-la-retirada-de-las-cruces-de-las-escuelas\\\/#breadcrumb\"},\"inLanguage\":\"es\",\"potentialAction\":[{\"@type\":\"ReadAction\",\"target\":[\"https:\\\/\\\/exaudi.org\\\/es\\\/polonia-hace-40-anos-los-estudiantes-protestaron-contra-la-retirada-de-las-cruces-de-las-escuelas\\\/\"]}]},{\"@type\":\"ImageObject\",\"inLanguage\":\"es\",\"@id\":\"https:\\\/\\\/exaudi.org\\\/es\\\/polonia-hace-40-anos-los-estudiantes-protestaron-contra-la-retirada-de-las-cruces-de-las-escuelas\\\/#primaryimage\",\"url\":\"https:\\\/\\\/exaudi.org\\\/wp-content\\\/uploads\\\/2024\\\/06\\\/Mietne-difesa-croce-diario-alunni--e1718182945318.jpg\",\"contentUrl\":\"https:\\\/\\\/exaudi.org\\\/wp-content\\\/uploads\\\/2024\\\/06\\\/Mietne-difesa-croce-diario-alunni--e1718182945318.jpg\",\"width\":986,\"height\":727,\"caption\":\"Archivio del Centro GPII\"},{\"@type\":\"BreadcrumbList\",\"@id\":\"https:\\\/\\\/exaudi.org\\\/es\\\/polonia-hace-40-anos-los-estudiantes-protestaron-contra-la-retirada-de-las-cruces-de-las-escuelas\\\/#breadcrumb\",\"itemListElement\":[{\"@type\":\"ListItem\",\"position\":1,\"name\":\"Portada\",\"item\":\"https:\\\/\\\/exaudi.org\\\/es\\\/\"},{\"@type\":\"ListItem\",\"position\":2,\"name\":\"Polonia: Hace 40 A\u00f1os Los Estudiantes Protestaron Contra La Retirada De Las Cruces De Las Escuelas\"}]},{\"@type\":\"WebSite\",\"@id\":\"https:\\\/\\\/exaudi.org\\\/#website\",\"url\":\"https:\\\/\\\/exaudi.org\\\/\",\"name\":\"Exaudi\",\"description\":\"News\",\"potentialAction\":[{\"@type\":\"SearchAction\",\"target\":{\"@type\":\"EntryPoint\",\"urlTemplate\":\"https:\\\/\\\/exaudi.org\\\/?s={search_term_string}\"},\"query-input\":{\"@type\":\"PropertyValueSpecification\",\"valueRequired\":true,\"valueName\":\"search_term_string\"}}],\"inLanguage\":\"es\"},{\"@type\":\"Person\",\"@id\":\"https:\\\/\\\/exaudi.org\\\/#\\\/schema\\\/person\\\/558b6cc7524c4488c69704f46c2578e0\",\"name\":\"Wlodzimierz Redzioch\",\"image\":{\"@type\":\"ImageObject\",\"inLanguage\":\"es\",\"@id\":\"https:\\\/\\\/secure.gravatar.com\\\/avatar\\\/6d24a03e044ad402c01b933d454ac413e287e5a6d92238dd5d98c5c6073d9b49?s=96&d=mm&r=g\",\"url\":\"https:\\\/\\\/secure.gravatar.com\\\/avatar\\\/6d24a03e044ad402c01b933d454ac413e287e5a6d92238dd5d98c5c6073d9b49?s=96&d=mm&r=g\",\"contentUrl\":\"https:\\\/\\\/secure.gravatar.com\\\/avatar\\\/6d24a03e044ad402c01b933d454ac413e287e5a6d92238dd5d98c5c6073d9b49?s=96&d=mm&r=g\",\"caption\":\"Wlodzimierz Redzioch\"},\"description\":\"Wlodzimierz Redzioch \u00e8 nato a Czestochowa (Polonia), si \u00e8 laureato in Ingegneria nel Politecnico. Dopo aver continuato gli studi nell\u2019Universit\u00e0 di Varsavia, presso l\u2019Istituto degli Studi africani, nel 1980 ha lavorato presso il Centro per i pellegrini polacchi a Roma. Dal 1981 al 2012 ha lavorato presso L\u2019Osservatore romano. Dal 1995 collabora con il settimanale cattolico polacco Niedziela come corrispondente dal Vaticano e dall\u2019Italia. Per la sua attivit\u00e0 di vaticanista il 23 settembre 2000 ha ricevuto in Polonia il premio cattolico per il giornalismo \u00abMater Verbi\u00bb; mentre il 14 luglio 2006 Sua Santit\u00e0 Benedetto XVI gli ha conferito il titolo di commendatore dell\u2019Ordine di San Silvestro papa. Autore prolifico, ha scritto diversi volumi sul Vaticano e guide ai due principali santuari mariani: Lourdes e Fatima. Promotore in Polonia del pellegrinaggio a Santiago de Compostela. In occasione della canonizzazione di Giovanni Paolo II ha pubblicato il libro \u201cAccanto a Giovanni Paolo II. Gli amici e i collaboratori raccontano\u201d (Edizioni Ares, Milano 2014), con 22 interviste, compresa la testimonianza d\u2019eccezione di Papa emerito Benedetto XVI. Nel 2024, per commemorare il 40mo anniversario dell\u2019assassinio di don Jerzy Popie\u0142uszko, ha pubblicato la sua biografia \u201cJerzy Popie\u0142uszko. Martire del comunismo\u201d (Edizioni Ares Milano 2024).\",\"url\":\"https:\\\/\\\/exaudi.org\\\/es\\\/author\\\/wlodzimierzredzioc\\\/\"}]}<\/script>\n<!-- \/ Yoast SEO plugin. -->","yoast_head_json":{"title":"Polonia: Hace 40 A\u00f1os Los Estudiantes Protestaron Contra La Retirada De Las Cruces De Las Escuelas &#8211; Exaudi","robots":{"index":"index","follow":"follow","max-snippet":"max-snippet:-1","max-image-preview":"max-image-preview:large","max-video-preview":"max-video-preview:-1"},"canonical":"https:\/\/exaudi.org\/es\/polonia-hace-40-anos-los-estudiantes-protestaron-contra-la-retirada-de-las-cruces-de-las-escuelas\/","og_locale":"es_ES","og_type":"article","og_title":"Polonia: Hace 40 A\u00f1os Los Estudiantes Protestaron Contra La Retirada De Las Cruces De Las Escuelas &#8211; Exaudi","og_description":"Hoy el alcalde de Varsovia lucha contra la cruz, como en la \u00e9poca comunista","og_url":"https:\/\/exaudi.org\/es\/polonia-hace-40-anos-los-estudiantes-protestaron-contra-la-retirada-de-las-cruces-de-las-escuelas\/","og_site_name":"Exaudi","article_publisher":"https:\/\/www.facebook.com\/ExaudiNews","article_published_time":"2024-06-12T09:28:27+00:00","article_modified_time":"2024-06-12T09:36:08+00:00","og_image":[{"width":986,"height":727,"url":"https:\/\/exaudi.org\/wp-content\/uploads\/2024\/06\/Mietne-difesa-croce-diario-alunni--e1718182945318.jpg","type":"image\/jpeg"}],"author":"Wlodzimierz Redzioch","twitter_card":"summary_large_image","twitter_creator":"@Exaudi_News","twitter_site":"@Exaudi_News","twitter_misc":{"Escrito por":"Wlodzimierz Redzioch","Tiempo de lectura":"6 minutos"},"schema":{"@context":"https:\/\/schema.org","@graph":[{"@type":"Article","@id":"https:\/\/exaudi.org\/es\/polonia-hace-40-anos-los-estudiantes-protestaron-contra-la-retirada-de-las-cruces-de-las-escuelas\/#article","isPartOf":{"@id":"https:\/\/exaudi.org\/es\/polonia-hace-40-anos-los-estudiantes-protestaron-contra-la-retirada-de-las-cruces-de-las-escuelas\/"},"author":{"name":"Wlodzimierz Redzioch","@id":"https:\/\/exaudi.org\/#\/schema\/person\/558b6cc7524c4488c69704f46c2578e0"},"headline":"Polonia: Hace 40 A\u00f1os Los Estudiantes Protestaron Contra La Retirada De Las Cruces De Las Escuelas","datePublished":"2024-06-12T09:28:27+00:00","dateModified":"2024-06-12T09:36:08+00:00","mainEntityOfPage":{"@id":"https:\/\/exaudi.org\/es\/polonia-hace-40-anos-los-estudiantes-protestaron-contra-la-retirada-de-las-cruces-de-las-escuelas\/"},"wordCount":1248,"image":{"@id":"https:\/\/exaudi.org\/es\/polonia-hace-40-anos-los-estudiantes-protestaron-contra-la-retirada-de-las-cruces-de-las-escuelas\/#primaryimage"},"thumbnailUrl":"https:\/\/exaudi.org\/wp-content\/uploads\/2024\/06\/Mietne-difesa-croce-diario-alunni--e1718182945318.jpg","keywords":["40 a\u00f1os","Alcalde","Archivio del Centro GPII","art\u00edculo 53","Centro de Documentaci\u00f3n y Estudios del Pontificado de Juan Pablo II","comunismo","constituci\u00f3n polaca","Cruz","cruzadas","derechos constitucionales","derechos de los padres","derechos estudiantiles","derechos religiosos","educaci\u00f3n laica","Escuela","escuela agr\u00edcola","Escuela Agr\u00edcola Mi\u0119tne","Estudiantes","estudiantes cat\u00f3licos","estudiantes polacos","Fe cat\u00f3lica","Garwolin","Historia","Jaruzelski","Juan Pablo II","ley marcial","Libertad Religiosa","manifestaci\u00f3n","manifestaciones","NSZZ Solidarno\u015b\u0107","obispo Jan Mazur","Polonia","protesta","protesta estudiantil","r\u00e9gimen comunista","Represi\u00f3n","retirada de cruces","Roma","S\u00edmbolos religiosos","Solidarnosc","Trending","Trzaskowski","Varsovia","Wlodzimierz Redzioch"],"articleSection":["Voces"],"inLanguage":"es"},{"@type":"WebPage","@id":"https:\/\/exaudi.org\/es\/polonia-hace-40-anos-los-estudiantes-protestaron-contra-la-retirada-de-las-cruces-de-las-escuelas\/","url":"https:\/\/exaudi.org\/es\/polonia-hace-40-anos-los-estudiantes-protestaron-contra-la-retirada-de-las-cruces-de-las-escuelas\/","name":"Polonia: Hace 40 A\u00f1os Los Estudiantes Protestaron Contra La Retirada De Las Cruces De Las Escuelas &#8211; Exaudi","isPartOf":{"@id":"https:\/\/exaudi.org\/#website"},"primaryImageOfPage":{"@id":"https:\/\/exaudi.org\/es\/polonia-hace-40-anos-los-estudiantes-protestaron-contra-la-retirada-de-las-cruces-de-las-escuelas\/#primaryimage"},"image":{"@id":"https:\/\/exaudi.org\/es\/polonia-hace-40-anos-los-estudiantes-protestaron-contra-la-retirada-de-las-cruces-de-las-escuelas\/#primaryimage"},"thumbnailUrl":"https:\/\/exaudi.org\/wp-content\/uploads\/2024\/06\/Mietne-difesa-croce-diario-alunni--e1718182945318.jpg","datePublished":"2024-06-12T09:28:27+00:00","dateModified":"2024-06-12T09:36:08+00:00","author":{"@id":"https:\/\/exaudi.org\/#\/schema\/person\/558b6cc7524c4488c69704f46c2578e0"},"breadcrumb":{"@id":"https:\/\/exaudi.org\/es\/polonia-hace-40-anos-los-estudiantes-protestaron-contra-la-retirada-de-las-cruces-de-las-escuelas\/#breadcrumb"},"inLanguage":"es","potentialAction":[{"@type":"ReadAction","target":["https:\/\/exaudi.org\/es\/polonia-hace-40-anos-los-estudiantes-protestaron-contra-la-retirada-de-las-cruces-de-las-escuelas\/"]}]},{"@type":"ImageObject","inLanguage":"es","@id":"https:\/\/exaudi.org\/es\/polonia-hace-40-anos-los-estudiantes-protestaron-contra-la-retirada-de-las-cruces-de-las-escuelas\/#primaryimage","url":"https:\/\/exaudi.org\/wp-content\/uploads\/2024\/06\/Mietne-difesa-croce-diario-alunni--e1718182945318.jpg","contentUrl":"https:\/\/exaudi.org\/wp-content\/uploads\/2024\/06\/Mietne-difesa-croce-diario-alunni--e1718182945318.jpg","width":986,"height":727,"caption":"Archivio del Centro GPII"},{"@type":"BreadcrumbList","@id":"https:\/\/exaudi.org\/es\/polonia-hace-40-anos-los-estudiantes-protestaron-contra-la-retirada-de-las-cruces-de-las-escuelas\/#breadcrumb","itemListElement":[{"@type":"ListItem","position":1,"name":"Portada","item":"https:\/\/exaudi.org\/es\/"},{"@type":"ListItem","position":2,"name":"Polonia: Hace 40 A\u00f1os Los Estudiantes Protestaron Contra La Retirada De Las Cruces De Las Escuelas"}]},{"@type":"WebSite","@id":"https:\/\/exaudi.org\/#website","url":"https:\/\/exaudi.org\/","name":"Exaudi","description":"News","potentialAction":[{"@type":"SearchAction","target":{"@type":"EntryPoint","urlTemplate":"https:\/\/exaudi.org\/?s={search_term_string}"},"query-input":{"@type":"PropertyValueSpecification","valueRequired":true,"valueName":"search_term_string"}}],"inLanguage":"es"},{"@type":"Person","@id":"https:\/\/exaudi.org\/#\/schema\/person\/558b6cc7524c4488c69704f46c2578e0","name":"Wlodzimierz Redzioch","image":{"@type":"ImageObject","inLanguage":"es","@id":"https:\/\/secure.gravatar.com\/avatar\/6d24a03e044ad402c01b933d454ac413e287e5a6d92238dd5d98c5c6073d9b49?s=96&d=mm&r=g","url":"https:\/\/secure.gravatar.com\/avatar\/6d24a03e044ad402c01b933d454ac413e287e5a6d92238dd5d98c5c6073d9b49?s=96&d=mm&r=g","contentUrl":"https:\/\/secure.gravatar.com\/avatar\/6d24a03e044ad402c01b933d454ac413e287e5a6d92238dd5d98c5c6073d9b49?s=96&d=mm&r=g","caption":"Wlodzimierz Redzioch"},"description":"Wlodzimierz Redzioch \u00e8 nato a Czestochowa (Polonia), si \u00e8 laureato in Ingegneria nel Politecnico. Dopo aver continuato gli studi nell\u2019Universit\u00e0 di Varsavia, presso l\u2019Istituto degli Studi africani, nel 1980 ha lavorato presso il Centro per i pellegrini polacchi a Roma. Dal 1981 al 2012 ha lavorato presso L\u2019Osservatore romano. Dal 1995 collabora con il settimanale cattolico polacco Niedziela come corrispondente dal Vaticano e dall\u2019Italia. Per la sua attivit\u00e0 di vaticanista il 23 settembre 2000 ha ricevuto in Polonia il premio cattolico per il giornalismo \u00abMater Verbi\u00bb; mentre il 14 luglio 2006 Sua Santit\u00e0 Benedetto XVI gli ha conferito il titolo di commendatore dell\u2019Ordine di San Silvestro papa. Autore prolifico, ha scritto diversi volumi sul Vaticano e guide ai due principali santuari mariani: Lourdes e Fatima. Promotore in Polonia del pellegrinaggio a Santiago de Compostela. In occasione della canonizzazione di Giovanni Paolo II ha pubblicato il libro \u201cAccanto a Giovanni Paolo II. Gli amici e i collaboratori raccontano\u201d (Edizioni Ares, Milano 2014), con 22 interviste, compresa la testimonianza d\u2019eccezione di Papa emerito Benedetto XVI. Nel 2024, per commemorare il 40mo anniversario dell\u2019assassinio di don Jerzy Popie\u0142uszko, ha pubblicato la sua biografia \u201cJerzy Popie\u0142uszko. Martire del comunismo\u201d (Edizioni Ares Milano 2024).","url":"https:\/\/exaudi.org\/es\/author\/wlodzimierzredzioc\/"}]}},"jetpack_featured_media_url":"https:\/\/exaudi.org\/wp-content\/uploads\/2024\/06\/Mietne-difesa-croce-diario-alunni--e1718182945318.jpg","jetpack_shortlink":"https:\/\/wp.me\/pgKjF2-qLg","_links":{"self":[{"href":"https:\/\/exaudi.org\/es\/wp-json\/wp\/v2\/posts\/102874","targetHints":{"allow":["GET"]}}],"collection":[{"href":"https:\/\/exaudi.org\/es\/wp-json\/wp\/v2\/posts"}],"about":[{"href":"https:\/\/exaudi.org\/es\/wp-json\/wp\/v2\/types\/post"}],"author":[{"embeddable":true,"href":"https:\/\/exaudi.org\/es\/wp-json\/wp\/v2\/users\/85"}],"replies":[{"embeddable":true,"href":"https:\/\/exaudi.org\/es\/wp-json\/wp\/v2\/comments?post=102874"}],"version-history":[{"count":0,"href":"https:\/\/exaudi.org\/es\/wp-json\/wp\/v2\/posts\/102874\/revisions"}],"wp:featuredmedia":[{"embeddable":true,"href":"https:\/\/exaudi.org\/es\/wp-json\/wp\/v2\/media\/102864"}],"wp:attachment":[{"href":"https:\/\/exaudi.org\/es\/wp-json\/wp\/v2\/media?parent=102874"}],"wp:term":[{"taxonomy":"category","embeddable":true,"href":"https:\/\/exaudi.org\/es\/wp-json\/wp\/v2\/categories?post=102874"},{"taxonomy":"post_tag","embeddable":true,"href":"https:\/\/exaudi.org\/es\/wp-json\/wp\/v2\/tags?post=102874"}],"curies":[{"name":"wp","href":"https:\/\/api.w.org\/{rel}","templated":true}]}}