{"id":102663,"date":"2024-06-10T13:36:47","date_gmt":"2024-06-10T11:36:47","guid":{"rendered":"https:\/\/exaudi.org\/?p=102663"},"modified":"2024-06-10T15:11:14","modified_gmt":"2024-06-10T13:11:14","slug":"schoenstatt-celebro-en-chile-el-jubileo-de-75-anos-de-un-acto-que-sello-su-mision","status":"publish","type":"post","link":"https:\/\/exaudi.org\/es\/schoenstatt-celebro-en-chile-el-jubileo-de-75-anos-de-un-acto-que-sello-su-mision\/","title":{"rendered":"Schoenstatt celebr\u00f3 en Chile el jubileo de 75 a\u00f1os de un acto que sell\u00f3 su misi\u00f3n"},"content":{"rendered":"<audio class=\"wp-audio-shortcode\" id=\"audio-102663-1\" preload=\"none\" style=\"width: 100%;\" controls=\"controls\"><source type=\"audio\/mpeg\" src=\"https:\/\/exaudi.org\/wp-content\/uploads\/2024\/06\/Schoenstatt-celebro-en-Chile-el-jubileo-de.mp3?_=1\" \/><a href=\"https:\/\/exaudi.org\/wp-content\/uploads\/2024\/06\/Schoenstatt-celebro-en-Chile-el-jubileo-de.mp3\">https:\/\/exaudi.org\/wp-content\/uploads\/2024\/06\/Schoenstatt-celebro-en-Chile-el-jubileo-de.mp3<\/a><\/audio>\n<p><span style=\"font-weight: 400\">El Movimiento de Schoenstatt ha celebrado en Santiago de Chile del 31 de mayo al 2 de junio el jubileo de 75 a\u00f1os del acto que protagonizara el P. Jos\u00e9 Kentenich, fundador de dicho movimiento, en el que depositara en el Santuario de Schoenstatt de Bellavista, en Santiago, la primera parte de una carta dirigida al obispo de Tr\u00e9veris, di\u00f3cesis en que se encuentra el centro del Movimiento. Parte de la carta llegar\u00eda a los obispos alemanes.<\/span><\/p>\n<p><span style=\"font-weight: 400\">En ella describ\u00eda una Iglesia centrada en s\u00ed misma como instituci\u00f3n, que a grandes rasgos, era incapaz de comprender el alma humana en su profundidad y de dar respuestas acordes a las exigencias del tiempo.<\/span><\/p>\n<p><span style=\"font-weight: 400\">A la vez, en la carta propon\u00eda su visi\u00f3n de una Iglesia integradora, de una relaci\u00f3n personal con un Dios que es padre, en la que Mar\u00eda acompa\u00f1a como madre y educadora, y que invita a que la Iglesia sea una familia, acentuando la importancia de desarrollar los v\u00ednculos humanos, sin negarlos o reprimirlos, como un seguro para una naturaleza sana, y que sea as\u00ed un seguro y camino para una sana relaci\u00f3n con Dios.<\/span><\/p>\n<h3><b>Acentuaci\u00f3n en la realidad actual y las exigencias que nos plantea<\/b><\/h3>\n<p><span style=\"font-weight: 400\">En estas celebraciones en Chile participaron 1500 personas de 20 pa\u00edses. Si bien se le dio importancia al paso hist\u00f3rico que diera el P. Kentenich<\/span><span style=\"font-weight: 400\"> (<a href=\"https:\/\/exaudi.org\/es\/jose-kentenich-schoenstatt-75-anos\/\" target=\"_blank\" rel=\"noopener\">ver en nuestro primer art\u00edculo detalles sobre el proceso del acto en cuesti\u00f3n y sus serias consecuencias<\/a>)<\/span><span style=\"font-weight: 400\">, la acentuaci\u00f3n estuvo dada en la respuesta que Schoenstatt da y est\u00e1 llamado a dar a la sociedad y al mundo en el tiempo actual.<\/span><\/p>\n<p><span style=\"font-weight: 400\"><img loading=\"lazy\" decoding=\"async\" class=\"alignleft size-full wp-image-102673\" src=\"https:\/\/exaudi.org\/wp-content\/uploads\/2024\/06\/02-P.-Jose-Kentenich.jpg\" alt=\"\" width=\"500\" height=\"379\" srcset=\"https:\/\/exaudi.org\/wp-content\/uploads\/2024\/06\/02-P.-Jose-Kentenich.jpg 500w, https:\/\/exaudi.org\/wp-content\/uploads\/2024\/06\/02-P.-Jose-Kentenich-300x227.jpg 300w, https:\/\/exaudi.org\/wp-content\/uploads\/2024\/06\/02-P.-Jose-Kentenich-293x222.jpg 293w, https:\/\/exaudi.org\/wp-content\/uploads\/2024\/06\/02-P.-Jose-Kentenich-390x296.jpg 390w\" sizes=\"auto, (max-width: 500px) 100vw, 500px\" \/>Se presentaron paneles, y talleres llamados \u201cencuentros Cen\u00e1culo\u201d, a trav\u00e9s de los cuales se pretendi\u00f3 bajar a la realidad la misi\u00f3n de Schoenstatt en los m\u00e1s variados contextos sociales y humanos. De esta forma Schoenstatt quiere aportar a una Iglesia que no es autorreferencial (<\/span><a href=\"https:\/\/www.vatican.va\/content\/francesco\/es\/apost_exhortations\/documents\/papa-francesco_esortazione-ap_20131124_evangelii-gaudium.html\" target=\"_blank\" rel=\"noopener\"><span style=\"font-weight: 400\">Papa Francisco, EG, 9<\/span><\/a><span style=\"font-weight: 400\">), sino en salida, \u201c<\/span><a href=\"http:\/\/redschoenstatt.org\/un-cambio-cultural-propuesta-kentenijiana-video-1\/prontus_tv\/2019-11-24\/235723.html\" target=\"_blank\" rel=\"noopener\"><span style=\"font-weight: 400\">con la mano en el pulso del tiempo y el o\u00eddo en el coraz\u00f3n de Dios<\/span><\/a><span style=\"font-weight: 400\">\u201d (P. Kentenich).<\/span><\/p>\n<p><span style=\"font-weight: 400\">Estos \u201cencuentros Cen\u00e1culo\u201d versaron sobre tem\u00e1ticas como desaf\u00edos de la sustentabilidad, el valor de una autoridad como servicio, la educaci\u00f3n de los hijos en la fe, el amor de pareja en dificultad, una econom\u00eda m\u00e1s humana, dilemas que presenta la tecnolog\u00eda, la Virgen Peregrina de Schoenstatt, Schoenstatt al servicio p\u00fablico, sanaci\u00f3n de v\u00ednculos, crisis de abusos sexuales, pedagog\u00eda kentenijiana, Schoenstatt ante la pobreza, redes sociales y evangelizaci\u00f3n, relaci\u00f3n de padres con los hijos, acompa\u00f1ando en el dolor, meditaci\u00f3n y oraci\u00f3n, y la Iglesia ante la secularizaci\u00f3n.\u00a0<\/span><\/p>\n<p><span style=\"font-weight: 400\">Como se puede ver, se trataron temas que tocan concretamente la vida, ya sea en la familia, en la forjaci\u00f3n de la personalidad, en la misi\u00f3n social del cristiano, en la espiritualidad y la fe, en la educaci\u00f3n y en la realidad de la Iglesia.<\/span><\/p>\n<h3><b>La importancia de una educaci\u00f3n prof\u00e9tica<\/b><\/h3>\n<p><span style=\"font-weight: 400\">El taller Metodolog\u00edas activas, ofrecido por la ecuatoriana Erika Cede\u00f1o, profundiz\u00f3 en la realidad de Schoenstatt como movimiento de educaci\u00f3n y educadores, acentuando que los tiempos actuales demandan una formaci\u00f3n centrada en la persona y que el contenido que se ofrece sea significativo, que pueda ser aplicado a la vida real, con base en contexto actual, y que su formador sea una persona que inspire, no solo con sus conocimientos, sino sobre todo con sus experiencias de vida.\u00a0<\/span><\/p>\n<p><span style=\"font-weight: 400\">Se trat\u00f3 de una experiencia enriquecedora, donde el inter\u00e9s com\u00fan fue actualizar la manera c\u00f3mo formamos y transformamos vidas a trav\u00e9s de la educaci\u00f3n aplicada a la vida diaria integrando tecnolog\u00eda educativa. Cede\u00f1o cerr\u00f3 con un pensamiento de Jos\u00e9 Kentenich: \u201cLa educaci\u00f3n no puede darse solamente seg\u00fan patrones preestablecidos, sino que debe tener algo de creativo, creador, no convencional y hasta prof\u00e9tico\u201d.<\/span><\/p>\n<h3><b><img loading=\"lazy\" decoding=\"async\" class=\"size-full wp-image-102679 alignnone\" src=\"https:\/\/exaudi.org\/wp-content\/uploads\/2024\/06\/03-Hermanas-cantan.jpeg\" alt=\"\" width=\"1280\" height=\"960\" srcset=\"https:\/\/exaudi.org\/wp-content\/uploads\/2024\/06\/03-Hermanas-cantan.jpeg 1280w, https:\/\/exaudi.org\/wp-content\/uploads\/2024\/06\/03-Hermanas-cantan-300x225.jpeg 300w, https:\/\/exaudi.org\/wp-content\/uploads\/2024\/06\/03-Hermanas-cantan-1024x768.jpeg 1024w, https:\/\/exaudi.org\/wp-content\/uploads\/2024\/06\/03-Hermanas-cantan-770x578.jpeg 770w, https:\/\/exaudi.org\/wp-content\/uploads\/2024\/06\/03-Hermanas-cantan-500x375.jpeg 500w, https:\/\/exaudi.org\/wp-content\/uploads\/2024\/06\/03-Hermanas-cantan-293x220.jpeg 293w, https:\/\/exaudi.org\/wp-content\/uploads\/2024\/06\/03-Hermanas-cantan-390x293.jpeg 390w\" sizes=\"auto, (max-width: 1280px) 100vw, 1280px\" \/><\/b><\/h3>\n<h3><b>Pensamiento\u00a0 y cultura del tiempo de Kentenich<\/b><\/h3>\n<p><b>Cristi\u00e1n Le\u00f3n Gonz\u00e1lez<\/b><span style=\"font-weight: 400\">, acade\u0301mico del Laboratorio de Humanidades de la Universidad San Sebastia\u0301n y <\/span><b>Mar\u00eda Asunci\u00f3n P\u00e9rez-Cotapos Valenzuela<\/b><span style=\"font-weight: 400\">, psic\u00f3loga por la Pontificia Universidad Cat\u00f3lica de Chile, con un Mag\u00edster en Psicolog\u00eda Educacional, fueron parte de un panel en el que abordaron la perspectiva del pensamiento de la \u00e9poca, en el cual se entendieron las ideas que el padre Kentenich propuso a la Iglesia, y el prisma de la cultura de aquel tiempo, las caracter\u00edsticas de la sociedad y sus implicancias. Ambos ofrecen a EXAUDI sus pensamientos al respecto.<\/span><\/p>\n<h3><b>Cu\u00e1druple vocaci\u00f3n de Kentenich: psic\u00f3logo, pedagogo, fil\u00f3sofo y metaf\u00edsico<\/b><\/h3>\n<p><span style=\"font-weight: 400\">Cristi\u00e1n Le\u00f3n entiende que \u201cuno de los motores fundamentales del Padre Kentenich era armonizar e integrar su cu\u00e1druple vocaci\u00f3n, tanto de psic\u00f3logo, como de pedagogo, de fil\u00f3sofo y de metaf\u00edsico, para poder actuar con certeza y convicci\u00f3n ante la realidad cambiante del mundo. Esto se nota muy fuertemente tanto en c\u00f3mo va organizando y articulando el Movimiento, haciendo correcciones, cultivando el esp\u00edritu y la libertad bajo una sana autoridad, como en su actitud de escrutar el tiempo, ver los principios que subyacen tras estas l\u00f3gicas, ver los rasgos de Dios encarnados en las personas y en la creaci\u00f3n, en las leyes que rigen el actuar de Dios y c\u00f3mo comparecen en su plan de salvaci\u00f3n, todo esto sintetizado en la maravillosa frase \u2018<\/span><b>la mano en el pulso del tiempo, el o\u00eddo en el coraz\u00f3n de Dios<\/b><span style=\"font-weight: 400\">\u2019. Y cierra el pensamiento remarcando que \u201ces importante comprender que el cultivo de estas cuatro actitudes, de modo simult\u00e1neo, no es com\u00fan, ni siquiera dentro del clero o del \u00e1mbito de las comunidades religiosas\u201d.<\/span><\/p>\n<h3><img loading=\"lazy\" decoding=\"async\" class=\"wp-image-102670 alignright\" src=\"https:\/\/exaudi.org\/wp-content\/uploads\/2024\/06\/04-SANTU-MATER.png\" alt=\"\" width=\"231\" height=\"264\" srcset=\"https:\/\/exaudi.org\/wp-content\/uploads\/2024\/06\/04-SANTU-MATER.png 511w, https:\/\/exaudi.org\/wp-content\/uploads\/2024\/06\/04-SANTU-MATER-263x300.png 263w, https:\/\/exaudi.org\/wp-content\/uploads\/2024\/06\/04-SANTU-MATER-500x570.png 500w, https:\/\/exaudi.org\/wp-content\/uploads\/2024\/06\/04-SANTU-MATER-293x334.png 293w, https:\/\/exaudi.org\/wp-content\/uploads\/2024\/06\/04-SANTU-MATER-390x445.png 390w\" sizes=\"auto, (max-width: 231px) 100vw, 231px\" \/><\/h3>\n<h3><b>Schoenstatt provoca desajuste en una Iglesia estructurada<\/b><\/h3>\n<p><span style=\"font-weight: 400\">Sobre el desajuste que provoca Schoenstatt, Le\u00f3n afirma que \u201chay que recordar que la Iglesia alemana hasta 1945 era organizada en forma profundamente local, y desarrollada en torno a la vida parroquial, donde florec\u00eda y prosperaba toda la vida espiritual y sacramental de los fieles, era administrada por los p\u00e1rrocos y supervisada por el obispo de la di\u00f3cesis. Esto cambi\u00f3 despu\u00e9s del final de la guerra donde se desarrollaron espiritualidades que se articularon como \u201cinstancias intermedias\u201d. Este era el caso de Schoenstatt, un movimiento \u2018deslocalizado\u2019, ya que su nueva estructura sobrepasaba los l\u00edmites estrechos y convencionales de una jurisdicci\u00f3n territorial acotada para producir una \u2018nueva relocalizaci\u00f3n\u2019. Esto, l\u00f3gicamente, iba a traer gran cantidad de malentendidos entre los obispos y el Jos\u00e9 Kentenich\u201d.<\/span><\/p>\n<h3><b>Provoca escozor en ciertos sectores<\/b><\/h3>\n<p><span style=\"font-weight: 400\">Al respecto del clima en la Iglesia universal en aquel tiempo, el acad\u00e9mico advierte que \u201cotro punto importante, es que la Visitaci\u00f3n y el exilio de Kentenich se desarrollan entre los pontificados de P\u00edo XII (1939-1958), Juan XXIII (1958-1963) y Paulo VI (1963-1978), en pleno clima y con vientos de cambio, del conservador esquema eclesiol\u00f3gico tridentino hacia el propugnado por los sectores m\u00e1s liberales o progresistas durante el Concilio Vaticano II. Es decir, hab\u00eda tensiones creadoras internas que estaban en boga, y no puede abstraerse de que las nuevas propuestas pedag\u00f3gicas y espirituales de Jos\u00e9 Kentenich iban a causar escozor en ciertos sectores\u201d.<\/span><\/p>\n<h3><b><img loading=\"lazy\" decoding=\"async\" class=\"size-full wp-image-102682 alignnone\" src=\"https:\/\/exaudi.org\/wp-content\/uploads\/2024\/06\/05-Misa-.jpeg\" alt=\"\" width=\"1600\" height=\"1200\" srcset=\"https:\/\/exaudi.org\/wp-content\/uploads\/2024\/06\/05-Misa-.jpeg 1600w, https:\/\/exaudi.org\/wp-content\/uploads\/2024\/06\/05-Misa--300x225.jpeg 300w, https:\/\/exaudi.org\/wp-content\/uploads\/2024\/06\/05-Misa--1024x768.jpeg 1024w, https:\/\/exaudi.org\/wp-content\/uploads\/2024\/06\/05-Misa--770x578.jpeg 770w, https:\/\/exaudi.org\/wp-content\/uploads\/2024\/06\/05-Misa--1536x1152.jpeg 1536w, https:\/\/exaudi.org\/wp-content\/uploads\/2024\/06\/05-Misa--500x375.jpeg 500w, https:\/\/exaudi.org\/wp-content\/uploads\/2024\/06\/05-Misa--293x220.jpeg 293w, https:\/\/exaudi.org\/wp-content\/uploads\/2024\/06\/05-Misa--1400x1050.jpeg 1400w, https:\/\/exaudi.org\/wp-content\/uploads\/2024\/06\/05-Misa--390x293.jpeg 390w\" sizes=\"auto, (max-width: 1600px) 100vw, 1600px\" \/>El sacud\u00f3n del siglo pasado y un cambio de \u00e9poca<\/b><\/h3>\n<p><span style=\"font-weight: 400\">Por su parte, Mar\u00eda Asunci\u00f3n P\u00e9rez-Cotapos profundiza en las expresiones de b\u00fasqueda de identidad en las corrientes del siglo pasado, apuntando a que \u201cel movimiento de Schoenstatt surge (1914) cuando Europa est\u00e1 viviendo lo que se llam\u00f3 \u2018el mal de fin de siglo\u2019, el desmoronamiento del ideal del hombre moderno, la decadencia moral de Europa, que desemboca en la primera y la segunda guerra mundial. En ese contexto muchos autores y corrientes est\u00e1n buscando una nueva imagen del ser humano. Dilthey llama al reconocimiento de los m\u00e9todos de conocimiento propios de las ciencias humanas, que pasan por la vivencia personal. Husserl funda la fenomenolog\u00eda, que plantea el volver a las cosas mismas, a la experiencia personal de las cosas como primer paso para conocer la esencia de la realidad. Edith Stein plantea la empat\u00eda como camino de conocimiento de la interioridad de las otras personas y como camino de conocimiento de Dios\u201d. Por \u00faltimo, la psic\u00f3loga recuerda que \u201cScheler desarrolla la idea de que la vitalidad de los seres vivos es su interioridad, la cual a trav\u00e9s de su despliegue entra en relaci\u00f3n con la interioridad de las otras personas\u201d.<\/span><\/p>\n<h3><b>Kentenich y su sanaci\u00f3n de una vivencia intelectualista de la fe<\/b><\/h3>\n<p><span style=\"font-weight: 400\">A la vez, P\u00e9rez-Cotapos hace referencia a la forma en que el fundador supera su crisis intelectualista de joven y adquiere una fe vital gracias a sus v\u00ednculos humanos, remarcando que \u201cen lo que el Padre Jos\u00e9 Kentenich llam\u00f3 un \u2018cambio de \u00e9poca\u2019, se est\u00e1 decidiendo la imagen del ser humano que plasmar\u00e1 los siguientes siglos. Una imagen mec\u00e1nica, seg\u00fan el modelo de la modernidad, o una imagen org\u00e1nica, seg\u00fan el modelo de la vitalidad. En ese contexto Kentenich tiene la experiencia del actuar de Dios en el Santuario de Schoenstatt. Por un lado experimenta que el contacto vital con los j\u00f3venes, a quienes acompa\u00f1a espiritualmente en el seminario palotino, va modelando su interioridad y lo va sanando de una mirada intelectualista de la fe. Por otro lado experimenta en s\u00ed mismo y en la vivencia de los j\u00f3venes, que en el Santuario Dios, a trav\u00e9s de la Sant\u00edsima Virgen, est\u00e1 actuando y va modelando en ellos el ideal del hombre org\u00e1nico. Ellos van descubriendo que pueden tener una relaci\u00f3n personal con Dios, que \u00c9l los ama personalmente y que a cada uno lo llam\u00f3 a la vida de manera personal y le dio una misi\u00f3n. Descubren que en ellos hay una fuerza vital en su interioridad que los hace libres y responsables de su autoeducaci\u00f3n\u201d.\u00a0<\/span><\/p>\n<h3><img loading=\"lazy\" decoding=\"async\" class=\"size-full wp-image-102676 alignnone\" src=\"https:\/\/exaudi.org\/wp-content\/uploads\/2024\/06\/06-SANTU-NOCHE-scaled.jpeg\" alt=\"\" width=\"1920\" height=\"2560\" srcset=\"https:\/\/exaudi.org\/wp-content\/uploads\/2024\/06\/06-SANTU-NOCHE-scaled.jpeg 1920w, https:\/\/exaudi.org\/wp-content\/uploads\/2024\/06\/06-SANTU-NOCHE-225x300.jpeg 225w, https:\/\/exaudi.org\/wp-content\/uploads\/2024\/06\/06-SANTU-NOCHE-768x1024.jpeg 768w, https:\/\/exaudi.org\/wp-content\/uploads\/2024\/06\/06-SANTU-NOCHE-770x1027.jpeg 770w, https:\/\/exaudi.org\/wp-content\/uploads\/2024\/06\/06-SANTU-NOCHE-1152x1536.jpeg 1152w, https:\/\/exaudi.org\/wp-content\/uploads\/2024\/06\/06-SANTU-NOCHE-1536x2048.jpeg 1536w, https:\/\/exaudi.org\/wp-content\/uploads\/2024\/06\/06-SANTU-NOCHE-500x667.jpeg 500w, https:\/\/exaudi.org\/wp-content\/uploads\/2024\/06\/06-SANTU-NOCHE-293x391.jpeg 293w, https:\/\/exaudi.org\/wp-content\/uploads\/2024\/06\/06-SANTU-NOCHE-1400x1867.jpeg 1400w, https:\/\/exaudi.org\/wp-content\/uploads\/2024\/06\/06-SANTU-NOCHE-390x520.jpeg 390w\" sizes=\"auto, (max-width: 1920px) 100vw, 1920px\" \/><\/h3>\n<h3><b>La centralidad de la misi\u00f3n de Kentenich<\/b><\/h3>\n<p><span style=\"font-weight: 400\">La psic\u00f3loga concluye que \u201cen este actuar de Dios en el Santuario, el Padre Jos\u00e9 Kentenich descubre el modelo de ser humano con el que Dios quiere plasmar los nuevos tiempos. Un ser humano profundamente arraigado en Dios, en quien se integra lo natural con lo sobrenatural a trav\u00e9s de la vivencia de la armon\u00eda entre el pensar, el vivir y el amar. Por eso, al ser cuestionado por la centralidad de la vinculaci\u00f3n de los miembros de Schoenstatt con el Santuario, con Mar\u00eda y con su propia persona, \u00e9l no tiene reparos en defender esa vivencia que \u00e9l ha tenido y ha observado que ha sucedido en muchas personas. Mar\u00eda act\u00faa en el Santuario y desde ah\u00ed est\u00e1 formando personas nuevas, profundamente arraigadas en Dios y que se presentan ante el mundo como una respuesta ante el declive moral que est\u00e1 viviendo Europa\u201d. Y remata resumiendo: \u201cNo se trata simplemente de tener una profunda espiritualidad. Los v\u00ednculos humanos sanos son esenciales para que se pueda dar un cambio profundo en la Iglesia y la sociedad, en la formaci\u00f3n de un hombre nuevo, libre interiormente y comprometido con los destinos del mundo\u201d.\u00a0<\/span><\/p>\n<h3><b><img loading=\"lazy\" decoding=\"async\" class=\"alignleft wp-image-102667\" src=\"https:\/\/exaudi.org\/wp-content\/uploads\/2024\/06\/07-arz-chomali.png\" alt=\"\" width=\"482\" height=\"247\" srcset=\"https:\/\/exaudi.org\/wp-content\/uploads\/2024\/06\/07-arz-chomali.png 881w, https:\/\/exaudi.org\/wp-content\/uploads\/2024\/06\/07-arz-chomali-300x154.png 300w, https:\/\/exaudi.org\/wp-content\/uploads\/2024\/06\/07-arz-chomali-770x394.png 770w, https:\/\/exaudi.org\/wp-content\/uploads\/2024\/06\/07-arz-chomali-500x256.png 500w, https:\/\/exaudi.org\/wp-content\/uploads\/2024\/06\/07-arz-chomali-293x150.png 293w, https:\/\/exaudi.org\/wp-content\/uploads\/2024\/06\/07-arz-chomali-390x200.png 390w\" sizes=\"auto, (max-width: 482px) 100vw, 482px\" \/>Qu\u00e9 ser\u00eda de Chile\u2026<\/b><\/h3>\n<p><span style=\"font-weight: 400\">Mons. Fernando Chomal\u00ed, arzobispo de Santiago, <\/span><a href=\"https:\/\/www.youtube.com\/watch?v=8IIrI272mOA\" target=\"_blank\" rel=\"noopener\"><span style=\"font-weight: 400\">expres\u00f3 en su homil\u00eda en la misa de cierre<\/span><\/a><span style=\"font-weight: 400\"> su reconocimiento por las diversas formas en el Movimiento de Schoenstatt aporta a la vida de Chile:\u00a0<\/span><\/p>\n<p><span style=\"font-weight: 400\">\u201c-\u00a0 \u00bfQu\u00e9 ser\u00eda de Chile, qu\u00e9 ser\u00eda Santiago, qu\u00e9 ser\u00eda esta zona, sin este Santuario y sin los santuarios que hay en tantas partes? (Son 25 los santuarios de Schoenstatt en el pa\u00eds.) Ser\u00eda otro Chile. Nadie puede calcular la inmensa cantidad de personas que en este lugar se ha encontrado con el Se\u00f1or a trav\u00e9s de la Sant\u00edsima Virgen Mar\u00eda. Millones de personas han vuelto al Se\u00f1or a trav\u00e9s de estos lugares que constituyen una gran riqueza para toda la Iglesia y un verdadero pulm\u00f3n espiritual, porque estoy seguro que lo vamos a necesitar m\u00e1s que nunca.\u00a0<\/span><\/p>\n<p><span style=\"font-weight: 400\">&#8211; \u00bfQu\u00e9 ser\u00eda de Chile sin los obispos que nos han acompa\u00f1ado, los sacerdotes, las consagradas y laicos extraordinarios con los que he tenido la gracia de trabajar?<\/span><\/p>\n<p><span style=\"font-weight: 400\">&#8211; \u00bfQu\u00e9 ser\u00eda de nuestra patria sin Mar\u00eda Ayuda? Tantas personas que han encontrado amor, acogida, cari\u00f1o.\u00a0<\/span><\/p>\n<p><span style=\"font-weight: 400\">&#8211; \u00bfQu\u00e9 ser\u00eda de nuestra patria sin la Virgen Peregrina, sin los santuarios hogares\u2026?<\/span><\/p>\n<p><span style=\"font-weight: 400\">&#8211; \u00bfQu\u00e9 ser\u00eda de nuestro pa\u00eds sin Radio Mar\u00eda, que llega a todo Chile?<\/span><\/p>\n<p><span style=\"font-weight: 400\">&#8211; \u00bfQu\u00e9 ser\u00eda del barrio \u00d1u\u00f1oa, donde yo vivo, sin el Colegio Mariano?<\/span><\/p>\n<p><span style=\"font-weight: 400\">Dios ha hecho una gran obra a trav\u00e9s de ustedes, a trav\u00e9s de esta maravillosa intuici\u00f3n, que para llegar a Jesucristo, sin lugar a dudas, Mar\u00eda es una fuente privilegiada\u201d. Y moviliz\u00f3 a los presentes provocando: \u201cLa primera actitud de Mar\u00eda es servir. O sea, el test para saber si estamos viviendo la espiritualidad de Schoenstatt es si somos servidores\u201d.\u00a0<\/span><\/p>\n<h3><b>Vamos el uno en el otro<\/b><\/h3>\n<p><span style=\"font-weight: 400\">La celebraci\u00f3n finaliz\u00f3 con una procesi\u00f3n de Corpus Christi desde la Iglesia del Esp\u00edritu Santo hasta el Santuario y la entronizaci\u00f3n de la Cruz de la Unidad en el mismo, de manos de Mons. Chomal\u00ed. <\/span><a href=\"https:\/\/www.youtube.com\/watch?v=0pzB-aYBlYo&amp;list=PLWPw4p-7hafQThmiptBBYaz1A92IAr2R9&amp;index=2\" target=\"_blank\" rel=\"noopener\"><span style=\"font-weight: 400\">El himno del jubileo <\/span><\/a><span style=\"font-weight: 400\">reson\u00f3 por mucho tiempo, inundando los corazones en medio de las despedidas, invitando a hacer realidad la misi\u00f3n de Mar\u00eda y Jes\u00fas para una Iglesia renovada en el Esp\u00edritu Santo.<\/span><\/p>\n<p><span style=\"font-weight: 400\">Esp\u00edritu Santo, ven.<\/span><\/p>\n<p><span style=\"font-weight: 400\">Transf\u00f3rmanos con tu amor.<\/span><\/p>\n<p><span style=\"font-weight: 400\">Vamos el uno en el otro,<\/span><\/p>\n<p><span style=\"font-weight: 400\">al coraz\u00f3n de Dios.<\/span><\/p>\n","protected":false},"excerpt":{"rendered":"<p>1500 personas se reunieron para renovar su compromiso por una Iglesia que todo lo renueva en el Esp\u00edritu Santo<\/p>\n","protected":false},"author":41,"featured_media":102664,"comment_status":"closed","ping_status":"closed","sticky":false,"template":"","format":"standard","meta":{"_acf_changed":false,"_crdt_document":"","inline_featured_image":false,"footnotes":""},"categories":[],"tags":[18096,18097,18091,18101,18094,1060,18120,2998,2633,18105,18110,18122,18112,18102,18100,18109,18098,4912,18108,448,1019,18114,18116,440,18090,18111,18118,18117,18113,18092,18106,1646,18119,463,18121,18104,6875,18093,3832,18107,18099,11783,4953,18095,18115,18103],"class_list":["post-102663","post","type-post","status-publish","format-standard","has-post-thumbnail","hentry","tag-1500-personas","tag-20-paises","tag-acto-fundador","tag-amor-de-pareja","tag-bellavista","tag-chile","tag-colegio-mariano","tag-concilio-vaticano-ii","tag-corpus-christi","tag-crisis-abusos-sexuales","tag-cristian-leon-gonzalez","tag-cruz-de-la-unidad","tag-cuadruple-vocacion","tag-economia-humana","tag-educacion-en-la-fe","tag-educacion-profetica","tag-encuentros-cenaculo","tag-enrique-soros","tag-erika-cedeno","tag-espiritu-santo","tag-evangelizacion","tag-exilio-de-kentenich","tag-formacion-espiritual","tag-iglesia","tag-jubileo-75-anos","tag-maria-asuncion-perez-cotapos","tag-maria-ayuda","tag-mons-fernando-chomali","tag-movimiento-deslocalizado","tag-p-jose-kentenich","tag-pedagogia-kentenijiana","tag-pobreza","tag-radio-maria","tag-redes-sociales","tag-renovacion-iglesia","tag-sanacion-de-vinculos","tag-santuario","tag-santuario-de-schoenstatt","tag-schoenstatt","tag-secularizacion","tag-sustentabilidad","tag-tecnologia-2","tag-trending-es","tag-treveris","tag-vinculos-humanos","tag-virgen-peregrina"],"acf":[],"yoast_head":"<!-- This site is optimized with the Yoast SEO plugin v27.5 - https:\/\/yoast.com\/product\/yoast-seo-wordpress\/ -->\n<title>Schoenstatt celebr\u00f3 en Chile el jubileo de 75 a\u00f1os de un acto que sell\u00f3 su misi\u00f3n &#8211; Exaudi<\/title>\n<meta name=\"robots\" content=\"index, follow, max-snippet:-1, max-image-preview:large, max-video-preview:-1\" \/>\n<link rel=\"canonical\" href=\"https:\/\/exaudi.org\/es\/schoenstatt-celebro-en-chile-el-jubileo-de-75-anos-de-un-acto-que-sello-su-mision\/\" \/>\n<meta property=\"og:locale\" content=\"es_ES\" \/>\n<meta property=\"og:type\" content=\"article\" \/>\n<meta property=\"og:title\" content=\"Schoenstatt celebr\u00f3 en Chile el jubileo de 75 a\u00f1os de un acto que sell\u00f3 su misi\u00f3n &#8211; Exaudi\" \/>\n<meta property=\"og:description\" content=\"1500 personas se reunieron para renovar su compromiso por una Iglesia que todo lo renueva en el Esp\u00edritu Santo\" \/>\n<meta property=\"og:url\" content=\"https:\/\/exaudi.org\/es\/schoenstatt-celebro-en-chile-el-jubileo-de-75-anos-de-un-acto-que-sello-su-mision\/\" \/>\n<meta property=\"og:site_name\" content=\"Exaudi\" \/>\n<meta property=\"article:publisher\" content=\"https:\/\/www.facebook.com\/ExaudiNews\" \/>\n<meta property=\"article:published_time\" content=\"2024-06-10T11:36:47+00:00\" \/>\n<meta property=\"article:modified_time\" content=\"2024-06-10T13:11:14+00:00\" \/>\n<meta property=\"og:image\" content=\"https:\/\/exaudi.org\/wp-content\/uploads\/2024\/06\/01-Santuario-banderas.jpeg\" \/>\n\t<meta property=\"og:image:width\" content=\"2048\" \/>\n\t<meta property=\"og:image:height\" content=\"1367\" \/>\n\t<meta property=\"og:image:type\" content=\"image\/jpeg\" \/>\n<meta name=\"author\" content=\"Enrique Soros\" \/>\n<meta name=\"twitter:card\" content=\"summary_large_image\" \/>\n<meta name=\"twitter:creator\" content=\"@Exaudi_News\" \/>\n<meta name=\"twitter:site\" content=\"@Exaudi_News\" \/>\n<meta name=\"twitter:label1\" content=\"Escrito por\" \/>\n\t<meta name=\"twitter:data1\" content=\"Enrique Soros\" \/>\n\t<meta name=\"twitter:label2\" content=\"Tiempo de lectura\" \/>\n\t<meta name=\"twitter:data2\" content=\"12 minutos\" \/>\n<script type=\"application\/ld+json\" class=\"yoast-schema-graph\">{\"@context\":\"https:\\\/\\\/schema.org\",\"@graph\":[{\"@type\":\"Article\",\"@id\":\"https:\\\/\\\/exaudi.org\\\/es\\\/schoenstatt-celebro-en-chile-el-jubileo-de-75-anos-de-un-acto-que-sello-su-mision\\\/#article\",\"isPartOf\":{\"@id\":\"https:\\\/\\\/exaudi.org\\\/es\\\/schoenstatt-celebro-en-chile-el-jubileo-de-75-anos-de-un-acto-que-sello-su-mision\\\/\"},\"author\":{\"name\":\"Enrique Soros\",\"@id\":\"https:\\\/\\\/exaudi.org\\\/#\\\/schema\\\/person\\\/b562feb21279ee01cdb5c8cd58ac4e33\"},\"headline\":\"Schoenstatt celebr\u00f3 en Chile el jubileo de 75 a\u00f1os de un acto que sell\u00f3 su misi\u00f3n\",\"datePublished\":\"2024-06-10T11:36:47+00:00\",\"dateModified\":\"2024-06-10T13:11:14+00:00\",\"mainEntityOfPage\":{\"@id\":\"https:\\\/\\\/exaudi.org\\\/es\\\/schoenstatt-celebro-en-chile-el-jubileo-de-75-anos-de-un-acto-que-sello-su-mision\\\/\"},\"wordCount\":2331,\"image\":{\"@id\":\"https:\\\/\\\/exaudi.org\\\/es\\\/schoenstatt-celebro-en-chile-el-jubileo-de-75-anos-de-un-acto-que-sello-su-mision\\\/#primaryimage\"},\"thumbnailUrl\":\"https:\\\/\\\/exaudi.org\\\/wp-content\\\/uploads\\\/2024\\\/06\\\/01-Santuario-banderas.jpeg\",\"keywords\":[\"1500 personas\",\"20 pa\u00edses\",\"acto fundador\",\"amor de pareja\",\"Bellavista\",\"Chile\",\"Colegio Mariano\",\"Concilio Vaticano II\",\"Corpus Christi\",\"crisis abusos sexuales\",\"Cristi\u00e1n Le\u00f3n Gonz\u00e1lez\",\"Cruz de la Unidad\",\"cu\u00e1druple vocaci\u00f3n\",\"econom\u00eda humana\",\"educaci\u00f3n en la fe\",\"educaci\u00f3n prof\u00e9tica\",\"encuentros Cen\u00e1culo\",\"Enrique Soros\",\"Erika Cede\u00f1o\",\"Esp\u00edritu Santo\",\"Evangelizaci\u00f3n\",\"exilio de Kentenich\",\"formaci\u00f3n espiritual\",\"Iglesia\",\"jubileo 75 a\u00f1os\",\"Mar\u00eda Asunci\u00f3n P\u00e9rez-Cotapos\",\"Mar\u00eda Ayuda\",\"Mons. Fernando Chomal\u00ed\",\"movimiento deslocalizado\",\"P. Jos\u00e9 Kentenich\",\"pedagog\u00eda kentenijiana\",\"Pobreza\",\"Radio Mar\u00eda\",\"Redes sociales\",\"renovaci\u00f3n Iglesia\",\"sanaci\u00f3n de v\u00ednculos\",\"Santuario\",\"Santuario de Schoenstatt\",\"Schoenstatt\",\"secularizaci\u00f3n\",\"sustentabilidad\",\"Tecnolog\u00eda\",\"Trending\",\"Tr\u00e9veris\",\"v\u00ednculos humanos\",\"Virgen Peregrina\"],\"inLanguage\":\"es\"},{\"@type\":\"WebPage\",\"@id\":\"https:\\\/\\\/exaudi.org\\\/es\\\/schoenstatt-celebro-en-chile-el-jubileo-de-75-anos-de-un-acto-que-sello-su-mision\\\/\",\"url\":\"https:\\\/\\\/exaudi.org\\\/es\\\/schoenstatt-celebro-en-chile-el-jubileo-de-75-anos-de-un-acto-que-sello-su-mision\\\/\",\"name\":\"Schoenstatt celebr\u00f3 en Chile el jubileo de 75 a\u00f1os de un acto que sell\u00f3 su misi\u00f3n &#8211; Exaudi\",\"isPartOf\":{\"@id\":\"https:\\\/\\\/exaudi.org\\\/#website\"},\"primaryImageOfPage\":{\"@id\":\"https:\\\/\\\/exaudi.org\\\/es\\\/schoenstatt-celebro-en-chile-el-jubileo-de-75-anos-de-un-acto-que-sello-su-mision\\\/#primaryimage\"},\"image\":{\"@id\":\"https:\\\/\\\/exaudi.org\\\/es\\\/schoenstatt-celebro-en-chile-el-jubileo-de-75-anos-de-un-acto-que-sello-su-mision\\\/#primaryimage\"},\"thumbnailUrl\":\"https:\\\/\\\/exaudi.org\\\/wp-content\\\/uploads\\\/2024\\\/06\\\/01-Santuario-banderas.jpeg\",\"datePublished\":\"2024-06-10T11:36:47+00:00\",\"dateModified\":\"2024-06-10T13:11:14+00:00\",\"author\":{\"@id\":\"https:\\\/\\\/exaudi.org\\\/#\\\/schema\\\/person\\\/b562feb21279ee01cdb5c8cd58ac4e33\"},\"breadcrumb\":{\"@id\":\"https:\\\/\\\/exaudi.org\\\/es\\\/schoenstatt-celebro-en-chile-el-jubileo-de-75-anos-de-un-acto-que-sello-su-mision\\\/#breadcrumb\"},\"inLanguage\":\"es\",\"potentialAction\":[{\"@type\":\"ReadAction\",\"target\":[\"https:\\\/\\\/exaudi.org\\\/es\\\/schoenstatt-celebro-en-chile-el-jubileo-de-75-anos-de-un-acto-que-sello-su-mision\\\/\"]}]},{\"@type\":\"ImageObject\",\"inLanguage\":\"es\",\"@id\":\"https:\\\/\\\/exaudi.org\\\/es\\\/schoenstatt-celebro-en-chile-el-jubileo-de-75-anos-de-un-acto-que-sello-su-mision\\\/#primaryimage\",\"url\":\"https:\\\/\\\/exaudi.org\\\/wp-content\\\/uploads\\\/2024\\\/06\\\/01-Santuario-banderas.jpeg\",\"contentUrl\":\"https:\\\/\\\/exaudi.org\\\/wp-content\\\/uploads\\\/2024\\\/06\\\/01-Santuario-banderas.jpeg\",\"width\":2048,\"height\":1367},{\"@type\":\"BreadcrumbList\",\"@id\":\"https:\\\/\\\/exaudi.org\\\/es\\\/schoenstatt-celebro-en-chile-el-jubileo-de-75-anos-de-un-acto-que-sello-su-mision\\\/#breadcrumb\",\"itemListElement\":[{\"@type\":\"ListItem\",\"position\":1,\"name\":\"Portada\",\"item\":\"https:\\\/\\\/exaudi.org\\\/es\\\/\"},{\"@type\":\"ListItem\",\"position\":2,\"name\":\"Schoenstatt celebr\u00f3 en Chile el jubileo de 75 a\u00f1os de un acto que sell\u00f3 su misi\u00f3n\"}]},{\"@type\":\"WebSite\",\"@id\":\"https:\\\/\\\/exaudi.org\\\/#website\",\"url\":\"https:\\\/\\\/exaudi.org\\\/\",\"name\":\"Exaudi\",\"description\":\"News\",\"potentialAction\":[{\"@type\":\"SearchAction\",\"target\":{\"@type\":\"EntryPoint\",\"urlTemplate\":\"https:\\\/\\\/exaudi.org\\\/?s={search_term_string}\"},\"query-input\":{\"@type\":\"PropertyValueSpecification\",\"valueRequired\":true,\"valueName\":\"search_term_string\"}}],\"inLanguage\":\"es\"},{\"@type\":\"Person\",\"@id\":\"https:\\\/\\\/exaudi.org\\\/#\\\/schema\\\/person\\\/b562feb21279ee01cdb5c8cd58ac4e33\",\"name\":\"Enrique Soros\",\"image\":{\"@type\":\"ImageObject\",\"inLanguage\":\"es\",\"@id\":\"https:\\\/\\\/secure.gravatar.com\\\/avatar\\\/909c464715f2daa91ebbef733cea12657b24a5ddb7284bf9b3bb3911d874bb9e?s=96&d=mm&r=g\",\"url\":\"https:\\\/\\\/secure.gravatar.com\\\/avatar\\\/909c464715f2daa91ebbef733cea12657b24a5ddb7284bf9b3bb3911d874bb9e?s=96&d=mm&r=g\",\"contentUrl\":\"https:\\\/\\\/secure.gravatar.com\\\/avatar\\\/909c464715f2daa91ebbef733cea12657b24a5ddb7284bf9b3bb3911d874bb9e?s=96&d=mm&r=g\",\"caption\":\"Enrique Soros\"},\"description\":\"Argentino. Reside desde hace 27 a\u00f1os en Washington, DC, Estados Unidos, con su esposa Erica, con quien tiene un hijo, Mart\u00edn, de 21 a\u00f1os. Es comunicador social, escritor, traductor p\u00fablico. Act\u00faa como agente pastoral y comunicacional en Estados Unidos, donde es vicepresidente del Consejo Nacional Cat\u00f3lico para el Ministerio Hispano -NCCHM, por sus siglas en ingl\u00e9s-, que tiene como misi\u00f3n la promoci\u00f3n y el trabajo com\u00fan de las fuerzas pastorales hispanas en el pa\u00eds. Participa en proyectos pastorales y comunicacionales en Latinoam\u00e9rica y desde 2012 colabora con el CELAM, Consejo Episcopal Latinoamericano en esfuerzos de integraci\u00f3n pastoral entre dicha instituci\u00f3n y la Iglesia en los Estados Unidos.\",\"url\":\"https:\\\/\\\/exaudi.org\\\/es\\\/author\\\/enriquesoros\\\/\"}]}<\/script>\n<!-- \/ Yoast SEO plugin. -->","yoast_head_json":{"title":"Schoenstatt celebr\u00f3 en Chile el jubileo de 75 a\u00f1os de un acto que sell\u00f3 su misi\u00f3n &#8211; Exaudi","robots":{"index":"index","follow":"follow","max-snippet":"max-snippet:-1","max-image-preview":"max-image-preview:large","max-video-preview":"max-video-preview:-1"},"canonical":"https:\/\/exaudi.org\/es\/schoenstatt-celebro-en-chile-el-jubileo-de-75-anos-de-un-acto-que-sello-su-mision\/","og_locale":"es_ES","og_type":"article","og_title":"Schoenstatt celebr\u00f3 en Chile el jubileo de 75 a\u00f1os de un acto que sell\u00f3 su misi\u00f3n &#8211; Exaudi","og_description":"1500 personas se reunieron para renovar su compromiso por una Iglesia que todo lo renueva en el Esp\u00edritu Santo","og_url":"https:\/\/exaudi.org\/es\/schoenstatt-celebro-en-chile-el-jubileo-de-75-anos-de-un-acto-que-sello-su-mision\/","og_site_name":"Exaudi","article_publisher":"https:\/\/www.facebook.com\/ExaudiNews","article_published_time":"2024-06-10T11:36:47+00:00","article_modified_time":"2024-06-10T13:11:14+00:00","og_image":[{"width":2048,"height":1367,"url":"https:\/\/exaudi.org\/wp-content\/uploads\/2024\/06\/01-Santuario-banderas.jpeg","type":"image\/jpeg"}],"author":"Enrique Soros","twitter_card":"summary_large_image","twitter_creator":"@Exaudi_News","twitter_site":"@Exaudi_News","twitter_misc":{"Escrito por":"Enrique Soros","Tiempo de lectura":"12 minutos"},"schema":{"@context":"https:\/\/schema.org","@graph":[{"@type":"Article","@id":"https:\/\/exaudi.org\/es\/schoenstatt-celebro-en-chile-el-jubileo-de-75-anos-de-un-acto-que-sello-su-mision\/#article","isPartOf":{"@id":"https:\/\/exaudi.org\/es\/schoenstatt-celebro-en-chile-el-jubileo-de-75-anos-de-un-acto-que-sello-su-mision\/"},"author":{"name":"Enrique Soros","@id":"https:\/\/exaudi.org\/#\/schema\/person\/b562feb21279ee01cdb5c8cd58ac4e33"},"headline":"Schoenstatt celebr\u00f3 en Chile el jubileo de 75 a\u00f1os de un acto que sell\u00f3 su misi\u00f3n","datePublished":"2024-06-10T11:36:47+00:00","dateModified":"2024-06-10T13:11:14+00:00","mainEntityOfPage":{"@id":"https:\/\/exaudi.org\/es\/schoenstatt-celebro-en-chile-el-jubileo-de-75-anos-de-un-acto-que-sello-su-mision\/"},"wordCount":2331,"image":{"@id":"https:\/\/exaudi.org\/es\/schoenstatt-celebro-en-chile-el-jubileo-de-75-anos-de-un-acto-que-sello-su-mision\/#primaryimage"},"thumbnailUrl":"https:\/\/exaudi.org\/wp-content\/uploads\/2024\/06\/01-Santuario-banderas.jpeg","keywords":["1500 personas","20 pa\u00edses","acto fundador","amor de pareja","Bellavista","Chile","Colegio Mariano","Concilio Vaticano II","Corpus Christi","crisis abusos sexuales","Cristi\u00e1n Le\u00f3n Gonz\u00e1lez","Cruz de la Unidad","cu\u00e1druple vocaci\u00f3n","econom\u00eda humana","educaci\u00f3n en la fe","educaci\u00f3n prof\u00e9tica","encuentros Cen\u00e1culo","Enrique Soros","Erika Cede\u00f1o","Esp\u00edritu Santo","Evangelizaci\u00f3n","exilio de Kentenich","formaci\u00f3n espiritual","Iglesia","jubileo 75 a\u00f1os","Mar\u00eda Asunci\u00f3n P\u00e9rez-Cotapos","Mar\u00eda Ayuda","Mons. Fernando Chomal\u00ed","movimiento deslocalizado","P. Jos\u00e9 Kentenich","pedagog\u00eda kentenijiana","Pobreza","Radio Mar\u00eda","Redes sociales","renovaci\u00f3n Iglesia","sanaci\u00f3n de v\u00ednculos","Santuario","Santuario de Schoenstatt","Schoenstatt","secularizaci\u00f3n","sustentabilidad","Tecnolog\u00eda","Trending","Tr\u00e9veris","v\u00ednculos humanos","Virgen Peregrina"],"inLanguage":"es"},{"@type":"WebPage","@id":"https:\/\/exaudi.org\/es\/schoenstatt-celebro-en-chile-el-jubileo-de-75-anos-de-un-acto-que-sello-su-mision\/","url":"https:\/\/exaudi.org\/es\/schoenstatt-celebro-en-chile-el-jubileo-de-75-anos-de-un-acto-que-sello-su-mision\/","name":"Schoenstatt celebr\u00f3 en Chile el jubileo de 75 a\u00f1os de un acto que sell\u00f3 su misi\u00f3n &#8211; Exaudi","isPartOf":{"@id":"https:\/\/exaudi.org\/#website"},"primaryImageOfPage":{"@id":"https:\/\/exaudi.org\/es\/schoenstatt-celebro-en-chile-el-jubileo-de-75-anos-de-un-acto-que-sello-su-mision\/#primaryimage"},"image":{"@id":"https:\/\/exaudi.org\/es\/schoenstatt-celebro-en-chile-el-jubileo-de-75-anos-de-un-acto-que-sello-su-mision\/#primaryimage"},"thumbnailUrl":"https:\/\/exaudi.org\/wp-content\/uploads\/2024\/06\/01-Santuario-banderas.jpeg","datePublished":"2024-06-10T11:36:47+00:00","dateModified":"2024-06-10T13:11:14+00:00","author":{"@id":"https:\/\/exaudi.org\/#\/schema\/person\/b562feb21279ee01cdb5c8cd58ac4e33"},"breadcrumb":{"@id":"https:\/\/exaudi.org\/es\/schoenstatt-celebro-en-chile-el-jubileo-de-75-anos-de-un-acto-que-sello-su-mision\/#breadcrumb"},"inLanguage":"es","potentialAction":[{"@type":"ReadAction","target":["https:\/\/exaudi.org\/es\/schoenstatt-celebro-en-chile-el-jubileo-de-75-anos-de-un-acto-que-sello-su-mision\/"]}]},{"@type":"ImageObject","inLanguage":"es","@id":"https:\/\/exaudi.org\/es\/schoenstatt-celebro-en-chile-el-jubileo-de-75-anos-de-un-acto-que-sello-su-mision\/#primaryimage","url":"https:\/\/exaudi.org\/wp-content\/uploads\/2024\/06\/01-Santuario-banderas.jpeg","contentUrl":"https:\/\/exaudi.org\/wp-content\/uploads\/2024\/06\/01-Santuario-banderas.jpeg","width":2048,"height":1367},{"@type":"BreadcrumbList","@id":"https:\/\/exaudi.org\/es\/schoenstatt-celebro-en-chile-el-jubileo-de-75-anos-de-un-acto-que-sello-su-mision\/#breadcrumb","itemListElement":[{"@type":"ListItem","position":1,"name":"Portada","item":"https:\/\/exaudi.org\/es\/"},{"@type":"ListItem","position":2,"name":"Schoenstatt celebr\u00f3 en Chile el jubileo de 75 a\u00f1os de un acto que sell\u00f3 su misi\u00f3n"}]},{"@type":"WebSite","@id":"https:\/\/exaudi.org\/#website","url":"https:\/\/exaudi.org\/","name":"Exaudi","description":"News","potentialAction":[{"@type":"SearchAction","target":{"@type":"EntryPoint","urlTemplate":"https:\/\/exaudi.org\/?s={search_term_string}"},"query-input":{"@type":"PropertyValueSpecification","valueRequired":true,"valueName":"search_term_string"}}],"inLanguage":"es"},{"@type":"Person","@id":"https:\/\/exaudi.org\/#\/schema\/person\/b562feb21279ee01cdb5c8cd58ac4e33","name":"Enrique Soros","image":{"@type":"ImageObject","inLanguage":"es","@id":"https:\/\/secure.gravatar.com\/avatar\/909c464715f2daa91ebbef733cea12657b24a5ddb7284bf9b3bb3911d874bb9e?s=96&d=mm&r=g","url":"https:\/\/secure.gravatar.com\/avatar\/909c464715f2daa91ebbef733cea12657b24a5ddb7284bf9b3bb3911d874bb9e?s=96&d=mm&r=g","contentUrl":"https:\/\/secure.gravatar.com\/avatar\/909c464715f2daa91ebbef733cea12657b24a5ddb7284bf9b3bb3911d874bb9e?s=96&d=mm&r=g","caption":"Enrique Soros"},"description":"Argentino. Reside desde hace 27 a\u00f1os en Washington, DC, Estados Unidos, con su esposa Erica, con quien tiene un hijo, Mart\u00edn, de 21 a\u00f1os. Es comunicador social, escritor, traductor p\u00fablico. Act\u00faa como agente pastoral y comunicacional en Estados Unidos, donde es vicepresidente del Consejo Nacional Cat\u00f3lico para el Ministerio Hispano -NCCHM, por sus siglas en ingl\u00e9s-, que tiene como misi\u00f3n la promoci\u00f3n y el trabajo com\u00fan de las fuerzas pastorales hispanas en el pa\u00eds. Participa en proyectos pastorales y comunicacionales en Latinoam\u00e9rica y desde 2012 colabora con el CELAM, Consejo Episcopal Latinoamericano en esfuerzos de integraci\u00f3n pastoral entre dicha instituci\u00f3n y la Iglesia en los Estados Unidos.","url":"https:\/\/exaudi.org\/es\/author\/enriquesoros\/"}]}},"jetpack_featured_media_url":"https:\/\/exaudi.org\/wp-content\/uploads\/2024\/06\/01-Santuario-banderas.jpeg","jetpack_shortlink":"https:\/\/wp.me\/pgKjF2-qHR","_links":{"self":[{"href":"https:\/\/exaudi.org\/es\/wp-json\/wp\/v2\/posts\/102663","targetHints":{"allow":["GET"]}}],"collection":[{"href":"https:\/\/exaudi.org\/es\/wp-json\/wp\/v2\/posts"}],"about":[{"href":"https:\/\/exaudi.org\/es\/wp-json\/wp\/v2\/types\/post"}],"author":[{"embeddable":true,"href":"https:\/\/exaudi.org\/es\/wp-json\/wp\/v2\/users\/41"}],"replies":[{"embeddable":true,"href":"https:\/\/exaudi.org\/es\/wp-json\/wp\/v2\/comments?post=102663"}],"version-history":[{"count":0,"href":"https:\/\/exaudi.org\/es\/wp-json\/wp\/v2\/posts\/102663\/revisions"}],"wp:featuredmedia":[{"embeddable":true,"href":"https:\/\/exaudi.org\/es\/wp-json\/wp\/v2\/media\/102664"}],"wp:attachment":[{"href":"https:\/\/exaudi.org\/es\/wp-json\/wp\/v2\/media?parent=102663"}],"wp:term":[{"taxonomy":"category","embeddable":true,"href":"https:\/\/exaudi.org\/es\/wp-json\/wp\/v2\/categories?post=102663"},{"taxonomy":"post_tag","embeddable":true,"href":"https:\/\/exaudi.org\/es\/wp-json\/wp\/v2\/tags?post=102663"}],"curies":[{"name":"wp","href":"https:\/\/api.w.org\/{rel}","templated":true}]}}