{"id":102633,"date":"2024-06-09T10:34:25","date_gmt":"2024-06-09T08:34:25","guid":{"rendered":"https:\/\/exaudi.org\/?p=102633"},"modified":"2024-06-09T10:34:25","modified_gmt":"2024-06-09T08:34:25","slug":"el-papa-nuestro-caminar-unidos-se-puede-representar-como-la-ejecucion-de-un-gran-concierto","status":"publish","type":"post","link":"https:\/\/exaudi.org\/es\/el-papa-nuestro-caminar-unidos-se-puede-representar-como-la-ejecucion-de-un-gran-concierto\/","title":{"rendered":"El Papa: Nuestro caminar unidos, se puede representar como la ejecuci\u00f3n de un gran \u00abconcierto\u00bb"},"content":{"rendered":"<p>Este s\u00e1bado, 8 de junio de 2024, en el Aula Pablo VI, el Santo Padre Francisco ha recibido en audiencia a los participantes en el IV Encuentro Internacional de Coros, promovido por el Coro de la Di\u00f3cesis de Roma con motivo del 40 aniversario de su fundaci\u00f3n. El encuentro, organizado por <em>Nova Opera<\/em> y patrocinado por el Dicasterio para la Cultura y la Educaci\u00f3n y el Pontificio Instituto de M\u00fasica Sacra, tendr\u00e1 lugar en el Vaticano del 7 al 9 de junio de 2024.<\/p>\n<p>Publicamos a continuaci\u00f3n el discurso que el Papa dirigi\u00f3 a los presentes en el encuentro:<\/p>\n<p>***<\/p>\n<h3><strong>Discurso del Santo Padre<\/strong><\/h3>\n<p><i>\u00a1Buenos d\u00edas!<\/i><\/p>\n<p>\u00bfHan visto c\u00f3mo la espontaneidad de los ni\u00f1os es m\u00e1s elocuente que los mejores discursos? Ellos son as\u00ed, se expresan tal como son. Debemos cuidar a los ni\u00f1os porque son el futuro, son la esperanza, pero tambi\u00e9n son el testimonio de la espontaneidad, de la inocencia y de la promesa. Y por esta raz\u00f3n Jes\u00fas dec\u00eda que quer\u00eda a los ni\u00f1os cerca de \u00c9l. Cuando los ap\u00f3stoles les dec\u00edan: \u00ab\u00a1v\u00e1yanse!\u00bb, \u00c9l replicaba: \u201c\u00a1No, no les impidan a los ni\u00f1os que vengan a m\u00ed!\u201d. Los ni\u00f1os son los privilegiados. Por eso Jes\u00fas dijo: \u201cEl Reino de Dios pertenece a los que son como ni\u00f1os\u201d. Debemos aprender de la espontaneidad que nos mostraron. Y no se acercaron por los caramelos \u2015aunque luego se dieron cuenta de que hab\u00eda caramelos\u2015, sino porque quisieron acercarse. Ellos son as\u00ed. No olvidemos la lecci\u00f3n que nos han dado hoy. Gracias.<img loading=\"lazy\" decoding=\"async\" class=\"size-medium wp-image-102637 alignleft\" src=\"https:\/\/exaudi.org\/wp-content\/uploads\/2024\/06\/cq5dam.web_.800.800-74-300x200.jpeg\" alt=\"\" width=\"300\" height=\"200\" srcset=\"https:\/\/exaudi.org\/wp-content\/uploads\/2024\/06\/cq5dam.web_.800.800-74-300x200.jpeg 300w, https:\/\/exaudi.org\/wp-content\/uploads\/2024\/06\/cq5dam.web_.800.800-74-770x513.jpeg 770w, https:\/\/exaudi.org\/wp-content\/uploads\/2024\/06\/cq5dam.web_.800.800-74-360x240.jpeg?crop=1 360w, https:\/\/exaudi.org\/wp-content\/uploads\/2024\/06\/cq5dam.web_.800.800-74-500x333.jpeg 500w, https:\/\/exaudi.org\/wp-content\/uploads\/2024\/06\/cq5dam.web_.800.800-74-370x247.jpeg 370w, https:\/\/exaudi.org\/wp-content\/uploads\/2024\/06\/cq5dam.web_.800.800-74-293x195.jpeg 293w, https:\/\/exaudi.org\/wp-content\/uploads\/2024\/06\/cq5dam.web_.800.800-74-120x80.jpeg 120w, https:\/\/exaudi.org\/wp-content\/uploads\/2024\/06\/cq5dam.web_.800.800-74-240x160.jpeg 240w, https:\/\/exaudi.org\/wp-content\/uploads\/2024\/06\/cq5dam.web_.800.800-74-390x260.jpeg 390w, https:\/\/exaudi.org\/wp-content\/uploads\/2024\/06\/cq5dam.web_.800.800-74.jpeg 800w\" sizes=\"auto, (max-width: 300px) 100vw, 300px\" \/><\/p>\n<p>Les doy la bienvenida a todos y, de modo particular, agradezco al maestro Mons. Marco Frisina y le agradezco a\u00a0<i>Nova Opera<\/i>\u00a0la organizaci\u00f3n de esta iniciativa que se realiza con ocasi\u00f3n de los cuarenta a\u00f1os de la fundaci\u00f3n del Coro de la Di\u00f3cesis de Roma. Es un aniversario que los anima a todos ustedes a seguir adelante en el valioso servicio que prestan, en Roma y en muchas otras partes del mundo.<\/p>\n<p>Vuestro encuentro, que ha llegado a su cuarta edici\u00f3n, re\u00fane a numerosos coros parroquiales y diocesanos,\u00a0<i>schol\u00e6 cantorum<\/i>, capillas musicales, directores y m\u00fasicos. Han venido al Vaticano para profundizar juntos el significado de la m\u00fasica que est\u00e1 al servicio de la liturgia; y es hermoso verlos aqu\u00ed, tambi\u00e9n porque, viniendo de lugares distintos pero unidos por la fe y la pasi\u00f3n musical, son un signo fuerte de unidad. Por eso, quisiera llamar vuestra atenci\u00f3n sobre tres aspectos esenciales del servicio que prestan , es decir, la\u00a0<i>armon\u00eda<\/i>, la\u00a0<i>comuni\u00f3n<\/i>\u00a0y la\u00a0<i>alegr\u00eda<\/i>.<\/p>\n<p>Primero: la\u00a0<i>armon\u00eda<\/i>. La m\u00fasica genera armon\u00eda alcanzando a todos, consolando a quien sufre, devolviendo entusiasmo a quien est\u00e1 desanimado y haciendo florecer en cada uno valores maravillosos como la belleza y la poes\u00eda, reflejo de la luz armoniosa de Dios. De hecho, el arte musical tiene un lenguaje universal e inmediato, que no necesita traducciones, ni muchas explicaciones conceptuales. Pueden apreciarlo los sencillos y los doctos, unos captando alg\u00fan aspecto y otros uno distinto, con m\u00e1s o menos profundidad, pero benefici\u00e1ndose todos de la misma riqueza. Adem\u00e1s, la m\u00fasica educa a la escucha, a la atenci\u00f3n y al estudio, elevando las emociones, los sentimientos y los pensamientos (cf.\u00a0<i>Ef<\/i>\u00a04,4-8), llevando a las personas m\u00e1s all\u00e1 del torbellino de la prisa, del ruido y de una visi\u00f3n materialista de la vida, y ayud\u00e1ndolas a contemplarse mejor a s\u00ed mismas y a la realidad que las rodea. Da as\u00ed, a quien la cultiva, una mirada sabia y sosegada, con la que se superan m\u00e1s f\u00e1cilmente divisiones y antagonismos, para estar \u2014al igual que los instrumentos de una orquesta o las voces de un coro\u2014<i>en concordancia<\/i>, para estar atentos a no desafinar y corregir las\u00a0<i>disonancias<\/i>, que tambi\u00e9n son \u00fatiles para la din\u00e1mica de las composiciones, siempre que se integren en un tejido arm\u00f3nico.<img loading=\"lazy\" decoding=\"async\" class=\"size-medium wp-image-102640 alignright\" src=\"https:\/\/exaudi.org\/wp-content\/uploads\/2024\/06\/cq5dam.web_.800.800-75-300x200.jpeg\" alt=\"\" width=\"300\" height=\"200\" srcset=\"https:\/\/exaudi.org\/wp-content\/uploads\/2024\/06\/cq5dam.web_.800.800-75-300x200.jpeg 300w, https:\/\/exaudi.org\/wp-content\/uploads\/2024\/06\/cq5dam.web_.800.800-75-770x513.jpeg 770w, https:\/\/exaudi.org\/wp-content\/uploads\/2024\/06\/cq5dam.web_.800.800-75-360x240.jpeg?crop=1 360w, https:\/\/exaudi.org\/wp-content\/uploads\/2024\/06\/cq5dam.web_.800.800-75-500x333.jpeg 500w, https:\/\/exaudi.org\/wp-content\/uploads\/2024\/06\/cq5dam.web_.800.800-75-370x247.jpeg 370w, https:\/\/exaudi.org\/wp-content\/uploads\/2024\/06\/cq5dam.web_.800.800-75-293x195.jpeg 293w, https:\/\/exaudi.org\/wp-content\/uploads\/2024\/06\/cq5dam.web_.800.800-75-120x80.jpeg 120w, https:\/\/exaudi.org\/wp-content\/uploads\/2024\/06\/cq5dam.web_.800.800-75-240x160.jpeg 240w, https:\/\/exaudi.org\/wp-content\/uploads\/2024\/06\/cq5dam.web_.800.800-75-390x260.jpeg 390w, https:\/\/exaudi.org\/wp-content\/uploads\/2024\/06\/cq5dam.web_.800.800-75.jpeg 800w\" sizes=\"auto, (max-width: 300px) 100vw, 300px\" \/><\/p>\n<p>Segundo: la\u00a0<i>comuni\u00f3n<\/i>. El canto coral se realiza juntos, no solos. Y tambi\u00e9n esto nos habla de la Iglesia y del mundo en que vivimos. Nuestro caminar unidos, en efecto, se puede representar como la ejecuci\u00f3n de un gran \u00abconcierto\u00bb, en el que cada uno participa con sus propias capacidades y ofrece su propia contribuci\u00f3n, tocando o cantando su \u201cparte\u201d y encontrando as\u00ed la propia unicidad enriquecida por la sinfon\u00eda de la comuni\u00f3n. En un coro y en una orquesta, todos tienen necesidad unos de otros, y el \u00e9xito de la ejecuci\u00f3n de todos est\u00e1 condicionado por el empe\u00f1o de cada uno, por el hecho de que cada uno aporte lo mejor en su papel, respetando y escuchando a quien est\u00e1 a su lado, sin protagonismos, en sinton\u00eda. Precisamente como en la Iglesia y en la vida, donde cada uno est\u00e1 llamado a efectuar bien su parte en beneficio de toda la comunidad, para que desde el mundo entero se eleve un canto de alabanza a Dios (cf. Sal 47,2).<\/p>\n<p>Y, por \u00faltimo, la\u00a0<i>alegr\u00eda<\/i>. Ustedes son custodios de un tesoro secular de arte, de belleza y de espiritualidad. No dejen que la mentalidad del mundo lo contamine con su propio inter\u00e9s, la ambici\u00f3n, los celos, las divisiones, todas estas cosas que, como ustedes bien saben, pueden introducirse en la vida de un coro, de una comunidad, convirti\u00e9ndolos en ambientes que ya no son alegres, sino tristes y aburridos, hasta disgregarlos. En cambio, a ustedes les har\u00e1 bien tener alto el tenor espiritual de vuestra vocaci\u00f3n: con la oraci\u00f3n y la meditaci\u00f3n de la Palabra de Dios, participando, adem\u00e1s de con la voz, tambi\u00e9n con la mente y con el coraz\u00f3n en las liturgias que animan, y viviendo con entusiasmo los contenidos de estas d\u00eda a d\u00eda, para que vuestra m\u00fasica sea cada vez m\u00e1s una elevaci\u00f3n feliz del coraz\u00f3n a Dios, que con su amor atrae, ilumina y transforma todo (cf. 1\u00a0<i>Cor<\/i>\u00a013,1-13). As\u00ed har\u00e1n realidad esta exhortaci\u00f3n de san Agust\u00edn: \u00abAlabemos al Se\u00f1or con la vida y con la lengua, con el coraz\u00f3n y con los labios, con la voz y con la conducta\u00bb (Disc. 256).<img loading=\"lazy\" decoding=\"async\" class=\"size-medium wp-image-102643 alignleft\" src=\"https:\/\/exaudi.org\/wp-content\/uploads\/2024\/06\/cq5dam.web_.800.800-76-300x200.jpeg\" alt=\"\" width=\"300\" height=\"200\" srcset=\"https:\/\/exaudi.org\/wp-content\/uploads\/2024\/06\/cq5dam.web_.800.800-76-300x200.jpeg 300w, https:\/\/exaudi.org\/wp-content\/uploads\/2024\/06\/cq5dam.web_.800.800-76-770x513.jpeg 770w, https:\/\/exaudi.org\/wp-content\/uploads\/2024\/06\/cq5dam.web_.800.800-76-360x240.jpeg?crop=1 360w, https:\/\/exaudi.org\/wp-content\/uploads\/2024\/06\/cq5dam.web_.800.800-76-500x333.jpeg 500w, https:\/\/exaudi.org\/wp-content\/uploads\/2024\/06\/cq5dam.web_.800.800-76-370x247.jpeg 370w, https:\/\/exaudi.org\/wp-content\/uploads\/2024\/06\/cq5dam.web_.800.800-76-293x195.jpeg 293w, https:\/\/exaudi.org\/wp-content\/uploads\/2024\/06\/cq5dam.web_.800.800-76-120x80.jpeg 120w, https:\/\/exaudi.org\/wp-content\/uploads\/2024\/06\/cq5dam.web_.800.800-76-240x160.jpeg 240w, https:\/\/exaudi.org\/wp-content\/uploads\/2024\/06\/cq5dam.web_.800.800-76-390x260.jpeg 390w, https:\/\/exaudi.org\/wp-content\/uploads\/2024\/06\/cq5dam.web_.800.800-76.jpeg 800w\" sizes=\"auto, (max-width: 300px) 100vw, 300px\" \/><\/p>\n<p>Queridas hermanas y queridos hermanos, les agradezco que hayan venido y, sobre todo, agradezco el servicio que prestan a la oraci\u00f3n de la Iglesia y a la evangelizaci\u00f3n. Los acompa\u00f1o con mi bendici\u00f3n. Y les pido por favor que, mientras cantan, recen tambi\u00e9n por m\u00ed. Gracia<\/p>\n","protected":false},"excerpt":{"rendered":"<p>IV Encuentro Internacional de Coros<\/p>\n","protected":false},"author":15,"featured_media":102634,"comment_status":"closed","ping_status":"closed","sticky":false,"template":"","format":"standard","meta":{"_acf_changed":false,"_crdt_document":"","inline_featured_image":false,"footnotes":""},"categories":[124,68],"tags":[18066,11163,158,4953,272],"class_list":["post-102633","post","type-post","status-publish","format-standard","has-post-thumbnail","hentry","category-discursos","category-leon-xiv","tag-iv-encuentro-internacional-de-coros","tag-musica-sacra","tag-papa-francisco","tag-trending-es","tag-vaticano-es"],"acf":[],"yoast_head":"<!-- This site is optimized with the Yoast SEO plugin v27.5 - https:\/\/yoast.com\/product\/yoast-seo-wordpress\/ -->\n<title>El Papa: Nuestro caminar unidos, se puede representar como la ejecuci\u00f3n de un gran &quot;concierto&quot; &#8211; Exaudi<\/title>\n<meta name=\"robots\" content=\"index, follow, max-snippet:-1, max-image-preview:large, max-video-preview:-1\" \/>\n<link rel=\"canonical\" href=\"https:\/\/exaudi.org\/es\/el-papa-nuestro-caminar-unidos-se-puede-representar-como-la-ejecucion-de-un-gran-concierto\/\" \/>\n<meta property=\"og:locale\" content=\"es_ES\" \/>\n<meta property=\"og:type\" content=\"article\" \/>\n<meta property=\"og:title\" content=\"El Papa: Nuestro caminar unidos, se puede representar como la ejecuci\u00f3n de un gran &quot;concierto&quot; &#8211; Exaudi\" \/>\n<meta property=\"og:description\" content=\"IV Encuentro Internacional de Coros\" \/>\n<meta property=\"og:url\" content=\"https:\/\/exaudi.org\/es\/el-papa-nuestro-caminar-unidos-se-puede-representar-como-la-ejecucion-de-un-gran-concierto\/\" \/>\n<meta property=\"og:site_name\" content=\"Exaudi\" \/>\n<meta property=\"article:publisher\" content=\"https:\/\/www.facebook.com\/ExaudiNews\" \/>\n<meta property=\"article:author\" content=\"https:\/\/www.facebook.com\/ExaudiNoticias\/\" \/>\n<meta property=\"article:published_time\" content=\"2024-06-09T08:34:25+00:00\" \/>\n<meta property=\"og:image\" content=\"https:\/\/exaudi.org\/wp-content\/uploads\/2024\/06\/cq5dam.web_.800.800-73.jpeg\" \/>\n\t<meta property=\"og:image:width\" content=\"800\" \/>\n\t<meta property=\"og:image:height\" content=\"533\" \/>\n\t<meta property=\"og:image:type\" content=\"image\/jpeg\" \/>\n<meta name=\"author\" content=\"Exaudi Redacci\u00f3n\" \/>\n<meta name=\"twitter:card\" content=\"summary_large_image\" \/>\n<meta name=\"twitter:creator\" content=\"@Exaudi_noticias\" \/>\n<meta name=\"twitter:site\" content=\"@Exaudi_News\" \/>\n<meta name=\"twitter:label1\" content=\"Escrito por\" \/>\n\t<meta name=\"twitter:data1\" content=\"Exaudi Redacci\u00f3n\" \/>\n\t<meta name=\"twitter:label2\" content=\"Tiempo de lectura\" \/>\n\t<meta name=\"twitter:data2\" content=\"6 minutos\" \/>\n<script type=\"application\/ld+json\" class=\"yoast-schema-graph\">{\"@context\":\"https:\\\/\\\/schema.org\",\"@graph\":[{\"@type\":\"Article\",\"@id\":\"https:\\\/\\\/exaudi.org\\\/es\\\/el-papa-nuestro-caminar-unidos-se-puede-representar-como-la-ejecucion-de-un-gran-concierto\\\/#article\",\"isPartOf\":{\"@id\":\"https:\\\/\\\/exaudi.org\\\/es\\\/el-papa-nuestro-caminar-unidos-se-puede-representar-como-la-ejecucion-de-un-gran-concierto\\\/\"},\"author\":{\"name\":\"Exaudi Redacci\u00f3n\",\"@id\":\"https:\\\/\\\/exaudi.org\\\/#\\\/schema\\\/person\\\/f5fc8f063065e38742da7afe15f25df7\"},\"headline\":\"El Papa: Nuestro caminar unidos, se puede representar como la ejecuci\u00f3n de un gran \u00abconcierto\u00bb\",\"datePublished\":\"2024-06-09T08:34:25+00:00\",\"mainEntityOfPage\":{\"@id\":\"https:\\\/\\\/exaudi.org\\\/es\\\/el-papa-nuestro-caminar-unidos-se-puede-representar-como-la-ejecucion-de-un-gran-concierto\\\/\"},\"wordCount\":1133,\"image\":{\"@id\":\"https:\\\/\\\/exaudi.org\\\/es\\\/el-papa-nuestro-caminar-unidos-se-puede-representar-como-la-ejecucion-de-un-gran-concierto\\\/#primaryimage\"},\"thumbnailUrl\":\"https:\\\/\\\/exaudi.org\\\/wp-content\\\/uploads\\\/2024\\\/06\\\/cq5dam.web_.800.800-73.jpeg\",\"keywords\":[\"IV Encuentro Internacional de Coros\",\"Musica Sacra\",\"papa francisco\",\"Trending\",\"Vaticano\"],\"articleSection\":[\"Discursos\",\"Le\u00f3n XIV\"],\"inLanguage\":\"es\"},{\"@type\":\"WebPage\",\"@id\":\"https:\\\/\\\/exaudi.org\\\/es\\\/el-papa-nuestro-caminar-unidos-se-puede-representar-como-la-ejecucion-de-un-gran-concierto\\\/\",\"url\":\"https:\\\/\\\/exaudi.org\\\/es\\\/el-papa-nuestro-caminar-unidos-se-puede-representar-como-la-ejecucion-de-un-gran-concierto\\\/\",\"name\":\"El Papa: Nuestro caminar unidos, se puede representar como la ejecuci\u00f3n de un gran \\\"concierto\\\" &#8211; Exaudi\",\"isPartOf\":{\"@id\":\"https:\\\/\\\/exaudi.org\\\/#website\"},\"primaryImageOfPage\":{\"@id\":\"https:\\\/\\\/exaudi.org\\\/es\\\/el-papa-nuestro-caminar-unidos-se-puede-representar-como-la-ejecucion-de-un-gran-concierto\\\/#primaryimage\"},\"image\":{\"@id\":\"https:\\\/\\\/exaudi.org\\\/es\\\/el-papa-nuestro-caminar-unidos-se-puede-representar-como-la-ejecucion-de-un-gran-concierto\\\/#primaryimage\"},\"thumbnailUrl\":\"https:\\\/\\\/exaudi.org\\\/wp-content\\\/uploads\\\/2024\\\/06\\\/cq5dam.web_.800.800-73.jpeg\",\"datePublished\":\"2024-06-09T08:34:25+00:00\",\"author\":{\"@id\":\"https:\\\/\\\/exaudi.org\\\/#\\\/schema\\\/person\\\/f5fc8f063065e38742da7afe15f25df7\"},\"breadcrumb\":{\"@id\":\"https:\\\/\\\/exaudi.org\\\/es\\\/el-papa-nuestro-caminar-unidos-se-puede-representar-como-la-ejecucion-de-un-gran-concierto\\\/#breadcrumb\"},\"inLanguage\":\"es\",\"potentialAction\":[{\"@type\":\"ReadAction\",\"target\":[\"https:\\\/\\\/exaudi.org\\\/es\\\/el-papa-nuestro-caminar-unidos-se-puede-representar-como-la-ejecucion-de-un-gran-concierto\\\/\"]}]},{\"@type\":\"ImageObject\",\"inLanguage\":\"es\",\"@id\":\"https:\\\/\\\/exaudi.org\\\/es\\\/el-papa-nuestro-caminar-unidos-se-puede-representar-como-la-ejecucion-de-un-gran-concierto\\\/#primaryimage\",\"url\":\"https:\\\/\\\/exaudi.org\\\/wp-content\\\/uploads\\\/2024\\\/06\\\/cq5dam.web_.800.800-73.jpeg\",\"contentUrl\":\"https:\\\/\\\/exaudi.org\\\/wp-content\\\/uploads\\\/2024\\\/06\\\/cq5dam.web_.800.800-73.jpeg\",\"width\":800,\"height\":533},{\"@type\":\"BreadcrumbList\",\"@id\":\"https:\\\/\\\/exaudi.org\\\/es\\\/el-papa-nuestro-caminar-unidos-se-puede-representar-como-la-ejecucion-de-un-gran-concierto\\\/#breadcrumb\",\"itemListElement\":[{\"@type\":\"ListItem\",\"position\":1,\"name\":\"Portada\",\"item\":\"https:\\\/\\\/exaudi.org\\\/es\\\/\"},{\"@type\":\"ListItem\",\"position\":2,\"name\":\"El Papa: Nuestro caminar unidos, se puede representar como la ejecuci\u00f3n de un gran \u00abconcierto\u00bb\"}]},{\"@type\":\"WebSite\",\"@id\":\"https:\\\/\\\/exaudi.org\\\/#website\",\"url\":\"https:\\\/\\\/exaudi.org\\\/\",\"name\":\"Exaudi\",\"description\":\"News\",\"potentialAction\":[{\"@type\":\"SearchAction\",\"target\":{\"@type\":\"EntryPoint\",\"urlTemplate\":\"https:\\\/\\\/exaudi.org\\\/?s={search_term_string}\"},\"query-input\":{\"@type\":\"PropertyValueSpecification\",\"valueRequired\":true,\"valueName\":\"search_term_string\"}}],\"inLanguage\":\"es\"},{\"@type\":\"Person\",\"@id\":\"https:\\\/\\\/exaudi.org\\\/#\\\/schema\\\/person\\\/f5fc8f063065e38742da7afe15f25df7\",\"name\":\"Exaudi Redacci\u00f3n\",\"image\":{\"@type\":\"ImageObject\",\"inLanguage\":\"es\",\"@id\":\"https:\\\/\\\/secure.gravatar.com\\\/avatar\\\/fe0f6a059fb68d9b3e11bc5850dd4899b1c7492091a3cb6dd9b01b56ad828be2?s=96&d=mm&r=g\",\"url\":\"https:\\\/\\\/secure.gravatar.com\\\/avatar\\\/fe0f6a059fb68d9b3e11bc5850dd4899b1c7492091a3cb6dd9b01b56ad828be2?s=96&d=mm&r=g\",\"contentUrl\":\"https:\\\/\\\/secure.gravatar.com\\\/avatar\\\/fe0f6a059fb68d9b3e11bc5850dd4899b1c7492091a3cb6dd9b01b56ad828be2?s=96&d=mm&r=g\",\"caption\":\"Exaudi Redacci\u00f3n\"},\"description\":\"\u00bfQu\u00e9 es Exaudi News? Exaudi News es un medio de comunicaci\u00f3n cat\u00f3lico internacional que informa, forma y transforma, diariamente en espa\u00f1ol, ingl\u00e9s e italiano. A trav\u00e9s de noticias, art\u00edculos de an\u00e1lisis y transmisiones en directo de los eventos del Papa, Exaudi busca fortalecer la unidad de los cristianos y contribuir a la evangelizaci\u00f3n del mundo, siempre guiados por la doctrina social de la Iglesia. Trabajamos para acercar la verdad y los valores cristianos a cada rinc\u00f3n del planeta. \u00a1Ay\u00fadanos a transformar el mundo con Exaudi! En Exaudi creemos que la evangelizaci\u00f3n y la informaci\u00f3n de calidad pueden cambiar vidas. Para continuar con nuestra misi\u00f3n y expandir nuestro alcance, necesitamos tu ayuda. Adem\u00e1s, buscamos personas comprometidas que deseen unirse a nuestro equipo. Con tu apoyo, lograremos llegar a m\u00e1s personas, difundir el mensaje de Cristo y reforzar la unidad de los cristianos. \u00bfTe unes a nuestra misi\u00f3n? Para m\u00e1s informaci\u00f3n sobre c\u00f3mo colaborar, visita Exaudi.org\\\/es o cont\u00e1ctanos directamente: info@exaudi.org Exaudi: Informa, forma y transforma.\",\"sameAs\":[\"https:\\\/\\\/www.facebook.com\\\/ExaudiNoticias\\\/\",\"https:\\\/\\\/www.instagram.com\\\/exaudi_noticias\\\/\",\"https:\\\/\\\/x.com\\\/Exaudi_noticias\",\"https:\\\/\\\/www.youtube.com\\\/@exaudicatholicnews\"],\"url\":\"https:\\\/\\\/exaudi.org\\\/es\\\/author\\\/redaccionexaudi\\\/\"}]}<\/script>\n<!-- \/ Yoast SEO plugin. -->","yoast_head_json":{"title":"El Papa: Nuestro caminar unidos, se puede representar como la ejecuci\u00f3n de un gran \"concierto\" &#8211; Exaudi","robots":{"index":"index","follow":"follow","max-snippet":"max-snippet:-1","max-image-preview":"max-image-preview:large","max-video-preview":"max-video-preview:-1"},"canonical":"https:\/\/exaudi.org\/es\/el-papa-nuestro-caminar-unidos-se-puede-representar-como-la-ejecucion-de-un-gran-concierto\/","og_locale":"es_ES","og_type":"article","og_title":"El Papa: Nuestro caminar unidos, se puede representar como la ejecuci\u00f3n de un gran \"concierto\" &#8211; Exaudi","og_description":"IV Encuentro Internacional de Coros","og_url":"https:\/\/exaudi.org\/es\/el-papa-nuestro-caminar-unidos-se-puede-representar-como-la-ejecucion-de-un-gran-concierto\/","og_site_name":"Exaudi","article_publisher":"https:\/\/www.facebook.com\/ExaudiNews","article_author":"https:\/\/www.facebook.com\/ExaudiNoticias\/","article_published_time":"2024-06-09T08:34:25+00:00","og_image":[{"width":800,"height":533,"url":"https:\/\/exaudi.org\/wp-content\/uploads\/2024\/06\/cq5dam.web_.800.800-73.jpeg","type":"image\/jpeg"}],"author":"Exaudi Redacci\u00f3n","twitter_card":"summary_large_image","twitter_creator":"@Exaudi_noticias","twitter_site":"@Exaudi_News","twitter_misc":{"Escrito por":"Exaudi Redacci\u00f3n","Tiempo de lectura":"6 minutos"},"schema":{"@context":"https:\/\/schema.org","@graph":[{"@type":"Article","@id":"https:\/\/exaudi.org\/es\/el-papa-nuestro-caminar-unidos-se-puede-representar-como-la-ejecucion-de-un-gran-concierto\/#article","isPartOf":{"@id":"https:\/\/exaudi.org\/es\/el-papa-nuestro-caminar-unidos-se-puede-representar-como-la-ejecucion-de-un-gran-concierto\/"},"author":{"name":"Exaudi Redacci\u00f3n","@id":"https:\/\/exaudi.org\/#\/schema\/person\/f5fc8f063065e38742da7afe15f25df7"},"headline":"El Papa: Nuestro caminar unidos, se puede representar como la ejecuci\u00f3n de un gran \u00abconcierto\u00bb","datePublished":"2024-06-09T08:34:25+00:00","mainEntityOfPage":{"@id":"https:\/\/exaudi.org\/es\/el-papa-nuestro-caminar-unidos-se-puede-representar-como-la-ejecucion-de-un-gran-concierto\/"},"wordCount":1133,"image":{"@id":"https:\/\/exaudi.org\/es\/el-papa-nuestro-caminar-unidos-se-puede-representar-como-la-ejecucion-de-un-gran-concierto\/#primaryimage"},"thumbnailUrl":"https:\/\/exaudi.org\/wp-content\/uploads\/2024\/06\/cq5dam.web_.800.800-73.jpeg","keywords":["IV Encuentro Internacional de Coros","Musica Sacra","papa francisco","Trending","Vaticano"],"articleSection":["Discursos","Le\u00f3n XIV"],"inLanguage":"es"},{"@type":"WebPage","@id":"https:\/\/exaudi.org\/es\/el-papa-nuestro-caminar-unidos-se-puede-representar-como-la-ejecucion-de-un-gran-concierto\/","url":"https:\/\/exaudi.org\/es\/el-papa-nuestro-caminar-unidos-se-puede-representar-como-la-ejecucion-de-un-gran-concierto\/","name":"El Papa: Nuestro caminar unidos, se puede representar como la ejecuci\u00f3n de un gran \"concierto\" &#8211; Exaudi","isPartOf":{"@id":"https:\/\/exaudi.org\/#website"},"primaryImageOfPage":{"@id":"https:\/\/exaudi.org\/es\/el-papa-nuestro-caminar-unidos-se-puede-representar-como-la-ejecucion-de-un-gran-concierto\/#primaryimage"},"image":{"@id":"https:\/\/exaudi.org\/es\/el-papa-nuestro-caminar-unidos-se-puede-representar-como-la-ejecucion-de-un-gran-concierto\/#primaryimage"},"thumbnailUrl":"https:\/\/exaudi.org\/wp-content\/uploads\/2024\/06\/cq5dam.web_.800.800-73.jpeg","datePublished":"2024-06-09T08:34:25+00:00","author":{"@id":"https:\/\/exaudi.org\/#\/schema\/person\/f5fc8f063065e38742da7afe15f25df7"},"breadcrumb":{"@id":"https:\/\/exaudi.org\/es\/el-papa-nuestro-caminar-unidos-se-puede-representar-como-la-ejecucion-de-un-gran-concierto\/#breadcrumb"},"inLanguage":"es","potentialAction":[{"@type":"ReadAction","target":["https:\/\/exaudi.org\/es\/el-papa-nuestro-caminar-unidos-se-puede-representar-como-la-ejecucion-de-un-gran-concierto\/"]}]},{"@type":"ImageObject","inLanguage":"es","@id":"https:\/\/exaudi.org\/es\/el-papa-nuestro-caminar-unidos-se-puede-representar-como-la-ejecucion-de-un-gran-concierto\/#primaryimage","url":"https:\/\/exaudi.org\/wp-content\/uploads\/2024\/06\/cq5dam.web_.800.800-73.jpeg","contentUrl":"https:\/\/exaudi.org\/wp-content\/uploads\/2024\/06\/cq5dam.web_.800.800-73.jpeg","width":800,"height":533},{"@type":"BreadcrumbList","@id":"https:\/\/exaudi.org\/es\/el-papa-nuestro-caminar-unidos-se-puede-representar-como-la-ejecucion-de-un-gran-concierto\/#breadcrumb","itemListElement":[{"@type":"ListItem","position":1,"name":"Portada","item":"https:\/\/exaudi.org\/es\/"},{"@type":"ListItem","position":2,"name":"El Papa: Nuestro caminar unidos, se puede representar como la ejecuci\u00f3n de un gran \u00abconcierto\u00bb"}]},{"@type":"WebSite","@id":"https:\/\/exaudi.org\/#website","url":"https:\/\/exaudi.org\/","name":"Exaudi","description":"News","potentialAction":[{"@type":"SearchAction","target":{"@type":"EntryPoint","urlTemplate":"https:\/\/exaudi.org\/?s={search_term_string}"},"query-input":{"@type":"PropertyValueSpecification","valueRequired":true,"valueName":"search_term_string"}}],"inLanguage":"es"},{"@type":"Person","@id":"https:\/\/exaudi.org\/#\/schema\/person\/f5fc8f063065e38742da7afe15f25df7","name":"Exaudi Redacci\u00f3n","image":{"@type":"ImageObject","inLanguage":"es","@id":"https:\/\/secure.gravatar.com\/avatar\/fe0f6a059fb68d9b3e11bc5850dd4899b1c7492091a3cb6dd9b01b56ad828be2?s=96&d=mm&r=g","url":"https:\/\/secure.gravatar.com\/avatar\/fe0f6a059fb68d9b3e11bc5850dd4899b1c7492091a3cb6dd9b01b56ad828be2?s=96&d=mm&r=g","contentUrl":"https:\/\/secure.gravatar.com\/avatar\/fe0f6a059fb68d9b3e11bc5850dd4899b1c7492091a3cb6dd9b01b56ad828be2?s=96&d=mm&r=g","caption":"Exaudi Redacci\u00f3n"},"description":"\u00bfQu\u00e9 es Exaudi News? Exaudi News es un medio de comunicaci\u00f3n cat\u00f3lico internacional que informa, forma y transforma, diariamente en espa\u00f1ol, ingl\u00e9s e italiano. A trav\u00e9s de noticias, art\u00edculos de an\u00e1lisis y transmisiones en directo de los eventos del Papa, Exaudi busca fortalecer la unidad de los cristianos y contribuir a la evangelizaci\u00f3n del mundo, siempre guiados por la doctrina social de la Iglesia. Trabajamos para acercar la verdad y los valores cristianos a cada rinc\u00f3n del planeta. \u00a1Ay\u00fadanos a transformar el mundo con Exaudi! En Exaudi creemos que la evangelizaci\u00f3n y la informaci\u00f3n de calidad pueden cambiar vidas. Para continuar con nuestra misi\u00f3n y expandir nuestro alcance, necesitamos tu ayuda. Adem\u00e1s, buscamos personas comprometidas que deseen unirse a nuestro equipo. Con tu apoyo, lograremos llegar a m\u00e1s personas, difundir el mensaje de Cristo y reforzar la unidad de los cristianos. \u00bfTe unes a nuestra misi\u00f3n? Para m\u00e1s informaci\u00f3n sobre c\u00f3mo colaborar, visita Exaudi.org\/es o cont\u00e1ctanos directamente: info@exaudi.org Exaudi: Informa, forma y transforma.","sameAs":["https:\/\/www.facebook.com\/ExaudiNoticias\/","https:\/\/www.instagram.com\/exaudi_noticias\/","https:\/\/x.com\/Exaudi_noticias","https:\/\/www.youtube.com\/@exaudicatholicnews"],"url":"https:\/\/exaudi.org\/es\/author\/redaccionexaudi\/"}]}},"jetpack_featured_media_url":"https:\/\/exaudi.org\/wp-content\/uploads\/2024\/06\/cq5dam.web_.800.800-73.jpeg","jetpack_shortlink":"https:\/\/wp.me\/pgKjF2-qHn","_links":{"self":[{"href":"https:\/\/exaudi.org\/es\/wp-json\/wp\/v2\/posts\/102633","targetHints":{"allow":["GET"]}}],"collection":[{"href":"https:\/\/exaudi.org\/es\/wp-json\/wp\/v2\/posts"}],"about":[{"href":"https:\/\/exaudi.org\/es\/wp-json\/wp\/v2\/types\/post"}],"author":[{"embeddable":true,"href":"https:\/\/exaudi.org\/es\/wp-json\/wp\/v2\/users\/15"}],"replies":[{"embeddable":true,"href":"https:\/\/exaudi.org\/es\/wp-json\/wp\/v2\/comments?post=102633"}],"version-history":[{"count":0,"href":"https:\/\/exaudi.org\/es\/wp-json\/wp\/v2\/posts\/102633\/revisions"}],"wp:featuredmedia":[{"embeddable":true,"href":"https:\/\/exaudi.org\/es\/wp-json\/wp\/v2\/media\/102634"}],"wp:attachment":[{"href":"https:\/\/exaudi.org\/es\/wp-json\/wp\/v2\/media?parent=102633"}],"wp:term":[{"taxonomy":"category","embeddable":true,"href":"https:\/\/exaudi.org\/es\/wp-json\/wp\/v2\/categories?post=102633"},{"taxonomy":"post_tag","embeddable":true,"href":"https:\/\/exaudi.org\/es\/wp-json\/wp\/v2\/tags?post=102633"}],"curies":[{"name":"wp","href":"https:\/\/api.w.org\/{rel}","templated":true}]}}