{"id":10231,"date":"2021-04-06T17:15:09","date_gmt":"2021-04-06T15:15:09","guid":{"rendered":"https:\/\/exaudi.org\/?p=10231"},"modified":"2021-04-07T10:52:52","modified_gmt":"2021-04-07T08:52:52","slug":"video-papa-abril-2021-derechos-fundamentales","status":"publish","type":"post","link":"https:\/\/exaudi.org\/es\/video-papa-abril-2021-derechos-fundamentales\/","title":{"rendered":"Video del Papa, abril 2021: Por los derechos fundamentales de las personas"},"content":{"rendered":"<p>El nuevo\u00a0<a href=\"https:\/\/www.youtube.com\/watch?v=Jw_YHzg3BfI\" target=\"_blank\" rel=\"noopener noreferrer\">Video del Papa de abril de 2021<\/a>, trata sobre los derechos fundamentales de las personas. En concreto, el Santo Padre no solo pone el \u00e9nfasis en \u201coponerse activamente a la pobreza, la desigualdad, a la falta de trabajo, de tierra, de vivienda, de derechos sociales y laborales\u201d, sino tambi\u00e9n en aquellas personas que diariamente arriesgan sus vidas por defender los derechos humanos fundamentales en entornos conflictivos de todo tipo.<\/p>\n<p>El <a href=\"https:\/\/exaudi.org\/es\/video-papa-marzo-2021-sacramento-reconciliacion\/\" target=\"_blank\" rel=\"noopener noreferrer\">Video del Papa<\/a> de este mes ha sido difundido hoy, 6 de abril de 2021, con la intenci\u00f3n de oraci\u00f3n que el Santo Padre conf\u00eda a toda la Iglesia a trav\u00e9s de la <a href=\"https:\/\/www.popesprayer.va\/es\/\">Red Mundial de Oraci\u00f3n del Papa<\/a>.<\/p>\n<h4><strong>Palabras del Santo Padre<\/strong><\/h4>\n<p>\u201cPara defender los derechos humanos fundamentales hace falta coraje y determinaci\u00f3n. Me refiero a oponerse activamente a la pobreza, la desigualdad, a la falta de trabajo, de tierra, de vivienda, de derechos sociales y laborales\u201d, dice el Santo Padre en el video.<br \/>\n\u201cPiensen que muchas veces los derechos humanos fundamentales no son iguales para todos. Hay gente de primera, de segunda, de tercera y de descarte. No. Tienen que ser iguales para todos\u201d, contin\u00faa.<\/p>\n<p>Francisco se\u00f1ala que \u201cen algunos lugares defender la dignidad de las personas puede significar ir a prisi\u00f3n, incluso sin juicio. O puede significar la calumnia\u201d y recuerda que \u201ccada ser humano tiene derecho a desarrollarse integralmente, y ese derecho b\u00e1sico no puede ser negado por ning\u00fan pa\u00eds\u201d.<\/p>\n<p>\u201cRecemos para que aquellos que arriesgan sus vidas luchando por los derechos fundamentales en dictaduras, en regi\u0301menes autoritarios e incluso en democracias en crisis, para que vean que su sacrificio y su trabajo d\u00e9 fruto abundante\u201d, concluye.<\/p>\n<p>Las im\u00e1genes de\u00a0el Video del Papa\u00a0de abril \u201cbuscan reflejar el uso de estos derechos fundamentales \u2014a trav\u00e9s de manos de innumerables hombres y mujeres que trabajan la tierra, que abren puertas, que curan, que se alimentan, que estudian\u2026\u2014 y el abuso de esos mismos derechos, en manos de ni\u00f1os y ni\u00f1as explotados, en manos sufrientes de personas encarceladas sin juicio, entre otras situaciones cr\u00edticas\u201d, indica una nota de la Red Mundial de Oraci\u00f3n. Este video cuenta con el apoyo de la\u00a0<a href=\"https:\/\/holyseemission.org\/\">Misi\u00f3n Permanente de Observaci\u00f3n de la Santa Sede ante las Naciones Unidas<\/a>.<\/p>\n<h4><strong>Derechos por ser personas<\/strong><\/h4>\n<p>Cuando se habla de derechos humanos fundamentales, explica el comunicado \u201cse trata de derechos que todas las personas tienen b\u00e1sicamente por existir como seres humanos. Son inherentes a todos, independientemente de la nacionalidad, sexo, origen \u00e9tnico o nacional, color, religi\u00f3n, idioma o cualquier otra condici\u00f3n\u201d. La\u00a0Declaraci\u00f3n Universal de Derechos Humanos, adoptada por la\u00a0Asamblea General de las Naciones Unidas\u00a0en 1948, fue el primer documento legal en establecer la\u00a0protecci\u00f3n universal de los derechos humanos fundamentales.<\/p>\n<p>Por su parte, la Iglesia, \u201cdesde el Papa Juan XXIII en la d\u00e9cada de 1960, los derechos humanos han tenido una importancia central en la ense\u00f1anza y la pr\u00e1ctica social cat\u00f3lica\u201d, se lee en el citado texto.<\/p>\n<p>Como escribi\u00f3 en un reciente art\u00edculo el\u00a0cardenal Michael Czerny.: \u201cCuando\u00a0San Juan XXIII\u00a0enumer\u00f3 los derechos fundamentales en su enc\u00edclica\u00a0<a href=\"http:\/\/www.vatican.va\/content\/john-xxiii\/es\/encyclicals\/documents\/hf_j-xxiii_enc_11041963_pacem.html\"><em>Pacem in terris<\/em><\/a>\u00a0de 1963, comenz\u00f3 con los que hoy se consideran econ\u00f3micos. \u2018El hombre tiene derecho a vivir\u2019, dice, \u2018tiene derecho a la integridad corporal y a los medios necesarios para el buen desarrollo de la vida, en particular a la alimentaci\u00f3n, al vestido, a la vivienda, a la asistencia m\u00e9dica, al descanso y, finalmente, a los servicios sociales necesarios\u2019. Hoy, el Papa Francisco hace el mismo hincapi\u00e9, subrayando en particular los derechos al trabajo, a la vivienda, a la tierra y a la seguridad alimentaria: \u2018tierra, techo y trabajo\u2019\u201d.<\/p>\n<h4><strong>Relevancia para el Papa<\/strong><\/h4>\n<p>Por su parte, el padre\u00a0Fr\u00e9d\u00e9ric Fornos, director internacional de la\u00a0Red Mundial de Oraci\u00f3n del Papa, expuso: \u201cNo es la primera vez que el Papa Francisco insiste en la importancia de los derechos fundamentales de las personas. En su \u00faltima enc\u00edclica,\u00a0<em>Fratelli tutti<\/em>, denunciaba que \u2018Mientras una parte de la humanidad vive en opulencia, otra parte ve su propia dignidad desconocida, despreciada o pisoteada y sus derechos fundamentales ignorados o violados\u2019 (FT, 22)\u201d.<\/p>\n<p>Francisco, prosigue, \u201cnos pide este mes orar por \u2018aquellos que arriesgan sus vidas luchando por los derechos fundamentales en dictaduras, en reg\u00edmenes autoritarios e incluso en democracias en crisis\u2019. Es una invitaci\u00f3n a recordar a estos hombres y mujeres, en tantos pa\u00edses del mundo, que contin\u00faan en la c\u00e1rcel o en situaciones peligrosas, o que perdieron la vida, y muchos de ellos en nombre de su fe en Jesucristo. No los olvidemos, recemos por ellos, por ellas\u201d.<\/p>\n<p><iframe loading=\"lazy\" title=\"Derechos fundamentales \u2013 El Video del Papa 4 \u2013 Abril 2021\" width=\"500\" height=\"281\" src=\"https:\/\/www.youtube.com\/embed\/Jw_YHzg3BfI?feature=oembed\" frameborder=\"0\" allow=\"accelerometer; autoplay; clipboard-write; encrypted-media; gyroscope; picture-in-picture; web-share\" referrerpolicy=\"strict-origin-when-cross-origin\" allowfullscreen><\/iframe><\/p>\n","protected":false},"excerpt":{"rendered":"<p>Oponerse a las desigualdades<\/p>\n","protected":false},"author":5,"featured_media":10236,"comment_status":"closed","ping_status":"closed","sticky":false,"template":"","format":"standard","meta":{"_acf_changed":false,"_crdt_document":"","inline_featured_image":false,"footnotes":""},"categories":[68,298],"tags":[1459,1461,1460,158,1123,236],"class_list":["post-10231","post","type-post","status-publish","format-standard","has-post-thumbnail","hentry","category-leon-xiv","category-ultimas-noticias","tag-abril-2021","tag-derechos-fundamentales","tag-padre-frederic-fornos","tag-papa-francisco","tag-red-mundial-de-oracion-del-papa-rmop","tag-video-del-papa"],"acf":[],"yoast_head":"<!-- This site is optimized with the Yoast SEO plugin v27.5 - https:\/\/yoast.com\/product\/yoast-seo-wordpress\/ -->\n<title>Video del Papa, abril 2021: Por los derechos fundamentales de las personas &#8211; Exaudi<\/title>\n<meta name=\"description\" content=\"El nuevo\u00a0Video del Papa de abril de 2021, difundido por la Red Mundial de Oraci\u00f3n, trata sobre los derechos fundamentales de las personas.\" \/>\n<meta name=\"robots\" content=\"index, follow, max-snippet:-1, max-image-preview:large, max-video-preview:-1\" \/>\n<link rel=\"canonical\" href=\"https:\/\/exaudi.org\/es\/video-papa-abril-2021-derechos-fundamentales\/\" \/>\n<meta property=\"og:locale\" content=\"es_ES\" \/>\n<meta property=\"og:type\" content=\"article\" \/>\n<meta property=\"og:title\" content=\"Video del Papa, abril 2021: Por los derechos fundamentales de las personas &#8211; Exaudi\" \/>\n<meta property=\"og:description\" content=\"El nuevo\u00a0Video del Papa de abril de 2021, difundido por la Red Mundial de Oraci\u00f3n, trata sobre los derechos fundamentales de las personas.\" \/>\n<meta property=\"og:url\" content=\"https:\/\/exaudi.org\/es\/video-papa-abril-2021-derechos-fundamentales\/\" \/>\n<meta property=\"og:site_name\" content=\"Exaudi\" \/>\n<meta property=\"article:publisher\" content=\"https:\/\/www.facebook.com\/ExaudiNews\" \/>\n<meta property=\"article:published_time\" content=\"2021-04-06T15:15:09+00:00\" \/>\n<meta property=\"article:modified_time\" content=\"2021-04-07T08:52:52+00:00\" \/>\n<meta property=\"og:image\" content=\"https:\/\/exaudi.org\/wp-content\/uploads\/2021\/04\/pexels-min-an-853168-scaled.jpg\" \/>\n\t<meta property=\"og:image:width\" content=\"2560\" \/>\n\t<meta property=\"og:image:height\" content=\"1687\" \/>\n\t<meta property=\"og:image:type\" content=\"image\/jpeg\" \/>\n<meta name=\"author\" content=\"Larissa I. L\u00f3pez\" \/>\n<meta name=\"twitter:card\" content=\"summary_large_image\" \/>\n<meta name=\"twitter:creator\" content=\"@Exaudi_News\" \/>\n<meta name=\"twitter:site\" content=\"@Exaudi_News\" \/>\n<meta name=\"twitter:label1\" content=\"Escrito por\" \/>\n\t<meta name=\"twitter:data1\" content=\"Larissa I. L\u00f3pez\" \/>\n\t<meta name=\"twitter:label2\" content=\"Tiempo de lectura\" \/>\n\t<meta name=\"twitter:data2\" content=\"4 minutos\" \/>\n<script type=\"application\/ld+json\" class=\"yoast-schema-graph\">{\"@context\":\"https:\\\/\\\/schema.org\",\"@graph\":[{\"@type\":\"Article\",\"@id\":\"https:\\\/\\\/exaudi.org\\\/es\\\/video-papa-abril-2021-derechos-fundamentales\\\/#article\",\"isPartOf\":{\"@id\":\"https:\\\/\\\/exaudi.org\\\/es\\\/video-papa-abril-2021-derechos-fundamentales\\\/\"},\"author\":{\"name\":\"Larissa I. L\u00f3pez\",\"@id\":\"https:\\\/\\\/exaudi.org\\\/#\\\/schema\\\/person\\\/7d2f77db033c2c0929edfab6dbe8c588\"},\"headline\":\"Video del Papa, abril 2021: Por los derechos fundamentales de las personas\",\"datePublished\":\"2021-04-06T15:15:09+00:00\",\"dateModified\":\"2021-04-07T08:52:52+00:00\",\"mainEntityOfPage\":{\"@id\":\"https:\\\/\\\/exaudi.org\\\/es\\\/video-papa-abril-2021-derechos-fundamentales\\\/\"},\"wordCount\":811,\"image\":{\"@id\":\"https:\\\/\\\/exaudi.org\\\/es\\\/video-papa-abril-2021-derechos-fundamentales\\\/#primaryimage\"},\"thumbnailUrl\":\"https:\\\/\\\/exaudi.org\\\/wp-content\\\/uploads\\\/2021\\\/04\\\/pexels-min-an-853168-scaled.jpg\",\"keywords\":[\"Abril 2021\",\"Derechos fundamentales\",\"Padre\u00a0Fr\u00e9d\u00e9ric Fornos\",\"papa francisco\",\"Red Mundial de Oraci\u00f3n del Papa (RMOP)\",\"v\u00eddeo del papa\"],\"articleSection\":[\"Le\u00f3n XIV\",\"\u00daltimas noticias\"],\"inLanguage\":\"es\"},{\"@type\":\"WebPage\",\"@id\":\"https:\\\/\\\/exaudi.org\\\/es\\\/video-papa-abril-2021-derechos-fundamentales\\\/\",\"url\":\"https:\\\/\\\/exaudi.org\\\/es\\\/video-papa-abril-2021-derechos-fundamentales\\\/\",\"name\":\"Video del Papa, abril 2021: Por los derechos fundamentales de las personas &#8211; Exaudi\",\"isPartOf\":{\"@id\":\"https:\\\/\\\/exaudi.org\\\/#website\"},\"primaryImageOfPage\":{\"@id\":\"https:\\\/\\\/exaudi.org\\\/es\\\/video-papa-abril-2021-derechos-fundamentales\\\/#primaryimage\"},\"image\":{\"@id\":\"https:\\\/\\\/exaudi.org\\\/es\\\/video-papa-abril-2021-derechos-fundamentales\\\/#primaryimage\"},\"thumbnailUrl\":\"https:\\\/\\\/exaudi.org\\\/wp-content\\\/uploads\\\/2021\\\/04\\\/pexels-min-an-853168-scaled.jpg\",\"datePublished\":\"2021-04-06T15:15:09+00:00\",\"dateModified\":\"2021-04-07T08:52:52+00:00\",\"author\":{\"@id\":\"https:\\\/\\\/exaudi.org\\\/#\\\/schema\\\/person\\\/7d2f77db033c2c0929edfab6dbe8c588\"},\"description\":\"El nuevo\u00a0Video del Papa de abril de 2021, difundido por la Red Mundial de Oraci\u00f3n, trata sobre los derechos fundamentales de las personas.\",\"breadcrumb\":{\"@id\":\"https:\\\/\\\/exaudi.org\\\/es\\\/video-papa-abril-2021-derechos-fundamentales\\\/#breadcrumb\"},\"inLanguage\":\"es\",\"potentialAction\":[{\"@type\":\"ReadAction\",\"target\":[\"https:\\\/\\\/exaudi.org\\\/es\\\/video-papa-abril-2021-derechos-fundamentales\\\/\"]}]},{\"@type\":\"ImageObject\",\"inLanguage\":\"es\",\"@id\":\"https:\\\/\\\/exaudi.org\\\/es\\\/video-papa-abril-2021-derechos-fundamentales\\\/#primaryimage\",\"url\":\"https:\\\/\\\/exaudi.org\\\/wp-content\\\/uploads\\\/2021\\\/04\\\/pexels-min-an-853168-scaled.jpg\",\"contentUrl\":\"https:\\\/\\\/exaudi.org\\\/wp-content\\\/uploads\\\/2021\\\/04\\\/pexels-min-an-853168-scaled.jpg\",\"width\":2560,\"height\":1687,\"caption\":\"Derechos fundamentales de las personas \u00a9 Pexels. Min An\"},{\"@type\":\"BreadcrumbList\",\"@id\":\"https:\\\/\\\/exaudi.org\\\/es\\\/video-papa-abril-2021-derechos-fundamentales\\\/#breadcrumb\",\"itemListElement\":[{\"@type\":\"ListItem\",\"position\":1,\"name\":\"Portada\",\"item\":\"https:\\\/\\\/exaudi.org\\\/es\\\/\"},{\"@type\":\"ListItem\",\"position\":2,\"name\":\"Video del Papa, abril 2021: Por los derechos fundamentales de las personas\"}]},{\"@type\":\"WebSite\",\"@id\":\"https:\\\/\\\/exaudi.org\\\/#website\",\"url\":\"https:\\\/\\\/exaudi.org\\\/\",\"name\":\"Exaudi\",\"description\":\"News\",\"potentialAction\":[{\"@type\":\"SearchAction\",\"target\":{\"@type\":\"EntryPoint\",\"urlTemplate\":\"https:\\\/\\\/exaudi.org\\\/?s={search_term_string}\"},\"query-input\":{\"@type\":\"PropertyValueSpecification\",\"valueRequired\":true,\"valueName\":\"search_term_string\"}}],\"inLanguage\":\"es\"},{\"@type\":\"Person\",\"@id\":\"https:\\\/\\\/exaudi.org\\\/#\\\/schema\\\/person\\\/7d2f77db033c2c0929edfab6dbe8c588\",\"name\":\"Larissa I. L\u00f3pez\",\"image\":{\"@type\":\"ImageObject\",\"inLanguage\":\"es\",\"@id\":\"https:\\\/\\\/secure.gravatar.com\\\/avatar\\\/db3ef399ff343d0bb9d25dc5198bc8ece5ac6d621eca79876697a354dabc1e3f?s=96&d=mm&r=g\",\"url\":\"https:\\\/\\\/secure.gravatar.com\\\/avatar\\\/db3ef399ff343d0bb9d25dc5198bc8ece5ac6d621eca79876697a354dabc1e3f?s=96&d=mm&r=g\",\"contentUrl\":\"https:\\\/\\\/secure.gravatar.com\\\/avatar\\\/db3ef399ff343d0bb9d25dc5198bc8ece5ac6d621eca79876697a354dabc1e3f?s=96&d=mm&r=g\",\"caption\":\"Larissa I. L\u00f3pez\"},\"description\":\"Doctora en Comunicaci\u00f3n. Mi trayectoria profesional ha transcurrido entre el \u00e1mbito de la comunicaci\u00f3n y el de la docencia. En los \u00faltimos a\u00f1os, he trabajado como coordinadora y redactora de la edici\u00f3n de ZENIT en espa\u00f1ol. Como profesora, he impartido clases en la universidad y en centros de FP y bachillerato. Cordobesa de nacimiento, tambi\u00e9n he vivido en Sevilla, Madrid y Roma\",\"url\":\"https:\\\/\\\/exaudi.org\\\/es\\\/author\\\/llopezexaudi-org\\\/\"}]}<\/script>\n<!-- \/ Yoast SEO plugin. -->","yoast_head_json":{"title":"Video del Papa, abril 2021: Por los derechos fundamentales de las personas &#8211; Exaudi","description":"El nuevo\u00a0Video del Papa de abril de 2021, difundido por la Red Mundial de Oraci\u00f3n, trata sobre los derechos fundamentales de las personas.","robots":{"index":"index","follow":"follow","max-snippet":"max-snippet:-1","max-image-preview":"max-image-preview:large","max-video-preview":"max-video-preview:-1"},"canonical":"https:\/\/exaudi.org\/es\/video-papa-abril-2021-derechos-fundamentales\/","og_locale":"es_ES","og_type":"article","og_title":"Video del Papa, abril 2021: Por los derechos fundamentales de las personas &#8211; Exaudi","og_description":"El nuevo\u00a0Video del Papa de abril de 2021, difundido por la Red Mundial de Oraci\u00f3n, trata sobre los derechos fundamentales de las personas.","og_url":"https:\/\/exaudi.org\/es\/video-papa-abril-2021-derechos-fundamentales\/","og_site_name":"Exaudi","article_publisher":"https:\/\/www.facebook.com\/ExaudiNews","article_published_time":"2021-04-06T15:15:09+00:00","article_modified_time":"2021-04-07T08:52:52+00:00","og_image":[{"width":2560,"height":1687,"url":"https:\/\/exaudi.org\/wp-content\/uploads\/2021\/04\/pexels-min-an-853168-scaled.jpg","type":"image\/jpeg"}],"author":"Larissa I. L\u00f3pez","twitter_card":"summary_large_image","twitter_creator":"@Exaudi_News","twitter_site":"@Exaudi_News","twitter_misc":{"Escrito por":"Larissa I. L\u00f3pez","Tiempo de lectura":"4 minutos"},"schema":{"@context":"https:\/\/schema.org","@graph":[{"@type":"Article","@id":"https:\/\/exaudi.org\/es\/video-papa-abril-2021-derechos-fundamentales\/#article","isPartOf":{"@id":"https:\/\/exaudi.org\/es\/video-papa-abril-2021-derechos-fundamentales\/"},"author":{"name":"Larissa I. L\u00f3pez","@id":"https:\/\/exaudi.org\/#\/schema\/person\/7d2f77db033c2c0929edfab6dbe8c588"},"headline":"Video del Papa, abril 2021: Por los derechos fundamentales de las personas","datePublished":"2021-04-06T15:15:09+00:00","dateModified":"2021-04-07T08:52:52+00:00","mainEntityOfPage":{"@id":"https:\/\/exaudi.org\/es\/video-papa-abril-2021-derechos-fundamentales\/"},"wordCount":811,"image":{"@id":"https:\/\/exaudi.org\/es\/video-papa-abril-2021-derechos-fundamentales\/#primaryimage"},"thumbnailUrl":"https:\/\/exaudi.org\/wp-content\/uploads\/2021\/04\/pexels-min-an-853168-scaled.jpg","keywords":["Abril 2021","Derechos fundamentales","Padre\u00a0Fr\u00e9d\u00e9ric Fornos","papa francisco","Red Mundial de Oraci\u00f3n del Papa (RMOP)","v\u00eddeo del papa"],"articleSection":["Le\u00f3n XIV","\u00daltimas noticias"],"inLanguage":"es"},{"@type":"WebPage","@id":"https:\/\/exaudi.org\/es\/video-papa-abril-2021-derechos-fundamentales\/","url":"https:\/\/exaudi.org\/es\/video-papa-abril-2021-derechos-fundamentales\/","name":"Video del Papa, abril 2021: Por los derechos fundamentales de las personas &#8211; Exaudi","isPartOf":{"@id":"https:\/\/exaudi.org\/#website"},"primaryImageOfPage":{"@id":"https:\/\/exaudi.org\/es\/video-papa-abril-2021-derechos-fundamentales\/#primaryimage"},"image":{"@id":"https:\/\/exaudi.org\/es\/video-papa-abril-2021-derechos-fundamentales\/#primaryimage"},"thumbnailUrl":"https:\/\/exaudi.org\/wp-content\/uploads\/2021\/04\/pexels-min-an-853168-scaled.jpg","datePublished":"2021-04-06T15:15:09+00:00","dateModified":"2021-04-07T08:52:52+00:00","author":{"@id":"https:\/\/exaudi.org\/#\/schema\/person\/7d2f77db033c2c0929edfab6dbe8c588"},"description":"El nuevo\u00a0Video del Papa de abril de 2021, difundido por la Red Mundial de Oraci\u00f3n, trata sobre los derechos fundamentales de las personas.","breadcrumb":{"@id":"https:\/\/exaudi.org\/es\/video-papa-abril-2021-derechos-fundamentales\/#breadcrumb"},"inLanguage":"es","potentialAction":[{"@type":"ReadAction","target":["https:\/\/exaudi.org\/es\/video-papa-abril-2021-derechos-fundamentales\/"]}]},{"@type":"ImageObject","inLanguage":"es","@id":"https:\/\/exaudi.org\/es\/video-papa-abril-2021-derechos-fundamentales\/#primaryimage","url":"https:\/\/exaudi.org\/wp-content\/uploads\/2021\/04\/pexels-min-an-853168-scaled.jpg","contentUrl":"https:\/\/exaudi.org\/wp-content\/uploads\/2021\/04\/pexels-min-an-853168-scaled.jpg","width":2560,"height":1687,"caption":"Derechos fundamentales de las personas \u00a9 Pexels. Min An"},{"@type":"BreadcrumbList","@id":"https:\/\/exaudi.org\/es\/video-papa-abril-2021-derechos-fundamentales\/#breadcrumb","itemListElement":[{"@type":"ListItem","position":1,"name":"Portada","item":"https:\/\/exaudi.org\/es\/"},{"@type":"ListItem","position":2,"name":"Video del Papa, abril 2021: Por los derechos fundamentales de las personas"}]},{"@type":"WebSite","@id":"https:\/\/exaudi.org\/#website","url":"https:\/\/exaudi.org\/","name":"Exaudi","description":"News","potentialAction":[{"@type":"SearchAction","target":{"@type":"EntryPoint","urlTemplate":"https:\/\/exaudi.org\/?s={search_term_string}"},"query-input":{"@type":"PropertyValueSpecification","valueRequired":true,"valueName":"search_term_string"}}],"inLanguage":"es"},{"@type":"Person","@id":"https:\/\/exaudi.org\/#\/schema\/person\/7d2f77db033c2c0929edfab6dbe8c588","name":"Larissa I. L\u00f3pez","image":{"@type":"ImageObject","inLanguage":"es","@id":"https:\/\/secure.gravatar.com\/avatar\/db3ef399ff343d0bb9d25dc5198bc8ece5ac6d621eca79876697a354dabc1e3f?s=96&d=mm&r=g","url":"https:\/\/secure.gravatar.com\/avatar\/db3ef399ff343d0bb9d25dc5198bc8ece5ac6d621eca79876697a354dabc1e3f?s=96&d=mm&r=g","contentUrl":"https:\/\/secure.gravatar.com\/avatar\/db3ef399ff343d0bb9d25dc5198bc8ece5ac6d621eca79876697a354dabc1e3f?s=96&d=mm&r=g","caption":"Larissa I. L\u00f3pez"},"description":"Doctora en Comunicaci\u00f3n. Mi trayectoria profesional ha transcurrido entre el \u00e1mbito de la comunicaci\u00f3n y el de la docencia. En los \u00faltimos a\u00f1os, he trabajado como coordinadora y redactora de la edici\u00f3n de ZENIT en espa\u00f1ol. Como profesora, he impartido clases en la universidad y en centros de FP y bachillerato. Cordobesa de nacimiento, tambi\u00e9n he vivido en Sevilla, Madrid y Roma","url":"https:\/\/exaudi.org\/es\/author\/llopezexaudi-org\/"}]}},"jetpack_featured_media_url":"https:\/\/exaudi.org\/wp-content\/uploads\/2021\/04\/pexels-min-an-853168-scaled.jpg","jetpack_shortlink":"https:\/\/wp.me\/pgKjF2-2F1","_links":{"self":[{"href":"https:\/\/exaudi.org\/es\/wp-json\/wp\/v2\/posts\/10231","targetHints":{"allow":["GET"]}}],"collection":[{"href":"https:\/\/exaudi.org\/es\/wp-json\/wp\/v2\/posts"}],"about":[{"href":"https:\/\/exaudi.org\/es\/wp-json\/wp\/v2\/types\/post"}],"author":[{"embeddable":true,"href":"https:\/\/exaudi.org\/es\/wp-json\/wp\/v2\/users\/5"}],"replies":[{"embeddable":true,"href":"https:\/\/exaudi.org\/es\/wp-json\/wp\/v2\/comments?post=10231"}],"version-history":[{"count":0,"href":"https:\/\/exaudi.org\/es\/wp-json\/wp\/v2\/posts\/10231\/revisions"}],"wp:featuredmedia":[{"embeddable":true,"href":"https:\/\/exaudi.org\/es\/wp-json\/wp\/v2\/media\/10236"}],"wp:attachment":[{"href":"https:\/\/exaudi.org\/es\/wp-json\/wp\/v2\/media?parent=10231"}],"wp:term":[{"taxonomy":"category","embeddable":true,"href":"https:\/\/exaudi.org\/es\/wp-json\/wp\/v2\/categories?post=10231"},{"taxonomy":"post_tag","embeddable":true,"href":"https:\/\/exaudi.org\/es\/wp-json\/wp\/v2\/tags?post=10231"}],"curies":[{"name":"wp","href":"https:\/\/api.w.org\/{rel}","templated":true}]}}