{"id":102094,"date":"2024-06-03T18:00:06","date_gmt":"2024-06-03T16:00:06","guid":{"rendered":"https:\/\/exaudi.org\/?p=102094"},"modified":"2024-06-04T12:13:28","modified_gmt":"2024-06-04T10:13:28","slug":"iglesia-invicta-e-ideologias","status":"publish","type":"post","link":"https:\/\/exaudi.org\/es\/iglesia-invicta-e-ideologias\/","title":{"rendered":"Iglesia invicta e ideolog\u00edas"},"content":{"rendered":"<audio class=\"wp-audio-shortcode\" id=\"audio-102094-1\" preload=\"none\" style=\"width: 100%;\" controls=\"controls\"><source type=\"audio\/mpeg\" src=\"https:\/\/exaudi.org\/wp-content\/uploads\/2024\/06\/IGLESIA-INVICTA-E-IDEOLOGIAS.mp3?_=1\" \/><a href=\"https:\/\/exaudi.org\/wp-content\/uploads\/2024\/06\/IGLESIA-INVICTA-E-IDEOLOGIAS.mp3\">https:\/\/exaudi.org\/wp-content\/uploads\/2024\/06\/IGLESIA-INVICTA-E-IDEOLOGIAS.mp3<\/a><\/audio>\n<p>Es obvio que es important\u00edsimo que las personas tengan valores. Mucho le faltar\u00eda a un gran t\u00e9cnico que careciera de ellos. Toda persona madura conoce la jerarqu\u00eda de bienes que estructura la realidad. Sabe que el ser humano ocupa un escal\u00f3n, o grado, muy destacado, en la escala de los seres. Capta que interesa mucho conocer la verdad del hombre, su dignidad, y sus derechos. El m\u00e1s fundamental de \u00e9stos es el derecho a la vida. \u00c9ste, abraza desde la concepci\u00f3n, que es el momento de la fecundaci\u00f3n, hasta la llegada de la muerte natural, como establece el pensamiento riguroso, conforme a la ciencia. La Iglesia es la gran defensora del derecho a la vida. A este derecho se opone el aborto provocado y la eutanasia.<\/p>\n<p>La ilustraci\u00f3n no cristiana, que quiso enfrentar la raz\u00f3n a la fe, sigue influyendo en Occidente. Es muy frecuente que en las aulas de centros p\u00fablicos de ense\u00f1anza no se den valores, y se silencie la fe, e incluso que, a veces, se la combata expl\u00edcitamente. Se logra as\u00ed un hondo vac\u00edo cultural y religioso.<\/p>\n<p>Este hueco favorece que, esos alumnos, al devenir profesionales, se sumerjan excesivamente en lo material. Es decir, participen del materialismo pr\u00e1ctico, en el sentido de que den poco espacio a lo espiritual. As\u00ed, tambi\u00e9n, que descuiden un tanto su relaci\u00f3n con Dios. Esto es, que participen del ate\u00edsmo pr\u00e1ctico o de vivir como si Dios no existiera. No son cosas de poca importancia. Pues, un mundo materialista y ateo no es un mundo civilizado.<\/p>\n<p>A ese vac\u00edo cultural y religioso se superpone la influencia de medios de comunicaci\u00f3n que no guardan una buena relaci\u00f3n con la Iglesia. El vac\u00edo puede ser rellenado con programas de partidos pol\u00edticos y de ideolog\u00edas que se encuentren en dicha l\u00ednea ilustrada. Muchas de estas corrientes rechazan a la Iglesia de modo meramente destructivo. Esto es, sin ofrecer, a cambio, ninguna cosa, o nada valioso. Destruyen, no construyen. Rechazan, no proponen. Siempre negativos, nunca positivos. No raramente \u00e9stos, que se presentan como sabios, y silencian a la Iglesia, y la denuncian como oscurantista, lo que proponen es aborto, eutanasia, ideolog\u00eda de g\u00e9nero, etc. Pero, la ideolog\u00eda de g\u00e9nero ya ha fracasado en Inglaterra. Ya, los pol\u00edticos ingleses est\u00e1n desdici\u00e9ndose de ella. Pues, aumenta el n\u00famero de los que, operados de j\u00f3venes, con el paso de los a\u00f1os han llegado a darse cuenta de la terrible injusticia de la que han sido objeto, y, por ello, han denunciado a destacados pol\u00edticos que promovieron esta ideolog\u00eda.<\/p>\n<p>La masoner\u00eda es una de las ideolog\u00edas m\u00e1s cr\u00edticas para con la Iglesia. Tambi\u00e9n se cree a s\u00ed misma como muy sabia y ve a la Iglesia como oscurantista. Los masones han promovido el aborto, la eutanasia, la paganizaci\u00f3n, etc. Habi\u00e9ndose infiltrado en grandes organismos internacionales, como la ONU, han dejado ah\u00ed su marca, que es abortista, etc.<\/p>\n<p>En el fondo lo que hay sobre el tapete es elegir entre una alternativa abortista y la Iglesia, que nunca puede aceptar el aborto. Es la elecci\u00f3n entre la cultura de la vida y la cultura de la muerte.<\/p>\n<p>Ha habido, pues, un gran retroceso en el discurso l\u00f3gico sobre el derecho a la vida. Siguen unas ilustraciones al respecto. Un d\u00eda el refugio pro \u2013 vida, que est\u00e1 enfrente de la mayor cl\u00ednica abortista de Madrid, apareci\u00f3 con pintadas tild\u00e1ndoles de nazis. Pero, esto es absurdo. Pues, all\u00ed, en vez de, como Hitler, suprimir las vidas, salvan vidas de ni\u00f1os. Como sacerdote, me he encontrado reiteradamente con mujeres muy desconsoladas, porque se han dado cuenta de la barbaridad que ellas han cometido abortando. Algunos pol\u00edticos les hab\u00edan dicho que abortar era un derecho. Pero, lo \u00fanico que han conseguido es llorar. En un mundo tan absurdo no es extra\u00f1o que se exalte a partidos muy desastrados y se rechace a la Iglesia. Pues, al mal se le llama bien, y al bien se le llama mal.<\/p>\n<p>La fe, pero, es la fe de verdad, la fe aut\u00e9ntica. Es evidente que vivir seg\u00fan la religi\u00f3n revelada es regirse por la fe revelada, por lo que Dios nos ha dicho. Pero, hay algunos que, autoetiquet\u00e1ndose de cat\u00f3licos, se construyen una religi\u00f3n a la carta, tomando como ingredientes lo que quieren, o lo que desean, o lo que opinan, o lo que les parece. As\u00ed, por ejemplo, algunos se dicen cat\u00f3licos, y, en cambio, cuando est\u00e1n a las puertas de la muerte, a\u00fan si necesitan confesarse, no llaman a ning\u00fan sacerdote. Pero, Santiago Carrillo, que fue muy anticlerical y destacado dirigente del Partido Comunista espa\u00f1ol, cuando se estaba muriendo pidi\u00f3 a los de su casa que fueran a llamar a tal sacerdote, que resultaba ser del Opus Dei, para que le confesara. Tambi\u00e9n su anticlerical compa\u00f1era de partido pol\u00edtico, la famosa Pasionaria, cuando lleg\u00f3 la hora de la verdad, se arrepinti\u00f3 y pidi\u00f3 confesarse. As\u00ed, ambos murieron confesados. De manera que, \u00e9stos, antes tan anticlericales, murieron m\u00e1s cat\u00f3licamente, en cuanto que murieron confesados, que aquellos que, llam\u00e1ndose cat\u00f3licos, pretenden una religi\u00f3n a la carta, como qui\u00e9n elige un men\u00fa, y, al mismo tiempo, mueren impenitentes.<\/p>\n<p>Un d\u00eda vino a verme un joven que durante un tiempo hab\u00eda estado apartado de la fe. Me dijo que se hab\u00eda hecho consciente de que lo hab\u00edan enga\u00f1ado. Pues, hab\u00eda logrado darse cuenta de que las cr\u00edticas que \u00e9l hab\u00eda o\u00eddo contra la religi\u00f3n cat\u00f3lica eran absurdas. A partir de entonces se hab\u00eda puesto a investigar si la religi\u00f3n cat\u00f3lica era la religi\u00f3n verdadera. As\u00ed, empez\u00f3 un camino de conversi\u00f3n, de oraci\u00f3n, y de profundizaci\u00f3n en el conocimiento de la fe. Muchos, como este chico, habr\u00edan de darse cuenta de que al procurar separarles de la fe les han enga\u00f1ado, y tener la personalidad de ponerse a investigar cu\u00e1l es la verdad. Todos habr\u00edan de plantearse los grandes interrogantes y procurar dar con sus soluciones.<\/p>\n<p>En suma, la labor destructiva contra la Iglesia ha logrado enga\u00f1ar a muchos. La Iglesia cat\u00f3lica, la gran defensora de la vida, es la luz en medio de un mundo actual que vive sumergido en tupidas tinieblas. \u00a1Es el sol resplandeciente que, donde llega su ben\u00e9fica influencia, lo recubre todo de flores y de cantos! Urge, volver a la luz, a la felicidad, a la alegr\u00eda, \u00a1redescubrir a la Iglesia cat\u00f3lica!<\/p>\n<p><img loading=\"lazy\" decoding=\"async\" class=\"size-full wp-image-102135 alignnone\" src=\"https:\/\/exaudi.org\/wp-content\/uploads\/2024\/06\/Alvaro-Cardenas.jpg\" alt=\"\" width=\"1080\" height=\"1080\" srcset=\"https:\/\/exaudi.org\/wp-content\/uploads\/2024\/06\/Alvaro-Cardenas.jpg 1080w, https:\/\/exaudi.org\/wp-content\/uploads\/2024\/06\/Alvaro-Cardenas-300x300.jpg 300w, https:\/\/exaudi.org\/wp-content\/uploads\/2024\/06\/Alvaro-Cardenas-1024x1024.jpg 1024w, https:\/\/exaudi.org\/wp-content\/uploads\/2024\/06\/Alvaro-Cardenas-100x100.jpg?crop=1 100w, https:\/\/exaudi.org\/wp-content\/uploads\/2024\/06\/Alvaro-Cardenas-770x770.jpg 770w, https:\/\/exaudi.org\/wp-content\/uploads\/2024\/06\/Alvaro-Cardenas-500x500.jpg 500w, https:\/\/exaudi.org\/wp-content\/uploads\/2024\/06\/Alvaro-Cardenas-293x293.jpg 293w, https:\/\/exaudi.org\/wp-content\/uploads\/2024\/06\/Alvaro-Cardenas-390x390.jpg 390w, https:\/\/exaudi.org\/wp-content\/uploads\/2024\/06\/Alvaro-Cardenas-585x585.jpg 585w, https:\/\/exaudi.org\/wp-content\/uploads\/2024\/06\/Alvaro-Cardenas-900x900.jpg 900w\" sizes=\"auto, (max-width: 1080px) 100vw, 1080px\" \/><\/p>\n","protected":false},"excerpt":{"rendered":"<p>Urge, volver a la luz, a la felicidad, a la alegr\u00eda, \u00a1redescubrir a la Iglesia cat\u00f3lica!<\/p>\n","protected":false},"author":45,"featured_media":102095,"comment_status":"closed","ping_status":"closed","sticky":false,"template":"","format":"standard","meta":{"_acf_changed":false,"_crdt_document":"","inline_featured_image":false,"footnotes":""},"categories":[],"tags":[5992,440,4953,4953,4953,4953,4953,4953,4953,4953,4953,4953,4953,4953,4953,4953,4953,4953,4953,4953,4953],"class_list":["post-102094","post","type-post","status-publish","format-standard","has-post-thumbnail","hentry","tag-ideologia","tag-iglesia","tag-trending-es"],"acf":[],"yoast_head":"<!-- This site is optimized with the Yoast SEO plugin v27.5 - https:\/\/yoast.com\/product\/yoast-seo-wordpress\/ -->\n<title>Iglesia invicta e ideolog\u00edas &#8211; Exaudi<\/title>\n<meta name=\"robots\" content=\"index, follow, max-snippet:-1, max-image-preview:large, max-video-preview:-1\" \/>\n<link rel=\"canonical\" href=\"https:\/\/exaudi.org\/es\/iglesia-invicta-e-ideologias\/\" \/>\n<meta property=\"og:locale\" content=\"es_ES\" \/>\n<meta property=\"og:type\" content=\"article\" \/>\n<meta property=\"og:title\" content=\"Iglesia invicta e ideolog\u00edas &#8211; Exaudi\" \/>\n<meta property=\"og:description\" content=\"Urge, volver a la luz, a la felicidad, a la alegr\u00eda, \u00a1redescubrir a la Iglesia cat\u00f3lica!\" \/>\n<meta property=\"og:url\" content=\"https:\/\/exaudi.org\/es\/iglesia-invicta-e-ideologias\/\" \/>\n<meta property=\"og:site_name\" content=\"Exaudi\" \/>\n<meta property=\"article:publisher\" content=\"https:\/\/www.facebook.com\/ExaudiNews\" \/>\n<meta property=\"article:published_time\" content=\"2024-06-03T16:00:06+00:00\" \/>\n<meta property=\"article:modified_time\" content=\"2024-06-04T10:13:28+00:00\" \/>\n<meta property=\"og:image\" content=\"https:\/\/exaudi.org\/wp-content\/uploads\/2024\/06\/pexels-abhilashsahoo-4143556-scaled.jpg\" \/>\n\t<meta property=\"og:image:width\" content=\"2560\" \/>\n\t<meta property=\"og:image:height\" content=\"1920\" \/>\n\t<meta property=\"og:image:type\" content=\"image\/jpeg\" \/>\n<meta name=\"author\" content=\"Jos\u00e9 Mar\u00eda Montiu de Nuix\" \/>\n<meta name=\"twitter:card\" content=\"summary_large_image\" \/>\n<meta name=\"twitter:creator\" content=\"@Exaudi_News\" \/>\n<meta name=\"twitter:site\" content=\"@Exaudi_News\" \/>\n<meta name=\"twitter:label1\" content=\"Escrito por\" \/>\n\t<meta name=\"twitter:data1\" content=\"Jos\u00e9 Mar\u00eda Montiu de Nuix\" \/>\n\t<meta name=\"twitter:label2\" content=\"Tiempo de lectura\" \/>\n\t<meta name=\"twitter:data2\" content=\"6 minutos\" \/>\n<script type=\"application\/ld+json\" class=\"yoast-schema-graph\">{\"@context\":\"https:\\\/\\\/schema.org\",\"@graph\":[{\"@type\":\"Article\",\"@id\":\"https:\\\/\\\/exaudi.org\\\/es\\\/iglesia-invicta-e-ideologias\\\/#article\",\"isPartOf\":{\"@id\":\"https:\\\/\\\/exaudi.org\\\/es\\\/iglesia-invicta-e-ideologias\\\/\"},\"author\":{\"name\":\"Jos\u00e9 Mar\u00eda Montiu de Nuix\",\"@id\":\"https:\\\/\\\/exaudi.org\\\/#\\\/schema\\\/person\\\/63aa8d363a4039100348c8036010e9fa\"},\"headline\":\"Iglesia invicta e ideolog\u00edas\",\"datePublished\":\"2024-06-03T16:00:06+00:00\",\"dateModified\":\"2024-06-04T10:13:28+00:00\",\"mainEntityOfPage\":{\"@id\":\"https:\\\/\\\/exaudi.org\\\/es\\\/iglesia-invicta-e-ideologias\\\/\"},\"wordCount\":1163,\"image\":{\"@id\":\"https:\\\/\\\/exaudi.org\\\/es\\\/iglesia-invicta-e-ideologias\\\/#primaryimage\"},\"thumbnailUrl\":\"https:\\\/\\\/exaudi.org\\\/wp-content\\\/uploads\\\/2024\\\/06\\\/pexels-abhilashsahoo-4143556-scaled.jpg\",\"keywords\":[\"Ideolog\u00eda\",\"Iglesia\",\"Trending\",\"Trending\",\"Trending\",\"Trending\",\"Trending\",\"Trending\",\"Trending\",\"Trending\",\"Trending\",\"Trending\",\"Trending\",\"Trending\",\"Trending\",\"Trending\",\"Trending\",\"Trending\",\"Trending\",\"Trending\",\"Trending\"],\"inLanguage\":\"es\"},{\"@type\":\"WebPage\",\"@id\":\"https:\\\/\\\/exaudi.org\\\/es\\\/iglesia-invicta-e-ideologias\\\/\",\"url\":\"https:\\\/\\\/exaudi.org\\\/es\\\/iglesia-invicta-e-ideologias\\\/\",\"name\":\"Iglesia invicta e ideolog\u00edas &#8211; Exaudi\",\"isPartOf\":{\"@id\":\"https:\\\/\\\/exaudi.org\\\/#website\"},\"primaryImageOfPage\":{\"@id\":\"https:\\\/\\\/exaudi.org\\\/es\\\/iglesia-invicta-e-ideologias\\\/#primaryimage\"},\"image\":{\"@id\":\"https:\\\/\\\/exaudi.org\\\/es\\\/iglesia-invicta-e-ideologias\\\/#primaryimage\"},\"thumbnailUrl\":\"https:\\\/\\\/exaudi.org\\\/wp-content\\\/uploads\\\/2024\\\/06\\\/pexels-abhilashsahoo-4143556-scaled.jpg\",\"datePublished\":\"2024-06-03T16:00:06+00:00\",\"dateModified\":\"2024-06-04T10:13:28+00:00\",\"author\":{\"@id\":\"https:\\\/\\\/exaudi.org\\\/#\\\/schema\\\/person\\\/63aa8d363a4039100348c8036010e9fa\"},\"breadcrumb\":{\"@id\":\"https:\\\/\\\/exaudi.org\\\/es\\\/iglesia-invicta-e-ideologias\\\/#breadcrumb\"},\"inLanguage\":\"es\",\"potentialAction\":[{\"@type\":\"ReadAction\",\"target\":[\"https:\\\/\\\/exaudi.org\\\/es\\\/iglesia-invicta-e-ideologias\\\/\"]}]},{\"@type\":\"ImageObject\",\"inLanguage\":\"es\",\"@id\":\"https:\\\/\\\/exaudi.org\\\/es\\\/iglesia-invicta-e-ideologias\\\/#primaryimage\",\"url\":\"https:\\\/\\\/exaudi.org\\\/wp-content\\\/uploads\\\/2024\\\/06\\\/pexels-abhilashsahoo-4143556-scaled.jpg\",\"contentUrl\":\"https:\\\/\\\/exaudi.org\\\/wp-content\\\/uploads\\\/2024\\\/06\\\/pexels-abhilashsahoo-4143556-scaled.jpg\",\"width\":2560,\"height\":1920,\"caption\":\"Pexels\"},{\"@type\":\"BreadcrumbList\",\"@id\":\"https:\\\/\\\/exaudi.org\\\/es\\\/iglesia-invicta-e-ideologias\\\/#breadcrumb\",\"itemListElement\":[{\"@type\":\"ListItem\",\"position\":1,\"name\":\"Portada\",\"item\":\"https:\\\/\\\/exaudi.org\\\/es\\\/\"},{\"@type\":\"ListItem\",\"position\":2,\"name\":\"Iglesia invicta e ideolog\u00edas\"}]},{\"@type\":\"WebSite\",\"@id\":\"https:\\\/\\\/exaudi.org\\\/#website\",\"url\":\"https:\\\/\\\/exaudi.org\\\/\",\"name\":\"Exaudi\",\"description\":\"News\",\"potentialAction\":[{\"@type\":\"SearchAction\",\"target\":{\"@type\":\"EntryPoint\",\"urlTemplate\":\"https:\\\/\\\/exaudi.org\\\/?s={search_term_string}\"},\"query-input\":{\"@type\":\"PropertyValueSpecification\",\"valueRequired\":true,\"valueName\":\"search_term_string\"}}],\"inLanguage\":\"es\"},{\"@type\":\"Person\",\"@id\":\"https:\\\/\\\/exaudi.org\\\/#\\\/schema\\\/person\\\/63aa8d363a4039100348c8036010e9fa\",\"name\":\"Jos\u00e9 Mar\u00eda Montiu de Nuix\",\"image\":{\"@type\":\"ImageObject\",\"inLanguage\":\"es\",\"@id\":\"https:\\\/\\\/secure.gravatar.com\\\/avatar\\\/f3d1e54272060740a50258cef7d916098d4ffe7ad9f6a7a8603d12c508634d10?s=96&d=mm&r=g\",\"url\":\"https:\\\/\\\/secure.gravatar.com\\\/avatar\\\/f3d1e54272060740a50258cef7d916098d4ffe7ad9f6a7a8603d12c508634d10?s=96&d=mm&r=g\",\"contentUrl\":\"https:\\\/\\\/secure.gravatar.com\\\/avatar\\\/f3d1e54272060740a50258cef7d916098d4ffe7ad9f6a7a8603d12c508634d10?s=96&d=mm&r=g\",\"caption\":\"Jos\u00e9 Mar\u00eda Montiu de Nuix\"},\"description\":\"Nacido en Cervera, L\u00e9rida, Espa\u00f1a, en 1960 y bautizado ese mismo a\u00f1o. Ordenado sacerdote en 1992. Doctor en Filosof\u00eda. Licenciado en Filosof\u00eda y Ciencias de la Educaci\u00f3n por la Universidad de Barcelona (UB). Licenciado (especialidad: Matem\u00e1tica Fundamental), cursos de doctorado y suficiencia investigadora en Ciencias Exactas por la UB. Licenciado en Filosof\u00eda por la Universidad de Navarra. Licenciado en Estudios Eclesi\u00e1sticos por la Facultad de Teolog\u00eda San Vicente Ferrer, Valencia. Docente e investigador con m\u00e1s de medio millar de publicaciones. Acad\u00e9mico de la Academia Hispanoamericana de Doctores.\",\"url\":\"https:\\\/\\\/exaudi.org\\\/es\\\/author\\\/josepmariamontiudenuix\\\/\"}]}<\/script>\n<!-- \/ Yoast SEO plugin. -->","yoast_head_json":{"title":"Iglesia invicta e ideolog\u00edas &#8211; Exaudi","robots":{"index":"index","follow":"follow","max-snippet":"max-snippet:-1","max-image-preview":"max-image-preview:large","max-video-preview":"max-video-preview:-1"},"canonical":"https:\/\/exaudi.org\/es\/iglesia-invicta-e-ideologias\/","og_locale":"es_ES","og_type":"article","og_title":"Iglesia invicta e ideolog\u00edas &#8211; Exaudi","og_description":"Urge, volver a la luz, a la felicidad, a la alegr\u00eda, \u00a1redescubrir a la Iglesia cat\u00f3lica!","og_url":"https:\/\/exaudi.org\/es\/iglesia-invicta-e-ideologias\/","og_site_name":"Exaudi","article_publisher":"https:\/\/www.facebook.com\/ExaudiNews","article_published_time":"2024-06-03T16:00:06+00:00","article_modified_time":"2024-06-04T10:13:28+00:00","og_image":[{"width":2560,"height":1920,"url":"https:\/\/exaudi.org\/wp-content\/uploads\/2024\/06\/pexels-abhilashsahoo-4143556-scaled.jpg","type":"image\/jpeg"}],"author":"Jos\u00e9 Mar\u00eda Montiu de Nuix","twitter_card":"summary_large_image","twitter_creator":"@Exaudi_News","twitter_site":"@Exaudi_News","twitter_misc":{"Escrito por":"Jos\u00e9 Mar\u00eda Montiu de Nuix","Tiempo de lectura":"6 minutos"},"schema":{"@context":"https:\/\/schema.org","@graph":[{"@type":"Article","@id":"https:\/\/exaudi.org\/es\/iglesia-invicta-e-ideologias\/#article","isPartOf":{"@id":"https:\/\/exaudi.org\/es\/iglesia-invicta-e-ideologias\/"},"author":{"name":"Jos\u00e9 Mar\u00eda Montiu de Nuix","@id":"https:\/\/exaudi.org\/#\/schema\/person\/63aa8d363a4039100348c8036010e9fa"},"headline":"Iglesia invicta e ideolog\u00edas","datePublished":"2024-06-03T16:00:06+00:00","dateModified":"2024-06-04T10:13:28+00:00","mainEntityOfPage":{"@id":"https:\/\/exaudi.org\/es\/iglesia-invicta-e-ideologias\/"},"wordCount":1163,"image":{"@id":"https:\/\/exaudi.org\/es\/iglesia-invicta-e-ideologias\/#primaryimage"},"thumbnailUrl":"https:\/\/exaudi.org\/wp-content\/uploads\/2024\/06\/pexels-abhilashsahoo-4143556-scaled.jpg","keywords":["Ideolog\u00eda","Iglesia","Trending","Trending","Trending","Trending","Trending","Trending","Trending","Trending","Trending","Trending","Trending","Trending","Trending","Trending","Trending","Trending","Trending","Trending","Trending"],"inLanguage":"es"},{"@type":"WebPage","@id":"https:\/\/exaudi.org\/es\/iglesia-invicta-e-ideologias\/","url":"https:\/\/exaudi.org\/es\/iglesia-invicta-e-ideologias\/","name":"Iglesia invicta e ideolog\u00edas &#8211; Exaudi","isPartOf":{"@id":"https:\/\/exaudi.org\/#website"},"primaryImageOfPage":{"@id":"https:\/\/exaudi.org\/es\/iglesia-invicta-e-ideologias\/#primaryimage"},"image":{"@id":"https:\/\/exaudi.org\/es\/iglesia-invicta-e-ideologias\/#primaryimage"},"thumbnailUrl":"https:\/\/exaudi.org\/wp-content\/uploads\/2024\/06\/pexels-abhilashsahoo-4143556-scaled.jpg","datePublished":"2024-06-03T16:00:06+00:00","dateModified":"2024-06-04T10:13:28+00:00","author":{"@id":"https:\/\/exaudi.org\/#\/schema\/person\/63aa8d363a4039100348c8036010e9fa"},"breadcrumb":{"@id":"https:\/\/exaudi.org\/es\/iglesia-invicta-e-ideologias\/#breadcrumb"},"inLanguage":"es","potentialAction":[{"@type":"ReadAction","target":["https:\/\/exaudi.org\/es\/iglesia-invicta-e-ideologias\/"]}]},{"@type":"ImageObject","inLanguage":"es","@id":"https:\/\/exaudi.org\/es\/iglesia-invicta-e-ideologias\/#primaryimage","url":"https:\/\/exaudi.org\/wp-content\/uploads\/2024\/06\/pexels-abhilashsahoo-4143556-scaled.jpg","contentUrl":"https:\/\/exaudi.org\/wp-content\/uploads\/2024\/06\/pexels-abhilashsahoo-4143556-scaled.jpg","width":2560,"height":1920,"caption":"Pexels"},{"@type":"BreadcrumbList","@id":"https:\/\/exaudi.org\/es\/iglesia-invicta-e-ideologias\/#breadcrumb","itemListElement":[{"@type":"ListItem","position":1,"name":"Portada","item":"https:\/\/exaudi.org\/es\/"},{"@type":"ListItem","position":2,"name":"Iglesia invicta e ideolog\u00edas"}]},{"@type":"WebSite","@id":"https:\/\/exaudi.org\/#website","url":"https:\/\/exaudi.org\/","name":"Exaudi","description":"News","potentialAction":[{"@type":"SearchAction","target":{"@type":"EntryPoint","urlTemplate":"https:\/\/exaudi.org\/?s={search_term_string}"},"query-input":{"@type":"PropertyValueSpecification","valueRequired":true,"valueName":"search_term_string"}}],"inLanguage":"es"},{"@type":"Person","@id":"https:\/\/exaudi.org\/#\/schema\/person\/63aa8d363a4039100348c8036010e9fa","name":"Jos\u00e9 Mar\u00eda Montiu de Nuix","image":{"@type":"ImageObject","inLanguage":"es","@id":"https:\/\/secure.gravatar.com\/avatar\/f3d1e54272060740a50258cef7d916098d4ffe7ad9f6a7a8603d12c508634d10?s=96&d=mm&r=g","url":"https:\/\/secure.gravatar.com\/avatar\/f3d1e54272060740a50258cef7d916098d4ffe7ad9f6a7a8603d12c508634d10?s=96&d=mm&r=g","contentUrl":"https:\/\/secure.gravatar.com\/avatar\/f3d1e54272060740a50258cef7d916098d4ffe7ad9f6a7a8603d12c508634d10?s=96&d=mm&r=g","caption":"Jos\u00e9 Mar\u00eda Montiu de Nuix"},"description":"Nacido en Cervera, L\u00e9rida, Espa\u00f1a, en 1960 y bautizado ese mismo a\u00f1o. Ordenado sacerdote en 1992. Doctor en Filosof\u00eda. Licenciado en Filosof\u00eda y Ciencias de la Educaci\u00f3n por la Universidad de Barcelona (UB). Licenciado (especialidad: Matem\u00e1tica Fundamental), cursos de doctorado y suficiencia investigadora en Ciencias Exactas por la UB. Licenciado en Filosof\u00eda por la Universidad de Navarra. Licenciado en Estudios Eclesi\u00e1sticos por la Facultad de Teolog\u00eda San Vicente Ferrer, Valencia. Docente e investigador con m\u00e1s de medio millar de publicaciones. Acad\u00e9mico de la Academia Hispanoamericana de Doctores.","url":"https:\/\/exaudi.org\/es\/author\/josepmariamontiudenuix\/"}]}},"jetpack_featured_media_url":"https:\/\/exaudi.org\/wp-content\/uploads\/2024\/06\/pexels-abhilashsahoo-4143556-scaled.jpg","jetpack_shortlink":"https:\/\/wp.me\/pgKjF2-qyG","_links":{"self":[{"href":"https:\/\/exaudi.org\/es\/wp-json\/wp\/v2\/posts\/102094","targetHints":{"allow":["GET"]}}],"collection":[{"href":"https:\/\/exaudi.org\/es\/wp-json\/wp\/v2\/posts"}],"about":[{"href":"https:\/\/exaudi.org\/es\/wp-json\/wp\/v2\/types\/post"}],"author":[{"embeddable":true,"href":"https:\/\/exaudi.org\/es\/wp-json\/wp\/v2\/users\/45"}],"replies":[{"embeddable":true,"href":"https:\/\/exaudi.org\/es\/wp-json\/wp\/v2\/comments?post=102094"}],"version-history":[{"count":0,"href":"https:\/\/exaudi.org\/es\/wp-json\/wp\/v2\/posts\/102094\/revisions"}],"wp:featuredmedia":[{"embeddable":true,"href":"https:\/\/exaudi.org\/es\/wp-json\/wp\/v2\/media\/102095"}],"wp:attachment":[{"href":"https:\/\/exaudi.org\/es\/wp-json\/wp\/v2\/media?parent=102094"}],"wp:term":[{"taxonomy":"category","embeddable":true,"href":"https:\/\/exaudi.org\/es\/wp-json\/wp\/v2\/categories?post=102094"},{"taxonomy":"post_tag","embeddable":true,"href":"https:\/\/exaudi.org\/es\/wp-json\/wp\/v2\/tags?post=102094"}],"curies":[{"name":"wp","href":"https:\/\/api.w.org\/{rel}","templated":true}]}}