{"id":101977,"date":"2024-05-31T11:53:20","date_gmt":"2024-05-31T09:53:20","guid":{"rendered":"https:\/\/exaudi.org\/?p=101977"},"modified":"2024-05-31T11:55:00","modified_gmt":"2024-05-31T09:55:00","slug":"papa-francisco-no-os-aparteis-de-la-gente","status":"publish","type":"post","link":"https:\/\/exaudi.org\/es\/papa-francisco-no-os-aparteis-de-la-gente\/","title":{"rendered":"Papa Francisco: \u00abNo os apart\u00e9is de la gente\u00bb"},"content":{"rendered":"<audio class=\"wp-audio-shortcode\" id=\"audio-101977-1\" preload=\"none\" style=\"width: 100%;\" controls=\"controls\"><source type=\"audio\/mpeg\" src=\"https:\/\/exaudi.org\/wp-content\/uploads\/2024\/05\/Boda-de-plata.mp3?_=1\" \/><a href=\"https:\/\/exaudi.org\/wp-content\/uploads\/2024\/05\/Boda-de-plata.mp3\">https:\/\/exaudi.org\/wp-content\/uploads\/2024\/05\/Boda-de-plata.mp3<\/a><\/audio>\n<p>Los sacerdotes de la di\u00f3cesis de Madrid que este 2024 celebran las\u00a0<a href=\"https:\/\/www.archimadrid.org\/index.php\/oficina-de-informacion\/noticias-madrid\/el-cardenal-jose-cobo-en-la-festividad-liturgica-de-san-juan-de-avila-nos-ensena-a-amar-no-al-ideal-de-iglesia-sino-a-la-realidad-de-la-iglesia\" target=\"_blank\" rel=\"noopener noreferrer\">bodas de plata,<\/a>\u00a0\u00ab<strong>tuvimos la gracia de encontrarnos con el Santo Padre\u00bb<\/strong>, ha afirmado\u00a0<a href=\"https:\/\/www.archimadrid.org\/index.php\/oficina-de-informacion\/noticias-madrid\/pedro-perez-lozano-celebra-sus-25-anos-como-sacerdote-soy-muy-consciente-que-llevamos-un-tesoro-en-vasijas-de-barro\" target=\"_blank\" rel=\"noopener noreferrer\">Pedro Ignacio P\u00e9rez Lozano<\/a>, p\u00e1rroco de Santa Mar\u00eda del Pinar y consiliario de Cursillos de Cristiandad. \u00abNos ordenamos en 1999; la \u00faltima promoci\u00f3n del siglo XX.\u00a0<strong>Gracias a Dios, pudimos ir todos los que hemos compartido la vida y el ministerio, excepto uno, ya que falleci\u00f3 un familiar<\/strong>\u00bb.<\/p>\n<p>Respecto al encuentro que mantuvieron el pasado mi\u00e9rcoles con el Papa, el Padre Pedro ha recordado las palabras que Francisco les dijo:\u00a0<strong>\u00abNo perd\u00e1is la alegr\u00eda\u00bb<\/strong>. Tambi\u00e9n les dio un consejo, \u00abla eucarist\u00eda, la Virgen Mar\u00eda y la gente.<strong>\u00a0\u00abNo os apart\u00e9is de la gente\u00bb<\/strong>. En otro momento de la conversi\u00f3n, el Papa les habl\u00f3 de la importancia de la confesi\u00f3n para los sacerdotes, \u00absiempre dispuestos a confesar y a confesarnos\u00bb. Adem\u00e1s, el presb\u00edtero ha afirmado que estar con el sucesor de Pedro\u00a0<strong>\u00abha sido un regalo precioso, de vernos confirmados en la fe, y poder compartir la vida con los que fuimos ordenados, 16\u00bb<\/strong>.<\/p>\n<p>\u00abMucha Ilusi\u00f3n, alegr\u00eda y agradecimiento a Dios por tanta gente buena que nos ha acompa\u00f1ado en el camino, por todos los que hicieron posible que la llamada del Se\u00f1or cuajara en nosotros y di\u00e9ramos una respuesta generosa al Se\u00f1or\u00bb.\u00a0<strong>Por \u00faltimo, el sacerdote ha se\u00f1alado que \u00ab25 a\u00f1os despu\u00e9s estamos a dispuestos a seguir diciendo que s\u00ed, si cabe con m\u00e1s alegr\u00eda, ilusi\u00f3n y con m\u00e1s conciencia de lo que es el ministerio sacerdotal\u00bb.<\/strong><\/p>\n<p><img loading=\"lazy\" decoding=\"async\" class=\"size-full wp-image-101984 alignnone\" src=\"https:\/\/exaudi.org\/wp-content\/uploads\/2024\/05\/Sacerdotes_25_anos.jpeg\" alt=\"\" width=\"1791\" height=\"903\" srcset=\"https:\/\/exaudi.org\/wp-content\/uploads\/2024\/05\/Sacerdotes_25_anos.jpeg 1791w, https:\/\/exaudi.org\/wp-content\/uploads\/2024\/05\/Sacerdotes_25_anos-300x151.jpeg 300w, https:\/\/exaudi.org\/wp-content\/uploads\/2024\/05\/Sacerdotes_25_anos-1024x516.jpeg 1024w, https:\/\/exaudi.org\/wp-content\/uploads\/2024\/05\/Sacerdotes_25_anos-770x388.jpeg 770w, https:\/\/exaudi.org\/wp-content\/uploads\/2024\/05\/Sacerdotes_25_anos-1536x774.jpeg 1536w, https:\/\/exaudi.org\/wp-content\/uploads\/2024\/05\/Sacerdotes_25_anos-500x252.jpeg 500w, https:\/\/exaudi.org\/wp-content\/uploads\/2024\/05\/Sacerdotes_25_anos-293x148.jpeg 293w, https:\/\/exaudi.org\/wp-content\/uploads\/2024\/05\/Sacerdotes_25_anos-1400x706.jpeg 1400w, https:\/\/exaudi.org\/wp-content\/uploads\/2024\/05\/Sacerdotes_25_anos-390x197.jpeg 390w\" sizes=\"auto, (max-width: 1791px) 100vw, 1791px\" \/><\/p>\n<h3><strong>Bodas oro y plata sacerdotales<\/strong><\/h3>\n<p>En la\u00a0<a href=\"https:\/\/www.archimadrid.org\/index.php\/oficina-de-informacion\/noticias-madrid\/el-cardenal-jose-cobo-en-la-festividad-liturgica-de-san-juan-de-avila-nos-ensena-a-amar-no-al-ideal-de-iglesia-sino-a-la-realidad-de-la-iglesia\" target=\"_blank\" rel=\"noopener noreferrer\">festividad lit\u00fargica de san Juan de \u00c1vila,\u00a0<\/a>patrono del clero espa\u00f1ol, el pasado 10 de mayo, se celebr\u00f3 la jornada en la que se rindi\u00f3 homenaje a los presb\u00edteros que conmemoraron este a\u00f1o sus bodas de oro y plata sacerdotales. Tras la conferencia del Padre El\u00edas Roy\u00f3n, S.J., vicario episcopal para la Vida Consagrada y padre sinodal, y el homenaje a los sacerdotes, se celebr\u00f3 una eucarist\u00eda en la capilla del Seminario.<\/p>\n<p>Durante la homil\u00eda, el cardenal Jos\u00e9 Cobo expres\u00f3 su gratitud a los sacerdotes de la di\u00f3cesis por su \u00abentrega a la tarea pastoral, por vuestra disponibilidad permanente al servicio de la Iglesia diocesana, por vuestra fidelidad en medio de las dificultades. Y esto durante largos a\u00f1os: 25, 50; gracias de coraz\u00f3n por vuestra respuesta siempre ilusionada y en esperanza, por entender que est\u00e1is al servicio de una misi\u00f3n que es mucho m\u00e1s que un trabajo profesional, con horas de oficina\u00bb.<\/p>\n<p><em>Fuente: <a href=\"https:\/\/www.archimadrid.org\/index.php\/oficina-de-informacion\/noticias-madrid\/consejo-papa-francisco-sacerdotes-diocesis-madrid-celebrado-bodas-plata-no-os-aparteis-gente\" target=\"_blank\" rel=\"noopener\">Archidi\u00f3cesis de Madrid<\/a><\/em><\/p>\n","protected":false},"excerpt":{"rendered":"<p>El consejo del Papa Francisco a los sacerdotes de la di\u00f3cesis de Madrid que han celebrado sus bodas de plata<\/p>\n","protected":false},"author":15,"featured_media":101981,"comment_status":"closed","ping_status":"closed","sticky":false,"template":"","format":"standard","meta":{"_acf_changed":false,"_crdt_document":"","inline_featured_image":false,"footnotes":""},"categories":[74],"tags":[4744,17575,17576,1685,8591,5565,1595,10824,2002,3164,6193,8003,2645,17577,14207,2900,158,2718,425,5593,1119],"class_list":["post-101977","post","type-post","status-publish","format-standard","has-post-thumbnail","hentry","category-iglesia-y-mundo","tag-alegria","tag-bodas-de-plata","tag-clero-espanol","tag-confesion","tag-consejo","tag-diocesis-de-madrid","tag-encuentro","tag-entrega","tag-eucaristia-es","tag-fe-es","tag-fidelidad","tag-gratitud","tag-homenaje","tag-iglesia-diocesana","tag-ministerio-sacerdotal","tag-mision","tag-papa-francisco","tag-sacerdotes","tag-san-juan-de-avila","tag-servicio","tag-virgen-maria"],"acf":[],"yoast_head":"<!-- This site is optimized with the Yoast SEO plugin v27.4 - https:\/\/yoast.com\/product\/yoast-seo-wordpress\/ -->\n<title>Papa Francisco: \u00abNo os apart\u00e9is de la gente\u00bb &#8211; Exaudi<\/title>\n<meta name=\"robots\" content=\"index, follow, max-snippet:-1, max-image-preview:large, max-video-preview:-1\" \/>\n<link rel=\"canonical\" href=\"https:\/\/exaudi.org\/es\/papa-francisco-no-os-aparteis-de-la-gente\/\" \/>\n<meta property=\"og:locale\" content=\"es_ES\" \/>\n<meta property=\"og:type\" content=\"article\" \/>\n<meta property=\"og:title\" content=\"Papa Francisco: \u00abNo os apart\u00e9is de la gente\u00bb &#8211; Exaudi\" \/>\n<meta property=\"og:description\" content=\"El consejo del Papa Francisco a los sacerdotes de la di\u00f3cesis de Madrid que han celebrado sus bodas de plata\" \/>\n<meta property=\"og:url\" content=\"https:\/\/exaudi.org\/es\/papa-francisco-no-os-aparteis-de-la-gente\/\" \/>\n<meta property=\"og:site_name\" content=\"Exaudi\" \/>\n<meta property=\"article:publisher\" content=\"https:\/\/www.facebook.com\/ExaudiNews\" \/>\n<meta property=\"article:author\" content=\"https:\/\/www.facebook.com\/ExaudiNoticias\/\" \/>\n<meta property=\"article:published_time\" content=\"2024-05-31T09:53:20+00:00\" \/>\n<meta property=\"article:modified_time\" content=\"2024-05-31T09:55:00+00:00\" \/>\n<meta property=\"og:image\" content=\"https:\/\/exaudi.org\/wp-content\/uploads\/2024\/05\/snapedit_1717148975341.png\" \/>\n\t<meta property=\"og:image:width\" content=\"1600\" \/>\n\t<meta property=\"og:image:height\" content=\"750\" \/>\n\t<meta property=\"og:image:type\" content=\"image\/png\" \/>\n<meta name=\"author\" content=\"Exaudi Redacci\u00f3n\" \/>\n<meta name=\"twitter:card\" content=\"summary_large_image\" \/>\n<meta name=\"twitter:creator\" content=\"@Exaudi_noticias\" \/>\n<meta name=\"twitter:site\" content=\"@Exaudi_News\" \/>\n<meta name=\"twitter:label1\" content=\"Escrito por\" \/>\n\t<meta name=\"twitter:data1\" content=\"Exaudi Redacci\u00f3n\" \/>\n\t<meta name=\"twitter:label2\" content=\"Tiempo de lectura\" \/>\n\t<meta name=\"twitter:data2\" content=\"2 minutos\" \/>\n<script type=\"application\/ld+json\" class=\"yoast-schema-graph\">{\"@context\":\"https:\\\/\\\/schema.org\",\"@graph\":[{\"@type\":\"Article\",\"@id\":\"https:\\\/\\\/exaudi.org\\\/es\\\/papa-francisco-no-os-aparteis-de-la-gente\\\/#article\",\"isPartOf\":{\"@id\":\"https:\\\/\\\/exaudi.org\\\/es\\\/papa-francisco-no-os-aparteis-de-la-gente\\\/\"},\"author\":{\"name\":\"Exaudi Redacci\u00f3n\",\"@id\":\"https:\\\/\\\/exaudi.org\\\/#\\\/schema\\\/person\\\/f5fc8f063065e38742da7afe15f25df7\"},\"headline\":\"Papa Francisco: \u00abNo os apart\u00e9is de la gente\u00bb\",\"datePublished\":\"2024-05-31T09:53:20+00:00\",\"dateModified\":\"2024-05-31T09:55:00+00:00\",\"mainEntityOfPage\":{\"@id\":\"https:\\\/\\\/exaudi.org\\\/es\\\/papa-francisco-no-os-aparteis-de-la-gente\\\/\"},\"wordCount\":473,\"image\":{\"@id\":\"https:\\\/\\\/exaudi.org\\\/es\\\/papa-francisco-no-os-aparteis-de-la-gente\\\/#primaryimage\"},\"thumbnailUrl\":\"https:\\\/\\\/exaudi.org\\\/wp-content\\\/uploads\\\/2024\\\/05\\\/snapedit_1717148975341.png\",\"keywords\":[\"alegr\u00eda\",\"bodas de plata\",\"clero espa\u00f1ol\",\"Confesi\u00f3n\",\"Consejo\",\"Di\u00f3cesis de Madrid\",\"Encuentro\",\"Entrega\",\"Eucaristia\",\"fe\",\"Fidelidad\",\"Gratitud\",\"Homenaje\",\"Iglesia diocesana\",\"Ministerio sacerdotal\",\"Misi\u00f3n\",\"papa francisco\",\"Sacerdotes\",\"San Juan de \u00c1vila\",\"Servicio\",\"Virgen Mar\u00eda\"],\"articleSection\":[\"Iglesia y Mundo\"],\"inLanguage\":\"es\"},{\"@type\":\"WebPage\",\"@id\":\"https:\\\/\\\/exaudi.org\\\/es\\\/papa-francisco-no-os-aparteis-de-la-gente\\\/\",\"url\":\"https:\\\/\\\/exaudi.org\\\/es\\\/papa-francisco-no-os-aparteis-de-la-gente\\\/\",\"name\":\"Papa Francisco: \u00abNo os apart\u00e9is de la gente\u00bb &#8211; Exaudi\",\"isPartOf\":{\"@id\":\"https:\\\/\\\/exaudi.org\\\/#website\"},\"primaryImageOfPage\":{\"@id\":\"https:\\\/\\\/exaudi.org\\\/es\\\/papa-francisco-no-os-aparteis-de-la-gente\\\/#primaryimage\"},\"image\":{\"@id\":\"https:\\\/\\\/exaudi.org\\\/es\\\/papa-francisco-no-os-aparteis-de-la-gente\\\/#primaryimage\"},\"thumbnailUrl\":\"https:\\\/\\\/exaudi.org\\\/wp-content\\\/uploads\\\/2024\\\/05\\\/snapedit_1717148975341.png\",\"datePublished\":\"2024-05-31T09:53:20+00:00\",\"dateModified\":\"2024-05-31T09:55:00+00:00\",\"author\":{\"@id\":\"https:\\\/\\\/exaudi.org\\\/#\\\/schema\\\/person\\\/f5fc8f063065e38742da7afe15f25df7\"},\"breadcrumb\":{\"@id\":\"https:\\\/\\\/exaudi.org\\\/es\\\/papa-francisco-no-os-aparteis-de-la-gente\\\/#breadcrumb\"},\"inLanguage\":\"es\",\"potentialAction\":[{\"@type\":\"ReadAction\",\"target\":[\"https:\\\/\\\/exaudi.org\\\/es\\\/papa-francisco-no-os-aparteis-de-la-gente\\\/\"]}]},{\"@type\":\"ImageObject\",\"inLanguage\":\"es\",\"@id\":\"https:\\\/\\\/exaudi.org\\\/es\\\/papa-francisco-no-os-aparteis-de-la-gente\\\/#primaryimage\",\"url\":\"https:\\\/\\\/exaudi.org\\\/wp-content\\\/uploads\\\/2024\\\/05\\\/snapedit_1717148975341.png\",\"contentUrl\":\"https:\\\/\\\/exaudi.org\\\/wp-content\\\/uploads\\\/2024\\\/05\\\/snapedit_1717148975341.png\",\"width\":1600,\"height\":750},{\"@type\":\"BreadcrumbList\",\"@id\":\"https:\\\/\\\/exaudi.org\\\/es\\\/papa-francisco-no-os-aparteis-de-la-gente\\\/#breadcrumb\",\"itemListElement\":[{\"@type\":\"ListItem\",\"position\":1,\"name\":\"Portada\",\"item\":\"https:\\\/\\\/exaudi.org\\\/es\\\/\"},{\"@type\":\"ListItem\",\"position\":2,\"name\":\"Papa Francisco: \u00abNo os apart\u00e9is de la gente\u00bb\"}]},{\"@type\":\"WebSite\",\"@id\":\"https:\\\/\\\/exaudi.org\\\/#website\",\"url\":\"https:\\\/\\\/exaudi.org\\\/\",\"name\":\"Exaudi\",\"description\":\"News\",\"potentialAction\":[{\"@type\":\"SearchAction\",\"target\":{\"@type\":\"EntryPoint\",\"urlTemplate\":\"https:\\\/\\\/exaudi.org\\\/?s={search_term_string}\"},\"query-input\":{\"@type\":\"PropertyValueSpecification\",\"valueRequired\":true,\"valueName\":\"search_term_string\"}}],\"inLanguage\":\"es\"},{\"@type\":\"Person\",\"@id\":\"https:\\\/\\\/exaudi.org\\\/#\\\/schema\\\/person\\\/f5fc8f063065e38742da7afe15f25df7\",\"name\":\"Exaudi Redacci\u00f3n\",\"image\":{\"@type\":\"ImageObject\",\"inLanguage\":\"es\",\"@id\":\"https:\\\/\\\/secure.gravatar.com\\\/avatar\\\/fe0f6a059fb68d9b3e11bc5850dd4899b1c7492091a3cb6dd9b01b56ad828be2?s=96&d=mm&r=g\",\"url\":\"https:\\\/\\\/secure.gravatar.com\\\/avatar\\\/fe0f6a059fb68d9b3e11bc5850dd4899b1c7492091a3cb6dd9b01b56ad828be2?s=96&d=mm&r=g\",\"contentUrl\":\"https:\\\/\\\/secure.gravatar.com\\\/avatar\\\/fe0f6a059fb68d9b3e11bc5850dd4899b1c7492091a3cb6dd9b01b56ad828be2?s=96&d=mm&r=g\",\"caption\":\"Exaudi Redacci\u00f3n\"},\"description\":\"\u00bfQu\u00e9 es Exaudi News? Exaudi News es un medio de comunicaci\u00f3n cat\u00f3lico internacional que informa, forma y transforma, diariamente en espa\u00f1ol, ingl\u00e9s e italiano. A trav\u00e9s de noticias, art\u00edculos de an\u00e1lisis y transmisiones en directo de los eventos del Papa, Exaudi busca fortalecer la unidad de los cristianos y contribuir a la evangelizaci\u00f3n del mundo, siempre guiados por la doctrina social de la Iglesia. Trabajamos para acercar la verdad y los valores cristianos a cada rinc\u00f3n del planeta. \u00a1Ay\u00fadanos a transformar el mundo con Exaudi! En Exaudi creemos que la evangelizaci\u00f3n y la informaci\u00f3n de calidad pueden cambiar vidas. Para continuar con nuestra misi\u00f3n y expandir nuestro alcance, necesitamos tu ayuda. Adem\u00e1s, buscamos personas comprometidas que deseen unirse a nuestro equipo. Con tu apoyo, lograremos llegar a m\u00e1s personas, difundir el mensaje de Cristo y reforzar la unidad de los cristianos. \u00bfTe unes a nuestra misi\u00f3n? Para m\u00e1s informaci\u00f3n sobre c\u00f3mo colaborar, visita Exaudi.org\\\/es o cont\u00e1ctanos directamente: info@exaudi.org Exaudi: Informa, forma y transforma.\",\"sameAs\":[\"https:\\\/\\\/www.facebook.com\\\/ExaudiNoticias\\\/\",\"https:\\\/\\\/www.instagram.com\\\/exaudi_noticias\\\/\",\"https:\\\/\\\/x.com\\\/Exaudi_noticias\",\"https:\\\/\\\/www.youtube.com\\\/@exaudicatholicnews\"],\"url\":\"https:\\\/\\\/exaudi.org\\\/es\\\/author\\\/redaccionexaudi\\\/\"}]}<\/script>\n<!-- \/ Yoast SEO plugin. -->","yoast_head_json":{"title":"Papa Francisco: \u00abNo os apart\u00e9is de la gente\u00bb &#8211; Exaudi","robots":{"index":"index","follow":"follow","max-snippet":"max-snippet:-1","max-image-preview":"max-image-preview:large","max-video-preview":"max-video-preview:-1"},"canonical":"https:\/\/exaudi.org\/es\/papa-francisco-no-os-aparteis-de-la-gente\/","og_locale":"es_ES","og_type":"article","og_title":"Papa Francisco: \u00abNo os apart\u00e9is de la gente\u00bb &#8211; Exaudi","og_description":"El consejo del Papa Francisco a los sacerdotes de la di\u00f3cesis de Madrid que han celebrado sus bodas de plata","og_url":"https:\/\/exaudi.org\/es\/papa-francisco-no-os-aparteis-de-la-gente\/","og_site_name":"Exaudi","article_publisher":"https:\/\/www.facebook.com\/ExaudiNews","article_author":"https:\/\/www.facebook.com\/ExaudiNoticias\/","article_published_time":"2024-05-31T09:53:20+00:00","article_modified_time":"2024-05-31T09:55:00+00:00","og_image":[{"width":1600,"height":750,"url":"https:\/\/exaudi.org\/wp-content\/uploads\/2024\/05\/snapedit_1717148975341.png","type":"image\/png"}],"author":"Exaudi Redacci\u00f3n","twitter_card":"summary_large_image","twitter_creator":"@Exaudi_noticias","twitter_site":"@Exaudi_News","twitter_misc":{"Escrito por":"Exaudi Redacci\u00f3n","Tiempo de lectura":"2 minutos"},"schema":{"@context":"https:\/\/schema.org","@graph":[{"@type":"Article","@id":"https:\/\/exaudi.org\/es\/papa-francisco-no-os-aparteis-de-la-gente\/#article","isPartOf":{"@id":"https:\/\/exaudi.org\/es\/papa-francisco-no-os-aparteis-de-la-gente\/"},"author":{"name":"Exaudi Redacci\u00f3n","@id":"https:\/\/exaudi.org\/#\/schema\/person\/f5fc8f063065e38742da7afe15f25df7"},"headline":"Papa Francisco: \u00abNo os apart\u00e9is de la gente\u00bb","datePublished":"2024-05-31T09:53:20+00:00","dateModified":"2024-05-31T09:55:00+00:00","mainEntityOfPage":{"@id":"https:\/\/exaudi.org\/es\/papa-francisco-no-os-aparteis-de-la-gente\/"},"wordCount":473,"image":{"@id":"https:\/\/exaudi.org\/es\/papa-francisco-no-os-aparteis-de-la-gente\/#primaryimage"},"thumbnailUrl":"https:\/\/exaudi.org\/wp-content\/uploads\/2024\/05\/snapedit_1717148975341.png","keywords":["alegr\u00eda","bodas de plata","clero espa\u00f1ol","Confesi\u00f3n","Consejo","Di\u00f3cesis de Madrid","Encuentro","Entrega","Eucaristia","fe","Fidelidad","Gratitud","Homenaje","Iglesia diocesana","Ministerio sacerdotal","Misi\u00f3n","papa francisco","Sacerdotes","San Juan de \u00c1vila","Servicio","Virgen Mar\u00eda"],"articleSection":["Iglesia y Mundo"],"inLanguage":"es"},{"@type":"WebPage","@id":"https:\/\/exaudi.org\/es\/papa-francisco-no-os-aparteis-de-la-gente\/","url":"https:\/\/exaudi.org\/es\/papa-francisco-no-os-aparteis-de-la-gente\/","name":"Papa Francisco: \u00abNo os apart\u00e9is de la gente\u00bb &#8211; Exaudi","isPartOf":{"@id":"https:\/\/exaudi.org\/#website"},"primaryImageOfPage":{"@id":"https:\/\/exaudi.org\/es\/papa-francisco-no-os-aparteis-de-la-gente\/#primaryimage"},"image":{"@id":"https:\/\/exaudi.org\/es\/papa-francisco-no-os-aparteis-de-la-gente\/#primaryimage"},"thumbnailUrl":"https:\/\/exaudi.org\/wp-content\/uploads\/2024\/05\/snapedit_1717148975341.png","datePublished":"2024-05-31T09:53:20+00:00","dateModified":"2024-05-31T09:55:00+00:00","author":{"@id":"https:\/\/exaudi.org\/#\/schema\/person\/f5fc8f063065e38742da7afe15f25df7"},"breadcrumb":{"@id":"https:\/\/exaudi.org\/es\/papa-francisco-no-os-aparteis-de-la-gente\/#breadcrumb"},"inLanguage":"es","potentialAction":[{"@type":"ReadAction","target":["https:\/\/exaudi.org\/es\/papa-francisco-no-os-aparteis-de-la-gente\/"]}]},{"@type":"ImageObject","inLanguage":"es","@id":"https:\/\/exaudi.org\/es\/papa-francisco-no-os-aparteis-de-la-gente\/#primaryimage","url":"https:\/\/exaudi.org\/wp-content\/uploads\/2024\/05\/snapedit_1717148975341.png","contentUrl":"https:\/\/exaudi.org\/wp-content\/uploads\/2024\/05\/snapedit_1717148975341.png","width":1600,"height":750},{"@type":"BreadcrumbList","@id":"https:\/\/exaudi.org\/es\/papa-francisco-no-os-aparteis-de-la-gente\/#breadcrumb","itemListElement":[{"@type":"ListItem","position":1,"name":"Portada","item":"https:\/\/exaudi.org\/es\/"},{"@type":"ListItem","position":2,"name":"Papa Francisco: \u00abNo os apart\u00e9is de la gente\u00bb"}]},{"@type":"WebSite","@id":"https:\/\/exaudi.org\/#website","url":"https:\/\/exaudi.org\/","name":"Exaudi","description":"News","potentialAction":[{"@type":"SearchAction","target":{"@type":"EntryPoint","urlTemplate":"https:\/\/exaudi.org\/?s={search_term_string}"},"query-input":{"@type":"PropertyValueSpecification","valueRequired":true,"valueName":"search_term_string"}}],"inLanguage":"es"},{"@type":"Person","@id":"https:\/\/exaudi.org\/#\/schema\/person\/f5fc8f063065e38742da7afe15f25df7","name":"Exaudi Redacci\u00f3n","image":{"@type":"ImageObject","inLanguage":"es","@id":"https:\/\/secure.gravatar.com\/avatar\/fe0f6a059fb68d9b3e11bc5850dd4899b1c7492091a3cb6dd9b01b56ad828be2?s=96&d=mm&r=g","url":"https:\/\/secure.gravatar.com\/avatar\/fe0f6a059fb68d9b3e11bc5850dd4899b1c7492091a3cb6dd9b01b56ad828be2?s=96&d=mm&r=g","contentUrl":"https:\/\/secure.gravatar.com\/avatar\/fe0f6a059fb68d9b3e11bc5850dd4899b1c7492091a3cb6dd9b01b56ad828be2?s=96&d=mm&r=g","caption":"Exaudi Redacci\u00f3n"},"description":"\u00bfQu\u00e9 es Exaudi News? Exaudi News es un medio de comunicaci\u00f3n cat\u00f3lico internacional que informa, forma y transforma, diariamente en espa\u00f1ol, ingl\u00e9s e italiano. A trav\u00e9s de noticias, art\u00edculos de an\u00e1lisis y transmisiones en directo de los eventos del Papa, Exaudi busca fortalecer la unidad de los cristianos y contribuir a la evangelizaci\u00f3n del mundo, siempre guiados por la doctrina social de la Iglesia. Trabajamos para acercar la verdad y los valores cristianos a cada rinc\u00f3n del planeta. \u00a1Ay\u00fadanos a transformar el mundo con Exaudi! En Exaudi creemos que la evangelizaci\u00f3n y la informaci\u00f3n de calidad pueden cambiar vidas. Para continuar con nuestra misi\u00f3n y expandir nuestro alcance, necesitamos tu ayuda. Adem\u00e1s, buscamos personas comprometidas que deseen unirse a nuestro equipo. Con tu apoyo, lograremos llegar a m\u00e1s personas, difundir el mensaje de Cristo y reforzar la unidad de los cristianos. \u00bfTe unes a nuestra misi\u00f3n? Para m\u00e1s informaci\u00f3n sobre c\u00f3mo colaborar, visita Exaudi.org\/es o cont\u00e1ctanos directamente: info@exaudi.org Exaudi: Informa, forma y transforma.","sameAs":["https:\/\/www.facebook.com\/ExaudiNoticias\/","https:\/\/www.instagram.com\/exaudi_noticias\/","https:\/\/x.com\/Exaudi_noticias","https:\/\/www.youtube.com\/@exaudicatholicnews"],"url":"https:\/\/exaudi.org\/es\/author\/redaccionexaudi\/"}]}},"jetpack_featured_media_url":"https:\/\/exaudi.org\/wp-content\/uploads\/2024\/05\/snapedit_1717148975341.png","jetpack_shortlink":"https:\/\/wp.me\/pgKjF2-qwN","_links":{"self":[{"href":"https:\/\/exaudi.org\/es\/wp-json\/wp\/v2\/posts\/101977","targetHints":{"allow":["GET"]}}],"collection":[{"href":"https:\/\/exaudi.org\/es\/wp-json\/wp\/v2\/posts"}],"about":[{"href":"https:\/\/exaudi.org\/es\/wp-json\/wp\/v2\/types\/post"}],"author":[{"embeddable":true,"href":"https:\/\/exaudi.org\/es\/wp-json\/wp\/v2\/users\/15"}],"replies":[{"embeddable":true,"href":"https:\/\/exaudi.org\/es\/wp-json\/wp\/v2\/comments?post=101977"}],"version-history":[{"count":0,"href":"https:\/\/exaudi.org\/es\/wp-json\/wp\/v2\/posts\/101977\/revisions"}],"wp:featuredmedia":[{"embeddable":true,"href":"https:\/\/exaudi.org\/es\/wp-json\/wp\/v2\/media\/101981"}],"wp:attachment":[{"href":"https:\/\/exaudi.org\/es\/wp-json\/wp\/v2\/media?parent=101977"}],"wp:term":[{"taxonomy":"category","embeddable":true,"href":"https:\/\/exaudi.org\/es\/wp-json\/wp\/v2\/categories?post=101977"},{"taxonomy":"post_tag","embeddable":true,"href":"https:\/\/exaudi.org\/es\/wp-json\/wp\/v2\/tags?post=101977"}],"curies":[{"name":"wp","href":"https:\/\/api.w.org\/{rel}","templated":true}]}}