{"id":10184,"date":"2021-04-06T13:18:14","date_gmt":"2021-04-06T11:18:14","guid":{"rendered":"https:\/\/exaudi.org\/?p=10184"},"modified":"2021-04-06T17:32:33","modified_gmt":"2021-04-06T15:32:33","slug":"pascua-2021-mensaje-repam","status":"publish","type":"post","link":"https:\/\/exaudi.org\/es\/pascua-2021-mensaje-repam\/","title":{"rendered":"Pascua 2021: Mensaje de la REPAM"},"content":{"rendered":"<p><a href=\"https:\/\/redamazonica.org\/\" target=\"_blank\" rel=\"noopener noreferrer\">La Red Eclesial Panamaz\u00f3nica<\/a>, REPAM, a trav\u00e9s de su secretario ejecutivo, el hermano Jo\u00e3o Gutemberg Sampaio, y de su secretario adjunto, Rodrigo Fadul, han difundido un video mensaje deseando una feliz <a href=\"https:\/\/exaudi.org\/es\/pascua-2021-mensaje-papa-francisco\/\" target=\"_blank\" rel=\"noopener noreferrer\">Pascua 2021<\/a>, \u201cpara todos, para todas, que est\u00e1n en ese camino con nosotros\u201d, en palabras de Fadul.<\/p>\n<p>Desde la nueva sede de la REPAM, que se ha trasladado de Quito, Ecuador, a Manaos, Brasil, y que todav\u00eda est\u00e1 siendo organizada, el secretario adjunto, manifiesta su deseo de \u201cestar juntos y juntas celebrando este momento y agradeciendo por cada uno y cada una que han entrado en este barco junto con nosotros\u201d. En un tiempo de esperanza, el hermano Jo\u00e3o Gutemberg Sampaio, por su parte, pide que \u201cla Pascua nos traiga mucha luz, mucho entusiasmo para superar las dificultades que el mundo sufre y para iluminar a trav\u00e9s de nuestra misi\u00f3n en este r\u00edo de la vida\u201d.<\/p>\n<h4><strong>Red Eclesial Panamaz\u00f3nica (REPAM)<\/strong><\/h4>\n<p>Tal y como se\u00f1ala su p\u00e1gina web oficial, la REPAM es un organismo eclesial, naci\u00f3 en septiembre de 2014, como resultado del camino recorrido por la Iglesia prof\u00e9tica y encarnada en este territorio, cofundada por el Consejo Episcopal Latinoamericano \u2013 CELAM, por la Vida Religiosa en Am\u00e9rica Latina \u2013 CLAR, las C\u00e1ritas de Am\u00e9rica Latina, y la Comisi\u00f3n para la Amazon\u00eda de los Obispos de Brasil (CNBB).<\/p>\n<p>Se trata de una plataforma de articulaci\u00f3n sinodal, de compartir de experiencias y de servicios para responder a las necesidades del territorio de los 9 pa\u00edses de la Panamazon\u00eda (Bolivia, Brasil, Colombia, Ecuador, Guyana, Guyana Francesa, Per\u00fa, Surinam y Venezuela.<\/p>\n<p>El presidente de la REPAM es el\u00a0<a href=\"https:\/\/exaudi.org\/es\/repam-cardenal-barreto-invitacion-evento-amazonia-2021\/\" target=\"_blank\" rel=\"noopener noreferrer\">cardenal Pedro Barreto<\/a>, Mons. Rafael Cob Garc\u00eda, el vicepresidente y el hermano Jo\u00e3o Gutemberg Sampaio es su secretario ejecutivo.<\/p>\n<h4><strong>Nuevas incorporaciones a la presidencia<\/strong><\/h4>\n<p>La propia REPAM <a href=\"https:\/\/exaudi.org\/es\/repam-incorporaciones-presidencia\/\" target=\"_blank\" rel=\"noopener noreferrer\">inform\u00f3 recientemente<\/a> en un comunicado que, junto a la actual presidencia de la red formada por el presidente, el vicepresidente y el secretario ejecutivo, tendr\u00edan lugar tres nuevas incorporaciones de personas de la Amazon\u00eda,\u00a0<em>\u201c<\/em>que tendr\u00e1n un papel importante para el camino de la REPAM\u201d.<\/p>\n<p>Estas personas son Yesica Patiachi Tayori, ind\u00edgena del pueblo Harakbut la hermana Maria Carmelita de Lima Concei\u00e7\u00e3o, que ejercer\u00e1n como consejeras y Rodrigo Fadul Andrade, secretario adjunto.<\/p>\n<p><iframe loading=\"lazy\" title=\"Mensagem de P\u00e1scoa - REPAM\" width=\"500\" height=\"375\" src=\"https:\/\/www.youtube.com\/embed\/RP6aVoZCFys?feature=oembed\" frameborder=\"0\" allow=\"accelerometer; autoplay; clipboard-write; encrypted-media; gyroscope; picture-in-picture; web-share\" referrerpolicy=\"strict-origin-when-cross-origin\" allowfullscreen><\/iframe><\/p>\n","protected":false},"excerpt":{"rendered":"<p>Tiempo de esperanza<\/p>\n","protected":false},"author":5,"featured_media":10186,"comment_status":"closed","ping_status":"closed","sticky":false,"template":"","format":"standard","meta":{"_acf_changed":false,"_crdt_document":"","inline_featured_image":false,"footnotes":""},"categories":[86,298],"tags":[1449,1400,1430,319,318],"class_list":["post-10184","post","type-post","status-publish","format-standard","has-post-thumbnail","hentry","category-iglesia-local","category-ultimas-noticias","tag-hermano-joao-gutemberg-sampaio","tag-pascua","tag-pascua-2021","tag-red-eclesial-panamazonica","tag-repam"],"acf":[],"yoast_head":"<!-- This site is optimized with the Yoast SEO plugin v27.4 - https:\/\/yoast.com\/product\/yoast-seo-wordpress\/ -->\n<title>Pascua 2021: Mensaje de la REPAM &#8211; Exaudi<\/title>\n<meta name=\"description\" content=\"La Red Eclesial Panamaz\u00f3nica, REPAM, difunde un mensaje deseando una feliz Pascua 2021 a todos los que &quot;est\u00e1n en ese camino con nosotros&quot;\" \/>\n<meta name=\"robots\" content=\"index, follow, max-snippet:-1, max-image-preview:large, max-video-preview:-1\" \/>\n<link rel=\"canonical\" href=\"https:\/\/exaudi.org\/es\/pascua-2021-mensaje-repam\/\" \/>\n<meta property=\"og:locale\" content=\"es_ES\" \/>\n<meta property=\"og:type\" content=\"article\" \/>\n<meta property=\"og:title\" content=\"Pascua 2021: Mensaje de la REPAM &#8211; Exaudi\" \/>\n<meta property=\"og:description\" content=\"La Red Eclesial Panamaz\u00f3nica, REPAM, difunde un mensaje deseando una feliz Pascua 2021 a todos los que &quot;est\u00e1n en ese camino con nosotros&quot;\" \/>\n<meta property=\"og:url\" content=\"https:\/\/exaudi.org\/es\/pascua-2021-mensaje-repam\/\" \/>\n<meta property=\"og:site_name\" content=\"Exaudi\" \/>\n<meta property=\"article:publisher\" content=\"https:\/\/www.facebook.com\/ExaudiNews\" \/>\n<meta property=\"article:published_time\" content=\"2021-04-06T11:18:14+00:00\" \/>\n<meta property=\"article:modified_time\" content=\"2021-04-06T15:32:33+00:00\" \/>\n<meta property=\"og:image\" content=\"https:\/\/exaudi.org\/wp-content\/uploads\/2021\/04\/hermano-Joao-Gutemberg-Sampaio-segundo-a-la-izquierda.jpg\" \/>\n\t<meta property=\"og:image:width\" content=\"1280\" \/>\n\t<meta property=\"og:image:height\" content=\"720\" \/>\n\t<meta property=\"og:image:type\" content=\"image\/jpeg\" \/>\n<meta name=\"author\" content=\"Larissa I. L\u00f3pez\" \/>\n<meta name=\"twitter:card\" content=\"summary_large_image\" \/>\n<meta name=\"twitter:creator\" content=\"@Exaudi_News\" \/>\n<meta name=\"twitter:site\" content=\"@Exaudi_News\" \/>\n<meta name=\"twitter:label1\" content=\"Escrito por\" \/>\n\t<meta name=\"twitter:data1\" content=\"Larissa I. L\u00f3pez\" \/>\n\t<meta name=\"twitter:label2\" content=\"Tiempo de lectura\" \/>\n\t<meta name=\"twitter:data2\" content=\"2 minutos\" \/>\n<script type=\"application\/ld+json\" class=\"yoast-schema-graph\">{\"@context\":\"https:\\\/\\\/schema.org\",\"@graph\":[{\"@type\":\"Article\",\"@id\":\"https:\\\/\\\/exaudi.org\\\/es\\\/pascua-2021-mensaje-repam\\\/#article\",\"isPartOf\":{\"@id\":\"https:\\\/\\\/exaudi.org\\\/es\\\/pascua-2021-mensaje-repam\\\/\"},\"author\":{\"name\":\"Larissa I. L\u00f3pez\",\"@id\":\"https:\\\/\\\/exaudi.org\\\/#\\\/schema\\\/person\\\/7d2f77db033c2c0929edfab6dbe8c588\"},\"headline\":\"Pascua 2021: Mensaje de la REPAM\",\"datePublished\":\"2021-04-06T11:18:14+00:00\",\"dateModified\":\"2021-04-06T15:32:33+00:00\",\"mainEntityOfPage\":{\"@id\":\"https:\\\/\\\/exaudi.org\\\/es\\\/pascua-2021-mensaje-repam\\\/\"},\"wordCount\":401,\"image\":{\"@id\":\"https:\\\/\\\/exaudi.org\\\/es\\\/pascua-2021-mensaje-repam\\\/#primaryimage\"},\"thumbnailUrl\":\"https:\\\/\\\/exaudi.org\\\/wp-content\\\/uploads\\\/2021\\\/04\\\/hermano-Joao-Gutemberg-Sampaio-segundo-a-la-izquierda.jpg\",\"keywords\":[\"Hermano Jo\u00e3o Gutemberg Sampaio\",\"Pascua\",\"Pascua 2021\",\"Red Eclesial Panamaz\u00f3nica\",\"REPAM\"],\"articleSection\":[\"Iglesia Local\",\"\u00daltimas noticias\"],\"inLanguage\":\"es\"},{\"@type\":\"WebPage\",\"@id\":\"https:\\\/\\\/exaudi.org\\\/es\\\/pascua-2021-mensaje-repam\\\/\",\"url\":\"https:\\\/\\\/exaudi.org\\\/es\\\/pascua-2021-mensaje-repam\\\/\",\"name\":\"Pascua 2021: Mensaje de la REPAM &#8211; Exaudi\",\"isPartOf\":{\"@id\":\"https:\\\/\\\/exaudi.org\\\/#website\"},\"primaryImageOfPage\":{\"@id\":\"https:\\\/\\\/exaudi.org\\\/es\\\/pascua-2021-mensaje-repam\\\/#primaryimage\"},\"image\":{\"@id\":\"https:\\\/\\\/exaudi.org\\\/es\\\/pascua-2021-mensaje-repam\\\/#primaryimage\"},\"thumbnailUrl\":\"https:\\\/\\\/exaudi.org\\\/wp-content\\\/uploads\\\/2021\\\/04\\\/hermano-Joao-Gutemberg-Sampaio-segundo-a-la-izquierda.jpg\",\"datePublished\":\"2021-04-06T11:18:14+00:00\",\"dateModified\":\"2021-04-06T15:32:33+00:00\",\"author\":{\"@id\":\"https:\\\/\\\/exaudi.org\\\/#\\\/schema\\\/person\\\/7d2f77db033c2c0929edfab6dbe8c588\"},\"description\":\"La Red Eclesial Panamaz\u00f3nica, REPAM, difunde un mensaje deseando una feliz Pascua 2021 a todos los que \\\"est\u00e1n en ese camino con nosotros\\\"\",\"breadcrumb\":{\"@id\":\"https:\\\/\\\/exaudi.org\\\/es\\\/pascua-2021-mensaje-repam\\\/#breadcrumb\"},\"inLanguage\":\"es\",\"potentialAction\":[{\"@type\":\"ReadAction\",\"target\":[\"https:\\\/\\\/exaudi.org\\\/es\\\/pascua-2021-mensaje-repam\\\/\"]}]},{\"@type\":\"ImageObject\",\"inLanguage\":\"es\",\"@id\":\"https:\\\/\\\/exaudi.org\\\/es\\\/pascua-2021-mensaje-repam\\\/#primaryimage\",\"url\":\"https:\\\/\\\/exaudi.org\\\/wp-content\\\/uploads\\\/2021\\\/04\\\/hermano-Joao-Gutemberg-Sampaio-segundo-a-la-izquierda.jpg\",\"contentUrl\":\"https:\\\/\\\/exaudi.org\\\/wp-content\\\/uploads\\\/2021\\\/04\\\/hermano-Joao-Gutemberg-Sampaio-segundo-a-la-izquierda.jpg\",\"width\":1280,\"height\":720,\"caption\":\"Hermano Jo\u00e3o Gutemberg Sampaio, segundo a la izquierda \u00a9 REPAM\"},{\"@type\":\"BreadcrumbList\",\"@id\":\"https:\\\/\\\/exaudi.org\\\/es\\\/pascua-2021-mensaje-repam\\\/#breadcrumb\",\"itemListElement\":[{\"@type\":\"ListItem\",\"position\":1,\"name\":\"Portada\",\"item\":\"https:\\\/\\\/exaudi.org\\\/es\\\/\"},{\"@type\":\"ListItem\",\"position\":2,\"name\":\"Pascua 2021: Mensaje de la REPAM\"}]},{\"@type\":\"WebSite\",\"@id\":\"https:\\\/\\\/exaudi.org\\\/#website\",\"url\":\"https:\\\/\\\/exaudi.org\\\/\",\"name\":\"Exaudi\",\"description\":\"News\",\"potentialAction\":[{\"@type\":\"SearchAction\",\"target\":{\"@type\":\"EntryPoint\",\"urlTemplate\":\"https:\\\/\\\/exaudi.org\\\/?s={search_term_string}\"},\"query-input\":{\"@type\":\"PropertyValueSpecification\",\"valueRequired\":true,\"valueName\":\"search_term_string\"}}],\"inLanguage\":\"es\"},{\"@type\":\"Person\",\"@id\":\"https:\\\/\\\/exaudi.org\\\/#\\\/schema\\\/person\\\/7d2f77db033c2c0929edfab6dbe8c588\",\"name\":\"Larissa I. L\u00f3pez\",\"image\":{\"@type\":\"ImageObject\",\"inLanguage\":\"es\",\"@id\":\"https:\\\/\\\/secure.gravatar.com\\\/avatar\\\/db3ef399ff343d0bb9d25dc5198bc8ece5ac6d621eca79876697a354dabc1e3f?s=96&d=mm&r=g\",\"url\":\"https:\\\/\\\/secure.gravatar.com\\\/avatar\\\/db3ef399ff343d0bb9d25dc5198bc8ece5ac6d621eca79876697a354dabc1e3f?s=96&d=mm&r=g\",\"contentUrl\":\"https:\\\/\\\/secure.gravatar.com\\\/avatar\\\/db3ef399ff343d0bb9d25dc5198bc8ece5ac6d621eca79876697a354dabc1e3f?s=96&d=mm&r=g\",\"caption\":\"Larissa I. L\u00f3pez\"},\"description\":\"Doctora en Comunicaci\u00f3n. Mi trayectoria profesional ha transcurrido entre el \u00e1mbito de la comunicaci\u00f3n y el de la docencia. En los \u00faltimos a\u00f1os, he trabajado como coordinadora y redactora de la edici\u00f3n de ZENIT en espa\u00f1ol. Como profesora, he impartido clases en la universidad y en centros de FP y bachillerato. Cordobesa de nacimiento, tambi\u00e9n he vivido en Sevilla, Madrid y Roma\",\"url\":\"https:\\\/\\\/exaudi.org\\\/es\\\/author\\\/llopezexaudi-org\\\/\"}]}<\/script>\n<!-- \/ Yoast SEO plugin. -->","yoast_head_json":{"title":"Pascua 2021: Mensaje de la REPAM &#8211; Exaudi","description":"La Red Eclesial Panamaz\u00f3nica, REPAM, difunde un mensaje deseando una feliz Pascua 2021 a todos los que \"est\u00e1n en ese camino con nosotros\"","robots":{"index":"index","follow":"follow","max-snippet":"max-snippet:-1","max-image-preview":"max-image-preview:large","max-video-preview":"max-video-preview:-1"},"canonical":"https:\/\/exaudi.org\/es\/pascua-2021-mensaje-repam\/","og_locale":"es_ES","og_type":"article","og_title":"Pascua 2021: Mensaje de la REPAM &#8211; Exaudi","og_description":"La Red Eclesial Panamaz\u00f3nica, REPAM, difunde un mensaje deseando una feliz Pascua 2021 a todos los que \"est\u00e1n en ese camino con nosotros\"","og_url":"https:\/\/exaudi.org\/es\/pascua-2021-mensaje-repam\/","og_site_name":"Exaudi","article_publisher":"https:\/\/www.facebook.com\/ExaudiNews","article_published_time":"2021-04-06T11:18:14+00:00","article_modified_time":"2021-04-06T15:32:33+00:00","og_image":[{"width":1280,"height":720,"url":"https:\/\/exaudi.org\/wp-content\/uploads\/2021\/04\/hermano-Joao-Gutemberg-Sampaio-segundo-a-la-izquierda.jpg","type":"image\/jpeg"}],"author":"Larissa I. L\u00f3pez","twitter_card":"summary_large_image","twitter_creator":"@Exaudi_News","twitter_site":"@Exaudi_News","twitter_misc":{"Escrito por":"Larissa I. L\u00f3pez","Tiempo de lectura":"2 minutos"},"schema":{"@context":"https:\/\/schema.org","@graph":[{"@type":"Article","@id":"https:\/\/exaudi.org\/es\/pascua-2021-mensaje-repam\/#article","isPartOf":{"@id":"https:\/\/exaudi.org\/es\/pascua-2021-mensaje-repam\/"},"author":{"name":"Larissa I. L\u00f3pez","@id":"https:\/\/exaudi.org\/#\/schema\/person\/7d2f77db033c2c0929edfab6dbe8c588"},"headline":"Pascua 2021: Mensaje de la REPAM","datePublished":"2021-04-06T11:18:14+00:00","dateModified":"2021-04-06T15:32:33+00:00","mainEntityOfPage":{"@id":"https:\/\/exaudi.org\/es\/pascua-2021-mensaje-repam\/"},"wordCount":401,"image":{"@id":"https:\/\/exaudi.org\/es\/pascua-2021-mensaje-repam\/#primaryimage"},"thumbnailUrl":"https:\/\/exaudi.org\/wp-content\/uploads\/2021\/04\/hermano-Joao-Gutemberg-Sampaio-segundo-a-la-izquierda.jpg","keywords":["Hermano Jo\u00e3o Gutemberg Sampaio","Pascua","Pascua 2021","Red Eclesial Panamaz\u00f3nica","REPAM"],"articleSection":["Iglesia Local","\u00daltimas noticias"],"inLanguage":"es"},{"@type":"WebPage","@id":"https:\/\/exaudi.org\/es\/pascua-2021-mensaje-repam\/","url":"https:\/\/exaudi.org\/es\/pascua-2021-mensaje-repam\/","name":"Pascua 2021: Mensaje de la REPAM &#8211; Exaudi","isPartOf":{"@id":"https:\/\/exaudi.org\/#website"},"primaryImageOfPage":{"@id":"https:\/\/exaudi.org\/es\/pascua-2021-mensaje-repam\/#primaryimage"},"image":{"@id":"https:\/\/exaudi.org\/es\/pascua-2021-mensaje-repam\/#primaryimage"},"thumbnailUrl":"https:\/\/exaudi.org\/wp-content\/uploads\/2021\/04\/hermano-Joao-Gutemberg-Sampaio-segundo-a-la-izquierda.jpg","datePublished":"2021-04-06T11:18:14+00:00","dateModified":"2021-04-06T15:32:33+00:00","author":{"@id":"https:\/\/exaudi.org\/#\/schema\/person\/7d2f77db033c2c0929edfab6dbe8c588"},"description":"La Red Eclesial Panamaz\u00f3nica, REPAM, difunde un mensaje deseando una feliz Pascua 2021 a todos los que \"est\u00e1n en ese camino con nosotros\"","breadcrumb":{"@id":"https:\/\/exaudi.org\/es\/pascua-2021-mensaje-repam\/#breadcrumb"},"inLanguage":"es","potentialAction":[{"@type":"ReadAction","target":["https:\/\/exaudi.org\/es\/pascua-2021-mensaje-repam\/"]}]},{"@type":"ImageObject","inLanguage":"es","@id":"https:\/\/exaudi.org\/es\/pascua-2021-mensaje-repam\/#primaryimage","url":"https:\/\/exaudi.org\/wp-content\/uploads\/2021\/04\/hermano-Joao-Gutemberg-Sampaio-segundo-a-la-izquierda.jpg","contentUrl":"https:\/\/exaudi.org\/wp-content\/uploads\/2021\/04\/hermano-Joao-Gutemberg-Sampaio-segundo-a-la-izquierda.jpg","width":1280,"height":720,"caption":"Hermano Jo\u00e3o Gutemberg Sampaio, segundo a la izquierda \u00a9 REPAM"},{"@type":"BreadcrumbList","@id":"https:\/\/exaudi.org\/es\/pascua-2021-mensaje-repam\/#breadcrumb","itemListElement":[{"@type":"ListItem","position":1,"name":"Portada","item":"https:\/\/exaudi.org\/es\/"},{"@type":"ListItem","position":2,"name":"Pascua 2021: Mensaje de la REPAM"}]},{"@type":"WebSite","@id":"https:\/\/exaudi.org\/#website","url":"https:\/\/exaudi.org\/","name":"Exaudi","description":"News","potentialAction":[{"@type":"SearchAction","target":{"@type":"EntryPoint","urlTemplate":"https:\/\/exaudi.org\/?s={search_term_string}"},"query-input":{"@type":"PropertyValueSpecification","valueRequired":true,"valueName":"search_term_string"}}],"inLanguage":"es"},{"@type":"Person","@id":"https:\/\/exaudi.org\/#\/schema\/person\/7d2f77db033c2c0929edfab6dbe8c588","name":"Larissa I. L\u00f3pez","image":{"@type":"ImageObject","inLanguage":"es","@id":"https:\/\/secure.gravatar.com\/avatar\/db3ef399ff343d0bb9d25dc5198bc8ece5ac6d621eca79876697a354dabc1e3f?s=96&d=mm&r=g","url":"https:\/\/secure.gravatar.com\/avatar\/db3ef399ff343d0bb9d25dc5198bc8ece5ac6d621eca79876697a354dabc1e3f?s=96&d=mm&r=g","contentUrl":"https:\/\/secure.gravatar.com\/avatar\/db3ef399ff343d0bb9d25dc5198bc8ece5ac6d621eca79876697a354dabc1e3f?s=96&d=mm&r=g","caption":"Larissa I. L\u00f3pez"},"description":"Doctora en Comunicaci\u00f3n. Mi trayectoria profesional ha transcurrido entre el \u00e1mbito de la comunicaci\u00f3n y el de la docencia. En los \u00faltimos a\u00f1os, he trabajado como coordinadora y redactora de la edici\u00f3n de ZENIT en espa\u00f1ol. Como profesora, he impartido clases en la universidad y en centros de FP y bachillerato. Cordobesa de nacimiento, tambi\u00e9n he vivido en Sevilla, Madrid y Roma","url":"https:\/\/exaudi.org\/es\/author\/llopezexaudi-org\/"}]}},"jetpack_featured_media_url":"https:\/\/exaudi.org\/wp-content\/uploads\/2021\/04\/hermano-Joao-Gutemberg-Sampaio-segundo-a-la-izquierda.jpg","jetpack_shortlink":"https:\/\/wp.me\/pgKjF2-2Eg","_links":{"self":[{"href":"https:\/\/exaudi.org\/es\/wp-json\/wp\/v2\/posts\/10184","targetHints":{"allow":["GET"]}}],"collection":[{"href":"https:\/\/exaudi.org\/es\/wp-json\/wp\/v2\/posts"}],"about":[{"href":"https:\/\/exaudi.org\/es\/wp-json\/wp\/v2\/types\/post"}],"author":[{"embeddable":true,"href":"https:\/\/exaudi.org\/es\/wp-json\/wp\/v2\/users\/5"}],"replies":[{"embeddable":true,"href":"https:\/\/exaudi.org\/es\/wp-json\/wp\/v2\/comments?post=10184"}],"version-history":[{"count":0,"href":"https:\/\/exaudi.org\/es\/wp-json\/wp\/v2\/posts\/10184\/revisions"}],"wp:featuredmedia":[{"embeddable":true,"href":"https:\/\/exaudi.org\/es\/wp-json\/wp\/v2\/media\/10186"}],"wp:attachment":[{"href":"https:\/\/exaudi.org\/es\/wp-json\/wp\/v2\/media?parent=10184"}],"wp:term":[{"taxonomy":"category","embeddable":true,"href":"https:\/\/exaudi.org\/es\/wp-json\/wp\/v2\/categories?post=10184"},{"taxonomy":"post_tag","embeddable":true,"href":"https:\/\/exaudi.org\/es\/wp-json\/wp\/v2\/tags?post=10184"}],"curies":[{"name":"wp","href":"https:\/\/api.w.org\/{rel}","templated":true}]}}