{"id":101723,"date":"2024-05-30T09:30:52","date_gmt":"2024-05-30T07:30:52","guid":{"rendered":"https:\/\/exaudi.org\/?p=101723"},"modified":"2024-05-30T16:57:31","modified_gmt":"2024-05-30T14:57:31","slug":"silencio-a-canonazos","status":"publish","type":"post","link":"https:\/\/exaudi.org\/es\/silencio-a-canonazos\/","title":{"rendered":"Silencio a ca\u00f1onazos"},"content":{"rendered":"<audio class=\"wp-audio-shortcode\" id=\"audio-101723-1\" preload=\"none\" style=\"width: 100%;\" controls=\"controls\"><source type=\"audio\/mpeg\" src=\"https:\/\/exaudi.org\/wp-content\/uploads\/2024\/05\/Silencio-a-canonazos.mp3?_=1\" \/><a href=\"https:\/\/exaudi.org\/wp-content\/uploads\/2024\/05\/Silencio-a-canonazos.mp3\">https:\/\/exaudi.org\/wp-content\/uploads\/2024\/05\/Silencio-a-canonazos.mp3<\/a><\/audio>\n<p>La noticia de que las clarisas de le pueblo de Burgos, Belorado, (Espa\u00f1a), han roto la obediencia con la iglesia cat\u00f3lica, acogi\u00e9ndose a la autoridad de un personaje que se autodenomina obispo, ha saltado a los medios de comunicaci\u00f3n.<\/p>\n<p>Hasta en las tertulias de los establecimientos p\u00fablicos se habla ahora de la clausura Los m\u00e1s mayores se detienen a explicar lo que son los monasterios y la vida de clausura. Pues, aunque no parezca, esa terminolog\u00eda va desapareciendo del lenguaje de la calle.<\/p>\n<p>No nos detendremos en comentar la incoherencia de las \u201cdamas pobres\u201d \u2013 nombre dado por los fundadores, san Francisco y santa Clara, los cuales pretendieron que las hermanas vivieran sin propiedades e incluso sin dote. El mandato del santo de As\u00eds, de venerar al papa y a los sacerdotes, lo eluden las hermanas cism\u00e1ticas, desautorizando al vicario de Cristo y a toda la iglesia cat\u00f3lica desde el papa Pio XII.<\/p>\n<p>El conflicto se origina por las dificultades de vender un monasterio para poder comprar otro. Parece ser que los procederes de los obispados implicados y del mismo Vaticano no han sido del agrado de las monjas. Aunque no todas se han sumado a la protesta. Adem\u00e1s de quien ha cambiado a una comunidad can\u00f3nica, hay las monjas m\u00e1s mayores, algunas con problemas de demencia que cualquier notario no dar\u00eda por v\u00e1lido sus decisiones.<\/p>\n<p>Y si doctrinalmente patinan, lo que es a nivel de derecho de la propiedad se ve que tambi\u00e9n. Seg\u00fan Miguel Campo Ib\u00e1\u00f1ez, profesor de derecho can\u00f3nico en la Universidad de Comillas, no pueden disponer de las propiedades a su antojo, afirma que \u201c es cierto que las propiedades pertenecen a la persona jur\u00eddica del monasterio de Santa Clara pero no a sus diecis\u00e9is religiosas en particular\u201d . Imaginemos que cada iglesia o convento que se cierra se repartiera entre los \u00faltimos moradores. \u00a0Un patrimonio que no compraran personalmente, los que habitan el edificio, cuando ingresan a la comunidad. El patrimonio pertenece a la Iglesia, es decir a las generaciones anteriores que lo habitaron, al pueblo fiel que colabor\u00f3 para hacerlo, pero, en absoluto a una o unas personas en particular.<\/p>\n<p>El sentido de propiedad, aun con la mejor de las intenciones corrompe los fines mismos de una instituci\u00f3n que no se cre\u00f3 como una empresa particular.\u00a0 Tanto sea una instituci\u00f3n deportiva o social d\u00f3nde su presidente confunde los fines de la instituci\u00f3n con sus propios fines actuando como propietario de la entidad, como una entidad religiosa.<\/p>\n<p>En el obispado de Barcelona ha sido suspendido a divinis un p\u00e1rroco, el cual, actuando como propietario, e incluso intentando poner el sant\u00edsimo como barrera para que no fuera suprimida su parroquia, o que fuera integrada en una parroquia vecina, a tan solo cinco minutos a pie de distancia. Es cierto que la redistribuci\u00f3n de espacios es un problema cuando afecta a intereses particulares. Pero quien tiene la responsabilidad de gobernar debe de dar cuenta de la distribuci\u00f3n justa. En este caso la parroquia suprimida se va a convertir en parte de la universidad cat\u00f3lica de medicina.<\/p>\n<p>Muchas veces, las discrepancias en la iglesia se saldaban con un abandono de la fe, es decir con la secularizaci\u00f3n. Ahora es una secularizaci\u00f3n inversa, donde se remarcan las diferencias con la jerarqu\u00eda situando a \u00e9sta fuera de la religi\u00f3n. Seg\u00fan ellos, los que est\u00e1n en conflicto con sus superiores, son los papas y los obispos los no cat\u00f3licos.<\/p>\n<p>Dicho todo esto, pienso que lo que ha fallado es el di\u00e1logo. Y no me refiero a los comunicados que los ha habido. Y c\u00f3mo no a las respuestas, que tambi\u00e9n las ha habido. Me refiero a los silencios ante las respuestas que se iban dando.<\/p>\n<p>El final ha sido esos ca\u00f1onazos que han roto el silencio de la obediencia. Cualquier analista reconocer\u00e1 que semejantes medidas por parte de las no son fruto de un repentino enajenamiento mental, sino de frustraciones ante intereses concretos manifestados o no.<\/p>\n<p>Llama la atenci\u00f3n las declaraciones del obispo de Burgos, Mns. Iceta, en el que afirma que le ha venido de nuevo lo sucedido. Manifestaba su extra\u00f1eza afirmando que en las varias visitas que realiz\u00f3 a las monjas nunca le manifestaron los intereses o descontento que tuvieran.<\/p>\n<p>Cuando algo que se entiende como injusto pero no se manifiesta, no quiere decir que se est\u00e1 de acuerdo. En este sentido el dicho de que quien calla otorga no es cierto. M\u00e1s bien quien calla \u201cinjusticias\u201d acumula rabia. I el descontento acumulado, como las tormentas de verano, puede causar da\u00f1os. En este caso la negaci\u00f3n a vender un monasterio lo provoc\u00f3.<\/p>\n<p>Nos imaginamos las \u201ccordiales\u201d visitas del obispo a la comunidad, viviendo las monjas la frustraci\u00f3n de no poder trajinar con la compraventa de los monasterios.<\/p>\n<p>Cuando silenciamos el tel\u00e9fono m\u00f3vil lo podemos poner en \u201cmodo avi\u00f3n\u201d. Seg\u00fan qu\u00e9 visitas podemos d\u00f3nde la cordialidad esconde los problemas podemos acu\u00f1ar la terminolog\u00eda \u201cmodo obispo\u201d<\/p>\n<p>Recientemente el papa Francisco ha tenido que pedir disculpas ante los comentarios que algunos consideran ofensivos hacia los homosexuales, cuando ha hablado de los seminarios y seminaristas italianos. El santo padre nos invita con su manera de comunicar a alejarnos de los lenguajes pol\u00edticamente correctos. Ha abordado temas tapados durante a\u00f1os, con veracidad, coraje y transparencia, aunque eso pudiera provocar incomodidades a m\u00e1s de uno, pero los silencios represores se pueden convertir en ca\u00f1onazos destructores.<\/p>\n<p><a href=\"https:\/\/open.spotify.com\/episode\/5p0gmS0RIqFu1D1WopGF0O?si=46999eb1c0de4df5\" target=\"_blank\" rel=\"noopener\"><strong>Spotify<\/strong><\/a><\/p>\n<p><img loading=\"lazy\" decoding=\"async\" class=\"size-full wp-image-101869 alignnone\" src=\"https:\/\/exaudi.org\/wp-content\/uploads\/2024\/05\/Voces-1-2.jpg\" alt=\"\" width=\"940\" height=\"788\" srcset=\"https:\/\/exaudi.org\/wp-content\/uploads\/2024\/05\/Voces-1-2.jpg 940w, https:\/\/exaudi.org\/wp-content\/uploads\/2024\/05\/Voces-1-2-300x251.jpg 300w, https:\/\/exaudi.org\/wp-content\/uploads\/2024\/05\/Voces-1-2-770x645.jpg 770w, https:\/\/exaudi.org\/wp-content\/uploads\/2024\/05\/Voces-1-2-500x419.jpg 500w, https:\/\/exaudi.org\/wp-content\/uploads\/2024\/05\/Voces-1-2-293x246.jpg 293w, https:\/\/exaudi.org\/wp-content\/uploads\/2024\/05\/Voces-1-2-390x327.jpg 390w\" sizes=\"auto, (max-width: 940px) 100vw, 940px\" \/><\/p>\n","protected":false},"excerpt":{"rendered":"<p>Secularizaci\u00f3n inversa<\/p>\n","protected":false},"author":77,"featured_media":101724,"comment_status":"closed","ping_status":"closed","sticky":false,"template":"","format":"standard","meta":{"_acf_changed":false,"_crdt_document":"","inline_featured_image":false,"footnotes":""},"categories":[],"tags":[17271,17270,17278,17272,15301,17274,17277,17275,17276,10313,602,17273,17269,17268,2026],"class_list":["post-101723","post","type-post","status-publish","format-standard","has-post-thumbnail","hentry","tag-cisma","tag-clarisas-de-belorado","tag-comentarios-ofensivos","tag-conflicto-eclesiastico","tag-derecho-canonico","tag-dialogo-fallido","tag-disculpas","tag-frustraciones","tag-monsenor-iceta","tag-obediencia","tag-obispos","tag-papa-pio-xii-2","tag-secularizacion-inversa","tag-silencio-a-canonazos","tag-transparencia"],"acf":[],"yoast_head":"<!-- This site is optimized with the Yoast SEO plugin v27.5 - https:\/\/yoast.com\/product\/yoast-seo-wordpress\/ -->\n<title>Silencio a ca\u00f1onazos &#8211; Exaudi<\/title>\n<meta name=\"robots\" content=\"index, follow, max-snippet:-1, max-image-preview:large, max-video-preview:-1\" \/>\n<link rel=\"canonical\" href=\"https:\/\/exaudi.org\/es\/silencio-a-canonazos\/\" \/>\n<meta property=\"og:locale\" content=\"es_ES\" \/>\n<meta property=\"og:type\" content=\"article\" \/>\n<meta property=\"og:title\" content=\"Silencio a ca\u00f1onazos &#8211; Exaudi\" \/>\n<meta property=\"og:description\" content=\"Secularizaci\u00f3n inversa\" \/>\n<meta property=\"og:url\" content=\"https:\/\/exaudi.org\/es\/silencio-a-canonazos\/\" \/>\n<meta property=\"og:site_name\" content=\"Exaudi\" \/>\n<meta property=\"article:publisher\" content=\"https:\/\/www.facebook.com\/ExaudiNews\" \/>\n<meta property=\"article:published_time\" content=\"2024-05-30T07:30:52+00:00\" \/>\n<meta property=\"article:modified_time\" content=\"2024-05-30T14:57:31+00:00\" \/>\n<meta property=\"og:image\" content=\"https:\/\/exaudi.org\/wp-content\/uploads\/2024\/05\/scott-umstattd-iSTs6Lcu-Ek-unsplash-scaled.jpg\" \/>\n\t<meta property=\"og:image:width\" content=\"2560\" \/>\n\t<meta property=\"og:image:height\" content=\"1707\" \/>\n\t<meta property=\"og:image:type\" content=\"image\/jpeg\" \/>\n<meta name=\"author\" content=\"Alfons Gea\" \/>\n<meta name=\"twitter:card\" content=\"summary_large_image\" \/>\n<meta name=\"twitter:creator\" content=\"@Exaudi_News\" \/>\n<meta name=\"twitter:site\" content=\"@Exaudi_News\" \/>\n<meta name=\"twitter:label1\" content=\"Escrito por\" \/>\n\t<meta name=\"twitter:data1\" content=\"Alfons Gea\" \/>\n\t<meta name=\"twitter:label2\" content=\"Tiempo de lectura\" \/>\n\t<meta name=\"twitter:data2\" content=\"5 minutos\" \/>\n<script type=\"application\/ld+json\" class=\"yoast-schema-graph\">{\"@context\":\"https:\\\/\\\/schema.org\",\"@graph\":[{\"@type\":\"Article\",\"@id\":\"https:\\\/\\\/exaudi.org\\\/es\\\/silencio-a-canonazos\\\/#article\",\"isPartOf\":{\"@id\":\"https:\\\/\\\/exaudi.org\\\/es\\\/silencio-a-canonazos\\\/\"},\"author\":{\"name\":\"Alfons Gea\",\"@id\":\"https:\\\/\\\/exaudi.org\\\/#\\\/schema\\\/person\\\/ac92bf102c0b53544ebdec5b9d0aed18\"},\"headline\":\"Silencio a ca\u00f1onazos\",\"datePublished\":\"2024-05-30T07:30:52+00:00\",\"dateModified\":\"2024-05-30T14:57:31+00:00\",\"mainEntityOfPage\":{\"@id\":\"https:\\\/\\\/exaudi.org\\\/es\\\/silencio-a-canonazos\\\/\"},\"wordCount\":960,\"image\":{\"@id\":\"https:\\\/\\\/exaudi.org\\\/es\\\/silencio-a-canonazos\\\/#primaryimage\"},\"thumbnailUrl\":\"https:\\\/\\\/exaudi.org\\\/wp-content\\\/uploads\\\/2024\\\/05\\\/scott-umstattd-iSTs6Lcu-Ek-unsplash-scaled.jpg\",\"keywords\":[\"cisma\",\"Clarisas de Belorado\",\"comentarios ofensivos\",\"conflicto eclesi\u00e1stico\",\"Derecho can\u00f3nico\",\"di\u00e1logo fallido\",\"disculpas\",\"frustraciones\",\"Monse\u00f1or Iceta\",\"obediencia\",\"obispos\",\"papa P\u00edo XII\",\"Secularizaci\u00f3n inversa\",\"Silencio a ca\u00f1onazos\",\"Transparencia\"],\"inLanguage\":\"es\"},{\"@type\":\"WebPage\",\"@id\":\"https:\\\/\\\/exaudi.org\\\/es\\\/silencio-a-canonazos\\\/\",\"url\":\"https:\\\/\\\/exaudi.org\\\/es\\\/silencio-a-canonazos\\\/\",\"name\":\"Silencio a ca\u00f1onazos &#8211; Exaudi\",\"isPartOf\":{\"@id\":\"https:\\\/\\\/exaudi.org\\\/#website\"},\"primaryImageOfPage\":{\"@id\":\"https:\\\/\\\/exaudi.org\\\/es\\\/silencio-a-canonazos\\\/#primaryimage\"},\"image\":{\"@id\":\"https:\\\/\\\/exaudi.org\\\/es\\\/silencio-a-canonazos\\\/#primaryimage\"},\"thumbnailUrl\":\"https:\\\/\\\/exaudi.org\\\/wp-content\\\/uploads\\\/2024\\\/05\\\/scott-umstattd-iSTs6Lcu-Ek-unsplash-scaled.jpg\",\"datePublished\":\"2024-05-30T07:30:52+00:00\",\"dateModified\":\"2024-05-30T14:57:31+00:00\",\"author\":{\"@id\":\"https:\\\/\\\/exaudi.org\\\/#\\\/schema\\\/person\\\/ac92bf102c0b53544ebdec5b9d0aed18\"},\"breadcrumb\":{\"@id\":\"https:\\\/\\\/exaudi.org\\\/es\\\/silencio-a-canonazos\\\/#breadcrumb\"},\"inLanguage\":\"es\",\"potentialAction\":[{\"@type\":\"ReadAction\",\"target\":[\"https:\\\/\\\/exaudi.org\\\/es\\\/silencio-a-canonazos\\\/\"]}]},{\"@type\":\"ImageObject\",\"inLanguage\":\"es\",\"@id\":\"https:\\\/\\\/exaudi.org\\\/es\\\/silencio-a-canonazos\\\/#primaryimage\",\"url\":\"https:\\\/\\\/exaudi.org\\\/wp-content\\\/uploads\\\/2024\\\/05\\\/scott-umstattd-iSTs6Lcu-Ek-unsplash-scaled.jpg\",\"contentUrl\":\"https:\\\/\\\/exaudi.org\\\/wp-content\\\/uploads\\\/2024\\\/05\\\/scott-umstattd-iSTs6Lcu-Ek-unsplash-scaled.jpg\",\"width\":2560,\"height\":1707,\"caption\":\"Foto de Scott Umstattd en Unsplash\"},{\"@type\":\"BreadcrumbList\",\"@id\":\"https:\\\/\\\/exaudi.org\\\/es\\\/silencio-a-canonazos\\\/#breadcrumb\",\"itemListElement\":[{\"@type\":\"ListItem\",\"position\":1,\"name\":\"Portada\",\"item\":\"https:\\\/\\\/exaudi.org\\\/es\\\/\"},{\"@type\":\"ListItem\",\"position\":2,\"name\":\"Silencio a ca\u00f1onazos\"}]},{\"@type\":\"WebSite\",\"@id\":\"https:\\\/\\\/exaudi.org\\\/#website\",\"url\":\"https:\\\/\\\/exaudi.org\\\/\",\"name\":\"Exaudi\",\"description\":\"News\",\"potentialAction\":[{\"@type\":\"SearchAction\",\"target\":{\"@type\":\"EntryPoint\",\"urlTemplate\":\"https:\\\/\\\/exaudi.org\\\/?s={search_term_string}\"},\"query-input\":{\"@type\":\"PropertyValueSpecification\",\"valueRequired\":true,\"valueName\":\"search_term_string\"}}],\"inLanguage\":\"es\"},{\"@type\":\"Person\",\"@id\":\"https:\\\/\\\/exaudi.org\\\/#\\\/schema\\\/person\\\/ac92bf102c0b53544ebdec5b9d0aed18\",\"name\":\"Alfons Gea\",\"image\":{\"@type\":\"ImageObject\",\"inLanguage\":\"es\",\"@id\":\"https:\\\/\\\/secure.gravatar.com\\\/avatar\\\/24ebf96806e8303525f3910faa8289fe6c8726339b6a79ad483356d520db03c6?s=96&d=mm&r=g\",\"url\":\"https:\\\/\\\/secure.gravatar.com\\\/avatar\\\/24ebf96806e8303525f3910faa8289fe6c8726339b6a79ad483356d520db03c6?s=96&d=mm&r=g\",\"contentUrl\":\"https:\\\/\\\/secure.gravatar.com\\\/avatar\\\/24ebf96806e8303525f3910faa8289fe6c8726339b6a79ad483356d520db03c6?s=96&d=mm&r=g\",\"caption\":\"Alfons Gea\"},\"description\":\"Licenciado en Teolog\u00eda en Facultad de Teolog\u00eda de Barcelona (1988). Diplomado en Magisterio \u2013 profesor EGB. Universidad de Barcelona (1990). Licenciado en Psicopedagogia. Universidad Ram\u00f3n Llull, (1994). Responsable del Servicio de Atenci\u00f3n al Duelo de Funeraria Municipal de Terrassa (2001-2022). Terapeuta en Gabinete Gedi - Psicolog\u00eda aplicada (2022). P\u00e1rroco de St. Viucente de Jonquereas, de Sabadell (2012). Articulista en revistas especializadas y prensa comarcal. Formador en atenci\u00f3n al duelo de profesionales sanitarios y sociosanitarios: Trabajadoras sociales, psic\u00f3logas\\\/os, m\u00e9dicas, enfermer\u00eda, maestras (1995). Ha participado en varios programas de opini\u00f3n y debate de televisiones y radios nacionales. Anteriormente ejerci\u00f3 como asistente espiritual de los hospitales en Terrassa: San L\u00e1zaro, Mutua, y Hospital de Terrassa (1997-2018. Fue p\u00e1rroco de la parroquia Virgen de Montserrat de Terrassa (1997-2013) y responsable de Formaci\u00f3n de la Delegaci\u00f3n de Pastoral de la Salud de la di\u00f3cesis de Barcelona (1995-2005). Delegado episcopal de Pastoral de la salud de la di\u00f3cesis de Terrassa (2005-2012). Coordinador de la Pastoral de la Salud de la Conferencia episcopal catalana. Maestro de EGB, Coordinador de secundaria, subdirector de escuela, jefe de gabinete psicopedag\u00f3gico, fundador y director del Centro Sara \u2013 casa de acogida para enfermos de SIDA, educador en situaciones de riesgo social, Fundador del Taller Solidario \u2013 centro de inserci\u00f3n laboral.\",\"url\":\"https:\\\/\\\/exaudi.org\\\/es\\\/author\\\/alfonsogea\\\/\"}]}<\/script>\n<!-- \/ Yoast SEO plugin. -->","yoast_head_json":{"title":"Silencio a ca\u00f1onazos &#8211; Exaudi","robots":{"index":"index","follow":"follow","max-snippet":"max-snippet:-1","max-image-preview":"max-image-preview:large","max-video-preview":"max-video-preview:-1"},"canonical":"https:\/\/exaudi.org\/es\/silencio-a-canonazos\/","og_locale":"es_ES","og_type":"article","og_title":"Silencio a ca\u00f1onazos &#8211; Exaudi","og_description":"Secularizaci\u00f3n inversa","og_url":"https:\/\/exaudi.org\/es\/silencio-a-canonazos\/","og_site_name":"Exaudi","article_publisher":"https:\/\/www.facebook.com\/ExaudiNews","article_published_time":"2024-05-30T07:30:52+00:00","article_modified_time":"2024-05-30T14:57:31+00:00","og_image":[{"width":2560,"height":1707,"url":"https:\/\/exaudi.org\/wp-content\/uploads\/2024\/05\/scott-umstattd-iSTs6Lcu-Ek-unsplash-scaled.jpg","type":"image\/jpeg"}],"author":"Alfons Gea","twitter_card":"summary_large_image","twitter_creator":"@Exaudi_News","twitter_site":"@Exaudi_News","twitter_misc":{"Escrito por":"Alfons Gea","Tiempo de lectura":"5 minutos"},"schema":{"@context":"https:\/\/schema.org","@graph":[{"@type":"Article","@id":"https:\/\/exaudi.org\/es\/silencio-a-canonazos\/#article","isPartOf":{"@id":"https:\/\/exaudi.org\/es\/silencio-a-canonazos\/"},"author":{"name":"Alfons Gea","@id":"https:\/\/exaudi.org\/#\/schema\/person\/ac92bf102c0b53544ebdec5b9d0aed18"},"headline":"Silencio a ca\u00f1onazos","datePublished":"2024-05-30T07:30:52+00:00","dateModified":"2024-05-30T14:57:31+00:00","mainEntityOfPage":{"@id":"https:\/\/exaudi.org\/es\/silencio-a-canonazos\/"},"wordCount":960,"image":{"@id":"https:\/\/exaudi.org\/es\/silencio-a-canonazos\/#primaryimage"},"thumbnailUrl":"https:\/\/exaudi.org\/wp-content\/uploads\/2024\/05\/scott-umstattd-iSTs6Lcu-Ek-unsplash-scaled.jpg","keywords":["cisma","Clarisas de Belorado","comentarios ofensivos","conflicto eclesi\u00e1stico","Derecho can\u00f3nico","di\u00e1logo fallido","disculpas","frustraciones","Monse\u00f1or Iceta","obediencia","obispos","papa P\u00edo XII","Secularizaci\u00f3n inversa","Silencio a ca\u00f1onazos","Transparencia"],"inLanguage":"es"},{"@type":"WebPage","@id":"https:\/\/exaudi.org\/es\/silencio-a-canonazos\/","url":"https:\/\/exaudi.org\/es\/silencio-a-canonazos\/","name":"Silencio a ca\u00f1onazos &#8211; Exaudi","isPartOf":{"@id":"https:\/\/exaudi.org\/#website"},"primaryImageOfPage":{"@id":"https:\/\/exaudi.org\/es\/silencio-a-canonazos\/#primaryimage"},"image":{"@id":"https:\/\/exaudi.org\/es\/silencio-a-canonazos\/#primaryimage"},"thumbnailUrl":"https:\/\/exaudi.org\/wp-content\/uploads\/2024\/05\/scott-umstattd-iSTs6Lcu-Ek-unsplash-scaled.jpg","datePublished":"2024-05-30T07:30:52+00:00","dateModified":"2024-05-30T14:57:31+00:00","author":{"@id":"https:\/\/exaudi.org\/#\/schema\/person\/ac92bf102c0b53544ebdec5b9d0aed18"},"breadcrumb":{"@id":"https:\/\/exaudi.org\/es\/silencio-a-canonazos\/#breadcrumb"},"inLanguage":"es","potentialAction":[{"@type":"ReadAction","target":["https:\/\/exaudi.org\/es\/silencio-a-canonazos\/"]}]},{"@type":"ImageObject","inLanguage":"es","@id":"https:\/\/exaudi.org\/es\/silencio-a-canonazos\/#primaryimage","url":"https:\/\/exaudi.org\/wp-content\/uploads\/2024\/05\/scott-umstattd-iSTs6Lcu-Ek-unsplash-scaled.jpg","contentUrl":"https:\/\/exaudi.org\/wp-content\/uploads\/2024\/05\/scott-umstattd-iSTs6Lcu-Ek-unsplash-scaled.jpg","width":2560,"height":1707,"caption":"Foto de Scott Umstattd en Unsplash"},{"@type":"BreadcrumbList","@id":"https:\/\/exaudi.org\/es\/silencio-a-canonazos\/#breadcrumb","itemListElement":[{"@type":"ListItem","position":1,"name":"Portada","item":"https:\/\/exaudi.org\/es\/"},{"@type":"ListItem","position":2,"name":"Silencio a ca\u00f1onazos"}]},{"@type":"WebSite","@id":"https:\/\/exaudi.org\/#website","url":"https:\/\/exaudi.org\/","name":"Exaudi","description":"News","potentialAction":[{"@type":"SearchAction","target":{"@type":"EntryPoint","urlTemplate":"https:\/\/exaudi.org\/?s={search_term_string}"},"query-input":{"@type":"PropertyValueSpecification","valueRequired":true,"valueName":"search_term_string"}}],"inLanguage":"es"},{"@type":"Person","@id":"https:\/\/exaudi.org\/#\/schema\/person\/ac92bf102c0b53544ebdec5b9d0aed18","name":"Alfons Gea","image":{"@type":"ImageObject","inLanguage":"es","@id":"https:\/\/secure.gravatar.com\/avatar\/24ebf96806e8303525f3910faa8289fe6c8726339b6a79ad483356d520db03c6?s=96&d=mm&r=g","url":"https:\/\/secure.gravatar.com\/avatar\/24ebf96806e8303525f3910faa8289fe6c8726339b6a79ad483356d520db03c6?s=96&d=mm&r=g","contentUrl":"https:\/\/secure.gravatar.com\/avatar\/24ebf96806e8303525f3910faa8289fe6c8726339b6a79ad483356d520db03c6?s=96&d=mm&r=g","caption":"Alfons Gea"},"description":"Licenciado en Teolog\u00eda en Facultad de Teolog\u00eda de Barcelona (1988). Diplomado en Magisterio \u2013 profesor EGB. Universidad de Barcelona (1990). Licenciado en Psicopedagogia. Universidad Ram\u00f3n Llull, (1994). Responsable del Servicio de Atenci\u00f3n al Duelo de Funeraria Municipal de Terrassa (2001-2022). Terapeuta en Gabinete Gedi - Psicolog\u00eda aplicada (2022). P\u00e1rroco de St. Viucente de Jonquereas, de Sabadell (2012). Articulista en revistas especializadas y prensa comarcal. Formador en atenci\u00f3n al duelo de profesionales sanitarios y sociosanitarios: Trabajadoras sociales, psic\u00f3logas\/os, m\u00e9dicas, enfermer\u00eda, maestras (1995). Ha participado en varios programas de opini\u00f3n y debate de televisiones y radios nacionales. Anteriormente ejerci\u00f3 como asistente espiritual de los hospitales en Terrassa: San L\u00e1zaro, Mutua, y Hospital de Terrassa (1997-2018. Fue p\u00e1rroco de la parroquia Virgen de Montserrat de Terrassa (1997-2013) y responsable de Formaci\u00f3n de la Delegaci\u00f3n de Pastoral de la Salud de la di\u00f3cesis de Barcelona (1995-2005). Delegado episcopal de Pastoral de la salud de la di\u00f3cesis de Terrassa (2005-2012). Coordinador de la Pastoral de la Salud de la Conferencia episcopal catalana. Maestro de EGB, Coordinador de secundaria, subdirector de escuela, jefe de gabinete psicopedag\u00f3gico, fundador y director del Centro Sara \u2013 casa de acogida para enfermos de SIDA, educador en situaciones de riesgo social, Fundador del Taller Solidario \u2013 centro de inserci\u00f3n laboral.","url":"https:\/\/exaudi.org\/es\/author\/alfonsogea\/"}]}},"jetpack_featured_media_url":"https:\/\/exaudi.org\/wp-content\/uploads\/2024\/05\/scott-umstattd-iSTs6Lcu-Ek-unsplash-scaled.jpg","jetpack_shortlink":"https:\/\/wp.me\/pgKjF2-qsH","_links":{"self":[{"href":"https:\/\/exaudi.org\/es\/wp-json\/wp\/v2\/posts\/101723","targetHints":{"allow":["GET"]}}],"collection":[{"href":"https:\/\/exaudi.org\/es\/wp-json\/wp\/v2\/posts"}],"about":[{"href":"https:\/\/exaudi.org\/es\/wp-json\/wp\/v2\/types\/post"}],"author":[{"embeddable":true,"href":"https:\/\/exaudi.org\/es\/wp-json\/wp\/v2\/users\/77"}],"replies":[{"embeddable":true,"href":"https:\/\/exaudi.org\/es\/wp-json\/wp\/v2\/comments?post=101723"}],"version-history":[{"count":0,"href":"https:\/\/exaudi.org\/es\/wp-json\/wp\/v2\/posts\/101723\/revisions"}],"wp:featuredmedia":[{"embeddable":true,"href":"https:\/\/exaudi.org\/es\/wp-json\/wp\/v2\/media\/101724"}],"wp:attachment":[{"href":"https:\/\/exaudi.org\/es\/wp-json\/wp\/v2\/media?parent=101723"}],"wp:term":[{"taxonomy":"category","embeddable":true,"href":"https:\/\/exaudi.org\/es\/wp-json\/wp\/v2\/categories?post=101723"},{"taxonomy":"post_tag","embeddable":true,"href":"https:\/\/exaudi.org\/es\/wp-json\/wp\/v2\/tags?post=101723"}],"curies":[{"name":"wp","href":"https:\/\/api.w.org\/{rel}","templated":true}]}}