{"id":101659,"date":"2024-05-27T08:15:33","date_gmt":"2024-05-27T06:15:33","guid":{"rendered":"https:\/\/exaudi.org\/?p=101659"},"modified":"2024-05-29T09:11:35","modified_gmt":"2024-05-29T07:11:35","slug":"mis-libertades-democraticas","status":"publish","type":"post","link":"https:\/\/exaudi.org\/es\/mis-libertades-democraticas\/","title":{"rendered":"Mis libertades democr\u00e1ticas"},"content":{"rendered":"<audio class=\"wp-audio-shortcode\" id=\"audio-101659-1\" preload=\"none\" style=\"width: 100%;\" controls=\"controls\"><source type=\"audio\/mpeg\" src=\"https:\/\/exaudi.org\/wp-content\/uploads\/2024\/05\/Libertades-democraticas.mp3?_=1\" \/><a href=\"https:\/\/exaudi.org\/wp-content\/uploads\/2024\/05\/Libertades-democraticas.mp3\">https:\/\/exaudi.org\/wp-content\/uploads\/2024\/05\/Libertades-democraticas.mp3<\/a><\/audio>\n<p>Todas las organizaciones pol\u00edticas tienen en su interior, o en sus periferias m\u00e1s pr\u00f3ximas, un \u201c<strong>club de radicales<\/strong>\u201d. Siempre existe un grupito que parece estar bien integrado, pero que descubre a trav\u00e9s de una singular iluminaci\u00f3n, una vocaci\u00f3n especial: asediar a los moderados, a quienes buscan el di\u00e1logo racional como mecanismo de acuerdo, a quienes intentan construir \u201c<strong>el bien posible<\/strong>\u201d, aunque sea modesto. Son el grupo que impide que se hagan \u201cconcesiones\u201d, son los que exigen la r\u00edgida lealtad, son los guardianes de las esencias. M\u00e1s que colocarse en la \u201cprimera l\u00ednea\u201d de batalla, gastan sus energ\u00edas principalmente en el acecho a sus semejantes, para que no dialoguen, para que no acuerden, desprestigiando as\u00ed la importancia de construir espacios que permitan lograr un poco de verdad y de bien en medio del caos.<\/p>\n<p>El \u201c<strong>club de los radicales<\/strong>\u201d gusta, al menos en secreto, de las ense\u00f1anzas del persa\u00a0<strong>Manes<\/strong>: blanco o negro. No existen t\u00e9rminos medios. De nada sirve explicar que la realidad es una inmensa gama de grises. Desconocen la fuerza racional de la analog\u00eda (<strong>Santo Tom\u00e1s<\/strong>) y optan por el\u00a0<strong>univocismo<\/strong>, instal\u00e1ndose as\u00ed en la m\u00e1s rancia tradici\u00f3n gn\u00f3stica y autoritaria.<\/p>\n<p>El amable lector, si simpatiza con la izquierda, se encuentra pensando ya en algunos personajes que buscan el \u201ctodo o nada\u201d, a trav\u00e9s de sus \u201cposteos\u201d en la red social de su preferencia. Y si nuestro querido lector tiene afectos en la derecha, tambi\u00e9n ya ha logrado evocar al\u00a0<strong>Talib\u00e1n\u00a0<\/strong>en turno que con desplantes verbales trata de convencer de su valent\u00eda y de su coherencia.<\/p>\n<p>Para ser breves: los extremistas boicotean la viabilidad pol\u00edtica, dinamitan los caminos que todos han de transitar, impiden construir.<\/p>\n<p>Y lo m\u00e1s grave: expertos en frasecitas absolutas son totalmente ajeno a la vida del pueblo al que desprecian desde una muy palpable actitud de\u00a0<strong>superioridad moral<\/strong>. Instalados en dos o tres ideas, ignoran a qu\u00e9 huele, a qu\u00e9 sabe, de qu\u00e9 color es el caminito democr\u00e1tico.<\/p>\n<p>La democracia es una cultura, no un axioma matem\u00e1tico. La democracia exige aceptar que la pluralidad es constitutiva de la vida en com\u00fan. No busca acallar al adversario sino ofrecer cauces pac\u00edficos para expresarse y contender. Dicho de otro modo:\u00a0<strong>exterminar al otro no es democr\u00e1tico.<\/strong>\u00a0El otro merece existir, aunque piense distinto. Lo propiamente democr\u00e1tico es contrastar los argumentos, evitar la concentraci\u00f3n excesiva de poder, respetar la dignidad infinita de todos \u2014sin excepci\u00f3n\u2014 y trabajar para que se consoliden los derechos y libertades fundamentales que permitan superar las tentaciones del\u00a0<strong>Ch\u00e9 Guevara<\/strong>\u00a0y de\u00a0<strong>Francisco Franco<\/strong>, tan diversos ideol\u00f3gicamente, pero tan proclives a creer que la verdad puede ser impuesta a costa de la libertad.<\/p>\n<p>Mis libertades democr\u00e1ticas est\u00e1n en juego. El\u00a0<strong>Papa Francisco<\/strong>\u00a0nos dice: la democracia \u201crequiere la participaci\u00f3n y la implicaci\u00f3n de todos y por tanto exige esfuerzo y paciencia; la democracia es compleja, mientras el autoritarismo es expeditivo\u201d (4 dic 2021). La democracia necesita dem\u00f3cratas.<\/p>\n<p>Urge de hombres y de mujeres apasionados por la dignidad de las personas y por la dignidad del pueblo. Requiere pasi\u00f3n para construir una sociedad m\u00e1s inclusiva, m\u00e1s libre y menos manipulada. Pasi\u00f3n para participar, sin hacerse a un lado, en la definici\u00f3n del destino de nuestras naciones.<\/p>\n<p><a href=\"https:\/\/open.spotify.com\/episode\/5P1i2vskYXx9K46DlF1krZ?si=cd0b66a8df304e9f\" target=\"_blank\" rel=\"noopener\"><strong>Spotify<\/strong><\/a><\/p>\n<p><img loading=\"lazy\" decoding=\"async\" class=\"size-full wp-image-101670 alignnone\" src=\"https:\/\/exaudi.org\/wp-content\/uploads\/2024\/05\/Cortina-2.jpg\" alt=\"\" width=\"1080\" height=\"1080\" srcset=\"https:\/\/exaudi.org\/wp-content\/uploads\/2024\/05\/Cortina-2.jpg 1080w, https:\/\/exaudi.org\/wp-content\/uploads\/2024\/05\/Cortina-2-300x300.jpg 300w, https:\/\/exaudi.org\/wp-content\/uploads\/2024\/05\/Cortina-2-1024x1024.jpg 1024w, https:\/\/exaudi.org\/wp-content\/uploads\/2024\/05\/Cortina-2-100x100.jpg?crop=1 100w, https:\/\/exaudi.org\/wp-content\/uploads\/2024\/05\/Cortina-2-770x770.jpg 770w, https:\/\/exaudi.org\/wp-content\/uploads\/2024\/05\/Cortina-2-500x500.jpg 500w, https:\/\/exaudi.org\/wp-content\/uploads\/2024\/05\/Cortina-2-293x293.jpg 293w, https:\/\/exaudi.org\/wp-content\/uploads\/2024\/05\/Cortina-2-390x390.jpg 390w, https:\/\/exaudi.org\/wp-content\/uploads\/2024\/05\/Cortina-2-585x585.jpg 585w, https:\/\/exaudi.org\/wp-content\/uploads\/2024\/05\/Cortina-2-900x900.jpg 900w\" sizes=\"auto, (max-width: 1080px) 100vw, 1080px\" \/><\/p>\n","protected":false},"excerpt":{"rendered":"<p>Los llamados \u201cclubes de radicales\u201d dinamitan los puentes por los que la democracia fluye, misma que requiere la participaci\u00f3n y la implicaci\u00f3n de todos<\/p>\n","protected":false},"author":98,"featured_media":101661,"comment_status":"closed","ping_status":"closed","sticky":false,"template":"","format":"standard","meta":{"_acf_changed":false,"_crdt_document":"","inline_featured_image":false,"footnotes":""},"categories":[130],"tags":[17236,17229,17231,2819,17235,17230,4531,17232,17228,17227,158,5220,17234,4655,17237,17233],"class_list":["post-101659","post","type-post","status-publish","format-standard","has-post-thumbnail","hentry","category-voces","tag-autoritarismo","tag-clubes-de-radicales","tag-concesiones","tag-democracia","tag-derechos-y-libertades","tag-dialogo-racional","tag-dignidad","tag-extremistas","tag-implicacion","tag-mis-libertades-democraticas","tag-papa-francisco","tag-participacion","tag-pluralidad","tag-rodrigo-guerra-es","tag-sociedad-inclusiva","tag-viabilidad-politica"],"acf":[],"yoast_head":"<!-- This site is optimized with the Yoast SEO plugin v27.4 - https:\/\/yoast.com\/product\/yoast-seo-wordpress\/ -->\n<title>Mis libertades democr\u00e1ticas &#8211; Exaudi<\/title>\n<meta name=\"robots\" content=\"index, follow, max-snippet:-1, max-image-preview:large, max-video-preview:-1\" \/>\n<link rel=\"canonical\" href=\"https:\/\/exaudi.org\/es\/mis-libertades-democraticas\/\" \/>\n<meta property=\"og:locale\" content=\"es_ES\" \/>\n<meta property=\"og:type\" content=\"article\" \/>\n<meta property=\"og:title\" content=\"Mis libertades democr\u00e1ticas &#8211; Exaudi\" \/>\n<meta property=\"og:description\" content=\"Los llamados \u201cclubes de radicales\u201d dinamitan los puentes por los que la democracia fluye, misma que requiere la participaci\u00f3n y la implicaci\u00f3n de todos\" \/>\n<meta property=\"og:url\" content=\"https:\/\/exaudi.org\/es\/mis-libertades-democraticas\/\" \/>\n<meta property=\"og:site_name\" content=\"Exaudi\" \/>\n<meta property=\"article:publisher\" content=\"https:\/\/www.facebook.com\/ExaudiNews\" \/>\n<meta property=\"article:published_time\" content=\"2024-05-27T06:15:33+00:00\" \/>\n<meta property=\"article:modified_time\" content=\"2024-05-29T07:11:35+00:00\" \/>\n<meta property=\"og:image\" content=\"https:\/\/exaudi.org\/wp-content\/uploads\/2024\/05\/pexels-kammeran-gonzalez-keola-3137381-5441737-scaled.jpg\" \/>\n\t<meta property=\"og:image:width\" content=\"2560\" \/>\n\t<meta property=\"og:image:height\" content=\"1707\" \/>\n\t<meta property=\"og:image:type\" content=\"image\/jpeg\" \/>\n<meta name=\"author\" content=\"Rodrigo Guerra L\u00f3pez\" \/>\n<meta name=\"twitter:card\" content=\"summary_large_image\" \/>\n<meta name=\"twitter:creator\" content=\"@Exaudi_News\" \/>\n<meta name=\"twitter:site\" content=\"@Exaudi_News\" \/>\n<meta name=\"twitter:label1\" content=\"Escrito por\" \/>\n\t<meta name=\"twitter:data1\" content=\"Rodrigo Guerra L\u00f3pez\" \/>\n\t<meta name=\"twitter:label2\" content=\"Tiempo de lectura\" \/>\n\t<meta name=\"twitter:data2\" content=\"3 minutos\" \/>\n<script type=\"application\/ld+json\" class=\"yoast-schema-graph\">{\"@context\":\"https:\\\/\\\/schema.org\",\"@graph\":[{\"@type\":\"Article\",\"@id\":\"https:\\\/\\\/exaudi.org\\\/es\\\/mis-libertades-democraticas\\\/#article\",\"isPartOf\":{\"@id\":\"https:\\\/\\\/exaudi.org\\\/es\\\/mis-libertades-democraticas\\\/\"},\"author\":{\"name\":\"Rodrigo Guerra L\u00f3pez\",\"@id\":\"https:\\\/\\\/exaudi.org\\\/#\\\/schema\\\/person\\\/42c0731aeb305e3ac79b333a9b056576\"},\"headline\":\"Mis libertades democr\u00e1ticas\",\"datePublished\":\"2024-05-27T06:15:33+00:00\",\"dateModified\":\"2024-05-29T07:11:35+00:00\",\"mainEntityOfPage\":{\"@id\":\"https:\\\/\\\/exaudi.org\\\/es\\\/mis-libertades-democraticas\\\/\"},\"wordCount\":590,\"image\":{\"@id\":\"https:\\\/\\\/exaudi.org\\\/es\\\/mis-libertades-democraticas\\\/#primaryimage\"},\"thumbnailUrl\":\"https:\\\/\\\/exaudi.org\\\/wp-content\\\/uploads\\\/2024\\\/05\\\/pexels-kammeran-gonzalez-keola-3137381-5441737-scaled.jpg\",\"keywords\":[\"autoritarismo\",\"clubes de radicales\",\"concesiones\",\"Democracia\",\"derechos y libertades\",\"di\u00e1logo racional\",\"Dignidad\",\"extremistas\",\"implicaci\u00f3n\",\"Mis libertades democr\u00e1ticas\",\"papa francisco\",\"Participaci\u00f3n\",\"pluralidad\",\"Rodrigo Guerra\",\"sociedad inclusiva\",\"viabilidad pol\u00edtica\"],\"articleSection\":[\"Voces\"],\"inLanguage\":\"es\"},{\"@type\":\"WebPage\",\"@id\":\"https:\\\/\\\/exaudi.org\\\/es\\\/mis-libertades-democraticas\\\/\",\"url\":\"https:\\\/\\\/exaudi.org\\\/es\\\/mis-libertades-democraticas\\\/\",\"name\":\"Mis libertades democr\u00e1ticas &#8211; Exaudi\",\"isPartOf\":{\"@id\":\"https:\\\/\\\/exaudi.org\\\/#website\"},\"primaryImageOfPage\":{\"@id\":\"https:\\\/\\\/exaudi.org\\\/es\\\/mis-libertades-democraticas\\\/#primaryimage\"},\"image\":{\"@id\":\"https:\\\/\\\/exaudi.org\\\/es\\\/mis-libertades-democraticas\\\/#primaryimage\"},\"thumbnailUrl\":\"https:\\\/\\\/exaudi.org\\\/wp-content\\\/uploads\\\/2024\\\/05\\\/pexels-kammeran-gonzalez-keola-3137381-5441737-scaled.jpg\",\"datePublished\":\"2024-05-27T06:15:33+00:00\",\"dateModified\":\"2024-05-29T07:11:35+00:00\",\"author\":{\"@id\":\"https:\\\/\\\/exaudi.org\\\/#\\\/schema\\\/person\\\/42c0731aeb305e3ac79b333a9b056576\"},\"breadcrumb\":{\"@id\":\"https:\\\/\\\/exaudi.org\\\/es\\\/mis-libertades-democraticas\\\/#breadcrumb\"},\"inLanguage\":\"es\",\"potentialAction\":[{\"@type\":\"ReadAction\",\"target\":[\"https:\\\/\\\/exaudi.org\\\/es\\\/mis-libertades-democraticas\\\/\"]}]},{\"@type\":\"ImageObject\",\"inLanguage\":\"es\",\"@id\":\"https:\\\/\\\/exaudi.org\\\/es\\\/mis-libertades-democraticas\\\/#primaryimage\",\"url\":\"https:\\\/\\\/exaudi.org\\\/wp-content\\\/uploads\\\/2024\\\/05\\\/pexels-kammeran-gonzalez-keola-3137381-5441737-scaled.jpg\",\"contentUrl\":\"https:\\\/\\\/exaudi.org\\\/wp-content\\\/uploads\\\/2024\\\/05\\\/pexels-kammeran-gonzalez-keola-3137381-5441737-scaled.jpg\",\"width\":2560,\"height\":1707},{\"@type\":\"BreadcrumbList\",\"@id\":\"https:\\\/\\\/exaudi.org\\\/es\\\/mis-libertades-democraticas\\\/#breadcrumb\",\"itemListElement\":[{\"@type\":\"ListItem\",\"position\":1,\"name\":\"Portada\",\"item\":\"https:\\\/\\\/exaudi.org\\\/es\\\/\"},{\"@type\":\"ListItem\",\"position\":2,\"name\":\"Mis libertades democr\u00e1ticas\"}]},{\"@type\":\"WebSite\",\"@id\":\"https:\\\/\\\/exaudi.org\\\/#website\",\"url\":\"https:\\\/\\\/exaudi.org\\\/\",\"name\":\"Exaudi\",\"description\":\"News\",\"potentialAction\":[{\"@type\":\"SearchAction\",\"target\":{\"@type\":\"EntryPoint\",\"urlTemplate\":\"https:\\\/\\\/exaudi.org\\\/?s={search_term_string}\"},\"query-input\":{\"@type\":\"PropertyValueSpecification\",\"valueRequired\":true,\"valueName\":\"search_term_string\"}}],\"inLanguage\":\"es\"},{\"@type\":\"Person\",\"@id\":\"https:\\\/\\\/exaudi.org\\\/#\\\/schema\\\/person\\\/42c0731aeb305e3ac79b333a9b056576\",\"name\":\"Rodrigo Guerra L\u00f3pez\",\"image\":{\"@type\":\"ImageObject\",\"inLanguage\":\"es\",\"@id\":\"https:\\\/\\\/secure.gravatar.com\\\/avatar\\\/5f52de5f3535733d62353d8cc63100c139881a50ae2b78830c358107e8dd2f9a?s=96&d=mm&r=g\",\"url\":\"https:\\\/\\\/secure.gravatar.com\\\/avatar\\\/5f52de5f3535733d62353d8cc63100c139881a50ae2b78830c358107e8dd2f9a?s=96&d=mm&r=g\",\"contentUrl\":\"https:\\\/\\\/secure.gravatar.com\\\/avatar\\\/5f52de5f3535733d62353d8cc63100c139881a50ae2b78830c358107e8dd2f9a?s=96&d=mm&r=g\",\"caption\":\"Rodrigo Guerra L\u00f3pez\"},\"description\":\"Doctor en filosof\u00eda por la Academia Internacional de Filosof\u00eda en el Principado de Liechtenstein; miembro ordinario de la Pontificia Academia para la Vida, de la Pontificia Academia de las Ciencias Sociales; Secretario de la Pontificia Comisi\u00f3n para Am\u00e9rica Latina. E-mail: rodrigoguerra@mac.com\",\"url\":\"https:\\\/\\\/exaudi.org\\\/es\\\/author\\\/rodrigoguerra\\\/\"}]}<\/script>\n<!-- \/ Yoast SEO plugin. -->","yoast_head_json":{"title":"Mis libertades democr\u00e1ticas &#8211; Exaudi","robots":{"index":"index","follow":"follow","max-snippet":"max-snippet:-1","max-image-preview":"max-image-preview:large","max-video-preview":"max-video-preview:-1"},"canonical":"https:\/\/exaudi.org\/es\/mis-libertades-democraticas\/","og_locale":"es_ES","og_type":"article","og_title":"Mis libertades democr\u00e1ticas &#8211; Exaudi","og_description":"Los llamados \u201cclubes de radicales\u201d dinamitan los puentes por los que la democracia fluye, misma que requiere la participaci\u00f3n y la implicaci\u00f3n de todos","og_url":"https:\/\/exaudi.org\/es\/mis-libertades-democraticas\/","og_site_name":"Exaudi","article_publisher":"https:\/\/www.facebook.com\/ExaudiNews","article_published_time":"2024-05-27T06:15:33+00:00","article_modified_time":"2024-05-29T07:11:35+00:00","og_image":[{"width":2560,"height":1707,"url":"https:\/\/exaudi.org\/wp-content\/uploads\/2024\/05\/pexels-kammeran-gonzalez-keola-3137381-5441737-scaled.jpg","type":"image\/jpeg"}],"author":"Rodrigo Guerra L\u00f3pez","twitter_card":"summary_large_image","twitter_creator":"@Exaudi_News","twitter_site":"@Exaudi_News","twitter_misc":{"Escrito por":"Rodrigo Guerra L\u00f3pez","Tiempo de lectura":"3 minutos"},"schema":{"@context":"https:\/\/schema.org","@graph":[{"@type":"Article","@id":"https:\/\/exaudi.org\/es\/mis-libertades-democraticas\/#article","isPartOf":{"@id":"https:\/\/exaudi.org\/es\/mis-libertades-democraticas\/"},"author":{"name":"Rodrigo Guerra L\u00f3pez","@id":"https:\/\/exaudi.org\/#\/schema\/person\/42c0731aeb305e3ac79b333a9b056576"},"headline":"Mis libertades democr\u00e1ticas","datePublished":"2024-05-27T06:15:33+00:00","dateModified":"2024-05-29T07:11:35+00:00","mainEntityOfPage":{"@id":"https:\/\/exaudi.org\/es\/mis-libertades-democraticas\/"},"wordCount":590,"image":{"@id":"https:\/\/exaudi.org\/es\/mis-libertades-democraticas\/#primaryimage"},"thumbnailUrl":"https:\/\/exaudi.org\/wp-content\/uploads\/2024\/05\/pexels-kammeran-gonzalez-keola-3137381-5441737-scaled.jpg","keywords":["autoritarismo","clubes de radicales","concesiones","Democracia","derechos y libertades","di\u00e1logo racional","Dignidad","extremistas","implicaci\u00f3n","Mis libertades democr\u00e1ticas","papa francisco","Participaci\u00f3n","pluralidad","Rodrigo Guerra","sociedad inclusiva","viabilidad pol\u00edtica"],"articleSection":["Voces"],"inLanguage":"es"},{"@type":"WebPage","@id":"https:\/\/exaudi.org\/es\/mis-libertades-democraticas\/","url":"https:\/\/exaudi.org\/es\/mis-libertades-democraticas\/","name":"Mis libertades democr\u00e1ticas &#8211; Exaudi","isPartOf":{"@id":"https:\/\/exaudi.org\/#website"},"primaryImageOfPage":{"@id":"https:\/\/exaudi.org\/es\/mis-libertades-democraticas\/#primaryimage"},"image":{"@id":"https:\/\/exaudi.org\/es\/mis-libertades-democraticas\/#primaryimage"},"thumbnailUrl":"https:\/\/exaudi.org\/wp-content\/uploads\/2024\/05\/pexels-kammeran-gonzalez-keola-3137381-5441737-scaled.jpg","datePublished":"2024-05-27T06:15:33+00:00","dateModified":"2024-05-29T07:11:35+00:00","author":{"@id":"https:\/\/exaudi.org\/#\/schema\/person\/42c0731aeb305e3ac79b333a9b056576"},"breadcrumb":{"@id":"https:\/\/exaudi.org\/es\/mis-libertades-democraticas\/#breadcrumb"},"inLanguage":"es","potentialAction":[{"@type":"ReadAction","target":["https:\/\/exaudi.org\/es\/mis-libertades-democraticas\/"]}]},{"@type":"ImageObject","inLanguage":"es","@id":"https:\/\/exaudi.org\/es\/mis-libertades-democraticas\/#primaryimage","url":"https:\/\/exaudi.org\/wp-content\/uploads\/2024\/05\/pexels-kammeran-gonzalez-keola-3137381-5441737-scaled.jpg","contentUrl":"https:\/\/exaudi.org\/wp-content\/uploads\/2024\/05\/pexels-kammeran-gonzalez-keola-3137381-5441737-scaled.jpg","width":2560,"height":1707},{"@type":"BreadcrumbList","@id":"https:\/\/exaudi.org\/es\/mis-libertades-democraticas\/#breadcrumb","itemListElement":[{"@type":"ListItem","position":1,"name":"Portada","item":"https:\/\/exaudi.org\/es\/"},{"@type":"ListItem","position":2,"name":"Mis libertades democr\u00e1ticas"}]},{"@type":"WebSite","@id":"https:\/\/exaudi.org\/#website","url":"https:\/\/exaudi.org\/","name":"Exaudi","description":"News","potentialAction":[{"@type":"SearchAction","target":{"@type":"EntryPoint","urlTemplate":"https:\/\/exaudi.org\/?s={search_term_string}"},"query-input":{"@type":"PropertyValueSpecification","valueRequired":true,"valueName":"search_term_string"}}],"inLanguage":"es"},{"@type":"Person","@id":"https:\/\/exaudi.org\/#\/schema\/person\/42c0731aeb305e3ac79b333a9b056576","name":"Rodrigo Guerra L\u00f3pez","image":{"@type":"ImageObject","inLanguage":"es","@id":"https:\/\/secure.gravatar.com\/avatar\/5f52de5f3535733d62353d8cc63100c139881a50ae2b78830c358107e8dd2f9a?s=96&d=mm&r=g","url":"https:\/\/secure.gravatar.com\/avatar\/5f52de5f3535733d62353d8cc63100c139881a50ae2b78830c358107e8dd2f9a?s=96&d=mm&r=g","contentUrl":"https:\/\/secure.gravatar.com\/avatar\/5f52de5f3535733d62353d8cc63100c139881a50ae2b78830c358107e8dd2f9a?s=96&d=mm&r=g","caption":"Rodrigo Guerra L\u00f3pez"},"description":"Doctor en filosof\u00eda por la Academia Internacional de Filosof\u00eda en el Principado de Liechtenstein; miembro ordinario de la Pontificia Academia para la Vida, de la Pontificia Academia de las Ciencias Sociales; Secretario de la Pontificia Comisi\u00f3n para Am\u00e9rica Latina. E-mail: rodrigoguerra@mac.com","url":"https:\/\/exaudi.org\/es\/author\/rodrigoguerra\/"}]}},"jetpack_featured_media_url":"https:\/\/exaudi.org\/wp-content\/uploads\/2024\/05\/pexels-kammeran-gonzalez-keola-3137381-5441737-scaled.jpg","jetpack_shortlink":"https:\/\/wp.me\/pgKjF2-qrF","_links":{"self":[{"href":"https:\/\/exaudi.org\/es\/wp-json\/wp\/v2\/posts\/101659","targetHints":{"allow":["GET"]}}],"collection":[{"href":"https:\/\/exaudi.org\/es\/wp-json\/wp\/v2\/posts"}],"about":[{"href":"https:\/\/exaudi.org\/es\/wp-json\/wp\/v2\/types\/post"}],"author":[{"embeddable":true,"href":"https:\/\/exaudi.org\/es\/wp-json\/wp\/v2\/users\/98"}],"replies":[{"embeddable":true,"href":"https:\/\/exaudi.org\/es\/wp-json\/wp\/v2\/comments?post=101659"}],"version-history":[{"count":0,"href":"https:\/\/exaudi.org\/es\/wp-json\/wp\/v2\/posts\/101659\/revisions"}],"wp:featuredmedia":[{"embeddable":true,"href":"https:\/\/exaudi.org\/es\/wp-json\/wp\/v2\/media\/101661"}],"wp:attachment":[{"href":"https:\/\/exaudi.org\/es\/wp-json\/wp\/v2\/media?parent=101659"}],"wp:term":[{"taxonomy":"category","embeddable":true,"href":"https:\/\/exaudi.org\/es\/wp-json\/wp\/v2\/categories?post=101659"},{"taxonomy":"post_tag","embeddable":true,"href":"https:\/\/exaudi.org\/es\/wp-json\/wp\/v2\/tags?post=101659"}],"curies":[{"name":"wp","href":"https:\/\/api.w.org\/{rel}","templated":true}]}}