{"id":101509,"date":"2024-05-28T08:30:05","date_gmt":"2024-05-28T06:30:05","guid":{"rendered":"https:\/\/exaudi.org\/?p=101509"},"modified":"2024-05-27T16:53:04","modified_gmt":"2024-05-27T14:53:04","slug":"rocco-buttiglione-no-queremos-construir-una-ideologia-politica-catolica-sino-una-practica-cristiana-de-la-politica","status":"publish","type":"post","link":"https:\/\/exaudi.org\/es\/rocco-buttiglione-no-queremos-construir-una-ideologia-politica-catolica-sino-una-practica-cristiana-de-la-politica\/","title":{"rendered":"Rocco Buttiglione: \u201cNo queremos construir una ideolog\u00eda pol\u00edtica cat\u00f3lica sino una pr\u00e1ctica cristiana de la pol\u00edtica\u201d"},"content":{"rendered":"<audio class=\"wp-audio-shortcode\" id=\"audio-101509-1\" preload=\"none\" style=\"width: 100%;\" controls=\"controls\"><source type=\"audio\/mpeg\" src=\"https:\/\/exaudi.org\/wp-content\/uploads\/2024\/05\/Rocco-Buttiglione.mp3?_=1\" \/><a href=\"https:\/\/exaudi.org\/wp-content\/uploads\/2024\/05\/Rocco-Buttiglione.mp3\">https:\/\/exaudi.org\/wp-content\/uploads\/2024\/05\/Rocco-Buttiglione.mp3<\/a><\/audio>\n<p>En una entrevista exclusiva, Rocco Buttiglione, ex Ministro de Estado y Vicepresidente de la C\u00e1mara de Diputados de Italia, reflexiona sobre la responsabilidad humana hacia la tierra, considerando que<em> \u00abDios ha creado la tierra y la ha regalado a los hombres\u00bb.<\/em> Este mensaje subraya la importancia de cuidar el planeta como un deber inherente al don divino recibido.<\/p>\n<p>Rocco Buttiglione, abogado por las Universidades de Tur\u00edn y Roma, y profesor de Filosof\u00eda Pol\u00edtica en diversas instituciones de renombre, actualmente preside la Academia Internacional de L\u00edderes Cat\u00f3licos. Ha desempe\u00f1ado altos cargos pol\u00edticos, incluyendo Ministro de Pol\u00edtica de la Uni\u00f3n Europea y Ministro de Bienes y Actividades Culturales, adem\u00e1s de ser miembro del Parlamento Europeo y del Parlamento de Italia.<\/p>\n<h3><strong>Diplomado Internacional en Nueva York<\/strong><\/h3>\n<p>El pr\u00f3ximo gran evento organizado por la Academia Internacional de L\u00edderes Cat\u00f3licos es el IX Diplomado Internacional, que se llevar\u00e1 a cabo del 19 al 28 de julio en la Universidad Saint John\u2019s de Nueva York. En cuanto al cuerpo docente, Rocco Buttiglione destaca: \u00abHemos reunido catedr\u00e1ticos del m\u00e1s alto nivel y tambi\u00e9n intelectuales pr\u00e1cticos que han liderado movimientos populares y grandes pa\u00edses. No queremos construir una ideolog\u00eda pol\u00edtica cat\u00f3lica, sino una pr\u00e1ctica cristiana de la pol\u00edtica\u00bb.<\/p>\n<p>El cuerpo docente estar\u00e1 integrado por reconocidos l\u00edderes laicos a nivel internacional, quienes aportar\u00e1n su visi\u00f3n y experiencia en temas cruciales para el desarrollo humano y social. Figuras como la del Miguel \u00c1ngel Rodr\u00edguez, ex Presidente de Costa Rica; Mario Paredes, ex asesor para Am\u00e9rica Latina de la Casa Blanca; Enrique Garc\u00eda, ex presidente de CAF Banco de Desarrollo de Am\u00e9rica Latina; Fernando Carrillo, ex Procurador General de Colombia; Fernando S\u00e1nchez, vicepresidente de la Federaci\u00f3n Internacional de Universidades Cat\u00f3licas; Rodrigo Guerra, secretario de la Pontificia Comisi\u00f3n para Am\u00e9rica Latina; Eduardo Almeida, Ex director del BID en Hait\u00ed; Alejandra Segura, presidenta de la Red Internacional de Mujeres Cat\u00f3licas.<\/p>\n<h3><strong><img loading=\"lazy\" decoding=\"async\" class=\"alignleft wp-image-101514\" src=\"https:\/\/exaudi.org\/wp-content\/uploads\/2024\/05\/RB3.jpg\" alt=\"\" width=\"606\" height=\"404\" srcset=\"https:\/\/exaudi.org\/wp-content\/uploads\/2024\/05\/RB3.jpg 1944w, https:\/\/exaudi.org\/wp-content\/uploads\/2024\/05\/RB3-300x200.jpg 300w, https:\/\/exaudi.org\/wp-content\/uploads\/2024\/05\/RB3-1024x683.jpg 1024w, https:\/\/exaudi.org\/wp-content\/uploads\/2024\/05\/RB3-770x513.jpg 770w, https:\/\/exaudi.org\/wp-content\/uploads\/2024\/05\/RB3-1536x1024.jpg 1536w, https:\/\/exaudi.org\/wp-content\/uploads\/2024\/05\/RB3-360x240.jpg?crop=1 360w, https:\/\/exaudi.org\/wp-content\/uploads\/2024\/05\/RB3-500x333.jpg 500w, https:\/\/exaudi.org\/wp-content\/uploads\/2024\/05\/RB3-1155x770.jpg 1155w, https:\/\/exaudi.org\/wp-content\/uploads\/2024\/05\/RB3-370x247.jpg 370w, https:\/\/exaudi.org\/wp-content\/uploads\/2024\/05\/RB3-293x195.jpg 293w, https:\/\/exaudi.org\/wp-content\/uploads\/2024\/05\/RB3-1400x933.jpg 1400w, https:\/\/exaudi.org\/wp-content\/uploads\/2024\/05\/RB3-120x80.jpg 120w, https:\/\/exaudi.org\/wp-content\/uploads\/2024\/05\/RB3-240x160.jpg 240w, https:\/\/exaudi.org\/wp-content\/uploads\/2024\/05\/RB3-390x260.jpg 390w\" sizes=\"auto, (max-width: 606px) 100vw, 606px\" \/>Desarrollo Humano Integral<\/strong><\/h3>\n<p>Al ser consultado sobre la promoci\u00f3n del desarrollo humano integral, Rocco Buttiglione enfatiza: <strong>\u201cLa responsabilidad del hombre es cuidar la tierra para que cada una de las cosas creadas pueda crecer y florecer hacia la perfecci\u00f3n propia. Si el hombre corrompe y maltrata la tierra, desprecia el don de Dios y la tierra cesa de ser la morada del hombre, transform\u00e1ndose en una c\u00e1rcel y, quiz\u00e1s, en un sepulcro\u201d.<\/strong><\/p>\n<h3><strong>Inscripci\u00f3n y m\u00e1s Informaci\u00f3n<\/strong><\/h3>\n<p>Para quienes deseen participar o informarse m\u00e1s sobre este evento, pueden obtener detalles y registrarse en el sitio web oficial del diplomado: <a href=\"https:\/\/liderescatolicos.net\/diplomado2024\" target=\"_blank\" rel=\"noopener\">https:\/\/liderescatolicos.net\/diplomado2024<\/a><\/p>\n<p>El IX Diplomado Internacional de la Academia de L\u00edderes Cat\u00f3licos ofrece un espacio para el encuentro, el aprendizaje y la reflexi\u00f3n, donde l\u00edderes de diversas \u00e1reas y procedencias se unir\u00e1n con el objetivo de encontrar soluciones a los desaf\u00edos m\u00e1s urgentes de nuestra \u00e9poca, guiados por una visi\u00f3n com\u00fan de justicia, solidaridad y esperanza.<\/p>\n<p><img loading=\"lazy\" decoding=\"async\" class=\"size-full wp-image-101530 alignnone\" src=\"https:\/\/exaudi.org\/wp-content\/uploads\/2024\/05\/Entrevista.jpg\" alt=\"\" width=\"940\" height=\"788\" srcset=\"https:\/\/exaudi.org\/wp-content\/uploads\/2024\/05\/Entrevista.jpg 940w, https:\/\/exaudi.org\/wp-content\/uploads\/2024\/05\/Entrevista-300x251.jpg 300w, https:\/\/exaudi.org\/wp-content\/uploads\/2024\/05\/Entrevista-770x645.jpg 770w, https:\/\/exaudi.org\/wp-content\/uploads\/2024\/05\/Entrevista-500x419.jpg 500w, https:\/\/exaudi.org\/wp-content\/uploads\/2024\/05\/Entrevista-293x246.jpg 293w, https:\/\/exaudi.org\/wp-content\/uploads\/2024\/05\/Entrevista-390x327.jpg 390w\" sizes=\"auto, (max-width: 940px) 100vw, 940px\" \/><\/p>\n","protected":false},"excerpt":{"rendered":"<p>\u00abDios ha creado la tierra y la ha regalado a los hombres\u00bb<\/p>\n","protected":false},"author":15,"featured_media":101510,"comment_status":"closed","ping_status":"closed","sticky":false,"template":"","format":"standard","meta":{"_acf_changed":false,"_crdt_document":"","inline_featured_image":false,"footnotes":""},"categories":[108],"tags":[11767,8628,16861,3846,14956,14956,16866,16867,14955,16860,16863,16865,8625,8627,16859,16862,13084,4655,4953,16864],"class_list":{"0":"post-101509","1":"post","2":"type-post","3":"status-publish","4":"format-standard","5":"has-post-thumbnail","6":"hentry","7":"category-entrevistas","8":"tag-academia-internacional-de-lideres-catolicos","9":"tag-alejandra-segura","10":"tag-cuidado-del-planeta","11":"tag-desarrollo-humano-integral","12":"tag-eduardo-almeida","14":"tag-enrique-garcia","15":"tag-fernando-carrillo-3","16":"tag-fernando-sanchez","17":"tag-ideologia-politica-catolica","18":"tag-ix-diplomado-internacional","19":"tag-lideres-laicos","20":"tag-mario-paredes","21":"tag-miguel-angel-rodriguez","22":"tag-politica-cristiana","23":"tag-responsabilidad-humana","24":"tag-rocco-buttiglione","25":"tag-rodrigo-guerra-es","26":"tag-trending-es","27":"tag-universidad-saint-johns"},"acf":[],"yoast_head":"<!-- This site is optimized with the Yoast SEO plugin v27.4 - https:\/\/yoast.com\/product\/yoast-seo-wordpress\/ -->\n<title>Rocco Buttiglione: \u201cNo queremos construir una ideolog\u00eda pol\u00edtica cat\u00f3lica sino una pr\u00e1ctica cristiana de la pol\u00edtica\u201d &#8211; Exaudi<\/title>\n<meta name=\"robots\" content=\"index, follow, max-snippet:-1, max-image-preview:large, max-video-preview:-1\" \/>\n<link rel=\"canonical\" href=\"https:\/\/exaudi.org\/es\/rocco-buttiglione-no-queremos-construir-una-ideologia-politica-catolica-sino-una-practica-cristiana-de-la-politica\/\" \/>\n<meta property=\"og:locale\" content=\"es_ES\" \/>\n<meta property=\"og:type\" content=\"article\" \/>\n<meta property=\"og:title\" content=\"Rocco Buttiglione: \u201cNo queremos construir una ideolog\u00eda pol\u00edtica cat\u00f3lica sino una pr\u00e1ctica cristiana de la pol\u00edtica\u201d &#8211; Exaudi\" \/>\n<meta property=\"og:description\" content=\"&quot;Dios ha creado la tierra y la ha regalado a los hombres&quot;\" \/>\n<meta property=\"og:url\" content=\"https:\/\/exaudi.org\/es\/rocco-buttiglione-no-queremos-construir-una-ideologia-politica-catolica-sino-una-practica-cristiana-de-la-politica\/\" \/>\n<meta property=\"og:site_name\" content=\"Exaudi\" \/>\n<meta property=\"article:publisher\" content=\"https:\/\/www.facebook.com\/ExaudiNews\" \/>\n<meta property=\"article:author\" content=\"https:\/\/www.facebook.com\/ExaudiNoticias\/\" \/>\n<meta property=\"article:published_time\" content=\"2024-05-28T06:30:05+00:00\" \/>\n<meta property=\"og:image\" content=\"https:\/\/exaudi.org\/wp-content\/uploads\/2024\/05\/RB-1.jpg\" \/>\n\t<meta property=\"og:image:width\" content=\"2048\" \/>\n\t<meta property=\"og:image:height\" content=\"1050\" \/>\n\t<meta property=\"og:image:type\" content=\"image\/jpeg\" \/>\n<meta name=\"author\" content=\"Exaudi Redacci\u00f3n\" \/>\n<meta name=\"twitter:card\" content=\"summary_large_image\" \/>\n<meta name=\"twitter:creator\" content=\"@Exaudi_noticias\" \/>\n<meta name=\"twitter:site\" content=\"@Exaudi_News\" \/>\n<meta name=\"twitter:label1\" content=\"Escrito por\" \/>\n\t<meta name=\"twitter:data1\" content=\"Exaudi Redacci\u00f3n\" \/>\n\t<meta name=\"twitter:label2\" content=\"Tiempo de lectura\" \/>\n\t<meta name=\"twitter:data2\" content=\"3 minutos\" \/>\n<script type=\"application\/ld+json\" class=\"yoast-schema-graph\">{\"@context\":\"https:\\\/\\\/schema.org\",\"@graph\":[{\"@type\":\"Article\",\"@id\":\"https:\\\/\\\/exaudi.org\\\/es\\\/rocco-buttiglione-no-queremos-construir-una-ideologia-politica-catolica-sino-una-practica-cristiana-de-la-politica\\\/#article\",\"isPartOf\":{\"@id\":\"https:\\\/\\\/exaudi.org\\\/es\\\/rocco-buttiglione-no-queremos-construir-una-ideologia-politica-catolica-sino-una-practica-cristiana-de-la-politica\\\/\"},\"author\":{\"name\":\"Exaudi Redacci\u00f3n\",\"@id\":\"https:\\\/\\\/exaudi.org\\\/#\\\/schema\\\/person\\\/f5fc8f063065e38742da7afe15f25df7\"},\"headline\":\"Rocco Buttiglione: \u201cNo queremos construir una ideolog\u00eda pol\u00edtica cat\u00f3lica sino una pr\u00e1ctica cristiana de la pol\u00edtica\u201d\",\"datePublished\":\"2024-05-28T06:30:05+00:00\",\"mainEntityOfPage\":{\"@id\":\"https:\\\/\\\/exaudi.org\\\/es\\\/rocco-buttiglione-no-queremos-construir-una-ideologia-politica-catolica-sino-una-practica-cristiana-de-la-politica\\\/\"},\"wordCount\":548,\"image\":{\"@id\":\"https:\\\/\\\/exaudi.org\\\/es\\\/rocco-buttiglione-no-queremos-construir-una-ideologia-politica-catolica-sino-una-practica-cristiana-de-la-politica\\\/#primaryimage\"},\"thumbnailUrl\":\"https:\\\/\\\/exaudi.org\\\/wp-content\\\/uploads\\\/2024\\\/05\\\/RB-1.jpg\",\"keywords\":[\"Academia Internacional de L\u00edderes Cat\u00f3licos\",\"Alejandra Segura\",\"cuidado del planeta\",\"Desarrollo humano integral\",\"Eduardo Almeida\",\"Eduardo Almeida\",\"Enrique Garc\u00eda\",\"Fernando Carrillo\",\"Fernando S\u00e1nchez\",\"ideolog\u00eda pol\u00edtica cat\u00f3lica\",\"IX Diplomado Internacional\",\"l\u00edderes laicos\",\"Mario Paredes\",\"Miguel \u00c1ngel Rodr\u00edguez\",\"pol\u00edtica cristiana\",\"responsabilidad humana\",\"Rocco Buttiglione\",\"Rodrigo Guerra\",\"Trending\",\"Universidad Saint John\u2019s\"],\"articleSection\":[\"Entrevistas\"],\"inLanguage\":\"es\"},{\"@type\":\"WebPage\",\"@id\":\"https:\\\/\\\/exaudi.org\\\/es\\\/rocco-buttiglione-no-queremos-construir-una-ideologia-politica-catolica-sino-una-practica-cristiana-de-la-politica\\\/\",\"url\":\"https:\\\/\\\/exaudi.org\\\/es\\\/rocco-buttiglione-no-queremos-construir-una-ideologia-politica-catolica-sino-una-practica-cristiana-de-la-politica\\\/\",\"name\":\"Rocco Buttiglione: \u201cNo queremos construir una ideolog\u00eda pol\u00edtica cat\u00f3lica sino una pr\u00e1ctica cristiana de la pol\u00edtica\u201d &#8211; Exaudi\",\"isPartOf\":{\"@id\":\"https:\\\/\\\/exaudi.org\\\/#website\"},\"primaryImageOfPage\":{\"@id\":\"https:\\\/\\\/exaudi.org\\\/es\\\/rocco-buttiglione-no-queremos-construir-una-ideologia-politica-catolica-sino-una-practica-cristiana-de-la-politica\\\/#primaryimage\"},\"image\":{\"@id\":\"https:\\\/\\\/exaudi.org\\\/es\\\/rocco-buttiglione-no-queremos-construir-una-ideologia-politica-catolica-sino-una-practica-cristiana-de-la-politica\\\/#primaryimage\"},\"thumbnailUrl\":\"https:\\\/\\\/exaudi.org\\\/wp-content\\\/uploads\\\/2024\\\/05\\\/RB-1.jpg\",\"datePublished\":\"2024-05-28T06:30:05+00:00\",\"author\":{\"@id\":\"https:\\\/\\\/exaudi.org\\\/#\\\/schema\\\/person\\\/f5fc8f063065e38742da7afe15f25df7\"},\"breadcrumb\":{\"@id\":\"https:\\\/\\\/exaudi.org\\\/es\\\/rocco-buttiglione-no-queremos-construir-una-ideologia-politica-catolica-sino-una-practica-cristiana-de-la-politica\\\/#breadcrumb\"},\"inLanguage\":\"es\",\"potentialAction\":[{\"@type\":\"ReadAction\",\"target\":[\"https:\\\/\\\/exaudi.org\\\/es\\\/rocco-buttiglione-no-queremos-construir-una-ideologia-politica-catolica-sino-una-practica-cristiana-de-la-politica\\\/\"]}]},{\"@type\":\"ImageObject\",\"inLanguage\":\"es\",\"@id\":\"https:\\\/\\\/exaudi.org\\\/es\\\/rocco-buttiglione-no-queremos-construir-una-ideologia-politica-catolica-sino-una-practica-cristiana-de-la-politica\\\/#primaryimage\",\"url\":\"https:\\\/\\\/exaudi.org\\\/wp-content\\\/uploads\\\/2024\\\/05\\\/RB-1.jpg\",\"contentUrl\":\"https:\\\/\\\/exaudi.org\\\/wp-content\\\/uploads\\\/2024\\\/05\\\/RB-1.jpg\",\"width\":2048,\"height\":1050},{\"@type\":\"BreadcrumbList\",\"@id\":\"https:\\\/\\\/exaudi.org\\\/es\\\/rocco-buttiglione-no-queremos-construir-una-ideologia-politica-catolica-sino-una-practica-cristiana-de-la-politica\\\/#breadcrumb\",\"itemListElement\":[{\"@type\":\"ListItem\",\"position\":1,\"name\":\"Portada\",\"item\":\"https:\\\/\\\/exaudi.org\\\/es\\\/\"},{\"@type\":\"ListItem\",\"position\":2,\"name\":\"Rocco Buttiglione: \u201cNo queremos construir una ideolog\u00eda pol\u00edtica cat\u00f3lica sino una pr\u00e1ctica cristiana de la pol\u00edtica\u201d\"}]},{\"@type\":\"WebSite\",\"@id\":\"https:\\\/\\\/exaudi.org\\\/#website\",\"url\":\"https:\\\/\\\/exaudi.org\\\/\",\"name\":\"Exaudi\",\"description\":\"News\",\"potentialAction\":[{\"@type\":\"SearchAction\",\"target\":{\"@type\":\"EntryPoint\",\"urlTemplate\":\"https:\\\/\\\/exaudi.org\\\/?s={search_term_string}\"},\"query-input\":{\"@type\":\"PropertyValueSpecification\",\"valueRequired\":true,\"valueName\":\"search_term_string\"}}],\"inLanguage\":\"es\"},{\"@type\":\"Person\",\"@id\":\"https:\\\/\\\/exaudi.org\\\/#\\\/schema\\\/person\\\/f5fc8f063065e38742da7afe15f25df7\",\"name\":\"Exaudi Redacci\u00f3n\",\"image\":{\"@type\":\"ImageObject\",\"inLanguage\":\"es\",\"@id\":\"https:\\\/\\\/secure.gravatar.com\\\/avatar\\\/fe0f6a059fb68d9b3e11bc5850dd4899b1c7492091a3cb6dd9b01b56ad828be2?s=96&d=mm&r=g\",\"url\":\"https:\\\/\\\/secure.gravatar.com\\\/avatar\\\/fe0f6a059fb68d9b3e11bc5850dd4899b1c7492091a3cb6dd9b01b56ad828be2?s=96&d=mm&r=g\",\"contentUrl\":\"https:\\\/\\\/secure.gravatar.com\\\/avatar\\\/fe0f6a059fb68d9b3e11bc5850dd4899b1c7492091a3cb6dd9b01b56ad828be2?s=96&d=mm&r=g\",\"caption\":\"Exaudi Redacci\u00f3n\"},\"description\":\"\u00bfQu\u00e9 es Exaudi News? Exaudi News es un medio de comunicaci\u00f3n cat\u00f3lico internacional que informa, forma y transforma, diariamente en espa\u00f1ol, ingl\u00e9s e italiano. A trav\u00e9s de noticias, art\u00edculos de an\u00e1lisis y transmisiones en directo de los eventos del Papa, Exaudi busca fortalecer la unidad de los cristianos y contribuir a la evangelizaci\u00f3n del mundo, siempre guiados por la doctrina social de la Iglesia. Trabajamos para acercar la verdad y los valores cristianos a cada rinc\u00f3n del planeta. \u00a1Ay\u00fadanos a transformar el mundo con Exaudi! En Exaudi creemos que la evangelizaci\u00f3n y la informaci\u00f3n de calidad pueden cambiar vidas. Para continuar con nuestra misi\u00f3n y expandir nuestro alcance, necesitamos tu ayuda. Adem\u00e1s, buscamos personas comprometidas que deseen unirse a nuestro equipo. Con tu apoyo, lograremos llegar a m\u00e1s personas, difundir el mensaje de Cristo y reforzar la unidad de los cristianos. \u00bfTe unes a nuestra misi\u00f3n? Para m\u00e1s informaci\u00f3n sobre c\u00f3mo colaborar, visita Exaudi.org\\\/es o cont\u00e1ctanos directamente: info@exaudi.org Exaudi: Informa, forma y transforma.\",\"sameAs\":[\"https:\\\/\\\/www.facebook.com\\\/ExaudiNoticias\\\/\",\"https:\\\/\\\/www.instagram.com\\\/exaudi_noticias\\\/\",\"https:\\\/\\\/x.com\\\/Exaudi_noticias\",\"https:\\\/\\\/www.youtube.com\\\/@exaudicatholicnews\"],\"url\":\"https:\\\/\\\/exaudi.org\\\/es\\\/author\\\/redaccionexaudi\\\/\"}]}<\/script>\n<!-- \/ Yoast SEO plugin. -->","yoast_head_json":{"title":"Rocco Buttiglione: \u201cNo queremos construir una ideolog\u00eda pol\u00edtica cat\u00f3lica sino una pr\u00e1ctica cristiana de la pol\u00edtica\u201d &#8211; Exaudi","robots":{"index":"index","follow":"follow","max-snippet":"max-snippet:-1","max-image-preview":"max-image-preview:large","max-video-preview":"max-video-preview:-1"},"canonical":"https:\/\/exaudi.org\/es\/rocco-buttiglione-no-queremos-construir-una-ideologia-politica-catolica-sino-una-practica-cristiana-de-la-politica\/","og_locale":"es_ES","og_type":"article","og_title":"Rocco Buttiglione: \u201cNo queremos construir una ideolog\u00eda pol\u00edtica cat\u00f3lica sino una pr\u00e1ctica cristiana de la pol\u00edtica\u201d &#8211; Exaudi","og_description":"\"Dios ha creado la tierra y la ha regalado a los hombres\"","og_url":"https:\/\/exaudi.org\/es\/rocco-buttiglione-no-queremos-construir-una-ideologia-politica-catolica-sino-una-practica-cristiana-de-la-politica\/","og_site_name":"Exaudi","article_publisher":"https:\/\/www.facebook.com\/ExaudiNews","article_author":"https:\/\/www.facebook.com\/ExaudiNoticias\/","article_published_time":"2024-05-28T06:30:05+00:00","og_image":[{"width":2048,"height":1050,"url":"https:\/\/exaudi.org\/wp-content\/uploads\/2024\/05\/RB-1.jpg","type":"image\/jpeg"}],"author":"Exaudi Redacci\u00f3n","twitter_card":"summary_large_image","twitter_creator":"@Exaudi_noticias","twitter_site":"@Exaudi_News","twitter_misc":{"Escrito por":"Exaudi Redacci\u00f3n","Tiempo de lectura":"3 minutos"},"schema":{"@context":"https:\/\/schema.org","@graph":[{"@type":"Article","@id":"https:\/\/exaudi.org\/es\/rocco-buttiglione-no-queremos-construir-una-ideologia-politica-catolica-sino-una-practica-cristiana-de-la-politica\/#article","isPartOf":{"@id":"https:\/\/exaudi.org\/es\/rocco-buttiglione-no-queremos-construir-una-ideologia-politica-catolica-sino-una-practica-cristiana-de-la-politica\/"},"author":{"name":"Exaudi Redacci\u00f3n","@id":"https:\/\/exaudi.org\/#\/schema\/person\/f5fc8f063065e38742da7afe15f25df7"},"headline":"Rocco Buttiglione: \u201cNo queremos construir una ideolog\u00eda pol\u00edtica cat\u00f3lica sino una pr\u00e1ctica cristiana de la pol\u00edtica\u201d","datePublished":"2024-05-28T06:30:05+00:00","mainEntityOfPage":{"@id":"https:\/\/exaudi.org\/es\/rocco-buttiglione-no-queremos-construir-una-ideologia-politica-catolica-sino-una-practica-cristiana-de-la-politica\/"},"wordCount":548,"image":{"@id":"https:\/\/exaudi.org\/es\/rocco-buttiglione-no-queremos-construir-una-ideologia-politica-catolica-sino-una-practica-cristiana-de-la-politica\/#primaryimage"},"thumbnailUrl":"https:\/\/exaudi.org\/wp-content\/uploads\/2024\/05\/RB-1.jpg","keywords":["Academia Internacional de L\u00edderes Cat\u00f3licos","Alejandra Segura","cuidado del planeta","Desarrollo humano integral","Eduardo Almeida","Eduardo Almeida","Enrique Garc\u00eda","Fernando Carrillo","Fernando S\u00e1nchez","ideolog\u00eda pol\u00edtica cat\u00f3lica","IX Diplomado Internacional","l\u00edderes laicos","Mario Paredes","Miguel \u00c1ngel Rodr\u00edguez","pol\u00edtica cristiana","responsabilidad humana","Rocco Buttiglione","Rodrigo Guerra","Trending","Universidad Saint John\u2019s"],"articleSection":["Entrevistas"],"inLanguage":"es"},{"@type":"WebPage","@id":"https:\/\/exaudi.org\/es\/rocco-buttiglione-no-queremos-construir-una-ideologia-politica-catolica-sino-una-practica-cristiana-de-la-politica\/","url":"https:\/\/exaudi.org\/es\/rocco-buttiglione-no-queremos-construir-una-ideologia-politica-catolica-sino-una-practica-cristiana-de-la-politica\/","name":"Rocco Buttiglione: \u201cNo queremos construir una ideolog\u00eda pol\u00edtica cat\u00f3lica sino una pr\u00e1ctica cristiana de la pol\u00edtica\u201d &#8211; Exaudi","isPartOf":{"@id":"https:\/\/exaudi.org\/#website"},"primaryImageOfPage":{"@id":"https:\/\/exaudi.org\/es\/rocco-buttiglione-no-queremos-construir-una-ideologia-politica-catolica-sino-una-practica-cristiana-de-la-politica\/#primaryimage"},"image":{"@id":"https:\/\/exaudi.org\/es\/rocco-buttiglione-no-queremos-construir-una-ideologia-politica-catolica-sino-una-practica-cristiana-de-la-politica\/#primaryimage"},"thumbnailUrl":"https:\/\/exaudi.org\/wp-content\/uploads\/2024\/05\/RB-1.jpg","datePublished":"2024-05-28T06:30:05+00:00","author":{"@id":"https:\/\/exaudi.org\/#\/schema\/person\/f5fc8f063065e38742da7afe15f25df7"},"breadcrumb":{"@id":"https:\/\/exaudi.org\/es\/rocco-buttiglione-no-queremos-construir-una-ideologia-politica-catolica-sino-una-practica-cristiana-de-la-politica\/#breadcrumb"},"inLanguage":"es","potentialAction":[{"@type":"ReadAction","target":["https:\/\/exaudi.org\/es\/rocco-buttiglione-no-queremos-construir-una-ideologia-politica-catolica-sino-una-practica-cristiana-de-la-politica\/"]}]},{"@type":"ImageObject","inLanguage":"es","@id":"https:\/\/exaudi.org\/es\/rocco-buttiglione-no-queremos-construir-una-ideologia-politica-catolica-sino-una-practica-cristiana-de-la-politica\/#primaryimage","url":"https:\/\/exaudi.org\/wp-content\/uploads\/2024\/05\/RB-1.jpg","contentUrl":"https:\/\/exaudi.org\/wp-content\/uploads\/2024\/05\/RB-1.jpg","width":2048,"height":1050},{"@type":"BreadcrumbList","@id":"https:\/\/exaudi.org\/es\/rocco-buttiglione-no-queremos-construir-una-ideologia-politica-catolica-sino-una-practica-cristiana-de-la-politica\/#breadcrumb","itemListElement":[{"@type":"ListItem","position":1,"name":"Portada","item":"https:\/\/exaudi.org\/es\/"},{"@type":"ListItem","position":2,"name":"Rocco Buttiglione: \u201cNo queremos construir una ideolog\u00eda pol\u00edtica cat\u00f3lica sino una pr\u00e1ctica cristiana de la pol\u00edtica\u201d"}]},{"@type":"WebSite","@id":"https:\/\/exaudi.org\/#website","url":"https:\/\/exaudi.org\/","name":"Exaudi","description":"News","potentialAction":[{"@type":"SearchAction","target":{"@type":"EntryPoint","urlTemplate":"https:\/\/exaudi.org\/?s={search_term_string}"},"query-input":{"@type":"PropertyValueSpecification","valueRequired":true,"valueName":"search_term_string"}}],"inLanguage":"es"},{"@type":"Person","@id":"https:\/\/exaudi.org\/#\/schema\/person\/f5fc8f063065e38742da7afe15f25df7","name":"Exaudi Redacci\u00f3n","image":{"@type":"ImageObject","inLanguage":"es","@id":"https:\/\/secure.gravatar.com\/avatar\/fe0f6a059fb68d9b3e11bc5850dd4899b1c7492091a3cb6dd9b01b56ad828be2?s=96&d=mm&r=g","url":"https:\/\/secure.gravatar.com\/avatar\/fe0f6a059fb68d9b3e11bc5850dd4899b1c7492091a3cb6dd9b01b56ad828be2?s=96&d=mm&r=g","contentUrl":"https:\/\/secure.gravatar.com\/avatar\/fe0f6a059fb68d9b3e11bc5850dd4899b1c7492091a3cb6dd9b01b56ad828be2?s=96&d=mm&r=g","caption":"Exaudi Redacci\u00f3n"},"description":"\u00bfQu\u00e9 es Exaudi News? Exaudi News es un medio de comunicaci\u00f3n cat\u00f3lico internacional que informa, forma y transforma, diariamente en espa\u00f1ol, ingl\u00e9s e italiano. A trav\u00e9s de noticias, art\u00edculos de an\u00e1lisis y transmisiones en directo de los eventos del Papa, Exaudi busca fortalecer la unidad de los cristianos y contribuir a la evangelizaci\u00f3n del mundo, siempre guiados por la doctrina social de la Iglesia. Trabajamos para acercar la verdad y los valores cristianos a cada rinc\u00f3n del planeta. \u00a1Ay\u00fadanos a transformar el mundo con Exaudi! En Exaudi creemos que la evangelizaci\u00f3n y la informaci\u00f3n de calidad pueden cambiar vidas. Para continuar con nuestra misi\u00f3n y expandir nuestro alcance, necesitamos tu ayuda. Adem\u00e1s, buscamos personas comprometidas que deseen unirse a nuestro equipo. Con tu apoyo, lograremos llegar a m\u00e1s personas, difundir el mensaje de Cristo y reforzar la unidad de los cristianos. \u00bfTe unes a nuestra misi\u00f3n? Para m\u00e1s informaci\u00f3n sobre c\u00f3mo colaborar, visita Exaudi.org\/es o cont\u00e1ctanos directamente: info@exaudi.org Exaudi: Informa, forma y transforma.","sameAs":["https:\/\/www.facebook.com\/ExaudiNoticias\/","https:\/\/www.instagram.com\/exaudi_noticias\/","https:\/\/x.com\/Exaudi_noticias","https:\/\/www.youtube.com\/@exaudicatholicnews"],"url":"https:\/\/exaudi.org\/es\/author\/redaccionexaudi\/"}]}},"jetpack_featured_media_url":"https:\/\/exaudi.org\/wp-content\/uploads\/2024\/05\/RB-1.jpg","jetpack_shortlink":"https:\/\/wp.me\/pgKjF2-qpf","_links":{"self":[{"href":"https:\/\/exaudi.org\/es\/wp-json\/wp\/v2\/posts\/101509","targetHints":{"allow":["GET"]}}],"collection":[{"href":"https:\/\/exaudi.org\/es\/wp-json\/wp\/v2\/posts"}],"about":[{"href":"https:\/\/exaudi.org\/es\/wp-json\/wp\/v2\/types\/post"}],"author":[{"embeddable":true,"href":"https:\/\/exaudi.org\/es\/wp-json\/wp\/v2\/users\/15"}],"replies":[{"embeddable":true,"href":"https:\/\/exaudi.org\/es\/wp-json\/wp\/v2\/comments?post=101509"}],"version-history":[{"count":0,"href":"https:\/\/exaudi.org\/es\/wp-json\/wp\/v2\/posts\/101509\/revisions"}],"wp:featuredmedia":[{"embeddable":true,"href":"https:\/\/exaudi.org\/es\/wp-json\/wp\/v2\/media\/101510"}],"wp:attachment":[{"href":"https:\/\/exaudi.org\/es\/wp-json\/wp\/v2\/media?parent=101509"}],"wp:term":[{"taxonomy":"category","embeddable":true,"href":"https:\/\/exaudi.org\/es\/wp-json\/wp\/v2\/categories?post=101509"},{"taxonomy":"post_tag","embeddable":true,"href":"https:\/\/exaudi.org\/es\/wp-json\/wp\/v2\/tags?post=101509"}],"curies":[{"name":"wp","href":"https:\/\/api.w.org\/{rel}","templated":true}]}}