{"id":101396,"date":"2024-05-25T21:06:48","date_gmt":"2024-05-25T19:06:48","guid":{"rendered":"https:\/\/exaudi.org\/?p=101396"},"modified":"2024-05-25T21:06:48","modified_gmt":"2024-05-25T19:06:48","slug":"el-medico-de-familia-angel-de-la-guarda-en-momentos-de-enfermedad","status":"publish","type":"post","link":"https:\/\/exaudi.org\/es\/el-medico-de-familia-angel-de-la-guarda-en-momentos-de-enfermedad\/","title":{"rendered":"El m\u00e9dico de familia: \u00e1ngel de la guarda en momentos de enfermedad"},"content":{"rendered":"<p>Esta ma\u00f1ana, s\u00e1bado, 25 de mayo de 2024, en el Palacio Apost\u00f3lico Vaticano, el Santo Padre Francisco recibi\u00f3 en Audiencia a los participantes al Encuentro Internacional promovido por \u00abSomos <em>Community Care<\/em>\u00bb en colaboraci\u00f3n con la Pontificia Academia para la Vida.<\/p>\n<p>El Papa Francisco ha recordado momentos personales y preciosos de su pasado, sobre todo aquellos relacionados con su m\u00e9dico de familia, durante la audiencia con los participantes en un encuentro internacional promovido por \u00abSomos <em>Community Care<\/em>\u00ab, una asociaci\u00f3n de m\u00e9dicos sin \u00e1nimo de lucro.<\/p>\n<p>Publicamos a continuaci\u00f3n el discurso que el Papa dirigi\u00f3 a los presentes durante la Audiencia:<\/p>\n<p>***<\/p>\n<h3><strong>Discurso del Santo Padre<\/strong><\/h3>\n<p>Queridos amigos, \u00a1buenos d\u00edas y bienvenidos!<\/p>\n<p>Me alegro de encontrarme con vosotros. Saludo al doctor Ram\u00f3n Tallaj, fundador de SOMOS <em>Community Care<\/em>, y a monse\u00f1or Vincenzo Paglia, presidente de la Pontificia Academia para la Vida. Juntos, en estos d\u00edas, hab\u00e9is querido reflexionar sobre la importancia de revalorizar el papel y la presencia, en el \u00e1mbito sanitario y social, del m\u00e9dico de familia, y esto est\u00e1 muy bien, porque es una figura fundamental, que a\u00fana competencia y proximidad. Por ello, me gustar\u00eda destacar brevemente dos aspectos de esta misi\u00f3n, partiendo precisamente de su definici\u00f3n: el de ser m\u00e9dico y el de ser \u00abde la familia\u00bb.<\/p>\n<p>Primero: el m\u00e9dico, es decir, el que cuida. Hoy en d\u00eda, la ciencia ha hecho grandes progresos. Podemos acceder a terapias inimaginables hace s\u00f3lo unas d\u00e9cadas. Pero la medicina, incluso la m\u00e1s tecnificada, es siempre ante todo un encuentro humano, hecho<\/p>\n<p>de cuidados, de cercan\u00eda y de escucha, y \u00e9sta es la misi\u00f3n del m\u00e9dico de familia. Cuando estamos enfermos, en el m\u00e9dico buscamos, adem\u00e1s del profesional competente, una presencia amiga con la que podamos contar, que nos infunda confianza en nuestra recuperaci\u00f3n y que, incluso cuando \u00e9sta no es posible, no nos deje solos, sino que siga mir\u00e1ndonos a los ojos y asisti\u00e9ndonos, hasta el final. San Lucas -a quien san Pablo llama \u00abel querido m\u00e9dico\u00bb (Col 4,14)-, \u00a1un colega suyo! &#8211; describe as\u00ed la actuaci\u00f3n de Jes\u00fas con los enfermos (cf. Lc 5,12-26; 8,40-56): Jes\u00fas se acercaba a ellos, entraba en sus casas, les hablaba, les escuchaba, les acog\u00eda en su sufrimiento y les curaba. El m\u00e9dico de familia es as\u00ed, presente, cercano, capaz de dar calor adem\u00e1s de asistencia profesional, porque conoce personalmente a sus pacientes y a sus seres queridos y camina con ellos, d\u00eda a d\u00eda, incluso a costa de sacrificios.<\/p>\n<p>De ni\u00f1o, recuerdo al m\u00e9dico de la familia que ven\u00eda a casa, nos curaba; tambi\u00e9n recuerdo a la comadrona de la familia porque \u00e9ramos cinco, as\u00ed que cuando ven\u00eda aquella mujer con la maleta, \u00a1sab\u00edamos que ven\u00eda un hermanito! Tengo muy buenos recuerdos del m\u00e9dico de la familia de entonces. Y esto nos lleva a la segunda raz\u00f3n por la que su papel es valioso: ser una persona \u00abfamiliar\u00bb. Es la dimensi\u00f3n comunitaria de los cuidados, que requiere \u00abcontextualizar [&#8230;] a cada paciente en sus relaciones\u00bb y en sus \u00abv\u00ednculos afectivos y sociales\u00bb[1]. [En efecto, la presencia del m\u00e9dico de familia contribuye a rodear al enfermo de una red de afecto, de compartir y de solidaridad, que va m\u00e1s all\u00e1 de la fase diagn\u00f3stico-terap\u00e9utica, reforzando las relaciones humanas, haciendo del sufrimiento un momento de comuni\u00f3n que hay que vivir juntos, no s\u00f3lo por el bien del paciente, sino por el de todos: del cuidador, de los familiares, de la comunidad ampliada. As\u00ed se evita el riesgo de que la persona que sufre y sus allegados sean absorbidos por la m\u00e1quina de la burocracia y la informatizaci\u00f3n; o peor a\u00fan, que acaben siendo v\u00edctimas de l\u00f3gicas de mercado que poco tienen que ver con la salud, sobre todo cuando se trata de personas mayores y fr\u00e1giles.<\/p>\n<p>El cuidado y la familiaridad son dos regalos de gran valor para los que sufren. Como ya he dicho, tengo muchos buenos recuerdos del m\u00e9dico de cabecera. Recuerdo -yo nac\u00ed en el 36- recuerdo un 15 de julio del 42, mam\u00e1 esperaba su cuarto y yo y mis hermanos, mi hermano estaba con gripe, vino el m\u00e9dico y dijo: &#8216;Estoy viendo&#8230;&#8217;. \u00a1Un recuerdo muy bonito! Y nos dio la medicina, era un resfriado, una gripe. Y entonces se acerc\u00f3 a mam\u00e1, mam\u00e1 estaba all\u00ed con pap\u00e1 y le toc\u00f3 la barriga y dijo: \u00ab\u00a1Eh, ya es hora! Esperemos&#8230;\u00bb. Y esa misma tarde naci\u00f3 el cuarto. Estos recuerdos de ternura, de la familiaridad del m\u00e9dico de familia, son cosas que llevo conmigo porque en aquella \u00e9poca \u00a1las cosas eran tan, tan bonitas!<\/p>\n<p>Por eso, queridos amigos, es importante lo que hac\u00e9is. Renuevo mi bendici\u00f3n sobre vuestro proyecto y rezo por vosotros. Y os pido, por favor, que no os olvid\u00e9is de rezar por m\u00ed. Gracias.<\/p>\n<p>__________________________________________________<\/p>\n<p>&nbsp;<\/p>\n<p>[1] Entrevista a Mons. Renzo Pecoraro, \u00abLa ventana del Papa\u00bb, 15 de noviembre de 2023.<\/p>\n<p>&nbsp;<\/p>\n","protected":false},"excerpt":{"rendered":"<p>Audiencia a los participantes en el Encuentro Internacional promovido por \u00abSomos Community Care<\/p>\n","protected":false},"author":15,"featured_media":101390,"comment_status":"closed","ping_status":"closed","sticky":false,"template":"","format":"standard","meta":{"_acf_changed":false,"_crdt_document":"","inline_featured_image":false,"footnotes":""},"categories":[124,68],"tags":[168,16713,15883,158,4953],"class_list":["post-101396","post","type-post","status-publish","format-standard","has-post-thumbnail","hentry","category-discursos","category-leon-xiv","tag-audiencia","tag-community-care","tag-medico-de-familia","tag-papa-francisco","tag-trending-es"],"acf":[],"yoast_head":"<!-- This site is optimized with the Yoast SEO plugin v27.4 - https:\/\/yoast.com\/product\/yoast-seo-wordpress\/ -->\n<title>El m\u00e9dico de familia: \u00e1ngel de la guarda en momentos de enfermedad &#8211; Exaudi<\/title>\n<meta name=\"robots\" content=\"index, follow, max-snippet:-1, max-image-preview:large, max-video-preview:-1\" \/>\n<link rel=\"canonical\" href=\"https:\/\/exaudi.org\/es\/el-medico-de-familia-angel-de-la-guarda-en-momentos-de-enfermedad\/\" \/>\n<meta property=\"og:locale\" content=\"es_ES\" \/>\n<meta property=\"og:type\" content=\"article\" \/>\n<meta property=\"og:title\" content=\"El m\u00e9dico de familia: \u00e1ngel de la guarda en momentos de enfermedad &#8211; Exaudi\" \/>\n<meta property=\"og:description\" content=\"Audiencia a los participantes en el Encuentro Internacional promovido por &quot;Somos Community Care\" \/>\n<meta property=\"og:url\" content=\"https:\/\/exaudi.org\/es\/el-medico-de-familia-angel-de-la-guarda-en-momentos-de-enfermedad\/\" \/>\n<meta property=\"og:site_name\" content=\"Exaudi\" \/>\n<meta property=\"article:publisher\" content=\"https:\/\/www.facebook.com\/ExaudiNews\" \/>\n<meta property=\"article:author\" content=\"https:\/\/www.facebook.com\/ExaudiNoticias\/\" \/>\n<meta property=\"article:published_time\" content=\"2024-05-25T19:06:48+00:00\" \/>\n<meta property=\"og:image\" content=\"https:\/\/exaudi.org\/wp-content\/uploads\/2024\/05\/cq5dam.web_.800.800-19.jpeg\" \/>\n\t<meta property=\"og:image:width\" content=\"800\" \/>\n\t<meta property=\"og:image:height\" content=\"533\" \/>\n\t<meta property=\"og:image:type\" content=\"image\/jpeg\" \/>\n<meta name=\"author\" content=\"Exaudi Redacci\u00f3n\" \/>\n<meta name=\"twitter:card\" content=\"summary_large_image\" \/>\n<meta name=\"twitter:creator\" content=\"@Exaudi_noticias\" \/>\n<meta name=\"twitter:site\" content=\"@Exaudi_News\" \/>\n<meta name=\"twitter:label1\" content=\"Escrito por\" \/>\n\t<meta name=\"twitter:data1\" content=\"Exaudi Redacci\u00f3n\" \/>\n\t<meta name=\"twitter:label2\" content=\"Tiempo de lectura\" \/>\n\t<meta name=\"twitter:data2\" content=\"4 minutos\" \/>\n<script type=\"application\/ld+json\" class=\"yoast-schema-graph\">{\"@context\":\"https:\\\/\\\/schema.org\",\"@graph\":[{\"@type\":\"Article\",\"@id\":\"https:\\\/\\\/exaudi.org\\\/es\\\/el-medico-de-familia-angel-de-la-guarda-en-momentos-de-enfermedad\\\/#article\",\"isPartOf\":{\"@id\":\"https:\\\/\\\/exaudi.org\\\/es\\\/el-medico-de-familia-angel-de-la-guarda-en-momentos-de-enfermedad\\\/\"},\"author\":{\"name\":\"Exaudi Redacci\u00f3n\",\"@id\":\"https:\\\/\\\/exaudi.org\\\/#\\\/schema\\\/person\\\/f5fc8f063065e38742da7afe15f25df7\"},\"headline\":\"El m\u00e9dico de familia: \u00e1ngel de la guarda en momentos de enfermedad\",\"datePublished\":\"2024-05-25T19:06:48+00:00\",\"mainEntityOfPage\":{\"@id\":\"https:\\\/\\\/exaudi.org\\\/es\\\/el-medico-de-familia-angel-de-la-guarda-en-momentos-de-enfermedad\\\/\"},\"wordCount\":874,\"image\":{\"@id\":\"https:\\\/\\\/exaudi.org\\\/es\\\/el-medico-de-familia-angel-de-la-guarda-en-momentos-de-enfermedad\\\/#primaryimage\"},\"thumbnailUrl\":\"https:\\\/\\\/exaudi.org\\\/wp-content\\\/uploads\\\/2024\\\/05\\\/cq5dam.web_.800.800-19.jpeg\",\"keywords\":[\"audiencia\",\"Community Care\",\"m\u00e9dico de familia\",\"papa francisco\",\"Trending\"],\"articleSection\":[\"Discursos\",\"Le\u00f3n XIV\"],\"inLanguage\":\"es\"},{\"@type\":\"WebPage\",\"@id\":\"https:\\\/\\\/exaudi.org\\\/es\\\/el-medico-de-familia-angel-de-la-guarda-en-momentos-de-enfermedad\\\/\",\"url\":\"https:\\\/\\\/exaudi.org\\\/es\\\/el-medico-de-familia-angel-de-la-guarda-en-momentos-de-enfermedad\\\/\",\"name\":\"El m\u00e9dico de familia: \u00e1ngel de la guarda en momentos de enfermedad &#8211; Exaudi\",\"isPartOf\":{\"@id\":\"https:\\\/\\\/exaudi.org\\\/#website\"},\"primaryImageOfPage\":{\"@id\":\"https:\\\/\\\/exaudi.org\\\/es\\\/el-medico-de-familia-angel-de-la-guarda-en-momentos-de-enfermedad\\\/#primaryimage\"},\"image\":{\"@id\":\"https:\\\/\\\/exaudi.org\\\/es\\\/el-medico-de-familia-angel-de-la-guarda-en-momentos-de-enfermedad\\\/#primaryimage\"},\"thumbnailUrl\":\"https:\\\/\\\/exaudi.org\\\/wp-content\\\/uploads\\\/2024\\\/05\\\/cq5dam.web_.800.800-19.jpeg\",\"datePublished\":\"2024-05-25T19:06:48+00:00\",\"author\":{\"@id\":\"https:\\\/\\\/exaudi.org\\\/#\\\/schema\\\/person\\\/f5fc8f063065e38742da7afe15f25df7\"},\"breadcrumb\":{\"@id\":\"https:\\\/\\\/exaudi.org\\\/es\\\/el-medico-de-familia-angel-de-la-guarda-en-momentos-de-enfermedad\\\/#breadcrumb\"},\"inLanguage\":\"es\",\"potentialAction\":[{\"@type\":\"ReadAction\",\"target\":[\"https:\\\/\\\/exaudi.org\\\/es\\\/el-medico-de-familia-angel-de-la-guarda-en-momentos-de-enfermedad\\\/\"]}]},{\"@type\":\"ImageObject\",\"inLanguage\":\"es\",\"@id\":\"https:\\\/\\\/exaudi.org\\\/es\\\/el-medico-de-familia-angel-de-la-guarda-en-momentos-de-enfermedad\\\/#primaryimage\",\"url\":\"https:\\\/\\\/exaudi.org\\\/wp-content\\\/uploads\\\/2024\\\/05\\\/cq5dam.web_.800.800-19.jpeg\",\"contentUrl\":\"https:\\\/\\\/exaudi.org\\\/wp-content\\\/uploads\\\/2024\\\/05\\\/cq5dam.web_.800.800-19.jpeg\",\"width\":800,\"height\":533,\"caption\":\"Vatican Media\"},{\"@type\":\"BreadcrumbList\",\"@id\":\"https:\\\/\\\/exaudi.org\\\/es\\\/el-medico-de-familia-angel-de-la-guarda-en-momentos-de-enfermedad\\\/#breadcrumb\",\"itemListElement\":[{\"@type\":\"ListItem\",\"position\":1,\"name\":\"Portada\",\"item\":\"https:\\\/\\\/exaudi.org\\\/es\\\/\"},{\"@type\":\"ListItem\",\"position\":2,\"name\":\"El m\u00e9dico de familia: \u00e1ngel de la guarda en momentos de enfermedad\"}]},{\"@type\":\"WebSite\",\"@id\":\"https:\\\/\\\/exaudi.org\\\/#website\",\"url\":\"https:\\\/\\\/exaudi.org\\\/\",\"name\":\"Exaudi\",\"description\":\"News\",\"potentialAction\":[{\"@type\":\"SearchAction\",\"target\":{\"@type\":\"EntryPoint\",\"urlTemplate\":\"https:\\\/\\\/exaudi.org\\\/?s={search_term_string}\"},\"query-input\":{\"@type\":\"PropertyValueSpecification\",\"valueRequired\":true,\"valueName\":\"search_term_string\"}}],\"inLanguage\":\"es\"},{\"@type\":\"Person\",\"@id\":\"https:\\\/\\\/exaudi.org\\\/#\\\/schema\\\/person\\\/f5fc8f063065e38742da7afe15f25df7\",\"name\":\"Exaudi Redacci\u00f3n\",\"image\":{\"@type\":\"ImageObject\",\"inLanguage\":\"es\",\"@id\":\"https:\\\/\\\/secure.gravatar.com\\\/avatar\\\/fe0f6a059fb68d9b3e11bc5850dd4899b1c7492091a3cb6dd9b01b56ad828be2?s=96&d=mm&r=g\",\"url\":\"https:\\\/\\\/secure.gravatar.com\\\/avatar\\\/fe0f6a059fb68d9b3e11bc5850dd4899b1c7492091a3cb6dd9b01b56ad828be2?s=96&d=mm&r=g\",\"contentUrl\":\"https:\\\/\\\/secure.gravatar.com\\\/avatar\\\/fe0f6a059fb68d9b3e11bc5850dd4899b1c7492091a3cb6dd9b01b56ad828be2?s=96&d=mm&r=g\",\"caption\":\"Exaudi Redacci\u00f3n\"},\"description\":\"\u00bfQu\u00e9 es Exaudi News? Exaudi News es un medio de comunicaci\u00f3n cat\u00f3lico internacional que informa, forma y transforma, diariamente en espa\u00f1ol, ingl\u00e9s e italiano. A trav\u00e9s de noticias, art\u00edculos de an\u00e1lisis y transmisiones en directo de los eventos del Papa, Exaudi busca fortalecer la unidad de los cristianos y contribuir a la evangelizaci\u00f3n del mundo, siempre guiados por la doctrina social de la Iglesia. Trabajamos para acercar la verdad y los valores cristianos a cada rinc\u00f3n del planeta. \u00a1Ay\u00fadanos a transformar el mundo con Exaudi! En Exaudi creemos que la evangelizaci\u00f3n y la informaci\u00f3n de calidad pueden cambiar vidas. Para continuar con nuestra misi\u00f3n y expandir nuestro alcance, necesitamos tu ayuda. Adem\u00e1s, buscamos personas comprometidas que deseen unirse a nuestro equipo. Con tu apoyo, lograremos llegar a m\u00e1s personas, difundir el mensaje de Cristo y reforzar la unidad de los cristianos. \u00bfTe unes a nuestra misi\u00f3n? Para m\u00e1s informaci\u00f3n sobre c\u00f3mo colaborar, visita Exaudi.org\\\/es o cont\u00e1ctanos directamente: info@exaudi.org Exaudi: Informa, forma y transforma.\",\"sameAs\":[\"https:\\\/\\\/www.facebook.com\\\/ExaudiNoticias\\\/\",\"https:\\\/\\\/www.instagram.com\\\/exaudi_noticias\\\/\",\"https:\\\/\\\/x.com\\\/Exaudi_noticias\",\"https:\\\/\\\/www.youtube.com\\\/@exaudicatholicnews\"],\"url\":\"https:\\\/\\\/exaudi.org\\\/es\\\/author\\\/redaccionexaudi\\\/\"}]}<\/script>\n<!-- \/ Yoast SEO plugin. -->","yoast_head_json":{"title":"El m\u00e9dico de familia: \u00e1ngel de la guarda en momentos de enfermedad &#8211; Exaudi","robots":{"index":"index","follow":"follow","max-snippet":"max-snippet:-1","max-image-preview":"max-image-preview:large","max-video-preview":"max-video-preview:-1"},"canonical":"https:\/\/exaudi.org\/es\/el-medico-de-familia-angel-de-la-guarda-en-momentos-de-enfermedad\/","og_locale":"es_ES","og_type":"article","og_title":"El m\u00e9dico de familia: \u00e1ngel de la guarda en momentos de enfermedad &#8211; Exaudi","og_description":"Audiencia a los participantes en el Encuentro Internacional promovido por \"Somos Community Care","og_url":"https:\/\/exaudi.org\/es\/el-medico-de-familia-angel-de-la-guarda-en-momentos-de-enfermedad\/","og_site_name":"Exaudi","article_publisher":"https:\/\/www.facebook.com\/ExaudiNews","article_author":"https:\/\/www.facebook.com\/ExaudiNoticias\/","article_published_time":"2024-05-25T19:06:48+00:00","og_image":[{"width":800,"height":533,"url":"https:\/\/exaudi.org\/wp-content\/uploads\/2024\/05\/cq5dam.web_.800.800-19.jpeg","type":"image\/jpeg"}],"author":"Exaudi Redacci\u00f3n","twitter_card":"summary_large_image","twitter_creator":"@Exaudi_noticias","twitter_site":"@Exaudi_News","twitter_misc":{"Escrito por":"Exaudi Redacci\u00f3n","Tiempo de lectura":"4 minutos"},"schema":{"@context":"https:\/\/schema.org","@graph":[{"@type":"Article","@id":"https:\/\/exaudi.org\/es\/el-medico-de-familia-angel-de-la-guarda-en-momentos-de-enfermedad\/#article","isPartOf":{"@id":"https:\/\/exaudi.org\/es\/el-medico-de-familia-angel-de-la-guarda-en-momentos-de-enfermedad\/"},"author":{"name":"Exaudi Redacci\u00f3n","@id":"https:\/\/exaudi.org\/#\/schema\/person\/f5fc8f063065e38742da7afe15f25df7"},"headline":"El m\u00e9dico de familia: \u00e1ngel de la guarda en momentos de enfermedad","datePublished":"2024-05-25T19:06:48+00:00","mainEntityOfPage":{"@id":"https:\/\/exaudi.org\/es\/el-medico-de-familia-angel-de-la-guarda-en-momentos-de-enfermedad\/"},"wordCount":874,"image":{"@id":"https:\/\/exaudi.org\/es\/el-medico-de-familia-angel-de-la-guarda-en-momentos-de-enfermedad\/#primaryimage"},"thumbnailUrl":"https:\/\/exaudi.org\/wp-content\/uploads\/2024\/05\/cq5dam.web_.800.800-19.jpeg","keywords":["audiencia","Community Care","m\u00e9dico de familia","papa francisco","Trending"],"articleSection":["Discursos","Le\u00f3n XIV"],"inLanguage":"es"},{"@type":"WebPage","@id":"https:\/\/exaudi.org\/es\/el-medico-de-familia-angel-de-la-guarda-en-momentos-de-enfermedad\/","url":"https:\/\/exaudi.org\/es\/el-medico-de-familia-angel-de-la-guarda-en-momentos-de-enfermedad\/","name":"El m\u00e9dico de familia: \u00e1ngel de la guarda en momentos de enfermedad &#8211; Exaudi","isPartOf":{"@id":"https:\/\/exaudi.org\/#website"},"primaryImageOfPage":{"@id":"https:\/\/exaudi.org\/es\/el-medico-de-familia-angel-de-la-guarda-en-momentos-de-enfermedad\/#primaryimage"},"image":{"@id":"https:\/\/exaudi.org\/es\/el-medico-de-familia-angel-de-la-guarda-en-momentos-de-enfermedad\/#primaryimage"},"thumbnailUrl":"https:\/\/exaudi.org\/wp-content\/uploads\/2024\/05\/cq5dam.web_.800.800-19.jpeg","datePublished":"2024-05-25T19:06:48+00:00","author":{"@id":"https:\/\/exaudi.org\/#\/schema\/person\/f5fc8f063065e38742da7afe15f25df7"},"breadcrumb":{"@id":"https:\/\/exaudi.org\/es\/el-medico-de-familia-angel-de-la-guarda-en-momentos-de-enfermedad\/#breadcrumb"},"inLanguage":"es","potentialAction":[{"@type":"ReadAction","target":["https:\/\/exaudi.org\/es\/el-medico-de-familia-angel-de-la-guarda-en-momentos-de-enfermedad\/"]}]},{"@type":"ImageObject","inLanguage":"es","@id":"https:\/\/exaudi.org\/es\/el-medico-de-familia-angel-de-la-guarda-en-momentos-de-enfermedad\/#primaryimage","url":"https:\/\/exaudi.org\/wp-content\/uploads\/2024\/05\/cq5dam.web_.800.800-19.jpeg","contentUrl":"https:\/\/exaudi.org\/wp-content\/uploads\/2024\/05\/cq5dam.web_.800.800-19.jpeg","width":800,"height":533,"caption":"Vatican Media"},{"@type":"BreadcrumbList","@id":"https:\/\/exaudi.org\/es\/el-medico-de-familia-angel-de-la-guarda-en-momentos-de-enfermedad\/#breadcrumb","itemListElement":[{"@type":"ListItem","position":1,"name":"Portada","item":"https:\/\/exaudi.org\/es\/"},{"@type":"ListItem","position":2,"name":"El m\u00e9dico de familia: \u00e1ngel de la guarda en momentos de enfermedad"}]},{"@type":"WebSite","@id":"https:\/\/exaudi.org\/#website","url":"https:\/\/exaudi.org\/","name":"Exaudi","description":"News","potentialAction":[{"@type":"SearchAction","target":{"@type":"EntryPoint","urlTemplate":"https:\/\/exaudi.org\/?s={search_term_string}"},"query-input":{"@type":"PropertyValueSpecification","valueRequired":true,"valueName":"search_term_string"}}],"inLanguage":"es"},{"@type":"Person","@id":"https:\/\/exaudi.org\/#\/schema\/person\/f5fc8f063065e38742da7afe15f25df7","name":"Exaudi Redacci\u00f3n","image":{"@type":"ImageObject","inLanguage":"es","@id":"https:\/\/secure.gravatar.com\/avatar\/fe0f6a059fb68d9b3e11bc5850dd4899b1c7492091a3cb6dd9b01b56ad828be2?s=96&d=mm&r=g","url":"https:\/\/secure.gravatar.com\/avatar\/fe0f6a059fb68d9b3e11bc5850dd4899b1c7492091a3cb6dd9b01b56ad828be2?s=96&d=mm&r=g","contentUrl":"https:\/\/secure.gravatar.com\/avatar\/fe0f6a059fb68d9b3e11bc5850dd4899b1c7492091a3cb6dd9b01b56ad828be2?s=96&d=mm&r=g","caption":"Exaudi Redacci\u00f3n"},"description":"\u00bfQu\u00e9 es Exaudi News? Exaudi News es un medio de comunicaci\u00f3n cat\u00f3lico internacional que informa, forma y transforma, diariamente en espa\u00f1ol, ingl\u00e9s e italiano. A trav\u00e9s de noticias, art\u00edculos de an\u00e1lisis y transmisiones en directo de los eventos del Papa, Exaudi busca fortalecer la unidad de los cristianos y contribuir a la evangelizaci\u00f3n del mundo, siempre guiados por la doctrina social de la Iglesia. Trabajamos para acercar la verdad y los valores cristianos a cada rinc\u00f3n del planeta. \u00a1Ay\u00fadanos a transformar el mundo con Exaudi! En Exaudi creemos que la evangelizaci\u00f3n y la informaci\u00f3n de calidad pueden cambiar vidas. Para continuar con nuestra misi\u00f3n y expandir nuestro alcance, necesitamos tu ayuda. Adem\u00e1s, buscamos personas comprometidas que deseen unirse a nuestro equipo. Con tu apoyo, lograremos llegar a m\u00e1s personas, difundir el mensaje de Cristo y reforzar la unidad de los cristianos. \u00bfTe unes a nuestra misi\u00f3n? Para m\u00e1s informaci\u00f3n sobre c\u00f3mo colaborar, visita Exaudi.org\/es o cont\u00e1ctanos directamente: info@exaudi.org Exaudi: Informa, forma y transforma.","sameAs":["https:\/\/www.facebook.com\/ExaudiNoticias\/","https:\/\/www.instagram.com\/exaudi_noticias\/","https:\/\/x.com\/Exaudi_noticias","https:\/\/www.youtube.com\/@exaudicatholicnews"],"url":"https:\/\/exaudi.org\/es\/author\/redaccionexaudi\/"}]}},"jetpack_featured_media_url":"https:\/\/exaudi.org\/wp-content\/uploads\/2024\/05\/cq5dam.web_.800.800-19.jpeg","jetpack_shortlink":"https:\/\/wp.me\/pgKjF2-qnq","_links":{"self":[{"href":"https:\/\/exaudi.org\/es\/wp-json\/wp\/v2\/posts\/101396","targetHints":{"allow":["GET"]}}],"collection":[{"href":"https:\/\/exaudi.org\/es\/wp-json\/wp\/v2\/posts"}],"about":[{"href":"https:\/\/exaudi.org\/es\/wp-json\/wp\/v2\/types\/post"}],"author":[{"embeddable":true,"href":"https:\/\/exaudi.org\/es\/wp-json\/wp\/v2\/users\/15"}],"replies":[{"embeddable":true,"href":"https:\/\/exaudi.org\/es\/wp-json\/wp\/v2\/comments?post=101396"}],"version-history":[{"count":0,"href":"https:\/\/exaudi.org\/es\/wp-json\/wp\/v2\/posts\/101396\/revisions"}],"wp:featuredmedia":[{"embeddable":true,"href":"https:\/\/exaudi.org\/es\/wp-json\/wp\/v2\/media\/101390"}],"wp:attachment":[{"href":"https:\/\/exaudi.org\/es\/wp-json\/wp\/v2\/media?parent=101396"}],"wp:term":[{"taxonomy":"category","embeddable":true,"href":"https:\/\/exaudi.org\/es\/wp-json\/wp\/v2\/categories?post=101396"},{"taxonomy":"post_tag","embeddable":true,"href":"https:\/\/exaudi.org\/es\/wp-json\/wp\/v2\/tags?post=101396"}],"curies":[{"name":"wp","href":"https:\/\/api.w.org\/{rel}","templated":true}]}}